{"id":3447,"date":"2015-01-08T11:00:00","date_gmt":"2015-01-08T10:00:00","guid":{"rendered":"https:\/\/socialdesignmagazine.com\/mag\/s6-design\/c43-design-news\/google-presenta-ufficialmente-la-google-car-la-prima-auto-che-si-guida-da-sola\/"},"modified":"2025-04-25T11:01:40","modified_gmt":"2025-04-25T09:01:40","slug":"google-presenta-ufficialmente-la-google-car-la-prima-auto-che-si-guida-da-sola","status":"publish","type":"post","link":"https:\/\/socialdesignmagazine.com\/mag\/news\/design-news\/google-presenta-ufficialmente-la-google-car-la-prima-auto-che-si-guida-da-sola\/","title":{"rendered":"Google presenta ufficialmente la Google Car, la prima auto che si guida da sola","gt_translate_keys":[{"key":"rendered","format":"text"}]},"content":{"rendered":"\n<h2 class=\"wp-block-heading\">Google ce l\u2019ha fatta: ha completato e presentato ufficialmente (nessun grande evento, solo un post sulla pagina di Google Plus) il prototipo della sua vettura autonoma, che viene definita \u201cthe best holiday gift we could\u2019ve imagined\u201d (il miglior regalo per le feste che avremmo potuto immaginare).<\/h2>\n\n\n\n<p>Il software engineer Sebastian Thrun nel blog aziendale ha aggiunto: \u201cSiamo sempre stati ottimisti sulla possibilit\u00e0 di far avanzare la societ\u00e0 attraverso la tecnologia, ecco perch\u00e9 abbiamo spinto cos\u00ec tanto sull\u2019auto autonoma\u201d.<\/p>\n\n\n<div class=\"wp-block-image\">\n<figure class=\"aligncenter\"><img loading=\"lazy\" decoding=\"async\" width=\"720\" height=\"436\" data-attachment-id=\"20197\" data-permalink=\"https:\/\/socialdesignmagazine.com\/mag\/news\/design-news\/google-presenta-ufficialmente-la-google-car-la-prima-auto-che-si-guida-da-sola\/attachment\/google-car-socialdesignmagazine01\/#content\" data-orig-file=\"https:\/\/socialdesignmagazine.com\/mag\/wp-content\/uploads\/2015\/01\/users_Virgilio_google_car_Google-car--socialdesignmagazine01.jpg\" data-orig-size=\"720,436\" data-comments-opened=\"1\" data-image-meta=\"{&quot;aperture&quot;:&quot;0&quot;,&quot;credit&quot;:&quot;&quot;,&quot;camera&quot;:&quot;&quot;,&quot;caption&quot;:&quot;&quot;,&quot;created_timestamp&quot;:&quot;0&quot;,&quot;copyright&quot;:&quot;&quot;,&quot;focal_length&quot;:&quot;0&quot;,&quot;iso&quot;:&quot;0&quot;,&quot;shutter_speed&quot;:&quot;0&quot;,&quot;title&quot;:&quot;&quot;,&quot;orientation&quot;:&quot;0&quot;}\" data-image-title=\"Google-car&amp;#8211;socialdesignmagazine01\" data-image-description=\"\" data-image-caption=\"\" data-medium-file=\"https:\/\/socialdesignmagazine.com\/mag\/wp-content\/uploads\/2015\/01\/users_Virgilio_google_car_Google-car--socialdesignmagazine01-396x256.jpg\" data-large-file=\"https:\/\/socialdesignmagazine.com\/mag\/wp-content\/uploads\/2015\/01\/users_Virgilio_google_car_Google-car--socialdesignmagazine01.jpg\" src=\"https:\/\/socialdesignmagazine.com\/mag\/wp-content\/uploads\/2015\/01\/users_Virgilio_google_car_Google-car--socialdesignmagazine01.jpg\" alt=\"Google-car--socialdesignmagazine01\" class=\"wp-image-20197\"\/><\/figure>\n<\/div>\n\n\n<p><\/p>\n\n\n\n<p>La Google Car combina parti comuni a tutte le auto (freni, acceleratore, luci) con una sofisticata dotazione hardware-software che include videocamere, sensori radar e mappe dettagliate per muoversi sulle strade.<\/p>\n\n\n\n<p>Se ne \u00e8 gi\u00e0 discusso tanto, e Google non \u00e8 nemmeno l\u2019unica azienda che crede nell\u2019auto che viaggia da sola. Ora la priorit\u00e0 \u00e8 la sicurezza: studi dell\u2019Oms rivelano che ogni anno oltre 1,2 milioni di persone perdono la vita per incidenti stradali. Cos\u00ec Google sta prendendo molto sul serio la questione, testando l\u2019auto per le strade della California, che ha dato l\u2019ok per le prove. Poi capiremo se il veicolo di Mountain View potr\u00e0 davvero entrare in attivit\u00e0 e scarrozzarci senza rischi.<\/p>\n\n\n<div class=\"wp-block-image\">\n<figure class=\"aligncenter\"><img loading=\"lazy\" decoding=\"async\" width=\"720\" height=\"360\" data-attachment-id=\"20198\" data-permalink=\"https:\/\/socialdesignmagazine.com\/mag\/news\/design-news\/google-presenta-ufficialmente-la-google-car-la-prima-auto-che-si-guida-da-sola\/attachment\/google-car-socialdesignmagazine03\/#content\" data-orig-file=\"https:\/\/socialdesignmagazine.com\/mag\/wp-content\/uploads\/2015\/01\/users_Virgilio_google_car_Google-car--socialdesignmagazine03.jpg\" data-orig-size=\"720,360\" data-comments-opened=\"1\" data-image-meta=\"{&quot;aperture&quot;:&quot;0&quot;,&quot;credit&quot;:&quot;&quot;,&quot;camera&quot;:&quot;&quot;,&quot;caption&quot;:&quot;&quot;,&quot;created_timestamp&quot;:&quot;0&quot;,&quot;copyright&quot;:&quot;&quot;,&quot;focal_length&quot;:&quot;0&quot;,&quot;iso&quot;:&quot;0&quot;,&quot;shutter_speed&quot;:&quot;0&quot;,&quot;title&quot;:&quot;&quot;,&quot;orientation&quot;:&quot;1&quot;}\" data-image-title=\"Google-car&amp;#8211;socialdesignmagazine03\" data-image-description=\"\" data-image-caption=\"\" data-medium-file=\"https:\/\/socialdesignmagazine.com\/mag\/wp-content\/uploads\/2015\/01\/users_Virgilio_google_car_Google-car--socialdesignmagazine03-396x256.jpg\" data-large-file=\"https:\/\/socialdesignmagazine.com\/mag\/wp-content\/uploads\/2015\/01\/users_Virgilio_google_car_Google-car--socialdesignmagazine03.jpg\" src=\"https:\/\/socialdesignmagazine.com\/mag\/wp-content\/uploads\/2015\/01\/users_Virgilio_google_car_Google-car--socialdesignmagazine03.jpg\" alt=\"Google-car--socialdesignmagazine03\" class=\"wp-image-20198\"\/><\/figure>\n<\/div>\n\n\n<figure class=\"wp-block-embed is-type-video is-provider-youtube wp-block-embed-youtube wp-embed-aspect-16-9 wp-has-aspect-ratio\"><div class=\"wp-block-embed__wrapper\">\n<iframe loading=\"lazy\" title=\"A First Drive\" width=\"500\" height=\"281\" src=\"https:\/\/www.youtube.com\/embed\/CqSDWoAhvLU?feature=oembed\" frameborder=\"0\" allow=\"accelerometer; autoplay; clipboard-write; encrypted-media; gyroscope; picture-in-picture; web-share\" referrerpolicy=\"strict-origin-when-cross-origin\" allowfullscreen><\/iframe>\n<\/div><\/figure>\n\n\n\n<p>Google tester\u00e0 la nuova creatura, portando il prototipo su un tracciato di prova: poi sar\u00e0 la volta delle strade pubbliche della California del Nord, dove la Google Car si affiancher\u00e0 alle Toyota Prius e alle Lexus gi\u00e0 utilizzate in base ai permessi rilasciati dal Golden State (25 a Mountain View, due a Mercedes-Benz e altrettanti ad Audi). &#8220;I nostri conducenti continueranno a supervisionare il veicolo, utilizzando i controlli manuali quando necessario&#8221;, spiegano i tecnici. Ma il volante, almeno per Big G, continua ad avere i giorni contati.<\/p>\n","protected":false,"gt_translate_keys":[{"key":"rendered","format":"html"}]},"excerpt":{"rendered":"<p>Google ce l\u2019ha fatta: ha completato e presentato ufficialmente (nessun grande evento, solo un post sulla pagina di Google Plus) il prototipo della sua vettura autonoma<\/p>\n","protected":false,"gt_translate_keys":[{"key":"rendered","format":"html"}]},"author":8,"featured_media":20196,"comment_status":"open","ping_status":"open","sticky":false,"template":"","format":"standard","meta":{"jetpack_post_was_ever_published":false,"_jetpack_newsletter_access":"","_jetpack_dont_email_post_to_subs":false,"_jetpack_newsletter_tier_id":0,"_jetpack_memberships_contains_paywalled_content":false,"_jetpack_memberships_contains_paid_content":false,"footnotes":"","_wpscppro_dont_share_socialmedia":false,"_wpscppro_custom_social_share_image":0,"_facebook_share_type":"","_twitter_share_type":"","_linkedin_share_type":"","_pinterest_share_type":"","_linkedin_share_type_page":"","_instagram_share_type":"","_medium_share_type":"","_threads_share_type":"","_google_business_share_type":"","_selected_social_profile":[],"_wpsp_enable_custom_social_template":false,"_wpsp_social_scheduling":{"enabled":false,"datetime":null,"platforms":[],"status":"template_only","dateOption":"today","timeOption":"now","customDays":"","customHours":"","customDate":"","customTime":"","schedulingType":"absolute"},"_wpsp_active_default_template":true},"categories":[17],"tags":[2327,4161],"class_list":["post-3447","post","type-post","status-publish","format-standard","has-post-thumbnail","hentry","category-design-news","tag-automotive","tag-google"],"yoast_head":"<!-- This site is optimized with the Yoast SEO plugin v27.2 - https:\/\/yoast.com\/product\/yoast-seo-wordpress\/ -->\n<title>Google presenta ufficialmente la Google Car, la prima auto che si guida da sola - Social Design Magazine<\/title>\n<meta name=\"description\" content=\"Google ce l\u2019ha fatta: ha completato e presentato ufficialmente il prototipo della sua vettura autonoma, la Google Car\" \/>\n<meta name=\"robots\" content=\"index, follow, max-snippet:-1, max-image-preview:large, max-video-preview:-1\" \/>\n<link rel=\"canonical\" href=\"https:\/\/socialdesignmagazine.com\/mag\/news\/design-news\/google-presenta-ufficialmente-la-google-car-la-prima-auto-che-si-guida-da-sola\/\" \/>\n<meta property=\"og:locale\" content=\"it_IT\" \/>\n<meta property=\"og:type\" content=\"article\" \/>\n<meta property=\"og:title\" content=\"Google presenta ufficialmente la Google Car, la prima auto che si guida da sola - Social Design Magazine\" \/>\n<meta property=\"og:description\" content=\"Google ce l\u2019ha fatta: ha completato e presentato ufficialmente il prototipo della sua vettura autonoma, la Google Car\" \/>\n<meta property=\"og:url\" content=\"http:\/\/socialdesignmagazine.com\/mag\/news\/design-news\/google-presenta-ufficialmente-la-google-car-la-prima-auto-che-si-guida-da-sola\/\" \/>\n<meta property=\"og:site_name\" content=\"Social Design Magazine\" \/>\n<meta property=\"article:publisher\" content=\"https:\/\/www.facebook.com\/socialdesignmag\" \/>\n<meta property=\"article:published_time\" content=\"2015-01-08T10:00:00+00:00\" \/>\n<meta property=\"article:modified_time\" content=\"2025-04-25T09:01:40+00:00\" \/>\n<meta property=\"og:image\" content=\"https:\/\/socialdesignmagazine.com\/mag\/wp-content\/uploads\/2015\/01\/users_Virgilio_google_car_1419334931_google-self-driving-car-600x335.jpg\" \/>\n\t<meta property=\"og:image:width\" content=\"720\" \/>\n\t<meta property=\"og:image:height\" content=\"402\" \/>\n\t<meta property=\"og:image:type\" content=\"image\/jpeg\" \/>\n<meta name=\"author\" content=\"virgilio conti\" \/>\n<meta name=\"twitter:card\" content=\"summary_large_image\" \/>\n<meta name=\"twitter:creator\" content=\"@socialdesignmag\" \/>\n<meta name=\"twitter:site\" content=\"@socialdesignmag\" \/>\n<meta name=\"twitter:label1\" content=\"Scritto da\" \/>\n\t<meta name=\"twitter:data1\" content=\"virgilio conti\" \/>\n\t<meta name=\"twitter:label2\" content=\"Tempo di lettura stimato\" \/>\n\t<meta name=\"twitter:data2\" content=\"3 minuti\" \/>\n<script type=\"application\/ld+json\" class=\"yoast-schema-graph\">{\"@context\":\"https:\/\/schema.org\",\"@graph\":[{\"@type\":\"Article\",\"@id\":\"https:\/\/socialdesignmagazine.com\/mag\/news\/design-news\/google-presenta-ufficialmente-la-google-car-la-prima-auto-che-si-guida-da-sola\/#article\",\"isPartOf\":{\"@id\":\"https:\/\/socialdesignmagazine.com\/mag\/news\/design-news\/google-presenta-ufficialmente-la-google-car-la-prima-auto-che-si-guida-da-sola\/\"},\"author\":{\"name\":\"virgilio conti\",\"@id\":\"https:\/\/socialdesignmagazine.com\/mag\/#\/schema\/person\/6222835ede08a8e65d159af47fc3e362\"},\"headline\":\"Google presenta ufficialmente la Google Car, la prima auto che si guida da sola\",\"datePublished\":\"2015-01-08T10:00:00+00:00\",\"dateModified\":\"2025-04-25T09:01:40+00:00\",\"mainEntityOfPage\":{\"@id\":\"https:\/\/socialdesignmagazine.com\/mag\/news\/design-news\/google-presenta-ufficialmente-la-google-car-la-prima-auto-che-si-guida-da-sola\/\"},\"wordCount\":303,\"commentCount\":0,\"publisher\":{\"@id\":\"https:\/\/socialdesignmagazine.com\/mag\/#organization\"},\"image\":{\"@id\":\"https:\/\/socialdesignmagazine.com\/mag\/news\/design-news\/google-presenta-ufficialmente-la-google-car-la-prima-auto-che-si-guida-da-sola\/#primaryimage\"},\"thumbnailUrl\":\"https:\/\/socialdesignmagazine.com\/mag\/wp-content\/uploads\/2015\/01\/users_Virgilio_google_car_1419334931_google-self-driving-car-600x335.jpg\",\"keywords\":[\"automotive\",\"google\"],\"articleSection\":[\"Design News\"],\"inLanguage\":\"it-IT\",\"potentialAction\":[{\"@type\":\"CommentAction\",\"name\":\"Comment\",\"target\":[\"https:\/\/socialdesignmagazine.com\/mag\/news\/design-news\/google-presenta-ufficialmente-la-google-car-la-prima-auto-che-si-guida-da-sola\/#respond\"]}]},{\"@type\":\"WebPage\",\"@id\":\"https:\/\/socialdesignmagazine.com\/mag\/news\/design-news\/google-presenta-ufficialmente-la-google-car-la-prima-auto-che-si-guida-da-sola\/\",\"url\":\"https:\/\/socialdesignmagazine.com\/mag\/news\/design-news\/google-presenta-ufficialmente-la-google-car-la-prima-auto-che-si-guida-da-sola\/\",\"name\":\"Google presenta ufficialmente la Google Car, la prima auto che si guida da sola - Social Design Magazine\",\"isPartOf\":{\"@id\":\"https:\/\/socialdesignmagazine.com\/mag\/#website\"},\"primaryImageOfPage\":{\"@id\":\"https:\/\/socialdesignmagazine.com\/mag\/news\/design-news\/google-presenta-ufficialmente-la-google-car-la-prima-auto-che-si-guida-da-sola\/#primaryimage\"},\"image\":{\"@id\":\"https:\/\/socialdesignmagazine.com\/mag\/news\/design-news\/google-presenta-ufficialmente-la-google-car-la-prima-auto-che-si-guida-da-sola\/#primaryimage\"},\"thumbnailUrl\":\"https:\/\/socialdesignmagazine.com\/mag\/wp-content\/uploads\/2015\/01\/users_Virgilio_google_car_1419334931_google-self-driving-car-600x335.jpg\",\"datePublished\":\"2015-01-08T10:00:00+00:00\",\"dateModified\":\"2025-04-25T09:01:40+00:00\",\"description\":\"Google ce l\u2019ha fatta: ha completato e presentato ufficialmente il prototipo della sua vettura autonoma, la Google Car\",\"breadcrumb\":{\"@id\":\"https:\/\/socialdesignmagazine.com\/mag\/news\/design-news\/google-presenta-ufficialmente-la-google-car-la-prima-auto-che-si-guida-da-sola\/#breadcrumb\"},\"inLanguage\":\"it-IT\",\"potentialAction\":[{\"@type\":\"ReadAction\",\"target\":[\"https:\/\/socialdesignmagazine.com\/mag\/news\/design-news\/google-presenta-ufficialmente-la-google-car-la-prima-auto-che-si-guida-da-sola\/\"]}]},{\"@type\":\"ImageObject\",\"inLanguage\":\"it-IT\",\"@id\":\"https:\/\/socialdesignmagazine.com\/mag\/news\/design-news\/google-presenta-ufficialmente-la-google-car-la-prima-auto-che-si-guida-da-sola\/#primaryimage\",\"url\":\"https:\/\/socialdesignmagazine.com\/mag\/wp-content\/uploads\/2015\/01\/users_Virgilio_google_car_1419334931_google-self-driving-car-600x335.jpg\",\"contentUrl\":\"https:\/\/socialdesignmagazine.com\/mag\/wp-content\/uploads\/2015\/01\/users_Virgilio_google_car_1419334931_google-self-driving-car-600x335.jpg\",\"width\":720,\"height\":402,\"caption\":\"1419334931 google-self-driving-car-600x335\"},{\"@type\":\"BreadcrumbList\",\"@id\":\"https:\/\/socialdesignmagazine.com\/mag\/news\/design-news\/google-presenta-ufficialmente-la-google-car-la-prima-auto-che-si-guida-da-sola\/#breadcrumb\",\"itemListElement\":[{\"@type\":\"ListItem\",\"position\":1,\"name\":\"Home\",\"item\":\"https:\/\/socialdesignmagazine.com\/mag\/\"},{\"@type\":\"ListItem\",\"position\":2,\"name\":\"News\",\"item\":\"https:\/\/socialdesignmagazine.com\/mag\/news\/\"},{\"@type\":\"ListItem\",\"position\":3,\"name\":\"Design News\",\"item\":\"https:\/\/socialdesignmagazine.com\/mag\/news\/design-news\/\"},{\"@type\":\"ListItem\",\"position\":4,\"name\":\"Google presenta ufficialmente la Google Car, la prima auto che si guida da sola\"}]},{\"@type\":\"WebSite\",\"@id\":\"https:\/\/socialdesignmagazine.com\/mag\/#website\",\"url\":\"https:\/\/socialdesignmagazine.com\/mag\/\",\"name\":\"Social Design Magazine\",\"description\":\"Social Magazine su Design, Architettura, Arte, Grafica\",\"publisher\":{\"@id\":\"https:\/\/socialdesignmagazine.com\/mag\/#organization\"},\"potentialAction\":[{\"@type\":\"SearchAction\",\"target\":{\"@type\":\"EntryPoint\",\"urlTemplate\":\"https:\/\/socialdesignmagazine.com\/mag\/?s={search_term_string}\"},\"query-input\":{\"@type\":\"PropertyValueSpecification\",\"valueRequired\":true,\"valueName\":\"search_term_string\"}}],\"inLanguage\":\"it-IT\"},{\"@type\":\"Organization\",\"@id\":\"https:\/\/socialdesignmagazine.com\/mag\/#organization\",\"name\":\"Social Design Magazine\",\"url\":\"https:\/\/socialdesignmagazine.com\/mag\/\",\"logo\":{\"@type\":\"ImageObject\",\"inLanguage\":\"it-IT\",\"@id\":\"https:\/\/socialdesignmagazine.com\/mag\/#\/schema\/logo\/image\/\",\"url\":\"https:\/\/socialdesignmagazine.com\/mag\/wp-content\/uploads\/2017\/01\/logo_favicon_11.png\",\"contentUrl\":\"https:\/\/socialdesignmagazine.com\/mag\/wp-content\/uploads\/2017\/01\/logo_favicon_11.png\",\"width\":1024,\"height\":1024,\"caption\":\"Social Design Magazine\"},\"image\":{\"@id\":\"https:\/\/socialdesignmagazine.com\/mag\/#\/schema\/logo\/image\/\"},\"sameAs\":[\"https:\/\/www.facebook.com\/socialdesignmag\",\"https:\/\/x.com\/socialdesignmag\",\"http:\/\/instagram.com\/social_design_magazine\/\",\"http:\/\/pinterest.com\/socialdesignmag\/\",\"http:\/\/www.youtube.com\/user\/socialdesignmagazine\"]},{\"@type\":\"Person\",\"@id\":\"https:\/\/socialdesignmagazine.com\/mag\/#\/schema\/person\/6222835ede08a8e65d159af47fc3e362\",\"name\":\"virgilio conti\",\"image\":{\"@type\":\"ImageObject\",\"inLanguage\":\"it-IT\",\"@id\":\"https:\/\/secure.gravatar.com\/avatar\/376901affac0579e2064f8616591d88c265114c618c86ba1da0cff8bd2e6d7a7?s=96&d=mm&r=g\",\"url\":\"https:\/\/secure.gravatar.com\/avatar\/376901affac0579e2064f8616591d88c265114c618c86ba1da0cff8bd2e6d7a7?s=96&d=mm&r=g\",\"contentUrl\":\"https:\/\/secure.gravatar.com\/avatar\/376901affac0579e2064f8616591d88c265114c618c86ba1da0cff8bd2e6d7a7?s=96&d=mm&r=g\",\"caption\":\"virgilio conti\"},\"url\":\"https:\/\/socialdesignmagazine.com\/mag\/author\/virgilio\/\"}]}<\/script>\n<!-- \/ Yoast SEO plugin. -->","yoast_head_json":{"title":"Google presenta ufficialmente la Google Car, la prima auto che si guida da sola - Social Design Magazine","description":"Google ce l\u2019ha fatta: ha completato e presentato ufficialmente il prototipo della sua vettura autonoma, la Google Car","robots":{"index":"index","follow":"follow","max-snippet":"max-snippet:-1","max-image-preview":"max-image-preview:large","max-video-preview":"max-video-preview:-1"},"canonical":"https:\/\/socialdesignmagazine.com\/mag\/news\/design-news\/google-presenta-ufficialmente-la-google-car-la-prima-auto-che-si-guida-da-sola\/","og_locale":"it_IT","og_type":"article","og_title":"Google presenta ufficialmente la Google Car, la prima auto che si guida da sola - Social Design Magazine","og_description":"Google ce l\u2019ha fatta: ha completato e presentato ufficialmente il prototipo della sua vettura autonoma, la Google Car","og_url":"http:\/\/socialdesignmagazine.com\/mag\/news\/design-news\/google-presenta-ufficialmente-la-google-car-la-prima-auto-che-si-guida-da-sola\/","og_site_name":"Social Design Magazine","article_publisher":"https:\/\/www.facebook.com\/socialdesignmag","article_published_time":"2015-01-08T10:00:00+00:00","article_modified_time":"2025-04-25T09:01:40+00:00","og_image":[{"width":720,"height":402,"url":"https:\/\/socialdesignmagazine.com\/mag\/wp-content\/uploads\/2015\/01\/users_Virgilio_google_car_1419334931_google-self-driving-car-600x335.jpg","type":"image\/jpeg"}],"author":"virgilio conti","twitter_card":"summary_large_image","twitter_creator":"@socialdesignmag","twitter_site":"@socialdesignmag","twitter_misc":{"Scritto da":"virgilio conti","Tempo di lettura stimato":"3 minuti"},"schema":{"@context":"https:\/\/schema.org","@graph":[{"@type":"Article","@id":"https:\/\/socialdesignmagazine.com\/mag\/news\/design-news\/google-presenta-ufficialmente-la-google-car-la-prima-auto-che-si-guida-da-sola\/#article","isPartOf":{"@id":"https:\/\/socialdesignmagazine.com\/mag\/news\/design-news\/google-presenta-ufficialmente-la-google-car-la-prima-auto-che-si-guida-da-sola\/"},"author":{"name":"virgilio conti","@id":"https:\/\/socialdesignmagazine.com\/mag\/#\/schema\/person\/6222835ede08a8e65d159af47fc3e362"},"headline":"Google presenta ufficialmente la Google Car, la prima auto che si guida da sola","datePublished":"2015-01-08T10:00:00+00:00","dateModified":"2025-04-25T09:01:40+00:00","mainEntityOfPage":{"@id":"https:\/\/socialdesignmagazine.com\/mag\/news\/design-news\/google-presenta-ufficialmente-la-google-car-la-prima-auto-che-si-guida-da-sola\/"},"wordCount":303,"commentCount":0,"publisher":{"@id":"https:\/\/socialdesignmagazine.com\/mag\/#organization"},"image":{"@id":"https:\/\/socialdesignmagazine.com\/mag\/news\/design-news\/google-presenta-ufficialmente-la-google-car-la-prima-auto-che-si-guida-da-sola\/#primaryimage"},"thumbnailUrl":"https:\/\/socialdesignmagazine.com\/mag\/wp-content\/uploads\/2015\/01\/users_Virgilio_google_car_1419334931_google-self-driving-car-600x335.jpg","keywords":["automotive","google"],"articleSection":["Design News"],"inLanguage":"it-IT","potentialAction":[{"@type":"CommentAction","name":"Comment","target":["https:\/\/socialdesignmagazine.com\/mag\/news\/design-news\/google-presenta-ufficialmente-la-google-car-la-prima-auto-che-si-guida-da-sola\/#respond"]}]},{"@type":"WebPage","@id":"https:\/\/socialdesignmagazine.com\/mag\/news\/design-news\/google-presenta-ufficialmente-la-google-car-la-prima-auto-che-si-guida-da-sola\/","url":"https:\/\/socialdesignmagazine.com\/mag\/news\/design-news\/google-presenta-ufficialmente-la-google-car-la-prima-auto-che-si-guida-da-sola\/","name":"Google presenta ufficialmente la Google Car, la prima auto che si guida da sola - Social Design Magazine","isPartOf":{"@id":"https:\/\/socialdesignmagazine.com\/mag\/#website"},"primaryImageOfPage":{"@id":"https:\/\/socialdesignmagazine.com\/mag\/news\/design-news\/google-presenta-ufficialmente-la-google-car-la-prima-auto-che-si-guida-da-sola\/#primaryimage"},"image":{"@id":"https:\/\/socialdesignmagazine.com\/mag\/news\/design-news\/google-presenta-ufficialmente-la-google-car-la-prima-auto-che-si-guida-da-sola\/#primaryimage"},"thumbnailUrl":"https:\/\/socialdesignmagazine.com\/mag\/wp-content\/uploads\/2015\/01\/users_Virgilio_google_car_1419334931_google-self-driving-car-600x335.jpg","datePublished":"2015-01-08T10:00:00+00:00","dateModified":"2025-04-25T09:01:40+00:00","description":"Google ce l\u2019ha fatta: ha completato e presentato ufficialmente il prototipo della sua vettura autonoma, la Google Car","breadcrumb":{"@id":"https:\/\/socialdesignmagazine.com\/mag\/news\/design-news\/google-presenta-ufficialmente-la-google-car-la-prima-auto-che-si-guida-da-sola\/#breadcrumb"},"inLanguage":"it-IT","potentialAction":[{"@type":"ReadAction","target":["https:\/\/socialdesignmagazine.com\/mag\/news\/design-news\/google-presenta-ufficialmente-la-google-car-la-prima-auto-che-si-guida-da-sola\/"]}]},{"@type":"ImageObject","inLanguage":"it-IT","@id":"https:\/\/socialdesignmagazine.com\/mag\/news\/design-news\/google-presenta-ufficialmente-la-google-car-la-prima-auto-che-si-guida-da-sola\/#primaryimage","url":"https:\/\/socialdesignmagazine.com\/mag\/wp-content\/uploads\/2015\/01\/users_Virgilio_google_car_1419334931_google-self-driving-car-600x335.jpg","contentUrl":"https:\/\/socialdesignmagazine.com\/mag\/wp-content\/uploads\/2015\/01\/users_Virgilio_google_car_1419334931_google-self-driving-car-600x335.jpg","width":720,"height":402,"caption":"1419334931 google-self-driving-car-600x335"},{"@type":"BreadcrumbList","@id":"https:\/\/socialdesignmagazine.com\/mag\/news\/design-news\/google-presenta-ufficialmente-la-google-car-la-prima-auto-che-si-guida-da-sola\/#breadcrumb","itemListElement":[{"@type":"ListItem","position":1,"name":"Home","item":"https:\/\/socialdesignmagazine.com\/mag\/"},{"@type":"ListItem","position":2,"name":"News","item":"https:\/\/socialdesignmagazine.com\/mag\/news\/"},{"@type":"ListItem","position":3,"name":"Design News","item":"https:\/\/socialdesignmagazine.com\/mag\/news\/design-news\/"},{"@type":"ListItem","position":4,"name":"Google presenta ufficialmente la Google Car, la prima auto che si guida da sola"}]},{"@type":"WebSite","@id":"https:\/\/socialdesignmagazine.com\/mag\/#website","url":"https:\/\/socialdesignmagazine.com\/mag\/","name":"Social Design Magazine","description":"Social Magazine su Design, Architettura, Arte, Grafica","publisher":{"@id":"https:\/\/socialdesignmagazine.com\/mag\/#organization"},"potentialAction":[{"@type":"SearchAction","target":{"@type":"EntryPoint","urlTemplate":"https:\/\/socialdesignmagazine.com\/mag\/?s={search_term_string}"},"query-input":{"@type":"PropertyValueSpecification","valueRequired":true,"valueName":"search_term_string"}}],"inLanguage":"it-IT"},{"@type":"Organization","@id":"https:\/\/socialdesignmagazine.com\/mag\/#organization","name":"Social Design Magazine","url":"https:\/\/socialdesignmagazine.com\/mag\/","logo":{"@type":"ImageObject","inLanguage":"it-IT","@id":"https:\/\/socialdesignmagazine.com\/mag\/#\/schema\/logo\/image\/","url":"https:\/\/socialdesignmagazine.com\/mag\/wp-content\/uploads\/2017\/01\/logo_favicon_11.png","contentUrl":"https:\/\/socialdesignmagazine.com\/mag\/wp-content\/uploads\/2017\/01\/logo_favicon_11.png","width":1024,"height":1024,"caption":"Social Design Magazine"},"image":{"@id":"https:\/\/socialdesignmagazine.com\/mag\/#\/schema\/logo\/image\/"},"sameAs":["https:\/\/www.facebook.com\/socialdesignmag","https:\/\/x.com\/socialdesignmag","http:\/\/instagram.com\/social_design_magazine\/","http:\/\/pinterest.com\/socialdesignmag\/","http:\/\/www.youtube.com\/user\/socialdesignmagazine"]},{"@type":"Person","@id":"https:\/\/socialdesignmagazine.com\/mag\/#\/schema\/person\/6222835ede08a8e65d159af47fc3e362","name":"virgilio conti","image":{"@type":"ImageObject","inLanguage":"it-IT","@id":"https:\/\/secure.gravatar.com\/avatar\/376901affac0579e2064f8616591d88c265114c618c86ba1da0cff8bd2e6d7a7?s=96&d=mm&r=g","url":"https:\/\/secure.gravatar.com\/avatar\/376901affac0579e2064f8616591d88c265114c618c86ba1da0cff8bd2e6d7a7?s=96&d=mm&r=g","contentUrl":"https:\/\/secure.gravatar.com\/avatar\/376901affac0579e2064f8616591d88c265114c618c86ba1da0cff8bd2e6d7a7?s=96&d=mm&r=g","caption":"virgilio conti"},"url":"https:\/\/socialdesignmagazine.com\/mag\/author\/virgilio\/"}]}},"jetpack_featured_media_url":"https:\/\/socialdesignmagazine.com\/mag\/wp-content\/uploads\/2015\/01\/users_Virgilio_google_car_1419334931_google-self-driving-car-600x335.jpg","jetpack_sharing_enabled":true,"jetpack_shortlink":"https:\/\/wp.me\/p6cV7V-TB","gt_translate_keys":[{"key":"link","format":"url"}],"_links":{"self":[{"href":"https:\/\/socialdesignmagazine.com\/mag\/wp-json\/wp\/v2\/posts\/3447","targetHints":{"allow":["GET"]}}],"collection":[{"href":"https:\/\/socialdesignmagazine.com\/mag\/wp-json\/wp\/v2\/posts"}],"about":[{"href":"https:\/\/socialdesignmagazine.com\/mag\/wp-json\/wp\/v2\/types\/post"}],"author":[{"embeddable":true,"href":"https:\/\/socialdesignmagazine.com\/mag\/wp-json\/wp\/v2\/users\/8"}],"replies":[{"embeddable":true,"href":"https:\/\/socialdesignmagazine.com\/mag\/wp-json\/wp\/v2\/comments?post=3447"}],"version-history":[{"count":2,"href":"https:\/\/socialdesignmagazine.com\/mag\/wp-json\/wp\/v2\/posts\/3447\/revisions"}],"predecessor-version":[{"id":64503,"href":"https:\/\/socialdesignmagazine.com\/mag\/wp-json\/wp\/v2\/posts\/3447\/revisions\/64503"}],"wp:featuredmedia":[{"embeddable":true,"href":"https:\/\/socialdesignmagazine.com\/mag\/wp-json\/wp\/v2\/media\/20196"}],"wp:attachment":[{"href":"https:\/\/socialdesignmagazine.com\/mag\/wp-json\/wp\/v2\/media?parent=3447"}],"wp:term":[{"taxonomy":"category","embeddable":true,"href":"https:\/\/socialdesignmagazine.com\/mag\/wp-json\/wp\/v2\/categories?post=3447"},{"taxonomy":"post_tag","embeddable":true,"href":"https:\/\/socialdesignmagazine.com\/mag\/wp-json\/wp\/v2\/tags?post=3447"}],"curies":[{"name":"wp","href":"https:\/\/api.w.org\/{rel}","templated":true}]}}