{"id":34470,"date":"2018-03-10T12:18:56","date_gmt":"2018-03-10T11:18:56","guid":{"rendered":"https:\/\/socialdesignmagazine.com\/mag\/?p=34470"},"modified":"2021-07-02T17:12:08","modified_gmt":"2021-07-02T15:12:08","slug":"pergola-cabana-di-mapro-by-maffei-srl-in-giardino-leleganza-sposa-la-funzionalita","status":"publish","type":"post","link":"https:\/\/socialdesignmagazine.com\/mag\/news\/prodotti\/pergola-cabana-di-mapro-by-maffei-srl-in-giardino-leleganza-sposa-la-funzionalita\/","title":{"rendered":"Pergola Cabana di MaPro by Maffei Srl In giardino l\u2019eleganza sposa la funzionalit\u00e0","gt_translate_keys":[{"key":"rendered","format":"text"}]},"content":{"rendered":"<p>Per un outdoor raffinato e contemporaneamente confortevole la pergola Cabana di MaPro \u00e8 l\u2019ideale. Merito del suo design moderno, caratterizzato da volumi essenziali, da linee geometriche e dalla sua struttura funzionale e pratica.<\/p>\n<p>Infatti, la pergola Cabana \u00e8 realizzata in resistente alluminio, nel raffinato colore bianco, e si contraddistingue per la copertura in pvc bianco, impermeabile, che offre un agevole riparo anche in caso di pioggia.<br \/>\nL&#8217;apertura del tetto \u00e8 facilmente regolabile a seconda delle necessit\u00e0, grazie al semplice ed agevole meccanismo manuale di apertura e chiusura. Inoltre, il pratico sistema di ancoraggio al terreno, oltre ad assicurare la massima affidabilit\u00e0, preserva la resa estetica dell\u2019installazione perch\u00e9 \u00e8 contraddistinto da ganci ad L che \u201cscompaiono\u201d all\u2019interno dei pali.<\/p>\n<p>La pergola, realizzata nello stabilimento di Borgomanero, come tutti i prodotti Maffei, \u00e8 disponibile nelle misure 3 x 3,50 metri e 3,5 x 3,5 metri. Inoltre, si pu\u00f2 scegliere tra differenti tipologie di coperture, a seconda delle proprie esigenze estetiche e funzionali; ad esempio pu\u00f2 essere traforata per renderne cos\u00ec ancora pi\u00f9 facile l\u2019utilizzo in spiaggia e nei contesti in cui c\u2019\u00e8 molto vento.<\/p>\n<p><a href=\"https:\/\/socialdesignmagazine.com\/mag\/blog\/prodotti\/pergola-cabana-di-mapro-by-maffei-srl-in-giardino-leleganza-sposa-la-funzionalita\/attachment\/cabana-germany-3\/#content\" rel=\"attachment wp-att-34473\"><img loading=\"lazy\" decoding=\"async\" data-attachment-id=\"34473\" data-permalink=\"https:\/\/socialdesignmagazine.com\/mag\/news\/prodotti\/pergola-cabana-di-mapro-by-maffei-srl-in-giardino-leleganza-sposa-la-funzionalita\/attachment\/cabana-germany-3\/#content\" data-orig-file=\"https:\/\/socialdesignmagazine.com\/mag\/wp-content\/uploads\/2018\/03\/Cabana-Germany-3.jpg\" data-orig-size=\"880,660\" data-comments-opened=\"1\" data-image-meta=\"{&quot;aperture&quot;:&quot;0&quot;,&quot;credit&quot;:&quot;&quot;,&quot;camera&quot;:&quot;&quot;,&quot;caption&quot;:&quot;&quot;,&quot;created_timestamp&quot;:&quot;1435793521&quot;,&quot;copyright&quot;:&quot;&quot;,&quot;focal_length&quot;:&quot;0&quot;,&quot;iso&quot;:&quot;0&quot;,&quot;shutter_speed&quot;:&quot;0&quot;,&quot;title&quot;:&quot;&quot;,&quot;orientation&quot;:&quot;0&quot;}\" data-image-title=\"Cabana Germany 3\" data-image-description=\"\" data-image-caption=\"\" data-medium-file=\"https:\/\/socialdesignmagazine.com\/mag\/wp-content\/uploads\/2018\/03\/Cabana-Germany-3-438x283.jpg\" data-large-file=\"https:\/\/socialdesignmagazine.com\/mag\/wp-content\/uploads\/2018\/03\/Cabana-Germany-3.jpg\" class=\"alignnone size-full wp-image-34473\" src=\"https:\/\/socialdesignmagazine.com\/mag\/wp-content\/uploads\/2018\/03\/Cabana-Germany-3.jpg\" alt=\"\" width=\"880\" height=\"660\" srcset=\"https:\/\/socialdesignmagazine.com\/mag\/wp-content\/uploads\/2018\/03\/Cabana-Germany-3.jpg 880w, https:\/\/socialdesignmagazine.com\/mag\/wp-content\/uploads\/2018\/03\/Cabana-Germany-3-768x576.jpg 768w\" sizes=\"auto, (max-width: 880px) 100vw, 880px\" \/><\/a><\/p>\n<p><a href=\"https:\/\/socialdesignmagazine.com\/mag\/blog\/prodotti\/pergola-cabana-di-mapro-by-maffei-srl-in-giardino-leleganza-sposa-la-funzionalita\/attachment\/imm_0227_bewerkt\/#content\" rel=\"attachment wp-att-34472\"><img loading=\"lazy\" decoding=\"async\" data-attachment-id=\"34472\" data-permalink=\"https:\/\/socialdesignmagazine.com\/mag\/news\/prodotti\/pergola-cabana-di-mapro-by-maffei-srl-in-giardino-leleganza-sposa-la-funzionalita\/attachment\/imm_0227_bewerkt\/#content\" data-orig-file=\"https:\/\/socialdesignmagazine.com\/mag\/wp-content\/uploads\/2018\/03\/IMM_0227_bewerkt.jpg\" data-orig-size=\"880,587\" data-comments-opened=\"1\" data-image-meta=\"{&quot;aperture&quot;:&quot;0&quot;,&quot;credit&quot;:&quot;&quot;,&quot;camera&quot;:&quot;&quot;,&quot;caption&quot;:&quot;&quot;,&quot;created_timestamp&quot;:&quot;1435157384&quot;,&quot;copyright&quot;:&quot;&quot;,&quot;focal_length&quot;:&quot;0&quot;,&quot;iso&quot;:&quot;0&quot;,&quot;shutter_speed&quot;:&quot;0&quot;,&quot;title&quot;:&quot;&quot;,&quot;orientation&quot;:&quot;0&quot;}\" data-image-title=\"IMM_0227_bewerkt\" data-image-description=\"\" data-image-caption=\"\" data-medium-file=\"https:\/\/socialdesignmagazine.com\/mag\/wp-content\/uploads\/2018\/03\/IMM_0227_bewerkt-438x283.jpg\" data-large-file=\"https:\/\/socialdesignmagazine.com\/mag\/wp-content\/uploads\/2018\/03\/IMM_0227_bewerkt.jpg\" class=\"alignnone size-full wp-image-34472\" src=\"https:\/\/socialdesignmagazine.com\/mag\/wp-content\/uploads\/2018\/03\/IMM_0227_bewerkt.jpg\" alt=\"\" width=\"880\" height=\"587\" srcset=\"https:\/\/socialdesignmagazine.com\/mag\/wp-content\/uploads\/2018\/03\/IMM_0227_bewerkt.jpg 880w, https:\/\/socialdesignmagazine.com\/mag\/wp-content\/uploads\/2018\/03\/IMM_0227_bewerkt-100x66.jpg 100w, https:\/\/socialdesignmagazine.com\/mag\/wp-content\/uploads\/2018\/03\/IMM_0227_bewerkt-768x512.jpg 768w\" sizes=\"auto, (max-width: 880px) 100vw, 880px\" \/><\/a><\/p>\n<p><a href=\"https:\/\/socialdesignmagazine.com\/mag\/blog\/prodotti\/pergola-cabana-di-mapro-by-maffei-srl-in-giardino-leleganza-sposa-la-funzionalita\/attachment\/mapro-pergola\/#content\" rel=\"attachment wp-att-34471\"><img loading=\"lazy\" decoding=\"async\" data-attachment-id=\"34471\" data-permalink=\"https:\/\/socialdesignmagazine.com\/mag\/news\/prodotti\/pergola-cabana-di-mapro-by-maffei-srl-in-giardino-leleganza-sposa-la-funzionalita\/attachment\/mapro-pergola\/#content\" data-orig-file=\"https:\/\/socialdesignmagazine.com\/mag\/wp-content\/uploads\/2018\/03\/Mapro-Pergola.jpg\" data-orig-size=\"880,587\" data-comments-opened=\"1\" data-image-meta=\"{&quot;aperture&quot;:&quot;0&quot;,&quot;credit&quot;:&quot;&quot;,&quot;camera&quot;:&quot;&quot;,&quot;caption&quot;:&quot;&quot;,&quot;created_timestamp&quot;:&quot;1435151921&quot;,&quot;copyright&quot;:&quot;&quot;,&quot;focal_length&quot;:&quot;0&quot;,&quot;iso&quot;:&quot;0&quot;,&quot;shutter_speed&quot;:&quot;0&quot;,&quot;title&quot;:&quot;&quot;,&quot;orientation&quot;:&quot;0&quot;}\" data-image-title=\"Mapro Pergola\" data-image-description=\"\" data-image-caption=\"\" data-medium-file=\"https:\/\/socialdesignmagazine.com\/mag\/wp-content\/uploads\/2018\/03\/Mapro-Pergola-438x283.jpg\" data-large-file=\"https:\/\/socialdesignmagazine.com\/mag\/wp-content\/uploads\/2018\/03\/Mapro-Pergola.jpg\" class=\"alignnone size-full wp-image-34471\" src=\"https:\/\/socialdesignmagazine.com\/mag\/wp-content\/uploads\/2018\/03\/Mapro-Pergola.jpg\" alt=\"\" width=\"880\" height=\"587\" srcset=\"https:\/\/socialdesignmagazine.com\/mag\/wp-content\/uploads\/2018\/03\/Mapro-Pergola.jpg 880w, https:\/\/socialdesignmagazine.com\/mag\/wp-content\/uploads\/2018\/03\/Mapro-Pergola-100x66.jpg 100w, https:\/\/socialdesignmagazine.com\/mag\/wp-content\/uploads\/2018\/03\/Mapro-Pergola-768x512.jpg 768w\" sizes=\"auto, (max-width: 880px) 100vw, 880px\" \/><\/a><\/p>\n<p><a rel=\"nofollow\" href=\"http:\/\/www.maffeisrl.com\">www.maffeisrl.com<\/a><\/p>\n","protected":false,"gt_translate_keys":[{"key":"rendered","format":"html"}]},"excerpt":{"rendered":"<p>Per un outdoor raffinato e contemporaneamente confortevole la pergola Cabana di MaPro \u00e8 l\u2019ideale. Merito del suo design moderno, caratterizzato da volumi essenziali, da linee geometriche e dalla sua struttura funzionale e pratica.<\/p>\n","protected":false,"gt_translate_keys":[{"key":"rendered","format":"html"}]},"author":156,"featured_media":34471,"comment_status":"open","ping_status":"open","sticky":false,"template":"","format":"standard","meta":{"jetpack_post_was_ever_published":false,"_jetpack_newsletter_access":"","_jetpack_dont_email_post_to_subs":false,"_jetpack_newsletter_tier_id":0,"_jetpack_memberships_contains_paywalled_content":false,"_jetpack_memberships_contains_paid_content":false,"footnotes":"","_wpscppro_dont_share_socialmedia":false,"_wpscppro_custom_social_share_image":0,"_facebook_share_type":"","_twitter_share_type":"","_linkedin_share_type":"","_pinterest_share_type":"","_linkedin_share_type_page":"","_instagram_share_type":"","_medium_share_type":"","_threads_share_type":"","_google_business_share_type":"","_selected_social_profile":[],"_wpsp_enable_custom_social_template":false,"_wpsp_social_scheduling":{"enabled":false,"datetime":null,"platforms":[],"status":"template_only","dateOption":"today","timeOption":"now","customDays":"","customHours":"","customDate":"","customTime":"","schedulingType":"absolute"},"_wpsp_active_default_template":true},"categories":[6166],"tags":[901,5324,68],"class_list":["post-34470","post","type-post","status-publish","format-standard","has-post-thumbnail","hentry","category-prodotti","tag-giardino","tag-ombrellone","tag-outdoor"],"yoast_head":"<!-- This site is optimized with the Yoast SEO plugin v27.2 - https:\/\/yoast.com\/product\/yoast-seo-wordpress\/ -->\n<title>Pergola Cabana di MaPro by Maffei Srl In giardino l\u2019eleganza sposa la funzionalit\u00e0 - Social Design Magazine<\/title>\n<meta name=\"description\" content=\"Per un outdoor raffinato e contemporaneamente confortevole la pergola Cabana di MaPro \u00e8 l\u2019ideale. Merito del suo design moderno, caratterizzato da volumi essenziali, da linee geometriche e dalla sua struttura funzionale e pratica.\" \/>\n<meta name=\"robots\" content=\"index, follow, max-snippet:-1, max-image-preview:large, max-video-preview:-1\" \/>\n<link rel=\"canonical\" href=\"https:\/\/socialdesignmagazine.com\/mag\/news\/prodotti\/pergola-cabana-di-mapro-by-maffei-srl-in-giardino-leleganza-sposa-la-funzionalita\/\" \/>\n<meta property=\"og:locale\" content=\"it_IT\" \/>\n<meta property=\"og:type\" content=\"article\" \/>\n<meta property=\"og:title\" content=\"Pergola Cabana di MaPro by Maffei Srl In giardino l\u2019eleganza sposa la funzionalit\u00e0 - Social Design Magazine\" \/>\n<meta property=\"og:description\" content=\"Per un outdoor raffinato e contemporaneamente confortevole la pergola Cabana di MaPro \u00e8 l\u2019ideale. Merito del suo design moderno, caratterizzato da volumi essenziali, da linee geometriche e dalla sua struttura funzionale e pratica.\" \/>\n<meta property=\"og:url\" content=\"http:\/\/socialdesignmagazine.com\/mag\/news\/prodotti\/pergola-cabana-di-mapro-by-maffei-srl-in-giardino-leleganza-sposa-la-funzionalita\/\" \/>\n<meta property=\"og:site_name\" content=\"Social Design Magazine\" \/>\n<meta property=\"article:publisher\" content=\"https:\/\/www.facebook.com\/socialdesignmag\" \/>\n<meta property=\"article:published_time\" content=\"2018-03-10T11:18:56+00:00\" \/>\n<meta property=\"article:modified_time\" content=\"2021-07-02T15:12:08+00:00\" \/>\n<meta property=\"og:image\" content=\"https:\/\/socialdesignmagazine.com\/mag\/wp-content\/uploads\/2018\/03\/Mapro-Pergola.jpg\" \/>\n\t<meta property=\"og:image:width\" content=\"880\" \/>\n\t<meta property=\"og:image:height\" content=\"587\" \/>\n\t<meta property=\"og:image:type\" content=\"image\/jpeg\" \/>\n<meta name=\"author\" content=\"Lorenzo Strona &amp; Partners\" \/>\n<meta name=\"twitter:card\" content=\"summary_large_image\" \/>\n<meta name=\"twitter:creator\" content=\"@socialdesignmag\" \/>\n<meta name=\"twitter:site\" content=\"@socialdesignmag\" \/>\n<meta name=\"twitter:label1\" content=\"Scritto da\" \/>\n\t<meta name=\"twitter:data1\" content=\"Lorenzo Strona &amp; Partners\" \/>\n\t<meta name=\"twitter:label2\" content=\"Tempo di lettura stimato\" \/>\n\t<meta name=\"twitter:data2\" content=\"1 minuto\" \/>\n<script type=\"application\/ld+json\" class=\"yoast-schema-graph\">{\"@context\":\"https:\/\/schema.org\",\"@graph\":[{\"@type\":\"Article\",\"@id\":\"https:\/\/socialdesignmagazine.com\/mag\/news\/prodotti\/pergola-cabana-di-mapro-by-maffei-srl-in-giardino-leleganza-sposa-la-funzionalita\/#article\",\"isPartOf\":{\"@id\":\"https:\/\/socialdesignmagazine.com\/mag\/news\/prodotti\/pergola-cabana-di-mapro-by-maffei-srl-in-giardino-leleganza-sposa-la-funzionalita\/\"},\"author\":{\"name\":\"Lorenzo Strona &amp; Partners\",\"@id\":\"https:\/\/socialdesignmagazine.com\/mag\/#\/schema\/person\/2f0d6c004e2819dd154da12b087ab674\"},\"headline\":\"Pergola Cabana di MaPro by Maffei Srl In giardino l\u2019eleganza sposa la funzionalit\u00e0\",\"datePublished\":\"2018-03-10T11:18:56+00:00\",\"dateModified\":\"2021-07-02T15:12:08+00:00\",\"mainEntityOfPage\":{\"@id\":\"https:\/\/socialdesignmagazine.com\/mag\/news\/prodotti\/pergola-cabana-di-mapro-by-maffei-srl-in-giardino-leleganza-sposa-la-funzionalita\/\"},\"wordCount\":195,\"commentCount\":0,\"publisher\":{\"@id\":\"https:\/\/socialdesignmagazine.com\/mag\/#organization\"},\"image\":{\"@id\":\"https:\/\/socialdesignmagazine.com\/mag\/news\/prodotti\/pergola-cabana-di-mapro-by-maffei-srl-in-giardino-leleganza-sposa-la-funzionalita\/#primaryimage\"},\"thumbnailUrl\":\"https:\/\/socialdesignmagazine.com\/mag\/wp-content\/uploads\/2018\/03\/Mapro-Pergola.jpg\",\"keywords\":[\"giardino\",\"ombrellone\",\"outdoor\"],\"articleSection\":[\"Prodotti\"],\"inLanguage\":\"it-IT\",\"potentialAction\":[{\"@type\":\"CommentAction\",\"name\":\"Comment\",\"target\":[\"https:\/\/socialdesignmagazine.com\/mag\/news\/prodotti\/pergola-cabana-di-mapro-by-maffei-srl-in-giardino-leleganza-sposa-la-funzionalita\/#respond\"]}]},{\"@type\":\"WebPage\",\"@id\":\"https:\/\/socialdesignmagazine.com\/mag\/news\/prodotti\/pergola-cabana-di-mapro-by-maffei-srl-in-giardino-leleganza-sposa-la-funzionalita\/\",\"url\":\"https:\/\/socialdesignmagazine.com\/mag\/news\/prodotti\/pergola-cabana-di-mapro-by-maffei-srl-in-giardino-leleganza-sposa-la-funzionalita\/\",\"name\":\"Pergola Cabana di MaPro by Maffei Srl In giardino l\u2019eleganza sposa la funzionalit\u00e0 - Social Design Magazine\",\"isPartOf\":{\"@id\":\"https:\/\/socialdesignmagazine.com\/mag\/#website\"},\"primaryImageOfPage\":{\"@id\":\"https:\/\/socialdesignmagazine.com\/mag\/news\/prodotti\/pergola-cabana-di-mapro-by-maffei-srl-in-giardino-leleganza-sposa-la-funzionalita\/#primaryimage\"},\"image\":{\"@id\":\"https:\/\/socialdesignmagazine.com\/mag\/news\/prodotti\/pergola-cabana-di-mapro-by-maffei-srl-in-giardino-leleganza-sposa-la-funzionalita\/#primaryimage\"},\"thumbnailUrl\":\"https:\/\/socialdesignmagazine.com\/mag\/wp-content\/uploads\/2018\/03\/Mapro-Pergola.jpg\",\"datePublished\":\"2018-03-10T11:18:56+00:00\",\"dateModified\":\"2021-07-02T15:12:08+00:00\",\"description\":\"Per un outdoor raffinato e contemporaneamente confortevole la pergola Cabana di MaPro \u00e8 l\u2019ideale. Merito del suo design moderno, caratterizzato da volumi essenziali, da linee geometriche e dalla sua struttura funzionale e pratica.\",\"breadcrumb\":{\"@id\":\"https:\/\/socialdesignmagazine.com\/mag\/news\/prodotti\/pergola-cabana-di-mapro-by-maffei-srl-in-giardino-leleganza-sposa-la-funzionalita\/#breadcrumb\"},\"inLanguage\":\"it-IT\",\"potentialAction\":[{\"@type\":\"ReadAction\",\"target\":[\"https:\/\/socialdesignmagazine.com\/mag\/news\/prodotti\/pergola-cabana-di-mapro-by-maffei-srl-in-giardino-leleganza-sposa-la-funzionalita\/\"]}]},{\"@type\":\"ImageObject\",\"inLanguage\":\"it-IT\",\"@id\":\"https:\/\/socialdesignmagazine.com\/mag\/news\/prodotti\/pergola-cabana-di-mapro-by-maffei-srl-in-giardino-leleganza-sposa-la-funzionalita\/#primaryimage\",\"url\":\"https:\/\/socialdesignmagazine.com\/mag\/wp-content\/uploads\/2018\/03\/Mapro-Pergola.jpg\",\"contentUrl\":\"https:\/\/socialdesignmagazine.com\/mag\/wp-content\/uploads\/2018\/03\/Mapro-Pergola.jpg\",\"width\":880,\"height\":587},{\"@type\":\"BreadcrumbList\",\"@id\":\"https:\/\/socialdesignmagazine.com\/mag\/news\/prodotti\/pergola-cabana-di-mapro-by-maffei-srl-in-giardino-leleganza-sposa-la-funzionalita\/#breadcrumb\",\"itemListElement\":[{\"@type\":\"ListItem\",\"position\":1,\"name\":\"Home\",\"item\":\"https:\/\/socialdesignmagazine.com\/mag\/\"},{\"@type\":\"ListItem\",\"position\":2,\"name\":\"News\",\"item\":\"https:\/\/socialdesignmagazine.com\/mag\/news\/\"},{\"@type\":\"ListItem\",\"position\":3,\"name\":\"Prodotti\",\"item\":\"https:\/\/socialdesignmagazine.com\/mag\/news\/prodotti\/\"},{\"@type\":\"ListItem\",\"position\":4,\"name\":\"Pergola Cabana di MaPro by Maffei Srl In giardino l\u2019eleganza sposa la funzionalit\u00e0\"}]},{\"@type\":\"WebSite\",\"@id\":\"https:\/\/socialdesignmagazine.com\/mag\/#website\",\"url\":\"https:\/\/socialdesignmagazine.com\/mag\/\",\"name\":\"Social Design Magazine\",\"description\":\"Social Magazine su Design, Architettura, Arte, Grafica\",\"publisher\":{\"@id\":\"https:\/\/socialdesignmagazine.com\/mag\/#organization\"},\"potentialAction\":[{\"@type\":\"SearchAction\",\"target\":{\"@type\":\"EntryPoint\",\"urlTemplate\":\"https:\/\/socialdesignmagazine.com\/mag\/?s={search_term_string}\"},\"query-input\":{\"@type\":\"PropertyValueSpecification\",\"valueRequired\":true,\"valueName\":\"search_term_string\"}}],\"inLanguage\":\"it-IT\"},{\"@type\":\"Organization\",\"@id\":\"https:\/\/socialdesignmagazine.com\/mag\/#organization\",\"name\":\"Social Design Magazine\",\"url\":\"https:\/\/socialdesignmagazine.com\/mag\/\",\"logo\":{\"@type\":\"ImageObject\",\"inLanguage\":\"it-IT\",\"@id\":\"https:\/\/socialdesignmagazine.com\/mag\/#\/schema\/logo\/image\/\",\"url\":\"https:\/\/socialdesignmagazine.com\/mag\/wp-content\/uploads\/2017\/01\/logo_favicon_11.png\",\"contentUrl\":\"https:\/\/socialdesignmagazine.com\/mag\/wp-content\/uploads\/2017\/01\/logo_favicon_11.png\",\"width\":1024,\"height\":1024,\"caption\":\"Social Design Magazine\"},\"image\":{\"@id\":\"https:\/\/socialdesignmagazine.com\/mag\/#\/schema\/logo\/image\/\"},\"sameAs\":[\"https:\/\/www.facebook.com\/socialdesignmag\",\"https:\/\/x.com\/socialdesignmag\",\"http:\/\/instagram.com\/social_design_magazine\/\",\"http:\/\/pinterest.com\/socialdesignmag\/\",\"http:\/\/www.youtube.com\/user\/socialdesignmagazine\"]},{\"@type\":\"Person\",\"@id\":\"https:\/\/socialdesignmagazine.com\/mag\/#\/schema\/person\/2f0d6c004e2819dd154da12b087ab674\",\"name\":\"Lorenzo Strona &amp; Partners\",\"image\":{\"@type\":\"ImageObject\",\"inLanguage\":\"it-IT\",\"@id\":\"https:\/\/secure.gravatar.com\/avatar\/8108838cddcb2a3b6d98a95fbaa2b096769cf1d1f777d4848edbdc28ceafc598?s=96&d=mm&r=g\",\"url\":\"https:\/\/secure.gravatar.com\/avatar\/8108838cddcb2a3b6d98a95fbaa2b096769cf1d1f777d4848edbdc28ceafc598?s=96&d=mm&r=g\",\"contentUrl\":\"https:\/\/secure.gravatar.com\/avatar\/8108838cddcb2a3b6d98a95fbaa2b096769cf1d1f777d4848edbdc28ceafc598?s=96&d=mm&r=g\",\"caption\":\"Lorenzo Strona &amp; Partners\"},\"sameAs\":[\"http:\/\/www.lorenzostrona.com\"],\"url\":\"https:\/\/socialdesignmagazine.com\/mag\/author\/lsep\/\"}]}<\/script>\n<!-- \/ Yoast SEO plugin. -->","yoast_head_json":{"title":"Pergola Cabana di MaPro by Maffei Srl In giardino l\u2019eleganza sposa la funzionalit\u00e0 - Social Design Magazine","description":"Per un outdoor raffinato e contemporaneamente confortevole la pergola Cabana di MaPro \u00e8 l\u2019ideale. Merito del suo design moderno, caratterizzato da volumi essenziali, da linee geometriche e dalla sua struttura funzionale e pratica.","robots":{"index":"index","follow":"follow","max-snippet":"max-snippet:-1","max-image-preview":"max-image-preview:large","max-video-preview":"max-video-preview:-1"},"canonical":"https:\/\/socialdesignmagazine.com\/mag\/news\/prodotti\/pergola-cabana-di-mapro-by-maffei-srl-in-giardino-leleganza-sposa-la-funzionalita\/","og_locale":"it_IT","og_type":"article","og_title":"Pergola Cabana di MaPro by Maffei Srl In giardino l\u2019eleganza sposa la funzionalit\u00e0 - Social Design Magazine","og_description":"Per un outdoor raffinato e contemporaneamente confortevole la pergola Cabana di MaPro \u00e8 l\u2019ideale. Merito del suo design moderno, caratterizzato da volumi essenziali, da linee geometriche e dalla sua struttura funzionale e pratica.","og_url":"http:\/\/socialdesignmagazine.com\/mag\/news\/prodotti\/pergola-cabana-di-mapro-by-maffei-srl-in-giardino-leleganza-sposa-la-funzionalita\/","og_site_name":"Social Design Magazine","article_publisher":"https:\/\/www.facebook.com\/socialdesignmag","article_published_time":"2018-03-10T11:18:56+00:00","article_modified_time":"2021-07-02T15:12:08+00:00","og_image":[{"width":880,"height":587,"url":"https:\/\/socialdesignmagazine.com\/mag\/wp-content\/uploads\/2018\/03\/Mapro-Pergola.jpg","type":"image\/jpeg"}],"author":"Lorenzo Strona &amp; Partners","twitter_card":"summary_large_image","twitter_creator":"@socialdesignmag","twitter_site":"@socialdesignmag","twitter_misc":{"Scritto da":"Lorenzo Strona &amp; Partners","Tempo di lettura stimato":"1 minuto"},"schema":{"@context":"https:\/\/schema.org","@graph":[{"@type":"Article","@id":"https:\/\/socialdesignmagazine.com\/mag\/news\/prodotti\/pergola-cabana-di-mapro-by-maffei-srl-in-giardino-leleganza-sposa-la-funzionalita\/#article","isPartOf":{"@id":"https:\/\/socialdesignmagazine.com\/mag\/news\/prodotti\/pergola-cabana-di-mapro-by-maffei-srl-in-giardino-leleganza-sposa-la-funzionalita\/"},"author":{"name":"Lorenzo Strona &amp; Partners","@id":"https:\/\/socialdesignmagazine.com\/mag\/#\/schema\/person\/2f0d6c004e2819dd154da12b087ab674"},"headline":"Pergola Cabana di MaPro by Maffei Srl In giardino l\u2019eleganza sposa la funzionalit\u00e0","datePublished":"2018-03-10T11:18:56+00:00","dateModified":"2021-07-02T15:12:08+00:00","mainEntityOfPage":{"@id":"https:\/\/socialdesignmagazine.com\/mag\/news\/prodotti\/pergola-cabana-di-mapro-by-maffei-srl-in-giardino-leleganza-sposa-la-funzionalita\/"},"wordCount":195,"commentCount":0,"publisher":{"@id":"https:\/\/socialdesignmagazine.com\/mag\/#organization"},"image":{"@id":"https:\/\/socialdesignmagazine.com\/mag\/news\/prodotti\/pergola-cabana-di-mapro-by-maffei-srl-in-giardino-leleganza-sposa-la-funzionalita\/#primaryimage"},"thumbnailUrl":"https:\/\/socialdesignmagazine.com\/mag\/wp-content\/uploads\/2018\/03\/Mapro-Pergola.jpg","keywords":["giardino","ombrellone","outdoor"],"articleSection":["Prodotti"],"inLanguage":"it-IT","potentialAction":[{"@type":"CommentAction","name":"Comment","target":["https:\/\/socialdesignmagazine.com\/mag\/news\/prodotti\/pergola-cabana-di-mapro-by-maffei-srl-in-giardino-leleganza-sposa-la-funzionalita\/#respond"]}]},{"@type":"WebPage","@id":"https:\/\/socialdesignmagazine.com\/mag\/news\/prodotti\/pergola-cabana-di-mapro-by-maffei-srl-in-giardino-leleganza-sposa-la-funzionalita\/","url":"https:\/\/socialdesignmagazine.com\/mag\/news\/prodotti\/pergola-cabana-di-mapro-by-maffei-srl-in-giardino-leleganza-sposa-la-funzionalita\/","name":"Pergola Cabana di MaPro by Maffei Srl In giardino l\u2019eleganza sposa la funzionalit\u00e0 - Social Design Magazine","isPartOf":{"@id":"https:\/\/socialdesignmagazine.com\/mag\/#website"},"primaryImageOfPage":{"@id":"https:\/\/socialdesignmagazine.com\/mag\/news\/prodotti\/pergola-cabana-di-mapro-by-maffei-srl-in-giardino-leleganza-sposa-la-funzionalita\/#primaryimage"},"image":{"@id":"https:\/\/socialdesignmagazine.com\/mag\/news\/prodotti\/pergola-cabana-di-mapro-by-maffei-srl-in-giardino-leleganza-sposa-la-funzionalita\/#primaryimage"},"thumbnailUrl":"https:\/\/socialdesignmagazine.com\/mag\/wp-content\/uploads\/2018\/03\/Mapro-Pergola.jpg","datePublished":"2018-03-10T11:18:56+00:00","dateModified":"2021-07-02T15:12:08+00:00","description":"Per un outdoor raffinato e contemporaneamente confortevole la pergola Cabana di MaPro \u00e8 l\u2019ideale. Merito del suo design moderno, caratterizzato da volumi essenziali, da linee geometriche e dalla sua struttura funzionale e pratica.","breadcrumb":{"@id":"https:\/\/socialdesignmagazine.com\/mag\/news\/prodotti\/pergola-cabana-di-mapro-by-maffei-srl-in-giardino-leleganza-sposa-la-funzionalita\/#breadcrumb"},"inLanguage":"it-IT","potentialAction":[{"@type":"ReadAction","target":["https:\/\/socialdesignmagazine.com\/mag\/news\/prodotti\/pergola-cabana-di-mapro-by-maffei-srl-in-giardino-leleganza-sposa-la-funzionalita\/"]}]},{"@type":"ImageObject","inLanguage":"it-IT","@id":"https:\/\/socialdesignmagazine.com\/mag\/news\/prodotti\/pergola-cabana-di-mapro-by-maffei-srl-in-giardino-leleganza-sposa-la-funzionalita\/#primaryimage","url":"https:\/\/socialdesignmagazine.com\/mag\/wp-content\/uploads\/2018\/03\/Mapro-Pergola.jpg","contentUrl":"https:\/\/socialdesignmagazine.com\/mag\/wp-content\/uploads\/2018\/03\/Mapro-Pergola.jpg","width":880,"height":587},{"@type":"BreadcrumbList","@id":"https:\/\/socialdesignmagazine.com\/mag\/news\/prodotti\/pergola-cabana-di-mapro-by-maffei-srl-in-giardino-leleganza-sposa-la-funzionalita\/#breadcrumb","itemListElement":[{"@type":"ListItem","position":1,"name":"Home","item":"https:\/\/socialdesignmagazine.com\/mag\/"},{"@type":"ListItem","position":2,"name":"News","item":"https:\/\/socialdesignmagazine.com\/mag\/news\/"},{"@type":"ListItem","position":3,"name":"Prodotti","item":"https:\/\/socialdesignmagazine.com\/mag\/news\/prodotti\/"},{"@type":"ListItem","position":4,"name":"Pergola Cabana di MaPro by Maffei Srl In giardino l\u2019eleganza sposa la funzionalit\u00e0"}]},{"@type":"WebSite","@id":"https:\/\/socialdesignmagazine.com\/mag\/#website","url":"https:\/\/socialdesignmagazine.com\/mag\/","name":"Social Design Magazine","description":"Social Magazine su Design, Architettura, Arte, Grafica","publisher":{"@id":"https:\/\/socialdesignmagazine.com\/mag\/#organization"},"potentialAction":[{"@type":"SearchAction","target":{"@type":"EntryPoint","urlTemplate":"https:\/\/socialdesignmagazine.com\/mag\/?s={search_term_string}"},"query-input":{"@type":"PropertyValueSpecification","valueRequired":true,"valueName":"search_term_string"}}],"inLanguage":"it-IT"},{"@type":"Organization","@id":"https:\/\/socialdesignmagazine.com\/mag\/#organization","name":"Social Design Magazine","url":"https:\/\/socialdesignmagazine.com\/mag\/","logo":{"@type":"ImageObject","inLanguage":"it-IT","@id":"https:\/\/socialdesignmagazine.com\/mag\/#\/schema\/logo\/image\/","url":"https:\/\/socialdesignmagazine.com\/mag\/wp-content\/uploads\/2017\/01\/logo_favicon_11.png","contentUrl":"https:\/\/socialdesignmagazine.com\/mag\/wp-content\/uploads\/2017\/01\/logo_favicon_11.png","width":1024,"height":1024,"caption":"Social Design Magazine"},"image":{"@id":"https:\/\/socialdesignmagazine.com\/mag\/#\/schema\/logo\/image\/"},"sameAs":["https:\/\/www.facebook.com\/socialdesignmag","https:\/\/x.com\/socialdesignmag","http:\/\/instagram.com\/social_design_magazine\/","http:\/\/pinterest.com\/socialdesignmag\/","http:\/\/www.youtube.com\/user\/socialdesignmagazine"]},{"@type":"Person","@id":"https:\/\/socialdesignmagazine.com\/mag\/#\/schema\/person\/2f0d6c004e2819dd154da12b087ab674","name":"Lorenzo Strona &amp; Partners","image":{"@type":"ImageObject","inLanguage":"it-IT","@id":"https:\/\/secure.gravatar.com\/avatar\/8108838cddcb2a3b6d98a95fbaa2b096769cf1d1f777d4848edbdc28ceafc598?s=96&d=mm&r=g","url":"https:\/\/secure.gravatar.com\/avatar\/8108838cddcb2a3b6d98a95fbaa2b096769cf1d1f777d4848edbdc28ceafc598?s=96&d=mm&r=g","contentUrl":"https:\/\/secure.gravatar.com\/avatar\/8108838cddcb2a3b6d98a95fbaa2b096769cf1d1f777d4848edbdc28ceafc598?s=96&d=mm&r=g","caption":"Lorenzo Strona &amp; Partners"},"sameAs":["http:\/\/www.lorenzostrona.com"],"url":"https:\/\/socialdesignmagazine.com\/mag\/author\/lsep\/"}]}},"jetpack_featured_media_url":"https:\/\/socialdesignmagazine.com\/mag\/wp-content\/uploads\/2018\/03\/Mapro-Pergola.jpg","jetpack_sharing_enabled":true,"jetpack_shortlink":"https:\/\/wp.me\/p6cV7V-8XY","gt_translate_keys":[{"key":"link","format":"url"}],"_links":{"self":[{"href":"https:\/\/socialdesignmagazine.com\/mag\/wp-json\/wp\/v2\/posts\/34470","targetHints":{"allow":["GET"]}}],"collection":[{"href":"https:\/\/socialdesignmagazine.com\/mag\/wp-json\/wp\/v2\/posts"}],"about":[{"href":"https:\/\/socialdesignmagazine.com\/mag\/wp-json\/wp\/v2\/types\/post"}],"author":[{"embeddable":true,"href":"https:\/\/socialdesignmagazine.com\/mag\/wp-json\/wp\/v2\/users\/156"}],"replies":[{"embeddable":true,"href":"https:\/\/socialdesignmagazine.com\/mag\/wp-json\/wp\/v2\/comments?post=34470"}],"version-history":[{"count":3,"href":"https:\/\/socialdesignmagazine.com\/mag\/wp-json\/wp\/v2\/posts\/34470\/revisions"}],"predecessor-version":[{"id":42429,"href":"https:\/\/socialdesignmagazine.com\/mag\/wp-json\/wp\/v2\/posts\/34470\/revisions\/42429"}],"wp:featuredmedia":[{"embeddable":true,"href":"https:\/\/socialdesignmagazine.com\/mag\/wp-json\/wp\/v2\/media\/34471"}],"wp:attachment":[{"href":"https:\/\/socialdesignmagazine.com\/mag\/wp-json\/wp\/v2\/media?parent=34470"}],"wp:term":[{"taxonomy":"category","embeddable":true,"href":"https:\/\/socialdesignmagazine.com\/mag\/wp-json\/wp\/v2\/categories?post=34470"},{"taxonomy":"post_tag","embeddable":true,"href":"https:\/\/socialdesignmagazine.com\/mag\/wp-json\/wp\/v2\/tags?post=34470"}],"curies":[{"name":"wp","href":"https:\/\/api.w.org\/{rel}","templated":true}]}}