{"id":34619,"date":"2018-04-06T14:50:13","date_gmt":"2018-04-06T12:50:13","guid":{"rendered":"https:\/\/socialdesignmagazine.com\/mag\/?p=34619"},"modified":"2018-04-06T14:43:34","modified_gmt":"2018-04-06T12:43:34","slug":"bienvenido-a-la-casa-colombia-ames-a-milano-in-occasione-del-salone-del-mobile-presenta-la-sua-nuova-collezione","status":"publish","type":"post","link":"https:\/\/socialdesignmagazine.com\/mag\/news\/architettura-news\/bienvenido-a-la-casa-colombia-ames-a-milano-in-occasione-del-salone-del-mobile-presenta-la-sua-nuova-collezione\/","title":{"rendered":"Bienvenido a \u201cLa Casa Colombia\u201d \u2013 ames a Milano, in occasione del Salone del Mobile, presenta la sua nuova collezione","gt_translate_keys":[{"key":"rendered","format":"text"}]},"content":{"rendered":"<p>Ames parteciper\u00e0 alla possima edizione del Salone del Mobile, che si terr\u00e0 a Milano dal 17 al 22 aprile 2018. Come alle fiere di Colonia e Parigi, ames presenter\u00e0 il suo nuovo stand \u201cLa Casa Colombia\u201d e metter\u00e0 cos\u00ec in scena i suoi prodotti in un\u2019atmosfera tutta particolare.<\/p>\n<p>Fonte d\u2019ispirazione del nuovo spazio espositivo \u00e8 stata la casa degli architetti \u201cLa Casa de las Aguas\u201d, situata nella citt\u00e0 di Honda in Colombia. Attraverso immagini e video di grande intensit\u00e0 espressiva di Andres Valbuena, viene inoltre illustrata la vita colombiana e vengono mostrati i diversi volti, tradizioni e stili di questo paese sudamericano. Oltre ad ampliare la serie di mobili CIRCO, ames introduce a Milano una gamma di prodotti completamente nuova: tavoli e cestini LA CHE.<\/p>\n<p>Tecnica tradizionale delle Ande: con la nuova collezione di mobili LA CHE, ames porta in Europa un pezzo speciale della cultura colombiana. I Laches erano una delle tante popolazioni indigene della Colombia che utilizzava una tecnica omonima per produrre cesti, ancora prima che gli Spagnoli colonizzassero gran parte del Sud America. Insieme al designer Sebastian Herkner, ames riprende queste tecnica tradizionale, tramandata di generazione in generazione a 2400 metri di altezza nella piccola provincia delle Ande, proponendo una linea di cesti e tavolini d\u2019appoggio.<br \/>\nCome materiale viene utilizzata la fibra fique, una fibra naturale ottenuta dalle foglie dell\u2019omonima pianta. La fibra di fique viene arrotolata a mano su una struttura di palma di un colore bianco naturale. Viene tinta principalmente con colori naturali, che vengono ricavati da noci, radici nonch\u00e9 dalla corteccia degli alberi locali. La serie LA CHE comprende attualmente tavolini d\u2019appoggio in tre differenti misure e un cesto. Gli oggetti sono disponibili in tre combinazioni di colori. Highlight: la sfumatura irregolare di LA CHE crea un design del tutto particolare.<\/p>\n<p>Accanto ai nuovi prodotti, ames presenta inoltre un nuovo ampliamento della variopinta famiglia di arredi CIRCO: le nuove fioriere, che hanno fatto la loro prima comparsa all\u2019IMM Cologne 2018, sono ora disponibili anche in una versione XL adatta per piante grandi, oltre alle tre dimensioni normali. La serie CIRCO comprende, anche una sedia da pranzo, una lounge chair e un tavolino d\u2019appoggio. Questa linea di arredi per esterni assolutamente non convenzionale \u00e8 disponibile in quattro sorprendenti colori e si presenta con una struttura in acciaio tubolare verniciato a polvere combinata a un intreccio in plastica riciclata. Dal 2018, le sedie CIRCO sono inoltre disponibili nella pregiata versione in pelle per interni. Ed infine, ames offre per le sedie CIRCO anche cuscini coordinati in differenti tessuti di Nya Nordiska che si prestano per ambienti indoor e outdoor.<\/p>\n<p>Oltre a LA CHE e CIRCO, ames presenta a Milano numerosi altri accessori per la casa, tutti realizzati a mano come da tradizione e nelle diverse regioni della Colombia. Anche la serie di mobili dai colori vivaci CARIBE far\u00e0 parte di \u201cLa Casa Colombia\u201d e infonder\u00e0 la gioia di vivere colombiana. Gli accoglienti cuscini della collezione NOBSA vi invitano a soffermarvi e rilassarvi, offrendovi cos\u00ec una piccola pausa nella frenesia della fiera di Milano.<\/p>\n<p><a href=\"https:\/\/socialdesignmagazine.com\/mag\/?attachment_id=34623#content\" rel=\"attachment wp-att-34623\"><img loading=\"lazy\" decoding=\"async\" data-attachment-id=\"34623\" data-permalink=\"https:\/\/socialdesignmagazine.com\/mag\/news\/architettura-news\/bienvenido-a-la-casa-colombia-ames-a-milano-in-occasione-del-salone-del-mobile-presenta-la-sua-nuova-collezione\/attachment\/flower-pot-4-xl-purple-carne-001-copia-2-jpg\/#content\" data-orig-file=\"https:\/\/socialdesignmagazine.com\/mag\/wp-content\/uploads\/2018\/04\/Flower Pot 4 XL purple carne 001 copia-2.jpg\" data-orig-size=\"1000,1031\" data-comments-opened=\"1\" data-image-meta=\"{&quot;aperture&quot;:&quot;0&quot;,&quot;credit&quot;:&quot;&quot;,&quot;camera&quot;:&quot;&quot;,&quot;caption&quot;:&quot;&quot;,&quot;created_timestamp&quot;:&quot;0&quot;,&quot;copyright&quot;:&quot;&quot;,&quot;focal_length&quot;:&quot;0&quot;,&quot;iso&quot;:&quot;0&quot;,&quot;shutter_speed&quot;:&quot;0&quot;,&quot;title&quot;:&quot;&quot;,&quot;orientation&quot;:&quot;0&quot;}\" data-image-title=\"Flower Pot 4 XL purple carne 001 copia-2.jpg\" data-image-description=\"\" data-image-caption=\"\" data-medium-file=\"https:\/\/socialdesignmagazine.com\/mag\/wp-content\/uploads\/2018\/04\/Flower Pot 4 XL purple carne 001 copia-2-438x283.jpg\" data-large-file=\"https:\/\/socialdesignmagazine.com\/mag\/wp-content\/uploads\/2018\/04\/Flower Pot 4 XL purple carne 001 copia-2.jpg\" class=\"alignnone size-full wp-image-34623\" src=\"https:\/\/socialdesignmagazine.com\/mag\/wp-content\/uploads\/2018\/04\/Flower Pot 4 XL purple carne 001 copia-2.jpg\" alt=\"\" width=\"1000\" height=\"1031\" srcset=\"https:\/\/socialdesignmagazine.com\/mag\/wp-content\/uploads\/2018\/04\/Flower%20Pot%204%20XL%20purple%20carne%20001%20copia-2.jpg 1000w, https:\/\/socialdesignmagazine.com\/mag\/wp-content\/uploads\/2018\/04\/Flower%20Pot%204%20XL%20purple%20carne%20001%20copia-2-768x792.jpg 768w\" sizes=\"auto, (max-width: 1000px) 100vw, 1000px\" \/><\/a><\/p>\n<p><a href=\"https:\/\/socialdesignmagazine.com\/mag\/?attachment_id=34621#content\" rel=\"attachment wp-att-34621\"><img loading=\"lazy\" decoding=\"async\" data-attachment-id=\"34621\" data-permalink=\"https:\/\/socialdesignmagazine.com\/mag\/news\/architettura-news\/bienvenido-a-la-casa-colombia-ames-a-milano-in-occasione-del-salone-del-mobile-presenta-la-sua-nuova-collezione\/attachment\/la-che-cobre-001-copia-0-jpg\/#content\" data-orig-file=\"https:\/\/socialdesignmagazine.com\/mag\/wp-content\/uploads\/2018\/04\/LA CHE cobre 001 copia-0.jpg\" data-orig-size=\"1000,1015\" data-comments-opened=\"1\" data-image-meta=\"{&quot;aperture&quot;:&quot;0&quot;,&quot;credit&quot;:&quot;&quot;,&quot;camera&quot;:&quot;&quot;,&quot;caption&quot;:&quot;&quot;,&quot;created_timestamp&quot;:&quot;0&quot;,&quot;copyright&quot;:&quot;&quot;,&quot;focal_length&quot;:&quot;0&quot;,&quot;iso&quot;:&quot;0&quot;,&quot;shutter_speed&quot;:&quot;0&quot;,&quot;title&quot;:&quot;&quot;,&quot;orientation&quot;:&quot;0&quot;}\" data-image-title=\"LA CHE cobre 001 copia-0.jpg\" data-image-description=\"\" data-image-caption=\"\" data-medium-file=\"https:\/\/socialdesignmagazine.com\/mag\/wp-content\/uploads\/2018\/04\/LA CHE cobre 001 copia-0-438x283.jpg\" data-large-file=\"https:\/\/socialdesignmagazine.com\/mag\/wp-content\/uploads\/2018\/04\/LA CHE cobre 001 copia-0.jpg\" class=\"alignnone size-full wp-image-34621\" src=\"https:\/\/socialdesignmagazine.com\/mag\/wp-content\/uploads\/2018\/04\/LA CHE cobre 001 copia-0.jpg\" alt=\"\" width=\"1000\" height=\"1015\" srcset=\"https:\/\/socialdesignmagazine.com\/mag\/wp-content\/uploads\/2018\/04\/LA%20CHE%20cobre%20001%20copia-0.jpg 1000w, https:\/\/socialdesignmagazine.com\/mag\/wp-content\/uploads\/2018\/04\/LA%20CHE%20cobre%20001%20copia-0-768x780.jpg 768w, https:\/\/socialdesignmagazine.com\/mag\/wp-content\/uploads\/2018\/04\/LA%20CHE%20cobre%20001%20copia-0-65x65.jpg 65w\" sizes=\"auto, (max-width: 1000px) 100vw, 1000px\" \/><\/a><\/p>\n<p><a href=\"https:\/\/socialdesignmagazine.com\/mag\/?attachment_id=34622#content\" rel=\"attachment wp-att-34622\"><img loading=\"lazy\" decoding=\"async\" data-attachment-id=\"34622\" data-permalink=\"https:\/\/socialdesignmagazine.com\/mag\/news\/architettura-news\/bienvenido-a-la-casa-colombia-ames-a-milano-in-occasione-del-salone-del-mobile-presenta-la-sua-nuova-collezione\/attachment\/la-che-verde-001-copia-1-jpg\/#content\" data-orig-file=\"https:\/\/socialdesignmagazine.com\/mag\/wp-content\/uploads\/2018\/04\/LA CHE verde 001 copia-1.jpg\" data-orig-size=\"1000,1226\" data-comments-opened=\"1\" data-image-meta=\"{&quot;aperture&quot;:&quot;0&quot;,&quot;credit&quot;:&quot;&quot;,&quot;camera&quot;:&quot;&quot;,&quot;caption&quot;:&quot;&quot;,&quot;created_timestamp&quot;:&quot;0&quot;,&quot;copyright&quot;:&quot;&quot;,&quot;focal_length&quot;:&quot;0&quot;,&quot;iso&quot;:&quot;0&quot;,&quot;shutter_speed&quot;:&quot;0&quot;,&quot;title&quot;:&quot;&quot;,&quot;orientation&quot;:&quot;0&quot;}\" data-image-title=\"LA CHE verde 001 copia-1.jpg\" data-image-description=\"\" data-image-caption=\"\" data-medium-file=\"https:\/\/socialdesignmagazine.com\/mag\/wp-content\/uploads\/2018\/04\/LA CHE verde 001 copia-1-438x283.jpg\" data-large-file=\"https:\/\/socialdesignmagazine.com\/mag\/wp-content\/uploads\/2018\/04\/LA CHE verde 001 copia-1.jpg\" class=\"alignnone size-full wp-image-34622\" src=\"https:\/\/socialdesignmagazine.com\/mag\/wp-content\/uploads\/2018\/04\/LA CHE verde 001 copia-1.jpg\" alt=\"\" width=\"1000\" height=\"1226\" srcset=\"https:\/\/socialdesignmagazine.com\/mag\/wp-content\/uploads\/2018\/04\/LA%20CHE%20verde%20001%20copia-1.jpg 1000w, https:\/\/socialdesignmagazine.com\/mag\/wp-content\/uploads\/2018\/04\/LA%20CHE%20verde%20001%20copia-1-768x942.jpg 768w\" sizes=\"auto, (max-width: 1000px) 100vw, 1000px\" \/><\/a><a href=\"https:\/\/socialdesignmagazine.com\/mag\/?attachment_id=34624#content\" rel=\"attachment wp-att-34624\"><img loading=\"lazy\" decoding=\"async\" data-attachment-id=\"34624\" data-permalink=\"https:\/\/socialdesignmagazine.com\/mag\/news\/architettura-news\/bienvenido-a-la-casa-colombia-ames-a-milano-in-occasione-del-salone-del-mobile-presenta-la-sua-nuova-collezione\/attachment\/circo-flower-pot-family-d-copia-3-jpg\/#content\" data-orig-file=\"https:\/\/socialdesignmagazine.com\/mag\/wp-content\/uploads\/2018\/04\/Circo Flower Pot Family D copia-3.jpg\" data-orig-size=\"1000,667\" data-comments-opened=\"1\" data-image-meta=\"{&quot;aperture&quot;:&quot;0&quot;,&quot;credit&quot;:&quot;&quot;,&quot;camera&quot;:&quot;&quot;,&quot;caption&quot;:&quot;&quot;,&quot;created_timestamp&quot;:&quot;0&quot;,&quot;copyright&quot;:&quot;&quot;,&quot;focal_length&quot;:&quot;0&quot;,&quot;iso&quot;:&quot;0&quot;,&quot;shutter_speed&quot;:&quot;0&quot;,&quot;title&quot;:&quot;&quot;,&quot;orientation&quot;:&quot;0&quot;}\" data-image-title=\"Circo Flower Pot Family D copia-3.jpg\" data-image-description=\"\" data-image-caption=\"\" data-medium-file=\"https:\/\/socialdesignmagazine.com\/mag\/wp-content\/uploads\/2018\/04\/Circo Flower Pot Family D copia-3-438x283.jpg\" data-large-file=\"https:\/\/socialdesignmagazine.com\/mag\/wp-content\/uploads\/2018\/04\/Circo Flower Pot Family D copia-3.jpg\" class=\"alignnone size-full wp-image-34624\" src=\"https:\/\/socialdesignmagazine.com\/mag\/wp-content\/uploads\/2018\/04\/Circo Flower Pot Family D copia-3.jpg\" alt=\"\" width=\"1000\" height=\"667\" srcset=\"https:\/\/socialdesignmagazine.com\/mag\/wp-content\/uploads\/2018\/04\/Circo%20Flower%20Pot%20Family%20D%20copia-3.jpg 1000w, https:\/\/socialdesignmagazine.com\/mag\/wp-content\/uploads\/2018\/04\/Circo%20Flower%20Pot%20Family%20D%20copia-3-100x66.jpg 100w, https:\/\/socialdesignmagazine.com\/mag\/wp-content\/uploads\/2018\/04\/Circo%20Flower%20Pot%20Family%20D%20copia-3-768x512.jpg 768w\" sizes=\"auto, (max-width: 1000px) 100vw, 1000px\" \/><\/a><\/p>\n<p><a rel=\"nofollow\" href=\"http:\/\/www.amesliving.de\">www.amesliving.de<\/a><\/p>\n","protected":false,"gt_translate_keys":[{"key":"rendered","format":"html"}]},"excerpt":{"rendered":"<p>Ames parteciper\u00e0 alla possima edizione del Salone del Mobile, che si terr\u00e0 a Milano dal 17 al 22 aprile 2018. Come alle fiere di Colonia e Parigi, ames presenter\u00e0 il suo nuovo stand \u201cLa Casa Colombia\u201d e metter\u00e0 cos\u00ec in scena i suoi prodotti in un\u2019atmosfera tutta particolare.<\/p>\n","protected":false,"gt_translate_keys":[{"key":"rendered","format":"html"}]},"author":654,"featured_media":34624,"comment_status":"open","ping_status":"open","sticky":false,"template":"","format":"standard","meta":{"jetpack_post_was_ever_published":false,"_jetpack_newsletter_access":"","_jetpack_dont_email_post_to_subs":false,"_jetpack_newsletter_tier_id":0,"_jetpack_memberships_contains_paywalled_content":false,"_jetpack_memberships_contains_paid_content":false,"footnotes":"","_wpscppro_dont_share_socialmedia":false,"_wpscppro_custom_social_share_image":0,"_facebook_share_type":"","_twitter_share_type":"","_linkedin_share_type":"","_pinterest_share_type":"","_linkedin_share_type_page":"","_instagram_share_type":"","_medium_share_type":"","_threads_share_type":"","_google_business_share_type":"","_selected_social_profile":[],"_wpsp_enable_custom_social_template":false,"_wpsp_social_scheduling":{"enabled":false,"datetime":null,"platforms":[],"status":"template_only","dateOption":"today","timeOption":"now","customDays":"","customHours":"","customDate":"","customTime":"","schedulingType":"absolute"},"_wpsp_active_default_template":true},"categories":[22],"tags":[279,5455,5439,5369],"class_list":["post-34619","post","type-post","status-publish","format-standard","has-post-thumbnail","hentry","category-architettura-news","tag-arredo","tag-artigianalita","tag-milano-design-week-2018","tag-salone-del-mobile-2018"],"yoast_head":"<!-- This site is optimized with the Yoast SEO plugin v27.2 - https:\/\/yoast.com\/product\/yoast-seo-wordpress\/ -->\n<title>Bienvenido a \u201cLa Casa Colombia\u201d \u2013 ames a Milano, in occasione del Salone del Mobile, presenta la sua nuova collezione - Social Design Magazine<\/title>\n<meta name=\"description\" content=\"Ames parteciper\u00e0 alla possima edizione del Salone del Mobile, che si terr\u00e0 a Milano dal 17 al 22 aprile 2018. Come alle fiere di Colonia e Parigi, ames presenter\u00e0 il suo nuovo stand \u201cLa Casa Colombia\u201d e metter\u00e0 cos\u00ec in scena i suoi prodotti in un\u2019atmosfera tutta particolare.\" \/>\n<meta name=\"robots\" content=\"index, follow, max-snippet:-1, max-image-preview:large, max-video-preview:-1\" \/>\n<link rel=\"canonical\" href=\"https:\/\/socialdesignmagazine.com\/mag\/news\/architettura-news\/bienvenido-a-la-casa-colombia-ames-a-milano-in-occasione-del-salone-del-mobile-presenta-la-sua-nuova-collezione\/\" \/>\n<meta property=\"og:locale\" content=\"it_IT\" \/>\n<meta property=\"og:type\" content=\"article\" \/>\n<meta property=\"og:title\" content=\"Bienvenido a \u201cLa Casa Colombia\u201d \u2013 ames a Milano, in occasione del Salone del Mobile, presenta la sua nuova collezione - Social Design Magazine\" \/>\n<meta property=\"og:description\" content=\"Ames parteciper\u00e0 alla possima edizione del Salone del Mobile, che si terr\u00e0 a Milano dal 17 al 22 aprile 2018. Come alle fiere di Colonia e Parigi, ames presenter\u00e0 il suo nuovo stand \u201cLa Casa Colombia\u201d e metter\u00e0 cos\u00ec in scena i suoi prodotti in un\u2019atmosfera tutta particolare.\" \/>\n<meta property=\"og:url\" content=\"https:\/\/socialdesignmagazine.com\/mag\/news\/architettura-news\/bienvenido-a-la-casa-colombia-ames-a-milano-in-occasione-del-salone-del-mobile-presenta-la-sua-nuova-collezione\/\" \/>\n<meta property=\"og:site_name\" content=\"Social Design Magazine\" \/>\n<meta property=\"article:publisher\" content=\"https:\/\/www.facebook.com\/socialdesignmag\" \/>\n<meta property=\"article:published_time\" content=\"2018-04-06T12:50:13+00:00\" \/>\n<meta property=\"og:image\" content=\"https:\/\/socialdesignmagazine.com\/mag\/wp-content\/uploads\/2018\/04\/Circo%20Flower%20Pot%20Family%20D%20copia-3.jpg\" \/>\n\t<meta property=\"og:image:width\" content=\"1000\" \/>\n\t<meta property=\"og:image:height\" content=\"667\" \/>\n\t<meta property=\"og:image:type\" content=\"image\/jpeg\" \/>\n<meta name=\"author\" content=\"Elena Brunati\" \/>\n<meta name=\"twitter:card\" content=\"summary_large_image\" \/>\n<meta name=\"twitter:creator\" content=\"@socialdesignmag\" \/>\n<meta name=\"twitter:site\" content=\"@socialdesignmag\" \/>\n<meta name=\"twitter:label1\" content=\"Scritto da\" \/>\n\t<meta name=\"twitter:data1\" content=\"Elena Brunati\" \/>\n\t<meta name=\"twitter:label2\" content=\"Tempo di lettura stimato\" \/>\n\t<meta name=\"twitter:data2\" content=\"3 minuti\" \/>\n<script type=\"application\/ld+json\" class=\"yoast-schema-graph\">{\"@context\":\"https:\/\/schema.org\",\"@graph\":[{\"@type\":\"Article\",\"@id\":\"https:\/\/socialdesignmagazine.com\/mag\/news\/architettura-news\/bienvenido-a-la-casa-colombia-ames-a-milano-in-occasione-del-salone-del-mobile-presenta-la-sua-nuova-collezione\/#article\",\"isPartOf\":{\"@id\":\"https:\/\/socialdesignmagazine.com\/mag\/news\/architettura-news\/bienvenido-a-la-casa-colombia-ames-a-milano-in-occasione-del-salone-del-mobile-presenta-la-sua-nuova-collezione\/\"},\"author\":{\"name\":\"Elena Brunati\",\"@id\":\"https:\/\/socialdesignmagazine.com\/mag\/#\/schema\/person\/eb22f52741c22fb852020efd1760d1f7\"},\"headline\":\"Bienvenido a \u201cLa Casa Colombia\u201d \u2013 ames a Milano, in occasione del Salone del Mobile, presenta la sua nuova collezione\",\"datePublished\":\"2018-04-06T12:50:13+00:00\",\"mainEntityOfPage\":{\"@id\":\"https:\/\/socialdesignmagazine.com\/mag\/news\/architettura-news\/bienvenido-a-la-casa-colombia-ames-a-milano-in-occasione-del-salone-del-mobile-presenta-la-sua-nuova-collezione\/\"},\"wordCount\":528,\"commentCount\":0,\"publisher\":{\"@id\":\"https:\/\/socialdesignmagazine.com\/mag\/#organization\"},\"image\":{\"@id\":\"https:\/\/socialdesignmagazine.com\/mag\/news\/architettura-news\/bienvenido-a-la-casa-colombia-ames-a-milano-in-occasione-del-salone-del-mobile-presenta-la-sua-nuova-collezione\/#primaryimage\"},\"thumbnailUrl\":\"https:\/\/socialdesignmagazine.com\/mag\/wp-content\/uploads\/2018\/04\/Circo Flower Pot Family D copia-3.jpg\",\"keywords\":[\"arredo\",\"artigianalit\u00e0\",\"milano design week 2018\",\"salone del mobile 2018\"],\"articleSection\":[\"Architettura News\"],\"inLanguage\":\"it-IT\",\"potentialAction\":[{\"@type\":\"CommentAction\",\"name\":\"Comment\",\"target\":[\"https:\/\/socialdesignmagazine.com\/mag\/news\/architettura-news\/bienvenido-a-la-casa-colombia-ames-a-milano-in-occasione-del-salone-del-mobile-presenta-la-sua-nuova-collezione\/#respond\"]}]},{\"@type\":\"WebPage\",\"@id\":\"https:\/\/socialdesignmagazine.com\/mag\/news\/architettura-news\/bienvenido-a-la-casa-colombia-ames-a-milano-in-occasione-del-salone-del-mobile-presenta-la-sua-nuova-collezione\/\",\"url\":\"https:\/\/socialdesignmagazine.com\/mag\/news\/architettura-news\/bienvenido-a-la-casa-colombia-ames-a-milano-in-occasione-del-salone-del-mobile-presenta-la-sua-nuova-collezione\/\",\"name\":\"Bienvenido a \u201cLa Casa Colombia\u201d \u2013 ames a Milano, in occasione del Salone del Mobile, presenta la sua nuova collezione - Social Design Magazine\",\"isPartOf\":{\"@id\":\"https:\/\/socialdesignmagazine.com\/mag\/#website\"},\"primaryImageOfPage\":{\"@id\":\"https:\/\/socialdesignmagazine.com\/mag\/news\/architettura-news\/bienvenido-a-la-casa-colombia-ames-a-milano-in-occasione-del-salone-del-mobile-presenta-la-sua-nuova-collezione\/#primaryimage\"},\"image\":{\"@id\":\"https:\/\/socialdesignmagazine.com\/mag\/news\/architettura-news\/bienvenido-a-la-casa-colombia-ames-a-milano-in-occasione-del-salone-del-mobile-presenta-la-sua-nuova-collezione\/#primaryimage\"},\"thumbnailUrl\":\"https:\/\/socialdesignmagazine.com\/mag\/wp-content\/uploads\/2018\/04\/Circo Flower Pot Family D copia-3.jpg\",\"datePublished\":\"2018-04-06T12:50:13+00:00\",\"description\":\"Ames parteciper\u00e0 alla possima edizione del Salone del Mobile, che si terr\u00e0 a Milano dal 17 al 22 aprile 2018. Come alle fiere di Colonia e Parigi, ames presenter\u00e0 il suo nuovo stand \u201cLa Casa Colombia\u201d e metter\u00e0 cos\u00ec in scena i suoi prodotti in un\u2019atmosfera tutta particolare.\",\"breadcrumb\":{\"@id\":\"https:\/\/socialdesignmagazine.com\/mag\/news\/architettura-news\/bienvenido-a-la-casa-colombia-ames-a-milano-in-occasione-del-salone-del-mobile-presenta-la-sua-nuova-collezione\/#breadcrumb\"},\"inLanguage\":\"it-IT\",\"potentialAction\":[{\"@type\":\"ReadAction\",\"target\":[\"https:\/\/socialdesignmagazine.com\/mag\/news\/architettura-news\/bienvenido-a-la-casa-colombia-ames-a-milano-in-occasione-del-salone-del-mobile-presenta-la-sua-nuova-collezione\/\"]}]},{\"@type\":\"ImageObject\",\"inLanguage\":\"it-IT\",\"@id\":\"https:\/\/socialdesignmagazine.com\/mag\/news\/architettura-news\/bienvenido-a-la-casa-colombia-ames-a-milano-in-occasione-del-salone-del-mobile-presenta-la-sua-nuova-collezione\/#primaryimage\",\"url\":\"https:\/\/socialdesignmagazine.com\/mag\/wp-content\/uploads\/2018\/04\/Circo Flower Pot Family D copia-3.jpg\",\"contentUrl\":\"https:\/\/socialdesignmagazine.com\/mag\/wp-content\/uploads\/2018\/04\/Circo Flower Pot Family D copia-3.jpg\",\"width\":1000,\"height\":667},{\"@type\":\"BreadcrumbList\",\"@id\":\"https:\/\/socialdesignmagazine.com\/mag\/news\/architettura-news\/bienvenido-a-la-casa-colombia-ames-a-milano-in-occasione-del-salone-del-mobile-presenta-la-sua-nuova-collezione\/#breadcrumb\",\"itemListElement\":[{\"@type\":\"ListItem\",\"position\":1,\"name\":\"Home\",\"item\":\"https:\/\/socialdesignmagazine.com\/mag\/\"},{\"@type\":\"ListItem\",\"position\":2,\"name\":\"News\",\"item\":\"https:\/\/socialdesignmagazine.com\/mag\/news\/\"},{\"@type\":\"ListItem\",\"position\":3,\"name\":\"Architettura News\",\"item\":\"https:\/\/socialdesignmagazine.com\/mag\/news\/architettura-news\/\"},{\"@type\":\"ListItem\",\"position\":4,\"name\":\"Bienvenido a \u201cLa Casa Colombia\u201d \u2013 ames a Milano, in occasione del Salone del Mobile, presenta la sua nuova collezione\"}]},{\"@type\":\"WebSite\",\"@id\":\"https:\/\/socialdesignmagazine.com\/mag\/#website\",\"url\":\"https:\/\/socialdesignmagazine.com\/mag\/\",\"name\":\"Social Design Magazine\",\"description\":\"Social Magazine su Design, Architettura, Arte, Grafica\",\"publisher\":{\"@id\":\"https:\/\/socialdesignmagazine.com\/mag\/#organization\"},\"potentialAction\":[{\"@type\":\"SearchAction\",\"target\":{\"@type\":\"EntryPoint\",\"urlTemplate\":\"https:\/\/socialdesignmagazine.com\/mag\/?s={search_term_string}\"},\"query-input\":{\"@type\":\"PropertyValueSpecification\",\"valueRequired\":true,\"valueName\":\"search_term_string\"}}],\"inLanguage\":\"it-IT\"},{\"@type\":\"Organization\",\"@id\":\"https:\/\/socialdesignmagazine.com\/mag\/#organization\",\"name\":\"Social Design Magazine\",\"url\":\"https:\/\/socialdesignmagazine.com\/mag\/\",\"logo\":{\"@type\":\"ImageObject\",\"inLanguage\":\"it-IT\",\"@id\":\"https:\/\/socialdesignmagazine.com\/mag\/#\/schema\/logo\/image\/\",\"url\":\"https:\/\/socialdesignmagazine.com\/mag\/wp-content\/uploads\/2017\/01\/logo_favicon_11.png\",\"contentUrl\":\"https:\/\/socialdesignmagazine.com\/mag\/wp-content\/uploads\/2017\/01\/logo_favicon_11.png\",\"width\":1024,\"height\":1024,\"caption\":\"Social Design Magazine\"},\"image\":{\"@id\":\"https:\/\/socialdesignmagazine.com\/mag\/#\/schema\/logo\/image\/\"},\"sameAs\":[\"https:\/\/www.facebook.com\/socialdesignmag\",\"https:\/\/x.com\/socialdesignmag\",\"http:\/\/instagram.com\/social_design_magazine\/\",\"http:\/\/pinterest.com\/socialdesignmag\/\",\"http:\/\/www.youtube.com\/user\/socialdesignmagazine\"]},{\"@type\":\"Person\",\"@id\":\"https:\/\/socialdesignmagazine.com\/mag\/#\/schema\/person\/eb22f52741c22fb852020efd1760d1f7\",\"name\":\"Elena Brunati\",\"image\":{\"@type\":\"ImageObject\",\"inLanguage\":\"it-IT\",\"@id\":\"https:\/\/secure.gravatar.com\/avatar\/656d8931d05b4e4fc733167095b6292af4cfd4bedef1323d0300e2e569323b50?s=96&d=mm&r=g\",\"url\":\"https:\/\/secure.gravatar.com\/avatar\/656d8931d05b4e4fc733167095b6292af4cfd4bedef1323d0300e2e569323b50?s=96&d=mm&r=g\",\"contentUrl\":\"https:\/\/secure.gravatar.com\/avatar\/656d8931d05b4e4fc733167095b6292af4cfd4bedef1323d0300e2e569323b50?s=96&d=mm&r=g\",\"caption\":\"Elena Brunati\"},\"url\":\"https:\/\/socialdesignmagazine.com\/mag\/author\/elena-brunati\/\"}]}<\/script>\n<!-- \/ Yoast SEO plugin. -->","yoast_head_json":{"title":"Bienvenido a \u201cLa Casa Colombia\u201d \u2013 ames a Milano, in occasione del Salone del Mobile, presenta la sua nuova collezione - Social Design Magazine","description":"Ames parteciper\u00e0 alla possima edizione del Salone del Mobile, che si terr\u00e0 a Milano dal 17 al 22 aprile 2018. Come alle fiere di Colonia e Parigi, ames presenter\u00e0 il suo nuovo stand \u201cLa Casa Colombia\u201d e metter\u00e0 cos\u00ec in scena i suoi prodotti in un\u2019atmosfera tutta particolare.","robots":{"index":"index","follow":"follow","max-snippet":"max-snippet:-1","max-image-preview":"max-image-preview:large","max-video-preview":"max-video-preview:-1"},"canonical":"https:\/\/socialdesignmagazine.com\/mag\/news\/architettura-news\/bienvenido-a-la-casa-colombia-ames-a-milano-in-occasione-del-salone-del-mobile-presenta-la-sua-nuova-collezione\/","og_locale":"it_IT","og_type":"article","og_title":"Bienvenido a \u201cLa Casa Colombia\u201d \u2013 ames a Milano, in occasione del Salone del Mobile, presenta la sua nuova collezione - Social Design Magazine","og_description":"Ames parteciper\u00e0 alla possima edizione del Salone del Mobile, che si terr\u00e0 a Milano dal 17 al 22 aprile 2018. Come alle fiere di Colonia e Parigi, ames presenter\u00e0 il suo nuovo stand \u201cLa Casa Colombia\u201d e metter\u00e0 cos\u00ec in scena i suoi prodotti in un\u2019atmosfera tutta particolare.","og_url":"https:\/\/socialdesignmagazine.com\/mag\/news\/architettura-news\/bienvenido-a-la-casa-colombia-ames-a-milano-in-occasione-del-salone-del-mobile-presenta-la-sua-nuova-collezione\/","og_site_name":"Social Design Magazine","article_publisher":"https:\/\/www.facebook.com\/socialdesignmag","article_published_time":"2018-04-06T12:50:13+00:00","og_image":[{"width":1000,"height":667,"url":"https:\/\/socialdesignmagazine.com\/mag\/wp-content\/uploads\/2018\/04\/Circo Flower Pot Family D copia-3.jpg","type":"image\/jpeg"}],"author":"Elena Brunati","twitter_card":"summary_large_image","twitter_creator":"@socialdesignmag","twitter_site":"@socialdesignmag","twitter_misc":{"Scritto da":"Elena Brunati","Tempo di lettura stimato":"3 minuti"},"schema":{"@context":"https:\/\/schema.org","@graph":[{"@type":"Article","@id":"https:\/\/socialdesignmagazine.com\/mag\/news\/architettura-news\/bienvenido-a-la-casa-colombia-ames-a-milano-in-occasione-del-salone-del-mobile-presenta-la-sua-nuova-collezione\/#article","isPartOf":{"@id":"https:\/\/socialdesignmagazine.com\/mag\/news\/architettura-news\/bienvenido-a-la-casa-colombia-ames-a-milano-in-occasione-del-salone-del-mobile-presenta-la-sua-nuova-collezione\/"},"author":{"name":"Elena Brunati","@id":"https:\/\/socialdesignmagazine.com\/mag\/#\/schema\/person\/eb22f52741c22fb852020efd1760d1f7"},"headline":"Bienvenido a \u201cLa Casa Colombia\u201d \u2013 ames a Milano, in occasione del Salone del Mobile, presenta la sua nuova collezione","datePublished":"2018-04-06T12:50:13+00:00","mainEntityOfPage":{"@id":"https:\/\/socialdesignmagazine.com\/mag\/news\/architettura-news\/bienvenido-a-la-casa-colombia-ames-a-milano-in-occasione-del-salone-del-mobile-presenta-la-sua-nuova-collezione\/"},"wordCount":528,"commentCount":0,"publisher":{"@id":"https:\/\/socialdesignmagazine.com\/mag\/#organization"},"image":{"@id":"https:\/\/socialdesignmagazine.com\/mag\/news\/architettura-news\/bienvenido-a-la-casa-colombia-ames-a-milano-in-occasione-del-salone-del-mobile-presenta-la-sua-nuova-collezione\/#primaryimage"},"thumbnailUrl":"https:\/\/socialdesignmagazine.com\/mag\/wp-content\/uploads\/2018\/04\/Circo Flower Pot Family D copia-3.jpg","keywords":["arredo","artigianalit\u00e0","milano design week 2018","salone del mobile 2018"],"articleSection":["Architettura News"],"inLanguage":"it-IT","potentialAction":[{"@type":"CommentAction","name":"Comment","target":["https:\/\/socialdesignmagazine.com\/mag\/news\/architettura-news\/bienvenido-a-la-casa-colombia-ames-a-milano-in-occasione-del-salone-del-mobile-presenta-la-sua-nuova-collezione\/#respond"]}]},{"@type":"WebPage","@id":"https:\/\/socialdesignmagazine.com\/mag\/news\/architettura-news\/bienvenido-a-la-casa-colombia-ames-a-milano-in-occasione-del-salone-del-mobile-presenta-la-sua-nuova-collezione\/","url":"https:\/\/socialdesignmagazine.com\/mag\/news\/architettura-news\/bienvenido-a-la-casa-colombia-ames-a-milano-in-occasione-del-salone-del-mobile-presenta-la-sua-nuova-collezione\/","name":"Bienvenido a \u201cLa Casa Colombia\u201d \u2013 ames a Milano, in occasione del Salone del Mobile, presenta la sua nuova collezione - Social Design Magazine","isPartOf":{"@id":"https:\/\/socialdesignmagazine.com\/mag\/#website"},"primaryImageOfPage":{"@id":"https:\/\/socialdesignmagazine.com\/mag\/news\/architettura-news\/bienvenido-a-la-casa-colombia-ames-a-milano-in-occasione-del-salone-del-mobile-presenta-la-sua-nuova-collezione\/#primaryimage"},"image":{"@id":"https:\/\/socialdesignmagazine.com\/mag\/news\/architettura-news\/bienvenido-a-la-casa-colombia-ames-a-milano-in-occasione-del-salone-del-mobile-presenta-la-sua-nuova-collezione\/#primaryimage"},"thumbnailUrl":"https:\/\/socialdesignmagazine.com\/mag\/wp-content\/uploads\/2018\/04\/Circo Flower Pot Family D copia-3.jpg","datePublished":"2018-04-06T12:50:13+00:00","description":"Ames parteciper\u00e0 alla possima edizione del Salone del Mobile, che si terr\u00e0 a Milano dal 17 al 22 aprile 2018. Come alle fiere di Colonia e Parigi, ames presenter\u00e0 il suo nuovo stand \u201cLa Casa Colombia\u201d e metter\u00e0 cos\u00ec in scena i suoi prodotti in un\u2019atmosfera tutta particolare.","breadcrumb":{"@id":"https:\/\/socialdesignmagazine.com\/mag\/news\/architettura-news\/bienvenido-a-la-casa-colombia-ames-a-milano-in-occasione-del-salone-del-mobile-presenta-la-sua-nuova-collezione\/#breadcrumb"},"inLanguage":"it-IT","potentialAction":[{"@type":"ReadAction","target":["https:\/\/socialdesignmagazine.com\/mag\/news\/architettura-news\/bienvenido-a-la-casa-colombia-ames-a-milano-in-occasione-del-salone-del-mobile-presenta-la-sua-nuova-collezione\/"]}]},{"@type":"ImageObject","inLanguage":"it-IT","@id":"https:\/\/socialdesignmagazine.com\/mag\/news\/architettura-news\/bienvenido-a-la-casa-colombia-ames-a-milano-in-occasione-del-salone-del-mobile-presenta-la-sua-nuova-collezione\/#primaryimage","url":"https:\/\/socialdesignmagazine.com\/mag\/wp-content\/uploads\/2018\/04\/Circo Flower Pot Family D copia-3.jpg","contentUrl":"https:\/\/socialdesignmagazine.com\/mag\/wp-content\/uploads\/2018\/04\/Circo Flower Pot Family D copia-3.jpg","width":1000,"height":667},{"@type":"BreadcrumbList","@id":"https:\/\/socialdesignmagazine.com\/mag\/news\/architettura-news\/bienvenido-a-la-casa-colombia-ames-a-milano-in-occasione-del-salone-del-mobile-presenta-la-sua-nuova-collezione\/#breadcrumb","itemListElement":[{"@type":"ListItem","position":1,"name":"Home","item":"https:\/\/socialdesignmagazine.com\/mag\/"},{"@type":"ListItem","position":2,"name":"News","item":"https:\/\/socialdesignmagazine.com\/mag\/news\/"},{"@type":"ListItem","position":3,"name":"Architettura News","item":"https:\/\/socialdesignmagazine.com\/mag\/news\/architettura-news\/"},{"@type":"ListItem","position":4,"name":"Bienvenido a \u201cLa Casa Colombia\u201d \u2013 ames a Milano, in occasione del Salone del Mobile, presenta la sua nuova collezione"}]},{"@type":"WebSite","@id":"https:\/\/socialdesignmagazine.com\/mag\/#website","url":"https:\/\/socialdesignmagazine.com\/mag\/","name":"Social Design Magazine","description":"Social Magazine su Design, Architettura, Arte, Grafica","publisher":{"@id":"https:\/\/socialdesignmagazine.com\/mag\/#organization"},"potentialAction":[{"@type":"SearchAction","target":{"@type":"EntryPoint","urlTemplate":"https:\/\/socialdesignmagazine.com\/mag\/?s={search_term_string}"},"query-input":{"@type":"PropertyValueSpecification","valueRequired":true,"valueName":"search_term_string"}}],"inLanguage":"it-IT"},{"@type":"Organization","@id":"https:\/\/socialdesignmagazine.com\/mag\/#organization","name":"Social Design Magazine","url":"https:\/\/socialdesignmagazine.com\/mag\/","logo":{"@type":"ImageObject","inLanguage":"it-IT","@id":"https:\/\/socialdesignmagazine.com\/mag\/#\/schema\/logo\/image\/","url":"https:\/\/socialdesignmagazine.com\/mag\/wp-content\/uploads\/2017\/01\/logo_favicon_11.png","contentUrl":"https:\/\/socialdesignmagazine.com\/mag\/wp-content\/uploads\/2017\/01\/logo_favicon_11.png","width":1024,"height":1024,"caption":"Social Design Magazine"},"image":{"@id":"https:\/\/socialdesignmagazine.com\/mag\/#\/schema\/logo\/image\/"},"sameAs":["https:\/\/www.facebook.com\/socialdesignmag","https:\/\/x.com\/socialdesignmag","http:\/\/instagram.com\/social_design_magazine\/","http:\/\/pinterest.com\/socialdesignmag\/","http:\/\/www.youtube.com\/user\/socialdesignmagazine"]},{"@type":"Person","@id":"https:\/\/socialdesignmagazine.com\/mag\/#\/schema\/person\/eb22f52741c22fb852020efd1760d1f7","name":"Elena Brunati","image":{"@type":"ImageObject","inLanguage":"it-IT","@id":"https:\/\/secure.gravatar.com\/avatar\/656d8931d05b4e4fc733167095b6292af4cfd4bedef1323d0300e2e569323b50?s=96&d=mm&r=g","url":"https:\/\/secure.gravatar.com\/avatar\/656d8931d05b4e4fc733167095b6292af4cfd4bedef1323d0300e2e569323b50?s=96&d=mm&r=g","contentUrl":"https:\/\/secure.gravatar.com\/avatar\/656d8931d05b4e4fc733167095b6292af4cfd4bedef1323d0300e2e569323b50?s=96&d=mm&r=g","caption":"Elena Brunati"},"url":"https:\/\/socialdesignmagazine.com\/mag\/author\/elena-brunati\/"}]}},"jetpack_featured_media_url":"https:\/\/socialdesignmagazine.com\/mag\/wp-content\/uploads\/2018\/04\/Circo Flower Pot Family D copia-3.jpg","jetpack_sharing_enabled":true,"jetpack_shortlink":"https:\/\/wp.me\/p6cV7V-90n","gt_translate_keys":[{"key":"link","format":"url"}],"_links":{"self":[{"href":"https:\/\/socialdesignmagazine.com\/mag\/wp-json\/wp\/v2\/posts\/34619","targetHints":{"allow":["GET"]}}],"collection":[{"href":"https:\/\/socialdesignmagazine.com\/mag\/wp-json\/wp\/v2\/posts"}],"about":[{"href":"https:\/\/socialdesignmagazine.com\/mag\/wp-json\/wp\/v2\/types\/post"}],"author":[{"embeddable":true,"href":"https:\/\/socialdesignmagazine.com\/mag\/wp-json\/wp\/v2\/users\/654"}],"replies":[{"embeddable":true,"href":"https:\/\/socialdesignmagazine.com\/mag\/wp-json\/wp\/v2\/comments?post=34619"}],"version-history":[{"count":3,"href":"https:\/\/socialdesignmagazine.com\/mag\/wp-json\/wp\/v2\/posts\/34619\/revisions"}],"predecessor-version":[{"id":34643,"href":"https:\/\/socialdesignmagazine.com\/mag\/wp-json\/wp\/v2\/posts\/34619\/revisions\/34643"}],"wp:featuredmedia":[{"embeddable":true,"href":"https:\/\/socialdesignmagazine.com\/mag\/wp-json\/wp\/v2\/media\/34624"}],"wp:attachment":[{"href":"https:\/\/socialdesignmagazine.com\/mag\/wp-json\/wp\/v2\/media?parent=34619"}],"wp:term":[{"taxonomy":"category","embeddable":true,"href":"https:\/\/socialdesignmagazine.com\/mag\/wp-json\/wp\/v2\/categories?post=34619"},{"taxonomy":"post_tag","embeddable":true,"href":"https:\/\/socialdesignmagazine.com\/mag\/wp-json\/wp\/v2\/tags?post=34619"}],"curies":[{"name":"wp","href":"https:\/\/api.w.org\/{rel}","templated":true}]}}