{"id":3476,"date":"2015-01-29T12:00:00","date_gmt":"2015-01-29T11:00:00","guid":{"rendered":"https:\/\/socialdesignmagazine.com\/mag\/s6-design\/c44-design-contest\/amalgamate-il-quarantatreesimo-design-contest-di-formabilio\/"},"modified":"2025-04-25T14:18:37","modified_gmt":"2025-04-25T12:18:37","slug":"amalgamate-il-quarantatreesimo-design-contest-di-formabilio","status":"publish","type":"post","link":"https:\/\/socialdesignmagazine.com\/mag\/news\/design-contest\/amalgamate-il-quarantatreesimo-design-contest-di-formabilio\/","title":{"rendered":"AMALGAMATE il quarantatreesimo design contest di Formabilio","gt_translate_keys":[{"key":"rendered","format":"text"}]},"content":{"rendered":"\n<p>&#8220;Amalgamate&#8221; terra, aria, acqua, fuoco e creativit\u00e0! Formabilio incontra la ceramica!<\/p>\n\n\n\n<p>Al via Amalgamate, il quarantatreesimo contest internazionale &#8211; rivolto a progettisti di tutto il mondo &#8211; lanciato da Formabilio, il brand italiano di arredi, lampade e complementi di arredo che sostiene l&#8217;eco-design condiviso e made in Italy e promuove i progetti di designer e aspiranti tali attraverso concorsi online.<\/p>\n\n\n\n<p>Un contest che unisce tradizione a innovazione. Protagonista la ceramica, figlia dell&#8217;unione e della commistione degli elementi che compongono il nostro stesso pianeta: terra, aria, acqua e fuoco.<\/p>\n\n\n\n<p>Un materiale con una potenza creativa intrinseca, flessibile nella sua plasmabilit\u00e0 e solida nel carattere forgiato dal fuoco ma con un&#8217;anima fragile che la rende preziosa. Agli appassionati di design viene quindi chiesto di combinare le caratteristiche della ceramica alla loro creativit\u00e0, ripensando, in modo inconsueto, al suo utilizzo, inserendola come elemento principale e protagonista di arredi, complementi e lampade.<br>EndFragment<\/p>\n\n\n\n<h4 class=\"wp-block-heading\">Le proposte vanno inviate utilizzando l&#8217;apposita sezione del sito dalle ore 10:00 dell&#8217;8 gennaio 2015 alle ore 18.00 del 16 febbraio 2015.<br>Per conoscere i requisiti e partecipare al contest: https:\/\/it.formabilio.com\/concorso-design\/amalgamate\u00a0<\/h4>\n","protected":false,"gt_translate_keys":[{"key":"rendered","format":"html"}]},"excerpt":{"rendered":"<p>Al via Amalgamate, il quarantatreesimo contest internazionale &#8211; rivolto a progettisti di tutto il mondo &#8211; lanciato da Formabilio, il brand italiano di arredi, lampade e complementi di arredo che sostiene l&#8217;eco-design condiviso e made in Italy e promuove i progetti di designer e aspiranti tali attraverso concorsi online.<\/p>\n","protected":false,"gt_translate_keys":[{"key":"rendered","format":"html"}]},"author":1,"featured_media":20404,"comment_status":"open","ping_status":"open","sticky":false,"template":"","format":"standard","meta":{"jetpack_post_was_ever_published":false,"_jetpack_newsletter_access":"","_jetpack_dont_email_post_to_subs":false,"_jetpack_newsletter_tier_id":0,"_jetpack_memberships_contains_paywalled_content":false,"_jetpack_memberships_contains_paid_content":false,"footnotes":"","_wpscppro_dont_share_socialmedia":false,"_wpscppro_custom_social_share_image":0,"_facebook_share_type":"","_twitter_share_type":"","_linkedin_share_type":"","_pinterest_share_type":"","_linkedin_share_type_page":"","_instagram_share_type":"","_medium_share_type":"","_threads_share_type":"","_google_business_share_type":"","_selected_social_profile":[],"_wpsp_enable_custom_social_template":false,"_wpsp_social_scheduling":{"enabled":false,"datetime":null,"platforms":[],"status":"template_only","dateOption":"today","timeOption":"now","customDays":"","customHours":"","customDate":"","customTime":"","schedulingType":"absolute"},"_wpsp_active_default_template":true},"categories":[18],"tags":[1599,3671,3283],"class_list":["post-3476","post","type-post","status-publish","format-standard","has-post-thumbnail","hentry","category-design-contest","tag-ceramica","tag-concorso-di-design","tag-formabilio"],"yoast_head":"<!-- This site is optimized with the Yoast SEO plugin v27.2 - https:\/\/yoast.com\/product\/yoast-seo-wordpress\/ -->\n<title>AMALGAMATE il quarantatreesimo design contest di Formabilio - Social Design Magazine<\/title>\n<meta name=\"description\" content=\"Amalgamate terra, aria, acqua, fuoco e creativit\u00e0! Formabilio incontra la ceramica! Al via Amalgamate, il quarantatreesimo contest internazionale\" \/>\n<meta name=\"robots\" content=\"index, follow, max-snippet:-1, max-image-preview:large, max-video-preview:-1\" \/>\n<link rel=\"canonical\" href=\"https:\/\/socialdesignmagazine.com\/mag\/news\/design-contest\/amalgamate-il-quarantatreesimo-design-contest-di-formabilio\/\" \/>\n<meta property=\"og:locale\" content=\"it_IT\" \/>\n<meta property=\"og:type\" content=\"article\" \/>\n<meta property=\"og:title\" content=\"AMALGAMATE il quarantatreesimo design contest di Formabilio - Social Design Magazine\" \/>\n<meta property=\"og:description\" content=\"Amalgamate terra, aria, acqua, fuoco e creativit\u00e0! Formabilio incontra la ceramica! Al via Amalgamate, il quarantatreesimo contest internazionale\" \/>\n<meta property=\"og:url\" content=\"http:\/\/socialdesignmagazine.com\/mag\/news\/design-contest\/amalgamate-il-quarantatreesimo-design-contest-di-formabilio\/\" \/>\n<meta property=\"og:site_name\" content=\"Social Design Magazine\" \/>\n<meta property=\"article:publisher\" content=\"https:\/\/www.facebook.com\/socialdesignmag\" \/>\n<meta property=\"article:author\" content=\"https:\/\/www.facebook.com\/benedettofiori\" \/>\n<meta property=\"article:published_time\" content=\"2015-01-29T11:00:00+00:00\" \/>\n<meta property=\"article:modified_time\" content=\"2025-04-25T12:18:37+00:00\" \/>\n<meta property=\"og:image\" content=\"https:\/\/socialdesignmagazine.com\/mag\/wp-content\/uploads\/2015\/01\/benedetto_formabilio_amalgamate_copertina_contest.jpg\" \/>\n\t<meta property=\"og:image:width\" content=\"720\" \/>\n\t<meta property=\"og:image:height\" content=\"323\" \/>\n\t<meta property=\"og:image:type\" content=\"image\/jpeg\" \/>\n<meta name=\"author\" content=\"Benedetto Fiori\" \/>\n<meta name=\"twitter:card\" content=\"summary_large_image\" \/>\n<meta name=\"twitter:creator\" content=\"@benedettofiori\" \/>\n<meta name=\"twitter:site\" content=\"@socialdesignmag\" \/>\n<meta name=\"twitter:label1\" content=\"Scritto da\" \/>\n\t<meta name=\"twitter:data1\" content=\"Benedetto Fiori\" \/>\n\t<meta name=\"twitter:label2\" content=\"Tempo di lettura stimato\" \/>\n\t<meta name=\"twitter:data2\" content=\"2 minuti\" \/>\n<script type=\"application\/ld+json\" class=\"yoast-schema-graph\">{\"@context\":\"https:\/\/schema.org\",\"@graph\":[{\"@type\":\"Article\",\"@id\":\"https:\/\/socialdesignmagazine.com\/mag\/news\/design-contest\/amalgamate-il-quarantatreesimo-design-contest-di-formabilio\/#article\",\"isPartOf\":{\"@id\":\"https:\/\/socialdesignmagazine.com\/mag\/news\/design-contest\/amalgamate-il-quarantatreesimo-design-contest-di-formabilio\/\"},\"author\":{\"name\":\"Benedetto Fiori\",\"@id\":\"https:\/\/socialdesignmagazine.com\/mag\/#\/schema\/person\/61e20205cc363c315e6aabd33a045846\"},\"headline\":\"AMALGAMATE il quarantatreesimo design contest di Formabilio\",\"datePublished\":\"2015-01-29T11:00:00+00:00\",\"dateModified\":\"2025-04-25T12:18:37+00:00\",\"mainEntityOfPage\":{\"@id\":\"https:\/\/socialdesignmagazine.com\/mag\/news\/design-contest\/amalgamate-il-quarantatreesimo-design-contest-di-formabilio\/\"},\"wordCount\":191,\"commentCount\":0,\"publisher\":{\"@id\":\"https:\/\/socialdesignmagazine.com\/mag\/#organization\"},\"image\":{\"@id\":\"https:\/\/socialdesignmagazine.com\/mag\/news\/design-contest\/amalgamate-il-quarantatreesimo-design-contest-di-formabilio\/#primaryimage\"},\"thumbnailUrl\":\"https:\/\/socialdesignmagazine.com\/mag\/wp-content\/uploads\/2015\/01\/benedetto_formabilio_amalgamate_copertina_contest.jpg\",\"keywords\":[\"ceramica\",\"concorso di design\",\"formabilio\"],\"articleSection\":[\"Design Contest\"],\"inLanguage\":\"it-IT\",\"potentialAction\":[{\"@type\":\"CommentAction\",\"name\":\"Comment\",\"target\":[\"https:\/\/socialdesignmagazine.com\/mag\/news\/design-contest\/amalgamate-il-quarantatreesimo-design-contest-di-formabilio\/#respond\"]}]},{\"@type\":\"WebPage\",\"@id\":\"https:\/\/socialdesignmagazine.com\/mag\/news\/design-contest\/amalgamate-il-quarantatreesimo-design-contest-di-formabilio\/\",\"url\":\"https:\/\/socialdesignmagazine.com\/mag\/news\/design-contest\/amalgamate-il-quarantatreesimo-design-contest-di-formabilio\/\",\"name\":\"AMALGAMATE il quarantatreesimo design contest di Formabilio - Social Design Magazine\",\"isPartOf\":{\"@id\":\"https:\/\/socialdesignmagazine.com\/mag\/#website\"},\"primaryImageOfPage\":{\"@id\":\"https:\/\/socialdesignmagazine.com\/mag\/news\/design-contest\/amalgamate-il-quarantatreesimo-design-contest-di-formabilio\/#primaryimage\"},\"image\":{\"@id\":\"https:\/\/socialdesignmagazine.com\/mag\/news\/design-contest\/amalgamate-il-quarantatreesimo-design-contest-di-formabilio\/#primaryimage\"},\"thumbnailUrl\":\"https:\/\/socialdesignmagazine.com\/mag\/wp-content\/uploads\/2015\/01\/benedetto_formabilio_amalgamate_copertina_contest.jpg\",\"datePublished\":\"2015-01-29T11:00:00+00:00\",\"dateModified\":\"2025-04-25T12:18:37+00:00\",\"description\":\"Amalgamate terra, aria, acqua, fuoco e creativit\u00e0! Formabilio incontra la ceramica! Al via Amalgamate, il quarantatreesimo contest internazionale\",\"breadcrumb\":{\"@id\":\"https:\/\/socialdesignmagazine.com\/mag\/news\/design-contest\/amalgamate-il-quarantatreesimo-design-contest-di-formabilio\/#breadcrumb\"},\"inLanguage\":\"it-IT\",\"potentialAction\":[{\"@type\":\"ReadAction\",\"target\":[\"https:\/\/socialdesignmagazine.com\/mag\/news\/design-contest\/amalgamate-il-quarantatreesimo-design-contest-di-formabilio\/\"]}]},{\"@type\":\"ImageObject\",\"inLanguage\":\"it-IT\",\"@id\":\"https:\/\/socialdesignmagazine.com\/mag\/news\/design-contest\/amalgamate-il-quarantatreesimo-design-contest-di-formabilio\/#primaryimage\",\"url\":\"https:\/\/socialdesignmagazine.com\/mag\/wp-content\/uploads\/2015\/01\/benedetto_formabilio_amalgamate_copertina_contest.jpg\",\"contentUrl\":\"https:\/\/socialdesignmagazine.com\/mag\/wp-content\/uploads\/2015\/01\/benedetto_formabilio_amalgamate_copertina_contest.jpg\",\"width\":720,\"height\":323,\"caption\":\"copertina contest\"},{\"@type\":\"BreadcrumbList\",\"@id\":\"https:\/\/socialdesignmagazine.com\/mag\/news\/design-contest\/amalgamate-il-quarantatreesimo-design-contest-di-formabilio\/#breadcrumb\",\"itemListElement\":[{\"@type\":\"ListItem\",\"position\":1,\"name\":\"Home\",\"item\":\"https:\/\/socialdesignmagazine.com\/mag\/\"},{\"@type\":\"ListItem\",\"position\":2,\"name\":\"News\",\"item\":\"https:\/\/socialdesignmagazine.com\/mag\/news\/\"},{\"@type\":\"ListItem\",\"position\":3,\"name\":\"Design Contest\",\"item\":\"https:\/\/socialdesignmagazine.com\/mag\/news\/design-contest\/\"},{\"@type\":\"ListItem\",\"position\":4,\"name\":\"AMALGAMATE il quarantatreesimo design contest di Formabilio\"}]},{\"@type\":\"WebSite\",\"@id\":\"https:\/\/socialdesignmagazine.com\/mag\/#website\",\"url\":\"https:\/\/socialdesignmagazine.com\/mag\/\",\"name\":\"Social Design Magazine\",\"description\":\"Social Magazine su Design, Architettura, Arte, Grafica\",\"publisher\":{\"@id\":\"https:\/\/socialdesignmagazine.com\/mag\/#organization\"},\"potentialAction\":[{\"@type\":\"SearchAction\",\"target\":{\"@type\":\"EntryPoint\",\"urlTemplate\":\"https:\/\/socialdesignmagazine.com\/mag\/?s={search_term_string}\"},\"query-input\":{\"@type\":\"PropertyValueSpecification\",\"valueRequired\":true,\"valueName\":\"search_term_string\"}}],\"inLanguage\":\"it-IT\"},{\"@type\":\"Organization\",\"@id\":\"https:\/\/socialdesignmagazine.com\/mag\/#organization\",\"name\":\"Social Design Magazine\",\"url\":\"https:\/\/socialdesignmagazine.com\/mag\/\",\"logo\":{\"@type\":\"ImageObject\",\"inLanguage\":\"it-IT\",\"@id\":\"https:\/\/socialdesignmagazine.com\/mag\/#\/schema\/logo\/image\/\",\"url\":\"https:\/\/socialdesignmagazine.com\/mag\/wp-content\/uploads\/2017\/01\/logo_favicon_11.png\",\"contentUrl\":\"https:\/\/socialdesignmagazine.com\/mag\/wp-content\/uploads\/2017\/01\/logo_favicon_11.png\",\"width\":1024,\"height\":1024,\"caption\":\"Social Design Magazine\"},\"image\":{\"@id\":\"https:\/\/socialdesignmagazine.com\/mag\/#\/schema\/logo\/image\/\"},\"sameAs\":[\"https:\/\/www.facebook.com\/socialdesignmag\",\"https:\/\/x.com\/socialdesignmag\",\"http:\/\/instagram.com\/social_design_magazine\/\",\"http:\/\/pinterest.com\/socialdesignmag\/\",\"http:\/\/www.youtube.com\/user\/socialdesignmagazine\"]},{\"@type\":\"Person\",\"@id\":\"https:\/\/socialdesignmagazine.com\/mag\/#\/schema\/person\/61e20205cc363c315e6aabd33a045846\",\"name\":\"Benedetto Fiori\",\"image\":{\"@type\":\"ImageObject\",\"inLanguage\":\"it-IT\",\"@id\":\"https:\/\/secure.gravatar.com\/avatar\/450a48cefa36da63d920ad70aa660bd10725b1c6093800242e5efdb397759033?s=96&d=mm&r=g\",\"url\":\"https:\/\/secure.gravatar.com\/avatar\/450a48cefa36da63d920ad70aa660bd10725b1c6093800242e5efdb397759033?s=96&d=mm&r=g\",\"contentUrl\":\"https:\/\/secure.gravatar.com\/avatar\/450a48cefa36da63d920ad70aa660bd10725b1c6093800242e5efdb397759033?s=96&d=mm&r=g\",\"caption\":\"Benedetto Fiori\"},\"description\":\"Web | Twitter | Facebook | Shutterstock Founder &amp; Editor in Chief di Social Design Magazine. Attratto da sempre da tutto ci\u00f2 che \u00e8 creativit\u00e0, design, architettura. Dopo aver studiato Architettura all'Universit\u00e0 di Firenze, si \u00e8 impegnato in molteplici campi: comunicazione grafica, progettazione di allestimenti fieristici, brand design, Interior Design.\",\"sameAs\":[\"http:\/\/benedettofiori.com\",\"https:\/\/www.facebook.com\/benedettofiori\",\"https:\/\/x.com\/benedettofiori\"],\"url\":\"https:\/\/socialdesignmagazine.com\/mag\/author\/benedetto\/\"}]}<\/script>\n<!-- \/ Yoast SEO plugin. -->","yoast_head_json":{"title":"AMALGAMATE il quarantatreesimo design contest di Formabilio - Social Design Magazine","description":"Amalgamate terra, aria, acqua, fuoco e creativit\u00e0! Formabilio incontra la ceramica! Al via Amalgamate, il quarantatreesimo contest internazionale","robots":{"index":"index","follow":"follow","max-snippet":"max-snippet:-1","max-image-preview":"max-image-preview:large","max-video-preview":"max-video-preview:-1"},"canonical":"https:\/\/socialdesignmagazine.com\/mag\/news\/design-contest\/amalgamate-il-quarantatreesimo-design-contest-di-formabilio\/","og_locale":"it_IT","og_type":"article","og_title":"AMALGAMATE il quarantatreesimo design contest di Formabilio - Social Design Magazine","og_description":"Amalgamate terra, aria, acqua, fuoco e creativit\u00e0! Formabilio incontra la ceramica! Al via Amalgamate, il quarantatreesimo contest internazionale","og_url":"http:\/\/socialdesignmagazine.com\/mag\/news\/design-contest\/amalgamate-il-quarantatreesimo-design-contest-di-formabilio\/","og_site_name":"Social Design Magazine","article_publisher":"https:\/\/www.facebook.com\/socialdesignmag","article_author":"https:\/\/www.facebook.com\/benedettofiori","article_published_time":"2015-01-29T11:00:00+00:00","article_modified_time":"2025-04-25T12:18:37+00:00","og_image":[{"width":720,"height":323,"url":"https:\/\/socialdesignmagazine.com\/mag\/wp-content\/uploads\/2015\/01\/benedetto_formabilio_amalgamate_copertina_contest.jpg","type":"image\/jpeg"}],"author":"Benedetto Fiori","twitter_card":"summary_large_image","twitter_creator":"@benedettofiori","twitter_site":"@socialdesignmag","twitter_misc":{"Scritto da":"Benedetto Fiori","Tempo di lettura stimato":"2 minuti"},"schema":{"@context":"https:\/\/schema.org","@graph":[{"@type":"Article","@id":"https:\/\/socialdesignmagazine.com\/mag\/news\/design-contest\/amalgamate-il-quarantatreesimo-design-contest-di-formabilio\/#article","isPartOf":{"@id":"https:\/\/socialdesignmagazine.com\/mag\/news\/design-contest\/amalgamate-il-quarantatreesimo-design-contest-di-formabilio\/"},"author":{"name":"Benedetto Fiori","@id":"https:\/\/socialdesignmagazine.com\/mag\/#\/schema\/person\/61e20205cc363c315e6aabd33a045846"},"headline":"AMALGAMATE il quarantatreesimo design contest di Formabilio","datePublished":"2015-01-29T11:00:00+00:00","dateModified":"2025-04-25T12:18:37+00:00","mainEntityOfPage":{"@id":"https:\/\/socialdesignmagazine.com\/mag\/news\/design-contest\/amalgamate-il-quarantatreesimo-design-contest-di-formabilio\/"},"wordCount":191,"commentCount":0,"publisher":{"@id":"https:\/\/socialdesignmagazine.com\/mag\/#organization"},"image":{"@id":"https:\/\/socialdesignmagazine.com\/mag\/news\/design-contest\/amalgamate-il-quarantatreesimo-design-contest-di-formabilio\/#primaryimage"},"thumbnailUrl":"https:\/\/socialdesignmagazine.com\/mag\/wp-content\/uploads\/2015\/01\/benedetto_formabilio_amalgamate_copertina_contest.jpg","keywords":["ceramica","concorso di design","formabilio"],"articleSection":["Design Contest"],"inLanguage":"it-IT","potentialAction":[{"@type":"CommentAction","name":"Comment","target":["https:\/\/socialdesignmagazine.com\/mag\/news\/design-contest\/amalgamate-il-quarantatreesimo-design-contest-di-formabilio\/#respond"]}]},{"@type":"WebPage","@id":"https:\/\/socialdesignmagazine.com\/mag\/news\/design-contest\/amalgamate-il-quarantatreesimo-design-contest-di-formabilio\/","url":"https:\/\/socialdesignmagazine.com\/mag\/news\/design-contest\/amalgamate-il-quarantatreesimo-design-contest-di-formabilio\/","name":"AMALGAMATE il quarantatreesimo design contest di Formabilio - Social Design Magazine","isPartOf":{"@id":"https:\/\/socialdesignmagazine.com\/mag\/#website"},"primaryImageOfPage":{"@id":"https:\/\/socialdesignmagazine.com\/mag\/news\/design-contest\/amalgamate-il-quarantatreesimo-design-contest-di-formabilio\/#primaryimage"},"image":{"@id":"https:\/\/socialdesignmagazine.com\/mag\/news\/design-contest\/amalgamate-il-quarantatreesimo-design-contest-di-formabilio\/#primaryimage"},"thumbnailUrl":"https:\/\/socialdesignmagazine.com\/mag\/wp-content\/uploads\/2015\/01\/benedetto_formabilio_amalgamate_copertina_contest.jpg","datePublished":"2015-01-29T11:00:00+00:00","dateModified":"2025-04-25T12:18:37+00:00","description":"Amalgamate terra, aria, acqua, fuoco e creativit\u00e0! Formabilio incontra la ceramica! Al via Amalgamate, il quarantatreesimo contest internazionale","breadcrumb":{"@id":"https:\/\/socialdesignmagazine.com\/mag\/news\/design-contest\/amalgamate-il-quarantatreesimo-design-contest-di-formabilio\/#breadcrumb"},"inLanguage":"it-IT","potentialAction":[{"@type":"ReadAction","target":["https:\/\/socialdesignmagazine.com\/mag\/news\/design-contest\/amalgamate-il-quarantatreesimo-design-contest-di-formabilio\/"]}]},{"@type":"ImageObject","inLanguage":"it-IT","@id":"https:\/\/socialdesignmagazine.com\/mag\/news\/design-contest\/amalgamate-il-quarantatreesimo-design-contest-di-formabilio\/#primaryimage","url":"https:\/\/socialdesignmagazine.com\/mag\/wp-content\/uploads\/2015\/01\/benedetto_formabilio_amalgamate_copertina_contest.jpg","contentUrl":"https:\/\/socialdesignmagazine.com\/mag\/wp-content\/uploads\/2015\/01\/benedetto_formabilio_amalgamate_copertina_contest.jpg","width":720,"height":323,"caption":"copertina contest"},{"@type":"BreadcrumbList","@id":"https:\/\/socialdesignmagazine.com\/mag\/news\/design-contest\/amalgamate-il-quarantatreesimo-design-contest-di-formabilio\/#breadcrumb","itemListElement":[{"@type":"ListItem","position":1,"name":"Home","item":"https:\/\/socialdesignmagazine.com\/mag\/"},{"@type":"ListItem","position":2,"name":"News","item":"https:\/\/socialdesignmagazine.com\/mag\/news\/"},{"@type":"ListItem","position":3,"name":"Design Contest","item":"https:\/\/socialdesignmagazine.com\/mag\/news\/design-contest\/"},{"@type":"ListItem","position":4,"name":"AMALGAMATE il quarantatreesimo design contest di Formabilio"}]},{"@type":"WebSite","@id":"https:\/\/socialdesignmagazine.com\/mag\/#website","url":"https:\/\/socialdesignmagazine.com\/mag\/","name":"Social Design Magazine","description":"Social Magazine su Design, Architettura, Arte, Grafica","publisher":{"@id":"https:\/\/socialdesignmagazine.com\/mag\/#organization"},"potentialAction":[{"@type":"SearchAction","target":{"@type":"EntryPoint","urlTemplate":"https:\/\/socialdesignmagazine.com\/mag\/?s={search_term_string}"},"query-input":{"@type":"PropertyValueSpecification","valueRequired":true,"valueName":"search_term_string"}}],"inLanguage":"it-IT"},{"@type":"Organization","@id":"https:\/\/socialdesignmagazine.com\/mag\/#organization","name":"Social Design Magazine","url":"https:\/\/socialdesignmagazine.com\/mag\/","logo":{"@type":"ImageObject","inLanguage":"it-IT","@id":"https:\/\/socialdesignmagazine.com\/mag\/#\/schema\/logo\/image\/","url":"https:\/\/socialdesignmagazine.com\/mag\/wp-content\/uploads\/2017\/01\/logo_favicon_11.png","contentUrl":"https:\/\/socialdesignmagazine.com\/mag\/wp-content\/uploads\/2017\/01\/logo_favicon_11.png","width":1024,"height":1024,"caption":"Social Design Magazine"},"image":{"@id":"https:\/\/socialdesignmagazine.com\/mag\/#\/schema\/logo\/image\/"},"sameAs":["https:\/\/www.facebook.com\/socialdesignmag","https:\/\/x.com\/socialdesignmag","http:\/\/instagram.com\/social_design_magazine\/","http:\/\/pinterest.com\/socialdesignmag\/","http:\/\/www.youtube.com\/user\/socialdesignmagazine"]},{"@type":"Person","@id":"https:\/\/socialdesignmagazine.com\/mag\/#\/schema\/person\/61e20205cc363c315e6aabd33a045846","name":"Benedetto Fiori","image":{"@type":"ImageObject","inLanguage":"it-IT","@id":"https:\/\/secure.gravatar.com\/avatar\/450a48cefa36da63d920ad70aa660bd10725b1c6093800242e5efdb397759033?s=96&d=mm&r=g","url":"https:\/\/secure.gravatar.com\/avatar\/450a48cefa36da63d920ad70aa660bd10725b1c6093800242e5efdb397759033?s=96&d=mm&r=g","contentUrl":"https:\/\/secure.gravatar.com\/avatar\/450a48cefa36da63d920ad70aa660bd10725b1c6093800242e5efdb397759033?s=96&d=mm&r=g","caption":"Benedetto Fiori"},"description":"Web | Twitter | Facebook | Shutterstock Founder &amp; Editor in Chief di Social Design Magazine. Attratto da sempre da tutto ci\u00f2 che \u00e8 creativit\u00e0, design, architettura. Dopo aver studiato Architettura all'Universit\u00e0 di Firenze, si \u00e8 impegnato in molteplici campi: comunicazione grafica, progettazione di allestimenti fieristici, brand design, Interior Design.","sameAs":["http:\/\/benedettofiori.com","https:\/\/www.facebook.com\/benedettofiori","https:\/\/x.com\/benedettofiori"],"url":"https:\/\/socialdesignmagazine.com\/mag\/author\/benedetto\/"}]}},"jetpack_featured_media_url":"https:\/\/socialdesignmagazine.com\/mag\/wp-content\/uploads\/2015\/01\/benedetto_formabilio_amalgamate_copertina_contest.jpg","jetpack_sharing_enabled":true,"jetpack_shortlink":"https:\/\/wp.me\/p6cV7V-U4","gt_translate_keys":[{"key":"link","format":"url"}],"_links":{"self":[{"href":"https:\/\/socialdesignmagazine.com\/mag\/wp-json\/wp\/v2\/posts\/3476","targetHints":{"allow":["GET"]}}],"collection":[{"href":"https:\/\/socialdesignmagazine.com\/mag\/wp-json\/wp\/v2\/posts"}],"about":[{"href":"https:\/\/socialdesignmagazine.com\/mag\/wp-json\/wp\/v2\/types\/post"}],"author":[{"embeddable":true,"href":"https:\/\/socialdesignmagazine.com\/mag\/wp-json\/wp\/v2\/users\/1"}],"replies":[{"embeddable":true,"href":"https:\/\/socialdesignmagazine.com\/mag\/wp-json\/wp\/v2\/comments?post=3476"}],"version-history":[{"count":1,"href":"https:\/\/socialdesignmagazine.com\/mag\/wp-json\/wp\/v2\/posts\/3476\/revisions"}],"predecessor-version":[{"id":64548,"href":"https:\/\/socialdesignmagazine.com\/mag\/wp-json\/wp\/v2\/posts\/3476\/revisions\/64548"}],"wp:featuredmedia":[{"embeddable":true,"href":"https:\/\/socialdesignmagazine.com\/mag\/wp-json\/wp\/v2\/media\/20404"}],"wp:attachment":[{"href":"https:\/\/socialdesignmagazine.com\/mag\/wp-json\/wp\/v2\/media?parent=3476"}],"wp:term":[{"taxonomy":"category","embeddable":true,"href":"https:\/\/socialdesignmagazine.com\/mag\/wp-json\/wp\/v2\/categories?post=3476"},{"taxonomy":"post_tag","embeddable":true,"href":"https:\/\/socialdesignmagazine.com\/mag\/wp-json\/wp\/v2\/tags?post=3476"}],"curies":[{"name":"wp","href":"https:\/\/api.w.org\/{rel}","templated":true}]}}