{"id":34958,"date":"2018-08-13T10:26:54","date_gmt":"2018-08-13T08:26:54","guid":{"rendered":"https:\/\/socialdesignmagazine.com\/mag\/?p=34958"},"modified":"2021-07-02T17:10:21","modified_gmt":"2021-07-02T15:10:21","slug":"la-tavola-una-nuova-frontiera-dellospitalita-privata-anche-outdoor","status":"publish","type":"post","link":"https:\/\/socialdesignmagazine.com\/mag\/news\/prodotti\/la-tavola-una-nuova-frontiera-dellospitalita-privata-anche-outdoor\/","title":{"rendered":"La Tavola, una nuova frontiera dell\u2019ospitalit\u00e0 privata anche outdoor","gt_translate_keys":[{"key":"rendered","format":"text"}]},"content":{"rendered":"<p>La Tavola da oltre 20 anni anticipa le tendenze con soluzioni table top per la clientela pi\u00f9 sofisticata dove design, tecnologia e funzionalit\u00e0 si fondono per esprimere eleganza, raffinatezza e modernit\u00e0.<\/p>\n<p>Kitchen &amp; Party Carts sono innovativi carrelli che arricchiscono le cucine con la tecnologia e le funzioni tipiche dei ristoranti stellati. I padroni di casa diventano cos\u00ec dei veri e propri Chef professionisti al servizio dei loro ospiti. Ogni piatto sar\u00e0 il risultato di un\u2019esperienza condivisa e coinvolgente.<\/p>\n<p>Come dichiara Sergio Sambonet, Presidente dell&#8217;azienda e anima di questo progetto: &#8220;Kitchen&amp;Party Carts sono la soluzione altamente professionale portata in ambiente domestico per dare vita ad un nuovo concetto di ospitalita\u0300 informale ma inconfondibilmente unica, dove tutti i commensali sono piacevolmente protagonisti&#8221;.<\/p>\n<p><a href=\"https:\/\/socialdesignmagazine.com\/mag\/blog\/prodotti\/la-tavola-una-nuova-frontiera-dellospitalita-privata-anche-outdoor\/attachment\/kitchenparty_carts_amb_03_low-1-jpg\/#content\" rel=\"attachment wp-att-34961\"><img loading=\"lazy\" decoding=\"async\" data-attachment-id=\"34961\" data-permalink=\"https:\/\/socialdesignmagazine.com\/mag\/news\/prodotti\/la-tavola-una-nuova-frontiera-dellospitalita-privata-anche-outdoor\/attachment\/kitchenparty_carts_amb_03_low-1-jpg\/#content\" data-orig-file=\"https:\/\/socialdesignmagazine.com\/mag\/wp-content\/uploads\/2018\/07\/Kitchen&amp;Party_Carts_amb_03_low-1.jpg\" data-orig-size=\"2500,1666\" data-comments-opened=\"1\" data-image-meta=\"{&quot;aperture&quot;:&quot;0&quot;,&quot;credit&quot;:&quot;&quot;,&quot;camera&quot;:&quot;&quot;,&quot;caption&quot;:&quot;&quot;,&quot;created_timestamp&quot;:&quot;0&quot;,&quot;copyright&quot;:&quot;&quot;,&quot;focal_length&quot;:&quot;0&quot;,&quot;iso&quot;:&quot;0&quot;,&quot;shutter_speed&quot;:&quot;0&quot;,&quot;title&quot;:&quot;&quot;,&quot;orientation&quot;:&quot;0&quot;}\" data-image-title=\"Kitchen&amp;amp;Party_Carts_amb_03_low-1.jpg\" data-image-description=\"\" data-image-caption=\"\" data-medium-file=\"https:\/\/socialdesignmagazine.com\/mag\/wp-content\/uploads\/2018\/07\/Kitchen&amp;Party_Carts_amb_03_low-1-438x283.jpg\" data-large-file=\"https:\/\/socialdesignmagazine.com\/mag\/wp-content\/uploads\/2018\/07\/Kitchen&amp;Party_Carts_amb_03_low-1-1024x682.jpg\" class=\"alignnone size-large wp-image-34961\" src=\"https:\/\/socialdesignmagazine.com\/mag\/wp-content\/uploads\/2018\/07\/Kitchen&amp;Party_Carts_amb_03_low-1-1024x682.jpg\" alt=\"\" width=\"1024\" height=\"682\"><\/a><\/p>\n<p><a href=\"https:\/\/socialdesignmagazine.com\/mag\/blog\/prodotti\/la-tavola-una-nuova-frontiera-dellospitalita-privata-anche-outdoor\/attachment\/kitchenparty_carts_amb_04_low-2-jpg\/#content\" rel=\"attachment wp-att-34962\"><img loading=\"lazy\" decoding=\"async\" data-attachment-id=\"34962\" data-permalink=\"https:\/\/socialdesignmagazine.com\/mag\/news\/prodotti\/la-tavola-una-nuova-frontiera-dellospitalita-privata-anche-outdoor\/attachment\/kitchenparty_carts_amb_04_low-2-jpg\/#content\" data-orig-file=\"https:\/\/socialdesignmagazine.com\/mag\/wp-content\/uploads\/2018\/07\/Kitchen&amp;Party_Carts_amb_04_low-2.jpg\" data-orig-size=\"2500,1667\" data-comments-opened=\"1\" data-image-meta=\"{&quot;aperture&quot;:&quot;0&quot;,&quot;credit&quot;:&quot;&quot;,&quot;camera&quot;:&quot;&quot;,&quot;caption&quot;:&quot;&quot;,&quot;created_timestamp&quot;:&quot;0&quot;,&quot;copyright&quot;:&quot;&quot;,&quot;focal_length&quot;:&quot;0&quot;,&quot;iso&quot;:&quot;0&quot;,&quot;shutter_speed&quot;:&quot;0&quot;,&quot;title&quot;:&quot;&quot;,&quot;orientation&quot;:&quot;0&quot;}\" data-image-title=\"Kitchen&amp;amp;Party_Carts_amb_04_low-2.jpg\" data-image-description=\"\" data-image-caption=\"\" data-medium-file=\"https:\/\/socialdesignmagazine.com\/mag\/wp-content\/uploads\/2018\/07\/Kitchen&amp;Party_Carts_amb_04_low-2-438x283.jpg\" data-large-file=\"https:\/\/socialdesignmagazine.com\/mag\/wp-content\/uploads\/2018\/07\/Kitchen&amp;Party_Carts_amb_04_low-2-1024x683.jpg\" class=\"alignnone size-large wp-image-34962\" src=\"https:\/\/socialdesignmagazine.com\/mag\/wp-content\/uploads\/2018\/07\/Kitchen&amp;Party_Carts_amb_04_low-2-1024x683.jpg\" alt=\"\" width=\"1024\" height=\"683\"><\/a><\/p>\n<p><a href=\"https:\/\/socialdesignmagazine.com\/mag\/blog\/prodotti\/la-tavola-una-nuova-frontiera-dellospitalita-privata-anche-outdoor\/attachment\/kitchenparty_carts_amb_16b_low-3-jpg\/#content\" rel=\"attachment wp-att-34963\"><img loading=\"lazy\" decoding=\"async\" data-attachment-id=\"34963\" data-permalink=\"https:\/\/socialdesignmagazine.com\/mag\/news\/prodotti\/la-tavola-una-nuova-frontiera-dellospitalita-privata-anche-outdoor\/attachment\/kitchenparty_carts_amb_16b_low-3-jpg\/#content\" data-orig-file=\"https:\/\/socialdesignmagazine.com\/mag\/wp-content\/uploads\/2018\/07\/Kitchen&amp;Party_carts_amb_16b_low-3.jpg\" data-orig-size=\"1792,999\" data-comments-opened=\"1\" data-image-meta=\"{&quot;aperture&quot;:&quot;0&quot;,&quot;credit&quot;:&quot;&quot;,&quot;camera&quot;:&quot;&quot;,&quot;caption&quot;:&quot;&quot;,&quot;created_timestamp&quot;:&quot;0&quot;,&quot;copyright&quot;:&quot;&quot;,&quot;focal_length&quot;:&quot;0&quot;,&quot;iso&quot;:&quot;0&quot;,&quot;shutter_speed&quot;:&quot;0&quot;,&quot;title&quot;:&quot;&quot;,&quot;orientation&quot;:&quot;0&quot;}\" data-image-title=\"Kitchen&amp;amp;Party_carts_amb_16b_low-3.jpg\" data-image-description=\"\" data-image-caption=\"\" data-medium-file=\"https:\/\/socialdesignmagazine.com\/mag\/wp-content\/uploads\/2018\/07\/Kitchen&amp;Party_carts_amb_16b_low-3-438x283.jpg\" data-large-file=\"https:\/\/socialdesignmagazine.com\/mag\/wp-content\/uploads\/2018\/07\/Kitchen&amp;Party_carts_amb_16b_low-3-1024x571.jpg\" class=\"alignnone size-large wp-image-34963\" src=\"https:\/\/socialdesignmagazine.com\/mag\/wp-content\/uploads\/2018\/07\/Kitchen&amp;Party_carts_amb_16b_low-3-1024x571.jpg\" alt=\"\" width=\"1024\" height=\"571\"><\/a><\/p>\n<p><a rel=\"nofollow\" href=\"http:\/\/www.la-tavola.it\">www.la-tavola.it<\/a><\/p>\n","protected":false,"gt_translate_keys":[{"key":"rendered","format":"html"}]},"excerpt":{"rendered":"<p>La Tavola da oltre 20 anni anticipa le tendenze con soluzioni table top per la clientela pi\u00f9 sofisticata dove design, tecnologia e funzionalit\u00e0 si fondono per esprimere eleganza, raffinatezza e modernit\u00e0.<\/p>\n","protected":false,"gt_translate_keys":[{"key":"rendered","format":"html"}]},"author":615,"featured_media":34960,"comment_status":"open","ping_status":"open","sticky":false,"template":"","format":"standard","meta":{"jetpack_post_was_ever_published":false,"_jetpack_newsletter_access":"","_jetpack_dont_email_post_to_subs":false,"_jetpack_newsletter_tier_id":0,"_jetpack_memberships_contains_paywalled_content":false,"_jetpack_memberships_contains_paid_content":false,"footnotes":"","_wpscppro_dont_share_socialmedia":false,"_wpscppro_custom_social_share_image":0,"_facebook_share_type":"","_twitter_share_type":"","_linkedin_share_type":"","_pinterest_share_type":"","_linkedin_share_type_page":"","_instagram_share_type":"","_medium_share_type":"","_threads_share_type":"","_google_business_share_type":"","_selected_social_profile":[],"_wpsp_enable_custom_social_template":false,"_wpsp_social_scheduling":{"enabled":false,"datetime":null,"platforms":[],"status":"template_only","dateOption":"today","timeOption":"now","customDays":"","customHours":"","customDate":"","customTime":"","schedulingType":"absolute"},"_wpsp_active_default_template":true},"categories":[6166],"tags":[5562,1139,5563,5564,5560,5559,68,5561],"class_list":["post-34958","post","type-post","status-publish","format-standard","has-post-thumbnail","hentry","category-prodotti","tag-carrelli-cucina","tag-cucina","tag-cucina-per-esterni","tag-eurocucina-2018","tag-kitchen-party-carts","tag-la-tavola","tag-outdoor","tag-sambonet"],"yoast_head":"<!-- This site is optimized with the Yoast SEO plugin v27.2 - https:\/\/yoast.com\/product\/yoast-seo-wordpress\/ -->\n<title>La Tavola, una nuova frontiera dell\u2019ospitalit\u00e0 privata anche outdoor - Social Design Magazine<\/title>\n<meta name=\"description\" content=\"La Tavola da oltre 20 anni anticipa le tendenze con soluzioni table top per la clientela pi\u00f9 sofisticata dove design, tecnologia e funzionalit\u00e0 si fondono per esprimere eleganza, raffinatezza e modernit\u00e0.\" \/>\n<meta name=\"robots\" content=\"index, follow, max-snippet:-1, max-image-preview:large, max-video-preview:-1\" \/>\n<link rel=\"canonical\" href=\"https:\/\/socialdesignmagazine.com\/mag\/news\/prodotti\/la-tavola-una-nuova-frontiera-dellospitalita-privata-anche-outdoor\/\" \/>\n<meta property=\"og:locale\" content=\"it_IT\" \/>\n<meta property=\"og:type\" content=\"article\" \/>\n<meta property=\"og:title\" content=\"La Tavola, una nuova frontiera dell\u2019ospitalit\u00e0 privata anche outdoor - Social Design Magazine\" \/>\n<meta property=\"og:description\" content=\"La Tavola da oltre 20 anni anticipa le tendenze con soluzioni table top per la clientela pi\u00f9 sofisticata dove design, tecnologia e funzionalit\u00e0 si fondono per esprimere eleganza, raffinatezza e modernit\u00e0.\" \/>\n<meta property=\"og:url\" content=\"http:\/\/socialdesignmagazine.com\/mag\/news\/prodotti\/la-tavola-una-nuova-frontiera-dellospitalita-privata-anche-outdoor\/\" \/>\n<meta property=\"og:site_name\" content=\"Social Design Magazine\" \/>\n<meta property=\"article:publisher\" content=\"https:\/\/www.facebook.com\/socialdesignmag\" \/>\n<meta property=\"article:author\" content=\"https:\/\/www.facebook.com\/VincentiVolonteComunicazione\/\" \/>\n<meta property=\"article:published_time\" content=\"2018-08-13T08:26:54+00:00\" \/>\n<meta property=\"article:modified_time\" content=\"2021-07-02T15:10:21+00:00\" \/>\n<meta property=\"og:image\" content=\"https:\/\/socialdesignmagazine.com\/mag\/wp-content\/uploads\/2018\/07\/La%20Tavola_Kitchen&Party_Carts_amb_17_low-0.jpg\" \/>\n\t<meta property=\"og:image:width\" content=\"1500\" \/>\n\t<meta property=\"og:image:height\" content=\"1000\" \/>\n\t<meta property=\"og:image:type\" content=\"image\/jpeg\" \/>\n<meta name=\"author\" content=\"Vincenti Volont\u00e9 Comunicazione\" \/>\n<meta name=\"twitter:card\" content=\"summary_large_image\" \/>\n<meta name=\"twitter:creator\" content=\"@socialdesignmag\" \/>\n<meta name=\"twitter:site\" content=\"@socialdesignmag\" \/>\n<meta name=\"twitter:label1\" content=\"Scritto da\" \/>\n\t<meta name=\"twitter:data1\" content=\"Vincenti Volont\u00e9 Comunicazione\" \/>\n\t<meta name=\"twitter:label2\" content=\"Tempo di lettura stimato\" \/>\n\t<meta name=\"twitter:data2\" content=\"1 minuto\" \/>\n<script type=\"application\/ld+json\" class=\"yoast-schema-graph\">{\"@context\":\"https:\/\/schema.org\",\"@graph\":[{\"@type\":\"Article\",\"@id\":\"https:\/\/socialdesignmagazine.com\/mag\/news\/prodotti\/la-tavola-una-nuova-frontiera-dellospitalita-privata-anche-outdoor\/#article\",\"isPartOf\":{\"@id\":\"https:\/\/socialdesignmagazine.com\/mag\/news\/prodotti\/la-tavola-una-nuova-frontiera-dellospitalita-privata-anche-outdoor\/\"},\"author\":{\"name\":\"Vincenti Volont\u00e9 Comunicazione\",\"@id\":\"https:\/\/socialdesignmagazine.com\/mag\/#\/schema\/person\/a2ae21cd60746f09721ee63cf2c97d8c\"},\"headline\":\"La Tavola, una nuova frontiera dell\u2019ospitalit\u00e0 privata anche outdoor\",\"datePublished\":\"2018-08-13T08:26:54+00:00\",\"dateModified\":\"2021-07-02T15:10:21+00:00\",\"mainEntityOfPage\":{\"@id\":\"https:\/\/socialdesignmagazine.com\/mag\/news\/prodotti\/la-tavola-una-nuova-frontiera-dellospitalita-privata-anche-outdoor\/\"},\"wordCount\":137,\"commentCount\":0,\"publisher\":{\"@id\":\"https:\/\/socialdesignmagazine.com\/mag\/#organization\"},\"image\":{\"@id\":\"https:\/\/socialdesignmagazine.com\/mag\/news\/prodotti\/la-tavola-una-nuova-frontiera-dellospitalita-privata-anche-outdoor\/#primaryimage\"},\"thumbnailUrl\":\"https:\/\/socialdesignmagazine.com\/mag\/wp-content\/uploads\/2018\/07\/La Tavola_Kitchen&Party_Carts_amb_17_low-0.jpg\",\"keywords\":[\"carrelli cucina\",\"cucina\",\"cucina per esterni\",\"eurocucina 2018\",\"Kitchen &amp; Party Carts\",\"La Tavola\",\"outdoor\",\"Sambonet\"],\"articleSection\":[\"Prodotti\"],\"inLanguage\":\"it-IT\",\"potentialAction\":[{\"@type\":\"CommentAction\",\"name\":\"Comment\",\"target\":[\"https:\/\/socialdesignmagazine.com\/mag\/news\/prodotti\/la-tavola-una-nuova-frontiera-dellospitalita-privata-anche-outdoor\/#respond\"]}]},{\"@type\":\"WebPage\",\"@id\":\"https:\/\/socialdesignmagazine.com\/mag\/news\/prodotti\/la-tavola-una-nuova-frontiera-dellospitalita-privata-anche-outdoor\/\",\"url\":\"https:\/\/socialdesignmagazine.com\/mag\/news\/prodotti\/la-tavola-una-nuova-frontiera-dellospitalita-privata-anche-outdoor\/\",\"name\":\"La Tavola, una nuova frontiera dell\u2019ospitalit\u00e0 privata anche outdoor - Social Design Magazine\",\"isPartOf\":{\"@id\":\"https:\/\/socialdesignmagazine.com\/mag\/#website\"},\"primaryImageOfPage\":{\"@id\":\"https:\/\/socialdesignmagazine.com\/mag\/news\/prodotti\/la-tavola-una-nuova-frontiera-dellospitalita-privata-anche-outdoor\/#primaryimage\"},\"image\":{\"@id\":\"https:\/\/socialdesignmagazine.com\/mag\/news\/prodotti\/la-tavola-una-nuova-frontiera-dellospitalita-privata-anche-outdoor\/#primaryimage\"},\"thumbnailUrl\":\"https:\/\/socialdesignmagazine.com\/mag\/wp-content\/uploads\/2018\/07\/La Tavola_Kitchen&Party_Carts_amb_17_low-0.jpg\",\"datePublished\":\"2018-08-13T08:26:54+00:00\",\"dateModified\":\"2021-07-02T15:10:21+00:00\",\"description\":\"La Tavola da oltre 20 anni anticipa le tendenze con soluzioni table top per la clientela pi\u00f9 sofisticata dove design, tecnologia e funzionalit\u00e0 si fondono per esprimere eleganza, raffinatezza e modernit\u00e0.\",\"breadcrumb\":{\"@id\":\"https:\/\/socialdesignmagazine.com\/mag\/news\/prodotti\/la-tavola-una-nuova-frontiera-dellospitalita-privata-anche-outdoor\/#breadcrumb\"},\"inLanguage\":\"it-IT\",\"potentialAction\":[{\"@type\":\"ReadAction\",\"target\":[\"https:\/\/socialdesignmagazine.com\/mag\/news\/prodotti\/la-tavola-una-nuova-frontiera-dellospitalita-privata-anche-outdoor\/\"]}]},{\"@type\":\"ImageObject\",\"inLanguage\":\"it-IT\",\"@id\":\"https:\/\/socialdesignmagazine.com\/mag\/news\/prodotti\/la-tavola-una-nuova-frontiera-dellospitalita-privata-anche-outdoor\/#primaryimage\",\"url\":\"https:\/\/socialdesignmagazine.com\/mag\/wp-content\/uploads\/2018\/07\/La Tavola_Kitchen&Party_Carts_amb_17_low-0.jpg\",\"contentUrl\":\"https:\/\/socialdesignmagazine.com\/mag\/wp-content\/uploads\/2018\/07\/La Tavola_Kitchen&Party_Carts_amb_17_low-0.jpg\",\"width\":1500,\"height\":1000,\"caption\":\"La Tavola Kitchen\"},{\"@type\":\"BreadcrumbList\",\"@id\":\"https:\/\/socialdesignmagazine.com\/mag\/news\/prodotti\/la-tavola-una-nuova-frontiera-dellospitalita-privata-anche-outdoor\/#breadcrumb\",\"itemListElement\":[{\"@type\":\"ListItem\",\"position\":1,\"name\":\"Home\",\"item\":\"https:\/\/socialdesignmagazine.com\/mag\/\"},{\"@type\":\"ListItem\",\"position\":2,\"name\":\"News\",\"item\":\"https:\/\/socialdesignmagazine.com\/mag\/news\/\"},{\"@type\":\"ListItem\",\"position\":3,\"name\":\"Prodotti\",\"item\":\"https:\/\/socialdesignmagazine.com\/mag\/news\/prodotti\/\"},{\"@type\":\"ListItem\",\"position\":4,\"name\":\"La Tavola, una nuova frontiera dell\u2019ospitalit\u00e0 privata anche outdoor\"}]},{\"@type\":\"WebSite\",\"@id\":\"https:\/\/socialdesignmagazine.com\/mag\/#website\",\"url\":\"https:\/\/socialdesignmagazine.com\/mag\/\",\"name\":\"Social Design Magazine\",\"description\":\"Social Magazine su Design, Architettura, Arte, Grafica\",\"publisher\":{\"@id\":\"https:\/\/socialdesignmagazine.com\/mag\/#organization\"},\"potentialAction\":[{\"@type\":\"SearchAction\",\"target\":{\"@type\":\"EntryPoint\",\"urlTemplate\":\"https:\/\/socialdesignmagazine.com\/mag\/?s={search_term_string}\"},\"query-input\":{\"@type\":\"PropertyValueSpecification\",\"valueRequired\":true,\"valueName\":\"search_term_string\"}}],\"inLanguage\":\"it-IT\"},{\"@type\":\"Organization\",\"@id\":\"https:\/\/socialdesignmagazine.com\/mag\/#organization\",\"name\":\"Social Design Magazine\",\"url\":\"https:\/\/socialdesignmagazine.com\/mag\/\",\"logo\":{\"@type\":\"ImageObject\",\"inLanguage\":\"it-IT\",\"@id\":\"https:\/\/socialdesignmagazine.com\/mag\/#\/schema\/logo\/image\/\",\"url\":\"https:\/\/socialdesignmagazine.com\/mag\/wp-content\/uploads\/2017\/01\/logo_favicon_11.png\",\"contentUrl\":\"https:\/\/socialdesignmagazine.com\/mag\/wp-content\/uploads\/2017\/01\/logo_favicon_11.png\",\"width\":1024,\"height\":1024,\"caption\":\"Social Design Magazine\"},\"image\":{\"@id\":\"https:\/\/socialdesignmagazine.com\/mag\/#\/schema\/logo\/image\/\"},\"sameAs\":[\"https:\/\/www.facebook.com\/socialdesignmag\",\"https:\/\/x.com\/socialdesignmag\",\"http:\/\/instagram.com\/social_design_magazine\/\",\"http:\/\/pinterest.com\/socialdesignmag\/\",\"http:\/\/www.youtube.com\/user\/socialdesignmagazine\"]},{\"@type\":\"Person\",\"@id\":\"https:\/\/socialdesignmagazine.com\/mag\/#\/schema\/person\/a2ae21cd60746f09721ee63cf2c97d8c\",\"name\":\"Vincenti Volont\u00e9 Comunicazione\",\"image\":{\"@type\":\"ImageObject\",\"inLanguage\":\"it-IT\",\"@id\":\"https:\/\/socialdesignmagazine.com\/mag\/wp-content\/uploads\/2016\/10\/Triangoli-100x66.jpg\",\"url\":\"https:\/\/socialdesignmagazine.com\/mag\/wp-content\/uploads\/2016\/10\/Triangoli-100x66.jpg\",\"contentUrl\":\"https:\/\/socialdesignmagazine.com\/mag\/wp-content\/uploads\/2016\/10\/Triangoli-100x66.jpg\",\"caption\":\"Vincenti Volont\u00e9 Comunicazione\"},\"description\":\"International design press office.\",\"sameAs\":[\"http:\/\/www.mdip.it\",\"https:\/\/www.facebook.com\/VincentiVolonteComunicazione\/\"],\"url\":\"https:\/\/socialdesignmagazine.com\/mag\/author\/vincenticomunicazione\/\"}]}<\/script>\n<!-- \/ Yoast SEO plugin. -->","yoast_head_json":{"title":"La Tavola, una nuova frontiera dell\u2019ospitalit\u00e0 privata anche outdoor - Social Design Magazine","description":"La Tavola da oltre 20 anni anticipa le tendenze con soluzioni table top per la clientela pi\u00f9 sofisticata dove design, tecnologia e funzionalit\u00e0 si fondono per esprimere eleganza, raffinatezza e modernit\u00e0.","robots":{"index":"index","follow":"follow","max-snippet":"max-snippet:-1","max-image-preview":"max-image-preview:large","max-video-preview":"max-video-preview:-1"},"canonical":"https:\/\/socialdesignmagazine.com\/mag\/news\/prodotti\/la-tavola-una-nuova-frontiera-dellospitalita-privata-anche-outdoor\/","og_locale":"it_IT","og_type":"article","og_title":"La Tavola, una nuova frontiera dell\u2019ospitalit\u00e0 privata anche outdoor - Social Design Magazine","og_description":"La Tavola da oltre 20 anni anticipa le tendenze con soluzioni table top per la clientela pi\u00f9 sofisticata dove design, tecnologia e funzionalit\u00e0 si fondono per esprimere eleganza, raffinatezza e modernit\u00e0.","og_url":"http:\/\/socialdesignmagazine.com\/mag\/news\/prodotti\/la-tavola-una-nuova-frontiera-dellospitalita-privata-anche-outdoor\/","og_site_name":"Social Design Magazine","article_publisher":"https:\/\/www.facebook.com\/socialdesignmag","article_author":"https:\/\/www.facebook.com\/VincentiVolonteComunicazione\/","article_published_time":"2018-08-13T08:26:54+00:00","article_modified_time":"2021-07-02T15:10:21+00:00","og_image":[{"width":1500,"height":1000,"url":"https:\/\/socialdesignmagazine.com\/mag\/wp-content\/uploads\/2018\/07\/La Tavola_Kitchen&Party_Carts_amb_17_low-0.jpg","type":"image\/jpeg"}],"author":"Vincenti Volont\u00e9 Comunicazione","twitter_card":"summary_large_image","twitter_creator":"@socialdesignmag","twitter_site":"@socialdesignmag","twitter_misc":{"Scritto da":"Vincenti Volont\u00e9 Comunicazione","Tempo di lettura stimato":"1 minuto"},"schema":{"@context":"https:\/\/schema.org","@graph":[{"@type":"Article","@id":"https:\/\/socialdesignmagazine.com\/mag\/news\/prodotti\/la-tavola-una-nuova-frontiera-dellospitalita-privata-anche-outdoor\/#article","isPartOf":{"@id":"https:\/\/socialdesignmagazine.com\/mag\/news\/prodotti\/la-tavola-una-nuova-frontiera-dellospitalita-privata-anche-outdoor\/"},"author":{"name":"Vincenti Volont\u00e9 Comunicazione","@id":"https:\/\/socialdesignmagazine.com\/mag\/#\/schema\/person\/a2ae21cd60746f09721ee63cf2c97d8c"},"headline":"La Tavola, una nuova frontiera dell\u2019ospitalit\u00e0 privata anche outdoor","datePublished":"2018-08-13T08:26:54+00:00","dateModified":"2021-07-02T15:10:21+00:00","mainEntityOfPage":{"@id":"https:\/\/socialdesignmagazine.com\/mag\/news\/prodotti\/la-tavola-una-nuova-frontiera-dellospitalita-privata-anche-outdoor\/"},"wordCount":137,"commentCount":0,"publisher":{"@id":"https:\/\/socialdesignmagazine.com\/mag\/#organization"},"image":{"@id":"https:\/\/socialdesignmagazine.com\/mag\/news\/prodotti\/la-tavola-una-nuova-frontiera-dellospitalita-privata-anche-outdoor\/#primaryimage"},"thumbnailUrl":"https:\/\/socialdesignmagazine.com\/mag\/wp-content\/uploads\/2018\/07\/La Tavola_Kitchen&Party_Carts_amb_17_low-0.jpg","keywords":["carrelli cucina","cucina","cucina per esterni","eurocucina 2018","Kitchen &amp; Party Carts","La Tavola","outdoor","Sambonet"],"articleSection":["Prodotti"],"inLanguage":"it-IT","potentialAction":[{"@type":"CommentAction","name":"Comment","target":["https:\/\/socialdesignmagazine.com\/mag\/news\/prodotti\/la-tavola-una-nuova-frontiera-dellospitalita-privata-anche-outdoor\/#respond"]}]},{"@type":"WebPage","@id":"https:\/\/socialdesignmagazine.com\/mag\/news\/prodotti\/la-tavola-una-nuova-frontiera-dellospitalita-privata-anche-outdoor\/","url":"https:\/\/socialdesignmagazine.com\/mag\/news\/prodotti\/la-tavola-una-nuova-frontiera-dellospitalita-privata-anche-outdoor\/","name":"La Tavola, una nuova frontiera dell\u2019ospitalit\u00e0 privata anche outdoor - Social Design Magazine","isPartOf":{"@id":"https:\/\/socialdesignmagazine.com\/mag\/#website"},"primaryImageOfPage":{"@id":"https:\/\/socialdesignmagazine.com\/mag\/news\/prodotti\/la-tavola-una-nuova-frontiera-dellospitalita-privata-anche-outdoor\/#primaryimage"},"image":{"@id":"https:\/\/socialdesignmagazine.com\/mag\/news\/prodotti\/la-tavola-una-nuova-frontiera-dellospitalita-privata-anche-outdoor\/#primaryimage"},"thumbnailUrl":"https:\/\/socialdesignmagazine.com\/mag\/wp-content\/uploads\/2018\/07\/La Tavola_Kitchen&Party_Carts_amb_17_low-0.jpg","datePublished":"2018-08-13T08:26:54+00:00","dateModified":"2021-07-02T15:10:21+00:00","description":"La Tavola da oltre 20 anni anticipa le tendenze con soluzioni table top per la clientela pi\u00f9 sofisticata dove design, tecnologia e funzionalit\u00e0 si fondono per esprimere eleganza, raffinatezza e modernit\u00e0.","breadcrumb":{"@id":"https:\/\/socialdesignmagazine.com\/mag\/news\/prodotti\/la-tavola-una-nuova-frontiera-dellospitalita-privata-anche-outdoor\/#breadcrumb"},"inLanguage":"it-IT","potentialAction":[{"@type":"ReadAction","target":["https:\/\/socialdesignmagazine.com\/mag\/news\/prodotti\/la-tavola-una-nuova-frontiera-dellospitalita-privata-anche-outdoor\/"]}]},{"@type":"ImageObject","inLanguage":"it-IT","@id":"https:\/\/socialdesignmagazine.com\/mag\/news\/prodotti\/la-tavola-una-nuova-frontiera-dellospitalita-privata-anche-outdoor\/#primaryimage","url":"https:\/\/socialdesignmagazine.com\/mag\/wp-content\/uploads\/2018\/07\/La Tavola_Kitchen&Party_Carts_amb_17_low-0.jpg","contentUrl":"https:\/\/socialdesignmagazine.com\/mag\/wp-content\/uploads\/2018\/07\/La Tavola_Kitchen&Party_Carts_amb_17_low-0.jpg","width":1500,"height":1000,"caption":"La Tavola Kitchen"},{"@type":"BreadcrumbList","@id":"https:\/\/socialdesignmagazine.com\/mag\/news\/prodotti\/la-tavola-una-nuova-frontiera-dellospitalita-privata-anche-outdoor\/#breadcrumb","itemListElement":[{"@type":"ListItem","position":1,"name":"Home","item":"https:\/\/socialdesignmagazine.com\/mag\/"},{"@type":"ListItem","position":2,"name":"News","item":"https:\/\/socialdesignmagazine.com\/mag\/news\/"},{"@type":"ListItem","position":3,"name":"Prodotti","item":"https:\/\/socialdesignmagazine.com\/mag\/news\/prodotti\/"},{"@type":"ListItem","position":4,"name":"La Tavola, una nuova frontiera dell\u2019ospitalit\u00e0 privata anche outdoor"}]},{"@type":"WebSite","@id":"https:\/\/socialdesignmagazine.com\/mag\/#website","url":"https:\/\/socialdesignmagazine.com\/mag\/","name":"Social Design Magazine","description":"Social Magazine su Design, Architettura, Arte, Grafica","publisher":{"@id":"https:\/\/socialdesignmagazine.com\/mag\/#organization"},"potentialAction":[{"@type":"SearchAction","target":{"@type":"EntryPoint","urlTemplate":"https:\/\/socialdesignmagazine.com\/mag\/?s={search_term_string}"},"query-input":{"@type":"PropertyValueSpecification","valueRequired":true,"valueName":"search_term_string"}}],"inLanguage":"it-IT"},{"@type":"Organization","@id":"https:\/\/socialdesignmagazine.com\/mag\/#organization","name":"Social Design Magazine","url":"https:\/\/socialdesignmagazine.com\/mag\/","logo":{"@type":"ImageObject","inLanguage":"it-IT","@id":"https:\/\/socialdesignmagazine.com\/mag\/#\/schema\/logo\/image\/","url":"https:\/\/socialdesignmagazine.com\/mag\/wp-content\/uploads\/2017\/01\/logo_favicon_11.png","contentUrl":"https:\/\/socialdesignmagazine.com\/mag\/wp-content\/uploads\/2017\/01\/logo_favicon_11.png","width":1024,"height":1024,"caption":"Social Design Magazine"},"image":{"@id":"https:\/\/socialdesignmagazine.com\/mag\/#\/schema\/logo\/image\/"},"sameAs":["https:\/\/www.facebook.com\/socialdesignmag","https:\/\/x.com\/socialdesignmag","http:\/\/instagram.com\/social_design_magazine\/","http:\/\/pinterest.com\/socialdesignmag\/","http:\/\/www.youtube.com\/user\/socialdesignmagazine"]},{"@type":"Person","@id":"https:\/\/socialdesignmagazine.com\/mag\/#\/schema\/person\/a2ae21cd60746f09721ee63cf2c97d8c","name":"Vincenti Volont\u00e9 Comunicazione","image":{"@type":"ImageObject","inLanguage":"it-IT","@id":"https:\/\/socialdesignmagazine.com\/mag\/wp-content\/uploads\/2016\/10\/Triangoli-100x66.jpg","url":"https:\/\/socialdesignmagazine.com\/mag\/wp-content\/uploads\/2016\/10\/Triangoli-100x66.jpg","contentUrl":"https:\/\/socialdesignmagazine.com\/mag\/wp-content\/uploads\/2016\/10\/Triangoli-100x66.jpg","caption":"Vincenti Volont\u00e9 Comunicazione"},"description":"International design press office.","sameAs":["http:\/\/www.mdip.it","https:\/\/www.facebook.com\/VincentiVolonteComunicazione\/"],"url":"https:\/\/socialdesignmagazine.com\/mag\/author\/vincenticomunicazione\/"}]}},"jetpack_featured_media_url":"https:\/\/socialdesignmagazine.com\/mag\/wp-content\/uploads\/2018\/07\/La Tavola_Kitchen&Party_Carts_amb_17_low-0.jpg","jetpack_sharing_enabled":true,"jetpack_shortlink":"https:\/\/wp.me\/p6cV7V-95Q","gt_translate_keys":[{"key":"link","format":"url"}],"_links":{"self":[{"href":"https:\/\/socialdesignmagazine.com\/mag\/wp-json\/wp\/v2\/posts\/34958","targetHints":{"allow":["GET"]}}],"collection":[{"href":"https:\/\/socialdesignmagazine.com\/mag\/wp-json\/wp\/v2\/posts"}],"about":[{"href":"https:\/\/socialdesignmagazine.com\/mag\/wp-json\/wp\/v2\/types\/post"}],"author":[{"embeddable":true,"href":"https:\/\/socialdesignmagazine.com\/mag\/wp-json\/wp\/v2\/users\/615"}],"replies":[{"embeddable":true,"href":"https:\/\/socialdesignmagazine.com\/mag\/wp-json\/wp\/v2\/comments?post=34958"}],"version-history":[{"count":4,"href":"https:\/\/socialdesignmagazine.com\/mag\/wp-json\/wp\/v2\/posts\/34958\/revisions"}],"predecessor-version":[{"id":42424,"href":"https:\/\/socialdesignmagazine.com\/mag\/wp-json\/wp\/v2\/posts\/34958\/revisions\/42424"}],"wp:featuredmedia":[{"embeddable":true,"href":"https:\/\/socialdesignmagazine.com\/mag\/wp-json\/wp\/v2\/media\/34960"}],"wp:attachment":[{"href":"https:\/\/socialdesignmagazine.com\/mag\/wp-json\/wp\/v2\/media?parent=34958"}],"wp:term":[{"taxonomy":"category","embeddable":true,"href":"https:\/\/socialdesignmagazine.com\/mag\/wp-json\/wp\/v2\/categories?post=34958"},{"taxonomy":"post_tag","embeddable":true,"href":"https:\/\/socialdesignmagazine.com\/mag\/wp-json\/wp\/v2\/tags?post=34958"}],"curies":[{"name":"wp","href":"https:\/\/api.w.org\/{rel}","templated":true}]}}