{"id":34995,"date":"2018-07-21T09:00:17","date_gmt":"2018-07-21T07:00:17","guid":{"rendered":"https:\/\/socialdesignmagazine.com\/mag\/?p=34995"},"modified":"2018-07-21T12:48:57","modified_gmt":"2018-07-21T10:48:57","slug":"il-collettivo-vagaluna-firma-il-teaser-del-festival-agenda-brasil-2018-il-tema-e-la-fusione-di-due-culture","status":"publish","type":"post","link":"https:\/\/socialdesignmagazine.com\/mag\/visual\/il-collettivo-vagaluna-firma-il-teaser-del-festival-agenda-brasil-2018-il-tema-e-la-fusione-di-due-culture\/","title":{"rendered":"Il collettivo Vagaluna firma il teaser del festival Agenda Brasil 2018, il tema \u00e8 la fusione di due culture","gt_translate_keys":[{"key":"rendered","format":"text"}]},"content":{"rendered":"<p>\u00c8 firmato dal collettivo Vagaluna, il teaser della settima edizione del festival di cinema e cultura brasiliana Agenda Brasil\u200b, che si terr\u00e0 dal 17 al 29 luglio\u200b, in diversi luoghi di Milano. L\u2019evento \u2013 che grazie alla sua intensa e ricercata programmazione si conferma come il pi\u00f9 importante sul Brasile in Italia &#8211; \u00e8 promosso dall\u2019Associazione Vagaluna, \u200brealizzato in collaborazione con la Fondazione Cineteca Italiana\u200b e il Padiglione d\u2019Arte Contemporanea (PAC)\u200b &#8211; Comune di Milano\u200b, con l\u2019investimento del Fondo del Settore Audiovisivo\/Ancine\u200b ed il contributo del Consolato-Generale del Brasile a Milano\u200b, e con il patrocinio dell\u2019Ambasciata del Brasile a Roma\u200b.<\/p>\n<p><em>&#8220;Il film di presentazione di Agenda Brasil \u00e8 nato dall\u2019incontro di un gruppo di professioniste brasiliane che&nbsp;<\/em><em>risiedono e lavorano in Italia e trasmette le impressioni di persone che hanno lasciato il loro paese per scelta e&nbsp;<\/em><em>si dilettano a scoprire la nuova cultura di adozione senza abbandonare le proprie radici. Vogliamo condividere&nbsp;<\/em><em>con gli italiani una caratteristica del Brasile che \u00e8 la capacit\u00e0 di mescolare diverse influenze culturali; oltre a&nbsp;<\/em><em>restituire l&#8217;accoglienza con il nostro sguardo di incanto per le bellezze dell&#8217;Italia&#8221;<\/em>, spiega la regista Joana Skiavini, che ha diretto e realizzato il montaggio del teaser.<\/p>\n<p><strong>Nel video, l\u2019attrice Luci Macedo recita inizialmente in italiano e finisce parlando in portoghese per mostrare la fusione tra le due culture.<\/strong> Inoltre, la sceneggiatura adatta un frammento del poema \u201cItinerario\u201d, di Abgar Renault, per alludere al tema del viaggio.<\/p>\n<p>In occasione di Agenda Brasil, ci si potr\u00e0 tuffare nella multiculturalit\u00e0 della pi\u00f9 grande nazione del Sudamerica attraverso cinema, arte contemporanea, musica, danza, letteratura, racconti. La rassegna cinematografica occuper\u00e0 la Cineteca &#8211; Spazio Oberdan con 16 lungometraggi \u200bsottotitolati,\u200b di cui 14 in competizione, dal 17 al 22 luglio. Per i cinefili, l\u2019offerta \u00e8 ricca di pellicole che rappresentano la forza del cinemacontemporaneo brasiliano, tra fiction e documentari che saranno giudicati da specialisti del cinema ed esperti del mondo culturale lusofono.<\/p>\n<p>Nella gara, distinta tra queste due sezioni, si spazier\u00e0 da ritratti di personaggi famosi al racconto in cui la lingua portoghese fa da protagonista, dal dramma alla commedia, dal thriller al road movie, passando per il realismo fantastico.<\/p>\n<p><iframe loading=\"lazy\" style=\"border: none; overflow: hidden;\" src=\"https:\/\/www.facebook.com\/plugins\/video.php?href=https%3A%2F%2Fwww.facebook.com%2Fagendabrasil2017%2Fvideos%2F1723971094388316%2F&amp;show_text=0&amp;width=880\" width=\"880\" height=\"494\" frameborder=\"0\" scrolling=\"no\" allowfullscreen=\"allowfullscreen\"><span data-mce-type=\"bookmark\" style=\"display: inline-block; width: 0px; overflow: hidden; line-height: 0;\" class=\"mce_SELRES_start\">\ufeff<\/span><\/iframe><\/p>\n<p>Per saperne di pi\u00f9 sul programma del festival Agenda Barasil seguire questo <a rel=\"nofollow\" href=\"http:\/\/vagaluna.it\/ita\/rassegne-festival\/agenda-brasil-milano\/agenda-brasil-milano-2018.html\">link<\/a><a href=\"https:\/\/socialdesignmagazine.com\/mag\/blog\/visual\/il-collettivo-vagaluna-firma-il-teaser-del-festival-agenda-brasil-2018-il-tema-e-la-fusione-di-due-culture\/attachment\/imagem-ab2018\/#content\" rel=\"attachment wp-att-34999\"><img loading=\"lazy\" decoding=\"async\" data-attachment-id=\"34999\" data-permalink=\"https:\/\/socialdesignmagazine.com\/mag\/visual\/il-collettivo-vagaluna-firma-il-teaser-del-festival-agenda-brasil-2018-il-tema-e-la-fusione-di-due-culture\/attachment\/imagem-ab2018\/#content\" data-orig-file=\"https:\/\/socialdesignmagazine.com\/mag\/wp-content\/uploads\/2018\/07\/Imagem-AB2018.png\" data-orig-size=\"460,532\" data-comments-opened=\"1\" data-image-meta=\"{&quot;aperture&quot;:&quot;0&quot;,&quot;credit&quot;:&quot;&quot;,&quot;camera&quot;:&quot;&quot;,&quot;caption&quot;:&quot;&quot;,&quot;created_timestamp&quot;:&quot;0&quot;,&quot;copyright&quot;:&quot;&quot;,&quot;focal_length&quot;:&quot;0&quot;,&quot;iso&quot;:&quot;0&quot;,&quot;shutter_speed&quot;:&quot;0&quot;,&quot;title&quot;:&quot;&quot;,&quot;orientation&quot;:&quot;0&quot;}\" data-image-title=\"Imagem AB2018\" data-image-description=\"\" data-image-caption=\"\" data-medium-file=\"https:\/\/socialdesignmagazine.com\/mag\/wp-content\/uploads\/2018\/07\/Imagem-AB2018-438x283.png\" data-large-file=\"https:\/\/socialdesignmagazine.com\/mag\/wp-content\/uploads\/2018\/07\/Imagem-AB2018.png\" class=\"size-full wp-image-34999 aligncenter\" src=\"https:\/\/socialdesignmagazine.com\/mag\/wp-content\/uploads\/2018\/07\/Imagem-AB2018.png\" alt=\"festival agenda brasil 2018\" width=\"460\" height=\"532\"><\/a><br \/>\n<strong>Credits:<\/strong><br \/>\n<strong>Teaser:<\/strong> Agenda Brasil 2018<br \/>\n<strong>Creazione:<\/strong> Collettivo Vagaluna<br \/>\n<strong>Produzione esecutiva:<\/strong> Regina Nadaes Marques e Luci Macedo<br \/>\n<strong>Regia e montaggio:<\/strong> Joana Skiavini<br \/>\n<strong>Attrice:<\/strong> Luci Macedo<br \/>\n<strong>Arte:<\/strong> Adriana Faria<br \/>\n<strong>Edizione Web e Progetto Grafico:<\/strong> Eliane Cecilia Piccardi<br \/>\n<strong>Consulenza Marketing Digital:<\/strong> Vanessa Lopes Alvares<br \/>\n<strong>Suono:<\/strong> Fabrizio Fini<br \/>\nVoci registrate presso Navegante<br \/>\n<strong>Musica:<\/strong> Rinaldo Donati &#8211; Vaporosa<\/p>\n","protected":false,"gt_translate_keys":[{"key":"rendered","format":"html"}]},"excerpt":{"rendered":"<p>La fusione di due culture \u00e8 il tema del teaser dell&#8217;edizione 2018 del festival di cinema brasiliano Agenda Brasil. Dal 17 al 19 luglio a Milano.<\/p>\n","protected":false,"gt_translate_keys":[{"key":"rendered","format":"html"}]},"author":1,"featured_media":34999,"comment_status":"open","ping_status":"open","sticky":false,"template":"","format":"standard","meta":{"jetpack_post_was_ever_published":false,"_jetpack_newsletter_access":"","_jetpack_dont_email_post_to_subs":false,"_jetpack_newsletter_tier_id":0,"_jetpack_memberships_contains_paywalled_content":false,"_jetpack_memberships_contains_paid_content":false,"footnotes":"","_wpscppro_dont_share_socialmedia":false,"_wpscppro_custom_social_share_image":0,"_facebook_share_type":"","_twitter_share_type":"","_linkedin_share_type":"","_pinterest_share_type":"","_linkedin_share_type_page":"","_instagram_share_type":"","_medium_share_type":"","_threads_share_type":"","_google_business_share_type":"","_selected_social_profile":[],"_wpsp_enable_custom_social_template":false,"_wpsp_social_scheduling":{"enabled":false,"datetime":null,"platforms":[],"status":"template_only","dateOption":"today","timeOption":"now","customDays":"","customHours":"","customDate":"","customTime":"","schedulingType":"absolute"},"_wpsp_active_default_template":true},"categories":[12],"tags":[4993,181,2010],"class_list":["post-34995","post","type-post","status-publish","format-standard","has-post-thumbnail","hentry","category-visual","tag-featured","tag-milano","tag-visual-art"],"yoast_head":"<!-- This site is optimized with the Yoast SEO plugin v27.2 - https:\/\/yoast.com\/product\/yoast-seo-wordpress\/ -->\n<title>Il collettivo Vagaluna firma il teaser del festival Agenda Brasil 2018, il tema \u00e8 la fusione di due culture - Social Design Magazine %<\/title>\n<meta name=\"description\" content=\"La fusione di due culture \u00e8 il tema del teaser dell&#039;edizione 2018 del festival di cinema brasiliano Agenda Brasil. Dal 17 al 19 luglio a Milano.\" \/>\n<meta name=\"robots\" content=\"index, follow, max-snippet:-1, max-image-preview:large, max-video-preview:-1\" \/>\n<link rel=\"canonical\" href=\"https:\/\/socialdesignmagazine.com\/mag\/visual\/il-collettivo-vagaluna-firma-il-teaser-del-festival-agenda-brasil-2018-il-tema-e-la-fusione-di-due-culture\/\" \/>\n<meta property=\"og:locale\" content=\"it_IT\" \/>\n<meta property=\"og:type\" content=\"article\" \/>\n<meta property=\"og:title\" content=\"Il collettivo Vagaluna firma il teaser del festival Agenda Brasil 2018, il tema \u00e8 la fusione di due culture - Social Design Magazine %\" \/>\n<meta property=\"og:description\" content=\"La fusione di due culture \u00e8 il tema del teaser dell&#039;edizione 2018 del festival di cinema brasiliano Agenda Brasil. Dal 17 al 19 luglio a Milano.\" \/>\n<meta property=\"og:url\" content=\"http:\/\/socialdesignmagazine.com\/mag\/visual\/il-collettivo-vagaluna-firma-il-teaser-del-festival-agenda-brasil-2018-il-tema-e-la-fusione-di-due-culture\/\" \/>\n<meta property=\"og:site_name\" content=\"Social Design Magazine\" \/>\n<meta property=\"article:publisher\" content=\"https:\/\/www.facebook.com\/socialdesignmag\" \/>\n<meta property=\"article:author\" content=\"https:\/\/www.facebook.com\/benedettofiori\" \/>\n<meta property=\"article:published_time\" content=\"2018-07-21T07:00:17+00:00\" \/>\n<meta property=\"article:modified_time\" content=\"2018-07-21T10:48:57+00:00\" \/>\n<meta property=\"og:image\" content=\"https:\/\/socialdesignmagazine.com\/mag\/wp-content\/uploads\/2018\/07\/Imagem-AB2018.png\" \/>\n\t<meta property=\"og:image:width\" content=\"460\" \/>\n\t<meta property=\"og:image:height\" content=\"532\" \/>\n\t<meta property=\"og:image:type\" content=\"image\/png\" \/>\n<meta name=\"author\" content=\"Benedetto Fiori\" \/>\n<meta name=\"twitter:card\" content=\"summary_large_image\" \/>\n<meta name=\"twitter:creator\" content=\"@benedettofiori\" \/>\n<meta name=\"twitter:site\" content=\"@socialdesignmag\" \/>\n<meta name=\"twitter:label1\" content=\"Scritto da\" \/>\n\t<meta name=\"twitter:data1\" content=\"Benedetto Fiori\" \/>\n\t<meta name=\"twitter:label2\" content=\"Tempo di lettura stimato\" \/>\n\t<meta name=\"twitter:data2\" content=\"2 minuti\" \/>\n<script type=\"application\/ld+json\" class=\"yoast-schema-graph\">{\"@context\":\"https:\/\/schema.org\",\"@graph\":[{\"@type\":\"Article\",\"@id\":\"https:\/\/socialdesignmagazine.com\/mag\/visual\/il-collettivo-vagaluna-firma-il-teaser-del-festival-agenda-brasil-2018-il-tema-e-la-fusione-di-due-culture\/#article\",\"isPartOf\":{\"@id\":\"https:\/\/socialdesignmagazine.com\/mag\/visual\/il-collettivo-vagaluna-firma-il-teaser-del-festival-agenda-brasil-2018-il-tema-e-la-fusione-di-due-culture\/\"},\"author\":{\"name\":\"Benedetto Fiori\",\"@id\":\"https:\/\/socialdesignmagazine.com\/mag\/#\/schema\/person\/61e20205cc363c315e6aabd33a045846\"},\"headline\":\"Il collettivo Vagaluna firma il teaser del festival Agenda Brasil 2018, il tema \u00e8 la fusione di due culture\",\"datePublished\":\"2018-07-21T07:00:17+00:00\",\"dateModified\":\"2018-07-21T10:48:57+00:00\",\"mainEntityOfPage\":{\"@id\":\"https:\/\/socialdesignmagazine.com\/mag\/visual\/il-collettivo-vagaluna-firma-il-teaser-del-festival-agenda-brasil-2018-il-tema-e-la-fusione-di-due-culture\/\"},\"wordCount\":440,\"commentCount\":0,\"publisher\":{\"@id\":\"https:\/\/socialdesignmagazine.com\/mag\/#organization\"},\"image\":{\"@id\":\"https:\/\/socialdesignmagazine.com\/mag\/visual\/il-collettivo-vagaluna-firma-il-teaser-del-festival-agenda-brasil-2018-il-tema-e-la-fusione-di-due-culture\/#primaryimage\"},\"thumbnailUrl\":\"https:\/\/socialdesignmagazine.com\/mag\/wp-content\/uploads\/2018\/07\/Imagem-AB2018.png\",\"keywords\":[\"featured\",\"milano\",\"visual art\"],\"articleSection\":[\"Visual\"],\"inLanguage\":\"it-IT\",\"potentialAction\":[{\"@type\":\"CommentAction\",\"name\":\"Comment\",\"target\":[\"https:\/\/socialdesignmagazine.com\/mag\/visual\/il-collettivo-vagaluna-firma-il-teaser-del-festival-agenda-brasil-2018-il-tema-e-la-fusione-di-due-culture\/#respond\"]}]},{\"@type\":\"WebPage\",\"@id\":\"https:\/\/socialdesignmagazine.com\/mag\/visual\/il-collettivo-vagaluna-firma-il-teaser-del-festival-agenda-brasil-2018-il-tema-e-la-fusione-di-due-culture\/\",\"url\":\"https:\/\/socialdesignmagazine.com\/mag\/visual\/il-collettivo-vagaluna-firma-il-teaser-del-festival-agenda-brasil-2018-il-tema-e-la-fusione-di-due-culture\/\",\"name\":\"Il collettivo Vagaluna firma il teaser del festival Agenda Brasil 2018, il tema \u00e8 la fusione di due culture - Social Design Magazine %\",\"isPartOf\":{\"@id\":\"https:\/\/socialdesignmagazine.com\/mag\/#website\"},\"primaryImageOfPage\":{\"@id\":\"https:\/\/socialdesignmagazine.com\/mag\/visual\/il-collettivo-vagaluna-firma-il-teaser-del-festival-agenda-brasil-2018-il-tema-e-la-fusione-di-due-culture\/#primaryimage\"},\"image\":{\"@id\":\"https:\/\/socialdesignmagazine.com\/mag\/visual\/il-collettivo-vagaluna-firma-il-teaser-del-festival-agenda-brasil-2018-il-tema-e-la-fusione-di-due-culture\/#primaryimage\"},\"thumbnailUrl\":\"https:\/\/socialdesignmagazine.com\/mag\/wp-content\/uploads\/2018\/07\/Imagem-AB2018.png\",\"datePublished\":\"2018-07-21T07:00:17+00:00\",\"dateModified\":\"2018-07-21T10:48:57+00:00\",\"description\":\"La fusione di due culture \u00e8 il tema del teaser dell'edizione 2018 del festival di cinema brasiliano Agenda Brasil. Dal 17 al 19 luglio a Milano.\",\"breadcrumb\":{\"@id\":\"https:\/\/socialdesignmagazine.com\/mag\/visual\/il-collettivo-vagaluna-firma-il-teaser-del-festival-agenda-brasil-2018-il-tema-e-la-fusione-di-due-culture\/#breadcrumb\"},\"inLanguage\":\"it-IT\",\"potentialAction\":[{\"@type\":\"ReadAction\",\"target\":[\"https:\/\/socialdesignmagazine.com\/mag\/visual\/il-collettivo-vagaluna-firma-il-teaser-del-festival-agenda-brasil-2018-il-tema-e-la-fusione-di-due-culture\/\"]}]},{\"@type\":\"ImageObject\",\"inLanguage\":\"it-IT\",\"@id\":\"https:\/\/socialdesignmagazine.com\/mag\/visual\/il-collettivo-vagaluna-firma-il-teaser-del-festival-agenda-brasil-2018-il-tema-e-la-fusione-di-due-culture\/#primaryimage\",\"url\":\"https:\/\/socialdesignmagazine.com\/mag\/wp-content\/uploads\/2018\/07\/Imagem-AB2018.png\",\"contentUrl\":\"https:\/\/socialdesignmagazine.com\/mag\/wp-content\/uploads\/2018\/07\/Imagem-AB2018.png\",\"width\":460,\"height\":532,\"caption\":\"festival agenda brasil 2018\"},{\"@type\":\"BreadcrumbList\",\"@id\":\"https:\/\/socialdesignmagazine.com\/mag\/visual\/il-collettivo-vagaluna-firma-il-teaser-del-festival-agenda-brasil-2018-il-tema-e-la-fusione-di-due-culture\/#breadcrumb\",\"itemListElement\":[{\"@type\":\"ListItem\",\"position\":1,\"name\":\"Home\",\"item\":\"https:\/\/socialdesignmagazine.com\/mag\/\"},{\"@type\":\"ListItem\",\"position\":2,\"name\":\"Visual\",\"item\":\"https:\/\/socialdesignmagazine.com\/mag\/visual\/\"},{\"@type\":\"ListItem\",\"position\":3,\"name\":\"Il collettivo Vagaluna firma il teaser del festival Agenda Brasil 2018, il tema \u00e8 la fusione di due culture\"}]},{\"@type\":\"WebSite\",\"@id\":\"https:\/\/socialdesignmagazine.com\/mag\/#website\",\"url\":\"https:\/\/socialdesignmagazine.com\/mag\/\",\"name\":\"Social Design Magazine\",\"description\":\"Social Magazine su Design, Architettura, Arte, Grafica\",\"publisher\":{\"@id\":\"https:\/\/socialdesignmagazine.com\/mag\/#organization\"},\"potentialAction\":[{\"@type\":\"SearchAction\",\"target\":{\"@type\":\"EntryPoint\",\"urlTemplate\":\"https:\/\/socialdesignmagazine.com\/mag\/?s={search_term_string}\"},\"query-input\":{\"@type\":\"PropertyValueSpecification\",\"valueRequired\":true,\"valueName\":\"search_term_string\"}}],\"inLanguage\":\"it-IT\"},{\"@type\":\"Organization\",\"@id\":\"https:\/\/socialdesignmagazine.com\/mag\/#organization\",\"name\":\"Social Design Magazine\",\"url\":\"https:\/\/socialdesignmagazine.com\/mag\/\",\"logo\":{\"@type\":\"ImageObject\",\"inLanguage\":\"it-IT\",\"@id\":\"https:\/\/socialdesignmagazine.com\/mag\/#\/schema\/logo\/image\/\",\"url\":\"https:\/\/socialdesignmagazine.com\/mag\/wp-content\/uploads\/2017\/01\/logo_favicon_11.png\",\"contentUrl\":\"https:\/\/socialdesignmagazine.com\/mag\/wp-content\/uploads\/2017\/01\/logo_favicon_11.png\",\"width\":1024,\"height\":1024,\"caption\":\"Social Design Magazine\"},\"image\":{\"@id\":\"https:\/\/socialdesignmagazine.com\/mag\/#\/schema\/logo\/image\/\"},\"sameAs\":[\"https:\/\/www.facebook.com\/socialdesignmag\",\"https:\/\/x.com\/socialdesignmag\",\"http:\/\/instagram.com\/social_design_magazine\/\",\"http:\/\/pinterest.com\/socialdesignmag\/\",\"http:\/\/www.youtube.com\/user\/socialdesignmagazine\"]},{\"@type\":\"Person\",\"@id\":\"https:\/\/socialdesignmagazine.com\/mag\/#\/schema\/person\/61e20205cc363c315e6aabd33a045846\",\"name\":\"Benedetto Fiori\",\"image\":{\"@type\":\"ImageObject\",\"inLanguage\":\"it-IT\",\"@id\":\"https:\/\/secure.gravatar.com\/avatar\/450a48cefa36da63d920ad70aa660bd10725b1c6093800242e5efdb397759033?s=96&d=mm&r=g\",\"url\":\"https:\/\/secure.gravatar.com\/avatar\/450a48cefa36da63d920ad70aa660bd10725b1c6093800242e5efdb397759033?s=96&d=mm&r=g\",\"contentUrl\":\"https:\/\/secure.gravatar.com\/avatar\/450a48cefa36da63d920ad70aa660bd10725b1c6093800242e5efdb397759033?s=96&d=mm&r=g\",\"caption\":\"Benedetto Fiori\"},\"description\":\"Web | Twitter | Facebook | Shutterstock Founder &amp; Editor in Chief di Social Design Magazine. Attratto da sempre da tutto ci\u00f2 che \u00e8 creativit\u00e0, design, architettura. Dopo aver studiato Architettura all'Universit\u00e0 di Firenze, si \u00e8 impegnato in molteplici campi: comunicazione grafica, progettazione di allestimenti fieristici, brand design, Interior Design.\",\"sameAs\":[\"http:\/\/benedettofiori.com\",\"https:\/\/www.facebook.com\/benedettofiori\",\"https:\/\/x.com\/benedettofiori\"],\"url\":\"https:\/\/socialdesignmagazine.com\/mag\/author\/benedetto\/\"}]}<\/script>\n<!-- \/ Yoast SEO plugin. -->","yoast_head_json":{"title":"Il collettivo Vagaluna firma il teaser del festival Agenda Brasil 2018, il tema \u00e8 la fusione di due culture - Social Design Magazine %","description":"La fusione di due culture \u00e8 il tema del teaser dell'edizione 2018 del festival di cinema brasiliano Agenda Brasil. Dal 17 al 19 luglio a Milano.","robots":{"index":"index","follow":"follow","max-snippet":"max-snippet:-1","max-image-preview":"max-image-preview:large","max-video-preview":"max-video-preview:-1"},"canonical":"https:\/\/socialdesignmagazine.com\/mag\/visual\/il-collettivo-vagaluna-firma-il-teaser-del-festival-agenda-brasil-2018-il-tema-e-la-fusione-di-due-culture\/","og_locale":"it_IT","og_type":"article","og_title":"Il collettivo Vagaluna firma il teaser del festival Agenda Brasil 2018, il tema \u00e8 la fusione di due culture - Social Design Magazine %","og_description":"La fusione di due culture \u00e8 il tema del teaser dell'edizione 2018 del festival di cinema brasiliano Agenda Brasil. Dal 17 al 19 luglio a Milano.","og_url":"http:\/\/socialdesignmagazine.com\/mag\/visual\/il-collettivo-vagaluna-firma-il-teaser-del-festival-agenda-brasil-2018-il-tema-e-la-fusione-di-due-culture\/","og_site_name":"Social Design Magazine","article_publisher":"https:\/\/www.facebook.com\/socialdesignmag","article_author":"https:\/\/www.facebook.com\/benedettofiori","article_published_time":"2018-07-21T07:00:17+00:00","article_modified_time":"2018-07-21T10:48:57+00:00","og_image":[{"width":460,"height":532,"url":"https:\/\/socialdesignmagazine.com\/mag\/wp-content\/uploads\/2018\/07\/Imagem-AB2018.png","type":"image\/png"}],"author":"Benedetto Fiori","twitter_card":"summary_large_image","twitter_creator":"@benedettofiori","twitter_site":"@socialdesignmag","twitter_misc":{"Scritto da":"Benedetto Fiori","Tempo di lettura stimato":"2 minuti"},"schema":{"@context":"https:\/\/schema.org","@graph":[{"@type":"Article","@id":"https:\/\/socialdesignmagazine.com\/mag\/visual\/il-collettivo-vagaluna-firma-il-teaser-del-festival-agenda-brasil-2018-il-tema-e-la-fusione-di-due-culture\/#article","isPartOf":{"@id":"https:\/\/socialdesignmagazine.com\/mag\/visual\/il-collettivo-vagaluna-firma-il-teaser-del-festival-agenda-brasil-2018-il-tema-e-la-fusione-di-due-culture\/"},"author":{"name":"Benedetto Fiori","@id":"https:\/\/socialdesignmagazine.com\/mag\/#\/schema\/person\/61e20205cc363c315e6aabd33a045846"},"headline":"Il collettivo Vagaluna firma il teaser del festival Agenda Brasil 2018, il tema \u00e8 la fusione di due culture","datePublished":"2018-07-21T07:00:17+00:00","dateModified":"2018-07-21T10:48:57+00:00","mainEntityOfPage":{"@id":"https:\/\/socialdesignmagazine.com\/mag\/visual\/il-collettivo-vagaluna-firma-il-teaser-del-festival-agenda-brasil-2018-il-tema-e-la-fusione-di-due-culture\/"},"wordCount":440,"commentCount":0,"publisher":{"@id":"https:\/\/socialdesignmagazine.com\/mag\/#organization"},"image":{"@id":"https:\/\/socialdesignmagazine.com\/mag\/visual\/il-collettivo-vagaluna-firma-il-teaser-del-festival-agenda-brasil-2018-il-tema-e-la-fusione-di-due-culture\/#primaryimage"},"thumbnailUrl":"https:\/\/socialdesignmagazine.com\/mag\/wp-content\/uploads\/2018\/07\/Imagem-AB2018.png","keywords":["featured","milano","visual art"],"articleSection":["Visual"],"inLanguage":"it-IT","potentialAction":[{"@type":"CommentAction","name":"Comment","target":["https:\/\/socialdesignmagazine.com\/mag\/visual\/il-collettivo-vagaluna-firma-il-teaser-del-festival-agenda-brasil-2018-il-tema-e-la-fusione-di-due-culture\/#respond"]}]},{"@type":"WebPage","@id":"https:\/\/socialdesignmagazine.com\/mag\/visual\/il-collettivo-vagaluna-firma-il-teaser-del-festival-agenda-brasil-2018-il-tema-e-la-fusione-di-due-culture\/","url":"https:\/\/socialdesignmagazine.com\/mag\/visual\/il-collettivo-vagaluna-firma-il-teaser-del-festival-agenda-brasil-2018-il-tema-e-la-fusione-di-due-culture\/","name":"Il collettivo Vagaluna firma il teaser del festival Agenda Brasil 2018, il tema \u00e8 la fusione di due culture - Social Design Magazine %","isPartOf":{"@id":"https:\/\/socialdesignmagazine.com\/mag\/#website"},"primaryImageOfPage":{"@id":"https:\/\/socialdesignmagazine.com\/mag\/visual\/il-collettivo-vagaluna-firma-il-teaser-del-festival-agenda-brasil-2018-il-tema-e-la-fusione-di-due-culture\/#primaryimage"},"image":{"@id":"https:\/\/socialdesignmagazine.com\/mag\/visual\/il-collettivo-vagaluna-firma-il-teaser-del-festival-agenda-brasil-2018-il-tema-e-la-fusione-di-due-culture\/#primaryimage"},"thumbnailUrl":"https:\/\/socialdesignmagazine.com\/mag\/wp-content\/uploads\/2018\/07\/Imagem-AB2018.png","datePublished":"2018-07-21T07:00:17+00:00","dateModified":"2018-07-21T10:48:57+00:00","description":"La fusione di due culture \u00e8 il tema del teaser dell'edizione 2018 del festival di cinema brasiliano Agenda Brasil. Dal 17 al 19 luglio a Milano.","breadcrumb":{"@id":"https:\/\/socialdesignmagazine.com\/mag\/visual\/il-collettivo-vagaluna-firma-il-teaser-del-festival-agenda-brasil-2018-il-tema-e-la-fusione-di-due-culture\/#breadcrumb"},"inLanguage":"it-IT","potentialAction":[{"@type":"ReadAction","target":["https:\/\/socialdesignmagazine.com\/mag\/visual\/il-collettivo-vagaluna-firma-il-teaser-del-festival-agenda-brasil-2018-il-tema-e-la-fusione-di-due-culture\/"]}]},{"@type":"ImageObject","inLanguage":"it-IT","@id":"https:\/\/socialdesignmagazine.com\/mag\/visual\/il-collettivo-vagaluna-firma-il-teaser-del-festival-agenda-brasil-2018-il-tema-e-la-fusione-di-due-culture\/#primaryimage","url":"https:\/\/socialdesignmagazine.com\/mag\/wp-content\/uploads\/2018\/07\/Imagem-AB2018.png","contentUrl":"https:\/\/socialdesignmagazine.com\/mag\/wp-content\/uploads\/2018\/07\/Imagem-AB2018.png","width":460,"height":532,"caption":"festival agenda brasil 2018"},{"@type":"BreadcrumbList","@id":"https:\/\/socialdesignmagazine.com\/mag\/visual\/il-collettivo-vagaluna-firma-il-teaser-del-festival-agenda-brasil-2018-il-tema-e-la-fusione-di-due-culture\/#breadcrumb","itemListElement":[{"@type":"ListItem","position":1,"name":"Home","item":"https:\/\/socialdesignmagazine.com\/mag\/"},{"@type":"ListItem","position":2,"name":"Visual","item":"https:\/\/socialdesignmagazine.com\/mag\/visual\/"},{"@type":"ListItem","position":3,"name":"Il collettivo Vagaluna firma il teaser del festival Agenda Brasil 2018, il tema \u00e8 la fusione di due culture"}]},{"@type":"WebSite","@id":"https:\/\/socialdesignmagazine.com\/mag\/#website","url":"https:\/\/socialdesignmagazine.com\/mag\/","name":"Social Design Magazine","description":"Social Magazine su Design, Architettura, Arte, Grafica","publisher":{"@id":"https:\/\/socialdesignmagazine.com\/mag\/#organization"},"potentialAction":[{"@type":"SearchAction","target":{"@type":"EntryPoint","urlTemplate":"https:\/\/socialdesignmagazine.com\/mag\/?s={search_term_string}"},"query-input":{"@type":"PropertyValueSpecification","valueRequired":true,"valueName":"search_term_string"}}],"inLanguage":"it-IT"},{"@type":"Organization","@id":"https:\/\/socialdesignmagazine.com\/mag\/#organization","name":"Social Design Magazine","url":"https:\/\/socialdesignmagazine.com\/mag\/","logo":{"@type":"ImageObject","inLanguage":"it-IT","@id":"https:\/\/socialdesignmagazine.com\/mag\/#\/schema\/logo\/image\/","url":"https:\/\/socialdesignmagazine.com\/mag\/wp-content\/uploads\/2017\/01\/logo_favicon_11.png","contentUrl":"https:\/\/socialdesignmagazine.com\/mag\/wp-content\/uploads\/2017\/01\/logo_favicon_11.png","width":1024,"height":1024,"caption":"Social Design Magazine"},"image":{"@id":"https:\/\/socialdesignmagazine.com\/mag\/#\/schema\/logo\/image\/"},"sameAs":["https:\/\/www.facebook.com\/socialdesignmag","https:\/\/x.com\/socialdesignmag","http:\/\/instagram.com\/social_design_magazine\/","http:\/\/pinterest.com\/socialdesignmag\/","http:\/\/www.youtube.com\/user\/socialdesignmagazine"]},{"@type":"Person","@id":"https:\/\/socialdesignmagazine.com\/mag\/#\/schema\/person\/61e20205cc363c315e6aabd33a045846","name":"Benedetto Fiori","image":{"@type":"ImageObject","inLanguage":"it-IT","@id":"https:\/\/secure.gravatar.com\/avatar\/450a48cefa36da63d920ad70aa660bd10725b1c6093800242e5efdb397759033?s=96&d=mm&r=g","url":"https:\/\/secure.gravatar.com\/avatar\/450a48cefa36da63d920ad70aa660bd10725b1c6093800242e5efdb397759033?s=96&d=mm&r=g","contentUrl":"https:\/\/secure.gravatar.com\/avatar\/450a48cefa36da63d920ad70aa660bd10725b1c6093800242e5efdb397759033?s=96&d=mm&r=g","caption":"Benedetto Fiori"},"description":"Web | Twitter | Facebook | Shutterstock Founder &amp; Editor in Chief di Social Design Magazine. Attratto da sempre da tutto ci\u00f2 che \u00e8 creativit\u00e0, design, architettura. Dopo aver studiato Architettura all'Universit\u00e0 di Firenze, si \u00e8 impegnato in molteplici campi: comunicazione grafica, progettazione di allestimenti fieristici, brand design, Interior Design.","sameAs":["http:\/\/benedettofiori.com","https:\/\/www.facebook.com\/benedettofiori","https:\/\/x.com\/benedettofiori"],"url":"https:\/\/socialdesignmagazine.com\/mag\/author\/benedetto\/"}]}},"jetpack_featured_media_url":"https:\/\/socialdesignmagazine.com\/mag\/wp-content\/uploads\/2018\/07\/Imagem-AB2018.png","jetpack_sharing_enabled":true,"jetpack_shortlink":"https:\/\/wp.me\/p6cV7V-96r","gt_translate_keys":[{"key":"link","format":"url"}],"_links":{"self":[{"href":"https:\/\/socialdesignmagazine.com\/mag\/wp-json\/wp\/v2\/posts\/34995","targetHints":{"allow":["GET"]}}],"collection":[{"href":"https:\/\/socialdesignmagazine.com\/mag\/wp-json\/wp\/v2\/posts"}],"about":[{"href":"https:\/\/socialdesignmagazine.com\/mag\/wp-json\/wp\/v2\/types\/post"}],"author":[{"embeddable":true,"href":"https:\/\/socialdesignmagazine.com\/mag\/wp-json\/wp\/v2\/users\/1"}],"replies":[{"embeddable":true,"href":"https:\/\/socialdesignmagazine.com\/mag\/wp-json\/wp\/v2\/comments?post=34995"}],"version-history":[{"count":8,"href":"https:\/\/socialdesignmagazine.com\/mag\/wp-json\/wp\/v2\/posts\/34995\/revisions"}],"predecessor-version":[{"id":35005,"href":"https:\/\/socialdesignmagazine.com\/mag\/wp-json\/wp\/v2\/posts\/34995\/revisions\/35005"}],"wp:featuredmedia":[{"embeddable":true,"href":"https:\/\/socialdesignmagazine.com\/mag\/wp-json\/wp\/v2\/media\/34999"}],"wp:attachment":[{"href":"https:\/\/socialdesignmagazine.com\/mag\/wp-json\/wp\/v2\/media?parent=34995"}],"wp:term":[{"taxonomy":"category","embeddable":true,"href":"https:\/\/socialdesignmagazine.com\/mag\/wp-json\/wp\/v2\/categories?post=34995"},{"taxonomy":"post_tag","embeddable":true,"href":"https:\/\/socialdesignmagazine.com\/mag\/wp-json\/wp\/v2\/tags?post=34995"}],"curies":[{"name":"wp","href":"https:\/\/api.w.org\/{rel}","templated":true}]}}