{"id":3511,"date":"2015-02-15T09:00:00","date_gmt":"2015-02-15T08:00:00","guid":{"rendered":"https:\/\/socialdesignmagazine.com\/mag\/s6-design\/c35-design\/ritorno-al-futuro-per-la-sedia-l58-di-lightson\/"},"modified":"2025-04-29T21:47:46","modified_gmt":"2025-04-29T19:47:46","slug":"ritorno-al-futuro-per-la-sedia-l58-di-lightson","status":"publish","type":"post","link":"https:\/\/socialdesignmagazine.com\/mag\/design\/ritorno-al-futuro-per-la-sedia-l58-di-lightson\/","title":{"rendered":"Ritorno al futuro per la sedia L58 di LightsOn","gt_translate_keys":[{"key":"rendered","format":"text"}]},"content":{"rendered":"\n<h2 class=\"wp-block-heading\">Ci sono arredi che con grande disinvoltura riescono a parlarci di contemporaneit\u00e0 ricordandoci chi siamo e da dove veniamo.<\/h2>\n\n\n\n<p>Arredi nati nel passato, ma con un&#8217;anima che anticipa il futuro. La seduta L58 di LightsOn \u00e8 sicuramente uno di questi.<\/p>\n\n\n\n<p>Nel 1958 il celebre architetto Edoardo Gellner cre\u00f2 la sedia L58 per un progetto di interior design legato a un pezzo di storia italiana: il Villaggio sociale ENI &#8220;Corte di Cadore&#8221; voluto da Enrico Mattei. Gellner, a cui Mattei aveva affidato la progettazione del villaggio turistico sulle Dolomiti, concep\u00ec la sedia L58 per il MotelAgip Tavern Club del villaggio.<\/p>\n\n\n\n<p>Attualizzata dallo <a class=\"jcepopup\" href=\"http:\/\/www.studiogellner.com\" target=\"_blank\" rel=\"nofollow noopener\">Studio_Gellner<\/a> di Cortina D&#8217;Ampezzo \u2013 che ha sede nella casa-studio di Ca&#8217; del Cembro &#8211; e prodotto da LightsOn, la L58 \u00e8 una seduta imbottita comoda e cucita in modo impeccabile, con telaio in faggio tinto in color wenge o grigio. Grazie alla sua forte personalit\u00e0 si inserisce in qualsiasi ambiente con grande versatilit\u00e0.<\/p>\n\n\n\n<p>Bella da sola ma anche in gruppo, si associa facilmente a composizioni del suo compagno d&#8217;elezione: lo Sgabello L09, progettato anch&#8217;esso dallo Studio Gellner e prodotto da LightsOn.<\/p>\n\n\n<div class=\"wp-block-image\">\n<figure class=\"aligncenter\"><img loading=\"lazy\" decoding=\"async\" width=\"720\" height=\"959\" data-attachment-id=\"20667\" data-permalink=\"https:\/\/socialdesignmagazine.com\/mag\/design\/ritorno-al-futuro-per-la-sedia-l58-di-lightson\/attachment\/lightson-imbottita-0072-social-design-magazine\/#content\" data-orig-file=\"https:\/\/socialdesignmagazine.com\/mag\/wp-content\/uploads\/2015\/02\/benedetto_lightson_l58_Lightson_imbottita_0072_social_design_magazine.jpg\" data-orig-size=\"720,959\" data-comments-opened=\"1\" data-image-meta=\"{&quot;aperture&quot;:&quot;16&quot;,&quot;credit&quot;:&quot;Ed&quot;,&quot;camera&quot;:&quot;Hasselblad H3D-39&quot;,&quot;caption&quot;:&quot;&quot;,&quot;created_timestamp&quot;:&quot;1384343619&quot;,&quot;copyright&quot;:&quot;&quot;,&quot;focal_length&quot;:&quot;90&quot;,&quot;iso&quot;:&quot;50&quot;,&quot;shutter_speed&quot;:&quot;0.6&quot;,&quot;title&quot;:&quot;&quot;,&quot;orientation&quot;:&quot;1&quot;}\" data-image-title=\"Lightson imbottita 0072 social design magazine\" data-image-description=\"\" data-image-caption=\"\" data-medium-file=\"https:\/\/socialdesignmagazine.com\/mag\/wp-content\/uploads\/2015\/02\/benedetto_lightson_l58_Lightson_imbottita_0072_social_design_magazine-396x256.jpg\" data-large-file=\"https:\/\/socialdesignmagazine.com\/mag\/wp-content\/uploads\/2015\/02\/benedetto_lightson_l58_Lightson_imbottita_0072_social_design_magazine.jpg\" src=\"https:\/\/socialdesignmagazine.com\/mag\/wp-content\/uploads\/2015\/02\/benedetto_lightson_l58_Lightson_imbottita_0072_social_design_magazine.jpg\" alt=\"Lightson imbottita 0072 social design magazine\" class=\"wp-image-20667\"\/><\/figure>\n<\/div>\n\n\n<p><\/p>\n\n\n<div class=\"wp-block-image\">\n<figure class=\"aligncenter\"><img loading=\"lazy\" decoding=\"async\" width=\"720\" height=\"959\" data-attachment-id=\"20668\" data-permalink=\"https:\/\/socialdesignmagazine.com\/mag\/design\/ritorno-al-futuro-per-la-sedia-l58-di-lightson\/attachment\/lightson-imbottita-0081-social-design-magazine\/#content\" data-orig-file=\"https:\/\/socialdesignmagazine.com\/mag\/wp-content\/uploads\/2015\/02\/benedetto_lightson_l58_Lightson_imbottita_0081_social_design_magazine.jpg\" data-orig-size=\"720,959\" data-comments-opened=\"1\" data-image-meta=\"{&quot;aperture&quot;:&quot;16&quot;,&quot;credit&quot;:&quot;Ed&quot;,&quot;camera&quot;:&quot;Hasselblad H3D-39&quot;,&quot;caption&quot;:&quot;&quot;,&quot;created_timestamp&quot;:&quot;1384343992&quot;,&quot;copyright&quot;:&quot;&quot;,&quot;focal_length&quot;:&quot;150&quot;,&quot;iso&quot;:&quot;50&quot;,&quot;shutter_speed&quot;:&quot;0.5&quot;,&quot;title&quot;:&quot;&quot;,&quot;orientation&quot;:&quot;1&quot;}\" data-image-title=\"Lightson imbottita 0081 social design magazine\" data-image-description=\"\" data-image-caption=\"\" data-medium-file=\"https:\/\/socialdesignmagazine.com\/mag\/wp-content\/uploads\/2015\/02\/benedetto_lightson_l58_Lightson_imbottita_0081_social_design_magazine-396x256.jpg\" data-large-file=\"https:\/\/socialdesignmagazine.com\/mag\/wp-content\/uploads\/2015\/02\/benedetto_lightson_l58_Lightson_imbottita_0081_social_design_magazine.jpg\" src=\"https:\/\/socialdesignmagazine.com\/mag\/wp-content\/uploads\/2015\/02\/benedetto_lightson_l58_Lightson_imbottita_0081_social_design_magazine.jpg\" alt=\"Lightson imbottita 0081 social design magazine\" class=\"wp-image-20668\"\/><\/figure>\n<\/div>\n\n\n<p><\/p>\n\n\n<div class=\"wp-block-image\">\n<figure class=\"aligncenter\"><img loading=\"lazy\" decoding=\"async\" width=\"720\" height=\"959\" data-attachment-id=\"20669\" data-permalink=\"https:\/\/socialdesignmagazine.com\/mag\/design\/ritorno-al-futuro-per-la-sedia-l58-di-lightson\/attachment\/lightson-imbottita-0092-social-design-magazine\/#content\" data-orig-file=\"https:\/\/socialdesignmagazine.com\/mag\/wp-content\/uploads\/2015\/02\/benedetto_lightson_l58_Lightson_imbottita_0092_social_design_magazine.jpg\" data-orig-size=\"720,959\" data-comments-opened=\"1\" data-image-meta=\"{&quot;aperture&quot;:&quot;16&quot;,&quot;credit&quot;:&quot;Ed&quot;,&quot;camera&quot;:&quot;Hasselblad H3D-39&quot;,&quot;caption&quot;:&quot;&quot;,&quot;created_timestamp&quot;:&quot;1384344516&quot;,&quot;copyright&quot;:&quot;&quot;,&quot;focal_length&quot;:&quot;150&quot;,&quot;iso&quot;:&quot;50&quot;,&quot;shutter_speed&quot;:&quot;0.5&quot;,&quot;title&quot;:&quot;&quot;,&quot;orientation&quot;:&quot;1&quot;}\" data-image-title=\"Lightson imbottita 0092 social design magazine\" data-image-description=\"\" data-image-caption=\"\" data-medium-file=\"https:\/\/socialdesignmagazine.com\/mag\/wp-content\/uploads\/2015\/02\/benedetto_lightson_l58_Lightson_imbottita_0092_social_design_magazine-396x256.jpg\" data-large-file=\"https:\/\/socialdesignmagazine.com\/mag\/wp-content\/uploads\/2015\/02\/benedetto_lightson_l58_Lightson_imbottita_0092_social_design_magazine.jpg\" src=\"https:\/\/socialdesignmagazine.com\/mag\/wp-content\/uploads\/2015\/02\/benedetto_lightson_l58_Lightson_imbottita_0092_social_design_magazine.jpg\" alt=\"Lightson imbottita 0092 social design magazine\" class=\"wp-image-20669\"\/><\/figure>\n<\/div>\n\n\n<p><\/p>\n\n\n<div class=\"wp-block-image\">\n<figure class=\"aligncenter\"><img loading=\"lazy\" decoding=\"async\" width=\"720\" height=\"959\" data-attachment-id=\"20670\" data-permalink=\"https:\/\/socialdesignmagazine.com\/mag\/design\/ritorno-al-futuro-per-la-sedia-l58-di-lightson\/attachment\/lightson-imbottita-0097-social-design-magazine\/#content\" data-orig-file=\"https:\/\/socialdesignmagazine.com\/mag\/wp-content\/uploads\/2015\/02\/benedetto_lightson_l58_Lightson_imbottita_0097_social_design_magazine.jpg\" data-orig-size=\"720,959\" data-comments-opened=\"1\" data-image-meta=\"{&quot;aperture&quot;:&quot;14&quot;,&quot;credit&quot;:&quot;Ed&quot;,&quot;camera&quot;:&quot;Hasselblad H3D-39&quot;,&quot;caption&quot;:&quot;&quot;,&quot;created_timestamp&quot;:&quot;1384345203&quot;,&quot;copyright&quot;:&quot;&quot;,&quot;focal_length&quot;:&quot;60&quot;,&quot;iso&quot;:&quot;50&quot;,&quot;shutter_speed&quot;:&quot;0.6&quot;,&quot;title&quot;:&quot;&quot;,&quot;orientation&quot;:&quot;1&quot;}\" data-image-title=\"Lightson imbottita 0097 social design magazine\" data-image-description=\"\" data-image-caption=\"\" data-medium-file=\"https:\/\/socialdesignmagazine.com\/mag\/wp-content\/uploads\/2015\/02\/benedetto_lightson_l58_Lightson_imbottita_0097_social_design_magazine-396x256.jpg\" data-large-file=\"https:\/\/socialdesignmagazine.com\/mag\/wp-content\/uploads\/2015\/02\/benedetto_lightson_l58_Lightson_imbottita_0097_social_design_magazine.jpg\" src=\"https:\/\/socialdesignmagazine.com\/mag\/wp-content\/uploads\/2015\/02\/benedetto_lightson_l58_Lightson_imbottita_0097_social_design_magazine.jpg\" alt=\"Lightson imbottita 0097 social design magazine\" class=\"wp-image-20670\"\/><\/figure>\n<\/div>\n\n\n<p><\/p>\n\n\n<div class=\"wp-block-image\">\n<figure class=\"aligncenter\"><img loading=\"lazy\" decoding=\"async\" width=\"720\" height=\"959\" data-attachment-id=\"20671\" data-permalink=\"https:\/\/socialdesignmagazine.com\/mag\/design\/ritorno-al-futuro-per-la-sedia-l58-di-lightson\/attachment\/lights-on-0110-social-design-magazine\/#content\" data-orig-file=\"https:\/\/socialdesignmagazine.com\/mag\/wp-content\/uploads\/2015\/02\/benedetto_lightson_l58_Lights_On_0110_social_design_magazine.jpg\" data-orig-size=\"720,959\" data-comments-opened=\"1\" data-image-meta=\"{&quot;aperture&quot;:&quot;5.6&quot;,&quot;credit&quot;:&quot;Gianni Antoniali&quot;,&quot;camera&quot;:&quot;Hasselblad H3D-39&quot;,&quot;caption&quot;:&quot;&quot;,&quot;created_timestamp&quot;:&quot;1375195070&quot;,&quot;copyright&quot;:&quot;Ikon&quot;,&quot;focal_length&quot;:&quot;90&quot;,&quot;iso&quot;:&quot;50&quot;,&quot;shutter_speed&quot;:&quot;0.166666666667&quot;,&quot;title&quot;:&quot;&quot;,&quot;orientation&quot;:&quot;1&quot;}\" data-image-title=\"Lights On 0110 social design magazine\" data-image-description=\"\" data-image-caption=\"\" data-medium-file=\"https:\/\/socialdesignmagazine.com\/mag\/wp-content\/uploads\/2015\/02\/benedetto_lightson_l58_Lights_On_0110_social_design_magazine-396x256.jpg\" data-large-file=\"https:\/\/socialdesignmagazine.com\/mag\/wp-content\/uploads\/2015\/02\/benedetto_lightson_l58_Lights_On_0110_social_design_magazine.jpg\" src=\"https:\/\/socialdesignmagazine.com\/mag\/wp-content\/uploads\/2015\/02\/benedetto_lightson_l58_Lights_On_0110_social_design_magazine.jpg\" alt=\"Lights On 0110 social design magazine\" class=\"wp-image-20671\"\/><\/figure>\n<\/div>\n\n\n<p><\/p>\n\n\n<div class=\"wp-block-image\">\n<figure class=\"aligncenter\"><img loading=\"lazy\" decoding=\"async\" width=\"720\" height=\"959\" data-attachment-id=\"20672\" data-permalink=\"https:\/\/socialdesignmagazine.com\/mag\/design\/ritorno-al-futuro-per-la-sedia-l58-di-lightson\/attachment\/lights-on-0111-social-design-magazine\/#content\" data-orig-file=\"https:\/\/socialdesignmagazine.com\/mag\/wp-content\/uploads\/2015\/02\/benedetto_lightson_l58_Lights_On_0111_social_design_magazine.jpg\" data-orig-size=\"720,959\" data-comments-opened=\"1\" data-image-meta=\"{&quot;aperture&quot;:&quot;11&quot;,&quot;credit&quot;:&quot;Gianni Antoniali&quot;,&quot;camera&quot;:&quot;Hasselblad H3D-39&quot;,&quot;caption&quot;:&quot;&quot;,&quot;created_timestamp&quot;:&quot;1375195856&quot;,&quot;copyright&quot;:&quot;Ikon&quot;,&quot;focal_length&quot;:&quot;75&quot;,&quot;iso&quot;:&quot;50&quot;,&quot;shutter_speed&quot;:&quot;0.7&quot;,&quot;title&quot;:&quot;&quot;,&quot;orientation&quot;:&quot;1&quot;}\" data-image-title=\"Lights On 0111 social design magazine\" data-image-description=\"\" data-image-caption=\"\" data-medium-file=\"https:\/\/socialdesignmagazine.com\/mag\/wp-content\/uploads\/2015\/02\/benedetto_lightson_l58_Lights_On_0111_social_design_magazine-396x256.jpg\" data-large-file=\"https:\/\/socialdesignmagazine.com\/mag\/wp-content\/uploads\/2015\/02\/benedetto_lightson_l58_Lights_On_0111_social_design_magazine.jpg\" src=\"https:\/\/socialdesignmagazine.com\/mag\/wp-content\/uploads\/2015\/02\/benedetto_lightson_l58_Lights_On_0111_social_design_magazine.jpg\" alt=\"Lights On 0111 social design magazine\" class=\"wp-image-20672\"\/><\/figure>\n<\/div>\n\n\n<p><\/p>\n\n\n<div class=\"wp-block-image\">\n<figure class=\"aligncenter\"><img loading=\"lazy\" decoding=\"async\" width=\"720\" height=\"879\" data-attachment-id=\"20673\" data-permalink=\"https:\/\/socialdesignmagazine.com\/mag\/design\/ritorno-al-futuro-per-la-sedia-l58-di-lightson\/attachment\/lights-on-0136-social-design-magazine\/#content\" data-orig-file=\"https:\/\/socialdesignmagazine.com\/mag\/wp-content\/uploads\/2015\/02\/benedetto_lightson_l58_Lights_On_0136_social_design_magazine.jpg\" data-orig-size=\"720,879\" data-comments-opened=\"1\" data-image-meta=\"{&quot;aperture&quot;:&quot;11&quot;,&quot;credit&quot;:&quot;Gianni Antoniali&quot;,&quot;camera&quot;:&quot;Hasselblad H3D-39&quot;,&quot;caption&quot;:&quot;&quot;,&quot;created_timestamp&quot;:&quot;1375198371&quot;,&quot;copyright&quot;:&quot;Ikon&quot;,&quot;focal_length&quot;:&quot;90&quot;,&quot;iso&quot;:&quot;50&quot;,&quot;shutter_speed&quot;:&quot;0.125&quot;,&quot;title&quot;:&quot;&quot;,&quot;orientation&quot;:&quot;1&quot;}\" data-image-title=\"Lights On 0136 social design magazine\" data-image-description=\"\" data-image-caption=\"\" data-medium-file=\"https:\/\/socialdesignmagazine.com\/mag\/wp-content\/uploads\/2015\/02\/benedetto_lightson_l58_Lights_On_0136_social_design_magazine-396x256.jpg\" data-large-file=\"https:\/\/socialdesignmagazine.com\/mag\/wp-content\/uploads\/2015\/02\/benedetto_lightson_l58_Lights_On_0136_social_design_magazine.jpg\" src=\"https:\/\/socialdesignmagazine.com\/mag\/wp-content\/uploads\/2015\/02\/benedetto_lightson_l58_Lights_On_0136_social_design_magazine.jpg\" alt=\"Lights On 0136 social design magazine\" class=\"wp-image-20673\"\/><\/figure>\n<\/div>\n\n\n<p><\/p>\n","protected":false,"gt_translate_keys":[{"key":"rendered","format":"html"}]},"excerpt":{"rendered":"<p>Ci sono arredi che con grande disinvoltura riescono a parlarci di contemporaneit\u00e0 ricordandoci chi siamo e da dove veniamo.<\/p>\n","protected":false,"gt_translate_keys":[{"key":"rendered","format":"html"}]},"author":1,"featured_media":20666,"comment_status":"open","ping_status":"open","sticky":false,"template":"","format":"standard","meta":{"jetpack_post_was_ever_published":false,"_jetpack_newsletter_access":"","_jetpack_dont_email_post_to_subs":false,"_jetpack_newsletter_tier_id":0,"_jetpack_memberships_contains_paywalled_content":false,"_jetpack_memberships_contains_paid_content":false,"footnotes":"","_wpscppro_dont_share_socialmedia":false,"_wpscppro_custom_social_share_image":0,"_facebook_share_type":"","_twitter_share_type":"","_linkedin_share_type":"","_pinterest_share_type":"","_linkedin_share_type_page":"","_instagram_share_type":"","_medium_share_type":"","_threads_share_type":"","_google_business_share_type":"","_selected_social_profile":[],"_wpsp_enable_custom_social_template":false,"_wpsp_social_scheduling":{"enabled":false,"datetime":null,"platforms":[],"status":"template_only","dateOption":"today","timeOption":"now","customDays":"","customHours":"","customDate":"","customTime":"","schedulingType":"absolute"},"_wpsp_active_default_template":true},"categories":[13],"tags":[118,3552],"class_list":["post-3511","post","type-post","status-publish","format-standard","has-post-thumbnail","hentry","category-design","tag-sedia","tag-studio-gellner"],"yoast_head":"<!-- This site is optimized with the Yoast SEO plugin v27.2 - https:\/\/yoast.com\/product\/yoast-seo-wordpress\/ -->\n<title>Ritorno al futuro per la sedia L58 di LightsOn - Social Design Magazine<\/title>\n<meta name=\"description\" content=\"Ci sono arredi che con grande disinvoltura riescono a parlarci di contemporaneit\u00e0 ricordandoci chi siamo e da dove veniamo.\" \/>\n<meta name=\"robots\" content=\"index, follow, max-snippet:-1, max-image-preview:large, max-video-preview:-1\" \/>\n<link rel=\"canonical\" href=\"https:\/\/socialdesignmagazine.com\/mag\/design\/ritorno-al-futuro-per-la-sedia-l58-di-lightson\/\" \/>\n<meta property=\"og:locale\" content=\"it_IT\" \/>\n<meta property=\"og:type\" content=\"article\" \/>\n<meta property=\"og:title\" content=\"Ritorno al futuro per la sedia L58 di LightsOn - Social Design Magazine\" \/>\n<meta property=\"og:description\" content=\"Ci sono arredi che con grande disinvoltura riescono a parlarci di contemporaneit\u00e0 ricordandoci chi siamo e da dove veniamo.\" \/>\n<meta property=\"og:url\" content=\"http:\/\/socialdesignmagazine.com\/mag\/design\/ritorno-al-futuro-per-la-sedia-l58-di-lightson\/\" \/>\n<meta property=\"og:site_name\" content=\"Social Design Magazine\" \/>\n<meta property=\"article:publisher\" content=\"https:\/\/www.facebook.com\/socialdesignmag\" \/>\n<meta property=\"article:author\" content=\"https:\/\/www.facebook.com\/benedettofiori\" \/>\n<meta property=\"article:published_time\" content=\"2015-02-15T08:00:00+00:00\" \/>\n<meta property=\"article:modified_time\" content=\"2025-04-29T19:47:46+00:00\" \/>\n<meta property=\"og:image\" content=\"https:\/\/socialdesignmagazine.com\/mag\/wp-content\/uploads\/2015\/02\/benedetto_lightson_l58_Lights_On_0074_social_design_magazine.jpg\" \/>\n\t<meta property=\"og:image:width\" content=\"720\" \/>\n\t<meta property=\"og:image:height\" content=\"540\" \/>\n\t<meta property=\"og:image:type\" content=\"image\/jpeg\" \/>\n<meta name=\"author\" content=\"Benedetto Fiori\" \/>\n<meta name=\"twitter:card\" content=\"summary_large_image\" \/>\n<meta name=\"twitter:creator\" content=\"@benedettofiori\" \/>\n<meta name=\"twitter:site\" content=\"@socialdesignmag\" \/>\n<meta name=\"twitter:label1\" content=\"Scritto da\" \/>\n\t<meta name=\"twitter:data1\" content=\"Benedetto Fiori\" \/>\n\t<meta name=\"twitter:label2\" content=\"Tempo di lettura stimato\" \/>\n\t<meta name=\"twitter:data2\" content=\"3 minuti\" \/>\n<script type=\"application\/ld+json\" class=\"yoast-schema-graph\">{\"@context\":\"https:\/\/schema.org\",\"@graph\":[{\"@type\":\"Article\",\"@id\":\"https:\/\/socialdesignmagazine.com\/mag\/design\/ritorno-al-futuro-per-la-sedia-l58-di-lightson\/#article\",\"isPartOf\":{\"@id\":\"https:\/\/socialdesignmagazine.com\/mag\/design\/ritorno-al-futuro-per-la-sedia-l58-di-lightson\/\"},\"author\":{\"name\":\"Benedetto Fiori\",\"@id\":\"https:\/\/socialdesignmagazine.com\/mag\/#\/schema\/person\/61e20205cc363c315e6aabd33a045846\"},\"headline\":\"Ritorno al futuro per la sedia L58 di LightsOn\",\"datePublished\":\"2015-02-15T08:00:00+00:00\",\"dateModified\":\"2025-04-29T19:47:46+00:00\",\"mainEntityOfPage\":{\"@id\":\"https:\/\/socialdesignmagazine.com\/mag\/design\/ritorno-al-futuro-per-la-sedia-l58-di-lightson\/\"},\"wordCount\":193,\"commentCount\":0,\"publisher\":{\"@id\":\"https:\/\/socialdesignmagazine.com\/mag\/#organization\"},\"image\":{\"@id\":\"https:\/\/socialdesignmagazine.com\/mag\/design\/ritorno-al-futuro-per-la-sedia-l58-di-lightson\/#primaryimage\"},\"thumbnailUrl\":\"https:\/\/socialdesignmagazine.com\/mag\/wp-content\/uploads\/2015\/02\/benedetto_lightson_l58_Lights_On_0074_social_design_magazine.jpg\",\"keywords\":[\"sedia\",\"studio gellner\"],\"articleSection\":[\"Design\"],\"inLanguage\":\"it-IT\",\"potentialAction\":[{\"@type\":\"CommentAction\",\"name\":\"Comment\",\"target\":[\"https:\/\/socialdesignmagazine.com\/mag\/design\/ritorno-al-futuro-per-la-sedia-l58-di-lightson\/#respond\"]}]},{\"@type\":\"WebPage\",\"@id\":\"https:\/\/socialdesignmagazine.com\/mag\/design\/ritorno-al-futuro-per-la-sedia-l58-di-lightson\/\",\"url\":\"https:\/\/socialdesignmagazine.com\/mag\/design\/ritorno-al-futuro-per-la-sedia-l58-di-lightson\/\",\"name\":\"Ritorno al futuro per la sedia L58 di LightsOn - Social Design Magazine\",\"isPartOf\":{\"@id\":\"https:\/\/socialdesignmagazine.com\/mag\/#website\"},\"primaryImageOfPage\":{\"@id\":\"https:\/\/socialdesignmagazine.com\/mag\/design\/ritorno-al-futuro-per-la-sedia-l58-di-lightson\/#primaryimage\"},\"image\":{\"@id\":\"https:\/\/socialdesignmagazine.com\/mag\/design\/ritorno-al-futuro-per-la-sedia-l58-di-lightson\/#primaryimage\"},\"thumbnailUrl\":\"https:\/\/socialdesignmagazine.com\/mag\/wp-content\/uploads\/2015\/02\/benedetto_lightson_l58_Lights_On_0074_social_design_magazine.jpg\",\"datePublished\":\"2015-02-15T08:00:00+00:00\",\"dateModified\":\"2025-04-29T19:47:46+00:00\",\"description\":\"Ci sono arredi che con grande disinvoltura riescono a parlarci di contemporaneit\u00e0 ricordandoci chi siamo e da dove veniamo.\",\"breadcrumb\":{\"@id\":\"https:\/\/socialdesignmagazine.com\/mag\/design\/ritorno-al-futuro-per-la-sedia-l58-di-lightson\/#breadcrumb\"},\"inLanguage\":\"it-IT\",\"potentialAction\":[{\"@type\":\"ReadAction\",\"target\":[\"https:\/\/socialdesignmagazine.com\/mag\/design\/ritorno-al-futuro-per-la-sedia-l58-di-lightson\/\"]}]},{\"@type\":\"ImageObject\",\"inLanguage\":\"it-IT\",\"@id\":\"https:\/\/socialdesignmagazine.com\/mag\/design\/ritorno-al-futuro-per-la-sedia-l58-di-lightson\/#primaryimage\",\"url\":\"https:\/\/socialdesignmagazine.com\/mag\/wp-content\/uploads\/2015\/02\/benedetto_lightson_l58_Lights_On_0074_social_design_magazine.jpg\",\"contentUrl\":\"https:\/\/socialdesignmagazine.com\/mag\/wp-content\/uploads\/2015\/02\/benedetto_lightson_l58_Lights_On_0074_social_design_magazine.jpg\",\"width\":720,\"height\":540,\"caption\":\"Lights On 0074 social design magazine\"},{\"@type\":\"BreadcrumbList\",\"@id\":\"https:\/\/socialdesignmagazine.com\/mag\/design\/ritorno-al-futuro-per-la-sedia-l58-di-lightson\/#breadcrumb\",\"itemListElement\":[{\"@type\":\"ListItem\",\"position\":1,\"name\":\"Home\",\"item\":\"https:\/\/socialdesignmagazine.com\/mag\/\"},{\"@type\":\"ListItem\",\"position\":2,\"name\":\"Design\",\"item\":\"https:\/\/socialdesignmagazine.com\/mag\/design\/\"},{\"@type\":\"ListItem\",\"position\":3,\"name\":\"Ritorno al futuro per la sedia L58 di LightsOn\"}]},{\"@type\":\"WebSite\",\"@id\":\"https:\/\/socialdesignmagazine.com\/mag\/#website\",\"url\":\"https:\/\/socialdesignmagazine.com\/mag\/\",\"name\":\"Social Design Magazine\",\"description\":\"Social Magazine su Design, Architettura, Arte, Grafica\",\"publisher\":{\"@id\":\"https:\/\/socialdesignmagazine.com\/mag\/#organization\"},\"potentialAction\":[{\"@type\":\"SearchAction\",\"target\":{\"@type\":\"EntryPoint\",\"urlTemplate\":\"https:\/\/socialdesignmagazine.com\/mag\/?s={search_term_string}\"},\"query-input\":{\"@type\":\"PropertyValueSpecification\",\"valueRequired\":true,\"valueName\":\"search_term_string\"}}],\"inLanguage\":\"it-IT\"},{\"@type\":\"Organization\",\"@id\":\"https:\/\/socialdesignmagazine.com\/mag\/#organization\",\"name\":\"Social Design Magazine\",\"url\":\"https:\/\/socialdesignmagazine.com\/mag\/\",\"logo\":{\"@type\":\"ImageObject\",\"inLanguage\":\"it-IT\",\"@id\":\"https:\/\/socialdesignmagazine.com\/mag\/#\/schema\/logo\/image\/\",\"url\":\"https:\/\/socialdesignmagazine.com\/mag\/wp-content\/uploads\/2017\/01\/logo_favicon_11.png\",\"contentUrl\":\"https:\/\/socialdesignmagazine.com\/mag\/wp-content\/uploads\/2017\/01\/logo_favicon_11.png\",\"width\":1024,\"height\":1024,\"caption\":\"Social Design Magazine\"},\"image\":{\"@id\":\"https:\/\/socialdesignmagazine.com\/mag\/#\/schema\/logo\/image\/\"},\"sameAs\":[\"https:\/\/www.facebook.com\/socialdesignmag\",\"https:\/\/x.com\/socialdesignmag\",\"http:\/\/instagram.com\/social_design_magazine\/\",\"http:\/\/pinterest.com\/socialdesignmag\/\",\"http:\/\/www.youtube.com\/user\/socialdesignmagazine\"]},{\"@type\":\"Person\",\"@id\":\"https:\/\/socialdesignmagazine.com\/mag\/#\/schema\/person\/61e20205cc363c315e6aabd33a045846\",\"name\":\"Benedetto Fiori\",\"image\":{\"@type\":\"ImageObject\",\"inLanguage\":\"it-IT\",\"@id\":\"https:\/\/secure.gravatar.com\/avatar\/450a48cefa36da63d920ad70aa660bd10725b1c6093800242e5efdb397759033?s=96&d=mm&r=g\",\"url\":\"https:\/\/secure.gravatar.com\/avatar\/450a48cefa36da63d920ad70aa660bd10725b1c6093800242e5efdb397759033?s=96&d=mm&r=g\",\"contentUrl\":\"https:\/\/secure.gravatar.com\/avatar\/450a48cefa36da63d920ad70aa660bd10725b1c6093800242e5efdb397759033?s=96&d=mm&r=g\",\"caption\":\"Benedetto Fiori\"},\"description\":\"Web | Twitter | Facebook | Shutterstock Founder &amp; Editor in Chief di Social Design Magazine. Attratto da sempre da tutto ci\u00f2 che \u00e8 creativit\u00e0, design, architettura. Dopo aver studiato Architettura all'Universit\u00e0 di Firenze, si \u00e8 impegnato in molteplici campi: comunicazione grafica, progettazione di allestimenti fieristici, brand design, Interior Design.\",\"sameAs\":[\"http:\/\/benedettofiori.com\",\"https:\/\/www.facebook.com\/benedettofiori\",\"https:\/\/x.com\/benedettofiori\"],\"url\":\"https:\/\/socialdesignmagazine.com\/mag\/author\/benedetto\/\"}]}<\/script>\n<!-- \/ Yoast SEO plugin. -->","yoast_head_json":{"title":"Ritorno al futuro per la sedia L58 di LightsOn - Social Design Magazine","description":"Ci sono arredi che con grande disinvoltura riescono a parlarci di contemporaneit\u00e0 ricordandoci chi siamo e da dove veniamo.","robots":{"index":"index","follow":"follow","max-snippet":"max-snippet:-1","max-image-preview":"max-image-preview:large","max-video-preview":"max-video-preview:-1"},"canonical":"https:\/\/socialdesignmagazine.com\/mag\/design\/ritorno-al-futuro-per-la-sedia-l58-di-lightson\/","og_locale":"it_IT","og_type":"article","og_title":"Ritorno al futuro per la sedia L58 di LightsOn - Social Design Magazine","og_description":"Ci sono arredi che con grande disinvoltura riescono a parlarci di contemporaneit\u00e0 ricordandoci chi siamo e da dove veniamo.","og_url":"http:\/\/socialdesignmagazine.com\/mag\/design\/ritorno-al-futuro-per-la-sedia-l58-di-lightson\/","og_site_name":"Social Design Magazine","article_publisher":"https:\/\/www.facebook.com\/socialdesignmag","article_author":"https:\/\/www.facebook.com\/benedettofiori","article_published_time":"2015-02-15T08:00:00+00:00","article_modified_time":"2025-04-29T19:47:46+00:00","og_image":[{"width":720,"height":540,"url":"https:\/\/socialdesignmagazine.com\/mag\/wp-content\/uploads\/2015\/02\/benedetto_lightson_l58_Lights_On_0074_social_design_magazine.jpg","type":"image\/jpeg"}],"author":"Benedetto Fiori","twitter_card":"summary_large_image","twitter_creator":"@benedettofiori","twitter_site":"@socialdesignmag","twitter_misc":{"Scritto da":"Benedetto Fiori","Tempo di lettura stimato":"3 minuti"},"schema":{"@context":"https:\/\/schema.org","@graph":[{"@type":"Article","@id":"https:\/\/socialdesignmagazine.com\/mag\/design\/ritorno-al-futuro-per-la-sedia-l58-di-lightson\/#article","isPartOf":{"@id":"https:\/\/socialdesignmagazine.com\/mag\/design\/ritorno-al-futuro-per-la-sedia-l58-di-lightson\/"},"author":{"name":"Benedetto Fiori","@id":"https:\/\/socialdesignmagazine.com\/mag\/#\/schema\/person\/61e20205cc363c315e6aabd33a045846"},"headline":"Ritorno al futuro per la sedia L58 di LightsOn","datePublished":"2015-02-15T08:00:00+00:00","dateModified":"2025-04-29T19:47:46+00:00","mainEntityOfPage":{"@id":"https:\/\/socialdesignmagazine.com\/mag\/design\/ritorno-al-futuro-per-la-sedia-l58-di-lightson\/"},"wordCount":193,"commentCount":0,"publisher":{"@id":"https:\/\/socialdesignmagazine.com\/mag\/#organization"},"image":{"@id":"https:\/\/socialdesignmagazine.com\/mag\/design\/ritorno-al-futuro-per-la-sedia-l58-di-lightson\/#primaryimage"},"thumbnailUrl":"https:\/\/socialdesignmagazine.com\/mag\/wp-content\/uploads\/2015\/02\/benedetto_lightson_l58_Lights_On_0074_social_design_magazine.jpg","keywords":["sedia","studio gellner"],"articleSection":["Design"],"inLanguage":"it-IT","potentialAction":[{"@type":"CommentAction","name":"Comment","target":["https:\/\/socialdesignmagazine.com\/mag\/design\/ritorno-al-futuro-per-la-sedia-l58-di-lightson\/#respond"]}]},{"@type":"WebPage","@id":"https:\/\/socialdesignmagazine.com\/mag\/design\/ritorno-al-futuro-per-la-sedia-l58-di-lightson\/","url":"https:\/\/socialdesignmagazine.com\/mag\/design\/ritorno-al-futuro-per-la-sedia-l58-di-lightson\/","name":"Ritorno al futuro per la sedia L58 di LightsOn - Social Design Magazine","isPartOf":{"@id":"https:\/\/socialdesignmagazine.com\/mag\/#website"},"primaryImageOfPage":{"@id":"https:\/\/socialdesignmagazine.com\/mag\/design\/ritorno-al-futuro-per-la-sedia-l58-di-lightson\/#primaryimage"},"image":{"@id":"https:\/\/socialdesignmagazine.com\/mag\/design\/ritorno-al-futuro-per-la-sedia-l58-di-lightson\/#primaryimage"},"thumbnailUrl":"https:\/\/socialdesignmagazine.com\/mag\/wp-content\/uploads\/2015\/02\/benedetto_lightson_l58_Lights_On_0074_social_design_magazine.jpg","datePublished":"2015-02-15T08:00:00+00:00","dateModified":"2025-04-29T19:47:46+00:00","description":"Ci sono arredi che con grande disinvoltura riescono a parlarci di contemporaneit\u00e0 ricordandoci chi siamo e da dove veniamo.","breadcrumb":{"@id":"https:\/\/socialdesignmagazine.com\/mag\/design\/ritorno-al-futuro-per-la-sedia-l58-di-lightson\/#breadcrumb"},"inLanguage":"it-IT","potentialAction":[{"@type":"ReadAction","target":["https:\/\/socialdesignmagazine.com\/mag\/design\/ritorno-al-futuro-per-la-sedia-l58-di-lightson\/"]}]},{"@type":"ImageObject","inLanguage":"it-IT","@id":"https:\/\/socialdesignmagazine.com\/mag\/design\/ritorno-al-futuro-per-la-sedia-l58-di-lightson\/#primaryimage","url":"https:\/\/socialdesignmagazine.com\/mag\/wp-content\/uploads\/2015\/02\/benedetto_lightson_l58_Lights_On_0074_social_design_magazine.jpg","contentUrl":"https:\/\/socialdesignmagazine.com\/mag\/wp-content\/uploads\/2015\/02\/benedetto_lightson_l58_Lights_On_0074_social_design_magazine.jpg","width":720,"height":540,"caption":"Lights On 0074 social design magazine"},{"@type":"BreadcrumbList","@id":"https:\/\/socialdesignmagazine.com\/mag\/design\/ritorno-al-futuro-per-la-sedia-l58-di-lightson\/#breadcrumb","itemListElement":[{"@type":"ListItem","position":1,"name":"Home","item":"https:\/\/socialdesignmagazine.com\/mag\/"},{"@type":"ListItem","position":2,"name":"Design","item":"https:\/\/socialdesignmagazine.com\/mag\/design\/"},{"@type":"ListItem","position":3,"name":"Ritorno al futuro per la sedia L58 di LightsOn"}]},{"@type":"WebSite","@id":"https:\/\/socialdesignmagazine.com\/mag\/#website","url":"https:\/\/socialdesignmagazine.com\/mag\/","name":"Social Design Magazine","description":"Social Magazine su Design, Architettura, Arte, Grafica","publisher":{"@id":"https:\/\/socialdesignmagazine.com\/mag\/#organization"},"potentialAction":[{"@type":"SearchAction","target":{"@type":"EntryPoint","urlTemplate":"https:\/\/socialdesignmagazine.com\/mag\/?s={search_term_string}"},"query-input":{"@type":"PropertyValueSpecification","valueRequired":true,"valueName":"search_term_string"}}],"inLanguage":"it-IT"},{"@type":"Organization","@id":"https:\/\/socialdesignmagazine.com\/mag\/#organization","name":"Social Design Magazine","url":"https:\/\/socialdesignmagazine.com\/mag\/","logo":{"@type":"ImageObject","inLanguage":"it-IT","@id":"https:\/\/socialdesignmagazine.com\/mag\/#\/schema\/logo\/image\/","url":"https:\/\/socialdesignmagazine.com\/mag\/wp-content\/uploads\/2017\/01\/logo_favicon_11.png","contentUrl":"https:\/\/socialdesignmagazine.com\/mag\/wp-content\/uploads\/2017\/01\/logo_favicon_11.png","width":1024,"height":1024,"caption":"Social Design Magazine"},"image":{"@id":"https:\/\/socialdesignmagazine.com\/mag\/#\/schema\/logo\/image\/"},"sameAs":["https:\/\/www.facebook.com\/socialdesignmag","https:\/\/x.com\/socialdesignmag","http:\/\/instagram.com\/social_design_magazine\/","http:\/\/pinterest.com\/socialdesignmag\/","http:\/\/www.youtube.com\/user\/socialdesignmagazine"]},{"@type":"Person","@id":"https:\/\/socialdesignmagazine.com\/mag\/#\/schema\/person\/61e20205cc363c315e6aabd33a045846","name":"Benedetto Fiori","image":{"@type":"ImageObject","inLanguage":"it-IT","@id":"https:\/\/secure.gravatar.com\/avatar\/450a48cefa36da63d920ad70aa660bd10725b1c6093800242e5efdb397759033?s=96&d=mm&r=g","url":"https:\/\/secure.gravatar.com\/avatar\/450a48cefa36da63d920ad70aa660bd10725b1c6093800242e5efdb397759033?s=96&d=mm&r=g","contentUrl":"https:\/\/secure.gravatar.com\/avatar\/450a48cefa36da63d920ad70aa660bd10725b1c6093800242e5efdb397759033?s=96&d=mm&r=g","caption":"Benedetto Fiori"},"description":"Web | Twitter | Facebook | Shutterstock Founder &amp; Editor in Chief di Social Design Magazine. Attratto da sempre da tutto ci\u00f2 che \u00e8 creativit\u00e0, design, architettura. Dopo aver studiato Architettura all'Universit\u00e0 di Firenze, si \u00e8 impegnato in molteplici campi: comunicazione grafica, progettazione di allestimenti fieristici, brand design, Interior Design.","sameAs":["http:\/\/benedettofiori.com","https:\/\/www.facebook.com\/benedettofiori","https:\/\/x.com\/benedettofiori"],"url":"https:\/\/socialdesignmagazine.com\/mag\/author\/benedetto\/"}]}},"jetpack_featured_media_url":"https:\/\/socialdesignmagazine.com\/mag\/wp-content\/uploads\/2015\/02\/benedetto_lightson_l58_Lights_On_0074_social_design_magazine.jpg","jetpack_sharing_enabled":true,"jetpack_shortlink":"https:\/\/wp.me\/p6cV7V-UD","gt_translate_keys":[{"key":"link","format":"url"}],"_links":{"self":[{"href":"https:\/\/socialdesignmagazine.com\/mag\/wp-json\/wp\/v2\/posts\/3511","targetHints":{"allow":["GET"]}}],"collection":[{"href":"https:\/\/socialdesignmagazine.com\/mag\/wp-json\/wp\/v2\/posts"}],"about":[{"href":"https:\/\/socialdesignmagazine.com\/mag\/wp-json\/wp\/v2\/types\/post"}],"author":[{"embeddable":true,"href":"https:\/\/socialdesignmagazine.com\/mag\/wp-json\/wp\/v2\/users\/1"}],"replies":[{"embeddable":true,"href":"https:\/\/socialdesignmagazine.com\/mag\/wp-json\/wp\/v2\/comments?post=3511"}],"version-history":[{"count":2,"href":"https:\/\/socialdesignmagazine.com\/mag\/wp-json\/wp\/v2\/posts\/3511\/revisions"}],"predecessor-version":[{"id":64608,"href":"https:\/\/socialdesignmagazine.com\/mag\/wp-json\/wp\/v2\/posts\/3511\/revisions\/64608"}],"wp:featuredmedia":[{"embeddable":true,"href":"https:\/\/socialdesignmagazine.com\/mag\/wp-json\/wp\/v2\/media\/20666"}],"wp:attachment":[{"href":"https:\/\/socialdesignmagazine.com\/mag\/wp-json\/wp\/v2\/media?parent=3511"}],"wp:term":[{"taxonomy":"category","embeddable":true,"href":"https:\/\/socialdesignmagazine.com\/mag\/wp-json\/wp\/v2\/categories?post=3511"},{"taxonomy":"post_tag","embeddable":true,"href":"https:\/\/socialdesignmagazine.com\/mag\/wp-json\/wp\/v2\/tags?post=3511"}],"curies":[{"name":"wp","href":"https:\/\/api.w.org\/{rel}","templated":true}]}}