{"id":3517,"date":"2015-02-16T10:00:00","date_gmt":"2015-02-16T09:00:00","guid":{"rendered":"https:\/\/socialdesignmagazine.com\/mag\/s6-design\/c43-design-news\/la-collezione-green-di-catalano-premiata-con-il-grandesignetico-international-award\/"},"modified":"2025-04-29T21:51:52","modified_gmt":"2025-04-29T19:51:52","slug":"la-collezione-green-di-catalano-premiata-con-il-grandesignetico-international-award","status":"publish","type":"post","link":"https:\/\/socialdesignmagazine.com\/mag\/news\/design-news\/la-collezione-green-di-catalano-premiata-con-il-grandesignetico-international-award\/","title":{"rendered":"La collezione GREEN di Catalano premiata con il grandesignetico international award","gt_translate_keys":[{"key":"rendered","format":"text"}]},"content":{"rendered":"\n<h2 class=\"wp-block-heading\">Green, l&#8217;ultima collezione nata in casa Catalano e presentata per la prima volta lo scorso settembre a Cersaie, \u00e8 stata premiata con il GrandesignEtico International Award.<\/h2>\n\n\n\n<p>Giunto alla sua tredicesima edizione, il premio viene assegnato ad aziende e prodotti di design che coniugano funzionalit\u00e0, ergonomia, innovazione tecnologica, rispettando parametri etici ed ecosostenibili.<\/p>\n\n\n\n<p>A conferma di un&#8217;assoluta continuit\u00e0 con l&#8217;impegno dell&#8217;azienda illustrato dal Green Report 2013, Green \u00e8 un progetto ispirato alla natura sia nelle sue leggi di equilibrio che nelle soluzioni estetiche e formali.<\/p>\n\n\n\n<p>Pensato in una logica di &#8220;life cycle design&#8221;, \u00e8 la sintesi di quella qualit\u00e0 totale che <a href=\"https:\/\/socialdesignmagazine.com\/mag\/tag\/catalano\/\">Catalano<\/a> persegue da sempre, garantendo il pi\u00f9 alto standard al mondo nel settore della ceramica sanitaria.<\/p>\n\n\n\n<p>Oltre alla morbidezza interna dei catini e dei raccordi angolari, la collezione Green &#8211; attualmente composta da 7 lavabi ma destinata a crescere &#8211; \u00e8 caratterizzata dall&#8217;uso di bordi estremamente sottili, in grado di conferire la massima capienza ai bacini, sfruttando quasi completamente l&#8217;ampiezza complessiva dei lavabi.<\/p>\n\n\n\n<h4 class=\"wp-block-heading\">Maggiori informazioni <a class=\"jcepopup\" href=\"http:\/\/catalano.it\/\" target=\"_blank\" rel=\"nofollow noopener\">qui<\/a><\/h4>\n\n\n\n<p><\/p>\n","protected":false,"gt_translate_keys":[{"key":"rendered","format":"html"}]},"excerpt":{"rendered":"<p>Green, l&#8217;ultima collezione nata in casa Catalano e presentata per la prima volta lo scorso settembre a Cersaie, \u00e8 stata premiata con il GrandesignEtico International Award.<\/p>\n","protected":false,"gt_translate_keys":[{"key":"rendered","format":"html"}]},"author":1,"featured_media":20690,"comment_status":"open","ping_status":"open","sticky":false,"template":"","format":"standard","meta":{"jetpack_post_was_ever_published":false,"_jetpack_newsletter_access":"","_jetpack_dont_email_post_to_subs":false,"_jetpack_newsletter_tier_id":0,"_jetpack_memberships_contains_paywalled_content":false,"_jetpack_memberships_contains_paid_content":false,"footnotes":"","_wpscppro_dont_share_socialmedia":false,"_wpscppro_custom_social_share_image":0,"_facebook_share_type":"","_twitter_share_type":"","_linkedin_share_type":"","_pinterest_share_type":"","_linkedin_share_type_page":"","_instagram_share_type":"","_medium_share_type":"","_threads_share_type":"","_google_business_share_type":"","_selected_social_profile":[],"_wpsp_enable_custom_social_template":false,"_wpsp_social_scheduling":{"enabled":false,"datetime":null,"platforms":[],"status":"template_only","dateOption":"today","timeOption":"now","customDays":"","customHours":"","customDate":"","customTime":"","schedulingType":"absolute"},"_wpsp_active_default_template":true},"categories":[17],"tags":[1598,306,2067,3810],"class_list":["post-3517","post","type-post","status-publish","format-standard","has-post-thumbnail","hentry","category-design-news","tag-arredo-bagno","tag-bagno","tag-catalano","tag-cersaie-2014"],"yoast_head":"<!-- This site is optimized with the Yoast SEO plugin v27.2 - https:\/\/yoast.com\/product\/yoast-seo-wordpress\/ -->\n<title>La collezione GREEN di Catalano premiata con il grandesignetico international award - Social Design Magazine<\/title>\n<meta name=\"description\" content=\"Green, l&#039;ultima collezione nata in casa Catalano e presentata per la prima volta lo scorso settembre a Cersaie, \u00e8 stata premiata con il GrandesignEtico International Award\" \/>\n<meta name=\"robots\" content=\"index, follow, max-snippet:-1, max-image-preview:large, max-video-preview:-1\" \/>\n<link rel=\"canonical\" href=\"https:\/\/socialdesignmagazine.com\/mag\/news\/design-news\/la-collezione-green-di-catalano-premiata-con-il-grandesignetico-international-award\/\" \/>\n<meta property=\"og:locale\" content=\"it_IT\" \/>\n<meta property=\"og:type\" content=\"article\" \/>\n<meta property=\"og:title\" content=\"La collezione GREEN di Catalano premiata con il grandesignetico international award - Social Design Magazine\" \/>\n<meta property=\"og:description\" content=\"Green, l&#039;ultima collezione nata in casa Catalano e presentata per la prima volta lo scorso settembre a Cersaie, \u00e8 stata premiata con il GrandesignEtico International Award\" \/>\n<meta property=\"og:url\" content=\"http:\/\/socialdesignmagazine.com\/mag\/news\/design-news\/la-collezione-green-di-catalano-premiata-con-il-grandesignetico-international-award\/\" \/>\n<meta property=\"og:site_name\" content=\"Social Design Magazine\" \/>\n<meta property=\"article:publisher\" content=\"https:\/\/www.facebook.com\/socialdesignmag\" \/>\n<meta property=\"article:author\" content=\"https:\/\/www.facebook.com\/benedettofiori\" \/>\n<meta property=\"article:published_time\" content=\"2015-02-16T09:00:00+00:00\" \/>\n<meta property=\"article:modified_time\" content=\"2025-04-29T19:51:52+00:00\" \/>\n<meta property=\"og:image\" content=\"https:\/\/socialdesignmagazine.com\/mag\/wp-content\/uploads\/2015\/02\/benedetto_catalano_premio_green_Catalano_Green_social_design_magazine.jpg\" \/>\n\t<meta property=\"og:image:width\" content=\"720\" \/>\n\t<meta property=\"og:image:height\" content=\"1018\" \/>\n\t<meta property=\"og:image:type\" content=\"image\/jpeg\" \/>\n<meta name=\"author\" content=\"Benedetto Fiori\" \/>\n<meta name=\"twitter:card\" content=\"summary_large_image\" \/>\n<meta name=\"twitter:creator\" content=\"@benedettofiori\" \/>\n<meta name=\"twitter:site\" content=\"@socialdesignmag\" \/>\n<meta name=\"twitter:label1\" content=\"Scritto da\" \/>\n\t<meta name=\"twitter:data1\" content=\"Benedetto Fiori\" \/>\n\t<meta name=\"twitter:label2\" content=\"Tempo di lettura stimato\" \/>\n\t<meta name=\"twitter:data2\" content=\"2 minuti\" \/>\n<script type=\"application\/ld+json\" class=\"yoast-schema-graph\">{\"@context\":\"https:\/\/schema.org\",\"@graph\":[{\"@type\":\"Article\",\"@id\":\"https:\/\/socialdesignmagazine.com\/mag\/news\/design-news\/la-collezione-green-di-catalano-premiata-con-il-grandesignetico-international-award\/#article\",\"isPartOf\":{\"@id\":\"https:\/\/socialdesignmagazine.com\/mag\/news\/design-news\/la-collezione-green-di-catalano-premiata-con-il-grandesignetico-international-award\/\"},\"author\":{\"name\":\"Benedetto Fiori\",\"@id\":\"https:\/\/socialdesignmagazine.com\/mag\/#\/schema\/person\/61e20205cc363c315e6aabd33a045846\"},\"headline\":\"La collezione GREEN di Catalano premiata con il grandesignetico international award\",\"datePublished\":\"2015-02-16T09:00:00+00:00\",\"dateModified\":\"2025-04-29T19:51:52+00:00\",\"mainEntityOfPage\":{\"@id\":\"https:\/\/socialdesignmagazine.com\/mag\/news\/design-news\/la-collezione-green-di-catalano-premiata-con-il-grandesignetico-international-award\/\"},\"wordCount\":177,\"commentCount\":0,\"publisher\":{\"@id\":\"https:\/\/socialdesignmagazine.com\/mag\/#organization\"},\"image\":{\"@id\":\"https:\/\/socialdesignmagazine.com\/mag\/news\/design-news\/la-collezione-green-di-catalano-premiata-con-il-grandesignetico-international-award\/#primaryimage\"},\"thumbnailUrl\":\"https:\/\/socialdesignmagazine.com\/mag\/wp-content\/uploads\/2015\/02\/benedetto_catalano_premio_green_Catalano_Green_social_design_magazine.jpg\",\"keywords\":[\"arredo bagno\",\"bagno\",\"catalano\",\"cersaie 2014\"],\"articleSection\":[\"Design News\"],\"inLanguage\":\"it-IT\",\"potentialAction\":[{\"@type\":\"CommentAction\",\"name\":\"Comment\",\"target\":[\"https:\/\/socialdesignmagazine.com\/mag\/news\/design-news\/la-collezione-green-di-catalano-premiata-con-il-grandesignetico-international-award\/#respond\"]}]},{\"@type\":\"WebPage\",\"@id\":\"https:\/\/socialdesignmagazine.com\/mag\/news\/design-news\/la-collezione-green-di-catalano-premiata-con-il-grandesignetico-international-award\/\",\"url\":\"https:\/\/socialdesignmagazine.com\/mag\/news\/design-news\/la-collezione-green-di-catalano-premiata-con-il-grandesignetico-international-award\/\",\"name\":\"La collezione GREEN di Catalano premiata con il grandesignetico international award - Social Design Magazine\",\"isPartOf\":{\"@id\":\"https:\/\/socialdesignmagazine.com\/mag\/#website\"},\"primaryImageOfPage\":{\"@id\":\"https:\/\/socialdesignmagazine.com\/mag\/news\/design-news\/la-collezione-green-di-catalano-premiata-con-il-grandesignetico-international-award\/#primaryimage\"},\"image\":{\"@id\":\"https:\/\/socialdesignmagazine.com\/mag\/news\/design-news\/la-collezione-green-di-catalano-premiata-con-il-grandesignetico-international-award\/#primaryimage\"},\"thumbnailUrl\":\"https:\/\/socialdesignmagazine.com\/mag\/wp-content\/uploads\/2015\/02\/benedetto_catalano_premio_green_Catalano_Green_social_design_magazine.jpg\",\"datePublished\":\"2015-02-16T09:00:00+00:00\",\"dateModified\":\"2025-04-29T19:51:52+00:00\",\"description\":\"Green, l'ultima collezione nata in casa Catalano e presentata per la prima volta lo scorso settembre a Cersaie, \u00e8 stata premiata con il GrandesignEtico International Award\",\"breadcrumb\":{\"@id\":\"https:\/\/socialdesignmagazine.com\/mag\/news\/design-news\/la-collezione-green-di-catalano-premiata-con-il-grandesignetico-international-award\/#breadcrumb\"},\"inLanguage\":\"it-IT\",\"potentialAction\":[{\"@type\":\"ReadAction\",\"target\":[\"https:\/\/socialdesignmagazine.com\/mag\/news\/design-news\/la-collezione-green-di-catalano-premiata-con-il-grandesignetico-international-award\/\"]}]},{\"@type\":\"ImageObject\",\"inLanguage\":\"it-IT\",\"@id\":\"https:\/\/socialdesignmagazine.com\/mag\/news\/design-news\/la-collezione-green-di-catalano-premiata-con-il-grandesignetico-international-award\/#primaryimage\",\"url\":\"https:\/\/socialdesignmagazine.com\/mag\/wp-content\/uploads\/2015\/02\/benedetto_catalano_premio_green_Catalano_Green_social_design_magazine.jpg\",\"contentUrl\":\"https:\/\/socialdesignmagazine.com\/mag\/wp-content\/uploads\/2015\/02\/benedetto_catalano_premio_green_Catalano_Green_social_design_magazine.jpg\",\"width\":720,\"height\":1018,\"caption\":\"Catalano Green social design magazine\"},{\"@type\":\"BreadcrumbList\",\"@id\":\"https:\/\/socialdesignmagazine.com\/mag\/news\/design-news\/la-collezione-green-di-catalano-premiata-con-il-grandesignetico-international-award\/#breadcrumb\",\"itemListElement\":[{\"@type\":\"ListItem\",\"position\":1,\"name\":\"Home\",\"item\":\"https:\/\/socialdesignmagazine.com\/mag\/\"},{\"@type\":\"ListItem\",\"position\":2,\"name\":\"News\",\"item\":\"https:\/\/socialdesignmagazine.com\/mag\/news\/\"},{\"@type\":\"ListItem\",\"position\":3,\"name\":\"Design News\",\"item\":\"https:\/\/socialdesignmagazine.com\/mag\/news\/design-news\/\"},{\"@type\":\"ListItem\",\"position\":4,\"name\":\"La collezione GREEN di Catalano premiata con il grandesignetico international award\"}]},{\"@type\":\"WebSite\",\"@id\":\"https:\/\/socialdesignmagazine.com\/mag\/#website\",\"url\":\"https:\/\/socialdesignmagazine.com\/mag\/\",\"name\":\"Social Design Magazine\",\"description\":\"Social Magazine su Design, Architettura, Arte, Grafica\",\"publisher\":{\"@id\":\"https:\/\/socialdesignmagazine.com\/mag\/#organization\"},\"potentialAction\":[{\"@type\":\"SearchAction\",\"target\":{\"@type\":\"EntryPoint\",\"urlTemplate\":\"https:\/\/socialdesignmagazine.com\/mag\/?s={search_term_string}\"},\"query-input\":{\"@type\":\"PropertyValueSpecification\",\"valueRequired\":true,\"valueName\":\"search_term_string\"}}],\"inLanguage\":\"it-IT\"},{\"@type\":\"Organization\",\"@id\":\"https:\/\/socialdesignmagazine.com\/mag\/#organization\",\"name\":\"Social Design Magazine\",\"url\":\"https:\/\/socialdesignmagazine.com\/mag\/\",\"logo\":{\"@type\":\"ImageObject\",\"inLanguage\":\"it-IT\",\"@id\":\"https:\/\/socialdesignmagazine.com\/mag\/#\/schema\/logo\/image\/\",\"url\":\"https:\/\/socialdesignmagazine.com\/mag\/wp-content\/uploads\/2017\/01\/logo_favicon_11.png\",\"contentUrl\":\"https:\/\/socialdesignmagazine.com\/mag\/wp-content\/uploads\/2017\/01\/logo_favicon_11.png\",\"width\":1024,\"height\":1024,\"caption\":\"Social Design Magazine\"},\"image\":{\"@id\":\"https:\/\/socialdesignmagazine.com\/mag\/#\/schema\/logo\/image\/\"},\"sameAs\":[\"https:\/\/www.facebook.com\/socialdesignmag\",\"https:\/\/x.com\/socialdesignmag\",\"http:\/\/instagram.com\/social_design_magazine\/\",\"http:\/\/pinterest.com\/socialdesignmag\/\",\"http:\/\/www.youtube.com\/user\/socialdesignmagazine\"]},{\"@type\":\"Person\",\"@id\":\"https:\/\/socialdesignmagazine.com\/mag\/#\/schema\/person\/61e20205cc363c315e6aabd33a045846\",\"name\":\"Benedetto Fiori\",\"image\":{\"@type\":\"ImageObject\",\"inLanguage\":\"it-IT\",\"@id\":\"https:\/\/secure.gravatar.com\/avatar\/450a48cefa36da63d920ad70aa660bd10725b1c6093800242e5efdb397759033?s=96&d=mm&r=g\",\"url\":\"https:\/\/secure.gravatar.com\/avatar\/450a48cefa36da63d920ad70aa660bd10725b1c6093800242e5efdb397759033?s=96&d=mm&r=g\",\"contentUrl\":\"https:\/\/secure.gravatar.com\/avatar\/450a48cefa36da63d920ad70aa660bd10725b1c6093800242e5efdb397759033?s=96&d=mm&r=g\",\"caption\":\"Benedetto Fiori\"},\"description\":\"Web | Twitter | Facebook | Shutterstock Founder &amp; Editor in Chief di Social Design Magazine. Attratto da sempre da tutto ci\u00f2 che \u00e8 creativit\u00e0, design, architettura. Dopo aver studiato Architettura all'Universit\u00e0 di Firenze, si \u00e8 impegnato in molteplici campi: comunicazione grafica, progettazione di allestimenti fieristici, brand design, Interior Design.\",\"sameAs\":[\"http:\/\/benedettofiori.com\",\"https:\/\/www.facebook.com\/benedettofiori\",\"https:\/\/x.com\/benedettofiori\"],\"url\":\"https:\/\/socialdesignmagazine.com\/mag\/author\/benedetto\/\"}]}<\/script>\n<!-- \/ Yoast SEO plugin. -->","yoast_head_json":{"title":"La collezione GREEN di Catalano premiata con il grandesignetico international award - Social Design Magazine","description":"Green, l'ultima collezione nata in casa Catalano e presentata per la prima volta lo scorso settembre a Cersaie, \u00e8 stata premiata con il GrandesignEtico International Award","robots":{"index":"index","follow":"follow","max-snippet":"max-snippet:-1","max-image-preview":"max-image-preview:large","max-video-preview":"max-video-preview:-1"},"canonical":"https:\/\/socialdesignmagazine.com\/mag\/news\/design-news\/la-collezione-green-di-catalano-premiata-con-il-grandesignetico-international-award\/","og_locale":"it_IT","og_type":"article","og_title":"La collezione GREEN di Catalano premiata con il grandesignetico international award - Social Design Magazine","og_description":"Green, l'ultima collezione nata in casa Catalano e presentata per la prima volta lo scorso settembre a Cersaie, \u00e8 stata premiata con il GrandesignEtico International Award","og_url":"http:\/\/socialdesignmagazine.com\/mag\/news\/design-news\/la-collezione-green-di-catalano-premiata-con-il-grandesignetico-international-award\/","og_site_name":"Social Design Magazine","article_publisher":"https:\/\/www.facebook.com\/socialdesignmag","article_author":"https:\/\/www.facebook.com\/benedettofiori","article_published_time":"2015-02-16T09:00:00+00:00","article_modified_time":"2025-04-29T19:51:52+00:00","og_image":[{"width":720,"height":1018,"url":"https:\/\/socialdesignmagazine.com\/mag\/wp-content\/uploads\/2015\/02\/benedetto_catalano_premio_green_Catalano_Green_social_design_magazine.jpg","type":"image\/jpeg"}],"author":"Benedetto Fiori","twitter_card":"summary_large_image","twitter_creator":"@benedettofiori","twitter_site":"@socialdesignmag","twitter_misc":{"Scritto da":"Benedetto Fiori","Tempo di lettura stimato":"2 minuti"},"schema":{"@context":"https:\/\/schema.org","@graph":[{"@type":"Article","@id":"https:\/\/socialdesignmagazine.com\/mag\/news\/design-news\/la-collezione-green-di-catalano-premiata-con-il-grandesignetico-international-award\/#article","isPartOf":{"@id":"https:\/\/socialdesignmagazine.com\/mag\/news\/design-news\/la-collezione-green-di-catalano-premiata-con-il-grandesignetico-international-award\/"},"author":{"name":"Benedetto Fiori","@id":"https:\/\/socialdesignmagazine.com\/mag\/#\/schema\/person\/61e20205cc363c315e6aabd33a045846"},"headline":"La collezione GREEN di Catalano premiata con il grandesignetico international award","datePublished":"2015-02-16T09:00:00+00:00","dateModified":"2025-04-29T19:51:52+00:00","mainEntityOfPage":{"@id":"https:\/\/socialdesignmagazine.com\/mag\/news\/design-news\/la-collezione-green-di-catalano-premiata-con-il-grandesignetico-international-award\/"},"wordCount":177,"commentCount":0,"publisher":{"@id":"https:\/\/socialdesignmagazine.com\/mag\/#organization"},"image":{"@id":"https:\/\/socialdesignmagazine.com\/mag\/news\/design-news\/la-collezione-green-di-catalano-premiata-con-il-grandesignetico-international-award\/#primaryimage"},"thumbnailUrl":"https:\/\/socialdesignmagazine.com\/mag\/wp-content\/uploads\/2015\/02\/benedetto_catalano_premio_green_Catalano_Green_social_design_magazine.jpg","keywords":["arredo bagno","bagno","catalano","cersaie 2014"],"articleSection":["Design News"],"inLanguage":"it-IT","potentialAction":[{"@type":"CommentAction","name":"Comment","target":["https:\/\/socialdesignmagazine.com\/mag\/news\/design-news\/la-collezione-green-di-catalano-premiata-con-il-grandesignetico-international-award\/#respond"]}]},{"@type":"WebPage","@id":"https:\/\/socialdesignmagazine.com\/mag\/news\/design-news\/la-collezione-green-di-catalano-premiata-con-il-grandesignetico-international-award\/","url":"https:\/\/socialdesignmagazine.com\/mag\/news\/design-news\/la-collezione-green-di-catalano-premiata-con-il-grandesignetico-international-award\/","name":"La collezione GREEN di Catalano premiata con il grandesignetico international award - Social Design Magazine","isPartOf":{"@id":"https:\/\/socialdesignmagazine.com\/mag\/#website"},"primaryImageOfPage":{"@id":"https:\/\/socialdesignmagazine.com\/mag\/news\/design-news\/la-collezione-green-di-catalano-premiata-con-il-grandesignetico-international-award\/#primaryimage"},"image":{"@id":"https:\/\/socialdesignmagazine.com\/mag\/news\/design-news\/la-collezione-green-di-catalano-premiata-con-il-grandesignetico-international-award\/#primaryimage"},"thumbnailUrl":"https:\/\/socialdesignmagazine.com\/mag\/wp-content\/uploads\/2015\/02\/benedetto_catalano_premio_green_Catalano_Green_social_design_magazine.jpg","datePublished":"2015-02-16T09:00:00+00:00","dateModified":"2025-04-29T19:51:52+00:00","description":"Green, l'ultima collezione nata in casa Catalano e presentata per la prima volta lo scorso settembre a Cersaie, \u00e8 stata premiata con il GrandesignEtico International Award","breadcrumb":{"@id":"https:\/\/socialdesignmagazine.com\/mag\/news\/design-news\/la-collezione-green-di-catalano-premiata-con-il-grandesignetico-international-award\/#breadcrumb"},"inLanguage":"it-IT","potentialAction":[{"@type":"ReadAction","target":["https:\/\/socialdesignmagazine.com\/mag\/news\/design-news\/la-collezione-green-di-catalano-premiata-con-il-grandesignetico-international-award\/"]}]},{"@type":"ImageObject","inLanguage":"it-IT","@id":"https:\/\/socialdesignmagazine.com\/mag\/news\/design-news\/la-collezione-green-di-catalano-premiata-con-il-grandesignetico-international-award\/#primaryimage","url":"https:\/\/socialdesignmagazine.com\/mag\/wp-content\/uploads\/2015\/02\/benedetto_catalano_premio_green_Catalano_Green_social_design_magazine.jpg","contentUrl":"https:\/\/socialdesignmagazine.com\/mag\/wp-content\/uploads\/2015\/02\/benedetto_catalano_premio_green_Catalano_Green_social_design_magazine.jpg","width":720,"height":1018,"caption":"Catalano Green social design magazine"},{"@type":"BreadcrumbList","@id":"https:\/\/socialdesignmagazine.com\/mag\/news\/design-news\/la-collezione-green-di-catalano-premiata-con-il-grandesignetico-international-award\/#breadcrumb","itemListElement":[{"@type":"ListItem","position":1,"name":"Home","item":"https:\/\/socialdesignmagazine.com\/mag\/"},{"@type":"ListItem","position":2,"name":"News","item":"https:\/\/socialdesignmagazine.com\/mag\/news\/"},{"@type":"ListItem","position":3,"name":"Design News","item":"https:\/\/socialdesignmagazine.com\/mag\/news\/design-news\/"},{"@type":"ListItem","position":4,"name":"La collezione GREEN di Catalano premiata con il grandesignetico international award"}]},{"@type":"WebSite","@id":"https:\/\/socialdesignmagazine.com\/mag\/#website","url":"https:\/\/socialdesignmagazine.com\/mag\/","name":"Social Design Magazine","description":"Social Magazine su Design, Architettura, Arte, Grafica","publisher":{"@id":"https:\/\/socialdesignmagazine.com\/mag\/#organization"},"potentialAction":[{"@type":"SearchAction","target":{"@type":"EntryPoint","urlTemplate":"https:\/\/socialdesignmagazine.com\/mag\/?s={search_term_string}"},"query-input":{"@type":"PropertyValueSpecification","valueRequired":true,"valueName":"search_term_string"}}],"inLanguage":"it-IT"},{"@type":"Organization","@id":"https:\/\/socialdesignmagazine.com\/mag\/#organization","name":"Social Design Magazine","url":"https:\/\/socialdesignmagazine.com\/mag\/","logo":{"@type":"ImageObject","inLanguage":"it-IT","@id":"https:\/\/socialdesignmagazine.com\/mag\/#\/schema\/logo\/image\/","url":"https:\/\/socialdesignmagazine.com\/mag\/wp-content\/uploads\/2017\/01\/logo_favicon_11.png","contentUrl":"https:\/\/socialdesignmagazine.com\/mag\/wp-content\/uploads\/2017\/01\/logo_favicon_11.png","width":1024,"height":1024,"caption":"Social Design Magazine"},"image":{"@id":"https:\/\/socialdesignmagazine.com\/mag\/#\/schema\/logo\/image\/"},"sameAs":["https:\/\/www.facebook.com\/socialdesignmag","https:\/\/x.com\/socialdesignmag","http:\/\/instagram.com\/social_design_magazine\/","http:\/\/pinterest.com\/socialdesignmag\/","http:\/\/www.youtube.com\/user\/socialdesignmagazine"]},{"@type":"Person","@id":"https:\/\/socialdesignmagazine.com\/mag\/#\/schema\/person\/61e20205cc363c315e6aabd33a045846","name":"Benedetto Fiori","image":{"@type":"ImageObject","inLanguage":"it-IT","@id":"https:\/\/secure.gravatar.com\/avatar\/450a48cefa36da63d920ad70aa660bd10725b1c6093800242e5efdb397759033?s=96&d=mm&r=g","url":"https:\/\/secure.gravatar.com\/avatar\/450a48cefa36da63d920ad70aa660bd10725b1c6093800242e5efdb397759033?s=96&d=mm&r=g","contentUrl":"https:\/\/secure.gravatar.com\/avatar\/450a48cefa36da63d920ad70aa660bd10725b1c6093800242e5efdb397759033?s=96&d=mm&r=g","caption":"Benedetto Fiori"},"description":"Web | Twitter | Facebook | Shutterstock Founder &amp; Editor in Chief di Social Design Magazine. Attratto da sempre da tutto ci\u00f2 che \u00e8 creativit\u00e0, design, architettura. Dopo aver studiato Architettura all'Universit\u00e0 di Firenze, si \u00e8 impegnato in molteplici campi: comunicazione grafica, progettazione di allestimenti fieristici, brand design, Interior Design.","sameAs":["http:\/\/benedettofiori.com","https:\/\/www.facebook.com\/benedettofiori","https:\/\/x.com\/benedettofiori"],"url":"https:\/\/socialdesignmagazine.com\/mag\/author\/benedetto\/"}]}},"jetpack_featured_media_url":"https:\/\/socialdesignmagazine.com\/mag\/wp-content\/uploads\/2015\/02\/benedetto_catalano_premio_green_Catalano_Green_social_design_magazine.jpg","jetpack_sharing_enabled":true,"jetpack_shortlink":"https:\/\/wp.me\/p6cV7V-UJ","gt_translate_keys":[{"key":"link","format":"url"}],"_links":{"self":[{"href":"https:\/\/socialdesignmagazine.com\/mag\/wp-json\/wp\/v2\/posts\/3517","targetHints":{"allow":["GET"]}}],"collection":[{"href":"https:\/\/socialdesignmagazine.com\/mag\/wp-json\/wp\/v2\/posts"}],"about":[{"href":"https:\/\/socialdesignmagazine.com\/mag\/wp-json\/wp\/v2\/types\/post"}],"author":[{"embeddable":true,"href":"https:\/\/socialdesignmagazine.com\/mag\/wp-json\/wp\/v2\/users\/1"}],"replies":[{"embeddable":true,"href":"https:\/\/socialdesignmagazine.com\/mag\/wp-json\/wp\/v2\/comments?post=3517"}],"version-history":[{"count":2,"href":"https:\/\/socialdesignmagazine.com\/mag\/wp-json\/wp\/v2\/posts\/3517\/revisions"}],"predecessor-version":[{"id":64612,"href":"https:\/\/socialdesignmagazine.com\/mag\/wp-json\/wp\/v2\/posts\/3517\/revisions\/64612"}],"wp:featuredmedia":[{"embeddable":true,"href":"https:\/\/socialdesignmagazine.com\/mag\/wp-json\/wp\/v2\/media\/20690"}],"wp:attachment":[{"href":"https:\/\/socialdesignmagazine.com\/mag\/wp-json\/wp\/v2\/media?parent=3517"}],"wp:term":[{"taxonomy":"category","embeddable":true,"href":"https:\/\/socialdesignmagazine.com\/mag\/wp-json\/wp\/v2\/categories?post=3517"},{"taxonomy":"post_tag","embeddable":true,"href":"https:\/\/socialdesignmagazine.com\/mag\/wp-json\/wp\/v2\/tags?post=3517"}],"curies":[{"name":"wp","href":"https:\/\/api.w.org\/{rel}","templated":true}]}}