{"id":35438,"date":"2018-10-15T12:28:47","date_gmt":"2018-10-15T10:28:47","guid":{"rendered":"https:\/\/socialdesignmagazine.com\/mag\/?p=35438"},"modified":"2018-10-15T12:22:23","modified_gmt":"2018-10-15T10:22:23","slug":"fried-air-alla-bologna-design-week-2018","status":"publish","type":"post","link":"https:\/\/socialdesignmagazine.com\/mag\/news\/design-news\/fried-air-alla-bologna-design-week-2018\/","title":{"rendered":"FRIED AIR alla Bologna Design Week 2018","gt_translate_keys":[{"key":"rendered","format":"text"}]},"content":{"rendered":"<p>Anche quest\u2019anno, il salone di Cersaie e la collaterale Bologna Design Week hanno lastricato la citt\u00e0 di attrazioni davvero spettacolari. Tra il bosco urbano di Piazza Santo Stefano e gli interni di Palazzo Isolani, cittadini e visitatori hanno avuto di che arricchire la propria creativit\u00e0 \u2013 e, naturalmente, i propri profili social.<\/p>\n<p>L\u2019edizione 2018 della Bologna Design Week \u00e8 stata davvero vincente, grazie a una rosa di eventi e mostre che hanno costellato la citt\u00e0 intera, scavalcando addirittura le antiche porte urbane. Cos\u00ec \u00e8 accaduto per Fried Air, progetto firmato dalla sezione bolognese del format internazionale Ladies, Wine &amp; Design, un progetto di Jessica Walsh per la valorizzazione del ruolo femminile nel settore creativo.<\/p>\n<p>Fried air\u2026 cio\u00e8 \u201caria fritta\u201d? Esatto, proprio cos\u00ec.<br \/>\nLa domanda \u00e8: il Design \u00e8 davvero solo aria fritta? Una questione spinosa, semplicemente complicata, sulla quale Ladies, Wine &amp; Design &#8211; Bologna ha scelto di offrire la propria originale interpretazione.<br \/>\nIn risposta alla richiesta di rappresentare i processi del design, il gruppo ha creato uno storytelling della progettazione originale e al tempo stesso capace di valorizzare l\u2019importanza e la necessit\u00e0 del Design nella societ\u00e0 umana.<\/p>\n<p>Cos\u00ec \u00e8 nato Fried Air, a partire dall\u2019idea della creazione di un non-prodotto, fino ad approdare a un package con tanto di logo, campagna pubblicitaria e setting espositivo davvero d\u2019impatto.<br \/>\nUn\u2019esperienza di cui lo spettatore \u00e8 parte integrante, in veste di potenziale cliente \u2013 o meglio fruitore \u2013 del concetto stesso di design process.<\/p>\n<p>Con tenacia e passione, Ladies, Wine &amp; Design &#8211; Bologna ha messo in gioco tutte le proprie risorse, occupandosi della progettazione, della grafica, della comunicazione, della fotografia, e infine della spettacolare installazione finale.<br \/>\nQuesta sinergia creativa ha dato vita a un\u2019esperienza unica ed emozionante.<\/p>\n<p>Raccogliendo alcune delle osservazioni degli spettatori \u2013 in un range di commenti da \u201cspettacolare\u201d a \u201cfighissimo\u201d \u2013 pare che il punto sia stato colto. Chiunque sia entrato in contatto con Fried Air, lo ha fatto perch\u00e9 attratto da null\u2019altro che semplice e auto-dichiarata \u201caria fritta\u201d. Ma cos\u00ec \u00e8 stato.<\/p>\n<p>E vale dunque la pena, a proposito della presunta \u201csuperficialit\u00e0\u201d del Design, chiedersi se non sia in fin dei conti il pregiudizio stesso a essere vuoto e superficiale.<\/p>\n<p>Da parte sua, Ladies, Wine &amp; Design &#8211; Bologna ha gi\u00e0 cercato di rispondere.<br \/>\nE dunque\u2026 che Fried Air sia.<\/p>\n<p><a href=\"https:\/\/socialdesignmagazine.com\/mag\/?attachment_id=35442#content\" rel=\"attachment wp-att-35442\"><img loading=\"lazy\" decoding=\"async\" data-attachment-id=\"35442\" data-permalink=\"https:\/\/socialdesignmagazine.com\/mag\/news\/design-news\/fried-air-alla-bologna-design-week-2018\/attachment\/fried-air-3-2-jpg\/#content\" data-orig-file=\"https:\/\/socialdesignmagazine.com\/mag\/wp-content\/uploads\/2018\/10\/Fried Air 3-2.jpg\" data-orig-size=\"960,640\" data-comments-opened=\"1\" data-image-meta=\"{&quot;aperture&quot;:&quot;0&quot;,&quot;credit&quot;:&quot;Laura Lei&quot;,&quot;camera&quot;:&quot;&quot;,&quot;caption&quot;:&quot;&quot;,&quot;created_timestamp&quot;:&quot;0&quot;,&quot;copyright&quot;:&quot;Laura Lei&quot;,&quot;focal_length&quot;:&quot;0&quot;,&quot;iso&quot;:&quot;0&quot;,&quot;shutter_speed&quot;:&quot;0&quot;,&quot;title&quot;:&quot;&quot;,&quot;orientation&quot;:&quot;0&quot;}\" data-image-title=\"Fried Air 3-2.jpg\" data-image-description=\"\" data-image-caption=\"\" data-medium-file=\"https:\/\/socialdesignmagazine.com\/mag\/wp-content\/uploads\/2018\/10\/Fried Air 3-2-438x283.jpg\" data-large-file=\"https:\/\/socialdesignmagazine.com\/mag\/wp-content\/uploads\/2018\/10\/Fried Air 3-2.jpg\" class=\"alignnone size-full wp-image-35442\" src=\"https:\/\/socialdesignmagazine.com\/mag\/wp-content\/uploads\/2018\/10\/Fried Air 3-2.jpg\" alt=\"\" width=\"960\" height=\"640\" srcset=\"https:\/\/socialdesignmagazine.com\/mag\/wp-content\/uploads\/2018\/10\/Fried%20Air%203-2.jpg 960w, https:\/\/socialdesignmagazine.com\/mag\/wp-content\/uploads\/2018\/10\/Fried%20Air%203-2-100x66.jpg 100w, https:\/\/socialdesignmagazine.com\/mag\/wp-content\/uploads\/2018\/10\/Fried%20Air%203-2-768x512.jpg 768w\" sizes=\"auto, (max-width: 960px) 100vw, 960px\" \/><\/a><\/p>\n<p><a href=\"https:\/\/socialdesignmagazine.com\/mag\/?attachment_id=35443#content\" rel=\"attachment wp-att-35443\"><img loading=\"lazy\" decoding=\"async\" data-attachment-id=\"35443\" data-permalink=\"https:\/\/socialdesignmagazine.com\/mag\/news\/design-news\/fried-air-alla-bologna-design-week-2018\/attachment\/fried-air-4-3-jpg\/#content\" data-orig-file=\"https:\/\/socialdesignmagazine.com\/mag\/wp-content\/uploads\/2018\/10\/Fried Air 4-3.jpg\" data-orig-size=\"960,640\" data-comments-opened=\"1\" data-image-meta=\"{&quot;aperture&quot;:&quot;0&quot;,&quot;credit&quot;:&quot;Laura Lei&quot;,&quot;camera&quot;:&quot;&quot;,&quot;caption&quot;:&quot;&quot;,&quot;created_timestamp&quot;:&quot;0&quot;,&quot;copyright&quot;:&quot;Laura Lei&quot;,&quot;focal_length&quot;:&quot;0&quot;,&quot;iso&quot;:&quot;0&quot;,&quot;shutter_speed&quot;:&quot;0&quot;,&quot;title&quot;:&quot;&quot;,&quot;orientation&quot;:&quot;0&quot;}\" data-image-title=\"Fried Air 4-3.jpg\" data-image-description=\"\" data-image-caption=\"\" data-medium-file=\"https:\/\/socialdesignmagazine.com\/mag\/wp-content\/uploads\/2018\/10\/Fried Air 4-3-438x283.jpg\" data-large-file=\"https:\/\/socialdesignmagazine.com\/mag\/wp-content\/uploads\/2018\/10\/Fried Air 4-3.jpg\" class=\"alignnone size-full wp-image-35443\" src=\"https:\/\/socialdesignmagazine.com\/mag\/wp-content\/uploads\/2018\/10\/Fried Air 4-3.jpg\" alt=\"\" width=\"960\" height=\"640\" srcset=\"https:\/\/socialdesignmagazine.com\/mag\/wp-content\/uploads\/2018\/10\/Fried%20Air%204-3.jpg 960w, https:\/\/socialdesignmagazine.com\/mag\/wp-content\/uploads\/2018\/10\/Fried%20Air%204-3-100x66.jpg 100w, https:\/\/socialdesignmagazine.com\/mag\/wp-content\/uploads\/2018\/10\/Fried%20Air%204-3-768x512.jpg 768w\" sizes=\"auto, (max-width: 960px) 100vw, 960px\" \/><\/a><\/p>\n<p><a href=\"https:\/\/socialdesignmagazine.com\/mag\/?attachment_id=35441#content\" rel=\"attachment wp-att-35441\"><img loading=\"lazy\" decoding=\"async\" data-attachment-id=\"35441\" data-permalink=\"https:\/\/socialdesignmagazine.com\/mag\/news\/design-news\/fried-air-alla-bologna-design-week-2018\/attachment\/fried-air-2-1-jpg\/#content\" data-orig-file=\"https:\/\/socialdesignmagazine.com\/mag\/wp-content\/uploads\/2018\/10\/Fried Air 2-1.jpg\" data-orig-size=\"960,640\" data-comments-opened=\"1\" data-image-meta=\"{&quot;aperture&quot;:&quot;0&quot;,&quot;credit&quot;:&quot;Laura Lei&quot;,&quot;camera&quot;:&quot;&quot;,&quot;caption&quot;:&quot;&quot;,&quot;created_timestamp&quot;:&quot;0&quot;,&quot;copyright&quot;:&quot;Laura Lei&quot;,&quot;focal_length&quot;:&quot;0&quot;,&quot;iso&quot;:&quot;0&quot;,&quot;shutter_speed&quot;:&quot;0&quot;,&quot;title&quot;:&quot;&quot;,&quot;orientation&quot;:&quot;0&quot;}\" data-image-title=\"Fried Air 2-1.jpg\" data-image-description=\"\" data-image-caption=\"\" data-medium-file=\"https:\/\/socialdesignmagazine.com\/mag\/wp-content\/uploads\/2018\/10\/Fried Air 2-1-438x283.jpg\" data-large-file=\"https:\/\/socialdesignmagazine.com\/mag\/wp-content\/uploads\/2018\/10\/Fried Air 2-1.jpg\" class=\"alignnone size-full wp-image-35441\" src=\"https:\/\/socialdesignmagazine.com\/mag\/wp-content\/uploads\/2018\/10\/Fried Air 2-1.jpg\" alt=\"\" width=\"960\" height=\"640\" srcset=\"https:\/\/socialdesignmagazine.com\/mag\/wp-content\/uploads\/2018\/10\/Fried%20Air%202-1.jpg 960w, https:\/\/socialdesignmagazine.com\/mag\/wp-content\/uploads\/2018\/10\/Fried%20Air%202-1-100x66.jpg 100w, https:\/\/socialdesignmagazine.com\/mag\/wp-content\/uploads\/2018\/10\/Fried%20Air%202-1-768x512.jpg 768w\" sizes=\"auto, (max-width: 960px) 100vw, 960px\" \/><\/a><\/p>\n<p>&nbsp;<\/p>\n<p><a rel=\"nofollow\" href=\"https:\/\/ladieswinedesign.com\/bologna\/\">ladieswinedesign.com\/bologna\/<\/a><\/p>\n","protected":false,"gt_translate_keys":[{"key":"rendered","format":"html"}]},"excerpt":{"rendered":"<p>L\u2019edizione 2018 della Bologna Design Week \u00e8 stata davvero vincente, grazie a una rosa di eventi e mostre che hanno costellato la citt\u00e0 intera, scavalcando addirittura le antiche porte urbane. Cos\u00ec \u00e8 accaduto per Fried Air<\/p>\n","protected":false,"gt_translate_keys":[{"key":"rendered","format":"html"}]},"author":975,"featured_media":35440,"comment_status":"open","ping_status":"open","sticky":false,"template":"","format":"standard","meta":{"jetpack_post_was_ever_published":false,"_jetpack_newsletter_access":"","_jetpack_dont_email_post_to_subs":false,"_jetpack_newsletter_tier_id":0,"_jetpack_memberships_contains_paywalled_content":false,"_jetpack_memberships_contains_paid_content":false,"footnotes":"","_wpscppro_dont_share_socialmedia":false,"_wpscppro_custom_social_share_image":0,"_facebook_share_type":"","_twitter_share_type":"","_linkedin_share_type":"","_pinterest_share_type":"","_linkedin_share_type_page":"","_instagram_share_type":"","_medium_share_type":"","_threads_share_type":"","_google_business_share_type":"","_selected_social_profile":[],"_wpsp_enable_custom_social_template":false,"_wpsp_social_scheduling":{"enabled":false,"datetime":null,"platforms":[],"status":"template_only","dateOption":"today","timeOption":"now","customDays":"","customHours":"","customDate":"","customTime":"","schedulingType":"absolute"},"_wpsp_active_default_template":true},"categories":[17],"tags":[5595,5599,5597,5596],"class_list":["post-35438","post","type-post","status-publish","format-standard","has-post-thumbnail","hentry","category-design-news","tag-bolognadesignweek2018","tag-designexhibition","tag-friedair","tag-ladieswinedesignbologna"],"yoast_head":"<!-- This site is optimized with the Yoast SEO plugin v27.2 - https:\/\/yoast.com\/product\/yoast-seo-wordpress\/ -->\n<title>FRIED AIR alla Bologna Design Week 2018 - Social Design Magazine<\/title>\n<meta name=\"description\" content=\"L\u2019edizione 2018 della Bologna Design Week \u00e8 stata davvero vincente, grazie a eventi e mostre che hanno costellato la citt\u00e0 intera. Cos\u00ec \u00e8 accaduto per Fried Air\" \/>\n<meta name=\"robots\" content=\"index, follow, max-snippet:-1, max-image-preview:large, max-video-preview:-1\" \/>\n<link rel=\"canonical\" href=\"https:\/\/socialdesignmagazine.com\/mag\/news\/design-news\/fried-air-alla-bologna-design-week-2018\/\" \/>\n<meta property=\"og:locale\" content=\"it_IT\" \/>\n<meta property=\"og:type\" content=\"article\" \/>\n<meta property=\"og:title\" content=\"FRIED AIR alla Bologna Design Week 2018 - Social Design Magazine\" \/>\n<meta property=\"og:description\" content=\"L\u2019edizione 2018 della Bologna Design Week \u00e8 stata davvero vincente, grazie a eventi e mostre che hanno costellato la citt\u00e0 intera. Cos\u00ec \u00e8 accaduto per Fried Air\" \/>\n<meta property=\"og:url\" content=\"http:\/\/socialdesignmagazine.com\/mag\/news\/design-news\/fried-air-alla-bologna-design-week-2018\/\" \/>\n<meta property=\"og:site_name\" content=\"Social Design Magazine\" \/>\n<meta property=\"article:publisher\" content=\"https:\/\/www.facebook.com\/socialdesignmag\" \/>\n<meta property=\"article:published_time\" content=\"2018-10-15T10:28:47+00:00\" \/>\n<meta property=\"og:image\" content=\"https:\/\/socialdesignmagazine.com\/mag\/wp-content\/uploads\/2018\/10\/Fried%20Air%201-0.jpg\" \/>\n\t<meta property=\"og:image:width\" content=\"960\" \/>\n\t<meta property=\"og:image:height\" content=\"640\" \/>\n\t<meta property=\"og:image:type\" content=\"image\/jpeg\" \/>\n<meta name=\"author\" content=\"Denise\" \/>\n<meta name=\"twitter:card\" content=\"summary_large_image\" \/>\n<meta name=\"twitter:creator\" content=\"@socialdesignmag\" \/>\n<meta name=\"twitter:site\" content=\"@socialdesignmag\" \/>\n<meta name=\"twitter:label1\" content=\"Scritto da\" \/>\n\t<meta name=\"twitter:data1\" content=\"Denise\" \/>\n\t<meta name=\"twitter:label2\" content=\"Tempo di lettura stimato\" \/>\n\t<meta name=\"twitter:data2\" content=\"2 minuti\" \/>\n<script type=\"application\/ld+json\" class=\"yoast-schema-graph\">{\"@context\":\"https:\/\/schema.org\",\"@graph\":[{\"@type\":\"Article\",\"@id\":\"https:\/\/socialdesignmagazine.com\/mag\/news\/design-news\/fried-air-alla-bologna-design-week-2018\/#article\",\"isPartOf\":{\"@id\":\"https:\/\/socialdesignmagazine.com\/mag\/news\/design-news\/fried-air-alla-bologna-design-week-2018\/\"},\"author\":{\"name\":\"Denise\",\"@id\":\"https:\/\/socialdesignmagazine.com\/mag\/#\/schema\/person\/13763a2c5b263893a949a13b43d5bdd8\"},\"headline\":\"FRIED AIR alla Bologna Design Week 2018\",\"datePublished\":\"2018-10-15T10:28:47+00:00\",\"mainEntityOfPage\":{\"@id\":\"https:\/\/socialdesignmagazine.com\/mag\/news\/design-news\/fried-air-alla-bologna-design-week-2018\/\"},\"wordCount\":388,\"commentCount\":0,\"publisher\":{\"@id\":\"https:\/\/socialdesignmagazine.com\/mag\/#organization\"},\"image\":{\"@id\":\"https:\/\/socialdesignmagazine.com\/mag\/news\/design-news\/fried-air-alla-bologna-design-week-2018\/#primaryimage\"},\"thumbnailUrl\":\"https:\/\/socialdesignmagazine.com\/mag\/wp-content\/uploads\/2018\/10\/Fried Air 1-0.jpg\",\"keywords\":[\"#bolognadesignweek2018\",\"#designexhibition\",\"#friedair\",\"#ladieswinedesignbologna\"],\"articleSection\":[\"Design News\"],\"inLanguage\":\"it-IT\",\"potentialAction\":[{\"@type\":\"CommentAction\",\"name\":\"Comment\",\"target\":[\"https:\/\/socialdesignmagazine.com\/mag\/news\/design-news\/fried-air-alla-bologna-design-week-2018\/#respond\"]}]},{\"@type\":\"WebPage\",\"@id\":\"https:\/\/socialdesignmagazine.com\/mag\/news\/design-news\/fried-air-alla-bologna-design-week-2018\/\",\"url\":\"https:\/\/socialdesignmagazine.com\/mag\/news\/design-news\/fried-air-alla-bologna-design-week-2018\/\",\"name\":\"FRIED AIR alla Bologna Design Week 2018 - Social Design Magazine\",\"isPartOf\":{\"@id\":\"https:\/\/socialdesignmagazine.com\/mag\/#website\"},\"primaryImageOfPage\":{\"@id\":\"https:\/\/socialdesignmagazine.com\/mag\/news\/design-news\/fried-air-alla-bologna-design-week-2018\/#primaryimage\"},\"image\":{\"@id\":\"https:\/\/socialdesignmagazine.com\/mag\/news\/design-news\/fried-air-alla-bologna-design-week-2018\/#primaryimage\"},\"thumbnailUrl\":\"https:\/\/socialdesignmagazine.com\/mag\/wp-content\/uploads\/2018\/10\/Fried Air 1-0.jpg\",\"datePublished\":\"2018-10-15T10:28:47+00:00\",\"description\":\"L\u2019edizione 2018 della Bologna Design Week \u00e8 stata davvero vincente, grazie a eventi e mostre che hanno costellato la citt\u00e0 intera. Cos\u00ec \u00e8 accaduto per Fried Air\",\"breadcrumb\":{\"@id\":\"https:\/\/socialdesignmagazine.com\/mag\/news\/design-news\/fried-air-alla-bologna-design-week-2018\/#breadcrumb\"},\"inLanguage\":\"it-IT\",\"potentialAction\":[{\"@type\":\"ReadAction\",\"target\":[\"https:\/\/socialdesignmagazine.com\/mag\/news\/design-news\/fried-air-alla-bologna-design-week-2018\/\"]}]},{\"@type\":\"ImageObject\",\"inLanguage\":\"it-IT\",\"@id\":\"https:\/\/socialdesignmagazine.com\/mag\/news\/design-news\/fried-air-alla-bologna-design-week-2018\/#primaryimage\",\"url\":\"https:\/\/socialdesignmagazine.com\/mag\/wp-content\/uploads\/2018\/10\/Fried Air 1-0.jpg\",\"contentUrl\":\"https:\/\/socialdesignmagazine.com\/mag\/wp-content\/uploads\/2018\/10\/Fried Air 1-0.jpg\",\"width\":960,\"height\":640},{\"@type\":\"BreadcrumbList\",\"@id\":\"https:\/\/socialdesignmagazine.com\/mag\/news\/design-news\/fried-air-alla-bologna-design-week-2018\/#breadcrumb\",\"itemListElement\":[{\"@type\":\"ListItem\",\"position\":1,\"name\":\"Home\",\"item\":\"https:\/\/socialdesignmagazine.com\/mag\/\"},{\"@type\":\"ListItem\",\"position\":2,\"name\":\"News\",\"item\":\"https:\/\/socialdesignmagazine.com\/mag\/news\/\"},{\"@type\":\"ListItem\",\"position\":3,\"name\":\"Design News\",\"item\":\"https:\/\/socialdesignmagazine.com\/mag\/news\/design-news\/\"},{\"@type\":\"ListItem\",\"position\":4,\"name\":\"FRIED AIR alla Bologna Design Week 2018\"}]},{\"@type\":\"WebSite\",\"@id\":\"https:\/\/socialdesignmagazine.com\/mag\/#website\",\"url\":\"https:\/\/socialdesignmagazine.com\/mag\/\",\"name\":\"Social Design Magazine\",\"description\":\"Social Magazine su Design, Architettura, Arte, Grafica\",\"publisher\":{\"@id\":\"https:\/\/socialdesignmagazine.com\/mag\/#organization\"},\"potentialAction\":[{\"@type\":\"SearchAction\",\"target\":{\"@type\":\"EntryPoint\",\"urlTemplate\":\"https:\/\/socialdesignmagazine.com\/mag\/?s={search_term_string}\"},\"query-input\":{\"@type\":\"PropertyValueSpecification\",\"valueRequired\":true,\"valueName\":\"search_term_string\"}}],\"inLanguage\":\"it-IT\"},{\"@type\":\"Organization\",\"@id\":\"https:\/\/socialdesignmagazine.com\/mag\/#organization\",\"name\":\"Social Design Magazine\",\"url\":\"https:\/\/socialdesignmagazine.com\/mag\/\",\"logo\":{\"@type\":\"ImageObject\",\"inLanguage\":\"it-IT\",\"@id\":\"https:\/\/socialdesignmagazine.com\/mag\/#\/schema\/logo\/image\/\",\"url\":\"https:\/\/socialdesignmagazine.com\/mag\/wp-content\/uploads\/2017\/01\/logo_favicon_11.png\",\"contentUrl\":\"https:\/\/socialdesignmagazine.com\/mag\/wp-content\/uploads\/2017\/01\/logo_favicon_11.png\",\"width\":1024,\"height\":1024,\"caption\":\"Social Design Magazine\"},\"image\":{\"@id\":\"https:\/\/socialdesignmagazine.com\/mag\/#\/schema\/logo\/image\/\"},\"sameAs\":[\"https:\/\/www.facebook.com\/socialdesignmag\",\"https:\/\/x.com\/socialdesignmag\",\"http:\/\/instagram.com\/social_design_magazine\/\",\"http:\/\/pinterest.com\/socialdesignmag\/\",\"http:\/\/www.youtube.com\/user\/socialdesignmagazine\"]},{\"@type\":\"Person\",\"@id\":\"https:\/\/socialdesignmagazine.com\/mag\/#\/schema\/person\/13763a2c5b263893a949a13b43d5bdd8\",\"name\":\"Denise\",\"image\":{\"@type\":\"ImageObject\",\"inLanguage\":\"it-IT\",\"@id\":\"https:\/\/socialdesignmagazine.com\/mag\/wp-content\/uploads\/2018\/10\/Immagine-100x66.png\",\"url\":\"https:\/\/socialdesignmagazine.com\/mag\/wp-content\/uploads\/2018\/10\/Immagine-100x66.png\",\"contentUrl\":\"https:\/\/socialdesignmagazine.com\/mag\/wp-content\/uploads\/2018\/10\/Immagine-100x66.png\",\"caption\":\"Denise\"},\"description\":\"Communication Design Student\",\"url\":\"https:\/\/socialdesignmagazine.com\/mag\/author\/denisetrocchi\/\"}]}<\/script>\n<!-- \/ Yoast SEO plugin. -->","yoast_head_json":{"title":"FRIED AIR alla Bologna Design Week 2018 - Social Design Magazine","description":"L\u2019edizione 2018 della Bologna Design Week \u00e8 stata davvero vincente, grazie a eventi e mostre che hanno costellato la citt\u00e0 intera. Cos\u00ec \u00e8 accaduto per Fried Air","robots":{"index":"index","follow":"follow","max-snippet":"max-snippet:-1","max-image-preview":"max-image-preview:large","max-video-preview":"max-video-preview:-1"},"canonical":"https:\/\/socialdesignmagazine.com\/mag\/news\/design-news\/fried-air-alla-bologna-design-week-2018\/","og_locale":"it_IT","og_type":"article","og_title":"FRIED AIR alla Bologna Design Week 2018 - Social Design Magazine","og_description":"L\u2019edizione 2018 della Bologna Design Week \u00e8 stata davvero vincente, grazie a eventi e mostre che hanno costellato la citt\u00e0 intera. Cos\u00ec \u00e8 accaduto per Fried Air","og_url":"http:\/\/socialdesignmagazine.com\/mag\/news\/design-news\/fried-air-alla-bologna-design-week-2018\/","og_site_name":"Social Design Magazine","article_publisher":"https:\/\/www.facebook.com\/socialdesignmag","article_published_time":"2018-10-15T10:28:47+00:00","og_image":[{"width":960,"height":640,"url":"https:\/\/socialdesignmagazine.com\/mag\/wp-content\/uploads\/2018\/10\/Fried Air 1-0.jpg","type":"image\/jpeg"}],"author":"Denise","twitter_card":"summary_large_image","twitter_creator":"@socialdesignmag","twitter_site":"@socialdesignmag","twitter_misc":{"Scritto da":"Denise","Tempo di lettura stimato":"2 minuti"},"schema":{"@context":"https:\/\/schema.org","@graph":[{"@type":"Article","@id":"https:\/\/socialdesignmagazine.com\/mag\/news\/design-news\/fried-air-alla-bologna-design-week-2018\/#article","isPartOf":{"@id":"https:\/\/socialdesignmagazine.com\/mag\/news\/design-news\/fried-air-alla-bologna-design-week-2018\/"},"author":{"name":"Denise","@id":"https:\/\/socialdesignmagazine.com\/mag\/#\/schema\/person\/13763a2c5b263893a949a13b43d5bdd8"},"headline":"FRIED AIR alla Bologna Design Week 2018","datePublished":"2018-10-15T10:28:47+00:00","mainEntityOfPage":{"@id":"https:\/\/socialdesignmagazine.com\/mag\/news\/design-news\/fried-air-alla-bologna-design-week-2018\/"},"wordCount":388,"commentCount":0,"publisher":{"@id":"https:\/\/socialdesignmagazine.com\/mag\/#organization"},"image":{"@id":"https:\/\/socialdesignmagazine.com\/mag\/news\/design-news\/fried-air-alla-bologna-design-week-2018\/#primaryimage"},"thumbnailUrl":"https:\/\/socialdesignmagazine.com\/mag\/wp-content\/uploads\/2018\/10\/Fried Air 1-0.jpg","keywords":["#bolognadesignweek2018","#designexhibition","#friedair","#ladieswinedesignbologna"],"articleSection":["Design News"],"inLanguage":"it-IT","potentialAction":[{"@type":"CommentAction","name":"Comment","target":["https:\/\/socialdesignmagazine.com\/mag\/news\/design-news\/fried-air-alla-bologna-design-week-2018\/#respond"]}]},{"@type":"WebPage","@id":"https:\/\/socialdesignmagazine.com\/mag\/news\/design-news\/fried-air-alla-bologna-design-week-2018\/","url":"https:\/\/socialdesignmagazine.com\/mag\/news\/design-news\/fried-air-alla-bologna-design-week-2018\/","name":"FRIED AIR alla Bologna Design Week 2018 - Social Design Magazine","isPartOf":{"@id":"https:\/\/socialdesignmagazine.com\/mag\/#website"},"primaryImageOfPage":{"@id":"https:\/\/socialdesignmagazine.com\/mag\/news\/design-news\/fried-air-alla-bologna-design-week-2018\/#primaryimage"},"image":{"@id":"https:\/\/socialdesignmagazine.com\/mag\/news\/design-news\/fried-air-alla-bologna-design-week-2018\/#primaryimage"},"thumbnailUrl":"https:\/\/socialdesignmagazine.com\/mag\/wp-content\/uploads\/2018\/10\/Fried Air 1-0.jpg","datePublished":"2018-10-15T10:28:47+00:00","description":"L\u2019edizione 2018 della Bologna Design Week \u00e8 stata davvero vincente, grazie a eventi e mostre che hanno costellato la citt\u00e0 intera. Cos\u00ec \u00e8 accaduto per Fried Air","breadcrumb":{"@id":"https:\/\/socialdesignmagazine.com\/mag\/news\/design-news\/fried-air-alla-bologna-design-week-2018\/#breadcrumb"},"inLanguage":"it-IT","potentialAction":[{"@type":"ReadAction","target":["https:\/\/socialdesignmagazine.com\/mag\/news\/design-news\/fried-air-alla-bologna-design-week-2018\/"]}]},{"@type":"ImageObject","inLanguage":"it-IT","@id":"https:\/\/socialdesignmagazine.com\/mag\/news\/design-news\/fried-air-alla-bologna-design-week-2018\/#primaryimage","url":"https:\/\/socialdesignmagazine.com\/mag\/wp-content\/uploads\/2018\/10\/Fried Air 1-0.jpg","contentUrl":"https:\/\/socialdesignmagazine.com\/mag\/wp-content\/uploads\/2018\/10\/Fried Air 1-0.jpg","width":960,"height":640},{"@type":"BreadcrumbList","@id":"https:\/\/socialdesignmagazine.com\/mag\/news\/design-news\/fried-air-alla-bologna-design-week-2018\/#breadcrumb","itemListElement":[{"@type":"ListItem","position":1,"name":"Home","item":"https:\/\/socialdesignmagazine.com\/mag\/"},{"@type":"ListItem","position":2,"name":"News","item":"https:\/\/socialdesignmagazine.com\/mag\/news\/"},{"@type":"ListItem","position":3,"name":"Design News","item":"https:\/\/socialdesignmagazine.com\/mag\/news\/design-news\/"},{"@type":"ListItem","position":4,"name":"FRIED AIR alla Bologna Design Week 2018"}]},{"@type":"WebSite","@id":"https:\/\/socialdesignmagazine.com\/mag\/#website","url":"https:\/\/socialdesignmagazine.com\/mag\/","name":"Social Design Magazine","description":"Social Magazine su Design, Architettura, Arte, Grafica","publisher":{"@id":"https:\/\/socialdesignmagazine.com\/mag\/#organization"},"potentialAction":[{"@type":"SearchAction","target":{"@type":"EntryPoint","urlTemplate":"https:\/\/socialdesignmagazine.com\/mag\/?s={search_term_string}"},"query-input":{"@type":"PropertyValueSpecification","valueRequired":true,"valueName":"search_term_string"}}],"inLanguage":"it-IT"},{"@type":"Organization","@id":"https:\/\/socialdesignmagazine.com\/mag\/#organization","name":"Social Design Magazine","url":"https:\/\/socialdesignmagazine.com\/mag\/","logo":{"@type":"ImageObject","inLanguage":"it-IT","@id":"https:\/\/socialdesignmagazine.com\/mag\/#\/schema\/logo\/image\/","url":"https:\/\/socialdesignmagazine.com\/mag\/wp-content\/uploads\/2017\/01\/logo_favicon_11.png","contentUrl":"https:\/\/socialdesignmagazine.com\/mag\/wp-content\/uploads\/2017\/01\/logo_favicon_11.png","width":1024,"height":1024,"caption":"Social Design Magazine"},"image":{"@id":"https:\/\/socialdesignmagazine.com\/mag\/#\/schema\/logo\/image\/"},"sameAs":["https:\/\/www.facebook.com\/socialdesignmag","https:\/\/x.com\/socialdesignmag","http:\/\/instagram.com\/social_design_magazine\/","http:\/\/pinterest.com\/socialdesignmag\/","http:\/\/www.youtube.com\/user\/socialdesignmagazine"]},{"@type":"Person","@id":"https:\/\/socialdesignmagazine.com\/mag\/#\/schema\/person\/13763a2c5b263893a949a13b43d5bdd8","name":"Denise","image":{"@type":"ImageObject","inLanguage":"it-IT","@id":"https:\/\/socialdesignmagazine.com\/mag\/wp-content\/uploads\/2018\/10\/Immagine-100x66.png","url":"https:\/\/socialdesignmagazine.com\/mag\/wp-content\/uploads\/2018\/10\/Immagine-100x66.png","contentUrl":"https:\/\/socialdesignmagazine.com\/mag\/wp-content\/uploads\/2018\/10\/Immagine-100x66.png","caption":"Denise"},"description":"Communication Design Student","url":"https:\/\/socialdesignmagazine.com\/mag\/author\/denisetrocchi\/"}]}},"jetpack_featured_media_url":"https:\/\/socialdesignmagazine.com\/mag\/wp-content\/uploads\/2018\/10\/Fried Air 1-0.jpg","jetpack_sharing_enabled":true,"jetpack_shortlink":"https:\/\/wp.me\/p6cV7V-9dA","gt_translate_keys":[{"key":"link","format":"url"}],"_links":{"self":[{"href":"https:\/\/socialdesignmagazine.com\/mag\/wp-json\/wp\/v2\/posts\/35438","targetHints":{"allow":["GET"]}}],"collection":[{"href":"https:\/\/socialdesignmagazine.com\/mag\/wp-json\/wp\/v2\/posts"}],"about":[{"href":"https:\/\/socialdesignmagazine.com\/mag\/wp-json\/wp\/v2\/types\/post"}],"author":[{"embeddable":true,"href":"https:\/\/socialdesignmagazine.com\/mag\/wp-json\/wp\/v2\/users\/975"}],"replies":[{"embeddable":true,"href":"https:\/\/socialdesignmagazine.com\/mag\/wp-json\/wp\/v2\/comments?post=35438"}],"version-history":[{"count":3,"href":"https:\/\/socialdesignmagazine.com\/mag\/wp-json\/wp\/v2\/posts\/35438\/revisions"}],"predecessor-version":[{"id":35446,"href":"https:\/\/socialdesignmagazine.com\/mag\/wp-json\/wp\/v2\/posts\/35438\/revisions\/35446"}],"wp:featuredmedia":[{"embeddable":true,"href":"https:\/\/socialdesignmagazine.com\/mag\/wp-json\/wp\/v2\/media\/35440"}],"wp:attachment":[{"href":"https:\/\/socialdesignmagazine.com\/mag\/wp-json\/wp\/v2\/media?parent=35438"}],"wp:term":[{"taxonomy":"category","embeddable":true,"href":"https:\/\/socialdesignmagazine.com\/mag\/wp-json\/wp\/v2\/categories?post=35438"},{"taxonomy":"post_tag","embeddable":true,"href":"https:\/\/socialdesignmagazine.com\/mag\/wp-json\/wp\/v2\/tags?post=35438"}],"curies":[{"name":"wp","href":"https:\/\/api.w.org\/{rel}","templated":true}]}}