{"id":356,"date":"2011-06-02T14:14:43","date_gmt":"2011-06-02T12:14:43","guid":{"rendered":"https:\/\/socialdesignmagazine.com\/mag\/s5-architettura\/c34-architettura\/for-usenumen-a-playing-the-city-2\/"},"modified":"2024-05-05T00:08:02","modified_gmt":"2024-05-04T22:08:02","slug":"for-usenumen-a-playing-the-city-2","status":"publish","type":"post","link":"https:\/\/socialdesignmagazine.com\/mag\/architettura\/for-usenumen-a-playing-the-city-2\/","title":{"rendered":"For Use\/Numen a Playing the City 2","gt_translate_keys":[{"key":"rendered","format":"text"}]},"content":{"rendered":"\n<p>La pi\u00f9 recente installazione di <a class=\"jcepopup\" href=\"http:\/\/www.foruse.info\/\" rel=\"nofollow\">For Use\/Numen<\/a> a Francoforte. L&#8217;installazione \u00e8 stata parte della &#8220;Playing the City 2 &#8221; mostra che ha coinvolto 20 artisti internazionali in uno spazio pubblico, organizzato dalla Schirn Kunsthalle di Francoforte. La mostra, curata da Matthias Ulrich, coinvolge il centro di Francoforte ed i suoi abitanti. Il collettivo austro-croato\u00a0For Use\/Numen\u00a0crea installazioni walk-in, ambienti interni ed esterni, utilizzando del nastro adesivo standard. Assomigliano a galleggianti, bozzoli trasparenti, ad architettura biomorfe, alle utopie urbane del 1960 e 1970. L&#8217;installazione fornisce sia un imponente spettacolo traslucido che un paesaggio walk-in in cui l&#8217;utente pu\u00f2 isolarsi fuori dal mondo esterno, sdraiato o seduto.<\/p>\n\n\n<div class=\"wp-block-image\">\n<figure class=\"aligncenter\"><img loading=\"lazy\" decoding=\"async\" width=\"720\" height=\"379\" data-attachment-id=\"5966\" data-permalink=\"https:\/\/socialdesignmagazine.com\/mag\/architettura\/for-usenumen-a-playing-the-city-2\/attachment\/02_for_use_numen_tape_installation\/#content\" data-orig-file=\"https:\/\/socialdesignmagazine.com\/mag\/wp-content\/uploads\/2011\/06\/benedetto_for_use_numen_playing_the_city_2_02_For_Use_Numen_tape_installation.jpg\" data-orig-size=\"720,379\" data-comments-opened=\"1\" data-image-meta=\"{&quot;aperture&quot;:&quot;0&quot;,&quot;credit&quot;:&quot;&quot;,&quot;camera&quot;:&quot;&quot;,&quot;caption&quot;:&quot;&quot;,&quot;created_timestamp&quot;:&quot;0&quot;,&quot;copyright&quot;:&quot;&quot;,&quot;focal_length&quot;:&quot;0&quot;,&quot;iso&quot;:&quot;0&quot;,&quot;shutter_speed&quot;:&quot;0&quot;,&quot;title&quot;:&quot;&quot;,&quot;orientation&quot;:&quot;0&quot;}\" data-image-title=\"02_For_Use_Numen_tape_installation\" data-image-description=\"\" data-image-caption=\"\" data-medium-file=\"https:\/\/socialdesignmagazine.com\/mag\/wp-content\/uploads\/2011\/06\/benedetto_for_use_numen_playing_the_city_2_02_For_Use_Numen_tape_installation-396x256.jpg\" data-large-file=\"https:\/\/socialdesignmagazine.com\/mag\/wp-content\/uploads\/2011\/06\/benedetto_for_use_numen_playing_the_city_2_02_For_Use_Numen_tape_installation.jpg\" src=\"https:\/\/socialdesignmagazine.com\/mag\/wp-content\/uploads\/2011\/06\/benedetto_for_use_numen_playing_the_city_2_02_For_Use_Numen_tape_installation.jpg\" alt=\"02_For_Use_Numen_tape_installation\" class=\"wp-image-5966\"\/><\/figure>\n<\/div>\n\n<div class=\"wp-block-image\">\n<figure class=\"aligncenter\"><img loading=\"lazy\" decoding=\"async\" width=\"720\" height=\"376\" data-attachment-id=\"5967\" data-permalink=\"https:\/\/socialdesignmagazine.com\/mag\/architettura\/for-usenumen-a-playing-the-city-2\/attachment\/03_for_use_numen_tape_installation\/#content\" data-orig-file=\"https:\/\/socialdesignmagazine.com\/mag\/wp-content\/uploads\/2011\/06\/benedetto_for_use_numen_playing_the_city_2_03_For_Use_Numen_tape_installation.jpg\" data-orig-size=\"720,376\" data-comments-opened=\"1\" data-image-meta=\"{&quot;aperture&quot;:&quot;0&quot;,&quot;credit&quot;:&quot;&quot;,&quot;camera&quot;:&quot;&quot;,&quot;caption&quot;:&quot;&quot;,&quot;created_timestamp&quot;:&quot;0&quot;,&quot;copyright&quot;:&quot;&quot;,&quot;focal_length&quot;:&quot;0&quot;,&quot;iso&quot;:&quot;0&quot;,&quot;shutter_speed&quot;:&quot;0&quot;,&quot;title&quot;:&quot;&quot;,&quot;orientation&quot;:&quot;0&quot;}\" data-image-title=\"03_For_Use_Numen_tape_installation\" data-image-description=\"\" data-image-caption=\"\" data-medium-file=\"https:\/\/socialdesignmagazine.com\/mag\/wp-content\/uploads\/2011\/06\/benedetto_for_use_numen_playing_the_city_2_03_For_Use_Numen_tape_installation-396x256.jpg\" data-large-file=\"https:\/\/socialdesignmagazine.com\/mag\/wp-content\/uploads\/2011\/06\/benedetto_for_use_numen_playing_the_city_2_03_For_Use_Numen_tape_installation.jpg\" src=\"https:\/\/socialdesignmagazine.com\/mag\/wp-content\/uploads\/2011\/06\/benedetto_for_use_numen_playing_the_city_2_03_For_Use_Numen_tape_installation.jpg\" alt=\"03_For_Use_Numen_tape_installation\" class=\"wp-image-5967\"\/><\/figure>\n<\/div>\n\n<div class=\"wp-block-image\">\n<figure class=\"aligncenter\"><img loading=\"lazy\" decoding=\"async\" width=\"720\" height=\"380\" data-attachment-id=\"5968\" data-permalink=\"https:\/\/socialdesignmagazine.com\/mag\/architettura\/for-usenumen-a-playing-the-city-2\/attachment\/04_for_use_numen_tape_installation\/#content\" data-orig-file=\"https:\/\/socialdesignmagazine.com\/mag\/wp-content\/uploads\/2011\/06\/benedetto_for_use_numen_playing_the_city_2_04_For_Use_Numen_tape_installation.jpg\" data-orig-size=\"720,380\" data-comments-opened=\"1\" data-image-meta=\"{&quot;aperture&quot;:&quot;0&quot;,&quot;credit&quot;:&quot;&quot;,&quot;camera&quot;:&quot;&quot;,&quot;caption&quot;:&quot;&quot;,&quot;created_timestamp&quot;:&quot;0&quot;,&quot;copyright&quot;:&quot;&quot;,&quot;focal_length&quot;:&quot;0&quot;,&quot;iso&quot;:&quot;0&quot;,&quot;shutter_speed&quot;:&quot;0&quot;,&quot;title&quot;:&quot;&quot;,&quot;orientation&quot;:&quot;0&quot;}\" data-image-title=\"04_For_Use_Numen_tape_installation\" data-image-description=\"\" data-image-caption=\"\" data-medium-file=\"https:\/\/socialdesignmagazine.com\/mag\/wp-content\/uploads\/2011\/06\/benedetto_for_use_numen_playing_the_city_2_04_For_Use_Numen_tape_installation-396x256.jpg\" data-large-file=\"https:\/\/socialdesignmagazine.com\/mag\/wp-content\/uploads\/2011\/06\/benedetto_for_use_numen_playing_the_city_2_04_For_Use_Numen_tape_installation.jpg\" src=\"https:\/\/socialdesignmagazine.com\/mag\/wp-content\/uploads\/2011\/06\/benedetto_for_use_numen_playing_the_city_2_04_For_Use_Numen_tape_installation.jpg\" alt=\"04_For_Use_Numen_tape_installation\" class=\"wp-image-5968\"\/><\/figure>\n<\/div>\n\n<div class=\"wp-block-image\">\n<figure class=\"aligncenter\"><img loading=\"lazy\" decoding=\"async\" width=\"720\" height=\"378\" data-attachment-id=\"5969\" data-permalink=\"https:\/\/socialdesignmagazine.com\/mag\/architettura\/for-usenumen-a-playing-the-city-2\/attachment\/05_for_use_numen_tape_installation\/#content\" data-orig-file=\"https:\/\/socialdesignmagazine.com\/mag\/wp-content\/uploads\/2011\/06\/benedetto_for_use_numen_playing_the_city_2_05_For_Use_Numen_tape_installation.jpg\" data-orig-size=\"720,378\" data-comments-opened=\"1\" data-image-meta=\"{&quot;aperture&quot;:&quot;0&quot;,&quot;credit&quot;:&quot;&quot;,&quot;camera&quot;:&quot;&quot;,&quot;caption&quot;:&quot;&quot;,&quot;created_timestamp&quot;:&quot;0&quot;,&quot;copyright&quot;:&quot;&quot;,&quot;focal_length&quot;:&quot;0&quot;,&quot;iso&quot;:&quot;0&quot;,&quot;shutter_speed&quot;:&quot;0&quot;,&quot;title&quot;:&quot;&quot;,&quot;orientation&quot;:&quot;0&quot;}\" data-image-title=\"05_For_Use_Numen_tape_installation\" data-image-description=\"\" data-image-caption=\"\" data-medium-file=\"https:\/\/socialdesignmagazine.com\/mag\/wp-content\/uploads\/2011\/06\/benedetto_for_use_numen_playing_the_city_2_05_For_Use_Numen_tape_installation-396x256.jpg\" data-large-file=\"https:\/\/socialdesignmagazine.com\/mag\/wp-content\/uploads\/2011\/06\/benedetto_for_use_numen_playing_the_city_2_05_For_Use_Numen_tape_installation.jpg\" src=\"https:\/\/socialdesignmagazine.com\/mag\/wp-content\/uploads\/2011\/06\/benedetto_for_use_numen_playing_the_city_2_05_For_Use_Numen_tape_installation.jpg\" alt=\"05_For_Use_Numen_tape_installation\" class=\"wp-image-5969\"\/><\/figure>\n<\/div>\n\n<div class=\"wp-block-image\">\n<figure class=\"aligncenter\"><img loading=\"lazy\" decoding=\"async\" width=\"720\" height=\"378\" data-attachment-id=\"5970\" data-permalink=\"https:\/\/socialdesignmagazine.com\/mag\/architettura\/for-usenumen-a-playing-the-city-2\/attachment\/06_for_use_numen_tape_installation\/#content\" data-orig-file=\"https:\/\/socialdesignmagazine.com\/mag\/wp-content\/uploads\/2011\/06\/benedetto_for_use_numen_playing_the_city_2_06_For_Use_Numen_tape_installation.jpg\" data-orig-size=\"720,378\" data-comments-opened=\"1\" data-image-meta=\"{&quot;aperture&quot;:&quot;0&quot;,&quot;credit&quot;:&quot;&quot;,&quot;camera&quot;:&quot;&quot;,&quot;caption&quot;:&quot;&quot;,&quot;created_timestamp&quot;:&quot;0&quot;,&quot;copyright&quot;:&quot;&quot;,&quot;focal_length&quot;:&quot;0&quot;,&quot;iso&quot;:&quot;0&quot;,&quot;shutter_speed&quot;:&quot;0&quot;,&quot;title&quot;:&quot;&quot;,&quot;orientation&quot;:&quot;0&quot;}\" data-image-title=\"06_For_Use_Numen_tape_installation\" data-image-description=\"\" data-image-caption=\"\" data-medium-file=\"https:\/\/socialdesignmagazine.com\/mag\/wp-content\/uploads\/2011\/06\/benedetto_for_use_numen_playing_the_city_2_06_For_Use_Numen_tape_installation-396x256.jpg\" data-large-file=\"https:\/\/socialdesignmagazine.com\/mag\/wp-content\/uploads\/2011\/06\/benedetto_for_use_numen_playing_the_city_2_06_For_Use_Numen_tape_installation.jpg\" src=\"https:\/\/socialdesignmagazine.com\/mag\/wp-content\/uploads\/2011\/06\/benedetto_for_use_numen_playing_the_city_2_06_For_Use_Numen_tape_installation.jpg\" alt=\"06_For_Use_Numen_tape_installation\" class=\"wp-image-5970\"\/><\/figure>\n<\/div>","protected":false,"gt_translate_keys":[{"key":"rendered","format":"html"}]},"excerpt":{"rendered":"<p>La pi\u00f9 recente installazione di For Use\/Numen a Francoforte. L&#8217;installazione \u00e8 stata parte della &#8220;Playing the City 2 &#8221; mostra che ha coinvolto 20 artisti internazionali in uno spazio pubblico, organizzato dalla Schirn Kunsthalle di Francoforte.<\/p>\n","protected":false,"gt_translate_keys":[{"key":"rendered","format":"html"}]},"author":1,"featured_media":5965,"comment_status":"open","ping_status":"open","sticky":false,"template":"","format":"standard","meta":{"jetpack_post_was_ever_published":false,"_jetpack_newsletter_access":"","_jetpack_dont_email_post_to_subs":false,"_jetpack_newsletter_tier_id":0,"_jetpack_memberships_contains_paywalled_content":false,"_jetpack_memberships_contains_paid_content":false,"footnotes":"","_wpscppro_dont_share_socialmedia":false,"_wpscppro_custom_social_share_image":0,"_facebook_share_type":"","_twitter_share_type":"","_linkedin_share_type":"","_pinterest_share_type":"","_linkedin_share_type_page":"","_instagram_share_type":"","_medium_share_type":"","_threads_share_type":"","_google_business_share_type":"","_selected_social_profile":[],"_wpsp_enable_custom_social_template":false,"_wpsp_social_scheduling":{"enabled":false,"datetime":null,"platforms":[],"status":"template_only","dateOption":"today","timeOption":"now","customDays":"","customHours":"","customDate":"","customTime":"","schedulingType":"absolute"},"_wpsp_active_default_template":true},"categories":[15],"tags":[],"class_list":["post-356","post","type-post","status-publish","format-standard","has-post-thumbnail","hentry","category-architettura"],"yoast_head":"<!-- This site is optimized with the Yoast SEO plugin v27.2 - https:\/\/yoast.com\/product\/yoast-seo-wordpress\/ -->\n<title>For Use\/Numen a Playing the City 2 - Social Design Magazine<\/title>\n<meta name=\"description\" content=\"La pi\u00f9 recente installazione di For Use\/Numen a Francoforte. L&#039;installazione \u00e8 stata parte della &quot;Playing the City 2 &quot; mostra che ha coinvolto 20 artisti internazionali in uno spazio pubblico, organizzato dalla Schirn Kunsthalle di Francoforte.\" \/>\n<meta name=\"robots\" content=\"index, follow, max-snippet:-1, max-image-preview:large, max-video-preview:-1\" \/>\n<link rel=\"canonical\" href=\"https:\/\/socialdesignmagazine.com\/mag\/architettura\/for-usenumen-a-playing-the-city-2\/\" \/>\n<meta property=\"og:locale\" content=\"it_IT\" \/>\n<meta property=\"og:type\" content=\"article\" \/>\n<meta property=\"og:title\" content=\"For Use\/Numen a Playing the City 2 - Social Design Magazine\" \/>\n<meta property=\"og:description\" content=\"La pi\u00f9 recente installazione di For Use\/Numen a Francoforte. L&#039;installazione \u00e8 stata parte della &quot;Playing the City 2 &quot; mostra che ha coinvolto 20 artisti internazionali in uno spazio pubblico, organizzato dalla Schirn Kunsthalle di Francoforte.\" \/>\n<meta property=\"og:url\" content=\"http:\/\/socialdesignmagazine.com\/mag\/architettura\/for-usenumen-a-playing-the-city-2\/\" \/>\n<meta property=\"og:site_name\" content=\"Social Design Magazine\" \/>\n<meta property=\"article:publisher\" content=\"https:\/\/www.facebook.com\/socialdesignmag\" \/>\n<meta property=\"article:author\" content=\"https:\/\/www.facebook.com\/benedettofiori\" \/>\n<meta property=\"article:published_time\" content=\"2011-06-02T12:14:43+00:00\" \/>\n<meta property=\"article:modified_time\" content=\"2024-05-04T22:08:02+00:00\" \/>\n<meta property=\"og:image\" content=\"https:\/\/socialdesignmagazine.com\/mag\/wp-content\/uploads\/2011\/06\/benedetto_for_use_numen_playing_the_city_2_01_For_Use_Numen_tape_installation.jpg\" \/>\n\t<meta property=\"og:image:width\" content=\"720\" \/>\n\t<meta property=\"og:image:height\" content=\"379\" \/>\n\t<meta property=\"og:image:type\" content=\"image\/jpeg\" \/>\n<meta name=\"author\" content=\"Benedetto Fiori\" \/>\n<meta name=\"twitter:card\" content=\"summary_large_image\" \/>\n<meta name=\"twitter:creator\" content=\"@benedettofiori\" \/>\n<meta name=\"twitter:site\" content=\"@socialdesignmag\" \/>\n<meta name=\"twitter:label1\" content=\"Scritto da\" \/>\n\t<meta name=\"twitter:data1\" content=\"Benedetto Fiori\" \/>\n\t<meta name=\"twitter:label2\" content=\"Tempo di lettura stimato\" \/>\n\t<meta name=\"twitter:data2\" content=\"2 minuti\" \/>\n<script type=\"application\/ld+json\" class=\"yoast-schema-graph\">{\"@context\":\"https:\/\/schema.org\",\"@graph\":[{\"@type\":\"Article\",\"@id\":\"https:\/\/socialdesignmagazine.com\/mag\/architettura\/for-usenumen-a-playing-the-city-2\/#article\",\"isPartOf\":{\"@id\":\"https:\/\/socialdesignmagazine.com\/mag\/architettura\/for-usenumen-a-playing-the-city-2\/\"},\"author\":{\"name\":\"Benedetto Fiori\",\"@id\":\"https:\/\/socialdesignmagazine.com\/mag\/#\/schema\/person\/61e20205cc363c315e6aabd33a045846\"},\"headline\":\"For Use\/Numen a Playing the City 2\",\"datePublished\":\"2011-06-02T12:14:43+00:00\",\"dateModified\":\"2024-05-04T22:08:02+00:00\",\"mainEntityOfPage\":{\"@id\":\"https:\/\/socialdesignmagazine.com\/mag\/architettura\/for-usenumen-a-playing-the-city-2\/\"},\"wordCount\":112,\"commentCount\":0,\"publisher\":{\"@id\":\"https:\/\/socialdesignmagazine.com\/mag\/#organization\"},\"image\":{\"@id\":\"https:\/\/socialdesignmagazine.com\/mag\/architettura\/for-usenumen-a-playing-the-city-2\/#primaryimage\"},\"thumbnailUrl\":\"https:\/\/socialdesignmagazine.com\/mag\/wp-content\/uploads\/2011\/06\/benedetto_for_use_numen_playing_the_city_2_01_For_Use_Numen_tape_installation.jpg\",\"articleSection\":[\"Architettura\"],\"inLanguage\":\"it-IT\",\"potentialAction\":[{\"@type\":\"CommentAction\",\"name\":\"Comment\",\"target\":[\"https:\/\/socialdesignmagazine.com\/mag\/architettura\/for-usenumen-a-playing-the-city-2\/#respond\"]}]},{\"@type\":\"WebPage\",\"@id\":\"https:\/\/socialdesignmagazine.com\/mag\/architettura\/for-usenumen-a-playing-the-city-2\/\",\"url\":\"https:\/\/socialdesignmagazine.com\/mag\/architettura\/for-usenumen-a-playing-the-city-2\/\",\"name\":\"For Use\/Numen a Playing the City 2 - Social Design Magazine\",\"isPartOf\":{\"@id\":\"https:\/\/socialdesignmagazine.com\/mag\/#website\"},\"primaryImageOfPage\":{\"@id\":\"https:\/\/socialdesignmagazine.com\/mag\/architettura\/for-usenumen-a-playing-the-city-2\/#primaryimage\"},\"image\":{\"@id\":\"https:\/\/socialdesignmagazine.com\/mag\/architettura\/for-usenumen-a-playing-the-city-2\/#primaryimage\"},\"thumbnailUrl\":\"https:\/\/socialdesignmagazine.com\/mag\/wp-content\/uploads\/2011\/06\/benedetto_for_use_numen_playing_the_city_2_01_For_Use_Numen_tape_installation.jpg\",\"datePublished\":\"2011-06-02T12:14:43+00:00\",\"dateModified\":\"2024-05-04T22:08:02+00:00\",\"description\":\"La pi\u00f9 recente installazione di For Use\/Numen a Francoforte. L'installazione \u00e8 stata parte della \\\"Playing the City 2 \\\" mostra che ha coinvolto 20 artisti internazionali in uno spazio pubblico, organizzato dalla Schirn Kunsthalle di Francoforte.\",\"breadcrumb\":{\"@id\":\"https:\/\/socialdesignmagazine.com\/mag\/architettura\/for-usenumen-a-playing-the-city-2\/#breadcrumb\"},\"inLanguage\":\"it-IT\",\"potentialAction\":[{\"@type\":\"ReadAction\",\"target\":[\"https:\/\/socialdesignmagazine.com\/mag\/architettura\/for-usenumen-a-playing-the-city-2\/\"]}]},{\"@type\":\"ImageObject\",\"inLanguage\":\"it-IT\",\"@id\":\"https:\/\/socialdesignmagazine.com\/mag\/architettura\/for-usenumen-a-playing-the-city-2\/#primaryimage\",\"url\":\"https:\/\/socialdesignmagazine.com\/mag\/wp-content\/uploads\/2011\/06\/benedetto_for_use_numen_playing_the_city_2_01_For_Use_Numen_tape_installation.jpg\",\"contentUrl\":\"https:\/\/socialdesignmagazine.com\/mag\/wp-content\/uploads\/2011\/06\/benedetto_for_use_numen_playing_the_city_2_01_For_Use_Numen_tape_installation.jpg\",\"width\":720,\"height\":379,\"caption\":\"01_For_Use_Numen_tape_installation\"},{\"@type\":\"BreadcrumbList\",\"@id\":\"https:\/\/socialdesignmagazine.com\/mag\/architettura\/for-usenumen-a-playing-the-city-2\/#breadcrumb\",\"itemListElement\":[{\"@type\":\"ListItem\",\"position\":1,\"name\":\"Home\",\"item\":\"https:\/\/socialdesignmagazine.com\/mag\/\"},{\"@type\":\"ListItem\",\"position\":2,\"name\":\"Architettura\",\"item\":\"https:\/\/socialdesignmagazine.com\/mag\/architettura\/\"},{\"@type\":\"ListItem\",\"position\":3,\"name\":\"For Use\/Numen a Playing the City 2\"}]},{\"@type\":\"WebSite\",\"@id\":\"https:\/\/socialdesignmagazine.com\/mag\/#website\",\"url\":\"https:\/\/socialdesignmagazine.com\/mag\/\",\"name\":\"Social Design Magazine\",\"description\":\"Social Magazine su Design, Architettura, Arte, Grafica\",\"publisher\":{\"@id\":\"https:\/\/socialdesignmagazine.com\/mag\/#organization\"},\"potentialAction\":[{\"@type\":\"SearchAction\",\"target\":{\"@type\":\"EntryPoint\",\"urlTemplate\":\"https:\/\/socialdesignmagazine.com\/mag\/?s={search_term_string}\"},\"query-input\":{\"@type\":\"PropertyValueSpecification\",\"valueRequired\":true,\"valueName\":\"search_term_string\"}}],\"inLanguage\":\"it-IT\"},{\"@type\":\"Organization\",\"@id\":\"https:\/\/socialdesignmagazine.com\/mag\/#organization\",\"name\":\"Social Design Magazine\",\"url\":\"https:\/\/socialdesignmagazine.com\/mag\/\",\"logo\":{\"@type\":\"ImageObject\",\"inLanguage\":\"it-IT\",\"@id\":\"https:\/\/socialdesignmagazine.com\/mag\/#\/schema\/logo\/image\/\",\"url\":\"https:\/\/socialdesignmagazine.com\/mag\/wp-content\/uploads\/2017\/01\/logo_favicon_11.png\",\"contentUrl\":\"https:\/\/socialdesignmagazine.com\/mag\/wp-content\/uploads\/2017\/01\/logo_favicon_11.png\",\"width\":1024,\"height\":1024,\"caption\":\"Social Design Magazine\"},\"image\":{\"@id\":\"https:\/\/socialdesignmagazine.com\/mag\/#\/schema\/logo\/image\/\"},\"sameAs\":[\"https:\/\/www.facebook.com\/socialdesignmag\",\"https:\/\/x.com\/socialdesignmag\",\"http:\/\/instagram.com\/social_design_magazine\/\",\"http:\/\/pinterest.com\/socialdesignmag\/\",\"http:\/\/www.youtube.com\/user\/socialdesignmagazine\"]},{\"@type\":\"Person\",\"@id\":\"https:\/\/socialdesignmagazine.com\/mag\/#\/schema\/person\/61e20205cc363c315e6aabd33a045846\",\"name\":\"Benedetto Fiori\",\"image\":{\"@type\":\"ImageObject\",\"inLanguage\":\"it-IT\",\"@id\":\"https:\/\/secure.gravatar.com\/avatar\/450a48cefa36da63d920ad70aa660bd10725b1c6093800242e5efdb397759033?s=96&d=mm&r=g\",\"url\":\"https:\/\/secure.gravatar.com\/avatar\/450a48cefa36da63d920ad70aa660bd10725b1c6093800242e5efdb397759033?s=96&d=mm&r=g\",\"contentUrl\":\"https:\/\/secure.gravatar.com\/avatar\/450a48cefa36da63d920ad70aa660bd10725b1c6093800242e5efdb397759033?s=96&d=mm&r=g\",\"caption\":\"Benedetto Fiori\"},\"description\":\"Web | Twitter | Facebook | Shutterstock Founder &amp; Editor in Chief di Social Design Magazine. Attratto da sempre da tutto ci\u00f2 che \u00e8 creativit\u00e0, design, architettura. Dopo aver studiato Architettura all'Universit\u00e0 di Firenze, si \u00e8 impegnato in molteplici campi: comunicazione grafica, progettazione di allestimenti fieristici, brand design, Interior Design.\",\"sameAs\":[\"http:\/\/benedettofiori.com\",\"https:\/\/www.facebook.com\/benedettofiori\",\"https:\/\/x.com\/benedettofiori\"],\"url\":\"https:\/\/socialdesignmagazine.com\/mag\/author\/benedetto\/\"}]}<\/script>\n<!-- \/ Yoast SEO plugin. -->","yoast_head_json":{"title":"For Use\/Numen a Playing the City 2 - Social Design Magazine","description":"La pi\u00f9 recente installazione di For Use\/Numen a Francoforte. L'installazione \u00e8 stata parte della \"Playing the City 2 \" mostra che ha coinvolto 20 artisti internazionali in uno spazio pubblico, organizzato dalla Schirn Kunsthalle di Francoforte.","robots":{"index":"index","follow":"follow","max-snippet":"max-snippet:-1","max-image-preview":"max-image-preview:large","max-video-preview":"max-video-preview:-1"},"canonical":"https:\/\/socialdesignmagazine.com\/mag\/architettura\/for-usenumen-a-playing-the-city-2\/","og_locale":"it_IT","og_type":"article","og_title":"For Use\/Numen a Playing the City 2 - Social Design Magazine","og_description":"La pi\u00f9 recente installazione di For Use\/Numen a Francoforte. L'installazione \u00e8 stata parte della \"Playing the City 2 \" mostra che ha coinvolto 20 artisti internazionali in uno spazio pubblico, organizzato dalla Schirn Kunsthalle di Francoforte.","og_url":"http:\/\/socialdesignmagazine.com\/mag\/architettura\/for-usenumen-a-playing-the-city-2\/","og_site_name":"Social Design Magazine","article_publisher":"https:\/\/www.facebook.com\/socialdesignmag","article_author":"https:\/\/www.facebook.com\/benedettofiori","article_published_time":"2011-06-02T12:14:43+00:00","article_modified_time":"2024-05-04T22:08:02+00:00","og_image":[{"width":720,"height":379,"url":"https:\/\/socialdesignmagazine.com\/mag\/wp-content\/uploads\/2011\/06\/benedetto_for_use_numen_playing_the_city_2_01_For_Use_Numen_tape_installation.jpg","type":"image\/jpeg"}],"author":"Benedetto Fiori","twitter_card":"summary_large_image","twitter_creator":"@benedettofiori","twitter_site":"@socialdesignmag","twitter_misc":{"Scritto da":"Benedetto Fiori","Tempo di lettura stimato":"2 minuti"},"schema":{"@context":"https:\/\/schema.org","@graph":[{"@type":"Article","@id":"https:\/\/socialdesignmagazine.com\/mag\/architettura\/for-usenumen-a-playing-the-city-2\/#article","isPartOf":{"@id":"https:\/\/socialdesignmagazine.com\/mag\/architettura\/for-usenumen-a-playing-the-city-2\/"},"author":{"name":"Benedetto Fiori","@id":"https:\/\/socialdesignmagazine.com\/mag\/#\/schema\/person\/61e20205cc363c315e6aabd33a045846"},"headline":"For Use\/Numen a Playing the City 2","datePublished":"2011-06-02T12:14:43+00:00","dateModified":"2024-05-04T22:08:02+00:00","mainEntityOfPage":{"@id":"https:\/\/socialdesignmagazine.com\/mag\/architettura\/for-usenumen-a-playing-the-city-2\/"},"wordCount":112,"commentCount":0,"publisher":{"@id":"https:\/\/socialdesignmagazine.com\/mag\/#organization"},"image":{"@id":"https:\/\/socialdesignmagazine.com\/mag\/architettura\/for-usenumen-a-playing-the-city-2\/#primaryimage"},"thumbnailUrl":"https:\/\/socialdesignmagazine.com\/mag\/wp-content\/uploads\/2011\/06\/benedetto_for_use_numen_playing_the_city_2_01_For_Use_Numen_tape_installation.jpg","articleSection":["Architettura"],"inLanguage":"it-IT","potentialAction":[{"@type":"CommentAction","name":"Comment","target":["https:\/\/socialdesignmagazine.com\/mag\/architettura\/for-usenumen-a-playing-the-city-2\/#respond"]}]},{"@type":"WebPage","@id":"https:\/\/socialdesignmagazine.com\/mag\/architettura\/for-usenumen-a-playing-the-city-2\/","url":"https:\/\/socialdesignmagazine.com\/mag\/architettura\/for-usenumen-a-playing-the-city-2\/","name":"For Use\/Numen a Playing the City 2 - Social Design Magazine","isPartOf":{"@id":"https:\/\/socialdesignmagazine.com\/mag\/#website"},"primaryImageOfPage":{"@id":"https:\/\/socialdesignmagazine.com\/mag\/architettura\/for-usenumen-a-playing-the-city-2\/#primaryimage"},"image":{"@id":"https:\/\/socialdesignmagazine.com\/mag\/architettura\/for-usenumen-a-playing-the-city-2\/#primaryimage"},"thumbnailUrl":"https:\/\/socialdesignmagazine.com\/mag\/wp-content\/uploads\/2011\/06\/benedetto_for_use_numen_playing_the_city_2_01_For_Use_Numen_tape_installation.jpg","datePublished":"2011-06-02T12:14:43+00:00","dateModified":"2024-05-04T22:08:02+00:00","description":"La pi\u00f9 recente installazione di For Use\/Numen a Francoforte. L'installazione \u00e8 stata parte della \"Playing the City 2 \" mostra che ha coinvolto 20 artisti internazionali in uno spazio pubblico, organizzato dalla Schirn Kunsthalle di Francoforte.","breadcrumb":{"@id":"https:\/\/socialdesignmagazine.com\/mag\/architettura\/for-usenumen-a-playing-the-city-2\/#breadcrumb"},"inLanguage":"it-IT","potentialAction":[{"@type":"ReadAction","target":["https:\/\/socialdesignmagazine.com\/mag\/architettura\/for-usenumen-a-playing-the-city-2\/"]}]},{"@type":"ImageObject","inLanguage":"it-IT","@id":"https:\/\/socialdesignmagazine.com\/mag\/architettura\/for-usenumen-a-playing-the-city-2\/#primaryimage","url":"https:\/\/socialdesignmagazine.com\/mag\/wp-content\/uploads\/2011\/06\/benedetto_for_use_numen_playing_the_city_2_01_For_Use_Numen_tape_installation.jpg","contentUrl":"https:\/\/socialdesignmagazine.com\/mag\/wp-content\/uploads\/2011\/06\/benedetto_for_use_numen_playing_the_city_2_01_For_Use_Numen_tape_installation.jpg","width":720,"height":379,"caption":"01_For_Use_Numen_tape_installation"},{"@type":"BreadcrumbList","@id":"https:\/\/socialdesignmagazine.com\/mag\/architettura\/for-usenumen-a-playing-the-city-2\/#breadcrumb","itemListElement":[{"@type":"ListItem","position":1,"name":"Home","item":"https:\/\/socialdesignmagazine.com\/mag\/"},{"@type":"ListItem","position":2,"name":"Architettura","item":"https:\/\/socialdesignmagazine.com\/mag\/architettura\/"},{"@type":"ListItem","position":3,"name":"For Use\/Numen a Playing the City 2"}]},{"@type":"WebSite","@id":"https:\/\/socialdesignmagazine.com\/mag\/#website","url":"https:\/\/socialdesignmagazine.com\/mag\/","name":"Social Design Magazine","description":"Social Magazine su Design, Architettura, Arte, Grafica","publisher":{"@id":"https:\/\/socialdesignmagazine.com\/mag\/#organization"},"potentialAction":[{"@type":"SearchAction","target":{"@type":"EntryPoint","urlTemplate":"https:\/\/socialdesignmagazine.com\/mag\/?s={search_term_string}"},"query-input":{"@type":"PropertyValueSpecification","valueRequired":true,"valueName":"search_term_string"}}],"inLanguage":"it-IT"},{"@type":"Organization","@id":"https:\/\/socialdesignmagazine.com\/mag\/#organization","name":"Social Design Magazine","url":"https:\/\/socialdesignmagazine.com\/mag\/","logo":{"@type":"ImageObject","inLanguage":"it-IT","@id":"https:\/\/socialdesignmagazine.com\/mag\/#\/schema\/logo\/image\/","url":"https:\/\/socialdesignmagazine.com\/mag\/wp-content\/uploads\/2017\/01\/logo_favicon_11.png","contentUrl":"https:\/\/socialdesignmagazine.com\/mag\/wp-content\/uploads\/2017\/01\/logo_favicon_11.png","width":1024,"height":1024,"caption":"Social Design Magazine"},"image":{"@id":"https:\/\/socialdesignmagazine.com\/mag\/#\/schema\/logo\/image\/"},"sameAs":["https:\/\/www.facebook.com\/socialdesignmag","https:\/\/x.com\/socialdesignmag","http:\/\/instagram.com\/social_design_magazine\/","http:\/\/pinterest.com\/socialdesignmag\/","http:\/\/www.youtube.com\/user\/socialdesignmagazine"]},{"@type":"Person","@id":"https:\/\/socialdesignmagazine.com\/mag\/#\/schema\/person\/61e20205cc363c315e6aabd33a045846","name":"Benedetto Fiori","image":{"@type":"ImageObject","inLanguage":"it-IT","@id":"https:\/\/secure.gravatar.com\/avatar\/450a48cefa36da63d920ad70aa660bd10725b1c6093800242e5efdb397759033?s=96&d=mm&r=g","url":"https:\/\/secure.gravatar.com\/avatar\/450a48cefa36da63d920ad70aa660bd10725b1c6093800242e5efdb397759033?s=96&d=mm&r=g","contentUrl":"https:\/\/secure.gravatar.com\/avatar\/450a48cefa36da63d920ad70aa660bd10725b1c6093800242e5efdb397759033?s=96&d=mm&r=g","caption":"Benedetto Fiori"},"description":"Web | Twitter | Facebook | Shutterstock Founder &amp; Editor in Chief di Social Design Magazine. Attratto da sempre da tutto ci\u00f2 che \u00e8 creativit\u00e0, design, architettura. Dopo aver studiato Architettura all'Universit\u00e0 di Firenze, si \u00e8 impegnato in molteplici campi: comunicazione grafica, progettazione di allestimenti fieristici, brand design, Interior Design.","sameAs":["http:\/\/benedettofiori.com","https:\/\/www.facebook.com\/benedettofiori","https:\/\/x.com\/benedettofiori"],"url":"https:\/\/socialdesignmagazine.com\/mag\/author\/benedetto\/"}]}},"jetpack_featured_media_url":"https:\/\/socialdesignmagazine.com\/mag\/wp-content\/uploads\/2011\/06\/benedetto_for_use_numen_playing_the_city_2_01_For_Use_Numen_tape_installation.jpg","jetpack_sharing_enabled":true,"jetpack_shortlink":"https:\/\/wp.me\/p6cV7V-5K","gt_translate_keys":[{"key":"link","format":"url"}],"_links":{"self":[{"href":"https:\/\/socialdesignmagazine.com\/mag\/wp-json\/wp\/v2\/posts\/356","targetHints":{"allow":["GET"]}}],"collection":[{"href":"https:\/\/socialdesignmagazine.com\/mag\/wp-json\/wp\/v2\/posts"}],"about":[{"href":"https:\/\/socialdesignmagazine.com\/mag\/wp-json\/wp\/v2\/types\/post"}],"author":[{"embeddable":true,"href":"https:\/\/socialdesignmagazine.com\/mag\/wp-json\/wp\/v2\/users\/1"}],"replies":[{"embeddable":true,"href":"https:\/\/socialdesignmagazine.com\/mag\/wp-json\/wp\/v2\/comments?post=356"}],"version-history":[{"count":2,"href":"https:\/\/socialdesignmagazine.com\/mag\/wp-json\/wp\/v2\/posts\/356\/revisions"}],"predecessor-version":[{"id":59084,"href":"https:\/\/socialdesignmagazine.com\/mag\/wp-json\/wp\/v2\/posts\/356\/revisions\/59084"}],"wp:featuredmedia":[{"embeddable":true,"href":"https:\/\/socialdesignmagazine.com\/mag\/wp-json\/wp\/v2\/media\/5965"}],"wp:attachment":[{"href":"https:\/\/socialdesignmagazine.com\/mag\/wp-json\/wp\/v2\/media?parent=356"}],"wp:term":[{"taxonomy":"category","embeddable":true,"href":"https:\/\/socialdesignmagazine.com\/mag\/wp-json\/wp\/v2\/categories?post=356"},{"taxonomy":"post_tag","embeddable":true,"href":"https:\/\/socialdesignmagazine.com\/mag\/wp-json\/wp\/v2\/tags?post=356"}],"curies":[{"name":"wp","href":"https:\/\/api.w.org\/{rel}","templated":true}]}}