{"id":3579,"date":"2015-03-12T12:00:00","date_gmt":"2015-03-12T11:00:00","guid":{"rendered":"https:\/\/socialdesignmagazine.com\/mag\/s5-architettura\/c54-architettura-news\/pandemie-abitative-eo-smart-cities-visioni-nelle-megalopoli-del-iii-millennio-nellincontro-org\/"},"modified":"2025-05-01T22:02:31","modified_gmt":"2025-05-01T20:02:31","slug":"pandemie-abitative-eo-smart-cities-visioni-nelle-megalopoli-del-iii-millennio-nellincontro-org","status":"publish","type":"post","link":"https:\/\/socialdesignmagazine.com\/mag\/news\/architettura-news\/pandemie-abitative-eo-smart-cities-visioni-nelle-megalopoli-del-iii-millennio-nellincontro-org\/","title":{"rendered":"\u201cPandemie abitative e\/o Smart Cities?\u201d: visioni nelle megalopoli del III millennio nell\u2019incontro org","gt_translate_keys":[{"key":"rendered","format":"text"}]},"content":{"rendered":"\n<h2 class=\"wp-block-heading\">Appuntamento il 23 marzo 2015 alle ore 18.30 al Caff\u00e8 Illy, Piazza Gae Aulenti 4, Milano con \u201cPandemie abitative e\/o Smart Cities?\u201d, il primo dei \u201cConFronti 2015\u201d, rassegna ideata da Samar\u00e9.<\/h2>\n\n\n\n<p>Il poeta Guido Oldani si confronter\u00e0 con l\u2019esperto di strategie urbane Giacomo Biraghi, moderati da Luisa Cozzi. Da una parte il Realismo Terminale nel quale corpi umani e oggetti si stanno accatastando sempre pi\u00f9 a formare ammassamenti informi e dall&#8217;altra le smart cities che, nel loro modo di esprimersi e diffondersi, individuano la soluzione del problema metropolitano.<\/p>\n\n\n\n<p>Luned\u00ec 23 marzo alle 18.30 al Caff\u00e8 Illy di Piazza Gae Aulenti a Milano (Porta Nuova &#8211; M2 e M5 Stazione Garibaldi), la nuova area realizzata dai tecnocreativi del III millennio, la zona pi\u00f9 innovativa della citt\u00e0, circondata da grattacieli di vetro, orti verticali e una rinnovata energia che pulsa, avr\u00e0 luogo un incontro &#8211; scontro tra due visioni che nascono nelle megalopoli del III millennio viste da una parte come accatastamenti di corpi umani e oggetti, dall&#8217;altra come luoghi metropolitani dove poter vivere meglio e pi\u00f9 a lungo.<\/p>\n\n\n\n<p>L\u2019appuntamento, organizzato dal &#8220;Progetto Culturale Samar\u00e9&#8221; in collaborazione con &#8220;Expopportunity&#8221; e &#8220;Adv. Strategie di Comunicazione&#8221;, vedr\u00e0 la partecipazione di Guido Oldani e Giacomo Biraghi, moderati da Luisa Cozzi.<\/p>\n\n\n\n<p>Oldani \u00e8 una delle voci poetiche internazionali pi\u00f9 riconoscibili, il poeta de &#8220;Il cielo di Lardo&#8221;, Gruppo Ugo Mursia Editore, oltre che Direttore della collana &#8220;Argani&#8221; di Mursia Editore e Ideatore del Realismo Terminale. Questa teoria, che si appalesa nel III millennio, nasce in conseguenza al fatto che la popolazione del mondo si \u00e8 trasferita in maggioranza nelle metropoli (pandemie abitative); avviene cos\u00ec una mutazione antropologica che rivoluziona la modalit\u00e0 della percezione.<\/p>\n\n\n\n<p>Biraghi, esperto internazionale di strategie urbane e uno tra i primi 10 specialisti al mondo di Smart Cities, \u00e8 anche co-founder di &#8220;Secolo Urbano&#8221;, Coordinatore dei Tavoli Tematici Expo 2015, Digital e Media PR di Expo 2015 S.p.A. Specialista nella gestione strategica di progetti territoriali complessi, cura in Italia e all\u2019estero iniziative per amministrazioni pubbliche e societ\u00e0 di servizi locali (Piano di Governo del Territorio di Milano, Cityprofile di Buenos Aires).<\/p>\n\n\n\n<p>Nell\u2019incontro Guido Oldani, inventore del Realismo Terminale nel quale corpi umani e oggetti si stanno accatastando sempre pi\u00f9 a formare questi ammassamenti informi, tratter\u00e0 delle pandemie abitative; dall&#8217;altra ci sono le Smart Cities che sembrano essere in netta contraddizione con la visione poetica di Oldani, ma che in realt\u00e0 nel loro modo di esprimersi e diffondersi individuano sempre pi\u00f9 la soluzione del problema metropolitano. Giacomo Biraghi aiuter\u00e0 invece a fare chiarezza, con una serie di esempi di sua esperienza diretta, sulla new way of a Smart Citylife, possibile proprio dentro alle megalopoli, che potrebbero essere sempre pi\u00f9 a misura d&#8217;uomo. L\u2019incontro sar\u00e0 arricchito dagli interventi di Graziano Milia, Marina Bignotti, Luca Pellegrini e molti altri.<\/p>\n\n\n\n<p>I prossimi appuntamenti previsti nel 2015 per la rassegna ConFronti sono \u201cDigitale Analogico Ibrido\u201d e \u201cLa Logica dell\u2019acqua\u201d.<\/p>\n\n\n\n<h4 class=\"wp-block-heading\">Info evento: <a class=\"jcepopup\" href=\"https:\/\/www.facebook.com\/groups\/ProgettoCulturaleSamare\/\" target=\"_blank\" rel=\"nofollow noopener\">https:\/\/www.facebook.com\/groups\/ProgettoCulturaleSamare\/<\/a><\/h4>\n","protected":false,"gt_translate_keys":[{"key":"rendered","format":"html"}]},"excerpt":{"rendered":"<p>Appuntamento il 23 marzo 2015 alle ore 18.30 al Caff\u00e8 Illy, Piazza Gae Aulenti 4, Milano con \u201cPandemie abitative e\/o Smart Cities?\u201d, il primo dei \u201cConFronti 2015\u201d, rassegna ideata da Samar\u00e9.<\/p>\n","protected":false,"gt_translate_keys":[{"key":"rendered","format":"html"}]},"author":90,"featured_media":20950,"comment_status":"open","ping_status":"open","sticky":false,"template":"","format":"standard","meta":{"jetpack_post_was_ever_published":false,"_jetpack_newsletter_access":"","_jetpack_dont_email_post_to_subs":false,"_jetpack_newsletter_tier_id":0,"_jetpack_memberships_contains_paywalled_content":false,"_jetpack_memberships_contains_paid_content":false,"footnotes":"","_wpscppro_dont_share_socialmedia":false,"_wpscppro_custom_social_share_image":0,"_facebook_share_type":"","_twitter_share_type":"","_linkedin_share_type":"","_pinterest_share_type":"","_linkedin_share_type_page":"","_instagram_share_type":"","_medium_share_type":"","_threads_share_type":"","_google_business_share_type":"","_selected_social_profile":[],"_wpsp_enable_custom_social_template":false,"_wpsp_social_scheduling":{"enabled":false,"datetime":null,"platforms":[],"status":"template_only","dateOption":"today","timeOption":"now","customDays":"","customHours":"","customDate":"","customTime":"","schedulingType":"absolute"},"_wpsp_active_default_template":true},"categories":[22],"tags":[],"class_list":["post-3579","post","type-post","status-publish","format-standard","has-post-thumbnail","hentry","category-architettura-news"],"yoast_head":"<!-- This site is optimized with the Yoast SEO plugin v27.2 - https:\/\/yoast.com\/product\/yoast-seo-wordpress\/ -->\n<title>\u201cPandemie abitative e\/o Smart Cities?\u201d: visioni nelle megalopoli del III millennio nell\u2019incontro org - Social Design Magazine<\/title>\n<meta name=\"description\" content=\"Appuntamento il 23 marzo 2015 alle ore 18.30 al Caff\u00e8 Illy, Piazza Gae Aulenti 4, Milano con \u201cPandemie abitative e\/o Smart Cities?\u201d,\" \/>\n<meta name=\"robots\" content=\"index, follow, max-snippet:-1, max-image-preview:large, max-video-preview:-1\" \/>\n<link rel=\"canonical\" href=\"https:\/\/socialdesignmagazine.com\/mag\/news\/architettura-news\/pandemie-abitative-eo-smart-cities-visioni-nelle-megalopoli-del-iii-millennio-nellincontro-org\/\" \/>\n<meta property=\"og:locale\" content=\"it_IT\" \/>\n<meta property=\"og:type\" content=\"article\" \/>\n<meta property=\"og:title\" content=\"\u201cPandemie abitative e\/o Smart Cities?\u201d: visioni nelle megalopoli del III millennio nell\u2019incontro org - Social Design Magazine\" \/>\n<meta property=\"og:description\" content=\"Appuntamento il 23 marzo 2015 alle ore 18.30 al Caff\u00e8 Illy, Piazza Gae Aulenti 4, Milano con \u201cPandemie abitative e\/o Smart Cities?\u201d,\" \/>\n<meta property=\"og:url\" content=\"http:\/\/socialdesignmagazine.com\/mag\/news\/architettura-news\/pandemie-abitative-eo-smart-cities-visioni-nelle-megalopoli-del-iii-millennio-nellincontro-org\/\" \/>\n<meta property=\"og:site_name\" content=\"Social Design Magazine\" \/>\n<meta property=\"article:publisher\" content=\"https:\/\/www.facebook.com\/socialdesignmag\" \/>\n<meta property=\"article:published_time\" content=\"2015-03-12T11:00:00+00:00\" \/>\n<meta property=\"article:modified_time\" content=\"2025-05-01T20:02:31+00:00\" \/>\n<meta property=\"og:image\" content=\"https:\/\/socialdesignmagazine.com\/mag\/wp-content\/uploads\/2015\/03\/users_Redoffice_Invito_Confronti_23_marzo_2015.jpg\" \/>\n\t<meta property=\"og:image:width\" content=\"720\" \/>\n\t<meta property=\"og:image:height\" content=\"720\" \/>\n\t<meta property=\"og:image:type\" content=\"image\/jpeg\" \/>\n<meta name=\"author\" content=\"Redoffice Redoffice\" \/>\n<meta name=\"twitter:card\" content=\"summary_large_image\" \/>\n<meta name=\"twitter:creator\" content=\"@socialdesignmag\" \/>\n<meta name=\"twitter:site\" content=\"@socialdesignmag\" \/>\n<meta name=\"twitter:label1\" content=\"Scritto da\" \/>\n\t<meta name=\"twitter:data1\" content=\"Redoffice Redoffice\" \/>\n\t<meta name=\"twitter:label2\" content=\"Tempo di lettura stimato\" \/>\n\t<meta name=\"twitter:data2\" content=\"3 minuti\" \/>\n<script type=\"application\/ld+json\" class=\"yoast-schema-graph\">{\"@context\":\"https:\/\/schema.org\",\"@graph\":[{\"@type\":\"Article\",\"@id\":\"https:\/\/socialdesignmagazine.com\/mag\/news\/architettura-news\/pandemie-abitative-eo-smart-cities-visioni-nelle-megalopoli-del-iii-millennio-nellincontro-org\/#article\",\"isPartOf\":{\"@id\":\"https:\/\/socialdesignmagazine.com\/mag\/news\/architettura-news\/pandemie-abitative-eo-smart-cities-visioni-nelle-megalopoli-del-iii-millennio-nellincontro-org\/\"},\"author\":{\"name\":\"Redoffice Redoffice\",\"@id\":\"https:\/\/socialdesignmagazine.com\/mag\/#\/schema\/person\/5bc135d52b5fe38a2e070eaa0aac06e5\"},\"headline\":\"\u201cPandemie abitative e\/o Smart Cities?\u201d: visioni nelle megalopoli del III millennio nell\u2019incontro org\",\"datePublished\":\"2015-03-12T11:00:00+00:00\",\"dateModified\":\"2025-05-01T20:02:31+00:00\",\"mainEntityOfPage\":{\"@id\":\"https:\/\/socialdesignmagazine.com\/mag\/news\/architettura-news\/pandemie-abitative-eo-smart-cities-visioni-nelle-megalopoli-del-iii-millennio-nellincontro-org\/\"},\"wordCount\":503,\"commentCount\":0,\"publisher\":{\"@id\":\"https:\/\/socialdesignmagazine.com\/mag\/#organization\"},\"image\":{\"@id\":\"https:\/\/socialdesignmagazine.com\/mag\/news\/architettura-news\/pandemie-abitative-eo-smart-cities-visioni-nelle-megalopoli-del-iii-millennio-nellincontro-org\/#primaryimage\"},\"thumbnailUrl\":\"https:\/\/socialdesignmagazine.com\/mag\/wp-content\/uploads\/2015\/03\/users_Redoffice_Invito_Confronti_23_marzo_2015.jpg\",\"articleSection\":[\"Architettura News\"],\"inLanguage\":\"it-IT\",\"potentialAction\":[{\"@type\":\"CommentAction\",\"name\":\"Comment\",\"target\":[\"https:\/\/socialdesignmagazine.com\/mag\/news\/architettura-news\/pandemie-abitative-eo-smart-cities-visioni-nelle-megalopoli-del-iii-millennio-nellincontro-org\/#respond\"]}]},{\"@type\":\"WebPage\",\"@id\":\"https:\/\/socialdesignmagazine.com\/mag\/news\/architettura-news\/pandemie-abitative-eo-smart-cities-visioni-nelle-megalopoli-del-iii-millennio-nellincontro-org\/\",\"url\":\"https:\/\/socialdesignmagazine.com\/mag\/news\/architettura-news\/pandemie-abitative-eo-smart-cities-visioni-nelle-megalopoli-del-iii-millennio-nellincontro-org\/\",\"name\":\"\u201cPandemie abitative e\/o Smart Cities?\u201d: visioni nelle megalopoli del III millennio nell\u2019incontro org - Social Design Magazine\",\"isPartOf\":{\"@id\":\"https:\/\/socialdesignmagazine.com\/mag\/#website\"},\"primaryImageOfPage\":{\"@id\":\"https:\/\/socialdesignmagazine.com\/mag\/news\/architettura-news\/pandemie-abitative-eo-smart-cities-visioni-nelle-megalopoli-del-iii-millennio-nellincontro-org\/#primaryimage\"},\"image\":{\"@id\":\"https:\/\/socialdesignmagazine.com\/mag\/news\/architettura-news\/pandemie-abitative-eo-smart-cities-visioni-nelle-megalopoli-del-iii-millennio-nellincontro-org\/#primaryimage\"},\"thumbnailUrl\":\"https:\/\/socialdesignmagazine.com\/mag\/wp-content\/uploads\/2015\/03\/users_Redoffice_Invito_Confronti_23_marzo_2015.jpg\",\"datePublished\":\"2015-03-12T11:00:00+00:00\",\"dateModified\":\"2025-05-01T20:02:31+00:00\",\"description\":\"Appuntamento il 23 marzo 2015 alle ore 18.30 al Caff\u00e8 Illy, Piazza Gae Aulenti 4, Milano con \u201cPandemie abitative e\/o Smart Cities?\u201d,\",\"breadcrumb\":{\"@id\":\"https:\/\/socialdesignmagazine.com\/mag\/news\/architettura-news\/pandemie-abitative-eo-smart-cities-visioni-nelle-megalopoli-del-iii-millennio-nellincontro-org\/#breadcrumb\"},\"inLanguage\":\"it-IT\",\"potentialAction\":[{\"@type\":\"ReadAction\",\"target\":[\"https:\/\/socialdesignmagazine.com\/mag\/news\/architettura-news\/pandemie-abitative-eo-smart-cities-visioni-nelle-megalopoli-del-iii-millennio-nellincontro-org\/\"]}]},{\"@type\":\"ImageObject\",\"inLanguage\":\"it-IT\",\"@id\":\"https:\/\/socialdesignmagazine.com\/mag\/news\/architettura-news\/pandemie-abitative-eo-smart-cities-visioni-nelle-megalopoli-del-iii-millennio-nellincontro-org\/#primaryimage\",\"url\":\"https:\/\/socialdesignmagazine.com\/mag\/wp-content\/uploads\/2015\/03\/users_Redoffice_Invito_Confronti_23_marzo_2015.jpg\",\"contentUrl\":\"https:\/\/socialdesignmagazine.com\/mag\/wp-content\/uploads\/2015\/03\/users_Redoffice_Invito_Confronti_23_marzo_2015.jpg\",\"width\":720,\"height\":720,\"caption\":\"Invito Confronti 23 marzo 2015\"},{\"@type\":\"BreadcrumbList\",\"@id\":\"https:\/\/socialdesignmagazine.com\/mag\/news\/architettura-news\/pandemie-abitative-eo-smart-cities-visioni-nelle-megalopoli-del-iii-millennio-nellincontro-org\/#breadcrumb\",\"itemListElement\":[{\"@type\":\"ListItem\",\"position\":1,\"name\":\"Home\",\"item\":\"https:\/\/socialdesignmagazine.com\/mag\/\"},{\"@type\":\"ListItem\",\"position\":2,\"name\":\"News\",\"item\":\"https:\/\/socialdesignmagazine.com\/mag\/news\/\"},{\"@type\":\"ListItem\",\"position\":3,\"name\":\"Architettura News\",\"item\":\"https:\/\/socialdesignmagazine.com\/mag\/news\/architettura-news\/\"},{\"@type\":\"ListItem\",\"position\":4,\"name\":\"\u201cPandemie abitative e\/o Smart Cities?\u201d: visioni nelle megalopoli del III millennio nell\u2019incontro org\"}]},{\"@type\":\"WebSite\",\"@id\":\"https:\/\/socialdesignmagazine.com\/mag\/#website\",\"url\":\"https:\/\/socialdesignmagazine.com\/mag\/\",\"name\":\"Social Design Magazine\",\"description\":\"Social Magazine su Design, Architettura, Arte, Grafica\",\"publisher\":{\"@id\":\"https:\/\/socialdesignmagazine.com\/mag\/#organization\"},\"potentialAction\":[{\"@type\":\"SearchAction\",\"target\":{\"@type\":\"EntryPoint\",\"urlTemplate\":\"https:\/\/socialdesignmagazine.com\/mag\/?s={search_term_string}\"},\"query-input\":{\"@type\":\"PropertyValueSpecification\",\"valueRequired\":true,\"valueName\":\"search_term_string\"}}],\"inLanguage\":\"it-IT\"},{\"@type\":\"Organization\",\"@id\":\"https:\/\/socialdesignmagazine.com\/mag\/#organization\",\"name\":\"Social Design Magazine\",\"url\":\"https:\/\/socialdesignmagazine.com\/mag\/\",\"logo\":{\"@type\":\"ImageObject\",\"inLanguage\":\"it-IT\",\"@id\":\"https:\/\/socialdesignmagazine.com\/mag\/#\/schema\/logo\/image\/\",\"url\":\"https:\/\/socialdesignmagazine.com\/mag\/wp-content\/uploads\/2017\/01\/logo_favicon_11.png\",\"contentUrl\":\"https:\/\/socialdesignmagazine.com\/mag\/wp-content\/uploads\/2017\/01\/logo_favicon_11.png\",\"width\":1024,\"height\":1024,\"caption\":\"Social Design Magazine\"},\"image\":{\"@id\":\"https:\/\/socialdesignmagazine.com\/mag\/#\/schema\/logo\/image\/\"},\"sameAs\":[\"https:\/\/www.facebook.com\/socialdesignmag\",\"https:\/\/x.com\/socialdesignmag\",\"http:\/\/instagram.com\/social_design_magazine\/\",\"http:\/\/pinterest.com\/socialdesignmag\/\",\"http:\/\/www.youtube.com\/user\/socialdesignmagazine\"]},{\"@type\":\"Person\",\"@id\":\"https:\/\/socialdesignmagazine.com\/mag\/#\/schema\/person\/5bc135d52b5fe38a2e070eaa0aac06e5\",\"name\":\"Redoffice Redoffice\",\"image\":{\"@type\":\"ImageObject\",\"inLanguage\":\"it-IT\",\"@id\":\"https:\/\/secure.gravatar.com\/avatar\/c36d6a9996c6c4fd090dc95d26689503de6bd9618b3e8f113922b719aa3e08bf?s=96&d=mm&r=g\",\"url\":\"https:\/\/secure.gravatar.com\/avatar\/c36d6a9996c6c4fd090dc95d26689503de6bd9618b3e8f113922b719aa3e08bf?s=96&d=mm&r=g\",\"contentUrl\":\"https:\/\/secure.gravatar.com\/avatar\/c36d6a9996c6c4fd090dc95d26689503de6bd9618b3e8f113922b719aa3e08bf?s=96&d=mm&r=g\",\"caption\":\"Redoffice Redoffice\"},\"url\":\"https:\/\/socialdesignmagazine.com\/mag\/author\/redoffice\/\"}]}<\/script>\n<!-- \/ Yoast SEO plugin. -->","yoast_head_json":{"title":"\u201cPandemie abitative e\/o Smart Cities?\u201d: visioni nelle megalopoli del III millennio nell\u2019incontro org - Social Design Magazine","description":"Appuntamento il 23 marzo 2015 alle ore 18.30 al Caff\u00e8 Illy, Piazza Gae Aulenti 4, Milano con \u201cPandemie abitative e\/o Smart Cities?\u201d,","robots":{"index":"index","follow":"follow","max-snippet":"max-snippet:-1","max-image-preview":"max-image-preview:large","max-video-preview":"max-video-preview:-1"},"canonical":"https:\/\/socialdesignmagazine.com\/mag\/news\/architettura-news\/pandemie-abitative-eo-smart-cities-visioni-nelle-megalopoli-del-iii-millennio-nellincontro-org\/","og_locale":"it_IT","og_type":"article","og_title":"\u201cPandemie abitative e\/o Smart Cities?\u201d: visioni nelle megalopoli del III millennio nell\u2019incontro org - Social Design Magazine","og_description":"Appuntamento il 23 marzo 2015 alle ore 18.30 al Caff\u00e8 Illy, Piazza Gae Aulenti 4, Milano con \u201cPandemie abitative e\/o Smart Cities?\u201d,","og_url":"http:\/\/socialdesignmagazine.com\/mag\/news\/architettura-news\/pandemie-abitative-eo-smart-cities-visioni-nelle-megalopoli-del-iii-millennio-nellincontro-org\/","og_site_name":"Social Design Magazine","article_publisher":"https:\/\/www.facebook.com\/socialdesignmag","article_published_time":"2015-03-12T11:00:00+00:00","article_modified_time":"2025-05-01T20:02:31+00:00","og_image":[{"width":720,"height":720,"url":"https:\/\/socialdesignmagazine.com\/mag\/wp-content\/uploads\/2015\/03\/users_Redoffice_Invito_Confronti_23_marzo_2015.jpg","type":"image\/jpeg"}],"author":"Redoffice Redoffice","twitter_card":"summary_large_image","twitter_creator":"@socialdesignmag","twitter_site":"@socialdesignmag","twitter_misc":{"Scritto da":"Redoffice Redoffice","Tempo di lettura stimato":"3 minuti"},"schema":{"@context":"https:\/\/schema.org","@graph":[{"@type":"Article","@id":"https:\/\/socialdesignmagazine.com\/mag\/news\/architettura-news\/pandemie-abitative-eo-smart-cities-visioni-nelle-megalopoli-del-iii-millennio-nellincontro-org\/#article","isPartOf":{"@id":"https:\/\/socialdesignmagazine.com\/mag\/news\/architettura-news\/pandemie-abitative-eo-smart-cities-visioni-nelle-megalopoli-del-iii-millennio-nellincontro-org\/"},"author":{"name":"Redoffice Redoffice","@id":"https:\/\/socialdesignmagazine.com\/mag\/#\/schema\/person\/5bc135d52b5fe38a2e070eaa0aac06e5"},"headline":"\u201cPandemie abitative e\/o Smart Cities?\u201d: visioni nelle megalopoli del III millennio nell\u2019incontro org","datePublished":"2015-03-12T11:00:00+00:00","dateModified":"2025-05-01T20:02:31+00:00","mainEntityOfPage":{"@id":"https:\/\/socialdesignmagazine.com\/mag\/news\/architettura-news\/pandemie-abitative-eo-smart-cities-visioni-nelle-megalopoli-del-iii-millennio-nellincontro-org\/"},"wordCount":503,"commentCount":0,"publisher":{"@id":"https:\/\/socialdesignmagazine.com\/mag\/#organization"},"image":{"@id":"https:\/\/socialdesignmagazine.com\/mag\/news\/architettura-news\/pandemie-abitative-eo-smart-cities-visioni-nelle-megalopoli-del-iii-millennio-nellincontro-org\/#primaryimage"},"thumbnailUrl":"https:\/\/socialdesignmagazine.com\/mag\/wp-content\/uploads\/2015\/03\/users_Redoffice_Invito_Confronti_23_marzo_2015.jpg","articleSection":["Architettura News"],"inLanguage":"it-IT","potentialAction":[{"@type":"CommentAction","name":"Comment","target":["https:\/\/socialdesignmagazine.com\/mag\/news\/architettura-news\/pandemie-abitative-eo-smart-cities-visioni-nelle-megalopoli-del-iii-millennio-nellincontro-org\/#respond"]}]},{"@type":"WebPage","@id":"https:\/\/socialdesignmagazine.com\/mag\/news\/architettura-news\/pandemie-abitative-eo-smart-cities-visioni-nelle-megalopoli-del-iii-millennio-nellincontro-org\/","url":"https:\/\/socialdesignmagazine.com\/mag\/news\/architettura-news\/pandemie-abitative-eo-smart-cities-visioni-nelle-megalopoli-del-iii-millennio-nellincontro-org\/","name":"\u201cPandemie abitative e\/o Smart Cities?\u201d: visioni nelle megalopoli del III millennio nell\u2019incontro org - Social Design Magazine","isPartOf":{"@id":"https:\/\/socialdesignmagazine.com\/mag\/#website"},"primaryImageOfPage":{"@id":"https:\/\/socialdesignmagazine.com\/mag\/news\/architettura-news\/pandemie-abitative-eo-smart-cities-visioni-nelle-megalopoli-del-iii-millennio-nellincontro-org\/#primaryimage"},"image":{"@id":"https:\/\/socialdesignmagazine.com\/mag\/news\/architettura-news\/pandemie-abitative-eo-smart-cities-visioni-nelle-megalopoli-del-iii-millennio-nellincontro-org\/#primaryimage"},"thumbnailUrl":"https:\/\/socialdesignmagazine.com\/mag\/wp-content\/uploads\/2015\/03\/users_Redoffice_Invito_Confronti_23_marzo_2015.jpg","datePublished":"2015-03-12T11:00:00+00:00","dateModified":"2025-05-01T20:02:31+00:00","description":"Appuntamento il 23 marzo 2015 alle ore 18.30 al Caff\u00e8 Illy, Piazza Gae Aulenti 4, Milano con \u201cPandemie abitative e\/o Smart Cities?\u201d,","breadcrumb":{"@id":"https:\/\/socialdesignmagazine.com\/mag\/news\/architettura-news\/pandemie-abitative-eo-smart-cities-visioni-nelle-megalopoli-del-iii-millennio-nellincontro-org\/#breadcrumb"},"inLanguage":"it-IT","potentialAction":[{"@type":"ReadAction","target":["https:\/\/socialdesignmagazine.com\/mag\/news\/architettura-news\/pandemie-abitative-eo-smart-cities-visioni-nelle-megalopoli-del-iii-millennio-nellincontro-org\/"]}]},{"@type":"ImageObject","inLanguage":"it-IT","@id":"https:\/\/socialdesignmagazine.com\/mag\/news\/architettura-news\/pandemie-abitative-eo-smart-cities-visioni-nelle-megalopoli-del-iii-millennio-nellincontro-org\/#primaryimage","url":"https:\/\/socialdesignmagazine.com\/mag\/wp-content\/uploads\/2015\/03\/users_Redoffice_Invito_Confronti_23_marzo_2015.jpg","contentUrl":"https:\/\/socialdesignmagazine.com\/mag\/wp-content\/uploads\/2015\/03\/users_Redoffice_Invito_Confronti_23_marzo_2015.jpg","width":720,"height":720,"caption":"Invito Confronti 23 marzo 2015"},{"@type":"BreadcrumbList","@id":"https:\/\/socialdesignmagazine.com\/mag\/news\/architettura-news\/pandemie-abitative-eo-smart-cities-visioni-nelle-megalopoli-del-iii-millennio-nellincontro-org\/#breadcrumb","itemListElement":[{"@type":"ListItem","position":1,"name":"Home","item":"https:\/\/socialdesignmagazine.com\/mag\/"},{"@type":"ListItem","position":2,"name":"News","item":"https:\/\/socialdesignmagazine.com\/mag\/news\/"},{"@type":"ListItem","position":3,"name":"Architettura News","item":"https:\/\/socialdesignmagazine.com\/mag\/news\/architettura-news\/"},{"@type":"ListItem","position":4,"name":"\u201cPandemie abitative e\/o Smart Cities?\u201d: visioni nelle megalopoli del III millennio nell\u2019incontro org"}]},{"@type":"WebSite","@id":"https:\/\/socialdesignmagazine.com\/mag\/#website","url":"https:\/\/socialdesignmagazine.com\/mag\/","name":"Social Design Magazine","description":"Social Magazine su Design, Architettura, Arte, Grafica","publisher":{"@id":"https:\/\/socialdesignmagazine.com\/mag\/#organization"},"potentialAction":[{"@type":"SearchAction","target":{"@type":"EntryPoint","urlTemplate":"https:\/\/socialdesignmagazine.com\/mag\/?s={search_term_string}"},"query-input":{"@type":"PropertyValueSpecification","valueRequired":true,"valueName":"search_term_string"}}],"inLanguage":"it-IT"},{"@type":"Organization","@id":"https:\/\/socialdesignmagazine.com\/mag\/#organization","name":"Social Design Magazine","url":"https:\/\/socialdesignmagazine.com\/mag\/","logo":{"@type":"ImageObject","inLanguage":"it-IT","@id":"https:\/\/socialdesignmagazine.com\/mag\/#\/schema\/logo\/image\/","url":"https:\/\/socialdesignmagazine.com\/mag\/wp-content\/uploads\/2017\/01\/logo_favicon_11.png","contentUrl":"https:\/\/socialdesignmagazine.com\/mag\/wp-content\/uploads\/2017\/01\/logo_favicon_11.png","width":1024,"height":1024,"caption":"Social Design Magazine"},"image":{"@id":"https:\/\/socialdesignmagazine.com\/mag\/#\/schema\/logo\/image\/"},"sameAs":["https:\/\/www.facebook.com\/socialdesignmag","https:\/\/x.com\/socialdesignmag","http:\/\/instagram.com\/social_design_magazine\/","http:\/\/pinterest.com\/socialdesignmag\/","http:\/\/www.youtube.com\/user\/socialdesignmagazine"]},{"@type":"Person","@id":"https:\/\/socialdesignmagazine.com\/mag\/#\/schema\/person\/5bc135d52b5fe38a2e070eaa0aac06e5","name":"Redoffice Redoffice","image":{"@type":"ImageObject","inLanguage":"it-IT","@id":"https:\/\/secure.gravatar.com\/avatar\/c36d6a9996c6c4fd090dc95d26689503de6bd9618b3e8f113922b719aa3e08bf?s=96&d=mm&r=g","url":"https:\/\/secure.gravatar.com\/avatar\/c36d6a9996c6c4fd090dc95d26689503de6bd9618b3e8f113922b719aa3e08bf?s=96&d=mm&r=g","contentUrl":"https:\/\/secure.gravatar.com\/avatar\/c36d6a9996c6c4fd090dc95d26689503de6bd9618b3e8f113922b719aa3e08bf?s=96&d=mm&r=g","caption":"Redoffice Redoffice"},"url":"https:\/\/socialdesignmagazine.com\/mag\/author\/redoffice\/"}]}},"jetpack_featured_media_url":"https:\/\/socialdesignmagazine.com\/mag\/wp-content\/uploads\/2015\/03\/users_Redoffice_Invito_Confronti_23_marzo_2015.jpg","jetpack_sharing_enabled":true,"jetpack_shortlink":"https:\/\/wp.me\/p6cV7V-VJ","gt_translate_keys":[{"key":"link","format":"url"}],"_links":{"self":[{"href":"https:\/\/socialdesignmagazine.com\/mag\/wp-json\/wp\/v2\/posts\/3579","targetHints":{"allow":["GET"]}}],"collection":[{"href":"https:\/\/socialdesignmagazine.com\/mag\/wp-json\/wp\/v2\/posts"}],"about":[{"href":"https:\/\/socialdesignmagazine.com\/mag\/wp-json\/wp\/v2\/types\/post"}],"author":[{"embeddable":true,"href":"https:\/\/socialdesignmagazine.com\/mag\/wp-json\/wp\/v2\/users\/90"}],"replies":[{"embeddable":true,"href":"https:\/\/socialdesignmagazine.com\/mag\/wp-json\/wp\/v2\/comments?post=3579"}],"version-history":[{"count":2,"href":"https:\/\/socialdesignmagazine.com\/mag\/wp-json\/wp\/v2\/posts\/3579\/revisions"}],"predecessor-version":[{"id":64683,"href":"https:\/\/socialdesignmagazine.com\/mag\/wp-json\/wp\/v2\/posts\/3579\/revisions\/64683"}],"wp:featuredmedia":[{"embeddable":true,"href":"https:\/\/socialdesignmagazine.com\/mag\/wp-json\/wp\/v2\/media\/20950"}],"wp:attachment":[{"href":"https:\/\/socialdesignmagazine.com\/mag\/wp-json\/wp\/v2\/media?parent=3579"}],"wp:term":[{"taxonomy":"category","embeddable":true,"href":"https:\/\/socialdesignmagazine.com\/mag\/wp-json\/wp\/v2\/categories?post=3579"},{"taxonomy":"post_tag","embeddable":true,"href":"https:\/\/socialdesignmagazine.com\/mag\/wp-json\/wp\/v2\/tags?post=3579"}],"curies":[{"name":"wp","href":"https:\/\/api.w.org\/{rel}","templated":true}]}}