{"id":3608,"date":"2015-03-25T09:00:00","date_gmt":"2015-03-25T08:00:00","guid":{"rendered":"https:\/\/socialdesignmagazine.com\/mag\/s5-architettura\/c34-architettura\/centri-yoga-e-arredamento-il-design-della-meditazione\/"},"modified":"2025-05-02T21:51:40","modified_gmt":"2025-05-02T19:51:40","slug":"centri-yoga-e-arredamento-il-design-della-meditazione","status":"publish","type":"post","link":"https:\/\/socialdesignmagazine.com\/mag\/architettura\/centri-yoga-e-arredamento-il-design-della-meditazione\/","title":{"rendered":"Centri yoga e arredamento: il design della meditazione","gt_translate_keys":[{"key":"rendered","format":"text"}]},"content":{"rendered":"\n<h2 class=\"wp-block-heading\">Ambienti diversi ci fanno provare sensazioni diverse, e questo \u00e8 provato:<\/h2>\n\n\n\n<p>l\u2019arredamento, il colore delle pareti, la disposizione degli spazi, tutti gli elementi che compongono una location sono fondamentali per l\u2019uso che se ne far\u00e0, non solo dal punto di vista funzionale ma anche emotivo.<\/p>\n\n\n\n<p>Questo assunto \u00e8 alla base di tecniche di interior design antiche come il feng-shui, una vera arte nata in Cina e diffusa in Estremo Oriente, che si pone l\u2019obiettivo di <strong>arredare e decorare ambienti canalizzando e amplificando le energie<\/strong> al loro interno. Ecco perch\u00e9 i centri di yoga e meditazione, <strong>come la sede <a class=\"jcepopup\" href=\"http:\/\/www.parsifal-yoga.it\/sedi\/centro-e-scuola-di-yoga-milano\" target=\"_blank\" rel=\"nofollow noopener\">yoga a Milano<\/a> di Parsifal Yoga Academy<\/strong>, accademia che insegna le antiche discipline come yoga integrale, tai-chi chuan e meditazione zen, necessitano di un attento studio per essere progettati.<\/p>\n\n\n\n<p>L\u2019estetica gioca la sua parte, ovviamente, l\u2019ambiente deve risultare accogliente e piacevole alla vista, ma ci sono componenti che vengono percepite a un livello pi\u00f9 alto del semplice gradimento visivo. I volumi, i colori, l\u2019illuminazione e persino la temperatura contribuiscono allo stato emotivo degli allievi che partecipano alle lezioni, e che hanno bisogno tanto di concentrazione quanto di serenit\u00e0 di spirito.<\/p>\n\n\n\n<p>Ecco alcuni elementi da non sottovalutare:<\/p>\n\n\n\n<ol class=\"wp-block-list\">\n<li>I <strong>colori chiari<\/strong> devono dominare, in quanto capaci di trasmettere un senso di calma e benessere, contrariamente alle tonalit\u00e0 pi\u00f9 scure che risultano negative e di quelle troppi vivaci che esasperano l\u2019eccitazione mentale;<\/li>\n\n\n\n<li>L\u2019arredo \u00e8 volutamente <strong>minimale<\/strong>, less is more in un centro yoga, per permettere alle energie di muoversi liberamente e alla mente di espandersi senza barriere fisiche a opprimerla;<\/li>\n\n\n\n<li>Gli <strong>elementi naturali<\/strong> cardine dell\u2019universo devono essere presenti almeno simbolicamente, come il fuoco sotto forma di candele e l\u2019acqua come piccola fontana ornamentale;<\/li>\n\n\n\n<li>L\u2019illuminazione deve essere chiara ma soffusa, no al buio e no alle luci violente, s\u00ec a una <strong>luce naturale<\/strong> che accolga l\u2019individuo;<\/li>\n\n\n\n<li>Non sottovalutare il <strong>profumo<\/strong>, l\u2019<a class=\"jcepopup\" href=\"http:\/\/it.wikipedia.org\/wiki\/Aromaterapia\" target=\"_blank\" rel=\"nofollow noopener\">aromaterapia<\/a> \u00e8 un\u2019arte potente per evocare emozioni ed energie a seconda delle fragranze sprigionate dagli incensi.<\/li>\n<\/ol>\n\n\n\n<p>Ci\u00f2 che \u00e8 sempre bene ricordare \u00e8 che un centro yoga \u00e8 un luogo di comunione e crescita, per questo deve essere progettato pensando al bene della comunit\u00e0 che vi si raduner\u00e0 e non di meri principi di funzionalit\u00e0 ed estetica.<\/p>\n","protected":false,"gt_translate_keys":[{"key":"rendered","format":"html"}]},"excerpt":{"rendered":"<p>l\u2019arredamento, il colore delle pareti, la disposizione degli spazi, tutti gli elementi che compongono una location sono fondamentali per l\u2019uso che se ne far\u00e0, non solo dal punto di vista funzionale ma anche emotivo.<\/p>\n","protected":false,"gt_translate_keys":[{"key":"rendered","format":"html"}]},"author":134,"featured_media":21057,"comment_status":"open","ping_status":"open","sticky":false,"template":"","format":"standard","meta":{"jetpack_post_was_ever_published":false,"_jetpack_newsletter_access":"","_jetpack_dont_email_post_to_subs":false,"_jetpack_newsletter_tier_id":0,"_jetpack_memberships_contains_paywalled_content":false,"_jetpack_memberships_contains_paid_content":false,"footnotes":"","_wpscppro_dont_share_socialmedia":false,"_wpscppro_custom_social_share_image":0,"_facebook_share_type":"","_twitter_share_type":"","_linkedin_share_type":"","_pinterest_share_type":"","_linkedin_share_type_page":"","_instagram_share_type":"","_medium_share_type":"","_threads_share_type":"","_google_business_share_type":"","_selected_social_profile":[],"_wpsp_enable_custom_social_template":false,"_wpsp_social_scheduling":{"enabled":false,"datetime":null,"platforms":[],"status":"template_only","dateOption":"today","timeOption":"now","customDays":"","customHours":"","customDate":"","customTime":"","schedulingType":"absolute"},"_wpsp_active_default_template":true},"categories":[15],"tags":[3844],"class_list":["post-3608","post","type-post","status-publish","format-standard","has-post-thumbnail","hentry","category-architettura","tag-feng-shui"],"yoast_head":"<!-- This site is optimized with the Yoast SEO plugin v27.2 - https:\/\/yoast.com\/product\/yoast-seo-wordpress\/ -->\n<title>Centri yoga e arredamento: il design della meditazione - Social Design Magazine<\/title>\n<meta name=\"description\" content=\"La disposizione dell&#039;arredamento e il design dei centri yoga non devono essere solo belli... ma rispettare le energie positive\" \/>\n<meta name=\"robots\" content=\"index, follow, max-snippet:-1, max-image-preview:large, max-video-preview:-1\" \/>\n<link rel=\"canonical\" href=\"https:\/\/socialdesignmagazine.com\/mag\/architettura\/centri-yoga-e-arredamento-il-design-della-meditazione\/\" \/>\n<meta property=\"og:locale\" content=\"it_IT\" \/>\n<meta property=\"og:type\" content=\"article\" \/>\n<meta property=\"og:title\" content=\"Centri yoga e arredamento: il design della meditazione - Social Design Magazine\" \/>\n<meta property=\"og:description\" content=\"La disposizione dell&#039;arredamento e il design dei centri yoga non devono essere solo belli... ma rispettare le energie positive\" \/>\n<meta property=\"og:url\" content=\"http:\/\/socialdesignmagazine.com\/mag\/architettura\/centri-yoga-e-arredamento-il-design-della-meditazione\/\" \/>\n<meta property=\"og:site_name\" content=\"Social Design Magazine\" \/>\n<meta property=\"article:publisher\" content=\"https:\/\/www.facebook.com\/socialdesignmag\" \/>\n<meta property=\"article:published_time\" content=\"2015-03-25T08:00:00+00:00\" \/>\n<meta property=\"article:modified_time\" content=\"2025-05-02T19:51:40+00:00\" \/>\n<meta property=\"og:image\" content=\"https:\/\/socialdesignmagazine.com\/mag\/wp-content\/uploads\/2015\/03\/users_Grace_creative_centri_yoga.jpg\" \/>\n\t<meta property=\"og:image:width\" content=\"720\" \/>\n\t<meta property=\"og:image:height\" content=\"285\" \/>\n\t<meta property=\"og:image:type\" content=\"image\/jpeg\" \/>\n<meta name=\"author\" content=\"Greta Lomaestro\" \/>\n<meta name=\"twitter:card\" content=\"summary_large_image\" \/>\n<meta name=\"twitter:creator\" content=\"@socialdesignmag\" \/>\n<meta name=\"twitter:site\" content=\"@socialdesignmag\" \/>\n<meta name=\"twitter:label1\" content=\"Scritto da\" \/>\n\t<meta name=\"twitter:data1\" content=\"Greta Lomaestro\" \/>\n\t<meta name=\"twitter:label2\" content=\"Tempo di lettura stimato\" \/>\n\t<meta name=\"twitter:data2\" content=\"3 minuti\" \/>\n<script type=\"application\/ld+json\" class=\"yoast-schema-graph\">{\"@context\":\"https:\/\/schema.org\",\"@graph\":[{\"@type\":\"Article\",\"@id\":\"https:\/\/socialdesignmagazine.com\/mag\/architettura\/centri-yoga-e-arredamento-il-design-della-meditazione\/#article\",\"isPartOf\":{\"@id\":\"https:\/\/socialdesignmagazine.com\/mag\/architettura\/centri-yoga-e-arredamento-il-design-della-meditazione\/\"},\"author\":{\"name\":\"Greta Lomaestro\",\"@id\":\"https:\/\/socialdesignmagazine.com\/mag\/#\/schema\/person\/c5f5ff1f4b5f4b52fce8387f6faad275\"},\"headline\":\"Centri yoga e arredamento: il design della meditazione\",\"datePublished\":\"2015-03-25T08:00:00+00:00\",\"dateModified\":\"2025-05-02T19:51:40+00:00\",\"mainEntityOfPage\":{\"@id\":\"https:\/\/socialdesignmagazine.com\/mag\/architettura\/centri-yoga-e-arredamento-il-design-della-meditazione\/\"},\"wordCount\":376,\"commentCount\":0,\"publisher\":{\"@id\":\"https:\/\/socialdesignmagazine.com\/mag\/#organization\"},\"image\":{\"@id\":\"https:\/\/socialdesignmagazine.com\/mag\/architettura\/centri-yoga-e-arredamento-il-design-della-meditazione\/#primaryimage\"},\"thumbnailUrl\":\"https:\/\/socialdesignmagazine.com\/mag\/wp-content\/uploads\/2015\/03\/users_Grace_creative_centri_yoga.jpg\",\"keywords\":[\"feng shui\"],\"articleSection\":[\"Architettura\"],\"inLanguage\":\"it-IT\",\"potentialAction\":[{\"@type\":\"CommentAction\",\"name\":\"Comment\",\"target\":[\"https:\/\/socialdesignmagazine.com\/mag\/architettura\/centri-yoga-e-arredamento-il-design-della-meditazione\/#respond\"]}]},{\"@type\":\"WebPage\",\"@id\":\"https:\/\/socialdesignmagazine.com\/mag\/architettura\/centri-yoga-e-arredamento-il-design-della-meditazione\/\",\"url\":\"https:\/\/socialdesignmagazine.com\/mag\/architettura\/centri-yoga-e-arredamento-il-design-della-meditazione\/\",\"name\":\"Centri yoga e arredamento: il design della meditazione - Social Design Magazine\",\"isPartOf\":{\"@id\":\"https:\/\/socialdesignmagazine.com\/mag\/#website\"},\"primaryImageOfPage\":{\"@id\":\"https:\/\/socialdesignmagazine.com\/mag\/architettura\/centri-yoga-e-arredamento-il-design-della-meditazione\/#primaryimage\"},\"image\":{\"@id\":\"https:\/\/socialdesignmagazine.com\/mag\/architettura\/centri-yoga-e-arredamento-il-design-della-meditazione\/#primaryimage\"},\"thumbnailUrl\":\"https:\/\/socialdesignmagazine.com\/mag\/wp-content\/uploads\/2015\/03\/users_Grace_creative_centri_yoga.jpg\",\"datePublished\":\"2015-03-25T08:00:00+00:00\",\"dateModified\":\"2025-05-02T19:51:40+00:00\",\"description\":\"La disposizione dell'arredamento e il design dei centri yoga non devono essere solo belli... ma rispettare le energie positive\",\"breadcrumb\":{\"@id\":\"https:\/\/socialdesignmagazine.com\/mag\/architettura\/centri-yoga-e-arredamento-il-design-della-meditazione\/#breadcrumb\"},\"inLanguage\":\"it-IT\",\"potentialAction\":[{\"@type\":\"ReadAction\",\"target\":[\"https:\/\/socialdesignmagazine.com\/mag\/architettura\/centri-yoga-e-arredamento-il-design-della-meditazione\/\"]}]},{\"@type\":\"ImageObject\",\"inLanguage\":\"it-IT\",\"@id\":\"https:\/\/socialdesignmagazine.com\/mag\/architettura\/centri-yoga-e-arredamento-il-design-della-meditazione\/#primaryimage\",\"url\":\"https:\/\/socialdesignmagazine.com\/mag\/wp-content\/uploads\/2015\/03\/users_Grace_creative_centri_yoga.jpg\",\"contentUrl\":\"https:\/\/socialdesignmagazine.com\/mag\/wp-content\/uploads\/2015\/03\/users_Grace_creative_centri_yoga.jpg\",\"width\":720,\"height\":285,\"caption\":\"centri yoga\"},{\"@type\":\"BreadcrumbList\",\"@id\":\"https:\/\/socialdesignmagazine.com\/mag\/architettura\/centri-yoga-e-arredamento-il-design-della-meditazione\/#breadcrumb\",\"itemListElement\":[{\"@type\":\"ListItem\",\"position\":1,\"name\":\"Home\",\"item\":\"https:\/\/socialdesignmagazine.com\/mag\/\"},{\"@type\":\"ListItem\",\"position\":2,\"name\":\"Architettura\",\"item\":\"https:\/\/socialdesignmagazine.com\/mag\/architettura\/\"},{\"@type\":\"ListItem\",\"position\":3,\"name\":\"Centri yoga e arredamento: il design della meditazione\"}]},{\"@type\":\"WebSite\",\"@id\":\"https:\/\/socialdesignmagazine.com\/mag\/#website\",\"url\":\"https:\/\/socialdesignmagazine.com\/mag\/\",\"name\":\"Social Design Magazine\",\"description\":\"Social Magazine su Design, Architettura, Arte, Grafica\",\"publisher\":{\"@id\":\"https:\/\/socialdesignmagazine.com\/mag\/#organization\"},\"potentialAction\":[{\"@type\":\"SearchAction\",\"target\":{\"@type\":\"EntryPoint\",\"urlTemplate\":\"https:\/\/socialdesignmagazine.com\/mag\/?s={search_term_string}\"},\"query-input\":{\"@type\":\"PropertyValueSpecification\",\"valueRequired\":true,\"valueName\":\"search_term_string\"}}],\"inLanguage\":\"it-IT\"},{\"@type\":\"Organization\",\"@id\":\"https:\/\/socialdesignmagazine.com\/mag\/#organization\",\"name\":\"Social Design Magazine\",\"url\":\"https:\/\/socialdesignmagazine.com\/mag\/\",\"logo\":{\"@type\":\"ImageObject\",\"inLanguage\":\"it-IT\",\"@id\":\"https:\/\/socialdesignmagazine.com\/mag\/#\/schema\/logo\/image\/\",\"url\":\"https:\/\/socialdesignmagazine.com\/mag\/wp-content\/uploads\/2017\/01\/logo_favicon_11.png\",\"contentUrl\":\"https:\/\/socialdesignmagazine.com\/mag\/wp-content\/uploads\/2017\/01\/logo_favicon_11.png\",\"width\":1024,\"height\":1024,\"caption\":\"Social Design Magazine\"},\"image\":{\"@id\":\"https:\/\/socialdesignmagazine.com\/mag\/#\/schema\/logo\/image\/\"},\"sameAs\":[\"https:\/\/www.facebook.com\/socialdesignmag\",\"https:\/\/x.com\/socialdesignmag\",\"http:\/\/instagram.com\/social_design_magazine\/\",\"http:\/\/pinterest.com\/socialdesignmag\/\",\"http:\/\/www.youtube.com\/user\/socialdesignmagazine\"]},{\"@type\":\"Person\",\"@id\":\"https:\/\/socialdesignmagazine.com\/mag\/#\/schema\/person\/c5f5ff1f4b5f4b52fce8387f6faad275\",\"name\":\"Greta Lomaestro\",\"image\":{\"@type\":\"ImageObject\",\"inLanguage\":\"it-IT\",\"@id\":\"https:\/\/secure.gravatar.com\/avatar\/193c56d74eb5580161c9c4ec9c521b4d2ac58876db87d006cf0c1a838d4c4bfd?s=96&d=mm&r=g\",\"url\":\"https:\/\/secure.gravatar.com\/avatar\/193c56d74eb5580161c9c4ec9c521b4d2ac58876db87d006cf0c1a838d4c4bfd?s=96&d=mm&r=g\",\"contentUrl\":\"https:\/\/secure.gravatar.com\/avatar\/193c56d74eb5580161c9c4ec9c521b4d2ac58876db87d006cf0c1a838d4c4bfd?s=96&d=mm&r=g\",\"caption\":\"Greta Lomaestro\"},\"url\":\"https:\/\/socialdesignmagazine.com\/mag\/author\/grace_creative\/\"}]}<\/script>\n<!-- \/ Yoast SEO plugin. -->","yoast_head_json":{"title":"Centri yoga e arredamento: il design della meditazione - Social Design Magazine","description":"La disposizione dell'arredamento e il design dei centri yoga non devono essere solo belli... ma rispettare le energie positive","robots":{"index":"index","follow":"follow","max-snippet":"max-snippet:-1","max-image-preview":"max-image-preview:large","max-video-preview":"max-video-preview:-1"},"canonical":"https:\/\/socialdesignmagazine.com\/mag\/architettura\/centri-yoga-e-arredamento-il-design-della-meditazione\/","og_locale":"it_IT","og_type":"article","og_title":"Centri yoga e arredamento: il design della meditazione - Social Design Magazine","og_description":"La disposizione dell'arredamento e il design dei centri yoga non devono essere solo belli... ma rispettare le energie positive","og_url":"http:\/\/socialdesignmagazine.com\/mag\/architettura\/centri-yoga-e-arredamento-il-design-della-meditazione\/","og_site_name":"Social Design Magazine","article_publisher":"https:\/\/www.facebook.com\/socialdesignmag","article_published_time":"2015-03-25T08:00:00+00:00","article_modified_time":"2025-05-02T19:51:40+00:00","og_image":[{"width":720,"height":285,"url":"https:\/\/socialdesignmagazine.com\/mag\/wp-content\/uploads\/2015\/03\/users_Grace_creative_centri_yoga.jpg","type":"image\/jpeg"}],"author":"Greta Lomaestro","twitter_card":"summary_large_image","twitter_creator":"@socialdesignmag","twitter_site":"@socialdesignmag","twitter_misc":{"Scritto da":"Greta Lomaestro","Tempo di lettura stimato":"3 minuti"},"schema":{"@context":"https:\/\/schema.org","@graph":[{"@type":"Article","@id":"https:\/\/socialdesignmagazine.com\/mag\/architettura\/centri-yoga-e-arredamento-il-design-della-meditazione\/#article","isPartOf":{"@id":"https:\/\/socialdesignmagazine.com\/mag\/architettura\/centri-yoga-e-arredamento-il-design-della-meditazione\/"},"author":{"name":"Greta Lomaestro","@id":"https:\/\/socialdesignmagazine.com\/mag\/#\/schema\/person\/c5f5ff1f4b5f4b52fce8387f6faad275"},"headline":"Centri yoga e arredamento: il design della meditazione","datePublished":"2015-03-25T08:00:00+00:00","dateModified":"2025-05-02T19:51:40+00:00","mainEntityOfPage":{"@id":"https:\/\/socialdesignmagazine.com\/mag\/architettura\/centri-yoga-e-arredamento-il-design-della-meditazione\/"},"wordCount":376,"commentCount":0,"publisher":{"@id":"https:\/\/socialdesignmagazine.com\/mag\/#organization"},"image":{"@id":"https:\/\/socialdesignmagazine.com\/mag\/architettura\/centri-yoga-e-arredamento-il-design-della-meditazione\/#primaryimage"},"thumbnailUrl":"https:\/\/socialdesignmagazine.com\/mag\/wp-content\/uploads\/2015\/03\/users_Grace_creative_centri_yoga.jpg","keywords":["feng shui"],"articleSection":["Architettura"],"inLanguage":"it-IT","potentialAction":[{"@type":"CommentAction","name":"Comment","target":["https:\/\/socialdesignmagazine.com\/mag\/architettura\/centri-yoga-e-arredamento-il-design-della-meditazione\/#respond"]}]},{"@type":"WebPage","@id":"https:\/\/socialdesignmagazine.com\/mag\/architettura\/centri-yoga-e-arredamento-il-design-della-meditazione\/","url":"https:\/\/socialdesignmagazine.com\/mag\/architettura\/centri-yoga-e-arredamento-il-design-della-meditazione\/","name":"Centri yoga e arredamento: il design della meditazione - Social Design Magazine","isPartOf":{"@id":"https:\/\/socialdesignmagazine.com\/mag\/#website"},"primaryImageOfPage":{"@id":"https:\/\/socialdesignmagazine.com\/mag\/architettura\/centri-yoga-e-arredamento-il-design-della-meditazione\/#primaryimage"},"image":{"@id":"https:\/\/socialdesignmagazine.com\/mag\/architettura\/centri-yoga-e-arredamento-il-design-della-meditazione\/#primaryimage"},"thumbnailUrl":"https:\/\/socialdesignmagazine.com\/mag\/wp-content\/uploads\/2015\/03\/users_Grace_creative_centri_yoga.jpg","datePublished":"2015-03-25T08:00:00+00:00","dateModified":"2025-05-02T19:51:40+00:00","description":"La disposizione dell'arredamento e il design dei centri yoga non devono essere solo belli... ma rispettare le energie positive","breadcrumb":{"@id":"https:\/\/socialdesignmagazine.com\/mag\/architettura\/centri-yoga-e-arredamento-il-design-della-meditazione\/#breadcrumb"},"inLanguage":"it-IT","potentialAction":[{"@type":"ReadAction","target":["https:\/\/socialdesignmagazine.com\/mag\/architettura\/centri-yoga-e-arredamento-il-design-della-meditazione\/"]}]},{"@type":"ImageObject","inLanguage":"it-IT","@id":"https:\/\/socialdesignmagazine.com\/mag\/architettura\/centri-yoga-e-arredamento-il-design-della-meditazione\/#primaryimage","url":"https:\/\/socialdesignmagazine.com\/mag\/wp-content\/uploads\/2015\/03\/users_Grace_creative_centri_yoga.jpg","contentUrl":"https:\/\/socialdesignmagazine.com\/mag\/wp-content\/uploads\/2015\/03\/users_Grace_creative_centri_yoga.jpg","width":720,"height":285,"caption":"centri yoga"},{"@type":"BreadcrumbList","@id":"https:\/\/socialdesignmagazine.com\/mag\/architettura\/centri-yoga-e-arredamento-il-design-della-meditazione\/#breadcrumb","itemListElement":[{"@type":"ListItem","position":1,"name":"Home","item":"https:\/\/socialdesignmagazine.com\/mag\/"},{"@type":"ListItem","position":2,"name":"Architettura","item":"https:\/\/socialdesignmagazine.com\/mag\/architettura\/"},{"@type":"ListItem","position":3,"name":"Centri yoga e arredamento: il design della meditazione"}]},{"@type":"WebSite","@id":"https:\/\/socialdesignmagazine.com\/mag\/#website","url":"https:\/\/socialdesignmagazine.com\/mag\/","name":"Social Design Magazine","description":"Social Magazine su Design, Architettura, Arte, Grafica","publisher":{"@id":"https:\/\/socialdesignmagazine.com\/mag\/#organization"},"potentialAction":[{"@type":"SearchAction","target":{"@type":"EntryPoint","urlTemplate":"https:\/\/socialdesignmagazine.com\/mag\/?s={search_term_string}"},"query-input":{"@type":"PropertyValueSpecification","valueRequired":true,"valueName":"search_term_string"}}],"inLanguage":"it-IT"},{"@type":"Organization","@id":"https:\/\/socialdesignmagazine.com\/mag\/#organization","name":"Social Design Magazine","url":"https:\/\/socialdesignmagazine.com\/mag\/","logo":{"@type":"ImageObject","inLanguage":"it-IT","@id":"https:\/\/socialdesignmagazine.com\/mag\/#\/schema\/logo\/image\/","url":"https:\/\/socialdesignmagazine.com\/mag\/wp-content\/uploads\/2017\/01\/logo_favicon_11.png","contentUrl":"https:\/\/socialdesignmagazine.com\/mag\/wp-content\/uploads\/2017\/01\/logo_favicon_11.png","width":1024,"height":1024,"caption":"Social Design Magazine"},"image":{"@id":"https:\/\/socialdesignmagazine.com\/mag\/#\/schema\/logo\/image\/"},"sameAs":["https:\/\/www.facebook.com\/socialdesignmag","https:\/\/x.com\/socialdesignmag","http:\/\/instagram.com\/social_design_magazine\/","http:\/\/pinterest.com\/socialdesignmag\/","http:\/\/www.youtube.com\/user\/socialdesignmagazine"]},{"@type":"Person","@id":"https:\/\/socialdesignmagazine.com\/mag\/#\/schema\/person\/c5f5ff1f4b5f4b52fce8387f6faad275","name":"Greta Lomaestro","image":{"@type":"ImageObject","inLanguage":"it-IT","@id":"https:\/\/secure.gravatar.com\/avatar\/193c56d74eb5580161c9c4ec9c521b4d2ac58876db87d006cf0c1a838d4c4bfd?s=96&d=mm&r=g","url":"https:\/\/secure.gravatar.com\/avatar\/193c56d74eb5580161c9c4ec9c521b4d2ac58876db87d006cf0c1a838d4c4bfd?s=96&d=mm&r=g","contentUrl":"https:\/\/secure.gravatar.com\/avatar\/193c56d74eb5580161c9c4ec9c521b4d2ac58876db87d006cf0c1a838d4c4bfd?s=96&d=mm&r=g","caption":"Greta Lomaestro"},"url":"https:\/\/socialdesignmagazine.com\/mag\/author\/grace_creative\/"}]}},"jetpack_featured_media_url":"https:\/\/socialdesignmagazine.com\/mag\/wp-content\/uploads\/2015\/03\/users_Grace_creative_centri_yoga.jpg","jetpack_sharing_enabled":true,"jetpack_shortlink":"https:\/\/wp.me\/p6cV7V-Wc","gt_translate_keys":[{"key":"link","format":"url"}],"_links":{"self":[{"href":"https:\/\/socialdesignmagazine.com\/mag\/wp-json\/wp\/v2\/posts\/3608","targetHints":{"allow":["GET"]}}],"collection":[{"href":"https:\/\/socialdesignmagazine.com\/mag\/wp-json\/wp\/v2\/posts"}],"about":[{"href":"https:\/\/socialdesignmagazine.com\/mag\/wp-json\/wp\/v2\/types\/post"}],"author":[{"embeddable":true,"href":"https:\/\/socialdesignmagazine.com\/mag\/wp-json\/wp\/v2\/users\/134"}],"replies":[{"embeddable":true,"href":"https:\/\/socialdesignmagazine.com\/mag\/wp-json\/wp\/v2\/comments?post=3608"}],"version-history":[{"count":2,"href":"https:\/\/socialdesignmagazine.com\/mag\/wp-json\/wp\/v2\/posts\/3608\/revisions"}],"predecessor-version":[{"id":64727,"href":"https:\/\/socialdesignmagazine.com\/mag\/wp-json\/wp\/v2\/posts\/3608\/revisions\/64727"}],"wp:featuredmedia":[{"embeddable":true,"href":"https:\/\/socialdesignmagazine.com\/mag\/wp-json\/wp\/v2\/media\/21057"}],"wp:attachment":[{"href":"https:\/\/socialdesignmagazine.com\/mag\/wp-json\/wp\/v2\/media?parent=3608"}],"wp:term":[{"taxonomy":"category","embeddable":true,"href":"https:\/\/socialdesignmagazine.com\/mag\/wp-json\/wp\/v2\/categories?post=3608"},{"taxonomy":"post_tag","embeddable":true,"href":"https:\/\/socialdesignmagazine.com\/mag\/wp-json\/wp\/v2\/tags?post=3608"}],"curies":[{"name":"wp","href":"https:\/\/api.w.org\/{rel}","templated":true}]}}