{"id":36105,"date":"2019-02-15T17:51:23","date_gmt":"2019-02-15T16:51:23","guid":{"rendered":"https:\/\/socialdesignmagazine.com\/mag\/?p=36105"},"modified":"2019-02-15T17:43:30","modified_gmt":"2019-02-15T16:43:30","slug":"il-salone-del-mobile-di-milano-2019-aggiunge-una-parola-al-proprio-manifesto-ingegno-in-omaggio-al-genio-di-leonardo-da-vinci","status":"publish","type":"post","link":"https:\/\/socialdesignmagazine.com\/mag\/news\/design-news\/il-salone-del-mobile-di-milano-2019-aggiunge-una-parola-al-proprio-manifesto-ingegno-in-omaggio-al-genio-di-leonardo-da-vinci\/","title":{"rendered":"Il Salone del mobile di Milano 2019 aggiunge una parola al proprio manifesto, &#8220;Ingegno&#8221;, in omaggio al genio di Leonardo da Vinci","gt_translate_keys":[{"key":"rendered","format":"text"}]},"content":{"rendered":"<p>Presentata ieri la <strong>58esima edizione del Salone del Mobile di Milano<\/strong>, evento che va oltre il semplice concetto di fiera. Annunciate novit\u00e0 nel format ed un nuovo termine nel manifesto, <strong>&#8220;ingegno&#8221;<\/strong> inteso come genialit\u00e0 nel fare e nel pensare ed in omaggio al genio di Leonardo da Vinci, nell&#8217;anno in cui ricorono i 500 anni dalla morte. A Leonardo sono dedicate anche le installazioni nel centro di Milano.<\/p>\n<p><strong>Si svolger\u00e0 dal 9 al 14 aprile l&#8217;edizione&nbsp; 2019 del Salone del Mobile<\/strong> presentata con una gremita conferenza stampa alla Triennale di Milano. il primo intervento \u00e8 stato del <strong>Ministro dei beni e delle attivit\u00e0 culturali Bonisoli<\/strong> che sottolinea come il Salone del Mobile non sia pi\u00f9 soltanto una fiera, ma sia diventato parte di un immaginario collettivo a livello mondiale di ci\u00f2 che accade a Milano e in Italia nel mondo del design.<\/p>\n<p>Il design fa parte del patrimonio culturale e come tale pu\u00f2 essere protetto tramite strumenti come musei d&#8217;impresa o archivi aziendali, lo stesso vale per il Salone del Mobile il suo marchio ed i suoi contenuti.<\/p>\n<p>Il ministro Bonisoli rivela che \u00e8 allo studio un&#8217;iniziativa dello stato a supporto del mondo del design a diversi livelli tra cui la musealit\u00e0, c&#8217;\u00e8 l&#8217;intenzione di realizzare a Milano <strong>un museo del design di rilevanza mondiale<\/strong>. A questo scopo il governo metter\u00e0 a disposizione 10 milioni di euro.<\/p>\n<p><strong>Il Sindaco Sala<\/strong> ringraziando il ministro dei beni e delle attivit\u00e0 culturali per il sui impegno sottolinea la centralit\u00e0 e il peso della citt\u00e0 di Milano rispetto alla nazione. 10% de PIL e 30% degli investimenti stranieri sono i dati che confermano la leadership della citt\u00e0 di Milano rispetto al paese Italia, una condizione che ha bisogno di supporto e sostegno da parte del governo nazionale.<\/p>\n<p>Il Salone&nbsp; \u00e8 un momento importante sotto vari aspetti, per l&#8217;imprenditoria, per il turismo, che a Milano \u00e8 aumentato fino a raggiungere il 50% in pi\u00f9 rispetto al pre-expo. Il Salone \u00e8 anche cultura e un&#8217;occasione per legare tutta la citt\u00e0.<\/p>\n<p>Milano, design, salone del mobile, Triennale, quattro concetti che hanno costruito una parte importante del presente di Milano, ma anche del prossimo futuro. Lo sostiene <strong>Stefano Boeri<\/strong>, presidente della Triennale di Milano, annunciando l&#8217;apertura del <strong>Museo del Design Italiano<\/strong>, che sar\u00e0 inaugurato l&#8217;8 aprile in concomitanza con il Salone 2019. La collezione permanente \u00e8 stata curata da&nbsp;<strong>Joseph Grima<\/strong> direttore della Fondazione Museo del Design. Sar\u00e0 una prima parte di una collezione che si auspica possa essere ampliata a breve. Subito dopo questa inaugurazione si aprir\u00e0 una fase di grande progettazione creativa per far diventare la Triennale la sede di un vero grande museo del design.<\/p>\n<p>Ruolo chiave nel sistema Salone del Mobile \u00e8 Federlegno Arredo la cui industria rappresenta il 5% del PIL nazionale del comparto industriale, con 42 milioni di fatturato, circa 80 mila imprese e 320 mila addetti. Ne parla il <strong>Presidente di Federlegno Arredo<\/strong> <strong>Emanuele Orsini<\/strong> affermando che il 2018 ha portato una crescita del settore del 3,2% ma si guarda al 2019 con una certa preoccupazione, viste le previsioni, tuttavia grazie ad una percentuale di esportazione del 50% si spera che il settore possa tenere meglio di altri.<\/p>\n<p>Il presidente Orsini ha annunciato che Federlegno Arredo avr\u00e0 una nuova sede, con alla base una nuova visione, una sede aperta a tutti gli associati che abbia funzione di pensatoio e di scambio anche con l&#8217;editoria. Al progetto della nuova sede sta lavorando l&#8217;architetto <a href=\"https:\/\/socialdesignmagazine.com\/mag\/blog\/tag\/michele-de-lucchi\/\"><strong>Michele De Lucchi<\/strong><\/a>.<\/p>\n<p><a href=\"https:\/\/socialdesignmagazine.com\/mag\/?attachment_id=36114#content\" rel=\"attachment wp-att-36114\"><img loading=\"lazy\" decoding=\"async\" data-attachment-id=\"36114\" data-permalink=\"https:\/\/socialdesignmagazine.com\/mag\/news\/design-news\/il-salone-del-mobile-di-milano-2019-aggiunge-una-parola-al-proprio-manifesto-ingegno-in-omaggio-al-genio-di-leonardo-da-vinci\/attachment\/presentazione-salone-de-mobile-2019-4\/#content\" data-orig-file=\"https:\/\/socialdesignmagazine.com\/mag\/wp-content\/uploads\/2019\/02\/Presentazione-Salone-de-Mobile-2019-4.jpg\" data-orig-size=\"1200,800\" data-comments-opened=\"1\" data-image-meta=\"{&quot;aperture&quot;:&quot;0&quot;,&quot;credit&quot;:&quot;&quot;,&quot;camera&quot;:&quot;&quot;,&quot;caption&quot;:&quot;&quot;,&quot;created_timestamp&quot;:&quot;1550150095&quot;,&quot;copyright&quot;:&quot;&quot;,&quot;focal_length&quot;:&quot;0&quot;,&quot;iso&quot;:&quot;0&quot;,&quot;shutter_speed&quot;:&quot;0&quot;,&quot;title&quot;:&quot;&quot;,&quot;orientation&quot;:&quot;0&quot;}\" data-image-title=\"Presentazione Salone de Mobile 2019 &amp;#8211; 4\" data-image-description=\"\" data-image-caption=\"\" data-medium-file=\"https:\/\/socialdesignmagazine.com\/mag\/wp-content\/uploads\/2019\/02\/Presentazione-Salone-de-Mobile-2019-4-438x283.jpg\" data-large-file=\"https:\/\/socialdesignmagazine.com\/mag\/wp-content\/uploads\/2019\/02\/Presentazione-Salone-de-Mobile-2019-4-1024x683.jpg\" class=\"alignnone size-large wp-image-36114\" src=\"https:\/\/socialdesignmagazine.com\/mag\/wp-content\/uploads\/2019\/02\/Presentazione-Salone-de-Mobile-2019-4-1024x683.jpg\" alt=\"Presentazione Salone de Mobile 2019\" width=\"1024\" height=\"683\" srcset=\"https:\/\/socialdesignmagazine.com\/mag\/wp-content\/uploads\/2019\/02\/Presentazione-Salone-de-Mobile-2019-4-1024x683.jpg 1024w, https:\/\/socialdesignmagazine.com\/mag\/wp-content\/uploads\/2019\/02\/Presentazione-Salone-de-Mobile-2019-4-100x66.jpg 100w, https:\/\/socialdesignmagazine.com\/mag\/wp-content\/uploads\/2019\/02\/Presentazione-Salone-de-Mobile-2019-4-768x512.jpg 768w, https:\/\/socialdesignmagazine.com\/mag\/wp-content\/uploads\/2019\/02\/Presentazione-Salone-de-Mobile-2019-4.jpg 1200w\" sizes=\"auto, (max-width: 1024px) 100vw, 1024px\" \/><\/a><\/p>\n<p><strong>Ingegno<\/strong> \u00e8 la nuova parola che entra a far parte del <strong>Manifesto del Salone del Mobile<\/strong> gi\u00e0 presentato nel 2018. Ingegno inteso come genialit\u00e0 nel fare e nel pensare ma \u00e8 anche un omaggio a Leonardo da Vinci nell&#8217;anno delle celebrazioni vinciane in occasione dei 500 anni dalla morte.&nbsp;<\/p>\n<p>Dal punto di vista del <strong>format espositivo<\/strong> la novit\u00e0 maggiore riguarda il salone Ufficio,&nbsp;Workplace 3.0 non avr\u00e0 pi\u00f9 un padiglione dedicato, il confine tra spazi abitativi e spazi di lavoro \u00e8 sempre pi\u00f9 sfumato, ed anche l&#8217;offerta risente di questa trasformazione.<\/p>\n<p>Negli spazi dei padiglioni 22 e 24 rimasti liberi dopo il ripensamento del salone ufficio saranno ospitati una serie di brand che finora esponevano soltanto al Fuorisalone. Rimane invece invariato lo spazio dedicato ad Euroluce.<\/p>\n<p><a href=\"https:\/\/socialdesignmagazine.com\/mag\/?attachment_id=36113#content\" rel=\"attachment wp-att-36113\"><img loading=\"lazy\" decoding=\"async\" data-attachment-id=\"36113\" data-permalink=\"https:\/\/socialdesignmagazine.com\/mag\/news\/design-news\/il-salone-del-mobile-di-milano-2019-aggiunge-una-parola-al-proprio-manifesto-ingegno-in-omaggio-al-genio-di-leonardo-da-vinci\/attachment\/presentazione-salone-de-mobile-2019-3\/#content\" data-orig-file=\"https:\/\/socialdesignmagazine.com\/mag\/wp-content\/uploads\/2019\/02\/Presentazione-Salone-de-Mobile-2019-3.jpg\" data-orig-size=\"1200,800\" data-comments-opened=\"1\" data-image-meta=\"{&quot;aperture&quot;:&quot;0&quot;,&quot;credit&quot;:&quot;&quot;,&quot;camera&quot;:&quot;&quot;,&quot;caption&quot;:&quot;&quot;,&quot;created_timestamp&quot;:&quot;1550149867&quot;,&quot;copyright&quot;:&quot;&quot;,&quot;focal_length&quot;:&quot;0&quot;,&quot;iso&quot;:&quot;0&quot;,&quot;shutter_speed&quot;:&quot;0&quot;,&quot;title&quot;:&quot;&quot;,&quot;orientation&quot;:&quot;0&quot;}\" data-image-title=\"Presentazione Salone de Mobile 2019 &amp;#8211; 3\" data-image-description=\"\" data-image-caption=\"\" data-medium-file=\"https:\/\/socialdesignmagazine.com\/mag\/wp-content\/uploads\/2019\/02\/Presentazione-Salone-de-Mobile-2019-3-438x283.jpg\" data-large-file=\"https:\/\/socialdesignmagazine.com\/mag\/wp-content\/uploads\/2019\/02\/Presentazione-Salone-de-Mobile-2019-3-1024x683.jpg\" class=\"alignnone size-large wp-image-36113\" src=\"https:\/\/socialdesignmagazine.com\/mag\/wp-content\/uploads\/2019\/02\/Presentazione-Salone-de-Mobile-2019-3-1024x683.jpg\" alt=\"Presentazione Salone de Mobile 2019\" width=\"1024\" height=\"683\" srcset=\"https:\/\/socialdesignmagazine.com\/mag\/wp-content\/uploads\/2019\/02\/Presentazione-Salone-de-Mobile-2019-3-1024x683.jpg 1024w, https:\/\/socialdesignmagazine.com\/mag\/wp-content\/uploads\/2019\/02\/Presentazione-Salone-de-Mobile-2019-3-100x66.jpg 100w, https:\/\/socialdesignmagazine.com\/mag\/wp-content\/uploads\/2019\/02\/Presentazione-Salone-de-Mobile-2019-3-768x512.jpg 768w, https:\/\/socialdesignmagazine.com\/mag\/wp-content\/uploads\/2019\/02\/Presentazione-Salone-de-Mobile-2019-3.jpg 1200w\" sizes=\"auto, (max-width: 1024px) 100vw, 1024px\" \/><\/a><\/p>\n<p>Il&nbsp;Salone del Mobile.Milano&nbsp;anticipa le commemorazioni cittadine per i 500 anni dalla morte di Leonardo con&nbsp;due grandi installazioni: in citt\u00e0, si celebrer\u00e0&nbsp;l\u2019originalit\u00e0 e la profondit\u00e0 visionaria&nbsp;delle sue indagini scientifiche; in Fiera,&nbsp;l\u2019esperienza del progettare e il sapere fare italiano, dall\u2019epoca del Maestro fino ai giorni nostri.&nbsp;<\/p>\n<p>La spinta creativa di Leonardo, come icona globalmente riconosciuta, nel suo essere innovativa, ricettiva, poliedrica, \u00e8, dunque, un\u2019eredit\u00e0 importante per la citt\u00e0, che mantiene uno sguardo al patrimonio storico del proprio passato e guarda oltre, a un futuro di cambiamento e di consapevolezza del proprio ruolo nel mondo. Per questo, il Salone del Mobile ha scelto di celebrare Leonardo nel cuore di Milano, presso la Conca dell\u2019Incoronata, con un un\u2019installazione di grande qualit\u00e0 e potere evocativo dedicata al suo genio e ai suoi studi sull\u2019acqua.<\/p>\n<p><strong>AQUA<\/strong>. La visione di Leonardo racconter\u00e0, tra ragione e incanto, un piccolo frammento del Rinascimento e del futuro di Milano.<\/p>\n<p>Non solo. Data l\u2019immensa rilevanza dell\u2019eredit\u00e0 vinciana e quale sprone per chi, di fatto, ha tutte le carte in regola per incarnare l\u2019eredit\u00e0 di Leonardo e di Ludovico Sforza \u2013 designer, giovani talenti, imprenditori \u2013 il Salone realizzer\u00e0 anche in Fiera, presso il padiglione 24, un progetto teso a celebrare il lascito di da Vinci alla cultura del progettare e del saper fare, tema oggi pi\u00f9 che mai determinante per il mondo del design.<\/p>\n<p><strong>DE-SIGNO<\/strong>. La cultura del design italiano prima e dopo Leonardo racconter\u00e0 in modo suggestivo il genio rinascimentale e il suo rapporto con il design italiano contemporaneo.&nbsp;<\/p>\n<p><a href=\"https:\/\/socialdesignmagazine.com\/mag\/?attachment_id=36112#content\" rel=\"attachment wp-att-36112\"><img loading=\"lazy\" decoding=\"async\" data-attachment-id=\"36112\" data-permalink=\"https:\/\/socialdesignmagazine.com\/mag\/news\/design-news\/il-salone-del-mobile-di-milano-2019-aggiunge-una-parola-al-proprio-manifesto-ingegno-in-omaggio-al-genio-di-leonardo-da-vinci\/attachment\/presentazione-salone-de-mobile-2019-2\/#content\" data-orig-file=\"https:\/\/socialdesignmagazine.com\/mag\/wp-content\/uploads\/2019\/02\/Presentazione-Salone-de-Mobile-2019-2.jpg\" data-orig-size=\"1200,800\" data-comments-opened=\"1\" data-image-meta=\"{&quot;aperture&quot;:&quot;0&quot;,&quot;credit&quot;:&quot;&quot;,&quot;camera&quot;:&quot;&quot;,&quot;caption&quot;:&quot;&quot;,&quot;created_timestamp&quot;:&quot;1550149554&quot;,&quot;copyright&quot;:&quot;&quot;,&quot;focal_length&quot;:&quot;0&quot;,&quot;iso&quot;:&quot;0&quot;,&quot;shutter_speed&quot;:&quot;0&quot;,&quot;title&quot;:&quot;&quot;,&quot;orientation&quot;:&quot;0&quot;}\" data-image-title=\"Presentazione Salone de Mobile 2019 &amp;#8211; 2\" data-image-description=\"\" data-image-caption=\"\" data-medium-file=\"https:\/\/socialdesignmagazine.com\/mag\/wp-content\/uploads\/2019\/02\/Presentazione-Salone-de-Mobile-2019-2-438x283.jpg\" data-large-file=\"https:\/\/socialdesignmagazine.com\/mag\/wp-content\/uploads\/2019\/02\/Presentazione-Salone-de-Mobile-2019-2-1024x683.jpg\" class=\"alignnone size-large wp-image-36112\" src=\"https:\/\/socialdesignmagazine.com\/mag\/wp-content\/uploads\/2019\/02\/Presentazione-Salone-de-Mobile-2019-2-1024x683.jpg\" alt=\"Presentazione Salone de Mobile 2019\" width=\"1024\" height=\"683\" srcset=\"https:\/\/socialdesignmagazine.com\/mag\/wp-content\/uploads\/2019\/02\/Presentazione-Salone-de-Mobile-2019-2-1024x683.jpg 1024w, https:\/\/socialdesignmagazine.com\/mag\/wp-content\/uploads\/2019\/02\/Presentazione-Salone-de-Mobile-2019-2-100x66.jpg 100w, https:\/\/socialdesignmagazine.com\/mag\/wp-content\/uploads\/2019\/02\/Presentazione-Salone-de-Mobile-2019-2-768x512.jpg 768w, https:\/\/socialdesignmagazine.com\/mag\/wp-content\/uploads\/2019\/02\/Presentazione-Salone-de-Mobile-2019-2.jpg 1200w\" sizes=\"auto, (max-width: 1024px) 100vw, 1024px\" \/><\/a><\/p>\n<p><strong>Photo credit:<\/strong> Benedetto Fiori<\/p>\n","protected":false,"gt_translate_keys":[{"key":"rendered","format":"html"}]},"excerpt":{"rendered":"<p>Presentata ieri la 58esima edizione del Salone del Mobile di Milano, evento che va oltre il semplice concetto di fiera. Annunciate novit\u00e0 nel format ed un nuovo termine nel manifesto<\/p>\n","protected":false,"gt_translate_keys":[{"key":"rendered","format":"html"}]},"author":1,"featured_media":36111,"comment_status":"open","ping_status":"open","sticky":false,"template":"","format":"standard","meta":{"jetpack_post_was_ever_published":false,"_jetpack_newsletter_access":"","_jetpack_dont_email_post_to_subs":false,"_jetpack_newsletter_tier_id":0,"_jetpack_memberships_contains_paywalled_content":false,"_jetpack_memberships_contains_paid_content":false,"footnotes":"","_wpscppro_dont_share_socialmedia":false,"_wpscppro_custom_social_share_image":0,"_facebook_share_type":"","_twitter_share_type":"","_linkedin_share_type":"","_pinterest_share_type":"","_linkedin_share_type_page":"","_instagram_share_type":"","_medium_share_type":"","_threads_share_type":"","_google_business_share_type":"","_selected_social_profile":[],"_wpsp_enable_custom_social_template":false,"_wpsp_social_scheduling":{"enabled":false,"datetime":null,"platforms":[],"status":"template_only","dateOption":"today","timeOption":"now","customDays":"","customHours":"","customDate":"","customTime":"","schedulingType":"absolute"},"_wpsp_active_default_template":true},"categories":[17],"tags":[5694,4993,5696,3287,5695,5693],"class_list":["post-36105","post","type-post","status-publish","format-standard","has-post-thumbnail","hentry","category-design-news","tag-boeri","tag-featured","tag-fuorisalone-2019","tag-michele-de-lucchi","tag-milano-design-week-2019","tag-salone-del-mobile-2019"],"yoast_head":"<!-- This site is optimized with the Yoast SEO plugin v27.2 - https:\/\/yoast.com\/product\/yoast-seo-wordpress\/ -->\n<title>Il Salone del mobile di Milano 2019 aggiunge una parola al proprio manifesto, &quot;Ingegno&quot;, in omaggio al genio di Leonardo da Vinci - Social Design Magazine<\/title>\n<meta name=\"description\" content=\"Presentata ieri la 58esima edizione del Salone del Mobile di Milano, evento che va oltre il semplice concetto di fiera. Annunciate novit\u00e0 nel format ed un nuovo termine nel manifesto.\" \/>\n<meta name=\"robots\" content=\"index, follow, max-snippet:-1, max-image-preview:large, max-video-preview:-1\" \/>\n<link rel=\"canonical\" href=\"https:\/\/socialdesignmagazine.com\/mag\/news\/design-news\/il-salone-del-mobile-di-milano-2019-aggiunge-una-parola-al-proprio-manifesto-ingegno-in-omaggio-al-genio-di-leonardo-da-vinci\/\" \/>\n<meta property=\"og:locale\" content=\"it_IT\" \/>\n<meta property=\"og:type\" content=\"article\" \/>\n<meta property=\"og:title\" content=\"Il Salone del mobile di Milano 2019 aggiunge una parola al proprio manifesto, &quot;Ingegno&quot;, in omaggio al genio di Leonardo da Vinci - Social Design Magazine\" \/>\n<meta property=\"og:description\" content=\"Presentata ieri la 58esima edizione del Salone del Mobile di Milano, evento che va oltre il semplice concetto di fiera. Annunciate novit\u00e0 nel format ed un nuovo termine nel manifesto.\" \/>\n<meta property=\"og:url\" content=\"http:\/\/socialdesignmagazine.com\/mag\/news\/design-news\/il-salone-del-mobile-di-milano-2019-aggiunge-una-parola-al-proprio-manifesto-ingegno-in-omaggio-al-genio-di-leonardo-da-vinci\/\" \/>\n<meta property=\"og:site_name\" content=\"Social Design Magazine\" \/>\n<meta property=\"article:publisher\" content=\"https:\/\/www.facebook.com\/socialdesignmag\" \/>\n<meta property=\"article:author\" content=\"https:\/\/www.facebook.com\/benedettofiori\" \/>\n<meta property=\"article:published_time\" content=\"2019-02-15T16:51:23+00:00\" \/>\n<meta property=\"og:image\" content=\"https:\/\/socialdesignmagazine.com\/mag\/wp-content\/uploads\/2019\/02\/Presentazione-Salone-de-Mobile-2019-1.jpg\" \/>\n\t<meta property=\"og:image:width\" content=\"1200\" \/>\n\t<meta property=\"og:image:height\" content=\"800\" \/>\n\t<meta property=\"og:image:type\" content=\"image\/jpeg\" \/>\n<meta name=\"author\" content=\"Benedetto Fiori\" \/>\n<meta name=\"twitter:card\" content=\"summary_large_image\" \/>\n<meta name=\"twitter:creator\" content=\"@benedettofiori\" \/>\n<meta name=\"twitter:site\" content=\"@socialdesignmag\" \/>\n<meta name=\"twitter:label1\" content=\"Scritto da\" \/>\n\t<meta name=\"twitter:data1\" content=\"Benedetto Fiori\" \/>\n\t<meta name=\"twitter:label2\" content=\"Tempo di lettura stimato\" \/>\n\t<meta name=\"twitter:data2\" content=\"5 minuti\" \/>\n<script type=\"application\/ld+json\" class=\"yoast-schema-graph\">{\"@context\":\"https:\/\/schema.org\",\"@graph\":[{\"@type\":\"Article\",\"@id\":\"https:\/\/socialdesignmagazine.com\/mag\/news\/design-news\/il-salone-del-mobile-di-milano-2019-aggiunge-una-parola-al-proprio-manifesto-ingegno-in-omaggio-al-genio-di-leonardo-da-vinci\/#article\",\"isPartOf\":{\"@id\":\"https:\/\/socialdesignmagazine.com\/mag\/news\/design-news\/il-salone-del-mobile-di-milano-2019-aggiunge-una-parola-al-proprio-manifesto-ingegno-in-omaggio-al-genio-di-leonardo-da-vinci\/\"},\"author\":{\"name\":\"Benedetto Fiori\",\"@id\":\"https:\/\/socialdesignmagazine.com\/mag\/#\/schema\/person\/61e20205cc363c315e6aabd33a045846\"},\"headline\":\"Il Salone del mobile di Milano 2019 aggiunge una parola al proprio manifesto, &#8220;Ingegno&#8221;, in omaggio al genio di Leonardo da Vinci\",\"datePublished\":\"2019-02-15T16:51:23+00:00\",\"mainEntityOfPage\":{\"@id\":\"https:\/\/socialdesignmagazine.com\/mag\/news\/design-news\/il-salone-del-mobile-di-milano-2019-aggiunge-una-parola-al-proprio-manifesto-ingegno-in-omaggio-al-genio-di-leonardo-da-vinci\/\"},\"wordCount\":979,\"commentCount\":0,\"publisher\":{\"@id\":\"https:\/\/socialdesignmagazine.com\/mag\/#organization\"},\"image\":{\"@id\":\"https:\/\/socialdesignmagazine.com\/mag\/news\/design-news\/il-salone-del-mobile-di-milano-2019-aggiunge-una-parola-al-proprio-manifesto-ingegno-in-omaggio-al-genio-di-leonardo-da-vinci\/#primaryimage\"},\"thumbnailUrl\":\"https:\/\/socialdesignmagazine.com\/mag\/wp-content\/uploads\/2019\/02\/Presentazione-Salone-de-Mobile-2019-1.jpg\",\"keywords\":[\"boeri\",\"featured\",\"fuorisalone 2019\",\"michele de lucchi\",\"milano design week 2019\",\"salone del mobile 2019\"],\"articleSection\":[\"Design News\"],\"inLanguage\":\"it-IT\",\"potentialAction\":[{\"@type\":\"CommentAction\",\"name\":\"Comment\",\"target\":[\"https:\/\/socialdesignmagazine.com\/mag\/news\/design-news\/il-salone-del-mobile-di-milano-2019-aggiunge-una-parola-al-proprio-manifesto-ingegno-in-omaggio-al-genio-di-leonardo-da-vinci\/#respond\"]}]},{\"@type\":\"WebPage\",\"@id\":\"https:\/\/socialdesignmagazine.com\/mag\/news\/design-news\/il-salone-del-mobile-di-milano-2019-aggiunge-una-parola-al-proprio-manifesto-ingegno-in-omaggio-al-genio-di-leonardo-da-vinci\/\",\"url\":\"https:\/\/socialdesignmagazine.com\/mag\/news\/design-news\/il-salone-del-mobile-di-milano-2019-aggiunge-una-parola-al-proprio-manifesto-ingegno-in-omaggio-al-genio-di-leonardo-da-vinci\/\",\"name\":\"Il Salone del mobile di Milano 2019 aggiunge una parola al proprio manifesto, \\\"Ingegno\\\", in omaggio al genio di Leonardo da Vinci - Social Design Magazine\",\"isPartOf\":{\"@id\":\"https:\/\/socialdesignmagazine.com\/mag\/#website\"},\"primaryImageOfPage\":{\"@id\":\"https:\/\/socialdesignmagazine.com\/mag\/news\/design-news\/il-salone-del-mobile-di-milano-2019-aggiunge-una-parola-al-proprio-manifesto-ingegno-in-omaggio-al-genio-di-leonardo-da-vinci\/#primaryimage\"},\"image\":{\"@id\":\"https:\/\/socialdesignmagazine.com\/mag\/news\/design-news\/il-salone-del-mobile-di-milano-2019-aggiunge-una-parola-al-proprio-manifesto-ingegno-in-omaggio-al-genio-di-leonardo-da-vinci\/#primaryimage\"},\"thumbnailUrl\":\"https:\/\/socialdesignmagazine.com\/mag\/wp-content\/uploads\/2019\/02\/Presentazione-Salone-de-Mobile-2019-1.jpg\",\"datePublished\":\"2019-02-15T16:51:23+00:00\",\"description\":\"Presentata ieri la 58esima edizione del Salone del Mobile di Milano, evento che va oltre il semplice concetto di fiera. Annunciate novit\u00e0 nel format ed un nuovo termine nel manifesto.\",\"breadcrumb\":{\"@id\":\"https:\/\/socialdesignmagazine.com\/mag\/news\/design-news\/il-salone-del-mobile-di-milano-2019-aggiunge-una-parola-al-proprio-manifesto-ingegno-in-omaggio-al-genio-di-leonardo-da-vinci\/#breadcrumb\"},\"inLanguage\":\"it-IT\",\"potentialAction\":[{\"@type\":\"ReadAction\",\"target\":[\"https:\/\/socialdesignmagazine.com\/mag\/news\/design-news\/il-salone-del-mobile-di-milano-2019-aggiunge-una-parola-al-proprio-manifesto-ingegno-in-omaggio-al-genio-di-leonardo-da-vinci\/\"]}]},{\"@type\":\"ImageObject\",\"inLanguage\":\"it-IT\",\"@id\":\"https:\/\/socialdesignmagazine.com\/mag\/news\/design-news\/il-salone-del-mobile-di-milano-2019-aggiunge-una-parola-al-proprio-manifesto-ingegno-in-omaggio-al-genio-di-leonardo-da-vinci\/#primaryimage\",\"url\":\"https:\/\/socialdesignmagazine.com\/mag\/wp-content\/uploads\/2019\/02\/Presentazione-Salone-de-Mobile-2019-1.jpg\",\"contentUrl\":\"https:\/\/socialdesignmagazine.com\/mag\/wp-content\/uploads\/2019\/02\/Presentazione-Salone-de-Mobile-2019-1.jpg\",\"width\":1200,\"height\":800,\"caption\":\"Presentazione Salone de Mobile 2019\"},{\"@type\":\"BreadcrumbList\",\"@id\":\"https:\/\/socialdesignmagazine.com\/mag\/news\/design-news\/il-salone-del-mobile-di-milano-2019-aggiunge-una-parola-al-proprio-manifesto-ingegno-in-omaggio-al-genio-di-leonardo-da-vinci\/#breadcrumb\",\"itemListElement\":[{\"@type\":\"ListItem\",\"position\":1,\"name\":\"Home\",\"item\":\"https:\/\/socialdesignmagazine.com\/mag\/\"},{\"@type\":\"ListItem\",\"position\":2,\"name\":\"News\",\"item\":\"https:\/\/socialdesignmagazine.com\/mag\/news\/\"},{\"@type\":\"ListItem\",\"position\":3,\"name\":\"Design News\",\"item\":\"https:\/\/socialdesignmagazine.com\/mag\/news\/design-news\/\"},{\"@type\":\"ListItem\",\"position\":4,\"name\":\"Il Salone del mobile di Milano 2019 aggiunge una parola al proprio manifesto, &#8220;Ingegno&#8221;, in omaggio al genio di Leonardo da Vinci\"}]},{\"@type\":\"WebSite\",\"@id\":\"https:\/\/socialdesignmagazine.com\/mag\/#website\",\"url\":\"https:\/\/socialdesignmagazine.com\/mag\/\",\"name\":\"Social Design Magazine\",\"description\":\"Social Magazine su Design, Architettura, Arte, Grafica\",\"publisher\":{\"@id\":\"https:\/\/socialdesignmagazine.com\/mag\/#organization\"},\"potentialAction\":[{\"@type\":\"SearchAction\",\"target\":{\"@type\":\"EntryPoint\",\"urlTemplate\":\"https:\/\/socialdesignmagazine.com\/mag\/?s={search_term_string}\"},\"query-input\":{\"@type\":\"PropertyValueSpecification\",\"valueRequired\":true,\"valueName\":\"search_term_string\"}}],\"inLanguage\":\"it-IT\"},{\"@type\":\"Organization\",\"@id\":\"https:\/\/socialdesignmagazine.com\/mag\/#organization\",\"name\":\"Social Design Magazine\",\"url\":\"https:\/\/socialdesignmagazine.com\/mag\/\",\"logo\":{\"@type\":\"ImageObject\",\"inLanguage\":\"it-IT\",\"@id\":\"https:\/\/socialdesignmagazine.com\/mag\/#\/schema\/logo\/image\/\",\"url\":\"https:\/\/socialdesignmagazine.com\/mag\/wp-content\/uploads\/2017\/01\/logo_favicon_11.png\",\"contentUrl\":\"https:\/\/socialdesignmagazine.com\/mag\/wp-content\/uploads\/2017\/01\/logo_favicon_11.png\",\"width\":1024,\"height\":1024,\"caption\":\"Social Design Magazine\"},\"image\":{\"@id\":\"https:\/\/socialdesignmagazine.com\/mag\/#\/schema\/logo\/image\/\"},\"sameAs\":[\"https:\/\/www.facebook.com\/socialdesignmag\",\"https:\/\/x.com\/socialdesignmag\",\"http:\/\/instagram.com\/social_design_magazine\/\",\"http:\/\/pinterest.com\/socialdesignmag\/\",\"http:\/\/www.youtube.com\/user\/socialdesignmagazine\"]},{\"@type\":\"Person\",\"@id\":\"https:\/\/socialdesignmagazine.com\/mag\/#\/schema\/person\/61e20205cc363c315e6aabd33a045846\",\"name\":\"Benedetto Fiori\",\"image\":{\"@type\":\"ImageObject\",\"inLanguage\":\"it-IT\",\"@id\":\"https:\/\/secure.gravatar.com\/avatar\/450a48cefa36da63d920ad70aa660bd10725b1c6093800242e5efdb397759033?s=96&d=mm&r=g\",\"url\":\"https:\/\/secure.gravatar.com\/avatar\/450a48cefa36da63d920ad70aa660bd10725b1c6093800242e5efdb397759033?s=96&d=mm&r=g\",\"contentUrl\":\"https:\/\/secure.gravatar.com\/avatar\/450a48cefa36da63d920ad70aa660bd10725b1c6093800242e5efdb397759033?s=96&d=mm&r=g\",\"caption\":\"Benedetto Fiori\"},\"description\":\"Web | Twitter | Facebook | Shutterstock Founder &amp; Editor in Chief di Social Design Magazine. Attratto da sempre da tutto ci\u00f2 che \u00e8 creativit\u00e0, design, architettura. Dopo aver studiato Architettura all'Universit\u00e0 di Firenze, si \u00e8 impegnato in molteplici campi: comunicazione grafica, progettazione di allestimenti fieristici, brand design, Interior Design.\",\"sameAs\":[\"http:\/\/benedettofiori.com\",\"https:\/\/www.facebook.com\/benedettofiori\",\"https:\/\/x.com\/benedettofiori\"],\"url\":\"https:\/\/socialdesignmagazine.com\/mag\/author\/benedetto\/\"}]}<\/script>\n<!-- \/ Yoast SEO plugin. -->","yoast_head_json":{"title":"Il Salone del mobile di Milano 2019 aggiunge una parola al proprio manifesto, \"Ingegno\", in omaggio al genio di Leonardo da Vinci - Social Design Magazine","description":"Presentata ieri la 58esima edizione del Salone del Mobile di Milano, evento che va oltre il semplice concetto di fiera. Annunciate novit\u00e0 nel format ed un nuovo termine nel manifesto.","robots":{"index":"index","follow":"follow","max-snippet":"max-snippet:-1","max-image-preview":"max-image-preview:large","max-video-preview":"max-video-preview:-1"},"canonical":"https:\/\/socialdesignmagazine.com\/mag\/news\/design-news\/il-salone-del-mobile-di-milano-2019-aggiunge-una-parola-al-proprio-manifesto-ingegno-in-omaggio-al-genio-di-leonardo-da-vinci\/","og_locale":"it_IT","og_type":"article","og_title":"Il Salone del mobile di Milano 2019 aggiunge una parola al proprio manifesto, \"Ingegno\", in omaggio al genio di Leonardo da Vinci - Social Design Magazine","og_description":"Presentata ieri la 58esima edizione del Salone del Mobile di Milano, evento che va oltre il semplice concetto di fiera. Annunciate novit\u00e0 nel format ed un nuovo termine nel manifesto.","og_url":"http:\/\/socialdesignmagazine.com\/mag\/news\/design-news\/il-salone-del-mobile-di-milano-2019-aggiunge-una-parola-al-proprio-manifesto-ingegno-in-omaggio-al-genio-di-leonardo-da-vinci\/","og_site_name":"Social Design Magazine","article_publisher":"https:\/\/www.facebook.com\/socialdesignmag","article_author":"https:\/\/www.facebook.com\/benedettofiori","article_published_time":"2019-02-15T16:51:23+00:00","og_image":[{"width":1200,"height":800,"url":"https:\/\/socialdesignmagazine.com\/mag\/wp-content\/uploads\/2019\/02\/Presentazione-Salone-de-Mobile-2019-1.jpg","type":"image\/jpeg"}],"author":"Benedetto Fiori","twitter_card":"summary_large_image","twitter_creator":"@benedettofiori","twitter_site":"@socialdesignmag","twitter_misc":{"Scritto da":"Benedetto Fiori","Tempo di lettura stimato":"5 minuti"},"schema":{"@context":"https:\/\/schema.org","@graph":[{"@type":"Article","@id":"https:\/\/socialdesignmagazine.com\/mag\/news\/design-news\/il-salone-del-mobile-di-milano-2019-aggiunge-una-parola-al-proprio-manifesto-ingegno-in-omaggio-al-genio-di-leonardo-da-vinci\/#article","isPartOf":{"@id":"https:\/\/socialdesignmagazine.com\/mag\/news\/design-news\/il-salone-del-mobile-di-milano-2019-aggiunge-una-parola-al-proprio-manifesto-ingegno-in-omaggio-al-genio-di-leonardo-da-vinci\/"},"author":{"name":"Benedetto Fiori","@id":"https:\/\/socialdesignmagazine.com\/mag\/#\/schema\/person\/61e20205cc363c315e6aabd33a045846"},"headline":"Il Salone del mobile di Milano 2019 aggiunge una parola al proprio manifesto, &#8220;Ingegno&#8221;, in omaggio al genio di Leonardo da Vinci","datePublished":"2019-02-15T16:51:23+00:00","mainEntityOfPage":{"@id":"https:\/\/socialdesignmagazine.com\/mag\/news\/design-news\/il-salone-del-mobile-di-milano-2019-aggiunge-una-parola-al-proprio-manifesto-ingegno-in-omaggio-al-genio-di-leonardo-da-vinci\/"},"wordCount":979,"commentCount":0,"publisher":{"@id":"https:\/\/socialdesignmagazine.com\/mag\/#organization"},"image":{"@id":"https:\/\/socialdesignmagazine.com\/mag\/news\/design-news\/il-salone-del-mobile-di-milano-2019-aggiunge-una-parola-al-proprio-manifesto-ingegno-in-omaggio-al-genio-di-leonardo-da-vinci\/#primaryimage"},"thumbnailUrl":"https:\/\/socialdesignmagazine.com\/mag\/wp-content\/uploads\/2019\/02\/Presentazione-Salone-de-Mobile-2019-1.jpg","keywords":["boeri","featured","fuorisalone 2019","michele de lucchi","milano design week 2019","salone del mobile 2019"],"articleSection":["Design News"],"inLanguage":"it-IT","potentialAction":[{"@type":"CommentAction","name":"Comment","target":["https:\/\/socialdesignmagazine.com\/mag\/news\/design-news\/il-salone-del-mobile-di-milano-2019-aggiunge-una-parola-al-proprio-manifesto-ingegno-in-omaggio-al-genio-di-leonardo-da-vinci\/#respond"]}]},{"@type":"WebPage","@id":"https:\/\/socialdesignmagazine.com\/mag\/news\/design-news\/il-salone-del-mobile-di-milano-2019-aggiunge-una-parola-al-proprio-manifesto-ingegno-in-omaggio-al-genio-di-leonardo-da-vinci\/","url":"https:\/\/socialdesignmagazine.com\/mag\/news\/design-news\/il-salone-del-mobile-di-milano-2019-aggiunge-una-parola-al-proprio-manifesto-ingegno-in-omaggio-al-genio-di-leonardo-da-vinci\/","name":"Il Salone del mobile di Milano 2019 aggiunge una parola al proprio manifesto, \"Ingegno\", in omaggio al genio di Leonardo da Vinci - Social Design Magazine","isPartOf":{"@id":"https:\/\/socialdesignmagazine.com\/mag\/#website"},"primaryImageOfPage":{"@id":"https:\/\/socialdesignmagazine.com\/mag\/news\/design-news\/il-salone-del-mobile-di-milano-2019-aggiunge-una-parola-al-proprio-manifesto-ingegno-in-omaggio-al-genio-di-leonardo-da-vinci\/#primaryimage"},"image":{"@id":"https:\/\/socialdesignmagazine.com\/mag\/news\/design-news\/il-salone-del-mobile-di-milano-2019-aggiunge-una-parola-al-proprio-manifesto-ingegno-in-omaggio-al-genio-di-leonardo-da-vinci\/#primaryimage"},"thumbnailUrl":"https:\/\/socialdesignmagazine.com\/mag\/wp-content\/uploads\/2019\/02\/Presentazione-Salone-de-Mobile-2019-1.jpg","datePublished":"2019-02-15T16:51:23+00:00","description":"Presentata ieri la 58esima edizione del Salone del Mobile di Milano, evento che va oltre il semplice concetto di fiera. Annunciate novit\u00e0 nel format ed un nuovo termine nel manifesto.","breadcrumb":{"@id":"https:\/\/socialdesignmagazine.com\/mag\/news\/design-news\/il-salone-del-mobile-di-milano-2019-aggiunge-una-parola-al-proprio-manifesto-ingegno-in-omaggio-al-genio-di-leonardo-da-vinci\/#breadcrumb"},"inLanguage":"it-IT","potentialAction":[{"@type":"ReadAction","target":["https:\/\/socialdesignmagazine.com\/mag\/news\/design-news\/il-salone-del-mobile-di-milano-2019-aggiunge-una-parola-al-proprio-manifesto-ingegno-in-omaggio-al-genio-di-leonardo-da-vinci\/"]}]},{"@type":"ImageObject","inLanguage":"it-IT","@id":"https:\/\/socialdesignmagazine.com\/mag\/news\/design-news\/il-salone-del-mobile-di-milano-2019-aggiunge-una-parola-al-proprio-manifesto-ingegno-in-omaggio-al-genio-di-leonardo-da-vinci\/#primaryimage","url":"https:\/\/socialdesignmagazine.com\/mag\/wp-content\/uploads\/2019\/02\/Presentazione-Salone-de-Mobile-2019-1.jpg","contentUrl":"https:\/\/socialdesignmagazine.com\/mag\/wp-content\/uploads\/2019\/02\/Presentazione-Salone-de-Mobile-2019-1.jpg","width":1200,"height":800,"caption":"Presentazione Salone de Mobile 2019"},{"@type":"BreadcrumbList","@id":"https:\/\/socialdesignmagazine.com\/mag\/news\/design-news\/il-salone-del-mobile-di-milano-2019-aggiunge-una-parola-al-proprio-manifesto-ingegno-in-omaggio-al-genio-di-leonardo-da-vinci\/#breadcrumb","itemListElement":[{"@type":"ListItem","position":1,"name":"Home","item":"https:\/\/socialdesignmagazine.com\/mag\/"},{"@type":"ListItem","position":2,"name":"News","item":"https:\/\/socialdesignmagazine.com\/mag\/news\/"},{"@type":"ListItem","position":3,"name":"Design News","item":"https:\/\/socialdesignmagazine.com\/mag\/news\/design-news\/"},{"@type":"ListItem","position":4,"name":"Il Salone del mobile di Milano 2019 aggiunge una parola al proprio manifesto, &#8220;Ingegno&#8221;, in omaggio al genio di Leonardo da Vinci"}]},{"@type":"WebSite","@id":"https:\/\/socialdesignmagazine.com\/mag\/#website","url":"https:\/\/socialdesignmagazine.com\/mag\/","name":"Social Design Magazine","description":"Social Magazine su Design, Architettura, Arte, Grafica","publisher":{"@id":"https:\/\/socialdesignmagazine.com\/mag\/#organization"},"potentialAction":[{"@type":"SearchAction","target":{"@type":"EntryPoint","urlTemplate":"https:\/\/socialdesignmagazine.com\/mag\/?s={search_term_string}"},"query-input":{"@type":"PropertyValueSpecification","valueRequired":true,"valueName":"search_term_string"}}],"inLanguage":"it-IT"},{"@type":"Organization","@id":"https:\/\/socialdesignmagazine.com\/mag\/#organization","name":"Social Design Magazine","url":"https:\/\/socialdesignmagazine.com\/mag\/","logo":{"@type":"ImageObject","inLanguage":"it-IT","@id":"https:\/\/socialdesignmagazine.com\/mag\/#\/schema\/logo\/image\/","url":"https:\/\/socialdesignmagazine.com\/mag\/wp-content\/uploads\/2017\/01\/logo_favicon_11.png","contentUrl":"https:\/\/socialdesignmagazine.com\/mag\/wp-content\/uploads\/2017\/01\/logo_favicon_11.png","width":1024,"height":1024,"caption":"Social Design Magazine"},"image":{"@id":"https:\/\/socialdesignmagazine.com\/mag\/#\/schema\/logo\/image\/"},"sameAs":["https:\/\/www.facebook.com\/socialdesignmag","https:\/\/x.com\/socialdesignmag","http:\/\/instagram.com\/social_design_magazine\/","http:\/\/pinterest.com\/socialdesignmag\/","http:\/\/www.youtube.com\/user\/socialdesignmagazine"]},{"@type":"Person","@id":"https:\/\/socialdesignmagazine.com\/mag\/#\/schema\/person\/61e20205cc363c315e6aabd33a045846","name":"Benedetto Fiori","image":{"@type":"ImageObject","inLanguage":"it-IT","@id":"https:\/\/secure.gravatar.com\/avatar\/450a48cefa36da63d920ad70aa660bd10725b1c6093800242e5efdb397759033?s=96&d=mm&r=g","url":"https:\/\/secure.gravatar.com\/avatar\/450a48cefa36da63d920ad70aa660bd10725b1c6093800242e5efdb397759033?s=96&d=mm&r=g","contentUrl":"https:\/\/secure.gravatar.com\/avatar\/450a48cefa36da63d920ad70aa660bd10725b1c6093800242e5efdb397759033?s=96&d=mm&r=g","caption":"Benedetto Fiori"},"description":"Web | Twitter | Facebook | Shutterstock Founder &amp; Editor in Chief di Social Design Magazine. Attratto da sempre da tutto ci\u00f2 che \u00e8 creativit\u00e0, design, architettura. Dopo aver studiato Architettura all'Universit\u00e0 di Firenze, si \u00e8 impegnato in molteplici campi: comunicazione grafica, progettazione di allestimenti fieristici, brand design, Interior Design.","sameAs":["http:\/\/benedettofiori.com","https:\/\/www.facebook.com\/benedettofiori","https:\/\/x.com\/benedettofiori"],"url":"https:\/\/socialdesignmagazine.com\/mag\/author\/benedetto\/"}]}},"jetpack_featured_media_url":"https:\/\/socialdesignmagazine.com\/mag\/wp-content\/uploads\/2019\/02\/Presentazione-Salone-de-Mobile-2019-1.jpg","jetpack_sharing_enabled":true,"jetpack_shortlink":"https:\/\/wp.me\/p6cV7V-9ol","gt_translate_keys":[{"key":"link","format":"url"}],"_links":{"self":[{"href":"https:\/\/socialdesignmagazine.com\/mag\/wp-json\/wp\/v2\/posts\/36105","targetHints":{"allow":["GET"]}}],"collection":[{"href":"https:\/\/socialdesignmagazine.com\/mag\/wp-json\/wp\/v2\/posts"}],"about":[{"href":"https:\/\/socialdesignmagazine.com\/mag\/wp-json\/wp\/v2\/types\/post"}],"author":[{"embeddable":true,"href":"https:\/\/socialdesignmagazine.com\/mag\/wp-json\/wp\/v2\/users\/1"}],"replies":[{"embeddable":true,"href":"https:\/\/socialdesignmagazine.com\/mag\/wp-json\/wp\/v2\/comments?post=36105"}],"version-history":[{"count":6,"href":"https:\/\/socialdesignmagazine.com\/mag\/wp-json\/wp\/v2\/posts\/36105\/revisions"}],"predecessor-version":[{"id":36127,"href":"https:\/\/socialdesignmagazine.com\/mag\/wp-json\/wp\/v2\/posts\/36105\/revisions\/36127"}],"wp:featuredmedia":[{"embeddable":true,"href":"https:\/\/socialdesignmagazine.com\/mag\/wp-json\/wp\/v2\/media\/36111"}],"wp:attachment":[{"href":"https:\/\/socialdesignmagazine.com\/mag\/wp-json\/wp\/v2\/media?parent=36105"}],"wp:term":[{"taxonomy":"category","embeddable":true,"href":"https:\/\/socialdesignmagazine.com\/mag\/wp-json\/wp\/v2\/categories?post=36105"},{"taxonomy":"post_tag","embeddable":true,"href":"https:\/\/socialdesignmagazine.com\/mag\/wp-json\/wp\/v2\/tags?post=36105"}],"curies":[{"name":"wp","href":"https:\/\/api.w.org\/{rel}","templated":true}]}}