{"id":36270,"date":"2019-02-26T18:01:32","date_gmt":"2019-02-26T17:01:32","guid":{"rendered":"https:\/\/socialdesignmagazine.com\/mag\/?p=36270"},"modified":"2019-02-26T11:02:17","modified_gmt":"2019-02-26T10:02:17","slug":"fabio-novembre-nuovo-art-director-di-driade","status":"publish","type":"post","link":"https:\/\/socialdesignmagazine.com\/mag\/news\/design-news\/fabio-novembre-nuovo-art-director-di-driade\/","title":{"rendered":"Fabio Novembre nuovo art director di Driade","gt_translate_keys":[{"key":"rendered","format":"text"}]},"content":{"rendered":"<p>Driade intraprende una nuova strategia guidata da Giuseppe Di Nuccio e sceglie <a href=\"https:\/\/socialdesignmagazine.com\/mag\/blog\/tag\/fabio-novembre\/\">Fabio Novembre<\/a> &#8211; nella veste di Art Director &#8211; per il marchio pi\u00f9 alla moda di ItalianCreationGroup.<\/p>\n<p>Fabio Novembre &#8211; il prestigioso designer italiano che da anni crea prodotti iconici per le collezioni Driade &#8211; \u00e8 ora il leader creativo dell&#8217;azienda e la persona ideale per catturare l&#8217;energia della moda che Giuseppe Di Nuccio sta trasferendo al mondo del mobile.<\/p>\n<p>Versatilit\u00e0 e sperimentazione, estro e carisma hanno contraddistinto Fabio Novembre e Driade distinguendoli come spiriti ribelli sulla scena del design globale. Due rappresentanti naturali, unici nel loro genere, dello stile di vita italiano con profonde affinit\u00e0 elettive.<\/p>\n<p>Il cinquantesimo anniversario di Driade anticipa il futuro con il contributo di Fabio Novembre, allievo di Sottsass e Medini, studente cinematografico di New York e organizzatore di spazi, globetrotter, trend-setter e amante della bellezza.<\/p>\n<p><em>&#8220;Driade \u00e8 sempre stato un marchio italiano da portare con orgoglio nel mondo ed \u00e8 ora il mio compito farlo salire. Il vento soffier\u00e0 grazie al contributo delle migliori menti, in linea con la tradizione di Driade: una ninfa che, ai 50 anni non ha perso nulla del suo fascino, il meglio deve ancora venire! &#8220;<\/em>Fabio Novembre<\/p>\n<p><em>&#8221; Fabio Novembre ha fatto una scelta naturale: con Fabio, Driade sar\u00e0 in grado di rivelare la sua personalit\u00e0 multipla: sexy ma sofisticata, rock e pop, come sperimentale come deve essere &#8211; nella misura necessaria per rompere nuovi codici creativi in \u200b\u200blinea con il laboratorio estetico che ha sempre rappresentato. &#8220;<\/em> Giuseppe Di Nuccio &#8211; CEO Driade<\/p>\n<p>Fabio Novembre progetta oggetti e interni, showroom, hotel e ristoranti per le pi\u00f9 importanti aziende internazionali, dal design alla moda passando per l&#8217;arte e l&#8217;architettura. Dal 1994, anno della sua apertura in studio, ha collaborato con importanti realt\u00e0 del design come Driade, Venini e Kartell; ha anche progettato interni, showroom e boutique per marchi di moda come Blumarine e Stuart Weitzman, e ha progettato architetture per societ\u00e0 come AC Milan e Lamborghini.<\/p>\n<p>Driade, fondata nel 1968, \u00e8 uno dei partner di Fondazione Altagamma. Nel 2013 \u00e8 entrato a far parte di ItalianCreationGroup, l&#8217;hub di lusso italiano che comprende marchi prestigiosi come Valcucine, FontanaArte e Toscoquattro.<\/p>\n<p>&nbsp;<\/p>\n<p><a rel=\"nofollow\" href=\"http:\/\/www.driade.com\">www.driade.com<\/a><\/p>\n","protected":false,"gt_translate_keys":[{"key":"rendered","format":"html"}]},"excerpt":{"rendered":"<p>Driade intraprende una nuova strategia guidata da Giuseppe Di Nuccio e sceglie Fabio Novembre &#8211; nella veste di Art Director &#8211; per il marchio pi\u00f9 alla moda di ItalianCreationGroup.<\/p>\n","protected":false,"gt_translate_keys":[{"key":"rendered","format":"html"}]},"author":1,"featured_media":36272,"comment_status":"open","ping_status":"open","sticky":false,"template":"","format":"standard","meta":{"jetpack_post_was_ever_published":false,"_jetpack_newsletter_access":"","_jetpack_dont_email_post_to_subs":false,"_jetpack_newsletter_tier_id":0,"_jetpack_memberships_contains_paywalled_content":false,"_jetpack_memberships_contains_paid_content":false,"footnotes":"","_wpscppro_dont_share_socialmedia":false,"_wpscppro_custom_social_share_image":0,"_facebook_share_type":"","_twitter_share_type":"","_linkedin_share_type":"","_pinterest_share_type":"","_linkedin_share_type_page":"","_instagram_share_type":"","_medium_share_type":"","_threads_share_type":"","_google_business_share_type":"","_selected_social_profile":[],"_wpsp_enable_custom_social_template":false,"_wpsp_social_scheduling":{"enabled":false,"datetime":null,"platforms":[],"status":"template_only","dateOption":"today","timeOption":"now","customDays":"","customHours":"","customDate":"","customTime":"","schedulingType":"absolute"},"_wpsp_active_default_template":true},"categories":[17],"tags":[1180],"class_list":["post-36270","post","type-post","status-publish","format-standard","has-post-thumbnail","hentry","category-design-news","tag-fabio-novembre"],"yoast_head":"<!-- This site is optimized with the Yoast SEO plugin v27.2 - https:\/\/yoast.com\/product\/yoast-seo-wordpress\/ -->\n<title>Fabio Novembre nuovo art director di Driade - Social Design Magazine<\/title>\n<meta name=\"description\" content=\"Driade intraprende una nuova strategia guidata da Giuseppe Di Nuccio e sceglie Fabio Novembre - nella veste di Art Director - per il marchio pi\u00f9 alla moda di ItalianCreationGroup.\" \/>\n<meta name=\"robots\" content=\"index, follow, max-snippet:-1, max-image-preview:large, max-video-preview:-1\" \/>\n<link rel=\"canonical\" href=\"https:\/\/socialdesignmagazine.com\/mag\/news\/design-news\/fabio-novembre-nuovo-art-director-di-driade\/\" \/>\n<meta property=\"og:locale\" content=\"it_IT\" \/>\n<meta property=\"og:type\" content=\"article\" \/>\n<meta property=\"og:title\" content=\"Fabio Novembre nuovo art director di Driade - Social Design Magazine\" \/>\n<meta property=\"og:description\" content=\"Driade intraprende una nuova strategia guidata da Giuseppe Di Nuccio e sceglie Fabio Novembre - nella veste di Art Director - per il marchio pi\u00f9 alla moda di ItalianCreationGroup.\" \/>\n<meta property=\"og:url\" content=\"http:\/\/socialdesignmagazine.com\/mag\/news\/design-news\/fabio-novembre-nuovo-art-director-di-driade\/\" \/>\n<meta property=\"og:site_name\" content=\"Social Design Magazine\" \/>\n<meta property=\"article:publisher\" content=\"https:\/\/www.facebook.com\/socialdesignmag\" \/>\n<meta property=\"article:author\" content=\"https:\/\/www.facebook.com\/benedettofiori\" \/>\n<meta property=\"article:published_time\" content=\"2019-02-26T17:01:32+00:00\" \/>\n<meta property=\"og:image\" content=\"https:\/\/socialdesignmagazine.com\/mag\/wp-content\/uploads\/2019\/02\/Giuseppe-Di-Nuccio-e-Fabio-Novembre_ph-credits-Settimio-Benedusi.jpg\" \/>\n\t<meta property=\"og:image:width\" content=\"1200\" \/>\n\t<meta property=\"og:image:height\" content=\"800\" \/>\n\t<meta property=\"og:image:type\" content=\"image\/jpeg\" \/>\n<meta name=\"author\" content=\"Benedetto Fiori\" \/>\n<meta name=\"twitter:card\" content=\"summary_large_image\" \/>\n<meta name=\"twitter:creator\" content=\"@benedettofiori\" \/>\n<meta name=\"twitter:site\" content=\"@socialdesignmag\" \/>\n<meta name=\"twitter:label1\" content=\"Scritto da\" \/>\n\t<meta name=\"twitter:data1\" content=\"Benedetto Fiori\" \/>\n\t<meta name=\"twitter:label2\" content=\"Tempo di lettura stimato\" \/>\n\t<meta name=\"twitter:data2\" content=\"2 minuti\" \/>\n<script type=\"application\/ld+json\" class=\"yoast-schema-graph\">{\"@context\":\"https:\/\/schema.org\",\"@graph\":[{\"@type\":\"Article\",\"@id\":\"https:\/\/socialdesignmagazine.com\/mag\/news\/design-news\/fabio-novembre-nuovo-art-director-di-driade\/#article\",\"isPartOf\":{\"@id\":\"https:\/\/socialdesignmagazine.com\/mag\/news\/design-news\/fabio-novembre-nuovo-art-director-di-driade\/\"},\"author\":{\"name\":\"Benedetto Fiori\",\"@id\":\"https:\/\/socialdesignmagazine.com\/mag\/#\/schema\/person\/61e20205cc363c315e6aabd33a045846\"},\"headline\":\"Fabio Novembre nuovo art director di Driade\",\"datePublished\":\"2019-02-26T17:01:32+00:00\",\"mainEntityOfPage\":{\"@id\":\"https:\/\/socialdesignmagazine.com\/mag\/news\/design-news\/fabio-novembre-nuovo-art-director-di-driade\/\"},\"wordCount\":367,\"commentCount\":0,\"publisher\":{\"@id\":\"https:\/\/socialdesignmagazine.com\/mag\/#organization\"},\"image\":{\"@id\":\"https:\/\/socialdesignmagazine.com\/mag\/news\/design-news\/fabio-novembre-nuovo-art-director-di-driade\/#primaryimage\"},\"thumbnailUrl\":\"https:\/\/socialdesignmagazine.com\/mag\/wp-content\/uploads\/2019\/02\/Giuseppe-Di-Nuccio-e-Fabio-Novembre_ph-credits-Settimio-Benedusi.jpg\",\"keywords\":[\"fabio novembre\"],\"articleSection\":[\"Design News\"],\"inLanguage\":\"it-IT\",\"potentialAction\":[{\"@type\":\"CommentAction\",\"name\":\"Comment\",\"target\":[\"https:\/\/socialdesignmagazine.com\/mag\/news\/design-news\/fabio-novembre-nuovo-art-director-di-driade\/#respond\"]}]},{\"@type\":\"WebPage\",\"@id\":\"https:\/\/socialdesignmagazine.com\/mag\/news\/design-news\/fabio-novembre-nuovo-art-director-di-driade\/\",\"url\":\"https:\/\/socialdesignmagazine.com\/mag\/news\/design-news\/fabio-novembre-nuovo-art-director-di-driade\/\",\"name\":\"Fabio Novembre nuovo art director di Driade - Social Design Magazine\",\"isPartOf\":{\"@id\":\"https:\/\/socialdesignmagazine.com\/mag\/#website\"},\"primaryImageOfPage\":{\"@id\":\"https:\/\/socialdesignmagazine.com\/mag\/news\/design-news\/fabio-novembre-nuovo-art-director-di-driade\/#primaryimage\"},\"image\":{\"@id\":\"https:\/\/socialdesignmagazine.com\/mag\/news\/design-news\/fabio-novembre-nuovo-art-director-di-driade\/#primaryimage\"},\"thumbnailUrl\":\"https:\/\/socialdesignmagazine.com\/mag\/wp-content\/uploads\/2019\/02\/Giuseppe-Di-Nuccio-e-Fabio-Novembre_ph-credits-Settimio-Benedusi.jpg\",\"datePublished\":\"2019-02-26T17:01:32+00:00\",\"description\":\"Driade intraprende una nuova strategia guidata da Giuseppe Di Nuccio e sceglie Fabio Novembre - nella veste di Art Director - per il marchio pi\u00f9 alla moda di ItalianCreationGroup.\",\"breadcrumb\":{\"@id\":\"https:\/\/socialdesignmagazine.com\/mag\/news\/design-news\/fabio-novembre-nuovo-art-director-di-driade\/#breadcrumb\"},\"inLanguage\":\"it-IT\",\"potentialAction\":[{\"@type\":\"ReadAction\",\"target\":[\"https:\/\/socialdesignmagazine.com\/mag\/news\/design-news\/fabio-novembre-nuovo-art-director-di-driade\/\"]}]},{\"@type\":\"ImageObject\",\"inLanguage\":\"it-IT\",\"@id\":\"https:\/\/socialdesignmagazine.com\/mag\/news\/design-news\/fabio-novembre-nuovo-art-director-di-driade\/#primaryimage\",\"url\":\"https:\/\/socialdesignmagazine.com\/mag\/wp-content\/uploads\/2019\/02\/Giuseppe-Di-Nuccio-e-Fabio-Novembre_ph-credits-Settimio-Benedusi.jpg\",\"contentUrl\":\"https:\/\/socialdesignmagazine.com\/mag\/wp-content\/uploads\/2019\/02\/Giuseppe-Di-Nuccio-e-Fabio-Novembre_ph-credits-Settimio-Benedusi.jpg\",\"width\":1200,\"height\":800,\"caption\":\"Giuseppe Di Nuccio e Fabio Novembre - ph credits Settimio Benedusi\"},{\"@type\":\"BreadcrumbList\",\"@id\":\"https:\/\/socialdesignmagazine.com\/mag\/news\/design-news\/fabio-novembre-nuovo-art-director-di-driade\/#breadcrumb\",\"itemListElement\":[{\"@type\":\"ListItem\",\"position\":1,\"name\":\"Home\",\"item\":\"https:\/\/socialdesignmagazine.com\/mag\/\"},{\"@type\":\"ListItem\",\"position\":2,\"name\":\"News\",\"item\":\"https:\/\/socialdesignmagazine.com\/mag\/news\/\"},{\"@type\":\"ListItem\",\"position\":3,\"name\":\"Design News\",\"item\":\"https:\/\/socialdesignmagazine.com\/mag\/news\/design-news\/\"},{\"@type\":\"ListItem\",\"position\":4,\"name\":\"Fabio Novembre nuovo art director di Driade\"}]},{\"@type\":\"WebSite\",\"@id\":\"https:\/\/socialdesignmagazine.com\/mag\/#website\",\"url\":\"https:\/\/socialdesignmagazine.com\/mag\/\",\"name\":\"Social Design Magazine\",\"description\":\"Social Magazine su Design, Architettura, Arte, Grafica\",\"publisher\":{\"@id\":\"https:\/\/socialdesignmagazine.com\/mag\/#organization\"},\"potentialAction\":[{\"@type\":\"SearchAction\",\"target\":{\"@type\":\"EntryPoint\",\"urlTemplate\":\"https:\/\/socialdesignmagazine.com\/mag\/?s={search_term_string}\"},\"query-input\":{\"@type\":\"PropertyValueSpecification\",\"valueRequired\":true,\"valueName\":\"search_term_string\"}}],\"inLanguage\":\"it-IT\"},{\"@type\":\"Organization\",\"@id\":\"https:\/\/socialdesignmagazine.com\/mag\/#organization\",\"name\":\"Social Design Magazine\",\"url\":\"https:\/\/socialdesignmagazine.com\/mag\/\",\"logo\":{\"@type\":\"ImageObject\",\"inLanguage\":\"it-IT\",\"@id\":\"https:\/\/socialdesignmagazine.com\/mag\/#\/schema\/logo\/image\/\",\"url\":\"https:\/\/socialdesignmagazine.com\/mag\/wp-content\/uploads\/2017\/01\/logo_favicon_11.png\",\"contentUrl\":\"https:\/\/socialdesignmagazine.com\/mag\/wp-content\/uploads\/2017\/01\/logo_favicon_11.png\",\"width\":1024,\"height\":1024,\"caption\":\"Social Design Magazine\"},\"image\":{\"@id\":\"https:\/\/socialdesignmagazine.com\/mag\/#\/schema\/logo\/image\/\"},\"sameAs\":[\"https:\/\/www.facebook.com\/socialdesignmag\",\"https:\/\/x.com\/socialdesignmag\",\"http:\/\/instagram.com\/social_design_magazine\/\",\"http:\/\/pinterest.com\/socialdesignmag\/\",\"http:\/\/www.youtube.com\/user\/socialdesignmagazine\"]},{\"@type\":\"Person\",\"@id\":\"https:\/\/socialdesignmagazine.com\/mag\/#\/schema\/person\/61e20205cc363c315e6aabd33a045846\",\"name\":\"Benedetto Fiori\",\"image\":{\"@type\":\"ImageObject\",\"inLanguage\":\"it-IT\",\"@id\":\"https:\/\/secure.gravatar.com\/avatar\/450a48cefa36da63d920ad70aa660bd10725b1c6093800242e5efdb397759033?s=96&d=mm&r=g\",\"url\":\"https:\/\/secure.gravatar.com\/avatar\/450a48cefa36da63d920ad70aa660bd10725b1c6093800242e5efdb397759033?s=96&d=mm&r=g\",\"contentUrl\":\"https:\/\/secure.gravatar.com\/avatar\/450a48cefa36da63d920ad70aa660bd10725b1c6093800242e5efdb397759033?s=96&d=mm&r=g\",\"caption\":\"Benedetto Fiori\"},\"description\":\"Web | Twitter | Facebook | Shutterstock Founder &amp; Editor in Chief di Social Design Magazine. Attratto da sempre da tutto ci\u00f2 che \u00e8 creativit\u00e0, design, architettura. Dopo aver studiato Architettura all'Universit\u00e0 di Firenze, si \u00e8 impegnato in molteplici campi: comunicazione grafica, progettazione di allestimenti fieristici, brand design, Interior Design.\",\"sameAs\":[\"http:\/\/benedettofiori.com\",\"https:\/\/www.facebook.com\/benedettofiori\",\"https:\/\/x.com\/benedettofiori\"],\"url\":\"https:\/\/socialdesignmagazine.com\/mag\/author\/benedetto\/\"}]}<\/script>\n<!-- \/ Yoast SEO plugin. -->","yoast_head_json":{"title":"Fabio Novembre nuovo art director di Driade - Social Design Magazine","description":"Driade intraprende una nuova strategia guidata da Giuseppe Di Nuccio e sceglie Fabio Novembre - nella veste di Art Director - per il marchio pi\u00f9 alla moda di ItalianCreationGroup.","robots":{"index":"index","follow":"follow","max-snippet":"max-snippet:-1","max-image-preview":"max-image-preview:large","max-video-preview":"max-video-preview:-1"},"canonical":"https:\/\/socialdesignmagazine.com\/mag\/news\/design-news\/fabio-novembre-nuovo-art-director-di-driade\/","og_locale":"it_IT","og_type":"article","og_title":"Fabio Novembre nuovo art director di Driade - Social Design Magazine","og_description":"Driade intraprende una nuova strategia guidata da Giuseppe Di Nuccio e sceglie Fabio Novembre - nella veste di Art Director - per il marchio pi\u00f9 alla moda di ItalianCreationGroup.","og_url":"http:\/\/socialdesignmagazine.com\/mag\/news\/design-news\/fabio-novembre-nuovo-art-director-di-driade\/","og_site_name":"Social Design Magazine","article_publisher":"https:\/\/www.facebook.com\/socialdesignmag","article_author":"https:\/\/www.facebook.com\/benedettofiori","article_published_time":"2019-02-26T17:01:32+00:00","og_image":[{"width":1200,"height":800,"url":"https:\/\/socialdesignmagazine.com\/mag\/wp-content\/uploads\/2019\/02\/Giuseppe-Di-Nuccio-e-Fabio-Novembre_ph-credits-Settimio-Benedusi.jpg","type":"image\/jpeg"}],"author":"Benedetto Fiori","twitter_card":"summary_large_image","twitter_creator":"@benedettofiori","twitter_site":"@socialdesignmag","twitter_misc":{"Scritto da":"Benedetto Fiori","Tempo di lettura stimato":"2 minuti"},"schema":{"@context":"https:\/\/schema.org","@graph":[{"@type":"Article","@id":"https:\/\/socialdesignmagazine.com\/mag\/news\/design-news\/fabio-novembre-nuovo-art-director-di-driade\/#article","isPartOf":{"@id":"https:\/\/socialdesignmagazine.com\/mag\/news\/design-news\/fabio-novembre-nuovo-art-director-di-driade\/"},"author":{"name":"Benedetto Fiori","@id":"https:\/\/socialdesignmagazine.com\/mag\/#\/schema\/person\/61e20205cc363c315e6aabd33a045846"},"headline":"Fabio Novembre nuovo art director di Driade","datePublished":"2019-02-26T17:01:32+00:00","mainEntityOfPage":{"@id":"https:\/\/socialdesignmagazine.com\/mag\/news\/design-news\/fabio-novembre-nuovo-art-director-di-driade\/"},"wordCount":367,"commentCount":0,"publisher":{"@id":"https:\/\/socialdesignmagazine.com\/mag\/#organization"},"image":{"@id":"https:\/\/socialdesignmagazine.com\/mag\/news\/design-news\/fabio-novembre-nuovo-art-director-di-driade\/#primaryimage"},"thumbnailUrl":"https:\/\/socialdesignmagazine.com\/mag\/wp-content\/uploads\/2019\/02\/Giuseppe-Di-Nuccio-e-Fabio-Novembre_ph-credits-Settimio-Benedusi.jpg","keywords":["fabio novembre"],"articleSection":["Design News"],"inLanguage":"it-IT","potentialAction":[{"@type":"CommentAction","name":"Comment","target":["https:\/\/socialdesignmagazine.com\/mag\/news\/design-news\/fabio-novembre-nuovo-art-director-di-driade\/#respond"]}]},{"@type":"WebPage","@id":"https:\/\/socialdesignmagazine.com\/mag\/news\/design-news\/fabio-novembre-nuovo-art-director-di-driade\/","url":"https:\/\/socialdesignmagazine.com\/mag\/news\/design-news\/fabio-novembre-nuovo-art-director-di-driade\/","name":"Fabio Novembre nuovo art director di Driade - Social Design Magazine","isPartOf":{"@id":"https:\/\/socialdesignmagazine.com\/mag\/#website"},"primaryImageOfPage":{"@id":"https:\/\/socialdesignmagazine.com\/mag\/news\/design-news\/fabio-novembre-nuovo-art-director-di-driade\/#primaryimage"},"image":{"@id":"https:\/\/socialdesignmagazine.com\/mag\/news\/design-news\/fabio-novembre-nuovo-art-director-di-driade\/#primaryimage"},"thumbnailUrl":"https:\/\/socialdesignmagazine.com\/mag\/wp-content\/uploads\/2019\/02\/Giuseppe-Di-Nuccio-e-Fabio-Novembre_ph-credits-Settimio-Benedusi.jpg","datePublished":"2019-02-26T17:01:32+00:00","description":"Driade intraprende una nuova strategia guidata da Giuseppe Di Nuccio e sceglie Fabio Novembre - nella veste di Art Director - per il marchio pi\u00f9 alla moda di ItalianCreationGroup.","breadcrumb":{"@id":"https:\/\/socialdesignmagazine.com\/mag\/news\/design-news\/fabio-novembre-nuovo-art-director-di-driade\/#breadcrumb"},"inLanguage":"it-IT","potentialAction":[{"@type":"ReadAction","target":["https:\/\/socialdesignmagazine.com\/mag\/news\/design-news\/fabio-novembre-nuovo-art-director-di-driade\/"]}]},{"@type":"ImageObject","inLanguage":"it-IT","@id":"https:\/\/socialdesignmagazine.com\/mag\/news\/design-news\/fabio-novembre-nuovo-art-director-di-driade\/#primaryimage","url":"https:\/\/socialdesignmagazine.com\/mag\/wp-content\/uploads\/2019\/02\/Giuseppe-Di-Nuccio-e-Fabio-Novembre_ph-credits-Settimio-Benedusi.jpg","contentUrl":"https:\/\/socialdesignmagazine.com\/mag\/wp-content\/uploads\/2019\/02\/Giuseppe-Di-Nuccio-e-Fabio-Novembre_ph-credits-Settimio-Benedusi.jpg","width":1200,"height":800,"caption":"Giuseppe Di Nuccio e Fabio Novembre - ph credits Settimio Benedusi"},{"@type":"BreadcrumbList","@id":"https:\/\/socialdesignmagazine.com\/mag\/news\/design-news\/fabio-novembre-nuovo-art-director-di-driade\/#breadcrumb","itemListElement":[{"@type":"ListItem","position":1,"name":"Home","item":"https:\/\/socialdesignmagazine.com\/mag\/"},{"@type":"ListItem","position":2,"name":"News","item":"https:\/\/socialdesignmagazine.com\/mag\/news\/"},{"@type":"ListItem","position":3,"name":"Design News","item":"https:\/\/socialdesignmagazine.com\/mag\/news\/design-news\/"},{"@type":"ListItem","position":4,"name":"Fabio Novembre nuovo art director di Driade"}]},{"@type":"WebSite","@id":"https:\/\/socialdesignmagazine.com\/mag\/#website","url":"https:\/\/socialdesignmagazine.com\/mag\/","name":"Social Design Magazine","description":"Social Magazine su Design, Architettura, Arte, Grafica","publisher":{"@id":"https:\/\/socialdesignmagazine.com\/mag\/#organization"},"potentialAction":[{"@type":"SearchAction","target":{"@type":"EntryPoint","urlTemplate":"https:\/\/socialdesignmagazine.com\/mag\/?s={search_term_string}"},"query-input":{"@type":"PropertyValueSpecification","valueRequired":true,"valueName":"search_term_string"}}],"inLanguage":"it-IT"},{"@type":"Organization","@id":"https:\/\/socialdesignmagazine.com\/mag\/#organization","name":"Social Design Magazine","url":"https:\/\/socialdesignmagazine.com\/mag\/","logo":{"@type":"ImageObject","inLanguage":"it-IT","@id":"https:\/\/socialdesignmagazine.com\/mag\/#\/schema\/logo\/image\/","url":"https:\/\/socialdesignmagazine.com\/mag\/wp-content\/uploads\/2017\/01\/logo_favicon_11.png","contentUrl":"https:\/\/socialdesignmagazine.com\/mag\/wp-content\/uploads\/2017\/01\/logo_favicon_11.png","width":1024,"height":1024,"caption":"Social Design Magazine"},"image":{"@id":"https:\/\/socialdesignmagazine.com\/mag\/#\/schema\/logo\/image\/"},"sameAs":["https:\/\/www.facebook.com\/socialdesignmag","https:\/\/x.com\/socialdesignmag","http:\/\/instagram.com\/social_design_magazine\/","http:\/\/pinterest.com\/socialdesignmag\/","http:\/\/www.youtube.com\/user\/socialdesignmagazine"]},{"@type":"Person","@id":"https:\/\/socialdesignmagazine.com\/mag\/#\/schema\/person\/61e20205cc363c315e6aabd33a045846","name":"Benedetto Fiori","image":{"@type":"ImageObject","inLanguage":"it-IT","@id":"https:\/\/secure.gravatar.com\/avatar\/450a48cefa36da63d920ad70aa660bd10725b1c6093800242e5efdb397759033?s=96&d=mm&r=g","url":"https:\/\/secure.gravatar.com\/avatar\/450a48cefa36da63d920ad70aa660bd10725b1c6093800242e5efdb397759033?s=96&d=mm&r=g","contentUrl":"https:\/\/secure.gravatar.com\/avatar\/450a48cefa36da63d920ad70aa660bd10725b1c6093800242e5efdb397759033?s=96&d=mm&r=g","caption":"Benedetto Fiori"},"description":"Web | Twitter | Facebook | Shutterstock Founder &amp; Editor in Chief di Social Design Magazine. Attratto da sempre da tutto ci\u00f2 che \u00e8 creativit\u00e0, design, architettura. Dopo aver studiato Architettura all'Universit\u00e0 di Firenze, si \u00e8 impegnato in molteplici campi: comunicazione grafica, progettazione di allestimenti fieristici, brand design, Interior Design.","sameAs":["http:\/\/benedettofiori.com","https:\/\/www.facebook.com\/benedettofiori","https:\/\/x.com\/benedettofiori"],"url":"https:\/\/socialdesignmagazine.com\/mag\/author\/benedetto\/"}]}},"jetpack_featured_media_url":"https:\/\/socialdesignmagazine.com\/mag\/wp-content\/uploads\/2019\/02\/Giuseppe-Di-Nuccio-e-Fabio-Novembre_ph-credits-Settimio-Benedusi.jpg","jetpack_sharing_enabled":true,"jetpack_shortlink":"https:\/\/wp.me\/p6cV7V-9r0","gt_translate_keys":[{"key":"link","format":"url"}],"_links":{"self":[{"href":"https:\/\/socialdesignmagazine.com\/mag\/wp-json\/wp\/v2\/posts\/36270","targetHints":{"allow":["GET"]}}],"collection":[{"href":"https:\/\/socialdesignmagazine.com\/mag\/wp-json\/wp\/v2\/posts"}],"about":[{"href":"https:\/\/socialdesignmagazine.com\/mag\/wp-json\/wp\/v2\/types\/post"}],"author":[{"embeddable":true,"href":"https:\/\/socialdesignmagazine.com\/mag\/wp-json\/wp\/v2\/users\/1"}],"replies":[{"embeddable":true,"href":"https:\/\/socialdesignmagazine.com\/mag\/wp-json\/wp\/v2\/comments?post=36270"}],"version-history":[{"count":2,"href":"https:\/\/socialdesignmagazine.com\/mag\/wp-json\/wp\/v2\/posts\/36270\/revisions"}],"predecessor-version":[{"id":36382,"href":"https:\/\/socialdesignmagazine.com\/mag\/wp-json\/wp\/v2\/posts\/36270\/revisions\/36382"}],"wp:featuredmedia":[{"embeddable":true,"href":"https:\/\/socialdesignmagazine.com\/mag\/wp-json\/wp\/v2\/media\/36272"}],"wp:attachment":[{"href":"https:\/\/socialdesignmagazine.com\/mag\/wp-json\/wp\/v2\/media?parent=36270"}],"wp:term":[{"taxonomy":"category","embeddable":true,"href":"https:\/\/socialdesignmagazine.com\/mag\/wp-json\/wp\/v2\/categories?post=36270"},{"taxonomy":"post_tag","embeddable":true,"href":"https:\/\/socialdesignmagazine.com\/mag\/wp-json\/wp\/v2\/tags?post=36270"}],"curies":[{"name":"wp","href":"https:\/\/api.w.org\/{rel}","templated":true}]}}