{"id":36461,"date":"2019-02-27T09:38:19","date_gmt":"2019-02-27T08:38:19","guid":{"rendered":"https:\/\/socialdesignmagazine.com\/mag\/?p=36461"},"modified":"2019-02-26T12:47:19","modified_gmt":"2019-02-26T11:47:19","slug":"lago-pj-il-tavolo-dalle-forme-essenziali-disegnato-con-una-sola-linea-fluida","status":"publish","type":"post","link":"https:\/\/socialdesignmagazine.com\/mag\/design\/lago-pj-il-tavolo-dalle-forme-essenziali-disegnato-con-una-sola-linea-fluida\/","title":{"rendered":"LAGO P&#038;J, il tavolo dalle forme essenziali disegnato con una sola linea fluida","gt_translate_keys":[{"key":"rendered","format":"text"}]},"content":{"rendered":"<p>In occasione del <a href=\"https:\/\/socialdesignmagazine.com\/mag\/blog\/tag\/salone-del-mobile-2019\/\">Salone del Mobile 2019<\/a>, LAGO svela in anteprima il nuovo tavolo sospeso costruito con un\u2019unica linea continua che gioca con la simmetria e la fluidit\u00e0.<\/p>\n<p>Un unico flusso materico che si sviluppa su due soli sostegni: questa la caratteristica principale del nuovo&nbsp;tavolo P&amp;J&nbsp;disegnato da&nbsp;<a href=\"https:\/\/socialdesignmagazine.com\/mag\/blog\/tag\/daniele-lago\/\">Daniele&nbsp;Lago<\/a> e presentato in occasione della cinquantottesima edizione del Salone Internazionale del Mobile di Milano 2019.<\/p>\n<p>Il piano sottile \u00e8 caratterizzato da spigoli smussati e si collega armoniosamente alle gambe in legno poste alle estremit\u00e0 opposte del top, creando cos\u00ec una linea continua armoniosa e fluida. La lavorazione ebanistica della struttura e la presenza di due impercettibili gambe in vetro poste sotto, al centro del piano, garantiscono solidit\u00e0 e resistenza, aumentando la sopportazione agli urti e agli impatti.&nbsp;<\/p>\n<p>Le due gambe in legno riducono l\u2019ingombro del tavolo e amplificano il senso di convivialit\u00e0, creando un effetto ottico originale, in grado di stupire i commensali e di trasmettere una sensazione di armoniosa delicatezza. Inoltre, il suggestivo senso di sospensione, creato dalla sottrazione di due elementi portanti dal campo ottico, si esprime nella creazione di un flusso legnoso estremamente fluido e coerente. Disponibile in legno Haywood e in Agewood, il piano rettangolare pu\u00f2 essere personalizzato con tre misure differenti sia in versione smussata sia squadrata.<\/p>\n<p><a href=\"https:\/\/socialdesignmagazine.com\/mag\/?attachment_id=36463#content\" rel=\"attachment wp-att-36463\"><img loading=\"lazy\" decoding=\"async\" data-attachment-id=\"36463\" data-permalink=\"https:\/\/socialdesignmagazine.com\/mag\/design\/lago-pj-il-tavolo-dalle-forme-essenziali-disegnato-con-una-sola-linea-fluida\/attachment\/lago_tavolo-pj_anteprima-salone-2019_1\/#content\" data-orig-file=\"https:\/\/socialdesignmagazine.com\/mag\/wp-content\/uploads\/2019\/02\/LAGO_Tavolo-PJ_anteprima-Salone-2019_1.jpg\" data-orig-size=\"1200,857\" data-comments-opened=\"1\" data-image-meta=\"{&quot;aperture&quot;:&quot;0&quot;,&quot;credit&quot;:&quot;&quot;,&quot;camera&quot;:&quot;&quot;,&quot;caption&quot;:&quot;&quot;,&quot;created_timestamp&quot;:&quot;0&quot;,&quot;copyright&quot;:&quot;&quot;,&quot;focal_length&quot;:&quot;0&quot;,&quot;iso&quot;:&quot;0&quot;,&quot;shutter_speed&quot;:&quot;0&quot;,&quot;title&quot;:&quot;&quot;,&quot;orientation&quot;:&quot;0&quot;}\" data-image-title=\"LAGO_Tavolo P&amp;#038;J_anteprima Salone 2019_1\" data-image-description=\"\" data-image-caption=\"\" data-medium-file=\"https:\/\/socialdesignmagazine.com\/mag\/wp-content\/uploads\/2019\/02\/LAGO_Tavolo-PJ_anteprima-Salone-2019_1-438x283.jpg\" data-large-file=\"https:\/\/socialdesignmagazine.com\/mag\/wp-content\/uploads\/2019\/02\/LAGO_Tavolo-PJ_anteprima-Salone-2019_1-1024x731.jpg\" class=\"alignnone size-large wp-image-36463\" src=\"https:\/\/socialdesignmagazine.com\/mag\/wp-content\/uploads\/2019\/02\/LAGO_Tavolo-PJ_anteprima-Salone-2019_1-1024x731.jpg\" alt=\"LAGO Tavolo P&amp;J\" width=\"1024\" height=\"731\" srcset=\"https:\/\/socialdesignmagazine.com\/mag\/wp-content\/uploads\/2019\/02\/LAGO_Tavolo-PJ_anteprima-Salone-2019_1-1024x731.jpg 1024w, https:\/\/socialdesignmagazine.com\/mag\/wp-content\/uploads\/2019\/02\/LAGO_Tavolo-PJ_anteprima-Salone-2019_1-768x548.jpg 768w, https:\/\/socialdesignmagazine.com\/mag\/wp-content\/uploads\/2019\/02\/LAGO_Tavolo-PJ_anteprima-Salone-2019_1.jpg 1200w\" sizes=\"auto, (max-width: 1024px) 100vw, 1024px\" \/><\/a><\/p>\n<p><a rel=\"nofollow\" href=\"https:\/\/www.lago.it\/\">www.lago.it<\/a><\/p>\n","protected":false,"gt_translate_keys":[{"key":"rendered","format":"html"}]},"excerpt":{"rendered":"<p>In occasione del Salone del Mobile 2019, LAGO svela in anteprima il nuovo tavolo sospeso costruito con un\u2019unica linea continua che gioca con la simmetria e la fluidit\u00e0.<\/p>\n","protected":false,"gt_translate_keys":[{"key":"rendered","format":"html"}]},"author":1,"featured_media":36464,"comment_status":"open","ping_status":"open","sticky":false,"template":"","format":"standard","meta":{"jetpack_post_was_ever_published":false,"_jetpack_newsletter_access":"","_jetpack_dont_email_post_to_subs":false,"_jetpack_newsletter_tier_id":0,"_jetpack_memberships_contains_paywalled_content":false,"_jetpack_memberships_contains_paid_content":false,"footnotes":"","_wpscppro_dont_share_socialmedia":false,"_wpscppro_custom_social_share_image":0,"_facebook_share_type":"","_twitter_share_type":"","_linkedin_share_type":"","_pinterest_share_type":"","_linkedin_share_type_page":"","_instagram_share_type":"","_medium_share_type":"","_threads_share_type":"","_google_business_share_type":"","_selected_social_profile":[],"_wpsp_enable_custom_social_template":false,"_wpsp_social_scheduling":{"enabled":false,"datetime":null,"platforms":[],"status":"template_only","dateOption":"today","timeOption":"now","customDays":"","customHours":"","customDate":"","customTime":"","schedulingType":"absolute"},"_wpsp_active_default_template":true},"categories":[13],"tags":[1108,5696,1955,5693,582],"class_list":["post-36461","post","type-post","status-publish","format-standard","has-post-thumbnail","hentry","category-design","tag-anteprima","tag-fuorisalone-2019","tag-lago","tag-salone-del-mobile-2019","tag-tavolo"],"yoast_head":"<!-- This site is optimized with the Yoast SEO plugin v27.2 - https:\/\/yoast.com\/product\/yoast-seo-wordpress\/ -->\n<title>LAGO P&amp;J, il tavolo dalle forme essenziali disegnato con una sola linea fluida - Social Design Magazine<\/title>\n<meta name=\"description\" content=\"In occasione del Salone del Mobile 2019, LAGO svela in anteprima il nuovo tavolo sospeso costruito con un\u2019unica linea continua che gioca con la simmetria e la fluidit\u00e0.\" \/>\n<meta name=\"robots\" content=\"index, follow, max-snippet:-1, max-image-preview:large, max-video-preview:-1\" \/>\n<link rel=\"canonical\" href=\"https:\/\/socialdesignmagazine.com\/mag\/design\/lago-pj-il-tavolo-dalle-forme-essenziali-disegnato-con-una-sola-linea-fluida\/\" \/>\n<meta property=\"og:locale\" content=\"it_IT\" \/>\n<meta property=\"og:type\" content=\"article\" \/>\n<meta property=\"og:title\" content=\"LAGO P&amp;J, il tavolo dalle forme essenziali disegnato con una sola linea fluida - Social Design Magazine\" \/>\n<meta property=\"og:description\" content=\"In occasione del Salone del Mobile 2019, LAGO svela in anteprima il nuovo tavolo sospeso costruito con un\u2019unica linea continua che gioca con la simmetria e la fluidit\u00e0.\" \/>\n<meta property=\"og:url\" content=\"http:\/\/socialdesignmagazine.com\/mag\/design\/lago-pj-il-tavolo-dalle-forme-essenziali-disegnato-con-una-sola-linea-fluida\/\" \/>\n<meta property=\"og:site_name\" content=\"Social Design Magazine\" \/>\n<meta property=\"article:publisher\" content=\"https:\/\/www.facebook.com\/socialdesignmag\" \/>\n<meta property=\"article:author\" content=\"https:\/\/www.facebook.com\/benedettofiori\" \/>\n<meta property=\"article:published_time\" content=\"2019-02-27T08:38:19+00:00\" \/>\n<meta property=\"og:image\" content=\"https:\/\/socialdesignmagazine.com\/mag\/wp-content\/uploads\/2019\/02\/LAGO_Tavolo-PJ_anteprima-Salone-2019_2.jpg\" \/>\n\t<meta property=\"og:image:width\" content=\"1200\" \/>\n\t<meta property=\"og:image:height\" content=\"857\" \/>\n\t<meta property=\"og:image:type\" content=\"image\/jpeg\" \/>\n<meta name=\"author\" content=\"Benedetto Fiori\" \/>\n<meta name=\"twitter:card\" content=\"summary_large_image\" \/>\n<meta name=\"twitter:creator\" content=\"@benedettofiori\" \/>\n<meta name=\"twitter:site\" content=\"@socialdesignmag\" \/>\n<meta name=\"twitter:label1\" content=\"Scritto da\" \/>\n\t<meta name=\"twitter:data1\" content=\"Benedetto Fiori\" \/>\n\t<meta name=\"twitter:label2\" content=\"Tempo di lettura stimato\" \/>\n\t<meta name=\"twitter:data2\" content=\"1 minuto\" \/>\n<script type=\"application\/ld+json\" class=\"yoast-schema-graph\">{\"@context\":\"https:\/\/schema.org\",\"@graph\":[{\"@type\":\"Article\",\"@id\":\"https:\/\/socialdesignmagazine.com\/mag\/design\/lago-pj-il-tavolo-dalle-forme-essenziali-disegnato-con-una-sola-linea-fluida\/#article\",\"isPartOf\":{\"@id\":\"https:\/\/socialdesignmagazine.com\/mag\/design\/lago-pj-il-tavolo-dalle-forme-essenziali-disegnato-con-una-sola-linea-fluida\/\"},\"author\":{\"name\":\"Benedetto Fiori\",\"@id\":\"https:\/\/socialdesignmagazine.com\/mag\/#\/schema\/person\/61e20205cc363c315e6aabd33a045846\"},\"headline\":\"LAGO P&#038;J, il tavolo dalle forme essenziali disegnato con una sola linea fluida\",\"datePublished\":\"2019-02-27T08:38:19+00:00\",\"mainEntityOfPage\":{\"@id\":\"https:\/\/socialdesignmagazine.com\/mag\/design\/lago-pj-il-tavolo-dalle-forme-essenziali-disegnato-con-una-sola-linea-fluida\/\"},\"wordCount\":236,\"commentCount\":0,\"publisher\":{\"@id\":\"https:\/\/socialdesignmagazine.com\/mag\/#organization\"},\"image\":{\"@id\":\"https:\/\/socialdesignmagazine.com\/mag\/design\/lago-pj-il-tavolo-dalle-forme-essenziali-disegnato-con-una-sola-linea-fluida\/#primaryimage\"},\"thumbnailUrl\":\"https:\/\/socialdesignmagazine.com\/mag\/wp-content\/uploads\/2019\/02\/LAGO_Tavolo-PJ_anteprima-Salone-2019_2.jpg\",\"keywords\":[\"anteprima\",\"fuorisalone 2019\",\"lago\",\"salone del mobile 2019\",\"tavolo\"],\"articleSection\":[\"Design\"],\"inLanguage\":\"it-IT\",\"potentialAction\":[{\"@type\":\"CommentAction\",\"name\":\"Comment\",\"target\":[\"https:\/\/socialdesignmagazine.com\/mag\/design\/lago-pj-il-tavolo-dalle-forme-essenziali-disegnato-con-una-sola-linea-fluida\/#respond\"]}]},{\"@type\":\"WebPage\",\"@id\":\"https:\/\/socialdesignmagazine.com\/mag\/design\/lago-pj-il-tavolo-dalle-forme-essenziali-disegnato-con-una-sola-linea-fluida\/\",\"url\":\"https:\/\/socialdesignmagazine.com\/mag\/design\/lago-pj-il-tavolo-dalle-forme-essenziali-disegnato-con-una-sola-linea-fluida\/\",\"name\":\"LAGO P&J, il tavolo dalle forme essenziali disegnato con una sola linea fluida - Social Design Magazine\",\"isPartOf\":{\"@id\":\"https:\/\/socialdesignmagazine.com\/mag\/#website\"},\"primaryImageOfPage\":{\"@id\":\"https:\/\/socialdesignmagazine.com\/mag\/design\/lago-pj-il-tavolo-dalle-forme-essenziali-disegnato-con-una-sola-linea-fluida\/#primaryimage\"},\"image\":{\"@id\":\"https:\/\/socialdesignmagazine.com\/mag\/design\/lago-pj-il-tavolo-dalle-forme-essenziali-disegnato-con-una-sola-linea-fluida\/#primaryimage\"},\"thumbnailUrl\":\"https:\/\/socialdesignmagazine.com\/mag\/wp-content\/uploads\/2019\/02\/LAGO_Tavolo-PJ_anteprima-Salone-2019_2.jpg\",\"datePublished\":\"2019-02-27T08:38:19+00:00\",\"description\":\"In occasione del Salone del Mobile 2019, LAGO svela in anteprima il nuovo tavolo sospeso costruito con un\u2019unica linea continua che gioca con la simmetria e la fluidit\u00e0.\",\"breadcrumb\":{\"@id\":\"https:\/\/socialdesignmagazine.com\/mag\/design\/lago-pj-il-tavolo-dalle-forme-essenziali-disegnato-con-una-sola-linea-fluida\/#breadcrumb\"},\"inLanguage\":\"it-IT\",\"potentialAction\":[{\"@type\":\"ReadAction\",\"target\":[\"https:\/\/socialdesignmagazine.com\/mag\/design\/lago-pj-il-tavolo-dalle-forme-essenziali-disegnato-con-una-sola-linea-fluida\/\"]}]},{\"@type\":\"ImageObject\",\"inLanguage\":\"it-IT\",\"@id\":\"https:\/\/socialdesignmagazine.com\/mag\/design\/lago-pj-il-tavolo-dalle-forme-essenziali-disegnato-con-una-sola-linea-fluida\/#primaryimage\",\"url\":\"https:\/\/socialdesignmagazine.com\/mag\/wp-content\/uploads\/2019\/02\/LAGO_Tavolo-PJ_anteprima-Salone-2019_2.jpg\",\"contentUrl\":\"https:\/\/socialdesignmagazine.com\/mag\/wp-content\/uploads\/2019\/02\/LAGO_Tavolo-PJ_anteprima-Salone-2019_2.jpg\",\"width\":1200,\"height\":857,\"caption\":\"LAGO Tavolo P&J\"},{\"@type\":\"BreadcrumbList\",\"@id\":\"https:\/\/socialdesignmagazine.com\/mag\/design\/lago-pj-il-tavolo-dalle-forme-essenziali-disegnato-con-una-sola-linea-fluida\/#breadcrumb\",\"itemListElement\":[{\"@type\":\"ListItem\",\"position\":1,\"name\":\"Home\",\"item\":\"https:\/\/socialdesignmagazine.com\/mag\/\"},{\"@type\":\"ListItem\",\"position\":2,\"name\":\"Design\",\"item\":\"https:\/\/socialdesignmagazine.com\/mag\/design\/\"},{\"@type\":\"ListItem\",\"position\":3,\"name\":\"LAGO P&#038;J, il tavolo dalle forme essenziali disegnato con una sola linea fluida\"}]},{\"@type\":\"WebSite\",\"@id\":\"https:\/\/socialdesignmagazine.com\/mag\/#website\",\"url\":\"https:\/\/socialdesignmagazine.com\/mag\/\",\"name\":\"Social Design Magazine\",\"description\":\"Social Magazine su Design, Architettura, Arte, Grafica\",\"publisher\":{\"@id\":\"https:\/\/socialdesignmagazine.com\/mag\/#organization\"},\"potentialAction\":[{\"@type\":\"SearchAction\",\"target\":{\"@type\":\"EntryPoint\",\"urlTemplate\":\"https:\/\/socialdesignmagazine.com\/mag\/?s={search_term_string}\"},\"query-input\":{\"@type\":\"PropertyValueSpecification\",\"valueRequired\":true,\"valueName\":\"search_term_string\"}}],\"inLanguage\":\"it-IT\"},{\"@type\":\"Organization\",\"@id\":\"https:\/\/socialdesignmagazine.com\/mag\/#organization\",\"name\":\"Social Design Magazine\",\"url\":\"https:\/\/socialdesignmagazine.com\/mag\/\",\"logo\":{\"@type\":\"ImageObject\",\"inLanguage\":\"it-IT\",\"@id\":\"https:\/\/socialdesignmagazine.com\/mag\/#\/schema\/logo\/image\/\",\"url\":\"https:\/\/socialdesignmagazine.com\/mag\/wp-content\/uploads\/2017\/01\/logo_favicon_11.png\",\"contentUrl\":\"https:\/\/socialdesignmagazine.com\/mag\/wp-content\/uploads\/2017\/01\/logo_favicon_11.png\",\"width\":1024,\"height\":1024,\"caption\":\"Social Design Magazine\"},\"image\":{\"@id\":\"https:\/\/socialdesignmagazine.com\/mag\/#\/schema\/logo\/image\/\"},\"sameAs\":[\"https:\/\/www.facebook.com\/socialdesignmag\",\"https:\/\/x.com\/socialdesignmag\",\"http:\/\/instagram.com\/social_design_magazine\/\",\"http:\/\/pinterest.com\/socialdesignmag\/\",\"http:\/\/www.youtube.com\/user\/socialdesignmagazine\"]},{\"@type\":\"Person\",\"@id\":\"https:\/\/socialdesignmagazine.com\/mag\/#\/schema\/person\/61e20205cc363c315e6aabd33a045846\",\"name\":\"Benedetto Fiori\",\"image\":{\"@type\":\"ImageObject\",\"inLanguage\":\"it-IT\",\"@id\":\"https:\/\/secure.gravatar.com\/avatar\/450a48cefa36da63d920ad70aa660bd10725b1c6093800242e5efdb397759033?s=96&d=mm&r=g\",\"url\":\"https:\/\/secure.gravatar.com\/avatar\/450a48cefa36da63d920ad70aa660bd10725b1c6093800242e5efdb397759033?s=96&d=mm&r=g\",\"contentUrl\":\"https:\/\/secure.gravatar.com\/avatar\/450a48cefa36da63d920ad70aa660bd10725b1c6093800242e5efdb397759033?s=96&d=mm&r=g\",\"caption\":\"Benedetto Fiori\"},\"description\":\"Web | Twitter | Facebook | Shutterstock Founder &amp; Editor in Chief di Social Design Magazine. Attratto da sempre da tutto ci\u00f2 che \u00e8 creativit\u00e0, design, architettura. Dopo aver studiato Architettura all'Universit\u00e0 di Firenze, si \u00e8 impegnato in molteplici campi: comunicazione grafica, progettazione di allestimenti fieristici, brand design, Interior Design.\",\"sameAs\":[\"http:\/\/benedettofiori.com\",\"https:\/\/www.facebook.com\/benedettofiori\",\"https:\/\/x.com\/benedettofiori\"],\"url\":\"https:\/\/socialdesignmagazine.com\/mag\/author\/benedetto\/\"}]}<\/script>\n<!-- \/ Yoast SEO plugin. -->","yoast_head_json":{"title":"LAGO P&J, il tavolo dalle forme essenziali disegnato con una sola linea fluida - Social Design Magazine","description":"In occasione del Salone del Mobile 2019, LAGO svela in anteprima il nuovo tavolo sospeso costruito con un\u2019unica linea continua che gioca con la simmetria e la fluidit\u00e0.","robots":{"index":"index","follow":"follow","max-snippet":"max-snippet:-1","max-image-preview":"max-image-preview:large","max-video-preview":"max-video-preview:-1"},"canonical":"https:\/\/socialdesignmagazine.com\/mag\/design\/lago-pj-il-tavolo-dalle-forme-essenziali-disegnato-con-una-sola-linea-fluida\/","og_locale":"it_IT","og_type":"article","og_title":"LAGO P&J, il tavolo dalle forme essenziali disegnato con una sola linea fluida - Social Design Magazine","og_description":"In occasione del Salone del Mobile 2019, LAGO svela in anteprima il nuovo tavolo sospeso costruito con un\u2019unica linea continua che gioca con la simmetria e la fluidit\u00e0.","og_url":"http:\/\/socialdesignmagazine.com\/mag\/design\/lago-pj-il-tavolo-dalle-forme-essenziali-disegnato-con-una-sola-linea-fluida\/","og_site_name":"Social Design Magazine","article_publisher":"https:\/\/www.facebook.com\/socialdesignmag","article_author":"https:\/\/www.facebook.com\/benedettofiori","article_published_time":"2019-02-27T08:38:19+00:00","og_image":[{"width":1200,"height":857,"url":"https:\/\/socialdesignmagazine.com\/mag\/wp-content\/uploads\/2019\/02\/LAGO_Tavolo-PJ_anteprima-Salone-2019_2.jpg","type":"image\/jpeg"}],"author":"Benedetto Fiori","twitter_card":"summary_large_image","twitter_creator":"@benedettofiori","twitter_site":"@socialdesignmag","twitter_misc":{"Scritto da":"Benedetto Fiori","Tempo di lettura stimato":"1 minuto"},"schema":{"@context":"https:\/\/schema.org","@graph":[{"@type":"Article","@id":"https:\/\/socialdesignmagazine.com\/mag\/design\/lago-pj-il-tavolo-dalle-forme-essenziali-disegnato-con-una-sola-linea-fluida\/#article","isPartOf":{"@id":"https:\/\/socialdesignmagazine.com\/mag\/design\/lago-pj-il-tavolo-dalle-forme-essenziali-disegnato-con-una-sola-linea-fluida\/"},"author":{"name":"Benedetto Fiori","@id":"https:\/\/socialdesignmagazine.com\/mag\/#\/schema\/person\/61e20205cc363c315e6aabd33a045846"},"headline":"LAGO P&#038;J, il tavolo dalle forme essenziali disegnato con una sola linea fluida","datePublished":"2019-02-27T08:38:19+00:00","mainEntityOfPage":{"@id":"https:\/\/socialdesignmagazine.com\/mag\/design\/lago-pj-il-tavolo-dalle-forme-essenziali-disegnato-con-una-sola-linea-fluida\/"},"wordCount":236,"commentCount":0,"publisher":{"@id":"https:\/\/socialdesignmagazine.com\/mag\/#organization"},"image":{"@id":"https:\/\/socialdesignmagazine.com\/mag\/design\/lago-pj-il-tavolo-dalle-forme-essenziali-disegnato-con-una-sola-linea-fluida\/#primaryimage"},"thumbnailUrl":"https:\/\/socialdesignmagazine.com\/mag\/wp-content\/uploads\/2019\/02\/LAGO_Tavolo-PJ_anteprima-Salone-2019_2.jpg","keywords":["anteprima","fuorisalone 2019","lago","salone del mobile 2019","tavolo"],"articleSection":["Design"],"inLanguage":"it-IT","potentialAction":[{"@type":"CommentAction","name":"Comment","target":["https:\/\/socialdesignmagazine.com\/mag\/design\/lago-pj-il-tavolo-dalle-forme-essenziali-disegnato-con-una-sola-linea-fluida\/#respond"]}]},{"@type":"WebPage","@id":"https:\/\/socialdesignmagazine.com\/mag\/design\/lago-pj-il-tavolo-dalle-forme-essenziali-disegnato-con-una-sola-linea-fluida\/","url":"https:\/\/socialdesignmagazine.com\/mag\/design\/lago-pj-il-tavolo-dalle-forme-essenziali-disegnato-con-una-sola-linea-fluida\/","name":"LAGO P&J, il tavolo dalle forme essenziali disegnato con una sola linea fluida - Social Design Magazine","isPartOf":{"@id":"https:\/\/socialdesignmagazine.com\/mag\/#website"},"primaryImageOfPage":{"@id":"https:\/\/socialdesignmagazine.com\/mag\/design\/lago-pj-il-tavolo-dalle-forme-essenziali-disegnato-con-una-sola-linea-fluida\/#primaryimage"},"image":{"@id":"https:\/\/socialdesignmagazine.com\/mag\/design\/lago-pj-il-tavolo-dalle-forme-essenziali-disegnato-con-una-sola-linea-fluida\/#primaryimage"},"thumbnailUrl":"https:\/\/socialdesignmagazine.com\/mag\/wp-content\/uploads\/2019\/02\/LAGO_Tavolo-PJ_anteprima-Salone-2019_2.jpg","datePublished":"2019-02-27T08:38:19+00:00","description":"In occasione del Salone del Mobile 2019, LAGO svela in anteprima il nuovo tavolo sospeso costruito con un\u2019unica linea continua che gioca con la simmetria e la fluidit\u00e0.","breadcrumb":{"@id":"https:\/\/socialdesignmagazine.com\/mag\/design\/lago-pj-il-tavolo-dalle-forme-essenziali-disegnato-con-una-sola-linea-fluida\/#breadcrumb"},"inLanguage":"it-IT","potentialAction":[{"@type":"ReadAction","target":["https:\/\/socialdesignmagazine.com\/mag\/design\/lago-pj-il-tavolo-dalle-forme-essenziali-disegnato-con-una-sola-linea-fluida\/"]}]},{"@type":"ImageObject","inLanguage":"it-IT","@id":"https:\/\/socialdesignmagazine.com\/mag\/design\/lago-pj-il-tavolo-dalle-forme-essenziali-disegnato-con-una-sola-linea-fluida\/#primaryimage","url":"https:\/\/socialdesignmagazine.com\/mag\/wp-content\/uploads\/2019\/02\/LAGO_Tavolo-PJ_anteprima-Salone-2019_2.jpg","contentUrl":"https:\/\/socialdesignmagazine.com\/mag\/wp-content\/uploads\/2019\/02\/LAGO_Tavolo-PJ_anteprima-Salone-2019_2.jpg","width":1200,"height":857,"caption":"LAGO Tavolo P&J"},{"@type":"BreadcrumbList","@id":"https:\/\/socialdesignmagazine.com\/mag\/design\/lago-pj-il-tavolo-dalle-forme-essenziali-disegnato-con-una-sola-linea-fluida\/#breadcrumb","itemListElement":[{"@type":"ListItem","position":1,"name":"Home","item":"https:\/\/socialdesignmagazine.com\/mag\/"},{"@type":"ListItem","position":2,"name":"Design","item":"https:\/\/socialdesignmagazine.com\/mag\/design\/"},{"@type":"ListItem","position":3,"name":"LAGO P&#038;J, il tavolo dalle forme essenziali disegnato con una sola linea fluida"}]},{"@type":"WebSite","@id":"https:\/\/socialdesignmagazine.com\/mag\/#website","url":"https:\/\/socialdesignmagazine.com\/mag\/","name":"Social Design Magazine","description":"Social Magazine su Design, Architettura, Arte, Grafica","publisher":{"@id":"https:\/\/socialdesignmagazine.com\/mag\/#organization"},"potentialAction":[{"@type":"SearchAction","target":{"@type":"EntryPoint","urlTemplate":"https:\/\/socialdesignmagazine.com\/mag\/?s={search_term_string}"},"query-input":{"@type":"PropertyValueSpecification","valueRequired":true,"valueName":"search_term_string"}}],"inLanguage":"it-IT"},{"@type":"Organization","@id":"https:\/\/socialdesignmagazine.com\/mag\/#organization","name":"Social Design Magazine","url":"https:\/\/socialdesignmagazine.com\/mag\/","logo":{"@type":"ImageObject","inLanguage":"it-IT","@id":"https:\/\/socialdesignmagazine.com\/mag\/#\/schema\/logo\/image\/","url":"https:\/\/socialdesignmagazine.com\/mag\/wp-content\/uploads\/2017\/01\/logo_favicon_11.png","contentUrl":"https:\/\/socialdesignmagazine.com\/mag\/wp-content\/uploads\/2017\/01\/logo_favicon_11.png","width":1024,"height":1024,"caption":"Social Design Magazine"},"image":{"@id":"https:\/\/socialdesignmagazine.com\/mag\/#\/schema\/logo\/image\/"},"sameAs":["https:\/\/www.facebook.com\/socialdesignmag","https:\/\/x.com\/socialdesignmag","http:\/\/instagram.com\/social_design_magazine\/","http:\/\/pinterest.com\/socialdesignmag\/","http:\/\/www.youtube.com\/user\/socialdesignmagazine"]},{"@type":"Person","@id":"https:\/\/socialdesignmagazine.com\/mag\/#\/schema\/person\/61e20205cc363c315e6aabd33a045846","name":"Benedetto Fiori","image":{"@type":"ImageObject","inLanguage":"it-IT","@id":"https:\/\/secure.gravatar.com\/avatar\/450a48cefa36da63d920ad70aa660bd10725b1c6093800242e5efdb397759033?s=96&d=mm&r=g","url":"https:\/\/secure.gravatar.com\/avatar\/450a48cefa36da63d920ad70aa660bd10725b1c6093800242e5efdb397759033?s=96&d=mm&r=g","contentUrl":"https:\/\/secure.gravatar.com\/avatar\/450a48cefa36da63d920ad70aa660bd10725b1c6093800242e5efdb397759033?s=96&d=mm&r=g","caption":"Benedetto Fiori"},"description":"Web | Twitter | Facebook | Shutterstock Founder &amp; Editor in Chief di Social Design Magazine. Attratto da sempre da tutto ci\u00f2 che \u00e8 creativit\u00e0, design, architettura. Dopo aver studiato Architettura all'Universit\u00e0 di Firenze, si \u00e8 impegnato in molteplici campi: comunicazione grafica, progettazione di allestimenti fieristici, brand design, Interior Design.","sameAs":["http:\/\/benedettofiori.com","https:\/\/www.facebook.com\/benedettofiori","https:\/\/x.com\/benedettofiori"],"url":"https:\/\/socialdesignmagazine.com\/mag\/author\/benedetto\/"}]}},"jetpack_featured_media_url":"https:\/\/socialdesignmagazine.com\/mag\/wp-content\/uploads\/2019\/02\/LAGO_Tavolo-PJ_anteprima-Salone-2019_2.jpg","jetpack_sharing_enabled":true,"jetpack_shortlink":"https:\/\/wp.me\/p6cV7V-9u5","gt_translate_keys":[{"key":"link","format":"url"}],"_links":{"self":[{"href":"https:\/\/socialdesignmagazine.com\/mag\/wp-json\/wp\/v2\/posts\/36461","targetHints":{"allow":["GET"]}}],"collection":[{"href":"https:\/\/socialdesignmagazine.com\/mag\/wp-json\/wp\/v2\/posts"}],"about":[{"href":"https:\/\/socialdesignmagazine.com\/mag\/wp-json\/wp\/v2\/types\/post"}],"author":[{"embeddable":true,"href":"https:\/\/socialdesignmagazine.com\/mag\/wp-json\/wp\/v2\/users\/1"}],"replies":[{"embeddable":true,"href":"https:\/\/socialdesignmagazine.com\/mag\/wp-json\/wp\/v2\/comments?post=36461"}],"version-history":[{"count":1,"href":"https:\/\/socialdesignmagazine.com\/mag\/wp-json\/wp\/v2\/posts\/36461\/revisions"}],"predecessor-version":[{"id":36465,"href":"https:\/\/socialdesignmagazine.com\/mag\/wp-json\/wp\/v2\/posts\/36461\/revisions\/36465"}],"wp:featuredmedia":[{"embeddable":true,"href":"https:\/\/socialdesignmagazine.com\/mag\/wp-json\/wp\/v2\/media\/36464"}],"wp:attachment":[{"href":"https:\/\/socialdesignmagazine.com\/mag\/wp-json\/wp\/v2\/media?parent=36461"}],"wp:term":[{"taxonomy":"category","embeddable":true,"href":"https:\/\/socialdesignmagazine.com\/mag\/wp-json\/wp\/v2\/categories?post=36461"},{"taxonomy":"post_tag","embeddable":true,"href":"https:\/\/socialdesignmagazine.com\/mag\/wp-json\/wp\/v2\/tags?post=36461"}],"curies":[{"name":"wp","href":"https:\/\/api.w.org\/{rel}","templated":true}]}}