{"id":3670,"date":"2015-04-10T09:00:00","date_gmt":"2015-04-10T07:00:00","guid":{"rendered":"https:\/\/socialdesignmagazine.com\/mag\/s13-special\/c56-salone-del-mobile-2015\/dalla-zona-notte-a-tutta-la-casa-levoluzione-dei-nuovi-prodotti-flou-anteprima-salone-del-mobile-2015\/"},"modified":"2025-05-03T22:22:54","modified_gmt":"2025-05-03T20:22:54","slug":"dalla-zona-notte-a-tutta-la-casa-levoluzione-dei-nuovi-prodotti-flou-anteprima-salone-del-mobile-2015","status":"publish","type":"post","link":"https:\/\/socialdesignmagazine.com\/mag\/salone-del-mobile-2015\/dalla-zona-notte-a-tutta-la-casa-levoluzione-dei-nuovi-prodotti-flou-anteprima-salone-del-mobile-2015\/","title":{"rendered":"Dalla zona notte a tutta la casa, l&#8217;evoluzione dei nuovi prodotti Flou, anteprima Salone del Mobile 2015","gt_translate_keys":[{"key":"rendered","format":"text"}]},"content":{"rendered":"\n<h2 class=\"wp-block-heading\">Con le novit\u00e0 2015 Flou continua il percorso evolutivo che l&#8217;ha portata&nbsp;quasi naturalmente a trasferire in ogni ambiente della casa il benessere&nbsp;che ha sempre assicurato alla zona notte.<\/h2>\n\n\n\n<p>Non solo quindi prodotti confortevoli, belli e ben fatti, ma vere e proprie&nbsp;collezioni che, nel rispetto delle esigenze e dei gusti pi\u00f9 diversi,&nbsp;consentono al cliente massima libert\u00e0 compositiva, assecondando&nbsp;l&#8217;ormai consolidata abitudine di fruire gli spazi abitativi in modo non&nbsp;pi\u00f9 nettamente suddiviso: si riposa in soggiorno come si lavora in&nbsp;camera da letto e viceversa.<\/p>\n\n\n\n<p>E&#8217; il modo con cui Flou continua ad of frire la qualit\u00e0 e il benessere&nbsp;italiani ai mercati di tutto il mondo.<\/p>\n\n\n\n<p class=\"has-text-align-center\"><span class=\"wf_caption\" style=\"display: inherit; max-width: 720px;\"><img loading=\"lazy\" decoding=\"async\" data-attachment-id=\"21403\" data-permalink=\"https:\/\/socialdesignmagazine.com\/mag\/salone-del-mobile-2015\/dalla-zona-notte-a-tutta-la-casa-levoluzione-dei-nuovi-prodotti-flou-anteprima-salone-del-mobile-2015\/attachment\/iko-09-social-design-magazine\/#content\" data-orig-file=\"https:\/\/socialdesignmagazine.com\/mag\/wp-content\/uploads\/2015\/04\/benedetto_flou_salone_2015_Iko_09_social_design_magazine.jpg\" data-orig-size=\"720,1080\" data-comments-opened=\"1\" data-image-meta=\"{&quot;aperture&quot;:&quot;0&quot;,&quot;credit&quot;:&quot;&quot;,&quot;camera&quot;:&quot;&quot;,&quot;caption&quot;:&quot;&quot;,&quot;created_timestamp&quot;:&quot;0&quot;,&quot;copyright&quot;:&quot;&quot;,&quot;focal_length&quot;:&quot;0&quot;,&quot;iso&quot;:&quot;0&quot;,&quot;shutter_speed&quot;:&quot;0&quot;,&quot;title&quot;:&quot;&quot;,&quot;orientation&quot;:&quot;0&quot;}\" data-image-title=\"Iko 09 social design magazine\" data-image-description=\"\" data-image-caption=\"\" data-medium-file=\"https:\/\/socialdesignmagazine.com\/mag\/wp-content\/uploads\/2015\/04\/benedetto_flou_salone_2015_Iko_09_social_design_magazine-396x256.jpg\" data-large-file=\"https:\/\/socialdesignmagazine.com\/mag\/wp-content\/uploads\/2015\/04\/benedetto_flou_salone_2015_Iko_09_social_design_magazine.jpg\" class=\" size-full wp-image-21403\" src=\"https:\/\/socialdesignmagazine.com\/mag\/wp-content\/uploads\/2015\/04\/benedetto_flou_salone_2015_Iko_09_social_design_magazine.jpg\" alt=\"Iko 09 social design magazine\" width=\"720\" height=\"1080\"><span style=\"max-width: 720px; display: block;\">Poltroncina Iko, design Rodolfo Dordoni, struttura in tubolare di acciaio color nero lucido con dettagli in ottone lucidato in bagno oro, Cuoio 5 A . Cuscini con rivestimento sfoderabile Bon Ton 692.<\/span><\/span><\/p>\n\n\n\n<p>Nella collezione Iko &#8211; letto matrimoniale, consolle&nbsp;a specchio, poltroncina, tavolino &#8211; il fascino del&nbsp;design si sposa alla purezza delle forme,&nbsp;l&#8217;accuratezza delle lavorazioni all&#8217;impiego di&nbsp;materiali inusuali come l&#8217;acciaio trattato con&nbsp;par ticolari finiture e di altri preziosi materiali&nbsp;come il cuoio, il marmo, l&#8217;ottone.<\/p>\n\n\n\n<p class=\"has-text-align-center\"><span class=\"wf_caption\" style=\"display: inherit; max-width: 720px;\"><img loading=\"lazy\" decoding=\"async\" data-attachment-id=\"21404\" data-permalink=\"https:\/\/socialdesignmagazine.com\/mag\/salone-del-mobile-2015\/dalla-zona-notte-a-tutta-la-casa-levoluzione-dei-nuovi-prodotti-flou-anteprima-salone-del-mobile-2015\/attachment\/iko-05-social-design-magazine\/#content\" data-orig-file=\"https:\/\/socialdesignmagazine.com\/mag\/wp-content\/uploads\/2015\/04\/benedetto_flou_salone_2015_Iko_05_social_design_magazine.jpg\" data-orig-size=\"720,953\" data-comments-opened=\"1\" data-image-meta=\"{&quot;aperture&quot;:&quot;0&quot;,&quot;credit&quot;:&quot;&quot;,&quot;camera&quot;:&quot;&quot;,&quot;caption&quot;:&quot;&quot;,&quot;created_timestamp&quot;:&quot;0&quot;,&quot;copyright&quot;:&quot;&quot;,&quot;focal_length&quot;:&quot;0&quot;,&quot;iso&quot;:&quot;0&quot;,&quot;shutter_speed&quot;:&quot;0&quot;,&quot;title&quot;:&quot;&quot;,&quot;orientation&quot;:&quot;0&quot;}\" data-image-title=\"Iko 05 social design magazine\" data-image-description=\"\" data-image-caption=\"\" data-medium-file=\"https:\/\/socialdesignmagazine.com\/mag\/wp-content\/uploads\/2015\/04\/benedetto_flou_salone_2015_Iko_05_social_design_magazine-396x256.jpg\" data-large-file=\"https:\/\/socialdesignmagazine.com\/mag\/wp-content\/uploads\/2015\/04\/benedetto_flou_salone_2015_Iko_05_social_design_magazine.jpg\" class=\" size-full wp-image-21404\" src=\"https:\/\/socialdesignmagazine.com\/mag\/wp-content\/uploads\/2015\/04\/benedetto_flou_salone_2015_Iko_05_social_design_magazine.jpg\" alt=\"Iko 05 social design magazine\" width=\"720\" height=\"953\"><span style=\"max-width: 720px; display: block;\">Consolle con specchio Iko, design Rodolfo Dordoni. Struttura in tubolare di acciaio color brunito e dettagli in ottone lucidato in bagno oro, cassetto in ebano. Piano in marmo Silk Georgette opaco. Pouf Doze con rivestimento pelle Natural 151.<\/span><\/span><\/p>\n\n\n\n<p class=\"has-text-align-center\"><span class=\"wf_caption\" style=\"display: inherit; max-width: 720px;\"><img loading=\"lazy\" decoding=\"async\" data-attachment-id=\"21405\" data-permalink=\"https:\/\/socialdesignmagazine.com\/mag\/salone-del-mobile-2015\/dalla-zona-notte-a-tutta-la-casa-levoluzione-dei-nuovi-prodotti-flou-anteprima-salone-del-mobile-2015\/attachment\/iko-03-social-design-magazine\/#content\" data-orig-file=\"https:\/\/socialdesignmagazine.com\/mag\/wp-content\/uploads\/2015\/04\/benedetto_flou_salone_2015_Iko_03_social_design_magazine.jpg\" data-orig-size=\"720,1079\" data-comments-opened=\"1\" data-image-meta=\"{&quot;aperture&quot;:&quot;0&quot;,&quot;credit&quot;:&quot;&quot;,&quot;camera&quot;:&quot;&quot;,&quot;caption&quot;:&quot;&quot;,&quot;created_timestamp&quot;:&quot;0&quot;,&quot;copyright&quot;:&quot;&quot;,&quot;focal_length&quot;:&quot;0&quot;,&quot;iso&quot;:&quot;0&quot;,&quot;shutter_speed&quot;:&quot;0&quot;,&quot;title&quot;:&quot;&quot;,&quot;orientation&quot;:&quot;0&quot;}\" data-image-title=\"Iko 03 social design magazine\" data-image-description=\"\" data-image-caption=\"\" data-medium-file=\"https:\/\/socialdesignmagazine.com\/mag\/wp-content\/uploads\/2015\/04\/benedetto_flou_salone_2015_Iko_03_social_design_magazine-396x256.jpg\" data-large-file=\"https:\/\/socialdesignmagazine.com\/mag\/wp-content\/uploads\/2015\/04\/benedetto_flou_salone_2015_Iko_03_social_design_magazine.jpg\" class=\" size-full wp-image-21405\" src=\"https:\/\/socialdesignmagazine.com\/mag\/wp-content\/uploads\/2015\/04\/benedetto_flou_salone_2015_Iko_03_social_design_magazine.jpg\" alt=\"Iko 03 social design magazine\" width=\"720\" height=\"1079\"><span style=\"max-width: 720px; display: block;\">Letto Iko, design Rodolfo Dordoni, struttura in tubolare di acciaio color brunito e dettagli in ottone lucidato in bagno oro.<\/span><\/span><\/p>\n\n\n\n<p class=\"has-text-align-center\"><span class=\"wf_caption\" style=\"display: inherit; max-width: 720px;\"><img loading=\"lazy\" decoding=\"async\" data-attachment-id=\"21402\" data-permalink=\"https:\/\/socialdesignmagazine.com\/mag\/salone-del-mobile-2015\/dalla-zona-notte-a-tutta-la-casa-levoluzione-dei-nuovi-prodotti-flou-anteprima-salone-del-mobile-2015\/attachment\/majal-04-social-design-magazine\/#content\" data-orig-file=\"https:\/\/socialdesignmagazine.com\/mag\/wp-content\/uploads\/2015\/04\/benedetto_flou_salone_2015_Majal_04_social_design_magazine.jpg\" data-orig-size=\"720,644\" data-comments-opened=\"1\" data-image-meta=\"{&quot;aperture&quot;:&quot;0&quot;,&quot;credit&quot;:&quot;&quot;,&quot;camera&quot;:&quot;&quot;,&quot;caption&quot;:&quot;&quot;,&quot;created_timestamp&quot;:&quot;0&quot;,&quot;copyright&quot;:&quot;&quot;,&quot;focal_length&quot;:&quot;0&quot;,&quot;iso&quot;:&quot;0&quot;,&quot;shutter_speed&quot;:&quot;0&quot;,&quot;title&quot;:&quot;&quot;,&quot;orientation&quot;:&quot;0&quot;}\" data-image-title=\"Majal 04 social design magazine\" data-image-description=\"\" data-image-caption=\"\" data-medium-file=\"https:\/\/socialdesignmagazine.com\/mag\/wp-content\/uploads\/2015\/04\/benedetto_flou_salone_2015_Majal_04_social_design_magazine-396x256.jpg\" data-large-file=\"https:\/\/socialdesignmagazine.com\/mag\/wp-content\/uploads\/2015\/04\/benedetto_flou_salone_2015_Majal_04_social_design_magazine.jpg\" class=\" size-full wp-image-21402\" src=\"https:\/\/socialdesignmagazine.com\/mag\/wp-content\/uploads\/2015\/04\/benedetto_flou_salone_2015_Majal_04_social_design_magazine.jpg\" alt=\"Majal 04 social design magazine\" width=\"720\" height=\"644\"><span style=\"max-width: 720px; display: block;\">Letto Majal, design Carlo Colombo, con rivestimento imbottito Sof t 525 . Sul letto coordinato copripiumino True 7180, cuscini decorativi, plaid cachemire 364 e plaid lino 365 .<\/span><\/span><\/p>\n\n\n<div class=\"wp-block-image\">\n<figure class=\"aligncenter\"><img loading=\"lazy\" decoding=\"async\" width=\"720\" height=\"1080\" data-attachment-id=\"21406\" data-permalink=\"https:\/\/socialdesignmagazine.com\/mag\/salone-del-mobile-2015\/dalla-zona-notte-a-tutta-la-casa-levoluzione-dei-nuovi-prodotti-flou-anteprima-salone-del-mobile-2015\/attachment\/majal-06-social-design-magazine\/#content\" data-orig-file=\"https:\/\/socialdesignmagazine.com\/mag\/wp-content\/uploads\/2015\/04\/benedetto_flou_salone_2015_Majal_06_social_design_magazine.jpg\" data-orig-size=\"720,1080\" data-comments-opened=\"1\" data-image-meta=\"{&quot;aperture&quot;:&quot;0&quot;,&quot;credit&quot;:&quot;&quot;,&quot;camera&quot;:&quot;&quot;,&quot;caption&quot;:&quot;&quot;,&quot;created_timestamp&quot;:&quot;0&quot;,&quot;copyright&quot;:&quot;&quot;,&quot;focal_length&quot;:&quot;0&quot;,&quot;iso&quot;:&quot;0&quot;,&quot;shutter_speed&quot;:&quot;0&quot;,&quot;title&quot;:&quot;&quot;,&quot;orientation&quot;:&quot;0&quot;}\" data-image-title=\"Majal 06 social design magazine\" data-image-description=\"\" data-image-caption=\"\" data-medium-file=\"https:\/\/socialdesignmagazine.com\/mag\/wp-content\/uploads\/2015\/04\/benedetto_flou_salone_2015_Majal_06_social_design_magazine-396x256.jpg\" data-large-file=\"https:\/\/socialdesignmagazine.com\/mag\/wp-content\/uploads\/2015\/04\/benedetto_flou_salone_2015_Majal_06_social_design_magazine.jpg\" src=\"https:\/\/socialdesignmagazine.com\/mag\/wp-content\/uploads\/2015\/04\/benedetto_flou_salone_2015_Majal_06_social_design_magazine.jpg\" alt=\"Majal 06 social design magazine\" class=\"wp-image-21406\"\/><\/figure>\n<\/div>\n\n\n<p><\/p>\n\n\n<div class=\"wp-block-image\">\n<figure class=\"aligncenter\"><img loading=\"lazy\" decoding=\"async\" width=\"720\" height=\"1080\" data-attachment-id=\"21407\" data-permalink=\"https:\/\/socialdesignmagazine.com\/mag\/salone-del-mobile-2015\/dalla-zona-notte-a-tutta-la-casa-levoluzione-dei-nuovi-prodotti-flou-anteprima-salone-del-mobile-2015\/attachment\/olivier-01-social-design-magazine\/#content\" data-orig-file=\"https:\/\/socialdesignmagazine.com\/mag\/wp-content\/uploads\/2015\/04\/benedetto_flou_salone_2015_Olivier_01_social_design_magazine.jpg\" data-orig-size=\"720,1080\" data-comments-opened=\"1\" data-image-meta=\"{&quot;aperture&quot;:&quot;0&quot;,&quot;credit&quot;:&quot;&quot;,&quot;camera&quot;:&quot;&quot;,&quot;caption&quot;:&quot;&quot;,&quot;created_timestamp&quot;:&quot;0&quot;,&quot;copyright&quot;:&quot;&quot;,&quot;focal_length&quot;:&quot;0&quot;,&quot;iso&quot;:&quot;0&quot;,&quot;shutter_speed&quot;:&quot;0&quot;,&quot;title&quot;:&quot;&quot;,&quot;orientation&quot;:&quot;0&quot;}\" data-image-title=\"Olivier 01 social design magazine\" data-image-description=\"\" data-image-caption=\"\" data-medium-file=\"https:\/\/socialdesignmagazine.com\/mag\/wp-content\/uploads\/2015\/04\/benedetto_flou_salone_2015_Olivier_01_social_design_magazine-396x256.jpg\" data-large-file=\"https:\/\/socialdesignmagazine.com\/mag\/wp-content\/uploads\/2015\/04\/benedetto_flou_salone_2015_Olivier_01_social_design_magazine.jpg\" src=\"https:\/\/socialdesignmagazine.com\/mag\/wp-content\/uploads\/2015\/04\/benedetto_flou_salone_2015_Olivier_01_social_design_magazine.jpg\" alt=\"Olivier 01 social design magazine\" class=\"wp-image-21407\"\/><\/figure>\n<\/div>\n\n\n<p><\/p>\n\n\n<div class=\"wp-block-image\">\n<figure class=\"aligncenter\"><img loading=\"lazy\" decoding=\"async\" width=\"720\" height=\"500\" data-attachment-id=\"21408\" data-permalink=\"https:\/\/socialdesignmagazine.com\/mag\/salone-del-mobile-2015\/dalla-zona-notte-a-tutta-la-casa-levoluzione-dei-nuovi-prodotti-flou-anteprima-salone-del-mobile-2015\/attachment\/olivier-02-social-design-magazine\/#content\" data-orig-file=\"https:\/\/socialdesignmagazine.com\/mag\/wp-content\/uploads\/2015\/04\/benedetto_flou_salone_2015_Olivier_02_social_design_magazine.jpg\" data-orig-size=\"720,500\" data-comments-opened=\"1\" data-image-meta=\"{&quot;aperture&quot;:&quot;0&quot;,&quot;credit&quot;:&quot;&quot;,&quot;camera&quot;:&quot;&quot;,&quot;caption&quot;:&quot;&quot;,&quot;created_timestamp&quot;:&quot;0&quot;,&quot;copyright&quot;:&quot;&quot;,&quot;focal_length&quot;:&quot;0&quot;,&quot;iso&quot;:&quot;0&quot;,&quot;shutter_speed&quot;:&quot;0&quot;,&quot;title&quot;:&quot;&quot;,&quot;orientation&quot;:&quot;0&quot;}\" data-image-title=\"Olivier 02 social design magazine\" data-image-description=\"\" data-image-caption=\"\" data-medium-file=\"https:\/\/socialdesignmagazine.com\/mag\/wp-content\/uploads\/2015\/04\/benedetto_flou_salone_2015_Olivier_02_social_design_magazine-396x256.jpg\" data-large-file=\"https:\/\/socialdesignmagazine.com\/mag\/wp-content\/uploads\/2015\/04\/benedetto_flou_salone_2015_Olivier_02_social_design_magazine.jpg\" src=\"https:\/\/socialdesignmagazine.com\/mag\/wp-content\/uploads\/2015\/04\/benedetto_flou_salone_2015_Olivier_02_social_design_magazine.jpg\" alt=\"Olivier 02 social design magazine\" class=\"wp-image-21408\"\/><\/figure>\n<\/div>\n\n\n<p><\/p>\n\n\n<div class=\"wp-block-image\">\n<figure class=\"aligncenter\"><img loading=\"lazy\" decoding=\"async\" width=\"720\" height=\"1080\" data-attachment-id=\"21409\" data-permalink=\"https:\/\/socialdesignmagazine.com\/mag\/salone-del-mobile-2015\/dalla-zona-notte-a-tutta-la-casa-levoluzione-dei-nuovi-prodotti-flou-anteprima-salone-del-mobile-2015\/attachment\/wood-01-social-design-magazine\/#content\" data-orig-file=\"https:\/\/socialdesignmagazine.com\/mag\/wp-content\/uploads\/2015\/04\/benedetto_flou_salone_2015_Wood_01_social_design_magazine.jpg\" data-orig-size=\"720,1080\" data-comments-opened=\"1\" data-image-meta=\"{&quot;aperture&quot;:&quot;0&quot;,&quot;credit&quot;:&quot;&quot;,&quot;camera&quot;:&quot;&quot;,&quot;caption&quot;:&quot;&quot;,&quot;created_timestamp&quot;:&quot;0&quot;,&quot;copyright&quot;:&quot;&quot;,&quot;focal_length&quot;:&quot;0&quot;,&quot;iso&quot;:&quot;0&quot;,&quot;shutter_speed&quot;:&quot;0&quot;,&quot;title&quot;:&quot;&quot;,&quot;orientation&quot;:&quot;0&quot;}\" data-image-title=\"Wood 01 social design magazine\" data-image-description=\"\" data-image-caption=\"\" data-medium-file=\"https:\/\/socialdesignmagazine.com\/mag\/wp-content\/uploads\/2015\/04\/benedetto_flou_salone_2015_Wood_01_social_design_magazine-396x256.jpg\" data-large-file=\"https:\/\/socialdesignmagazine.com\/mag\/wp-content\/uploads\/2015\/04\/benedetto_flou_salone_2015_Wood_01_social_design_magazine.jpg\" src=\"https:\/\/socialdesignmagazine.com\/mag\/wp-content\/uploads\/2015\/04\/benedetto_flou_salone_2015_Wood_01_social_design_magazine.jpg\" alt=\"Wood 01 social design magazine\" class=\"wp-image-21409\"\/><\/figure>\n<\/div>\n\n\n<p><\/p>\n\n\n<div class=\"wp-block-image\">\n<figure class=\"aligncenter\"><img loading=\"lazy\" decoding=\"async\" width=\"720\" height=\"919\" data-attachment-id=\"21410\" data-permalink=\"https:\/\/socialdesignmagazine.com\/mag\/salone-del-mobile-2015\/dalla-zona-notte-a-tutta-la-casa-levoluzione-dei-nuovi-prodotti-flou-anteprima-salone-del-mobile-2015\/attachment\/wood-03-social-design-magazine\/#content\" data-orig-file=\"https:\/\/socialdesignmagazine.com\/mag\/wp-content\/uploads\/2015\/04\/benedetto_flou_salone_2015_Wood_03_social_design_magazine.jpg\" data-orig-size=\"720,919\" data-comments-opened=\"1\" data-image-meta=\"{&quot;aperture&quot;:&quot;0&quot;,&quot;credit&quot;:&quot;&quot;,&quot;camera&quot;:&quot;&quot;,&quot;caption&quot;:&quot;&quot;,&quot;created_timestamp&quot;:&quot;0&quot;,&quot;copyright&quot;:&quot;&quot;,&quot;focal_length&quot;:&quot;0&quot;,&quot;iso&quot;:&quot;0&quot;,&quot;shutter_speed&quot;:&quot;0&quot;,&quot;title&quot;:&quot;&quot;,&quot;orientation&quot;:&quot;0&quot;}\" data-image-title=\"Wood 03 social design magazine\" data-image-description=\"\" data-image-caption=\"\" data-medium-file=\"https:\/\/socialdesignmagazine.com\/mag\/wp-content\/uploads\/2015\/04\/benedetto_flou_salone_2015_Wood_03_social_design_magazine-396x256.jpg\" data-large-file=\"https:\/\/socialdesignmagazine.com\/mag\/wp-content\/uploads\/2015\/04\/benedetto_flou_salone_2015_Wood_03_social_design_magazine.jpg\" src=\"https:\/\/socialdesignmagazine.com\/mag\/wp-content\/uploads\/2015\/04\/benedetto_flou_salone_2015_Wood_03_social_design_magazine.jpg\" alt=\"Wood 03 social design magazine\" class=\"wp-image-21410\"\/><\/figure>\n<\/div>\n\n\n<p><\/p>\n\n\n\n<h4 class=\"wp-block-heading\">Maggiori informazioni su:&nbsp;<a class=\"jcepopup\" href=\"http:\/\/www.flou.it\/it\/\" target=\"_blank\" rel=\"nofollow noopener\">www.flou.it<\/a><\/h4>\n","protected":false,"gt_translate_keys":[{"key":"rendered","format":"html"}]},"excerpt":{"rendered":"<p>Con le novit\u00e0 2015 Flou continua il percorso evolutivo che l&#8217;ha portata\u00a0quasi naturalmente a trasferire in ogni ambiente della casa il benessere\u00a0che ha sempre assicurato alla zona notte.<\/p>\n","protected":false,"gt_translate_keys":[{"key":"rendered","format":"html"}]},"author":1,"featured_media":21402,"comment_status":"open","ping_status":"open","sticky":false,"template":"","format":"standard","meta":{"jetpack_post_was_ever_published":false,"_jetpack_newsletter_access":"","_jetpack_dont_email_post_to_subs":false,"_jetpack_newsletter_tier_id":0,"_jetpack_memberships_contains_paywalled_content":false,"_jetpack_memberships_contains_paid_content":false,"footnotes":"","_wpscppro_dont_share_socialmedia":false,"_wpscppro_custom_social_share_image":0,"_facebook_share_type":"","_twitter_share_type":"","_linkedin_share_type":"","_pinterest_share_type":"","_linkedin_share_type_page":"","_instagram_share_type":"","_medium_share_type":"","_threads_share_type":"","_google_business_share_type":"","_selected_social_profile":[],"_wpsp_enable_custom_social_template":false,"_wpsp_social_scheduling":{"enabled":false,"datetime":null,"platforms":[],"status":"template_only","dateOption":"today","timeOption":"now","customDays":"","customHours":"","customDate":"","customTime":"","schedulingType":"absolute"},"_wpsp_active_default_template":true},"categories":[27],"tags":[4128,4245],"class_list":["post-3670","post","type-post","status-publish","format-standard","has-post-thumbnail","hentry","category-salone-del-mobile-2015","tag-flou","tag-salone-del-mobile-2015"],"yoast_head":"<!-- This site is optimized with the Yoast SEO plugin v27.2 - https:\/\/yoast.com\/product\/yoast-seo-wordpress\/ -->\n<title>Dalla zona notte a tutta la casa, l&#039;evoluzione dei nuovi prodotti Flou, anteprima Salone del Mobile 2015 - Social Design Magazine<\/title>\n<meta name=\"description\" content=\"Con le novit\u00e0 2015 Flou continua il percorso evolutivo che l&#039;ha portata\u00a0quasi naturalmente a trasferire in ogni ambiente della casa il benessere\u00a0che ha sempre assicurato alla zona notte.\" \/>\n<meta name=\"robots\" content=\"index, follow, max-snippet:-1, max-image-preview:large, max-video-preview:-1\" \/>\n<link rel=\"canonical\" href=\"https:\/\/socialdesignmagazine.com\/mag\/salone-del-mobile-2015\/dalla-zona-notte-a-tutta-la-casa-levoluzione-dei-nuovi-prodotti-flou-anteprima-salone-del-mobile-2015\/\" \/>\n<meta property=\"og:locale\" content=\"it_IT\" \/>\n<meta property=\"og:type\" content=\"article\" \/>\n<meta property=\"og:title\" content=\"Dalla zona notte a tutta la casa, l&#039;evoluzione dei nuovi prodotti Flou, anteprima Salone del Mobile 2015 - Social Design Magazine\" \/>\n<meta property=\"og:description\" content=\"Con le novit\u00e0 2015 Flou continua il percorso evolutivo che l&#039;ha portata\u00a0quasi naturalmente a trasferire in ogni ambiente della casa il benessere\u00a0che ha sempre assicurato alla zona notte.\" \/>\n<meta property=\"og:url\" content=\"https:\/\/socialdesignmagazine.com\/mag\/salone-del-mobile-2015\/dalla-zona-notte-a-tutta-la-casa-levoluzione-dei-nuovi-prodotti-flou-anteprima-salone-del-mobile-2015\/\" \/>\n<meta property=\"og:site_name\" content=\"Social Design Magazine\" \/>\n<meta property=\"article:publisher\" content=\"https:\/\/www.facebook.com\/socialdesignmag\" \/>\n<meta property=\"article:author\" content=\"https:\/\/www.facebook.com\/benedettofiori\" \/>\n<meta property=\"article:published_time\" content=\"2015-04-10T07:00:00+00:00\" \/>\n<meta property=\"article:modified_time\" content=\"2025-05-03T20:22:54+00:00\" \/>\n<meta property=\"og:image\" content=\"https:\/\/socialdesignmagazine.com\/mag\/wp-content\/uploads\/2015\/04\/benedetto_flou_salone_2015_Majal_04_social_design_magazine.jpg\" \/>\n\t<meta property=\"og:image:width\" content=\"720\" \/>\n\t<meta property=\"og:image:height\" content=\"644\" \/>\n\t<meta property=\"og:image:type\" content=\"image\/jpeg\" \/>\n<meta name=\"author\" content=\"Benedetto Fiori\" \/>\n<meta name=\"twitter:card\" content=\"summary_large_image\" \/>\n<meta name=\"twitter:creator\" content=\"@benedettofiori\" \/>\n<meta name=\"twitter:site\" content=\"@socialdesignmag\" \/>\n<meta name=\"twitter:label1\" content=\"Scritto da\" \/>\n\t<meta name=\"twitter:data1\" content=\"Benedetto Fiori\" \/>\n\t<meta name=\"twitter:label2\" content=\"Tempo di lettura stimato\" \/>\n\t<meta name=\"twitter:data2\" content=\"4 minuti\" \/>\n<script type=\"application\/ld+json\" class=\"yoast-schema-graph\">{\"@context\":\"https:\/\/schema.org\",\"@graph\":[{\"@type\":\"Article\",\"@id\":\"https:\/\/socialdesignmagazine.com\/mag\/salone-del-mobile-2015\/dalla-zona-notte-a-tutta-la-casa-levoluzione-dei-nuovi-prodotti-flou-anteprima-salone-del-mobile-2015\/#article\",\"isPartOf\":{\"@id\":\"https:\/\/socialdesignmagazine.com\/mag\/salone-del-mobile-2015\/dalla-zona-notte-a-tutta-la-casa-levoluzione-dei-nuovi-prodotti-flou-anteprima-salone-del-mobile-2015\/\"},\"author\":{\"name\":\"Benedetto Fiori\",\"@id\":\"https:\/\/socialdesignmagazine.com\/mag\/#\/schema\/person\/61e20205cc363c315e6aabd33a045846\"},\"headline\":\"Dalla zona notte a tutta la casa, l&#8217;evoluzione dei nuovi prodotti Flou, anteprima Salone del Mobile 2015\",\"datePublished\":\"2015-04-10T07:00:00+00:00\",\"dateModified\":\"2025-05-03T20:22:54+00:00\",\"mainEntityOfPage\":{\"@id\":\"https:\/\/socialdesignmagazine.com\/mag\/salone-del-mobile-2015\/dalla-zona-notte-a-tutta-la-casa-levoluzione-dei-nuovi-prodotti-flou-anteprima-salone-del-mobile-2015\/\"},\"wordCount\":308,\"commentCount\":0,\"publisher\":{\"@id\":\"https:\/\/socialdesignmagazine.com\/mag\/#organization\"},\"image\":{\"@id\":\"https:\/\/socialdesignmagazine.com\/mag\/salone-del-mobile-2015\/dalla-zona-notte-a-tutta-la-casa-levoluzione-dei-nuovi-prodotti-flou-anteprima-salone-del-mobile-2015\/#primaryimage\"},\"thumbnailUrl\":\"https:\/\/socialdesignmagazine.com\/mag\/wp-content\/uploads\/2015\/04\/benedetto_flou_salone_2015_Majal_04_social_design_magazine.jpg\",\"keywords\":[\"flou\",\"salone del mobile 2015\"],\"articleSection\":[\"Salone del Mobile 2015\"],\"inLanguage\":\"it-IT\",\"potentialAction\":[{\"@type\":\"CommentAction\",\"name\":\"Comment\",\"target\":[\"https:\/\/socialdesignmagazine.com\/mag\/salone-del-mobile-2015\/dalla-zona-notte-a-tutta-la-casa-levoluzione-dei-nuovi-prodotti-flou-anteprima-salone-del-mobile-2015\/#respond\"]}]},{\"@type\":\"WebPage\",\"@id\":\"https:\/\/socialdesignmagazine.com\/mag\/salone-del-mobile-2015\/dalla-zona-notte-a-tutta-la-casa-levoluzione-dei-nuovi-prodotti-flou-anteprima-salone-del-mobile-2015\/\",\"url\":\"https:\/\/socialdesignmagazine.com\/mag\/salone-del-mobile-2015\/dalla-zona-notte-a-tutta-la-casa-levoluzione-dei-nuovi-prodotti-flou-anteprima-salone-del-mobile-2015\/\",\"name\":\"Dalla zona notte a tutta la casa, l'evoluzione dei nuovi prodotti Flou, anteprima Salone del Mobile 2015 - Social Design Magazine\",\"isPartOf\":{\"@id\":\"https:\/\/socialdesignmagazine.com\/mag\/#website\"},\"primaryImageOfPage\":{\"@id\":\"https:\/\/socialdesignmagazine.com\/mag\/salone-del-mobile-2015\/dalla-zona-notte-a-tutta-la-casa-levoluzione-dei-nuovi-prodotti-flou-anteprima-salone-del-mobile-2015\/#primaryimage\"},\"image\":{\"@id\":\"https:\/\/socialdesignmagazine.com\/mag\/salone-del-mobile-2015\/dalla-zona-notte-a-tutta-la-casa-levoluzione-dei-nuovi-prodotti-flou-anteprima-salone-del-mobile-2015\/#primaryimage\"},\"thumbnailUrl\":\"https:\/\/socialdesignmagazine.com\/mag\/wp-content\/uploads\/2015\/04\/benedetto_flou_salone_2015_Majal_04_social_design_magazine.jpg\",\"datePublished\":\"2015-04-10T07:00:00+00:00\",\"dateModified\":\"2025-05-03T20:22:54+00:00\",\"description\":\"Con le novit\u00e0 2015 Flou continua il percorso evolutivo che l'ha portata\u00a0quasi naturalmente a trasferire in ogni ambiente della casa il benessere\u00a0che ha sempre assicurato alla zona notte.\",\"breadcrumb\":{\"@id\":\"https:\/\/socialdesignmagazine.com\/mag\/salone-del-mobile-2015\/dalla-zona-notte-a-tutta-la-casa-levoluzione-dei-nuovi-prodotti-flou-anteprima-salone-del-mobile-2015\/#breadcrumb\"},\"inLanguage\":\"it-IT\",\"potentialAction\":[{\"@type\":\"ReadAction\",\"target\":[\"https:\/\/socialdesignmagazine.com\/mag\/salone-del-mobile-2015\/dalla-zona-notte-a-tutta-la-casa-levoluzione-dei-nuovi-prodotti-flou-anteprima-salone-del-mobile-2015\/\"]}]},{\"@type\":\"ImageObject\",\"inLanguage\":\"it-IT\",\"@id\":\"https:\/\/socialdesignmagazine.com\/mag\/salone-del-mobile-2015\/dalla-zona-notte-a-tutta-la-casa-levoluzione-dei-nuovi-prodotti-flou-anteprima-salone-del-mobile-2015\/#primaryimage\",\"url\":\"https:\/\/socialdesignmagazine.com\/mag\/wp-content\/uploads\/2015\/04\/benedetto_flou_salone_2015_Majal_04_social_design_magazine.jpg\",\"contentUrl\":\"https:\/\/socialdesignmagazine.com\/mag\/wp-content\/uploads\/2015\/04\/benedetto_flou_salone_2015_Majal_04_social_design_magazine.jpg\",\"width\":720,\"height\":644,\"caption\":\"Majal 04 social design magazine\"},{\"@type\":\"BreadcrumbList\",\"@id\":\"https:\/\/socialdesignmagazine.com\/mag\/salone-del-mobile-2015\/dalla-zona-notte-a-tutta-la-casa-levoluzione-dei-nuovi-prodotti-flou-anteprima-salone-del-mobile-2015\/#breadcrumb\",\"itemListElement\":[{\"@type\":\"ListItem\",\"position\":1,\"name\":\"Home\",\"item\":\"https:\/\/socialdesignmagazine.com\/mag\/\"},{\"@type\":\"ListItem\",\"position\":2,\"name\":\"Salone del Mobile 2015\",\"item\":\"https:\/\/socialdesignmagazine.com\/mag\/salone-del-mobile-2015\/\"},{\"@type\":\"ListItem\",\"position\":3,\"name\":\"Dalla zona notte a tutta la casa, l&#8217;evoluzione dei nuovi prodotti Flou, anteprima Salone del Mobile 2015\"}]},{\"@type\":\"WebSite\",\"@id\":\"https:\/\/socialdesignmagazine.com\/mag\/#website\",\"url\":\"https:\/\/socialdesignmagazine.com\/mag\/\",\"name\":\"Social Design Magazine\",\"description\":\"Social Magazine su Design, Architettura, Arte, Grafica\",\"publisher\":{\"@id\":\"https:\/\/socialdesignmagazine.com\/mag\/#organization\"},\"potentialAction\":[{\"@type\":\"SearchAction\",\"target\":{\"@type\":\"EntryPoint\",\"urlTemplate\":\"https:\/\/socialdesignmagazine.com\/mag\/?s={search_term_string}\"},\"query-input\":{\"@type\":\"PropertyValueSpecification\",\"valueRequired\":true,\"valueName\":\"search_term_string\"}}],\"inLanguage\":\"it-IT\"},{\"@type\":\"Organization\",\"@id\":\"https:\/\/socialdesignmagazine.com\/mag\/#organization\",\"name\":\"Social Design Magazine\",\"url\":\"https:\/\/socialdesignmagazine.com\/mag\/\",\"logo\":{\"@type\":\"ImageObject\",\"inLanguage\":\"it-IT\",\"@id\":\"https:\/\/socialdesignmagazine.com\/mag\/#\/schema\/logo\/image\/\",\"url\":\"https:\/\/socialdesignmagazine.com\/mag\/wp-content\/uploads\/2017\/01\/logo_favicon_11.png\",\"contentUrl\":\"https:\/\/socialdesignmagazine.com\/mag\/wp-content\/uploads\/2017\/01\/logo_favicon_11.png\",\"width\":1024,\"height\":1024,\"caption\":\"Social Design Magazine\"},\"image\":{\"@id\":\"https:\/\/socialdesignmagazine.com\/mag\/#\/schema\/logo\/image\/\"},\"sameAs\":[\"https:\/\/www.facebook.com\/socialdesignmag\",\"https:\/\/x.com\/socialdesignmag\",\"http:\/\/instagram.com\/social_design_magazine\/\",\"http:\/\/pinterest.com\/socialdesignmag\/\",\"http:\/\/www.youtube.com\/user\/socialdesignmagazine\"]},{\"@type\":\"Person\",\"@id\":\"https:\/\/socialdesignmagazine.com\/mag\/#\/schema\/person\/61e20205cc363c315e6aabd33a045846\",\"name\":\"Benedetto Fiori\",\"image\":{\"@type\":\"ImageObject\",\"inLanguage\":\"it-IT\",\"@id\":\"https:\/\/secure.gravatar.com\/avatar\/450a48cefa36da63d920ad70aa660bd10725b1c6093800242e5efdb397759033?s=96&d=mm&r=g\",\"url\":\"https:\/\/secure.gravatar.com\/avatar\/450a48cefa36da63d920ad70aa660bd10725b1c6093800242e5efdb397759033?s=96&d=mm&r=g\",\"contentUrl\":\"https:\/\/secure.gravatar.com\/avatar\/450a48cefa36da63d920ad70aa660bd10725b1c6093800242e5efdb397759033?s=96&d=mm&r=g\",\"caption\":\"Benedetto Fiori\"},\"description\":\"Web | Twitter | Facebook | Shutterstock Founder &amp; Editor in Chief di Social Design Magazine. Attratto da sempre da tutto ci\u00f2 che \u00e8 creativit\u00e0, design, architettura. Dopo aver studiato Architettura all'Universit\u00e0 di Firenze, si \u00e8 impegnato in molteplici campi: comunicazione grafica, progettazione di allestimenti fieristici, brand design, Interior Design.\",\"sameAs\":[\"http:\/\/benedettofiori.com\",\"https:\/\/www.facebook.com\/benedettofiori\",\"https:\/\/x.com\/benedettofiori\"],\"url\":\"https:\/\/socialdesignmagazine.com\/mag\/author\/benedetto\/\"}]}<\/script>\n<!-- \/ Yoast SEO plugin. -->","yoast_head_json":{"title":"Dalla zona notte a tutta la casa, l'evoluzione dei nuovi prodotti Flou, anteprima Salone del Mobile 2015 - Social Design Magazine","description":"Con le novit\u00e0 2015 Flou continua il percorso evolutivo che l'ha portata\u00a0quasi naturalmente a trasferire in ogni ambiente della casa il benessere\u00a0che ha sempre assicurato alla zona notte.","robots":{"index":"index","follow":"follow","max-snippet":"max-snippet:-1","max-image-preview":"max-image-preview:large","max-video-preview":"max-video-preview:-1"},"canonical":"https:\/\/socialdesignmagazine.com\/mag\/salone-del-mobile-2015\/dalla-zona-notte-a-tutta-la-casa-levoluzione-dei-nuovi-prodotti-flou-anteprima-salone-del-mobile-2015\/","og_locale":"it_IT","og_type":"article","og_title":"Dalla zona notte a tutta la casa, l'evoluzione dei nuovi prodotti Flou, anteprima Salone del Mobile 2015 - Social Design Magazine","og_description":"Con le novit\u00e0 2015 Flou continua il percorso evolutivo che l'ha portata\u00a0quasi naturalmente a trasferire in ogni ambiente della casa il benessere\u00a0che ha sempre assicurato alla zona notte.","og_url":"https:\/\/socialdesignmagazine.com\/mag\/salone-del-mobile-2015\/dalla-zona-notte-a-tutta-la-casa-levoluzione-dei-nuovi-prodotti-flou-anteprima-salone-del-mobile-2015\/","og_site_name":"Social Design Magazine","article_publisher":"https:\/\/www.facebook.com\/socialdesignmag","article_author":"https:\/\/www.facebook.com\/benedettofiori","article_published_time":"2015-04-10T07:00:00+00:00","article_modified_time":"2025-05-03T20:22:54+00:00","og_image":[{"width":720,"height":644,"url":"https:\/\/socialdesignmagazine.com\/mag\/wp-content\/uploads\/2015\/04\/benedetto_flou_salone_2015_Majal_04_social_design_magazine.jpg","type":"image\/jpeg"}],"author":"Benedetto Fiori","twitter_card":"summary_large_image","twitter_creator":"@benedettofiori","twitter_site":"@socialdesignmag","twitter_misc":{"Scritto da":"Benedetto Fiori","Tempo di lettura stimato":"4 minuti"},"schema":{"@context":"https:\/\/schema.org","@graph":[{"@type":"Article","@id":"https:\/\/socialdesignmagazine.com\/mag\/salone-del-mobile-2015\/dalla-zona-notte-a-tutta-la-casa-levoluzione-dei-nuovi-prodotti-flou-anteprima-salone-del-mobile-2015\/#article","isPartOf":{"@id":"https:\/\/socialdesignmagazine.com\/mag\/salone-del-mobile-2015\/dalla-zona-notte-a-tutta-la-casa-levoluzione-dei-nuovi-prodotti-flou-anteprima-salone-del-mobile-2015\/"},"author":{"name":"Benedetto Fiori","@id":"https:\/\/socialdesignmagazine.com\/mag\/#\/schema\/person\/61e20205cc363c315e6aabd33a045846"},"headline":"Dalla zona notte a tutta la casa, l&#8217;evoluzione dei nuovi prodotti Flou, anteprima Salone del Mobile 2015","datePublished":"2015-04-10T07:00:00+00:00","dateModified":"2025-05-03T20:22:54+00:00","mainEntityOfPage":{"@id":"https:\/\/socialdesignmagazine.com\/mag\/salone-del-mobile-2015\/dalla-zona-notte-a-tutta-la-casa-levoluzione-dei-nuovi-prodotti-flou-anteprima-salone-del-mobile-2015\/"},"wordCount":308,"commentCount":0,"publisher":{"@id":"https:\/\/socialdesignmagazine.com\/mag\/#organization"},"image":{"@id":"https:\/\/socialdesignmagazine.com\/mag\/salone-del-mobile-2015\/dalla-zona-notte-a-tutta-la-casa-levoluzione-dei-nuovi-prodotti-flou-anteprima-salone-del-mobile-2015\/#primaryimage"},"thumbnailUrl":"https:\/\/socialdesignmagazine.com\/mag\/wp-content\/uploads\/2015\/04\/benedetto_flou_salone_2015_Majal_04_social_design_magazine.jpg","keywords":["flou","salone del mobile 2015"],"articleSection":["Salone del Mobile 2015"],"inLanguage":"it-IT","potentialAction":[{"@type":"CommentAction","name":"Comment","target":["https:\/\/socialdesignmagazine.com\/mag\/salone-del-mobile-2015\/dalla-zona-notte-a-tutta-la-casa-levoluzione-dei-nuovi-prodotti-flou-anteprima-salone-del-mobile-2015\/#respond"]}]},{"@type":"WebPage","@id":"https:\/\/socialdesignmagazine.com\/mag\/salone-del-mobile-2015\/dalla-zona-notte-a-tutta-la-casa-levoluzione-dei-nuovi-prodotti-flou-anteprima-salone-del-mobile-2015\/","url":"https:\/\/socialdesignmagazine.com\/mag\/salone-del-mobile-2015\/dalla-zona-notte-a-tutta-la-casa-levoluzione-dei-nuovi-prodotti-flou-anteprima-salone-del-mobile-2015\/","name":"Dalla zona notte a tutta la casa, l'evoluzione dei nuovi prodotti Flou, anteprima Salone del Mobile 2015 - Social Design Magazine","isPartOf":{"@id":"https:\/\/socialdesignmagazine.com\/mag\/#website"},"primaryImageOfPage":{"@id":"https:\/\/socialdesignmagazine.com\/mag\/salone-del-mobile-2015\/dalla-zona-notte-a-tutta-la-casa-levoluzione-dei-nuovi-prodotti-flou-anteprima-salone-del-mobile-2015\/#primaryimage"},"image":{"@id":"https:\/\/socialdesignmagazine.com\/mag\/salone-del-mobile-2015\/dalla-zona-notte-a-tutta-la-casa-levoluzione-dei-nuovi-prodotti-flou-anteprima-salone-del-mobile-2015\/#primaryimage"},"thumbnailUrl":"https:\/\/socialdesignmagazine.com\/mag\/wp-content\/uploads\/2015\/04\/benedetto_flou_salone_2015_Majal_04_social_design_magazine.jpg","datePublished":"2015-04-10T07:00:00+00:00","dateModified":"2025-05-03T20:22:54+00:00","description":"Con le novit\u00e0 2015 Flou continua il percorso evolutivo che l'ha portata\u00a0quasi naturalmente a trasferire in ogni ambiente della casa il benessere\u00a0che ha sempre assicurato alla zona notte.","breadcrumb":{"@id":"https:\/\/socialdesignmagazine.com\/mag\/salone-del-mobile-2015\/dalla-zona-notte-a-tutta-la-casa-levoluzione-dei-nuovi-prodotti-flou-anteprima-salone-del-mobile-2015\/#breadcrumb"},"inLanguage":"it-IT","potentialAction":[{"@type":"ReadAction","target":["https:\/\/socialdesignmagazine.com\/mag\/salone-del-mobile-2015\/dalla-zona-notte-a-tutta-la-casa-levoluzione-dei-nuovi-prodotti-flou-anteprima-salone-del-mobile-2015\/"]}]},{"@type":"ImageObject","inLanguage":"it-IT","@id":"https:\/\/socialdesignmagazine.com\/mag\/salone-del-mobile-2015\/dalla-zona-notte-a-tutta-la-casa-levoluzione-dei-nuovi-prodotti-flou-anteprima-salone-del-mobile-2015\/#primaryimage","url":"https:\/\/socialdesignmagazine.com\/mag\/wp-content\/uploads\/2015\/04\/benedetto_flou_salone_2015_Majal_04_social_design_magazine.jpg","contentUrl":"https:\/\/socialdesignmagazine.com\/mag\/wp-content\/uploads\/2015\/04\/benedetto_flou_salone_2015_Majal_04_social_design_magazine.jpg","width":720,"height":644,"caption":"Majal 04 social design magazine"},{"@type":"BreadcrumbList","@id":"https:\/\/socialdesignmagazine.com\/mag\/salone-del-mobile-2015\/dalla-zona-notte-a-tutta-la-casa-levoluzione-dei-nuovi-prodotti-flou-anteprima-salone-del-mobile-2015\/#breadcrumb","itemListElement":[{"@type":"ListItem","position":1,"name":"Home","item":"https:\/\/socialdesignmagazine.com\/mag\/"},{"@type":"ListItem","position":2,"name":"Salone del Mobile 2015","item":"https:\/\/socialdesignmagazine.com\/mag\/salone-del-mobile-2015\/"},{"@type":"ListItem","position":3,"name":"Dalla zona notte a tutta la casa, l&#8217;evoluzione dei nuovi prodotti Flou, anteprima Salone del Mobile 2015"}]},{"@type":"WebSite","@id":"https:\/\/socialdesignmagazine.com\/mag\/#website","url":"https:\/\/socialdesignmagazine.com\/mag\/","name":"Social Design Magazine","description":"Social Magazine su Design, Architettura, Arte, Grafica","publisher":{"@id":"https:\/\/socialdesignmagazine.com\/mag\/#organization"},"potentialAction":[{"@type":"SearchAction","target":{"@type":"EntryPoint","urlTemplate":"https:\/\/socialdesignmagazine.com\/mag\/?s={search_term_string}"},"query-input":{"@type":"PropertyValueSpecification","valueRequired":true,"valueName":"search_term_string"}}],"inLanguage":"it-IT"},{"@type":"Organization","@id":"https:\/\/socialdesignmagazine.com\/mag\/#organization","name":"Social Design Magazine","url":"https:\/\/socialdesignmagazine.com\/mag\/","logo":{"@type":"ImageObject","inLanguage":"it-IT","@id":"https:\/\/socialdesignmagazine.com\/mag\/#\/schema\/logo\/image\/","url":"https:\/\/socialdesignmagazine.com\/mag\/wp-content\/uploads\/2017\/01\/logo_favicon_11.png","contentUrl":"https:\/\/socialdesignmagazine.com\/mag\/wp-content\/uploads\/2017\/01\/logo_favicon_11.png","width":1024,"height":1024,"caption":"Social Design Magazine"},"image":{"@id":"https:\/\/socialdesignmagazine.com\/mag\/#\/schema\/logo\/image\/"},"sameAs":["https:\/\/www.facebook.com\/socialdesignmag","https:\/\/x.com\/socialdesignmag","http:\/\/instagram.com\/social_design_magazine\/","http:\/\/pinterest.com\/socialdesignmag\/","http:\/\/www.youtube.com\/user\/socialdesignmagazine"]},{"@type":"Person","@id":"https:\/\/socialdesignmagazine.com\/mag\/#\/schema\/person\/61e20205cc363c315e6aabd33a045846","name":"Benedetto Fiori","image":{"@type":"ImageObject","inLanguage":"it-IT","@id":"https:\/\/secure.gravatar.com\/avatar\/450a48cefa36da63d920ad70aa660bd10725b1c6093800242e5efdb397759033?s=96&d=mm&r=g","url":"https:\/\/secure.gravatar.com\/avatar\/450a48cefa36da63d920ad70aa660bd10725b1c6093800242e5efdb397759033?s=96&d=mm&r=g","contentUrl":"https:\/\/secure.gravatar.com\/avatar\/450a48cefa36da63d920ad70aa660bd10725b1c6093800242e5efdb397759033?s=96&d=mm&r=g","caption":"Benedetto Fiori"},"description":"Web | Twitter | Facebook | Shutterstock Founder &amp; Editor in Chief di Social Design Magazine. Attratto da sempre da tutto ci\u00f2 che \u00e8 creativit\u00e0, design, architettura. Dopo aver studiato Architettura all'Universit\u00e0 di Firenze, si \u00e8 impegnato in molteplici campi: comunicazione grafica, progettazione di allestimenti fieristici, brand design, Interior Design.","sameAs":["http:\/\/benedettofiori.com","https:\/\/www.facebook.com\/benedettofiori","https:\/\/x.com\/benedettofiori"],"url":"https:\/\/socialdesignmagazine.com\/mag\/author\/benedetto\/"}]}},"jetpack_featured_media_url":"https:\/\/socialdesignmagazine.com\/mag\/wp-content\/uploads\/2015\/04\/benedetto_flou_salone_2015_Majal_04_social_design_magazine.jpg","jetpack_sharing_enabled":true,"jetpack_shortlink":"https:\/\/wp.me\/p6cV7V-Xc","gt_translate_keys":[{"key":"link","format":"url"}],"_links":{"self":[{"href":"https:\/\/socialdesignmagazine.com\/mag\/wp-json\/wp\/v2\/posts\/3670","targetHints":{"allow":["GET"]}}],"collection":[{"href":"https:\/\/socialdesignmagazine.com\/mag\/wp-json\/wp\/v2\/posts"}],"about":[{"href":"https:\/\/socialdesignmagazine.com\/mag\/wp-json\/wp\/v2\/types\/post"}],"author":[{"embeddable":true,"href":"https:\/\/socialdesignmagazine.com\/mag\/wp-json\/wp\/v2\/users\/1"}],"replies":[{"embeddable":true,"href":"https:\/\/socialdesignmagazine.com\/mag\/wp-json\/wp\/v2\/comments?post=3670"}],"version-history":[{"count":2,"href":"https:\/\/socialdesignmagazine.com\/mag\/wp-json\/wp\/v2\/posts\/3670\/revisions"}],"predecessor-version":[{"id":64807,"href":"https:\/\/socialdesignmagazine.com\/mag\/wp-json\/wp\/v2\/posts\/3670\/revisions\/64807"}],"wp:featuredmedia":[{"embeddable":true,"href":"https:\/\/socialdesignmagazine.com\/mag\/wp-json\/wp\/v2\/media\/21402"}],"wp:attachment":[{"href":"https:\/\/socialdesignmagazine.com\/mag\/wp-json\/wp\/v2\/media?parent=3670"}],"wp:term":[{"taxonomy":"category","embeddable":true,"href":"https:\/\/socialdesignmagazine.com\/mag\/wp-json\/wp\/v2\/categories?post=3670"},{"taxonomy":"post_tag","embeddable":true,"href":"https:\/\/socialdesignmagazine.com\/mag\/wp-json\/wp\/v2\/tags?post=3670"}],"curies":[{"name":"wp","href":"https:\/\/api.w.org\/{rel}","templated":true}]}}