{"id":36951,"date":"2019-03-08T11:55:20","date_gmt":"2019-03-08T10:55:20","guid":{"rendered":"https:\/\/socialdesignmagazine.com\/mag\/?p=36951"},"modified":"2019-03-07T11:57:56","modified_gmt":"2019-03-07T10:57:56","slug":"good-news-from-brazil-sollos-a-palazzo-litta-durante-la-milano-design-week","status":"publish","type":"post","link":"https:\/\/socialdesignmagazine.com\/mag\/news\/design-news\/good-news-from-brazil-sollos-a-palazzo-litta-durante-la-milano-design-week\/","title":{"rendered":"\u201cGood news from Brazil\u201d: SOLLOS a Palazzo Litta durante la Milano Design Week","gt_translate_keys":[{"key":"rendered","format":"text"}]},"content":{"rendered":"\n<p>Per il secondo anno consecutivo <strong>SOLLOS<\/strong> by Jader Almeida sceglie gli eleganti spazi di <strong>Palazzo Litta<\/strong> per presentare al pubblico attento della <a href=\"https:\/\/socialdesignmagazine.com\/mag\/blog\/tag\/salone-del-mobile-2019\/\">Milan Design Week<\/a> novit\u00e0 prodotto e must have connotati da uno stile elegante e senza tempo. \u201c<strong>Good news from Brazil<\/strong>\u201d: questo il titolo evocativo di una installazione poetica e affascinante, che invita il pubblico di Palazzo Litta ad uno straordinario viaggio nel mondo del marchio brasiliano. <\/p>\n\n\n\n<p>Concepita dal Direttore Artistico e designer <strong>Jader Almeida, <\/strong>la messinscena di SOLLOS punta su materiali eleganti e leggeri che, scelti in contrapposizione con l\u2019importante architettura del palazzo, danno vita ad un\u2019installazione dall\u2019atmosfera quasi museale, dove passato e presente dialogano armoniosamente. E dove la finitura nera degli elementi d\u2019arredo firmati Jader Almeida, presentati in diversi materiali, spicca in contrappunto col candore della stanza, evidenziando le forme di ogni singolo oggetto.  <\/p>\n\n\n\n<p>In\nquesta scenografia ipnotica e affascinante, le imperdibili icone del\nbrand sfilano accanto a inedite proposte. \n<\/p>\n\n\n\n<p>Tra\nle novit\u00e0 di quest\u2019anno, <strong>Windsor\nchair<\/strong>,\nreinterpretazione contemporanea di un pezzo iconico che deve il suo\nnome alla omonima citt\u00e0 inglese dove ebbe origine. Bench\u00e9 la data\nesatta di creazione sia incerta, pare che la prima sedia possa\naddirittura risalire al  XXVII secolo. Secondo una leggenda, Giorgio\nII, re d\u2019Inghilterra, in cerca di riparo da un temporale, si\nrifugi\u00f2 nel cottage di un contadino dove venne fatto accomodare su\nuna accogliente sedia in legno. Il comfort e l\u2019essenzialit\u00e0  della\nseduta lo colpirono a tal punto da ordinarne la produzione per suo\nuso personale. Nacque cos\u00ec la moda della Windsor chair. Nonostante\nle probabili origini britanniche, la forma della sedia fu affinata\nnelle colonie inglesi oltreoceano, diventando presto una vera e\npropria icona dei neonati Stati Uniti d\u2019America, rappresentata in\nmolte opere d\u2019arte come le raffigurazioni dell\u2019indipendenza\namericana a Filadelfia. \n<\/p>\n\n\n\n<p><strong>Jader\nAlmeida<\/strong>,\nreinterpretando in chiave contemporanea questa seduta iconica, d\u00e0\nvita ad un pezzo di design profondamente in linea con il suo\nsorprendente portfolio. Le precise curve di connessione tra la seduta\ne la base della Windsor chair richiamano infatti il design essenziale\ndelle collezioni <strong>SOLLOS<\/strong>.\nLo schienale dall\u2019appeal classico presenta elementi slanciati e\narmoniosi in contrappunto con i volumi della base, in un delicato\nequilibrio enfatizzato dalle sinuosit\u00e0 del legno.<\/p>\n\n\n\n<p>Con <strong>Windsor chair<\/strong>, <strong>Jader Almeida<\/strong> reinventa un\u2019icona classica, rimodellandone le linee e i volumi nel segno del design contemporaneo e innovativo di <strong>SOLLOS<\/strong>, dando vita ad una nuova sorprendente declinazione di questa importante referenza: un elemento d\u2019arredo dal rigore formale realizzato con la pi\u00f9 accurata manifattura.  <\/p>\n\n\n\n<ul class=\"wp-block-gallery aligncenter columns-1 is-cropped wp-block-gallery-1 is-layout-flex wp-block-gallery-is-layout-flex\"><li class=\"blocks-gallery-item\"><figure><img loading=\"lazy\" decoding=\"async\" width=\"1024\" height=\"1536\" data-attachment-id=\"36963\" data-permalink=\"https:\/\/socialdesignmagazine.com\/mag\/news\/design-news\/good-news-from-brazil-sollos-a-palazzo-litta-durante-la-milano-design-week\/attachment\/windsor-chair-amb-08\/#content\" data-orig-file=\"https:\/\/socialdesignmagazine.com\/mag\/wp-content\/uploads\/2019\/03\/Windsor-Chair-amb-08.jpg\" data-orig-size=\"1200,1800\" data-comments-opened=\"1\" data-image-meta=\"{&quot;aperture&quot;:&quot;0&quot;,&quot;credit&quot;:&quot;&quot;,&quot;camera&quot;:&quot;&quot;,&quot;caption&quot;:&quot;&quot;,&quot;created_timestamp&quot;:&quot;0&quot;,&quot;copyright&quot;:&quot;&quot;,&quot;focal_length&quot;:&quot;0&quot;,&quot;iso&quot;:&quot;0&quot;,&quot;shutter_speed&quot;:&quot;0&quot;,&quot;title&quot;:&quot;&quot;,&quot;orientation&quot;:&quot;0&quot;}\" data-image-title=\"Windsor Chair amb 08\" data-image-description=\"\" data-image-caption=\"\" data-medium-file=\"https:\/\/socialdesignmagazine.com\/mag\/wp-content\/uploads\/2019\/03\/Windsor-Chair-amb-08-438x283.jpg\" data-large-file=\"https:\/\/socialdesignmagazine.com\/mag\/wp-content\/uploads\/2019\/03\/Windsor-Chair-amb-08-1024x1536.jpg\" src=\"https:\/\/socialdesignmagazine.com\/mag\/wp-content\/uploads\/2019\/03\/Windsor-Chair-amb-08-1024x1536.jpg\" alt=\"Windsor Chair\" data-id=\"36963\" data-link=\"https:\/\/socialdesignmagazine.com\/mag\/?attachment_id=36963#content\" class=\"wp-image-36963\" srcset=\"https:\/\/socialdesignmagazine.com\/mag\/wp-content\/uploads\/2019\/03\/Windsor-Chair-amb-08-1024x1536.jpg 1024w, https:\/\/socialdesignmagazine.com\/mag\/wp-content\/uploads\/2019\/03\/Windsor-Chair-amb-08-768x1152.jpg 768w, https:\/\/socialdesignmagazine.com\/mag\/wp-content\/uploads\/2019\/03\/Windsor-Chair-amb-08.jpg 1200w\" sizes=\"auto, (max-width: 1024px) 100vw, 1024px\" \/><\/figure><\/li><li class=\"blocks-gallery-item\"><figure><img loading=\"lazy\" decoding=\"async\" width=\"1024\" height=\"1550\" data-attachment-id=\"36960\" data-permalink=\"https:\/\/socialdesignmagazine.com\/mag\/news\/design-news\/good-news-from-brazil-sollos-a-palazzo-litta-durante-la-milano-design-week\/attachment\/windsor-chair-amb-04\/#content\" data-orig-file=\"https:\/\/socialdesignmagazine.com\/mag\/wp-content\/uploads\/2019\/03\/Windsor-Chair-amb-04.jpg\" data-orig-size=\"1200,1816\" data-comments-opened=\"1\" data-image-meta=\"{&quot;aperture&quot;:&quot;0&quot;,&quot;credit&quot;:&quot;&quot;,&quot;camera&quot;:&quot;&quot;,&quot;caption&quot;:&quot;&quot;,&quot;created_timestamp&quot;:&quot;0&quot;,&quot;copyright&quot;:&quot;&quot;,&quot;focal_length&quot;:&quot;0&quot;,&quot;iso&quot;:&quot;0&quot;,&quot;shutter_speed&quot;:&quot;0&quot;,&quot;title&quot;:&quot;&quot;,&quot;orientation&quot;:&quot;0&quot;}\" data-image-title=\"Windsor Chair amb 04\" data-image-description=\"\" data-image-caption=\"\" data-medium-file=\"https:\/\/socialdesignmagazine.com\/mag\/wp-content\/uploads\/2019\/03\/Windsor-Chair-amb-04-438x283.jpg\" data-large-file=\"https:\/\/socialdesignmagazine.com\/mag\/wp-content\/uploads\/2019\/03\/Windsor-Chair-amb-04-1024x1550.jpg\" src=\"https:\/\/socialdesignmagazine.com\/mag\/wp-content\/uploads\/2019\/03\/Windsor-Chair-amb-04-1024x1550.jpg\" alt=\"Windsor Chair\" data-id=\"36960\" data-link=\"https:\/\/socialdesignmagazine.com\/mag\/?attachment_id=36960#content\" class=\"wp-image-36960\" srcset=\"https:\/\/socialdesignmagazine.com\/mag\/wp-content\/uploads\/2019\/03\/Windsor-Chair-amb-04-1024x1550.jpg 1024w, https:\/\/socialdesignmagazine.com\/mag\/wp-content\/uploads\/2019\/03\/Windsor-Chair-amb-04-768x1162.jpg 768w, https:\/\/socialdesignmagazine.com\/mag\/wp-content\/uploads\/2019\/03\/Windsor-Chair-amb-04.jpg 1200w\" sizes=\"auto, (max-width: 1024px) 100vw, 1024px\" \/><\/figure><\/li><li class=\"blocks-gallery-item\"><figure><img loading=\"lazy\" decoding=\"async\" width=\"1024\" height=\"1242\" data-attachment-id=\"36961\" data-permalink=\"https:\/\/socialdesignmagazine.com\/mag\/news\/design-news\/good-news-from-brazil-sollos-a-palazzo-litta-durante-la-milano-design-week\/attachment\/windsor-chair-amb-06\/#content\" data-orig-file=\"https:\/\/socialdesignmagazine.com\/mag\/wp-content\/uploads\/2019\/03\/Windsor-Chair-amb-06.jpg\" data-orig-size=\"1200,1456\" data-comments-opened=\"1\" data-image-meta=\"{&quot;aperture&quot;:&quot;0&quot;,&quot;credit&quot;:&quot;&quot;,&quot;camera&quot;:&quot;&quot;,&quot;caption&quot;:&quot;&quot;,&quot;created_timestamp&quot;:&quot;0&quot;,&quot;copyright&quot;:&quot;&quot;,&quot;focal_length&quot;:&quot;0&quot;,&quot;iso&quot;:&quot;0&quot;,&quot;shutter_speed&quot;:&quot;0&quot;,&quot;title&quot;:&quot;&quot;,&quot;orientation&quot;:&quot;0&quot;}\" data-image-title=\"Windsor Chair amb 06\" data-image-description=\"\" data-image-caption=\"\" data-medium-file=\"https:\/\/socialdesignmagazine.com\/mag\/wp-content\/uploads\/2019\/03\/Windsor-Chair-amb-06-438x283.jpg\" data-large-file=\"https:\/\/socialdesignmagazine.com\/mag\/wp-content\/uploads\/2019\/03\/Windsor-Chair-amb-06-1024x1242.jpg\" src=\"https:\/\/socialdesignmagazine.com\/mag\/wp-content\/uploads\/2019\/03\/Windsor-Chair-amb-06-1024x1242.jpg\" alt=\"Windsor Chair\" data-id=\"36961\" data-link=\"https:\/\/socialdesignmagazine.com\/mag\/?attachment_id=36961#content\" class=\"wp-image-36961\" srcset=\"https:\/\/socialdesignmagazine.com\/mag\/wp-content\/uploads\/2019\/03\/Windsor-Chair-amb-06-1024x1242.jpg 1024w, https:\/\/socialdesignmagazine.com\/mag\/wp-content\/uploads\/2019\/03\/Windsor-Chair-amb-06-768x932.jpg 768w, https:\/\/socialdesignmagazine.com\/mag\/wp-content\/uploads\/2019\/03\/Windsor-Chair-amb-06.jpg 1200w\" sizes=\"auto, (max-width: 1024px) 100vw, 1024px\" \/><\/figure><\/li><li class=\"blocks-gallery-item\"><figure><img loading=\"lazy\" decoding=\"async\" width=\"1024\" height=\"1536\" data-attachment-id=\"36964\" data-permalink=\"https:\/\/socialdesignmagazine.com\/mag\/news\/design-news\/good-news-from-brazil-sollos-a-palazzo-litta-durante-la-milano-design-week\/attachment\/windsor-chair-amb-02\/#content\" data-orig-file=\"https:\/\/socialdesignmagazine.com\/mag\/wp-content\/uploads\/2019\/03\/Windsor-Chair-amb-02.jpg\" data-orig-size=\"1200,1800\" data-comments-opened=\"1\" data-image-meta=\"{&quot;aperture&quot;:&quot;0&quot;,&quot;credit&quot;:&quot;&quot;,&quot;camera&quot;:&quot;&quot;,&quot;caption&quot;:&quot;&quot;,&quot;created_timestamp&quot;:&quot;0&quot;,&quot;copyright&quot;:&quot;&quot;,&quot;focal_length&quot;:&quot;0&quot;,&quot;iso&quot;:&quot;0&quot;,&quot;shutter_speed&quot;:&quot;0&quot;,&quot;title&quot;:&quot;&quot;,&quot;orientation&quot;:&quot;0&quot;}\" data-image-title=\"Windsor Chair amb 02\" data-image-description=\"\" data-image-caption=\"\" data-medium-file=\"https:\/\/socialdesignmagazine.com\/mag\/wp-content\/uploads\/2019\/03\/Windsor-Chair-amb-02-438x283.jpg\" data-large-file=\"https:\/\/socialdesignmagazine.com\/mag\/wp-content\/uploads\/2019\/03\/Windsor-Chair-amb-02-1024x1536.jpg\" src=\"https:\/\/socialdesignmagazine.com\/mag\/wp-content\/uploads\/2019\/03\/Windsor-Chair-amb-02-1024x1536.jpg\" alt=\"Windsor Chair\" data-id=\"36964\" data-link=\"https:\/\/socialdesignmagazine.com\/mag\/?attachment_id=36964#content\" class=\"wp-image-36964\" srcset=\"https:\/\/socialdesignmagazine.com\/mag\/wp-content\/uploads\/2019\/03\/Windsor-Chair-amb-02-1024x1536.jpg 1024w, https:\/\/socialdesignmagazine.com\/mag\/wp-content\/uploads\/2019\/03\/Windsor-Chair-amb-02-768x1152.jpg 768w, https:\/\/socialdesignmagazine.com\/mag\/wp-content\/uploads\/2019\/03\/Windsor-Chair-amb-02.jpg 1200w\" sizes=\"auto, (max-width: 1024px) 100vw, 1024px\" \/><\/figure><\/li><li class=\"blocks-gallery-item\"><figure><img loading=\"lazy\" decoding=\"async\" width=\"1024\" height=\"1513\" data-attachment-id=\"36965\" data-permalink=\"https:\/\/socialdesignmagazine.com\/mag\/news\/design-news\/good-news-from-brazil-sollos-a-palazzo-litta-durante-la-milano-design-week\/attachment\/windsor-chair-amb-03\/#content\" data-orig-file=\"https:\/\/socialdesignmagazine.com\/mag\/wp-content\/uploads\/2019\/03\/Windsor-Chair-amb-03.jpg\" data-orig-size=\"1200,1773\" data-comments-opened=\"1\" data-image-meta=\"{&quot;aperture&quot;:&quot;0&quot;,&quot;credit&quot;:&quot;&quot;,&quot;camera&quot;:&quot;&quot;,&quot;caption&quot;:&quot;&quot;,&quot;created_timestamp&quot;:&quot;0&quot;,&quot;copyright&quot;:&quot;&quot;,&quot;focal_length&quot;:&quot;0&quot;,&quot;iso&quot;:&quot;0&quot;,&quot;shutter_speed&quot;:&quot;0&quot;,&quot;title&quot;:&quot;&quot;,&quot;orientation&quot;:&quot;0&quot;}\" data-image-title=\"Windsor Chair amb 03\" data-image-description=\"\" data-image-caption=\"\" data-medium-file=\"https:\/\/socialdesignmagazine.com\/mag\/wp-content\/uploads\/2019\/03\/Windsor-Chair-amb-03-438x283.jpg\" data-large-file=\"https:\/\/socialdesignmagazine.com\/mag\/wp-content\/uploads\/2019\/03\/Windsor-Chair-amb-03-1024x1513.jpg\" src=\"https:\/\/socialdesignmagazine.com\/mag\/wp-content\/uploads\/2019\/03\/Windsor-Chair-amb-03-1024x1513.jpg\" alt=\"Windsor Chair\" data-id=\"36965\" data-link=\"https:\/\/socialdesignmagazine.com\/mag\/?attachment_id=36965#content\" class=\"wp-image-36965\" srcset=\"https:\/\/socialdesignmagazine.com\/mag\/wp-content\/uploads\/2019\/03\/Windsor-Chair-amb-03-1024x1513.jpg 1024w, https:\/\/socialdesignmagazine.com\/mag\/wp-content\/uploads\/2019\/03\/Windsor-Chair-amb-03-768x1135.jpg 768w, https:\/\/socialdesignmagazine.com\/mag\/wp-content\/uploads\/2019\/03\/Windsor-Chair-amb-03.jpg 1200w\" sizes=\"auto, (max-width: 1024px) 100vw, 1024px\" \/><\/figure><\/li><\/ul>\n\n\n\n<ul class=\"wp-block-gallery aligncenter columns-2 is-cropped wp-block-gallery-2 is-layout-flex wp-block-gallery-is-layout-flex\"><li class=\"blocks-gallery-item\"><figure><img loading=\"lazy\" decoding=\"async\" width=\"1024\" height=\"1256\" data-attachment-id=\"36959\" data-permalink=\"https:\/\/socialdesignmagazine.com\/mag\/news\/design-news\/good-news-from-brazil-sollos-a-palazzo-litta-durante-la-milano-design-week\/attachment\/sj-windsor-chair-09\/#content\" data-orig-file=\"https:\/\/socialdesignmagazine.com\/mag\/wp-content\/uploads\/2019\/03\/SJ-Windsor-Chair-09.jpg\" data-orig-size=\"1200,1472\" data-comments-opened=\"1\" data-image-meta=\"{&quot;aperture&quot;:&quot;0&quot;,&quot;credit&quot;:&quot;&quot;,&quot;camera&quot;:&quot;&quot;,&quot;caption&quot;:&quot;&quot;,&quot;created_timestamp&quot;:&quot;0&quot;,&quot;copyright&quot;:&quot;&quot;,&quot;focal_length&quot;:&quot;0&quot;,&quot;iso&quot;:&quot;0&quot;,&quot;shutter_speed&quot;:&quot;0&quot;,&quot;title&quot;:&quot;&quot;,&quot;orientation&quot;:&quot;0&quot;}\" data-image-title=\"SJ Windsor Chair 09\" data-image-description=\"\" data-image-caption=\"\" data-medium-file=\"https:\/\/socialdesignmagazine.com\/mag\/wp-content\/uploads\/2019\/03\/SJ-Windsor-Chair-09-438x283.jpg\" data-large-file=\"https:\/\/socialdesignmagazine.com\/mag\/wp-content\/uploads\/2019\/03\/SJ-Windsor-Chair-09-1024x1256.jpg\" src=\"https:\/\/socialdesignmagazine.com\/mag\/wp-content\/uploads\/2019\/03\/SJ-Windsor-Chair-09-1024x1256.jpg\" alt=\"Windsor Chair\" data-id=\"36959\" data-link=\"https:\/\/socialdesignmagazine.com\/mag\/?attachment_id=36959#content\" class=\"wp-image-36959\" srcset=\"https:\/\/socialdesignmagazine.com\/mag\/wp-content\/uploads\/2019\/03\/SJ-Windsor-Chair-09-1024x1256.jpg 1024w, https:\/\/socialdesignmagazine.com\/mag\/wp-content\/uploads\/2019\/03\/SJ-Windsor-Chair-09-768x942.jpg 768w, https:\/\/socialdesignmagazine.com\/mag\/wp-content\/uploads\/2019\/03\/SJ-Windsor-Chair-09.jpg 1200w\" sizes=\"auto, (max-width: 1024px) 100vw, 1024px\" \/><\/figure><\/li><li class=\"blocks-gallery-item\"><figure><img loading=\"lazy\" decoding=\"async\" width=\"1024\" height=\"1256\" data-attachment-id=\"36958\" data-permalink=\"https:\/\/socialdesignmagazine.com\/mag\/news\/design-news\/good-news-from-brazil-sollos-a-palazzo-litta-durante-la-milano-design-week\/attachment\/sj-windsor-chair-08\/#content\" data-orig-file=\"https:\/\/socialdesignmagazine.com\/mag\/wp-content\/uploads\/2019\/03\/SJ-Windsor-Chair-08.jpg\" data-orig-size=\"1200,1472\" data-comments-opened=\"1\" data-image-meta=\"{&quot;aperture&quot;:&quot;0&quot;,&quot;credit&quot;:&quot;&quot;,&quot;camera&quot;:&quot;&quot;,&quot;caption&quot;:&quot;&quot;,&quot;created_timestamp&quot;:&quot;0&quot;,&quot;copyright&quot;:&quot;&quot;,&quot;focal_length&quot;:&quot;0&quot;,&quot;iso&quot;:&quot;0&quot;,&quot;shutter_speed&quot;:&quot;0&quot;,&quot;title&quot;:&quot;&quot;,&quot;orientation&quot;:&quot;0&quot;}\" data-image-title=\"SJ Windsor Chair 08\" data-image-description=\"\" data-image-caption=\"\" data-medium-file=\"https:\/\/socialdesignmagazine.com\/mag\/wp-content\/uploads\/2019\/03\/SJ-Windsor-Chair-08-438x283.jpg\" data-large-file=\"https:\/\/socialdesignmagazine.com\/mag\/wp-content\/uploads\/2019\/03\/SJ-Windsor-Chair-08-1024x1256.jpg\" src=\"https:\/\/socialdesignmagazine.com\/mag\/wp-content\/uploads\/2019\/03\/SJ-Windsor-Chair-08-1024x1256.jpg\" alt=\"Windsor Chair\" data-id=\"36958\" data-link=\"https:\/\/socialdesignmagazine.com\/mag\/?attachment_id=36958#content\" class=\"wp-image-36958\" srcset=\"https:\/\/socialdesignmagazine.com\/mag\/wp-content\/uploads\/2019\/03\/SJ-Windsor-Chair-08-1024x1256.jpg 1024w, https:\/\/socialdesignmagazine.com\/mag\/wp-content\/uploads\/2019\/03\/SJ-Windsor-Chair-08-768x942.jpg 768w, https:\/\/socialdesignmagazine.com\/mag\/wp-content\/uploads\/2019\/03\/SJ-Windsor-Chair-08.jpg 1200w\" sizes=\"auto, (max-width: 1024px) 100vw, 1024px\" \/><\/figure><\/li><li class=\"blocks-gallery-item\"><figure><img loading=\"lazy\" decoding=\"async\" width=\"1024\" height=\"1323\" data-attachment-id=\"36957\" data-permalink=\"https:\/\/socialdesignmagazine.com\/mag\/news\/design-news\/good-news-from-brazil-sollos-a-palazzo-litta-durante-la-milano-design-week\/attachment\/sj-windsor-chair-07\/#content\" data-orig-file=\"https:\/\/socialdesignmagazine.com\/mag\/wp-content\/uploads\/2019\/03\/SJ-Windsor-Chair-07.jpg\" data-orig-size=\"1200,1550\" data-comments-opened=\"1\" data-image-meta=\"{&quot;aperture&quot;:&quot;0&quot;,&quot;credit&quot;:&quot;&quot;,&quot;camera&quot;:&quot;&quot;,&quot;caption&quot;:&quot;&quot;,&quot;created_timestamp&quot;:&quot;0&quot;,&quot;copyright&quot;:&quot;&quot;,&quot;focal_length&quot;:&quot;0&quot;,&quot;iso&quot;:&quot;0&quot;,&quot;shutter_speed&quot;:&quot;0&quot;,&quot;title&quot;:&quot;&quot;,&quot;orientation&quot;:&quot;0&quot;}\" data-image-title=\"SJ Windsor Chair 07\" data-image-description=\"\" data-image-caption=\"\" data-medium-file=\"https:\/\/socialdesignmagazine.com\/mag\/wp-content\/uploads\/2019\/03\/SJ-Windsor-Chair-07-438x283.jpg\" data-large-file=\"https:\/\/socialdesignmagazine.com\/mag\/wp-content\/uploads\/2019\/03\/SJ-Windsor-Chair-07-1024x1323.jpg\" src=\"https:\/\/socialdesignmagazine.com\/mag\/wp-content\/uploads\/2019\/03\/SJ-Windsor-Chair-07-1024x1323.jpg\" alt=\"Windsor Chair\" data-id=\"36957\" data-link=\"https:\/\/socialdesignmagazine.com\/mag\/?attachment_id=36957#content\" class=\"wp-image-36957\" srcset=\"https:\/\/socialdesignmagazine.com\/mag\/wp-content\/uploads\/2019\/03\/SJ-Windsor-Chair-07-1024x1323.jpg 1024w, https:\/\/socialdesignmagazine.com\/mag\/wp-content\/uploads\/2019\/03\/SJ-Windsor-Chair-07-768x992.jpg 768w, https:\/\/socialdesignmagazine.com\/mag\/wp-content\/uploads\/2019\/03\/SJ-Windsor-Chair-07.jpg 1200w\" sizes=\"auto, (max-width: 1024px) 100vw, 1024px\" \/><\/figure><\/li><li class=\"blocks-gallery-item\"><figure><img loading=\"lazy\" decoding=\"async\" width=\"1024\" height=\"1256\" data-attachment-id=\"36956\" data-permalink=\"https:\/\/socialdesignmagazine.com\/mag\/news\/design-news\/good-news-from-brazil-sollos-a-palazzo-litta-durante-la-milano-design-week\/attachment\/sj-windsor-chair-10\/#content\" data-orig-file=\"https:\/\/socialdesignmagazine.com\/mag\/wp-content\/uploads\/2019\/03\/SJ-Windsor-Chair-10.jpg\" data-orig-size=\"1200,1472\" data-comments-opened=\"1\" data-image-meta=\"{&quot;aperture&quot;:&quot;0&quot;,&quot;credit&quot;:&quot;&quot;,&quot;camera&quot;:&quot;&quot;,&quot;caption&quot;:&quot;&quot;,&quot;created_timestamp&quot;:&quot;0&quot;,&quot;copyright&quot;:&quot;&quot;,&quot;focal_length&quot;:&quot;0&quot;,&quot;iso&quot;:&quot;0&quot;,&quot;shutter_speed&quot;:&quot;0&quot;,&quot;title&quot;:&quot;&quot;,&quot;orientation&quot;:&quot;0&quot;}\" data-image-title=\"SJ Windsor Chair 10\" data-image-description=\"\" data-image-caption=\"\" data-medium-file=\"https:\/\/socialdesignmagazine.com\/mag\/wp-content\/uploads\/2019\/03\/SJ-Windsor-Chair-10-438x283.jpg\" data-large-file=\"https:\/\/socialdesignmagazine.com\/mag\/wp-content\/uploads\/2019\/03\/SJ-Windsor-Chair-10-1024x1256.jpg\" src=\"https:\/\/socialdesignmagazine.com\/mag\/wp-content\/uploads\/2019\/03\/SJ-Windsor-Chair-10-1024x1256.jpg\" alt=\"Windsor Chair\" data-id=\"36956\" data-link=\"https:\/\/socialdesignmagazine.com\/mag\/?attachment_id=36956#content\" class=\"wp-image-36956\" srcset=\"https:\/\/socialdesignmagazine.com\/mag\/wp-content\/uploads\/2019\/03\/SJ-Windsor-Chair-10-1024x1256.jpg 1024w, https:\/\/socialdesignmagazine.com\/mag\/wp-content\/uploads\/2019\/03\/SJ-Windsor-Chair-10-768x942.jpg 768w, https:\/\/socialdesignmagazine.com\/mag\/wp-content\/uploads\/2019\/03\/SJ-Windsor-Chair-10.jpg 1200w\" sizes=\"auto, (max-width: 1024px) 100vw, 1024px\" \/><\/figure><\/li><\/ul>\n\n\n\n<p><a rel=\"nofollow\" href=\"http:\/\/www.sollos.ind.br\/\">www.sollos.ind.br<\/a><\/p>\n","protected":false,"gt_translate_keys":[{"key":"rendered","format":"html"}]},"excerpt":{"rendered":"<p>Tra le novit\u00e0 di quest\u2019anno, Windsor chair, reinterpretazione contemporanea di un pezzo iconico che deve il suo nome alla omonima citt\u00e0 inglese dove ebbe origine. <\/p>\n","protected":false,"gt_translate_keys":[{"key":"rendered","format":"html"}]},"author":1,"featured_media":36962,"comment_status":"open","ping_status":"open","sticky":false,"template":"","format":"standard","meta":{"jetpack_post_was_ever_published":false,"_jetpack_newsletter_access":"","_jetpack_dont_email_post_to_subs":false,"_jetpack_newsletter_tier_id":0,"_jetpack_memberships_contains_paywalled_content":false,"_jetpack_memberships_contains_paid_content":false,"footnotes":"","_wpscppro_dont_share_socialmedia":false,"_wpscppro_custom_social_share_image":0,"_facebook_share_type":"","_twitter_share_type":"","_linkedin_share_type":"","_pinterest_share_type":"","_linkedin_share_type_page":"","_instagram_share_type":"","_medium_share_type":"","_threads_share_type":"","_google_business_share_type":"","_selected_social_profile":[],"_wpsp_enable_custom_social_template":false,"_wpsp_social_scheduling":{"enabled":false,"datetime":null,"platforms":[],"status":"template_only","dateOption":"today","timeOption":"now","customDays":"","customHours":"","customDate":"","customTime":"","schedulingType":"absolute"},"_wpsp_active_default_template":true},"categories":[17],"tags":[5696,5695,5693,118],"class_list":["post-36951","post","type-post","status-publish","format-standard","has-post-thumbnail","hentry","category-design-news","tag-fuorisalone-2019","tag-milano-design-week-2019","tag-salone-del-mobile-2019","tag-sedia"],"yoast_head":"<!-- This site is optimized with the Yoast SEO plugin v27.2 - https:\/\/yoast.com\/product\/yoast-seo-wordpress\/ -->\n<title>\u201cGood news from Brazil\u201d: SOLLOS a Palazzo Litta durante la Milano Design Week - Social Design Magazine<\/title>\n<meta name=\"description\" content=\"Tra le novit\u00e0 di quest\u2019anno, Windsor chair, reinterpretazione contemporanea di un pezzo iconico che deve il suo nome alla omonima citt\u00e0 inglese dove ebbe origine.\" \/>\n<meta name=\"robots\" content=\"index, follow, max-snippet:-1, max-image-preview:large, max-video-preview:-1\" \/>\n<link rel=\"canonical\" href=\"https:\/\/socialdesignmagazine.com\/mag\/news\/design-news\/good-news-from-brazil-sollos-a-palazzo-litta-durante-la-milano-design-week\/\" \/>\n<meta property=\"og:locale\" content=\"it_IT\" \/>\n<meta property=\"og:type\" content=\"article\" \/>\n<meta property=\"og:title\" content=\"\u201cGood news from Brazil\u201d: SOLLOS a Palazzo Litta durante la Milano Design Week - Social Design Magazine\" \/>\n<meta property=\"og:description\" content=\"Tra le novit\u00e0 di quest\u2019anno, Windsor chair, reinterpretazione contemporanea di un pezzo iconico che deve il suo nome alla omonima citt\u00e0 inglese dove ebbe origine.\" \/>\n<meta property=\"og:url\" content=\"http:\/\/socialdesignmagazine.com\/mag\/news\/design-news\/good-news-from-brazil-sollos-a-palazzo-litta-durante-la-milano-design-week\/\" \/>\n<meta property=\"og:site_name\" content=\"Social Design Magazine\" \/>\n<meta property=\"article:publisher\" content=\"https:\/\/www.facebook.com\/socialdesignmag\" \/>\n<meta property=\"article:author\" content=\"https:\/\/www.facebook.com\/benedettofiori\" \/>\n<meta property=\"article:published_time\" content=\"2019-03-08T10:55:20+00:00\" \/>\n<meta property=\"og:image\" content=\"https:\/\/socialdesignmagazine.com\/mag\/wp-content\/uploads\/2019\/03\/Windsor-Chair-amb-07.jpg\" \/>\n\t<meta property=\"og:image:width\" content=\"1200\" \/>\n\t<meta property=\"og:image:height\" content=\"788\" \/>\n\t<meta property=\"og:image:type\" content=\"image\/jpeg\" \/>\n<meta name=\"author\" content=\"Benedetto Fiori\" \/>\n<meta name=\"twitter:card\" content=\"summary_large_image\" \/>\n<meta name=\"twitter:creator\" content=\"@benedettofiori\" \/>\n<meta name=\"twitter:site\" content=\"@socialdesignmag\" \/>\n<meta name=\"twitter:label1\" content=\"Scritto da\" \/>\n\t<meta name=\"twitter:data1\" content=\"Benedetto Fiori\" \/>\n\t<meta name=\"twitter:label2\" content=\"Tempo di lettura stimato\" \/>\n\t<meta name=\"twitter:data2\" content=\"2 minuti\" \/>\n<script type=\"application\/ld+json\" class=\"yoast-schema-graph\">{\"@context\":\"https:\/\/schema.org\",\"@graph\":[{\"@type\":\"Article\",\"@id\":\"https:\/\/socialdesignmagazine.com\/mag\/news\/design-news\/good-news-from-brazil-sollos-a-palazzo-litta-durante-la-milano-design-week\/#article\",\"isPartOf\":{\"@id\":\"https:\/\/socialdesignmagazine.com\/mag\/news\/design-news\/good-news-from-brazil-sollos-a-palazzo-litta-durante-la-milano-design-week\/\"},\"author\":{\"name\":\"Benedetto Fiori\",\"@id\":\"https:\/\/socialdesignmagazine.com\/mag\/#\/schema\/person\/61e20205cc363c315e6aabd33a045846\"},\"headline\":\"\u201cGood news from Brazil\u201d: SOLLOS a Palazzo Litta durante la Milano Design Week\",\"datePublished\":\"2019-03-08T10:55:20+00:00\",\"mainEntityOfPage\":{\"@id\":\"https:\/\/socialdesignmagazine.com\/mag\/news\/design-news\/good-news-from-brazil-sollos-a-palazzo-litta-durante-la-milano-design-week\/\"},\"wordCount\":440,\"commentCount\":0,\"publisher\":{\"@id\":\"https:\/\/socialdesignmagazine.com\/mag\/#organization\"},\"image\":{\"@id\":\"https:\/\/socialdesignmagazine.com\/mag\/news\/design-news\/good-news-from-brazil-sollos-a-palazzo-litta-durante-la-milano-design-week\/#primaryimage\"},\"thumbnailUrl\":\"https:\/\/socialdesignmagazine.com\/mag\/wp-content\/uploads\/2019\/03\/Windsor-Chair-amb-07.jpg\",\"keywords\":[\"fuorisalone 2019\",\"milano design week 2019\",\"salone del mobile 2019\",\"sedia\"],\"articleSection\":[\"Design News\"],\"inLanguage\":\"it-IT\",\"potentialAction\":[{\"@type\":\"CommentAction\",\"name\":\"Comment\",\"target\":[\"https:\/\/socialdesignmagazine.com\/mag\/news\/design-news\/good-news-from-brazil-sollos-a-palazzo-litta-durante-la-milano-design-week\/#respond\"]}]},{\"@type\":\"WebPage\",\"@id\":\"https:\/\/socialdesignmagazine.com\/mag\/news\/design-news\/good-news-from-brazil-sollos-a-palazzo-litta-durante-la-milano-design-week\/\",\"url\":\"https:\/\/socialdesignmagazine.com\/mag\/news\/design-news\/good-news-from-brazil-sollos-a-palazzo-litta-durante-la-milano-design-week\/\",\"name\":\"\u201cGood news from Brazil\u201d: SOLLOS a Palazzo Litta durante la Milano Design Week - Social Design Magazine\",\"isPartOf\":{\"@id\":\"https:\/\/socialdesignmagazine.com\/mag\/#website\"},\"primaryImageOfPage\":{\"@id\":\"https:\/\/socialdesignmagazine.com\/mag\/news\/design-news\/good-news-from-brazil-sollos-a-palazzo-litta-durante-la-milano-design-week\/#primaryimage\"},\"image\":{\"@id\":\"https:\/\/socialdesignmagazine.com\/mag\/news\/design-news\/good-news-from-brazil-sollos-a-palazzo-litta-durante-la-milano-design-week\/#primaryimage\"},\"thumbnailUrl\":\"https:\/\/socialdesignmagazine.com\/mag\/wp-content\/uploads\/2019\/03\/Windsor-Chair-amb-07.jpg\",\"datePublished\":\"2019-03-08T10:55:20+00:00\",\"description\":\"Tra le novit\u00e0 di quest\u2019anno, Windsor chair, reinterpretazione contemporanea di un pezzo iconico che deve il suo nome alla omonima citt\u00e0 inglese dove ebbe origine.\",\"breadcrumb\":{\"@id\":\"https:\/\/socialdesignmagazine.com\/mag\/news\/design-news\/good-news-from-brazil-sollos-a-palazzo-litta-durante-la-milano-design-week\/#breadcrumb\"},\"inLanguage\":\"it-IT\",\"potentialAction\":[{\"@type\":\"ReadAction\",\"target\":[\"https:\/\/socialdesignmagazine.com\/mag\/news\/design-news\/good-news-from-brazil-sollos-a-palazzo-litta-durante-la-milano-design-week\/\"]}]},{\"@type\":\"ImageObject\",\"inLanguage\":\"it-IT\",\"@id\":\"https:\/\/socialdesignmagazine.com\/mag\/news\/design-news\/good-news-from-brazil-sollos-a-palazzo-litta-durante-la-milano-design-week\/#primaryimage\",\"url\":\"https:\/\/socialdesignmagazine.com\/mag\/wp-content\/uploads\/2019\/03\/Windsor-Chair-amb-07.jpg\",\"contentUrl\":\"https:\/\/socialdesignmagazine.com\/mag\/wp-content\/uploads\/2019\/03\/Windsor-Chair-amb-07.jpg\",\"width\":1200,\"height\":788,\"caption\":\"Windsor Chair\"},{\"@type\":\"BreadcrumbList\",\"@id\":\"https:\/\/socialdesignmagazine.com\/mag\/news\/design-news\/good-news-from-brazil-sollos-a-palazzo-litta-durante-la-milano-design-week\/#breadcrumb\",\"itemListElement\":[{\"@type\":\"ListItem\",\"position\":1,\"name\":\"Home\",\"item\":\"https:\/\/socialdesignmagazine.com\/mag\/\"},{\"@type\":\"ListItem\",\"position\":2,\"name\":\"News\",\"item\":\"https:\/\/socialdesignmagazine.com\/mag\/news\/\"},{\"@type\":\"ListItem\",\"position\":3,\"name\":\"Design News\",\"item\":\"https:\/\/socialdesignmagazine.com\/mag\/news\/design-news\/\"},{\"@type\":\"ListItem\",\"position\":4,\"name\":\"\u201cGood news from Brazil\u201d: SOLLOS a Palazzo Litta durante la Milano Design Week\"}]},{\"@type\":\"WebSite\",\"@id\":\"https:\/\/socialdesignmagazine.com\/mag\/#website\",\"url\":\"https:\/\/socialdesignmagazine.com\/mag\/\",\"name\":\"Social Design Magazine\",\"description\":\"Social Magazine su Design, Architettura, Arte, Grafica\",\"publisher\":{\"@id\":\"https:\/\/socialdesignmagazine.com\/mag\/#organization\"},\"potentialAction\":[{\"@type\":\"SearchAction\",\"target\":{\"@type\":\"EntryPoint\",\"urlTemplate\":\"https:\/\/socialdesignmagazine.com\/mag\/?s={search_term_string}\"},\"query-input\":{\"@type\":\"PropertyValueSpecification\",\"valueRequired\":true,\"valueName\":\"search_term_string\"}}],\"inLanguage\":\"it-IT\"},{\"@type\":\"Organization\",\"@id\":\"https:\/\/socialdesignmagazine.com\/mag\/#organization\",\"name\":\"Social Design Magazine\",\"url\":\"https:\/\/socialdesignmagazine.com\/mag\/\",\"logo\":{\"@type\":\"ImageObject\",\"inLanguage\":\"it-IT\",\"@id\":\"https:\/\/socialdesignmagazine.com\/mag\/#\/schema\/logo\/image\/\",\"url\":\"https:\/\/socialdesignmagazine.com\/mag\/wp-content\/uploads\/2017\/01\/logo_favicon_11.png\",\"contentUrl\":\"https:\/\/socialdesignmagazine.com\/mag\/wp-content\/uploads\/2017\/01\/logo_favicon_11.png\",\"width\":1024,\"height\":1024,\"caption\":\"Social Design Magazine\"},\"image\":{\"@id\":\"https:\/\/socialdesignmagazine.com\/mag\/#\/schema\/logo\/image\/\"},\"sameAs\":[\"https:\/\/www.facebook.com\/socialdesignmag\",\"https:\/\/x.com\/socialdesignmag\",\"http:\/\/instagram.com\/social_design_magazine\/\",\"http:\/\/pinterest.com\/socialdesignmag\/\",\"http:\/\/www.youtube.com\/user\/socialdesignmagazine\"]},{\"@type\":\"Person\",\"@id\":\"https:\/\/socialdesignmagazine.com\/mag\/#\/schema\/person\/61e20205cc363c315e6aabd33a045846\",\"name\":\"Benedetto Fiori\",\"image\":{\"@type\":\"ImageObject\",\"inLanguage\":\"it-IT\",\"@id\":\"https:\/\/secure.gravatar.com\/avatar\/450a48cefa36da63d920ad70aa660bd10725b1c6093800242e5efdb397759033?s=96&d=mm&r=g\",\"url\":\"https:\/\/secure.gravatar.com\/avatar\/450a48cefa36da63d920ad70aa660bd10725b1c6093800242e5efdb397759033?s=96&d=mm&r=g\",\"contentUrl\":\"https:\/\/secure.gravatar.com\/avatar\/450a48cefa36da63d920ad70aa660bd10725b1c6093800242e5efdb397759033?s=96&d=mm&r=g\",\"caption\":\"Benedetto Fiori\"},\"description\":\"Web | Twitter | Facebook | Shutterstock Founder &amp; Editor in Chief di Social Design Magazine. Attratto da sempre da tutto ci\u00f2 che \u00e8 creativit\u00e0, design, architettura. Dopo aver studiato Architettura all'Universit\u00e0 di Firenze, si \u00e8 impegnato in molteplici campi: comunicazione grafica, progettazione di allestimenti fieristici, brand design, Interior Design.\",\"sameAs\":[\"http:\/\/benedettofiori.com\",\"https:\/\/www.facebook.com\/benedettofiori\",\"https:\/\/x.com\/benedettofiori\"],\"url\":\"https:\/\/socialdesignmagazine.com\/mag\/author\/benedetto\/\"}]}<\/script>\n<!-- \/ Yoast SEO plugin. -->","yoast_head_json":{"title":"\u201cGood news from Brazil\u201d: SOLLOS a Palazzo Litta durante la Milano Design Week - Social Design Magazine","description":"Tra le novit\u00e0 di quest\u2019anno, Windsor chair, reinterpretazione contemporanea di un pezzo iconico che deve il suo nome alla omonima citt\u00e0 inglese dove ebbe origine.","robots":{"index":"index","follow":"follow","max-snippet":"max-snippet:-1","max-image-preview":"max-image-preview:large","max-video-preview":"max-video-preview:-1"},"canonical":"https:\/\/socialdesignmagazine.com\/mag\/news\/design-news\/good-news-from-brazil-sollos-a-palazzo-litta-durante-la-milano-design-week\/","og_locale":"it_IT","og_type":"article","og_title":"\u201cGood news from Brazil\u201d: SOLLOS a Palazzo Litta durante la Milano Design Week - Social Design Magazine","og_description":"Tra le novit\u00e0 di quest\u2019anno, Windsor chair, reinterpretazione contemporanea di un pezzo iconico che deve il suo nome alla omonima citt\u00e0 inglese dove ebbe origine.","og_url":"http:\/\/socialdesignmagazine.com\/mag\/news\/design-news\/good-news-from-brazil-sollos-a-palazzo-litta-durante-la-milano-design-week\/","og_site_name":"Social Design Magazine","article_publisher":"https:\/\/www.facebook.com\/socialdesignmag","article_author":"https:\/\/www.facebook.com\/benedettofiori","article_published_time":"2019-03-08T10:55:20+00:00","og_image":[{"width":1200,"height":788,"url":"https:\/\/socialdesignmagazine.com\/mag\/wp-content\/uploads\/2019\/03\/Windsor-Chair-amb-07.jpg","type":"image\/jpeg"}],"author":"Benedetto Fiori","twitter_card":"summary_large_image","twitter_creator":"@benedettofiori","twitter_site":"@socialdesignmag","twitter_misc":{"Scritto da":"Benedetto Fiori","Tempo di lettura stimato":"2 minuti"},"schema":{"@context":"https:\/\/schema.org","@graph":[{"@type":"Article","@id":"https:\/\/socialdesignmagazine.com\/mag\/news\/design-news\/good-news-from-brazil-sollos-a-palazzo-litta-durante-la-milano-design-week\/#article","isPartOf":{"@id":"https:\/\/socialdesignmagazine.com\/mag\/news\/design-news\/good-news-from-brazil-sollos-a-palazzo-litta-durante-la-milano-design-week\/"},"author":{"name":"Benedetto Fiori","@id":"https:\/\/socialdesignmagazine.com\/mag\/#\/schema\/person\/61e20205cc363c315e6aabd33a045846"},"headline":"\u201cGood news from Brazil\u201d: SOLLOS a Palazzo Litta durante la Milano Design Week","datePublished":"2019-03-08T10:55:20+00:00","mainEntityOfPage":{"@id":"https:\/\/socialdesignmagazine.com\/mag\/news\/design-news\/good-news-from-brazil-sollos-a-palazzo-litta-durante-la-milano-design-week\/"},"wordCount":440,"commentCount":0,"publisher":{"@id":"https:\/\/socialdesignmagazine.com\/mag\/#organization"},"image":{"@id":"https:\/\/socialdesignmagazine.com\/mag\/news\/design-news\/good-news-from-brazil-sollos-a-palazzo-litta-durante-la-milano-design-week\/#primaryimage"},"thumbnailUrl":"https:\/\/socialdesignmagazine.com\/mag\/wp-content\/uploads\/2019\/03\/Windsor-Chair-amb-07.jpg","keywords":["fuorisalone 2019","milano design week 2019","salone del mobile 2019","sedia"],"articleSection":["Design News"],"inLanguage":"it-IT","potentialAction":[{"@type":"CommentAction","name":"Comment","target":["https:\/\/socialdesignmagazine.com\/mag\/news\/design-news\/good-news-from-brazil-sollos-a-palazzo-litta-durante-la-milano-design-week\/#respond"]}]},{"@type":"WebPage","@id":"https:\/\/socialdesignmagazine.com\/mag\/news\/design-news\/good-news-from-brazil-sollos-a-palazzo-litta-durante-la-milano-design-week\/","url":"https:\/\/socialdesignmagazine.com\/mag\/news\/design-news\/good-news-from-brazil-sollos-a-palazzo-litta-durante-la-milano-design-week\/","name":"\u201cGood news from Brazil\u201d: SOLLOS a Palazzo Litta durante la Milano Design Week - Social Design Magazine","isPartOf":{"@id":"https:\/\/socialdesignmagazine.com\/mag\/#website"},"primaryImageOfPage":{"@id":"https:\/\/socialdesignmagazine.com\/mag\/news\/design-news\/good-news-from-brazil-sollos-a-palazzo-litta-durante-la-milano-design-week\/#primaryimage"},"image":{"@id":"https:\/\/socialdesignmagazine.com\/mag\/news\/design-news\/good-news-from-brazil-sollos-a-palazzo-litta-durante-la-milano-design-week\/#primaryimage"},"thumbnailUrl":"https:\/\/socialdesignmagazine.com\/mag\/wp-content\/uploads\/2019\/03\/Windsor-Chair-amb-07.jpg","datePublished":"2019-03-08T10:55:20+00:00","description":"Tra le novit\u00e0 di quest\u2019anno, Windsor chair, reinterpretazione contemporanea di un pezzo iconico che deve il suo nome alla omonima citt\u00e0 inglese dove ebbe origine.","breadcrumb":{"@id":"https:\/\/socialdesignmagazine.com\/mag\/news\/design-news\/good-news-from-brazil-sollos-a-palazzo-litta-durante-la-milano-design-week\/#breadcrumb"},"inLanguage":"it-IT","potentialAction":[{"@type":"ReadAction","target":["https:\/\/socialdesignmagazine.com\/mag\/news\/design-news\/good-news-from-brazil-sollos-a-palazzo-litta-durante-la-milano-design-week\/"]}]},{"@type":"ImageObject","inLanguage":"it-IT","@id":"https:\/\/socialdesignmagazine.com\/mag\/news\/design-news\/good-news-from-brazil-sollos-a-palazzo-litta-durante-la-milano-design-week\/#primaryimage","url":"https:\/\/socialdesignmagazine.com\/mag\/wp-content\/uploads\/2019\/03\/Windsor-Chair-amb-07.jpg","contentUrl":"https:\/\/socialdesignmagazine.com\/mag\/wp-content\/uploads\/2019\/03\/Windsor-Chair-amb-07.jpg","width":1200,"height":788,"caption":"Windsor Chair"},{"@type":"BreadcrumbList","@id":"https:\/\/socialdesignmagazine.com\/mag\/news\/design-news\/good-news-from-brazil-sollos-a-palazzo-litta-durante-la-milano-design-week\/#breadcrumb","itemListElement":[{"@type":"ListItem","position":1,"name":"Home","item":"https:\/\/socialdesignmagazine.com\/mag\/"},{"@type":"ListItem","position":2,"name":"News","item":"https:\/\/socialdesignmagazine.com\/mag\/news\/"},{"@type":"ListItem","position":3,"name":"Design News","item":"https:\/\/socialdesignmagazine.com\/mag\/news\/design-news\/"},{"@type":"ListItem","position":4,"name":"\u201cGood news from Brazil\u201d: SOLLOS a Palazzo Litta durante la Milano Design Week"}]},{"@type":"WebSite","@id":"https:\/\/socialdesignmagazine.com\/mag\/#website","url":"https:\/\/socialdesignmagazine.com\/mag\/","name":"Social Design Magazine","description":"Social Magazine su Design, Architettura, Arte, Grafica","publisher":{"@id":"https:\/\/socialdesignmagazine.com\/mag\/#organization"},"potentialAction":[{"@type":"SearchAction","target":{"@type":"EntryPoint","urlTemplate":"https:\/\/socialdesignmagazine.com\/mag\/?s={search_term_string}"},"query-input":{"@type":"PropertyValueSpecification","valueRequired":true,"valueName":"search_term_string"}}],"inLanguage":"it-IT"},{"@type":"Organization","@id":"https:\/\/socialdesignmagazine.com\/mag\/#organization","name":"Social Design Magazine","url":"https:\/\/socialdesignmagazine.com\/mag\/","logo":{"@type":"ImageObject","inLanguage":"it-IT","@id":"https:\/\/socialdesignmagazine.com\/mag\/#\/schema\/logo\/image\/","url":"https:\/\/socialdesignmagazine.com\/mag\/wp-content\/uploads\/2017\/01\/logo_favicon_11.png","contentUrl":"https:\/\/socialdesignmagazine.com\/mag\/wp-content\/uploads\/2017\/01\/logo_favicon_11.png","width":1024,"height":1024,"caption":"Social Design Magazine"},"image":{"@id":"https:\/\/socialdesignmagazine.com\/mag\/#\/schema\/logo\/image\/"},"sameAs":["https:\/\/www.facebook.com\/socialdesignmag","https:\/\/x.com\/socialdesignmag","http:\/\/instagram.com\/social_design_magazine\/","http:\/\/pinterest.com\/socialdesignmag\/","http:\/\/www.youtube.com\/user\/socialdesignmagazine"]},{"@type":"Person","@id":"https:\/\/socialdesignmagazine.com\/mag\/#\/schema\/person\/61e20205cc363c315e6aabd33a045846","name":"Benedetto Fiori","image":{"@type":"ImageObject","inLanguage":"it-IT","@id":"https:\/\/secure.gravatar.com\/avatar\/450a48cefa36da63d920ad70aa660bd10725b1c6093800242e5efdb397759033?s=96&d=mm&r=g","url":"https:\/\/secure.gravatar.com\/avatar\/450a48cefa36da63d920ad70aa660bd10725b1c6093800242e5efdb397759033?s=96&d=mm&r=g","contentUrl":"https:\/\/secure.gravatar.com\/avatar\/450a48cefa36da63d920ad70aa660bd10725b1c6093800242e5efdb397759033?s=96&d=mm&r=g","caption":"Benedetto Fiori"},"description":"Web | Twitter | Facebook | Shutterstock Founder &amp; Editor in Chief di Social Design Magazine. Attratto da sempre da tutto ci\u00f2 che \u00e8 creativit\u00e0, design, architettura. Dopo aver studiato Architettura all'Universit\u00e0 di Firenze, si \u00e8 impegnato in molteplici campi: comunicazione grafica, progettazione di allestimenti fieristici, brand design, Interior Design.","sameAs":["http:\/\/benedettofiori.com","https:\/\/www.facebook.com\/benedettofiori","https:\/\/x.com\/benedettofiori"],"url":"https:\/\/socialdesignmagazine.com\/mag\/author\/benedetto\/"}]}},"jetpack_featured_media_url":"https:\/\/socialdesignmagazine.com\/mag\/wp-content\/uploads\/2019\/03\/Windsor-Chair-amb-07.jpg","jetpack_sharing_enabled":true,"jetpack_shortlink":"https:\/\/wp.me\/p6cV7V-9BZ","gt_translate_keys":[{"key":"link","format":"url"}],"_links":{"self":[{"href":"https:\/\/socialdesignmagazine.com\/mag\/wp-json\/wp\/v2\/posts\/36951","targetHints":{"allow":["GET"]}}],"collection":[{"href":"https:\/\/socialdesignmagazine.com\/mag\/wp-json\/wp\/v2\/posts"}],"about":[{"href":"https:\/\/socialdesignmagazine.com\/mag\/wp-json\/wp\/v2\/types\/post"}],"author":[{"embeddable":true,"href":"https:\/\/socialdesignmagazine.com\/mag\/wp-json\/wp\/v2\/users\/1"}],"replies":[{"embeddable":true,"href":"https:\/\/socialdesignmagazine.com\/mag\/wp-json\/wp\/v2\/comments?post=36951"}],"version-history":[{"count":4,"href":"https:\/\/socialdesignmagazine.com\/mag\/wp-json\/wp\/v2\/posts\/36951\/revisions"}],"predecessor-version":[{"id":36988,"href":"https:\/\/socialdesignmagazine.com\/mag\/wp-json\/wp\/v2\/posts\/36951\/revisions\/36988"}],"wp:featuredmedia":[{"embeddable":true,"href":"https:\/\/socialdesignmagazine.com\/mag\/wp-json\/wp\/v2\/media\/36962"}],"wp:attachment":[{"href":"https:\/\/socialdesignmagazine.com\/mag\/wp-json\/wp\/v2\/media?parent=36951"}],"wp:term":[{"taxonomy":"category","embeddable":true,"href":"https:\/\/socialdesignmagazine.com\/mag\/wp-json\/wp\/v2\/categories?post=36951"},{"taxonomy":"post_tag","embeddable":true,"href":"https:\/\/socialdesignmagazine.com\/mag\/wp-json\/wp\/v2\/tags?post=36951"}],"curies":[{"name":"wp","href":"https:\/\/api.w.org\/{rel}","templated":true}]}}