{"id":3715,"date":"2015-05-03T12:00:00","date_gmt":"2015-05-03T10:00:00","guid":{"rendered":"https:\/\/socialdesignmagazine.com\/mag\/s5-architettura\/c34-architettura\/idee-e-tendenze-di-arredamento-progetto-arredamento-monolocale\/"},"modified":"2025-05-05T21:54:19","modified_gmt":"2025-05-05T19:54:19","slug":"idee-e-tendenze-di-arredamento-progetto-arredamento-monolocale","status":"publish","type":"post","link":"https:\/\/socialdesignmagazine.com\/mag\/architettura\/idee-e-tendenze-di-arredamento-progetto-arredamento-monolocale\/","title":{"rendered":"idee e tendenze di arredamento &#8211; progetto arredamento monolocale","gt_translate_keys":[{"key":"rendered","format":"text"}]},"content":{"rendered":"\n<h2 class=\"wp-block-heading\">Il progetto si svolge su una superficie di 50 Mq. In una palazzina di tre piani con vista lago.<\/h2>\n\n\n<div class=\"wp-block-image\">\n<figure class=\"aligncenter\"><img loading=\"lazy\" decoding=\"async\" width=\"490\" height=\"252\" data-attachment-id=\"21636\" data-permalink=\"https:\/\/socialdesignmagazine.com\/mag\/architettura\/idee-e-tendenze-di-arredamento-progetto-arredamento-monolocale\/attachment\/arredamento-monolocale-design-ivan-saccomani-3\/#content\" data-orig-file=\"https:\/\/socialdesignmagazine.com\/mag\/wp-content\/uploads\/2015\/05\/users_saccomani_monolocale_Arredamento-Monolocale-Design-Ivan-Saccomani_3.jpg\" data-orig-size=\"490,252\" data-comments-opened=\"1\" data-image-meta=\"{&quot;aperture&quot;:&quot;0&quot;,&quot;credit&quot;:&quot;&quot;,&quot;camera&quot;:&quot;&quot;,&quot;caption&quot;:&quot;&quot;,&quot;created_timestamp&quot;:&quot;0&quot;,&quot;copyright&quot;:&quot;&quot;,&quot;focal_length&quot;:&quot;0&quot;,&quot;iso&quot;:&quot;0&quot;,&quot;shutter_speed&quot;:&quot;0&quot;,&quot;title&quot;:&quot;&quot;,&quot;orientation&quot;:&quot;0&quot;}\" data-image-title=\"Arredamento Monolocale Design Ivan Saccomani 3\" data-image-description=\"\" data-image-caption=\"\" data-medium-file=\"https:\/\/socialdesignmagazine.com\/mag\/wp-content\/uploads\/2015\/05\/users_saccomani_monolocale_Arredamento-Monolocale-Design-Ivan-Saccomani_3-396x252.jpg\" data-large-file=\"https:\/\/socialdesignmagazine.com\/mag\/wp-content\/uploads\/2015\/05\/users_saccomani_monolocale_Arredamento-Monolocale-Design-Ivan-Saccomani_3.jpg\" src=\"https:\/\/socialdesignmagazine.com\/mag\/wp-content\/uploads\/2015\/05\/users_saccomani_monolocale_Arredamento-Monolocale-Design-Ivan-Saccomani_3.jpg\" alt=\"Arredamento Monolocale Design Ivan Saccomani 3\" class=\"wp-image-21636\"\/><\/figure>\n<\/div>\n\n\n<p><\/p>\n\n\n\n<h2 class=\"wp-block-heading\">CONCEPT + ARREDARE + LA CUCINA<\/h2>\n\n\n\n<p>La conoscenza tecnica e la progettazione di OIKOS sono le radici dalle quali Borna nuova vita. La newkitchenconcept di OIKOS \u00e8 Treestyle, disegnato dal designer Antonio Giacometti, in grado di tradurre in realt\u00e0 il concetto di una cucina con un&#8217;immagine morbida, ma molto forte in concet. Emerge dalla terra con un albero in alluminio cilindrico imponente. I&#8217;ts rami,alluminio meleted, che ruota attorno all&#8217;albero centrale e sostenere i piani di lavoro che eclissano a vicenda, creando un gioco di spazi e forme in continua evoluzione.<br>\nGli accessori, lavello, piano cottura, cappa e tabelle, si intendono &#8220;Treestyle vivente &#8220;con tutti i carismi ergonomici e si adatta perfettamente linee curve dei piani rotanti.<\/p>\n\n\n<div class=\"wp-block-image\">\n<figure class=\"aligncenter\"><img loading=\"lazy\" decoding=\"async\" width=\"491\" height=\"261\" data-attachment-id=\"21637\" data-permalink=\"https:\/\/socialdesignmagazine.com\/mag\/architettura\/idee-e-tendenze-di-arredamento-progetto-arredamento-monolocale\/attachment\/arredamento-monolocale-design-ivan-saccomani-13\/#content\" data-orig-file=\"https:\/\/socialdesignmagazine.com\/mag\/wp-content\/uploads\/2015\/05\/users_saccomani_monolocale_Arredamento-Monolocale-Design-Ivan-Saccomani_13.jpg\" data-orig-size=\"491,261\" data-comments-opened=\"1\" data-image-meta=\"{&quot;aperture&quot;:&quot;0&quot;,&quot;credit&quot;:&quot;&quot;,&quot;camera&quot;:&quot;&quot;,&quot;caption&quot;:&quot;&quot;,&quot;created_timestamp&quot;:&quot;0&quot;,&quot;copyright&quot;:&quot;&quot;,&quot;focal_length&quot;:&quot;0&quot;,&quot;iso&quot;:&quot;0&quot;,&quot;shutter_speed&quot;:&quot;0&quot;,&quot;title&quot;:&quot;&quot;,&quot;orientation&quot;:&quot;0&quot;}\" data-image-title=\"Arredamento Monolocale Design Ivan Saccomani 13\" data-image-description=\"\" data-image-caption=\"\" data-medium-file=\"https:\/\/socialdesignmagazine.com\/mag\/wp-content\/uploads\/2015\/05\/users_saccomani_monolocale_Arredamento-Monolocale-Design-Ivan-Saccomani_13-396x256.jpg\" data-large-file=\"https:\/\/socialdesignmagazine.com\/mag\/wp-content\/uploads\/2015\/05\/users_saccomani_monolocale_Arredamento-Monolocale-Design-Ivan-Saccomani_13.jpg\" src=\"https:\/\/socialdesignmagazine.com\/mag\/wp-content\/uploads\/2015\/05\/users_saccomani_monolocale_Arredamento-Monolocale-Design-Ivan-Saccomani_13.jpg\" alt=\"Arredamento Monolocale Design Ivan Saccomani 13\" class=\"wp-image-21637\"\/><\/figure>\n<\/div>\n\n\n<p><\/p>\n\n\n\n<p>PEDRALI_ MOD.L002S\/BA<\/p>\n\n\n\n<p>Lampada a sospensione con diffusore esterno \u00d8 520 mm in policarbonato trasparente, rosso e giallo trasparente. Il guscio interno, in policarbonato opalino, funge da protezione per la lampadina e diffonde la luce in maniera diffusa. Disponibile anche con diffusore full color bianco e nero. Il diffusore interno \u00e8 sempre e solo bianco.<\/p>\n\n\n\n<p>PORCELANOSA Grupo<br>\nHome Collection<br>\nPavimenti in legno naturale Artisan 1L Woven 19 x 190&#215;1,5 cm<br>\nLegno naturale<\/p>\n\n\n\n<p>\u00c8 difficile trovare un materiale che possa uguagliare in termini di qualit\u00e0 i pavimenti in legno naturale, un materiale nobile di grande bellezza e capace di decorare gli spazi. L\u2019Antic Colonial offre un\u2019ampia variet\u00e0 di legni pregiati, come il rovere francese o l\u2019acero e il ciliegio nordamericano, ma anche altre pi\u00f9 comuni come il faggio o il rovere centroeuropeo. Allo stesso modo, il legno esotico delle zone tropicali conferisce un\u2019elevata resistenza all\u2019umidit\u00e0 e flessibilit\u00e0 ai pavimenti in legno offerti dalla societ\u00e0 del Gruppo Porcelanosa nel proprio catalogo.Inoltre, il legno di L\u2019Antic Colonial si posa con un avanzato sistema di collocazione chiamato Quick-Lock, che permette un\u2019istallazione rapida e pulita, senza la necessit\u00e0 di utilizzare colla e\/o colpi e con una maggior fissazione delle varie parti.<\/p>\n\n\n\n<p>LUALDI<br>\nPorta Filo 55 di Lualdi<\/p>\n\n\n\n<p>Dotata di un battente in tamburato, questa linea di porte abbina alla semplicit\u00e0 della superficie una linea slanciata.<br>\nAttraverso la battuta rovesciata e l\u2019apertura verso l&#8217;interno, la Filo 55 acquisisce un raffinato effetto di linearit\u00e0 con i lati del corridoio.<br>\nDisponibile nelle nuove eleganti finiture,laccato opaco, laccato lucido e legni, la porta assume una natura versatile e si adatta a muratura, cartongesso e sistemi di pareti mobili.<\/p>\n\n\n<div class=\"wp-block-image\">\n<figure class=\"aligncenter\"><img loading=\"lazy\" decoding=\"async\" width=\"505\" height=\"259\" data-attachment-id=\"21635\" data-permalink=\"https:\/\/socialdesignmagazine.com\/mag\/architettura\/idee-e-tendenze-di-arredamento-progetto-arredamento-monolocale\/attachment\/arredamento-monolocale-design-ivan-saccomani-2\/#content\" data-orig-file=\"https:\/\/socialdesignmagazine.com\/mag\/wp-content\/uploads\/2015\/05\/users_saccomani_monolocale_Arredamento-Monolocale-Design-Ivan-Saccomani_2.jpg\" data-orig-size=\"505,259\" data-comments-opened=\"1\" data-image-meta=\"{&quot;aperture&quot;:&quot;0&quot;,&quot;credit&quot;:&quot;&quot;,&quot;camera&quot;:&quot;&quot;,&quot;caption&quot;:&quot;&quot;,&quot;created_timestamp&quot;:&quot;0&quot;,&quot;copyright&quot;:&quot;&quot;,&quot;focal_length&quot;:&quot;0&quot;,&quot;iso&quot;:&quot;0&quot;,&quot;shutter_speed&quot;:&quot;0&quot;,&quot;title&quot;:&quot;&quot;,&quot;orientation&quot;:&quot;0&quot;}\" data-image-title=\"Arredamento Monolocale Design Ivan Saccomani 2\" data-image-description=\"\" data-image-caption=\"\" data-medium-file=\"https:\/\/socialdesignmagazine.com\/mag\/wp-content\/uploads\/2015\/05\/users_saccomani_monolocale_Arredamento-Monolocale-Design-Ivan-Saccomani_2-396x256.jpg\" data-large-file=\"https:\/\/socialdesignmagazine.com\/mag\/wp-content\/uploads\/2015\/05\/users_saccomani_monolocale_Arredamento-Monolocale-Design-Ivan-Saccomani_2.jpg\" src=\"https:\/\/socialdesignmagazine.com\/mag\/wp-content\/uploads\/2015\/05\/users_saccomani_monolocale_Arredamento-Monolocale-Design-Ivan-Saccomani_2.jpg\" alt=\"Arredamento Monolocale Design Ivan Saccomani 2\" class=\"wp-image-21635\"\/><\/figure>\n<\/div>\n\n\n<p><\/p>\n\n\n\n<h3 class=\"wp-block-heading\">Gruppo Letto. SuGiu&nbsp;&nbsp;Design Ivan Saccomani<\/h3>\n\n\n\n<p>LETTO &nbsp;SuGiu Design Ivan Saccomani<br>\nIl letto scende fino a terra, dal soffitto con due cassonetti fissati a soffitto con meccanismo elettrico comandato con telecomando &nbsp;mantenendo la piena vivibilit\u00e0 dell\u2019abitazione .<\/p>\n\n\n<div class=\"wp-block-image\">\n<figure class=\"aligncenter\"><img loading=\"lazy\" decoding=\"async\" width=\"511\" height=\"263\" data-attachment-id=\"21638\" data-permalink=\"https:\/\/socialdesignmagazine.com\/mag\/architettura\/idee-e-tendenze-di-arredamento-progetto-arredamento-monolocale\/attachment\/arredamento-monolocale-design-ivan-saccomani-14\/#content\" data-orig-file=\"https:\/\/socialdesignmagazine.com\/mag\/wp-content\/uploads\/2015\/05\/users_saccomani_monolocale_Arredamento-Monolocale-Design-Ivan-Saccomani_14.jpg\" data-orig-size=\"511,263\" data-comments-opened=\"1\" data-image-meta=\"{&quot;aperture&quot;:&quot;0&quot;,&quot;credit&quot;:&quot;&quot;,&quot;camera&quot;:&quot;&quot;,&quot;caption&quot;:&quot;&quot;,&quot;created_timestamp&quot;:&quot;0&quot;,&quot;copyright&quot;:&quot;&quot;,&quot;focal_length&quot;:&quot;0&quot;,&quot;iso&quot;:&quot;0&quot;,&quot;shutter_speed&quot;:&quot;0&quot;,&quot;title&quot;:&quot;&quot;,&quot;orientation&quot;:&quot;0&quot;}\" data-image-title=\"Arredamento Monolocale Design Ivan Saccomani 14\" data-image-description=\"\" data-image-caption=\"\" data-medium-file=\"https:\/\/socialdesignmagazine.com\/mag\/wp-content\/uploads\/2015\/05\/users_saccomani_monolocale_Arredamento-Monolocale-Design-Ivan-Saccomani_14-396x256.jpg\" data-large-file=\"https:\/\/socialdesignmagazine.com\/mag\/wp-content\/uploads\/2015\/05\/users_saccomani_monolocale_Arredamento-Monolocale-Design-Ivan-Saccomani_14.jpg\" src=\"https:\/\/socialdesignmagazine.com\/mag\/wp-content\/uploads\/2015\/05\/users_saccomani_monolocale_Arredamento-Monolocale-Design-Ivan-Saccomani_14.jpg\" alt=\"Arredamento Monolocale Design Ivan Saccomani 14\" class=\"wp-image-21638\"\/><\/figure>\n<\/div>\n\n\n<p><\/p>\n\n\n\n<p>Arne di B&amp;B Italia<\/p>\n\n\n\n<p>Serie di elementi nati per attrezzare i divani arne e ampliarne le qualit\u00e0 arredative: una libreriaverticale, una pi\u00f9 bassa girevole, un contenitore orizzontale che pu\u00f2 vivere solo o combinarsi con un piano di lavoro, utilizzabile anche come retro-divano perch\u00e9 in grado di seguirne l\u2019andamento curvo, e un tavolo basso. Sono tutti caratterizzati dall\u2019uso del legno curvato e da un gioco di pieni e di vuoti che, associato ai sostegni in tondino d\u2019acciaio, li rende visivamente leggeri.<\/p>\n\n\n\n<p>Particolare letto sollevabile SuGiu con inserimento faretti a Led Osram<br>\nTIME OUT<br>\nLampada da terra in polietilene stampato in rotomoulding produce una luce diffusa grazie al colore bianco opalino.<br>\nLa sua forma lineare la rendono ideale per decorare e illuminare gli scenari pi\u00f9 diversi: il bordo piscina, una terrazza in citt\u00e0, ma anche l&#8217;interno di un&#8217;abitazione.<br>\nPratica da muovere pu\u00f2 essere posizionata in ambienti in cui si rende necessario modificare rapidamente il contesto in funzione delle esigenze.<br>\nWOW 321<br>\nWow \u00e8 un sistema dipouf dalle forme rotonde, quadrate o rettangolari che donano un tocco ironico e casual agli ambienti collettivi e domestici. Disponibili in un\u2019ampia scelta di tessuti e colori, presentano un\u2019imbottitura in schiumato poliuretanico ignifugo.<br>\nBREM<br>\nLa piastra EGON \u00e8 caratterizzata da tubi piatti curvati che richiamano un andamento ondulato con un grande effetto di morbidezza e armonia. Il tubo radiante che determina la forma di Egon \u00e8 leggermente pi\u00f9 grande del tubo piatto tradizionale: la maggiore ampiezza del tubo, resa impercettibile dalla curvatura, aumenta l&#8217;emissione di calore, offrendo quindi maggiori rese caloriche. La piastra Egon pu\u00f2 essere utilizzata sia in verticale che in orizzontale.<\/p>\n\n\n\n<p><span id=\"id\">IL BAGNO: LA STANZA<\/span><\/p>\n\n\n<div class=\"wp-block-image\">\n<figure class=\"aligncenter\"><img loading=\"lazy\" decoding=\"async\" width=\"510\" height=\"268\" data-attachment-id=\"21639\" data-permalink=\"https:\/\/socialdesignmagazine.com\/mag\/architettura\/idee-e-tendenze-di-arredamento-progetto-arredamento-monolocale\/attachment\/arredamento-monolocale-design-ivan-saccomani-9\/#content\" data-orig-file=\"https:\/\/socialdesignmagazine.com\/mag\/wp-content\/uploads\/2015\/05\/users_saccomani_monolocale_Arredamento-Monolocale-Design-Ivan-Saccomani_9.jpg\" data-orig-size=\"510,268\" data-comments-opened=\"1\" data-image-meta=\"{&quot;aperture&quot;:&quot;0&quot;,&quot;credit&quot;:&quot;&quot;,&quot;camera&quot;:&quot;&quot;,&quot;caption&quot;:&quot;&quot;,&quot;created_timestamp&quot;:&quot;0&quot;,&quot;copyright&quot;:&quot;&quot;,&quot;focal_length&quot;:&quot;0&quot;,&quot;iso&quot;:&quot;0&quot;,&quot;shutter_speed&quot;:&quot;0&quot;,&quot;title&quot;:&quot;&quot;,&quot;orientation&quot;:&quot;0&quot;}\" data-image-title=\"Arredamento Monolocale Design Ivan Saccomani 9\" data-image-description=\"\" data-image-caption=\"\" data-medium-file=\"https:\/\/socialdesignmagazine.com\/mag\/wp-content\/uploads\/2015\/05\/users_saccomani_monolocale_Arredamento-Monolocale-Design-Ivan-Saccomani_9-396x256.jpg\" data-large-file=\"https:\/\/socialdesignmagazine.com\/mag\/wp-content\/uploads\/2015\/05\/users_saccomani_monolocale_Arredamento-Monolocale-Design-Ivan-Saccomani_9.jpg\" src=\"https:\/\/socialdesignmagazine.com\/mag\/wp-content\/uploads\/2015\/05\/users_saccomani_monolocale_Arredamento-Monolocale-Design-Ivan-Saccomani_9.jpg\" alt=\"Arredamento Monolocale Design Ivan Saccomani 9\" class=\"wp-image-21639\"\/><\/figure>\n<\/div>\n\n\n<p><\/p>\n\n\n\n<p>Monolite \u00e8 il nuovo concetto di riscaldamento che rivoluziona il tradizionale concetto diriscaldamento del bagno.<br>\nDa un\u2019idea di Fabrizio Batoni nasce Monolite, la completa fusione di calore ed acqua da origine ad una soluzione di riscaldamento unica che consente in poco spazio di arredare eriscaldare la camera da bagno.<br>\nIl termoarredo diventa protagonista, posizionato alcentro della stanza, \u00e8 impreziosito da un contesto tutto nuovo.<br>\nMonolite combina la completa fusione del termoarredo alla rubinetteria ed al soffione doccia, in un unico prodotto Il Monolite integra elegantemente il soffione in acciaio e la rubinetteria, creando una linea minimal adattabile a diversi tipi di ambiente bagno.<br>\nLavasca Mini &#8211; Black di Rapsel.Vasca da bagno free-standing realizzata in cristalplant, colore bianco o nero opaco e in Pietra Portoghese con tappo Up&amp;Down. \u00c8 necessario utilizzare un\u2019erogazione esterna. LAVABO di Rapsel realizzato con doghe diLarice massello La soluzione consente di essere installata anche in bagni preesistenti, grazie alle dimensioni standard disponibili. Sistema da bagno realizzato in legno di Larice. La sua caratteristica \u00e8 quella di celare gli elementi quotidiani del bagno creando superfici d\u2019appoggio o di seduta.<\/p>\n\n\n<div class=\"wp-block-image\">\n<figure class=\"aligncenter\"><img loading=\"lazy\" decoding=\"async\" width=\"390\" height=\"175\" data-attachment-id=\"21640\" data-permalink=\"https:\/\/socialdesignmagazine.com\/mag\/architettura\/idee-e-tendenze-di-arredamento-progetto-arredamento-monolocale\/attachment\/5-14\/#content\" data-orig-file=\"https:\/\/socialdesignmagazine.com\/mag\/wp-content\/uploads\/2015\/05\/users_saccomani_monolocale_5.jpg\" data-orig-size=\"390,175\" data-comments-opened=\"1\" data-image-meta=\"{&quot;aperture&quot;:&quot;0&quot;,&quot;credit&quot;:&quot;&quot;,&quot;camera&quot;:&quot;&quot;,&quot;caption&quot;:&quot;&quot;,&quot;created_timestamp&quot;:&quot;0&quot;,&quot;copyright&quot;:&quot;&quot;,&quot;focal_length&quot;:&quot;0&quot;,&quot;iso&quot;:&quot;0&quot;,&quot;shutter_speed&quot;:&quot;0&quot;,&quot;title&quot;:&quot;&quot;,&quot;orientation&quot;:&quot;0&quot;}\" data-image-title=\"5\" data-image-description=\"\" data-image-caption=\"\" data-medium-file=\"https:\/\/socialdesignmagazine.com\/mag\/wp-content\/uploads\/2015\/05\/users_saccomani_monolocale_5.jpg\" data-large-file=\"https:\/\/socialdesignmagazine.com\/mag\/wp-content\/uploads\/2015\/05\/users_saccomani_monolocale_5.jpg\" src=\"https:\/\/socialdesignmagazine.com\/mag\/wp-content\/uploads\/2015\/05\/users_saccomani_monolocale_5.jpg\" alt=\"5\" class=\"wp-image-21640\"\/><\/figure>\n<\/div>\n\n\n<p><\/p>\n","protected":false,"gt_translate_keys":[{"key":"rendered","format":"html"}]},"excerpt":{"rendered":"<p>Il progetto si svolge su una superficie di 50 Mq. In una palazzina di tre piani con vista lago.<\/p>\n","protected":false,"gt_translate_keys":[{"key":"rendered","format":"html"}]},"author":165,"featured_media":21635,"comment_status":"open","ping_status":"open","sticky":false,"template":"","format":"standard","meta":{"jetpack_post_was_ever_published":false,"_jetpack_newsletter_access":"","_jetpack_dont_email_post_to_subs":false,"_jetpack_newsletter_tier_id":0,"_jetpack_memberships_contains_paywalled_content":false,"_jetpack_memberships_contains_paid_content":false,"footnotes":"","_wpscppro_dont_share_socialmedia":false,"_wpscppro_custom_social_share_image":0,"_facebook_share_type":"","_twitter_share_type":"","_linkedin_share_type":"","_pinterest_share_type":"","_linkedin_share_type_page":"","_instagram_share_type":"","_medium_share_type":"","_threads_share_type":"","_google_business_share_type":"","_selected_social_profile":[],"_wpsp_enable_custom_social_template":false,"_wpsp_social_scheduling":{"enabled":false,"datetime":null,"platforms":[],"status":"template_only","dateOption":"today","timeOption":"now","customDays":"","customHours":"","customDate":"","customTime":"","schedulingType":"absolute"},"_wpsp_active_default_template":true},"categories":[15],"tags":[2292,1886],"class_list":["post-3715","post","type-post","status-publish","format-standard","has-post-thumbnail","hentry","category-architettura","tag-interior-design","tag-monolocale"],"yoast_head":"<!-- This site is optimized with the Yoast SEO plugin v27.2 - https:\/\/yoast.com\/product\/yoast-seo-wordpress\/ -->\n<title>idee e tendenze di arredamento - progetto arredamento monolocale - Social Design Magazine<\/title>\n<meta name=\"description\" content=\"idee e tendenze di arredamento, progetto arredamento monolocale\" \/>\n<meta name=\"robots\" content=\"index, follow, max-snippet:-1, max-image-preview:large, max-video-preview:-1\" \/>\n<link rel=\"canonical\" href=\"https:\/\/socialdesignmagazine.com\/mag\/architettura\/idee-e-tendenze-di-arredamento-progetto-arredamento-monolocale\/\" \/>\n<meta property=\"og:locale\" content=\"it_IT\" \/>\n<meta property=\"og:type\" content=\"article\" \/>\n<meta property=\"og:title\" content=\"idee e tendenze di arredamento - progetto arredamento monolocale - Social Design Magazine\" \/>\n<meta property=\"og:description\" content=\"idee e tendenze di arredamento, progetto arredamento monolocale\" \/>\n<meta property=\"og:url\" content=\"http:\/\/socialdesignmagazine.com\/mag\/architettura\/idee-e-tendenze-di-arredamento-progetto-arredamento-monolocale\/\" \/>\n<meta property=\"og:site_name\" content=\"Social Design Magazine\" \/>\n<meta property=\"article:publisher\" content=\"https:\/\/www.facebook.com\/socialdesignmag\" \/>\n<meta property=\"article:published_time\" content=\"2015-05-03T10:00:00+00:00\" \/>\n<meta property=\"article:modified_time\" content=\"2025-05-05T19:54:19+00:00\" \/>\n<meta property=\"og:image\" content=\"https:\/\/socialdesignmagazine.com\/mag\/wp-content\/uploads\/2015\/05\/users_saccomani_monolocale_Arredamento-Monolocale-Design-Ivan-Saccomani_2.jpg\" \/>\n\t<meta property=\"og:image:width\" content=\"505\" \/>\n\t<meta property=\"og:image:height\" content=\"259\" \/>\n\t<meta property=\"og:image:type\" content=\"image\/jpeg\" \/>\n<meta name=\"author\" content=\"Ivan Saccomani\" \/>\n<meta name=\"twitter:card\" content=\"summary_large_image\" \/>\n<meta name=\"twitter:creator\" content=\"@socialdesignmag\" \/>\n<meta name=\"twitter:site\" content=\"@socialdesignmag\" \/>\n<meta name=\"twitter:label1\" content=\"Scritto da\" \/>\n\t<meta name=\"twitter:data1\" content=\"Ivan Saccomani\" \/>\n\t<meta name=\"twitter:label2\" content=\"Tempo di lettura stimato\" \/>\n\t<meta name=\"twitter:data2\" content=\"7 minuti\" \/>\n<script type=\"application\/ld+json\" class=\"yoast-schema-graph\">{\"@context\":\"https:\/\/schema.org\",\"@graph\":[{\"@type\":\"Article\",\"@id\":\"https:\/\/socialdesignmagazine.com\/mag\/architettura\/idee-e-tendenze-di-arredamento-progetto-arredamento-monolocale\/#article\",\"isPartOf\":{\"@id\":\"https:\/\/socialdesignmagazine.com\/mag\/architettura\/idee-e-tendenze-di-arredamento-progetto-arredamento-monolocale\/\"},\"author\":{\"name\":\"Ivan Saccomani\",\"@id\":\"https:\/\/socialdesignmagazine.com\/mag\/#\/schema\/person\/e358f05d86d1fbe725b943af1a6a094e\"},\"headline\":\"idee e tendenze di arredamento &#8211; progetto arredamento monolocale\",\"datePublished\":\"2015-05-03T10:00:00+00:00\",\"dateModified\":\"2025-05-05T19:54:19+00:00\",\"mainEntityOfPage\":{\"@id\":\"https:\/\/socialdesignmagazine.com\/mag\/architettura\/idee-e-tendenze-di-arredamento-progetto-arredamento-monolocale\/\"},\"wordCount\":920,\"commentCount\":0,\"publisher\":{\"@id\":\"https:\/\/socialdesignmagazine.com\/mag\/#organization\"},\"image\":{\"@id\":\"https:\/\/socialdesignmagazine.com\/mag\/architettura\/idee-e-tendenze-di-arredamento-progetto-arredamento-monolocale\/#primaryimage\"},\"thumbnailUrl\":\"https:\/\/socialdesignmagazine.com\/mag\/wp-content\/uploads\/2015\/05\/users_saccomani_monolocale_Arredamento-Monolocale-Design-Ivan-Saccomani_2.jpg\",\"keywords\":[\"interior design\",\"monolocale\"],\"articleSection\":[\"Architettura\"],\"inLanguage\":\"it-IT\",\"potentialAction\":[{\"@type\":\"CommentAction\",\"name\":\"Comment\",\"target\":[\"https:\/\/socialdesignmagazine.com\/mag\/architettura\/idee-e-tendenze-di-arredamento-progetto-arredamento-monolocale\/#respond\"]}]},{\"@type\":\"WebPage\",\"@id\":\"https:\/\/socialdesignmagazine.com\/mag\/architettura\/idee-e-tendenze-di-arredamento-progetto-arredamento-monolocale\/\",\"url\":\"https:\/\/socialdesignmagazine.com\/mag\/architettura\/idee-e-tendenze-di-arredamento-progetto-arredamento-monolocale\/\",\"name\":\"idee e tendenze di arredamento - progetto arredamento monolocale - Social Design Magazine\",\"isPartOf\":{\"@id\":\"https:\/\/socialdesignmagazine.com\/mag\/#website\"},\"primaryImageOfPage\":{\"@id\":\"https:\/\/socialdesignmagazine.com\/mag\/architettura\/idee-e-tendenze-di-arredamento-progetto-arredamento-monolocale\/#primaryimage\"},\"image\":{\"@id\":\"https:\/\/socialdesignmagazine.com\/mag\/architettura\/idee-e-tendenze-di-arredamento-progetto-arredamento-monolocale\/#primaryimage\"},\"thumbnailUrl\":\"https:\/\/socialdesignmagazine.com\/mag\/wp-content\/uploads\/2015\/05\/users_saccomani_monolocale_Arredamento-Monolocale-Design-Ivan-Saccomani_2.jpg\",\"datePublished\":\"2015-05-03T10:00:00+00:00\",\"dateModified\":\"2025-05-05T19:54:19+00:00\",\"description\":\"idee e tendenze di arredamento, progetto arredamento monolocale\",\"breadcrumb\":{\"@id\":\"https:\/\/socialdesignmagazine.com\/mag\/architettura\/idee-e-tendenze-di-arredamento-progetto-arredamento-monolocale\/#breadcrumb\"},\"inLanguage\":\"it-IT\",\"potentialAction\":[{\"@type\":\"ReadAction\",\"target\":[\"https:\/\/socialdesignmagazine.com\/mag\/architettura\/idee-e-tendenze-di-arredamento-progetto-arredamento-monolocale\/\"]}]},{\"@type\":\"ImageObject\",\"inLanguage\":\"it-IT\",\"@id\":\"https:\/\/socialdesignmagazine.com\/mag\/architettura\/idee-e-tendenze-di-arredamento-progetto-arredamento-monolocale\/#primaryimage\",\"url\":\"https:\/\/socialdesignmagazine.com\/mag\/wp-content\/uploads\/2015\/05\/users_saccomani_monolocale_Arredamento-Monolocale-Design-Ivan-Saccomani_2.jpg\",\"contentUrl\":\"https:\/\/socialdesignmagazine.com\/mag\/wp-content\/uploads\/2015\/05\/users_saccomani_monolocale_Arredamento-Monolocale-Design-Ivan-Saccomani_2.jpg\",\"width\":505,\"height\":259,\"caption\":\"Arredamento Monolocale Design Ivan Saccomani 2\"},{\"@type\":\"BreadcrumbList\",\"@id\":\"https:\/\/socialdesignmagazine.com\/mag\/architettura\/idee-e-tendenze-di-arredamento-progetto-arredamento-monolocale\/#breadcrumb\",\"itemListElement\":[{\"@type\":\"ListItem\",\"position\":1,\"name\":\"Home\",\"item\":\"https:\/\/socialdesignmagazine.com\/mag\/\"},{\"@type\":\"ListItem\",\"position\":2,\"name\":\"Architettura\",\"item\":\"https:\/\/socialdesignmagazine.com\/mag\/architettura\/\"},{\"@type\":\"ListItem\",\"position\":3,\"name\":\"idee e tendenze di arredamento &#8211; progetto arredamento monolocale\"}]},{\"@type\":\"WebSite\",\"@id\":\"https:\/\/socialdesignmagazine.com\/mag\/#website\",\"url\":\"https:\/\/socialdesignmagazine.com\/mag\/\",\"name\":\"Social Design Magazine\",\"description\":\"Social Magazine su Design, Architettura, Arte, Grafica\",\"publisher\":{\"@id\":\"https:\/\/socialdesignmagazine.com\/mag\/#organization\"},\"potentialAction\":[{\"@type\":\"SearchAction\",\"target\":{\"@type\":\"EntryPoint\",\"urlTemplate\":\"https:\/\/socialdesignmagazine.com\/mag\/?s={search_term_string}\"},\"query-input\":{\"@type\":\"PropertyValueSpecification\",\"valueRequired\":true,\"valueName\":\"search_term_string\"}}],\"inLanguage\":\"it-IT\"},{\"@type\":\"Organization\",\"@id\":\"https:\/\/socialdesignmagazine.com\/mag\/#organization\",\"name\":\"Social Design Magazine\",\"url\":\"https:\/\/socialdesignmagazine.com\/mag\/\",\"logo\":{\"@type\":\"ImageObject\",\"inLanguage\":\"it-IT\",\"@id\":\"https:\/\/socialdesignmagazine.com\/mag\/#\/schema\/logo\/image\/\",\"url\":\"https:\/\/socialdesignmagazine.com\/mag\/wp-content\/uploads\/2017\/01\/logo_favicon_11.png\",\"contentUrl\":\"https:\/\/socialdesignmagazine.com\/mag\/wp-content\/uploads\/2017\/01\/logo_favicon_11.png\",\"width\":1024,\"height\":1024,\"caption\":\"Social Design Magazine\"},\"image\":{\"@id\":\"https:\/\/socialdesignmagazine.com\/mag\/#\/schema\/logo\/image\/\"},\"sameAs\":[\"https:\/\/www.facebook.com\/socialdesignmag\",\"https:\/\/x.com\/socialdesignmag\",\"http:\/\/instagram.com\/social_design_magazine\/\",\"http:\/\/pinterest.com\/socialdesignmag\/\",\"http:\/\/www.youtube.com\/user\/socialdesignmagazine\"]},{\"@type\":\"Person\",\"@id\":\"https:\/\/socialdesignmagazine.com\/mag\/#\/schema\/person\/e358f05d86d1fbe725b943af1a6a094e\",\"name\":\"Ivan Saccomani\",\"image\":{\"@type\":\"ImageObject\",\"inLanguage\":\"it-IT\",\"@id\":\"https:\/\/socialdesignmagazine.com\/mag\/wp-content\/uploads\/2016\/02\/designer-Ivan-Saccomani_www.studioarchitettura.info_A-100x66.jpg\",\"url\":\"https:\/\/socialdesignmagazine.com\/mag\/wp-content\/uploads\/2016\/02\/designer-Ivan-Saccomani_www.studioarchitettura.info_A-100x66.jpg\",\"contentUrl\":\"https:\/\/socialdesignmagazine.com\/mag\/wp-content\/uploads\/2016\/02\/designer-Ivan-Saccomani_www.studioarchitettura.info_A-100x66.jpg\",\"caption\":\"Ivan Saccomani\"},\"sameAs\":[\"http:\/\/www.arredamentobar.altervista.org\/\"],\"url\":\"https:\/\/socialdesignmagazine.com\/mag\/author\/magazine-designer1995\/\"}]}<\/script>\n<!-- \/ Yoast SEO plugin. -->","yoast_head_json":{"title":"idee e tendenze di arredamento - progetto arredamento monolocale - Social Design Magazine","description":"idee e tendenze di arredamento, progetto arredamento monolocale","robots":{"index":"index","follow":"follow","max-snippet":"max-snippet:-1","max-image-preview":"max-image-preview:large","max-video-preview":"max-video-preview:-1"},"canonical":"https:\/\/socialdesignmagazine.com\/mag\/architettura\/idee-e-tendenze-di-arredamento-progetto-arredamento-monolocale\/","og_locale":"it_IT","og_type":"article","og_title":"idee e tendenze di arredamento - progetto arredamento monolocale - Social Design Magazine","og_description":"idee e tendenze di arredamento, progetto arredamento monolocale","og_url":"http:\/\/socialdesignmagazine.com\/mag\/architettura\/idee-e-tendenze-di-arredamento-progetto-arredamento-monolocale\/","og_site_name":"Social Design Magazine","article_publisher":"https:\/\/www.facebook.com\/socialdesignmag","article_published_time":"2015-05-03T10:00:00+00:00","article_modified_time":"2025-05-05T19:54:19+00:00","og_image":[{"width":505,"height":259,"url":"https:\/\/socialdesignmagazine.com\/mag\/wp-content\/uploads\/2015\/05\/users_saccomani_monolocale_Arredamento-Monolocale-Design-Ivan-Saccomani_2.jpg","type":"image\/jpeg"}],"author":"Ivan Saccomani","twitter_card":"summary_large_image","twitter_creator":"@socialdesignmag","twitter_site":"@socialdesignmag","twitter_misc":{"Scritto da":"Ivan Saccomani","Tempo di lettura stimato":"7 minuti"},"schema":{"@context":"https:\/\/schema.org","@graph":[{"@type":"Article","@id":"https:\/\/socialdesignmagazine.com\/mag\/architettura\/idee-e-tendenze-di-arredamento-progetto-arredamento-monolocale\/#article","isPartOf":{"@id":"https:\/\/socialdesignmagazine.com\/mag\/architettura\/idee-e-tendenze-di-arredamento-progetto-arredamento-monolocale\/"},"author":{"name":"Ivan Saccomani","@id":"https:\/\/socialdesignmagazine.com\/mag\/#\/schema\/person\/e358f05d86d1fbe725b943af1a6a094e"},"headline":"idee e tendenze di arredamento &#8211; progetto arredamento monolocale","datePublished":"2015-05-03T10:00:00+00:00","dateModified":"2025-05-05T19:54:19+00:00","mainEntityOfPage":{"@id":"https:\/\/socialdesignmagazine.com\/mag\/architettura\/idee-e-tendenze-di-arredamento-progetto-arredamento-monolocale\/"},"wordCount":920,"commentCount":0,"publisher":{"@id":"https:\/\/socialdesignmagazine.com\/mag\/#organization"},"image":{"@id":"https:\/\/socialdesignmagazine.com\/mag\/architettura\/idee-e-tendenze-di-arredamento-progetto-arredamento-monolocale\/#primaryimage"},"thumbnailUrl":"https:\/\/socialdesignmagazine.com\/mag\/wp-content\/uploads\/2015\/05\/users_saccomani_monolocale_Arredamento-Monolocale-Design-Ivan-Saccomani_2.jpg","keywords":["interior design","monolocale"],"articleSection":["Architettura"],"inLanguage":"it-IT","potentialAction":[{"@type":"CommentAction","name":"Comment","target":["https:\/\/socialdesignmagazine.com\/mag\/architettura\/idee-e-tendenze-di-arredamento-progetto-arredamento-monolocale\/#respond"]}]},{"@type":"WebPage","@id":"https:\/\/socialdesignmagazine.com\/mag\/architettura\/idee-e-tendenze-di-arredamento-progetto-arredamento-monolocale\/","url":"https:\/\/socialdesignmagazine.com\/mag\/architettura\/idee-e-tendenze-di-arredamento-progetto-arredamento-monolocale\/","name":"idee e tendenze di arredamento - progetto arredamento monolocale - Social Design Magazine","isPartOf":{"@id":"https:\/\/socialdesignmagazine.com\/mag\/#website"},"primaryImageOfPage":{"@id":"https:\/\/socialdesignmagazine.com\/mag\/architettura\/idee-e-tendenze-di-arredamento-progetto-arredamento-monolocale\/#primaryimage"},"image":{"@id":"https:\/\/socialdesignmagazine.com\/mag\/architettura\/idee-e-tendenze-di-arredamento-progetto-arredamento-monolocale\/#primaryimage"},"thumbnailUrl":"https:\/\/socialdesignmagazine.com\/mag\/wp-content\/uploads\/2015\/05\/users_saccomani_monolocale_Arredamento-Monolocale-Design-Ivan-Saccomani_2.jpg","datePublished":"2015-05-03T10:00:00+00:00","dateModified":"2025-05-05T19:54:19+00:00","description":"idee e tendenze di arredamento, progetto arredamento monolocale","breadcrumb":{"@id":"https:\/\/socialdesignmagazine.com\/mag\/architettura\/idee-e-tendenze-di-arredamento-progetto-arredamento-monolocale\/#breadcrumb"},"inLanguage":"it-IT","potentialAction":[{"@type":"ReadAction","target":["https:\/\/socialdesignmagazine.com\/mag\/architettura\/idee-e-tendenze-di-arredamento-progetto-arredamento-monolocale\/"]}]},{"@type":"ImageObject","inLanguage":"it-IT","@id":"https:\/\/socialdesignmagazine.com\/mag\/architettura\/idee-e-tendenze-di-arredamento-progetto-arredamento-monolocale\/#primaryimage","url":"https:\/\/socialdesignmagazine.com\/mag\/wp-content\/uploads\/2015\/05\/users_saccomani_monolocale_Arredamento-Monolocale-Design-Ivan-Saccomani_2.jpg","contentUrl":"https:\/\/socialdesignmagazine.com\/mag\/wp-content\/uploads\/2015\/05\/users_saccomani_monolocale_Arredamento-Monolocale-Design-Ivan-Saccomani_2.jpg","width":505,"height":259,"caption":"Arredamento Monolocale Design Ivan Saccomani 2"},{"@type":"BreadcrumbList","@id":"https:\/\/socialdesignmagazine.com\/mag\/architettura\/idee-e-tendenze-di-arredamento-progetto-arredamento-monolocale\/#breadcrumb","itemListElement":[{"@type":"ListItem","position":1,"name":"Home","item":"https:\/\/socialdesignmagazine.com\/mag\/"},{"@type":"ListItem","position":2,"name":"Architettura","item":"https:\/\/socialdesignmagazine.com\/mag\/architettura\/"},{"@type":"ListItem","position":3,"name":"idee e tendenze di arredamento &#8211; progetto arredamento monolocale"}]},{"@type":"WebSite","@id":"https:\/\/socialdesignmagazine.com\/mag\/#website","url":"https:\/\/socialdesignmagazine.com\/mag\/","name":"Social Design Magazine","description":"Social Magazine su Design, Architettura, Arte, Grafica","publisher":{"@id":"https:\/\/socialdesignmagazine.com\/mag\/#organization"},"potentialAction":[{"@type":"SearchAction","target":{"@type":"EntryPoint","urlTemplate":"https:\/\/socialdesignmagazine.com\/mag\/?s={search_term_string}"},"query-input":{"@type":"PropertyValueSpecification","valueRequired":true,"valueName":"search_term_string"}}],"inLanguage":"it-IT"},{"@type":"Organization","@id":"https:\/\/socialdesignmagazine.com\/mag\/#organization","name":"Social Design Magazine","url":"https:\/\/socialdesignmagazine.com\/mag\/","logo":{"@type":"ImageObject","inLanguage":"it-IT","@id":"https:\/\/socialdesignmagazine.com\/mag\/#\/schema\/logo\/image\/","url":"https:\/\/socialdesignmagazine.com\/mag\/wp-content\/uploads\/2017\/01\/logo_favicon_11.png","contentUrl":"https:\/\/socialdesignmagazine.com\/mag\/wp-content\/uploads\/2017\/01\/logo_favicon_11.png","width":1024,"height":1024,"caption":"Social Design Magazine"},"image":{"@id":"https:\/\/socialdesignmagazine.com\/mag\/#\/schema\/logo\/image\/"},"sameAs":["https:\/\/www.facebook.com\/socialdesignmag","https:\/\/x.com\/socialdesignmag","http:\/\/instagram.com\/social_design_magazine\/","http:\/\/pinterest.com\/socialdesignmag\/","http:\/\/www.youtube.com\/user\/socialdesignmagazine"]},{"@type":"Person","@id":"https:\/\/socialdesignmagazine.com\/mag\/#\/schema\/person\/e358f05d86d1fbe725b943af1a6a094e","name":"Ivan Saccomani","image":{"@type":"ImageObject","inLanguage":"it-IT","@id":"https:\/\/socialdesignmagazine.com\/mag\/wp-content\/uploads\/2016\/02\/designer-Ivan-Saccomani_www.studioarchitettura.info_A-100x66.jpg","url":"https:\/\/socialdesignmagazine.com\/mag\/wp-content\/uploads\/2016\/02\/designer-Ivan-Saccomani_www.studioarchitettura.info_A-100x66.jpg","contentUrl":"https:\/\/socialdesignmagazine.com\/mag\/wp-content\/uploads\/2016\/02\/designer-Ivan-Saccomani_www.studioarchitettura.info_A-100x66.jpg","caption":"Ivan Saccomani"},"sameAs":["http:\/\/www.arredamentobar.altervista.org\/"],"url":"https:\/\/socialdesignmagazine.com\/mag\/author\/magazine-designer1995\/"}]}},"jetpack_featured_media_url":"https:\/\/socialdesignmagazine.com\/mag\/wp-content\/uploads\/2015\/05\/users_saccomani_monolocale_Arredamento-Monolocale-Design-Ivan-Saccomani_2.jpg","jetpack_sharing_enabled":true,"jetpack_shortlink":"https:\/\/wp.me\/p6cV7V-XV","gt_translate_keys":[{"key":"link","format":"url"}],"_links":{"self":[{"href":"https:\/\/socialdesignmagazine.com\/mag\/wp-json\/wp\/v2\/posts\/3715","targetHints":{"allow":["GET"]}}],"collection":[{"href":"https:\/\/socialdesignmagazine.com\/mag\/wp-json\/wp\/v2\/posts"}],"about":[{"href":"https:\/\/socialdesignmagazine.com\/mag\/wp-json\/wp\/v2\/types\/post"}],"author":[{"embeddable":true,"href":"https:\/\/socialdesignmagazine.com\/mag\/wp-json\/wp\/v2\/users\/165"}],"replies":[{"embeddable":true,"href":"https:\/\/socialdesignmagazine.com\/mag\/wp-json\/wp\/v2\/comments?post=3715"}],"version-history":[{"count":2,"href":"https:\/\/socialdesignmagazine.com\/mag\/wp-json\/wp\/v2\/posts\/3715\/revisions"}],"predecessor-version":[{"id":64868,"href":"https:\/\/socialdesignmagazine.com\/mag\/wp-json\/wp\/v2\/posts\/3715\/revisions\/64868"}],"wp:featuredmedia":[{"embeddable":true,"href":"https:\/\/socialdesignmagazine.com\/mag\/wp-json\/wp\/v2\/media\/21635"}],"wp:attachment":[{"href":"https:\/\/socialdesignmagazine.com\/mag\/wp-json\/wp\/v2\/media?parent=3715"}],"wp:term":[{"taxonomy":"category","embeddable":true,"href":"https:\/\/socialdesignmagazine.com\/mag\/wp-json\/wp\/v2\/categories?post=3715"},{"taxonomy":"post_tag","embeddable":true,"href":"https:\/\/socialdesignmagazine.com\/mag\/wp-json\/wp\/v2\/tags?post=3715"}],"curies":[{"name":"wp","href":"https:\/\/api.w.org\/{rel}","templated":true}]}}