{"id":3744,"date":"2015-05-09T10:00:00","date_gmt":"2015-05-09T08:00:00","guid":{"rendered":"https:\/\/socialdesignmagazine.com\/mag\/s5-architettura\/c34-architettura\/2015-05-08-16-14-06\/"},"modified":"2025-05-10T14:46:34","modified_gmt":"2025-05-10T12:46:34","slug":"2015-05-08-16-14-06","status":"publish","type":"post","link":"https:\/\/socialdesignmagazine.com\/mag\/architettura\/2015-05-08-16-14-06\/","title":{"rendered":"Affascinante facciata nera in DuPontTM Corian\u00ae  per l\u2019Afrykarium dello zoo di Wroclaw, Polonia","gt_translate_keys":[{"key":"rendered","format":"text"}]},"content":{"rendered":"\n<h2 class=\"wp-block-heading\">In Polonia, dalla fine del 2014, lo zoo di Wroclaw propone l&#8217;Afrykarium, un oceanario, il primo del genere in Europa, dove \u00e8 possibile ammirare esempi di flora e fauna del continente africano.<\/h2>\n\n\n\n<p>La facciata dell&#8217;edificio che ospita l&#8217;Afrykarium \u00e8 una novit\u00e0 come il suo contenuto: \u00e8 realizzata con 6000 metri quadrati di tecno-superficie DuPontTM Corian\u00ae, marchio di fama mondiale, leader tra i materiali ad alte prestazioni funzionali ed estetiche per architettura e design.<\/p>\n\n\n<div class=\"wp-block-image\">\n<figure class=\"aligncenter\"><img loading=\"lazy\" decoding=\"async\" width=\"720\" height=\"887\" data-attachment-id=\"21827\" data-permalink=\"https:\/\/socialdesignmagazine.com\/mag\/architettura\/2015-05-08-16-14-06\/attachment\/afrykarium-dupont-corian-fot-arc2fabrykaprojektowa-01\/#content\" data-orig-file=\"https:\/\/socialdesignmagazine.com\/mag\/wp-content\/uploads\/2015\/05\/benedetto_corian_afrykarium_Afrykarium_DuPont_Corian_fot-ArC2FabrykaProjektowa_01-.jpg\" data-orig-size=\"720,887\" data-comments-opened=\"1\" data-image-meta=\"{&quot;aperture&quot;:&quot;0&quot;,&quot;credit&quot;:&quot;Maciej Lulko      foto-ml.pl&quot;,&quot;camera&quot;:&quot;&quot;,&quot;caption&quot;:&quot;&quot;,&quot;created_timestamp&quot;:&quot;0&quot;,&quot;copyright&quot;:&quot;&quot;,&quot;focal_length&quot;:&quot;0&quot;,&quot;iso&quot;:&quot;0&quot;,&quot;shutter_speed&quot;:&quot;0&quot;,&quot;title&quot;:&quot;&quot;,&quot;orientation&quot;:&quot;1&quot;}\" data-image-title=\"Afrykarium DuPont Corian fot ArC2FabrykaProjektowa 01\" data-image-description=\"\" data-image-caption=\"\" data-medium-file=\"https:\/\/socialdesignmagazine.com\/mag\/wp-content\/uploads\/2015\/05\/benedetto_corian_afrykarium_Afrykarium_DuPont_Corian_fot-ArC2FabrykaProjektowa_01--396x256.jpg\" data-large-file=\"https:\/\/socialdesignmagazine.com\/mag\/wp-content\/uploads\/2015\/05\/benedetto_corian_afrykarium_Afrykarium_DuPont_Corian_fot-ArC2FabrykaProjektowa_01-.jpg\" src=\"https:\/\/socialdesignmagazine.com\/mag\/wp-content\/uploads\/2015\/05\/benedetto_corian_afrykarium_Afrykarium_DuPont_Corian_fot-ArC2FabrykaProjektowa_01-.jpg\" alt=\"Afrykarium DuPont Corian fot ArC2FabrykaProjektowa 01 \" class=\"wp-image-21827\"\/><\/figure>\n<\/div>\n\n\n<p><\/p>\n\n\n\n<p>L&#8217;Afrykarium \u00e8 in grado di attirare in un anno fino a tre milioni di visitatori provenienti da tutta Europa. I visitatori dell&#8217;Afrykarium possono entusiasmarsi davanti a piante e animali che vivono in Africa, nell&#8217;ambiente del Nilo, dei laghi della Great Rift Valley, del Mar Rosso, del Canale del Mozambico, della costa della Namibia e della giungla del Congo. All&#8217;interno di 19 acquari e vasche riempiti con circa 15 milioni di litri d&#8217;acqua, vivono infatti cento specie di animali africani.<\/p>\n\n\n\n<p>Radoslaw Ratajszczak, presidente dello zoo di Wroclaw, commenta, &#8220;L&#8217;Afrykarium dimostra che \u00e8 possibile sognare. Sono un amante degli animali e sono appassionato alla mia professione. Nell&#8217;arco di sette anni sono riuscito a realizzare investimenti per circa 300 milioni di zloty polacchi (73 milioni di euro) tra cui l&#8217;Afrykarium, il primo oceanario in Polonia, una struttura unica al mondo, dedicata esclusivamente a flora e fauna africane.&#8221;<\/p>\n\n\n<div class=\"wp-block-image\">\n<figure class=\"aligncenter\"><img loading=\"lazy\" decoding=\"async\" width=\"720\" height=\"480\" data-attachment-id=\"21828\" data-permalink=\"https:\/\/socialdesignmagazine.com\/mag\/architettura\/2015-05-08-16-14-06\/attachment\/afrykarium-dupont-corian-fot-arc2fabrykaprojektowa-02\/#content\" data-orig-file=\"https:\/\/socialdesignmagazine.com\/mag\/wp-content\/uploads\/2015\/05\/benedetto_corian_afrykarium_Afrykarium_DuPont_Corian_fot-ArC2FabrykaProjektowa_02.jpg\" data-orig-size=\"720,480\" data-comments-opened=\"1\" data-image-meta=\"{&quot;aperture&quot;:&quot;0&quot;,&quot;credit&quot;:&quot;&quot;,&quot;camera&quot;:&quot;&quot;,&quot;caption&quot;:&quot;&quot;,&quot;created_timestamp&quot;:&quot;0&quot;,&quot;copyright&quot;:&quot;&quot;,&quot;focal_length&quot;:&quot;0&quot;,&quot;iso&quot;:&quot;0&quot;,&quot;shutter_speed&quot;:&quot;0&quot;,&quot;title&quot;:&quot;&quot;,&quot;orientation&quot;:&quot;0&quot;}\" data-image-title=\"Afrykarium DuPont Corian fot ArC2FabrykaProjektowa 02\" data-image-description=\"\" data-image-caption=\"\" data-medium-file=\"https:\/\/socialdesignmagazine.com\/mag\/wp-content\/uploads\/2015\/05\/benedetto_corian_afrykarium_Afrykarium_DuPont_Corian_fot-ArC2FabrykaProjektowa_02-396x256.jpg\" data-large-file=\"https:\/\/socialdesignmagazine.com\/mag\/wp-content\/uploads\/2015\/05\/benedetto_corian_afrykarium_Afrykarium_DuPont_Corian_fot-ArC2FabrykaProjektowa_02.jpg\" src=\"https:\/\/socialdesignmagazine.com\/mag\/wp-content\/uploads\/2015\/05\/benedetto_corian_afrykarium_Afrykarium_DuPont_Corian_fot-ArC2FabrykaProjektowa_02.jpg\" alt=\"Afrykarium DuPont Corian fot ArC2FabrykaProjektowa 02\" class=\"wp-image-21828\" srcset=\"https:\/\/socialdesignmagazine.com\/mag\/wp-content\/uploads\/2015\/05\/benedetto_corian_afrykarium_Afrykarium_DuPont_Corian_fot-ArC2FabrykaProjektowa_02.jpg 720w, https:\/\/socialdesignmagazine.com\/mag\/wp-content\/uploads\/2015\/05\/benedetto_corian_afrykarium_Afrykarium_DuPont_Corian_fot-ArC2FabrykaProjektowa_02-100x66.jpg 100w\" sizes=\"auto, (max-width: 720px) 100vw, 720px\" \/><\/figure>\n<\/div>\n\n\n<p><\/p>\n\n\n\n<p>Il nuovo edificio costruito appositamente per ospitare l&#8217;Afrykarium \u00e8 lungo 160 metri e largo 54 metri e ha un&#8217;altezza di 15 metri. La facciata presenta cinque diversi habitat e le acque vivificanti dell&#8217;Africa. La sua forma ricorda &#8220;una grande onda nera che sovrasta l&#8217;ingresso,&#8221; come descrive l&#8217;architetto Dorota Szlachcic di ArC2 Fabryka Projektowa, lo studio di architettura autore del progetto. La facciata di colore nero \u00e8 stata realizzata con pannelli di tecno-superficie DuPontTM Corian\u00ae nella tonalit\u00e0 nera denominata Nocturne.<\/p>\n\n\n<div class=\"wp-block-image\">\n<figure class=\"aligncenter\"><img loading=\"lazy\" decoding=\"async\" width=\"720\" height=\"480\" data-attachment-id=\"21829\" data-permalink=\"https:\/\/socialdesignmagazine.com\/mag\/architettura\/2015-05-08-16-14-06\/attachment\/afrykarium-dupont-corian-fot-arc2fabrykaprojektowa-03\/#content\" data-orig-file=\"https:\/\/socialdesignmagazine.com\/mag\/wp-content\/uploads\/2015\/05\/benedetto_corian_afrykarium_Afrykarium_DuPont_Corian_fot-ArC2FabrykaProjektowa_03-.jpg\" data-orig-size=\"720,480\" data-comments-opened=\"1\" data-image-meta=\"{&quot;aperture&quot;:&quot;0&quot;,&quot;credit&quot;:&quot;&quot;,&quot;camera&quot;:&quot;&quot;,&quot;caption&quot;:&quot;&quot;,&quot;created_timestamp&quot;:&quot;0&quot;,&quot;copyright&quot;:&quot;&quot;,&quot;focal_length&quot;:&quot;0&quot;,&quot;iso&quot;:&quot;0&quot;,&quot;shutter_speed&quot;:&quot;0&quot;,&quot;title&quot;:&quot;&quot;,&quot;orientation&quot;:&quot;1&quot;}\" data-image-title=\"Afrykarium DuPont Corian fot ArC2FabrykaProjektowa 03\" data-image-description=\"\" data-image-caption=\"\" data-medium-file=\"https:\/\/socialdesignmagazine.com\/mag\/wp-content\/uploads\/2015\/05\/benedetto_corian_afrykarium_Afrykarium_DuPont_Corian_fot-ArC2FabrykaProjektowa_03--396x256.jpg\" data-large-file=\"https:\/\/socialdesignmagazine.com\/mag\/wp-content\/uploads\/2015\/05\/benedetto_corian_afrykarium_Afrykarium_DuPont_Corian_fot-ArC2FabrykaProjektowa_03-.jpg\" src=\"https:\/\/socialdesignmagazine.com\/mag\/wp-content\/uploads\/2015\/05\/benedetto_corian_afrykarium_Afrykarium_DuPont_Corian_fot-ArC2FabrykaProjektowa_03-.jpg\" alt=\"Afrykarium DuPont Corian fot ArC2FabrykaProjektowa 03 \" class=\"wp-image-21829\" srcset=\"https:\/\/socialdesignmagazine.com\/mag\/wp-content\/uploads\/2015\/05\/benedetto_corian_afrykarium_Afrykarium_DuPont_Corian_fot-ArC2FabrykaProjektowa_03-.jpg 720w, https:\/\/socialdesignmagazine.com\/mag\/wp-content\/uploads\/2015\/05\/benedetto_corian_afrykarium_Afrykarium_DuPont_Corian_fot-ArC2FabrykaProjektowa_03--100x66.jpg 100w\" sizes=\"auto, (max-width: 720px) 100vw, 720px\" \/><\/figure>\n<\/div>\n\n\n<p><\/p>\n\n\n\n<p>L&#8217;architetto Dorota Szlachcic di ArC2 Fabryka Projektowa spiega: <em>&#8220;il progetto in origine prevedeva la realizzazione di un rivestimento nero dell&#8217;edificio principale dell&#8217;Afrykarium in malta gunite B37, dello spessore di 8 centimetri, utilizzando lastre di 15 metri quadrati di basalto, levigate e lucidate. Dopo aver eseguito una serie di prototipi e sviluppato la tecnologia di produzione, si \u00e8 scoperto che solo il processo di macinazione sarebbe durato oltre un anno e mezzo, durata non accettabile per lo zoo, nelle immediate vicinanze di animali.<\/em><\/p>\n\n\n\n<p><em>Inoltre, la fisica dell&#8217;edificio con questa disposizione avrebbe presentato una serie di difficolt\u00e0 tecniche originate dalla mancanza di spazi d&#8217;aria tra calcestruzzo e parete.&#8221; &#8220;Abbiamo quindi iniziato la ricerca di una soluzione alternativa e le priorit\u00e0 erano: pannelli di colore nero, di grandi dimensioni, capaci di soddisfare le specifiche esigenze di fisica delle costruzioni, il loro comportamento a contatto con l&#8217;acqua potabile, la loro velocit\u00e0 di realizzazione e la lunga durata. Nel frattempo, la tecno-superficie DuPontTM Corian\u00ae \u00e8 stata certificata da ITB come materiale con resistenza al fuoco B-s1, d0 e questo ci ha permesso di iniziare i test di applicazione alla facciata e in parte al tetto.&#8221;<\/em> prosegue l&#8217;architetto Dorota Szlachcic.<\/p>\n\n\n\n<p><em>&#8220;DuPontTM Corian\u00ae ha soddisfatto tutte queste esigenze: bello, perfettamente nero, dalla superficie lucida, caratterizzato dalla possibilit\u00e0 di effettuare i tagli organici necessari per i giunti di dilatazione, e capace di offrire sicurezza e velocit\u00e0 di montaggio. L&#8217;acqua piovana fuoriesce e finisce nelle vasche con gli animali senza rilasciare sostanze nocive, condizione di fondamentale importanza per i biologi. Inoltre, le intercapedini d&#8217;aria consentono l&#8217;evaporazione dell&#8217;acqua dall&#8217;interno di un edificio con umidit\u00e0 pari all&#8217;80 percento ! &#8220;<\/em> conclude l&#8217;architetto Dorota Szlachcic.<\/p>\n\n\n<div class=\"wp-block-image\">\n<figure class=\"aligncenter\"><img loading=\"lazy\" decoding=\"async\" width=\"720\" height=\"537\" data-attachment-id=\"21830\" data-permalink=\"https:\/\/socialdesignmagazine.com\/mag\/architettura\/2015-05-08-16-14-06\/attachment\/afrykarium-dupont-corian-fot-arc2fabrykaprojektowa-05\/#content\" data-orig-file=\"https:\/\/socialdesignmagazine.com\/mag\/wp-content\/uploads\/2015\/05\/benedetto_corian_afrykarium_Afrykarium_DuPont_Corian_fot-ArC2FabrykaProjektowa_05.jpg\" data-orig-size=\"720,537\" data-comments-opened=\"1\" data-image-meta=\"{&quot;aperture&quot;:&quot;2.8&quot;,&quot;credit&quot;:&quot;&quot;,&quot;camera&quot;:&quot;iPhone 4&quot;,&quot;caption&quot;:&quot;&quot;,&quot;created_timestamp&quot;:&quot;1395827223&quot;,&quot;copyright&quot;:&quot;&quot;,&quot;focal_length&quot;:&quot;3.85&quot;,&quot;iso&quot;:&quot;100&quot;,&quot;shutter_speed&quot;:&quot;0.00833333333333&quot;,&quot;title&quot;:&quot;&quot;,&quot;orientation&quot;:&quot;0&quot;}\" data-image-title=\"Afrykarium DuPont Corian fot ArC2FabrykaProjektowa 05\" data-image-description=\"\" data-image-caption=\"\" data-medium-file=\"https:\/\/socialdesignmagazine.com\/mag\/wp-content\/uploads\/2015\/05\/benedetto_corian_afrykarium_Afrykarium_DuPont_Corian_fot-ArC2FabrykaProjektowa_05-396x256.jpg\" data-large-file=\"https:\/\/socialdesignmagazine.com\/mag\/wp-content\/uploads\/2015\/05\/benedetto_corian_afrykarium_Afrykarium_DuPont_Corian_fot-ArC2FabrykaProjektowa_05.jpg\" src=\"https:\/\/socialdesignmagazine.com\/mag\/wp-content\/uploads\/2015\/05\/benedetto_corian_afrykarium_Afrykarium_DuPont_Corian_fot-ArC2FabrykaProjektowa_05.jpg\" alt=\"Afrykarium DuPont Corian fot ArC2FabrykaProjektowa 05\" class=\"wp-image-21830\"\/><\/figure>\n<\/div>\n\n\n<p><\/p>\n\n\n\n<p>Un elemento importante relativo all&#8217;installazione della facciata riguardava il calcolo dell&#8217;espansione di DuPontTM Corian\u00ae di 3 millimetri per metro. La struttura su cui sono installati i pannelli in DuPontTM Corian\u00ae doveva consentirne un certo movimento. Giunti di dilatazione di due centimetri sono stati previsti tra i grandi pannelli di 5 metri per 3,6 metri.<\/p>\n\n\n\n<p>La societ\u00e0 polacca CCI, dotata di grande esperienza nella lavorazione di DuPontTM Corian\u00ae, ha debuttato con questo importante progetto nella costruzione di una facciata realizzata con questo materiale. La sfida pi\u00f9 grande \u00e8 stata la realizzazione senza sbavature di enormi pannelli trapezoidali in DuPontTM Corian\u00ae, diversi l&#8217;uno dall&#8217;altro.<\/p>\n\n\n<div class=\"wp-block-image\">\n<figure class=\"aligncenter\"><img loading=\"lazy\" decoding=\"async\" width=\"720\" height=\"856\" data-attachment-id=\"21831\" data-permalink=\"https:\/\/socialdesignmagazine.com\/mag\/architettura\/2015-05-08-16-14-06\/attachment\/afrykarium-dupont-corian-fot-arc2fabrykaprojektowa-06\/#content\" data-orig-file=\"https:\/\/socialdesignmagazine.com\/mag\/wp-content\/uploads\/2015\/05\/benedetto_corian_afrykarium_Afrykarium_DuPont_Corian_fot-ArC2FabrykaProjektowa_06-.jpg\" data-orig-size=\"720,856\" data-comments-opened=\"1\" data-image-meta=\"{&quot;aperture&quot;:&quot;0&quot;,&quot;credit&quot;:&quot;Maciej Lulko      foto-ml.pl&quot;,&quot;camera&quot;:&quot;&quot;,&quot;caption&quot;:&quot;&quot;,&quot;created_timestamp&quot;:&quot;0&quot;,&quot;copyright&quot;:&quot;&quot;,&quot;focal_length&quot;:&quot;0&quot;,&quot;iso&quot;:&quot;0&quot;,&quot;shutter_speed&quot;:&quot;0&quot;,&quot;title&quot;:&quot;&quot;,&quot;orientation&quot;:&quot;1&quot;}\" data-image-title=\"Afrykarium DuPont Corian fot ArC2FabrykaProjektowa 06\" data-image-description=\"\" data-image-caption=\"\" data-medium-file=\"https:\/\/socialdesignmagazine.com\/mag\/wp-content\/uploads\/2015\/05\/benedetto_corian_afrykarium_Afrykarium_DuPont_Corian_fot-ArC2FabrykaProjektowa_06--396x256.jpg\" data-large-file=\"https:\/\/socialdesignmagazine.com\/mag\/wp-content\/uploads\/2015\/05\/benedetto_corian_afrykarium_Afrykarium_DuPont_Corian_fot-ArC2FabrykaProjektowa_06-.jpg\" src=\"https:\/\/socialdesignmagazine.com\/mag\/wp-content\/uploads\/2015\/05\/benedetto_corian_afrykarium_Afrykarium_DuPont_Corian_fot-ArC2FabrykaProjektowa_06-.jpg\" alt=\"Afrykarium DuPont Corian fot ArC2FabrykaProjektowa 06 \" class=\"wp-image-21831\"\/><\/figure>\n<\/div>\n\n\n<p><\/p>\n\n\n\n<p>Molto complessa inoltre \u00e8 stata la fabbricazione delle copertura del muro nord dell&#8217;edificio: 2000 metri quadrati di pannelli in DuPontTM Corian\u00ae parzialmente curvati all&#8217;altezza del tetto, come a smussarne l&#8217;angolo in un semiarco. Questi pannelli hanno richiesto l&#8217;esecuzione di complesse soluzioni di modellatura e termoformatura.<\/p>\n\n\n\n<p>La sottostruttura \u00e8 costituita da componenti in acciaio zincato sui quali sono stati montati i pannelli in DuPontTM Corian\u00ae. Questa soluzione ha permesso di alleggerire il carico originato dai pannelli (alcuni di loro pesano fino a 500 chilogrammi) e del vento. La sottostruttura riduce anche i movimenti termici, che possono arrivare a un differenziale di 20 millimetri. Lo stesso sistema \u00e8 stato adottato anche nella parte dell\u2019edificio coperta da pannelli curvi. Occorre ricordare che questi pannelli sagomati funzionano in modo diverso da quelli piatti.<\/p>\n\n\n<div class=\"wp-block-image\">\n<figure class=\"aligncenter\"><img loading=\"lazy\" decoding=\"async\" width=\"720\" height=\"963\" data-attachment-id=\"21832\" data-permalink=\"https:\/\/socialdesignmagazine.com\/mag\/architettura\/2015-05-08-16-14-06\/attachment\/afrykarium-dupont-corian-fot-arc2fabrykaprojektowa-04\/#content\" data-orig-file=\"https:\/\/socialdesignmagazine.com\/mag\/wp-content\/uploads\/2015\/05\/benedetto_corian_afrykarium_Afrykarium_DuPont_Corian_fot-ArC2FabrykaProjektowa_04.jpg\" data-orig-size=\"720,963\" data-comments-opened=\"1\" data-image-meta=\"{&quot;aperture&quot;:&quot;2.8&quot;,&quot;credit&quot;:&quot;&quot;,&quot;camera&quot;:&quot;iPhone 4&quot;,&quot;caption&quot;:&quot;&quot;,&quot;created_timestamp&quot;:&quot;1394013366&quot;,&quot;copyright&quot;:&quot;&quot;,&quot;focal_length&quot;:&quot;3.85&quot;,&quot;iso&quot;:&quot;80&quot;,&quot;shutter_speed&quot;:&quot;0.00381679389313&quot;,&quot;title&quot;:&quot;&quot;,&quot;orientation&quot;:&quot;0&quot;}\" data-image-title=\"Afrykarium DuPont Corian fot-ArC2FabrykaProjektowa 04\" data-image-description=\"\" data-image-caption=\"\" data-medium-file=\"https:\/\/socialdesignmagazine.com\/mag\/wp-content\/uploads\/2015\/05\/benedetto_corian_afrykarium_Afrykarium_DuPont_Corian_fot-ArC2FabrykaProjektowa_04-396x256.jpg\" data-large-file=\"https:\/\/socialdesignmagazine.com\/mag\/wp-content\/uploads\/2015\/05\/benedetto_corian_afrykarium_Afrykarium_DuPont_Corian_fot-ArC2FabrykaProjektowa_04.jpg\" src=\"https:\/\/socialdesignmagazine.com\/mag\/wp-content\/uploads\/2015\/05\/benedetto_corian_afrykarium_Afrykarium_DuPont_Corian_fot-ArC2FabrykaProjektowa_04.jpg\" alt=\"Afrykarium DuPont Corian fot-ArC2FabrykaProjektowa 04\" class=\"wp-image-21832\"\/><\/figure>\n<\/div>\n\n\n<p><\/p>\n\n\n<div class=\"wp-block-image\">\n<figure class=\"aligncenter\"><img loading=\"lazy\" decoding=\"async\" width=\"720\" height=\"478\" data-attachment-id=\"21833\" data-permalink=\"https:\/\/socialdesignmagazine.com\/mag\/architettura\/2015-05-08-16-14-06\/attachment\/afrykarium-dupont-corian-fot-inter-system-01\/#content\" data-orig-file=\"https:\/\/socialdesignmagazine.com\/mag\/wp-content\/uploads\/2015\/05\/benedetto_corian_afrykarium_Afrykarium_DuPont_Corian_fot-Inter-System_01-.jpg\" data-orig-size=\"720,478\" data-comments-opened=\"1\" data-image-meta=\"{&quot;aperture&quot;:&quot;0&quot;,&quot;credit&quot;:&quot;&quot;,&quot;camera&quot;:&quot;&quot;,&quot;caption&quot;:&quot;&quot;,&quot;created_timestamp&quot;:&quot;0&quot;,&quot;copyright&quot;:&quot;&quot;,&quot;focal_length&quot;:&quot;0&quot;,&quot;iso&quot;:&quot;0&quot;,&quot;shutter_speed&quot;:&quot;0&quot;,&quot;title&quot;:&quot;&quot;,&quot;orientation&quot;:&quot;1&quot;}\" data-image-title=\"Afrykarium DuPont Corian fot-Inter-System 01-\" data-image-description=\"\" data-image-caption=\"\" data-medium-file=\"https:\/\/socialdesignmagazine.com\/mag\/wp-content\/uploads\/2015\/05\/benedetto_corian_afrykarium_Afrykarium_DuPont_Corian_fot-Inter-System_01--396x256.jpg\" data-large-file=\"https:\/\/socialdesignmagazine.com\/mag\/wp-content\/uploads\/2015\/05\/benedetto_corian_afrykarium_Afrykarium_DuPont_Corian_fot-Inter-System_01-.jpg\" src=\"https:\/\/socialdesignmagazine.com\/mag\/wp-content\/uploads\/2015\/05\/benedetto_corian_afrykarium_Afrykarium_DuPont_Corian_fot-Inter-System_01-.jpg\" alt=\"Afrykarium DuPont Corian fot-Inter-System 01-\" class=\"wp-image-21833\" srcset=\"https:\/\/socialdesignmagazine.com\/mag\/wp-content\/uploads\/2015\/05\/benedetto_corian_afrykarium_Afrykarium_DuPont_Corian_fot-Inter-System_01-.jpg 720w, https:\/\/socialdesignmagazine.com\/mag\/wp-content\/uploads\/2015\/05\/benedetto_corian_afrykarium_Afrykarium_DuPont_Corian_fot-Inter-System_01--100x66.jpg 100w\" sizes=\"auto, (max-width: 720px) 100vw, 720px\" \/><\/figure>\n<\/div>\n\n\n<p><\/p>\n\n\n<div class=\"wp-block-image\">\n<figure class=\"aligncenter\"><img loading=\"lazy\" decoding=\"async\" width=\"720\" height=\"478\" data-attachment-id=\"21834\" data-permalink=\"https:\/\/socialdesignmagazine.com\/mag\/architettura\/2015-05-08-16-14-06\/attachment\/afrykarium-dupont-corian-fot-inter-system-02\/#content\" data-orig-file=\"https:\/\/socialdesignmagazine.com\/mag\/wp-content\/uploads\/2015\/05\/benedetto_corian_afrykarium_Afrykarium_DuPont_Corian_fot-Inter-System_02-.jpg\" data-orig-size=\"720,478\" data-comments-opened=\"1\" data-image-meta=\"{&quot;aperture&quot;:&quot;0&quot;,&quot;credit&quot;:&quot;&quot;,&quot;camera&quot;:&quot;&quot;,&quot;caption&quot;:&quot;&quot;,&quot;created_timestamp&quot;:&quot;0&quot;,&quot;copyright&quot;:&quot;&quot;,&quot;focal_length&quot;:&quot;0&quot;,&quot;iso&quot;:&quot;0&quot;,&quot;shutter_speed&quot;:&quot;0&quot;,&quot;title&quot;:&quot;&quot;,&quot;orientation&quot;:&quot;1&quot;}\" data-image-title=\"Afrykarium DuPont Corian fot-Inter-System 02-\" data-image-description=\"\" data-image-caption=\"\" data-medium-file=\"https:\/\/socialdesignmagazine.com\/mag\/wp-content\/uploads\/2015\/05\/benedetto_corian_afrykarium_Afrykarium_DuPont_Corian_fot-Inter-System_02--396x256.jpg\" data-large-file=\"https:\/\/socialdesignmagazine.com\/mag\/wp-content\/uploads\/2015\/05\/benedetto_corian_afrykarium_Afrykarium_DuPont_Corian_fot-Inter-System_02-.jpg\" src=\"https:\/\/socialdesignmagazine.com\/mag\/wp-content\/uploads\/2015\/05\/benedetto_corian_afrykarium_Afrykarium_DuPont_Corian_fot-Inter-System_02-.jpg\" alt=\"Afrykarium DuPont Corian fot-Inter-System 02-\" class=\"wp-image-21834\" srcset=\"https:\/\/socialdesignmagazine.com\/mag\/wp-content\/uploads\/2015\/05\/benedetto_corian_afrykarium_Afrykarium_DuPont_Corian_fot-Inter-System_02-.jpg 720w, https:\/\/socialdesignmagazine.com\/mag\/wp-content\/uploads\/2015\/05\/benedetto_corian_afrykarium_Afrykarium_DuPont_Corian_fot-Inter-System_02--100x66.jpg 100w\" sizes=\"auto, (max-width: 720px) 100vw, 720px\" \/><\/figure>\n<\/div>\n\n\n<p><\/p>\n\n\n\n<p>Jarek Gruszecki di Blicksystem.com, societ\u00e0 appaltatrice del progetto, dichiara, <em>&#8220;l&#8217;intero progetto ha rappresentato una grande sfida sotto ogni aspetto. A partire dallo spostamento di manufatti di grandi dimensioni, trasportati grazie a un\u2019apposita griglia di supporto, fino alla loro installazione finale. Ottimizzando il coordinamento del lavoro siamo riusciti a installare giornalmente 200 metri quadrati di rivestimento. Data la grande superficie dei pannelli, l&#8217;installazione \u00e8 stata eseguita solo in presenza di condizioni meteorologiche favorevoli.&#8221;<\/em><\/p>\n\n\n\n<p>La tecno-superficie DuPontTM Corian\u00ae \u00e8 stata lavorata in vari modi: i pannelli sono stati modellati e incollati, levigati e alcuni di loro sono stati sottoposti a un ulteriore trattamento di curvatura e termoformatura. Tutte queste lavorazioni sono state eseguite rispettando le raccomandazioni tecniche di DuPont. Anche alcuni controsoffitti dei bagni dell\u2019Afrykarium sono stati realizzati in DuPontTM Corian\u00ae.<\/p>\n\n\n\n<h4 class=\"wp-block-heading\">Per saperne di pi\u00f9 su DuPontTM Corian\u00ae, per rimanere in contatto con DuPontTM Corian\u00ae: <a class=\"jcepopup\" href=\"http:\/\/www.corian.it\" target=\"_blank\" rel=\"nofollow noopener\">www.corian.it<\/a><\/h4>\n","protected":false,"gt_translate_keys":[{"key":"rendered","format":"html"}]},"excerpt":{"rendered":"<p>In Polonia, dalla fine del 2014, lo zoo di Wroclaw propone l&#8217;Afrykarium, un oceanario, il primo del genere in Europa, dove \u00e8 possibile ammirare esempi di flora e fauna del continente africano.<\/p>\n","protected":false,"gt_translate_keys":[{"key":"rendered","format":"html"}]},"author":1,"featured_media":21826,"comment_status":"open","ping_status":"open","sticky":false,"template":"","format":"standard","meta":{"jetpack_post_was_ever_published":false,"_jetpack_newsletter_access":"","_jetpack_dont_email_post_to_subs":false,"_jetpack_newsletter_tier_id":0,"_jetpack_memberships_contains_paywalled_content":false,"_jetpack_memberships_contains_paid_content":false,"footnotes":"","_wpscppro_dont_share_socialmedia":false,"_wpscppro_custom_social_share_image":0,"_facebook_share_type":"","_twitter_share_type":"","_linkedin_share_type":"","_pinterest_share_type":"","_linkedin_share_type_page":"","_instagram_share_type":"","_medium_share_type":"","_threads_share_type":"","_google_business_share_type":"","_selected_social_profile":[],"_wpsp_enable_custom_social_template":false,"_wpsp_social_scheduling":{"enabled":false,"datetime":null,"platforms":[],"status":"template_only","dateOption":"today","timeOption":"now","customDays":"","customHours":"","customDate":"","customTime":"","schedulingType":"absolute"},"_wpsp_active_default_template":true},"categories":[15],"tags":[1229],"class_list":["post-3744","post","type-post","status-publish","format-standard","has-post-thumbnail","hentry","category-architettura","tag-corian"],"yoast_head":"<!-- This site is optimized with the Yoast SEO plugin v27.2 - https:\/\/yoast.com\/product\/yoast-seo-wordpress\/ -->\n<title>Affascinante facciata nera in DuPontTM Corian\u00ae per l\u2019Afrykarium dello zoo di Wroclaw, Polonia - Social Design Magazine<\/title>\n<meta name=\"description\" content=\"In Polonia, dalla fine del 2014, lo zoo di Wroclaw propone l&#039;Afrykarium, un oceanario, il primo del genere in Europa\" \/>\n<meta name=\"robots\" content=\"index, follow, max-snippet:-1, max-image-preview:large, max-video-preview:-1\" \/>\n<link rel=\"canonical\" href=\"https:\/\/socialdesignmagazine.com\/mag\/architettura\/2015-05-08-16-14-06\/\" \/>\n<meta property=\"og:locale\" content=\"it_IT\" \/>\n<meta property=\"og:type\" content=\"article\" \/>\n<meta property=\"og:title\" content=\"Affascinante facciata nera in DuPontTM Corian\u00ae per l\u2019Afrykarium dello zoo di Wroclaw, Polonia - Social Design Magazine\" \/>\n<meta property=\"og:description\" content=\"In Polonia, dalla fine del 2014, lo zoo di Wroclaw propone l&#039;Afrykarium, un oceanario, il primo del genere in Europa\" \/>\n<meta property=\"og:url\" content=\"http:\/\/socialdesignmagazine.com\/mag\/architettura\/2015-05-08-16-14-06\/\" \/>\n<meta property=\"og:site_name\" content=\"Social Design Magazine\" \/>\n<meta property=\"article:publisher\" content=\"https:\/\/www.facebook.com\/socialdesignmag\" \/>\n<meta property=\"article:author\" content=\"https:\/\/www.facebook.com\/benedettofiori\" \/>\n<meta property=\"article:published_time\" content=\"2015-05-09T08:00:00+00:00\" \/>\n<meta property=\"article:modified_time\" content=\"2025-05-10T12:46:34+00:00\" \/>\n<meta property=\"og:image\" content=\"https:\/\/socialdesignmagazine.com\/mag\/wp-content\/uploads\/2015\/05\/benedetto_corian_afrykarium_Afrykarium_DuPont_Corian_fot-ArC2FabrykaProjektowa_07-.jpg\" \/>\n\t<meta property=\"og:image:width\" content=\"720\" \/>\n\t<meta property=\"og:image:height\" content=\"480\" \/>\n\t<meta property=\"og:image:type\" content=\"image\/jpeg\" \/>\n<meta name=\"author\" content=\"Benedetto Fiori\" \/>\n<meta name=\"twitter:card\" content=\"summary_large_image\" \/>\n<meta name=\"twitter:creator\" content=\"@benedettofiori\" \/>\n<meta name=\"twitter:site\" content=\"@socialdesignmag\" \/>\n<meta name=\"twitter:label1\" content=\"Scritto da\" \/>\n\t<meta name=\"twitter:data1\" content=\"Benedetto Fiori\" \/>\n\t<meta name=\"twitter:label2\" content=\"Tempo di lettura stimato\" \/>\n\t<meta name=\"twitter:data2\" content=\"7 minuti\" \/>\n<script type=\"application\/ld+json\" class=\"yoast-schema-graph\">{\"@context\":\"https:\/\/schema.org\",\"@graph\":[{\"@type\":\"Article\",\"@id\":\"https:\/\/socialdesignmagazine.com\/mag\/architettura\/2015-05-08-16-14-06\/#article\",\"isPartOf\":{\"@id\":\"https:\/\/socialdesignmagazine.com\/mag\/architettura\/2015-05-08-16-14-06\/\"},\"author\":{\"name\":\"Benedetto Fiori\",\"@id\":\"https:\/\/socialdesignmagazine.com\/mag\/#\/schema\/person\/61e20205cc363c315e6aabd33a045846\"},\"headline\":\"Affascinante facciata nera in DuPontTM Corian\u00ae per l\u2019Afrykarium dello zoo di Wroclaw, Polonia\",\"datePublished\":\"2015-05-09T08:00:00+00:00\",\"dateModified\":\"2025-05-10T12:46:34+00:00\",\"mainEntityOfPage\":{\"@id\":\"https:\/\/socialdesignmagazine.com\/mag\/architettura\/2015-05-08-16-14-06\/\"},\"wordCount\":968,\"commentCount\":0,\"publisher\":{\"@id\":\"https:\/\/socialdesignmagazine.com\/mag\/#organization\"},\"image\":{\"@id\":\"https:\/\/socialdesignmagazine.com\/mag\/architettura\/2015-05-08-16-14-06\/#primaryimage\"},\"thumbnailUrl\":\"https:\/\/socialdesignmagazine.com\/mag\/wp-content\/uploads\/2015\/05\/benedetto_corian_afrykarium_Afrykarium_DuPont_Corian_fot-ArC2FabrykaProjektowa_07-.jpg\",\"keywords\":[\"corian\"],\"articleSection\":[\"Architettura\"],\"inLanguage\":\"it-IT\",\"potentialAction\":[{\"@type\":\"CommentAction\",\"name\":\"Comment\",\"target\":[\"https:\/\/socialdesignmagazine.com\/mag\/architettura\/2015-05-08-16-14-06\/#respond\"]}]},{\"@type\":\"WebPage\",\"@id\":\"https:\/\/socialdesignmagazine.com\/mag\/architettura\/2015-05-08-16-14-06\/\",\"url\":\"https:\/\/socialdesignmagazine.com\/mag\/architettura\/2015-05-08-16-14-06\/\",\"name\":\"Affascinante facciata nera in DuPontTM Corian\u00ae per l\u2019Afrykarium dello zoo di Wroclaw, Polonia - Social Design Magazine\",\"isPartOf\":{\"@id\":\"https:\/\/socialdesignmagazine.com\/mag\/#website\"},\"primaryImageOfPage\":{\"@id\":\"https:\/\/socialdesignmagazine.com\/mag\/architettura\/2015-05-08-16-14-06\/#primaryimage\"},\"image\":{\"@id\":\"https:\/\/socialdesignmagazine.com\/mag\/architettura\/2015-05-08-16-14-06\/#primaryimage\"},\"thumbnailUrl\":\"https:\/\/socialdesignmagazine.com\/mag\/wp-content\/uploads\/2015\/05\/benedetto_corian_afrykarium_Afrykarium_DuPont_Corian_fot-ArC2FabrykaProjektowa_07-.jpg\",\"datePublished\":\"2015-05-09T08:00:00+00:00\",\"dateModified\":\"2025-05-10T12:46:34+00:00\",\"description\":\"In Polonia, dalla fine del 2014, lo zoo di Wroclaw propone l'Afrykarium, un oceanario, il primo del genere in Europa\",\"breadcrumb\":{\"@id\":\"https:\/\/socialdesignmagazine.com\/mag\/architettura\/2015-05-08-16-14-06\/#breadcrumb\"},\"inLanguage\":\"it-IT\",\"potentialAction\":[{\"@type\":\"ReadAction\",\"target\":[\"https:\/\/socialdesignmagazine.com\/mag\/architettura\/2015-05-08-16-14-06\/\"]}]},{\"@type\":\"ImageObject\",\"inLanguage\":\"it-IT\",\"@id\":\"https:\/\/socialdesignmagazine.com\/mag\/architettura\/2015-05-08-16-14-06\/#primaryimage\",\"url\":\"https:\/\/socialdesignmagazine.com\/mag\/wp-content\/uploads\/2015\/05\/benedetto_corian_afrykarium_Afrykarium_DuPont_Corian_fot-ArC2FabrykaProjektowa_07-.jpg\",\"contentUrl\":\"https:\/\/socialdesignmagazine.com\/mag\/wp-content\/uploads\/2015\/05\/benedetto_corian_afrykarium_Afrykarium_DuPont_Corian_fot-ArC2FabrykaProjektowa_07-.jpg\",\"width\":720,\"height\":480,\"caption\":\"Afrykarium DuPont Corian fot ArC2FabrykaProjektowa 07\"},{\"@type\":\"BreadcrumbList\",\"@id\":\"https:\/\/socialdesignmagazine.com\/mag\/architettura\/2015-05-08-16-14-06\/#breadcrumb\",\"itemListElement\":[{\"@type\":\"ListItem\",\"position\":1,\"name\":\"Home\",\"item\":\"https:\/\/socialdesignmagazine.com\/mag\/\"},{\"@type\":\"ListItem\",\"position\":2,\"name\":\"Architettura\",\"item\":\"https:\/\/socialdesignmagazine.com\/mag\/architettura\/\"},{\"@type\":\"ListItem\",\"position\":3,\"name\":\"Affascinante facciata nera in DuPontTM Corian\u00ae per l\u2019Afrykarium dello zoo di Wroclaw, Polonia\"}]},{\"@type\":\"WebSite\",\"@id\":\"https:\/\/socialdesignmagazine.com\/mag\/#website\",\"url\":\"https:\/\/socialdesignmagazine.com\/mag\/\",\"name\":\"Social Design Magazine\",\"description\":\"Social Magazine su Design, Architettura, Arte, Grafica\",\"publisher\":{\"@id\":\"https:\/\/socialdesignmagazine.com\/mag\/#organization\"},\"potentialAction\":[{\"@type\":\"SearchAction\",\"target\":{\"@type\":\"EntryPoint\",\"urlTemplate\":\"https:\/\/socialdesignmagazine.com\/mag\/?s={search_term_string}\"},\"query-input\":{\"@type\":\"PropertyValueSpecification\",\"valueRequired\":true,\"valueName\":\"search_term_string\"}}],\"inLanguage\":\"it-IT\"},{\"@type\":\"Organization\",\"@id\":\"https:\/\/socialdesignmagazine.com\/mag\/#organization\",\"name\":\"Social Design Magazine\",\"url\":\"https:\/\/socialdesignmagazine.com\/mag\/\",\"logo\":{\"@type\":\"ImageObject\",\"inLanguage\":\"it-IT\",\"@id\":\"https:\/\/socialdesignmagazine.com\/mag\/#\/schema\/logo\/image\/\",\"url\":\"https:\/\/socialdesignmagazine.com\/mag\/wp-content\/uploads\/2017\/01\/logo_favicon_11.png\",\"contentUrl\":\"https:\/\/socialdesignmagazine.com\/mag\/wp-content\/uploads\/2017\/01\/logo_favicon_11.png\",\"width\":1024,\"height\":1024,\"caption\":\"Social Design Magazine\"},\"image\":{\"@id\":\"https:\/\/socialdesignmagazine.com\/mag\/#\/schema\/logo\/image\/\"},\"sameAs\":[\"https:\/\/www.facebook.com\/socialdesignmag\",\"https:\/\/x.com\/socialdesignmag\",\"http:\/\/instagram.com\/social_design_magazine\/\",\"http:\/\/pinterest.com\/socialdesignmag\/\",\"http:\/\/www.youtube.com\/user\/socialdesignmagazine\"]},{\"@type\":\"Person\",\"@id\":\"https:\/\/socialdesignmagazine.com\/mag\/#\/schema\/person\/61e20205cc363c315e6aabd33a045846\",\"name\":\"Benedetto Fiori\",\"image\":{\"@type\":\"ImageObject\",\"inLanguage\":\"it-IT\",\"@id\":\"https:\/\/secure.gravatar.com\/avatar\/450a48cefa36da63d920ad70aa660bd10725b1c6093800242e5efdb397759033?s=96&d=mm&r=g\",\"url\":\"https:\/\/secure.gravatar.com\/avatar\/450a48cefa36da63d920ad70aa660bd10725b1c6093800242e5efdb397759033?s=96&d=mm&r=g\",\"contentUrl\":\"https:\/\/secure.gravatar.com\/avatar\/450a48cefa36da63d920ad70aa660bd10725b1c6093800242e5efdb397759033?s=96&d=mm&r=g\",\"caption\":\"Benedetto Fiori\"},\"description\":\"Web | Twitter | Facebook | Shutterstock Founder &amp; Editor in Chief di Social Design Magazine. Attratto da sempre da tutto ci\u00f2 che \u00e8 creativit\u00e0, design, architettura. Dopo aver studiato Architettura all'Universit\u00e0 di Firenze, si \u00e8 impegnato in molteplici campi: comunicazione grafica, progettazione di allestimenti fieristici, brand design, Interior Design.\",\"sameAs\":[\"http:\/\/benedettofiori.com\",\"https:\/\/www.facebook.com\/benedettofiori\",\"https:\/\/x.com\/benedettofiori\"],\"url\":\"https:\/\/socialdesignmagazine.com\/mag\/author\/benedetto\/\"}]}<\/script>\n<!-- \/ Yoast SEO plugin. -->","yoast_head_json":{"title":"Affascinante facciata nera in DuPontTM Corian\u00ae per l\u2019Afrykarium dello zoo di Wroclaw, Polonia - Social Design Magazine","description":"In Polonia, dalla fine del 2014, lo zoo di Wroclaw propone l'Afrykarium, un oceanario, il primo del genere in Europa","robots":{"index":"index","follow":"follow","max-snippet":"max-snippet:-1","max-image-preview":"max-image-preview:large","max-video-preview":"max-video-preview:-1"},"canonical":"https:\/\/socialdesignmagazine.com\/mag\/architettura\/2015-05-08-16-14-06\/","og_locale":"it_IT","og_type":"article","og_title":"Affascinante facciata nera in DuPontTM Corian\u00ae per l\u2019Afrykarium dello zoo di Wroclaw, Polonia - Social Design Magazine","og_description":"In Polonia, dalla fine del 2014, lo zoo di Wroclaw propone l'Afrykarium, un oceanario, il primo del genere in Europa","og_url":"http:\/\/socialdesignmagazine.com\/mag\/architettura\/2015-05-08-16-14-06\/","og_site_name":"Social Design Magazine","article_publisher":"https:\/\/www.facebook.com\/socialdesignmag","article_author":"https:\/\/www.facebook.com\/benedettofiori","article_published_time":"2015-05-09T08:00:00+00:00","article_modified_time":"2025-05-10T12:46:34+00:00","og_image":[{"width":720,"height":480,"url":"https:\/\/socialdesignmagazine.com\/mag\/wp-content\/uploads\/2015\/05\/benedetto_corian_afrykarium_Afrykarium_DuPont_Corian_fot-ArC2FabrykaProjektowa_07-.jpg","type":"image\/jpeg"}],"author":"Benedetto Fiori","twitter_card":"summary_large_image","twitter_creator":"@benedettofiori","twitter_site":"@socialdesignmag","twitter_misc":{"Scritto da":"Benedetto Fiori","Tempo di lettura stimato":"7 minuti"},"schema":{"@context":"https:\/\/schema.org","@graph":[{"@type":"Article","@id":"https:\/\/socialdesignmagazine.com\/mag\/architettura\/2015-05-08-16-14-06\/#article","isPartOf":{"@id":"https:\/\/socialdesignmagazine.com\/mag\/architettura\/2015-05-08-16-14-06\/"},"author":{"name":"Benedetto Fiori","@id":"https:\/\/socialdesignmagazine.com\/mag\/#\/schema\/person\/61e20205cc363c315e6aabd33a045846"},"headline":"Affascinante facciata nera in DuPontTM Corian\u00ae per l\u2019Afrykarium dello zoo di Wroclaw, Polonia","datePublished":"2015-05-09T08:00:00+00:00","dateModified":"2025-05-10T12:46:34+00:00","mainEntityOfPage":{"@id":"https:\/\/socialdesignmagazine.com\/mag\/architettura\/2015-05-08-16-14-06\/"},"wordCount":968,"commentCount":0,"publisher":{"@id":"https:\/\/socialdesignmagazine.com\/mag\/#organization"},"image":{"@id":"https:\/\/socialdesignmagazine.com\/mag\/architettura\/2015-05-08-16-14-06\/#primaryimage"},"thumbnailUrl":"https:\/\/socialdesignmagazine.com\/mag\/wp-content\/uploads\/2015\/05\/benedetto_corian_afrykarium_Afrykarium_DuPont_Corian_fot-ArC2FabrykaProjektowa_07-.jpg","keywords":["corian"],"articleSection":["Architettura"],"inLanguage":"it-IT","potentialAction":[{"@type":"CommentAction","name":"Comment","target":["https:\/\/socialdesignmagazine.com\/mag\/architettura\/2015-05-08-16-14-06\/#respond"]}]},{"@type":"WebPage","@id":"https:\/\/socialdesignmagazine.com\/mag\/architettura\/2015-05-08-16-14-06\/","url":"https:\/\/socialdesignmagazine.com\/mag\/architettura\/2015-05-08-16-14-06\/","name":"Affascinante facciata nera in DuPontTM Corian\u00ae per l\u2019Afrykarium dello zoo di Wroclaw, Polonia - Social Design Magazine","isPartOf":{"@id":"https:\/\/socialdesignmagazine.com\/mag\/#website"},"primaryImageOfPage":{"@id":"https:\/\/socialdesignmagazine.com\/mag\/architettura\/2015-05-08-16-14-06\/#primaryimage"},"image":{"@id":"https:\/\/socialdesignmagazine.com\/mag\/architettura\/2015-05-08-16-14-06\/#primaryimage"},"thumbnailUrl":"https:\/\/socialdesignmagazine.com\/mag\/wp-content\/uploads\/2015\/05\/benedetto_corian_afrykarium_Afrykarium_DuPont_Corian_fot-ArC2FabrykaProjektowa_07-.jpg","datePublished":"2015-05-09T08:00:00+00:00","dateModified":"2025-05-10T12:46:34+00:00","description":"In Polonia, dalla fine del 2014, lo zoo di Wroclaw propone l'Afrykarium, un oceanario, il primo del genere in Europa","breadcrumb":{"@id":"https:\/\/socialdesignmagazine.com\/mag\/architettura\/2015-05-08-16-14-06\/#breadcrumb"},"inLanguage":"it-IT","potentialAction":[{"@type":"ReadAction","target":["https:\/\/socialdesignmagazine.com\/mag\/architettura\/2015-05-08-16-14-06\/"]}]},{"@type":"ImageObject","inLanguage":"it-IT","@id":"https:\/\/socialdesignmagazine.com\/mag\/architettura\/2015-05-08-16-14-06\/#primaryimage","url":"https:\/\/socialdesignmagazine.com\/mag\/wp-content\/uploads\/2015\/05\/benedetto_corian_afrykarium_Afrykarium_DuPont_Corian_fot-ArC2FabrykaProjektowa_07-.jpg","contentUrl":"https:\/\/socialdesignmagazine.com\/mag\/wp-content\/uploads\/2015\/05\/benedetto_corian_afrykarium_Afrykarium_DuPont_Corian_fot-ArC2FabrykaProjektowa_07-.jpg","width":720,"height":480,"caption":"Afrykarium DuPont Corian fot ArC2FabrykaProjektowa 07"},{"@type":"BreadcrumbList","@id":"https:\/\/socialdesignmagazine.com\/mag\/architettura\/2015-05-08-16-14-06\/#breadcrumb","itemListElement":[{"@type":"ListItem","position":1,"name":"Home","item":"https:\/\/socialdesignmagazine.com\/mag\/"},{"@type":"ListItem","position":2,"name":"Architettura","item":"https:\/\/socialdesignmagazine.com\/mag\/architettura\/"},{"@type":"ListItem","position":3,"name":"Affascinante facciata nera in DuPontTM Corian\u00ae per l\u2019Afrykarium dello zoo di Wroclaw, Polonia"}]},{"@type":"WebSite","@id":"https:\/\/socialdesignmagazine.com\/mag\/#website","url":"https:\/\/socialdesignmagazine.com\/mag\/","name":"Social Design Magazine","description":"Social Magazine su Design, Architettura, Arte, Grafica","publisher":{"@id":"https:\/\/socialdesignmagazine.com\/mag\/#organization"},"potentialAction":[{"@type":"SearchAction","target":{"@type":"EntryPoint","urlTemplate":"https:\/\/socialdesignmagazine.com\/mag\/?s={search_term_string}"},"query-input":{"@type":"PropertyValueSpecification","valueRequired":true,"valueName":"search_term_string"}}],"inLanguage":"it-IT"},{"@type":"Organization","@id":"https:\/\/socialdesignmagazine.com\/mag\/#organization","name":"Social Design Magazine","url":"https:\/\/socialdesignmagazine.com\/mag\/","logo":{"@type":"ImageObject","inLanguage":"it-IT","@id":"https:\/\/socialdesignmagazine.com\/mag\/#\/schema\/logo\/image\/","url":"https:\/\/socialdesignmagazine.com\/mag\/wp-content\/uploads\/2017\/01\/logo_favicon_11.png","contentUrl":"https:\/\/socialdesignmagazine.com\/mag\/wp-content\/uploads\/2017\/01\/logo_favicon_11.png","width":1024,"height":1024,"caption":"Social Design Magazine"},"image":{"@id":"https:\/\/socialdesignmagazine.com\/mag\/#\/schema\/logo\/image\/"},"sameAs":["https:\/\/www.facebook.com\/socialdesignmag","https:\/\/x.com\/socialdesignmag","http:\/\/instagram.com\/social_design_magazine\/","http:\/\/pinterest.com\/socialdesignmag\/","http:\/\/www.youtube.com\/user\/socialdesignmagazine"]},{"@type":"Person","@id":"https:\/\/socialdesignmagazine.com\/mag\/#\/schema\/person\/61e20205cc363c315e6aabd33a045846","name":"Benedetto Fiori","image":{"@type":"ImageObject","inLanguage":"it-IT","@id":"https:\/\/secure.gravatar.com\/avatar\/450a48cefa36da63d920ad70aa660bd10725b1c6093800242e5efdb397759033?s=96&d=mm&r=g","url":"https:\/\/secure.gravatar.com\/avatar\/450a48cefa36da63d920ad70aa660bd10725b1c6093800242e5efdb397759033?s=96&d=mm&r=g","contentUrl":"https:\/\/secure.gravatar.com\/avatar\/450a48cefa36da63d920ad70aa660bd10725b1c6093800242e5efdb397759033?s=96&d=mm&r=g","caption":"Benedetto Fiori"},"description":"Web | Twitter | Facebook | Shutterstock Founder &amp; Editor in Chief di Social Design Magazine. Attratto da sempre da tutto ci\u00f2 che \u00e8 creativit\u00e0, design, architettura. Dopo aver studiato Architettura all'Universit\u00e0 di Firenze, si \u00e8 impegnato in molteplici campi: comunicazione grafica, progettazione di allestimenti fieristici, brand design, Interior Design.","sameAs":["http:\/\/benedettofiori.com","https:\/\/www.facebook.com\/benedettofiori","https:\/\/x.com\/benedettofiori"],"url":"https:\/\/socialdesignmagazine.com\/mag\/author\/benedetto\/"}]}},"jetpack_featured_media_url":"https:\/\/socialdesignmagazine.com\/mag\/wp-content\/uploads\/2015\/05\/benedetto_corian_afrykarium_Afrykarium_DuPont_Corian_fot-ArC2FabrykaProjektowa_07-.jpg","jetpack_sharing_enabled":true,"jetpack_shortlink":"https:\/\/wp.me\/p6cV7V-Yo","gt_translate_keys":[{"key":"link","format":"url"}],"_links":{"self":[{"href":"https:\/\/socialdesignmagazine.com\/mag\/wp-json\/wp\/v2\/posts\/3744","targetHints":{"allow":["GET"]}}],"collection":[{"href":"https:\/\/socialdesignmagazine.com\/mag\/wp-json\/wp\/v2\/posts"}],"about":[{"href":"https:\/\/socialdesignmagazine.com\/mag\/wp-json\/wp\/v2\/types\/post"}],"author":[{"embeddable":true,"href":"https:\/\/socialdesignmagazine.com\/mag\/wp-json\/wp\/v2\/users\/1"}],"replies":[{"embeddable":true,"href":"https:\/\/socialdesignmagazine.com\/mag\/wp-json\/wp\/v2\/comments?post=3744"}],"version-history":[{"count":2,"href":"https:\/\/socialdesignmagazine.com\/mag\/wp-json\/wp\/v2\/posts\/3744\/revisions"}],"predecessor-version":[{"id":64911,"href":"https:\/\/socialdesignmagazine.com\/mag\/wp-json\/wp\/v2\/posts\/3744\/revisions\/64911"}],"wp:featuredmedia":[{"embeddable":true,"href":"https:\/\/socialdesignmagazine.com\/mag\/wp-json\/wp\/v2\/media\/21826"}],"wp:attachment":[{"href":"https:\/\/socialdesignmagazine.com\/mag\/wp-json\/wp\/v2\/media?parent=3744"}],"wp:term":[{"taxonomy":"category","embeddable":true,"href":"https:\/\/socialdesignmagazine.com\/mag\/wp-json\/wp\/v2\/categories?post=3744"},{"taxonomy":"post_tag","embeddable":true,"href":"https:\/\/socialdesignmagazine.com\/mag\/wp-json\/wp\/v2\/tags?post=3744"}],"curies":[{"name":"wp","href":"https:\/\/api.w.org\/{rel}","templated":true}]}}