{"id":3755,"date":"2015-05-12T14:00:00","date_gmt":"2015-05-12T12:00:00","guid":{"rendered":"https:\/\/socialdesignmagazine.com\/mag\/s13-special\/c56-salone-del-mobile-2015\/nuovi-prodotti-e-nuove-collaborazioni-per-morelato-al-salone-del-mobile-2015\/"},"modified":"2025-05-10T14:59:03","modified_gmt":"2025-05-10T12:59:03","slug":"nuovi-prodotti-e-nuove-collaborazioni-per-morelato-al-salone-del-mobile-2015","status":"publish","type":"post","link":"https:\/\/socialdesignmagazine.com\/mag\/salone-del-mobile-2015\/nuovi-prodotti-e-nuove-collaborazioni-per-morelato-al-salone-del-mobile-2015\/","title":{"rendered":"Nuovi prodotti e nuove collaborazioni per MORELATO al Salone del Mobile 2015","gt_translate_keys":[{"key":"rendered","format":"text"}]},"content":{"rendered":"\n<h2 class=\"wp-block-heading\">Morelato, azienda italiana con sede a Verona, conserva ancora oggi lo spirito della tradizione ebanista e artigiana.<\/h2>\n\n\n\n<p>Alla base della produzione Morelato, la ricerca della perfezione stilistica e formale che si riflette nei prodotti dallo stile raffinato e contemporaneo, con un occhio proiettato verso un design innovativo.<\/p>\n\n\n\n<p>Per il Salone del Mobile 2015 l\u2019azienda veronese ha presentato numerose novit\u00e0 e nuove collaborazioni che ne arricchiscono il vasto repertorio, confermando al tempo stesso sinergie gi\u00e0 consolidate con nomi di fama mondiale quali Ugo La Pietra, Adolfo Natalini e altri.<\/p>\n\n\n\n<p>Tra le novit\u00e0, entrano nel nuovo catalogo di Morelato tre prodotti firmati dall\u2019architetto israeliano Itamar Harari (libreria Kant e i tavolini Gene e Frank), oltre al servomuto Idealista, ad opera della designer colombiana Monica Rocio Bohorquez, progetto che ha partecipato all\u2019edizione 2014 del Concorso \u201cIl Mobile Significante\u201d, promosso dalla Fondazione Aldo Morelato.<\/p>\n\n\n\n<h3 class=\"wp-block-heading\">LIBRERIA KANT Design: Itamar Harari<\/h3>\n\n\n\n<p>Kant \u00e8 un progetto disegnato da Itamar Harari, l\u2019architetto israeliano di fama internazionale che inizia a collaborare per la prima volta con l\u2019azienda MORELATO. Una libreria bifacciale a giorno realizzata in legno di noce canaletto. La particolare forma che lascia \u201caperta\u201d una sezione del lato consente di affiancare pi\u00f9 moduli, permettendo cos\u00ec una personalizzazione su misura. Kant pu\u00f2 essere interpretata come una rete di linee geometriche per arredare le superfici con stile minimale ed elegante. Grazie al legno, materiale vivo, la libreria trasferisce calore e personalit\u00e0 agli ambienti. Dimensioni: L 90 P 30 H 180 cm<\/p>\n\n\n<div class=\"wp-block-image\">\n<figure class=\"aligncenter\"><img loading=\"lazy\" decoding=\"async\" width=\"720\" height=\"960\" data-attachment-id=\"21900\" data-permalink=\"https:\/\/socialdesignmagazine.com\/mag\/salone-del-mobile-2015\/nuovi-prodotti-e-nuove-collaborazioni-per-morelato-al-salone-del-mobile-2015\/attachment\/3620-n-libreria-kant-01\/#content\" data-orig-file=\"https:\/\/socialdesignmagazine.com\/mag\/wp-content\/uploads\/2015\/05\/users_Jessy_MORELATO_Novit\u00e0_Salone_del_Mobile_2015_3620-N_Libreria_Kant_01.JPG\" data-orig-size=\"720,960\" data-comments-opened=\"1\" data-image-meta=\"{&quot;aperture&quot;:&quot;0&quot;,&quot;credit&quot;:&quot;&quot;,&quot;camera&quot;:&quot;&quot;,&quot;caption&quot;:&quot;&quot;,&quot;created_timestamp&quot;:&quot;0&quot;,&quot;copyright&quot;:&quot;&quot;,&quot;focal_length&quot;:&quot;0&quot;,&quot;iso&quot;:&quot;0&quot;,&quot;shutter_speed&quot;:&quot;0&quot;,&quot;title&quot;:&quot;&quot;,&quot;orientation&quot;:&quot;0&quot;}\" data-image-title=\"3620 N Libreria Kant 01\" data-image-description=\"\" data-image-caption=\"\" data-medium-file=\"https:\/\/socialdesignmagazine.com\/mag\/wp-content\/uploads\/2015\/05\/users_Jessy_MORELATO_Novit\u00e0_Salone_del_Mobile_2015_3620-N_Libreria_Kant_01-396x256.jpg\" data-large-file=\"https:\/\/socialdesignmagazine.com\/mag\/wp-content\/uploads\/2015\/05\/users_Jessy_MORELATO_Novit\u00e0_Salone_del_Mobile_2015_3620-N_Libreria_Kant_01.JPG\" src=\"https:\/\/socialdesignmagazine.com\/mag\/wp-content\/uploads\/2015\/05\/users_Jessy_MORELATO_Novit\u00e0_Salone_del_Mobile_2015_3620-N_Libreria_Kant_01.JPG\" alt=\"3620 N Libreria Kant 01\" class=\"wp-image-21900\"\/><\/figure>\n<\/div>\n\n\n<p><\/p>\n\n\n\n<h3 class=\"wp-block-heading\">TAVOLINO GENE Design: Itamar Harari<\/h3>\n\n\n\n<p>Gene \u00e8 il nuovo tavolino firmato da Itamar Harari per Morelato: un modello lineare e dalle forme essenziali. Perfetto posizionato in coppia o da solo a centro stanza nella zona living, oppure accanto ad un divano. Grazie alle misure contenute Gene pu\u00f2 essere ideale anche come comodino nell\u2019area notte della casa. Come tutti i prodotti dell\u2019azienda \u00e8 realizzato in legno: acero per la struttura e weng\u00e9 per gli intarsi del piano. Dimensioni: L 80 P 50 H 37cm<\/p>\n\n\n<div class=\"wp-block-image\">\n<figure class=\"aligncenter\"><img loading=\"lazy\" decoding=\"async\" width=\"720\" height=\"540\" data-attachment-id=\"21901\" data-permalink=\"https:\/\/socialdesignmagazine.com\/mag\/salone-del-mobile-2015\/nuovi-prodotti-e-nuove-collaborazioni-per-morelato-al-salone-del-mobile-2015\/attachment\/5616-a-tavolino-gene-02\/#content\" data-orig-file=\"https:\/\/socialdesignmagazine.com\/mag\/wp-content\/uploads\/2015\/05\/users_Jessy_MORELATO_Novit\u00e0_Salone_del_Mobile_2015_5616-A_Tavolino_Gene_02.JPG\" data-orig-size=\"720,540\" data-comments-opened=\"1\" data-image-meta=\"{&quot;aperture&quot;:&quot;0&quot;,&quot;credit&quot;:&quot;&quot;,&quot;camera&quot;:&quot;&quot;,&quot;caption&quot;:&quot;&quot;,&quot;created_timestamp&quot;:&quot;0&quot;,&quot;copyright&quot;:&quot;&quot;,&quot;focal_length&quot;:&quot;0&quot;,&quot;iso&quot;:&quot;0&quot;,&quot;shutter_speed&quot;:&quot;0&quot;,&quot;title&quot;:&quot;&quot;,&quot;orientation&quot;:&quot;0&quot;}\" data-image-title=\"5616 A Tavolino Gene 02\" data-image-description=\"\" data-image-caption=\"\" data-medium-file=\"https:\/\/socialdesignmagazine.com\/mag\/wp-content\/uploads\/2015\/05\/users_Jessy_MORELATO_Novit\u00e0_Salone_del_Mobile_2015_5616-A_Tavolino_Gene_02-396x256.jpg\" data-large-file=\"https:\/\/socialdesignmagazine.com\/mag\/wp-content\/uploads\/2015\/05\/users_Jessy_MORELATO_Novit\u00e0_Salone_del_Mobile_2015_5616-A_Tavolino_Gene_02.JPG\" src=\"https:\/\/socialdesignmagazine.com\/mag\/wp-content\/uploads\/2015\/05\/users_Jessy_MORELATO_Novit\u00e0_Salone_del_Mobile_2015_5616-A_Tavolino_Gene_02.JPG\" alt=\"5616 A Tavolino Gene 02\" class=\"wp-image-21901\"\/><\/figure>\n<\/div>\n\n\n<p><\/p>\n\n\n\n<h3 class=\"wp-block-heading\">SERVOMUTO IDEALISTA Design: Monica Rocio Bohorquez<\/h3>\n\n\n\n<p>La collaborazione con la designer di origina colombiana Monica Rocio Bohorquez si lega alla Fondazione Aldo Morelato. Infatti il servomuto Idealista \u00e8 un progetto che ha partecipato all\u2019edizione 2014 del Concorso \u201cIl Mobile Significante\u201d che aveva come tema \u201cI luoghi dell\u2019abito\u201d. L\u2019azienda Morelato ha deciso di investire su questo articolo, che racchiude una contrapposizione tra la leggerezza delle forme e la solidit\u00e0 della materia. Idealista \u00e8 interamente realizzato in legno massello di noce canaletto con dotazione di lampada a Led. Dimensioni: L50 P42,5 H167 cm<\/p>\n\n\n<div class=\"wp-block-image\">\n<figure class=\"aligncenter\"><img loading=\"lazy\" decoding=\"async\" width=\"720\" height=\"960\" data-attachment-id=\"21902\" data-permalink=\"https:\/\/socialdesignmagazine.com\/mag\/salone-del-mobile-2015\/nuovi-prodotti-e-nuove-collaborazioni-per-morelato-al-salone-del-mobile-2015\/attachment\/0419-n-servomuto-idealista-01\/#content\" data-orig-file=\"https:\/\/socialdesignmagazine.com\/mag\/wp-content\/uploads\/2015\/05\/users_Jessy_MORELATO_Novit\u00e0_Salone_del_Mobile_2015_0419-N_Servomuto_Idealista_01.JPG\" data-orig-size=\"720,960\" data-comments-opened=\"1\" data-image-meta=\"{&quot;aperture&quot;:&quot;0&quot;,&quot;credit&quot;:&quot;&quot;,&quot;camera&quot;:&quot;&quot;,&quot;caption&quot;:&quot;&quot;,&quot;created_timestamp&quot;:&quot;0&quot;,&quot;copyright&quot;:&quot;&quot;,&quot;focal_length&quot;:&quot;0&quot;,&quot;iso&quot;:&quot;0&quot;,&quot;shutter_speed&quot;:&quot;0&quot;,&quot;title&quot;:&quot;&quot;,&quot;orientation&quot;:&quot;0&quot;}\" data-image-title=\"0419 N Servomuto Idealista 01\" data-image-description=\"\" data-image-caption=\"\" data-medium-file=\"https:\/\/socialdesignmagazine.com\/mag\/wp-content\/uploads\/2015\/05\/users_Jessy_MORELATO_Novit\u00e0_Salone_del_Mobile_2015_0419-N_Servomuto_Idealista_01-396x256.jpg\" data-large-file=\"https:\/\/socialdesignmagazine.com\/mag\/wp-content\/uploads\/2015\/05\/users_Jessy_MORELATO_Novit\u00e0_Salone_del_Mobile_2015_0419-N_Servomuto_Idealista_01.JPG\" src=\"https:\/\/socialdesignmagazine.com\/mag\/wp-content\/uploads\/2015\/05\/users_Jessy_MORELATO_Novit\u00e0_Salone_del_Mobile_2015_0419-N_Servomuto_Idealista_01.JPG\" alt=\"0419 N Servomuto Idealista 01\" class=\"wp-image-21902\"\/><\/figure>\n<\/div>\n\n\n<p><\/p>\n\n\n\n<h3 class=\"wp-block-heading\">TAVOLO BOOMERANG Design: Centro Ricerche MAAM<\/h3>\n\n\n\n<p>Questa nuovissimo tavolo riprende la forma e le caratteristiche dell\u2019omonimo coffee table gi\u00e0 presente in collezione Morelato. Boomerang nella versione da pranzo \u00e8 presentato con piano in cristallo e con le gambe realizzate in multistrato di ciliegio tinto noce a forma appunto di \u201cboomerang\u201d, unite con un particolare incastro a pettine. Un oggetto d\u2019arredo che \u00e8 in grado di trasferire uno stile distintivo all\u2019ambiente con gusto ed eleganza. Dimensioni: diametro 110 H 75 cm<\/p>\n\n\n<div class=\"wp-block-image\">\n<figure class=\"aligncenter\"><img loading=\"lazy\" decoding=\"async\" width=\"720\" height=\"540\" data-attachment-id=\"21903\" data-permalink=\"https:\/\/socialdesignmagazine.com\/mag\/salone-del-mobile-2015\/nuovi-prodotti-e-nuove-collaborazioni-per-morelato-al-salone-del-mobile-2015\/attachment\/5721-tavolo-boomerang-01\/#content\" data-orig-file=\"https:\/\/socialdesignmagazine.com\/mag\/wp-content\/uploads\/2015\/05\/users_Jessy_MORELATO_Novit\u00e0_Salone_del_Mobile_2015_5721_Tavolo_Boomerang_01.JPG\" data-orig-size=\"720,540\" data-comments-opened=\"1\" data-image-meta=\"{&quot;aperture&quot;:&quot;0&quot;,&quot;credit&quot;:&quot;&quot;,&quot;camera&quot;:&quot;&quot;,&quot;caption&quot;:&quot;&quot;,&quot;created_timestamp&quot;:&quot;0&quot;,&quot;copyright&quot;:&quot;&quot;,&quot;focal_length&quot;:&quot;0&quot;,&quot;iso&quot;:&quot;0&quot;,&quot;shutter_speed&quot;:&quot;0&quot;,&quot;title&quot;:&quot;&quot;,&quot;orientation&quot;:&quot;0&quot;}\" data-image-title=\"5721 Tavolo Boomerang 01\" data-image-description=\"\" data-image-caption=\"\" data-medium-file=\"https:\/\/socialdesignmagazine.com\/mag\/wp-content\/uploads\/2015\/05\/users_Jessy_MORELATO_Novit\u00e0_Salone_del_Mobile_2015_5721_Tavolo_Boomerang_01-396x256.jpg\" data-large-file=\"https:\/\/socialdesignmagazine.com\/mag\/wp-content\/uploads\/2015\/05\/users_Jessy_MORELATO_Novit\u00e0_Salone_del_Mobile_2015_5721_Tavolo_Boomerang_01.JPG\" src=\"https:\/\/socialdesignmagazine.com\/mag\/wp-content\/uploads\/2015\/05\/users_Jessy_MORELATO_Novit\u00e0_Salone_del_Mobile_2015_5721_Tavolo_Boomerang_01.JPG\" alt=\"5721 Tavolo Boomerang 01\" class=\"wp-image-21903\"\/><\/figure>\n<\/div>\n\n\n<p><\/p>\n\n\n\n<h3 class=\"wp-block-heading\">TAVOLINO CARAMBOLA Design: Maurizio Duranti<\/h3>\n\n\n\n<p>L\u2019architetto Maurizio Duranti ha disegnato per Morelato una nuova versione del tavolino Carambola leggermente pi\u00f9 bassa e con un piano pi\u00f9 ampio rispetto al modello gi\u00e0 in collezione (diametro 53 e altezza 50). Caratteristica comune di entrambi gli articoli \u00e8 la struttura d\u2019appoggio che ricorda nella forma le stecche da biliardo. Carambola \u00e8 una soluzione d\u2019arredo originale adattabile a diversi ambienti dallo stile contemporaneo. Il piano \u00e8 proposto in cristallo nero, le gambe sono in legno di ciliegio, weng\u00e9 e acero. Dimensioni: diametro 80 H 35 cm<\/p>\n\n\n<div class=\"wp-block-image\">\n<figure class=\"aligncenter\"><img loading=\"lazy\" decoding=\"async\" width=\"720\" height=\"540\" data-attachment-id=\"21904\" data-permalink=\"https:\/\/socialdesignmagazine.com\/mag\/salone-del-mobile-2015\/nuovi-prodotti-e-nuove-collaborazioni-per-morelato-al-salone-del-mobile-2015\/attachment\/5610-tavolino-carambola-01\/#content\" data-orig-file=\"https:\/\/socialdesignmagazine.com\/mag\/wp-content\/uploads\/2015\/05\/users_Jessy_MORELATO_Novit\u00e0_Salone_del_Mobile_2015_5610_Tavolino_Carambola_01.JPG\" data-orig-size=\"720,540\" data-comments-opened=\"1\" data-image-meta=\"{&quot;aperture&quot;:&quot;0&quot;,&quot;credit&quot;:&quot;&quot;,&quot;camera&quot;:&quot;&quot;,&quot;caption&quot;:&quot;&quot;,&quot;created_timestamp&quot;:&quot;0&quot;,&quot;copyright&quot;:&quot;&quot;,&quot;focal_length&quot;:&quot;0&quot;,&quot;iso&quot;:&quot;0&quot;,&quot;shutter_speed&quot;:&quot;0&quot;,&quot;title&quot;:&quot;&quot;,&quot;orientation&quot;:&quot;0&quot;}\" data-image-title=\"5610 Tavolino Carambola 01\" data-image-description=\"\" data-image-caption=\"\" data-medium-file=\"https:\/\/socialdesignmagazine.com\/mag\/wp-content\/uploads\/2015\/05\/users_Jessy_MORELATO_Novit\u00e0_Salone_del_Mobile_2015_5610_Tavolino_Carambola_01-396x256.jpg\" data-large-file=\"https:\/\/socialdesignmagazine.com\/mag\/wp-content\/uploads\/2015\/05\/users_Jessy_MORELATO_Novit\u00e0_Salone_del_Mobile_2015_5610_Tavolino_Carambola_01.JPG\" src=\"https:\/\/socialdesignmagazine.com\/mag\/wp-content\/uploads\/2015\/05\/users_Jessy_MORELATO_Novit\u00e0_Salone_del_Mobile_2015_5610_Tavolino_Carambola_01.JPG\" alt=\"5610 Tavolino Carambola 01\" class=\"wp-image-21904\"\/><\/figure>\n<\/div>\n\n\n<p><\/p>\n\n\n\n<h3 class=\"wp-block-heading\">CREDENZA ZERO Design: Centro Ricerche MAAM<\/h3>\n\n\n\n<p>Morelato presenta una nuovissima credenza interamente realizzata in legno come da migliore tradizione ebanista. La struttura e i piedini sagomati sono in ciliegio, mentre l\u2019anta a battente con ripiano regolabile interno e i frontali dei tre cassetti realizzati sono entrambi in noce canaletto con il particolare decoro a listelli. La credenza Zero rappresenta il perfetto stile Morelato, che unisce l\u2019eleganza del legno alla praticit\u00e0 di un contenitore, ideale per una zona living sia contemporanea che pi\u00f9 tradizionale. Dimensioni: L 137 P 53 H 92<\/p>\n\n\n<div class=\"wp-block-image\">\n<figure class=\"aligncenter\"><img loading=\"lazy\" decoding=\"async\" width=\"720\" height=\"540\" data-attachment-id=\"21905\" data-permalink=\"https:\/\/socialdesignmagazine.com\/mag\/salone-del-mobile-2015\/nuovi-prodotti-e-nuove-collaborazioni-per-morelato-al-salone-del-mobile-2015\/attachment\/1724-n-credenza-zero-01\/#content\" data-orig-file=\"https:\/\/socialdesignmagazine.com\/mag\/wp-content\/uploads\/2015\/05\/users_Jessy_MORELATO_Novit\u00e0_Salone_del_Mobile_2015_1724-N_Credenza_Zero_01.JPG\" data-orig-size=\"720,540\" data-comments-opened=\"1\" data-image-meta=\"{&quot;aperture&quot;:&quot;0&quot;,&quot;credit&quot;:&quot;&quot;,&quot;camera&quot;:&quot;&quot;,&quot;caption&quot;:&quot;&quot;,&quot;created_timestamp&quot;:&quot;0&quot;,&quot;copyright&quot;:&quot;&quot;,&quot;focal_length&quot;:&quot;0&quot;,&quot;iso&quot;:&quot;0&quot;,&quot;shutter_speed&quot;:&quot;0&quot;,&quot;title&quot;:&quot;&quot;,&quot;orientation&quot;:&quot;0&quot;}\" data-image-title=\"1724 N Credenza Zero 01\" data-image-description=\"\" data-image-caption=\"\" data-medium-file=\"https:\/\/socialdesignmagazine.com\/mag\/wp-content\/uploads\/2015\/05\/users_Jessy_MORELATO_Novit\u00e0_Salone_del_Mobile_2015_1724-N_Credenza_Zero_01-396x256.jpg\" data-large-file=\"https:\/\/socialdesignmagazine.com\/mag\/wp-content\/uploads\/2015\/05\/users_Jessy_MORELATO_Novit\u00e0_Salone_del_Mobile_2015_1724-N_Credenza_Zero_01.JPG\" src=\"https:\/\/socialdesignmagazine.com\/mag\/wp-content\/uploads\/2015\/05\/users_Jessy_MORELATO_Novit\u00e0_Salone_del_Mobile_2015_1724-N_Credenza_Zero_01.JPG\" alt=\"1724 N Credenza Zero 01\" class=\"wp-image-21905\"\/><\/figure>\n<\/div>\n\n\n<p><\/p>\n\n\n\n<h3 class=\"wp-block-heading\">COMPOSIZIONE BIEDERMEIER Design: Centro Ricerche MAAM<\/h3>\n\n\n\n<p>Uno &nbsp;dei &nbsp;punti &nbsp;di &nbsp;forza &nbsp;dell\u2019azienda &nbsp;Morelato &nbsp;\u00e8 &nbsp;la &nbsp;proposta &nbsp;di &nbsp;composizioni &nbsp;modulari, &nbsp;la personalizzazione del prodotto sulla base delle indicazioni del cliente, esigenza di spazio e di stile. La novit\u00e0 della nuova libreria Biedermeier \u00e8 l\u2019illuminazione interna a LED. La vetrina \u00e8 realizzata &nbsp;in &nbsp;legno &nbsp;di &nbsp;noce &nbsp;canaletto: &nbsp;quattro &nbsp;moduli &nbsp;sovrapposti &nbsp;e &nbsp;accostati &nbsp;con &nbsp;ante scorrevoli a vetro temperato e ripiani interni regolabili. Sono presenti tiretti a scomparsa tra i moduli. I fianchi sono in vetro, la cornice e gli zoccoli sono tagliati dritti. Dimensioni: L 312.5 P 38.5 &nbsp;H250cm<\/p>\n\n\n<div class=\"wp-block-image\">\n<figure class=\"aligncenter\"><img loading=\"lazy\" decoding=\"async\" width=\"720\" height=\"480\" data-attachment-id=\"21906\" data-permalink=\"https:\/\/socialdesignmagazine.com\/mag\/salone-del-mobile-2015\/nuovi-prodotti-e-nuove-collaborazioni-per-morelato-al-salone-del-mobile-2015\/attachment\/fs3712551-libreria-biedermeier\/#content\" data-orig-file=\"https:\/\/socialdesignmagazine.com\/mag\/wp-content\/uploads\/2015\/05\/users_Jessy_MORELATO_Novit\u00e0_Salone_del_Mobile_2015_FS3712551_Libreria_Biedermeier.jpg\" data-orig-size=\"720,480\" data-comments-opened=\"1\" data-image-meta=\"{&quot;aperture&quot;:&quot;20&quot;,&quot;credit&quot;:&quot;&quot;,&quot;camera&quot;:&quot;Canon EOS 5D Mark II&quot;,&quot;caption&quot;:&quot;&quot;,&quot;created_timestamp&quot;:&quot;1411741504&quot;,&quot;copyright&quot;:&quot;&quot;,&quot;focal_length&quot;:&quot;50&quot;,&quot;iso&quot;:&quot;100&quot;,&quot;shutter_speed&quot;:&quot;8&quot;,&quot;title&quot;:&quot;&quot;,&quot;orientation&quot;:&quot;1&quot;}\" data-image-title=\"FS3712551 Libreria Biedermeier\" data-image-description=\"\" data-image-caption=\"\" data-medium-file=\"https:\/\/socialdesignmagazine.com\/mag\/wp-content\/uploads\/2015\/05\/users_Jessy_MORELATO_Novit\u00e0_Salone_del_Mobile_2015_FS3712551_Libreria_Biedermeier-396x256.jpg\" data-large-file=\"https:\/\/socialdesignmagazine.com\/mag\/wp-content\/uploads\/2015\/05\/users_Jessy_MORELATO_Novit\u00e0_Salone_del_Mobile_2015_FS3712551_Libreria_Biedermeier.jpg\" src=\"https:\/\/socialdesignmagazine.com\/mag\/wp-content\/uploads\/2015\/05\/users_Jessy_MORELATO_Novit\u00e0_Salone_del_Mobile_2015_FS3712551_Libreria_Biedermeier.jpg\" alt=\"FS3712551 Libreria Biedermeier\" class=\"wp-image-21906\" srcset=\"https:\/\/socialdesignmagazine.com\/mag\/wp-content\/uploads\/2015\/05\/users_Jessy_MORELATO_Novit\u00e0_Salone_del_Mobile_2015_FS3712551_Libreria_Biedermeier.jpg 720w, https:\/\/socialdesignmagazine.com\/mag\/wp-content\/uploads\/2015\/05\/users_Jessy_MORELATO_Novit\u00e0_Salone_del_Mobile_2015_FS3712551_Libreria_Biedermeier-100x66.jpg 100w\" sizes=\"auto, (max-width: 720px) 100vw, 720px\" \/><\/figure>\n<\/div>\n\n\n<p><\/p>\n\n\n\n<h3 class=\"wp-block-heading\">COMPOSIZIONE MODULO ZERO Design: Centro Ricerche MAAM<\/h3>\n\n\n\n<p>Morelato propone soluzioni sempre nuove come la composizione modulo Zero. La struttura \u00e8 in legno di ciliegio tinto moka che si contrappone alla laccatura colore giallo degli interni. Il mobile si presenta con un elemento base formato da tre cassetti, un elemento a 3 vani, uno a giorno e due con anta a battente modello Code, un elemento pi\u00f9 profondo con una anta a vetro e un elemento a due vani a giorno posizionato in verticale. Tutte le ante sono in legno finitura naturale con la particolare lavorazione Code, composta da pi\u00f9 essenze (listelli di noce, acero e toulipier). Dimensioni: L 343 P 53 H 214cm<\/p>\n\n\n<div class=\"wp-block-image\">\n<figure class=\"aligncenter\"><img loading=\"lazy\" decoding=\"async\" width=\"720\" height=\"480\" data-attachment-id=\"21907\" data-permalink=\"https:\/\/socialdesignmagazine.com\/mag\/salone-del-mobile-2015\/nuovi-prodotti-e-nuove-collaborazioni-per-morelato-al-salone-del-mobile-2015\/attachment\/fs3412351-composizione-modulo-zero\/#content\" data-orig-file=\"https:\/\/socialdesignmagazine.com\/mag\/wp-content\/uploads\/2015\/05\/users_Jessy_MORELATO_Novit\u00e0_Salone_del_Mobile_2015_FS3412351_Composizione_Modulo_Zero.jpg\" data-orig-size=\"720,480\" data-comments-opened=\"1\" data-image-meta=\"{&quot;aperture&quot;:&quot;0&quot;,&quot;credit&quot;:&quot;&quot;,&quot;camera&quot;:&quot;&quot;,&quot;caption&quot;:&quot;&quot;,&quot;created_timestamp&quot;:&quot;0&quot;,&quot;copyright&quot;:&quot;&quot;,&quot;focal_length&quot;:&quot;0&quot;,&quot;iso&quot;:&quot;0&quot;,&quot;shutter_speed&quot;:&quot;0&quot;,&quot;title&quot;:&quot;&quot;,&quot;orientation&quot;:&quot;0&quot;}\" data-image-title=\"FS3412351 Composizione Modulo Zero\" data-image-description=\"\" data-image-caption=\"\" data-medium-file=\"https:\/\/socialdesignmagazine.com\/mag\/wp-content\/uploads\/2015\/05\/users_Jessy_MORELATO_Novit\u00e0_Salone_del_Mobile_2015_FS3412351_Composizione_Modulo_Zero-396x256.jpg\" data-large-file=\"https:\/\/socialdesignmagazine.com\/mag\/wp-content\/uploads\/2015\/05\/users_Jessy_MORELATO_Novit\u00e0_Salone_del_Mobile_2015_FS3412351_Composizione_Modulo_Zero.jpg\" src=\"https:\/\/socialdesignmagazine.com\/mag\/wp-content\/uploads\/2015\/05\/users_Jessy_MORELATO_Novit\u00e0_Salone_del_Mobile_2015_FS3412351_Composizione_Modulo_Zero.jpg\" alt=\"FS3412351 Composizione Modulo Zero\" class=\"wp-image-21907\" srcset=\"https:\/\/socialdesignmagazine.com\/mag\/wp-content\/uploads\/2015\/05\/users_Jessy_MORELATO_Novit\u00e0_Salone_del_Mobile_2015_FS3412351_Composizione_Modulo_Zero.jpg 720w, https:\/\/socialdesignmagazine.com\/mag\/wp-content\/uploads\/2015\/05\/users_Jessy_MORELATO_Novit\u00e0_Salone_del_Mobile_2015_FS3412351_Composizione_Modulo_Zero-100x66.jpg 100w\" sizes=\"auto, (max-width: 720px) 100vw, 720px\" \/><\/figure>\n<\/div>\n\n\n<p><\/p>\n\n\n\n<h3 class=\"wp-block-heading\">SGABELLO BIEDERMEIER Design: Centro Ricerche MAAM<\/h3>\n\n\n\n<p>Morelato&nbsp;amplia la gamma di sedute introducendo in collezione un nuovo sgabello bar. La novit\u00e0 in stile Biedermeier \u00e8 realizzata in legno di ciliegio sagomato con seduta imbottita e profilo tubolare in ottone poggiapiedi. Per il rivestimento \u00e8 possibile scegliere tra una vasta proposta di tessuti e pelli. Dimensioni: diam. 43 H 73<\/p>\n\n\n<div class=\"wp-block-image\">\n<figure class=\"aligncenter\"><img loading=\"lazy\" decoding=\"async\" width=\"720\" height=\"960\" data-attachment-id=\"21908\" data-permalink=\"https:\/\/socialdesignmagazine.com\/mag\/salone-del-mobile-2015\/nuovi-prodotti-e-nuove-collaborazioni-per-morelato-al-salone-del-mobile-2015\/attachment\/5331-sgabello-bar-biedermeier-01\/#content\" data-orig-file=\"https:\/\/socialdesignmagazine.com\/mag\/wp-content\/uploads\/2015\/05\/users_Jessy_MORELATO_Novit\u00e0_Salone_del_Mobile_2015_5331_Sgabello_Bar_Biedermeier_01.JPG\" data-orig-size=\"720,960\" data-comments-opened=\"1\" data-image-meta=\"{&quot;aperture&quot;:&quot;0&quot;,&quot;credit&quot;:&quot;&quot;,&quot;camera&quot;:&quot;&quot;,&quot;caption&quot;:&quot;&quot;,&quot;created_timestamp&quot;:&quot;0&quot;,&quot;copyright&quot;:&quot;&quot;,&quot;focal_length&quot;:&quot;0&quot;,&quot;iso&quot;:&quot;0&quot;,&quot;shutter_speed&quot;:&quot;0&quot;,&quot;title&quot;:&quot;&quot;,&quot;orientation&quot;:&quot;0&quot;}\" data-image-title=\"5331 Sgabello Bar Biedermeier 01\" data-image-description=\"\" data-image-caption=\"\" data-medium-file=\"https:\/\/socialdesignmagazine.com\/mag\/wp-content\/uploads\/2015\/05\/users_Jessy_MORELATO_Novit\u00e0_Salone_del_Mobile_2015_5331_Sgabello_Bar_Biedermeier_01-396x256.jpg\" data-large-file=\"https:\/\/socialdesignmagazine.com\/mag\/wp-content\/uploads\/2015\/05\/users_Jessy_MORELATO_Novit\u00e0_Salone_del_Mobile_2015_5331_Sgabello_Bar_Biedermeier_01.JPG\" src=\"https:\/\/socialdesignmagazine.com\/mag\/wp-content\/uploads\/2015\/05\/users_Jessy_MORELATO_Novit\u00e0_Salone_del_Mobile_2015_5331_Sgabello_Bar_Biedermeier_01.JPG\" alt=\"5331 Sgabello Bar Biedermeier 01\" class=\"wp-image-21908\"\/><\/figure>\n<\/div>\n\n\n<p><\/p>\n\n\n\n<h3 class=\"wp-block-heading\">SCRITTOIO OCCULTAMENTO Design: Ugo La Pietra<\/h3>\n\n\n\n<p>Questo pezzo \u00e8 stato progettato per l\u2019installazione che ha vinto il Premio Lissone del 1973 e il Compasso d\u2019Oro sempre nello stesso anno. Ora, rieditato dall\u2019azienda veneta, lo scrittoio ritorna a far parlare di s\u00e9 nella grande personale \u201cProgetto disequilibrante\u201d dedicata all\u2019architetto Ugo La Pietra, \u201cprogettista eclettico, un osservatore critico della realt\u00e0, in mostraalla Triennale di Milano.Il modello \u201cOccultamento\u201d inserito nel catalogo Morelato \u00e8 realizzato in legno di ciliegio con un piano a ribalta, due cassetti e vani interni. Dimensioni: L115 P86 H75cm<\/p>\n\n\n<div class=\"wp-block-image\">\n<figure class=\"aligncenter\"><img loading=\"lazy\" decoding=\"async\" width=\"720\" height=\"540\" data-attachment-id=\"21909\" data-permalink=\"https:\/\/socialdesignmagazine.com\/mag\/salone-del-mobile-2015\/nuovi-prodotti-e-nuove-collaborazioni-per-morelato-al-salone-del-mobile-2015\/attachment\/5083-scrittoio-occultamento-4\/#content\" data-orig-file=\"https:\/\/socialdesignmagazine.com\/mag\/wp-content\/uploads\/2015\/05\/users_Jessy_MORELATO_Novit\u00e0_Salone_del_Mobile_2015_5083_Scrittoio_Occultamento_4.JPG\" data-orig-size=\"720,540\" data-comments-opened=\"1\" data-image-meta=\"{&quot;aperture&quot;:&quot;0&quot;,&quot;credit&quot;:&quot;&quot;,&quot;camera&quot;:&quot;&quot;,&quot;caption&quot;:&quot;&quot;,&quot;created_timestamp&quot;:&quot;0&quot;,&quot;copyright&quot;:&quot;&quot;,&quot;focal_length&quot;:&quot;0&quot;,&quot;iso&quot;:&quot;0&quot;,&quot;shutter_speed&quot;:&quot;0&quot;,&quot;title&quot;:&quot;&quot;,&quot;orientation&quot;:&quot;0&quot;}\" data-image-title=\"5083 Scrittoio Occultamento 4\" data-image-description=\"\" data-image-caption=\"\" data-medium-file=\"https:\/\/socialdesignmagazine.com\/mag\/wp-content\/uploads\/2015\/05\/users_Jessy_MORELATO_Novit\u00e0_Salone_del_Mobile_2015_5083_Scrittoio_Occultamento_4-396x256.jpg\" data-large-file=\"https:\/\/socialdesignmagazine.com\/mag\/wp-content\/uploads\/2015\/05\/users_Jessy_MORELATO_Novit\u00e0_Salone_del_Mobile_2015_5083_Scrittoio_Occultamento_4.JPG\" src=\"https:\/\/socialdesignmagazine.com\/mag\/wp-content\/uploads\/2015\/05\/users_Jessy_MORELATO_Novit\u00e0_Salone_del_Mobile_2015_5083_Scrittoio_Occultamento_4.JPG\" alt=\"5083 Scrittoio Occultamento 4\" class=\"wp-image-21909\"\/><\/figure>\n<\/div>\n\n\n<p><\/p>\n\n\n\n<h3 class=\"wp-block-heading\">SEDIA METAMORFOSI Design: Pietro Barcaccia Metamorfosi<\/h3>\n\n\n\n<p>E&#8217; la novit\u00e0 di questo autunno proposta da Morelato. Da progetto vincitore dell\u2019XI edizione del concorso Il Mobile Significante,Metamorfosi si \u00e8 \u201ctrasformato\u201d in realt\u00e0: una sedia \u2013 poggia abiti realizzata in legno di frassino. Ciascun elemento che compone la seduta la rende multifunzionale: lo schienale ad esempio diventa porta pantaloni, mentre la congiunzione delle gambe, che si inclina leggermente, \u00e8 ideale come porta scarpe. Dimensioni: L60 P50 H101 cm<\/p>\n\n\n<div class=\"wp-block-image\">\n<figure class=\"aligncenter\"><img loading=\"lazy\" decoding=\"async\" width=\"720\" height=\"1080\" data-attachment-id=\"21910\" data-permalink=\"https:\/\/socialdesignmagazine.com\/mag\/salone-del-mobile-2015\/nuovi-prodotti-e-nuove-collaborazioni-per-morelato-al-salone-del-mobile-2015\/attachment\/art-5199f-sedia-metamorfosi-pietro-barcaccia-01\/#content\" data-orig-file=\"https:\/\/socialdesignmagazine.com\/mag\/wp-content\/uploads\/2015\/05\/users_Jessy_MORELATO_Novit\u00e0_Salone_del_Mobile_2015_Art.5199F_Sedia_Metamorfosi_-_Pietro_Barcaccia_01.jpg\" data-orig-size=\"720,1080\" data-comments-opened=\"1\" data-image-meta=\"{&quot;aperture&quot;:&quot;0&quot;,&quot;credit&quot;:&quot;&quot;,&quot;camera&quot;:&quot;&quot;,&quot;caption&quot;:&quot;&quot;,&quot;created_timestamp&quot;:&quot;0&quot;,&quot;copyright&quot;:&quot;&quot;,&quot;focal_length&quot;:&quot;0&quot;,&quot;iso&quot;:&quot;0&quot;,&quot;shutter_speed&quot;:&quot;0&quot;,&quot;title&quot;:&quot;&quot;,&quot;orientation&quot;:&quot;0&quot;}\" data-image-title=\"Art.5199F Sedia Metamorfosi Pietro Barcaccia 01\" data-image-description=\"\" data-image-caption=\"\" data-medium-file=\"https:\/\/socialdesignmagazine.com\/mag\/wp-content\/uploads\/2015\/05\/users_Jessy_MORELATO_Novit\u00e0_Salone_del_Mobile_2015_Art.5199F_Sedia_Metamorfosi_-_Pietro_Barcaccia_01-396x256.jpg\" data-large-file=\"https:\/\/socialdesignmagazine.com\/mag\/wp-content\/uploads\/2015\/05\/users_Jessy_MORELATO_Novit\u00e0_Salone_del_Mobile_2015_Art.5199F_Sedia_Metamorfosi_-_Pietro_Barcaccia_01.jpg\" src=\"https:\/\/socialdesignmagazine.com\/mag\/wp-content\/uploads\/2015\/05\/users_Jessy_MORELATO_Novit\u00e0_Salone_del_Mobile_2015_Art.5199F_Sedia_Metamorfosi_-_Pietro_Barcaccia_01.jpg\" alt=\"Art.5199F Sedia Metamorfosi Pietro Barcaccia 01\" class=\"wp-image-21910\"\/><\/figure>\n<\/div>\n\n\n<p><\/p>\n\n\n\n<h3 class=\"wp-block-heading\">TAVOLINO FRAMMENTO MISURA Design: Adolfo Natalini<\/h3>\n\n\n\n<p>Frammento misura \u00e8 una donazione di Adolfo Natalini al MAAM &#8211; Museo delle Arti Applicate nel Mobile -della Fondazione Aldo Morelato e prodotto dall\u2019azienda Morelato. Il tavolino \u00e8 una rivisitazione di un pezzo che lo stesso architetto aveva disegnato negli anni \u201970. Il mobile \u00e8 interamente realizzato in legno di frassino con intarsi in weng\u00e9 che vanno a ricreare dei piccoli \u201cquadri\u201d. L\u2019effetto che si crea \u00e8 una rete di geometrie perfette che ricoprono e decorano parte del piano d\u2019appoggio. Dimensioni: L92,7 P92,7 H36,3 cm<\/p>\n\n\n<div class=\"wp-block-image\">\n<figure class=\"aligncenter\"><img loading=\"lazy\" decoding=\"async\" width=\"720\" height=\"480\" data-attachment-id=\"21911\" data-permalink=\"https:\/\/socialdesignmagazine.com\/mag\/salone-del-mobile-2015\/nuovi-prodotti-e-nuove-collaborazioni-per-morelato-al-salone-del-mobile-2015\/attachment\/5614-frammento-misura-01\/#content\" data-orig-file=\"https:\/\/socialdesignmagazine.com\/mag\/wp-content\/uploads\/2015\/05\/users_Jessy_MORELATO_Novit\u00e0_Salone_del_Mobile_2015_5614_Frammento_Misura_01.jpg\" data-orig-size=\"720,480\" data-comments-opened=\"1\" data-image-meta=\"{&quot;aperture&quot;:&quot;0&quot;,&quot;credit&quot;:&quot;&quot;,&quot;camera&quot;:&quot;&quot;,&quot;caption&quot;:&quot;&quot;,&quot;created_timestamp&quot;:&quot;0&quot;,&quot;copyright&quot;:&quot;&quot;,&quot;focal_length&quot;:&quot;0&quot;,&quot;iso&quot;:&quot;0&quot;,&quot;shutter_speed&quot;:&quot;0&quot;,&quot;title&quot;:&quot;&quot;,&quot;orientation&quot;:&quot;0&quot;}\" data-image-title=\"5614 Frammento Misura 01\" data-image-description=\"\" data-image-caption=\"\" data-medium-file=\"https:\/\/socialdesignmagazine.com\/mag\/wp-content\/uploads\/2015\/05\/users_Jessy_MORELATO_Novit\u00e0_Salone_del_Mobile_2015_5614_Frammento_Misura_01-396x256.jpg\" data-large-file=\"https:\/\/socialdesignmagazine.com\/mag\/wp-content\/uploads\/2015\/05\/users_Jessy_MORELATO_Novit\u00e0_Salone_del_Mobile_2015_5614_Frammento_Misura_01.jpg\" src=\"https:\/\/socialdesignmagazine.com\/mag\/wp-content\/uploads\/2015\/05\/users_Jessy_MORELATO_Novit\u00e0_Salone_del_Mobile_2015_5614_Frammento_Misura_01.jpg\" alt=\"5614 Frammento Misura 01\" class=\"wp-image-21911\" srcset=\"https:\/\/socialdesignmagazine.com\/mag\/wp-content\/uploads\/2015\/05\/users_Jessy_MORELATO_Novit\u00e0_Salone_del_Mobile_2015_5614_Frammento_Misura_01.jpg 720w, https:\/\/socialdesignmagazine.com\/mag\/wp-content\/uploads\/2015\/05\/users_Jessy_MORELATO_Novit\u00e0_Salone_del_Mobile_2015_5614_Frammento_Misura_01-100x66.jpg 100w\" sizes=\"auto, (max-width: 720px) 100vw, 720px\" \/><\/figure>\n<\/div>\n\n\n<p><\/p>\n\n\n\n<h3 class=\"wp-block-heading\">SEDIA SAVINA Design: Centro Ricerche MAAM<\/h3>\n\n\n\n<p>Questo modello \u00e8 una rivisitazione della sedia Savina con la novit\u00e0 dello schienale imbottito per un maggior comfort. Il rivestimento pi\u00f9 essere scelto nella vasta gamma tessuti o pelli in collezione. Le gambe a sezione triangolare alleggeriscono la struttura che \u00e8 realizzata in legno di ciliegio e disponibile su richiesta in noce canaletto e in altre finiture a catalogo. Dimensioni: L47 P55 H85 cm<\/p>\n\n\n<div class=\"wp-block-image\">\n<figure class=\"aligncenter\"><img loading=\"lazy\" decoding=\"async\" width=\"720\" height=\"1080\" data-attachment-id=\"21912\" data-permalink=\"https:\/\/socialdesignmagazine.com\/mag\/salone-del-mobile-2015\/nuovi-prodotti-e-nuove-collaborazioni-per-morelato-al-salone-del-mobile-2015\/attachment\/art-5105-sedia-savina-schienale-imbottito-01\/#content\" data-orig-file=\"https:\/\/socialdesignmagazine.com\/mag\/wp-content\/uploads\/2015\/05\/users_Jessy_MORELATO_Novit\u00e0_Salone_del_Mobile_2015_Art.5105_Sedia_Savina_schienale_imbottito_01.jpg\" data-orig-size=\"720,1080\" data-comments-opened=\"1\" data-image-meta=\"{&quot;aperture&quot;:&quot;0&quot;,&quot;credit&quot;:&quot;&quot;,&quot;camera&quot;:&quot;&quot;,&quot;caption&quot;:&quot;&quot;,&quot;created_timestamp&quot;:&quot;0&quot;,&quot;copyright&quot;:&quot;&quot;,&quot;focal_length&quot;:&quot;0&quot;,&quot;iso&quot;:&quot;0&quot;,&quot;shutter_speed&quot;:&quot;0&quot;,&quot;title&quot;:&quot;&quot;,&quot;orientation&quot;:&quot;0&quot;}\" data-image-title=\"Art.5105 Sedia Savina schienale imbottito 01\" data-image-description=\"\" data-image-caption=\"\" data-medium-file=\"https:\/\/socialdesignmagazine.com\/mag\/wp-content\/uploads\/2015\/05\/users_Jessy_MORELATO_Novit\u00e0_Salone_del_Mobile_2015_Art.5105_Sedia_Savina_schienale_imbottito_01-396x256.jpg\" data-large-file=\"https:\/\/socialdesignmagazine.com\/mag\/wp-content\/uploads\/2015\/05\/users_Jessy_MORELATO_Novit\u00e0_Salone_del_Mobile_2015_Art.5105_Sedia_Savina_schienale_imbottito_01.jpg\" src=\"https:\/\/socialdesignmagazine.com\/mag\/wp-content\/uploads\/2015\/05\/users_Jessy_MORELATO_Novit\u00e0_Salone_del_Mobile_2015_Art.5105_Sedia_Savina_schienale_imbottito_01.jpg\" alt=\"Art.5105 Sedia Savina schienale imbottito 01\" class=\"wp-image-21912\"\/><\/figure>\n<\/div>\n\n\n<p><\/p>\n\n\n\n<h4 class=\"wp-block-heading\">Maggiori informazioni su: <a class=\"jcepopup\" href=\"http:\/\/www.morelato.it\/\" target=\"_blank\" rel=\"nofollow noopener\">www.morelato.it<\/a><\/h4>\n","protected":false,"gt_translate_keys":[{"key":"rendered","format":"html"}]},"excerpt":{"rendered":"<p>Morelato, azienda italiana con sede a Verona, conserva ancora oggi lo spirito della tradizione ebanista e artigiana.<\/p>\n","protected":false,"gt_translate_keys":[{"key":"rendered","format":"html"}]},"author":6,"featured_media":21899,"comment_status":"open","ping_status":"open","sticky":false,"template":"","format":"standard","meta":{"jetpack_post_was_ever_published":false,"_jetpack_newsletter_access":"","_jetpack_dont_email_post_to_subs":false,"_jetpack_newsletter_tier_id":0,"_jetpack_memberships_contains_paywalled_content":false,"_jetpack_memberships_contains_paid_content":false,"footnotes":"","_wpscppro_dont_share_socialmedia":false,"_wpscppro_custom_social_share_image":0,"_facebook_share_type":"","_twitter_share_type":"","_linkedin_share_type":"","_pinterest_share_type":"","_linkedin_share_type_page":"","_instagram_share_type":"","_medium_share_type":"","_threads_share_type":"","_google_business_share_type":"","_selected_social_profile":[],"_wpsp_enable_custom_social_template":false,"_wpsp_social_scheduling":{"enabled":false,"datetime":null,"platforms":[],"status":"template_only","dateOption":"today","timeOption":"now","customDays":"","customHours":"","customDate":"","customTime":"","schedulingType":"absolute"},"_wpsp_active_default_template":true},"categories":[27],"tags":[2016,4245],"class_list":["post-3755","post","type-post","status-publish","format-standard","has-post-thumbnail","hentry","category-salone-del-mobile-2015","tag-morelato","tag-salone-del-mobile-2015"],"yoast_head":"<!-- This site is optimized with the Yoast SEO plugin v27.2 - https:\/\/yoast.com\/product\/yoast-seo-wordpress\/ -->\n<title>Nuovi prodotti e nuove collaborazioni per MORELATO al Salone del Mobile 2015 - Social Design Magazine<\/title>\n<meta name=\"description\" content=\"Morelato, azienda italiana con sede a Verona, conserva ancora oggi lo spirito della tradizione ebanista e artigiana.\" \/>\n<meta name=\"robots\" content=\"index, follow, max-snippet:-1, max-image-preview:large, max-video-preview:-1\" \/>\n<link rel=\"canonical\" href=\"https:\/\/socialdesignmagazine.com\/mag\/salone-del-mobile-2015\/nuovi-prodotti-e-nuove-collaborazioni-per-morelato-al-salone-del-mobile-2015\/\" \/>\n<meta property=\"og:locale\" content=\"it_IT\" \/>\n<meta property=\"og:type\" content=\"article\" \/>\n<meta property=\"og:title\" content=\"Nuovi prodotti e nuove collaborazioni per MORELATO al Salone del Mobile 2015 - Social Design Magazine\" \/>\n<meta property=\"og:description\" content=\"Morelato, azienda italiana con sede a Verona, conserva ancora oggi lo spirito della tradizione ebanista e artigiana.\" \/>\n<meta property=\"og:url\" content=\"http:\/\/socialdesignmagazine.com\/mag\/salone-del-mobile-2015\/nuovi-prodotti-e-nuove-collaborazioni-per-morelato-al-salone-del-mobile-2015\/\" \/>\n<meta property=\"og:site_name\" content=\"Social Design Magazine\" \/>\n<meta property=\"article:publisher\" content=\"https:\/\/www.facebook.com\/socialdesignmag\" \/>\n<meta property=\"article:published_time\" content=\"2015-05-12T12:00:00+00:00\" \/>\n<meta property=\"article:modified_time\" content=\"2025-05-10T12:59:03+00:00\" \/>\n<meta property=\"og:image\" content=\"https:\/\/socialdesignmagazine.com\/mag\/wp-content\/uploads\/2015\/05\/users_Jessy_MORELATO_Novit\u00e0_Salone_del_Mobile_2015_3620-N_Libreria_Kant_02.JPG\" \/>\n\t<meta property=\"og:image:width\" content=\"720\" \/>\n\t<meta property=\"og:image:height\" content=\"960\" \/>\n\t<meta property=\"og:image:type\" content=\"image\/jpeg\" \/>\n<meta name=\"author\" content=\"jessica zannori\" \/>\n<meta name=\"twitter:card\" content=\"summary_large_image\" \/>\n<meta name=\"twitter:creator\" content=\"@socialdesignmag\" \/>\n<meta name=\"twitter:site\" content=\"@socialdesignmag\" \/>\n<meta name=\"twitter:label1\" content=\"Scritto da\" \/>\n\t<meta name=\"twitter:data1\" content=\"jessica zannori\" \/>\n\t<meta name=\"twitter:label2\" content=\"Tempo di lettura stimato\" \/>\n\t<meta name=\"twitter:data2\" content=\"10 minuti\" \/>\n<script type=\"application\/ld+json\" class=\"yoast-schema-graph\">{\"@context\":\"https:\/\/schema.org\",\"@graph\":[{\"@type\":\"Article\",\"@id\":\"https:\/\/socialdesignmagazine.com\/mag\/salone-del-mobile-2015\/nuovi-prodotti-e-nuove-collaborazioni-per-morelato-al-salone-del-mobile-2015\/#article\",\"isPartOf\":{\"@id\":\"https:\/\/socialdesignmagazine.com\/mag\/salone-del-mobile-2015\/nuovi-prodotti-e-nuove-collaborazioni-per-morelato-al-salone-del-mobile-2015\/\"},\"author\":{\"name\":\"jessica zannori\",\"@id\":\"https:\/\/socialdesignmagazine.com\/mag\/#\/schema\/person\/f26aea2d68a722d5ed3a1ee93c92aba9\"},\"headline\":\"Nuovi prodotti e nuove collaborazioni per MORELATO al Salone del Mobile 2015\",\"datePublished\":\"2015-05-12T12:00:00+00:00\",\"dateModified\":\"2025-05-10T12:59:03+00:00\",\"mainEntityOfPage\":{\"@id\":\"https:\/\/socialdesignmagazine.com\/mag\/salone-del-mobile-2015\/nuovi-prodotti-e-nuove-collaborazioni-per-morelato-al-salone-del-mobile-2015\/\"},\"wordCount\":1294,\"commentCount\":0,\"publisher\":{\"@id\":\"https:\/\/socialdesignmagazine.com\/mag\/#organization\"},\"image\":{\"@id\":\"https:\/\/socialdesignmagazine.com\/mag\/salone-del-mobile-2015\/nuovi-prodotti-e-nuove-collaborazioni-per-morelato-al-salone-del-mobile-2015\/#primaryimage\"},\"thumbnailUrl\":\"https:\/\/socialdesignmagazine.com\/mag\/wp-content\/uploads\/2015\/05\/users_Jessy_MORELATO_Novit\u00e0_Salone_del_Mobile_2015_3620-N_Libreria_Kant_02.JPG\",\"keywords\":[\"morelato\",\"salone del mobile 2015\"],\"articleSection\":[\"Salone del Mobile 2015\"],\"inLanguage\":\"it-IT\",\"potentialAction\":[{\"@type\":\"CommentAction\",\"name\":\"Comment\",\"target\":[\"https:\/\/socialdesignmagazine.com\/mag\/salone-del-mobile-2015\/nuovi-prodotti-e-nuove-collaborazioni-per-morelato-al-salone-del-mobile-2015\/#respond\"]}]},{\"@type\":\"WebPage\",\"@id\":\"https:\/\/socialdesignmagazine.com\/mag\/salone-del-mobile-2015\/nuovi-prodotti-e-nuove-collaborazioni-per-morelato-al-salone-del-mobile-2015\/\",\"url\":\"https:\/\/socialdesignmagazine.com\/mag\/salone-del-mobile-2015\/nuovi-prodotti-e-nuove-collaborazioni-per-morelato-al-salone-del-mobile-2015\/\",\"name\":\"Nuovi prodotti e nuove collaborazioni per MORELATO al Salone del Mobile 2015 - Social Design Magazine\",\"isPartOf\":{\"@id\":\"https:\/\/socialdesignmagazine.com\/mag\/#website\"},\"primaryImageOfPage\":{\"@id\":\"https:\/\/socialdesignmagazine.com\/mag\/salone-del-mobile-2015\/nuovi-prodotti-e-nuove-collaborazioni-per-morelato-al-salone-del-mobile-2015\/#primaryimage\"},\"image\":{\"@id\":\"https:\/\/socialdesignmagazine.com\/mag\/salone-del-mobile-2015\/nuovi-prodotti-e-nuove-collaborazioni-per-morelato-al-salone-del-mobile-2015\/#primaryimage\"},\"thumbnailUrl\":\"https:\/\/socialdesignmagazine.com\/mag\/wp-content\/uploads\/2015\/05\/users_Jessy_MORELATO_Novit\u00e0_Salone_del_Mobile_2015_3620-N_Libreria_Kant_02.JPG\",\"datePublished\":\"2015-05-12T12:00:00+00:00\",\"dateModified\":\"2025-05-10T12:59:03+00:00\",\"description\":\"Morelato, azienda italiana con sede a Verona, conserva ancora oggi lo spirito della tradizione ebanista e artigiana.\",\"breadcrumb\":{\"@id\":\"https:\/\/socialdesignmagazine.com\/mag\/salone-del-mobile-2015\/nuovi-prodotti-e-nuove-collaborazioni-per-morelato-al-salone-del-mobile-2015\/#breadcrumb\"},\"inLanguage\":\"it-IT\",\"potentialAction\":[{\"@type\":\"ReadAction\",\"target\":[\"https:\/\/socialdesignmagazine.com\/mag\/salone-del-mobile-2015\/nuovi-prodotti-e-nuove-collaborazioni-per-morelato-al-salone-del-mobile-2015\/\"]}]},{\"@type\":\"ImageObject\",\"inLanguage\":\"it-IT\",\"@id\":\"https:\/\/socialdesignmagazine.com\/mag\/salone-del-mobile-2015\/nuovi-prodotti-e-nuove-collaborazioni-per-morelato-al-salone-del-mobile-2015\/#primaryimage\",\"url\":\"https:\/\/socialdesignmagazine.com\/mag\/wp-content\/uploads\/2015\/05\/users_Jessy_MORELATO_Novit\u00e0_Salone_del_Mobile_2015_3620-N_Libreria_Kant_02.JPG\",\"contentUrl\":\"https:\/\/socialdesignmagazine.com\/mag\/wp-content\/uploads\/2015\/05\/users_Jessy_MORELATO_Novit\u00e0_Salone_del_Mobile_2015_3620-N_Libreria_Kant_02.JPG\",\"width\":720,\"height\":960,\"caption\":\"3620 N Libreria Kant 02\"},{\"@type\":\"BreadcrumbList\",\"@id\":\"https:\/\/socialdesignmagazine.com\/mag\/salone-del-mobile-2015\/nuovi-prodotti-e-nuove-collaborazioni-per-morelato-al-salone-del-mobile-2015\/#breadcrumb\",\"itemListElement\":[{\"@type\":\"ListItem\",\"position\":1,\"name\":\"Home\",\"item\":\"https:\/\/socialdesignmagazine.com\/mag\/\"},{\"@type\":\"ListItem\",\"position\":2,\"name\":\"Salone del Mobile 2015\",\"item\":\"https:\/\/socialdesignmagazine.com\/mag\/salone-del-mobile-2015\/\"},{\"@type\":\"ListItem\",\"position\":3,\"name\":\"Nuovi prodotti e nuove collaborazioni per MORELATO al Salone del Mobile 2015\"}]},{\"@type\":\"WebSite\",\"@id\":\"https:\/\/socialdesignmagazine.com\/mag\/#website\",\"url\":\"https:\/\/socialdesignmagazine.com\/mag\/\",\"name\":\"Social Design Magazine\",\"description\":\"Social Magazine su Design, Architettura, Arte, Grafica\",\"publisher\":{\"@id\":\"https:\/\/socialdesignmagazine.com\/mag\/#organization\"},\"potentialAction\":[{\"@type\":\"SearchAction\",\"target\":{\"@type\":\"EntryPoint\",\"urlTemplate\":\"https:\/\/socialdesignmagazine.com\/mag\/?s={search_term_string}\"},\"query-input\":{\"@type\":\"PropertyValueSpecification\",\"valueRequired\":true,\"valueName\":\"search_term_string\"}}],\"inLanguage\":\"it-IT\"},{\"@type\":\"Organization\",\"@id\":\"https:\/\/socialdesignmagazine.com\/mag\/#organization\",\"name\":\"Social Design Magazine\",\"url\":\"https:\/\/socialdesignmagazine.com\/mag\/\",\"logo\":{\"@type\":\"ImageObject\",\"inLanguage\":\"it-IT\",\"@id\":\"https:\/\/socialdesignmagazine.com\/mag\/#\/schema\/logo\/image\/\",\"url\":\"https:\/\/socialdesignmagazine.com\/mag\/wp-content\/uploads\/2017\/01\/logo_favicon_11.png\",\"contentUrl\":\"https:\/\/socialdesignmagazine.com\/mag\/wp-content\/uploads\/2017\/01\/logo_favicon_11.png\",\"width\":1024,\"height\":1024,\"caption\":\"Social Design Magazine\"},\"image\":{\"@id\":\"https:\/\/socialdesignmagazine.com\/mag\/#\/schema\/logo\/image\/\"},\"sameAs\":[\"https:\/\/www.facebook.com\/socialdesignmag\",\"https:\/\/x.com\/socialdesignmag\",\"http:\/\/instagram.com\/social_design_magazine\/\",\"http:\/\/pinterest.com\/socialdesignmag\/\",\"http:\/\/www.youtube.com\/user\/socialdesignmagazine\"]},{\"@type\":\"Person\",\"@id\":\"https:\/\/socialdesignmagazine.com\/mag\/#\/schema\/person\/f26aea2d68a722d5ed3a1ee93c92aba9\",\"name\":\"jessica zannori\",\"image\":{\"@type\":\"ImageObject\",\"inLanguage\":\"it-IT\",\"@id\":\"https:\/\/secure.gravatar.com\/avatar\/e338d2d30b98ee192f7c7708f51c9b6a0f135e3e3399a9bec7d00e0496a346c6?s=96&d=mm&r=g\",\"url\":\"https:\/\/secure.gravatar.com\/avatar\/e338d2d30b98ee192f7c7708f51c9b6a0f135e3e3399a9bec7d00e0496a346c6?s=96&d=mm&r=g\",\"contentUrl\":\"https:\/\/secure.gravatar.com\/avatar\/e338d2d30b98ee192f7c7708f51c9b6a0f135e3e3399a9bec7d00e0496a346c6?s=96&d=mm&r=g\",\"caption\":\"jessica zannori\"},\"url\":\"https:\/\/socialdesignmagazine.com\/mag\/author\/jessy\/\"}]}<\/script>\n<!-- \/ Yoast SEO plugin. -->","yoast_head_json":{"title":"Nuovi prodotti e nuove collaborazioni per MORELATO al Salone del Mobile 2015 - Social Design Magazine","description":"Morelato, azienda italiana con sede a Verona, conserva ancora oggi lo spirito della tradizione ebanista e artigiana.","robots":{"index":"index","follow":"follow","max-snippet":"max-snippet:-1","max-image-preview":"max-image-preview:large","max-video-preview":"max-video-preview:-1"},"canonical":"https:\/\/socialdesignmagazine.com\/mag\/salone-del-mobile-2015\/nuovi-prodotti-e-nuove-collaborazioni-per-morelato-al-salone-del-mobile-2015\/","og_locale":"it_IT","og_type":"article","og_title":"Nuovi prodotti e nuove collaborazioni per MORELATO al Salone del Mobile 2015 - Social Design Magazine","og_description":"Morelato, azienda italiana con sede a Verona, conserva ancora oggi lo spirito della tradizione ebanista e artigiana.","og_url":"http:\/\/socialdesignmagazine.com\/mag\/salone-del-mobile-2015\/nuovi-prodotti-e-nuove-collaborazioni-per-morelato-al-salone-del-mobile-2015\/","og_site_name":"Social Design Magazine","article_publisher":"https:\/\/www.facebook.com\/socialdesignmag","article_published_time":"2015-05-12T12:00:00+00:00","article_modified_time":"2025-05-10T12:59:03+00:00","og_image":[{"width":720,"height":960,"url":"https:\/\/socialdesignmagazine.com\/mag\/wp-content\/uploads\/2015\/05\/users_Jessy_MORELATO_Novit\u00e0_Salone_del_Mobile_2015_3620-N_Libreria_Kant_02.JPG","type":"image\/jpeg"}],"author":"jessica zannori","twitter_card":"summary_large_image","twitter_creator":"@socialdesignmag","twitter_site":"@socialdesignmag","twitter_misc":{"Scritto da":"jessica zannori","Tempo di lettura stimato":"10 minuti"},"schema":{"@context":"https:\/\/schema.org","@graph":[{"@type":"Article","@id":"https:\/\/socialdesignmagazine.com\/mag\/salone-del-mobile-2015\/nuovi-prodotti-e-nuove-collaborazioni-per-morelato-al-salone-del-mobile-2015\/#article","isPartOf":{"@id":"https:\/\/socialdesignmagazine.com\/mag\/salone-del-mobile-2015\/nuovi-prodotti-e-nuove-collaborazioni-per-morelato-al-salone-del-mobile-2015\/"},"author":{"name":"jessica zannori","@id":"https:\/\/socialdesignmagazine.com\/mag\/#\/schema\/person\/f26aea2d68a722d5ed3a1ee93c92aba9"},"headline":"Nuovi prodotti e nuove collaborazioni per MORELATO al Salone del Mobile 2015","datePublished":"2015-05-12T12:00:00+00:00","dateModified":"2025-05-10T12:59:03+00:00","mainEntityOfPage":{"@id":"https:\/\/socialdesignmagazine.com\/mag\/salone-del-mobile-2015\/nuovi-prodotti-e-nuove-collaborazioni-per-morelato-al-salone-del-mobile-2015\/"},"wordCount":1294,"commentCount":0,"publisher":{"@id":"https:\/\/socialdesignmagazine.com\/mag\/#organization"},"image":{"@id":"https:\/\/socialdesignmagazine.com\/mag\/salone-del-mobile-2015\/nuovi-prodotti-e-nuove-collaborazioni-per-morelato-al-salone-del-mobile-2015\/#primaryimage"},"thumbnailUrl":"https:\/\/socialdesignmagazine.com\/mag\/wp-content\/uploads\/2015\/05\/users_Jessy_MORELATO_Novit\u00e0_Salone_del_Mobile_2015_3620-N_Libreria_Kant_02.JPG","keywords":["morelato","salone del mobile 2015"],"articleSection":["Salone del Mobile 2015"],"inLanguage":"it-IT","potentialAction":[{"@type":"CommentAction","name":"Comment","target":["https:\/\/socialdesignmagazine.com\/mag\/salone-del-mobile-2015\/nuovi-prodotti-e-nuove-collaborazioni-per-morelato-al-salone-del-mobile-2015\/#respond"]}]},{"@type":"WebPage","@id":"https:\/\/socialdesignmagazine.com\/mag\/salone-del-mobile-2015\/nuovi-prodotti-e-nuove-collaborazioni-per-morelato-al-salone-del-mobile-2015\/","url":"https:\/\/socialdesignmagazine.com\/mag\/salone-del-mobile-2015\/nuovi-prodotti-e-nuove-collaborazioni-per-morelato-al-salone-del-mobile-2015\/","name":"Nuovi prodotti e nuove collaborazioni per MORELATO al Salone del Mobile 2015 - Social Design Magazine","isPartOf":{"@id":"https:\/\/socialdesignmagazine.com\/mag\/#website"},"primaryImageOfPage":{"@id":"https:\/\/socialdesignmagazine.com\/mag\/salone-del-mobile-2015\/nuovi-prodotti-e-nuove-collaborazioni-per-morelato-al-salone-del-mobile-2015\/#primaryimage"},"image":{"@id":"https:\/\/socialdesignmagazine.com\/mag\/salone-del-mobile-2015\/nuovi-prodotti-e-nuove-collaborazioni-per-morelato-al-salone-del-mobile-2015\/#primaryimage"},"thumbnailUrl":"https:\/\/socialdesignmagazine.com\/mag\/wp-content\/uploads\/2015\/05\/users_Jessy_MORELATO_Novit\u00e0_Salone_del_Mobile_2015_3620-N_Libreria_Kant_02.JPG","datePublished":"2015-05-12T12:00:00+00:00","dateModified":"2025-05-10T12:59:03+00:00","description":"Morelato, azienda italiana con sede a Verona, conserva ancora oggi lo spirito della tradizione ebanista e artigiana.","breadcrumb":{"@id":"https:\/\/socialdesignmagazine.com\/mag\/salone-del-mobile-2015\/nuovi-prodotti-e-nuove-collaborazioni-per-morelato-al-salone-del-mobile-2015\/#breadcrumb"},"inLanguage":"it-IT","potentialAction":[{"@type":"ReadAction","target":["https:\/\/socialdesignmagazine.com\/mag\/salone-del-mobile-2015\/nuovi-prodotti-e-nuove-collaborazioni-per-morelato-al-salone-del-mobile-2015\/"]}]},{"@type":"ImageObject","inLanguage":"it-IT","@id":"https:\/\/socialdesignmagazine.com\/mag\/salone-del-mobile-2015\/nuovi-prodotti-e-nuove-collaborazioni-per-morelato-al-salone-del-mobile-2015\/#primaryimage","url":"https:\/\/socialdesignmagazine.com\/mag\/wp-content\/uploads\/2015\/05\/users_Jessy_MORELATO_Novit\u00e0_Salone_del_Mobile_2015_3620-N_Libreria_Kant_02.JPG","contentUrl":"https:\/\/socialdesignmagazine.com\/mag\/wp-content\/uploads\/2015\/05\/users_Jessy_MORELATO_Novit\u00e0_Salone_del_Mobile_2015_3620-N_Libreria_Kant_02.JPG","width":720,"height":960,"caption":"3620 N Libreria Kant 02"},{"@type":"BreadcrumbList","@id":"https:\/\/socialdesignmagazine.com\/mag\/salone-del-mobile-2015\/nuovi-prodotti-e-nuove-collaborazioni-per-morelato-al-salone-del-mobile-2015\/#breadcrumb","itemListElement":[{"@type":"ListItem","position":1,"name":"Home","item":"https:\/\/socialdesignmagazine.com\/mag\/"},{"@type":"ListItem","position":2,"name":"Salone del Mobile 2015","item":"https:\/\/socialdesignmagazine.com\/mag\/salone-del-mobile-2015\/"},{"@type":"ListItem","position":3,"name":"Nuovi prodotti e nuove collaborazioni per MORELATO al Salone del Mobile 2015"}]},{"@type":"WebSite","@id":"https:\/\/socialdesignmagazine.com\/mag\/#website","url":"https:\/\/socialdesignmagazine.com\/mag\/","name":"Social Design Magazine","description":"Social Magazine su Design, Architettura, Arte, Grafica","publisher":{"@id":"https:\/\/socialdesignmagazine.com\/mag\/#organization"},"potentialAction":[{"@type":"SearchAction","target":{"@type":"EntryPoint","urlTemplate":"https:\/\/socialdesignmagazine.com\/mag\/?s={search_term_string}"},"query-input":{"@type":"PropertyValueSpecification","valueRequired":true,"valueName":"search_term_string"}}],"inLanguage":"it-IT"},{"@type":"Organization","@id":"https:\/\/socialdesignmagazine.com\/mag\/#organization","name":"Social Design Magazine","url":"https:\/\/socialdesignmagazine.com\/mag\/","logo":{"@type":"ImageObject","inLanguage":"it-IT","@id":"https:\/\/socialdesignmagazine.com\/mag\/#\/schema\/logo\/image\/","url":"https:\/\/socialdesignmagazine.com\/mag\/wp-content\/uploads\/2017\/01\/logo_favicon_11.png","contentUrl":"https:\/\/socialdesignmagazine.com\/mag\/wp-content\/uploads\/2017\/01\/logo_favicon_11.png","width":1024,"height":1024,"caption":"Social Design Magazine"},"image":{"@id":"https:\/\/socialdesignmagazine.com\/mag\/#\/schema\/logo\/image\/"},"sameAs":["https:\/\/www.facebook.com\/socialdesignmag","https:\/\/x.com\/socialdesignmag","http:\/\/instagram.com\/social_design_magazine\/","http:\/\/pinterest.com\/socialdesignmag\/","http:\/\/www.youtube.com\/user\/socialdesignmagazine"]},{"@type":"Person","@id":"https:\/\/socialdesignmagazine.com\/mag\/#\/schema\/person\/f26aea2d68a722d5ed3a1ee93c92aba9","name":"jessica zannori","image":{"@type":"ImageObject","inLanguage":"it-IT","@id":"https:\/\/secure.gravatar.com\/avatar\/e338d2d30b98ee192f7c7708f51c9b6a0f135e3e3399a9bec7d00e0496a346c6?s=96&d=mm&r=g","url":"https:\/\/secure.gravatar.com\/avatar\/e338d2d30b98ee192f7c7708f51c9b6a0f135e3e3399a9bec7d00e0496a346c6?s=96&d=mm&r=g","contentUrl":"https:\/\/secure.gravatar.com\/avatar\/e338d2d30b98ee192f7c7708f51c9b6a0f135e3e3399a9bec7d00e0496a346c6?s=96&d=mm&r=g","caption":"jessica zannori"},"url":"https:\/\/socialdesignmagazine.com\/mag\/author\/jessy\/"}]}},"jetpack_featured_media_url":"https:\/\/socialdesignmagazine.com\/mag\/wp-content\/uploads\/2015\/05\/users_Jessy_MORELATO_Novit\u00e0_Salone_del_Mobile_2015_3620-N_Libreria_Kant_02.JPG","jetpack_sharing_enabled":true,"jetpack_shortlink":"https:\/\/wp.me\/p6cV7V-Yz","gt_translate_keys":[{"key":"link","format":"url"}],"_links":{"self":[{"href":"https:\/\/socialdesignmagazine.com\/mag\/wp-json\/wp\/v2\/posts\/3755","targetHints":{"allow":["GET"]}}],"collection":[{"href":"https:\/\/socialdesignmagazine.com\/mag\/wp-json\/wp\/v2\/posts"}],"about":[{"href":"https:\/\/socialdesignmagazine.com\/mag\/wp-json\/wp\/v2\/types\/post"}],"author":[{"embeddable":true,"href":"https:\/\/socialdesignmagazine.com\/mag\/wp-json\/wp\/v2\/users\/6"}],"replies":[{"embeddable":true,"href":"https:\/\/socialdesignmagazine.com\/mag\/wp-json\/wp\/v2\/comments?post=3755"}],"version-history":[{"count":2,"href":"https:\/\/socialdesignmagazine.com\/mag\/wp-json\/wp\/v2\/posts\/3755\/revisions"}],"predecessor-version":[{"id":64920,"href":"https:\/\/socialdesignmagazine.com\/mag\/wp-json\/wp\/v2\/posts\/3755\/revisions\/64920"}],"wp:featuredmedia":[{"embeddable":true,"href":"https:\/\/socialdesignmagazine.com\/mag\/wp-json\/wp\/v2\/media\/21899"}],"wp:attachment":[{"href":"https:\/\/socialdesignmagazine.com\/mag\/wp-json\/wp\/v2\/media?parent=3755"}],"wp:term":[{"taxonomy":"category","embeddable":true,"href":"https:\/\/socialdesignmagazine.com\/mag\/wp-json\/wp\/v2\/categories?post=3755"},{"taxonomy":"post_tag","embeddable":true,"href":"https:\/\/socialdesignmagazine.com\/mag\/wp-json\/wp\/v2\/tags?post=3755"}],"curies":[{"name":"wp","href":"https:\/\/api.w.org\/{rel}","templated":true}]}}