{"id":37632,"date":"2019-04-04T09:10:50","date_gmt":"2019-04-04T07:10:50","guid":{"rendered":"https:\/\/socialdesignmagazine.com\/mag\/?p=37632"},"modified":"2019-04-03T23:14:18","modified_gmt":"2019-04-03T21:14:18","slug":"fuorisalone-2019-no-made-luxury-mobile-home-brera-design-district","status":"publish","type":"post","link":"https:\/\/socialdesignmagazine.com\/mag\/news\/architettura-news\/fuorisalone-2019-no-made-luxury-mobile-home-brera-design-district\/","title":{"rendered":"Fuorisalone 2019 | NO.MADE luxury mobile home | Brera design district","gt_translate_keys":[{"key":"rendered","format":"text"}]},"content":{"rendered":"\n<p>Dopo EDEN Luxury portable suite del FuoriSalone 2018, e vincitore agli ICONIC AWARDS come innovative architecture, Michele Perlini torna quest\u2019anno al Brera Design Week con un nuovo concept per l\u2019abitare \u201cnomade\u201d.<\/p>\n\n\n\n<p><em>\u201cL\u2019architettura \u00e8 soggetta a un errare senza meta: abitare non esprime pi\u00f9 il legame con la terra, il radicamento, ma la manifestazione di un bisogno umano elementare, il sogno di un\u2019architettura istantanea\u201d<\/em><br>cit. Christophe Pourtois, Architettura e Nomadismo (2010)<\/p>\n\n\n\n<p>NO.MADE \u00e8 una micro abitazione, uno spazio domestico itinerante immaginato come un buen retiro per location scenografiche, una casa galleggiante o un luogo speciale per spazi urbani.<\/p>\n\n\n\n<p>Il modulo prefabbricato \u00e8 progettato per soddisfare le pi\u00f9 strette esigenze di sostenibilit\u00e0, e consiste in una cellula minimale di dimensioni ridotte (3 x 9 metri) per permetterne un facile trasporto e montaggio, definita da una cornice strutturale in acciaio corten e da una grande facciata panoramica in alluminio in cui elementi fissi ed apribili si integrano senza alcuna interruzione di continuit\u00e0, un dispositivo \u201ctutto vetro\u201d per immergersi nel paesaggio circostante: <em>\u201c l\u2019idea \u00e8 dare vita ad inediti scorci tra interno ed esterno che, cos\u00ec, diventano tutt&#8217;uno tra di loro\u201d<\/em> spiega Michele Perlini.<\/p>\n\n\n\n<p>L\u2019affaccio vetrato, realizzato con profili in alluminio ad elevato isolamento, permette di riscaldare naturalmente l&#8217;ambiente durante l\u2019inverno, mentre nei mesi estivi, i frangisole automatizzati provvedono a proteggere la casa dal caldo eccessivo.<\/p>\n\n\n\n<p>Con un\u2019attitudine spiccata alla sostenibilit\u00e0 che l\u2019architetto Michele Perlini evidenzia in ogni suo lavoro (consulente esperto CasaClima ha realizzato il primo restauro conservativo CasaClima classe \u201cA\u201d Nature in Italia, ed il primo CasaClima Welcome in Italia ) anche per NO.MADE lo studio del consumo energetico \u00e8 stato prioritario ed ha guidato le scelte progettuali : il vetro \u00e8 selettivo, pertanto \u00e8 contemporaneamente basso emissivo ed a controllo solare.<\/p>\n\n\n\n<p>Le facciate in pannelli minerali ad alta densit\u00e0, con trasmittanza molto bassa e rivestite in fibrocemento garantiscono un\u2019alta efficienza energetica. Il modulo \u00e8 certificato Casa Clima Mobile Home.<\/p>\n\n\n\n<p>Lo spazio interno \u00e8 concepito come un open space, dove si succedono zona giorno, zona notte e un bagno, che possono essere separabili da pannelli scorrevoli in legno; rende uniforme ed omogeneo l\u2019ambiente il rivestimento a parete color avana.<\/p>\n\n\n\n<figure class=\"wp-block-image\"><img loading=\"lazy\" decoding=\"async\" width=\"1024\" height=\"724\" data-attachment-id=\"37636\" data-permalink=\"https:\/\/socialdesignmagazine.com\/mag\/news\/architettura-news\/fuorisalone-2019-no-made-luxury-mobile-home-brera-design-district\/attachment\/mdw_02_mp-1-jpg\/#content\" data-orig-file=\"https:\/\/socialdesignmagazine.com\/mag\/wp-content\/uploads\/2019\/03\/MDW_02_mp-1.jpg\" data-orig-size=\"1600,1131\" data-comments-opened=\"1\" data-image-meta=\"{&quot;aperture&quot;:&quot;0&quot;,&quot;credit&quot;:&quot;&quot;,&quot;camera&quot;:&quot;&quot;,&quot;caption&quot;:&quot;&quot;,&quot;created_timestamp&quot;:&quot;0&quot;,&quot;copyright&quot;:&quot;&quot;,&quot;focal_length&quot;:&quot;0&quot;,&quot;iso&quot;:&quot;0&quot;,&quot;shutter_speed&quot;:&quot;0&quot;,&quot;title&quot;:&quot;&quot;,&quot;orientation&quot;:&quot;0&quot;}\" data-image-title=\"MDW_02_mp-1.jpg\" data-image-description=\"\" data-image-caption=\"\" data-medium-file=\"https:\/\/socialdesignmagazine.com\/mag\/wp-content\/uploads\/2019\/03\/MDW_02_mp-1-438x283.jpg\" data-large-file=\"https:\/\/socialdesignmagazine.com\/mag\/wp-content\/uploads\/2019\/03\/MDW_02_mp-1-1024x724.jpg\" src=\"https:\/\/socialdesignmagazine.com\/mag\/wp-content\/uploads\/2019\/03\/MDW_02_mp-1-1024x724.jpg\" alt=\"\" class=\"wp-image-37636\" srcset=\"https:\/\/socialdesignmagazine.com\/mag\/wp-content\/uploads\/2019\/03\/MDW_02_mp-1-1024x724.jpg 1024w, https:\/\/socialdesignmagazine.com\/mag\/wp-content\/uploads\/2019\/03\/MDW_02_mp-1-768x543.jpg 768w, https:\/\/socialdesignmagazine.com\/mag\/wp-content\/uploads\/2019\/03\/MDW_02_mp-1.jpg 1600w\" sizes=\"auto, (max-width: 1024px) 100vw, 1024px\" \/><\/figure>\n\n\n\n<p>Gli arredi di NO.MADE sono disegnati su misura da Michele Perlini e concepiti come parte integrante del progetto.<\/p>\n\n\n\n<p>Realizzati artigianalmente, ribadiscono l\u2019estrema attenzione dell\u2019architetto al tema dell&#8217;impatto ambientale, attraverso la scelta di materiali naturali per il divano e il letto, con strutture in legno massello di noce americano e rivestimenti in tessuti naturali, seta, cotone &#8211; da integrare con accessori in plexiglass riciclato o corten pensati per il massimo confort (porta riviste,vassoio,porta tablet, luce a led di lettura e porta sigari).<\/p>\n\n\n\n<p>L\u2019ambiente bagno presenta un lavabo freestanding e la doccia con cromoterapia permette di godere di viste panoramiche attraverso la vetrata a tutta parete; infine una mini cucina con tavolino annesso per la colazione o un veloce pranzo ma anche per godersiuna cena a lume di candela.<br>Anche il progetto illuminotecnico, con faretti e tagli di luce nel soffitto, \u00e8 studiato per creare un\u2019atmosfera soft,morbida, avvolgente.<\/p>\n\n\n\n<p><em>\u201cHo concepito NO.MADE come un piccolo luogo raccolto dove isolarsi, sentirsi fuori dalla quotidianit\u00e0 e contemporaneamente dentro il contesto naturale o urbano in cui NO.MADE si trover\u00e0. Uno spazio per l\u2019abitare dove i materiali, gli arredi e ogni piccolo dettaglio sono pensati e progettati per creare un&#8217;atmosfera avvolgente e familiare capace di regalare panorami sempre nuovi ed inediti\u201d<\/em> &#8211; Michele Perlini.<\/p>\n\n\n\n<figure class=\"wp-block-image\"><img loading=\"lazy\" decoding=\"async\" width=\"1024\" height=\"724\" data-attachment-id=\"37635\" data-permalink=\"https:\/\/socialdesignmagazine.com\/mag\/news\/architettura-news\/fuorisalone-2019-no-made-luxury-mobile-home-brera-design-district\/attachment\/mp22_1_environment_ok-0-jpg\/#content\" data-orig-file=\"https:\/\/socialdesignmagazine.com\/mag\/wp-content\/uploads\/2019\/03\/mp22_1_environment_ok-0.jpg\" data-orig-size=\"1280,905\" data-comments-opened=\"1\" data-image-meta=\"{&quot;aperture&quot;:&quot;0&quot;,&quot;credit&quot;:&quot;&quot;,&quot;camera&quot;:&quot;&quot;,&quot;caption&quot;:&quot;&quot;,&quot;created_timestamp&quot;:&quot;0&quot;,&quot;copyright&quot;:&quot;&quot;,&quot;focal_length&quot;:&quot;0&quot;,&quot;iso&quot;:&quot;0&quot;,&quot;shutter_speed&quot;:&quot;0&quot;,&quot;title&quot;:&quot;&quot;,&quot;orientation&quot;:&quot;0&quot;}\" data-image-title=\"mp22_1_environment_ok-0.jpg\" data-image-description=\"\" data-image-caption=\"\" data-medium-file=\"https:\/\/socialdesignmagazine.com\/mag\/wp-content\/uploads\/2019\/03\/mp22_1_environment_ok-0-438x283.jpg\" data-large-file=\"https:\/\/socialdesignmagazine.com\/mag\/wp-content\/uploads\/2019\/03\/mp22_1_environment_ok-0-1024x724.jpg\" src=\"https:\/\/socialdesignmagazine.com\/mag\/wp-content\/uploads\/2019\/03\/mp22_1_environment_ok-0-1024x724.jpg\" alt=\"\" class=\"wp-image-37635\" srcset=\"https:\/\/socialdesignmagazine.com\/mag\/wp-content\/uploads\/2019\/03\/mp22_1_environment_ok-0-1024x724.jpg 1024w, https:\/\/socialdesignmagazine.com\/mag\/wp-content\/uploads\/2019\/03\/mp22_1_environment_ok-0-768x543.jpg 768w, https:\/\/socialdesignmagazine.com\/mag\/wp-content\/uploads\/2019\/03\/mp22_1_environment_ok-0.jpg 1280w\" sizes=\"auto, (max-width: 1024px) 100vw, 1024px\" \/><\/figure>\n\n\n\n<h3 class=\"wp-block-heading\">CREDITI NO.MADE<\/h3>\n\n\n\n<p>Luogo Milano Brera Design Week 8-14 Aprile 2019<br>Tipo di progetto Casa mobile di lusso<br>Dimensioni 3 x 9 m<br>PROGETTO ARCHITETTONICO : Michele Perlini<\/p>\n\n\n\n<h2 class=\"wp-block-heading\">FORNITORI<\/h2>\n\n\n\n<p>Rivestimenti pareti Lapitec<br>Pavimento APPTEC e Ceramica Sant&#8217;Agostino<br>Illuminazione FLOS e LineaLight<br>Tessuti Kvadrat<br>Rubinetteria Dornbracht<br>Lavabo Agape<br>Specchio bagno Alape<br>Serramenti in alluminio: Sch\u00fcco International Italia<br>Vetri AGC flat glass Italia<br>Placche PLH<br>Sistema costruttivo in acciaio ECOSTEEL<br>Isolamento e pittura R\u00d6FIX<br>Sistema di climatizzazione HOVAL<br>Falegnameria GALANTE SAS<br>Wc Acqua Clean GEBERIT<\/p>\n\n\n\n<p><a rel=\"nofollow\" href=\"https:\/\/nomade.arcstudioperlini.com\">https:\/\/nomade.arcstudioperlini.com<\/a><\/p>\n\n\n\n<p><a rel=\"nofollow\" href=\"https:\/\/arcstudioperlini.com\/\">arcstudioperlini.com<\/a><\/p>\n","protected":false,"gt_translate_keys":[{"key":"rendered","format":"html"}]},"excerpt":{"rendered":"<p>Michele Perlini torna quest\u2019anno al Brera Design Week con un nuovo concept per l\u2019abitare \u201cnomade\u201d.<\/p>\n","protected":false,"gt_translate_keys":[{"key":"rendered","format":"html"}]},"author":660,"featured_media":37635,"comment_status":"open","ping_status":"open","sticky":false,"template":"","format":"standard","meta":{"jetpack_post_was_ever_published":false,"_jetpack_newsletter_access":"","_jetpack_dont_email_post_to_subs":false,"_jetpack_newsletter_tier_id":0,"_jetpack_memberships_contains_paywalled_content":false,"_jetpack_memberships_contains_paid_content":false,"footnotes":"","_wpscppro_dont_share_socialmedia":false,"_wpscppro_custom_social_share_image":0,"_facebook_share_type":"","_twitter_share_type":"","_linkedin_share_type":"","_pinterest_share_type":"","_linkedin_share_type_page":"","_instagram_share_type":"","_medium_share_type":"","_threads_share_type":"","_google_business_share_type":"","_selected_social_profile":[],"_wpsp_enable_custom_social_template":false,"_wpsp_social_scheduling":{"enabled":false,"datetime":null,"platforms":[],"status":"template_only","dateOption":"today","timeOption":"now","customDays":"","customHours":"","customDate":"","customTime":"","schedulingType":"absolute"},"_wpsp_active_default_template":true},"categories":[22],"tags":[5758,5759,5760,2096,5696,5761,5695,5762],"class_list":["post-37632","post","type-post","status-publish","format-standard","has-post-thumbnail","hentry","category-architettura-news","tag-breradesigndistrict","tag-breradesignweek","tag-casaclima","tag-fuorisalone","tag-fuorisalone-2019","tag-michele-perlini","tag-milano-design-week-2019","tag-nomade"],"yoast_head":"<!-- This site is optimized with the Yoast SEO plugin v27.2 - https:\/\/yoast.com\/product\/yoast-seo-wordpress\/ -->\n<title>Fuorisalone 2019 | NO.MADE luxury mobile home | Brera design district - Social Design Magazine<\/title>\n<meta name=\"description\" content=\"Michele Perlini torna quest\u2019anno al Brera Design Week con un nuovo concept per l\u2019abitare \u201cnomade\u201d.\" \/>\n<meta name=\"robots\" content=\"index, follow, max-snippet:-1, max-image-preview:large, max-video-preview:-1\" \/>\n<link rel=\"canonical\" href=\"https:\/\/socialdesignmagazine.com\/mag\/news\/architettura-news\/fuorisalone-2019-no-made-luxury-mobile-home-brera-design-district\/\" \/>\n<meta property=\"og:locale\" content=\"it_IT\" \/>\n<meta property=\"og:type\" content=\"article\" \/>\n<meta property=\"og:title\" content=\"Fuorisalone 2019 | NO.MADE luxury mobile home | Brera design district - Social Design Magazine\" \/>\n<meta property=\"og:description\" content=\"Michele Perlini torna quest\u2019anno al Brera Design Week con un nuovo concept per l\u2019abitare \u201cnomade\u201d.\" \/>\n<meta property=\"og:url\" content=\"https:\/\/socialdesignmagazine.com\/mag\/news\/architettura-news\/fuorisalone-2019-no-made-luxury-mobile-home-brera-design-district\/\" \/>\n<meta property=\"og:site_name\" content=\"Social Design Magazine\" \/>\n<meta property=\"article:publisher\" content=\"https:\/\/www.facebook.com\/socialdesignmag\" \/>\n<meta property=\"article:published_time\" content=\"2019-04-04T07:10:50+00:00\" \/>\n<meta property=\"og:image\" content=\"https:\/\/socialdesignmagazine.com\/mag\/wp-content\/uploads\/2019\/03\/mp22_1_environment_ok-0.jpg\" \/>\n\t<meta property=\"og:image:width\" content=\"1280\" \/>\n\t<meta property=\"og:image:height\" content=\"905\" \/>\n\t<meta property=\"og:image:type\" content=\"image\/jpeg\" \/>\n<meta name=\"author\" content=\"elenamorgante\" \/>\n<meta name=\"twitter:card\" content=\"summary_large_image\" \/>\n<meta name=\"twitter:creator\" content=\"@socialdesignmag\" \/>\n<meta name=\"twitter:site\" content=\"@socialdesignmag\" \/>\n<meta name=\"twitter:label1\" content=\"Scritto da\" \/>\n\t<meta name=\"twitter:data1\" content=\"elenamorgante\" \/>\n\t<meta name=\"twitter:label2\" content=\"Tempo di lettura stimato\" \/>\n\t<meta name=\"twitter:data2\" content=\"3 minuti\" \/>\n<script type=\"application\/ld+json\" class=\"yoast-schema-graph\">{\"@context\":\"https:\/\/schema.org\",\"@graph\":[{\"@type\":\"Article\",\"@id\":\"https:\/\/socialdesignmagazine.com\/mag\/news\/architettura-news\/fuorisalone-2019-no-made-luxury-mobile-home-brera-design-district\/#article\",\"isPartOf\":{\"@id\":\"https:\/\/socialdesignmagazine.com\/mag\/news\/architettura-news\/fuorisalone-2019-no-made-luxury-mobile-home-brera-design-district\/\"},\"author\":{\"name\":\"elenamorgante\",\"@id\":\"https:\/\/socialdesignmagazine.com\/mag\/#\/schema\/person\/8339171e6bb7f55f79c0cf8eeb4ed1ee\"},\"headline\":\"Fuorisalone 2019 | NO.MADE luxury mobile home | Brera design district\",\"datePublished\":\"2019-04-04T07:10:50+00:00\",\"mainEntityOfPage\":{\"@id\":\"https:\/\/socialdesignmagazine.com\/mag\/news\/architettura-news\/fuorisalone-2019-no-made-luxury-mobile-home-brera-design-district\/\"},\"wordCount\":656,\"commentCount\":0,\"publisher\":{\"@id\":\"https:\/\/socialdesignmagazine.com\/mag\/#organization\"},\"image\":{\"@id\":\"https:\/\/socialdesignmagazine.com\/mag\/news\/architettura-news\/fuorisalone-2019-no-made-luxury-mobile-home-brera-design-district\/#primaryimage\"},\"thumbnailUrl\":\"https:\/\/socialdesignmagazine.com\/mag\/wp-content\/uploads\/2019\/03\/mp22_1_environment_ok-0.jpg\",\"keywords\":[\"Breradesigndistrict\",\"breradesignweek\",\"casaclima\",\"fuorisalone\",\"fuorisalone 2019\",\"Michele Perlini\",\"milano design week 2019\",\"Nomade\"],\"articleSection\":[\"Architettura News\"],\"inLanguage\":\"it-IT\",\"potentialAction\":[{\"@type\":\"CommentAction\",\"name\":\"Comment\",\"target\":[\"https:\/\/socialdesignmagazine.com\/mag\/news\/architettura-news\/fuorisalone-2019-no-made-luxury-mobile-home-brera-design-district\/#respond\"]}]},{\"@type\":\"WebPage\",\"@id\":\"https:\/\/socialdesignmagazine.com\/mag\/news\/architettura-news\/fuorisalone-2019-no-made-luxury-mobile-home-brera-design-district\/\",\"url\":\"https:\/\/socialdesignmagazine.com\/mag\/news\/architettura-news\/fuorisalone-2019-no-made-luxury-mobile-home-brera-design-district\/\",\"name\":\"Fuorisalone 2019 | NO.MADE luxury mobile home | Brera design district - Social Design Magazine\",\"isPartOf\":{\"@id\":\"https:\/\/socialdesignmagazine.com\/mag\/#website\"},\"primaryImageOfPage\":{\"@id\":\"https:\/\/socialdesignmagazine.com\/mag\/news\/architettura-news\/fuorisalone-2019-no-made-luxury-mobile-home-brera-design-district\/#primaryimage\"},\"image\":{\"@id\":\"https:\/\/socialdesignmagazine.com\/mag\/news\/architettura-news\/fuorisalone-2019-no-made-luxury-mobile-home-brera-design-district\/#primaryimage\"},\"thumbnailUrl\":\"https:\/\/socialdesignmagazine.com\/mag\/wp-content\/uploads\/2019\/03\/mp22_1_environment_ok-0.jpg\",\"datePublished\":\"2019-04-04T07:10:50+00:00\",\"description\":\"Michele Perlini torna quest\u2019anno al Brera Design Week con un nuovo concept per l\u2019abitare \u201cnomade\u201d.\",\"breadcrumb\":{\"@id\":\"https:\/\/socialdesignmagazine.com\/mag\/news\/architettura-news\/fuorisalone-2019-no-made-luxury-mobile-home-brera-design-district\/#breadcrumb\"},\"inLanguage\":\"it-IT\",\"potentialAction\":[{\"@type\":\"ReadAction\",\"target\":[\"https:\/\/socialdesignmagazine.com\/mag\/news\/architettura-news\/fuorisalone-2019-no-made-luxury-mobile-home-brera-design-district\/\"]}]},{\"@type\":\"ImageObject\",\"inLanguage\":\"it-IT\",\"@id\":\"https:\/\/socialdesignmagazine.com\/mag\/news\/architettura-news\/fuorisalone-2019-no-made-luxury-mobile-home-brera-design-district\/#primaryimage\",\"url\":\"https:\/\/socialdesignmagazine.com\/mag\/wp-content\/uploads\/2019\/03\/mp22_1_environment_ok-0.jpg\",\"contentUrl\":\"https:\/\/socialdesignmagazine.com\/mag\/wp-content\/uploads\/2019\/03\/mp22_1_environment_ok-0.jpg\",\"width\":1280,\"height\":905},{\"@type\":\"BreadcrumbList\",\"@id\":\"https:\/\/socialdesignmagazine.com\/mag\/news\/architettura-news\/fuorisalone-2019-no-made-luxury-mobile-home-brera-design-district\/#breadcrumb\",\"itemListElement\":[{\"@type\":\"ListItem\",\"position\":1,\"name\":\"Home\",\"item\":\"https:\/\/socialdesignmagazine.com\/mag\/\"},{\"@type\":\"ListItem\",\"position\":2,\"name\":\"News\",\"item\":\"https:\/\/socialdesignmagazine.com\/mag\/news\/\"},{\"@type\":\"ListItem\",\"position\":3,\"name\":\"Architettura News\",\"item\":\"https:\/\/socialdesignmagazine.com\/mag\/news\/architettura-news\/\"},{\"@type\":\"ListItem\",\"position\":4,\"name\":\"Fuorisalone 2019 | NO.MADE luxury mobile home | Brera design district\"}]},{\"@type\":\"WebSite\",\"@id\":\"https:\/\/socialdesignmagazine.com\/mag\/#website\",\"url\":\"https:\/\/socialdesignmagazine.com\/mag\/\",\"name\":\"Social Design Magazine\",\"description\":\"Social Magazine su Design, Architettura, Arte, Grafica\",\"publisher\":{\"@id\":\"https:\/\/socialdesignmagazine.com\/mag\/#organization\"},\"potentialAction\":[{\"@type\":\"SearchAction\",\"target\":{\"@type\":\"EntryPoint\",\"urlTemplate\":\"https:\/\/socialdesignmagazine.com\/mag\/?s={search_term_string}\"},\"query-input\":{\"@type\":\"PropertyValueSpecification\",\"valueRequired\":true,\"valueName\":\"search_term_string\"}}],\"inLanguage\":\"it-IT\"},{\"@type\":\"Organization\",\"@id\":\"https:\/\/socialdesignmagazine.com\/mag\/#organization\",\"name\":\"Social Design Magazine\",\"url\":\"https:\/\/socialdesignmagazine.com\/mag\/\",\"logo\":{\"@type\":\"ImageObject\",\"inLanguage\":\"it-IT\",\"@id\":\"https:\/\/socialdesignmagazine.com\/mag\/#\/schema\/logo\/image\/\",\"url\":\"https:\/\/socialdesignmagazine.com\/mag\/wp-content\/uploads\/2017\/01\/logo_favicon_11.png\",\"contentUrl\":\"https:\/\/socialdesignmagazine.com\/mag\/wp-content\/uploads\/2017\/01\/logo_favicon_11.png\",\"width\":1024,\"height\":1024,\"caption\":\"Social Design Magazine\"},\"image\":{\"@id\":\"https:\/\/socialdesignmagazine.com\/mag\/#\/schema\/logo\/image\/\"},\"sameAs\":[\"https:\/\/www.facebook.com\/socialdesignmag\",\"https:\/\/x.com\/socialdesignmag\",\"http:\/\/instagram.com\/social_design_magazine\/\",\"http:\/\/pinterest.com\/socialdesignmag\/\",\"http:\/\/www.youtube.com\/user\/socialdesignmagazine\"]},{\"@type\":\"Person\",\"@id\":\"https:\/\/socialdesignmagazine.com\/mag\/#\/schema\/person\/8339171e6bb7f55f79c0cf8eeb4ed1ee\",\"name\":\"elenamorgante\",\"image\":{\"@type\":\"ImageObject\",\"inLanguage\":\"it-IT\",\"@id\":\"https:\/\/secure.gravatar.com\/avatar\/ccafa7161a98f55ba8fd219d63380ac6baf971164c0a1be058ed590dd8fe5820?s=96&d=mm&r=g\",\"url\":\"https:\/\/secure.gravatar.com\/avatar\/ccafa7161a98f55ba8fd219d63380ac6baf971164c0a1be058ed590dd8fe5820?s=96&d=mm&r=g\",\"contentUrl\":\"https:\/\/secure.gravatar.com\/avatar\/ccafa7161a98f55ba8fd219d63380ac6baf971164c0a1be058ed590dd8fe5820?s=96&d=mm&r=g\",\"caption\":\"elenamorgante\"},\"sameAs\":[\"http:\/\/www.basedarchitecture.com\/language\/it\/\"],\"url\":\"https:\/\/socialdesignmagazine.com\/mag\/author\/elenamorgante\/\"}]}<\/script>\n<!-- \/ Yoast SEO plugin. -->","yoast_head_json":{"title":"Fuorisalone 2019 | NO.MADE luxury mobile home | Brera design district - Social Design Magazine","description":"Michele Perlini torna quest\u2019anno al Brera Design Week con un nuovo concept per l\u2019abitare \u201cnomade\u201d.","robots":{"index":"index","follow":"follow","max-snippet":"max-snippet:-1","max-image-preview":"max-image-preview:large","max-video-preview":"max-video-preview:-1"},"canonical":"https:\/\/socialdesignmagazine.com\/mag\/news\/architettura-news\/fuorisalone-2019-no-made-luxury-mobile-home-brera-design-district\/","og_locale":"it_IT","og_type":"article","og_title":"Fuorisalone 2019 | NO.MADE luxury mobile home | Brera design district - Social Design Magazine","og_description":"Michele Perlini torna quest\u2019anno al Brera Design Week con un nuovo concept per l\u2019abitare \u201cnomade\u201d.","og_url":"https:\/\/socialdesignmagazine.com\/mag\/news\/architettura-news\/fuorisalone-2019-no-made-luxury-mobile-home-brera-design-district\/","og_site_name":"Social Design Magazine","article_publisher":"https:\/\/www.facebook.com\/socialdesignmag","article_published_time":"2019-04-04T07:10:50+00:00","og_image":[{"width":1280,"height":905,"url":"https:\/\/socialdesignmagazine.com\/mag\/wp-content\/uploads\/2019\/03\/mp22_1_environment_ok-0.jpg","type":"image\/jpeg"}],"author":"elenamorgante","twitter_card":"summary_large_image","twitter_creator":"@socialdesignmag","twitter_site":"@socialdesignmag","twitter_misc":{"Scritto da":"elenamorgante","Tempo di lettura stimato":"3 minuti"},"schema":{"@context":"https:\/\/schema.org","@graph":[{"@type":"Article","@id":"https:\/\/socialdesignmagazine.com\/mag\/news\/architettura-news\/fuorisalone-2019-no-made-luxury-mobile-home-brera-design-district\/#article","isPartOf":{"@id":"https:\/\/socialdesignmagazine.com\/mag\/news\/architettura-news\/fuorisalone-2019-no-made-luxury-mobile-home-brera-design-district\/"},"author":{"name":"elenamorgante","@id":"https:\/\/socialdesignmagazine.com\/mag\/#\/schema\/person\/8339171e6bb7f55f79c0cf8eeb4ed1ee"},"headline":"Fuorisalone 2019 | NO.MADE luxury mobile home | Brera design district","datePublished":"2019-04-04T07:10:50+00:00","mainEntityOfPage":{"@id":"https:\/\/socialdesignmagazine.com\/mag\/news\/architettura-news\/fuorisalone-2019-no-made-luxury-mobile-home-brera-design-district\/"},"wordCount":656,"commentCount":0,"publisher":{"@id":"https:\/\/socialdesignmagazine.com\/mag\/#organization"},"image":{"@id":"https:\/\/socialdesignmagazine.com\/mag\/news\/architettura-news\/fuorisalone-2019-no-made-luxury-mobile-home-brera-design-district\/#primaryimage"},"thumbnailUrl":"https:\/\/socialdesignmagazine.com\/mag\/wp-content\/uploads\/2019\/03\/mp22_1_environment_ok-0.jpg","keywords":["Breradesigndistrict","breradesignweek","casaclima","fuorisalone","fuorisalone 2019","Michele Perlini","milano design week 2019","Nomade"],"articleSection":["Architettura News"],"inLanguage":"it-IT","potentialAction":[{"@type":"CommentAction","name":"Comment","target":["https:\/\/socialdesignmagazine.com\/mag\/news\/architettura-news\/fuorisalone-2019-no-made-luxury-mobile-home-brera-design-district\/#respond"]}]},{"@type":"WebPage","@id":"https:\/\/socialdesignmagazine.com\/mag\/news\/architettura-news\/fuorisalone-2019-no-made-luxury-mobile-home-brera-design-district\/","url":"https:\/\/socialdesignmagazine.com\/mag\/news\/architettura-news\/fuorisalone-2019-no-made-luxury-mobile-home-brera-design-district\/","name":"Fuorisalone 2019 | NO.MADE luxury mobile home | Brera design district - Social Design Magazine","isPartOf":{"@id":"https:\/\/socialdesignmagazine.com\/mag\/#website"},"primaryImageOfPage":{"@id":"https:\/\/socialdesignmagazine.com\/mag\/news\/architettura-news\/fuorisalone-2019-no-made-luxury-mobile-home-brera-design-district\/#primaryimage"},"image":{"@id":"https:\/\/socialdesignmagazine.com\/mag\/news\/architettura-news\/fuorisalone-2019-no-made-luxury-mobile-home-brera-design-district\/#primaryimage"},"thumbnailUrl":"https:\/\/socialdesignmagazine.com\/mag\/wp-content\/uploads\/2019\/03\/mp22_1_environment_ok-0.jpg","datePublished":"2019-04-04T07:10:50+00:00","description":"Michele Perlini torna quest\u2019anno al Brera Design Week con un nuovo concept per l\u2019abitare \u201cnomade\u201d.","breadcrumb":{"@id":"https:\/\/socialdesignmagazine.com\/mag\/news\/architettura-news\/fuorisalone-2019-no-made-luxury-mobile-home-brera-design-district\/#breadcrumb"},"inLanguage":"it-IT","potentialAction":[{"@type":"ReadAction","target":["https:\/\/socialdesignmagazine.com\/mag\/news\/architettura-news\/fuorisalone-2019-no-made-luxury-mobile-home-brera-design-district\/"]}]},{"@type":"ImageObject","inLanguage":"it-IT","@id":"https:\/\/socialdesignmagazine.com\/mag\/news\/architettura-news\/fuorisalone-2019-no-made-luxury-mobile-home-brera-design-district\/#primaryimage","url":"https:\/\/socialdesignmagazine.com\/mag\/wp-content\/uploads\/2019\/03\/mp22_1_environment_ok-0.jpg","contentUrl":"https:\/\/socialdesignmagazine.com\/mag\/wp-content\/uploads\/2019\/03\/mp22_1_environment_ok-0.jpg","width":1280,"height":905},{"@type":"BreadcrumbList","@id":"https:\/\/socialdesignmagazine.com\/mag\/news\/architettura-news\/fuorisalone-2019-no-made-luxury-mobile-home-brera-design-district\/#breadcrumb","itemListElement":[{"@type":"ListItem","position":1,"name":"Home","item":"https:\/\/socialdesignmagazine.com\/mag\/"},{"@type":"ListItem","position":2,"name":"News","item":"https:\/\/socialdesignmagazine.com\/mag\/news\/"},{"@type":"ListItem","position":3,"name":"Architettura News","item":"https:\/\/socialdesignmagazine.com\/mag\/news\/architettura-news\/"},{"@type":"ListItem","position":4,"name":"Fuorisalone 2019 | NO.MADE luxury mobile home | Brera design district"}]},{"@type":"WebSite","@id":"https:\/\/socialdesignmagazine.com\/mag\/#website","url":"https:\/\/socialdesignmagazine.com\/mag\/","name":"Social Design Magazine","description":"Social Magazine su Design, Architettura, Arte, Grafica","publisher":{"@id":"https:\/\/socialdesignmagazine.com\/mag\/#organization"},"potentialAction":[{"@type":"SearchAction","target":{"@type":"EntryPoint","urlTemplate":"https:\/\/socialdesignmagazine.com\/mag\/?s={search_term_string}"},"query-input":{"@type":"PropertyValueSpecification","valueRequired":true,"valueName":"search_term_string"}}],"inLanguage":"it-IT"},{"@type":"Organization","@id":"https:\/\/socialdesignmagazine.com\/mag\/#organization","name":"Social Design Magazine","url":"https:\/\/socialdesignmagazine.com\/mag\/","logo":{"@type":"ImageObject","inLanguage":"it-IT","@id":"https:\/\/socialdesignmagazine.com\/mag\/#\/schema\/logo\/image\/","url":"https:\/\/socialdesignmagazine.com\/mag\/wp-content\/uploads\/2017\/01\/logo_favicon_11.png","contentUrl":"https:\/\/socialdesignmagazine.com\/mag\/wp-content\/uploads\/2017\/01\/logo_favicon_11.png","width":1024,"height":1024,"caption":"Social Design Magazine"},"image":{"@id":"https:\/\/socialdesignmagazine.com\/mag\/#\/schema\/logo\/image\/"},"sameAs":["https:\/\/www.facebook.com\/socialdesignmag","https:\/\/x.com\/socialdesignmag","http:\/\/instagram.com\/social_design_magazine\/","http:\/\/pinterest.com\/socialdesignmag\/","http:\/\/www.youtube.com\/user\/socialdesignmagazine"]},{"@type":"Person","@id":"https:\/\/socialdesignmagazine.com\/mag\/#\/schema\/person\/8339171e6bb7f55f79c0cf8eeb4ed1ee","name":"elenamorgante","image":{"@type":"ImageObject","inLanguage":"it-IT","@id":"https:\/\/secure.gravatar.com\/avatar\/ccafa7161a98f55ba8fd219d63380ac6baf971164c0a1be058ed590dd8fe5820?s=96&d=mm&r=g","url":"https:\/\/secure.gravatar.com\/avatar\/ccafa7161a98f55ba8fd219d63380ac6baf971164c0a1be058ed590dd8fe5820?s=96&d=mm&r=g","contentUrl":"https:\/\/secure.gravatar.com\/avatar\/ccafa7161a98f55ba8fd219d63380ac6baf971164c0a1be058ed590dd8fe5820?s=96&d=mm&r=g","caption":"elenamorgante"},"sameAs":["http:\/\/www.basedarchitecture.com\/language\/it\/"],"url":"https:\/\/socialdesignmagazine.com\/mag\/author\/elenamorgante\/"}]}},"jetpack_featured_media_url":"https:\/\/socialdesignmagazine.com\/mag\/wp-content\/uploads\/2019\/03\/mp22_1_environment_ok-0.jpg","jetpack_sharing_enabled":true,"jetpack_shortlink":"https:\/\/wp.me\/p6cV7V-9MY","gt_translate_keys":[{"key":"link","format":"url"}],"_links":{"self":[{"href":"https:\/\/socialdesignmagazine.com\/mag\/wp-json\/wp\/v2\/posts\/37632","targetHints":{"allow":["GET"]}}],"collection":[{"href":"https:\/\/socialdesignmagazine.com\/mag\/wp-json\/wp\/v2\/posts"}],"about":[{"href":"https:\/\/socialdesignmagazine.com\/mag\/wp-json\/wp\/v2\/types\/post"}],"author":[{"embeddable":true,"href":"https:\/\/socialdesignmagazine.com\/mag\/wp-json\/wp\/v2\/users\/660"}],"replies":[{"embeddable":true,"href":"https:\/\/socialdesignmagazine.com\/mag\/wp-json\/wp\/v2\/comments?post=37632"}],"version-history":[{"count":5,"href":"https:\/\/socialdesignmagazine.com\/mag\/wp-json\/wp\/v2\/posts\/37632\/revisions"}],"predecessor-version":[{"id":37724,"href":"https:\/\/socialdesignmagazine.com\/mag\/wp-json\/wp\/v2\/posts\/37632\/revisions\/37724"}],"wp:featuredmedia":[{"embeddable":true,"href":"https:\/\/socialdesignmagazine.com\/mag\/wp-json\/wp\/v2\/media\/37635"}],"wp:attachment":[{"href":"https:\/\/socialdesignmagazine.com\/mag\/wp-json\/wp\/v2\/media?parent=37632"}],"wp:term":[{"taxonomy":"category","embeddable":true,"href":"https:\/\/socialdesignmagazine.com\/mag\/wp-json\/wp\/v2\/categories?post=37632"},{"taxonomy":"post_tag","embeddable":true,"href":"https:\/\/socialdesignmagazine.com\/mag\/wp-json\/wp\/v2\/tags?post=37632"}],"curies":[{"name":"wp","href":"https:\/\/api.w.org\/{rel}","templated":true}]}}