{"id":37759,"date":"2019-04-07T12:45:23","date_gmt":"2019-04-07T10:45:23","guid":{"rendered":"https:\/\/socialdesignmagazine.com\/mag\/?p=37759"},"modified":"2019-04-07T12:36:41","modified_gmt":"2019-04-07T10:36:41","slug":"aqua-la-visione-di-leonardo","status":"publish","type":"post","link":"https:\/\/socialdesignmagazine.com\/mag\/news\/design-news\/aqua-la-visione-di-leonardo\/","title":{"rendered":"AQUA. La visione di Leonardo","gt_translate_keys":[{"key":"rendered","format":"text"}]},"content":{"rendered":"\n<p>Parte integrante del palinsesto MilanoLeonardo500, AQUA. La visione di Leonardo \u00e8 l\u2019installazione con cui il <a href=\"https:\/\/socialdesignmagazine.com\/mag\/blog\/tag\/milano-design-week-2019\/\">Salone del Mobile.Milano<\/a> rende omaggio al grande genio Rinascimentale. <\/p>\n\n\n\n<p>Un progetto che celebra l\u2019originalit\u00e0 e la profondit\u00e0 visionaria delle sue indagini sull\u2019elemento acqua proprio nel cuore di Milano, a sottolineare la precisa valenza del rapporto tra manifestazione e citt\u00e0.<\/p>\n\n\n\n<p>In occasione della 58a edizione, il Salone del Mobile.Milano riconferma il suo profondo legame con Milano, rievocandone il \u201cfiglio adottivo\u201d pi\u00f9 geniale ed eclettico attraverso un\u2019installazione di grande qualit\u00e0 e potere evocativo. Un\u2019opera che racconta contemporaneamente un piccolo frammento del Rinascimento e del futuro di Milano, la cui visita si dimostrer\u00e0 una memorabile esperienza culturale ed emotiva.<br><\/p>\n\n\n\n<p><em>\u201cCon l\u2019installazione AQUA. La visione di Leonardo abbiamo voluto celebrare il grande maestro del Rinascimento e la sua capacit\u00e0 di innovare intesa come attitudine a guardare sempre oltre, gettando le basi per il progresso, ovvero per il continuo superamento dell\u2019esistente. Doti che il nostro sistema design\/impresa possiede e la nostra citt\u00e0 incarna pienamente. Mettendo in scena le sue ricerche sull\u2019acqua in un luogo fisico e nevralgico come la Conca dell\u2019Incoronata, gettiamo un ponte tra passato e futuro, offrendo una visione di quello che \u00e8 stato e di quello che potr\u00e0 essere l\u00e0 dove il talento creativo incontra quello imprenditoriale\u201d<\/em> afferma Claudio Luti, Presidente del Salone del Mobile.<\/p>\n\n\n\n<p>Dal 6 al 14 aprile, all\u2019interno della Conca dell\u2019Incoronata, le cui porte lignee sono state progettate da Leonardo, il Salone offre alla citt\u00e0 Aqua. La visione di Leonardo, un\u2019esperienza immersiva site specific ideata da Marco Balich e sviluppata insieme a Balich Worldwide Shows. Protagonista assoluta l\u2019acqua, elemento naturale a lungo studiato dal Maestro in qualit\u00e0 di artista, architetto, scienziato e ingegnere.<\/p>\n\n\n\n<p>A copertura della Conca, \u00e8 stato creato un vero e proprio innesto architettonico sottoforma di grande specchio d\u2019acqua, al cui estremo un grande schermo LED diviene una finestra sulla Milano del futuro mostrandoci uno skyline mutevole a seconda del momento della giornata.<br>Al di sotto di questa struttura, proprio all\u2019interno del canale, \u00e8 stata creata una wunderkammer in cui i visitatori possono godersi tutta la bellezza, l\u2019energia e la forma dell\u2019acqua grazie a un ambiente totale che li avvolge con immagini e suoni grazie all\u2019uso delle tecnologie pi\u00f9 avanzate. Dopo il passaggio attraverso una porta sensoriale che invita lo spettatore a lasciare la caotica routine della citt\u00e0 e abbandonarsi a un\u2019esperienza di inedita immersione, il percorso inizia in una mirror room in cui una sinfonia interattiva di suoni e gorgoglii orchestra l\u2019erogazione di reali getti d\u2019acqua.<\/p>\n\n\n\n<p>Al termine del percorso, una proiezione eterea, svela il movimento ascendente e discendente delle acque gestite dalle chiuse leonardesche. Mentre il livello sale, luci stroboscopiche modificano con un\u2019illusione ottica i getti d\u2019acqua, rallentandoli fino a isolarli in gocce lentissime, sospese nel tempo e nello spazio, riflesse e moltiplicate all\u2019infinito negli specchi. L\u2019esperienza si conclude quando la proiezione diventa trasparente e rivela un\u2019inaspettata rielaborazione artistica dei disegni del Maestro.<\/p>\n\n\n\n<ul class=\"wp-block-gallery aligncenter columns-1 is-cropped wp-block-gallery-1 is-layout-flex wp-block-gallery-is-layout-flex\"><li class=\"blocks-gallery-item\"><figure><img loading=\"lazy\" decoding=\"async\" width=\"1024\" height=\"683\" data-attachment-id=\"37762\" data-permalink=\"https:\/\/socialdesignmagazine.com\/mag\/news\/design-news\/aqua-la-visione-di-leonardo\/attachment\/aqua-la-visione-di-leonardo-03\/#content\" data-orig-file=\"https:\/\/socialdesignmagazine.com\/mag\/wp-content\/uploads\/2019\/04\/AQUA-la-visione-di-Leonardo-03.jpg\" data-orig-size=\"1200,800\" data-comments-opened=\"1\" data-image-meta=\"{&quot;aperture&quot;:&quot;0&quot;,&quot;credit&quot;:&quot;&quot;,&quot;camera&quot;:&quot;&quot;,&quot;caption&quot;:&quot;&quot;,&quot;created_timestamp&quot;:&quot;0&quot;,&quot;copyright&quot;:&quot;&quot;,&quot;focal_length&quot;:&quot;0&quot;,&quot;iso&quot;:&quot;0&quot;,&quot;shutter_speed&quot;:&quot;0&quot;,&quot;title&quot;:&quot;&quot;,&quot;orientation&quot;:&quot;0&quot;}\" data-image-title=\"AQUA la visione di Leonardo 03\" data-image-description=\"\" data-image-caption=\"\" data-medium-file=\"https:\/\/socialdesignmagazine.com\/mag\/wp-content\/uploads\/2019\/04\/AQUA-la-visione-di-Leonardo-03-438x283.jpg\" data-large-file=\"https:\/\/socialdesignmagazine.com\/mag\/wp-content\/uploads\/2019\/04\/AQUA-la-visione-di-Leonardo-03-1024x683.jpg\" src=\"https:\/\/socialdesignmagazine.com\/mag\/wp-content\/uploads\/2019\/04\/AQUA-la-visione-di-Leonardo-03-1024x683.jpg\" alt=\"AQUA la visione di Leonardo\" data-id=\"37762\" data-link=\"https:\/\/socialdesignmagazine.com\/mag\/?attachment_id=37762#content\" class=\"wp-image-37762\" srcset=\"https:\/\/socialdesignmagazine.com\/mag\/wp-content\/uploads\/2019\/04\/AQUA-la-visione-di-Leonardo-03-1024x683.jpg 1024w, https:\/\/socialdesignmagazine.com\/mag\/wp-content\/uploads\/2019\/04\/AQUA-la-visione-di-Leonardo-03-100x66.jpg 100w, https:\/\/socialdesignmagazine.com\/mag\/wp-content\/uploads\/2019\/04\/AQUA-la-visione-di-Leonardo-03-768x512.jpg 768w, https:\/\/socialdesignmagazine.com\/mag\/wp-content\/uploads\/2019\/04\/AQUA-la-visione-di-Leonardo-03.jpg 1200w\" sizes=\"auto, (max-width: 1024px) 100vw, 1024px\" \/><\/figure><\/li><li class=\"blocks-gallery-item\"><figure><img loading=\"lazy\" decoding=\"async\" width=\"1024\" height=\"1536\" data-attachment-id=\"37766\" data-permalink=\"https:\/\/socialdesignmagazine.com\/mag\/news\/design-news\/aqua-la-visione-di-leonardo\/attachment\/aqua-la-visione-di-leonardo-07\/#content\" data-orig-file=\"https:\/\/socialdesignmagazine.com\/mag\/wp-content\/uploads\/2019\/04\/AQUA-la-visione-di-Leonardo-07.jpg\" data-orig-size=\"1200,1800\" data-comments-opened=\"1\" data-image-meta=\"{&quot;aperture&quot;:&quot;0&quot;,&quot;credit&quot;:&quot;&quot;,&quot;camera&quot;:&quot;&quot;,&quot;caption&quot;:&quot;&quot;,&quot;created_timestamp&quot;:&quot;0&quot;,&quot;copyright&quot;:&quot;&quot;,&quot;focal_length&quot;:&quot;0&quot;,&quot;iso&quot;:&quot;0&quot;,&quot;shutter_speed&quot;:&quot;0&quot;,&quot;title&quot;:&quot;&quot;,&quot;orientation&quot;:&quot;0&quot;}\" data-image-title=\"AQUA la visione di Leonardo 07\" data-image-description=\"\" data-image-caption=\"\" data-medium-file=\"https:\/\/socialdesignmagazine.com\/mag\/wp-content\/uploads\/2019\/04\/AQUA-la-visione-di-Leonardo-07-438x283.jpg\" data-large-file=\"https:\/\/socialdesignmagazine.com\/mag\/wp-content\/uploads\/2019\/04\/AQUA-la-visione-di-Leonardo-07-1024x1536.jpg\" src=\"https:\/\/socialdesignmagazine.com\/mag\/wp-content\/uploads\/2019\/04\/AQUA-la-visione-di-Leonardo-07-1024x1536.jpg\" alt=\"AQUA la visione di Leonardo\" data-id=\"37766\" data-link=\"https:\/\/socialdesignmagazine.com\/mag\/?attachment_id=37766#content\" class=\"wp-image-37766\" srcset=\"https:\/\/socialdesignmagazine.com\/mag\/wp-content\/uploads\/2019\/04\/AQUA-la-visione-di-Leonardo-07-1024x1536.jpg 1024w, https:\/\/socialdesignmagazine.com\/mag\/wp-content\/uploads\/2019\/04\/AQUA-la-visione-di-Leonardo-07-768x1152.jpg 768w, https:\/\/socialdesignmagazine.com\/mag\/wp-content\/uploads\/2019\/04\/AQUA-la-visione-di-Leonardo-07.jpg 1200w\" sizes=\"auto, (max-width: 1024px) 100vw, 1024px\" \/><\/figure><\/li><li class=\"blocks-gallery-item\"><figure><img loading=\"lazy\" decoding=\"async\" width=\"1024\" height=\"1536\" data-attachment-id=\"37761\" data-permalink=\"https:\/\/socialdesignmagazine.com\/mag\/news\/design-news\/aqua-la-visione-di-leonardo\/attachment\/aqua-la-visione-di-leonardo-02\/#content\" data-orig-file=\"https:\/\/socialdesignmagazine.com\/mag\/wp-content\/uploads\/2019\/04\/AQUA-la-visione-di-Leonardo-02.jpg\" data-orig-size=\"1200,1800\" data-comments-opened=\"1\" data-image-meta=\"{&quot;aperture&quot;:&quot;0&quot;,&quot;credit&quot;:&quot;&quot;,&quot;camera&quot;:&quot;&quot;,&quot;caption&quot;:&quot;&quot;,&quot;created_timestamp&quot;:&quot;0&quot;,&quot;copyright&quot;:&quot;&quot;,&quot;focal_length&quot;:&quot;0&quot;,&quot;iso&quot;:&quot;0&quot;,&quot;shutter_speed&quot;:&quot;0&quot;,&quot;title&quot;:&quot;&quot;,&quot;orientation&quot;:&quot;0&quot;}\" data-image-title=\"AQUA la visione di Leonardo 02\" data-image-description=\"\" data-image-caption=\"\" data-medium-file=\"https:\/\/socialdesignmagazine.com\/mag\/wp-content\/uploads\/2019\/04\/AQUA-la-visione-di-Leonardo-02-438x283.jpg\" data-large-file=\"https:\/\/socialdesignmagazine.com\/mag\/wp-content\/uploads\/2019\/04\/AQUA-la-visione-di-Leonardo-02-1024x1536.jpg\" src=\"https:\/\/socialdesignmagazine.com\/mag\/wp-content\/uploads\/2019\/04\/AQUA-la-visione-di-Leonardo-02-1024x1536.jpg\" alt=\"AQUA la visione di Leonardo\" data-id=\"37761\" data-link=\"https:\/\/socialdesignmagazine.com\/mag\/?attachment_id=37761#content\" class=\"wp-image-37761\" srcset=\"https:\/\/socialdesignmagazine.com\/mag\/wp-content\/uploads\/2019\/04\/AQUA-la-visione-di-Leonardo-02-1024x1536.jpg 1024w, https:\/\/socialdesignmagazine.com\/mag\/wp-content\/uploads\/2019\/04\/AQUA-la-visione-di-Leonardo-02-768x1152.jpg 768w, https:\/\/socialdesignmagazine.com\/mag\/wp-content\/uploads\/2019\/04\/AQUA-la-visione-di-Leonardo-02.jpg 1200w\" sizes=\"auto, (max-width: 1024px) 100vw, 1024px\" \/><\/figure><\/li><li class=\"blocks-gallery-item\"><figure><img loading=\"lazy\" decoding=\"async\" width=\"1024\" height=\"683\" data-attachment-id=\"37763\" data-permalink=\"https:\/\/socialdesignmagazine.com\/mag\/news\/design-news\/aqua-la-visione-di-leonardo\/attachment\/aqua-la-visione-di-leonardo-04\/#content\" data-orig-file=\"https:\/\/socialdesignmagazine.com\/mag\/wp-content\/uploads\/2019\/04\/AQUA-la-visione-di-Leonardo-04.jpg\" data-orig-size=\"1200,800\" data-comments-opened=\"1\" data-image-meta=\"{&quot;aperture&quot;:&quot;0&quot;,&quot;credit&quot;:&quot;&quot;,&quot;camera&quot;:&quot;&quot;,&quot;caption&quot;:&quot;&quot;,&quot;created_timestamp&quot;:&quot;0&quot;,&quot;copyright&quot;:&quot;&quot;,&quot;focal_length&quot;:&quot;0&quot;,&quot;iso&quot;:&quot;0&quot;,&quot;shutter_speed&quot;:&quot;0&quot;,&quot;title&quot;:&quot;&quot;,&quot;orientation&quot;:&quot;0&quot;}\" data-image-title=\"AQUA la visione di Leonardo 04\" data-image-description=\"\" data-image-caption=\"\" data-medium-file=\"https:\/\/socialdesignmagazine.com\/mag\/wp-content\/uploads\/2019\/04\/AQUA-la-visione-di-Leonardo-04-438x283.jpg\" data-large-file=\"https:\/\/socialdesignmagazine.com\/mag\/wp-content\/uploads\/2019\/04\/AQUA-la-visione-di-Leonardo-04-1024x683.jpg\" src=\"https:\/\/socialdesignmagazine.com\/mag\/wp-content\/uploads\/2019\/04\/AQUA-la-visione-di-Leonardo-04-1024x683.jpg\" alt=\"AQUA la visione di Leonardo\" data-id=\"37763\" data-link=\"https:\/\/socialdesignmagazine.com\/mag\/?attachment_id=37763#content\" class=\"wp-image-37763\" srcset=\"https:\/\/socialdesignmagazine.com\/mag\/wp-content\/uploads\/2019\/04\/AQUA-la-visione-di-Leonardo-04-1024x683.jpg 1024w, https:\/\/socialdesignmagazine.com\/mag\/wp-content\/uploads\/2019\/04\/AQUA-la-visione-di-Leonardo-04-100x66.jpg 100w, https:\/\/socialdesignmagazine.com\/mag\/wp-content\/uploads\/2019\/04\/AQUA-la-visione-di-Leonardo-04-768x512.jpg 768w, https:\/\/socialdesignmagazine.com\/mag\/wp-content\/uploads\/2019\/04\/AQUA-la-visione-di-Leonardo-04.jpg 1200w\" sizes=\"auto, (max-width: 1024px) 100vw, 1024px\" \/><\/figure><\/li><li class=\"blocks-gallery-item\"><figure><img loading=\"lazy\" decoding=\"async\" width=\"1024\" height=\"683\" data-attachment-id=\"37764\" data-permalink=\"https:\/\/socialdesignmagazine.com\/mag\/news\/design-news\/aqua-la-visione-di-leonardo\/attachment\/aqua-la-visione-di-leonardo-05\/#content\" data-orig-file=\"https:\/\/socialdesignmagazine.com\/mag\/wp-content\/uploads\/2019\/04\/AQUA-la-visione-di-Leonardo-05.jpg\" data-orig-size=\"1200,800\" data-comments-opened=\"1\" data-image-meta=\"{&quot;aperture&quot;:&quot;0&quot;,&quot;credit&quot;:&quot;&quot;,&quot;camera&quot;:&quot;&quot;,&quot;caption&quot;:&quot;&quot;,&quot;created_timestamp&quot;:&quot;0&quot;,&quot;copyright&quot;:&quot;&quot;,&quot;focal_length&quot;:&quot;0&quot;,&quot;iso&quot;:&quot;0&quot;,&quot;shutter_speed&quot;:&quot;0&quot;,&quot;title&quot;:&quot;&quot;,&quot;orientation&quot;:&quot;0&quot;}\" data-image-title=\"AQUA la visione di Leonardo 05\" data-image-description=\"\" data-image-caption=\"\" data-medium-file=\"https:\/\/socialdesignmagazine.com\/mag\/wp-content\/uploads\/2019\/04\/AQUA-la-visione-di-Leonardo-05-438x283.jpg\" data-large-file=\"https:\/\/socialdesignmagazine.com\/mag\/wp-content\/uploads\/2019\/04\/AQUA-la-visione-di-Leonardo-05-1024x683.jpg\" src=\"https:\/\/socialdesignmagazine.com\/mag\/wp-content\/uploads\/2019\/04\/AQUA-la-visione-di-Leonardo-05-1024x683.jpg\" alt=\"AQUA la visione di Leonardo\" data-id=\"37764\" data-link=\"https:\/\/socialdesignmagazine.com\/mag\/?attachment_id=37764#content\" class=\"wp-image-37764\" srcset=\"https:\/\/socialdesignmagazine.com\/mag\/wp-content\/uploads\/2019\/04\/AQUA-la-visione-di-Leonardo-05-1024x683.jpg 1024w, https:\/\/socialdesignmagazine.com\/mag\/wp-content\/uploads\/2019\/04\/AQUA-la-visione-di-Leonardo-05-100x66.jpg 100w, https:\/\/socialdesignmagazine.com\/mag\/wp-content\/uploads\/2019\/04\/AQUA-la-visione-di-Leonardo-05-768x512.jpg 768w, https:\/\/socialdesignmagazine.com\/mag\/wp-content\/uploads\/2019\/04\/AQUA-la-visione-di-Leonardo-05.jpg 1200w\" sizes=\"auto, (max-width: 1024px) 100vw, 1024px\" \/><\/figure><\/li><li class=\"blocks-gallery-item\"><figure><img loading=\"lazy\" decoding=\"async\" width=\"1024\" height=\"683\" data-attachment-id=\"37767\" data-permalink=\"https:\/\/socialdesignmagazine.com\/mag\/news\/design-news\/aqua-la-visione-di-leonardo\/attachment\/aqua-la-visione-di-leonardo-08\/#content\" data-orig-file=\"https:\/\/socialdesignmagazine.com\/mag\/wp-content\/uploads\/2019\/04\/AQUA-la-visione-di-Leonardo-08.jpg\" data-orig-size=\"1200,800\" data-comments-opened=\"1\" data-image-meta=\"{&quot;aperture&quot;:&quot;0&quot;,&quot;credit&quot;:&quot;&quot;,&quot;camera&quot;:&quot;&quot;,&quot;caption&quot;:&quot;&quot;,&quot;created_timestamp&quot;:&quot;0&quot;,&quot;copyright&quot;:&quot;&quot;,&quot;focal_length&quot;:&quot;0&quot;,&quot;iso&quot;:&quot;0&quot;,&quot;shutter_speed&quot;:&quot;0&quot;,&quot;title&quot;:&quot;&quot;,&quot;orientation&quot;:&quot;0&quot;}\" data-image-title=\"AQUA la visione di Leonardo 08\" data-image-description=\"\" data-image-caption=\"\" data-medium-file=\"https:\/\/socialdesignmagazine.com\/mag\/wp-content\/uploads\/2019\/04\/AQUA-la-visione-di-Leonardo-08-438x283.jpg\" data-large-file=\"https:\/\/socialdesignmagazine.com\/mag\/wp-content\/uploads\/2019\/04\/AQUA-la-visione-di-Leonardo-08-1024x683.jpg\" src=\"https:\/\/socialdesignmagazine.com\/mag\/wp-content\/uploads\/2019\/04\/AQUA-la-visione-di-Leonardo-08-1024x683.jpg\" alt=\"AQUA la visione di Leonardo\" data-id=\"37767\" data-link=\"https:\/\/socialdesignmagazine.com\/mag\/?attachment_id=37767#content\" class=\"wp-image-37767\" srcset=\"https:\/\/socialdesignmagazine.com\/mag\/wp-content\/uploads\/2019\/04\/AQUA-la-visione-di-Leonardo-08-1024x683.jpg 1024w, https:\/\/socialdesignmagazine.com\/mag\/wp-content\/uploads\/2019\/04\/AQUA-la-visione-di-Leonardo-08-100x66.jpg 100w, https:\/\/socialdesignmagazine.com\/mag\/wp-content\/uploads\/2019\/04\/AQUA-la-visione-di-Leonardo-08-768x512.jpg 768w, https:\/\/socialdesignmagazine.com\/mag\/wp-content\/uploads\/2019\/04\/AQUA-la-visione-di-Leonardo-08.jpg 1200w\" sizes=\"auto, (max-width: 1024px) 100vw, 1024px\" \/><\/figure><\/li><li class=\"blocks-gallery-item\"><figure><img loading=\"lazy\" decoding=\"async\" width=\"1024\" height=\"1536\" data-attachment-id=\"37760\" data-permalink=\"https:\/\/socialdesignmagazine.com\/mag\/news\/design-news\/aqua-la-visione-di-leonardo\/attachment\/aqua-la-visione-di-leonardo-01\/#content\" data-orig-file=\"https:\/\/socialdesignmagazine.com\/mag\/wp-content\/uploads\/2019\/04\/AQUA-la-visione-di-Leonardo-01.jpg\" data-orig-size=\"1200,1800\" data-comments-opened=\"1\" data-image-meta=\"{&quot;aperture&quot;:&quot;0&quot;,&quot;credit&quot;:&quot;&quot;,&quot;camera&quot;:&quot;&quot;,&quot;caption&quot;:&quot;&quot;,&quot;created_timestamp&quot;:&quot;0&quot;,&quot;copyright&quot;:&quot;&quot;,&quot;focal_length&quot;:&quot;0&quot;,&quot;iso&quot;:&quot;0&quot;,&quot;shutter_speed&quot;:&quot;0&quot;,&quot;title&quot;:&quot;&quot;,&quot;orientation&quot;:&quot;0&quot;}\" data-image-title=\"AQUA la visione di Leonardo 01\" data-image-description=\"\" data-image-caption=\"\" data-medium-file=\"https:\/\/socialdesignmagazine.com\/mag\/wp-content\/uploads\/2019\/04\/AQUA-la-visione-di-Leonardo-01-438x283.jpg\" data-large-file=\"https:\/\/socialdesignmagazine.com\/mag\/wp-content\/uploads\/2019\/04\/AQUA-la-visione-di-Leonardo-01-1024x1536.jpg\" src=\"https:\/\/socialdesignmagazine.com\/mag\/wp-content\/uploads\/2019\/04\/AQUA-la-visione-di-Leonardo-01-1024x1536.jpg\" alt=\"AQUA la visione di Leonardo\" data-id=\"37760\" data-link=\"https:\/\/socialdesignmagazine.com\/mag\/?attachment_id=37760#content\" class=\"wp-image-37760\" srcset=\"https:\/\/socialdesignmagazine.com\/mag\/wp-content\/uploads\/2019\/04\/AQUA-la-visione-di-Leonardo-01-1024x1536.jpg 1024w, https:\/\/socialdesignmagazine.com\/mag\/wp-content\/uploads\/2019\/04\/AQUA-la-visione-di-Leonardo-01-768x1152.jpg 768w, https:\/\/socialdesignmagazine.com\/mag\/wp-content\/uploads\/2019\/04\/AQUA-la-visione-di-Leonardo-01.jpg 1200w\" sizes=\"auto, (max-width: 1024px) 100vw, 1024px\" \/><\/figure><\/li><li class=\"blocks-gallery-item\"><figure><img loading=\"lazy\" decoding=\"async\" width=\"1024\" height=\"683\" data-attachment-id=\"37768\" data-permalink=\"https:\/\/socialdesignmagazine.com\/mag\/news\/design-news\/aqua-la-visione-di-leonardo\/attachment\/aqua-la-visione-di-leonardo-09\/#content\" data-orig-file=\"https:\/\/socialdesignmagazine.com\/mag\/wp-content\/uploads\/2019\/04\/AQUA-la-visione-di-Leonardo-09.jpg\" data-orig-size=\"1200,800\" data-comments-opened=\"1\" data-image-meta=\"{&quot;aperture&quot;:&quot;0&quot;,&quot;credit&quot;:&quot;&quot;,&quot;camera&quot;:&quot;&quot;,&quot;caption&quot;:&quot;&quot;,&quot;created_timestamp&quot;:&quot;0&quot;,&quot;copyright&quot;:&quot;&quot;,&quot;focal_length&quot;:&quot;0&quot;,&quot;iso&quot;:&quot;0&quot;,&quot;shutter_speed&quot;:&quot;0&quot;,&quot;title&quot;:&quot;&quot;,&quot;orientation&quot;:&quot;0&quot;}\" data-image-title=\"AQUA la visione di Leonardo 09\" data-image-description=\"\" data-image-caption=\"\" data-medium-file=\"https:\/\/socialdesignmagazine.com\/mag\/wp-content\/uploads\/2019\/04\/AQUA-la-visione-di-Leonardo-09-438x283.jpg\" data-large-file=\"https:\/\/socialdesignmagazine.com\/mag\/wp-content\/uploads\/2019\/04\/AQUA-la-visione-di-Leonardo-09-1024x683.jpg\" src=\"https:\/\/socialdesignmagazine.com\/mag\/wp-content\/uploads\/2019\/04\/AQUA-la-visione-di-Leonardo-09-1024x683.jpg\" alt=\"AQUA la visione di Leonardo\" data-id=\"37768\" data-link=\"https:\/\/socialdesignmagazine.com\/mag\/?attachment_id=37768#content\" class=\"wp-image-37768\" srcset=\"https:\/\/socialdesignmagazine.com\/mag\/wp-content\/uploads\/2019\/04\/AQUA-la-visione-di-Leonardo-09-1024x683.jpg 1024w, https:\/\/socialdesignmagazine.com\/mag\/wp-content\/uploads\/2019\/04\/AQUA-la-visione-di-Leonardo-09-100x66.jpg 100w, https:\/\/socialdesignmagazine.com\/mag\/wp-content\/uploads\/2019\/04\/AQUA-la-visione-di-Leonardo-09-768x512.jpg 768w, https:\/\/socialdesignmagazine.com\/mag\/wp-content\/uploads\/2019\/04\/AQUA-la-visione-di-Leonardo-09.jpg 1200w\" sizes=\"auto, (max-width: 1024px) 100vw, 1024px\" \/><\/figure><\/li><li class=\"blocks-gallery-item\"><figure><img loading=\"lazy\" decoding=\"async\" width=\"1024\" height=\"1536\" data-attachment-id=\"37769\" data-permalink=\"https:\/\/socialdesignmagazine.com\/mag\/news\/design-news\/aqua-la-visione-di-leonardo\/attachment\/aqua-la-visione-di-leonardo-10\/#content\" data-orig-file=\"https:\/\/socialdesignmagazine.com\/mag\/wp-content\/uploads\/2019\/04\/AQUA-la-visione-di-Leonardo-10.jpg\" data-orig-size=\"1200,1800\" data-comments-opened=\"1\" data-image-meta=\"{&quot;aperture&quot;:&quot;0&quot;,&quot;credit&quot;:&quot;&quot;,&quot;camera&quot;:&quot;&quot;,&quot;caption&quot;:&quot;&quot;,&quot;created_timestamp&quot;:&quot;0&quot;,&quot;copyright&quot;:&quot;&quot;,&quot;focal_length&quot;:&quot;0&quot;,&quot;iso&quot;:&quot;0&quot;,&quot;shutter_speed&quot;:&quot;0&quot;,&quot;title&quot;:&quot;&quot;,&quot;orientation&quot;:&quot;0&quot;}\" data-image-title=\"AQUA la visione di Leonardo 10\" data-image-description=\"\" data-image-caption=\"\" data-medium-file=\"https:\/\/socialdesignmagazine.com\/mag\/wp-content\/uploads\/2019\/04\/AQUA-la-visione-di-Leonardo-10-438x283.jpg\" data-large-file=\"https:\/\/socialdesignmagazine.com\/mag\/wp-content\/uploads\/2019\/04\/AQUA-la-visione-di-Leonardo-10-1024x1536.jpg\" src=\"https:\/\/socialdesignmagazine.com\/mag\/wp-content\/uploads\/2019\/04\/AQUA-la-visione-di-Leonardo-10-1024x1536.jpg\" alt=\"AQUA la visione di Leonardo\" data-id=\"37769\" data-link=\"https:\/\/socialdesignmagazine.com\/mag\/?attachment_id=37769#content\" class=\"wp-image-37769\" srcset=\"https:\/\/socialdesignmagazine.com\/mag\/wp-content\/uploads\/2019\/04\/AQUA-la-visione-di-Leonardo-10-1024x1536.jpg 1024w, https:\/\/socialdesignmagazine.com\/mag\/wp-content\/uploads\/2019\/04\/AQUA-la-visione-di-Leonardo-10-768x1152.jpg 768w, https:\/\/socialdesignmagazine.com\/mag\/wp-content\/uploads\/2019\/04\/AQUA-la-visione-di-Leonardo-10.jpg 1200w\" sizes=\"auto, (max-width: 1024px) 100vw, 1024px\" \/><\/figure><\/li><\/ul>\n","protected":false,"gt_translate_keys":[{"key":"rendered","format":"html"}]},"excerpt":{"rendered":"<p>La visione di Leonardo \u00e8 l\u2019installazione con cui il Salone del Mobile.Milano rende omaggio al grande genio Rinascimentale. <\/p>\n","protected":false,"gt_translate_keys":[{"key":"rendered","format":"html"}]},"author":1,"featured_media":37765,"comment_status":"open","ping_status":"open","sticky":false,"template":"","format":"standard","meta":{"jetpack_post_was_ever_published":false,"_jetpack_newsletter_access":"","_jetpack_dont_email_post_to_subs":false,"_jetpack_newsletter_tier_id":0,"_jetpack_memberships_contains_paywalled_content":false,"_jetpack_memberships_contains_paid_content":false,"footnotes":"","_wpscppro_dont_share_socialmedia":false,"_wpscppro_custom_social_share_image":0,"_facebook_share_type":"","_twitter_share_type":"","_linkedin_share_type":"","_pinterest_share_type":"","_linkedin_share_type_page":"","_instagram_share_type":"","_medium_share_type":"","_threads_share_type":"","_google_business_share_type":"","_selected_social_profile":[],"_wpsp_enable_custom_social_template":false,"_wpsp_social_scheduling":{"enabled":false,"datetime":null,"platforms":[],"status":"template_only","dateOption":"today","timeOption":"now","customDays":"","customHours":"","customDate":"","customTime":"","schedulingType":"absolute"},"_wpsp_active_default_template":true},"categories":[17],"tags":[5696,181,5693],"class_list":["post-37759","post","type-post","status-publish","format-standard","has-post-thumbnail","hentry","category-design-news","tag-fuorisalone-2019","tag-milano","tag-salone-del-mobile-2019"],"yoast_head":"<!-- This site is optimized with the Yoast SEO plugin v27.2 - https:\/\/yoast.com\/product\/yoast-seo-wordpress\/ -->\n<title>AQUA. La visione di Leonardo - Social Design Magazine<\/title>\n<meta name=\"description\" content=\"La visione di Leonardo \u00e8 l\u2019installazione con cui il Salone del Mobile.Milano rende omaggio al grande genio Rinascimentale.\" \/>\n<meta name=\"robots\" content=\"index, follow, max-snippet:-1, max-image-preview:large, max-video-preview:-1\" \/>\n<link rel=\"canonical\" href=\"https:\/\/socialdesignmagazine.com\/mag\/news\/design-news\/aqua-la-visione-di-leonardo\/\" \/>\n<meta property=\"og:locale\" content=\"it_IT\" \/>\n<meta property=\"og:type\" content=\"article\" \/>\n<meta property=\"og:title\" content=\"AQUA. La visione di Leonardo - Social Design Magazine\" \/>\n<meta property=\"og:description\" content=\"La visione di Leonardo \u00e8 l\u2019installazione con cui il Salone del Mobile.Milano rende omaggio al grande genio Rinascimentale.\" \/>\n<meta property=\"og:url\" content=\"https:\/\/socialdesignmagazine.com\/mag\/news\/design-news\/aqua-la-visione-di-leonardo\/\" \/>\n<meta property=\"og:site_name\" content=\"Social Design Magazine\" \/>\n<meta property=\"article:publisher\" content=\"https:\/\/www.facebook.com\/socialdesignmag\" \/>\n<meta property=\"article:author\" content=\"https:\/\/www.facebook.com\/benedettofiori\" \/>\n<meta property=\"article:published_time\" content=\"2019-04-07T10:45:23+00:00\" \/>\n<meta property=\"og:image\" content=\"https:\/\/socialdesignmagazine.com\/mag\/wp-content\/uploads\/2019\/04\/AQUA-la-visione-di-Leonardo-06.jpg\" \/>\n\t<meta property=\"og:image:width\" content=\"1200\" \/>\n\t<meta property=\"og:image:height\" content=\"800\" \/>\n\t<meta property=\"og:image:type\" content=\"image\/jpeg\" \/>\n<meta name=\"author\" content=\"Benedetto Fiori\" \/>\n<meta name=\"twitter:card\" content=\"summary_large_image\" \/>\n<meta name=\"twitter:creator\" content=\"@benedettofiori\" \/>\n<meta name=\"twitter:site\" content=\"@socialdesignmag\" \/>\n<meta name=\"twitter:label1\" content=\"Scritto da\" \/>\n\t<meta name=\"twitter:data1\" content=\"Benedetto Fiori\" \/>\n\t<meta name=\"twitter:label2\" content=\"Tempo di lettura stimato\" \/>\n\t<meta name=\"twitter:data2\" content=\"3 minuti\" \/>\n<script type=\"application\/ld+json\" class=\"yoast-schema-graph\">{\"@context\":\"https:\/\/schema.org\",\"@graph\":[{\"@type\":\"Article\",\"@id\":\"https:\/\/socialdesignmagazine.com\/mag\/news\/design-news\/aqua-la-visione-di-leonardo\/#article\",\"isPartOf\":{\"@id\":\"https:\/\/socialdesignmagazine.com\/mag\/news\/design-news\/aqua-la-visione-di-leonardo\/\"},\"author\":{\"name\":\"Benedetto Fiori\",\"@id\":\"https:\/\/socialdesignmagazine.com\/mag\/#\/schema\/person\/61e20205cc363c315e6aabd33a045846\"},\"headline\":\"AQUA. La visione di Leonardo\",\"datePublished\":\"2019-04-07T10:45:23+00:00\",\"mainEntityOfPage\":{\"@id\":\"https:\/\/socialdesignmagazine.com\/mag\/news\/design-news\/aqua-la-visione-di-leonardo\/\"},\"wordCount\":511,\"commentCount\":0,\"publisher\":{\"@id\":\"https:\/\/socialdesignmagazine.com\/mag\/#organization\"},\"image\":{\"@id\":\"https:\/\/socialdesignmagazine.com\/mag\/news\/design-news\/aqua-la-visione-di-leonardo\/#primaryimage\"},\"thumbnailUrl\":\"https:\/\/socialdesignmagazine.com\/mag\/wp-content\/uploads\/2019\/04\/AQUA-la-visione-di-Leonardo-06.jpg\",\"keywords\":[\"fuorisalone 2019\",\"milano\",\"salone del mobile 2019\"],\"articleSection\":[\"Design News\"],\"inLanguage\":\"it-IT\",\"potentialAction\":[{\"@type\":\"CommentAction\",\"name\":\"Comment\",\"target\":[\"https:\/\/socialdesignmagazine.com\/mag\/news\/design-news\/aqua-la-visione-di-leonardo\/#respond\"]}]},{\"@type\":\"WebPage\",\"@id\":\"https:\/\/socialdesignmagazine.com\/mag\/news\/design-news\/aqua-la-visione-di-leonardo\/\",\"url\":\"https:\/\/socialdesignmagazine.com\/mag\/news\/design-news\/aqua-la-visione-di-leonardo\/\",\"name\":\"AQUA. La visione di Leonardo - Social Design Magazine\",\"isPartOf\":{\"@id\":\"https:\/\/socialdesignmagazine.com\/mag\/#website\"},\"primaryImageOfPage\":{\"@id\":\"https:\/\/socialdesignmagazine.com\/mag\/news\/design-news\/aqua-la-visione-di-leonardo\/#primaryimage\"},\"image\":{\"@id\":\"https:\/\/socialdesignmagazine.com\/mag\/news\/design-news\/aqua-la-visione-di-leonardo\/#primaryimage\"},\"thumbnailUrl\":\"https:\/\/socialdesignmagazine.com\/mag\/wp-content\/uploads\/2019\/04\/AQUA-la-visione-di-Leonardo-06.jpg\",\"datePublished\":\"2019-04-07T10:45:23+00:00\",\"description\":\"La visione di Leonardo \u00e8 l\u2019installazione con cui il Salone del Mobile.Milano rende omaggio al grande genio Rinascimentale.\",\"breadcrumb\":{\"@id\":\"https:\/\/socialdesignmagazine.com\/mag\/news\/design-news\/aqua-la-visione-di-leonardo\/#breadcrumb\"},\"inLanguage\":\"it-IT\",\"potentialAction\":[{\"@type\":\"ReadAction\",\"target\":[\"https:\/\/socialdesignmagazine.com\/mag\/news\/design-news\/aqua-la-visione-di-leonardo\/\"]}]},{\"@type\":\"ImageObject\",\"inLanguage\":\"it-IT\",\"@id\":\"https:\/\/socialdesignmagazine.com\/mag\/news\/design-news\/aqua-la-visione-di-leonardo\/#primaryimage\",\"url\":\"https:\/\/socialdesignmagazine.com\/mag\/wp-content\/uploads\/2019\/04\/AQUA-la-visione-di-Leonardo-06.jpg\",\"contentUrl\":\"https:\/\/socialdesignmagazine.com\/mag\/wp-content\/uploads\/2019\/04\/AQUA-la-visione-di-Leonardo-06.jpg\",\"width\":1200,\"height\":800,\"caption\":\"AQUA la visione di Leonardo\"},{\"@type\":\"BreadcrumbList\",\"@id\":\"https:\/\/socialdesignmagazine.com\/mag\/news\/design-news\/aqua-la-visione-di-leonardo\/#breadcrumb\",\"itemListElement\":[{\"@type\":\"ListItem\",\"position\":1,\"name\":\"Home\",\"item\":\"https:\/\/socialdesignmagazine.com\/mag\/\"},{\"@type\":\"ListItem\",\"position\":2,\"name\":\"News\",\"item\":\"https:\/\/socialdesignmagazine.com\/mag\/news\/\"},{\"@type\":\"ListItem\",\"position\":3,\"name\":\"Design News\",\"item\":\"https:\/\/socialdesignmagazine.com\/mag\/news\/design-news\/\"},{\"@type\":\"ListItem\",\"position\":4,\"name\":\"AQUA. La visione di Leonardo\"}]},{\"@type\":\"WebSite\",\"@id\":\"https:\/\/socialdesignmagazine.com\/mag\/#website\",\"url\":\"https:\/\/socialdesignmagazine.com\/mag\/\",\"name\":\"Social Design Magazine\",\"description\":\"Social Magazine su Design, Architettura, Arte, Grafica\",\"publisher\":{\"@id\":\"https:\/\/socialdesignmagazine.com\/mag\/#organization\"},\"potentialAction\":[{\"@type\":\"SearchAction\",\"target\":{\"@type\":\"EntryPoint\",\"urlTemplate\":\"https:\/\/socialdesignmagazine.com\/mag\/?s={search_term_string}\"},\"query-input\":{\"@type\":\"PropertyValueSpecification\",\"valueRequired\":true,\"valueName\":\"search_term_string\"}}],\"inLanguage\":\"it-IT\"},{\"@type\":\"Organization\",\"@id\":\"https:\/\/socialdesignmagazine.com\/mag\/#organization\",\"name\":\"Social Design Magazine\",\"url\":\"https:\/\/socialdesignmagazine.com\/mag\/\",\"logo\":{\"@type\":\"ImageObject\",\"inLanguage\":\"it-IT\",\"@id\":\"https:\/\/socialdesignmagazine.com\/mag\/#\/schema\/logo\/image\/\",\"url\":\"https:\/\/socialdesignmagazine.com\/mag\/wp-content\/uploads\/2017\/01\/logo_favicon_11.png\",\"contentUrl\":\"https:\/\/socialdesignmagazine.com\/mag\/wp-content\/uploads\/2017\/01\/logo_favicon_11.png\",\"width\":1024,\"height\":1024,\"caption\":\"Social Design Magazine\"},\"image\":{\"@id\":\"https:\/\/socialdesignmagazine.com\/mag\/#\/schema\/logo\/image\/\"},\"sameAs\":[\"https:\/\/www.facebook.com\/socialdesignmag\",\"https:\/\/x.com\/socialdesignmag\",\"http:\/\/instagram.com\/social_design_magazine\/\",\"http:\/\/pinterest.com\/socialdesignmag\/\",\"http:\/\/www.youtube.com\/user\/socialdesignmagazine\"]},{\"@type\":\"Person\",\"@id\":\"https:\/\/socialdesignmagazine.com\/mag\/#\/schema\/person\/61e20205cc363c315e6aabd33a045846\",\"name\":\"Benedetto Fiori\",\"image\":{\"@type\":\"ImageObject\",\"inLanguage\":\"it-IT\",\"@id\":\"https:\/\/secure.gravatar.com\/avatar\/450a48cefa36da63d920ad70aa660bd10725b1c6093800242e5efdb397759033?s=96&d=mm&r=g\",\"url\":\"https:\/\/secure.gravatar.com\/avatar\/450a48cefa36da63d920ad70aa660bd10725b1c6093800242e5efdb397759033?s=96&d=mm&r=g\",\"contentUrl\":\"https:\/\/secure.gravatar.com\/avatar\/450a48cefa36da63d920ad70aa660bd10725b1c6093800242e5efdb397759033?s=96&d=mm&r=g\",\"caption\":\"Benedetto Fiori\"},\"description\":\"Web | Twitter | Facebook | Shutterstock Founder &amp; Editor in Chief di Social Design Magazine. Attratto da sempre da tutto ci\u00f2 che \u00e8 creativit\u00e0, design, architettura. Dopo aver studiato Architettura all'Universit\u00e0 di Firenze, si \u00e8 impegnato in molteplici campi: comunicazione grafica, progettazione di allestimenti fieristici, brand design, Interior Design.\",\"sameAs\":[\"http:\/\/benedettofiori.com\",\"https:\/\/www.facebook.com\/benedettofiori\",\"https:\/\/x.com\/benedettofiori\"],\"url\":\"https:\/\/socialdesignmagazine.com\/mag\/author\/benedetto\/\"}]}<\/script>\n<!-- \/ Yoast SEO plugin. -->","yoast_head_json":{"title":"AQUA. La visione di Leonardo - Social Design Magazine","description":"La visione di Leonardo \u00e8 l\u2019installazione con cui il Salone del Mobile.Milano rende omaggio al grande genio Rinascimentale.","robots":{"index":"index","follow":"follow","max-snippet":"max-snippet:-1","max-image-preview":"max-image-preview:large","max-video-preview":"max-video-preview:-1"},"canonical":"https:\/\/socialdesignmagazine.com\/mag\/news\/design-news\/aqua-la-visione-di-leonardo\/","og_locale":"it_IT","og_type":"article","og_title":"AQUA. La visione di Leonardo - Social Design Magazine","og_description":"La visione di Leonardo \u00e8 l\u2019installazione con cui il Salone del Mobile.Milano rende omaggio al grande genio Rinascimentale.","og_url":"https:\/\/socialdesignmagazine.com\/mag\/news\/design-news\/aqua-la-visione-di-leonardo\/","og_site_name":"Social Design Magazine","article_publisher":"https:\/\/www.facebook.com\/socialdesignmag","article_author":"https:\/\/www.facebook.com\/benedettofiori","article_published_time":"2019-04-07T10:45:23+00:00","og_image":[{"width":1200,"height":800,"url":"https:\/\/socialdesignmagazine.com\/mag\/wp-content\/uploads\/2019\/04\/AQUA-la-visione-di-Leonardo-06.jpg","type":"image\/jpeg"}],"author":"Benedetto Fiori","twitter_card":"summary_large_image","twitter_creator":"@benedettofiori","twitter_site":"@socialdesignmag","twitter_misc":{"Scritto da":"Benedetto Fiori","Tempo di lettura stimato":"3 minuti"},"schema":{"@context":"https:\/\/schema.org","@graph":[{"@type":"Article","@id":"https:\/\/socialdesignmagazine.com\/mag\/news\/design-news\/aqua-la-visione-di-leonardo\/#article","isPartOf":{"@id":"https:\/\/socialdesignmagazine.com\/mag\/news\/design-news\/aqua-la-visione-di-leonardo\/"},"author":{"name":"Benedetto Fiori","@id":"https:\/\/socialdesignmagazine.com\/mag\/#\/schema\/person\/61e20205cc363c315e6aabd33a045846"},"headline":"AQUA. La visione di Leonardo","datePublished":"2019-04-07T10:45:23+00:00","mainEntityOfPage":{"@id":"https:\/\/socialdesignmagazine.com\/mag\/news\/design-news\/aqua-la-visione-di-leonardo\/"},"wordCount":511,"commentCount":0,"publisher":{"@id":"https:\/\/socialdesignmagazine.com\/mag\/#organization"},"image":{"@id":"https:\/\/socialdesignmagazine.com\/mag\/news\/design-news\/aqua-la-visione-di-leonardo\/#primaryimage"},"thumbnailUrl":"https:\/\/socialdesignmagazine.com\/mag\/wp-content\/uploads\/2019\/04\/AQUA-la-visione-di-Leonardo-06.jpg","keywords":["fuorisalone 2019","milano","salone del mobile 2019"],"articleSection":["Design News"],"inLanguage":"it-IT","potentialAction":[{"@type":"CommentAction","name":"Comment","target":["https:\/\/socialdesignmagazine.com\/mag\/news\/design-news\/aqua-la-visione-di-leonardo\/#respond"]}]},{"@type":"WebPage","@id":"https:\/\/socialdesignmagazine.com\/mag\/news\/design-news\/aqua-la-visione-di-leonardo\/","url":"https:\/\/socialdesignmagazine.com\/mag\/news\/design-news\/aqua-la-visione-di-leonardo\/","name":"AQUA. La visione di Leonardo - Social Design Magazine","isPartOf":{"@id":"https:\/\/socialdesignmagazine.com\/mag\/#website"},"primaryImageOfPage":{"@id":"https:\/\/socialdesignmagazine.com\/mag\/news\/design-news\/aqua-la-visione-di-leonardo\/#primaryimage"},"image":{"@id":"https:\/\/socialdesignmagazine.com\/mag\/news\/design-news\/aqua-la-visione-di-leonardo\/#primaryimage"},"thumbnailUrl":"https:\/\/socialdesignmagazine.com\/mag\/wp-content\/uploads\/2019\/04\/AQUA-la-visione-di-Leonardo-06.jpg","datePublished":"2019-04-07T10:45:23+00:00","description":"La visione di Leonardo \u00e8 l\u2019installazione con cui il Salone del Mobile.Milano rende omaggio al grande genio Rinascimentale.","breadcrumb":{"@id":"https:\/\/socialdesignmagazine.com\/mag\/news\/design-news\/aqua-la-visione-di-leonardo\/#breadcrumb"},"inLanguage":"it-IT","potentialAction":[{"@type":"ReadAction","target":["https:\/\/socialdesignmagazine.com\/mag\/news\/design-news\/aqua-la-visione-di-leonardo\/"]}]},{"@type":"ImageObject","inLanguage":"it-IT","@id":"https:\/\/socialdesignmagazine.com\/mag\/news\/design-news\/aqua-la-visione-di-leonardo\/#primaryimage","url":"https:\/\/socialdesignmagazine.com\/mag\/wp-content\/uploads\/2019\/04\/AQUA-la-visione-di-Leonardo-06.jpg","contentUrl":"https:\/\/socialdesignmagazine.com\/mag\/wp-content\/uploads\/2019\/04\/AQUA-la-visione-di-Leonardo-06.jpg","width":1200,"height":800,"caption":"AQUA la visione di Leonardo"},{"@type":"BreadcrumbList","@id":"https:\/\/socialdesignmagazine.com\/mag\/news\/design-news\/aqua-la-visione-di-leonardo\/#breadcrumb","itemListElement":[{"@type":"ListItem","position":1,"name":"Home","item":"https:\/\/socialdesignmagazine.com\/mag\/"},{"@type":"ListItem","position":2,"name":"News","item":"https:\/\/socialdesignmagazine.com\/mag\/news\/"},{"@type":"ListItem","position":3,"name":"Design News","item":"https:\/\/socialdesignmagazine.com\/mag\/news\/design-news\/"},{"@type":"ListItem","position":4,"name":"AQUA. La visione di Leonardo"}]},{"@type":"WebSite","@id":"https:\/\/socialdesignmagazine.com\/mag\/#website","url":"https:\/\/socialdesignmagazine.com\/mag\/","name":"Social Design Magazine","description":"Social Magazine su Design, Architettura, Arte, Grafica","publisher":{"@id":"https:\/\/socialdesignmagazine.com\/mag\/#organization"},"potentialAction":[{"@type":"SearchAction","target":{"@type":"EntryPoint","urlTemplate":"https:\/\/socialdesignmagazine.com\/mag\/?s={search_term_string}"},"query-input":{"@type":"PropertyValueSpecification","valueRequired":true,"valueName":"search_term_string"}}],"inLanguage":"it-IT"},{"@type":"Organization","@id":"https:\/\/socialdesignmagazine.com\/mag\/#organization","name":"Social Design Magazine","url":"https:\/\/socialdesignmagazine.com\/mag\/","logo":{"@type":"ImageObject","inLanguage":"it-IT","@id":"https:\/\/socialdesignmagazine.com\/mag\/#\/schema\/logo\/image\/","url":"https:\/\/socialdesignmagazine.com\/mag\/wp-content\/uploads\/2017\/01\/logo_favicon_11.png","contentUrl":"https:\/\/socialdesignmagazine.com\/mag\/wp-content\/uploads\/2017\/01\/logo_favicon_11.png","width":1024,"height":1024,"caption":"Social Design Magazine"},"image":{"@id":"https:\/\/socialdesignmagazine.com\/mag\/#\/schema\/logo\/image\/"},"sameAs":["https:\/\/www.facebook.com\/socialdesignmag","https:\/\/x.com\/socialdesignmag","http:\/\/instagram.com\/social_design_magazine\/","http:\/\/pinterest.com\/socialdesignmag\/","http:\/\/www.youtube.com\/user\/socialdesignmagazine"]},{"@type":"Person","@id":"https:\/\/socialdesignmagazine.com\/mag\/#\/schema\/person\/61e20205cc363c315e6aabd33a045846","name":"Benedetto Fiori","image":{"@type":"ImageObject","inLanguage":"it-IT","@id":"https:\/\/secure.gravatar.com\/avatar\/450a48cefa36da63d920ad70aa660bd10725b1c6093800242e5efdb397759033?s=96&d=mm&r=g","url":"https:\/\/secure.gravatar.com\/avatar\/450a48cefa36da63d920ad70aa660bd10725b1c6093800242e5efdb397759033?s=96&d=mm&r=g","contentUrl":"https:\/\/secure.gravatar.com\/avatar\/450a48cefa36da63d920ad70aa660bd10725b1c6093800242e5efdb397759033?s=96&d=mm&r=g","caption":"Benedetto Fiori"},"description":"Web | Twitter | Facebook | Shutterstock Founder &amp; Editor in Chief di Social Design Magazine. Attratto da sempre da tutto ci\u00f2 che \u00e8 creativit\u00e0, design, architettura. Dopo aver studiato Architettura all'Universit\u00e0 di Firenze, si \u00e8 impegnato in molteplici campi: comunicazione grafica, progettazione di allestimenti fieristici, brand design, Interior Design.","sameAs":["http:\/\/benedettofiori.com","https:\/\/www.facebook.com\/benedettofiori","https:\/\/x.com\/benedettofiori"],"url":"https:\/\/socialdesignmagazine.com\/mag\/author\/benedetto\/"}]}},"jetpack_featured_media_url":"https:\/\/socialdesignmagazine.com\/mag\/wp-content\/uploads\/2019\/04\/AQUA-la-visione-di-Leonardo-06.jpg","jetpack_sharing_enabled":true,"jetpack_shortlink":"https:\/\/wp.me\/p6cV7V-9P1","gt_translate_keys":[{"key":"link","format":"url"}],"_links":{"self":[{"href":"https:\/\/socialdesignmagazine.com\/mag\/wp-json\/wp\/v2\/posts\/37759","targetHints":{"allow":["GET"]}}],"collection":[{"href":"https:\/\/socialdesignmagazine.com\/mag\/wp-json\/wp\/v2\/posts"}],"about":[{"href":"https:\/\/socialdesignmagazine.com\/mag\/wp-json\/wp\/v2\/types\/post"}],"author":[{"embeddable":true,"href":"https:\/\/socialdesignmagazine.com\/mag\/wp-json\/wp\/v2\/users\/1"}],"replies":[{"embeddable":true,"href":"https:\/\/socialdesignmagazine.com\/mag\/wp-json\/wp\/v2\/comments?post=37759"}],"version-history":[{"count":2,"href":"https:\/\/socialdesignmagazine.com\/mag\/wp-json\/wp\/v2\/posts\/37759\/revisions"}],"predecessor-version":[{"id":37771,"href":"https:\/\/socialdesignmagazine.com\/mag\/wp-json\/wp\/v2\/posts\/37759\/revisions\/37771"}],"wp:featuredmedia":[{"embeddable":true,"href":"https:\/\/socialdesignmagazine.com\/mag\/wp-json\/wp\/v2\/media\/37765"}],"wp:attachment":[{"href":"https:\/\/socialdesignmagazine.com\/mag\/wp-json\/wp\/v2\/media?parent=37759"}],"wp:term":[{"taxonomy":"category","embeddable":true,"href":"https:\/\/socialdesignmagazine.com\/mag\/wp-json\/wp\/v2\/categories?post=37759"},{"taxonomy":"post_tag","embeddable":true,"href":"https:\/\/socialdesignmagazine.com\/mag\/wp-json\/wp\/v2\/tags?post=37759"}],"curies":[{"name":"wp","href":"https:\/\/api.w.org\/{rel}","templated":true}]}}