{"id":3790,"date":"2015-05-28T14:00:00","date_gmt":"2015-05-28T12:00:00","guid":{"rendered":"https:\/\/socialdesignmagazine.com\/mag\/s9-green\/c37-green\/oscar-dellimballaggio-vinto-da-goglio-con-il-packaging-attivo-gtea\/"},"modified":"2025-05-10T21:11:52","modified_gmt":"2025-05-10T19:11:52","slug":"oscar-dellimballaggio-vinto-da-goglio-con-il-packaging-attivo-gtea","status":"publish","type":"post","link":"https:\/\/socialdesignmagazine.com\/mag\/green\/oscar-dellimballaggio-vinto-da-goglio-con-il-packaging-attivo-gtea\/","title":{"rendered":"Oscar dell\u2019imballaggio vinto da Goglio con il packaging attivo GTea","gt_translate_keys":[{"key":"rendered","format":"text"}]},"content":{"rendered":"\n<h2 class=\"wp-block-heading\">Un progetto orientato all\u2019attenzione ambientale consente a Goglio, packaging specialist, di vincere l\u2019Oscar dell\u2019Imballaggio 2015;<\/h2>\n\n\n\n<p>la premiazione del progetto GTea, packaging attivo all\u2019estratto di the verde, \u00e8 avvenuta nel pomeriggio del 20 maggio 2015 durante la Fiera Ipack-Ima a FieraMilano. Ha ritirato il Premio Osvaldo Bosetti, Converting R&amp;D Chemical Director in Goglio.<\/p>\n\n\n\n<p>GTea, \u201cl\u2019alleato pi\u00f9 attivo del packaging\u201d, sfruttando le naturali propriet\u00e0 antiradicali della catechina, agisce sul processo di ossidazione cui sono soggetti gli alimenti confezionati in imballi flessibili, migliorandone la shelf life ed enfatizzando propriet\u00e0 e caratteristiche organolettiche dei prodotti. Frutto del progetto di ricerca Safemtech sviluppato con l\u2019Universit\u00e0 di Zaragoza e il patrocinio della Comunit\u00e0 Europea, con GTea Goglio si propone quale portatore di un\u2019innovazione rispettosa dell\u2019ambiente e, soprattutto, etica: l\u2019estrema reperibilit\u00e0 del the verde, unita al suo basso costo, rendono il materiale agevolmente accessibile da tutte le economie.<\/p>\n\n\n\n<p>Goglio \u00e8 tra l\u2019altro presente, dall\u20191 maggio al 31 ottobre, a Expo Milano 2015 nel Padiglione \u201cCibus \u00e8 Italia\u201d per raccontare e condividere con ogni visitatore i valori, la storia e il patrimonio di una famiglia che si occupa di confezionamento da pi\u00f9 di 165 anni, perch\u00e9 un alimento non confezionato, non protetto o mal conservato \u00e8 un alimento perso. Il claim dell\u2019azienda \u00e8: \u201cMeno packaging, pi\u00f9 prodotto: imballaggio, tecnologia, innovazione\u201d.<\/p>\n\n\n\n<p>Grazie ad altri progetti green il Gruppo Goglio, specialista nel packaging, ha vinto l\u2019Oscar dell\u2019imballaggio in diverse edizioni; tra le pi\u00f9 recenti, nel 2011 con la confezione ecologica di EcoTruck della Iberemec e nel 2013 con \u201cFres-co Green\u201d, un sistema integrato di confezionamento 100% compostabile e amico dell\u2019ambiente a 360\u00b0. In quell\u2019occasione Goglio aveva ottenuto il prestigioso riconoscimento nella sezione speciale \u2018Tecnologia\u2019, distinguendosi per le proprie caratteristiche di pack interamente costituito da materiali e componenti che si biodegradano pressoch\u00e9 completamente nell\u2019arco di 180 giorni.<\/p>\n\n\n\n<h4 class=\"wp-block-heading\">Maggiori informazioni su: <a rel=\"nofollow\" href=\"http:\/\/www.goglio.it\">http:\/\/www.goglio.it <\/a><\/h4>\n","protected":false,"gt_translate_keys":[{"key":"rendered","format":"html"}]},"excerpt":{"rendered":"<p>Un progetto orientato all\u2019attenzione ambientale consente a Goglio, packaging specialist, di vincere l\u2019Oscar dell\u2019Imballaggio 2015<\/p>\n","protected":false,"gt_translate_keys":[{"key":"rendered","format":"html"}]},"author":90,"featured_media":22195,"comment_status":"open","ping_status":"open","sticky":false,"template":"","format":"standard","meta":{"jetpack_post_was_ever_published":false,"_jetpack_newsletter_access":"","_jetpack_dont_email_post_to_subs":false,"_jetpack_newsletter_tier_id":0,"_jetpack_memberships_contains_paywalled_content":false,"_jetpack_memberships_contains_paid_content":false,"footnotes":"","_wpscppro_dont_share_socialmedia":false,"_wpscppro_custom_social_share_image":0,"_facebook_share_type":"","_twitter_share_type":"","_linkedin_share_type":"","_pinterest_share_type":"","_linkedin_share_type_page":"","_instagram_share_type":"","_medium_share_type":"","_threads_share_type":"","_google_business_share_type":"","_selected_social_profile":[],"_wpsp_enable_custom_social_template":false,"_wpsp_social_scheduling":{"enabled":false,"datetime":null,"platforms":[],"status":"template_only","dateOption":"today","timeOption":"now","customDays":"","customHours":"","customDate":"","customTime":"","schedulingType":"absolute"},"_wpsp_active_default_template":true},"categories":[11],"tags":[81,441],"class_list":["post-3790","post","type-post","status-publish","format-standard","has-post-thumbnail","hentry","category-green","tag-green","tag-packaging"],"yoast_head":"<!-- This site is optimized with the Yoast SEO plugin v27.2 - https:\/\/yoast.com\/product\/yoast-seo-wordpress\/ -->\n<title>Oscar dell\u2019imballaggio vinto da Goglio con il packaging attivo GTea - Social Design Magazine<\/title>\n<meta name=\"description\" content=\"Premiato il 20 maggio, durante la pomeridiana premiazione dell\u2019Oscar dell\u2019Imballaggio 2015, svoltasi all\u2019interno della Fiera Ipack-Ima, questo imballo attivo dell\u2019azienda di Daverio (Varese) \u00e8 portatore di un\u2019innovazione rispettosa dell\u2019ambiente.\" \/>\n<meta name=\"robots\" content=\"index, follow, max-snippet:-1, max-image-preview:large, max-video-preview:-1\" \/>\n<link rel=\"canonical\" href=\"https:\/\/socialdesignmagazine.com\/mag\/green\/oscar-dellimballaggio-vinto-da-goglio-con-il-packaging-attivo-gtea\/\" \/>\n<meta property=\"og:locale\" content=\"it_IT\" \/>\n<meta property=\"og:type\" content=\"article\" \/>\n<meta property=\"og:title\" content=\"Oscar dell\u2019imballaggio vinto da Goglio con il packaging attivo GTea - Social Design Magazine\" \/>\n<meta property=\"og:description\" content=\"Premiato il 20 maggio, durante la pomeridiana premiazione dell\u2019Oscar dell\u2019Imballaggio 2015, svoltasi all\u2019interno della Fiera Ipack-Ima, questo imballo attivo dell\u2019azienda di Daverio (Varese) \u00e8 portatore di un\u2019innovazione rispettosa dell\u2019ambiente.\" \/>\n<meta property=\"og:url\" content=\"http:\/\/socialdesignmagazine.com\/mag\/green\/oscar-dellimballaggio-vinto-da-goglio-con-il-packaging-attivo-gtea\/\" \/>\n<meta property=\"og:site_name\" content=\"Social Design Magazine\" \/>\n<meta property=\"article:publisher\" content=\"https:\/\/www.facebook.com\/socialdesignmag\" \/>\n<meta property=\"article:published_time\" content=\"2015-05-28T12:00:00+00:00\" \/>\n<meta property=\"article:modified_time\" content=\"2025-05-10T19:11:52+00:00\" \/>\n<meta property=\"og:image\" content=\"https:\/\/socialdesignmagazine.com\/mag\/wp-content\/uploads\/2015\/05\/users_Redoffice_GTEA-Goglio-Oscar-imballaggio-2015-IpackIma-Expo.jpg\" \/>\n\t<meta property=\"og:image:width\" content=\"720\" \/>\n\t<meta property=\"og:image:height\" content=\"478\" \/>\n\t<meta property=\"og:image:type\" content=\"image\/jpeg\" \/>\n<meta name=\"author\" content=\"Redoffice Redoffice\" \/>\n<meta name=\"twitter:card\" content=\"summary_large_image\" \/>\n<meta name=\"twitter:creator\" content=\"@socialdesignmag\" \/>\n<meta name=\"twitter:site\" content=\"@socialdesignmag\" \/>\n<meta name=\"twitter:label1\" content=\"Scritto da\" \/>\n\t<meta name=\"twitter:data1\" content=\"Redoffice Redoffice\" \/>\n\t<meta name=\"twitter:label2\" content=\"Tempo di lettura stimato\" \/>\n\t<meta name=\"twitter:data2\" content=\"2 minuti\" \/>\n<script type=\"application\/ld+json\" class=\"yoast-schema-graph\">{\"@context\":\"https:\/\/schema.org\",\"@graph\":[{\"@type\":\"Article\",\"@id\":\"https:\/\/socialdesignmagazine.com\/mag\/green\/oscar-dellimballaggio-vinto-da-goglio-con-il-packaging-attivo-gtea\/#article\",\"isPartOf\":{\"@id\":\"https:\/\/socialdesignmagazine.com\/mag\/green\/oscar-dellimballaggio-vinto-da-goglio-con-il-packaging-attivo-gtea\/\"},\"author\":{\"name\":\"Redoffice Redoffice\",\"@id\":\"https:\/\/socialdesignmagazine.com\/mag\/#\/schema\/person\/5bc135d52b5fe38a2e070eaa0aac06e5\"},\"headline\":\"Oscar dell\u2019imballaggio vinto da Goglio con il packaging attivo GTea\",\"datePublished\":\"2015-05-28T12:00:00+00:00\",\"dateModified\":\"2025-05-10T19:11:52+00:00\",\"mainEntityOfPage\":{\"@id\":\"https:\/\/socialdesignmagazine.com\/mag\/green\/oscar-dellimballaggio-vinto-da-goglio-con-il-packaging-attivo-gtea\/\"},\"wordCount\":316,\"commentCount\":0,\"publisher\":{\"@id\":\"https:\/\/socialdesignmagazine.com\/mag\/#organization\"},\"image\":{\"@id\":\"https:\/\/socialdesignmagazine.com\/mag\/green\/oscar-dellimballaggio-vinto-da-goglio-con-il-packaging-attivo-gtea\/#primaryimage\"},\"thumbnailUrl\":\"https:\/\/socialdesignmagazine.com\/mag\/wp-content\/uploads\/2015\/05\/users_Redoffice_GTEA-Goglio-Oscar-imballaggio-2015-IpackIma-Expo.jpg\",\"keywords\":[\"green\",\"packaging\"],\"articleSection\":[\"Green\"],\"inLanguage\":\"it-IT\",\"potentialAction\":[{\"@type\":\"CommentAction\",\"name\":\"Comment\",\"target\":[\"https:\/\/socialdesignmagazine.com\/mag\/green\/oscar-dellimballaggio-vinto-da-goglio-con-il-packaging-attivo-gtea\/#respond\"]}]},{\"@type\":\"WebPage\",\"@id\":\"https:\/\/socialdesignmagazine.com\/mag\/green\/oscar-dellimballaggio-vinto-da-goglio-con-il-packaging-attivo-gtea\/\",\"url\":\"https:\/\/socialdesignmagazine.com\/mag\/green\/oscar-dellimballaggio-vinto-da-goglio-con-il-packaging-attivo-gtea\/\",\"name\":\"Oscar dell\u2019imballaggio vinto da Goglio con il packaging attivo GTea - Social Design Magazine\",\"isPartOf\":{\"@id\":\"https:\/\/socialdesignmagazine.com\/mag\/#website\"},\"primaryImageOfPage\":{\"@id\":\"https:\/\/socialdesignmagazine.com\/mag\/green\/oscar-dellimballaggio-vinto-da-goglio-con-il-packaging-attivo-gtea\/#primaryimage\"},\"image\":{\"@id\":\"https:\/\/socialdesignmagazine.com\/mag\/green\/oscar-dellimballaggio-vinto-da-goglio-con-il-packaging-attivo-gtea\/#primaryimage\"},\"thumbnailUrl\":\"https:\/\/socialdesignmagazine.com\/mag\/wp-content\/uploads\/2015\/05\/users_Redoffice_GTEA-Goglio-Oscar-imballaggio-2015-IpackIma-Expo.jpg\",\"datePublished\":\"2015-05-28T12:00:00+00:00\",\"dateModified\":\"2025-05-10T19:11:52+00:00\",\"description\":\"Premiato il 20 maggio, durante la pomeridiana premiazione dell\u2019Oscar dell\u2019Imballaggio 2015, svoltasi all\u2019interno della Fiera Ipack-Ima, questo imballo attivo dell\u2019azienda di Daverio (Varese) \u00e8 portatore di un\u2019innovazione rispettosa dell\u2019ambiente.\",\"breadcrumb\":{\"@id\":\"https:\/\/socialdesignmagazine.com\/mag\/green\/oscar-dellimballaggio-vinto-da-goglio-con-il-packaging-attivo-gtea\/#breadcrumb\"},\"inLanguage\":\"it-IT\",\"potentialAction\":[{\"@type\":\"ReadAction\",\"target\":[\"https:\/\/socialdesignmagazine.com\/mag\/green\/oscar-dellimballaggio-vinto-da-goglio-con-il-packaging-attivo-gtea\/\"]}]},{\"@type\":\"ImageObject\",\"inLanguage\":\"it-IT\",\"@id\":\"https:\/\/socialdesignmagazine.com\/mag\/green\/oscar-dellimballaggio-vinto-da-goglio-con-il-packaging-attivo-gtea\/#primaryimage\",\"url\":\"https:\/\/socialdesignmagazine.com\/mag\/wp-content\/uploads\/2015\/05\/users_Redoffice_GTEA-Goglio-Oscar-imballaggio-2015-IpackIma-Expo.jpg\",\"contentUrl\":\"https:\/\/socialdesignmagazine.com\/mag\/wp-content\/uploads\/2015\/05\/users_Redoffice_GTEA-Goglio-Oscar-imballaggio-2015-IpackIma-Expo.jpg\",\"width\":720,\"height\":478,\"caption\":\"GTEA Goglio Oscar imballaggio 2015 IpackIma Expo\"},{\"@type\":\"BreadcrumbList\",\"@id\":\"https:\/\/socialdesignmagazine.com\/mag\/green\/oscar-dellimballaggio-vinto-da-goglio-con-il-packaging-attivo-gtea\/#breadcrumb\",\"itemListElement\":[{\"@type\":\"ListItem\",\"position\":1,\"name\":\"Home\",\"item\":\"https:\/\/socialdesignmagazine.com\/mag\/\"},{\"@type\":\"ListItem\",\"position\":2,\"name\":\"Green\",\"item\":\"https:\/\/socialdesignmagazine.com\/mag\/green\/\"},{\"@type\":\"ListItem\",\"position\":3,\"name\":\"Oscar dell\u2019imballaggio vinto da Goglio con il packaging attivo GTea\"}]},{\"@type\":\"WebSite\",\"@id\":\"https:\/\/socialdesignmagazine.com\/mag\/#website\",\"url\":\"https:\/\/socialdesignmagazine.com\/mag\/\",\"name\":\"Social Design Magazine\",\"description\":\"Social Magazine su Design, Architettura, Arte, Grafica\",\"publisher\":{\"@id\":\"https:\/\/socialdesignmagazine.com\/mag\/#organization\"},\"potentialAction\":[{\"@type\":\"SearchAction\",\"target\":{\"@type\":\"EntryPoint\",\"urlTemplate\":\"https:\/\/socialdesignmagazine.com\/mag\/?s={search_term_string}\"},\"query-input\":{\"@type\":\"PropertyValueSpecification\",\"valueRequired\":true,\"valueName\":\"search_term_string\"}}],\"inLanguage\":\"it-IT\"},{\"@type\":\"Organization\",\"@id\":\"https:\/\/socialdesignmagazine.com\/mag\/#organization\",\"name\":\"Social Design Magazine\",\"url\":\"https:\/\/socialdesignmagazine.com\/mag\/\",\"logo\":{\"@type\":\"ImageObject\",\"inLanguage\":\"it-IT\",\"@id\":\"https:\/\/socialdesignmagazine.com\/mag\/#\/schema\/logo\/image\/\",\"url\":\"https:\/\/socialdesignmagazine.com\/mag\/wp-content\/uploads\/2017\/01\/logo_favicon_11.png\",\"contentUrl\":\"https:\/\/socialdesignmagazine.com\/mag\/wp-content\/uploads\/2017\/01\/logo_favicon_11.png\",\"width\":1024,\"height\":1024,\"caption\":\"Social Design Magazine\"},\"image\":{\"@id\":\"https:\/\/socialdesignmagazine.com\/mag\/#\/schema\/logo\/image\/\"},\"sameAs\":[\"https:\/\/www.facebook.com\/socialdesignmag\",\"https:\/\/x.com\/socialdesignmag\",\"http:\/\/instagram.com\/social_design_magazine\/\",\"http:\/\/pinterest.com\/socialdesignmag\/\",\"http:\/\/www.youtube.com\/user\/socialdesignmagazine\"]},{\"@type\":\"Person\",\"@id\":\"https:\/\/socialdesignmagazine.com\/mag\/#\/schema\/person\/5bc135d52b5fe38a2e070eaa0aac06e5\",\"name\":\"Redoffice Redoffice\",\"image\":{\"@type\":\"ImageObject\",\"inLanguage\":\"it-IT\",\"@id\":\"https:\/\/secure.gravatar.com\/avatar\/c36d6a9996c6c4fd090dc95d26689503de6bd9618b3e8f113922b719aa3e08bf?s=96&d=mm&r=g\",\"url\":\"https:\/\/secure.gravatar.com\/avatar\/c36d6a9996c6c4fd090dc95d26689503de6bd9618b3e8f113922b719aa3e08bf?s=96&d=mm&r=g\",\"contentUrl\":\"https:\/\/secure.gravatar.com\/avatar\/c36d6a9996c6c4fd090dc95d26689503de6bd9618b3e8f113922b719aa3e08bf?s=96&d=mm&r=g\",\"caption\":\"Redoffice Redoffice\"},\"url\":\"https:\/\/socialdesignmagazine.com\/mag\/author\/redoffice\/\"}]}<\/script>\n<!-- \/ Yoast SEO plugin. -->","yoast_head_json":{"title":"Oscar dell\u2019imballaggio vinto da Goglio con il packaging attivo GTea - Social Design Magazine","description":"Premiato il 20 maggio, durante la pomeridiana premiazione dell\u2019Oscar dell\u2019Imballaggio 2015, svoltasi all\u2019interno della Fiera Ipack-Ima, questo imballo attivo dell\u2019azienda di Daverio (Varese) \u00e8 portatore di un\u2019innovazione rispettosa dell\u2019ambiente.","robots":{"index":"index","follow":"follow","max-snippet":"max-snippet:-1","max-image-preview":"max-image-preview:large","max-video-preview":"max-video-preview:-1"},"canonical":"https:\/\/socialdesignmagazine.com\/mag\/green\/oscar-dellimballaggio-vinto-da-goglio-con-il-packaging-attivo-gtea\/","og_locale":"it_IT","og_type":"article","og_title":"Oscar dell\u2019imballaggio vinto da Goglio con il packaging attivo GTea - Social Design Magazine","og_description":"Premiato il 20 maggio, durante la pomeridiana premiazione dell\u2019Oscar dell\u2019Imballaggio 2015, svoltasi all\u2019interno della Fiera Ipack-Ima, questo imballo attivo dell\u2019azienda di Daverio (Varese) \u00e8 portatore di un\u2019innovazione rispettosa dell\u2019ambiente.","og_url":"http:\/\/socialdesignmagazine.com\/mag\/green\/oscar-dellimballaggio-vinto-da-goglio-con-il-packaging-attivo-gtea\/","og_site_name":"Social Design Magazine","article_publisher":"https:\/\/www.facebook.com\/socialdesignmag","article_published_time":"2015-05-28T12:00:00+00:00","article_modified_time":"2025-05-10T19:11:52+00:00","og_image":[{"width":720,"height":478,"url":"https:\/\/socialdesignmagazine.com\/mag\/wp-content\/uploads\/2015\/05\/users_Redoffice_GTEA-Goglio-Oscar-imballaggio-2015-IpackIma-Expo.jpg","type":"image\/jpeg"}],"author":"Redoffice Redoffice","twitter_card":"summary_large_image","twitter_creator":"@socialdesignmag","twitter_site":"@socialdesignmag","twitter_misc":{"Scritto da":"Redoffice Redoffice","Tempo di lettura stimato":"2 minuti"},"schema":{"@context":"https:\/\/schema.org","@graph":[{"@type":"Article","@id":"https:\/\/socialdesignmagazine.com\/mag\/green\/oscar-dellimballaggio-vinto-da-goglio-con-il-packaging-attivo-gtea\/#article","isPartOf":{"@id":"https:\/\/socialdesignmagazine.com\/mag\/green\/oscar-dellimballaggio-vinto-da-goglio-con-il-packaging-attivo-gtea\/"},"author":{"name":"Redoffice Redoffice","@id":"https:\/\/socialdesignmagazine.com\/mag\/#\/schema\/person\/5bc135d52b5fe38a2e070eaa0aac06e5"},"headline":"Oscar dell\u2019imballaggio vinto da Goglio con il packaging attivo GTea","datePublished":"2015-05-28T12:00:00+00:00","dateModified":"2025-05-10T19:11:52+00:00","mainEntityOfPage":{"@id":"https:\/\/socialdesignmagazine.com\/mag\/green\/oscar-dellimballaggio-vinto-da-goglio-con-il-packaging-attivo-gtea\/"},"wordCount":316,"commentCount":0,"publisher":{"@id":"https:\/\/socialdesignmagazine.com\/mag\/#organization"},"image":{"@id":"https:\/\/socialdesignmagazine.com\/mag\/green\/oscar-dellimballaggio-vinto-da-goglio-con-il-packaging-attivo-gtea\/#primaryimage"},"thumbnailUrl":"https:\/\/socialdesignmagazine.com\/mag\/wp-content\/uploads\/2015\/05\/users_Redoffice_GTEA-Goglio-Oscar-imballaggio-2015-IpackIma-Expo.jpg","keywords":["green","packaging"],"articleSection":["Green"],"inLanguage":"it-IT","potentialAction":[{"@type":"CommentAction","name":"Comment","target":["https:\/\/socialdesignmagazine.com\/mag\/green\/oscar-dellimballaggio-vinto-da-goglio-con-il-packaging-attivo-gtea\/#respond"]}]},{"@type":"WebPage","@id":"https:\/\/socialdesignmagazine.com\/mag\/green\/oscar-dellimballaggio-vinto-da-goglio-con-il-packaging-attivo-gtea\/","url":"https:\/\/socialdesignmagazine.com\/mag\/green\/oscar-dellimballaggio-vinto-da-goglio-con-il-packaging-attivo-gtea\/","name":"Oscar dell\u2019imballaggio vinto da Goglio con il packaging attivo GTea - Social Design Magazine","isPartOf":{"@id":"https:\/\/socialdesignmagazine.com\/mag\/#website"},"primaryImageOfPage":{"@id":"https:\/\/socialdesignmagazine.com\/mag\/green\/oscar-dellimballaggio-vinto-da-goglio-con-il-packaging-attivo-gtea\/#primaryimage"},"image":{"@id":"https:\/\/socialdesignmagazine.com\/mag\/green\/oscar-dellimballaggio-vinto-da-goglio-con-il-packaging-attivo-gtea\/#primaryimage"},"thumbnailUrl":"https:\/\/socialdesignmagazine.com\/mag\/wp-content\/uploads\/2015\/05\/users_Redoffice_GTEA-Goglio-Oscar-imballaggio-2015-IpackIma-Expo.jpg","datePublished":"2015-05-28T12:00:00+00:00","dateModified":"2025-05-10T19:11:52+00:00","description":"Premiato il 20 maggio, durante la pomeridiana premiazione dell\u2019Oscar dell\u2019Imballaggio 2015, svoltasi all\u2019interno della Fiera Ipack-Ima, questo imballo attivo dell\u2019azienda di Daverio (Varese) \u00e8 portatore di un\u2019innovazione rispettosa dell\u2019ambiente.","breadcrumb":{"@id":"https:\/\/socialdesignmagazine.com\/mag\/green\/oscar-dellimballaggio-vinto-da-goglio-con-il-packaging-attivo-gtea\/#breadcrumb"},"inLanguage":"it-IT","potentialAction":[{"@type":"ReadAction","target":["https:\/\/socialdesignmagazine.com\/mag\/green\/oscar-dellimballaggio-vinto-da-goglio-con-il-packaging-attivo-gtea\/"]}]},{"@type":"ImageObject","inLanguage":"it-IT","@id":"https:\/\/socialdesignmagazine.com\/mag\/green\/oscar-dellimballaggio-vinto-da-goglio-con-il-packaging-attivo-gtea\/#primaryimage","url":"https:\/\/socialdesignmagazine.com\/mag\/wp-content\/uploads\/2015\/05\/users_Redoffice_GTEA-Goglio-Oscar-imballaggio-2015-IpackIma-Expo.jpg","contentUrl":"https:\/\/socialdesignmagazine.com\/mag\/wp-content\/uploads\/2015\/05\/users_Redoffice_GTEA-Goglio-Oscar-imballaggio-2015-IpackIma-Expo.jpg","width":720,"height":478,"caption":"GTEA Goglio Oscar imballaggio 2015 IpackIma Expo"},{"@type":"BreadcrumbList","@id":"https:\/\/socialdesignmagazine.com\/mag\/green\/oscar-dellimballaggio-vinto-da-goglio-con-il-packaging-attivo-gtea\/#breadcrumb","itemListElement":[{"@type":"ListItem","position":1,"name":"Home","item":"https:\/\/socialdesignmagazine.com\/mag\/"},{"@type":"ListItem","position":2,"name":"Green","item":"https:\/\/socialdesignmagazine.com\/mag\/green\/"},{"@type":"ListItem","position":3,"name":"Oscar dell\u2019imballaggio vinto da Goglio con il packaging attivo GTea"}]},{"@type":"WebSite","@id":"https:\/\/socialdesignmagazine.com\/mag\/#website","url":"https:\/\/socialdesignmagazine.com\/mag\/","name":"Social Design Magazine","description":"Social Magazine su Design, Architettura, Arte, Grafica","publisher":{"@id":"https:\/\/socialdesignmagazine.com\/mag\/#organization"},"potentialAction":[{"@type":"SearchAction","target":{"@type":"EntryPoint","urlTemplate":"https:\/\/socialdesignmagazine.com\/mag\/?s={search_term_string}"},"query-input":{"@type":"PropertyValueSpecification","valueRequired":true,"valueName":"search_term_string"}}],"inLanguage":"it-IT"},{"@type":"Organization","@id":"https:\/\/socialdesignmagazine.com\/mag\/#organization","name":"Social Design Magazine","url":"https:\/\/socialdesignmagazine.com\/mag\/","logo":{"@type":"ImageObject","inLanguage":"it-IT","@id":"https:\/\/socialdesignmagazine.com\/mag\/#\/schema\/logo\/image\/","url":"https:\/\/socialdesignmagazine.com\/mag\/wp-content\/uploads\/2017\/01\/logo_favicon_11.png","contentUrl":"https:\/\/socialdesignmagazine.com\/mag\/wp-content\/uploads\/2017\/01\/logo_favicon_11.png","width":1024,"height":1024,"caption":"Social Design Magazine"},"image":{"@id":"https:\/\/socialdesignmagazine.com\/mag\/#\/schema\/logo\/image\/"},"sameAs":["https:\/\/www.facebook.com\/socialdesignmag","https:\/\/x.com\/socialdesignmag","http:\/\/instagram.com\/social_design_magazine\/","http:\/\/pinterest.com\/socialdesignmag\/","http:\/\/www.youtube.com\/user\/socialdesignmagazine"]},{"@type":"Person","@id":"https:\/\/socialdesignmagazine.com\/mag\/#\/schema\/person\/5bc135d52b5fe38a2e070eaa0aac06e5","name":"Redoffice Redoffice","image":{"@type":"ImageObject","inLanguage":"it-IT","@id":"https:\/\/secure.gravatar.com\/avatar\/c36d6a9996c6c4fd090dc95d26689503de6bd9618b3e8f113922b719aa3e08bf?s=96&d=mm&r=g","url":"https:\/\/secure.gravatar.com\/avatar\/c36d6a9996c6c4fd090dc95d26689503de6bd9618b3e8f113922b719aa3e08bf?s=96&d=mm&r=g","contentUrl":"https:\/\/secure.gravatar.com\/avatar\/c36d6a9996c6c4fd090dc95d26689503de6bd9618b3e8f113922b719aa3e08bf?s=96&d=mm&r=g","caption":"Redoffice Redoffice"},"url":"https:\/\/socialdesignmagazine.com\/mag\/author\/redoffice\/"}]}},"jetpack_featured_media_url":"https:\/\/socialdesignmagazine.com\/mag\/wp-content\/uploads\/2015\/05\/users_Redoffice_GTEA-Goglio-Oscar-imballaggio-2015-IpackIma-Expo.jpg","jetpack_sharing_enabled":true,"jetpack_shortlink":"https:\/\/wp.me\/p6cV7V-Z8","gt_translate_keys":[{"key":"link","format":"url"}],"_links":{"self":[{"href":"https:\/\/socialdesignmagazine.com\/mag\/wp-json\/wp\/v2\/posts\/3790","targetHints":{"allow":["GET"]}}],"collection":[{"href":"https:\/\/socialdesignmagazine.com\/mag\/wp-json\/wp\/v2\/posts"}],"about":[{"href":"https:\/\/socialdesignmagazine.com\/mag\/wp-json\/wp\/v2\/types\/post"}],"author":[{"embeddable":true,"href":"https:\/\/socialdesignmagazine.com\/mag\/wp-json\/wp\/v2\/users\/90"}],"replies":[{"embeddable":true,"href":"https:\/\/socialdesignmagazine.com\/mag\/wp-json\/wp\/v2\/comments?post=3790"}],"version-history":[{"count":2,"href":"https:\/\/socialdesignmagazine.com\/mag\/wp-json\/wp\/v2\/posts\/3790\/revisions"}],"predecessor-version":[{"id":64970,"href":"https:\/\/socialdesignmagazine.com\/mag\/wp-json\/wp\/v2\/posts\/3790\/revisions\/64970"}],"wp:featuredmedia":[{"embeddable":true,"href":"https:\/\/socialdesignmagazine.com\/mag\/wp-json\/wp\/v2\/media\/22195"}],"wp:attachment":[{"href":"https:\/\/socialdesignmagazine.com\/mag\/wp-json\/wp\/v2\/media?parent=3790"}],"wp:term":[{"taxonomy":"category","embeddable":true,"href":"https:\/\/socialdesignmagazine.com\/mag\/wp-json\/wp\/v2\/categories?post=3790"},{"taxonomy":"post_tag","embeddable":true,"href":"https:\/\/socialdesignmagazine.com\/mag\/wp-json\/wp\/v2\/tags?post=3790"}],"curies":[{"name":"wp","href":"https:\/\/api.w.org\/{rel}","templated":true}]}}