{"id":3794,"date":"2015-05-28T15:00:00","date_gmt":"2015-05-28T13:00:00","guid":{"rendered":"https:\/\/socialdesignmagazine.com\/mag\/s12-video\/c52-interview\/alessandro-pumpo-florence-design-week-2015-sdm-interview\/"},"modified":"2025-05-10T21:12:42","modified_gmt":"2025-05-10T19:12:42","slug":"alessandro-pumpo-florence-design-week-2015-sdm-interview","status":"publish","type":"post","link":"https:\/\/socialdesignmagazine.com\/mag\/interview\/alessandro-pumpo-florence-design-week-2015-sdm-interview\/","title":{"rendered":"Alessandro Pumpo, Florence Design Week 2015 &#8211; SDM Interview","gt_translate_keys":[{"key":"rendered","format":"text"}]},"content":{"rendered":"\n<figure class=\"wp-block-embed is-type-video is-provider-youtube wp-block-embed-youtube wp-embed-aspect-16-9 wp-has-aspect-ratio\"><div class=\"wp-block-embed__wrapper\">\n<iframe loading=\"lazy\" title=\"Alessandro Pumpo, Florence Design Week 2015 - SDM Interview\" width=\"500\" height=\"281\" src=\"https:\/\/www.youtube.com\/embed\/L0ZS6E93mk0?feature=oembed\" frameborder=\"0\" allow=\"accelerometer; autoplay; clipboard-write; encrypted-media; gyroscope; picture-in-picture; web-share\" referrerpolicy=\"strict-origin-when-cross-origin\" allowfullscreen><\/iframe>\n<\/div><\/figure>\n\n\n\n<h2 class=\"wp-block-heading\">Intervista con Alessandro Pumpo, presidente di Florence Design Week, al cocktail di apertura dell&#8217;edizione 2015.<\/h2>\n\n\n\n<p><\/p>\n","protected":false,"gt_translate_keys":[{"key":"rendered","format":"html"}]},"excerpt":{"rendered":"<p>Intervista con Alessandro Pumpo, presidente di Florence Design Week, al cocktail di apertura dell&#8217;edizione 2015.<\/p>\n","protected":false,"gt_translate_keys":[{"key":"rendered","format":"html"}]},"author":1,"featured_media":22203,"comment_status":"open","ping_status":"open","sticky":false,"template":"","format":"video","meta":{"jetpack_post_was_ever_published":false,"_jetpack_newsletter_access":"","_jetpack_dont_email_post_to_subs":false,"_jetpack_newsletter_tier_id":0,"_jetpack_memberships_contains_paywalled_content":false,"_jetpack_memberships_contains_paid_content":false,"footnotes":"","_wpscppro_dont_share_socialmedia":false,"_wpscppro_custom_social_share_image":0,"_facebook_share_type":"","_twitter_share_type":"","_linkedin_share_type":"","_pinterest_share_type":"","_linkedin_share_type_page":"","_instagram_share_type":"","_medium_share_type":"","_threads_share_type":"","_google_business_share_type":"","_selected_social_profile":[],"_wpsp_enable_custom_social_template":false,"_wpsp_social_scheduling":{"enabled":false,"datetime":null,"platforms":[],"status":"template_only","dateOption":"today","timeOption":"now","customDays":"","customHours":"","customDate":"","customTime":"","schedulingType":"absolute"},"_wpsp_active_default_template":true},"categories":[25],"tags":[1277,2216],"class_list":["post-3794","post","type-post","status-publish","format-video","has-post-thumbnail","hentry","category-interview","tag-florence-design-week","tag-intervista","post_format-post-format-video"],"yoast_head":"<!-- This site is optimized with the Yoast SEO plugin v27.2 - https:\/\/yoast.com\/product\/yoast-seo-wordpress\/ -->\n<title>Alessandro Pumpo, Florence Design Week 2015 - SDM Interview - Social Design Magazine<\/title>\n<meta name=\"description\" content=\"Intervista con Alessandro Pumpo, presidente di Florence Design Week, al cocktail di apertura dell&#039;edizione 2015 sulla terrazza dell&#039;Hotel Minerva di Firenze\" \/>\n<meta name=\"robots\" content=\"index, follow, max-snippet:-1, max-image-preview:large, max-video-preview:-1\" \/>\n<link rel=\"canonical\" href=\"https:\/\/socialdesignmagazine.com\/mag\/interview\/alessandro-pumpo-florence-design-week-2015-sdm-interview\/\" \/>\n<meta property=\"og:locale\" content=\"it_IT\" \/>\n<meta property=\"og:type\" content=\"article\" \/>\n<meta property=\"og:title\" content=\"Alessandro Pumpo, Florence Design Week 2015 - SDM Interview - Social Design Magazine\" \/>\n<meta property=\"og:description\" content=\"Intervista con Alessandro Pumpo, presidente di Florence Design Week, al cocktail di apertura dell&#039;edizione 2015 sulla terrazza dell&#039;Hotel Minerva di Firenze\" \/>\n<meta property=\"og:url\" content=\"http:\/\/socialdesignmagazine.com\/mag\/interview\/alessandro-pumpo-florence-design-week-2015-sdm-interview\/\" \/>\n<meta property=\"og:site_name\" content=\"Social Design Magazine\" \/>\n<meta property=\"article:publisher\" content=\"https:\/\/www.facebook.com\/socialdesignmag\" \/>\n<meta property=\"article:author\" content=\"https:\/\/www.facebook.com\/benedettofiori\" \/>\n<meta property=\"article:published_time\" content=\"2015-05-28T13:00:00+00:00\" \/>\n<meta property=\"article:modified_time\" content=\"2025-05-10T19:12:42+00:00\" \/>\n<meta property=\"og:image\" content=\"https:\/\/socialdesignmagazine.com\/mag\/wp-content\/uploads\/2015\/05\/benedetto_florence_design_week_2015_Alessandro_Pumpo__Florence_Design_Week_2015__SDM_Interview.jpg\" \/>\n\t<meta property=\"og:image:width\" content=\"847\" \/>\n\t<meta property=\"og:image:height\" content=\"473\" \/>\n\t<meta property=\"og:image:type\" content=\"image\/jpeg\" \/>\n<meta name=\"author\" content=\"Benedetto Fiori\" \/>\n<meta name=\"twitter:card\" content=\"summary_large_image\" \/>\n<meta name=\"twitter:creator\" content=\"@benedettofiori\" \/>\n<meta name=\"twitter:site\" content=\"@socialdesignmag\" \/>\n<meta name=\"twitter:label1\" content=\"Scritto da\" \/>\n\t<meta name=\"twitter:data1\" content=\"Benedetto Fiori\" \/>\n\t<meta name=\"twitter:label2\" content=\"Tempo di lettura stimato\" \/>\n\t<meta name=\"twitter:data2\" content=\"1 minuto\" \/>\n<script type=\"application\/ld+json\" class=\"yoast-schema-graph\">{\"@context\":\"https:\/\/schema.org\",\"@graph\":[{\"@type\":\"Article\",\"@id\":\"https:\/\/socialdesignmagazine.com\/mag\/interview\/alessandro-pumpo-florence-design-week-2015-sdm-interview\/#article\",\"isPartOf\":{\"@id\":\"https:\/\/socialdesignmagazine.com\/mag\/interview\/alessandro-pumpo-florence-design-week-2015-sdm-interview\/\"},\"author\":{\"name\":\"Benedetto Fiori\",\"@id\":\"https:\/\/socialdesignmagazine.com\/mag\/#\/schema\/person\/61e20205cc363c315e6aabd33a045846\"},\"headline\":\"Alessandro Pumpo, Florence Design Week 2015 &#8211; SDM Interview\",\"datePublished\":\"2015-05-28T13:00:00+00:00\",\"dateModified\":\"2025-05-10T19:12:42+00:00\",\"mainEntityOfPage\":{\"@id\":\"https:\/\/socialdesignmagazine.com\/mag\/interview\/alessandro-pumpo-florence-design-week-2015-sdm-interview\/\"},\"wordCount\":33,\"commentCount\":0,\"publisher\":{\"@id\":\"https:\/\/socialdesignmagazine.com\/mag\/#organization\"},\"image\":{\"@id\":\"https:\/\/socialdesignmagazine.com\/mag\/interview\/alessandro-pumpo-florence-design-week-2015-sdm-interview\/#primaryimage\"},\"thumbnailUrl\":\"https:\/\/socialdesignmagazine.com\/mag\/wp-content\/uploads\/2015\/05\/benedetto_florence_design_week_2015_Alessandro_Pumpo__Florence_Design_Week_2015__SDM_Interview.jpg\",\"keywords\":[\"florence design week\",\"intervista\"],\"articleSection\":[\"Interview\"],\"inLanguage\":\"it-IT\",\"potentialAction\":[{\"@type\":\"CommentAction\",\"name\":\"Comment\",\"target\":[\"https:\/\/socialdesignmagazine.com\/mag\/interview\/alessandro-pumpo-florence-design-week-2015-sdm-interview\/#respond\"]}]},{\"@type\":\"WebPage\",\"@id\":\"https:\/\/socialdesignmagazine.com\/mag\/interview\/alessandro-pumpo-florence-design-week-2015-sdm-interview\/\",\"url\":\"https:\/\/socialdesignmagazine.com\/mag\/interview\/alessandro-pumpo-florence-design-week-2015-sdm-interview\/\",\"name\":\"Alessandro Pumpo, Florence Design Week 2015 - SDM Interview - Social Design Magazine\",\"isPartOf\":{\"@id\":\"https:\/\/socialdesignmagazine.com\/mag\/#website\"},\"primaryImageOfPage\":{\"@id\":\"https:\/\/socialdesignmagazine.com\/mag\/interview\/alessandro-pumpo-florence-design-week-2015-sdm-interview\/#primaryimage\"},\"image\":{\"@id\":\"https:\/\/socialdesignmagazine.com\/mag\/interview\/alessandro-pumpo-florence-design-week-2015-sdm-interview\/#primaryimage\"},\"thumbnailUrl\":\"https:\/\/socialdesignmagazine.com\/mag\/wp-content\/uploads\/2015\/05\/benedetto_florence_design_week_2015_Alessandro_Pumpo__Florence_Design_Week_2015__SDM_Interview.jpg\",\"datePublished\":\"2015-05-28T13:00:00+00:00\",\"dateModified\":\"2025-05-10T19:12:42+00:00\",\"description\":\"Intervista con Alessandro Pumpo, presidente di Florence Design Week, al cocktail di apertura dell'edizione 2015 sulla terrazza dell'Hotel Minerva di Firenze\",\"breadcrumb\":{\"@id\":\"https:\/\/socialdesignmagazine.com\/mag\/interview\/alessandro-pumpo-florence-design-week-2015-sdm-interview\/#breadcrumb\"},\"inLanguage\":\"it-IT\",\"potentialAction\":[{\"@type\":\"ReadAction\",\"target\":[\"https:\/\/socialdesignmagazine.com\/mag\/interview\/alessandro-pumpo-florence-design-week-2015-sdm-interview\/\"]}]},{\"@type\":\"ImageObject\",\"inLanguage\":\"it-IT\",\"@id\":\"https:\/\/socialdesignmagazine.com\/mag\/interview\/alessandro-pumpo-florence-design-week-2015-sdm-interview\/#primaryimage\",\"url\":\"https:\/\/socialdesignmagazine.com\/mag\/wp-content\/uploads\/2015\/05\/benedetto_florence_design_week_2015_Alessandro_Pumpo__Florence_Design_Week_2015__SDM_Interview.jpg\",\"contentUrl\":\"https:\/\/socialdesignmagazine.com\/mag\/wp-content\/uploads\/2015\/05\/benedetto_florence_design_week_2015_Alessandro_Pumpo__Florence_Design_Week_2015__SDM_Interview.jpg\",\"width\":847,\"height\":473,\"caption\":\"Alessandro Pumpo Florence Design Week 2015 SDM Interview\"},{\"@type\":\"BreadcrumbList\",\"@id\":\"https:\/\/socialdesignmagazine.com\/mag\/interview\/alessandro-pumpo-florence-design-week-2015-sdm-interview\/#breadcrumb\",\"itemListElement\":[{\"@type\":\"ListItem\",\"position\":1,\"name\":\"Home\",\"item\":\"https:\/\/socialdesignmagazine.com\/mag\/\"},{\"@type\":\"ListItem\",\"position\":2,\"name\":\"Interview\",\"item\":\"https:\/\/socialdesignmagazine.com\/mag\/interview\/\"},{\"@type\":\"ListItem\",\"position\":3,\"name\":\"Alessandro Pumpo, Florence Design Week 2015 &#8211; SDM Interview\"}]},{\"@type\":\"WebSite\",\"@id\":\"https:\/\/socialdesignmagazine.com\/mag\/#website\",\"url\":\"https:\/\/socialdesignmagazine.com\/mag\/\",\"name\":\"Social Design Magazine\",\"description\":\"Social Magazine su Design, Architettura, Arte, Grafica\",\"publisher\":{\"@id\":\"https:\/\/socialdesignmagazine.com\/mag\/#organization\"},\"potentialAction\":[{\"@type\":\"SearchAction\",\"target\":{\"@type\":\"EntryPoint\",\"urlTemplate\":\"https:\/\/socialdesignmagazine.com\/mag\/?s={search_term_string}\"},\"query-input\":{\"@type\":\"PropertyValueSpecification\",\"valueRequired\":true,\"valueName\":\"search_term_string\"}}],\"inLanguage\":\"it-IT\"},{\"@type\":\"Organization\",\"@id\":\"https:\/\/socialdesignmagazine.com\/mag\/#organization\",\"name\":\"Social Design Magazine\",\"url\":\"https:\/\/socialdesignmagazine.com\/mag\/\",\"logo\":{\"@type\":\"ImageObject\",\"inLanguage\":\"it-IT\",\"@id\":\"https:\/\/socialdesignmagazine.com\/mag\/#\/schema\/logo\/image\/\",\"url\":\"https:\/\/socialdesignmagazine.com\/mag\/wp-content\/uploads\/2017\/01\/logo_favicon_11.png\",\"contentUrl\":\"https:\/\/socialdesignmagazine.com\/mag\/wp-content\/uploads\/2017\/01\/logo_favicon_11.png\",\"width\":1024,\"height\":1024,\"caption\":\"Social Design Magazine\"},\"image\":{\"@id\":\"https:\/\/socialdesignmagazine.com\/mag\/#\/schema\/logo\/image\/\"},\"sameAs\":[\"https:\/\/www.facebook.com\/socialdesignmag\",\"https:\/\/x.com\/socialdesignmag\",\"http:\/\/instagram.com\/social_design_magazine\/\",\"http:\/\/pinterest.com\/socialdesignmag\/\",\"http:\/\/www.youtube.com\/user\/socialdesignmagazine\"]},{\"@type\":\"Person\",\"@id\":\"https:\/\/socialdesignmagazine.com\/mag\/#\/schema\/person\/61e20205cc363c315e6aabd33a045846\",\"name\":\"Benedetto Fiori\",\"image\":{\"@type\":\"ImageObject\",\"inLanguage\":\"it-IT\",\"@id\":\"https:\/\/secure.gravatar.com\/avatar\/450a48cefa36da63d920ad70aa660bd10725b1c6093800242e5efdb397759033?s=96&d=mm&r=g\",\"url\":\"https:\/\/secure.gravatar.com\/avatar\/450a48cefa36da63d920ad70aa660bd10725b1c6093800242e5efdb397759033?s=96&d=mm&r=g\",\"contentUrl\":\"https:\/\/secure.gravatar.com\/avatar\/450a48cefa36da63d920ad70aa660bd10725b1c6093800242e5efdb397759033?s=96&d=mm&r=g\",\"caption\":\"Benedetto Fiori\"},\"description\":\"Web | Twitter | Facebook | Shutterstock Founder &amp; Editor in Chief di Social Design Magazine. Attratto da sempre da tutto ci\u00f2 che \u00e8 creativit\u00e0, design, architettura. Dopo aver studiato Architettura all'Universit\u00e0 di Firenze, si \u00e8 impegnato in molteplici campi: comunicazione grafica, progettazione di allestimenti fieristici, brand design, Interior Design.\",\"sameAs\":[\"http:\/\/benedettofiori.com\",\"https:\/\/www.facebook.com\/benedettofiori\",\"https:\/\/x.com\/benedettofiori\"],\"url\":\"https:\/\/socialdesignmagazine.com\/mag\/author\/benedetto\/\"}]}<\/script>\n<!-- \/ Yoast SEO plugin. -->","yoast_head_json":{"title":"Alessandro Pumpo, Florence Design Week 2015 - SDM Interview - Social Design Magazine","description":"Intervista con Alessandro Pumpo, presidente di Florence Design Week, al cocktail di apertura dell'edizione 2015 sulla terrazza dell'Hotel Minerva di Firenze","robots":{"index":"index","follow":"follow","max-snippet":"max-snippet:-1","max-image-preview":"max-image-preview:large","max-video-preview":"max-video-preview:-1"},"canonical":"https:\/\/socialdesignmagazine.com\/mag\/interview\/alessandro-pumpo-florence-design-week-2015-sdm-interview\/","og_locale":"it_IT","og_type":"article","og_title":"Alessandro Pumpo, Florence Design Week 2015 - SDM Interview - Social Design Magazine","og_description":"Intervista con Alessandro Pumpo, presidente di Florence Design Week, al cocktail di apertura dell'edizione 2015 sulla terrazza dell'Hotel Minerva di Firenze","og_url":"http:\/\/socialdesignmagazine.com\/mag\/interview\/alessandro-pumpo-florence-design-week-2015-sdm-interview\/","og_site_name":"Social Design Magazine","article_publisher":"https:\/\/www.facebook.com\/socialdesignmag","article_author":"https:\/\/www.facebook.com\/benedettofiori","article_published_time":"2015-05-28T13:00:00+00:00","article_modified_time":"2025-05-10T19:12:42+00:00","og_image":[{"width":847,"height":473,"url":"https:\/\/socialdesignmagazine.com\/mag\/wp-content\/uploads\/2015\/05\/benedetto_florence_design_week_2015_Alessandro_Pumpo__Florence_Design_Week_2015__SDM_Interview.jpg","type":"image\/jpeg"}],"author":"Benedetto Fiori","twitter_card":"summary_large_image","twitter_creator":"@benedettofiori","twitter_site":"@socialdesignmag","twitter_misc":{"Scritto da":"Benedetto Fiori","Tempo di lettura stimato":"1 minuto"},"schema":{"@context":"https:\/\/schema.org","@graph":[{"@type":"Article","@id":"https:\/\/socialdesignmagazine.com\/mag\/interview\/alessandro-pumpo-florence-design-week-2015-sdm-interview\/#article","isPartOf":{"@id":"https:\/\/socialdesignmagazine.com\/mag\/interview\/alessandro-pumpo-florence-design-week-2015-sdm-interview\/"},"author":{"name":"Benedetto Fiori","@id":"https:\/\/socialdesignmagazine.com\/mag\/#\/schema\/person\/61e20205cc363c315e6aabd33a045846"},"headline":"Alessandro Pumpo, Florence Design Week 2015 &#8211; SDM Interview","datePublished":"2015-05-28T13:00:00+00:00","dateModified":"2025-05-10T19:12:42+00:00","mainEntityOfPage":{"@id":"https:\/\/socialdesignmagazine.com\/mag\/interview\/alessandro-pumpo-florence-design-week-2015-sdm-interview\/"},"wordCount":33,"commentCount":0,"publisher":{"@id":"https:\/\/socialdesignmagazine.com\/mag\/#organization"},"image":{"@id":"https:\/\/socialdesignmagazine.com\/mag\/interview\/alessandro-pumpo-florence-design-week-2015-sdm-interview\/#primaryimage"},"thumbnailUrl":"https:\/\/socialdesignmagazine.com\/mag\/wp-content\/uploads\/2015\/05\/benedetto_florence_design_week_2015_Alessandro_Pumpo__Florence_Design_Week_2015__SDM_Interview.jpg","keywords":["florence design week","intervista"],"articleSection":["Interview"],"inLanguage":"it-IT","potentialAction":[{"@type":"CommentAction","name":"Comment","target":["https:\/\/socialdesignmagazine.com\/mag\/interview\/alessandro-pumpo-florence-design-week-2015-sdm-interview\/#respond"]}]},{"@type":"WebPage","@id":"https:\/\/socialdesignmagazine.com\/mag\/interview\/alessandro-pumpo-florence-design-week-2015-sdm-interview\/","url":"https:\/\/socialdesignmagazine.com\/mag\/interview\/alessandro-pumpo-florence-design-week-2015-sdm-interview\/","name":"Alessandro Pumpo, Florence Design Week 2015 - SDM Interview - Social Design Magazine","isPartOf":{"@id":"https:\/\/socialdesignmagazine.com\/mag\/#website"},"primaryImageOfPage":{"@id":"https:\/\/socialdesignmagazine.com\/mag\/interview\/alessandro-pumpo-florence-design-week-2015-sdm-interview\/#primaryimage"},"image":{"@id":"https:\/\/socialdesignmagazine.com\/mag\/interview\/alessandro-pumpo-florence-design-week-2015-sdm-interview\/#primaryimage"},"thumbnailUrl":"https:\/\/socialdesignmagazine.com\/mag\/wp-content\/uploads\/2015\/05\/benedetto_florence_design_week_2015_Alessandro_Pumpo__Florence_Design_Week_2015__SDM_Interview.jpg","datePublished":"2015-05-28T13:00:00+00:00","dateModified":"2025-05-10T19:12:42+00:00","description":"Intervista con Alessandro Pumpo, presidente di Florence Design Week, al cocktail di apertura dell'edizione 2015 sulla terrazza dell'Hotel Minerva di Firenze","breadcrumb":{"@id":"https:\/\/socialdesignmagazine.com\/mag\/interview\/alessandro-pumpo-florence-design-week-2015-sdm-interview\/#breadcrumb"},"inLanguage":"it-IT","potentialAction":[{"@type":"ReadAction","target":["https:\/\/socialdesignmagazine.com\/mag\/interview\/alessandro-pumpo-florence-design-week-2015-sdm-interview\/"]}]},{"@type":"ImageObject","inLanguage":"it-IT","@id":"https:\/\/socialdesignmagazine.com\/mag\/interview\/alessandro-pumpo-florence-design-week-2015-sdm-interview\/#primaryimage","url":"https:\/\/socialdesignmagazine.com\/mag\/wp-content\/uploads\/2015\/05\/benedetto_florence_design_week_2015_Alessandro_Pumpo__Florence_Design_Week_2015__SDM_Interview.jpg","contentUrl":"https:\/\/socialdesignmagazine.com\/mag\/wp-content\/uploads\/2015\/05\/benedetto_florence_design_week_2015_Alessandro_Pumpo__Florence_Design_Week_2015__SDM_Interview.jpg","width":847,"height":473,"caption":"Alessandro Pumpo Florence Design Week 2015 SDM Interview"},{"@type":"BreadcrumbList","@id":"https:\/\/socialdesignmagazine.com\/mag\/interview\/alessandro-pumpo-florence-design-week-2015-sdm-interview\/#breadcrumb","itemListElement":[{"@type":"ListItem","position":1,"name":"Home","item":"https:\/\/socialdesignmagazine.com\/mag\/"},{"@type":"ListItem","position":2,"name":"Interview","item":"https:\/\/socialdesignmagazine.com\/mag\/interview\/"},{"@type":"ListItem","position":3,"name":"Alessandro Pumpo, Florence Design Week 2015 &#8211; SDM Interview"}]},{"@type":"WebSite","@id":"https:\/\/socialdesignmagazine.com\/mag\/#website","url":"https:\/\/socialdesignmagazine.com\/mag\/","name":"Social Design Magazine","description":"Social Magazine su Design, Architettura, Arte, Grafica","publisher":{"@id":"https:\/\/socialdesignmagazine.com\/mag\/#organization"},"potentialAction":[{"@type":"SearchAction","target":{"@type":"EntryPoint","urlTemplate":"https:\/\/socialdesignmagazine.com\/mag\/?s={search_term_string}"},"query-input":{"@type":"PropertyValueSpecification","valueRequired":true,"valueName":"search_term_string"}}],"inLanguage":"it-IT"},{"@type":"Organization","@id":"https:\/\/socialdesignmagazine.com\/mag\/#organization","name":"Social Design Magazine","url":"https:\/\/socialdesignmagazine.com\/mag\/","logo":{"@type":"ImageObject","inLanguage":"it-IT","@id":"https:\/\/socialdesignmagazine.com\/mag\/#\/schema\/logo\/image\/","url":"https:\/\/socialdesignmagazine.com\/mag\/wp-content\/uploads\/2017\/01\/logo_favicon_11.png","contentUrl":"https:\/\/socialdesignmagazine.com\/mag\/wp-content\/uploads\/2017\/01\/logo_favicon_11.png","width":1024,"height":1024,"caption":"Social Design Magazine"},"image":{"@id":"https:\/\/socialdesignmagazine.com\/mag\/#\/schema\/logo\/image\/"},"sameAs":["https:\/\/www.facebook.com\/socialdesignmag","https:\/\/x.com\/socialdesignmag","http:\/\/instagram.com\/social_design_magazine\/","http:\/\/pinterest.com\/socialdesignmag\/","http:\/\/www.youtube.com\/user\/socialdesignmagazine"]},{"@type":"Person","@id":"https:\/\/socialdesignmagazine.com\/mag\/#\/schema\/person\/61e20205cc363c315e6aabd33a045846","name":"Benedetto Fiori","image":{"@type":"ImageObject","inLanguage":"it-IT","@id":"https:\/\/secure.gravatar.com\/avatar\/450a48cefa36da63d920ad70aa660bd10725b1c6093800242e5efdb397759033?s=96&d=mm&r=g","url":"https:\/\/secure.gravatar.com\/avatar\/450a48cefa36da63d920ad70aa660bd10725b1c6093800242e5efdb397759033?s=96&d=mm&r=g","contentUrl":"https:\/\/secure.gravatar.com\/avatar\/450a48cefa36da63d920ad70aa660bd10725b1c6093800242e5efdb397759033?s=96&d=mm&r=g","caption":"Benedetto Fiori"},"description":"Web | Twitter | Facebook | Shutterstock Founder &amp; Editor in Chief di Social Design Magazine. Attratto da sempre da tutto ci\u00f2 che \u00e8 creativit\u00e0, design, architettura. Dopo aver studiato Architettura all'Universit\u00e0 di Firenze, si \u00e8 impegnato in molteplici campi: comunicazione grafica, progettazione di allestimenti fieristici, brand design, Interior Design.","sameAs":["http:\/\/benedettofiori.com","https:\/\/www.facebook.com\/benedettofiori","https:\/\/x.com\/benedettofiori"],"url":"https:\/\/socialdesignmagazine.com\/mag\/author\/benedetto\/"}]}},"jetpack_featured_media_url":"https:\/\/socialdesignmagazine.com\/mag\/wp-content\/uploads\/2015\/05\/benedetto_florence_design_week_2015_Alessandro_Pumpo__Florence_Design_Week_2015__SDM_Interview.jpg","jetpack_sharing_enabled":true,"jetpack_shortlink":"https:\/\/wp.me\/p6cV7V-Zc","gt_translate_keys":[{"key":"link","format":"url"}],"_links":{"self":[{"href":"https:\/\/socialdesignmagazine.com\/mag\/wp-json\/wp\/v2\/posts\/3794","targetHints":{"allow":["GET"]}}],"collection":[{"href":"https:\/\/socialdesignmagazine.com\/mag\/wp-json\/wp\/v2\/posts"}],"about":[{"href":"https:\/\/socialdesignmagazine.com\/mag\/wp-json\/wp\/v2\/types\/post"}],"author":[{"embeddable":true,"href":"https:\/\/socialdesignmagazine.com\/mag\/wp-json\/wp\/v2\/users\/1"}],"replies":[{"embeddable":true,"href":"https:\/\/socialdesignmagazine.com\/mag\/wp-json\/wp\/v2\/comments?post=3794"}],"version-history":[{"count":2,"href":"https:\/\/socialdesignmagazine.com\/mag\/wp-json\/wp\/v2\/posts\/3794\/revisions"}],"predecessor-version":[{"id":64971,"href":"https:\/\/socialdesignmagazine.com\/mag\/wp-json\/wp\/v2\/posts\/3794\/revisions\/64971"}],"wp:featuredmedia":[{"embeddable":true,"href":"https:\/\/socialdesignmagazine.com\/mag\/wp-json\/wp\/v2\/media\/22203"}],"wp:attachment":[{"href":"https:\/\/socialdesignmagazine.com\/mag\/wp-json\/wp\/v2\/media?parent=3794"}],"wp:term":[{"taxonomy":"category","embeddable":true,"href":"https:\/\/socialdesignmagazine.com\/mag\/wp-json\/wp\/v2\/categories?post=3794"},{"taxonomy":"post_tag","embeddable":true,"href":"https:\/\/socialdesignmagazine.com\/mag\/wp-json\/wp\/v2\/tags?post=3794"}],"curies":[{"name":"wp","href":"https:\/\/api.w.org\/{rel}","templated":true}]}}