{"id":38039,"date":"2019-08-25T13:04:37","date_gmt":"2019-08-25T11:04:37","guid":{"rendered":"https:\/\/socialdesignmagazine.com\/mag\/?p=38039"},"modified":"2019-08-23T22:06:18","modified_gmt":"2019-08-23T20:06:18","slug":"francesco-lucchese-per-selva-nascono-la-poltroncina-e-la-poltrona-lucrezia","status":"publish","type":"post","link":"https:\/\/socialdesignmagazine.com\/mag\/design\/francesco-lucchese-per-selva-nascono-la-poltroncina-e-la-poltrona-lucrezia\/","title":{"rendered":"Francesco Lucchese per Selva: nascono la Poltroncina e la Poltrona Lucrezia","gt_translate_keys":[{"key":"rendered","format":"text"}]},"content":{"rendered":"\n<p>L\u2019imbottito \u00e8 glamour: lo sa bene Selva che ha inserito nelle proprie proposte di design una poltroncina e una poltrona disegnate da Francesco Lucchese. <\/p>\n\n\n\n<p>La serie dell\u2019architetto e designer italiano per Selva \u00e8 costituita da poltrona e poltroncina ed \u00e8 caratterizzata da una linea che, seppur presenta segni di memoria, rimane fortemente attuale, con una forma morbida e avvolgente. La poltroncina (cm L 67 &#8211; P 65 &#8211; H 81\/51) presenta un cuscino morbido e aereo, posizionato su un cavalletto di prestigio. Lo schienale diventa l\u2019elemento caratterizzante: \u00e8 una sorta di guscio elegante, realizzato con soffice imbottitura verso l\u2019interno, che accompagna la forma rotonda del cuscino sino ad inglobarlo. Un gesto che richiama l\u2019idea di un abbraccio, un effetto cocoon che accoglie la persona. Disponibile in tessuto, velluto o pelle, presenta una struttura in frassino (finiture Ash Dark, Ash Tobacco, Ash White).<\/p>\n\n\n\n<p>La poltrona (cm L 82 &#8211; P 82 &#8211; H 74\/43) propone una seduta pozzetto, in cui schienale e cuscino si allungano fino a terra. Il cuscino richiama l\u2019idea di un pouf, avvolto ancora una volta da uno schienale meno coprente, ma pi\u00f9 bombato e soffice, sia agli occhi che al tatto. Un arredo iconico che trasforma lo spazio circostante in pura tendenza, attraverso una perfetta armonia di materiali e tonalit\u00e0. La raffinata praticit\u00e0 di questa poltrona valorizza il piacere di dedicare del tempo a s\u00e9, in un mood di grande relax e ricerca del design.<\/p>\n\n\n\n<p>La serie nasce per avere nella customizzazione pi\u00f9 opportunit\u00e0, pi\u00f9 varianti, pi\u00f9 destinazioni d\u2019uso. La poltrona e la poltroncina sono perfette sia per una seduta temporanea o pi\u00f9 lunga e rilassata, ed anche per spazi differenti come la zona lounge di un hotel, ma anche il living di una casa privata.<\/p>\n\n\n\n<ul class=\"wp-block-gallery columns-1 is-cropped wp-block-gallery-1 is-layout-flex wp-block-gallery-is-layout-flex\"><li class=\"blocks-gallery-item\"><figure><img loading=\"lazy\" decoding=\"async\" width=\"967\" height=\"618\" data-attachment-id=\"38041\" data-permalink=\"https:\/\/socialdesignmagazine.com\/mag\/design\/francesco-lucchese-per-selva-nascono-la-poltroncina-e-la-poltrona-lucrezia\/attachment\/selva-lucchese-0-jpg\/#content\" data-orig-file=\"https:\/\/socialdesignmagazine.com\/mag\/wp-content\/uploads\/2019\/07\/selva-lucchese-0.jpg\" data-orig-size=\"967,618\" data-comments-opened=\"1\" data-image-meta=\"{&quot;aperture&quot;:&quot;0&quot;,&quot;credit&quot;:&quot;&quot;,&quot;camera&quot;:&quot;&quot;,&quot;caption&quot;:&quot;&quot;,&quot;created_timestamp&quot;:&quot;0&quot;,&quot;copyright&quot;:&quot;&quot;,&quot;focal_length&quot;:&quot;0&quot;,&quot;iso&quot;:&quot;0&quot;,&quot;shutter_speed&quot;:&quot;0&quot;,&quot;title&quot;:&quot;&quot;,&quot;orientation&quot;:&quot;0&quot;}\" data-image-title=\"selva-lucchese-0.jpg\" data-image-description=\"\" data-image-caption=\"\" data-medium-file=\"https:\/\/socialdesignmagazine.com\/mag\/wp-content\/uploads\/2019\/07\/selva-lucchese-0-438x283.jpg\" data-large-file=\"https:\/\/socialdesignmagazine.com\/mag\/wp-content\/uploads\/2019\/07\/selva-lucchese-0.jpg\" src=\"https:\/\/socialdesignmagazine.com\/mag\/wp-content\/uploads\/2019\/07\/selva-lucchese-0.jpg\" alt=\"\" data-id=\"38041\" data-link=\"https:\/\/socialdesignmagazine.com\/mag\/?attachment_id=38041#content\" class=\"wp-image-38041\" srcset=\"https:\/\/socialdesignmagazine.com\/mag\/wp-content\/uploads\/2019\/07\/selva-lucchese-0.jpg 967w, https:\/\/socialdesignmagazine.com\/mag\/wp-content\/uploads\/2019\/07\/selva-lucchese-0-768x491.jpg 768w\" sizes=\"auto, (max-width: 967px) 100vw, 967px\" \/><\/figure><\/li><li class=\"blocks-gallery-item\"><figure><img loading=\"lazy\" decoding=\"async\" width=\"880\" height=\"1008\" data-attachment-id=\"38043\" data-permalink=\"https:\/\/socialdesignmagazine.com\/mag\/design\/francesco-lucchese-per-selva-nascono-la-poltroncina-e-la-poltrona-lucrezia\/attachment\/poltroncina_b-2-jpg\/#content\" data-orig-file=\"https:\/\/socialdesignmagazine.com\/mag\/wp-content\/uploads\/2019\/07\/poltroncina_b-2.jpg\" data-orig-size=\"880,1008\" data-comments-opened=\"1\" data-image-meta=\"{&quot;aperture&quot;:&quot;0&quot;,&quot;credit&quot;:&quot;&quot;,&quot;camera&quot;:&quot;&quot;,&quot;caption&quot;:&quot;&quot;,&quot;created_timestamp&quot;:&quot;0&quot;,&quot;copyright&quot;:&quot;&quot;,&quot;focal_length&quot;:&quot;0&quot;,&quot;iso&quot;:&quot;0&quot;,&quot;shutter_speed&quot;:&quot;0&quot;,&quot;title&quot;:&quot;&quot;,&quot;orientation&quot;:&quot;0&quot;}\" data-image-title=\"poltroncina_b-2.jpg\" data-image-description=\"\" data-image-caption=\"\" data-medium-file=\"https:\/\/socialdesignmagazine.com\/mag\/wp-content\/uploads\/2019\/07\/poltroncina_b-2-438x283.jpg\" data-large-file=\"https:\/\/socialdesignmagazine.com\/mag\/wp-content\/uploads\/2019\/07\/poltroncina_b-2.jpg\" src=\"https:\/\/socialdesignmagazine.com\/mag\/wp-content\/uploads\/2019\/07\/poltroncina_b-2.jpg\" alt=\"\" data-id=\"38043\" data-link=\"https:\/\/socialdesignmagazine.com\/mag\/?attachment_id=38043#content\" class=\"wp-image-38043\" srcset=\"https:\/\/socialdesignmagazine.com\/mag\/wp-content\/uploads\/2019\/07\/poltroncina_b-2.jpg 880w, https:\/\/socialdesignmagazine.com\/mag\/wp-content\/uploads\/2019\/07\/poltroncina_b-2-768x880.jpg 768w\" sizes=\"auto, (max-width: 880px) 100vw, 880px\" \/><\/figure><\/li><li class=\"blocks-gallery-item\"><figure><img loading=\"lazy\" decoding=\"async\" width=\"880\" height=\"975\" data-attachment-id=\"38042\" data-permalink=\"https:\/\/socialdesignmagazine.com\/mag\/design\/francesco-lucchese-per-selva-nascono-la-poltroncina-e-la-poltrona-lucrezia\/attachment\/poltrona_b-1-jpg\/#content\" data-orig-file=\"https:\/\/socialdesignmagazine.com\/mag\/wp-content\/uploads\/2019\/07\/poltrona_b-1.jpg\" data-orig-size=\"880,975\" data-comments-opened=\"1\" data-image-meta=\"{&quot;aperture&quot;:&quot;0&quot;,&quot;credit&quot;:&quot;&quot;,&quot;camera&quot;:&quot;&quot;,&quot;caption&quot;:&quot;&quot;,&quot;created_timestamp&quot;:&quot;0&quot;,&quot;copyright&quot;:&quot;&quot;,&quot;focal_length&quot;:&quot;0&quot;,&quot;iso&quot;:&quot;0&quot;,&quot;shutter_speed&quot;:&quot;0&quot;,&quot;title&quot;:&quot;&quot;,&quot;orientation&quot;:&quot;0&quot;}\" data-image-title=\"poltrona_b-1.jpg\" data-image-description=\"\" data-image-caption=\"\" data-medium-file=\"https:\/\/socialdesignmagazine.com\/mag\/wp-content\/uploads\/2019\/07\/poltrona_b-1-438x283.jpg\" data-large-file=\"https:\/\/socialdesignmagazine.com\/mag\/wp-content\/uploads\/2019\/07\/poltrona_b-1.jpg\" src=\"https:\/\/socialdesignmagazine.com\/mag\/wp-content\/uploads\/2019\/07\/poltrona_b-1.jpg\" alt=\"\" data-id=\"38042\" data-link=\"https:\/\/socialdesignmagazine.com\/mag\/?attachment_id=38042#content\" class=\"wp-image-38042\" srcset=\"https:\/\/socialdesignmagazine.com\/mag\/wp-content\/uploads\/2019\/07\/poltrona_b-1.jpg 880w, https:\/\/socialdesignmagazine.com\/mag\/wp-content\/uploads\/2019\/07\/poltrona_b-1-768x851.jpg 768w\" sizes=\"auto, (max-width: 880px) 100vw, 880px\" \/><\/figure><\/li><\/ul>\n\n\n\n<p> <a rel=\"nofollow\" href=\"http:\/\/www.selva.com\">www.selva.com<\/a><\/p>\n","protected":false,"gt_translate_keys":[{"key":"rendered","format":"html"}]},"excerpt":{"rendered":"<p>La serie dell\u2019architetto e designer italiano per Selva \u00e8 costituita da poltrona e poltroncina ed \u00e8 caratterizzata da una linea che, rimane fortemente attuale, con una forma morbida e avvolgente. <\/p>\n","protected":false,"gt_translate_keys":[{"key":"rendered","format":"html"}]},"author":756,"featured_media":38043,"comment_status":"open","ping_status":"open","sticky":false,"template":"","format":"standard","meta":{"jetpack_post_was_ever_published":false,"_jetpack_newsletter_access":"","_jetpack_dont_email_post_to_subs":false,"_jetpack_newsletter_tier_id":0,"_jetpack_memberships_contains_paywalled_content":false,"_jetpack_memberships_contains_paid_content":false,"footnotes":"","_wpscppro_dont_share_socialmedia":false,"_wpscppro_custom_social_share_image":0,"_facebook_share_type":"","_twitter_share_type":"","_linkedin_share_type":"","_pinterest_share_type":"","_linkedin_share_type_page":"","_instagram_share_type":"","_medium_share_type":"","_threads_share_type":"","_google_business_share_type":"","_selected_social_profile":[],"_wpsp_enable_custom_social_template":false,"_wpsp_social_scheduling":{"enabled":false,"datetime":null,"platforms":[],"status":"template_only","dateOption":"today","timeOption":"now","customDays":"","customHours":"","customDate":"","customTime":"","schedulingType":"absolute"},"_wpsp_active_default_template":true},"categories":[13],"tags":[5875,5876,53,5493,5452,1062,1860,5846],"class_list":["post-38039","post","type-post","status-publish","format-standard","has-post-thumbnail","hentry","category-design","tag-francesco-lucchese","tag-imbottitura","tag-living","tag-lounge","tag-lucchesedesign","tag-poltrona","tag-poltroncina","tag-selva"],"yoast_head":"<!-- This site is optimized with the Yoast SEO plugin v27.2 - https:\/\/yoast.com\/product\/yoast-seo-wordpress\/ -->\n<title>Francesco Lucchese per Selva: nascono la Poltroncina e la Poltrona Lucrezia - Social Design Magazine<\/title>\n<meta name=\"description\" content=\"La serie dell\u2019architetto e designer italiano per Selva \u00e8 costituita da poltrona e poltroncina ed \u00e8 caratterizzata da una linea che, rimane fortemente attuale, con una forma morbida e avvolgente.\" \/>\n<meta name=\"robots\" content=\"index, follow, max-snippet:-1, max-image-preview:large, max-video-preview:-1\" \/>\n<link rel=\"canonical\" href=\"https:\/\/socialdesignmagazine.com\/mag\/design\/francesco-lucchese-per-selva-nascono-la-poltroncina-e-la-poltrona-lucrezia\/\" \/>\n<meta property=\"og:locale\" content=\"it_IT\" \/>\n<meta property=\"og:type\" content=\"article\" \/>\n<meta property=\"og:title\" content=\"Francesco Lucchese per Selva: nascono la Poltroncina e la Poltrona Lucrezia - Social Design Magazine\" \/>\n<meta property=\"og:description\" content=\"La serie dell\u2019architetto e designer italiano per Selva \u00e8 costituita da poltrona e poltroncina ed \u00e8 caratterizzata da una linea che, rimane fortemente attuale, con una forma morbida e avvolgente.\" \/>\n<meta property=\"og:url\" content=\"http:\/\/socialdesignmagazine.com\/mag\/design\/francesco-lucchese-per-selva-nascono-la-poltroncina-e-la-poltrona-lucrezia\/\" \/>\n<meta property=\"og:site_name\" content=\"Social Design Magazine\" \/>\n<meta property=\"article:publisher\" content=\"https:\/\/www.facebook.com\/socialdesignmag\" \/>\n<meta property=\"article:published_time\" content=\"2019-08-25T11:04:37+00:00\" \/>\n<meta property=\"og:image\" content=\"https:\/\/socialdesignmagazine.com\/mag\/wp-content\/uploads\/2019\/07\/poltroncina_b-2.jpg\" \/>\n\t<meta property=\"og:image:width\" content=\"880\" \/>\n\t<meta property=\"og:image:height\" content=\"1008\" \/>\n\t<meta property=\"og:image:type\" content=\"image\/jpeg\" \/>\n<meta name=\"author\" content=\"terzomillennium\" \/>\n<meta name=\"twitter:card\" content=\"summary_large_image\" \/>\n<meta name=\"twitter:creator\" content=\"@socialdesignmag\" \/>\n<meta name=\"twitter:site\" content=\"@socialdesignmag\" \/>\n<meta name=\"twitter:label1\" content=\"Scritto da\" \/>\n\t<meta name=\"twitter:data1\" content=\"terzomillennium\" \/>\n\t<meta name=\"twitter:label2\" content=\"Tempo di lettura stimato\" \/>\n\t<meta name=\"twitter:data2\" content=\"1 minuto\" \/>\n<script type=\"application\/ld+json\" class=\"yoast-schema-graph\">{\"@context\":\"https:\/\/schema.org\",\"@graph\":[{\"@type\":\"Article\",\"@id\":\"https:\/\/socialdesignmagazine.com\/mag\/design\/francesco-lucchese-per-selva-nascono-la-poltroncina-e-la-poltrona-lucrezia\/#article\",\"isPartOf\":{\"@id\":\"https:\/\/socialdesignmagazine.com\/mag\/design\/francesco-lucchese-per-selva-nascono-la-poltroncina-e-la-poltrona-lucrezia\/\"},\"author\":{\"name\":\"terzomillennium\",\"@id\":\"https:\/\/socialdesignmagazine.com\/mag\/#\/schema\/person\/4391359e89191fca2cbe5960753c1857\"},\"headline\":\"Francesco Lucchese per Selva: nascono la Poltroncina e la Poltrona Lucrezia\",\"datePublished\":\"2019-08-25T11:04:37+00:00\",\"mainEntityOfPage\":{\"@id\":\"https:\/\/socialdesignmagazine.com\/mag\/design\/francesco-lucchese-per-selva-nascono-la-poltroncina-e-la-poltrona-lucrezia\/\"},\"wordCount\":300,\"commentCount\":0,\"publisher\":{\"@id\":\"https:\/\/socialdesignmagazine.com\/mag\/#organization\"},\"image\":{\"@id\":\"https:\/\/socialdesignmagazine.com\/mag\/design\/francesco-lucchese-per-selva-nascono-la-poltroncina-e-la-poltrona-lucrezia\/#primaryimage\"},\"thumbnailUrl\":\"https:\/\/socialdesignmagazine.com\/mag\/wp-content\/uploads\/2019\/07\/poltroncina_b-2.jpg\",\"keywords\":[\"francesco lucchese\",\"imbottitura\",\"living\",\"lounge\",\"lucchesedesign\",\"poltrona\",\"poltroncina\",\"selva\"],\"articleSection\":[\"Design\"],\"inLanguage\":\"it-IT\",\"potentialAction\":[{\"@type\":\"CommentAction\",\"name\":\"Comment\",\"target\":[\"https:\/\/socialdesignmagazine.com\/mag\/design\/francesco-lucchese-per-selva-nascono-la-poltroncina-e-la-poltrona-lucrezia\/#respond\"]}]},{\"@type\":\"WebPage\",\"@id\":\"https:\/\/socialdesignmagazine.com\/mag\/design\/francesco-lucchese-per-selva-nascono-la-poltroncina-e-la-poltrona-lucrezia\/\",\"url\":\"https:\/\/socialdesignmagazine.com\/mag\/design\/francesco-lucchese-per-selva-nascono-la-poltroncina-e-la-poltrona-lucrezia\/\",\"name\":\"Francesco Lucchese per Selva: nascono la Poltroncina e la Poltrona Lucrezia - Social Design Magazine\",\"isPartOf\":{\"@id\":\"https:\/\/socialdesignmagazine.com\/mag\/#website\"},\"primaryImageOfPage\":{\"@id\":\"https:\/\/socialdesignmagazine.com\/mag\/design\/francesco-lucchese-per-selva-nascono-la-poltroncina-e-la-poltrona-lucrezia\/#primaryimage\"},\"image\":{\"@id\":\"https:\/\/socialdesignmagazine.com\/mag\/design\/francesco-lucchese-per-selva-nascono-la-poltroncina-e-la-poltrona-lucrezia\/#primaryimage\"},\"thumbnailUrl\":\"https:\/\/socialdesignmagazine.com\/mag\/wp-content\/uploads\/2019\/07\/poltroncina_b-2.jpg\",\"datePublished\":\"2019-08-25T11:04:37+00:00\",\"description\":\"La serie dell\u2019architetto e designer italiano per Selva \u00e8 costituita da poltrona e poltroncina ed \u00e8 caratterizzata da una linea che, rimane fortemente attuale, con una forma morbida e avvolgente.\",\"breadcrumb\":{\"@id\":\"https:\/\/socialdesignmagazine.com\/mag\/design\/francesco-lucchese-per-selva-nascono-la-poltroncina-e-la-poltrona-lucrezia\/#breadcrumb\"},\"inLanguage\":\"it-IT\",\"potentialAction\":[{\"@type\":\"ReadAction\",\"target\":[\"https:\/\/socialdesignmagazine.com\/mag\/design\/francesco-lucchese-per-selva-nascono-la-poltroncina-e-la-poltrona-lucrezia\/\"]}]},{\"@type\":\"ImageObject\",\"inLanguage\":\"it-IT\",\"@id\":\"https:\/\/socialdesignmagazine.com\/mag\/design\/francesco-lucchese-per-selva-nascono-la-poltroncina-e-la-poltrona-lucrezia\/#primaryimage\",\"url\":\"https:\/\/socialdesignmagazine.com\/mag\/wp-content\/uploads\/2019\/07\/poltroncina_b-2.jpg\",\"contentUrl\":\"https:\/\/socialdesignmagazine.com\/mag\/wp-content\/uploads\/2019\/07\/poltroncina_b-2.jpg\",\"width\":880,\"height\":1008},{\"@type\":\"BreadcrumbList\",\"@id\":\"https:\/\/socialdesignmagazine.com\/mag\/design\/francesco-lucchese-per-selva-nascono-la-poltroncina-e-la-poltrona-lucrezia\/#breadcrumb\",\"itemListElement\":[{\"@type\":\"ListItem\",\"position\":1,\"name\":\"Home\",\"item\":\"https:\/\/socialdesignmagazine.com\/mag\/\"},{\"@type\":\"ListItem\",\"position\":2,\"name\":\"Design\",\"item\":\"https:\/\/socialdesignmagazine.com\/mag\/design\/\"},{\"@type\":\"ListItem\",\"position\":3,\"name\":\"Francesco Lucchese per Selva: nascono la Poltroncina e la Poltrona Lucrezia\"}]},{\"@type\":\"WebSite\",\"@id\":\"https:\/\/socialdesignmagazine.com\/mag\/#website\",\"url\":\"https:\/\/socialdesignmagazine.com\/mag\/\",\"name\":\"Social Design Magazine\",\"description\":\"Social Magazine su Design, Architettura, Arte, Grafica\",\"publisher\":{\"@id\":\"https:\/\/socialdesignmagazine.com\/mag\/#organization\"},\"potentialAction\":[{\"@type\":\"SearchAction\",\"target\":{\"@type\":\"EntryPoint\",\"urlTemplate\":\"https:\/\/socialdesignmagazine.com\/mag\/?s={search_term_string}\"},\"query-input\":{\"@type\":\"PropertyValueSpecification\",\"valueRequired\":true,\"valueName\":\"search_term_string\"}}],\"inLanguage\":\"it-IT\"},{\"@type\":\"Organization\",\"@id\":\"https:\/\/socialdesignmagazine.com\/mag\/#organization\",\"name\":\"Social Design Magazine\",\"url\":\"https:\/\/socialdesignmagazine.com\/mag\/\",\"logo\":{\"@type\":\"ImageObject\",\"inLanguage\":\"it-IT\",\"@id\":\"https:\/\/socialdesignmagazine.com\/mag\/#\/schema\/logo\/image\/\",\"url\":\"https:\/\/socialdesignmagazine.com\/mag\/wp-content\/uploads\/2017\/01\/logo_favicon_11.png\",\"contentUrl\":\"https:\/\/socialdesignmagazine.com\/mag\/wp-content\/uploads\/2017\/01\/logo_favicon_11.png\",\"width\":1024,\"height\":1024,\"caption\":\"Social Design Magazine\"},\"image\":{\"@id\":\"https:\/\/socialdesignmagazine.com\/mag\/#\/schema\/logo\/image\/\"},\"sameAs\":[\"https:\/\/www.facebook.com\/socialdesignmag\",\"https:\/\/x.com\/socialdesignmag\",\"http:\/\/instagram.com\/social_design_magazine\/\",\"http:\/\/pinterest.com\/socialdesignmag\/\",\"http:\/\/www.youtube.com\/user\/socialdesignmagazine\"]},{\"@type\":\"Person\",\"@id\":\"https:\/\/socialdesignmagazine.com\/mag\/#\/schema\/person\/4391359e89191fca2cbe5960753c1857\",\"name\":\"terzomillennium\",\"image\":{\"@type\":\"ImageObject\",\"inLanguage\":\"it-IT\",\"@id\":\"https:\/\/secure.gravatar.com\/avatar\/ea9a9234dcfe53cb5e7d8d2915b94a3b7c61dcc3297b735725d1304ebdb7e9b7?s=96&d=mm&r=g\",\"url\":\"https:\/\/secure.gravatar.com\/avatar\/ea9a9234dcfe53cb5e7d8d2915b94a3b7c61dcc3297b735725d1304ebdb7e9b7?s=96&d=mm&r=g\",\"contentUrl\":\"https:\/\/secure.gravatar.com\/avatar\/ea9a9234dcfe53cb5e7d8d2915b94a3b7c61dcc3297b735725d1304ebdb7e9b7?s=96&d=mm&r=g\",\"caption\":\"terzomillennium\"},\"url\":\"https:\/\/socialdesignmagazine.com\/mag\/author\/terzomillennium\/\"}]}<\/script>\n<!-- \/ Yoast SEO plugin. -->","yoast_head_json":{"title":"Francesco Lucchese per Selva: nascono la Poltroncina e la Poltrona Lucrezia - Social Design Magazine","description":"La serie dell\u2019architetto e designer italiano per Selva \u00e8 costituita da poltrona e poltroncina ed \u00e8 caratterizzata da una linea che, rimane fortemente attuale, con una forma morbida e avvolgente.","robots":{"index":"index","follow":"follow","max-snippet":"max-snippet:-1","max-image-preview":"max-image-preview:large","max-video-preview":"max-video-preview:-1"},"canonical":"https:\/\/socialdesignmagazine.com\/mag\/design\/francesco-lucchese-per-selva-nascono-la-poltroncina-e-la-poltrona-lucrezia\/","og_locale":"it_IT","og_type":"article","og_title":"Francesco Lucchese per Selva: nascono la Poltroncina e la Poltrona Lucrezia - Social Design Magazine","og_description":"La serie dell\u2019architetto e designer italiano per Selva \u00e8 costituita da poltrona e poltroncina ed \u00e8 caratterizzata da una linea che, rimane fortemente attuale, con una forma morbida e avvolgente.","og_url":"http:\/\/socialdesignmagazine.com\/mag\/design\/francesco-lucchese-per-selva-nascono-la-poltroncina-e-la-poltrona-lucrezia\/","og_site_name":"Social Design Magazine","article_publisher":"https:\/\/www.facebook.com\/socialdesignmag","article_published_time":"2019-08-25T11:04:37+00:00","og_image":[{"width":880,"height":1008,"url":"https:\/\/socialdesignmagazine.com\/mag\/wp-content\/uploads\/2019\/07\/poltroncina_b-2.jpg","type":"image\/jpeg"}],"author":"terzomillennium","twitter_card":"summary_large_image","twitter_creator":"@socialdesignmag","twitter_site":"@socialdesignmag","twitter_misc":{"Scritto da":"terzomillennium","Tempo di lettura stimato":"1 minuto"},"schema":{"@context":"https:\/\/schema.org","@graph":[{"@type":"Article","@id":"https:\/\/socialdesignmagazine.com\/mag\/design\/francesco-lucchese-per-selva-nascono-la-poltroncina-e-la-poltrona-lucrezia\/#article","isPartOf":{"@id":"https:\/\/socialdesignmagazine.com\/mag\/design\/francesco-lucchese-per-selva-nascono-la-poltroncina-e-la-poltrona-lucrezia\/"},"author":{"name":"terzomillennium","@id":"https:\/\/socialdesignmagazine.com\/mag\/#\/schema\/person\/4391359e89191fca2cbe5960753c1857"},"headline":"Francesco Lucchese per Selva: nascono la Poltroncina e la Poltrona Lucrezia","datePublished":"2019-08-25T11:04:37+00:00","mainEntityOfPage":{"@id":"https:\/\/socialdesignmagazine.com\/mag\/design\/francesco-lucchese-per-selva-nascono-la-poltroncina-e-la-poltrona-lucrezia\/"},"wordCount":300,"commentCount":0,"publisher":{"@id":"https:\/\/socialdesignmagazine.com\/mag\/#organization"},"image":{"@id":"https:\/\/socialdesignmagazine.com\/mag\/design\/francesco-lucchese-per-selva-nascono-la-poltroncina-e-la-poltrona-lucrezia\/#primaryimage"},"thumbnailUrl":"https:\/\/socialdesignmagazine.com\/mag\/wp-content\/uploads\/2019\/07\/poltroncina_b-2.jpg","keywords":["francesco lucchese","imbottitura","living","lounge","lucchesedesign","poltrona","poltroncina","selva"],"articleSection":["Design"],"inLanguage":"it-IT","potentialAction":[{"@type":"CommentAction","name":"Comment","target":["https:\/\/socialdesignmagazine.com\/mag\/design\/francesco-lucchese-per-selva-nascono-la-poltroncina-e-la-poltrona-lucrezia\/#respond"]}]},{"@type":"WebPage","@id":"https:\/\/socialdesignmagazine.com\/mag\/design\/francesco-lucchese-per-selva-nascono-la-poltroncina-e-la-poltrona-lucrezia\/","url":"https:\/\/socialdesignmagazine.com\/mag\/design\/francesco-lucchese-per-selva-nascono-la-poltroncina-e-la-poltrona-lucrezia\/","name":"Francesco Lucchese per Selva: nascono la Poltroncina e la Poltrona Lucrezia - Social Design Magazine","isPartOf":{"@id":"https:\/\/socialdesignmagazine.com\/mag\/#website"},"primaryImageOfPage":{"@id":"https:\/\/socialdesignmagazine.com\/mag\/design\/francesco-lucchese-per-selva-nascono-la-poltroncina-e-la-poltrona-lucrezia\/#primaryimage"},"image":{"@id":"https:\/\/socialdesignmagazine.com\/mag\/design\/francesco-lucchese-per-selva-nascono-la-poltroncina-e-la-poltrona-lucrezia\/#primaryimage"},"thumbnailUrl":"https:\/\/socialdesignmagazine.com\/mag\/wp-content\/uploads\/2019\/07\/poltroncina_b-2.jpg","datePublished":"2019-08-25T11:04:37+00:00","description":"La serie dell\u2019architetto e designer italiano per Selva \u00e8 costituita da poltrona e poltroncina ed \u00e8 caratterizzata da una linea che, rimane fortemente attuale, con una forma morbida e avvolgente.","breadcrumb":{"@id":"https:\/\/socialdesignmagazine.com\/mag\/design\/francesco-lucchese-per-selva-nascono-la-poltroncina-e-la-poltrona-lucrezia\/#breadcrumb"},"inLanguage":"it-IT","potentialAction":[{"@type":"ReadAction","target":["https:\/\/socialdesignmagazine.com\/mag\/design\/francesco-lucchese-per-selva-nascono-la-poltroncina-e-la-poltrona-lucrezia\/"]}]},{"@type":"ImageObject","inLanguage":"it-IT","@id":"https:\/\/socialdesignmagazine.com\/mag\/design\/francesco-lucchese-per-selva-nascono-la-poltroncina-e-la-poltrona-lucrezia\/#primaryimage","url":"https:\/\/socialdesignmagazine.com\/mag\/wp-content\/uploads\/2019\/07\/poltroncina_b-2.jpg","contentUrl":"https:\/\/socialdesignmagazine.com\/mag\/wp-content\/uploads\/2019\/07\/poltroncina_b-2.jpg","width":880,"height":1008},{"@type":"BreadcrumbList","@id":"https:\/\/socialdesignmagazine.com\/mag\/design\/francesco-lucchese-per-selva-nascono-la-poltroncina-e-la-poltrona-lucrezia\/#breadcrumb","itemListElement":[{"@type":"ListItem","position":1,"name":"Home","item":"https:\/\/socialdesignmagazine.com\/mag\/"},{"@type":"ListItem","position":2,"name":"Design","item":"https:\/\/socialdesignmagazine.com\/mag\/design\/"},{"@type":"ListItem","position":3,"name":"Francesco Lucchese per Selva: nascono la Poltroncina e la Poltrona Lucrezia"}]},{"@type":"WebSite","@id":"https:\/\/socialdesignmagazine.com\/mag\/#website","url":"https:\/\/socialdesignmagazine.com\/mag\/","name":"Social Design Magazine","description":"Social Magazine su Design, Architettura, Arte, Grafica","publisher":{"@id":"https:\/\/socialdesignmagazine.com\/mag\/#organization"},"potentialAction":[{"@type":"SearchAction","target":{"@type":"EntryPoint","urlTemplate":"https:\/\/socialdesignmagazine.com\/mag\/?s={search_term_string}"},"query-input":{"@type":"PropertyValueSpecification","valueRequired":true,"valueName":"search_term_string"}}],"inLanguage":"it-IT"},{"@type":"Organization","@id":"https:\/\/socialdesignmagazine.com\/mag\/#organization","name":"Social Design Magazine","url":"https:\/\/socialdesignmagazine.com\/mag\/","logo":{"@type":"ImageObject","inLanguage":"it-IT","@id":"https:\/\/socialdesignmagazine.com\/mag\/#\/schema\/logo\/image\/","url":"https:\/\/socialdesignmagazine.com\/mag\/wp-content\/uploads\/2017\/01\/logo_favicon_11.png","contentUrl":"https:\/\/socialdesignmagazine.com\/mag\/wp-content\/uploads\/2017\/01\/logo_favicon_11.png","width":1024,"height":1024,"caption":"Social Design Magazine"},"image":{"@id":"https:\/\/socialdesignmagazine.com\/mag\/#\/schema\/logo\/image\/"},"sameAs":["https:\/\/www.facebook.com\/socialdesignmag","https:\/\/x.com\/socialdesignmag","http:\/\/instagram.com\/social_design_magazine\/","http:\/\/pinterest.com\/socialdesignmag\/","http:\/\/www.youtube.com\/user\/socialdesignmagazine"]},{"@type":"Person","@id":"https:\/\/socialdesignmagazine.com\/mag\/#\/schema\/person\/4391359e89191fca2cbe5960753c1857","name":"terzomillennium","image":{"@type":"ImageObject","inLanguage":"it-IT","@id":"https:\/\/secure.gravatar.com\/avatar\/ea9a9234dcfe53cb5e7d8d2915b94a3b7c61dcc3297b735725d1304ebdb7e9b7?s=96&d=mm&r=g","url":"https:\/\/secure.gravatar.com\/avatar\/ea9a9234dcfe53cb5e7d8d2915b94a3b7c61dcc3297b735725d1304ebdb7e9b7?s=96&d=mm&r=g","contentUrl":"https:\/\/secure.gravatar.com\/avatar\/ea9a9234dcfe53cb5e7d8d2915b94a3b7c61dcc3297b735725d1304ebdb7e9b7?s=96&d=mm&r=g","caption":"terzomillennium"},"url":"https:\/\/socialdesignmagazine.com\/mag\/author\/terzomillennium\/"}]}},"jetpack_featured_media_url":"https:\/\/socialdesignmagazine.com\/mag\/wp-content\/uploads\/2019\/07\/poltroncina_b-2.jpg","jetpack_sharing_enabled":true,"jetpack_shortlink":"https:\/\/wp.me\/p6cV7V-9Tx","gt_translate_keys":[{"key":"link","format":"url"}],"_links":{"self":[{"href":"https:\/\/socialdesignmagazine.com\/mag\/wp-json\/wp\/v2\/posts\/38039","targetHints":{"allow":["GET"]}}],"collection":[{"href":"https:\/\/socialdesignmagazine.com\/mag\/wp-json\/wp\/v2\/posts"}],"about":[{"href":"https:\/\/socialdesignmagazine.com\/mag\/wp-json\/wp\/v2\/types\/post"}],"author":[{"embeddable":true,"href":"https:\/\/socialdesignmagazine.com\/mag\/wp-json\/wp\/v2\/users\/756"}],"replies":[{"embeddable":true,"href":"https:\/\/socialdesignmagazine.com\/mag\/wp-json\/wp\/v2\/comments?post=38039"}],"version-history":[{"count":4,"href":"https:\/\/socialdesignmagazine.com\/mag\/wp-json\/wp\/v2\/posts\/38039\/revisions"}],"predecessor-version":[{"id":38171,"href":"https:\/\/socialdesignmagazine.com\/mag\/wp-json\/wp\/v2\/posts\/38039\/revisions\/38171"}],"wp:featuredmedia":[{"embeddable":true,"href":"https:\/\/socialdesignmagazine.com\/mag\/wp-json\/wp\/v2\/media\/38043"}],"wp:attachment":[{"href":"https:\/\/socialdesignmagazine.com\/mag\/wp-json\/wp\/v2\/media?parent=38039"}],"wp:term":[{"taxonomy":"category","embeddable":true,"href":"https:\/\/socialdesignmagazine.com\/mag\/wp-json\/wp\/v2\/categories?post=38039"},{"taxonomy":"post_tag","embeddable":true,"href":"https:\/\/socialdesignmagazine.com\/mag\/wp-json\/wp\/v2\/tags?post=38039"}],"curies":[{"name":"wp","href":"https:\/\/api.w.org\/{rel}","templated":true}]}}