{"id":3806,"date":"2015-06-09T09:00:00","date_gmt":"2015-06-09T07:00:00","guid":{"rendered":"https:\/\/socialdesignmagazine.com\/mag\/s6-design\/c44-design-contest\/dchair-il-nuovo-design-contest-che-ha-per-tema-la-sedia\/"},"modified":"2025-05-10T21:36:46","modified_gmt":"2025-05-10T19:36:46","slug":"dchair-il-nuovo-design-contest-che-ha-per-tema-la-sedia","status":"publish","type":"post","link":"https:\/\/socialdesignmagazine.com\/mag\/news\/design-contest\/dchair-il-nuovo-design-contest-che-ha-per-tema-la-sedia\/","title":{"rendered":"Dchair il nuovo design contest che ha per tema la sedia","gt_translate_keys":[{"key":"rendered","format":"text"}]},"content":{"rendered":"\n<h2 class=\"wp-block-heading\">Al via da oggi Dchair, il quarantottesimo contest internazionale lanciato da Formabilio, il brand italiano che promuove i progetti di designer e aspiranti tali attraverso concorsi online.<\/h2>\n\n\n\n<p>Croce e delizia di qualsiasi progettista, la sedia \u00e8 l&#8217;arredo che pi\u00f9 di tutti \u00e8 in grado di sintetizzare il dualismo funzione\/estetica insito nel concetto di Design. Non c&#8217;\u00e8 designer che non si sia cimentato in questa sfida. Qualcuno \u00e8 riuscito a superarla brillantemente disegnando delle sedie che risplendono, come icone indiscusse, nella costellazione dei grandi oggetti di Design.<\/p>\n\n\n\n<p>Disegnate dunque la vostra sedia, lasciandovi ispirare dal coraggio e dall&#8217;arguzia dei grandi maestri, mettendoci tutta le creativit\u00e0 e l&#8217;originalit\u00e0 di cui siete capaci, e soprattutto rispettate il binomio funzionalit\u00e0\/estetica. Quelle pensate per noi devono dialogare con i nostri arredi, accostarsi con personalit\u00e0 ai nostri tavoli, devono essere protagoniste, stelle indiscusse di stile e comodit\u00e0.<\/p>\n\n\n\n<p>I designer dei progetti vincitori identificati dalla giuria di Formabilio avranno diritto a un fee del 7% sulla vendita dei prodotti su Formabilio.com.<\/p>\n\n\n\n<p>Le candidature dei progetti dovranno essere inviate &#8211; utilizzando l&#8217;apposita sezione del sito &#8211; dalle ore 10:00 dell&#8217; 8 Giugno 2015 alle 18:00 del 17 Luglio 2015. Le votazioni si chiuderanno alle ore ore 18:00 del 24 Luglio 2015 e i vincitori saranno resi noti entro il 24 Agosto 2015.<\/p>\n\n\n\n<p><\/p>\n","protected":false,"gt_translate_keys":[{"key":"rendered","format":"html"}]},"excerpt":{"rendered":"<p>Al via da oggi Dchair, il quarantottesimo contest internazionale lanciato da Formabilio, il brand italiano che promuove i progetti di designer e aspiranti tali attraverso concorsi online. <\/p>\n","protected":false,"gt_translate_keys":[{"key":"rendered","format":"html"}]},"author":1,"featured_media":22270,"comment_status":"open","ping_status":"open","sticky":false,"template":"","format":"standard","meta":{"jetpack_post_was_ever_published":false,"_jetpack_newsletter_access":"","_jetpack_dont_email_post_to_subs":false,"_jetpack_newsletter_tier_id":0,"_jetpack_memberships_contains_paywalled_content":false,"_jetpack_memberships_contains_paid_content":false,"footnotes":"","_wpscppro_dont_share_socialmedia":false,"_wpscppro_custom_social_share_image":0,"_facebook_share_type":"","_twitter_share_type":"","_linkedin_share_type":"","_pinterest_share_type":"","_linkedin_share_type_page":"","_instagram_share_type":"","_medium_share_type":"","_threads_share_type":"","_google_business_share_type":"","_selected_social_profile":[],"_wpsp_enable_custom_social_template":false,"_wpsp_social_scheduling":{"enabled":false,"datetime":null,"platforms":[],"status":"template_only","dateOption":"today","timeOption":"now","customDays":"","customHours":"","customDate":"","customTime":"","schedulingType":"absolute"},"_wpsp_active_default_template":true},"categories":[18],"tags":[],"class_list":["post-3806","post","type-post","status-publish","format-standard","has-post-thumbnail","hentry","category-design-contest"],"yoast_head":"<!-- This site is optimized with the Yoast SEO plugin v27.2 - https:\/\/yoast.com\/product\/yoast-seo-wordpress\/ -->\n<title>Dchair il nuovo design contest che ha per tema la sedia - Social Design Magazine<\/title>\n<meta name=\"description\" content=\"Al via da oggi Dchair, il quarantottesimo contest internazionale lanciato da Formabilio, il brand italiano che promuove i progetti di designer e aspiranti tali.\" \/>\n<meta name=\"robots\" content=\"index, follow, max-snippet:-1, max-image-preview:large, max-video-preview:-1\" \/>\n<link rel=\"canonical\" href=\"https:\/\/socialdesignmagazine.com\/mag\/news\/design-contest\/dchair-il-nuovo-design-contest-che-ha-per-tema-la-sedia\/\" \/>\n<meta property=\"og:locale\" content=\"it_IT\" \/>\n<meta property=\"og:type\" content=\"article\" \/>\n<meta property=\"og:title\" content=\"Dchair il nuovo design contest che ha per tema la sedia - Social Design Magazine\" \/>\n<meta property=\"og:description\" content=\"Al via da oggi Dchair, il quarantottesimo contest internazionale lanciato da Formabilio, il brand italiano che promuove i progetti di designer e aspiranti tali.\" \/>\n<meta property=\"og:url\" content=\"http:\/\/socialdesignmagazine.com\/mag\/news\/design-contest\/dchair-il-nuovo-design-contest-che-ha-per-tema-la-sedia\/\" \/>\n<meta property=\"og:site_name\" content=\"Social Design Magazine\" \/>\n<meta property=\"article:publisher\" content=\"https:\/\/www.facebook.com\/socialdesignmag\" \/>\n<meta property=\"article:author\" content=\"https:\/\/www.facebook.com\/benedettofiori\" \/>\n<meta property=\"article:published_time\" content=\"2015-06-09T07:00:00+00:00\" \/>\n<meta property=\"article:modified_time\" content=\"2025-05-10T19:36:46+00:00\" \/>\n<meta property=\"og:image\" content=\"https:\/\/socialdesignmagazine.com\/mag\/wp-content\/uploads\/2015\/06\/benedetto_formabilio_dchair_dchair_contest_formabilio.jpg\" \/>\n\t<meta property=\"og:image:width\" content=\"604\" \/>\n\t<meta property=\"og:image:height\" content=\"271\" \/>\n\t<meta property=\"og:image:type\" content=\"image\/jpeg\" \/>\n<meta name=\"author\" content=\"Benedetto Fiori\" \/>\n<meta name=\"twitter:card\" content=\"summary_large_image\" \/>\n<meta name=\"twitter:creator\" content=\"@benedettofiori\" \/>\n<meta name=\"twitter:site\" content=\"@socialdesignmag\" \/>\n<meta name=\"twitter:label1\" content=\"Scritto da\" \/>\n\t<meta name=\"twitter:data1\" content=\"Benedetto Fiori\" \/>\n\t<meta name=\"twitter:label2\" content=\"Tempo di lettura stimato\" \/>\n\t<meta name=\"twitter:data2\" content=\"2 minuti\" \/>\n<script type=\"application\/ld+json\" class=\"yoast-schema-graph\">{\"@context\":\"https:\/\/schema.org\",\"@graph\":[{\"@type\":\"Article\",\"@id\":\"https:\/\/socialdesignmagazine.com\/mag\/news\/design-contest\/dchair-il-nuovo-design-contest-che-ha-per-tema-la-sedia\/#article\",\"isPartOf\":{\"@id\":\"https:\/\/socialdesignmagazine.com\/mag\/news\/design-contest\/dchair-il-nuovo-design-contest-che-ha-per-tema-la-sedia\/\"},\"author\":{\"name\":\"Benedetto Fiori\",\"@id\":\"https:\/\/socialdesignmagazine.com\/mag\/#\/schema\/person\/61e20205cc363c315e6aabd33a045846\"},\"headline\":\"Dchair il nuovo design contest che ha per tema la sedia\",\"datePublished\":\"2015-06-09T07:00:00+00:00\",\"dateModified\":\"2025-05-10T19:36:46+00:00\",\"mainEntityOfPage\":{\"@id\":\"https:\/\/socialdesignmagazine.com\/mag\/news\/design-contest\/dchair-il-nuovo-design-contest-che-ha-per-tema-la-sedia\/\"},\"wordCount\":217,\"commentCount\":0,\"publisher\":{\"@id\":\"https:\/\/socialdesignmagazine.com\/mag\/#organization\"},\"image\":{\"@id\":\"https:\/\/socialdesignmagazine.com\/mag\/news\/design-contest\/dchair-il-nuovo-design-contest-che-ha-per-tema-la-sedia\/#primaryimage\"},\"thumbnailUrl\":\"https:\/\/socialdesignmagazine.com\/mag\/wp-content\/uploads\/2015\/06\/benedetto_formabilio_dchair_dchair_contest_formabilio.jpg\",\"articleSection\":[\"Design Contest\"],\"inLanguage\":\"it-IT\",\"potentialAction\":[{\"@type\":\"CommentAction\",\"name\":\"Comment\",\"target\":[\"https:\/\/socialdesignmagazine.com\/mag\/news\/design-contest\/dchair-il-nuovo-design-contest-che-ha-per-tema-la-sedia\/#respond\"]}]},{\"@type\":\"WebPage\",\"@id\":\"https:\/\/socialdesignmagazine.com\/mag\/news\/design-contest\/dchair-il-nuovo-design-contest-che-ha-per-tema-la-sedia\/\",\"url\":\"https:\/\/socialdesignmagazine.com\/mag\/news\/design-contest\/dchair-il-nuovo-design-contest-che-ha-per-tema-la-sedia\/\",\"name\":\"Dchair il nuovo design contest che ha per tema la sedia - Social Design Magazine\",\"isPartOf\":{\"@id\":\"https:\/\/socialdesignmagazine.com\/mag\/#website\"},\"primaryImageOfPage\":{\"@id\":\"https:\/\/socialdesignmagazine.com\/mag\/news\/design-contest\/dchair-il-nuovo-design-contest-che-ha-per-tema-la-sedia\/#primaryimage\"},\"image\":{\"@id\":\"https:\/\/socialdesignmagazine.com\/mag\/news\/design-contest\/dchair-il-nuovo-design-contest-che-ha-per-tema-la-sedia\/#primaryimage\"},\"thumbnailUrl\":\"https:\/\/socialdesignmagazine.com\/mag\/wp-content\/uploads\/2015\/06\/benedetto_formabilio_dchair_dchair_contest_formabilio.jpg\",\"datePublished\":\"2015-06-09T07:00:00+00:00\",\"dateModified\":\"2025-05-10T19:36:46+00:00\",\"description\":\"Al via da oggi Dchair, il quarantottesimo contest internazionale lanciato da Formabilio, il brand italiano che promuove i progetti di designer e aspiranti tali.\",\"breadcrumb\":{\"@id\":\"https:\/\/socialdesignmagazine.com\/mag\/news\/design-contest\/dchair-il-nuovo-design-contest-che-ha-per-tema-la-sedia\/#breadcrumb\"},\"inLanguage\":\"it-IT\",\"potentialAction\":[{\"@type\":\"ReadAction\",\"target\":[\"https:\/\/socialdesignmagazine.com\/mag\/news\/design-contest\/dchair-il-nuovo-design-contest-che-ha-per-tema-la-sedia\/\"]}]},{\"@type\":\"ImageObject\",\"inLanguage\":\"it-IT\",\"@id\":\"https:\/\/socialdesignmagazine.com\/mag\/news\/design-contest\/dchair-il-nuovo-design-contest-che-ha-per-tema-la-sedia\/#primaryimage\",\"url\":\"https:\/\/socialdesignmagazine.com\/mag\/wp-content\/uploads\/2015\/06\/benedetto_formabilio_dchair_dchair_contest_formabilio.jpg\",\"contentUrl\":\"https:\/\/socialdesignmagazine.com\/mag\/wp-content\/uploads\/2015\/06\/benedetto_formabilio_dchair_dchair_contest_formabilio.jpg\",\"width\":604,\"height\":271,\"caption\":\"dchair contest formabilio\"},{\"@type\":\"BreadcrumbList\",\"@id\":\"https:\/\/socialdesignmagazine.com\/mag\/news\/design-contest\/dchair-il-nuovo-design-contest-che-ha-per-tema-la-sedia\/#breadcrumb\",\"itemListElement\":[{\"@type\":\"ListItem\",\"position\":1,\"name\":\"Home\",\"item\":\"https:\/\/socialdesignmagazine.com\/mag\/\"},{\"@type\":\"ListItem\",\"position\":2,\"name\":\"News\",\"item\":\"https:\/\/socialdesignmagazine.com\/mag\/news\/\"},{\"@type\":\"ListItem\",\"position\":3,\"name\":\"Design Contest\",\"item\":\"https:\/\/socialdesignmagazine.com\/mag\/news\/design-contest\/\"},{\"@type\":\"ListItem\",\"position\":4,\"name\":\"Dchair il nuovo design contest che ha per tema la sedia\"}]},{\"@type\":\"WebSite\",\"@id\":\"https:\/\/socialdesignmagazine.com\/mag\/#website\",\"url\":\"https:\/\/socialdesignmagazine.com\/mag\/\",\"name\":\"Social Design Magazine\",\"description\":\"Social Magazine su Design, Architettura, Arte, Grafica\",\"publisher\":{\"@id\":\"https:\/\/socialdesignmagazine.com\/mag\/#organization\"},\"potentialAction\":[{\"@type\":\"SearchAction\",\"target\":{\"@type\":\"EntryPoint\",\"urlTemplate\":\"https:\/\/socialdesignmagazine.com\/mag\/?s={search_term_string}\"},\"query-input\":{\"@type\":\"PropertyValueSpecification\",\"valueRequired\":true,\"valueName\":\"search_term_string\"}}],\"inLanguage\":\"it-IT\"},{\"@type\":\"Organization\",\"@id\":\"https:\/\/socialdesignmagazine.com\/mag\/#organization\",\"name\":\"Social Design Magazine\",\"url\":\"https:\/\/socialdesignmagazine.com\/mag\/\",\"logo\":{\"@type\":\"ImageObject\",\"inLanguage\":\"it-IT\",\"@id\":\"https:\/\/socialdesignmagazine.com\/mag\/#\/schema\/logo\/image\/\",\"url\":\"https:\/\/socialdesignmagazine.com\/mag\/wp-content\/uploads\/2017\/01\/logo_favicon_11.png\",\"contentUrl\":\"https:\/\/socialdesignmagazine.com\/mag\/wp-content\/uploads\/2017\/01\/logo_favicon_11.png\",\"width\":1024,\"height\":1024,\"caption\":\"Social Design Magazine\"},\"image\":{\"@id\":\"https:\/\/socialdesignmagazine.com\/mag\/#\/schema\/logo\/image\/\"},\"sameAs\":[\"https:\/\/www.facebook.com\/socialdesignmag\",\"https:\/\/x.com\/socialdesignmag\",\"http:\/\/instagram.com\/social_design_magazine\/\",\"http:\/\/pinterest.com\/socialdesignmag\/\",\"http:\/\/www.youtube.com\/user\/socialdesignmagazine\"]},{\"@type\":\"Person\",\"@id\":\"https:\/\/socialdesignmagazine.com\/mag\/#\/schema\/person\/61e20205cc363c315e6aabd33a045846\",\"name\":\"Benedetto Fiori\",\"image\":{\"@type\":\"ImageObject\",\"inLanguage\":\"it-IT\",\"@id\":\"https:\/\/secure.gravatar.com\/avatar\/450a48cefa36da63d920ad70aa660bd10725b1c6093800242e5efdb397759033?s=96&d=mm&r=g\",\"url\":\"https:\/\/secure.gravatar.com\/avatar\/450a48cefa36da63d920ad70aa660bd10725b1c6093800242e5efdb397759033?s=96&d=mm&r=g\",\"contentUrl\":\"https:\/\/secure.gravatar.com\/avatar\/450a48cefa36da63d920ad70aa660bd10725b1c6093800242e5efdb397759033?s=96&d=mm&r=g\",\"caption\":\"Benedetto Fiori\"},\"description\":\"Web | Twitter | Facebook | Shutterstock Founder &amp; Editor in Chief di Social Design Magazine. Attratto da sempre da tutto ci\u00f2 che \u00e8 creativit\u00e0, design, architettura. Dopo aver studiato Architettura all'Universit\u00e0 di Firenze, si \u00e8 impegnato in molteplici campi: comunicazione grafica, progettazione di allestimenti fieristici, brand design, Interior Design.\",\"sameAs\":[\"http:\/\/benedettofiori.com\",\"https:\/\/www.facebook.com\/benedettofiori\",\"https:\/\/x.com\/benedettofiori\"],\"url\":\"https:\/\/socialdesignmagazine.com\/mag\/author\/benedetto\/\"}]}<\/script>\n<!-- \/ Yoast SEO plugin. -->","yoast_head_json":{"title":"Dchair il nuovo design contest che ha per tema la sedia - Social Design Magazine","description":"Al via da oggi Dchair, il quarantottesimo contest internazionale lanciato da Formabilio, il brand italiano che promuove i progetti di designer e aspiranti tali.","robots":{"index":"index","follow":"follow","max-snippet":"max-snippet:-1","max-image-preview":"max-image-preview:large","max-video-preview":"max-video-preview:-1"},"canonical":"https:\/\/socialdesignmagazine.com\/mag\/news\/design-contest\/dchair-il-nuovo-design-contest-che-ha-per-tema-la-sedia\/","og_locale":"it_IT","og_type":"article","og_title":"Dchair il nuovo design contest che ha per tema la sedia - Social Design Magazine","og_description":"Al via da oggi Dchair, il quarantottesimo contest internazionale lanciato da Formabilio, il brand italiano che promuove i progetti di designer e aspiranti tali.","og_url":"http:\/\/socialdesignmagazine.com\/mag\/news\/design-contest\/dchair-il-nuovo-design-contest-che-ha-per-tema-la-sedia\/","og_site_name":"Social Design Magazine","article_publisher":"https:\/\/www.facebook.com\/socialdesignmag","article_author":"https:\/\/www.facebook.com\/benedettofiori","article_published_time":"2015-06-09T07:00:00+00:00","article_modified_time":"2025-05-10T19:36:46+00:00","og_image":[{"width":604,"height":271,"url":"https:\/\/socialdesignmagazine.com\/mag\/wp-content\/uploads\/2015\/06\/benedetto_formabilio_dchair_dchair_contest_formabilio.jpg","type":"image\/jpeg"}],"author":"Benedetto Fiori","twitter_card":"summary_large_image","twitter_creator":"@benedettofiori","twitter_site":"@socialdesignmag","twitter_misc":{"Scritto da":"Benedetto Fiori","Tempo di lettura stimato":"2 minuti"},"schema":{"@context":"https:\/\/schema.org","@graph":[{"@type":"Article","@id":"https:\/\/socialdesignmagazine.com\/mag\/news\/design-contest\/dchair-il-nuovo-design-contest-che-ha-per-tema-la-sedia\/#article","isPartOf":{"@id":"https:\/\/socialdesignmagazine.com\/mag\/news\/design-contest\/dchair-il-nuovo-design-contest-che-ha-per-tema-la-sedia\/"},"author":{"name":"Benedetto Fiori","@id":"https:\/\/socialdesignmagazine.com\/mag\/#\/schema\/person\/61e20205cc363c315e6aabd33a045846"},"headline":"Dchair il nuovo design contest che ha per tema la sedia","datePublished":"2015-06-09T07:00:00+00:00","dateModified":"2025-05-10T19:36:46+00:00","mainEntityOfPage":{"@id":"https:\/\/socialdesignmagazine.com\/mag\/news\/design-contest\/dchair-il-nuovo-design-contest-che-ha-per-tema-la-sedia\/"},"wordCount":217,"commentCount":0,"publisher":{"@id":"https:\/\/socialdesignmagazine.com\/mag\/#organization"},"image":{"@id":"https:\/\/socialdesignmagazine.com\/mag\/news\/design-contest\/dchair-il-nuovo-design-contest-che-ha-per-tema-la-sedia\/#primaryimage"},"thumbnailUrl":"https:\/\/socialdesignmagazine.com\/mag\/wp-content\/uploads\/2015\/06\/benedetto_formabilio_dchair_dchair_contest_formabilio.jpg","articleSection":["Design Contest"],"inLanguage":"it-IT","potentialAction":[{"@type":"CommentAction","name":"Comment","target":["https:\/\/socialdesignmagazine.com\/mag\/news\/design-contest\/dchair-il-nuovo-design-contest-che-ha-per-tema-la-sedia\/#respond"]}]},{"@type":"WebPage","@id":"https:\/\/socialdesignmagazine.com\/mag\/news\/design-contest\/dchair-il-nuovo-design-contest-che-ha-per-tema-la-sedia\/","url":"https:\/\/socialdesignmagazine.com\/mag\/news\/design-contest\/dchair-il-nuovo-design-contest-che-ha-per-tema-la-sedia\/","name":"Dchair il nuovo design contest che ha per tema la sedia - Social Design Magazine","isPartOf":{"@id":"https:\/\/socialdesignmagazine.com\/mag\/#website"},"primaryImageOfPage":{"@id":"https:\/\/socialdesignmagazine.com\/mag\/news\/design-contest\/dchair-il-nuovo-design-contest-che-ha-per-tema-la-sedia\/#primaryimage"},"image":{"@id":"https:\/\/socialdesignmagazine.com\/mag\/news\/design-contest\/dchair-il-nuovo-design-contest-che-ha-per-tema-la-sedia\/#primaryimage"},"thumbnailUrl":"https:\/\/socialdesignmagazine.com\/mag\/wp-content\/uploads\/2015\/06\/benedetto_formabilio_dchair_dchair_contest_formabilio.jpg","datePublished":"2015-06-09T07:00:00+00:00","dateModified":"2025-05-10T19:36:46+00:00","description":"Al via da oggi Dchair, il quarantottesimo contest internazionale lanciato da Formabilio, il brand italiano che promuove i progetti di designer e aspiranti tali.","breadcrumb":{"@id":"https:\/\/socialdesignmagazine.com\/mag\/news\/design-contest\/dchair-il-nuovo-design-contest-che-ha-per-tema-la-sedia\/#breadcrumb"},"inLanguage":"it-IT","potentialAction":[{"@type":"ReadAction","target":["https:\/\/socialdesignmagazine.com\/mag\/news\/design-contest\/dchair-il-nuovo-design-contest-che-ha-per-tema-la-sedia\/"]}]},{"@type":"ImageObject","inLanguage":"it-IT","@id":"https:\/\/socialdesignmagazine.com\/mag\/news\/design-contest\/dchair-il-nuovo-design-contest-che-ha-per-tema-la-sedia\/#primaryimage","url":"https:\/\/socialdesignmagazine.com\/mag\/wp-content\/uploads\/2015\/06\/benedetto_formabilio_dchair_dchair_contest_formabilio.jpg","contentUrl":"https:\/\/socialdesignmagazine.com\/mag\/wp-content\/uploads\/2015\/06\/benedetto_formabilio_dchair_dchair_contest_formabilio.jpg","width":604,"height":271,"caption":"dchair contest formabilio"},{"@type":"BreadcrumbList","@id":"https:\/\/socialdesignmagazine.com\/mag\/news\/design-contest\/dchair-il-nuovo-design-contest-che-ha-per-tema-la-sedia\/#breadcrumb","itemListElement":[{"@type":"ListItem","position":1,"name":"Home","item":"https:\/\/socialdesignmagazine.com\/mag\/"},{"@type":"ListItem","position":2,"name":"News","item":"https:\/\/socialdesignmagazine.com\/mag\/news\/"},{"@type":"ListItem","position":3,"name":"Design Contest","item":"https:\/\/socialdesignmagazine.com\/mag\/news\/design-contest\/"},{"@type":"ListItem","position":4,"name":"Dchair il nuovo design contest che ha per tema la sedia"}]},{"@type":"WebSite","@id":"https:\/\/socialdesignmagazine.com\/mag\/#website","url":"https:\/\/socialdesignmagazine.com\/mag\/","name":"Social Design Magazine","description":"Social Magazine su Design, Architettura, Arte, Grafica","publisher":{"@id":"https:\/\/socialdesignmagazine.com\/mag\/#organization"},"potentialAction":[{"@type":"SearchAction","target":{"@type":"EntryPoint","urlTemplate":"https:\/\/socialdesignmagazine.com\/mag\/?s={search_term_string}"},"query-input":{"@type":"PropertyValueSpecification","valueRequired":true,"valueName":"search_term_string"}}],"inLanguage":"it-IT"},{"@type":"Organization","@id":"https:\/\/socialdesignmagazine.com\/mag\/#organization","name":"Social Design Magazine","url":"https:\/\/socialdesignmagazine.com\/mag\/","logo":{"@type":"ImageObject","inLanguage":"it-IT","@id":"https:\/\/socialdesignmagazine.com\/mag\/#\/schema\/logo\/image\/","url":"https:\/\/socialdesignmagazine.com\/mag\/wp-content\/uploads\/2017\/01\/logo_favicon_11.png","contentUrl":"https:\/\/socialdesignmagazine.com\/mag\/wp-content\/uploads\/2017\/01\/logo_favicon_11.png","width":1024,"height":1024,"caption":"Social Design Magazine"},"image":{"@id":"https:\/\/socialdesignmagazine.com\/mag\/#\/schema\/logo\/image\/"},"sameAs":["https:\/\/www.facebook.com\/socialdesignmag","https:\/\/x.com\/socialdesignmag","http:\/\/instagram.com\/social_design_magazine\/","http:\/\/pinterest.com\/socialdesignmag\/","http:\/\/www.youtube.com\/user\/socialdesignmagazine"]},{"@type":"Person","@id":"https:\/\/socialdesignmagazine.com\/mag\/#\/schema\/person\/61e20205cc363c315e6aabd33a045846","name":"Benedetto Fiori","image":{"@type":"ImageObject","inLanguage":"it-IT","@id":"https:\/\/secure.gravatar.com\/avatar\/450a48cefa36da63d920ad70aa660bd10725b1c6093800242e5efdb397759033?s=96&d=mm&r=g","url":"https:\/\/secure.gravatar.com\/avatar\/450a48cefa36da63d920ad70aa660bd10725b1c6093800242e5efdb397759033?s=96&d=mm&r=g","contentUrl":"https:\/\/secure.gravatar.com\/avatar\/450a48cefa36da63d920ad70aa660bd10725b1c6093800242e5efdb397759033?s=96&d=mm&r=g","caption":"Benedetto Fiori"},"description":"Web | Twitter | Facebook | Shutterstock Founder &amp; Editor in Chief di Social Design Magazine. Attratto da sempre da tutto ci\u00f2 che \u00e8 creativit\u00e0, design, architettura. Dopo aver studiato Architettura all'Universit\u00e0 di Firenze, si \u00e8 impegnato in molteplici campi: comunicazione grafica, progettazione di allestimenti fieristici, brand design, Interior Design.","sameAs":["http:\/\/benedettofiori.com","https:\/\/www.facebook.com\/benedettofiori","https:\/\/x.com\/benedettofiori"],"url":"https:\/\/socialdesignmagazine.com\/mag\/author\/benedetto\/"}]}},"jetpack_featured_media_url":"https:\/\/socialdesignmagazine.com\/mag\/wp-content\/uploads\/2015\/06\/benedetto_formabilio_dchair_dchair_contest_formabilio.jpg","jetpack_sharing_enabled":true,"jetpack_shortlink":"https:\/\/wp.me\/p6cV7V-Zo","gt_translate_keys":[{"key":"link","format":"url"}],"_links":{"self":[{"href":"https:\/\/socialdesignmagazine.com\/mag\/wp-json\/wp\/v2\/posts\/3806","targetHints":{"allow":["GET"]}}],"collection":[{"href":"https:\/\/socialdesignmagazine.com\/mag\/wp-json\/wp\/v2\/posts"}],"about":[{"href":"https:\/\/socialdesignmagazine.com\/mag\/wp-json\/wp\/v2\/types\/post"}],"author":[{"embeddable":true,"href":"https:\/\/socialdesignmagazine.com\/mag\/wp-json\/wp\/v2\/users\/1"}],"replies":[{"embeddable":true,"href":"https:\/\/socialdesignmagazine.com\/mag\/wp-json\/wp\/v2\/comments?post=3806"}],"version-history":[{"count":2,"href":"https:\/\/socialdesignmagazine.com\/mag\/wp-json\/wp\/v2\/posts\/3806\/revisions"}],"predecessor-version":[{"id":64987,"href":"https:\/\/socialdesignmagazine.com\/mag\/wp-json\/wp\/v2\/posts\/3806\/revisions\/64987"}],"wp:featuredmedia":[{"embeddable":true,"href":"https:\/\/socialdesignmagazine.com\/mag\/wp-json\/wp\/v2\/media\/22270"}],"wp:attachment":[{"href":"https:\/\/socialdesignmagazine.com\/mag\/wp-json\/wp\/v2\/media?parent=3806"}],"wp:term":[{"taxonomy":"category","embeddable":true,"href":"https:\/\/socialdesignmagazine.com\/mag\/wp-json\/wp\/v2\/categories?post=3806"},{"taxonomy":"post_tag","embeddable":true,"href":"https:\/\/socialdesignmagazine.com\/mag\/wp-json\/wp\/v2\/tags?post=3806"}],"curies":[{"name":"wp","href":"https:\/\/api.w.org\/{rel}","templated":true}]}}