{"id":38227,"date":"2019-09-01T16:55:51","date_gmt":"2019-09-01T14:55:51","guid":{"rendered":"https:\/\/socialdesignmagazine.com\/mag\/?p=38227"},"modified":"2019-08-30T23:10:06","modified_gmt":"2019-08-30T21:10:06","slug":"il-nuovo-headquarter-di-fc-internazionale-milano-un-progetto-di-lombardini22","status":"publish","type":"post","link":"https:\/\/socialdesignmagazine.com\/mag\/architettura\/il-nuovo-headquarter-di-fc-internazionale-milano-un-progetto-di-lombardini22\/","title":{"rendered":"Il nuovo Headquarter di FC Internazionale Milano. Un progetto di Lombardini22","gt_translate_keys":[{"key":"rendered","format":"text"}]},"content":{"rendered":"\n<p>La nuova sfida di DEGW e FUD del gruppo Lombardini22: ridare vita a uno spazio elegante e senza tempo dall\u2019essenza neroazzurra.<\/p>\n\n\n\n<p>Una realt\u00e0 proiettata nel futuro in continuit\u00e0 con la sua grande storia. Questa la sfida che FC Internazionale Milano ha posto a DEGW e a FUD, brand del Gruppo Lombardini22 dedicati rispettivamente alla progettazione integrata di ambienti per il lavoro e al physical branding, nel progetto del suo nuovo Headquarter a Milano. Un progetto che nasce da premesse stimolanti e con ottime prospettive di successo, a partire dalla location.<\/p>\n\n\n\n<p>The Corner, collocato in una posizione strategica nella nuova mappa di Milano, all\u2019angolo tra viale della Liberazione e via Melchiorre Gioia, \u00e8 un edificio progettato da Atelier(s) Alfonso Femia che nasce dalla integrale riqualificazione di una struttura degli anni Settanta. Siamo nel cuore dell\u2019area Garibaldi-Repubblica, a pochi minuti dal centro citt\u00e0, in un luogo ottimamente servito da tutte le infrastrutture di mobilit\u00e0 urbana.<\/p>\n\n\n\n<p>L\u2019Inter si sposta negli spazi di The Corner lasciando la vecchia sede di corso Vittorio Emanuele e guadagnando in superficie e respiro, con ampi e comodi spazi per le aree pubbliche dedicate al rapporto con gli ospiti e i clienti e con nuove formule spaziali per le attivit\u00e0 operative e dirigenziali che declinano i concetti di innovazione, condivisione, velocit\u00e0,  internazionalit\u00e0, leisure, movimento e benessere in un ambiente di grande  intensit\u00e0 rappresentativa. Un edificio \u2013 di propriet\u00e0 di Generali \u2013 la cui nuova forza pu\u00f2 essere definita nerazzurra.<\/p>\n\n\n\n<figure class=\"wp-block-image\"><img loading=\"lazy\" decoding=\"async\" width=\"1024\" height=\"683\" data-attachment-id=\"38241\" data-permalink=\"https:\/\/socialdesignmagazine.com\/mag\/architettura\/il-nuovo-headquarter-di-fc-internazionale-milano-un-progetto-di-lombardini22\/attachment\/inter-lombardini22-15\/#content\" data-orig-file=\"https:\/\/socialdesignmagazine.com\/mag\/wp-content\/uploads\/2019\/08\/Inter-Lombardini22-15.jpg\" data-orig-size=\"1200,800\" data-comments-opened=\"1\" data-image-meta=\"{&quot;aperture&quot;:&quot;0&quot;,&quot;credit&quot;:&quot;&quot;,&quot;camera&quot;:&quot;&quot;,&quot;caption&quot;:&quot;&quot;,&quot;created_timestamp&quot;:&quot;0&quot;,&quot;copyright&quot;:&quot;&quot;,&quot;focal_length&quot;:&quot;0&quot;,&quot;iso&quot;:&quot;0&quot;,&quot;shutter_speed&quot;:&quot;0&quot;,&quot;title&quot;:&quot;&quot;,&quot;orientation&quot;:&quot;0&quot;}\" data-image-title=\"Inter-Lombardini22-15\" data-image-description=\"\" data-image-caption=\"\" data-medium-file=\"https:\/\/socialdesignmagazine.com\/mag\/wp-content\/uploads\/2019\/08\/Inter-Lombardini22-15-438x283.jpg\" data-large-file=\"https:\/\/socialdesignmagazine.com\/mag\/wp-content\/uploads\/2019\/08\/Inter-Lombardini22-15-1024x683.jpg\" src=\"https:\/\/socialdesignmagazine.com\/mag\/wp-content\/uploads\/2019\/08\/Inter-Lombardini22-15-1024x683.jpg\" alt=\"\" class=\"wp-image-38241\" srcset=\"https:\/\/socialdesignmagazine.com\/mag\/wp-content\/uploads\/2019\/08\/Inter-Lombardini22-15-1024x683.jpg 1024w, https:\/\/socialdesignmagazine.com\/mag\/wp-content\/uploads\/2019\/08\/Inter-Lombardini22-15-100x66.jpg 100w, https:\/\/socialdesignmagazine.com\/mag\/wp-content\/uploads\/2019\/08\/Inter-Lombardini22-15-768x512.jpg 768w, https:\/\/socialdesignmagazine.com\/mag\/wp-content\/uploads\/2019\/08\/Inter-Lombardini22-15.jpg 1200w\" sizes=\"auto, (max-width: 1024px) 100vw, 1024px\" \/><\/figure>\n\n\n\n<figure class=\"wp-block-image\"><img loading=\"lazy\" decoding=\"async\" width=\"1024\" height=\"683\" data-attachment-id=\"38257\" data-permalink=\"https:\/\/socialdesignmagazine.com\/mag\/architettura\/il-nuovo-headquarter-di-fc-internazionale-milano-un-progetto-di-lombardini22\/attachment\/inter-lombardini22-32\/#content\" data-orig-file=\"https:\/\/socialdesignmagazine.com\/mag\/wp-content\/uploads\/2019\/08\/Inter-Lombardini22-32.jpg\" data-orig-size=\"1200,800\" data-comments-opened=\"1\" data-image-meta=\"{&quot;aperture&quot;:&quot;0&quot;,&quot;credit&quot;:&quot;&quot;,&quot;camera&quot;:&quot;&quot;,&quot;caption&quot;:&quot;&quot;,&quot;created_timestamp&quot;:&quot;0&quot;,&quot;copyright&quot;:&quot;&quot;,&quot;focal_length&quot;:&quot;0&quot;,&quot;iso&quot;:&quot;0&quot;,&quot;shutter_speed&quot;:&quot;0&quot;,&quot;title&quot;:&quot;&quot;,&quot;orientation&quot;:&quot;0&quot;}\" data-image-title=\"Inter-Lombardini22-32\" data-image-description=\"\" data-image-caption=\"\" data-medium-file=\"https:\/\/socialdesignmagazine.com\/mag\/wp-content\/uploads\/2019\/08\/Inter-Lombardini22-32-438x283.jpg\" data-large-file=\"https:\/\/socialdesignmagazine.com\/mag\/wp-content\/uploads\/2019\/08\/Inter-Lombardini22-32-1024x683.jpg\" src=\"https:\/\/socialdesignmagazine.com\/mag\/wp-content\/uploads\/2019\/08\/Inter-Lombardini22-32-1024x683.jpg\" alt=\"\" class=\"wp-image-38257\" srcset=\"https:\/\/socialdesignmagazine.com\/mag\/wp-content\/uploads\/2019\/08\/Inter-Lombardini22-32-1024x683.jpg 1024w, https:\/\/socialdesignmagazine.com\/mag\/wp-content\/uploads\/2019\/08\/Inter-Lombardini22-32-100x66.jpg 100w, https:\/\/socialdesignmagazine.com\/mag\/wp-content\/uploads\/2019\/08\/Inter-Lombardini22-32-768x512.jpg 768w, https:\/\/socialdesignmagazine.com\/mag\/wp-content\/uploads\/2019\/08\/Inter-Lombardini22-32.jpg 1200w\" sizes=\"auto, (max-width: 1024px) 100vw, 1024px\" \/><\/figure>\n\n\n\n<h3 class=\"wp-block-heading\">I NUMERI DEL PROGETTO<\/h3>\n\n\n\n<p>La nuova sede dell\u2019Inter occupa gli ultimi cinque piani (dal 6\u00b0 al 10\u00b0) di un\u2019ala del footprint dell\u2019edificio The Corner (a forma di L, il piano tipo complessivo \u00e8 di circa 1.700 mq di superficie) per un\u2019area totale di 4.000 mq in cui sono distribuite oltre 200 postazioni di lavoro. Alla superficie indoor si aggiungono gli 800 mq della terrazza sovrastante e il tutto forma un ambiente lavorativo con una piacevole luminosit\u00e0 naturale e abbondanti visuali verso l\u2019esterno urbano.<\/p>\n\n\n\n<p>Opportunit\u00e0 che il progetto interpreta con uno stacking plan progressivo che modula i diversi piani riservando all\u2019operativit\u00e0 un maggior rapporto visivo con l\u2019ambiente urbano pi\u00f9 prossimo e alle funzioni pi\u00f9 relazionali i livelli pi\u00f9 panoramici con ampie viste sulla citt\u00e0. Cos\u00ec in una progressione verso l\u2019alto i piani 6\u00b0, 7\u00b0 e 8\u00b0 sono dedicati alle funzioni operative, il 9\u00b0 adibito ad area condivisa per ospiti e incontri con le realt\u00e0 esterne, il 10\u00b0 alle aree Executive e Sport e l\u201911\u00b0 alla terrazza.<\/p>\n\n\n\n<blockquote style=\"text-align:left\" class=\"wp-block-quote is-style-large is-layout-flow wp-block-quote-is-layout-flow\"><p><strong>4.000 mq<br>200 postazioni di lavoro<br>800 mq di terrazza<\/strong><\/p><\/blockquote>\n\n\n\n<h3 class=\"wp-block-heading\">CONCEPT DI PROGETTO<\/h3>\n\n\n\n<p>Collocata in una delle aree pi\u00f9 in fermento dello sviluppo rigenerativo di Milano, la nuova sede nerazzurra fa ricorso nelle aree operative a una metafora urbanistica come concept progettuale.<\/p>\n\n\n\n<p>Le aree sono caratterizzate da un\u2019equilibrata alternanza tra workspace e supporti, e sono state trattate con sobriet\u00e0, infondendo negli uffici un\u2019atmosfera calda e domestica con finiture in legno e presenza diffusa di verde. <\/p>\n\n\n\n<figure class=\"wp-block-image\"><img loading=\"lazy\" decoding=\"async\" width=\"1024\" height=\"683\" data-attachment-id=\"38230\" data-permalink=\"https:\/\/socialdesignmagazine.com\/mag\/architettura\/il-nuovo-headquarter-di-fc-internazionale-milano-un-progetto-di-lombardini22\/attachment\/inter-lombardini22-3\/#content\" data-orig-file=\"https:\/\/socialdesignmagazine.com\/mag\/wp-content\/uploads\/2019\/08\/Inter-Lombardini22-3.jpg\" data-orig-size=\"1200,800\" data-comments-opened=\"1\" data-image-meta=\"{&quot;aperture&quot;:&quot;0&quot;,&quot;credit&quot;:&quot;&quot;,&quot;camera&quot;:&quot;&quot;,&quot;caption&quot;:&quot;&quot;,&quot;created_timestamp&quot;:&quot;0&quot;,&quot;copyright&quot;:&quot;&quot;,&quot;focal_length&quot;:&quot;0&quot;,&quot;iso&quot;:&quot;0&quot;,&quot;shutter_speed&quot;:&quot;0&quot;,&quot;title&quot;:&quot;&quot;,&quot;orientation&quot;:&quot;0&quot;}\" data-image-title=\"Inter-Lombardini22-3\" data-image-description=\"\" data-image-caption=\"\" data-medium-file=\"https:\/\/socialdesignmagazine.com\/mag\/wp-content\/uploads\/2019\/08\/Inter-Lombardini22-3-438x283.jpg\" data-large-file=\"https:\/\/socialdesignmagazine.com\/mag\/wp-content\/uploads\/2019\/08\/Inter-Lombardini22-3-1024x683.jpg\" src=\"https:\/\/socialdesignmagazine.com\/mag\/wp-content\/uploads\/2019\/08\/Inter-Lombardini22-3-1024x683.jpg\" alt=\"\" class=\"wp-image-38230\" srcset=\"https:\/\/socialdesignmagazine.com\/mag\/wp-content\/uploads\/2019\/08\/Inter-Lombardini22-3-1024x683.jpg 1024w, https:\/\/socialdesignmagazine.com\/mag\/wp-content\/uploads\/2019\/08\/Inter-Lombardini22-3-100x66.jpg 100w, https:\/\/socialdesignmagazine.com\/mag\/wp-content\/uploads\/2019\/08\/Inter-Lombardini22-3-768x512.jpg 768w, https:\/\/socialdesignmagazine.com\/mag\/wp-content\/uploads\/2019\/08\/Inter-Lombardini22-3.jpg 1200w\" sizes=\"auto, (max-width: 1024px) 100vw, 1024px\" \/><\/figure>\n\n\n\n<p>La riconoscibilit\u00e0 corporate \u00e8 risolta in background con leggerezza, grazie ad accorti accostamenti di colori e materiali (i pavimenti, per esempio, sono in moquette blu negli uffici chiusi, in moquette grigia in open space e in vinilico grigio nella circolazione), e con picchi d\u2019intensit\u00e0 comunicativa in punti strategici dello spazio.<\/p>\n\n\n\n<figure class=\"wp-block-image\"><img loading=\"lazy\" decoding=\"async\" width=\"1024\" height=\"683\" data-attachment-id=\"38233\" data-permalink=\"https:\/\/socialdesignmagazine.com\/mag\/architettura\/il-nuovo-headquarter-di-fc-internazionale-milano-un-progetto-di-lombardini22\/attachment\/inter-lombardini22-6\/#content\" data-orig-file=\"https:\/\/socialdesignmagazine.com\/mag\/wp-content\/uploads\/2019\/08\/Inter-Lombardini22-6.jpg\" data-orig-size=\"1200,800\" data-comments-opened=\"1\" data-image-meta=\"{&quot;aperture&quot;:&quot;0&quot;,&quot;credit&quot;:&quot;&quot;,&quot;camera&quot;:&quot;&quot;,&quot;caption&quot;:&quot;&quot;,&quot;created_timestamp&quot;:&quot;0&quot;,&quot;copyright&quot;:&quot;&quot;,&quot;focal_length&quot;:&quot;0&quot;,&quot;iso&quot;:&quot;0&quot;,&quot;shutter_speed&quot;:&quot;0&quot;,&quot;title&quot;:&quot;&quot;,&quot;orientation&quot;:&quot;0&quot;}\" data-image-title=\"Inter-Lombardini22-6\" data-image-description=\"\" data-image-caption=\"\" data-medium-file=\"https:\/\/socialdesignmagazine.com\/mag\/wp-content\/uploads\/2019\/08\/Inter-Lombardini22-6-438x283.jpg\" data-large-file=\"https:\/\/socialdesignmagazine.com\/mag\/wp-content\/uploads\/2019\/08\/Inter-Lombardini22-6-1024x683.jpg\" src=\"https:\/\/socialdesignmagazine.com\/mag\/wp-content\/uploads\/2019\/08\/Inter-Lombardini22-6-1024x683.jpg\" alt=\"\" class=\"wp-image-38233\" srcset=\"https:\/\/socialdesignmagazine.com\/mag\/wp-content\/uploads\/2019\/08\/Inter-Lombardini22-6-1024x683.jpg 1024w, https:\/\/socialdesignmagazine.com\/mag\/wp-content\/uploads\/2019\/08\/Inter-Lombardini22-6-100x66.jpg 100w, https:\/\/socialdesignmagazine.com\/mag\/wp-content\/uploads\/2019\/08\/Inter-Lombardini22-6-768x512.jpg 768w, https:\/\/socialdesignmagazine.com\/mag\/wp-content\/uploads\/2019\/08\/Inter-Lombardini22-6.jpg 1200w\" sizes=\"auto, (max-width: 1024px) 100vw, 1024px\" \/><\/figure>\n\n\n\n<p>Uno spazio flessibile e trasparente, articolato da oggetti speciali come pareti attrezzate nel loro spessore con nicchie e luoghi di conversazione, o strutture aperte che delimitano, in open space, aree informali con comode sedute.<\/p>\n\n\n\n<p>Uno spazio elegante, dove il brand \u00e8 trattato in modo rispettoso dei valori consolidati e dell\u2019internazionalit\u00e0 della societ\u00e0.<\/p>\n\n\n\n<figure class=\"wp-block-image\"><img loading=\"lazy\" decoding=\"async\" width=\"1024\" height=\"683\" data-attachment-id=\"38244\" data-permalink=\"https:\/\/socialdesignmagazine.com\/mag\/architettura\/il-nuovo-headquarter-di-fc-internazionale-milano-un-progetto-di-lombardini22\/attachment\/inter-lombardini22-18\/#content\" data-orig-file=\"https:\/\/socialdesignmagazine.com\/mag\/wp-content\/uploads\/2019\/08\/Inter-Lombardini22-18.jpg\" data-orig-size=\"1200,800\" data-comments-opened=\"1\" data-image-meta=\"{&quot;aperture&quot;:&quot;0&quot;,&quot;credit&quot;:&quot;&quot;,&quot;camera&quot;:&quot;&quot;,&quot;caption&quot;:&quot;&quot;,&quot;created_timestamp&quot;:&quot;0&quot;,&quot;copyright&quot;:&quot;&quot;,&quot;focal_length&quot;:&quot;0&quot;,&quot;iso&quot;:&quot;0&quot;,&quot;shutter_speed&quot;:&quot;0&quot;,&quot;title&quot;:&quot;&quot;,&quot;orientation&quot;:&quot;0&quot;}\" data-image-title=\"Inter-Lombardini22-18\" data-image-description=\"\" data-image-caption=\"\" data-medium-file=\"https:\/\/socialdesignmagazine.com\/mag\/wp-content\/uploads\/2019\/08\/Inter-Lombardini22-18-438x283.jpg\" data-large-file=\"https:\/\/socialdesignmagazine.com\/mag\/wp-content\/uploads\/2019\/08\/Inter-Lombardini22-18-1024x683.jpg\" src=\"https:\/\/socialdesignmagazine.com\/mag\/wp-content\/uploads\/2019\/08\/Inter-Lombardini22-18-1024x683.jpg\" alt=\"\" class=\"wp-image-38244\" srcset=\"https:\/\/socialdesignmagazine.com\/mag\/wp-content\/uploads\/2019\/08\/Inter-Lombardini22-18-1024x683.jpg 1024w, https:\/\/socialdesignmagazine.com\/mag\/wp-content\/uploads\/2019\/08\/Inter-Lombardini22-18-100x66.jpg 100w, https:\/\/socialdesignmagazine.com\/mag\/wp-content\/uploads\/2019\/08\/Inter-Lombardini22-18-768x512.jpg 768w, https:\/\/socialdesignmagazine.com\/mag\/wp-content\/uploads\/2019\/08\/Inter-Lombardini22-18.jpg 1200w\" sizes=\"auto, (max-width: 1024px) 100vw, 1024px\" \/><\/figure>\n\n\n\n<figure class=\"wp-block-image\"><img loading=\"lazy\" decoding=\"async\" width=\"1024\" height=\"1536\" data-attachment-id=\"38228\" data-permalink=\"https:\/\/socialdesignmagazine.com\/mag\/architettura\/il-nuovo-headquarter-di-fc-internazionale-milano-un-progetto-di-lombardini22\/attachment\/inter-lombardini22-1\/#content\" data-orig-file=\"https:\/\/socialdesignmagazine.com\/mag\/wp-content\/uploads\/2019\/08\/Inter-Lombardini22-1.jpg\" data-orig-size=\"1200,1800\" data-comments-opened=\"1\" data-image-meta=\"{&quot;aperture&quot;:&quot;0&quot;,&quot;credit&quot;:&quot;&quot;,&quot;camera&quot;:&quot;&quot;,&quot;caption&quot;:&quot;&quot;,&quot;created_timestamp&quot;:&quot;0&quot;,&quot;copyright&quot;:&quot;&quot;,&quot;focal_length&quot;:&quot;0&quot;,&quot;iso&quot;:&quot;0&quot;,&quot;shutter_speed&quot;:&quot;0&quot;,&quot;title&quot;:&quot;&quot;,&quot;orientation&quot;:&quot;0&quot;}\" data-image-title=\"Inter-Lombardini22-1\" data-image-description=\"\" data-image-caption=\"\" data-medium-file=\"https:\/\/socialdesignmagazine.com\/mag\/wp-content\/uploads\/2019\/08\/Inter-Lombardini22-1-438x283.jpg\" data-large-file=\"https:\/\/socialdesignmagazine.com\/mag\/wp-content\/uploads\/2019\/08\/Inter-Lombardini22-1-1024x1536.jpg\" src=\"https:\/\/socialdesignmagazine.com\/mag\/wp-content\/uploads\/2019\/08\/Inter-Lombardini22-1-1024x1536.jpg\" alt=\"\" class=\"wp-image-38228\" srcset=\"https:\/\/socialdesignmagazine.com\/mag\/wp-content\/uploads\/2019\/08\/Inter-Lombardini22-1-1024x1536.jpg 1024w, https:\/\/socialdesignmagazine.com\/mag\/wp-content\/uploads\/2019\/08\/Inter-Lombardini22-1-768x1152.jpg 768w, https:\/\/socialdesignmagazine.com\/mag\/wp-content\/uploads\/2019\/08\/Inter-Lombardini22-1.jpg 1200w\" sizes=\"auto, (max-width: 1024px) 100vw, 1024px\" \/><\/figure>\n\n\n\n<h3 class=\"wp-block-heading\">SHARED SPACE: IL 9\u00b0 PIANO<\/h3>\n\n\n\n<p>Valori ugualmente declinati nelle aree condivise del 9\u00b0 piano, ma \u201crinforzati\u201d dalla vocazione di rappresentanza e comunicazione delle funzioni presenti: la reception principale, biglietto da visita per tutta la societ\u00e0, con il socialwall che veicola contenuti direttamente dai canali social ufficiali; la Trophy Room, un\u2019isola circolare di trofei in ambiente open coronata da un anello continuo di immagini sospese, come un fregio di icone in movimento (soluzione espositiva che \u00e8 anche frutto di workshop di co-progettazione condotti da Alessandro Adamo, direttore DEGW); la Media Room, anche dedicata alle sessioni di training, iconicamente sottolineate da un soffitto di luci lineari che disegnano un campo da calcio; l\u2019Inter Heritage, un luogo esperienziale dove vive la storia della squadra, con l\u2019esposizione di memorabilia e la celebrazione del Club supportate da una quinta vetrata tecnologica; la sala Orologio, dove il bancone bar e le diverse sedute invitano anche a una convivialit\u00e0 food &amp; beverage, il cui nome deriva dal ristorante in cui venne fondato il Club. <\/p>\n\n\n\n<figure class=\"wp-block-image\"><img loading=\"lazy\" decoding=\"async\" width=\"1024\" height=\"759\" data-attachment-id=\"38243\" data-permalink=\"https:\/\/socialdesignmagazine.com\/mag\/architettura\/il-nuovo-headquarter-di-fc-internazionale-milano-un-progetto-di-lombardini22\/attachment\/inter-lombardini22-17\/#content\" data-orig-file=\"https:\/\/socialdesignmagazine.com\/mag\/wp-content\/uploads\/2019\/08\/Inter-Lombardini22-17.jpg\" data-orig-size=\"1200,889\" data-comments-opened=\"1\" data-image-meta=\"{&quot;aperture&quot;:&quot;0&quot;,&quot;credit&quot;:&quot;&quot;,&quot;camera&quot;:&quot;&quot;,&quot;caption&quot;:&quot;&quot;,&quot;created_timestamp&quot;:&quot;0&quot;,&quot;copyright&quot;:&quot;&quot;,&quot;focal_length&quot;:&quot;0&quot;,&quot;iso&quot;:&quot;0&quot;,&quot;shutter_speed&quot;:&quot;0&quot;,&quot;title&quot;:&quot;&quot;,&quot;orientation&quot;:&quot;0&quot;}\" data-image-title=\"Inter-Lombardini22-17\" data-image-description=\"\" data-image-caption=\"\" data-medium-file=\"https:\/\/socialdesignmagazine.com\/mag\/wp-content\/uploads\/2019\/08\/Inter-Lombardini22-17-438x283.jpg\" data-large-file=\"https:\/\/socialdesignmagazine.com\/mag\/wp-content\/uploads\/2019\/08\/Inter-Lombardini22-17-1024x759.jpg\" src=\"https:\/\/socialdesignmagazine.com\/mag\/wp-content\/uploads\/2019\/08\/Inter-Lombardini22-17-1024x759.jpg\" alt=\"\" class=\"wp-image-38243\" srcset=\"https:\/\/socialdesignmagazine.com\/mag\/wp-content\/uploads\/2019\/08\/Inter-Lombardini22-17-1024x759.jpg 1024w, https:\/\/socialdesignmagazine.com\/mag\/wp-content\/uploads\/2019\/08\/Inter-Lombardini22-17-768x569.jpg 768w, https:\/\/socialdesignmagazine.com\/mag\/wp-content\/uploads\/2019\/08\/Inter-Lombardini22-17.jpg 1200w\" sizes=\"auto, (max-width: 1024px) 100vw, 1024px\" \/><\/figure>\n\n\n\n<figure class=\"wp-block-image\"><img loading=\"lazy\" decoding=\"async\" width=\"1024\" height=\"1365\" data-attachment-id=\"38245\" data-permalink=\"https:\/\/socialdesignmagazine.com\/mag\/architettura\/il-nuovo-headquarter-di-fc-internazionale-milano-un-progetto-di-lombardini22\/attachment\/inter-lombardini22-19\/#content\" data-orig-file=\"https:\/\/socialdesignmagazine.com\/mag\/wp-content\/uploads\/2019\/08\/Inter-Lombardini22-19.jpg\" data-orig-size=\"1200,1600\" data-comments-opened=\"1\" data-image-meta=\"{&quot;aperture&quot;:&quot;0&quot;,&quot;credit&quot;:&quot;&quot;,&quot;camera&quot;:&quot;&quot;,&quot;caption&quot;:&quot;&quot;,&quot;created_timestamp&quot;:&quot;0&quot;,&quot;copyright&quot;:&quot;&quot;,&quot;focal_length&quot;:&quot;0&quot;,&quot;iso&quot;:&quot;0&quot;,&quot;shutter_speed&quot;:&quot;0&quot;,&quot;title&quot;:&quot;&quot;,&quot;orientation&quot;:&quot;0&quot;}\" data-image-title=\"Inter-Lombardini22-19\" data-image-description=\"\" data-image-caption=\"\" data-medium-file=\"https:\/\/socialdesignmagazine.com\/mag\/wp-content\/uploads\/2019\/08\/Inter-Lombardini22-19-438x283.jpg\" data-large-file=\"https:\/\/socialdesignmagazine.com\/mag\/wp-content\/uploads\/2019\/08\/Inter-Lombardini22-19-1024x1365.jpg\" src=\"https:\/\/socialdesignmagazine.com\/mag\/wp-content\/uploads\/2019\/08\/Inter-Lombardini22-19-1024x1365.jpg\" alt=\"\" class=\"wp-image-38245\" srcset=\"https:\/\/socialdesignmagazine.com\/mag\/wp-content\/uploads\/2019\/08\/Inter-Lombardini22-19-1024x1365.jpg 1024w, https:\/\/socialdesignmagazine.com\/mag\/wp-content\/uploads\/2019\/08\/Inter-Lombardini22-19-768x1024.jpg 768w, https:\/\/socialdesignmagazine.com\/mag\/wp-content\/uploads\/2019\/08\/Inter-Lombardini22-19.jpg 1200w\" sizes=\"auto, (max-width: 1024px) 100vw, 1024px\" \/><\/figure>\n\n\n\n<p>Completati da una lounge e due meeting room riconfigurabili, sono tutti spazi flessibili e adattabili a molteplici usi. In quanto pensato per gli ospiti, il 9\u00b0 piano ha rappresentato per FUD l\u2019area di intervento pi\u00f9 complessa e stimolante, in cui far emergere appieno l\u2019essenza del brand Inter.<\/p>\n\n\n\n<figure class=\"wp-block-image\"><img loading=\"lazy\" decoding=\"async\" width=\"1024\" height=\"683\" data-attachment-id=\"38229\" data-permalink=\"https:\/\/socialdesignmagazine.com\/mag\/architettura\/il-nuovo-headquarter-di-fc-internazionale-milano-un-progetto-di-lombardini22\/attachment\/inter-lombardini22-2\/#content\" data-orig-file=\"https:\/\/socialdesignmagazine.com\/mag\/wp-content\/uploads\/2019\/08\/Inter-Lombardini22-2.jpg\" data-orig-size=\"1200,800\" data-comments-opened=\"1\" data-image-meta=\"{&quot;aperture&quot;:&quot;0&quot;,&quot;credit&quot;:&quot;&quot;,&quot;camera&quot;:&quot;&quot;,&quot;caption&quot;:&quot;&quot;,&quot;created_timestamp&quot;:&quot;0&quot;,&quot;copyright&quot;:&quot;&quot;,&quot;focal_length&quot;:&quot;0&quot;,&quot;iso&quot;:&quot;0&quot;,&quot;shutter_speed&quot;:&quot;0&quot;,&quot;title&quot;:&quot;&quot;,&quot;orientation&quot;:&quot;0&quot;}\" data-image-title=\"Inter-Lombardini22-2\" data-image-description=\"\" data-image-caption=\"\" data-medium-file=\"https:\/\/socialdesignmagazine.com\/mag\/wp-content\/uploads\/2019\/08\/Inter-Lombardini22-2-438x283.jpg\" data-large-file=\"https:\/\/socialdesignmagazine.com\/mag\/wp-content\/uploads\/2019\/08\/Inter-Lombardini22-2-1024x683.jpg\" src=\"https:\/\/socialdesignmagazine.com\/mag\/wp-content\/uploads\/2019\/08\/Inter-Lombardini22-2-1024x683.jpg\" alt=\"\" class=\"wp-image-38229\" srcset=\"https:\/\/socialdesignmagazine.com\/mag\/wp-content\/uploads\/2019\/08\/Inter-Lombardini22-2-1024x683.jpg 1024w, https:\/\/socialdesignmagazine.com\/mag\/wp-content\/uploads\/2019\/08\/Inter-Lombardini22-2-100x66.jpg 100w, https:\/\/socialdesignmagazine.com\/mag\/wp-content\/uploads\/2019\/08\/Inter-Lombardini22-2-768x512.jpg 768w, https:\/\/socialdesignmagazine.com\/mag\/wp-content\/uploads\/2019\/08\/Inter-Lombardini22-2.jpg 1200w\" sizes=\"auto, (max-width: 1024px) 100vw, 1024px\" \/><\/figure>\n\n\n\n<figure class=\"wp-block-image\"><img loading=\"lazy\" decoding=\"async\" width=\"1024\" height=\"683\" data-attachment-id=\"38240\" data-permalink=\"https:\/\/socialdesignmagazine.com\/mag\/architettura\/il-nuovo-headquarter-di-fc-internazionale-milano-un-progetto-di-lombardini22\/attachment\/inter-lombardini22-14\/#content\" data-orig-file=\"https:\/\/socialdesignmagazine.com\/mag\/wp-content\/uploads\/2019\/08\/Inter-Lombardini22-14.jpg\" data-orig-size=\"1200,800\" data-comments-opened=\"1\" data-image-meta=\"{&quot;aperture&quot;:&quot;0&quot;,&quot;credit&quot;:&quot;&quot;,&quot;camera&quot;:&quot;&quot;,&quot;caption&quot;:&quot;&quot;,&quot;created_timestamp&quot;:&quot;0&quot;,&quot;copyright&quot;:&quot;&quot;,&quot;focal_length&quot;:&quot;0&quot;,&quot;iso&quot;:&quot;0&quot;,&quot;shutter_speed&quot;:&quot;0&quot;,&quot;title&quot;:&quot;&quot;,&quot;orientation&quot;:&quot;0&quot;}\" data-image-title=\"Inter-Lombardini22-14\" data-image-description=\"\" data-image-caption=\"\" data-medium-file=\"https:\/\/socialdesignmagazine.com\/mag\/wp-content\/uploads\/2019\/08\/Inter-Lombardini22-14-438x283.jpg\" data-large-file=\"https:\/\/socialdesignmagazine.com\/mag\/wp-content\/uploads\/2019\/08\/Inter-Lombardini22-14-1024x683.jpg\" src=\"https:\/\/socialdesignmagazine.com\/mag\/wp-content\/uploads\/2019\/08\/Inter-Lombardini22-14-1024x683.jpg\" alt=\"\" class=\"wp-image-38240\" srcset=\"https:\/\/socialdesignmagazine.com\/mag\/wp-content\/uploads\/2019\/08\/Inter-Lombardini22-14-1024x683.jpg 1024w, https:\/\/socialdesignmagazine.com\/mag\/wp-content\/uploads\/2019\/08\/Inter-Lombardini22-14-100x66.jpg 100w, https:\/\/socialdesignmagazine.com\/mag\/wp-content\/uploads\/2019\/08\/Inter-Lombardini22-14-768x512.jpg 768w, https:\/\/socialdesignmagazine.com\/mag\/wp-content\/uploads\/2019\/08\/Inter-Lombardini22-14.jpg 1200w\" sizes=\"auto, (max-width: 1024px) 100vw, 1024px\" \/><\/figure>\n\n\n\n<figure class=\"wp-block-image\"><img loading=\"lazy\" decoding=\"async\" width=\"1024\" height=\"683\" data-attachment-id=\"38253\" data-permalink=\"https:\/\/socialdesignmagazine.com\/mag\/architettura\/il-nuovo-headquarter-di-fc-internazionale-milano-un-progetto-di-lombardini22\/attachment\/inter-lombardini22-28\/#content\" data-orig-file=\"https:\/\/socialdesignmagazine.com\/mag\/wp-content\/uploads\/2019\/08\/Inter-Lombardini22-28.jpg\" data-orig-size=\"1200,800\" data-comments-opened=\"1\" data-image-meta=\"{&quot;aperture&quot;:&quot;0&quot;,&quot;credit&quot;:&quot;&quot;,&quot;camera&quot;:&quot;&quot;,&quot;caption&quot;:&quot;&quot;,&quot;created_timestamp&quot;:&quot;0&quot;,&quot;copyright&quot;:&quot;&quot;,&quot;focal_length&quot;:&quot;0&quot;,&quot;iso&quot;:&quot;0&quot;,&quot;shutter_speed&quot;:&quot;0&quot;,&quot;title&quot;:&quot;&quot;,&quot;orientation&quot;:&quot;0&quot;}\" data-image-title=\"Inter-Lombardini22-28\" data-image-description=\"\" data-image-caption=\"\" data-medium-file=\"https:\/\/socialdesignmagazine.com\/mag\/wp-content\/uploads\/2019\/08\/Inter-Lombardini22-28-438x283.jpg\" data-large-file=\"https:\/\/socialdesignmagazine.com\/mag\/wp-content\/uploads\/2019\/08\/Inter-Lombardini22-28-1024x683.jpg\" src=\"https:\/\/socialdesignmagazine.com\/mag\/wp-content\/uploads\/2019\/08\/Inter-Lombardini22-28-1024x683.jpg\" alt=\"\" class=\"wp-image-38253\" srcset=\"https:\/\/socialdesignmagazine.com\/mag\/wp-content\/uploads\/2019\/08\/Inter-Lombardini22-28-1024x683.jpg 1024w, https:\/\/socialdesignmagazine.com\/mag\/wp-content\/uploads\/2019\/08\/Inter-Lombardini22-28-100x66.jpg 100w, https:\/\/socialdesignmagazine.com\/mag\/wp-content\/uploads\/2019\/08\/Inter-Lombardini22-28-768x512.jpg 768w, https:\/\/socialdesignmagazine.com\/mag\/wp-content\/uploads\/2019\/08\/Inter-Lombardini22-28.jpg 1200w\" sizes=\"auto, (max-width: 1024px) 100vw, 1024px\" \/><\/figure>\n\n\n\n<figure class=\"wp-block-image\"><img loading=\"lazy\" decoding=\"async\" width=\"1024\" height=\"683\" data-attachment-id=\"38254\" data-permalink=\"https:\/\/socialdesignmagazine.com\/mag\/architettura\/il-nuovo-headquarter-di-fc-internazionale-milano-un-progetto-di-lombardini22\/attachment\/inter-lombardini22-29\/#content\" data-orig-file=\"https:\/\/socialdesignmagazine.com\/mag\/wp-content\/uploads\/2019\/08\/Inter-Lombardini22-29.jpg\" data-orig-size=\"1200,800\" data-comments-opened=\"1\" data-image-meta=\"{&quot;aperture&quot;:&quot;0&quot;,&quot;credit&quot;:&quot;&quot;,&quot;camera&quot;:&quot;&quot;,&quot;caption&quot;:&quot;&quot;,&quot;created_timestamp&quot;:&quot;0&quot;,&quot;copyright&quot;:&quot;&quot;,&quot;focal_length&quot;:&quot;0&quot;,&quot;iso&quot;:&quot;0&quot;,&quot;shutter_speed&quot;:&quot;0&quot;,&quot;title&quot;:&quot;&quot;,&quot;orientation&quot;:&quot;0&quot;}\" data-image-title=\"Inter-Lombardini22-29\" data-image-description=\"\" data-image-caption=\"\" data-medium-file=\"https:\/\/socialdesignmagazine.com\/mag\/wp-content\/uploads\/2019\/08\/Inter-Lombardini22-29-438x283.jpg\" data-large-file=\"https:\/\/socialdesignmagazine.com\/mag\/wp-content\/uploads\/2019\/08\/Inter-Lombardini22-29-1024x683.jpg\" src=\"https:\/\/socialdesignmagazine.com\/mag\/wp-content\/uploads\/2019\/08\/Inter-Lombardini22-29-1024x683.jpg\" alt=\"\" class=\"wp-image-38254\" srcset=\"https:\/\/socialdesignmagazine.com\/mag\/wp-content\/uploads\/2019\/08\/Inter-Lombardini22-29-1024x683.jpg 1024w, https:\/\/socialdesignmagazine.com\/mag\/wp-content\/uploads\/2019\/08\/Inter-Lombardini22-29-100x66.jpg 100w, https:\/\/socialdesignmagazine.com\/mag\/wp-content\/uploads\/2019\/08\/Inter-Lombardini22-29-768x512.jpg 768w, https:\/\/socialdesignmagazine.com\/mag\/wp-content\/uploads\/2019\/08\/Inter-Lombardini22-29.jpg 1200w\" sizes=\"auto, (max-width: 1024px) 100vw, 1024px\" \/><\/figure>\n\n\n\n<figure class=\"wp-block-image\"><img loading=\"lazy\" decoding=\"async\" width=\"1024\" height=\"683\" data-attachment-id=\"38252\" data-permalink=\"https:\/\/socialdesignmagazine.com\/mag\/architettura\/il-nuovo-headquarter-di-fc-internazionale-milano-un-progetto-di-lombardini22\/attachment\/inter-lombardini22-27\/#content\" data-orig-file=\"https:\/\/socialdesignmagazine.com\/mag\/wp-content\/uploads\/2019\/08\/Inter-Lombardini22-27.jpg\" data-orig-size=\"1200,800\" data-comments-opened=\"1\" data-image-meta=\"{&quot;aperture&quot;:&quot;0&quot;,&quot;credit&quot;:&quot;&quot;,&quot;camera&quot;:&quot;&quot;,&quot;caption&quot;:&quot;&quot;,&quot;created_timestamp&quot;:&quot;0&quot;,&quot;copyright&quot;:&quot;&quot;,&quot;focal_length&quot;:&quot;0&quot;,&quot;iso&quot;:&quot;0&quot;,&quot;shutter_speed&quot;:&quot;0&quot;,&quot;title&quot;:&quot;&quot;,&quot;orientation&quot;:&quot;0&quot;}\" data-image-title=\"Inter-Lombardini22-27\" data-image-description=\"\" data-image-caption=\"\" data-medium-file=\"https:\/\/socialdesignmagazine.com\/mag\/wp-content\/uploads\/2019\/08\/Inter-Lombardini22-27-438x283.jpg\" data-large-file=\"https:\/\/socialdesignmagazine.com\/mag\/wp-content\/uploads\/2019\/08\/Inter-Lombardini22-27-1024x683.jpg\" src=\"https:\/\/socialdesignmagazine.com\/mag\/wp-content\/uploads\/2019\/08\/Inter-Lombardini22-27-1024x683.jpg\" alt=\"\" class=\"wp-image-38252\" srcset=\"https:\/\/socialdesignmagazine.com\/mag\/wp-content\/uploads\/2019\/08\/Inter-Lombardini22-27-1024x683.jpg 1024w, https:\/\/socialdesignmagazine.com\/mag\/wp-content\/uploads\/2019\/08\/Inter-Lombardini22-27-100x66.jpg 100w, https:\/\/socialdesignmagazine.com\/mag\/wp-content\/uploads\/2019\/08\/Inter-Lombardini22-27-768x512.jpg 768w, https:\/\/socialdesignmagazine.com\/mag\/wp-content\/uploads\/2019\/08\/Inter-Lombardini22-27.jpg 1200w\" sizes=\"auto, (max-width: 1024px) 100vw, 1024px\" \/><\/figure>\n\n\n\n<h3 class=\"wp-block-heading\">EXECUTIVE FLOOR E TERRAZZA<\/h3>\n\n\n\n<p>Tra uffici chiusi, break area e una boardroom dalla moquette blu intenso, sfila un corridoio con quinta di legno dal caldo effetto domestico e un lucido pavimento ceramico effetto pietra che creano una lunga promenade immersa nel mondo corporate Inter: un percorso che trova il suo apice in una struttura ribassata dove il marchio \u00e8 il punto focale di tutta la prospettiva. <\/p>\n\n\n\n<p>Blu scuro, legno, ceramica levigata, luce e trasparenza ne compongono gli ampi spazi articolati in pi\u00f9 funzioni. Il quale \u00e8 come un\u2019introduzione alla grande terrazza soprastante: una piattaforma aperta e dispiegata sulla citt\u00e0 che pu\u00f2 accogliere gli ospiti per eventi privati, dj set, meeting, pranzi, momenti di relax, protetto da pergolati e quinte vegetali, stimolato da tappeti erbosi dedicati al gioco, dove il tema del verde e dei materiali naturali \u00e8 pienamente sviluppato.<\/p>\n\n\n\n<figure class=\"wp-block-image\"><img loading=\"lazy\" decoding=\"async\" width=\"1024\" height=\"683\" data-attachment-id=\"38256\" data-permalink=\"https:\/\/socialdesignmagazine.com\/mag\/architettura\/il-nuovo-headquarter-di-fc-internazionale-milano-un-progetto-di-lombardini22\/attachment\/inter-lombardini22-31\/#content\" data-orig-file=\"https:\/\/socialdesignmagazine.com\/mag\/wp-content\/uploads\/2019\/08\/Inter-Lombardini22-31.jpg\" data-orig-size=\"1200,800\" data-comments-opened=\"1\" data-image-meta=\"{&quot;aperture&quot;:&quot;0&quot;,&quot;credit&quot;:&quot;&quot;,&quot;camera&quot;:&quot;&quot;,&quot;caption&quot;:&quot;&quot;,&quot;created_timestamp&quot;:&quot;0&quot;,&quot;copyright&quot;:&quot;&quot;,&quot;focal_length&quot;:&quot;0&quot;,&quot;iso&quot;:&quot;0&quot;,&quot;shutter_speed&quot;:&quot;0&quot;,&quot;title&quot;:&quot;&quot;,&quot;orientation&quot;:&quot;0&quot;}\" data-image-title=\"Inter-Lombardini22-31\" data-image-description=\"\" data-image-caption=\"\" data-medium-file=\"https:\/\/socialdesignmagazine.com\/mag\/wp-content\/uploads\/2019\/08\/Inter-Lombardini22-31-438x283.jpg\" data-large-file=\"https:\/\/socialdesignmagazine.com\/mag\/wp-content\/uploads\/2019\/08\/Inter-Lombardini22-31-1024x683.jpg\" src=\"https:\/\/socialdesignmagazine.com\/mag\/wp-content\/uploads\/2019\/08\/Inter-Lombardini22-31-1024x683.jpg\" alt=\"\" class=\"wp-image-38256\" srcset=\"https:\/\/socialdesignmagazine.com\/mag\/wp-content\/uploads\/2019\/08\/Inter-Lombardini22-31-1024x683.jpg 1024w, https:\/\/socialdesignmagazine.com\/mag\/wp-content\/uploads\/2019\/08\/Inter-Lombardini22-31-100x66.jpg 100w, https:\/\/socialdesignmagazine.com\/mag\/wp-content\/uploads\/2019\/08\/Inter-Lombardini22-31-768x512.jpg 768w, https:\/\/socialdesignmagazine.com\/mag\/wp-content\/uploads\/2019\/08\/Inter-Lombardini22-31.jpg 1200w\" sizes=\"auto, (max-width: 1024px) 100vw, 1024px\" \/><\/figure>\n\n\n\n<h3 class=\"wp-block-heading\">PHYSICAL BRANDING INTER HQ COME STRUMENTO DI COMUNICAZIONE<\/h3>\n\n\n\n<p>Un brand \u00e8 molto pi\u00f9 di un simbolo, di un\u2019insegna o di un linguaggio grafico, l\u2019ufficio ne \u00e8 la sua rappresentazione olistica.<\/p>\n\n\n\n<p>FUD, brand del Gruppo Lombardini22 specializzato in branding e comunicazione, in collaborazione \u201cco-creativa\u201d con il Club e con Alkemy, ha dato vita a uno spazio che pu\u00f2 o potesse essere solo ed esclusivamente Inter, eliminando l\u2019esigenza di vederne il logo.<\/p>\n\n\n\n<figure class=\"wp-block-image\"><img loading=\"lazy\" decoding=\"async\" width=\"1024\" height=\"683\" data-attachment-id=\"38235\" data-permalink=\"https:\/\/socialdesignmagazine.com\/mag\/architettura\/il-nuovo-headquarter-di-fc-internazionale-milano-un-progetto-di-lombardini22\/attachment\/inter-lombardini22-8\/#content\" data-orig-file=\"https:\/\/socialdesignmagazine.com\/mag\/wp-content\/uploads\/2019\/08\/Inter-Lombardini22-8.jpg\" data-orig-size=\"1200,800\" data-comments-opened=\"1\" data-image-meta=\"{&quot;aperture&quot;:&quot;0&quot;,&quot;credit&quot;:&quot;&quot;,&quot;camera&quot;:&quot;&quot;,&quot;caption&quot;:&quot;&quot;,&quot;created_timestamp&quot;:&quot;0&quot;,&quot;copyright&quot;:&quot;&quot;,&quot;focal_length&quot;:&quot;0&quot;,&quot;iso&quot;:&quot;0&quot;,&quot;shutter_speed&quot;:&quot;0&quot;,&quot;title&quot;:&quot;&quot;,&quot;orientation&quot;:&quot;0&quot;}\" data-image-title=\"Inter-Lombardini22-8\" data-image-description=\"\" data-image-caption=\"\" data-medium-file=\"https:\/\/socialdesignmagazine.com\/mag\/wp-content\/uploads\/2019\/08\/Inter-Lombardini22-8-438x283.jpg\" data-large-file=\"https:\/\/socialdesignmagazine.com\/mag\/wp-content\/uploads\/2019\/08\/Inter-Lombardini22-8-1024x683.jpg\" src=\"https:\/\/socialdesignmagazine.com\/mag\/wp-content\/uploads\/2019\/08\/Inter-Lombardini22-8-1024x683.jpg\" alt=\"\" class=\"wp-image-38235\" srcset=\"https:\/\/socialdesignmagazine.com\/mag\/wp-content\/uploads\/2019\/08\/Inter-Lombardini22-8-1024x683.jpg 1024w, https:\/\/socialdesignmagazine.com\/mag\/wp-content\/uploads\/2019\/08\/Inter-Lombardini22-8-100x66.jpg 100w, https:\/\/socialdesignmagazine.com\/mag\/wp-content\/uploads\/2019\/08\/Inter-Lombardini22-8-768x512.jpg 768w, https:\/\/socialdesignmagazine.com\/mag\/wp-content\/uploads\/2019\/08\/Inter-Lombardini22-8.jpg 1200w\" sizes=\"auto, (max-width: 1024px) 100vw, 1024px\" \/><\/figure>\n\n\n\n<p>A partire dalla storia della squadra e dai suoi valori, il Physical branding ha trasformato gli spazi in strumenti di comunicazione mediante un intervento progettato ad hoc. <\/p>\n\n\n\n<figure class=\"wp-block-image\"><img loading=\"lazy\" decoding=\"async\" width=\"1024\" height=\"683\" data-attachment-id=\"38236\" data-permalink=\"https:\/\/socialdesignmagazine.com\/mag\/architettura\/il-nuovo-headquarter-di-fc-internazionale-milano-un-progetto-di-lombardini22\/attachment\/inter-lombardini22-9\/#content\" data-orig-file=\"https:\/\/socialdesignmagazine.com\/mag\/wp-content\/uploads\/2019\/08\/Inter-Lombardini22-9.jpg\" data-orig-size=\"1200,800\" data-comments-opened=\"1\" data-image-meta=\"{&quot;aperture&quot;:&quot;0&quot;,&quot;credit&quot;:&quot;&quot;,&quot;camera&quot;:&quot;&quot;,&quot;caption&quot;:&quot;&quot;,&quot;created_timestamp&quot;:&quot;0&quot;,&quot;copyright&quot;:&quot;&quot;,&quot;focal_length&quot;:&quot;0&quot;,&quot;iso&quot;:&quot;0&quot;,&quot;shutter_speed&quot;:&quot;0&quot;,&quot;title&quot;:&quot;&quot;,&quot;orientation&quot;:&quot;0&quot;}\" data-image-title=\"Inter-Lombardini22-9\" data-image-description=\"\" data-image-caption=\"\" data-medium-file=\"https:\/\/socialdesignmagazine.com\/mag\/wp-content\/uploads\/2019\/08\/Inter-Lombardini22-9-438x283.jpg\" data-large-file=\"https:\/\/socialdesignmagazine.com\/mag\/wp-content\/uploads\/2019\/08\/Inter-Lombardini22-9-1024x683.jpg\" src=\"https:\/\/socialdesignmagazine.com\/mag\/wp-content\/uploads\/2019\/08\/Inter-Lombardini22-9-1024x683.jpg\" alt=\"\" class=\"wp-image-38236\" srcset=\"https:\/\/socialdesignmagazine.com\/mag\/wp-content\/uploads\/2019\/08\/Inter-Lombardini22-9-1024x683.jpg 1024w, https:\/\/socialdesignmagazine.com\/mag\/wp-content\/uploads\/2019\/08\/Inter-Lombardini22-9-100x66.jpg 100w, https:\/\/socialdesignmagazine.com\/mag\/wp-content\/uploads\/2019\/08\/Inter-Lombardini22-9-768x512.jpg 768w, https:\/\/socialdesignmagazine.com\/mag\/wp-content\/uploads\/2019\/08\/Inter-Lombardini22-9.jpg 1200w\" sizes=\"auto, (max-width: 1024px) 100vw, 1024px\" \/><\/figure>\n\n\n\n<p>L\u2019obiettivo raggiunto \u00e8 stato quello di creare una vera e propria esperienza di brand, completando lo spazio architettonico e generando memorabilit\u00e0 nelle persone che interagiscono con esso, facilitandone l\u2019orientamento.<\/p>\n\n\n\n<h3 class=\"wp-block-heading\">BORDERLESS E TIMELESS<\/h3>\n\n\n\n<p>Il concept di progetto \u00e8 partito da una conoscenza profonda della storia e dei valori della squadra. Emerge la volont\u00e0 di dare forma a uno spazio architettonico deciso, regolare, elegante, dalla forte personalit\u00e0, con un linguaggio fortemente identitario radicato nella cultura milanese e, insieme, rivolto al mondo. <\/p>\n\n\n\n<p>L\u2019essenza del brand Inter \u00e8 sintetizzata dalla frase che conclude l\u2019atto costitutivo del Club: \u201cNoi siamo fratelli del mondo\u201d. Brothers of the World \u00e8 oramai una firma, riconosciuta e adottata da tutti i tifosi nerazzurri nel mondo. <\/p>\n\n\n\n<p>La stessa firma \u00e8 stata applicata alla nuova sede, facendo leva su due aspetti intrinsechi di Brothers of the World: borderless e timeless. Per il progetto di FUD + Alkemy, il concetto di borderless ha guidato il contenuto della nuova sede. Timeless \u00e8 invece il trattamento scelto per vestirla: uno stile senza tempo capace di unire pi\u00f9 epoche e parlare a tutte le generazioni.<\/p>\n\n\n\n<h3 class=\"wp-block-heading\">DESIGN<\/h3>\n\n\n\n<p>L\u2019intervento di Physical branding ha coinvolto tutta la sede, in primis il sistema di segnaletica, con pittogrammi sviluppati sui concetti di asimmetria e movimento basati sull\u2019astrazione delle bandiere delle nazioni che hanno segnato la storia della squadra.<\/p>\n\n\n\n<p>Ogni meeting room ha la propria brand identity, ognuna apre le porte all\u2019internazionalit\u00e0 e viene interamente dedicata a un Paese del mondo legato alla storia dell\u2019Inter. In questo caso dare un nome ha significato per FUD raccontare una storia trasformando lo spazio in un\u2019esperienza di brand immersiva.<\/p>\n\n\n\n<p>Un elemento cui FUD ha dedicato particolare cura \u00e8 stato la calibrazione cromatica. Il potere del colore nelle bandiere \u00e8 quello di riuscire a rappresentare l\u2019anima della nazione, con parallelismi semantici tra cromie e significati patriottici. L\u2019obiettivo \u00e8 stato quello di realizzare delle stanze \u201cparlanti\u201d, capaci di raccontare una storia e intrattenere e stupire gli ospiti.<\/p>\n\n\n\n<figure class=\"wp-block-image\"><img loading=\"lazy\" decoding=\"async\" width=\"1024\" height=\"683\" data-attachment-id=\"38237\" data-permalink=\"https:\/\/socialdesignmagazine.com\/mag\/architettura\/il-nuovo-headquarter-di-fc-internazionale-milano-un-progetto-di-lombardini22\/attachment\/inter-lombardini22-10\/#content\" data-orig-file=\"https:\/\/socialdesignmagazine.com\/mag\/wp-content\/uploads\/2019\/08\/Inter-Lombardini22-10.jpg\" data-orig-size=\"1200,800\" data-comments-opened=\"1\" data-image-meta=\"{&quot;aperture&quot;:&quot;0&quot;,&quot;credit&quot;:&quot;&quot;,&quot;camera&quot;:&quot;&quot;,&quot;caption&quot;:&quot;&quot;,&quot;created_timestamp&quot;:&quot;0&quot;,&quot;copyright&quot;:&quot;&quot;,&quot;focal_length&quot;:&quot;0&quot;,&quot;iso&quot;:&quot;0&quot;,&quot;shutter_speed&quot;:&quot;0&quot;,&quot;title&quot;:&quot;&quot;,&quot;orientation&quot;:&quot;0&quot;}\" data-image-title=\"Inter-Lombardini22-10\" data-image-description=\"\" data-image-caption=\"\" data-medium-file=\"https:\/\/socialdesignmagazine.com\/mag\/wp-content\/uploads\/2019\/08\/Inter-Lombardini22-10-438x283.jpg\" data-large-file=\"https:\/\/socialdesignmagazine.com\/mag\/wp-content\/uploads\/2019\/08\/Inter-Lombardini22-10-1024x683.jpg\" src=\"https:\/\/socialdesignmagazine.com\/mag\/wp-content\/uploads\/2019\/08\/Inter-Lombardini22-10-1024x683.jpg\" alt=\"\" class=\"wp-image-38237\" srcset=\"https:\/\/socialdesignmagazine.com\/mag\/wp-content\/uploads\/2019\/08\/Inter-Lombardini22-10-1024x683.jpg 1024w, https:\/\/socialdesignmagazine.com\/mag\/wp-content\/uploads\/2019\/08\/Inter-Lombardini22-10-100x66.jpg 100w, https:\/\/socialdesignmagazine.com\/mag\/wp-content\/uploads\/2019\/08\/Inter-Lombardini22-10-768x512.jpg 768w, https:\/\/socialdesignmagazine.com\/mag\/wp-content\/uploads\/2019\/08\/Inter-Lombardini22-10.jpg 1200w\" sizes=\"auto, (max-width: 1024px) 100vw, 1024px\" \/><\/figure>\n\n\n\n<figure class=\"wp-block-image\"><img loading=\"lazy\" decoding=\"async\" width=\"1024\" height=\"699\" data-attachment-id=\"38238\" data-permalink=\"https:\/\/socialdesignmagazine.com\/mag\/architettura\/il-nuovo-headquarter-di-fc-internazionale-milano-un-progetto-di-lombardini22\/attachment\/inter-lombardini22-12\/#content\" data-orig-file=\"https:\/\/socialdesignmagazine.com\/mag\/wp-content\/uploads\/2019\/08\/Inter-Lombardini22-12.jpg\" data-orig-size=\"1200,819\" data-comments-opened=\"1\" data-image-meta=\"{&quot;aperture&quot;:&quot;0&quot;,&quot;credit&quot;:&quot;&quot;,&quot;camera&quot;:&quot;&quot;,&quot;caption&quot;:&quot;&quot;,&quot;created_timestamp&quot;:&quot;0&quot;,&quot;copyright&quot;:&quot;&quot;,&quot;focal_length&quot;:&quot;0&quot;,&quot;iso&quot;:&quot;0&quot;,&quot;shutter_speed&quot;:&quot;0&quot;,&quot;title&quot;:&quot;&quot;,&quot;orientation&quot;:&quot;0&quot;}\" data-image-title=\"Inter-Lombardini22-12\" data-image-description=\"\" data-image-caption=\"\" data-medium-file=\"https:\/\/socialdesignmagazine.com\/mag\/wp-content\/uploads\/2019\/08\/Inter-Lombardini22-12-438x283.jpg\" data-large-file=\"https:\/\/socialdesignmagazine.com\/mag\/wp-content\/uploads\/2019\/08\/Inter-Lombardini22-12-1024x699.jpg\" src=\"https:\/\/socialdesignmagazine.com\/mag\/wp-content\/uploads\/2019\/08\/Inter-Lombardini22-12-1024x699.jpg\" alt=\"\" class=\"wp-image-38238\" srcset=\"https:\/\/socialdesignmagazine.com\/mag\/wp-content\/uploads\/2019\/08\/Inter-Lombardini22-12-1024x699.jpg 1024w, https:\/\/socialdesignmagazine.com\/mag\/wp-content\/uploads\/2019\/08\/Inter-Lombardini22-12-768x524.jpg 768w, https:\/\/socialdesignmagazine.com\/mag\/wp-content\/uploads\/2019\/08\/Inter-Lombardini22-12.jpg 1200w\" sizes=\"auto, (max-width: 1024px) 100vw, 1024px\" \/><\/figure>\n\n\n\n<figure class=\"wp-block-image\"><img loading=\"lazy\" decoding=\"async\" width=\"1024\" height=\"683\" data-attachment-id=\"38239\" data-permalink=\"https:\/\/socialdesignmagazine.com\/mag\/architettura\/il-nuovo-headquarter-di-fc-internazionale-milano-un-progetto-di-lombardini22\/attachment\/inter-lombardini22-13\/#content\" data-orig-file=\"https:\/\/socialdesignmagazine.com\/mag\/wp-content\/uploads\/2019\/08\/Inter-Lombardini22-13.jpg\" data-orig-size=\"1200,800\" data-comments-opened=\"1\" data-image-meta=\"{&quot;aperture&quot;:&quot;0&quot;,&quot;credit&quot;:&quot;&quot;,&quot;camera&quot;:&quot;&quot;,&quot;caption&quot;:&quot;&quot;,&quot;created_timestamp&quot;:&quot;0&quot;,&quot;copyright&quot;:&quot;&quot;,&quot;focal_length&quot;:&quot;0&quot;,&quot;iso&quot;:&quot;0&quot;,&quot;shutter_speed&quot;:&quot;0&quot;,&quot;title&quot;:&quot;&quot;,&quot;orientation&quot;:&quot;0&quot;}\" data-image-title=\"Inter-Lombardini22-13\" data-image-description=\"\" data-image-caption=\"\" data-medium-file=\"https:\/\/socialdesignmagazine.com\/mag\/wp-content\/uploads\/2019\/08\/Inter-Lombardini22-13-438x283.jpg\" data-large-file=\"https:\/\/socialdesignmagazine.com\/mag\/wp-content\/uploads\/2019\/08\/Inter-Lombardini22-13-1024x683.jpg\" src=\"https:\/\/socialdesignmagazine.com\/mag\/wp-content\/uploads\/2019\/08\/Inter-Lombardini22-13-1024x683.jpg\" alt=\"\" class=\"wp-image-38239\" srcset=\"https:\/\/socialdesignmagazine.com\/mag\/wp-content\/uploads\/2019\/08\/Inter-Lombardini22-13-1024x683.jpg 1024w, https:\/\/socialdesignmagazine.com\/mag\/wp-content\/uploads\/2019\/08\/Inter-Lombardini22-13-100x66.jpg 100w, https:\/\/socialdesignmagazine.com\/mag\/wp-content\/uploads\/2019\/08\/Inter-Lombardini22-13-768x512.jpg 768w, https:\/\/socialdesignmagazine.com\/mag\/wp-content\/uploads\/2019\/08\/Inter-Lombardini22-13.jpg 1200w\" sizes=\"auto, (max-width: 1024px) 100vw, 1024px\" \/><\/figure>\n\n\n\n<figure class=\"wp-block-image\"><img loading=\"lazy\" decoding=\"async\" width=\"1024\" height=\"683\" data-attachment-id=\"38242\" data-permalink=\"https:\/\/socialdesignmagazine.com\/mag\/architettura\/il-nuovo-headquarter-di-fc-internazionale-milano-un-progetto-di-lombardini22\/attachment\/inter-lombardini22-16\/#content\" data-orig-file=\"https:\/\/socialdesignmagazine.com\/mag\/wp-content\/uploads\/2019\/08\/Inter-Lombardini22-16.jpg\" data-orig-size=\"1200,800\" data-comments-opened=\"1\" data-image-meta=\"{&quot;aperture&quot;:&quot;0&quot;,&quot;credit&quot;:&quot;&quot;,&quot;camera&quot;:&quot;&quot;,&quot;caption&quot;:&quot;&quot;,&quot;created_timestamp&quot;:&quot;0&quot;,&quot;copyright&quot;:&quot;&quot;,&quot;focal_length&quot;:&quot;0&quot;,&quot;iso&quot;:&quot;0&quot;,&quot;shutter_speed&quot;:&quot;0&quot;,&quot;title&quot;:&quot;&quot;,&quot;orientation&quot;:&quot;0&quot;}\" data-image-title=\"Inter-Lombardini22-16\" data-image-description=\"\" data-image-caption=\"\" data-medium-file=\"https:\/\/socialdesignmagazine.com\/mag\/wp-content\/uploads\/2019\/08\/Inter-Lombardini22-16-438x283.jpg\" data-large-file=\"https:\/\/socialdesignmagazine.com\/mag\/wp-content\/uploads\/2019\/08\/Inter-Lombardini22-16-1024x683.jpg\" src=\"https:\/\/socialdesignmagazine.com\/mag\/wp-content\/uploads\/2019\/08\/Inter-Lombardini22-16-1024x683.jpg\" alt=\"\" class=\"wp-image-38242\" srcset=\"https:\/\/socialdesignmagazine.com\/mag\/wp-content\/uploads\/2019\/08\/Inter-Lombardini22-16-1024x683.jpg 1024w, https:\/\/socialdesignmagazine.com\/mag\/wp-content\/uploads\/2019\/08\/Inter-Lombardini22-16-100x66.jpg 100w, https:\/\/socialdesignmagazine.com\/mag\/wp-content\/uploads\/2019\/08\/Inter-Lombardini22-16-768x512.jpg 768w, https:\/\/socialdesignmagazine.com\/mag\/wp-content\/uploads\/2019\/08\/Inter-Lombardini22-16.jpg 1200w\" sizes=\"auto, (max-width: 1024px) 100vw, 1024px\" \/><\/figure>\n\n\n\n<figure class=\"wp-block-image\"><img loading=\"lazy\" decoding=\"async\" width=\"1024\" height=\"683\" data-attachment-id=\"38246\" data-permalink=\"https:\/\/socialdesignmagazine.com\/mag\/architettura\/il-nuovo-headquarter-di-fc-internazionale-milano-un-progetto-di-lombardini22\/attachment\/inter-lombardini22-20\/#content\" data-orig-file=\"https:\/\/socialdesignmagazine.com\/mag\/wp-content\/uploads\/2019\/08\/Inter-Lombardini22-20.jpg\" data-orig-size=\"1200,800\" data-comments-opened=\"1\" data-image-meta=\"{&quot;aperture&quot;:&quot;0&quot;,&quot;credit&quot;:&quot;&quot;,&quot;camera&quot;:&quot;&quot;,&quot;caption&quot;:&quot;&quot;,&quot;created_timestamp&quot;:&quot;0&quot;,&quot;copyright&quot;:&quot;&quot;,&quot;focal_length&quot;:&quot;0&quot;,&quot;iso&quot;:&quot;0&quot;,&quot;shutter_speed&quot;:&quot;0&quot;,&quot;title&quot;:&quot;&quot;,&quot;orientation&quot;:&quot;0&quot;}\" data-image-title=\"Inter-Lombardini22-20\" data-image-description=\"\" data-image-caption=\"\" data-medium-file=\"https:\/\/socialdesignmagazine.com\/mag\/wp-content\/uploads\/2019\/08\/Inter-Lombardini22-20-438x283.jpg\" data-large-file=\"https:\/\/socialdesignmagazine.com\/mag\/wp-content\/uploads\/2019\/08\/Inter-Lombardini22-20-1024x683.jpg\" src=\"https:\/\/socialdesignmagazine.com\/mag\/wp-content\/uploads\/2019\/08\/Inter-Lombardini22-20-1024x683.jpg\" alt=\"\" class=\"wp-image-38246\" srcset=\"https:\/\/socialdesignmagazine.com\/mag\/wp-content\/uploads\/2019\/08\/Inter-Lombardini22-20-1024x683.jpg 1024w, https:\/\/socialdesignmagazine.com\/mag\/wp-content\/uploads\/2019\/08\/Inter-Lombardini22-20-100x66.jpg 100w, https:\/\/socialdesignmagazine.com\/mag\/wp-content\/uploads\/2019\/08\/Inter-Lombardini22-20-768x512.jpg 768w, https:\/\/socialdesignmagazine.com\/mag\/wp-content\/uploads\/2019\/08\/Inter-Lombardini22-20.jpg 1200w\" sizes=\"auto, (max-width: 1024px) 100vw, 1024px\" \/><\/figure>\n\n\n\n<figure class=\"wp-block-image\"><img loading=\"lazy\" decoding=\"async\" width=\"1024\" height=\"683\" data-attachment-id=\"38247\" data-permalink=\"https:\/\/socialdesignmagazine.com\/mag\/architettura\/il-nuovo-headquarter-di-fc-internazionale-milano-un-progetto-di-lombardini22\/attachment\/inter-lombardini22-21\/#content\" data-orig-file=\"https:\/\/socialdesignmagazine.com\/mag\/wp-content\/uploads\/2019\/08\/Inter-Lombardini22-21.jpg\" data-orig-size=\"1200,800\" data-comments-opened=\"1\" data-image-meta=\"{&quot;aperture&quot;:&quot;0&quot;,&quot;credit&quot;:&quot;&quot;,&quot;camera&quot;:&quot;&quot;,&quot;caption&quot;:&quot;&quot;,&quot;created_timestamp&quot;:&quot;0&quot;,&quot;copyright&quot;:&quot;&quot;,&quot;focal_length&quot;:&quot;0&quot;,&quot;iso&quot;:&quot;0&quot;,&quot;shutter_speed&quot;:&quot;0&quot;,&quot;title&quot;:&quot;&quot;,&quot;orientation&quot;:&quot;0&quot;}\" data-image-title=\"Inter-Lombardini22-21\" data-image-description=\"\" data-image-caption=\"\" data-medium-file=\"https:\/\/socialdesignmagazine.com\/mag\/wp-content\/uploads\/2019\/08\/Inter-Lombardini22-21-438x283.jpg\" data-large-file=\"https:\/\/socialdesignmagazine.com\/mag\/wp-content\/uploads\/2019\/08\/Inter-Lombardini22-21-1024x683.jpg\" src=\"https:\/\/socialdesignmagazine.com\/mag\/wp-content\/uploads\/2019\/08\/Inter-Lombardini22-21-1024x683.jpg\" alt=\"\" class=\"wp-image-38247\" srcset=\"https:\/\/socialdesignmagazine.com\/mag\/wp-content\/uploads\/2019\/08\/Inter-Lombardini22-21-1024x683.jpg 1024w, https:\/\/socialdesignmagazine.com\/mag\/wp-content\/uploads\/2019\/08\/Inter-Lombardini22-21-100x66.jpg 100w, https:\/\/socialdesignmagazine.com\/mag\/wp-content\/uploads\/2019\/08\/Inter-Lombardini22-21-768x512.jpg 768w, https:\/\/socialdesignmagazine.com\/mag\/wp-content\/uploads\/2019\/08\/Inter-Lombardini22-21.jpg 1200w\" sizes=\"auto, (max-width: 1024px) 100vw, 1024px\" \/><\/figure>\n\n\n\n<figure class=\"wp-block-image\"><img loading=\"lazy\" decoding=\"async\" width=\"1024\" height=\"683\" data-attachment-id=\"38248\" data-permalink=\"https:\/\/socialdesignmagazine.com\/mag\/architettura\/il-nuovo-headquarter-di-fc-internazionale-milano-un-progetto-di-lombardini22\/attachment\/inter-lombardini22-22\/#content\" data-orig-file=\"https:\/\/socialdesignmagazine.com\/mag\/wp-content\/uploads\/2019\/08\/Inter-Lombardini22-22.jpg\" data-orig-size=\"1200,800\" data-comments-opened=\"1\" data-image-meta=\"{&quot;aperture&quot;:&quot;0&quot;,&quot;credit&quot;:&quot;&quot;,&quot;camera&quot;:&quot;&quot;,&quot;caption&quot;:&quot;&quot;,&quot;created_timestamp&quot;:&quot;0&quot;,&quot;copyright&quot;:&quot;&quot;,&quot;focal_length&quot;:&quot;0&quot;,&quot;iso&quot;:&quot;0&quot;,&quot;shutter_speed&quot;:&quot;0&quot;,&quot;title&quot;:&quot;&quot;,&quot;orientation&quot;:&quot;0&quot;}\" data-image-title=\"Inter-Lombardini22-22\" data-image-description=\"\" data-image-caption=\"\" data-medium-file=\"https:\/\/socialdesignmagazine.com\/mag\/wp-content\/uploads\/2019\/08\/Inter-Lombardini22-22-438x283.jpg\" data-large-file=\"https:\/\/socialdesignmagazine.com\/mag\/wp-content\/uploads\/2019\/08\/Inter-Lombardini22-22-1024x683.jpg\" src=\"https:\/\/socialdesignmagazine.com\/mag\/wp-content\/uploads\/2019\/08\/Inter-Lombardini22-22-1024x683.jpg\" alt=\"\" class=\"wp-image-38248\" srcset=\"https:\/\/socialdesignmagazine.com\/mag\/wp-content\/uploads\/2019\/08\/Inter-Lombardini22-22-1024x683.jpg 1024w, https:\/\/socialdesignmagazine.com\/mag\/wp-content\/uploads\/2019\/08\/Inter-Lombardini22-22-100x66.jpg 100w, https:\/\/socialdesignmagazine.com\/mag\/wp-content\/uploads\/2019\/08\/Inter-Lombardini22-22-768x512.jpg 768w, https:\/\/socialdesignmagazine.com\/mag\/wp-content\/uploads\/2019\/08\/Inter-Lombardini22-22.jpg 1200w\" sizes=\"auto, (max-width: 1024px) 100vw, 1024px\" \/><\/figure>\n\n\n\n<figure class=\"wp-block-image\"><img loading=\"lazy\" decoding=\"async\" width=\"1024\" height=\"1365\" data-attachment-id=\"38232\" data-permalink=\"https:\/\/socialdesignmagazine.com\/mag\/architettura\/il-nuovo-headquarter-di-fc-internazionale-milano-un-progetto-di-lombardini22\/attachment\/inter-lombardini22-5\/#content\" data-orig-file=\"https:\/\/socialdesignmagazine.com\/mag\/wp-content\/uploads\/2019\/08\/Inter-Lombardini22-5.jpg\" data-orig-size=\"1200,1600\" data-comments-opened=\"1\" data-image-meta=\"{&quot;aperture&quot;:&quot;0&quot;,&quot;credit&quot;:&quot;&quot;,&quot;camera&quot;:&quot;&quot;,&quot;caption&quot;:&quot;&quot;,&quot;created_timestamp&quot;:&quot;0&quot;,&quot;copyright&quot;:&quot;&quot;,&quot;focal_length&quot;:&quot;0&quot;,&quot;iso&quot;:&quot;0&quot;,&quot;shutter_speed&quot;:&quot;0&quot;,&quot;title&quot;:&quot;&quot;,&quot;orientation&quot;:&quot;0&quot;}\" data-image-title=\"Inter-Lombardini22-5\" data-image-description=\"\" data-image-caption=\"\" data-medium-file=\"https:\/\/socialdesignmagazine.com\/mag\/wp-content\/uploads\/2019\/08\/Inter-Lombardini22-5-438x283.jpg\" data-large-file=\"https:\/\/socialdesignmagazine.com\/mag\/wp-content\/uploads\/2019\/08\/Inter-Lombardini22-5-1024x1365.jpg\" src=\"https:\/\/socialdesignmagazine.com\/mag\/wp-content\/uploads\/2019\/08\/Inter-Lombardini22-5-1024x1365.jpg\" alt=\"\" class=\"wp-image-38232\" srcset=\"https:\/\/socialdesignmagazine.com\/mag\/wp-content\/uploads\/2019\/08\/Inter-Lombardini22-5-1024x1365.jpg 1024w, https:\/\/socialdesignmagazine.com\/mag\/wp-content\/uploads\/2019\/08\/Inter-Lombardini22-5-768x1024.jpg 768w, https:\/\/socialdesignmagazine.com\/mag\/wp-content\/uploads\/2019\/08\/Inter-Lombardini22-5.jpg 1200w\" sizes=\"auto, (max-width: 1024px) 100vw, 1024px\" \/><\/figure>\n\n\n\n<figure class=\"wp-block-image\"><img loading=\"lazy\" decoding=\"async\" width=\"1024\" height=\"634\" data-attachment-id=\"38249\" data-permalink=\"https:\/\/socialdesignmagazine.com\/mag\/architettura\/il-nuovo-headquarter-di-fc-internazionale-milano-un-progetto-di-lombardini22\/attachment\/inter-lombardini22-23\/#content\" data-orig-file=\"https:\/\/socialdesignmagazine.com\/mag\/wp-content\/uploads\/2019\/08\/Inter-Lombardini22-23.jpg\" data-orig-size=\"1200,743\" data-comments-opened=\"1\" data-image-meta=\"{&quot;aperture&quot;:&quot;0&quot;,&quot;credit&quot;:&quot;&quot;,&quot;camera&quot;:&quot;&quot;,&quot;caption&quot;:&quot;&quot;,&quot;created_timestamp&quot;:&quot;0&quot;,&quot;copyright&quot;:&quot;&quot;,&quot;focal_length&quot;:&quot;0&quot;,&quot;iso&quot;:&quot;0&quot;,&quot;shutter_speed&quot;:&quot;0&quot;,&quot;title&quot;:&quot;&quot;,&quot;orientation&quot;:&quot;0&quot;}\" data-image-title=\"Inter-Lombardini22-23\" data-image-description=\"\" data-image-caption=\"\" data-medium-file=\"https:\/\/socialdesignmagazine.com\/mag\/wp-content\/uploads\/2019\/08\/Inter-Lombardini22-23-438x283.jpg\" data-large-file=\"https:\/\/socialdesignmagazine.com\/mag\/wp-content\/uploads\/2019\/08\/Inter-Lombardini22-23-1024x634.jpg\" src=\"https:\/\/socialdesignmagazine.com\/mag\/wp-content\/uploads\/2019\/08\/Inter-Lombardini22-23-1024x634.jpg\" alt=\"\" class=\"wp-image-38249\" srcset=\"https:\/\/socialdesignmagazine.com\/mag\/wp-content\/uploads\/2019\/08\/Inter-Lombardini22-23-1024x634.jpg 1024w, https:\/\/socialdesignmagazine.com\/mag\/wp-content\/uploads\/2019\/08\/Inter-Lombardini22-23-768x476.jpg 768w, https:\/\/socialdesignmagazine.com\/mag\/wp-content\/uploads\/2019\/08\/Inter-Lombardini22-23.jpg 1200w\" sizes=\"auto, (max-width: 1024px) 100vw, 1024px\" \/><\/figure>\n\n\n\n<figure class=\"wp-block-image\"><img loading=\"lazy\" decoding=\"async\" width=\"1024\" height=\"683\" data-attachment-id=\"38250\" data-permalink=\"https:\/\/socialdesignmagazine.com\/mag\/architettura\/il-nuovo-headquarter-di-fc-internazionale-milano-un-progetto-di-lombardini22\/attachment\/inter-lombardini22-25\/#content\" data-orig-file=\"https:\/\/socialdesignmagazine.com\/mag\/wp-content\/uploads\/2019\/08\/Inter-Lombardini22-25.jpg\" data-orig-size=\"1200,800\" data-comments-opened=\"1\" data-image-meta=\"{&quot;aperture&quot;:&quot;0&quot;,&quot;credit&quot;:&quot;&quot;,&quot;camera&quot;:&quot;&quot;,&quot;caption&quot;:&quot;&quot;,&quot;created_timestamp&quot;:&quot;0&quot;,&quot;copyright&quot;:&quot;&quot;,&quot;focal_length&quot;:&quot;0&quot;,&quot;iso&quot;:&quot;0&quot;,&quot;shutter_speed&quot;:&quot;0&quot;,&quot;title&quot;:&quot;&quot;,&quot;orientation&quot;:&quot;0&quot;}\" data-image-title=\"Inter-Lombardini22-25\" data-image-description=\"\" data-image-caption=\"\" data-medium-file=\"https:\/\/socialdesignmagazine.com\/mag\/wp-content\/uploads\/2019\/08\/Inter-Lombardini22-25-438x283.jpg\" data-large-file=\"https:\/\/socialdesignmagazine.com\/mag\/wp-content\/uploads\/2019\/08\/Inter-Lombardini22-25-1024x683.jpg\" src=\"https:\/\/socialdesignmagazine.com\/mag\/wp-content\/uploads\/2019\/08\/Inter-Lombardini22-25-1024x683.jpg\" alt=\"\" class=\"wp-image-38250\" srcset=\"https:\/\/socialdesignmagazine.com\/mag\/wp-content\/uploads\/2019\/08\/Inter-Lombardini22-25-1024x683.jpg 1024w, https:\/\/socialdesignmagazine.com\/mag\/wp-content\/uploads\/2019\/08\/Inter-Lombardini22-25-100x66.jpg 100w, https:\/\/socialdesignmagazine.com\/mag\/wp-content\/uploads\/2019\/08\/Inter-Lombardini22-25-768x512.jpg 768w, https:\/\/socialdesignmagazine.com\/mag\/wp-content\/uploads\/2019\/08\/Inter-Lombardini22-25.jpg 1200w\" sizes=\"auto, (max-width: 1024px) 100vw, 1024px\" \/><\/figure>\n\n\n\n<figure class=\"wp-block-image\"><img loading=\"lazy\" decoding=\"async\" width=\"1024\" height=\"683\" data-attachment-id=\"38251\" data-permalink=\"https:\/\/socialdesignmagazine.com\/mag\/architettura\/il-nuovo-headquarter-di-fc-internazionale-milano-un-progetto-di-lombardini22\/attachment\/inter-lombardini22-26\/#content\" data-orig-file=\"https:\/\/socialdesignmagazine.com\/mag\/wp-content\/uploads\/2019\/08\/Inter-Lombardini22-26.jpg\" data-orig-size=\"1200,800\" data-comments-opened=\"1\" data-image-meta=\"{&quot;aperture&quot;:&quot;0&quot;,&quot;credit&quot;:&quot;&quot;,&quot;camera&quot;:&quot;&quot;,&quot;caption&quot;:&quot;&quot;,&quot;created_timestamp&quot;:&quot;0&quot;,&quot;copyright&quot;:&quot;&quot;,&quot;focal_length&quot;:&quot;0&quot;,&quot;iso&quot;:&quot;0&quot;,&quot;shutter_speed&quot;:&quot;0&quot;,&quot;title&quot;:&quot;&quot;,&quot;orientation&quot;:&quot;0&quot;}\" data-image-title=\"Inter-Lombardini22-26\" data-image-description=\"\" data-image-caption=\"\" data-medium-file=\"https:\/\/socialdesignmagazine.com\/mag\/wp-content\/uploads\/2019\/08\/Inter-Lombardini22-26-438x283.jpg\" data-large-file=\"https:\/\/socialdesignmagazine.com\/mag\/wp-content\/uploads\/2019\/08\/Inter-Lombardini22-26-1024x683.jpg\" src=\"https:\/\/socialdesignmagazine.com\/mag\/wp-content\/uploads\/2019\/08\/Inter-Lombardini22-26-1024x683.jpg\" alt=\"\" class=\"wp-image-38251\" srcset=\"https:\/\/socialdesignmagazine.com\/mag\/wp-content\/uploads\/2019\/08\/Inter-Lombardini22-26-1024x683.jpg 1024w, https:\/\/socialdesignmagazine.com\/mag\/wp-content\/uploads\/2019\/08\/Inter-Lombardini22-26-100x66.jpg 100w, https:\/\/socialdesignmagazine.com\/mag\/wp-content\/uploads\/2019\/08\/Inter-Lombardini22-26-768x512.jpg 768w, https:\/\/socialdesignmagazine.com\/mag\/wp-content\/uploads\/2019\/08\/Inter-Lombardini22-26.jpg 1200w\" sizes=\"auto, (max-width: 1024px) 100vw, 1024px\" \/><\/figure>\n\n\n\n<figure class=\"wp-block-image\"><img loading=\"lazy\" decoding=\"async\" width=\"1024\" height=\"683\" data-attachment-id=\"38258\" data-permalink=\"https:\/\/socialdesignmagazine.com\/mag\/architettura\/il-nuovo-headquarter-di-fc-internazionale-milano-un-progetto-di-lombardini22\/attachment\/inter-lombardini22-34\/#content\" data-orig-file=\"https:\/\/socialdesignmagazine.com\/mag\/wp-content\/uploads\/2019\/08\/Inter-Lombardini22-34.jpg\" data-orig-size=\"1200,800\" data-comments-opened=\"1\" data-image-meta=\"{&quot;aperture&quot;:&quot;0&quot;,&quot;credit&quot;:&quot;&quot;,&quot;camera&quot;:&quot;&quot;,&quot;caption&quot;:&quot;&quot;,&quot;created_timestamp&quot;:&quot;0&quot;,&quot;copyright&quot;:&quot;&quot;,&quot;focal_length&quot;:&quot;0&quot;,&quot;iso&quot;:&quot;0&quot;,&quot;shutter_speed&quot;:&quot;0&quot;,&quot;title&quot;:&quot;&quot;,&quot;orientation&quot;:&quot;0&quot;}\" data-image-title=\"Inter-Lombardini22-34\" data-image-description=\"\" data-image-caption=\"\" data-medium-file=\"https:\/\/socialdesignmagazine.com\/mag\/wp-content\/uploads\/2019\/08\/Inter-Lombardini22-34-438x283.jpg\" data-large-file=\"https:\/\/socialdesignmagazine.com\/mag\/wp-content\/uploads\/2019\/08\/Inter-Lombardini22-34-1024x683.jpg\" src=\"https:\/\/socialdesignmagazine.com\/mag\/wp-content\/uploads\/2019\/08\/Inter-Lombardini22-34-1024x683.jpg\" alt=\"\" class=\"wp-image-38258\" srcset=\"https:\/\/socialdesignmagazine.com\/mag\/wp-content\/uploads\/2019\/08\/Inter-Lombardini22-34-1024x683.jpg 1024w, https:\/\/socialdesignmagazine.com\/mag\/wp-content\/uploads\/2019\/08\/Inter-Lombardini22-34-100x66.jpg 100w, https:\/\/socialdesignmagazine.com\/mag\/wp-content\/uploads\/2019\/08\/Inter-Lombardini22-34-768x512.jpg 768w, https:\/\/socialdesignmagazine.com\/mag\/wp-content\/uploads\/2019\/08\/Inter-Lombardini22-34.jpg 1200w\" sizes=\"auto, (max-width: 1024px) 100vw, 1024px\" \/><\/figure>\n\n\n\n<figure class=\"wp-block-image\"><img loading=\"lazy\" decoding=\"async\" width=\"1024\" height=\"683\" data-attachment-id=\"38259\" data-permalink=\"https:\/\/socialdesignmagazine.com\/mag\/architettura\/il-nuovo-headquarter-di-fc-internazionale-milano-un-progetto-di-lombardini22\/attachment\/inter-lombardini22-35\/#content\" data-orig-file=\"https:\/\/socialdesignmagazine.com\/mag\/wp-content\/uploads\/2019\/08\/Inter-Lombardini22-35.jpg\" data-orig-size=\"1200,800\" data-comments-opened=\"1\" data-image-meta=\"{&quot;aperture&quot;:&quot;0&quot;,&quot;credit&quot;:&quot;&quot;,&quot;camera&quot;:&quot;&quot;,&quot;caption&quot;:&quot;&quot;,&quot;created_timestamp&quot;:&quot;0&quot;,&quot;copyright&quot;:&quot;&quot;,&quot;focal_length&quot;:&quot;0&quot;,&quot;iso&quot;:&quot;0&quot;,&quot;shutter_speed&quot;:&quot;0&quot;,&quot;title&quot;:&quot;&quot;,&quot;orientation&quot;:&quot;0&quot;}\" data-image-title=\"Inter-Lombardini22-35\" data-image-description=\"\" data-image-caption=\"\" data-medium-file=\"https:\/\/socialdesignmagazine.com\/mag\/wp-content\/uploads\/2019\/08\/Inter-Lombardini22-35-438x283.jpg\" data-large-file=\"https:\/\/socialdesignmagazine.com\/mag\/wp-content\/uploads\/2019\/08\/Inter-Lombardini22-35-1024x683.jpg\" src=\"https:\/\/socialdesignmagazine.com\/mag\/wp-content\/uploads\/2019\/08\/Inter-Lombardini22-35-1024x683.jpg\" alt=\"\" class=\"wp-image-38259\" srcset=\"https:\/\/socialdesignmagazine.com\/mag\/wp-content\/uploads\/2019\/08\/Inter-Lombardini22-35-1024x683.jpg 1024w, https:\/\/socialdesignmagazine.com\/mag\/wp-content\/uploads\/2019\/08\/Inter-Lombardini22-35-100x66.jpg 100w, https:\/\/socialdesignmagazine.com\/mag\/wp-content\/uploads\/2019\/08\/Inter-Lombardini22-35-768x512.jpg 768w, https:\/\/socialdesignmagazine.com\/mag\/wp-content\/uploads\/2019\/08\/Inter-Lombardini22-35.jpg 1200w\" sizes=\"auto, (max-width: 1024px) 100vw, 1024px\" \/><\/figure>\n\n\n\n<figure class=\"wp-block-image\"><img loading=\"lazy\" decoding=\"async\" width=\"1024\" height=\"642\" data-attachment-id=\"38260\" data-permalink=\"https:\/\/socialdesignmagazine.com\/mag\/architettura\/il-nuovo-headquarter-di-fc-internazionale-milano-un-progetto-di-lombardini22\/attachment\/inter-lombardini22-36\/#content\" data-orig-file=\"https:\/\/socialdesignmagazine.com\/mag\/wp-content\/uploads\/2019\/08\/Inter-Lombardini22-36.jpg\" data-orig-size=\"1200,752\" data-comments-opened=\"1\" data-image-meta=\"{&quot;aperture&quot;:&quot;0&quot;,&quot;credit&quot;:&quot;&quot;,&quot;camera&quot;:&quot;&quot;,&quot;caption&quot;:&quot;&quot;,&quot;created_timestamp&quot;:&quot;0&quot;,&quot;copyright&quot;:&quot;&quot;,&quot;focal_length&quot;:&quot;0&quot;,&quot;iso&quot;:&quot;0&quot;,&quot;shutter_speed&quot;:&quot;0&quot;,&quot;title&quot;:&quot;&quot;,&quot;orientation&quot;:&quot;0&quot;}\" data-image-title=\"Inter-Lombardini22-36\" data-image-description=\"\" data-image-caption=\"\" data-medium-file=\"https:\/\/socialdesignmagazine.com\/mag\/wp-content\/uploads\/2019\/08\/Inter-Lombardini22-36-438x283.jpg\" data-large-file=\"https:\/\/socialdesignmagazine.com\/mag\/wp-content\/uploads\/2019\/08\/Inter-Lombardini22-36-1024x642.jpg\" src=\"https:\/\/socialdesignmagazine.com\/mag\/wp-content\/uploads\/2019\/08\/Inter-Lombardini22-36-1024x642.jpg\" alt=\"\" class=\"wp-image-38260\" srcset=\"https:\/\/socialdesignmagazine.com\/mag\/wp-content\/uploads\/2019\/08\/Inter-Lombardini22-36-1024x642.jpg 1024w, https:\/\/socialdesignmagazine.com\/mag\/wp-content\/uploads\/2019\/08\/Inter-Lombardini22-36-768x481.jpg 768w, https:\/\/socialdesignmagazine.com\/mag\/wp-content\/uploads\/2019\/08\/Inter-Lombardini22-36.jpg 1200w\" sizes=\"auto, (max-width: 1024px) 100vw, 1024px\" \/><\/figure>\n\n\n\n<blockquote class=\"wp-block-quote is-style-large is-layout-flow wp-block-quote-is-layout-flow\"><p>Siamo davvero contenti di questo progetto \u2013 afferma Alessandro Adamo, direttore DEGW e partner Lombardini22 \u2013 perch\u00e9 \u00e8 il frutto di un grande processo di partecipazione e di co-design. Un processo che ci ha visti letteralmente immersi nel mondo nerazzurro, a respirare il clima che ha alimentato ci\u00f2 che stavamo facendo giorno per giorno. <\/p><p>Ci sentiamo di ringraziare tutti coloro che ci hanno accompagnato in questa esperienza, in particolare il Presidente Steven Zhang che non ha mai fatto mancare la sua preziosa collaborazione. <\/p><p>Il risultato ci soddisfa pienamente \u2013 conclude Adamo \u2013 perch\u00e9 riteniamo di essere riusciti a rappresentare una realt\u00e0 complessa in un edificio che \u00e8 insieme luogo di lavoro, di eventi e presenze speciali, di media e comunicazione, di sport e soprattutto di potente immaginario collettivo.<\/p><\/blockquote>\n\n\n\n<h3 class=\"wp-block-heading\">Informazioni sul progetto<\/h3>\n\n\n\n<p><strong>Cliente:<\/strong> Internazionale Milano 1908 Spa<br><strong>Luogo:<\/strong> Milano, viale della Liberazione 16-18<br><strong>Area:<\/strong> 4.000 metri quadrati<br><strong>Tipologia:<\/strong> Uffici<br><strong>Fine lavori:<\/strong> 2019<br><strong>Building: <\/strong>Atelier(s) Alfonso Femia<br><strong>DEGW: interior design, fit out, direzione lavori<\/strong><br><strong>Client leader:<\/strong> Alessandro Adamo<br><strong>Design leader:<\/strong> Giuseppe Pepe <br><strong>Senior architect:<\/strong> Valeria Romanelli<br><strong>Architect:<\/strong> Maria Giovanna Manfredi, Lucia Torchiana<br><strong>FUD: Physical Branding, direzione artistica<\/strong><br><strong>Client leader:<\/strong> Domenico D\u2019Alessio<br><strong>Design leader:<\/strong> Lorenzo Casanova<br><strong>Designer:<\/strong> Nicol\u00f2 Gerico, Pietro Cedone, Paolo Piccinini<br><strong>Fotografie:<\/strong> Marco Cappelletti<\/p>\n","protected":false,"gt_translate_keys":[{"key":"rendered","format":"html"}]},"excerpt":{"rendered":"<p>La nuova sfida di DEGW e FUD del gruppo Lombardini22: ridare vita a uno spazio elegante e senza tempo dall\u2019essenza neroazzurra.<\/p>\n","protected":false,"gt_translate_keys":[{"key":"rendered","format":"html"}]},"author":1,"featured_media":38255,"comment_status":"open","ping_status":"open","sticky":false,"template":"","format":"standard","meta":{"jetpack_post_was_ever_published":false,"_jetpack_newsletter_access":"","_jetpack_dont_email_post_to_subs":false,"_jetpack_newsletter_tier_id":0,"_jetpack_memberships_contains_paywalled_content":false,"_jetpack_memberships_contains_paid_content":false,"footnotes":"","_wpscppro_dont_share_socialmedia":false,"_wpscppro_custom_social_share_image":0,"_facebook_share_type":"","_twitter_share_type":"","_linkedin_share_type":"","_pinterest_share_type":"","_linkedin_share_type_page":"","_instagram_share_type":"","_medium_share_type":"","_threads_share_type":"","_google_business_share_type":"","_selected_social_profile":[],"_wpsp_enable_custom_social_template":false,"_wpsp_social_scheduling":{"enabled":false,"datetime":null,"platforms":[],"status":"template_only","dateOption":"today","timeOption":"now","customDays":"","customHours":"","customDate":"","customTime":"","schedulingType":"absolute"},"_wpsp_active_default_template":true},"categories":[15],"tags":[4077,2292,181,2998],"class_list":["post-38227","post","type-post","status-publish","format-standard","has-post-thumbnail","hentry","category-architettura","tag-brand","tag-interior-design","tag-milano","tag-office-design"],"yoast_head":"<!-- This site is optimized with the Yoast SEO plugin v27.2 - https:\/\/yoast.com\/product\/yoast-seo-wordpress\/ -->\n<title>Il nuovo Headquarter di FC Internazionale Milano. Un progetto di Lombardini22 - Social Design Magazine<\/title>\n<meta name=\"description\" content=\"La nuova sfida di DEGW e FUD del gruppo Lombardini22: ridare vita a uno spazio elegante e senza tempo dall\u2019essenza neroazzurra.\" \/>\n<meta name=\"robots\" content=\"index, follow, max-snippet:-1, max-image-preview:large, max-video-preview:-1\" \/>\n<link rel=\"canonical\" href=\"https:\/\/socialdesignmagazine.com\/mag\/architettura\/il-nuovo-headquarter-di-fc-internazionale-milano-un-progetto-di-lombardini22\/\" \/>\n<meta property=\"og:locale\" content=\"it_IT\" \/>\n<meta property=\"og:type\" content=\"article\" \/>\n<meta property=\"og:title\" content=\"Il nuovo Headquarter di FC Internazionale Milano. Un progetto di Lombardini22 - Social Design Magazine\" \/>\n<meta property=\"og:description\" content=\"La nuova sfida di DEGW e FUD del gruppo Lombardini22: ridare vita a uno spazio elegante e senza tempo dall\u2019essenza neroazzurra.\" \/>\n<meta property=\"og:url\" content=\"http:\/\/socialdesignmagazine.com\/mag\/architettura\/il-nuovo-headquarter-di-fc-internazionale-milano-un-progetto-di-lombardini22\/\" \/>\n<meta property=\"og:site_name\" content=\"Social Design Magazine\" \/>\n<meta property=\"article:publisher\" content=\"https:\/\/www.facebook.com\/socialdesignmag\" \/>\n<meta property=\"article:author\" content=\"https:\/\/www.facebook.com\/benedettofiori\" \/>\n<meta property=\"article:published_time\" content=\"2019-09-01T14:55:51+00:00\" \/>\n<meta property=\"og:image\" content=\"https:\/\/socialdesignmagazine.com\/mag\/wp-content\/uploads\/2019\/08\/Inter-Lombardini22-30.jpg\" \/>\n\t<meta property=\"og:image:width\" content=\"1200\" \/>\n\t<meta property=\"og:image:height\" content=\"800\" \/>\n\t<meta property=\"og:image:type\" content=\"image\/jpeg\" \/>\n<meta name=\"author\" content=\"Benedetto Fiori\" \/>\n<meta name=\"twitter:card\" content=\"summary_large_image\" \/>\n<meta name=\"twitter:creator\" content=\"@benedettofiori\" \/>\n<meta name=\"twitter:site\" content=\"@socialdesignmag\" \/>\n<meta name=\"twitter:label1\" content=\"Scritto da\" \/>\n\t<meta name=\"twitter:data1\" content=\"Benedetto Fiori\" \/>\n\t<meta name=\"twitter:label2\" content=\"Tempo di lettura stimato\" \/>\n\t<meta name=\"twitter:data2\" content=\"8 minuti\" \/>\n<script type=\"application\/ld+json\" class=\"yoast-schema-graph\">{\"@context\":\"https:\/\/schema.org\",\"@graph\":[{\"@type\":\"Article\",\"@id\":\"https:\/\/socialdesignmagazine.com\/mag\/architettura\/il-nuovo-headquarter-di-fc-internazionale-milano-un-progetto-di-lombardini22\/#article\",\"isPartOf\":{\"@id\":\"https:\/\/socialdesignmagazine.com\/mag\/architettura\/il-nuovo-headquarter-di-fc-internazionale-milano-un-progetto-di-lombardini22\/\"},\"author\":{\"name\":\"Benedetto Fiori\",\"@id\":\"https:\/\/socialdesignmagazine.com\/mag\/#\/schema\/person\/61e20205cc363c315e6aabd33a045846\"},\"headline\":\"Il nuovo Headquarter di FC Internazionale Milano. Un progetto di Lombardini22\",\"datePublished\":\"2019-09-01T14:55:51+00:00\",\"mainEntityOfPage\":{\"@id\":\"https:\/\/socialdesignmagazine.com\/mag\/architettura\/il-nuovo-headquarter-di-fc-internazionale-milano-un-progetto-di-lombardini22\/\"},\"wordCount\":1558,\"commentCount\":0,\"publisher\":{\"@id\":\"https:\/\/socialdesignmagazine.com\/mag\/#organization\"},\"image\":{\"@id\":\"https:\/\/socialdesignmagazine.com\/mag\/architettura\/il-nuovo-headquarter-di-fc-internazionale-milano-un-progetto-di-lombardini22\/#primaryimage\"},\"thumbnailUrl\":\"https:\/\/socialdesignmagazine.com\/mag\/wp-content\/uploads\/2019\/08\/Inter-Lombardini22-30.jpg\",\"keywords\":[\"brand\",\"interior design\",\"milano\",\"office design\"],\"articleSection\":[\"Architettura\"],\"inLanguage\":\"it-IT\",\"potentialAction\":[{\"@type\":\"CommentAction\",\"name\":\"Comment\",\"target\":[\"https:\/\/socialdesignmagazine.com\/mag\/architettura\/il-nuovo-headquarter-di-fc-internazionale-milano-un-progetto-di-lombardini22\/#respond\"]}]},{\"@type\":\"WebPage\",\"@id\":\"https:\/\/socialdesignmagazine.com\/mag\/architettura\/il-nuovo-headquarter-di-fc-internazionale-milano-un-progetto-di-lombardini22\/\",\"url\":\"https:\/\/socialdesignmagazine.com\/mag\/architettura\/il-nuovo-headquarter-di-fc-internazionale-milano-un-progetto-di-lombardini22\/\",\"name\":\"Il nuovo Headquarter di FC Internazionale Milano. Un progetto di Lombardini22 - Social Design Magazine\",\"isPartOf\":{\"@id\":\"https:\/\/socialdesignmagazine.com\/mag\/#website\"},\"primaryImageOfPage\":{\"@id\":\"https:\/\/socialdesignmagazine.com\/mag\/architettura\/il-nuovo-headquarter-di-fc-internazionale-milano-un-progetto-di-lombardini22\/#primaryimage\"},\"image\":{\"@id\":\"https:\/\/socialdesignmagazine.com\/mag\/architettura\/il-nuovo-headquarter-di-fc-internazionale-milano-un-progetto-di-lombardini22\/#primaryimage\"},\"thumbnailUrl\":\"https:\/\/socialdesignmagazine.com\/mag\/wp-content\/uploads\/2019\/08\/Inter-Lombardini22-30.jpg\",\"datePublished\":\"2019-09-01T14:55:51+00:00\",\"description\":\"La nuova sfida di DEGW e FUD del gruppo Lombardini22: ridare vita a uno spazio elegante e senza tempo dall\u2019essenza neroazzurra.\",\"breadcrumb\":{\"@id\":\"https:\/\/socialdesignmagazine.com\/mag\/architettura\/il-nuovo-headquarter-di-fc-internazionale-milano-un-progetto-di-lombardini22\/#breadcrumb\"},\"inLanguage\":\"it-IT\",\"potentialAction\":[{\"@type\":\"ReadAction\",\"target\":[\"https:\/\/socialdesignmagazine.com\/mag\/architettura\/il-nuovo-headquarter-di-fc-internazionale-milano-un-progetto-di-lombardini22\/\"]}]},{\"@type\":\"ImageObject\",\"inLanguage\":\"it-IT\",\"@id\":\"https:\/\/socialdesignmagazine.com\/mag\/architettura\/il-nuovo-headquarter-di-fc-internazionale-milano-un-progetto-di-lombardini22\/#primaryimage\",\"url\":\"https:\/\/socialdesignmagazine.com\/mag\/wp-content\/uploads\/2019\/08\/Inter-Lombardini22-30.jpg\",\"contentUrl\":\"https:\/\/socialdesignmagazine.com\/mag\/wp-content\/uploads\/2019\/08\/Inter-Lombardini22-30.jpg\",\"width\":1200,\"height\":800},{\"@type\":\"BreadcrumbList\",\"@id\":\"https:\/\/socialdesignmagazine.com\/mag\/architettura\/il-nuovo-headquarter-di-fc-internazionale-milano-un-progetto-di-lombardini22\/#breadcrumb\",\"itemListElement\":[{\"@type\":\"ListItem\",\"position\":1,\"name\":\"Home\",\"item\":\"https:\/\/socialdesignmagazine.com\/mag\/\"},{\"@type\":\"ListItem\",\"position\":2,\"name\":\"Architettura\",\"item\":\"https:\/\/socialdesignmagazine.com\/mag\/architettura\/\"},{\"@type\":\"ListItem\",\"position\":3,\"name\":\"Il nuovo Headquarter di FC Internazionale Milano. Un progetto di Lombardini22\"}]},{\"@type\":\"WebSite\",\"@id\":\"https:\/\/socialdesignmagazine.com\/mag\/#website\",\"url\":\"https:\/\/socialdesignmagazine.com\/mag\/\",\"name\":\"Social Design Magazine\",\"description\":\"Social Magazine su Design, Architettura, Arte, Grafica\",\"publisher\":{\"@id\":\"https:\/\/socialdesignmagazine.com\/mag\/#organization\"},\"potentialAction\":[{\"@type\":\"SearchAction\",\"target\":{\"@type\":\"EntryPoint\",\"urlTemplate\":\"https:\/\/socialdesignmagazine.com\/mag\/?s={search_term_string}\"},\"query-input\":{\"@type\":\"PropertyValueSpecification\",\"valueRequired\":true,\"valueName\":\"search_term_string\"}}],\"inLanguage\":\"it-IT\"},{\"@type\":\"Organization\",\"@id\":\"https:\/\/socialdesignmagazine.com\/mag\/#organization\",\"name\":\"Social Design Magazine\",\"url\":\"https:\/\/socialdesignmagazine.com\/mag\/\",\"logo\":{\"@type\":\"ImageObject\",\"inLanguage\":\"it-IT\",\"@id\":\"https:\/\/socialdesignmagazine.com\/mag\/#\/schema\/logo\/image\/\",\"url\":\"https:\/\/socialdesignmagazine.com\/mag\/wp-content\/uploads\/2017\/01\/logo_favicon_11.png\",\"contentUrl\":\"https:\/\/socialdesignmagazine.com\/mag\/wp-content\/uploads\/2017\/01\/logo_favicon_11.png\",\"width\":1024,\"height\":1024,\"caption\":\"Social Design Magazine\"},\"image\":{\"@id\":\"https:\/\/socialdesignmagazine.com\/mag\/#\/schema\/logo\/image\/\"},\"sameAs\":[\"https:\/\/www.facebook.com\/socialdesignmag\",\"https:\/\/x.com\/socialdesignmag\",\"http:\/\/instagram.com\/social_design_magazine\/\",\"http:\/\/pinterest.com\/socialdesignmag\/\",\"http:\/\/www.youtube.com\/user\/socialdesignmagazine\"]},{\"@type\":\"Person\",\"@id\":\"https:\/\/socialdesignmagazine.com\/mag\/#\/schema\/person\/61e20205cc363c315e6aabd33a045846\",\"name\":\"Benedetto Fiori\",\"image\":{\"@type\":\"ImageObject\",\"inLanguage\":\"it-IT\",\"@id\":\"https:\/\/secure.gravatar.com\/avatar\/450a48cefa36da63d920ad70aa660bd10725b1c6093800242e5efdb397759033?s=96&d=mm&r=g\",\"url\":\"https:\/\/secure.gravatar.com\/avatar\/450a48cefa36da63d920ad70aa660bd10725b1c6093800242e5efdb397759033?s=96&d=mm&r=g\",\"contentUrl\":\"https:\/\/secure.gravatar.com\/avatar\/450a48cefa36da63d920ad70aa660bd10725b1c6093800242e5efdb397759033?s=96&d=mm&r=g\",\"caption\":\"Benedetto Fiori\"},\"description\":\"Web | Twitter | Facebook | Shutterstock Founder &amp; Editor in Chief di Social Design Magazine. Attratto da sempre da tutto ci\u00f2 che \u00e8 creativit\u00e0, design, architettura. Dopo aver studiato Architettura all'Universit\u00e0 di Firenze, si \u00e8 impegnato in molteplici campi: comunicazione grafica, progettazione di allestimenti fieristici, brand design, Interior Design.\",\"sameAs\":[\"http:\/\/benedettofiori.com\",\"https:\/\/www.facebook.com\/benedettofiori\",\"https:\/\/x.com\/benedettofiori\"],\"url\":\"https:\/\/socialdesignmagazine.com\/mag\/author\/benedetto\/\"}]}<\/script>\n<!-- \/ Yoast SEO plugin. -->","yoast_head_json":{"title":"Il nuovo Headquarter di FC Internazionale Milano. Un progetto di Lombardini22 - Social Design Magazine","description":"La nuova sfida di DEGW e FUD del gruppo Lombardini22: ridare vita a uno spazio elegante e senza tempo dall\u2019essenza neroazzurra.","robots":{"index":"index","follow":"follow","max-snippet":"max-snippet:-1","max-image-preview":"max-image-preview:large","max-video-preview":"max-video-preview:-1"},"canonical":"https:\/\/socialdesignmagazine.com\/mag\/architettura\/il-nuovo-headquarter-di-fc-internazionale-milano-un-progetto-di-lombardini22\/","og_locale":"it_IT","og_type":"article","og_title":"Il nuovo Headquarter di FC Internazionale Milano. Un progetto di Lombardini22 - Social Design Magazine","og_description":"La nuova sfida di DEGW e FUD del gruppo Lombardini22: ridare vita a uno spazio elegante e senza tempo dall\u2019essenza neroazzurra.","og_url":"http:\/\/socialdesignmagazine.com\/mag\/architettura\/il-nuovo-headquarter-di-fc-internazionale-milano-un-progetto-di-lombardini22\/","og_site_name":"Social Design Magazine","article_publisher":"https:\/\/www.facebook.com\/socialdesignmag","article_author":"https:\/\/www.facebook.com\/benedettofiori","article_published_time":"2019-09-01T14:55:51+00:00","og_image":[{"width":1200,"height":800,"url":"https:\/\/socialdesignmagazine.com\/mag\/wp-content\/uploads\/2019\/08\/Inter-Lombardini22-30.jpg","type":"image\/jpeg"}],"author":"Benedetto Fiori","twitter_card":"summary_large_image","twitter_creator":"@benedettofiori","twitter_site":"@socialdesignmag","twitter_misc":{"Scritto da":"Benedetto Fiori","Tempo di lettura stimato":"8 minuti"},"schema":{"@context":"https:\/\/schema.org","@graph":[{"@type":"Article","@id":"https:\/\/socialdesignmagazine.com\/mag\/architettura\/il-nuovo-headquarter-di-fc-internazionale-milano-un-progetto-di-lombardini22\/#article","isPartOf":{"@id":"https:\/\/socialdesignmagazine.com\/mag\/architettura\/il-nuovo-headquarter-di-fc-internazionale-milano-un-progetto-di-lombardini22\/"},"author":{"name":"Benedetto Fiori","@id":"https:\/\/socialdesignmagazine.com\/mag\/#\/schema\/person\/61e20205cc363c315e6aabd33a045846"},"headline":"Il nuovo Headquarter di FC Internazionale Milano. Un progetto di Lombardini22","datePublished":"2019-09-01T14:55:51+00:00","mainEntityOfPage":{"@id":"https:\/\/socialdesignmagazine.com\/mag\/architettura\/il-nuovo-headquarter-di-fc-internazionale-milano-un-progetto-di-lombardini22\/"},"wordCount":1558,"commentCount":0,"publisher":{"@id":"https:\/\/socialdesignmagazine.com\/mag\/#organization"},"image":{"@id":"https:\/\/socialdesignmagazine.com\/mag\/architettura\/il-nuovo-headquarter-di-fc-internazionale-milano-un-progetto-di-lombardini22\/#primaryimage"},"thumbnailUrl":"https:\/\/socialdesignmagazine.com\/mag\/wp-content\/uploads\/2019\/08\/Inter-Lombardini22-30.jpg","keywords":["brand","interior design","milano","office design"],"articleSection":["Architettura"],"inLanguage":"it-IT","potentialAction":[{"@type":"CommentAction","name":"Comment","target":["https:\/\/socialdesignmagazine.com\/mag\/architettura\/il-nuovo-headquarter-di-fc-internazionale-milano-un-progetto-di-lombardini22\/#respond"]}]},{"@type":"WebPage","@id":"https:\/\/socialdesignmagazine.com\/mag\/architettura\/il-nuovo-headquarter-di-fc-internazionale-milano-un-progetto-di-lombardini22\/","url":"https:\/\/socialdesignmagazine.com\/mag\/architettura\/il-nuovo-headquarter-di-fc-internazionale-milano-un-progetto-di-lombardini22\/","name":"Il nuovo Headquarter di FC Internazionale Milano. Un progetto di Lombardini22 - Social Design Magazine","isPartOf":{"@id":"https:\/\/socialdesignmagazine.com\/mag\/#website"},"primaryImageOfPage":{"@id":"https:\/\/socialdesignmagazine.com\/mag\/architettura\/il-nuovo-headquarter-di-fc-internazionale-milano-un-progetto-di-lombardini22\/#primaryimage"},"image":{"@id":"https:\/\/socialdesignmagazine.com\/mag\/architettura\/il-nuovo-headquarter-di-fc-internazionale-milano-un-progetto-di-lombardini22\/#primaryimage"},"thumbnailUrl":"https:\/\/socialdesignmagazine.com\/mag\/wp-content\/uploads\/2019\/08\/Inter-Lombardini22-30.jpg","datePublished":"2019-09-01T14:55:51+00:00","description":"La nuova sfida di DEGW e FUD del gruppo Lombardini22: ridare vita a uno spazio elegante e senza tempo dall\u2019essenza neroazzurra.","breadcrumb":{"@id":"https:\/\/socialdesignmagazine.com\/mag\/architettura\/il-nuovo-headquarter-di-fc-internazionale-milano-un-progetto-di-lombardini22\/#breadcrumb"},"inLanguage":"it-IT","potentialAction":[{"@type":"ReadAction","target":["https:\/\/socialdesignmagazine.com\/mag\/architettura\/il-nuovo-headquarter-di-fc-internazionale-milano-un-progetto-di-lombardini22\/"]}]},{"@type":"ImageObject","inLanguage":"it-IT","@id":"https:\/\/socialdesignmagazine.com\/mag\/architettura\/il-nuovo-headquarter-di-fc-internazionale-milano-un-progetto-di-lombardini22\/#primaryimage","url":"https:\/\/socialdesignmagazine.com\/mag\/wp-content\/uploads\/2019\/08\/Inter-Lombardini22-30.jpg","contentUrl":"https:\/\/socialdesignmagazine.com\/mag\/wp-content\/uploads\/2019\/08\/Inter-Lombardini22-30.jpg","width":1200,"height":800},{"@type":"BreadcrumbList","@id":"https:\/\/socialdesignmagazine.com\/mag\/architettura\/il-nuovo-headquarter-di-fc-internazionale-milano-un-progetto-di-lombardini22\/#breadcrumb","itemListElement":[{"@type":"ListItem","position":1,"name":"Home","item":"https:\/\/socialdesignmagazine.com\/mag\/"},{"@type":"ListItem","position":2,"name":"Architettura","item":"https:\/\/socialdesignmagazine.com\/mag\/architettura\/"},{"@type":"ListItem","position":3,"name":"Il nuovo Headquarter di FC Internazionale Milano. Un progetto di Lombardini22"}]},{"@type":"WebSite","@id":"https:\/\/socialdesignmagazine.com\/mag\/#website","url":"https:\/\/socialdesignmagazine.com\/mag\/","name":"Social Design Magazine","description":"Social Magazine su Design, Architettura, Arte, Grafica","publisher":{"@id":"https:\/\/socialdesignmagazine.com\/mag\/#organization"},"potentialAction":[{"@type":"SearchAction","target":{"@type":"EntryPoint","urlTemplate":"https:\/\/socialdesignmagazine.com\/mag\/?s={search_term_string}"},"query-input":{"@type":"PropertyValueSpecification","valueRequired":true,"valueName":"search_term_string"}}],"inLanguage":"it-IT"},{"@type":"Organization","@id":"https:\/\/socialdesignmagazine.com\/mag\/#organization","name":"Social Design Magazine","url":"https:\/\/socialdesignmagazine.com\/mag\/","logo":{"@type":"ImageObject","inLanguage":"it-IT","@id":"https:\/\/socialdesignmagazine.com\/mag\/#\/schema\/logo\/image\/","url":"https:\/\/socialdesignmagazine.com\/mag\/wp-content\/uploads\/2017\/01\/logo_favicon_11.png","contentUrl":"https:\/\/socialdesignmagazine.com\/mag\/wp-content\/uploads\/2017\/01\/logo_favicon_11.png","width":1024,"height":1024,"caption":"Social Design Magazine"},"image":{"@id":"https:\/\/socialdesignmagazine.com\/mag\/#\/schema\/logo\/image\/"},"sameAs":["https:\/\/www.facebook.com\/socialdesignmag","https:\/\/x.com\/socialdesignmag","http:\/\/instagram.com\/social_design_magazine\/","http:\/\/pinterest.com\/socialdesignmag\/","http:\/\/www.youtube.com\/user\/socialdesignmagazine"]},{"@type":"Person","@id":"https:\/\/socialdesignmagazine.com\/mag\/#\/schema\/person\/61e20205cc363c315e6aabd33a045846","name":"Benedetto Fiori","image":{"@type":"ImageObject","inLanguage":"it-IT","@id":"https:\/\/secure.gravatar.com\/avatar\/450a48cefa36da63d920ad70aa660bd10725b1c6093800242e5efdb397759033?s=96&d=mm&r=g","url":"https:\/\/secure.gravatar.com\/avatar\/450a48cefa36da63d920ad70aa660bd10725b1c6093800242e5efdb397759033?s=96&d=mm&r=g","contentUrl":"https:\/\/secure.gravatar.com\/avatar\/450a48cefa36da63d920ad70aa660bd10725b1c6093800242e5efdb397759033?s=96&d=mm&r=g","caption":"Benedetto Fiori"},"description":"Web | Twitter | Facebook | Shutterstock Founder &amp; Editor in Chief di Social Design Magazine. Attratto da sempre da tutto ci\u00f2 che \u00e8 creativit\u00e0, design, architettura. Dopo aver studiato Architettura all'Universit\u00e0 di Firenze, si \u00e8 impegnato in molteplici campi: comunicazione grafica, progettazione di allestimenti fieristici, brand design, Interior Design.","sameAs":["http:\/\/benedettofiori.com","https:\/\/www.facebook.com\/benedettofiori","https:\/\/x.com\/benedettofiori"],"url":"https:\/\/socialdesignmagazine.com\/mag\/author\/benedetto\/"}]}},"jetpack_featured_media_url":"https:\/\/socialdesignmagazine.com\/mag\/wp-content\/uploads\/2019\/08\/Inter-Lombardini22-30.jpg","jetpack_sharing_enabled":true,"jetpack_shortlink":"https:\/\/wp.me\/p6cV7V-9Wz","gt_translate_keys":[{"key":"link","format":"url"}],"_links":{"self":[{"href":"https:\/\/socialdesignmagazine.com\/mag\/wp-json\/wp\/v2\/posts\/38227","targetHints":{"allow":["GET"]}}],"collection":[{"href":"https:\/\/socialdesignmagazine.com\/mag\/wp-json\/wp\/v2\/posts"}],"about":[{"href":"https:\/\/socialdesignmagazine.com\/mag\/wp-json\/wp\/v2\/types\/post"}],"author":[{"embeddable":true,"href":"https:\/\/socialdesignmagazine.com\/mag\/wp-json\/wp\/v2\/users\/1"}],"replies":[{"embeddable":true,"href":"https:\/\/socialdesignmagazine.com\/mag\/wp-json\/wp\/v2\/comments?post=38227"}],"version-history":[{"count":9,"href":"https:\/\/socialdesignmagazine.com\/mag\/wp-json\/wp\/v2\/posts\/38227\/revisions"}],"predecessor-version":[{"id":38284,"href":"https:\/\/socialdesignmagazine.com\/mag\/wp-json\/wp\/v2\/posts\/38227\/revisions\/38284"}],"wp:featuredmedia":[{"embeddable":true,"href":"https:\/\/socialdesignmagazine.com\/mag\/wp-json\/wp\/v2\/media\/38255"}],"wp:attachment":[{"href":"https:\/\/socialdesignmagazine.com\/mag\/wp-json\/wp\/v2\/media?parent=38227"}],"wp:term":[{"taxonomy":"category","embeddable":true,"href":"https:\/\/socialdesignmagazine.com\/mag\/wp-json\/wp\/v2\/categories?post=38227"},{"taxonomy":"post_tag","embeddable":true,"href":"https:\/\/socialdesignmagazine.com\/mag\/wp-json\/wp\/v2\/tags?post=38227"}],"curies":[{"name":"wp","href":"https:\/\/api.w.org\/{rel}","templated":true}]}}