{"id":38317,"date":"2019-09-03T10:23:59","date_gmt":"2019-09-03T08:23:59","guid":{"rendered":"https:\/\/socialdesignmagazine.com\/mag\/?p=38317"},"modified":"2019-09-19T07:52:54","modified_gmt":"2019-09-19T05:52:54","slug":"famous-bathrooms-la-mostra-tematica-al-cersaie-2019","status":"publish","type":"post","link":"https:\/\/socialdesignmagazine.com\/mag\/news\/design-news\/famous-bathrooms-la-mostra-tematica-al-cersaie-2019\/","title":{"rendered":"FAMOUS BATHROOMS la mostra tematica al Cersaie 2019","gt_translate_keys":[{"key":"rendered","format":"text"}]},"content":{"rendered":"\n<p>Stanze da bagno ispirate a grandi personaggi che hanno fatto la storia, dove ogni set diventa un racconto in cui spiccano le eccellenze dell\u2019Italian Style. <\/p>\n\n\n\n<p><strong>Famous Bathrooms<\/strong> \u00e8 il titolo della mostra tematica di <strong><a href=\"https:\/\/socialdesignmagazine.com\/mag\/blog\/design-news\/cersaie-2019-novita-e-tendenze-da-non-perdere-su-ceramiche-pavimenti-rivestimenti-arredo-bagno\/\">Cersaie<\/a><\/strong><a href=\"https:\/\/socialdesignmagazine.com\/mag\/blog\/design-news\/cersaie-2019-novita-e-tendenze-da-non-perdere-su-ceramiche-pavimenti-rivestimenti-arredo-bagno\/\"> <\/a><strong><a href=\"https:\/\/socialdesignmagazine.com\/mag\/blog\/design-news\/cersaie-2019-novita-e-tendenze-da-non-perdere-su-ceramiche-pavimenti-rivestimenti-arredo-bagno\/\">2019<\/a><\/strong>, il salone internazionale della ceramica per l\u2019architettura e dell\u2019arredobagno, in scena a <strong>Bologna dal 23 al 27 settembre<\/strong>. <\/p>\n\n\n\n<p>Allestita all\u2019interno del <strong>Padiglione 30<\/strong> della Fiera, la mostra, con la sua vocazione trasversale sia per tipologia di prodotti sia per mood espositivo, arricchisce ulteriormente l\u2019offerta culturale di Cersaie e giunge quest\u2019anno alla sesta edizione segnando anche un nuovo corso all\u2019interno dello stesso format. <\/p>\n\n\n\n<p>I due curatori, <strong>Angelo Dall\u2019Aglio<\/strong> e <strong>Davide Vercelli<\/strong>, hanno scelto un modello espositivo inedito, a met\u00e0 tra la galleria d\u2019arte &#8211; per cui ogni set avr\u00e0 pochi pezzi selezionati e ben esibiti &#8211; e la classica fiera. Rispetto alle edizioni precedenti, da quest\u2019anno ad ogni azienda verr\u00e0 infatti destinato uno spazio autonomo, ben riconoscibile e personalizzato con il proprio logo.<\/p>\n\n\n\n<figure class=\"wp-block-image\"><img loading=\"lazy\" decoding=\"async\" width=\"1024\" height=\"819\" data-attachment-id=\"38319\" data-permalink=\"https:\/\/socialdesignmagazine.com\/mag\/news\/design-news\/famous-bathrooms-la-mostra-tematica-al-cersaie-2019\/attachment\/famous-bathrooms-cersaie-2019-02-james-bond\/#content\" data-orig-file=\"https:\/\/socialdesignmagazine.com\/mag\/wp-content\/uploads\/2019\/09\/FAMOUS-BATHROOMS-cersaie-2019-02-James-Bond.jpg\" data-orig-size=\"1200,960\" data-comments-opened=\"1\" data-image-meta=\"{&quot;aperture&quot;:&quot;0&quot;,&quot;credit&quot;:&quot;&quot;,&quot;camera&quot;:&quot;&quot;,&quot;caption&quot;:&quot;&quot;,&quot;created_timestamp&quot;:&quot;0&quot;,&quot;copyright&quot;:&quot;&quot;,&quot;focal_length&quot;:&quot;0&quot;,&quot;iso&quot;:&quot;0&quot;,&quot;shutter_speed&quot;:&quot;0&quot;,&quot;title&quot;:&quot;&quot;,&quot;orientation&quot;:&quot;0&quot;}\" data-image-title=\"FAMOUS-BATHROOMS-cersaie-2019-02-James-Bond\" data-image-description=\"\" data-image-caption=\"\" data-medium-file=\"https:\/\/socialdesignmagazine.com\/mag\/wp-content\/uploads\/2019\/09\/FAMOUS-BATHROOMS-cersaie-2019-02-James-Bond-438x283.jpg\" data-large-file=\"https:\/\/socialdesignmagazine.com\/mag\/wp-content\/uploads\/2019\/09\/FAMOUS-BATHROOMS-cersaie-2019-02-James-Bond-1024x819.jpg\" src=\"https:\/\/socialdesignmagazine.com\/mag\/wp-content\/uploads\/2019\/09\/FAMOUS-BATHROOMS-cersaie-2019-02-James-Bond-1024x819.jpg\" alt=\"FAMOUS BATHROOMS cersaie 2019\" class=\"wp-image-38319\" srcset=\"https:\/\/socialdesignmagazine.com\/mag\/wp-content\/uploads\/2019\/09\/FAMOUS-BATHROOMS-cersaie-2019-02-James-Bond-1024x819.jpg 1024w, https:\/\/socialdesignmagazine.com\/mag\/wp-content\/uploads\/2019\/09\/FAMOUS-BATHROOMS-cersaie-2019-02-James-Bond-768x614.jpg 768w, https:\/\/socialdesignmagazine.com\/mag\/wp-content\/uploads\/2019\/09\/FAMOUS-BATHROOMS-cersaie-2019-02-James-Bond.jpg 1200w\" sizes=\"auto, (max-width: 1024px) 100vw, 1024px\" \/><\/figure>\n\n\n\n<p>Entrando nel vivo della mostra, il focus di Famous Bathrooms sar\u00e0 sulla libera interpretazione di <strong>ambienti bagno ispirati da personaggi che hanno fatto la storia<\/strong>: dai Beatles a Sigmund Freud, da Coco Chanel a Piet Mondrian, da Le Corbusier a Maria Callas. <\/p>\n\n\n\n<p>Partendo dal presupposto che la  stanza da bagno sia il regno del benessere, da arredare e personalizzare, oltre che l\u2019ambiente pi\u00f9 vicino ai settori merceologici di Cersaie, Famous Bathrooms presenter\u00e0 una serie di ambienti bagno collegati a tanti nomi di figure affascinanti che si sono distinte in vari ambiti (arte, cultura, scienze, musica, cinema, etc.) dalla classicit\u00e0 ad oggi. <\/p>\n\n\n\n<figure class=\"wp-block-image\"><img loading=\"lazy\" decoding=\"async\" width=\"1024\" height=\"819\" data-attachment-id=\"38320\" data-permalink=\"https:\/\/socialdesignmagazine.com\/mag\/news\/design-news\/famous-bathrooms-la-mostra-tematica-al-cersaie-2019\/attachment\/famous-bathrooms-cersaie-2019-03-toulouse-lautrec\/#content\" data-orig-file=\"https:\/\/socialdesignmagazine.com\/mag\/wp-content\/uploads\/2019\/09\/FAMOUS-BATHROOMS-cersaie-2019-03-Toulouse-Lautrec.jpg\" data-orig-size=\"1200,960\" data-comments-opened=\"1\" data-image-meta=\"{&quot;aperture&quot;:&quot;0&quot;,&quot;credit&quot;:&quot;&quot;,&quot;camera&quot;:&quot;&quot;,&quot;caption&quot;:&quot;&quot;,&quot;created_timestamp&quot;:&quot;0&quot;,&quot;copyright&quot;:&quot;&quot;,&quot;focal_length&quot;:&quot;0&quot;,&quot;iso&quot;:&quot;0&quot;,&quot;shutter_speed&quot;:&quot;0&quot;,&quot;title&quot;:&quot;&quot;,&quot;orientation&quot;:&quot;0&quot;}\" data-image-title=\"FAMOUS-BATHROOMS-cersaie-2019-03-Toulouse-Lautrec\" data-image-description=\"\" data-image-caption=\"\" data-medium-file=\"https:\/\/socialdesignmagazine.com\/mag\/wp-content\/uploads\/2019\/09\/FAMOUS-BATHROOMS-cersaie-2019-03-Toulouse-Lautrec-438x283.jpg\" data-large-file=\"https:\/\/socialdesignmagazine.com\/mag\/wp-content\/uploads\/2019\/09\/FAMOUS-BATHROOMS-cersaie-2019-03-Toulouse-Lautrec-1024x819.jpg\" src=\"https:\/\/socialdesignmagazine.com\/mag\/wp-content\/uploads\/2019\/09\/FAMOUS-BATHROOMS-cersaie-2019-03-Toulouse-Lautrec-1024x819.jpg\" alt=\"FAMOUS BATHROOMS cersaie 2019\" class=\"wp-image-38320\" srcset=\"https:\/\/socialdesignmagazine.com\/mag\/wp-content\/uploads\/2019\/09\/FAMOUS-BATHROOMS-cersaie-2019-03-Toulouse-Lautrec-1024x819.jpg 1024w, https:\/\/socialdesignmagazine.com\/mag\/wp-content\/uploads\/2019\/09\/FAMOUS-BATHROOMS-cersaie-2019-03-Toulouse-Lautrec-768x614.jpg 768w, https:\/\/socialdesignmagazine.com\/mag\/wp-content\/uploads\/2019\/09\/FAMOUS-BATHROOMS-cersaie-2019-03-Toulouse-Lautrec.jpg 1200w\" sizes=\"auto, (max-width: 1024px) 100vw, 1024px\" \/><\/figure>\n\n\n\n<p>Il risultato sar\u00e0 ironico, divertente, dissacrante e, sicuramente, incuriosir\u00e0 i visitatori della fiera. E non mancheranno anche tante proposte da cui farsi ispirare. Il focus della manifestazione saranno le aziende e i loro prodotti di alto design, di qualit\u00e0 e senza tempo.<\/p>\n\n\n\n<p><strong>A inaugurare la mostra sar\u00e0 Philippe Daverio<\/strong>. I visitatori di Famous Bathrooms saranno accolti in uno spazio suggestivo, in cui ogni allestimento diventa un luogo intimo e a s\u00e9 stante, un racconto emozionante in cui spiccano le eccellenze e le innovazioni dell\u2019Italian Style e non solo. <\/p>\n\n\n\n<figure class=\"wp-block-image\"><img loading=\"lazy\" decoding=\"async\" width=\"1024\" height=\"819\" data-attachment-id=\"38321\" data-permalink=\"https:\/\/socialdesignmagazine.com\/mag\/news\/design-news\/famous-bathrooms-la-mostra-tematica-al-cersaie-2019\/attachment\/famous-bathrooms-cersaie-2019-04-leonardo\/#content\" data-orig-file=\"https:\/\/socialdesignmagazine.com\/mag\/wp-content\/uploads\/2019\/09\/FAMOUS-BATHROOMS-cersaie-2019-04-Leonardo.jpg\" data-orig-size=\"1200,960\" data-comments-opened=\"1\" data-image-meta=\"{&quot;aperture&quot;:&quot;0&quot;,&quot;credit&quot;:&quot;&quot;,&quot;camera&quot;:&quot;&quot;,&quot;caption&quot;:&quot;&quot;,&quot;created_timestamp&quot;:&quot;0&quot;,&quot;copyright&quot;:&quot;&quot;,&quot;focal_length&quot;:&quot;0&quot;,&quot;iso&quot;:&quot;0&quot;,&quot;shutter_speed&quot;:&quot;0&quot;,&quot;title&quot;:&quot;&quot;,&quot;orientation&quot;:&quot;0&quot;}\" data-image-title=\"FAMOUS-BATHROOMS-cersaie-2019-04-Leonardo\" data-image-description=\"\" data-image-caption=\"\" data-medium-file=\"https:\/\/socialdesignmagazine.com\/mag\/wp-content\/uploads\/2019\/09\/FAMOUS-BATHROOMS-cersaie-2019-04-Leonardo-438x283.jpg\" data-large-file=\"https:\/\/socialdesignmagazine.com\/mag\/wp-content\/uploads\/2019\/09\/FAMOUS-BATHROOMS-cersaie-2019-04-Leonardo-1024x819.jpg\" src=\"https:\/\/socialdesignmagazine.com\/mag\/wp-content\/uploads\/2019\/09\/FAMOUS-BATHROOMS-cersaie-2019-04-Leonardo-1024x819.jpg\" alt=\"FAMOUS BATHROOMS cersaie 2019\" class=\"wp-image-38321\" srcset=\"https:\/\/socialdesignmagazine.com\/mag\/wp-content\/uploads\/2019\/09\/FAMOUS-BATHROOMS-cersaie-2019-04-Leonardo-1024x819.jpg 1024w, https:\/\/socialdesignmagazine.com\/mag\/wp-content\/uploads\/2019\/09\/FAMOUS-BATHROOMS-cersaie-2019-04-Leonardo-768x614.jpg 768w, https:\/\/socialdesignmagazine.com\/mag\/wp-content\/uploads\/2019\/09\/FAMOUS-BATHROOMS-cersaie-2019-04-Leonardo.jpg 1200w\" sizes=\"auto, (max-width: 1024px) 100vw, 1024px\" \/><\/figure>\n\n\n\n<p><strong>Nell\u2019area centrale<\/strong> ci sar\u00e0 invece uno spazio dedicato ai talks in programma e una zona lounge dove si terranno incontri, dibattiti, premiazioni e degustazioni di vini. Come per l\u2019edizione passata <strong>si rinnova la collaborazione con la Bologna Design Week<\/strong>: in centro citt\u00e0, nel Quadrivio di Galleria Cavour sar\u00e0 presente un &#8220;portale&#8221; che richiamer\u00e0 la mostra.<\/p>\n\n\n\n<p><strong>Forte del successo riportato nei cinque precedenti appuntamenti<\/strong> &#8211; CerSea nel 2014, CerStile nel 2015, CerSail Italian Style Concept nel 2016, <a href=\"https:\/\/socialdesignmagazine.com\/mag\/blog\/architettura-news\/32611\/\">Milleluci<\/a> nel 2017, <a href=\"https:\/\/socialdesignmagazine.com\/mag\/blog\/design-news\/the-sounfd-of-design-al-cersaie-2018-in-mostra-litalian-style-tra-musica-e-design\/\">The Sound of Design Italian Style Contract<\/a> nel 2018 &#8211; con un totale di 44.7000 visitatori e 283 aziende partecipanti &#8211; la mostra tematica di Cersaie 2019 mette in relazione una selezione di aziende di elevato profilo con un pubblico internazionale di acquirenti, oltre a professionisti alla continua ricerca di nuovi spunti creativi.<\/p>\n\n\n\n<figure class=\"wp-block-image\"><img loading=\"lazy\" decoding=\"async\" width=\"1024\" height=\"683\" data-attachment-id=\"38322\" data-permalink=\"https:\/\/socialdesignmagazine.com\/mag\/news\/design-news\/famous-bathrooms-la-mostra-tematica-al-cersaie-2019\/attachment\/famous-bathrooms-cersaie-2019-keyvisual-visualizzazione\/#content\" data-orig-file=\"https:\/\/socialdesignmagazine.com\/mag\/wp-content\/uploads\/2019\/09\/FAMOUS-BATHROOMS-cersaie-2019-keyvisual-visualizzazione.jpg\" data-orig-size=\"1200,800\" data-comments-opened=\"1\" data-image-meta=\"{&quot;aperture&quot;:&quot;0&quot;,&quot;credit&quot;:&quot;&quot;,&quot;camera&quot;:&quot;&quot;,&quot;caption&quot;:&quot;&quot;,&quot;created_timestamp&quot;:&quot;0&quot;,&quot;copyright&quot;:&quot;&quot;,&quot;focal_length&quot;:&quot;0&quot;,&quot;iso&quot;:&quot;0&quot;,&quot;shutter_speed&quot;:&quot;0&quot;,&quot;title&quot;:&quot;&quot;,&quot;orientation&quot;:&quot;0&quot;}\" data-image-title=\"FAMOUS-BATHROOMS-cersaie-2019-keyvisual-visualizzazione\" data-image-description=\"\" data-image-caption=\"\" data-medium-file=\"https:\/\/socialdesignmagazine.com\/mag\/wp-content\/uploads\/2019\/09\/FAMOUS-BATHROOMS-cersaie-2019-keyvisual-visualizzazione-438x283.jpg\" data-large-file=\"https:\/\/socialdesignmagazine.com\/mag\/wp-content\/uploads\/2019\/09\/FAMOUS-BATHROOMS-cersaie-2019-keyvisual-visualizzazione-1024x683.jpg\" src=\"https:\/\/socialdesignmagazine.com\/mag\/wp-content\/uploads\/2019\/09\/FAMOUS-BATHROOMS-cersaie-2019-keyvisual-visualizzazione-1024x683.jpg\" alt=\"FAMOUS BATHROOMS cersaie 2019\" class=\"wp-image-38322\" srcset=\"https:\/\/socialdesignmagazine.com\/mag\/wp-content\/uploads\/2019\/09\/FAMOUS-BATHROOMS-cersaie-2019-keyvisual-visualizzazione-1024x683.jpg 1024w, https:\/\/socialdesignmagazine.com\/mag\/wp-content\/uploads\/2019\/09\/FAMOUS-BATHROOMS-cersaie-2019-keyvisual-visualizzazione-100x66.jpg 100w, https:\/\/socialdesignmagazine.com\/mag\/wp-content\/uploads\/2019\/09\/FAMOUS-BATHROOMS-cersaie-2019-keyvisual-visualizzazione-768x512.jpg 768w, https:\/\/socialdesignmagazine.com\/mag\/wp-content\/uploads\/2019\/09\/FAMOUS-BATHROOMS-cersaie-2019-keyvisual-visualizzazione.jpg 1200w\" sizes=\"auto, (max-width: 1024px) 100vw, 1024px\" \/><\/figure>\n","protected":false,"gt_translate_keys":[{"key":"rendered","format":"html"}]},"excerpt":{"rendered":"<p>Stanze da bagno ispirate a grandi personaggi che hanno fatto la storia, dove ogni set diventa un racconto in cui spiccano le eccellenze dell\u2019Italian Style.<\/p>\n","protected":false,"gt_translate_keys":[{"key":"rendered","format":"html"}]},"author":1,"featured_media":38318,"comment_status":"open","ping_status":"open","sticky":false,"template":"","format":"standard","meta":{"jetpack_post_was_ever_published":false,"_jetpack_newsletter_access":"","_jetpack_dont_email_post_to_subs":false,"_jetpack_newsletter_tier_id":0,"_jetpack_memberships_contains_paywalled_content":false,"_jetpack_memberships_contains_paid_content":false,"footnotes":"","_wpscppro_dont_share_socialmedia":false,"_wpscppro_custom_social_share_image":0,"_facebook_share_type":"","_twitter_share_type":"","_linkedin_share_type":"","_pinterest_share_type":"","_linkedin_share_type_page":"","_instagram_share_type":"","_medium_share_type":"","_threads_share_type":"","_google_business_share_type":"","_selected_social_profile":[],"_wpsp_enable_custom_social_template":false,"_wpsp_social_scheduling":{"enabled":false,"datetime":null,"platforms":[],"status":"template_only","dateOption":"today","timeOption":"now","customDays":"","customHours":"","customDate":"","customTime":"","schedulingType":"absolute"},"_wpsp_active_default_template":true},"categories":[17],"tags":[1598,1668,1599,4858,5916,2628,4040],"class_list":["post-38317","post","type-post","status-publish","format-standard","has-post-thumbnail","hentry","category-design-news","tag-arredo-bagno","tag-arredobagno","tag-ceramica","tag-cersaie","tag-cersaie-2019","tag-pavimenti","tag-rivestimenti"],"yoast_head":"<!-- This site is optimized with the Yoast SEO plugin v27.2 - https:\/\/yoast.com\/product\/yoast-seo-wordpress\/ -->\n<title>FAMOUS BATHROOMS la mostra tematica al Cersaie 2019 - Social Design Magazine<\/title>\n<meta name=\"description\" content=\"Stanze da bagno ispirate a grandi personaggi che hanno fatto la storia, dove ogni set diventa un racconto in cui spiccano le eccellenze dell\u2019Italian Style.\" \/>\n<meta name=\"robots\" content=\"index, follow, max-snippet:-1, max-image-preview:large, max-video-preview:-1\" \/>\n<link rel=\"canonical\" href=\"https:\/\/socialdesignmagazine.com\/mag\/news\/design-news\/famous-bathrooms-la-mostra-tematica-al-cersaie-2019\/\" \/>\n<meta property=\"og:locale\" content=\"it_IT\" \/>\n<meta property=\"og:type\" content=\"article\" \/>\n<meta property=\"og:title\" content=\"FAMOUS BATHROOMS la mostra tematica al Cersaie 2019 - Social Design Magazine\" \/>\n<meta property=\"og:description\" content=\"Stanze da bagno ispirate a grandi personaggi che hanno fatto la storia, dove ogni set diventa un racconto in cui spiccano le eccellenze dell\u2019Italian Style.\" \/>\n<meta property=\"og:url\" content=\"http:\/\/socialdesignmagazine.com\/mag\/news\/design-news\/famous-bathrooms-la-mostra-tematica-al-cersaie-2019\/\" \/>\n<meta property=\"og:site_name\" content=\"Social Design Magazine\" \/>\n<meta property=\"article:publisher\" content=\"https:\/\/www.facebook.com\/socialdesignmag\" \/>\n<meta property=\"article:author\" content=\"https:\/\/www.facebook.com\/benedettofiori\" \/>\n<meta property=\"article:published_time\" content=\"2019-09-03T08:23:59+00:00\" \/>\n<meta property=\"article:modified_time\" content=\"2019-09-19T05:52:54+00:00\" \/>\n<meta property=\"og:image\" content=\"https:\/\/socialdesignmagazine.com\/mag\/wp-content\/uploads\/2019\/09\/FAMOUS-BATHROOMS-cersaie-2019-01-Beatles.jpg\" \/>\n\t<meta property=\"og:image:width\" content=\"1200\" \/>\n\t<meta property=\"og:image:height\" content=\"960\" \/>\n\t<meta property=\"og:image:type\" content=\"image\/jpeg\" \/>\n<meta name=\"author\" content=\"Benedetto Fiori\" \/>\n<meta name=\"twitter:card\" content=\"summary_large_image\" \/>\n<meta name=\"twitter:creator\" content=\"@benedettofiori\" \/>\n<meta name=\"twitter:site\" content=\"@socialdesignmag\" \/>\n<meta name=\"twitter:label1\" content=\"Scritto da\" \/>\n\t<meta name=\"twitter:data1\" content=\"Benedetto Fiori\" \/>\n\t<meta name=\"twitter:label2\" content=\"Tempo di lettura stimato\" \/>\n\t<meta name=\"twitter:data2\" content=\"2 minuti\" \/>\n<script type=\"application\/ld+json\" class=\"yoast-schema-graph\">{\"@context\":\"https:\/\/schema.org\",\"@graph\":[{\"@type\":\"Article\",\"@id\":\"https:\/\/socialdesignmagazine.com\/mag\/news\/design-news\/famous-bathrooms-la-mostra-tematica-al-cersaie-2019\/#article\",\"isPartOf\":{\"@id\":\"https:\/\/socialdesignmagazine.com\/mag\/news\/design-news\/famous-bathrooms-la-mostra-tematica-al-cersaie-2019\/\"},\"author\":{\"name\":\"Benedetto Fiori\",\"@id\":\"https:\/\/socialdesignmagazine.com\/mag\/#\/schema\/person\/61e20205cc363c315e6aabd33a045846\"},\"headline\":\"FAMOUS BATHROOMS la mostra tematica al Cersaie 2019\",\"datePublished\":\"2019-09-03T08:23:59+00:00\",\"dateModified\":\"2019-09-19T05:52:54+00:00\",\"mainEntityOfPage\":{\"@id\":\"https:\/\/socialdesignmagazine.com\/mag\/news\/design-news\/famous-bathrooms-la-mostra-tematica-al-cersaie-2019\/\"},\"wordCount\":487,\"commentCount\":0,\"publisher\":{\"@id\":\"https:\/\/socialdesignmagazine.com\/mag\/#organization\"},\"image\":{\"@id\":\"https:\/\/socialdesignmagazine.com\/mag\/news\/design-news\/famous-bathrooms-la-mostra-tematica-al-cersaie-2019\/#primaryimage\"},\"thumbnailUrl\":\"https:\/\/socialdesignmagazine.com\/mag\/wp-content\/uploads\/2019\/09\/FAMOUS-BATHROOMS-cersaie-2019-01-Beatles.jpg\",\"keywords\":[\"arredo bagno\",\"arredobagno\",\"ceramica\",\"cersaie\",\"cersaie 2019\",\"pavimenti\",\"rivestimenti\"],\"articleSection\":[\"Design News\"],\"inLanguage\":\"it-IT\",\"potentialAction\":[{\"@type\":\"CommentAction\",\"name\":\"Comment\",\"target\":[\"https:\/\/socialdesignmagazine.com\/mag\/news\/design-news\/famous-bathrooms-la-mostra-tematica-al-cersaie-2019\/#respond\"]}]},{\"@type\":\"WebPage\",\"@id\":\"https:\/\/socialdesignmagazine.com\/mag\/news\/design-news\/famous-bathrooms-la-mostra-tematica-al-cersaie-2019\/\",\"url\":\"https:\/\/socialdesignmagazine.com\/mag\/news\/design-news\/famous-bathrooms-la-mostra-tematica-al-cersaie-2019\/\",\"name\":\"FAMOUS BATHROOMS la mostra tematica al Cersaie 2019 - Social Design Magazine\",\"isPartOf\":{\"@id\":\"https:\/\/socialdesignmagazine.com\/mag\/#website\"},\"primaryImageOfPage\":{\"@id\":\"https:\/\/socialdesignmagazine.com\/mag\/news\/design-news\/famous-bathrooms-la-mostra-tematica-al-cersaie-2019\/#primaryimage\"},\"image\":{\"@id\":\"https:\/\/socialdesignmagazine.com\/mag\/news\/design-news\/famous-bathrooms-la-mostra-tematica-al-cersaie-2019\/#primaryimage\"},\"thumbnailUrl\":\"https:\/\/socialdesignmagazine.com\/mag\/wp-content\/uploads\/2019\/09\/FAMOUS-BATHROOMS-cersaie-2019-01-Beatles.jpg\",\"datePublished\":\"2019-09-03T08:23:59+00:00\",\"dateModified\":\"2019-09-19T05:52:54+00:00\",\"description\":\"Stanze da bagno ispirate a grandi personaggi che hanno fatto la storia, dove ogni set diventa un racconto in cui spiccano le eccellenze dell\u2019Italian Style.\",\"breadcrumb\":{\"@id\":\"https:\/\/socialdesignmagazine.com\/mag\/news\/design-news\/famous-bathrooms-la-mostra-tematica-al-cersaie-2019\/#breadcrumb\"},\"inLanguage\":\"it-IT\",\"potentialAction\":[{\"@type\":\"ReadAction\",\"target\":[\"https:\/\/socialdesignmagazine.com\/mag\/news\/design-news\/famous-bathrooms-la-mostra-tematica-al-cersaie-2019\/\"]}]},{\"@type\":\"ImageObject\",\"inLanguage\":\"it-IT\",\"@id\":\"https:\/\/socialdesignmagazine.com\/mag\/news\/design-news\/famous-bathrooms-la-mostra-tematica-al-cersaie-2019\/#primaryimage\",\"url\":\"https:\/\/socialdesignmagazine.com\/mag\/wp-content\/uploads\/2019\/09\/FAMOUS-BATHROOMS-cersaie-2019-01-Beatles.jpg\",\"contentUrl\":\"https:\/\/socialdesignmagazine.com\/mag\/wp-content\/uploads\/2019\/09\/FAMOUS-BATHROOMS-cersaie-2019-01-Beatles.jpg\",\"width\":1200,\"height\":960,\"caption\":\"FAMOUS BATHROOMS Cersaie 2019, Beatles\"},{\"@type\":\"BreadcrumbList\",\"@id\":\"https:\/\/socialdesignmagazine.com\/mag\/news\/design-news\/famous-bathrooms-la-mostra-tematica-al-cersaie-2019\/#breadcrumb\",\"itemListElement\":[{\"@type\":\"ListItem\",\"position\":1,\"name\":\"Home\",\"item\":\"https:\/\/socialdesignmagazine.com\/mag\/\"},{\"@type\":\"ListItem\",\"position\":2,\"name\":\"News\",\"item\":\"https:\/\/socialdesignmagazine.com\/mag\/news\/\"},{\"@type\":\"ListItem\",\"position\":3,\"name\":\"Design News\",\"item\":\"https:\/\/socialdesignmagazine.com\/mag\/news\/design-news\/\"},{\"@type\":\"ListItem\",\"position\":4,\"name\":\"FAMOUS BATHROOMS la mostra tematica al Cersaie 2019\"}]},{\"@type\":\"WebSite\",\"@id\":\"https:\/\/socialdesignmagazine.com\/mag\/#website\",\"url\":\"https:\/\/socialdesignmagazine.com\/mag\/\",\"name\":\"Social Design Magazine\",\"description\":\"Social Magazine su Design, Architettura, Arte, Grafica\",\"publisher\":{\"@id\":\"https:\/\/socialdesignmagazine.com\/mag\/#organization\"},\"potentialAction\":[{\"@type\":\"SearchAction\",\"target\":{\"@type\":\"EntryPoint\",\"urlTemplate\":\"https:\/\/socialdesignmagazine.com\/mag\/?s={search_term_string}\"},\"query-input\":{\"@type\":\"PropertyValueSpecification\",\"valueRequired\":true,\"valueName\":\"search_term_string\"}}],\"inLanguage\":\"it-IT\"},{\"@type\":\"Organization\",\"@id\":\"https:\/\/socialdesignmagazine.com\/mag\/#organization\",\"name\":\"Social Design Magazine\",\"url\":\"https:\/\/socialdesignmagazine.com\/mag\/\",\"logo\":{\"@type\":\"ImageObject\",\"inLanguage\":\"it-IT\",\"@id\":\"https:\/\/socialdesignmagazine.com\/mag\/#\/schema\/logo\/image\/\",\"url\":\"https:\/\/socialdesignmagazine.com\/mag\/wp-content\/uploads\/2017\/01\/logo_favicon_11.png\",\"contentUrl\":\"https:\/\/socialdesignmagazine.com\/mag\/wp-content\/uploads\/2017\/01\/logo_favicon_11.png\",\"width\":1024,\"height\":1024,\"caption\":\"Social Design Magazine\"},\"image\":{\"@id\":\"https:\/\/socialdesignmagazine.com\/mag\/#\/schema\/logo\/image\/\"},\"sameAs\":[\"https:\/\/www.facebook.com\/socialdesignmag\",\"https:\/\/x.com\/socialdesignmag\",\"http:\/\/instagram.com\/social_design_magazine\/\",\"http:\/\/pinterest.com\/socialdesignmag\/\",\"http:\/\/www.youtube.com\/user\/socialdesignmagazine\"]},{\"@type\":\"Person\",\"@id\":\"https:\/\/socialdesignmagazine.com\/mag\/#\/schema\/person\/61e20205cc363c315e6aabd33a045846\",\"name\":\"Benedetto Fiori\",\"image\":{\"@type\":\"ImageObject\",\"inLanguage\":\"it-IT\",\"@id\":\"https:\/\/secure.gravatar.com\/avatar\/450a48cefa36da63d920ad70aa660bd10725b1c6093800242e5efdb397759033?s=96&d=mm&r=g\",\"url\":\"https:\/\/secure.gravatar.com\/avatar\/450a48cefa36da63d920ad70aa660bd10725b1c6093800242e5efdb397759033?s=96&d=mm&r=g\",\"contentUrl\":\"https:\/\/secure.gravatar.com\/avatar\/450a48cefa36da63d920ad70aa660bd10725b1c6093800242e5efdb397759033?s=96&d=mm&r=g\",\"caption\":\"Benedetto Fiori\"},\"description\":\"Web | Twitter | Facebook | Shutterstock Founder &amp; Editor in Chief di Social Design Magazine. Attratto da sempre da tutto ci\u00f2 che \u00e8 creativit\u00e0, design, architettura. Dopo aver studiato Architettura all'Universit\u00e0 di Firenze, si \u00e8 impegnato in molteplici campi: comunicazione grafica, progettazione di allestimenti fieristici, brand design, Interior Design.\",\"sameAs\":[\"http:\/\/benedettofiori.com\",\"https:\/\/www.facebook.com\/benedettofiori\",\"https:\/\/x.com\/benedettofiori\"],\"url\":\"https:\/\/socialdesignmagazine.com\/mag\/author\/benedetto\/\"}]}<\/script>\n<!-- \/ Yoast SEO plugin. -->","yoast_head_json":{"title":"FAMOUS BATHROOMS la mostra tematica al Cersaie 2019 - Social Design Magazine","description":"Stanze da bagno ispirate a grandi personaggi che hanno fatto la storia, dove ogni set diventa un racconto in cui spiccano le eccellenze dell\u2019Italian Style.","robots":{"index":"index","follow":"follow","max-snippet":"max-snippet:-1","max-image-preview":"max-image-preview:large","max-video-preview":"max-video-preview:-1"},"canonical":"https:\/\/socialdesignmagazine.com\/mag\/news\/design-news\/famous-bathrooms-la-mostra-tematica-al-cersaie-2019\/","og_locale":"it_IT","og_type":"article","og_title":"FAMOUS BATHROOMS la mostra tematica al Cersaie 2019 - Social Design Magazine","og_description":"Stanze da bagno ispirate a grandi personaggi che hanno fatto la storia, dove ogni set diventa un racconto in cui spiccano le eccellenze dell\u2019Italian Style.","og_url":"http:\/\/socialdesignmagazine.com\/mag\/news\/design-news\/famous-bathrooms-la-mostra-tematica-al-cersaie-2019\/","og_site_name":"Social Design Magazine","article_publisher":"https:\/\/www.facebook.com\/socialdesignmag","article_author":"https:\/\/www.facebook.com\/benedettofiori","article_published_time":"2019-09-03T08:23:59+00:00","article_modified_time":"2019-09-19T05:52:54+00:00","og_image":[{"width":1200,"height":960,"url":"https:\/\/socialdesignmagazine.com\/mag\/wp-content\/uploads\/2019\/09\/FAMOUS-BATHROOMS-cersaie-2019-01-Beatles.jpg","type":"image\/jpeg"}],"author":"Benedetto Fiori","twitter_card":"summary_large_image","twitter_creator":"@benedettofiori","twitter_site":"@socialdesignmag","twitter_misc":{"Scritto da":"Benedetto Fiori","Tempo di lettura stimato":"2 minuti"},"schema":{"@context":"https:\/\/schema.org","@graph":[{"@type":"Article","@id":"https:\/\/socialdesignmagazine.com\/mag\/news\/design-news\/famous-bathrooms-la-mostra-tematica-al-cersaie-2019\/#article","isPartOf":{"@id":"https:\/\/socialdesignmagazine.com\/mag\/news\/design-news\/famous-bathrooms-la-mostra-tematica-al-cersaie-2019\/"},"author":{"name":"Benedetto Fiori","@id":"https:\/\/socialdesignmagazine.com\/mag\/#\/schema\/person\/61e20205cc363c315e6aabd33a045846"},"headline":"FAMOUS BATHROOMS la mostra tematica al Cersaie 2019","datePublished":"2019-09-03T08:23:59+00:00","dateModified":"2019-09-19T05:52:54+00:00","mainEntityOfPage":{"@id":"https:\/\/socialdesignmagazine.com\/mag\/news\/design-news\/famous-bathrooms-la-mostra-tematica-al-cersaie-2019\/"},"wordCount":487,"commentCount":0,"publisher":{"@id":"https:\/\/socialdesignmagazine.com\/mag\/#organization"},"image":{"@id":"https:\/\/socialdesignmagazine.com\/mag\/news\/design-news\/famous-bathrooms-la-mostra-tematica-al-cersaie-2019\/#primaryimage"},"thumbnailUrl":"https:\/\/socialdesignmagazine.com\/mag\/wp-content\/uploads\/2019\/09\/FAMOUS-BATHROOMS-cersaie-2019-01-Beatles.jpg","keywords":["arredo bagno","arredobagno","ceramica","cersaie","cersaie 2019","pavimenti","rivestimenti"],"articleSection":["Design News"],"inLanguage":"it-IT","potentialAction":[{"@type":"CommentAction","name":"Comment","target":["https:\/\/socialdesignmagazine.com\/mag\/news\/design-news\/famous-bathrooms-la-mostra-tematica-al-cersaie-2019\/#respond"]}]},{"@type":"WebPage","@id":"https:\/\/socialdesignmagazine.com\/mag\/news\/design-news\/famous-bathrooms-la-mostra-tematica-al-cersaie-2019\/","url":"https:\/\/socialdesignmagazine.com\/mag\/news\/design-news\/famous-bathrooms-la-mostra-tematica-al-cersaie-2019\/","name":"FAMOUS BATHROOMS la mostra tematica al Cersaie 2019 - Social Design Magazine","isPartOf":{"@id":"https:\/\/socialdesignmagazine.com\/mag\/#website"},"primaryImageOfPage":{"@id":"https:\/\/socialdesignmagazine.com\/mag\/news\/design-news\/famous-bathrooms-la-mostra-tematica-al-cersaie-2019\/#primaryimage"},"image":{"@id":"https:\/\/socialdesignmagazine.com\/mag\/news\/design-news\/famous-bathrooms-la-mostra-tematica-al-cersaie-2019\/#primaryimage"},"thumbnailUrl":"https:\/\/socialdesignmagazine.com\/mag\/wp-content\/uploads\/2019\/09\/FAMOUS-BATHROOMS-cersaie-2019-01-Beatles.jpg","datePublished":"2019-09-03T08:23:59+00:00","dateModified":"2019-09-19T05:52:54+00:00","description":"Stanze da bagno ispirate a grandi personaggi che hanno fatto la storia, dove ogni set diventa un racconto in cui spiccano le eccellenze dell\u2019Italian Style.","breadcrumb":{"@id":"https:\/\/socialdesignmagazine.com\/mag\/news\/design-news\/famous-bathrooms-la-mostra-tematica-al-cersaie-2019\/#breadcrumb"},"inLanguage":"it-IT","potentialAction":[{"@type":"ReadAction","target":["https:\/\/socialdesignmagazine.com\/mag\/news\/design-news\/famous-bathrooms-la-mostra-tematica-al-cersaie-2019\/"]}]},{"@type":"ImageObject","inLanguage":"it-IT","@id":"https:\/\/socialdesignmagazine.com\/mag\/news\/design-news\/famous-bathrooms-la-mostra-tematica-al-cersaie-2019\/#primaryimage","url":"https:\/\/socialdesignmagazine.com\/mag\/wp-content\/uploads\/2019\/09\/FAMOUS-BATHROOMS-cersaie-2019-01-Beatles.jpg","contentUrl":"https:\/\/socialdesignmagazine.com\/mag\/wp-content\/uploads\/2019\/09\/FAMOUS-BATHROOMS-cersaie-2019-01-Beatles.jpg","width":1200,"height":960,"caption":"FAMOUS BATHROOMS Cersaie 2019, Beatles"},{"@type":"BreadcrumbList","@id":"https:\/\/socialdesignmagazine.com\/mag\/news\/design-news\/famous-bathrooms-la-mostra-tematica-al-cersaie-2019\/#breadcrumb","itemListElement":[{"@type":"ListItem","position":1,"name":"Home","item":"https:\/\/socialdesignmagazine.com\/mag\/"},{"@type":"ListItem","position":2,"name":"News","item":"https:\/\/socialdesignmagazine.com\/mag\/news\/"},{"@type":"ListItem","position":3,"name":"Design News","item":"https:\/\/socialdesignmagazine.com\/mag\/news\/design-news\/"},{"@type":"ListItem","position":4,"name":"FAMOUS BATHROOMS la mostra tematica al Cersaie 2019"}]},{"@type":"WebSite","@id":"https:\/\/socialdesignmagazine.com\/mag\/#website","url":"https:\/\/socialdesignmagazine.com\/mag\/","name":"Social Design Magazine","description":"Social Magazine su Design, Architettura, Arte, Grafica","publisher":{"@id":"https:\/\/socialdesignmagazine.com\/mag\/#organization"},"potentialAction":[{"@type":"SearchAction","target":{"@type":"EntryPoint","urlTemplate":"https:\/\/socialdesignmagazine.com\/mag\/?s={search_term_string}"},"query-input":{"@type":"PropertyValueSpecification","valueRequired":true,"valueName":"search_term_string"}}],"inLanguage":"it-IT"},{"@type":"Organization","@id":"https:\/\/socialdesignmagazine.com\/mag\/#organization","name":"Social Design Magazine","url":"https:\/\/socialdesignmagazine.com\/mag\/","logo":{"@type":"ImageObject","inLanguage":"it-IT","@id":"https:\/\/socialdesignmagazine.com\/mag\/#\/schema\/logo\/image\/","url":"https:\/\/socialdesignmagazine.com\/mag\/wp-content\/uploads\/2017\/01\/logo_favicon_11.png","contentUrl":"https:\/\/socialdesignmagazine.com\/mag\/wp-content\/uploads\/2017\/01\/logo_favicon_11.png","width":1024,"height":1024,"caption":"Social Design Magazine"},"image":{"@id":"https:\/\/socialdesignmagazine.com\/mag\/#\/schema\/logo\/image\/"},"sameAs":["https:\/\/www.facebook.com\/socialdesignmag","https:\/\/x.com\/socialdesignmag","http:\/\/instagram.com\/social_design_magazine\/","http:\/\/pinterest.com\/socialdesignmag\/","http:\/\/www.youtube.com\/user\/socialdesignmagazine"]},{"@type":"Person","@id":"https:\/\/socialdesignmagazine.com\/mag\/#\/schema\/person\/61e20205cc363c315e6aabd33a045846","name":"Benedetto Fiori","image":{"@type":"ImageObject","inLanguage":"it-IT","@id":"https:\/\/secure.gravatar.com\/avatar\/450a48cefa36da63d920ad70aa660bd10725b1c6093800242e5efdb397759033?s=96&d=mm&r=g","url":"https:\/\/secure.gravatar.com\/avatar\/450a48cefa36da63d920ad70aa660bd10725b1c6093800242e5efdb397759033?s=96&d=mm&r=g","contentUrl":"https:\/\/secure.gravatar.com\/avatar\/450a48cefa36da63d920ad70aa660bd10725b1c6093800242e5efdb397759033?s=96&d=mm&r=g","caption":"Benedetto Fiori"},"description":"Web | Twitter | Facebook | Shutterstock Founder &amp; Editor in Chief di Social Design Magazine. Attratto da sempre da tutto ci\u00f2 che \u00e8 creativit\u00e0, design, architettura. Dopo aver studiato Architettura all'Universit\u00e0 di Firenze, si \u00e8 impegnato in molteplici campi: comunicazione grafica, progettazione di allestimenti fieristici, brand design, Interior Design.","sameAs":["http:\/\/benedettofiori.com","https:\/\/www.facebook.com\/benedettofiori","https:\/\/x.com\/benedettofiori"],"url":"https:\/\/socialdesignmagazine.com\/mag\/author\/benedetto\/"}]}},"jetpack_featured_media_url":"https:\/\/socialdesignmagazine.com\/mag\/wp-content\/uploads\/2019\/09\/FAMOUS-BATHROOMS-cersaie-2019-01-Beatles.jpg","jetpack_sharing_enabled":true,"jetpack_shortlink":"https:\/\/wp.me\/p6cV7V-9Y1","gt_translate_keys":[{"key":"link","format":"url"}],"_links":{"self":[{"href":"https:\/\/socialdesignmagazine.com\/mag\/wp-json\/wp\/v2\/posts\/38317","targetHints":{"allow":["GET"]}}],"collection":[{"href":"https:\/\/socialdesignmagazine.com\/mag\/wp-json\/wp\/v2\/posts"}],"about":[{"href":"https:\/\/socialdesignmagazine.com\/mag\/wp-json\/wp\/v2\/types\/post"}],"author":[{"embeddable":true,"href":"https:\/\/socialdesignmagazine.com\/mag\/wp-json\/wp\/v2\/users\/1"}],"replies":[{"embeddable":true,"href":"https:\/\/socialdesignmagazine.com\/mag\/wp-json\/wp\/v2\/comments?post=38317"}],"version-history":[{"count":2,"href":"https:\/\/socialdesignmagazine.com\/mag\/wp-json\/wp\/v2\/posts\/38317\/revisions"}],"predecessor-version":[{"id":38604,"href":"https:\/\/socialdesignmagazine.com\/mag\/wp-json\/wp\/v2\/posts\/38317\/revisions\/38604"}],"wp:featuredmedia":[{"embeddable":true,"href":"https:\/\/socialdesignmagazine.com\/mag\/wp-json\/wp\/v2\/media\/38318"}],"wp:attachment":[{"href":"https:\/\/socialdesignmagazine.com\/mag\/wp-json\/wp\/v2\/media?parent=38317"}],"wp:term":[{"taxonomy":"category","embeddable":true,"href":"https:\/\/socialdesignmagazine.com\/mag\/wp-json\/wp\/v2\/categories?post=38317"},{"taxonomy":"post_tag","embeddable":true,"href":"https:\/\/socialdesignmagazine.com\/mag\/wp-json\/wp\/v2\/tags?post=38317"}],"curies":[{"name":"wp","href":"https:\/\/api.w.org\/{rel}","templated":true}]}}