{"id":38359,"date":"2019-09-07T15:05:31","date_gmt":"2019-09-07T13:05:31","guid":{"rendered":"https:\/\/socialdesignmagazine.com\/mag\/?p=38359"},"modified":"2021-06-03T00:26:40","modified_gmt":"2021-06-02T22:26:40","slug":"visionventure-il-concept-di-hymer-che-interpreta-il-futuro-del-camper-van","status":"publish","type":"post","link":"https:\/\/socialdesignmagazine.com\/mag\/design\/visionventure-il-concept-di-hymer-che-interpreta-il-futuro-del-camper-van\/","title":{"rendered":"VisionVenture, il concept di Hymer che interpreta il futuro del Camper Van","gt_translate_keys":[{"key":"rendered","format":"text"}]},"content":{"rendered":"\n<p>Ha debuttato al <strong>Caravan Salon 2019<\/strong> a D\u00fcsseldorf, il <strong>concept Hymer VisionVenture<\/strong>, che con un approccio diverso e pi\u00f9 emozionale cerca di esplorate il futuro del camper van pi\u00f9 precisamente, nell&#8217;anno 2025. <\/p>\n\n\n\n<p>Basato sull&#8217;ultimo&nbsp;Mercedes-Benz Sprinter 4X4, VisionVenture concept offre un <strong>design futuristico<\/strong>, un portellone posteriore che fa da terrazzo, un tetto a soffietto con pareti gonfiabili e un bagno dalle dimensioni modulabili in funzione dell&#8217;utilizzo.&nbsp;Per ottimizzare ulteriormente le proporzioni del telaio Sprinter, Hymer ha riprogettato i montanti anteriori, il cofano e il parabrezza del veicolo base.<\/p>\n\n\n\n<figure class=\"wp-block-gallery columns-1 is-cropped wp-block-gallery-1 is-layout-flex wp-block-gallery-is-layout-flex\"><ul class=\"blocks-gallery-grid\"><li class=\"blocks-gallery-item\"><figure><img loading=\"lazy\" decoding=\"async\" width=\"1024\" height=\"576\" data-attachment-id=\"38368\" data-permalink=\"https:\/\/socialdesignmagazine.com\/mag\/design\/visionventure-il-concept-di-hymer-che-interpreta-il-futuro-del-camper-van\/attachment\/hymer-visionventure-camper-van-concept-06\/#content\" data-orig-file=\"https:\/\/socialdesignmagazine.com\/mag\/wp-content\/uploads\/2019\/09\/hymer-visionventure-camper-van-concept-06.jpg\" data-orig-size=\"1200,675\" data-comments-opened=\"1\" data-image-meta=\"{&quot;aperture&quot;:&quot;0&quot;,&quot;credit&quot;:&quot;&quot;,&quot;camera&quot;:&quot;&quot;,&quot;caption&quot;:&quot;&quot;,&quot;created_timestamp&quot;:&quot;0&quot;,&quot;copyright&quot;:&quot;&quot;,&quot;focal_length&quot;:&quot;0&quot;,&quot;iso&quot;:&quot;0&quot;,&quot;shutter_speed&quot;:&quot;0&quot;,&quot;title&quot;:&quot;&quot;,&quot;orientation&quot;:&quot;0&quot;}\" data-image-title=\"hymer-visionventure-camper-van-concept-06\" data-image-description=\"\" data-image-caption=\"\" data-medium-file=\"https:\/\/socialdesignmagazine.com\/mag\/wp-content\/uploads\/2019\/09\/hymer-visionventure-camper-van-concept-06-438x283.jpg\" data-large-file=\"https:\/\/socialdesignmagazine.com\/mag\/wp-content\/uploads\/2019\/09\/hymer-visionventure-camper-van-concept-06-1024x576.jpg\" src=\"https:\/\/socialdesignmagazine.com\/mag\/wp-content\/uploads\/2019\/09\/hymer-visionventure-camper-van-concept-06-1024x576.jpg\" alt=\"\" data-id=\"38368\" data-link=\"https:\/\/socialdesignmagazine.com\/mag\/?attachment_id=38368#content\" class=\"wp-image-38368\" srcset=\"https:\/\/socialdesignmagazine.com\/mag\/wp-content\/uploads\/2019\/09\/hymer-visionventure-camper-van-concept-06-1024x576.jpg 1024w, https:\/\/socialdesignmagazine.com\/mag\/wp-content\/uploads\/2019\/09\/hymer-visionventure-camper-van-concept-06-768x432.jpg 768w, https:\/\/socialdesignmagazine.com\/mag\/wp-content\/uploads\/2019\/09\/hymer-visionventure-camper-van-concept-06.jpg 1200w\" sizes=\"auto, (max-width: 1024px) 100vw, 1024px\" \/><\/figure><\/li><li class=\"blocks-gallery-item\"><figure><img loading=\"lazy\" decoding=\"async\" width=\"1024\" height=\"576\" data-attachment-id=\"38369\" data-permalink=\"https:\/\/socialdesignmagazine.com\/mag\/design\/visionventure-il-concept-di-hymer-che-interpreta-il-futuro-del-camper-van\/attachment\/hymer-visionventure-camper-van-concept-07\/#content\" data-orig-file=\"https:\/\/socialdesignmagazine.com\/mag\/wp-content\/uploads\/2019\/09\/hymer-visionventure-camper-van-concept-07.jpg\" data-orig-size=\"1200,675\" data-comments-opened=\"1\" data-image-meta=\"{&quot;aperture&quot;:&quot;0&quot;,&quot;credit&quot;:&quot;&quot;,&quot;camera&quot;:&quot;&quot;,&quot;caption&quot;:&quot;&quot;,&quot;created_timestamp&quot;:&quot;0&quot;,&quot;copyright&quot;:&quot;&quot;,&quot;focal_length&quot;:&quot;0&quot;,&quot;iso&quot;:&quot;0&quot;,&quot;shutter_speed&quot;:&quot;0&quot;,&quot;title&quot;:&quot;&quot;,&quot;orientation&quot;:&quot;0&quot;}\" data-image-title=\"hymer-visionventure-camper-van-concept-07\" data-image-description=\"\" data-image-caption=\"\" data-medium-file=\"https:\/\/socialdesignmagazine.com\/mag\/wp-content\/uploads\/2019\/09\/hymer-visionventure-camper-van-concept-07-438x283.jpg\" data-large-file=\"https:\/\/socialdesignmagazine.com\/mag\/wp-content\/uploads\/2019\/09\/hymer-visionventure-camper-van-concept-07-1024x576.jpg\" src=\"https:\/\/socialdesignmagazine.com\/mag\/wp-content\/uploads\/2019\/09\/hymer-visionventure-camper-van-concept-07-1024x576.jpg\" alt=\"\" data-id=\"38369\" data-link=\"https:\/\/socialdesignmagazine.com\/mag\/?attachment_id=38369#content\" class=\"wp-image-38369\" srcset=\"https:\/\/socialdesignmagazine.com\/mag\/wp-content\/uploads\/2019\/09\/hymer-visionventure-camper-van-concept-07-1024x576.jpg 1024w, https:\/\/socialdesignmagazine.com\/mag\/wp-content\/uploads\/2019\/09\/hymer-visionventure-camper-van-concept-07-768x432.jpg 768w, https:\/\/socialdesignmagazine.com\/mag\/wp-content\/uploads\/2019\/09\/hymer-visionventure-camper-van-concept-07.jpg 1200w\" sizes=\"auto, (max-width: 1024px) 100vw, 1024px\" \/><\/figure><\/li><\/ul><\/figure>\n\n\n\n<p>Hymer ha collaborato con BASF per questo concept e quest&#8217;ultima ha fornito oltre <strong>20 materiali innovativi <\/strong>utilizzati nel&nbsp;camper.&nbsp;Alcuni di questi materiali aiutano a mantenere la temperatura del veicolo confortevole riducendo la temperatura della superficie esterna e mantenendo costante quella degli interni. Alcuni parti esterne del camper van, come i passaruota, sono stampati in 3D.<\/p>\n\n\n\n<figure class=\"wp-block-embed is-type-video is-provider-youtube wp-block-embed-youtube wp-embed-aspect-16-9 wp-has-aspect-ratio\"><div class=\"wp-block-embed__wrapper\">\n<iframe loading=\"lazy\" title=\"Vanlife exklusiv: HYMER Concept Car VisionVenture\" width=\"500\" height=\"281\" src=\"https:\/\/www.youtube.com\/embed\/gLoCHhPPC_Q?feature=oembed\" frameborder=\"0\" allow=\"accelerometer; autoplay; clipboard-write; encrypted-media; gyroscope; picture-in-picture; web-share\" referrerpolicy=\"strict-origin-when-cross-origin\" allowfullscreen><\/iframe>\n<\/div><\/figure>\n\n\n\n<p>Nonostante le sue dimensioni, il camper <strong>pu\u00f2 ospitare solo due adulti in un appartamento a due piani<\/strong> con un tetto a soffietto gonfiabile, che presenta pareti spesse circa 7 centimetri per un migliore isolamento.&nbsp;La zona superiore \u00e8 raggiungibile attraverso le scale e al piano superiore c&#8217;\u00e8 una sezione che si apre e forma un piccolo balcone. Per ottimizzare lo spazio, i gradini della scala sono stati utilizzati per creare degli spazi di stivaggio, soluzione che spesso si ritrova nelle <a href=\"https:\/\/socialdesignmagazine.com\/mag\/blog\/category\/tiny-houses\/\">Tiny Houses<\/a><\/p>\n\n\n\n<p>Il concept cos\u00ec com&#8217;\u00e8 non entrer\u00e0 in produzione, ma Hymer pensa di utilizzare alcune delle sue soluzioni nei suoi futuri camper van.<\/p>\n\n\n\n<figure class=\"wp-block-gallery columns-1 is-cropped wp-block-gallery-2 is-layout-flex wp-block-gallery-is-layout-flex\"><ul class=\"blocks-gallery-grid\"><li class=\"blocks-gallery-item\"><figure><img loading=\"lazy\" decoding=\"async\" width=\"1024\" height=\"576\" data-attachment-id=\"38363\" data-permalink=\"https:\/\/socialdesignmagazine.com\/mag\/design\/visionventure-il-concept-di-hymer-che-interpreta-il-futuro-del-camper-van\/attachment\/hymer-visionventure-camper-van-concept-01-1\/#content\" data-orig-file=\"https:\/\/socialdesignmagazine.com\/mag\/wp-content\/uploads\/2019\/09\/hymer-visionventure-camper-van-concept-01-1.jpg\" data-orig-size=\"1200,675\" data-comments-opened=\"1\" data-image-meta=\"{&quot;aperture&quot;:&quot;0&quot;,&quot;credit&quot;:&quot;&quot;,&quot;camera&quot;:&quot;&quot;,&quot;caption&quot;:&quot;&quot;,&quot;created_timestamp&quot;:&quot;0&quot;,&quot;copyright&quot;:&quot;&quot;,&quot;focal_length&quot;:&quot;0&quot;,&quot;iso&quot;:&quot;0&quot;,&quot;shutter_speed&quot;:&quot;0&quot;,&quot;title&quot;:&quot;&quot;,&quot;orientation&quot;:&quot;0&quot;}\" data-image-title=\"hymer-visionventure-camper-van-concept-01-1\" data-image-description=\"\" data-image-caption=\"\" data-medium-file=\"https:\/\/socialdesignmagazine.com\/mag\/wp-content\/uploads\/2019\/09\/hymer-visionventure-camper-van-concept-01-1-438x283.jpg\" data-large-file=\"https:\/\/socialdesignmagazine.com\/mag\/wp-content\/uploads\/2019\/09\/hymer-visionventure-camper-van-concept-01-1-1024x576.jpg\" src=\"https:\/\/socialdesignmagazine.com\/mag\/wp-content\/uploads\/2019\/09\/hymer-visionventure-camper-van-concept-01-1-1024x576.jpg\" alt=\"\" data-id=\"38363\" data-link=\"https:\/\/socialdesignmagazine.com\/mag\/?attachment_id=38363#content\" class=\"wp-image-38363\" srcset=\"https:\/\/socialdesignmagazine.com\/mag\/wp-content\/uploads\/2019\/09\/hymer-visionventure-camper-van-concept-01-1-1024x576.jpg 1024w, https:\/\/socialdesignmagazine.com\/mag\/wp-content\/uploads\/2019\/09\/hymer-visionventure-camper-van-concept-01-1-768x432.jpg 768w, https:\/\/socialdesignmagazine.com\/mag\/wp-content\/uploads\/2019\/09\/hymer-visionventure-camper-van-concept-01-1.jpg 1200w\" sizes=\"auto, (max-width: 1024px) 100vw, 1024px\" \/><\/figure><\/li><li class=\"blocks-gallery-item\"><figure><img loading=\"lazy\" decoding=\"async\" width=\"1024\" height=\"576\" data-attachment-id=\"38365\" data-permalink=\"https:\/\/socialdesignmagazine.com\/mag\/design\/visionventure-il-concept-di-hymer-che-interpreta-il-futuro-del-camper-van\/attachment\/hymer-visionventure-camper-van-concept-03\/#content\" data-orig-file=\"https:\/\/socialdesignmagazine.com\/mag\/wp-content\/uploads\/2019\/09\/hymer-visionventure-camper-van-concept-03.jpg\" data-orig-size=\"1200,675\" data-comments-opened=\"1\" data-image-meta=\"{&quot;aperture&quot;:&quot;0&quot;,&quot;credit&quot;:&quot;&quot;,&quot;camera&quot;:&quot;&quot;,&quot;caption&quot;:&quot;&quot;,&quot;created_timestamp&quot;:&quot;0&quot;,&quot;copyright&quot;:&quot;&quot;,&quot;focal_length&quot;:&quot;0&quot;,&quot;iso&quot;:&quot;0&quot;,&quot;shutter_speed&quot;:&quot;0&quot;,&quot;title&quot;:&quot;&quot;,&quot;orientation&quot;:&quot;0&quot;}\" data-image-title=\"hymer-visionventure-camper-van-concept-03\" data-image-description=\"\" data-image-caption=\"\" data-medium-file=\"https:\/\/socialdesignmagazine.com\/mag\/wp-content\/uploads\/2019\/09\/hymer-visionventure-camper-van-concept-03-438x283.jpg\" data-large-file=\"https:\/\/socialdesignmagazine.com\/mag\/wp-content\/uploads\/2019\/09\/hymer-visionventure-camper-van-concept-03-1024x576.jpg\" src=\"https:\/\/socialdesignmagazine.com\/mag\/wp-content\/uploads\/2019\/09\/hymer-visionventure-camper-van-concept-03-1024x576.jpg\" alt=\"\" data-id=\"38365\" data-link=\"https:\/\/socialdesignmagazine.com\/mag\/?attachment_id=38365#content\" class=\"wp-image-38365\" srcset=\"https:\/\/socialdesignmagazine.com\/mag\/wp-content\/uploads\/2019\/09\/hymer-visionventure-camper-van-concept-03-1024x576.jpg 1024w, https:\/\/socialdesignmagazine.com\/mag\/wp-content\/uploads\/2019\/09\/hymer-visionventure-camper-van-concept-03-768x432.jpg 768w, https:\/\/socialdesignmagazine.com\/mag\/wp-content\/uploads\/2019\/09\/hymer-visionventure-camper-van-concept-03.jpg 1200w\" sizes=\"auto, (max-width: 1024px) 100vw, 1024px\" \/><\/figure><\/li><li class=\"blocks-gallery-item\"><figure><img loading=\"lazy\" decoding=\"async\" width=\"1024\" height=\"576\" data-attachment-id=\"38370\" data-permalink=\"https:\/\/socialdesignmagazine.com\/mag\/design\/visionventure-il-concept-di-hymer-che-interpreta-il-futuro-del-camper-van\/attachment\/hymer-visionventure-camper-van-concept-08\/#content\" data-orig-file=\"https:\/\/socialdesignmagazine.com\/mag\/wp-content\/uploads\/2019\/09\/hymer-visionventure-camper-van-concept-08.jpg\" data-orig-size=\"1200,675\" data-comments-opened=\"1\" data-image-meta=\"{&quot;aperture&quot;:&quot;0&quot;,&quot;credit&quot;:&quot;&quot;,&quot;camera&quot;:&quot;&quot;,&quot;caption&quot;:&quot;&quot;,&quot;created_timestamp&quot;:&quot;0&quot;,&quot;copyright&quot;:&quot;&quot;,&quot;focal_length&quot;:&quot;0&quot;,&quot;iso&quot;:&quot;0&quot;,&quot;shutter_speed&quot;:&quot;0&quot;,&quot;title&quot;:&quot;&quot;,&quot;orientation&quot;:&quot;0&quot;}\" data-image-title=\"hymer-visionventure-camper-van-concept-08\" data-image-description=\"\" data-image-caption=\"\" data-medium-file=\"https:\/\/socialdesignmagazine.com\/mag\/wp-content\/uploads\/2019\/09\/hymer-visionventure-camper-van-concept-08-438x283.jpg\" data-large-file=\"https:\/\/socialdesignmagazine.com\/mag\/wp-content\/uploads\/2019\/09\/hymer-visionventure-camper-van-concept-08-1024x576.jpg\" src=\"https:\/\/socialdesignmagazine.com\/mag\/wp-content\/uploads\/2019\/09\/hymer-visionventure-camper-van-concept-08-1024x576.jpg\" alt=\"\" data-id=\"38370\" data-link=\"https:\/\/socialdesignmagazine.com\/mag\/?attachment_id=38370#content\" class=\"wp-image-38370\" srcset=\"https:\/\/socialdesignmagazine.com\/mag\/wp-content\/uploads\/2019\/09\/hymer-visionventure-camper-van-concept-08-1024x576.jpg 1024w, https:\/\/socialdesignmagazine.com\/mag\/wp-content\/uploads\/2019\/09\/hymer-visionventure-camper-van-concept-08-768x432.jpg 768w, https:\/\/socialdesignmagazine.com\/mag\/wp-content\/uploads\/2019\/09\/hymer-visionventure-camper-van-concept-08.jpg 1200w\" sizes=\"auto, (max-width: 1024px) 100vw, 1024px\" \/><\/figure><\/li><li class=\"blocks-gallery-item\"><figure><img loading=\"lazy\" decoding=\"async\" width=\"1024\" height=\"576\" data-attachment-id=\"38371\" data-permalink=\"https:\/\/socialdesignmagazine.com\/mag\/design\/visionventure-il-concept-di-hymer-che-interpreta-il-futuro-del-camper-van\/attachment\/hymer-visionventure-camper-van-concept-09\/#content\" data-orig-file=\"https:\/\/socialdesignmagazine.com\/mag\/wp-content\/uploads\/2019\/09\/hymer-visionventure-camper-van-concept-09.jpg\" data-orig-size=\"1200,675\" data-comments-opened=\"1\" data-image-meta=\"{&quot;aperture&quot;:&quot;0&quot;,&quot;credit&quot;:&quot;&quot;,&quot;camera&quot;:&quot;&quot;,&quot;caption&quot;:&quot;&quot;,&quot;created_timestamp&quot;:&quot;0&quot;,&quot;copyright&quot;:&quot;&quot;,&quot;focal_length&quot;:&quot;0&quot;,&quot;iso&quot;:&quot;0&quot;,&quot;shutter_speed&quot;:&quot;0&quot;,&quot;title&quot;:&quot;&quot;,&quot;orientation&quot;:&quot;0&quot;}\" data-image-title=\"hymer-visionventure-camper-van-concept-09\" data-image-description=\"\" data-image-caption=\"\" data-medium-file=\"https:\/\/socialdesignmagazine.com\/mag\/wp-content\/uploads\/2019\/09\/hymer-visionventure-camper-van-concept-09-438x283.jpg\" data-large-file=\"https:\/\/socialdesignmagazine.com\/mag\/wp-content\/uploads\/2019\/09\/hymer-visionventure-camper-van-concept-09-1024x576.jpg\" src=\"https:\/\/socialdesignmagazine.com\/mag\/wp-content\/uploads\/2019\/09\/hymer-visionventure-camper-van-concept-09-1024x576.jpg\" alt=\"\" data-id=\"38371\" data-link=\"https:\/\/socialdesignmagazine.com\/mag\/?attachment_id=38371#content\" class=\"wp-image-38371\" srcset=\"https:\/\/socialdesignmagazine.com\/mag\/wp-content\/uploads\/2019\/09\/hymer-visionventure-camper-van-concept-09-1024x576.jpg 1024w, https:\/\/socialdesignmagazine.com\/mag\/wp-content\/uploads\/2019\/09\/hymer-visionventure-camper-van-concept-09-768x432.jpg 768w, https:\/\/socialdesignmagazine.com\/mag\/wp-content\/uploads\/2019\/09\/hymer-visionventure-camper-van-concept-09.jpg 1200w\" sizes=\"auto, (max-width: 1024px) 100vw, 1024px\" \/><\/figure><\/li><li class=\"blocks-gallery-item\"><figure><img loading=\"lazy\" decoding=\"async\" width=\"1024\" height=\"576\" data-attachment-id=\"38372\" data-permalink=\"https:\/\/socialdesignmagazine.com\/mag\/design\/visionventure-il-concept-di-hymer-che-interpreta-il-futuro-del-camper-van\/attachment\/hymer-visionventure-camper-van-concept-10\/#content\" data-orig-file=\"https:\/\/socialdesignmagazine.com\/mag\/wp-content\/uploads\/2019\/09\/hymer-visionventure-camper-van-concept-10.jpg\" data-orig-size=\"1200,675\" data-comments-opened=\"1\" data-image-meta=\"{&quot;aperture&quot;:&quot;0&quot;,&quot;credit&quot;:&quot;&quot;,&quot;camera&quot;:&quot;&quot;,&quot;caption&quot;:&quot;&quot;,&quot;created_timestamp&quot;:&quot;0&quot;,&quot;copyright&quot;:&quot;&quot;,&quot;focal_length&quot;:&quot;0&quot;,&quot;iso&quot;:&quot;0&quot;,&quot;shutter_speed&quot;:&quot;0&quot;,&quot;title&quot;:&quot;&quot;,&quot;orientation&quot;:&quot;0&quot;}\" data-image-title=\"hymer-visionventure-camper-van-concept-10\" data-image-description=\"\" data-image-caption=\"\" data-medium-file=\"https:\/\/socialdesignmagazine.com\/mag\/wp-content\/uploads\/2019\/09\/hymer-visionventure-camper-van-concept-10-438x283.jpg\" data-large-file=\"https:\/\/socialdesignmagazine.com\/mag\/wp-content\/uploads\/2019\/09\/hymer-visionventure-camper-van-concept-10-1024x576.jpg\" src=\"https:\/\/socialdesignmagazine.com\/mag\/wp-content\/uploads\/2019\/09\/hymer-visionventure-camper-van-concept-10-1024x576.jpg\" alt=\"\" data-id=\"38372\" data-link=\"https:\/\/socialdesignmagazine.com\/mag\/?attachment_id=38372#content\" class=\"wp-image-38372\" srcset=\"https:\/\/socialdesignmagazine.com\/mag\/wp-content\/uploads\/2019\/09\/hymer-visionventure-camper-van-concept-10-1024x576.jpg 1024w, https:\/\/socialdesignmagazine.com\/mag\/wp-content\/uploads\/2019\/09\/hymer-visionventure-camper-van-concept-10-768x432.jpg 768w, https:\/\/socialdesignmagazine.com\/mag\/wp-content\/uploads\/2019\/09\/hymer-visionventure-camper-van-concept-10.jpg 1200w\" sizes=\"auto, (max-width: 1024px) 100vw, 1024px\" \/><\/figure><\/li><li class=\"blocks-gallery-item\"><figure><img loading=\"lazy\" decoding=\"async\" width=\"1024\" height=\"576\" data-attachment-id=\"38373\" data-permalink=\"https:\/\/socialdesignmagazine.com\/mag\/design\/visionventure-il-concept-di-hymer-che-interpreta-il-futuro-del-camper-van\/attachment\/hymer-visionventure-camper-van-concept-11\/#content\" data-orig-file=\"https:\/\/socialdesignmagazine.com\/mag\/wp-content\/uploads\/2019\/09\/hymer-visionventure-camper-van-concept-11.jpg\" data-orig-size=\"1200,675\" data-comments-opened=\"1\" data-image-meta=\"{&quot;aperture&quot;:&quot;0&quot;,&quot;credit&quot;:&quot;&quot;,&quot;camera&quot;:&quot;&quot;,&quot;caption&quot;:&quot;&quot;,&quot;created_timestamp&quot;:&quot;0&quot;,&quot;copyright&quot;:&quot;&quot;,&quot;focal_length&quot;:&quot;0&quot;,&quot;iso&quot;:&quot;0&quot;,&quot;shutter_speed&quot;:&quot;0&quot;,&quot;title&quot;:&quot;&quot;,&quot;orientation&quot;:&quot;0&quot;}\" data-image-title=\"hymer-visionventure-camper-van-concept-11\" data-image-description=\"\" data-image-caption=\"\" data-medium-file=\"https:\/\/socialdesignmagazine.com\/mag\/wp-content\/uploads\/2019\/09\/hymer-visionventure-camper-van-concept-11-438x283.jpg\" data-large-file=\"https:\/\/socialdesignmagazine.com\/mag\/wp-content\/uploads\/2019\/09\/hymer-visionventure-camper-van-concept-11-1024x576.jpg\" src=\"https:\/\/socialdesignmagazine.com\/mag\/wp-content\/uploads\/2019\/09\/hymer-visionventure-camper-van-concept-11-1024x576.jpg\" alt=\"\" data-id=\"38373\" data-link=\"https:\/\/socialdesignmagazine.com\/mag\/?attachment_id=38373#content\" class=\"wp-image-38373\" srcset=\"https:\/\/socialdesignmagazine.com\/mag\/wp-content\/uploads\/2019\/09\/hymer-visionventure-camper-van-concept-11-1024x576.jpg 1024w, https:\/\/socialdesignmagazine.com\/mag\/wp-content\/uploads\/2019\/09\/hymer-visionventure-camper-van-concept-11-768x432.jpg 768w, https:\/\/socialdesignmagazine.com\/mag\/wp-content\/uploads\/2019\/09\/hymer-visionventure-camper-van-concept-11.jpg 1200w\" sizes=\"auto, (max-width: 1024px) 100vw, 1024px\" \/><\/figure><\/li><li class=\"blocks-gallery-item\"><figure><img loading=\"lazy\" decoding=\"async\" width=\"1024\" height=\"576\" data-attachment-id=\"38374\" data-permalink=\"https:\/\/socialdesignmagazine.com\/mag\/design\/visionventure-il-concept-di-hymer-che-interpreta-il-futuro-del-camper-van\/attachment\/hymer-visionventure-camper-van-concept-12\/#content\" data-orig-file=\"https:\/\/socialdesignmagazine.com\/mag\/wp-content\/uploads\/2019\/09\/hymer-visionventure-camper-van-concept-12.jpg\" data-orig-size=\"1200,675\" data-comments-opened=\"1\" data-image-meta=\"{&quot;aperture&quot;:&quot;0&quot;,&quot;credit&quot;:&quot;&quot;,&quot;camera&quot;:&quot;&quot;,&quot;caption&quot;:&quot;&quot;,&quot;created_timestamp&quot;:&quot;0&quot;,&quot;copyright&quot;:&quot;&quot;,&quot;focal_length&quot;:&quot;0&quot;,&quot;iso&quot;:&quot;0&quot;,&quot;shutter_speed&quot;:&quot;0&quot;,&quot;title&quot;:&quot;&quot;,&quot;orientation&quot;:&quot;0&quot;}\" data-image-title=\"hymer-visionventure-camper-van-concept-12\" data-image-description=\"\" data-image-caption=\"\" data-medium-file=\"https:\/\/socialdesignmagazine.com\/mag\/wp-content\/uploads\/2019\/09\/hymer-visionventure-camper-van-concept-12-438x283.jpg\" data-large-file=\"https:\/\/socialdesignmagazine.com\/mag\/wp-content\/uploads\/2019\/09\/hymer-visionventure-camper-van-concept-12-1024x576.jpg\" src=\"https:\/\/socialdesignmagazine.com\/mag\/wp-content\/uploads\/2019\/09\/hymer-visionventure-camper-van-concept-12-1024x576.jpg\" alt=\"\" data-id=\"38374\" data-link=\"https:\/\/socialdesignmagazine.com\/mag\/?attachment_id=38374#content\" class=\"wp-image-38374\" srcset=\"https:\/\/socialdesignmagazine.com\/mag\/wp-content\/uploads\/2019\/09\/hymer-visionventure-camper-van-concept-12-1024x576.jpg 1024w, https:\/\/socialdesignmagazine.com\/mag\/wp-content\/uploads\/2019\/09\/hymer-visionventure-camper-van-concept-12-768x432.jpg 768w, https:\/\/socialdesignmagazine.com\/mag\/wp-content\/uploads\/2019\/09\/hymer-visionventure-camper-van-concept-12.jpg 1200w\" sizes=\"auto, (max-width: 1024px) 100vw, 1024px\" \/><\/figure><\/li><\/ul><\/figure>\n\n\n\n<h3 class=\"wp-block-heading\">Hymer<\/h3>\n\n\n\n<p>Hymer, produttore tedesco di camper e roulotte, molto famoso per la produzione di motorhome, riesce ad utilizzare in maniera intelligente gli spazi interni, integrando le molte e diverse funzionalit\u00e0.<br>I <strong>camper van Hymer<\/strong> hanno la caratteristica di essere molto compatti, confortevoli e affidabili, ideali per essere utilizzati nella vita quotidiana di tutti giorni, per vacanze programmate e per brevi gite anche improvvisate al fine settimana o anche essere sfruttate come seconda auto.<\/p>\n\n\n\n<p>Creando il caravan nel lontano 1961, Hymer ha creato una visione del turismo in libert\u00e0 e si \u00e8 confermato come il principale produttore di camper van in Germania, famoso fino ai nostri giorni.<br>I camper van Hymer, sono costruiti su base Fiat o anche Mercedes e possono presentare o meno bagni, hanno solitamente un tetto apribile e possono avere un cambio manuale o anche automatico.<\/p>\n\n\n\n<figure class=\"wp-block-gallery columns-1 is-cropped wp-block-gallery-3 is-layout-flex wp-block-gallery-is-layout-flex\"><ul class=\"blocks-gallery-grid\"><li class=\"blocks-gallery-item\"><figure><img loading=\"lazy\" decoding=\"async\" width=\"1024\" height=\"682\" data-attachment-id=\"38378\" data-permalink=\"https:\/\/socialdesignmagazine.com\/mag\/design\/visionventure-il-concept-di-hymer-che-interpreta-il-futuro-del-camper-van\/attachment\/hymer-visionventure-camper-van-concept-16\/#content\" data-orig-file=\"https:\/\/socialdesignmagazine.com\/mag\/wp-content\/uploads\/2019\/09\/hymer-visionventure-camper-van-concept-16.jpg\" data-orig-size=\"1200,799\" data-comments-opened=\"1\" data-image-meta=\"{&quot;aperture&quot;:&quot;0&quot;,&quot;credit&quot;:&quot;&quot;,&quot;camera&quot;:&quot;&quot;,&quot;caption&quot;:&quot;&quot;,&quot;created_timestamp&quot;:&quot;0&quot;,&quot;copyright&quot;:&quot;&quot;,&quot;focal_length&quot;:&quot;0&quot;,&quot;iso&quot;:&quot;0&quot;,&quot;shutter_speed&quot;:&quot;0&quot;,&quot;title&quot;:&quot;&quot;,&quot;orientation&quot;:&quot;0&quot;}\" data-image-title=\"hymer-visionventure-camper-van-concept-16\" data-image-description=\"\" data-image-caption=\"\" data-medium-file=\"https:\/\/socialdesignmagazine.com\/mag\/wp-content\/uploads\/2019\/09\/hymer-visionventure-camper-van-concept-16-438x283.jpg\" data-large-file=\"https:\/\/socialdesignmagazine.com\/mag\/wp-content\/uploads\/2019\/09\/hymer-visionventure-camper-van-concept-16-1024x682.jpg\" src=\"https:\/\/socialdesignmagazine.com\/mag\/wp-content\/uploads\/2019\/09\/hymer-visionventure-camper-van-concept-16-1024x682.jpg\" alt=\"\" data-id=\"38378\" data-link=\"https:\/\/socialdesignmagazine.com\/mag\/?attachment_id=38378#content\" class=\"wp-image-38378\" srcset=\"https:\/\/socialdesignmagazine.com\/mag\/wp-content\/uploads\/2019\/09\/hymer-visionventure-camper-van-concept-16-1024x682.jpg 1024w, https:\/\/socialdesignmagazine.com\/mag\/wp-content\/uploads\/2019\/09\/hymer-visionventure-camper-van-concept-16-100x66.jpg 100w, https:\/\/socialdesignmagazine.com\/mag\/wp-content\/uploads\/2019\/09\/hymer-visionventure-camper-van-concept-16-768x511.jpg 768w, https:\/\/socialdesignmagazine.com\/mag\/wp-content\/uploads\/2019\/09\/hymer-visionventure-camper-van-concept-16.jpg 1200w\" sizes=\"auto, (max-width: 1024px) 100vw, 1024px\" \/><\/figure><\/li><li class=\"blocks-gallery-item\"><figure><img loading=\"lazy\" decoding=\"async\" width=\"1024\" height=\"576\" data-attachment-id=\"38364\" data-permalink=\"https:\/\/socialdesignmagazine.com\/mag\/design\/visionventure-il-concept-di-hymer-che-interpreta-il-futuro-del-camper-van\/attachment\/hymer-visionventure-camper-van-concept-02\/#content\" data-orig-file=\"https:\/\/socialdesignmagazine.com\/mag\/wp-content\/uploads\/2019\/09\/hymer-visionventure-camper-van-concept-02.jpg\" data-orig-size=\"1200,675\" data-comments-opened=\"1\" data-image-meta=\"{&quot;aperture&quot;:&quot;0&quot;,&quot;credit&quot;:&quot;&quot;,&quot;camera&quot;:&quot;&quot;,&quot;caption&quot;:&quot;&quot;,&quot;created_timestamp&quot;:&quot;0&quot;,&quot;copyright&quot;:&quot;&quot;,&quot;focal_length&quot;:&quot;0&quot;,&quot;iso&quot;:&quot;0&quot;,&quot;shutter_speed&quot;:&quot;0&quot;,&quot;title&quot;:&quot;&quot;,&quot;orientation&quot;:&quot;0&quot;}\" data-image-title=\"hymer-visionventure-camper-van-concept-02\" data-image-description=\"\" data-image-caption=\"\" data-medium-file=\"https:\/\/socialdesignmagazine.com\/mag\/wp-content\/uploads\/2019\/09\/hymer-visionventure-camper-van-concept-02-438x283.jpg\" data-large-file=\"https:\/\/socialdesignmagazine.com\/mag\/wp-content\/uploads\/2019\/09\/hymer-visionventure-camper-van-concept-02-1024x576.jpg\" src=\"https:\/\/socialdesignmagazine.com\/mag\/wp-content\/uploads\/2019\/09\/hymer-visionventure-camper-van-concept-02-1024x576.jpg\" alt=\"\" data-id=\"38364\" data-link=\"https:\/\/socialdesignmagazine.com\/mag\/?attachment_id=38364#content\" class=\"wp-image-38364\" srcset=\"https:\/\/socialdesignmagazine.com\/mag\/wp-content\/uploads\/2019\/09\/hymer-visionventure-camper-van-concept-02-1024x576.jpg 1024w, https:\/\/socialdesignmagazine.com\/mag\/wp-content\/uploads\/2019\/09\/hymer-visionventure-camper-van-concept-02-768x432.jpg 768w, https:\/\/socialdesignmagazine.com\/mag\/wp-content\/uploads\/2019\/09\/hymer-visionventure-camper-van-concept-02.jpg 1200w\" sizes=\"auto, (max-width: 1024px) 100vw, 1024px\" \/><\/figure><\/li><li class=\"blocks-gallery-item\"><figure><img loading=\"lazy\" decoding=\"async\" width=\"1024\" height=\"576\" data-attachment-id=\"38366\" data-permalink=\"https:\/\/socialdesignmagazine.com\/mag\/design\/visionventure-il-concept-di-hymer-che-interpreta-il-futuro-del-camper-van\/attachment\/hymer-visionventure-camper-van-concept-04\/#content\" data-orig-file=\"https:\/\/socialdesignmagazine.com\/mag\/wp-content\/uploads\/2019\/09\/hymer-visionventure-camper-van-concept-04.jpg\" data-orig-size=\"1200,675\" data-comments-opened=\"1\" data-image-meta=\"{&quot;aperture&quot;:&quot;0&quot;,&quot;credit&quot;:&quot;&quot;,&quot;camera&quot;:&quot;&quot;,&quot;caption&quot;:&quot;&quot;,&quot;created_timestamp&quot;:&quot;0&quot;,&quot;copyright&quot;:&quot;&quot;,&quot;focal_length&quot;:&quot;0&quot;,&quot;iso&quot;:&quot;0&quot;,&quot;shutter_speed&quot;:&quot;0&quot;,&quot;title&quot;:&quot;&quot;,&quot;orientation&quot;:&quot;0&quot;}\" data-image-title=\"hymer-visionventure-camper-van-concept-04\" data-image-description=\"\" data-image-caption=\"\" data-medium-file=\"https:\/\/socialdesignmagazine.com\/mag\/wp-content\/uploads\/2019\/09\/hymer-visionventure-camper-van-concept-04-438x283.jpg\" data-large-file=\"https:\/\/socialdesignmagazine.com\/mag\/wp-content\/uploads\/2019\/09\/hymer-visionventure-camper-van-concept-04-1024x576.jpg\" src=\"https:\/\/socialdesignmagazine.com\/mag\/wp-content\/uploads\/2019\/09\/hymer-visionventure-camper-van-concept-04-1024x576.jpg\" alt=\"\" data-id=\"38366\" data-link=\"https:\/\/socialdesignmagazine.com\/mag\/?attachment_id=38366#content\" class=\"wp-image-38366\" srcset=\"https:\/\/socialdesignmagazine.com\/mag\/wp-content\/uploads\/2019\/09\/hymer-visionventure-camper-van-concept-04-1024x576.jpg 1024w, https:\/\/socialdesignmagazine.com\/mag\/wp-content\/uploads\/2019\/09\/hymer-visionventure-camper-van-concept-04-768x432.jpg 768w, https:\/\/socialdesignmagazine.com\/mag\/wp-content\/uploads\/2019\/09\/hymer-visionventure-camper-van-concept-04.jpg 1200w\" sizes=\"auto, (max-width: 1024px) 100vw, 1024px\" \/><\/figure><\/li><li class=\"blocks-gallery-item\"><figure><img loading=\"lazy\" decoding=\"async\" width=\"1024\" height=\"576\" data-attachment-id=\"38367\" data-permalink=\"https:\/\/socialdesignmagazine.com\/mag\/design\/visionventure-il-concept-di-hymer-che-interpreta-il-futuro-del-camper-van\/attachment\/hymer-visionventure-camper-van-concept-05\/#content\" data-orig-file=\"https:\/\/socialdesignmagazine.com\/mag\/wp-content\/uploads\/2019\/09\/hymer-visionventure-camper-van-concept-05.jpg\" data-orig-size=\"1200,675\" data-comments-opened=\"1\" data-image-meta=\"{&quot;aperture&quot;:&quot;0&quot;,&quot;credit&quot;:&quot;&quot;,&quot;camera&quot;:&quot;&quot;,&quot;caption&quot;:&quot;&quot;,&quot;created_timestamp&quot;:&quot;0&quot;,&quot;copyright&quot;:&quot;&quot;,&quot;focal_length&quot;:&quot;0&quot;,&quot;iso&quot;:&quot;0&quot;,&quot;shutter_speed&quot;:&quot;0&quot;,&quot;title&quot;:&quot;&quot;,&quot;orientation&quot;:&quot;0&quot;}\" data-image-title=\"hymer-visionventure-camper-van-concept-05\" data-image-description=\"\" data-image-caption=\"\" data-medium-file=\"https:\/\/socialdesignmagazine.com\/mag\/wp-content\/uploads\/2019\/09\/hymer-visionventure-camper-van-concept-05-438x283.jpg\" data-large-file=\"https:\/\/socialdesignmagazine.com\/mag\/wp-content\/uploads\/2019\/09\/hymer-visionventure-camper-van-concept-05-1024x576.jpg\" src=\"https:\/\/socialdesignmagazine.com\/mag\/wp-content\/uploads\/2019\/09\/hymer-visionventure-camper-van-concept-05-1024x576.jpg\" alt=\"\" data-id=\"38367\" data-link=\"https:\/\/socialdesignmagazine.com\/mag\/?attachment_id=38367#content\" class=\"wp-image-38367\" srcset=\"https:\/\/socialdesignmagazine.com\/mag\/wp-content\/uploads\/2019\/09\/hymer-visionventure-camper-van-concept-05-1024x576.jpg 1024w, https:\/\/socialdesignmagazine.com\/mag\/wp-content\/uploads\/2019\/09\/hymer-visionventure-camper-van-concept-05-768x432.jpg 768w, https:\/\/socialdesignmagazine.com\/mag\/wp-content\/uploads\/2019\/09\/hymer-visionventure-camper-van-concept-05.jpg 1200w\" sizes=\"auto, (max-width: 1024px) 100vw, 1024px\" \/><\/figure><\/li><li class=\"blocks-gallery-item\"><figure><img loading=\"lazy\" decoding=\"async\" width=\"1024\" height=\"682\" data-attachment-id=\"38377\" data-permalink=\"https:\/\/socialdesignmagazine.com\/mag\/design\/visionventure-il-concept-di-hymer-che-interpreta-il-futuro-del-camper-van\/attachment\/hymer-visionventure-camper-van-concept-15\/#content\" data-orig-file=\"https:\/\/socialdesignmagazine.com\/mag\/wp-content\/uploads\/2019\/09\/hymer-visionventure-camper-van-concept-15.jpg\" data-orig-size=\"1200,799\" data-comments-opened=\"1\" data-image-meta=\"{&quot;aperture&quot;:&quot;0&quot;,&quot;credit&quot;:&quot;&quot;,&quot;camera&quot;:&quot;&quot;,&quot;caption&quot;:&quot;&quot;,&quot;created_timestamp&quot;:&quot;0&quot;,&quot;copyright&quot;:&quot;&quot;,&quot;focal_length&quot;:&quot;0&quot;,&quot;iso&quot;:&quot;0&quot;,&quot;shutter_speed&quot;:&quot;0&quot;,&quot;title&quot;:&quot;&quot;,&quot;orientation&quot;:&quot;0&quot;}\" data-image-title=\"hymer-visionventure-camper-van-concept-15\" data-image-description=\"\" data-image-caption=\"\" data-medium-file=\"https:\/\/socialdesignmagazine.com\/mag\/wp-content\/uploads\/2019\/09\/hymer-visionventure-camper-van-concept-15-438x283.jpg\" data-large-file=\"https:\/\/socialdesignmagazine.com\/mag\/wp-content\/uploads\/2019\/09\/hymer-visionventure-camper-van-concept-15-1024x682.jpg\" src=\"https:\/\/socialdesignmagazine.com\/mag\/wp-content\/uploads\/2019\/09\/hymer-visionventure-camper-van-concept-15-1024x682.jpg\" alt=\"\" data-id=\"38377\" data-link=\"https:\/\/socialdesignmagazine.com\/mag\/?attachment_id=38377#content\" class=\"wp-image-38377\" srcset=\"https:\/\/socialdesignmagazine.com\/mag\/wp-content\/uploads\/2019\/09\/hymer-visionventure-camper-van-concept-15-1024x682.jpg 1024w, https:\/\/socialdesignmagazine.com\/mag\/wp-content\/uploads\/2019\/09\/hymer-visionventure-camper-van-concept-15-100x66.jpg 100w, https:\/\/socialdesignmagazine.com\/mag\/wp-content\/uploads\/2019\/09\/hymer-visionventure-camper-van-concept-15-768x511.jpg 768w, https:\/\/socialdesignmagazine.com\/mag\/wp-content\/uploads\/2019\/09\/hymer-visionventure-camper-van-concept-15.jpg 1200w\" sizes=\"auto, (max-width: 1024px) 100vw, 1024px\" \/><\/figure><\/li><\/ul><\/figure>\n","protected":false,"gt_translate_keys":[{"key":"rendered","format":"html"}]},"excerpt":{"rendered":"<p>Ha debuttato al Caravan Salon 2019 a D\u00fcsseldorf, il concept Hymer VisionVenture, che con un approccio diverso e pi\u00f9 emozionale cerca di esplorate il futuro del camper van.<\/p>\n","protected":false,"gt_translate_keys":[{"key":"rendered","format":"html"}]},"author":1,"featured_media":38375,"comment_status":"open","ping_status":"open","sticky":false,"template":"","format":"standard","meta":{"jetpack_post_was_ever_published":false,"_jetpack_newsletter_access":"","_jetpack_dont_email_post_to_subs":false,"_jetpack_newsletter_tier_id":0,"_jetpack_memberships_contains_paywalled_content":false,"_jetpack_memberships_contains_paid_content":false,"footnotes":"","_wpscppro_dont_share_socialmedia":false,"_wpscppro_custom_social_share_image":0,"_facebook_share_type":"","_twitter_share_type":"","_linkedin_share_type":"","_pinterest_share_type":"","_linkedin_share_type_page":"","_instagram_share_type":"","_medium_share_type":"","_threads_share_type":"","_google_business_share_type":"","_selected_social_profile":[],"_wpsp_enable_custom_social_template":false,"_wpsp_social_scheduling":{"enabled":false,"datetime":null,"platforms":[],"status":"template_only","dateOption":"today","timeOption":"now","customDays":"","customHours":"","customDate":"","customTime":"","schedulingType":"absolute"},"_wpsp_active_default_template":true},"categories":[13],"tags":[5920,5919,5921,678,2292,3518],"class_list":["post-38359","post","type-post","status-publish","format-standard","has-post-thumbnail","hentry","category-design","tag-camper","tag-camper-van","tag-caravan-salon","tag-concept","tag-interior-design","tag-tiny-houses"],"yoast_head":"<!-- This site is optimized with the Yoast SEO plugin v27.2 - https:\/\/yoast.com\/product\/yoast-seo-wordpress\/ -->\n<title>VisionVenture, il concept di Hymer che interpreta il futuro del Camper Van - Social Design Magazine<\/title>\n<meta name=\"description\" content=\"Ha debuttato al Caravan Salon 2019 a D\u00fcsseldorf, il concept Hymer VisionVenture, che con un approccio emozionale cerca di esplorate il futuro del camper van.\" \/>\n<meta name=\"robots\" content=\"index, follow, max-snippet:-1, max-image-preview:large, max-video-preview:-1\" \/>\n<link rel=\"canonical\" href=\"https:\/\/socialdesignmagazine.com\/mag\/design\/visionventure-il-concept-di-hymer-che-interpreta-il-futuro-del-camper-van\/\" \/>\n<meta property=\"og:locale\" content=\"it_IT\" \/>\n<meta property=\"og:type\" content=\"article\" \/>\n<meta property=\"og:title\" content=\"VisionVenture, il concept di Hymer che interpreta il futuro del Camper Van - Social Design Magazine\" \/>\n<meta property=\"og:description\" content=\"Ha debuttato al Caravan Salon 2019 a D\u00fcsseldorf, il concept Hymer VisionVenture, che con un approccio emozionale cerca di esplorate il futuro del camper van.\" \/>\n<meta property=\"og:url\" content=\"http:\/\/socialdesignmagazine.com\/mag\/design\/visionventure-il-concept-di-hymer-che-interpreta-il-futuro-del-camper-van\/\" \/>\n<meta property=\"og:site_name\" content=\"Social Design Magazine\" \/>\n<meta property=\"article:publisher\" content=\"https:\/\/www.facebook.com\/socialdesignmag\" \/>\n<meta property=\"article:author\" content=\"https:\/\/www.facebook.com\/benedettofiori\" \/>\n<meta property=\"article:published_time\" content=\"2019-09-07T13:05:31+00:00\" \/>\n<meta property=\"article:modified_time\" content=\"2021-06-02T22:26:40+00:00\" \/>\n<meta property=\"og:image\" content=\"https:\/\/socialdesignmagazine.com\/mag\/wp-content\/uploads\/2019\/09\/hymer-visionventure-camper-van-concept-13.jpg\" \/>\n\t<meta property=\"og:image:width\" content=\"1200\" \/>\n\t<meta property=\"og:image:height\" content=\"675\" \/>\n\t<meta property=\"og:image:type\" content=\"image\/jpeg\" \/>\n<meta name=\"author\" content=\"Benedetto Fiori\" \/>\n<meta name=\"twitter:card\" content=\"summary_large_image\" \/>\n<meta name=\"twitter:creator\" content=\"@benedettofiori\" \/>\n<meta name=\"twitter:site\" content=\"@socialdesignmag\" \/>\n<meta name=\"twitter:label1\" content=\"Scritto da\" \/>\n\t<meta name=\"twitter:data1\" content=\"Benedetto Fiori\" \/>\n\t<meta name=\"twitter:label2\" content=\"Tempo di lettura stimato\" \/>\n\t<meta name=\"twitter:data2\" content=\"5 minuti\" \/>\n<script type=\"application\/ld+json\" class=\"yoast-schema-graph\">{\"@context\":\"https:\/\/schema.org\",\"@graph\":[{\"@type\":\"Article\",\"@id\":\"https:\/\/socialdesignmagazine.com\/mag\/design\/visionventure-il-concept-di-hymer-che-interpreta-il-futuro-del-camper-van\/#article\",\"isPartOf\":{\"@id\":\"https:\/\/socialdesignmagazine.com\/mag\/design\/visionventure-il-concept-di-hymer-che-interpreta-il-futuro-del-camper-van\/\"},\"author\":{\"name\":\"Benedetto Fiori\",\"@id\":\"https:\/\/socialdesignmagazine.com\/mag\/#\/schema\/person\/61e20205cc363c315e6aabd33a045846\"},\"headline\":\"VisionVenture, il concept di Hymer che interpreta il futuro del Camper Van\",\"datePublished\":\"2019-09-07T13:05:31+00:00\",\"dateModified\":\"2021-06-02T22:26:40+00:00\",\"mainEntityOfPage\":{\"@id\":\"https:\/\/socialdesignmagazine.com\/mag\/design\/visionventure-il-concept-di-hymer-che-interpreta-il-futuro-del-camper-van\/\"},\"wordCount\":409,\"commentCount\":0,\"publisher\":{\"@id\":\"https:\/\/socialdesignmagazine.com\/mag\/#organization\"},\"image\":{\"@id\":\"https:\/\/socialdesignmagazine.com\/mag\/design\/visionventure-il-concept-di-hymer-che-interpreta-il-futuro-del-camper-van\/#primaryimage\"},\"thumbnailUrl\":\"https:\/\/socialdesignmagazine.com\/mag\/wp-content\/uploads\/2019\/09\/hymer-visionventure-camper-van-concept-13.jpg\",\"keywords\":[\"camper\",\"camper van\",\"caravan salon\",\"concept\",\"interior design\",\"tiny houses\"],\"articleSection\":[\"Design\"],\"inLanguage\":\"it-IT\",\"potentialAction\":[{\"@type\":\"CommentAction\",\"name\":\"Comment\",\"target\":[\"https:\/\/socialdesignmagazine.com\/mag\/design\/visionventure-il-concept-di-hymer-che-interpreta-il-futuro-del-camper-van\/#respond\"]}]},{\"@type\":\"WebPage\",\"@id\":\"https:\/\/socialdesignmagazine.com\/mag\/design\/visionventure-il-concept-di-hymer-che-interpreta-il-futuro-del-camper-van\/\",\"url\":\"https:\/\/socialdesignmagazine.com\/mag\/design\/visionventure-il-concept-di-hymer-che-interpreta-il-futuro-del-camper-van\/\",\"name\":\"VisionVenture, il concept di Hymer che interpreta il futuro del Camper Van - Social Design Magazine\",\"isPartOf\":{\"@id\":\"https:\/\/socialdesignmagazine.com\/mag\/#website\"},\"primaryImageOfPage\":{\"@id\":\"https:\/\/socialdesignmagazine.com\/mag\/design\/visionventure-il-concept-di-hymer-che-interpreta-il-futuro-del-camper-van\/#primaryimage\"},\"image\":{\"@id\":\"https:\/\/socialdesignmagazine.com\/mag\/design\/visionventure-il-concept-di-hymer-che-interpreta-il-futuro-del-camper-van\/#primaryimage\"},\"thumbnailUrl\":\"https:\/\/socialdesignmagazine.com\/mag\/wp-content\/uploads\/2019\/09\/hymer-visionventure-camper-van-concept-13.jpg\",\"datePublished\":\"2019-09-07T13:05:31+00:00\",\"dateModified\":\"2021-06-02T22:26:40+00:00\",\"description\":\"Ha debuttato al Caravan Salon 2019 a D\u00fcsseldorf, il concept Hymer VisionVenture, che con un approccio emozionale cerca di esplorate il futuro del camper van.\",\"breadcrumb\":{\"@id\":\"https:\/\/socialdesignmagazine.com\/mag\/design\/visionventure-il-concept-di-hymer-che-interpreta-il-futuro-del-camper-van\/#breadcrumb\"},\"inLanguage\":\"it-IT\",\"potentialAction\":[{\"@type\":\"ReadAction\",\"target\":[\"https:\/\/socialdesignmagazine.com\/mag\/design\/visionventure-il-concept-di-hymer-che-interpreta-il-futuro-del-camper-van\/\"]}]},{\"@type\":\"ImageObject\",\"inLanguage\":\"it-IT\",\"@id\":\"https:\/\/socialdesignmagazine.com\/mag\/design\/visionventure-il-concept-di-hymer-che-interpreta-il-futuro-del-camper-van\/#primaryimage\",\"url\":\"https:\/\/socialdesignmagazine.com\/mag\/wp-content\/uploads\/2019\/09\/hymer-visionventure-camper-van-concept-13.jpg\",\"contentUrl\":\"https:\/\/socialdesignmagazine.com\/mag\/wp-content\/uploads\/2019\/09\/hymer-visionventure-camper-van-concept-13.jpg\",\"width\":1200,\"height\":675},{\"@type\":\"BreadcrumbList\",\"@id\":\"https:\/\/socialdesignmagazine.com\/mag\/design\/visionventure-il-concept-di-hymer-che-interpreta-il-futuro-del-camper-van\/#breadcrumb\",\"itemListElement\":[{\"@type\":\"ListItem\",\"position\":1,\"name\":\"Home\",\"item\":\"https:\/\/socialdesignmagazine.com\/mag\/\"},{\"@type\":\"ListItem\",\"position\":2,\"name\":\"Design\",\"item\":\"https:\/\/socialdesignmagazine.com\/mag\/design\/\"},{\"@type\":\"ListItem\",\"position\":3,\"name\":\"VisionVenture, il concept di Hymer che interpreta il futuro del Camper Van\"}]},{\"@type\":\"WebSite\",\"@id\":\"https:\/\/socialdesignmagazine.com\/mag\/#website\",\"url\":\"https:\/\/socialdesignmagazine.com\/mag\/\",\"name\":\"Social Design Magazine\",\"description\":\"Social Magazine su Design, Architettura, Arte, Grafica\",\"publisher\":{\"@id\":\"https:\/\/socialdesignmagazine.com\/mag\/#organization\"},\"potentialAction\":[{\"@type\":\"SearchAction\",\"target\":{\"@type\":\"EntryPoint\",\"urlTemplate\":\"https:\/\/socialdesignmagazine.com\/mag\/?s={search_term_string}\"},\"query-input\":{\"@type\":\"PropertyValueSpecification\",\"valueRequired\":true,\"valueName\":\"search_term_string\"}}],\"inLanguage\":\"it-IT\"},{\"@type\":\"Organization\",\"@id\":\"https:\/\/socialdesignmagazine.com\/mag\/#organization\",\"name\":\"Social Design Magazine\",\"url\":\"https:\/\/socialdesignmagazine.com\/mag\/\",\"logo\":{\"@type\":\"ImageObject\",\"inLanguage\":\"it-IT\",\"@id\":\"https:\/\/socialdesignmagazine.com\/mag\/#\/schema\/logo\/image\/\",\"url\":\"https:\/\/socialdesignmagazine.com\/mag\/wp-content\/uploads\/2017\/01\/logo_favicon_11.png\",\"contentUrl\":\"https:\/\/socialdesignmagazine.com\/mag\/wp-content\/uploads\/2017\/01\/logo_favicon_11.png\",\"width\":1024,\"height\":1024,\"caption\":\"Social Design Magazine\"},\"image\":{\"@id\":\"https:\/\/socialdesignmagazine.com\/mag\/#\/schema\/logo\/image\/\"},\"sameAs\":[\"https:\/\/www.facebook.com\/socialdesignmag\",\"https:\/\/x.com\/socialdesignmag\",\"http:\/\/instagram.com\/social_design_magazine\/\",\"http:\/\/pinterest.com\/socialdesignmag\/\",\"http:\/\/www.youtube.com\/user\/socialdesignmagazine\"]},{\"@type\":\"Person\",\"@id\":\"https:\/\/socialdesignmagazine.com\/mag\/#\/schema\/person\/61e20205cc363c315e6aabd33a045846\",\"name\":\"Benedetto Fiori\",\"image\":{\"@type\":\"ImageObject\",\"inLanguage\":\"it-IT\",\"@id\":\"https:\/\/secure.gravatar.com\/avatar\/450a48cefa36da63d920ad70aa660bd10725b1c6093800242e5efdb397759033?s=96&d=mm&r=g\",\"url\":\"https:\/\/secure.gravatar.com\/avatar\/450a48cefa36da63d920ad70aa660bd10725b1c6093800242e5efdb397759033?s=96&d=mm&r=g\",\"contentUrl\":\"https:\/\/secure.gravatar.com\/avatar\/450a48cefa36da63d920ad70aa660bd10725b1c6093800242e5efdb397759033?s=96&d=mm&r=g\",\"caption\":\"Benedetto Fiori\"},\"description\":\"Web | Twitter | Facebook | Shutterstock Founder &amp; Editor in Chief di Social Design Magazine. Attratto da sempre da tutto ci\u00f2 che \u00e8 creativit\u00e0, design, architettura. Dopo aver studiato Architettura all'Universit\u00e0 di Firenze, si \u00e8 impegnato in molteplici campi: comunicazione grafica, progettazione di allestimenti fieristici, brand design, Interior Design.\",\"sameAs\":[\"http:\/\/benedettofiori.com\",\"https:\/\/www.facebook.com\/benedettofiori\",\"https:\/\/x.com\/benedettofiori\"],\"url\":\"https:\/\/socialdesignmagazine.com\/mag\/author\/benedetto\/\"}]}<\/script>\n<!-- \/ Yoast SEO plugin. -->","yoast_head_json":{"title":"VisionVenture, il concept di Hymer che interpreta il futuro del Camper Van - Social Design Magazine","description":"Ha debuttato al Caravan Salon 2019 a D\u00fcsseldorf, il concept Hymer VisionVenture, che con un approccio emozionale cerca di esplorate il futuro del camper van.","robots":{"index":"index","follow":"follow","max-snippet":"max-snippet:-1","max-image-preview":"max-image-preview:large","max-video-preview":"max-video-preview:-1"},"canonical":"https:\/\/socialdesignmagazine.com\/mag\/design\/visionventure-il-concept-di-hymer-che-interpreta-il-futuro-del-camper-van\/","og_locale":"it_IT","og_type":"article","og_title":"VisionVenture, il concept di Hymer che interpreta il futuro del Camper Van - Social Design Magazine","og_description":"Ha debuttato al Caravan Salon 2019 a D\u00fcsseldorf, il concept Hymer VisionVenture, che con un approccio emozionale cerca di esplorate il futuro del camper van.","og_url":"http:\/\/socialdesignmagazine.com\/mag\/design\/visionventure-il-concept-di-hymer-che-interpreta-il-futuro-del-camper-van\/","og_site_name":"Social Design Magazine","article_publisher":"https:\/\/www.facebook.com\/socialdesignmag","article_author":"https:\/\/www.facebook.com\/benedettofiori","article_published_time":"2019-09-07T13:05:31+00:00","article_modified_time":"2021-06-02T22:26:40+00:00","og_image":[{"width":1200,"height":675,"url":"https:\/\/socialdesignmagazine.com\/mag\/wp-content\/uploads\/2019\/09\/hymer-visionventure-camper-van-concept-13.jpg","type":"image\/jpeg"}],"author":"Benedetto Fiori","twitter_card":"summary_large_image","twitter_creator":"@benedettofiori","twitter_site":"@socialdesignmag","twitter_misc":{"Scritto da":"Benedetto Fiori","Tempo di lettura stimato":"5 minuti"},"schema":{"@context":"https:\/\/schema.org","@graph":[{"@type":"Article","@id":"https:\/\/socialdesignmagazine.com\/mag\/design\/visionventure-il-concept-di-hymer-che-interpreta-il-futuro-del-camper-van\/#article","isPartOf":{"@id":"https:\/\/socialdesignmagazine.com\/mag\/design\/visionventure-il-concept-di-hymer-che-interpreta-il-futuro-del-camper-van\/"},"author":{"name":"Benedetto Fiori","@id":"https:\/\/socialdesignmagazine.com\/mag\/#\/schema\/person\/61e20205cc363c315e6aabd33a045846"},"headline":"VisionVenture, il concept di Hymer che interpreta il futuro del Camper Van","datePublished":"2019-09-07T13:05:31+00:00","dateModified":"2021-06-02T22:26:40+00:00","mainEntityOfPage":{"@id":"https:\/\/socialdesignmagazine.com\/mag\/design\/visionventure-il-concept-di-hymer-che-interpreta-il-futuro-del-camper-van\/"},"wordCount":409,"commentCount":0,"publisher":{"@id":"https:\/\/socialdesignmagazine.com\/mag\/#organization"},"image":{"@id":"https:\/\/socialdesignmagazine.com\/mag\/design\/visionventure-il-concept-di-hymer-che-interpreta-il-futuro-del-camper-van\/#primaryimage"},"thumbnailUrl":"https:\/\/socialdesignmagazine.com\/mag\/wp-content\/uploads\/2019\/09\/hymer-visionventure-camper-van-concept-13.jpg","keywords":["camper","camper van","caravan salon","concept","interior design","tiny houses"],"articleSection":["Design"],"inLanguage":"it-IT","potentialAction":[{"@type":"CommentAction","name":"Comment","target":["https:\/\/socialdesignmagazine.com\/mag\/design\/visionventure-il-concept-di-hymer-che-interpreta-il-futuro-del-camper-van\/#respond"]}]},{"@type":"WebPage","@id":"https:\/\/socialdesignmagazine.com\/mag\/design\/visionventure-il-concept-di-hymer-che-interpreta-il-futuro-del-camper-van\/","url":"https:\/\/socialdesignmagazine.com\/mag\/design\/visionventure-il-concept-di-hymer-che-interpreta-il-futuro-del-camper-van\/","name":"VisionVenture, il concept di Hymer che interpreta il futuro del Camper Van - Social Design Magazine","isPartOf":{"@id":"https:\/\/socialdesignmagazine.com\/mag\/#website"},"primaryImageOfPage":{"@id":"https:\/\/socialdesignmagazine.com\/mag\/design\/visionventure-il-concept-di-hymer-che-interpreta-il-futuro-del-camper-van\/#primaryimage"},"image":{"@id":"https:\/\/socialdesignmagazine.com\/mag\/design\/visionventure-il-concept-di-hymer-che-interpreta-il-futuro-del-camper-van\/#primaryimage"},"thumbnailUrl":"https:\/\/socialdesignmagazine.com\/mag\/wp-content\/uploads\/2019\/09\/hymer-visionventure-camper-van-concept-13.jpg","datePublished":"2019-09-07T13:05:31+00:00","dateModified":"2021-06-02T22:26:40+00:00","description":"Ha debuttato al Caravan Salon 2019 a D\u00fcsseldorf, il concept Hymer VisionVenture, che con un approccio emozionale cerca di esplorate il futuro del camper van.","breadcrumb":{"@id":"https:\/\/socialdesignmagazine.com\/mag\/design\/visionventure-il-concept-di-hymer-che-interpreta-il-futuro-del-camper-van\/#breadcrumb"},"inLanguage":"it-IT","potentialAction":[{"@type":"ReadAction","target":["https:\/\/socialdesignmagazine.com\/mag\/design\/visionventure-il-concept-di-hymer-che-interpreta-il-futuro-del-camper-van\/"]}]},{"@type":"ImageObject","inLanguage":"it-IT","@id":"https:\/\/socialdesignmagazine.com\/mag\/design\/visionventure-il-concept-di-hymer-che-interpreta-il-futuro-del-camper-van\/#primaryimage","url":"https:\/\/socialdesignmagazine.com\/mag\/wp-content\/uploads\/2019\/09\/hymer-visionventure-camper-van-concept-13.jpg","contentUrl":"https:\/\/socialdesignmagazine.com\/mag\/wp-content\/uploads\/2019\/09\/hymer-visionventure-camper-van-concept-13.jpg","width":1200,"height":675},{"@type":"BreadcrumbList","@id":"https:\/\/socialdesignmagazine.com\/mag\/design\/visionventure-il-concept-di-hymer-che-interpreta-il-futuro-del-camper-van\/#breadcrumb","itemListElement":[{"@type":"ListItem","position":1,"name":"Home","item":"https:\/\/socialdesignmagazine.com\/mag\/"},{"@type":"ListItem","position":2,"name":"Design","item":"https:\/\/socialdesignmagazine.com\/mag\/design\/"},{"@type":"ListItem","position":3,"name":"VisionVenture, il concept di Hymer che interpreta il futuro del Camper Van"}]},{"@type":"WebSite","@id":"https:\/\/socialdesignmagazine.com\/mag\/#website","url":"https:\/\/socialdesignmagazine.com\/mag\/","name":"Social Design Magazine","description":"Social Magazine su Design, Architettura, Arte, Grafica","publisher":{"@id":"https:\/\/socialdesignmagazine.com\/mag\/#organization"},"potentialAction":[{"@type":"SearchAction","target":{"@type":"EntryPoint","urlTemplate":"https:\/\/socialdesignmagazine.com\/mag\/?s={search_term_string}"},"query-input":{"@type":"PropertyValueSpecification","valueRequired":true,"valueName":"search_term_string"}}],"inLanguage":"it-IT"},{"@type":"Organization","@id":"https:\/\/socialdesignmagazine.com\/mag\/#organization","name":"Social Design Magazine","url":"https:\/\/socialdesignmagazine.com\/mag\/","logo":{"@type":"ImageObject","inLanguage":"it-IT","@id":"https:\/\/socialdesignmagazine.com\/mag\/#\/schema\/logo\/image\/","url":"https:\/\/socialdesignmagazine.com\/mag\/wp-content\/uploads\/2017\/01\/logo_favicon_11.png","contentUrl":"https:\/\/socialdesignmagazine.com\/mag\/wp-content\/uploads\/2017\/01\/logo_favicon_11.png","width":1024,"height":1024,"caption":"Social Design Magazine"},"image":{"@id":"https:\/\/socialdesignmagazine.com\/mag\/#\/schema\/logo\/image\/"},"sameAs":["https:\/\/www.facebook.com\/socialdesignmag","https:\/\/x.com\/socialdesignmag","http:\/\/instagram.com\/social_design_magazine\/","http:\/\/pinterest.com\/socialdesignmag\/","http:\/\/www.youtube.com\/user\/socialdesignmagazine"]},{"@type":"Person","@id":"https:\/\/socialdesignmagazine.com\/mag\/#\/schema\/person\/61e20205cc363c315e6aabd33a045846","name":"Benedetto Fiori","image":{"@type":"ImageObject","inLanguage":"it-IT","@id":"https:\/\/secure.gravatar.com\/avatar\/450a48cefa36da63d920ad70aa660bd10725b1c6093800242e5efdb397759033?s=96&d=mm&r=g","url":"https:\/\/secure.gravatar.com\/avatar\/450a48cefa36da63d920ad70aa660bd10725b1c6093800242e5efdb397759033?s=96&d=mm&r=g","contentUrl":"https:\/\/secure.gravatar.com\/avatar\/450a48cefa36da63d920ad70aa660bd10725b1c6093800242e5efdb397759033?s=96&d=mm&r=g","caption":"Benedetto Fiori"},"description":"Web | Twitter | Facebook | Shutterstock Founder &amp; Editor in Chief di Social Design Magazine. Attratto da sempre da tutto ci\u00f2 che \u00e8 creativit\u00e0, design, architettura. Dopo aver studiato Architettura all'Universit\u00e0 di Firenze, si \u00e8 impegnato in molteplici campi: comunicazione grafica, progettazione di allestimenti fieristici, brand design, Interior Design.","sameAs":["http:\/\/benedettofiori.com","https:\/\/www.facebook.com\/benedettofiori","https:\/\/x.com\/benedettofiori"],"url":"https:\/\/socialdesignmagazine.com\/mag\/author\/benedetto\/"}]}},"jetpack_featured_media_url":"https:\/\/socialdesignmagazine.com\/mag\/wp-content\/uploads\/2019\/09\/hymer-visionventure-camper-van-concept-13.jpg","jetpack_sharing_enabled":true,"jetpack_shortlink":"https:\/\/wp.me\/p6cV7V-9YH","gt_translate_keys":[{"key":"link","format":"url"}],"_links":{"self":[{"href":"https:\/\/socialdesignmagazine.com\/mag\/wp-json\/wp\/v2\/posts\/38359","targetHints":{"allow":["GET"]}}],"collection":[{"href":"https:\/\/socialdesignmagazine.com\/mag\/wp-json\/wp\/v2\/posts"}],"about":[{"href":"https:\/\/socialdesignmagazine.com\/mag\/wp-json\/wp\/v2\/types\/post"}],"author":[{"embeddable":true,"href":"https:\/\/socialdesignmagazine.com\/mag\/wp-json\/wp\/v2\/users\/1"}],"replies":[{"embeddable":true,"href":"https:\/\/socialdesignmagazine.com\/mag\/wp-json\/wp\/v2\/comments?post=38359"}],"version-history":[{"count":9,"href":"https:\/\/socialdesignmagazine.com\/mag\/wp-json\/wp\/v2\/posts\/38359\/revisions"}],"predecessor-version":[{"id":39478,"href":"https:\/\/socialdesignmagazine.com\/mag\/wp-json\/wp\/v2\/posts\/38359\/revisions\/39478"}],"wp:featuredmedia":[{"embeddable":true,"href":"https:\/\/socialdesignmagazine.com\/mag\/wp-json\/wp\/v2\/media\/38375"}],"wp:attachment":[{"href":"https:\/\/socialdesignmagazine.com\/mag\/wp-json\/wp\/v2\/media?parent=38359"}],"wp:term":[{"taxonomy":"category","embeddable":true,"href":"https:\/\/socialdesignmagazine.com\/mag\/wp-json\/wp\/v2\/categories?post=38359"},{"taxonomy":"post_tag","embeddable":true,"href":"https:\/\/socialdesignmagazine.com\/mag\/wp-json\/wp\/v2\/tags?post=38359"}],"curies":[{"name":"wp","href":"https:\/\/api.w.org\/{rel}","templated":true}]}}