{"id":38629,"date":"2019-09-27T20:25:36","date_gmt":"2019-09-27T18:25:36","guid":{"rendered":"https:\/\/socialdesignmagazine.com\/mag\/?p=38629"},"modified":"2019-09-27T20:20:27","modified_gmt":"2019-09-27T18:20:27","slug":"marmomac-2019-martini-apre-le-porte-dello-showroom-nel-cuore-di-verona","status":"publish","type":"post","link":"https:\/\/socialdesignmagazine.com\/mag\/news\/design-news\/marmomac-2019-martini-apre-le-porte-dello-showroom-nel-cuore-di-verona\/","title":{"rendered":"Marmomac 2019: Martini apre le porte dello showroom nel cuore di Verona","gt_translate_keys":[{"key":"rendered","format":"text"}]},"content":{"rendered":"\n<p>In occasione della 53esima edizione di Marmomac (25-28 settembre 2019), Martini apre al pubblico le porte del proprio showroom (Piazza Cittadella 3, Verona) dalle ore 9.00 alle ore 20.00 per tutti i giorni della fiera e il sabato su appuntamento. Un\u2019opportunit\u00e0 unica per poter vedere dal vivo le novit\u00e0 Essenza dello spazio espositivo: la nuova cucina Numero 5 e la prestigiosa cabina armadio.<\/p>\n\n\n\n<p>Un lungo percorso che ha consentito di abbracciare un mood contemporaneo e cosmopolita: Essenza, disegnato da Arbet Design, \u00e8 caratterizzato da una ricercata selezione di legni esotici e da linee moderne di tendenza. Palissandro, eucalipto, rovere: materiali particolari che donano ad ogni area della casa un look inconfondibile, esaltando il valore dell\u2019alto artigianato.<\/p>\n\n\n\n<figure class=\"wp-block-image\"><img loading=\"lazy\" decoding=\"async\" width=\"1024\" height=\"1201\" data-attachment-id=\"38632\" data-permalink=\"https:\/\/socialdesignmagazine.com\/mag\/news\/design-news\/marmomac-2019-martini-apre-le-porte-dello-showroom-nel-cuore-di-verona\/attachment\/martini-lr2-1-jpg\/#content\" data-orig-file=\"https:\/\/socialdesignmagazine.com\/mag\/wp-content\/uploads\/2019\/09\/Martini-LR2-1.jpg\" data-orig-size=\"1037,1216\" data-comments-opened=\"1\" data-image-meta=\"{&quot;aperture&quot;:&quot;0&quot;,&quot;credit&quot;:&quot;&quot;,&quot;camera&quot;:&quot;&quot;,&quot;caption&quot;:&quot;&quot;,&quot;created_timestamp&quot;:&quot;0&quot;,&quot;copyright&quot;:&quot;&quot;,&quot;focal_length&quot;:&quot;0&quot;,&quot;iso&quot;:&quot;0&quot;,&quot;shutter_speed&quot;:&quot;0&quot;,&quot;title&quot;:&quot;&quot;,&quot;orientation&quot;:&quot;0&quot;}\" data-image-title=\"Martini-LR2-1.jpg\" data-image-description=\"\" data-image-caption=\"\" data-medium-file=\"https:\/\/socialdesignmagazine.com\/mag\/wp-content\/uploads\/2019\/09\/Martini-LR2-1-438x283.jpg\" data-large-file=\"https:\/\/socialdesignmagazine.com\/mag\/wp-content\/uploads\/2019\/09\/Martini-LR2-1-1024x1201.jpg\" src=\"https:\/\/socialdesignmagazine.com\/mag\/wp-content\/uploads\/2019\/09\/Martini-LR2-1-1024x1201.jpg\" alt=\"\" class=\"wp-image-38632\" srcset=\"https:\/\/socialdesignmagazine.com\/mag\/wp-content\/uploads\/2019\/09\/Martini-LR2-1-1024x1201.jpg 1024w, https:\/\/socialdesignmagazine.com\/mag\/wp-content\/uploads\/2019\/09\/Martini-LR2-1-768x901.jpg 768w, https:\/\/socialdesignmagazine.com\/mag\/wp-content\/uploads\/2019\/09\/Martini-LR2-1.jpg 1037w\" sizes=\"auto, (max-width: 1024px) 100vw, 1024px\" \/><figcaption>La nuova cabina armadio di Martini <\/figcaption><\/figure>\n\n\n\n<p>Ambasciatori del Made in Italy nel mondo i partner scelti da Martini per lo showroom: Zanella per i marmi, Antique Mirror per gli specchi, Artep per i tappeti, Bagnaresi per le poltrone e i tessili, Bosa e VBC Casa per le ceramiche, Lacanche per i gruppi di cottura, Officina Luce per l\u2019illuminazione, Richard Ginori per gli articoli della tavola, Rubelli per i tessuti, Ruffoni per le pentole.<\/p>\n\n\n\n<figure class=\"wp-block-image\"><img loading=\"lazy\" decoding=\"async\" width=\"916\" height=\"1223\" data-attachment-id=\"38631\" data-permalink=\"https:\/\/socialdesignmagazine.com\/mag\/news\/design-news\/marmomac-2019-martini-apre-le-porte-dello-showroom-nel-cuore-di-verona\/attachment\/martini-lr-1-0-jpg\/#content\" data-orig-file=\"https:\/\/socialdesignmagazine.com\/mag\/wp-content\/uploads\/2019\/09\/Martini-LR-1-0.jpg\" data-orig-size=\"916,1223\" data-comments-opened=\"1\" data-image-meta=\"{&quot;aperture&quot;:&quot;0&quot;,&quot;credit&quot;:&quot;&quot;,&quot;camera&quot;:&quot;&quot;,&quot;caption&quot;:&quot;&quot;,&quot;created_timestamp&quot;:&quot;0&quot;,&quot;copyright&quot;:&quot;&quot;,&quot;focal_length&quot;:&quot;0&quot;,&quot;iso&quot;:&quot;0&quot;,&quot;shutter_speed&quot;:&quot;0&quot;,&quot;title&quot;:&quot;&quot;,&quot;orientation&quot;:&quot;0&quot;}\" data-image-title=\"Martini-LR-1-0.jpg\" data-image-description=\"\" data-image-caption=\"\" data-medium-file=\"https:\/\/socialdesignmagazine.com\/mag\/wp-content\/uploads\/2019\/09\/Martini-LR-1-0-438x283.jpg\" data-large-file=\"https:\/\/socialdesignmagazine.com\/mag\/wp-content\/uploads\/2019\/09\/Martini-LR-1-0.jpg\" src=\"https:\/\/socialdesignmagazine.com\/mag\/wp-content\/uploads\/2019\/09\/Martini-LR-1-0.jpg\" alt=\"\" class=\"wp-image-38631\" srcset=\"https:\/\/socialdesignmagazine.com\/mag\/wp-content\/uploads\/2019\/09\/Martini-LR-1-0.jpg 916w, https:\/\/socialdesignmagazine.com\/mag\/wp-content\/uploads\/2019\/09\/Martini-LR-1-0-768x1025.jpg 768w\" sizes=\"auto, (max-width: 916px) 100vw, 916px\" \/><figcaption> Cucina Essenza Numero 5 <\/figcaption><\/figure>\n\n\n\n<p>Mercoled\u00ec 25 settembre alle ore 19.00, lo showroom Martini sar\u00e0 animato da un aperitivo in collaborazione con il partner Zanella Marmi, con la possibilit\u00e0 di visita dello spazio espositivo da parte del pubblico.<\/p>\n\n\n\n<figure class=\"wp-block-image\"><img loading=\"lazy\" decoding=\"async\" width=\"1024\" height=\"666\" data-attachment-id=\"38633\" data-permalink=\"https:\/\/socialdesignmagazine.com\/mag\/news\/design-news\/marmomac-2019-martini-apre-le-porte-dello-showroom-nel-cuore-di-verona\/attachment\/martini-2-jpeg\/#content\" data-orig-file=\"https:\/\/socialdesignmagazine.com\/mag\/wp-content\/uploads\/2019\/09\/martini-2.jpeg\" data-orig-size=\"1280,833\" data-comments-opened=\"1\" data-image-meta=\"{&quot;aperture&quot;:&quot;0&quot;,&quot;credit&quot;:&quot;&quot;,&quot;camera&quot;:&quot;&quot;,&quot;caption&quot;:&quot;&quot;,&quot;created_timestamp&quot;:&quot;0&quot;,&quot;copyright&quot;:&quot;&quot;,&quot;focal_length&quot;:&quot;0&quot;,&quot;iso&quot;:&quot;0&quot;,&quot;shutter_speed&quot;:&quot;0&quot;,&quot;title&quot;:&quot;&quot;,&quot;orientation&quot;:&quot;0&quot;}\" data-image-title=\"martini-2.jpeg\" data-image-description=\"\" data-image-caption=\"\" data-medium-file=\"https:\/\/socialdesignmagazine.com\/mag\/wp-content\/uploads\/2019\/09\/martini-2-438x283.jpeg\" data-large-file=\"https:\/\/socialdesignmagazine.com\/mag\/wp-content\/uploads\/2019\/09\/martini-2-1024x666.jpeg\" src=\"https:\/\/socialdesignmagazine.com\/mag\/wp-content\/uploads\/2019\/09\/martini-2-1024x666.jpeg\" alt=\"\" class=\"wp-image-38633\" srcset=\"https:\/\/socialdesignmagazine.com\/mag\/wp-content\/uploads\/2019\/09\/martini-2-1024x666.jpeg 1024w, https:\/\/socialdesignmagazine.com\/mag\/wp-content\/uploads\/2019\/09\/martini-2-100x66.jpeg 100w, https:\/\/socialdesignmagazine.com\/mag\/wp-content\/uploads\/2019\/09\/martini-2-768x500.jpeg 768w, https:\/\/socialdesignmagazine.com\/mag\/wp-content\/uploads\/2019\/09\/martini-2.jpeg 1280w\" sizes=\"auto, (max-width: 1024px) 100vw, 1024px\" \/><\/figure>\n\n\n\n<p><a rel=\"nofollow\" href=\"http:\/\/www.martinimobili.it\">www.martinimobili.it<\/a><\/p>\n","protected":false,"gt_translate_keys":[{"key":"rendered","format":"html"}]},"excerpt":{"rendered":"<p>In occasione della 53esima edizione di Marmomac (25-28 settembre 2019), Martini apre al pubblico le porte del proprio showroom.<\/p>\n","protected":false,"gt_translate_keys":[{"key":"rendered","format":"html"}]},"author":756,"featured_media":38631,"comment_status":"open","ping_status":"open","sticky":false,"template":"","format":"standard","meta":{"jetpack_post_was_ever_published":false,"_jetpack_newsletter_access":"","_jetpack_dont_email_post_to_subs":false,"_jetpack_newsletter_tier_id":0,"_jetpack_memberships_contains_paywalled_content":false,"_jetpack_memberships_contains_paid_content":false,"footnotes":"","_wpscppro_dont_share_socialmedia":false,"_wpscppro_custom_social_share_image":0,"_facebook_share_type":"","_twitter_share_type":"","_linkedin_share_type":"","_pinterest_share_type":"","_linkedin_share_type_page":"","_instagram_share_type":"","_medium_share_type":"","_threads_share_type":"","_google_business_share_type":"","_selected_social_profile":[],"_wpsp_enable_custom_social_template":false,"_wpsp_social_scheduling":{"enabled":false,"datetime":null,"platforms":[],"status":"template_only","dateOption":"today","timeOption":"now","customDays":"","customHours":"","customDate":"","customTime":"","schedulingType":"absolute"},"_wpsp_active_default_template":true},"categories":[17],"tags":[1864,5948,5949],"class_list":["post-38629","post","type-post","status-publish","format-standard","has-post-thumbnail","hentry","category-design-news","tag-arredamento","tag-desigm","tag-marmomac"],"yoast_head":"<!-- This site is optimized with the Yoast SEO plugin v27.2 - https:\/\/yoast.com\/product\/yoast-seo-wordpress\/ -->\n<title>Marmomac 2019: Martini apre le porte dello showroom nel cuore di Verona - Social Design Magazine<\/title>\n<meta name=\"description\" content=\"In occasione della 53esima edizione di Marmomac (25-28 settembre 2019), Martini apre al pubblico le porte del proprio showroom\" \/>\n<meta name=\"robots\" content=\"index, follow, max-snippet:-1, max-image-preview:large, max-video-preview:-1\" \/>\n<link rel=\"canonical\" href=\"https:\/\/socialdesignmagazine.com\/mag\/news\/design-news\/marmomac-2019-martini-apre-le-porte-dello-showroom-nel-cuore-di-verona\/\" \/>\n<meta property=\"og:locale\" content=\"it_IT\" \/>\n<meta property=\"og:type\" content=\"article\" \/>\n<meta property=\"og:title\" content=\"Marmomac 2019: Martini apre le porte dello showroom nel cuore di Verona - Social Design Magazine\" \/>\n<meta property=\"og:description\" content=\"In occasione della 53esima edizione di Marmomac (25-28 settembre 2019), Martini apre al pubblico le porte del proprio showroom\" \/>\n<meta property=\"og:url\" content=\"http:\/\/socialdesignmagazine.com\/mag\/news\/design-news\/marmomac-2019-martini-apre-le-porte-dello-showroom-nel-cuore-di-verona\/\" \/>\n<meta property=\"og:site_name\" content=\"Social Design Magazine\" \/>\n<meta property=\"article:publisher\" content=\"https:\/\/www.facebook.com\/socialdesignmag\" \/>\n<meta property=\"article:published_time\" content=\"2019-09-27T18:25:36+00:00\" \/>\n<meta property=\"og:image\" content=\"https:\/\/socialdesignmagazine.com\/mag\/wp-content\/uploads\/2019\/09\/Martini-LR-1-0.jpg\" \/>\n\t<meta property=\"og:image:width\" content=\"916\" \/>\n\t<meta property=\"og:image:height\" content=\"1223\" \/>\n\t<meta property=\"og:image:type\" content=\"image\/jpeg\" \/>\n<meta name=\"author\" content=\"terzomillennium\" \/>\n<meta name=\"twitter:card\" content=\"summary_large_image\" \/>\n<meta name=\"twitter:creator\" content=\"@socialdesignmag\" \/>\n<meta name=\"twitter:site\" content=\"@socialdesignmag\" \/>\n<meta name=\"twitter:label1\" content=\"Scritto da\" \/>\n\t<meta name=\"twitter:data1\" content=\"terzomillennium\" \/>\n\t<meta name=\"twitter:label2\" content=\"Tempo di lettura stimato\" \/>\n\t<meta name=\"twitter:data2\" content=\"1 minuto\" \/>\n<script type=\"application\/ld+json\" class=\"yoast-schema-graph\">{\"@context\":\"https:\/\/schema.org\",\"@graph\":[{\"@type\":\"Article\",\"@id\":\"https:\/\/socialdesignmagazine.com\/mag\/news\/design-news\/marmomac-2019-martini-apre-le-porte-dello-showroom-nel-cuore-di-verona\/#article\",\"isPartOf\":{\"@id\":\"https:\/\/socialdesignmagazine.com\/mag\/news\/design-news\/marmomac-2019-martini-apre-le-porte-dello-showroom-nel-cuore-di-verona\/\"},\"author\":{\"name\":\"terzomillennium\",\"@id\":\"https:\/\/socialdesignmagazine.com\/mag\/#\/schema\/person\/4391359e89191fca2cbe5960753c1857\"},\"headline\":\"Marmomac 2019: Martini apre le porte dello showroom nel cuore di Verona\",\"datePublished\":\"2019-09-27T18:25:36+00:00\",\"mainEntityOfPage\":{\"@id\":\"https:\/\/socialdesignmagazine.com\/mag\/news\/design-news\/marmomac-2019-martini-apre-le-porte-dello-showroom-nel-cuore-di-verona\/\"},\"wordCount\":234,\"commentCount\":0,\"publisher\":{\"@id\":\"https:\/\/socialdesignmagazine.com\/mag\/#organization\"},\"image\":{\"@id\":\"https:\/\/socialdesignmagazine.com\/mag\/news\/design-news\/marmomac-2019-martini-apre-le-porte-dello-showroom-nel-cuore-di-verona\/#primaryimage\"},\"thumbnailUrl\":\"https:\/\/socialdesignmagazine.com\/mag\/wp-content\/uploads\/2019\/09\/Martini-LR-1-0.jpg\",\"keywords\":[\"arredamento\",\"desigm\",\"marmomac\"],\"articleSection\":[\"Design News\"],\"inLanguage\":\"it-IT\",\"potentialAction\":[{\"@type\":\"CommentAction\",\"name\":\"Comment\",\"target\":[\"https:\/\/socialdesignmagazine.com\/mag\/news\/design-news\/marmomac-2019-martini-apre-le-porte-dello-showroom-nel-cuore-di-verona\/#respond\"]}]},{\"@type\":\"WebPage\",\"@id\":\"https:\/\/socialdesignmagazine.com\/mag\/news\/design-news\/marmomac-2019-martini-apre-le-porte-dello-showroom-nel-cuore-di-verona\/\",\"url\":\"https:\/\/socialdesignmagazine.com\/mag\/news\/design-news\/marmomac-2019-martini-apre-le-porte-dello-showroom-nel-cuore-di-verona\/\",\"name\":\"Marmomac 2019: Martini apre le porte dello showroom nel cuore di Verona - Social Design Magazine\",\"isPartOf\":{\"@id\":\"https:\/\/socialdesignmagazine.com\/mag\/#website\"},\"primaryImageOfPage\":{\"@id\":\"https:\/\/socialdesignmagazine.com\/mag\/news\/design-news\/marmomac-2019-martini-apre-le-porte-dello-showroom-nel-cuore-di-verona\/#primaryimage\"},\"image\":{\"@id\":\"https:\/\/socialdesignmagazine.com\/mag\/news\/design-news\/marmomac-2019-martini-apre-le-porte-dello-showroom-nel-cuore-di-verona\/#primaryimage\"},\"thumbnailUrl\":\"https:\/\/socialdesignmagazine.com\/mag\/wp-content\/uploads\/2019\/09\/Martini-LR-1-0.jpg\",\"datePublished\":\"2019-09-27T18:25:36+00:00\",\"description\":\"In occasione della 53esima edizione di Marmomac (25-28 settembre 2019), Martini apre al pubblico le porte del proprio showroom\",\"breadcrumb\":{\"@id\":\"https:\/\/socialdesignmagazine.com\/mag\/news\/design-news\/marmomac-2019-martini-apre-le-porte-dello-showroom-nel-cuore-di-verona\/#breadcrumb\"},\"inLanguage\":\"it-IT\",\"potentialAction\":[{\"@type\":\"ReadAction\",\"target\":[\"https:\/\/socialdesignmagazine.com\/mag\/news\/design-news\/marmomac-2019-martini-apre-le-porte-dello-showroom-nel-cuore-di-verona\/\"]}]},{\"@type\":\"ImageObject\",\"inLanguage\":\"it-IT\",\"@id\":\"https:\/\/socialdesignmagazine.com\/mag\/news\/design-news\/marmomac-2019-martini-apre-le-porte-dello-showroom-nel-cuore-di-verona\/#primaryimage\",\"url\":\"https:\/\/socialdesignmagazine.com\/mag\/wp-content\/uploads\/2019\/09\/Martini-LR-1-0.jpg\",\"contentUrl\":\"https:\/\/socialdesignmagazine.com\/mag\/wp-content\/uploads\/2019\/09\/Martini-LR-1-0.jpg\",\"width\":916,\"height\":1223},{\"@type\":\"BreadcrumbList\",\"@id\":\"https:\/\/socialdesignmagazine.com\/mag\/news\/design-news\/marmomac-2019-martini-apre-le-porte-dello-showroom-nel-cuore-di-verona\/#breadcrumb\",\"itemListElement\":[{\"@type\":\"ListItem\",\"position\":1,\"name\":\"Home\",\"item\":\"https:\/\/socialdesignmagazine.com\/mag\/\"},{\"@type\":\"ListItem\",\"position\":2,\"name\":\"News\",\"item\":\"https:\/\/socialdesignmagazine.com\/mag\/news\/\"},{\"@type\":\"ListItem\",\"position\":3,\"name\":\"Design News\",\"item\":\"https:\/\/socialdesignmagazine.com\/mag\/news\/design-news\/\"},{\"@type\":\"ListItem\",\"position\":4,\"name\":\"Marmomac 2019: Martini apre le porte dello showroom nel cuore di Verona\"}]},{\"@type\":\"WebSite\",\"@id\":\"https:\/\/socialdesignmagazine.com\/mag\/#website\",\"url\":\"https:\/\/socialdesignmagazine.com\/mag\/\",\"name\":\"Social Design Magazine\",\"description\":\"Social Magazine su Design, Architettura, Arte, Grafica\",\"publisher\":{\"@id\":\"https:\/\/socialdesignmagazine.com\/mag\/#organization\"},\"potentialAction\":[{\"@type\":\"SearchAction\",\"target\":{\"@type\":\"EntryPoint\",\"urlTemplate\":\"https:\/\/socialdesignmagazine.com\/mag\/?s={search_term_string}\"},\"query-input\":{\"@type\":\"PropertyValueSpecification\",\"valueRequired\":true,\"valueName\":\"search_term_string\"}}],\"inLanguage\":\"it-IT\"},{\"@type\":\"Organization\",\"@id\":\"https:\/\/socialdesignmagazine.com\/mag\/#organization\",\"name\":\"Social Design Magazine\",\"url\":\"https:\/\/socialdesignmagazine.com\/mag\/\",\"logo\":{\"@type\":\"ImageObject\",\"inLanguage\":\"it-IT\",\"@id\":\"https:\/\/socialdesignmagazine.com\/mag\/#\/schema\/logo\/image\/\",\"url\":\"https:\/\/socialdesignmagazine.com\/mag\/wp-content\/uploads\/2017\/01\/logo_favicon_11.png\",\"contentUrl\":\"https:\/\/socialdesignmagazine.com\/mag\/wp-content\/uploads\/2017\/01\/logo_favicon_11.png\",\"width\":1024,\"height\":1024,\"caption\":\"Social Design Magazine\"},\"image\":{\"@id\":\"https:\/\/socialdesignmagazine.com\/mag\/#\/schema\/logo\/image\/\"},\"sameAs\":[\"https:\/\/www.facebook.com\/socialdesignmag\",\"https:\/\/x.com\/socialdesignmag\",\"http:\/\/instagram.com\/social_design_magazine\/\",\"http:\/\/pinterest.com\/socialdesignmag\/\",\"http:\/\/www.youtube.com\/user\/socialdesignmagazine\"]},{\"@type\":\"Person\",\"@id\":\"https:\/\/socialdesignmagazine.com\/mag\/#\/schema\/person\/4391359e89191fca2cbe5960753c1857\",\"name\":\"terzomillennium\",\"image\":{\"@type\":\"ImageObject\",\"inLanguage\":\"it-IT\",\"@id\":\"https:\/\/secure.gravatar.com\/avatar\/ea9a9234dcfe53cb5e7d8d2915b94a3b7c61dcc3297b735725d1304ebdb7e9b7?s=96&d=mm&r=g\",\"url\":\"https:\/\/secure.gravatar.com\/avatar\/ea9a9234dcfe53cb5e7d8d2915b94a3b7c61dcc3297b735725d1304ebdb7e9b7?s=96&d=mm&r=g\",\"contentUrl\":\"https:\/\/secure.gravatar.com\/avatar\/ea9a9234dcfe53cb5e7d8d2915b94a3b7c61dcc3297b735725d1304ebdb7e9b7?s=96&d=mm&r=g\",\"caption\":\"terzomillennium\"},\"url\":\"https:\/\/socialdesignmagazine.com\/mag\/author\/terzomillennium\/\"}]}<\/script>\n<!-- \/ Yoast SEO plugin. -->","yoast_head_json":{"title":"Marmomac 2019: Martini apre le porte dello showroom nel cuore di Verona - Social Design Magazine","description":"In occasione della 53esima edizione di Marmomac (25-28 settembre 2019), Martini apre al pubblico le porte del proprio showroom","robots":{"index":"index","follow":"follow","max-snippet":"max-snippet:-1","max-image-preview":"max-image-preview:large","max-video-preview":"max-video-preview:-1"},"canonical":"https:\/\/socialdesignmagazine.com\/mag\/news\/design-news\/marmomac-2019-martini-apre-le-porte-dello-showroom-nel-cuore-di-verona\/","og_locale":"it_IT","og_type":"article","og_title":"Marmomac 2019: Martini apre le porte dello showroom nel cuore di Verona - Social Design Magazine","og_description":"In occasione della 53esima edizione di Marmomac (25-28 settembre 2019), Martini apre al pubblico le porte del proprio showroom","og_url":"http:\/\/socialdesignmagazine.com\/mag\/news\/design-news\/marmomac-2019-martini-apre-le-porte-dello-showroom-nel-cuore-di-verona\/","og_site_name":"Social Design Magazine","article_publisher":"https:\/\/www.facebook.com\/socialdesignmag","article_published_time":"2019-09-27T18:25:36+00:00","og_image":[{"width":916,"height":1223,"url":"https:\/\/socialdesignmagazine.com\/mag\/wp-content\/uploads\/2019\/09\/Martini-LR-1-0.jpg","type":"image\/jpeg"}],"author":"terzomillennium","twitter_card":"summary_large_image","twitter_creator":"@socialdesignmag","twitter_site":"@socialdesignmag","twitter_misc":{"Scritto da":"terzomillennium","Tempo di lettura stimato":"1 minuto"},"schema":{"@context":"https:\/\/schema.org","@graph":[{"@type":"Article","@id":"https:\/\/socialdesignmagazine.com\/mag\/news\/design-news\/marmomac-2019-martini-apre-le-porte-dello-showroom-nel-cuore-di-verona\/#article","isPartOf":{"@id":"https:\/\/socialdesignmagazine.com\/mag\/news\/design-news\/marmomac-2019-martini-apre-le-porte-dello-showroom-nel-cuore-di-verona\/"},"author":{"name":"terzomillennium","@id":"https:\/\/socialdesignmagazine.com\/mag\/#\/schema\/person\/4391359e89191fca2cbe5960753c1857"},"headline":"Marmomac 2019: Martini apre le porte dello showroom nel cuore di Verona","datePublished":"2019-09-27T18:25:36+00:00","mainEntityOfPage":{"@id":"https:\/\/socialdesignmagazine.com\/mag\/news\/design-news\/marmomac-2019-martini-apre-le-porte-dello-showroom-nel-cuore-di-verona\/"},"wordCount":234,"commentCount":0,"publisher":{"@id":"https:\/\/socialdesignmagazine.com\/mag\/#organization"},"image":{"@id":"https:\/\/socialdesignmagazine.com\/mag\/news\/design-news\/marmomac-2019-martini-apre-le-porte-dello-showroom-nel-cuore-di-verona\/#primaryimage"},"thumbnailUrl":"https:\/\/socialdesignmagazine.com\/mag\/wp-content\/uploads\/2019\/09\/Martini-LR-1-0.jpg","keywords":["arredamento","desigm","marmomac"],"articleSection":["Design News"],"inLanguage":"it-IT","potentialAction":[{"@type":"CommentAction","name":"Comment","target":["https:\/\/socialdesignmagazine.com\/mag\/news\/design-news\/marmomac-2019-martini-apre-le-porte-dello-showroom-nel-cuore-di-verona\/#respond"]}]},{"@type":"WebPage","@id":"https:\/\/socialdesignmagazine.com\/mag\/news\/design-news\/marmomac-2019-martini-apre-le-porte-dello-showroom-nel-cuore-di-verona\/","url":"https:\/\/socialdesignmagazine.com\/mag\/news\/design-news\/marmomac-2019-martini-apre-le-porte-dello-showroom-nel-cuore-di-verona\/","name":"Marmomac 2019: Martini apre le porte dello showroom nel cuore di Verona - Social Design Magazine","isPartOf":{"@id":"https:\/\/socialdesignmagazine.com\/mag\/#website"},"primaryImageOfPage":{"@id":"https:\/\/socialdesignmagazine.com\/mag\/news\/design-news\/marmomac-2019-martini-apre-le-porte-dello-showroom-nel-cuore-di-verona\/#primaryimage"},"image":{"@id":"https:\/\/socialdesignmagazine.com\/mag\/news\/design-news\/marmomac-2019-martini-apre-le-porte-dello-showroom-nel-cuore-di-verona\/#primaryimage"},"thumbnailUrl":"https:\/\/socialdesignmagazine.com\/mag\/wp-content\/uploads\/2019\/09\/Martini-LR-1-0.jpg","datePublished":"2019-09-27T18:25:36+00:00","description":"In occasione della 53esima edizione di Marmomac (25-28 settembre 2019), Martini apre al pubblico le porte del proprio showroom","breadcrumb":{"@id":"https:\/\/socialdesignmagazine.com\/mag\/news\/design-news\/marmomac-2019-martini-apre-le-porte-dello-showroom-nel-cuore-di-verona\/#breadcrumb"},"inLanguage":"it-IT","potentialAction":[{"@type":"ReadAction","target":["https:\/\/socialdesignmagazine.com\/mag\/news\/design-news\/marmomac-2019-martini-apre-le-porte-dello-showroom-nel-cuore-di-verona\/"]}]},{"@type":"ImageObject","inLanguage":"it-IT","@id":"https:\/\/socialdesignmagazine.com\/mag\/news\/design-news\/marmomac-2019-martini-apre-le-porte-dello-showroom-nel-cuore-di-verona\/#primaryimage","url":"https:\/\/socialdesignmagazine.com\/mag\/wp-content\/uploads\/2019\/09\/Martini-LR-1-0.jpg","contentUrl":"https:\/\/socialdesignmagazine.com\/mag\/wp-content\/uploads\/2019\/09\/Martini-LR-1-0.jpg","width":916,"height":1223},{"@type":"BreadcrumbList","@id":"https:\/\/socialdesignmagazine.com\/mag\/news\/design-news\/marmomac-2019-martini-apre-le-porte-dello-showroom-nel-cuore-di-verona\/#breadcrumb","itemListElement":[{"@type":"ListItem","position":1,"name":"Home","item":"https:\/\/socialdesignmagazine.com\/mag\/"},{"@type":"ListItem","position":2,"name":"News","item":"https:\/\/socialdesignmagazine.com\/mag\/news\/"},{"@type":"ListItem","position":3,"name":"Design News","item":"https:\/\/socialdesignmagazine.com\/mag\/news\/design-news\/"},{"@type":"ListItem","position":4,"name":"Marmomac 2019: Martini apre le porte dello showroom nel cuore di Verona"}]},{"@type":"WebSite","@id":"https:\/\/socialdesignmagazine.com\/mag\/#website","url":"https:\/\/socialdesignmagazine.com\/mag\/","name":"Social Design Magazine","description":"Social Magazine su Design, Architettura, Arte, Grafica","publisher":{"@id":"https:\/\/socialdesignmagazine.com\/mag\/#organization"},"potentialAction":[{"@type":"SearchAction","target":{"@type":"EntryPoint","urlTemplate":"https:\/\/socialdesignmagazine.com\/mag\/?s={search_term_string}"},"query-input":{"@type":"PropertyValueSpecification","valueRequired":true,"valueName":"search_term_string"}}],"inLanguage":"it-IT"},{"@type":"Organization","@id":"https:\/\/socialdesignmagazine.com\/mag\/#organization","name":"Social Design Magazine","url":"https:\/\/socialdesignmagazine.com\/mag\/","logo":{"@type":"ImageObject","inLanguage":"it-IT","@id":"https:\/\/socialdesignmagazine.com\/mag\/#\/schema\/logo\/image\/","url":"https:\/\/socialdesignmagazine.com\/mag\/wp-content\/uploads\/2017\/01\/logo_favicon_11.png","contentUrl":"https:\/\/socialdesignmagazine.com\/mag\/wp-content\/uploads\/2017\/01\/logo_favicon_11.png","width":1024,"height":1024,"caption":"Social Design Magazine"},"image":{"@id":"https:\/\/socialdesignmagazine.com\/mag\/#\/schema\/logo\/image\/"},"sameAs":["https:\/\/www.facebook.com\/socialdesignmag","https:\/\/x.com\/socialdesignmag","http:\/\/instagram.com\/social_design_magazine\/","http:\/\/pinterest.com\/socialdesignmag\/","http:\/\/www.youtube.com\/user\/socialdesignmagazine"]},{"@type":"Person","@id":"https:\/\/socialdesignmagazine.com\/mag\/#\/schema\/person\/4391359e89191fca2cbe5960753c1857","name":"terzomillennium","image":{"@type":"ImageObject","inLanguage":"it-IT","@id":"https:\/\/secure.gravatar.com\/avatar\/ea9a9234dcfe53cb5e7d8d2915b94a3b7c61dcc3297b735725d1304ebdb7e9b7?s=96&d=mm&r=g","url":"https:\/\/secure.gravatar.com\/avatar\/ea9a9234dcfe53cb5e7d8d2915b94a3b7c61dcc3297b735725d1304ebdb7e9b7?s=96&d=mm&r=g","contentUrl":"https:\/\/secure.gravatar.com\/avatar\/ea9a9234dcfe53cb5e7d8d2915b94a3b7c61dcc3297b735725d1304ebdb7e9b7?s=96&d=mm&r=g","caption":"terzomillennium"},"url":"https:\/\/socialdesignmagazine.com\/mag\/author\/terzomillennium\/"}]}},"jetpack_featured_media_url":"https:\/\/socialdesignmagazine.com\/mag\/wp-content\/uploads\/2019\/09\/Martini-LR-1-0.jpg","jetpack_sharing_enabled":true,"jetpack_shortlink":"https:\/\/wp.me\/p6cV7V-a33","gt_translate_keys":[{"key":"link","format":"url"}],"_links":{"self":[{"href":"https:\/\/socialdesignmagazine.com\/mag\/wp-json\/wp\/v2\/posts\/38629","targetHints":{"allow":["GET"]}}],"collection":[{"href":"https:\/\/socialdesignmagazine.com\/mag\/wp-json\/wp\/v2\/posts"}],"about":[{"href":"https:\/\/socialdesignmagazine.com\/mag\/wp-json\/wp\/v2\/types\/post"}],"author":[{"embeddable":true,"href":"https:\/\/socialdesignmagazine.com\/mag\/wp-json\/wp\/v2\/users\/756"}],"replies":[{"embeddable":true,"href":"https:\/\/socialdesignmagazine.com\/mag\/wp-json\/wp\/v2\/comments?post=38629"}],"version-history":[{"count":4,"href":"https:\/\/socialdesignmagazine.com\/mag\/wp-json\/wp\/v2\/posts\/38629\/revisions"}],"predecessor-version":[{"id":38690,"href":"https:\/\/socialdesignmagazine.com\/mag\/wp-json\/wp\/v2\/posts\/38629\/revisions\/38690"}],"wp:featuredmedia":[{"embeddable":true,"href":"https:\/\/socialdesignmagazine.com\/mag\/wp-json\/wp\/v2\/media\/38631"}],"wp:attachment":[{"href":"https:\/\/socialdesignmagazine.com\/mag\/wp-json\/wp\/v2\/media?parent=38629"}],"wp:term":[{"taxonomy":"category","embeddable":true,"href":"https:\/\/socialdesignmagazine.com\/mag\/wp-json\/wp\/v2\/categories?post=38629"},{"taxonomy":"post_tag","embeddable":true,"href":"https:\/\/socialdesignmagazine.com\/mag\/wp-json\/wp\/v2\/tags?post=38629"}],"curies":[{"name":"wp","href":"https:\/\/api.w.org\/{rel}","templated":true}]}}