{"id":387,"date":"2011-06-30T21:00:11","date_gmt":"2011-06-30T19:00:11","guid":{"rendered":"https:\/\/socialdesignmagazine.com\/mag\/s5-architettura\/c34-architettura\/taranta-studio-taranta-creations\/"},"modified":"2024-05-07T17:46:46","modified_gmt":"2024-05-07T15:46:46","slug":"taranta-studio-taranta-creations","status":"publish","type":"post","link":"https:\/\/socialdesignmagazine.com\/mag\/architettura\/taranta-studio-taranta-creations\/","title":{"rendered":"Taranta Studio \/ Taranta Creations","gt_translate_keys":[{"key":"rendered","format":"text"}]},"content":{"rendered":"\n<p>Ideato da Taranta Creations, lo studio ha alcuni concetti molto interessanti, come il pavimento percepito come un enorme e sempre pronta scrivania, o la forma della scala che \u00e8 anche il fulcro del livello pi\u00f9 basso.<\/p>\n\n\n<div class=\"wp-block-image\">\n<figure class=\"aligncenter\"><img loading=\"lazy\" decoding=\"async\" width=\"720\" height=\"479\" data-attachment-id=\"6199\" data-permalink=\"https:\/\/socialdesignmagazine.com\/mag\/architettura\/taranta-studio-taranta-creations\/attachment\/02_taranta_studio\/#content\" data-orig-file=\"https:\/\/socialdesignmagazine.com\/mag\/wp-content\/uploads\/2011\/06\/benedetto_Taranta_Creations_Taranta_Studio_02_Taranta_Studio.jpg\" data-orig-size=\"720,479\" data-comments-opened=\"1\" data-image-meta=\"{&quot;aperture&quot;:&quot;0&quot;,&quot;credit&quot;:&quot;&quot;,&quot;camera&quot;:&quot;&quot;,&quot;caption&quot;:&quot;&quot;,&quot;created_timestamp&quot;:&quot;0&quot;,&quot;copyright&quot;:&quot;&quot;,&quot;focal_length&quot;:&quot;0&quot;,&quot;iso&quot;:&quot;0&quot;,&quot;shutter_speed&quot;:&quot;0&quot;,&quot;title&quot;:&quot;&quot;,&quot;orientation&quot;:&quot;0&quot;}\" data-image-title=\"02_Taranta_Studio\" data-image-description=\"\" data-image-caption=\"\" data-medium-file=\"https:\/\/socialdesignmagazine.com\/mag\/wp-content\/uploads\/2011\/06\/benedetto_Taranta_Creations_Taranta_Studio_02_Taranta_Studio-396x256.jpg\" data-large-file=\"https:\/\/socialdesignmagazine.com\/mag\/wp-content\/uploads\/2011\/06\/benedetto_Taranta_Creations_Taranta_Studio_02_Taranta_Studio.jpg\" src=\"https:\/\/socialdesignmagazine.com\/mag\/wp-content\/uploads\/2011\/06\/benedetto_Taranta_Creations_Taranta_Studio_02_Taranta_Studio.jpg\" alt=\"02_Taranta_Studio\" class=\"wp-image-6199\" srcset=\"https:\/\/socialdesignmagazine.com\/mag\/wp-content\/uploads\/2011\/06\/benedetto_Taranta_Creations_Taranta_Studio_02_Taranta_Studio.jpg 720w, https:\/\/socialdesignmagazine.com\/mag\/wp-content\/uploads\/2011\/06\/benedetto_Taranta_Creations_Taranta_Studio_02_Taranta_Studio-100x66.jpg 100w\" sizes=\"auto, (max-width: 720px) 100vw, 720px\" \/><\/figure>\n<\/div>\n\n<div class=\"wp-block-image\">\n<figure class=\"aligncenter\"><img loading=\"lazy\" decoding=\"async\" width=\"720\" height=\"1080\" data-attachment-id=\"6200\" data-permalink=\"https:\/\/socialdesignmagazine.com\/mag\/architettura\/taranta-studio-taranta-creations\/attachment\/03_taranta_studio\/#content\" data-orig-file=\"https:\/\/socialdesignmagazine.com\/mag\/wp-content\/uploads\/2011\/06\/benedetto_Taranta_Creations_Taranta_Studio_03_Taranta_Studio.jpg\" data-orig-size=\"720,1080\" data-comments-opened=\"1\" data-image-meta=\"{&quot;aperture&quot;:&quot;0&quot;,&quot;credit&quot;:&quot;&quot;,&quot;camera&quot;:&quot;&quot;,&quot;caption&quot;:&quot;&quot;,&quot;created_timestamp&quot;:&quot;0&quot;,&quot;copyright&quot;:&quot;&quot;,&quot;focal_length&quot;:&quot;0&quot;,&quot;iso&quot;:&quot;0&quot;,&quot;shutter_speed&quot;:&quot;0&quot;,&quot;title&quot;:&quot;&quot;,&quot;orientation&quot;:&quot;0&quot;}\" data-image-title=\"03_Taranta_Studio\" data-image-description=\"\" data-image-caption=\"\" data-medium-file=\"https:\/\/socialdesignmagazine.com\/mag\/wp-content\/uploads\/2011\/06\/benedetto_Taranta_Creations_Taranta_Studio_03_Taranta_Studio-396x256.jpg\" data-large-file=\"https:\/\/socialdesignmagazine.com\/mag\/wp-content\/uploads\/2011\/06\/benedetto_Taranta_Creations_Taranta_Studio_03_Taranta_Studio.jpg\" src=\"https:\/\/socialdesignmagazine.com\/mag\/wp-content\/uploads\/2011\/06\/benedetto_Taranta_Creations_Taranta_Studio_03_Taranta_Studio.jpg\" alt=\"03_Taranta_Studio\" class=\"wp-image-6200\"\/><\/figure>\n<\/div>\n\n<div class=\"wp-block-image\">\n<figure class=\"aligncenter\"><img loading=\"lazy\" decoding=\"async\" width=\"720\" height=\"1080\" data-attachment-id=\"6201\" data-permalink=\"https:\/\/socialdesignmagazine.com\/mag\/architettura\/taranta-studio-taranta-creations\/attachment\/04_taranta_studio\/#content\" data-orig-file=\"https:\/\/socialdesignmagazine.com\/mag\/wp-content\/uploads\/2011\/06\/benedetto_Taranta_Creations_Taranta_Studio_04_Taranta_Studio.jpg\" data-orig-size=\"720,1080\" data-comments-opened=\"1\" data-image-meta=\"{&quot;aperture&quot;:&quot;0&quot;,&quot;credit&quot;:&quot;&quot;,&quot;camera&quot;:&quot;&quot;,&quot;caption&quot;:&quot;&quot;,&quot;created_timestamp&quot;:&quot;0&quot;,&quot;copyright&quot;:&quot;&quot;,&quot;focal_length&quot;:&quot;0&quot;,&quot;iso&quot;:&quot;0&quot;,&quot;shutter_speed&quot;:&quot;0&quot;,&quot;title&quot;:&quot;&quot;,&quot;orientation&quot;:&quot;0&quot;}\" data-image-title=\"04_Taranta_Studio\" data-image-description=\"\" data-image-caption=\"\" data-medium-file=\"https:\/\/socialdesignmagazine.com\/mag\/wp-content\/uploads\/2011\/06\/benedetto_Taranta_Creations_Taranta_Studio_04_Taranta_Studio-396x256.jpg\" data-large-file=\"https:\/\/socialdesignmagazine.com\/mag\/wp-content\/uploads\/2011\/06\/benedetto_Taranta_Creations_Taranta_Studio_04_Taranta_Studio.jpg\" src=\"https:\/\/socialdesignmagazine.com\/mag\/wp-content\/uploads\/2011\/06\/benedetto_Taranta_Creations_Taranta_Studio_04_Taranta_Studio.jpg\" alt=\"04_Taranta_Studio\" class=\"wp-image-6201\"\/><\/figure>\n<\/div>\n\n<div class=\"wp-block-image\">\n<figure class=\"aligncenter\"><img loading=\"lazy\" decoding=\"async\" width=\"720\" height=\"479\" data-attachment-id=\"6202\" data-permalink=\"https:\/\/socialdesignmagazine.com\/mag\/architettura\/taranta-studio-taranta-creations\/attachment\/05_taranta_studio\/#content\" data-orig-file=\"https:\/\/socialdesignmagazine.com\/mag\/wp-content\/uploads\/2011\/06\/benedetto_Taranta_Creations_Taranta_Studio_05_Taranta_Studio.jpg\" data-orig-size=\"720,479\" data-comments-opened=\"1\" data-image-meta=\"{&quot;aperture&quot;:&quot;0&quot;,&quot;credit&quot;:&quot;&quot;,&quot;camera&quot;:&quot;&quot;,&quot;caption&quot;:&quot;&quot;,&quot;created_timestamp&quot;:&quot;0&quot;,&quot;copyright&quot;:&quot;&quot;,&quot;focal_length&quot;:&quot;0&quot;,&quot;iso&quot;:&quot;0&quot;,&quot;shutter_speed&quot;:&quot;0&quot;,&quot;title&quot;:&quot;&quot;,&quot;orientation&quot;:&quot;0&quot;}\" data-image-title=\"05_Taranta_Studio\" data-image-description=\"\" data-image-caption=\"\" data-medium-file=\"https:\/\/socialdesignmagazine.com\/mag\/wp-content\/uploads\/2011\/06\/benedetto_Taranta_Creations_Taranta_Studio_05_Taranta_Studio-396x256.jpg\" data-large-file=\"https:\/\/socialdesignmagazine.com\/mag\/wp-content\/uploads\/2011\/06\/benedetto_Taranta_Creations_Taranta_Studio_05_Taranta_Studio.jpg\" src=\"https:\/\/socialdesignmagazine.com\/mag\/wp-content\/uploads\/2011\/06\/benedetto_Taranta_Creations_Taranta_Studio_05_Taranta_Studio.jpg\" alt=\"05_Taranta_Studio\" class=\"wp-image-6202\" srcset=\"https:\/\/socialdesignmagazine.com\/mag\/wp-content\/uploads\/2011\/06\/benedetto_Taranta_Creations_Taranta_Studio_05_Taranta_Studio.jpg 720w, https:\/\/socialdesignmagazine.com\/mag\/wp-content\/uploads\/2011\/06\/benedetto_Taranta_Creations_Taranta_Studio_05_Taranta_Studio-100x66.jpg 100w\" sizes=\"auto, (max-width: 720px) 100vw, 720px\" \/><\/figure>\n<\/div>\n\n<div class=\"wp-block-image\">\n<figure class=\"aligncenter\"><img loading=\"lazy\" decoding=\"async\" width=\"720\" height=\"177\" data-attachment-id=\"6203\" data-permalink=\"https:\/\/socialdesignmagazine.com\/mag\/architettura\/taranta-studio-taranta-creations\/attachment\/06_taranta_studio\/#content\" data-orig-file=\"https:\/\/socialdesignmagazine.com\/mag\/wp-content\/uploads\/2011\/06\/benedetto_Taranta_Creations_Taranta_Studio_06_Taranta_Studio.jpg\" data-orig-size=\"720,177\" data-comments-opened=\"1\" data-image-meta=\"{&quot;aperture&quot;:&quot;0&quot;,&quot;credit&quot;:&quot;&quot;,&quot;camera&quot;:&quot;&quot;,&quot;caption&quot;:&quot;&quot;,&quot;created_timestamp&quot;:&quot;0&quot;,&quot;copyright&quot;:&quot;&quot;,&quot;focal_length&quot;:&quot;0&quot;,&quot;iso&quot;:&quot;0&quot;,&quot;shutter_speed&quot;:&quot;0&quot;,&quot;title&quot;:&quot;&quot;,&quot;orientation&quot;:&quot;0&quot;}\" data-image-title=\"06_Taranta_Studio\" data-image-description=\"\" data-image-caption=\"\" data-medium-file=\"https:\/\/socialdesignmagazine.com\/mag\/wp-content\/uploads\/2011\/06\/benedetto_Taranta_Creations_Taranta_Studio_06_Taranta_Studio-396x177.jpg\" data-large-file=\"https:\/\/socialdesignmagazine.com\/mag\/wp-content\/uploads\/2011\/06\/benedetto_Taranta_Creations_Taranta_Studio_06_Taranta_Studio.jpg\" src=\"https:\/\/socialdesignmagazine.com\/mag\/wp-content\/uploads\/2011\/06\/benedetto_Taranta_Creations_Taranta_Studio_06_Taranta_Studio.jpg\" alt=\"06_Taranta_Studio\" class=\"wp-image-6203\"\/><\/figure>\n<\/div>\n\n<div class=\"wp-block-image\">\n<figure class=\"aligncenter\"><img loading=\"lazy\" decoding=\"async\" width=\"720\" height=\"283\" data-attachment-id=\"6204\" data-permalink=\"https:\/\/socialdesignmagazine.com\/mag\/architettura\/taranta-studio-taranta-creations\/attachment\/07_taranta_studio\/#content\" data-orig-file=\"https:\/\/socialdesignmagazine.com\/mag\/wp-content\/uploads\/2011\/06\/benedetto_Taranta_Creations_Taranta_Studio_07_Taranta_Studio.jpg\" data-orig-size=\"720,283\" data-comments-opened=\"1\" data-image-meta=\"{&quot;aperture&quot;:&quot;0&quot;,&quot;credit&quot;:&quot;&quot;,&quot;camera&quot;:&quot;&quot;,&quot;caption&quot;:&quot;&quot;,&quot;created_timestamp&quot;:&quot;0&quot;,&quot;copyright&quot;:&quot;&quot;,&quot;focal_length&quot;:&quot;0&quot;,&quot;iso&quot;:&quot;0&quot;,&quot;shutter_speed&quot;:&quot;0&quot;,&quot;title&quot;:&quot;&quot;,&quot;orientation&quot;:&quot;0&quot;}\" data-image-title=\"07_Taranta_Studio\" data-image-description=\"\" data-image-caption=\"\" data-medium-file=\"https:\/\/socialdesignmagazine.com\/mag\/wp-content\/uploads\/2011\/06\/benedetto_Taranta_Creations_Taranta_Studio_07_Taranta_Studio-396x256.jpg\" data-large-file=\"https:\/\/socialdesignmagazine.com\/mag\/wp-content\/uploads\/2011\/06\/benedetto_Taranta_Creations_Taranta_Studio_07_Taranta_Studio.jpg\" src=\"https:\/\/socialdesignmagazine.com\/mag\/wp-content\/uploads\/2011\/06\/benedetto_Taranta_Creations_Taranta_Studio_07_Taranta_Studio.jpg\" alt=\"07_Taranta_Studio\" class=\"wp-image-6204\"\/><\/figure>\n<\/div>\n\n<div class=\"wp-block-image\">\n<figure class=\"aligncenter\"><img loading=\"lazy\" decoding=\"async\" width=\"720\" height=\"554\" data-attachment-id=\"6205\" data-permalink=\"https:\/\/socialdesignmagazine.com\/mag\/architettura\/taranta-studio-taranta-creations\/attachment\/08_taranta_studio\/#content\" data-orig-file=\"https:\/\/socialdesignmagazine.com\/mag\/wp-content\/uploads\/2011\/06\/benedetto_Taranta_Creations_Taranta_Studio_08_Taranta_Studio.jpg\" data-orig-size=\"720,554\" data-comments-opened=\"1\" data-image-meta=\"{&quot;aperture&quot;:&quot;0&quot;,&quot;credit&quot;:&quot;&quot;,&quot;camera&quot;:&quot;&quot;,&quot;caption&quot;:&quot;&quot;,&quot;created_timestamp&quot;:&quot;0&quot;,&quot;copyright&quot;:&quot;&quot;,&quot;focal_length&quot;:&quot;0&quot;,&quot;iso&quot;:&quot;0&quot;,&quot;shutter_speed&quot;:&quot;0&quot;,&quot;title&quot;:&quot;&quot;,&quot;orientation&quot;:&quot;0&quot;}\" data-image-title=\"08_Taranta_Studio\" data-image-description=\"\" data-image-caption=\"\" data-medium-file=\"https:\/\/socialdesignmagazine.com\/mag\/wp-content\/uploads\/2011\/06\/benedetto_Taranta_Creations_Taranta_Studio_08_Taranta_Studio-396x256.jpg\" data-large-file=\"https:\/\/socialdesignmagazine.com\/mag\/wp-content\/uploads\/2011\/06\/benedetto_Taranta_Creations_Taranta_Studio_08_Taranta_Studio.jpg\" src=\"https:\/\/socialdesignmagazine.com\/mag\/wp-content\/uploads\/2011\/06\/benedetto_Taranta_Creations_Taranta_Studio_08_Taranta_Studio.jpg\" alt=\"08_Taranta_Studio\" class=\"wp-image-6205\"\/><\/figure>\n<\/div>","protected":false,"gt_translate_keys":[{"key":"rendered","format":"html"}]},"excerpt":{"rendered":"<p>Ideato da Taranta Creations, lo studio ha alcuni concetti molto interessanti, come il pavimento percepito come un enorme e sempre pronta scrivania, o la forma della scala che \u00e8 anche il fulcro del livello pi\u00f9 basso.<\/p>\n","protected":false,"gt_translate_keys":[{"key":"rendered","format":"html"}]},"author":1,"featured_media":6198,"comment_status":"open","ping_status":"open","sticky":false,"template":"","format":"standard","meta":{"jetpack_post_was_ever_published":false,"_jetpack_newsletter_access":"","_jetpack_dont_email_post_to_subs":false,"_jetpack_newsletter_tier_id":0,"_jetpack_memberships_contains_paywalled_content":false,"_jetpack_memberships_contains_paid_content":false,"footnotes":"","_wpscppro_dont_share_socialmedia":false,"_wpscppro_custom_social_share_image":0,"_facebook_share_type":"","_twitter_share_type":"","_linkedin_share_type":"","_pinterest_share_type":"","_linkedin_share_type_page":"","_instagram_share_type":"","_medium_share_type":"","_threads_share_type":"","_google_business_share_type":"","_selected_social_profile":[],"_wpsp_enable_custom_social_template":false,"_wpsp_social_scheduling":{"enabled":false,"datetime":null,"platforms":[],"status":"template_only","dateOption":"today","timeOption":"now","customDays":"","customHours":"","customDate":"","customTime":"","schedulingType":"absolute"},"_wpsp_active_default_template":true},"categories":[15],"tags":[175,183],"class_list":["post-387","post","type-post","status-publish","format-standard","has-post-thumbnail","hentry","category-architettura","tag-benedetto-fiori","tag-studio"],"yoast_head":"<!-- This site is optimized with the Yoast SEO plugin v27.2 - https:\/\/yoast.com\/product\/yoast-seo-wordpress\/ -->\n<title>Taranta Studio \/ Taranta Creations - Social Design Magazine<\/title>\n<meta name=\"description\" content=\"Ideato da Taranta Creations, lo studio ha alcuni concetti molto interessanti, come il pavimento percepito come un enorme e sempre pronta scrivania, o la forma della scala che \u00e8 anche il fulcro del livello pi\u00f9 basso.\" \/>\n<meta name=\"robots\" content=\"index, follow, max-snippet:-1, max-image-preview:large, max-video-preview:-1\" \/>\n<link rel=\"canonical\" href=\"https:\/\/socialdesignmagazine.com\/mag\/architettura\/taranta-studio-taranta-creations\/\" \/>\n<meta property=\"og:locale\" content=\"it_IT\" \/>\n<meta property=\"og:type\" content=\"article\" \/>\n<meta property=\"og:title\" content=\"Taranta Studio \/ Taranta Creations - Social Design Magazine\" \/>\n<meta property=\"og:description\" content=\"Ideato da Taranta Creations, lo studio ha alcuni concetti molto interessanti, come il pavimento percepito come un enorme e sempre pronta scrivania, o la forma della scala che \u00e8 anche il fulcro del livello pi\u00f9 basso.\" \/>\n<meta property=\"og:url\" content=\"http:\/\/socialdesignmagazine.com\/mag\/architettura\/taranta-studio-taranta-creations\/\" \/>\n<meta property=\"og:site_name\" content=\"Social Design Magazine\" \/>\n<meta property=\"article:publisher\" content=\"https:\/\/www.facebook.com\/socialdesignmag\" \/>\n<meta property=\"article:author\" content=\"https:\/\/www.facebook.com\/benedettofiori\" \/>\n<meta property=\"article:published_time\" content=\"2011-06-30T19:00:11+00:00\" \/>\n<meta property=\"article:modified_time\" content=\"2024-05-07T15:46:46+00:00\" \/>\n<meta property=\"og:image\" content=\"https:\/\/socialdesignmagazine.com\/mag\/wp-content\/uploads\/2011\/06\/benedetto_Taranta_Creations_Taranta_Studio_01_Taranta_Studio.jpg\" \/>\n\t<meta property=\"og:image:width\" content=\"720\" \/>\n\t<meta property=\"og:image:height\" content=\"966\" \/>\n\t<meta property=\"og:image:type\" content=\"image\/jpeg\" \/>\n<meta name=\"author\" content=\"Benedetto Fiori\" \/>\n<meta name=\"twitter:card\" content=\"summary_large_image\" \/>\n<meta name=\"twitter:creator\" content=\"@benedettofiori\" \/>\n<meta name=\"twitter:site\" content=\"@socialdesignmag\" \/>\n<meta name=\"twitter:label1\" content=\"Scritto da\" \/>\n\t<meta name=\"twitter:data1\" content=\"Benedetto Fiori\" \/>\n\t<meta name=\"twitter:label2\" content=\"Tempo di lettura stimato\" \/>\n\t<meta name=\"twitter:data2\" content=\"2 minuti\" \/>\n<script type=\"application\/ld+json\" class=\"yoast-schema-graph\">{\"@context\":\"https:\/\/schema.org\",\"@graph\":[{\"@type\":\"Article\",\"@id\":\"https:\/\/socialdesignmagazine.com\/mag\/architettura\/taranta-studio-taranta-creations\/#article\",\"isPartOf\":{\"@id\":\"https:\/\/socialdesignmagazine.com\/mag\/architettura\/taranta-studio-taranta-creations\/\"},\"author\":{\"name\":\"Benedetto Fiori\",\"@id\":\"https:\/\/socialdesignmagazine.com\/mag\/#\/schema\/person\/61e20205cc363c315e6aabd33a045846\"},\"headline\":\"Taranta Studio \/ Taranta Creations\",\"datePublished\":\"2011-06-30T19:00:11+00:00\",\"dateModified\":\"2024-05-07T15:46:46+00:00\",\"mainEntityOfPage\":{\"@id\":\"https:\/\/socialdesignmagazine.com\/mag\/architettura\/taranta-studio-taranta-creations\/\"},\"wordCount\":39,\"commentCount\":0,\"publisher\":{\"@id\":\"https:\/\/socialdesignmagazine.com\/mag\/#organization\"},\"image\":{\"@id\":\"https:\/\/socialdesignmagazine.com\/mag\/architettura\/taranta-studio-taranta-creations\/#primaryimage\"},\"thumbnailUrl\":\"https:\/\/socialdesignmagazine.com\/mag\/wp-content\/uploads\/2011\/06\/benedetto_Taranta_Creations_Taranta_Studio_01_Taranta_Studio.jpg\",\"keywords\":[\"benedetto fiori\",\"studio\"],\"articleSection\":[\"Architettura\"],\"inLanguage\":\"it-IT\",\"potentialAction\":[{\"@type\":\"CommentAction\",\"name\":\"Comment\",\"target\":[\"https:\/\/socialdesignmagazine.com\/mag\/architettura\/taranta-studio-taranta-creations\/#respond\"]}]},{\"@type\":\"WebPage\",\"@id\":\"https:\/\/socialdesignmagazine.com\/mag\/architettura\/taranta-studio-taranta-creations\/\",\"url\":\"https:\/\/socialdesignmagazine.com\/mag\/architettura\/taranta-studio-taranta-creations\/\",\"name\":\"Taranta Studio \/ Taranta Creations - Social Design Magazine\",\"isPartOf\":{\"@id\":\"https:\/\/socialdesignmagazine.com\/mag\/#website\"},\"primaryImageOfPage\":{\"@id\":\"https:\/\/socialdesignmagazine.com\/mag\/architettura\/taranta-studio-taranta-creations\/#primaryimage\"},\"image\":{\"@id\":\"https:\/\/socialdesignmagazine.com\/mag\/architettura\/taranta-studio-taranta-creations\/#primaryimage\"},\"thumbnailUrl\":\"https:\/\/socialdesignmagazine.com\/mag\/wp-content\/uploads\/2011\/06\/benedetto_Taranta_Creations_Taranta_Studio_01_Taranta_Studio.jpg\",\"datePublished\":\"2011-06-30T19:00:11+00:00\",\"dateModified\":\"2024-05-07T15:46:46+00:00\",\"description\":\"Ideato da Taranta Creations, lo studio ha alcuni concetti molto interessanti, come il pavimento percepito come un enorme e sempre pronta scrivania, o la forma della scala che \u00e8 anche il fulcro del livello pi\u00f9 basso.\",\"breadcrumb\":{\"@id\":\"https:\/\/socialdesignmagazine.com\/mag\/architettura\/taranta-studio-taranta-creations\/#breadcrumb\"},\"inLanguage\":\"it-IT\",\"potentialAction\":[{\"@type\":\"ReadAction\",\"target\":[\"https:\/\/socialdesignmagazine.com\/mag\/architettura\/taranta-studio-taranta-creations\/\"]}]},{\"@type\":\"ImageObject\",\"inLanguage\":\"it-IT\",\"@id\":\"https:\/\/socialdesignmagazine.com\/mag\/architettura\/taranta-studio-taranta-creations\/#primaryimage\",\"url\":\"https:\/\/socialdesignmagazine.com\/mag\/wp-content\/uploads\/2011\/06\/benedetto_Taranta_Creations_Taranta_Studio_01_Taranta_Studio.jpg\",\"contentUrl\":\"https:\/\/socialdesignmagazine.com\/mag\/wp-content\/uploads\/2011\/06\/benedetto_Taranta_Creations_Taranta_Studio_01_Taranta_Studio.jpg\",\"width\":720,\"height\":966,\"caption\":\"01_Taranta_Studio\"},{\"@type\":\"BreadcrumbList\",\"@id\":\"https:\/\/socialdesignmagazine.com\/mag\/architettura\/taranta-studio-taranta-creations\/#breadcrumb\",\"itemListElement\":[{\"@type\":\"ListItem\",\"position\":1,\"name\":\"Home\",\"item\":\"https:\/\/socialdesignmagazine.com\/mag\/\"},{\"@type\":\"ListItem\",\"position\":2,\"name\":\"Architettura\",\"item\":\"https:\/\/socialdesignmagazine.com\/mag\/architettura\/\"},{\"@type\":\"ListItem\",\"position\":3,\"name\":\"Taranta Studio \/ Taranta Creations\"}]},{\"@type\":\"WebSite\",\"@id\":\"https:\/\/socialdesignmagazine.com\/mag\/#website\",\"url\":\"https:\/\/socialdesignmagazine.com\/mag\/\",\"name\":\"Social Design Magazine\",\"description\":\"Social Magazine su Design, Architettura, Arte, Grafica\",\"publisher\":{\"@id\":\"https:\/\/socialdesignmagazine.com\/mag\/#organization\"},\"potentialAction\":[{\"@type\":\"SearchAction\",\"target\":{\"@type\":\"EntryPoint\",\"urlTemplate\":\"https:\/\/socialdesignmagazine.com\/mag\/?s={search_term_string}\"},\"query-input\":{\"@type\":\"PropertyValueSpecification\",\"valueRequired\":true,\"valueName\":\"search_term_string\"}}],\"inLanguage\":\"it-IT\"},{\"@type\":\"Organization\",\"@id\":\"https:\/\/socialdesignmagazine.com\/mag\/#organization\",\"name\":\"Social Design Magazine\",\"url\":\"https:\/\/socialdesignmagazine.com\/mag\/\",\"logo\":{\"@type\":\"ImageObject\",\"inLanguage\":\"it-IT\",\"@id\":\"https:\/\/socialdesignmagazine.com\/mag\/#\/schema\/logo\/image\/\",\"url\":\"https:\/\/socialdesignmagazine.com\/mag\/wp-content\/uploads\/2017\/01\/logo_favicon_11.png\",\"contentUrl\":\"https:\/\/socialdesignmagazine.com\/mag\/wp-content\/uploads\/2017\/01\/logo_favicon_11.png\",\"width\":1024,\"height\":1024,\"caption\":\"Social Design Magazine\"},\"image\":{\"@id\":\"https:\/\/socialdesignmagazine.com\/mag\/#\/schema\/logo\/image\/\"},\"sameAs\":[\"https:\/\/www.facebook.com\/socialdesignmag\",\"https:\/\/x.com\/socialdesignmag\",\"http:\/\/instagram.com\/social_design_magazine\/\",\"http:\/\/pinterest.com\/socialdesignmag\/\",\"http:\/\/www.youtube.com\/user\/socialdesignmagazine\"]},{\"@type\":\"Person\",\"@id\":\"https:\/\/socialdesignmagazine.com\/mag\/#\/schema\/person\/61e20205cc363c315e6aabd33a045846\",\"name\":\"Benedetto Fiori\",\"image\":{\"@type\":\"ImageObject\",\"inLanguage\":\"it-IT\",\"@id\":\"https:\/\/secure.gravatar.com\/avatar\/450a48cefa36da63d920ad70aa660bd10725b1c6093800242e5efdb397759033?s=96&d=mm&r=g\",\"url\":\"https:\/\/secure.gravatar.com\/avatar\/450a48cefa36da63d920ad70aa660bd10725b1c6093800242e5efdb397759033?s=96&d=mm&r=g\",\"contentUrl\":\"https:\/\/secure.gravatar.com\/avatar\/450a48cefa36da63d920ad70aa660bd10725b1c6093800242e5efdb397759033?s=96&d=mm&r=g\",\"caption\":\"Benedetto Fiori\"},\"description\":\"Web | Twitter | Facebook | Shutterstock Founder &amp; Editor in Chief di Social Design Magazine. Attratto da sempre da tutto ci\u00f2 che \u00e8 creativit\u00e0, design, architettura. Dopo aver studiato Architettura all'Universit\u00e0 di Firenze, si \u00e8 impegnato in molteplici campi: comunicazione grafica, progettazione di allestimenti fieristici, brand design, Interior Design.\",\"sameAs\":[\"http:\/\/benedettofiori.com\",\"https:\/\/www.facebook.com\/benedettofiori\",\"https:\/\/x.com\/benedettofiori\"],\"url\":\"https:\/\/socialdesignmagazine.com\/mag\/author\/benedetto\/\"}]}<\/script>\n<!-- \/ Yoast SEO plugin. -->","yoast_head_json":{"title":"Taranta Studio \/ Taranta Creations - Social Design Magazine","description":"Ideato da Taranta Creations, lo studio ha alcuni concetti molto interessanti, come il pavimento percepito come un enorme e sempre pronta scrivania, o la forma della scala che \u00e8 anche il fulcro del livello pi\u00f9 basso.","robots":{"index":"index","follow":"follow","max-snippet":"max-snippet:-1","max-image-preview":"max-image-preview:large","max-video-preview":"max-video-preview:-1"},"canonical":"https:\/\/socialdesignmagazine.com\/mag\/architettura\/taranta-studio-taranta-creations\/","og_locale":"it_IT","og_type":"article","og_title":"Taranta Studio \/ Taranta Creations - Social Design Magazine","og_description":"Ideato da Taranta Creations, lo studio ha alcuni concetti molto interessanti, come il pavimento percepito come un enorme e sempre pronta scrivania, o la forma della scala che \u00e8 anche il fulcro del livello pi\u00f9 basso.","og_url":"http:\/\/socialdesignmagazine.com\/mag\/architettura\/taranta-studio-taranta-creations\/","og_site_name":"Social Design Magazine","article_publisher":"https:\/\/www.facebook.com\/socialdesignmag","article_author":"https:\/\/www.facebook.com\/benedettofiori","article_published_time":"2011-06-30T19:00:11+00:00","article_modified_time":"2024-05-07T15:46:46+00:00","og_image":[{"width":720,"height":966,"url":"https:\/\/socialdesignmagazine.com\/mag\/wp-content\/uploads\/2011\/06\/benedetto_Taranta_Creations_Taranta_Studio_01_Taranta_Studio.jpg","type":"image\/jpeg"}],"author":"Benedetto Fiori","twitter_card":"summary_large_image","twitter_creator":"@benedettofiori","twitter_site":"@socialdesignmag","twitter_misc":{"Scritto da":"Benedetto Fiori","Tempo di lettura stimato":"2 minuti"},"schema":{"@context":"https:\/\/schema.org","@graph":[{"@type":"Article","@id":"https:\/\/socialdesignmagazine.com\/mag\/architettura\/taranta-studio-taranta-creations\/#article","isPartOf":{"@id":"https:\/\/socialdesignmagazine.com\/mag\/architettura\/taranta-studio-taranta-creations\/"},"author":{"name":"Benedetto Fiori","@id":"https:\/\/socialdesignmagazine.com\/mag\/#\/schema\/person\/61e20205cc363c315e6aabd33a045846"},"headline":"Taranta Studio \/ Taranta Creations","datePublished":"2011-06-30T19:00:11+00:00","dateModified":"2024-05-07T15:46:46+00:00","mainEntityOfPage":{"@id":"https:\/\/socialdesignmagazine.com\/mag\/architettura\/taranta-studio-taranta-creations\/"},"wordCount":39,"commentCount":0,"publisher":{"@id":"https:\/\/socialdesignmagazine.com\/mag\/#organization"},"image":{"@id":"https:\/\/socialdesignmagazine.com\/mag\/architettura\/taranta-studio-taranta-creations\/#primaryimage"},"thumbnailUrl":"https:\/\/socialdesignmagazine.com\/mag\/wp-content\/uploads\/2011\/06\/benedetto_Taranta_Creations_Taranta_Studio_01_Taranta_Studio.jpg","keywords":["benedetto fiori","studio"],"articleSection":["Architettura"],"inLanguage":"it-IT","potentialAction":[{"@type":"CommentAction","name":"Comment","target":["https:\/\/socialdesignmagazine.com\/mag\/architettura\/taranta-studio-taranta-creations\/#respond"]}]},{"@type":"WebPage","@id":"https:\/\/socialdesignmagazine.com\/mag\/architettura\/taranta-studio-taranta-creations\/","url":"https:\/\/socialdesignmagazine.com\/mag\/architettura\/taranta-studio-taranta-creations\/","name":"Taranta Studio \/ Taranta Creations - Social Design Magazine","isPartOf":{"@id":"https:\/\/socialdesignmagazine.com\/mag\/#website"},"primaryImageOfPage":{"@id":"https:\/\/socialdesignmagazine.com\/mag\/architettura\/taranta-studio-taranta-creations\/#primaryimage"},"image":{"@id":"https:\/\/socialdesignmagazine.com\/mag\/architettura\/taranta-studio-taranta-creations\/#primaryimage"},"thumbnailUrl":"https:\/\/socialdesignmagazine.com\/mag\/wp-content\/uploads\/2011\/06\/benedetto_Taranta_Creations_Taranta_Studio_01_Taranta_Studio.jpg","datePublished":"2011-06-30T19:00:11+00:00","dateModified":"2024-05-07T15:46:46+00:00","description":"Ideato da Taranta Creations, lo studio ha alcuni concetti molto interessanti, come il pavimento percepito come un enorme e sempre pronta scrivania, o la forma della scala che \u00e8 anche il fulcro del livello pi\u00f9 basso.","breadcrumb":{"@id":"https:\/\/socialdesignmagazine.com\/mag\/architettura\/taranta-studio-taranta-creations\/#breadcrumb"},"inLanguage":"it-IT","potentialAction":[{"@type":"ReadAction","target":["https:\/\/socialdesignmagazine.com\/mag\/architettura\/taranta-studio-taranta-creations\/"]}]},{"@type":"ImageObject","inLanguage":"it-IT","@id":"https:\/\/socialdesignmagazine.com\/mag\/architettura\/taranta-studio-taranta-creations\/#primaryimage","url":"https:\/\/socialdesignmagazine.com\/mag\/wp-content\/uploads\/2011\/06\/benedetto_Taranta_Creations_Taranta_Studio_01_Taranta_Studio.jpg","contentUrl":"https:\/\/socialdesignmagazine.com\/mag\/wp-content\/uploads\/2011\/06\/benedetto_Taranta_Creations_Taranta_Studio_01_Taranta_Studio.jpg","width":720,"height":966,"caption":"01_Taranta_Studio"},{"@type":"BreadcrumbList","@id":"https:\/\/socialdesignmagazine.com\/mag\/architettura\/taranta-studio-taranta-creations\/#breadcrumb","itemListElement":[{"@type":"ListItem","position":1,"name":"Home","item":"https:\/\/socialdesignmagazine.com\/mag\/"},{"@type":"ListItem","position":2,"name":"Architettura","item":"https:\/\/socialdesignmagazine.com\/mag\/architettura\/"},{"@type":"ListItem","position":3,"name":"Taranta Studio \/ Taranta Creations"}]},{"@type":"WebSite","@id":"https:\/\/socialdesignmagazine.com\/mag\/#website","url":"https:\/\/socialdesignmagazine.com\/mag\/","name":"Social Design Magazine","description":"Social Magazine su Design, Architettura, Arte, Grafica","publisher":{"@id":"https:\/\/socialdesignmagazine.com\/mag\/#organization"},"potentialAction":[{"@type":"SearchAction","target":{"@type":"EntryPoint","urlTemplate":"https:\/\/socialdesignmagazine.com\/mag\/?s={search_term_string}"},"query-input":{"@type":"PropertyValueSpecification","valueRequired":true,"valueName":"search_term_string"}}],"inLanguage":"it-IT"},{"@type":"Organization","@id":"https:\/\/socialdesignmagazine.com\/mag\/#organization","name":"Social Design Magazine","url":"https:\/\/socialdesignmagazine.com\/mag\/","logo":{"@type":"ImageObject","inLanguage":"it-IT","@id":"https:\/\/socialdesignmagazine.com\/mag\/#\/schema\/logo\/image\/","url":"https:\/\/socialdesignmagazine.com\/mag\/wp-content\/uploads\/2017\/01\/logo_favicon_11.png","contentUrl":"https:\/\/socialdesignmagazine.com\/mag\/wp-content\/uploads\/2017\/01\/logo_favicon_11.png","width":1024,"height":1024,"caption":"Social Design Magazine"},"image":{"@id":"https:\/\/socialdesignmagazine.com\/mag\/#\/schema\/logo\/image\/"},"sameAs":["https:\/\/www.facebook.com\/socialdesignmag","https:\/\/x.com\/socialdesignmag","http:\/\/instagram.com\/social_design_magazine\/","http:\/\/pinterest.com\/socialdesignmag\/","http:\/\/www.youtube.com\/user\/socialdesignmagazine"]},{"@type":"Person","@id":"https:\/\/socialdesignmagazine.com\/mag\/#\/schema\/person\/61e20205cc363c315e6aabd33a045846","name":"Benedetto Fiori","image":{"@type":"ImageObject","inLanguage":"it-IT","@id":"https:\/\/secure.gravatar.com\/avatar\/450a48cefa36da63d920ad70aa660bd10725b1c6093800242e5efdb397759033?s=96&d=mm&r=g","url":"https:\/\/secure.gravatar.com\/avatar\/450a48cefa36da63d920ad70aa660bd10725b1c6093800242e5efdb397759033?s=96&d=mm&r=g","contentUrl":"https:\/\/secure.gravatar.com\/avatar\/450a48cefa36da63d920ad70aa660bd10725b1c6093800242e5efdb397759033?s=96&d=mm&r=g","caption":"Benedetto Fiori"},"description":"Web | Twitter | Facebook | Shutterstock Founder &amp; Editor in Chief di Social Design Magazine. Attratto da sempre da tutto ci\u00f2 che \u00e8 creativit\u00e0, design, architettura. Dopo aver studiato Architettura all'Universit\u00e0 di Firenze, si \u00e8 impegnato in molteplici campi: comunicazione grafica, progettazione di allestimenti fieristici, brand design, Interior Design.","sameAs":["http:\/\/benedettofiori.com","https:\/\/www.facebook.com\/benedettofiori","https:\/\/x.com\/benedettofiori"],"url":"https:\/\/socialdesignmagazine.com\/mag\/author\/benedetto\/"}]}},"jetpack_featured_media_url":"https:\/\/socialdesignmagazine.com\/mag\/wp-content\/uploads\/2011\/06\/benedetto_Taranta_Creations_Taranta_Studio_01_Taranta_Studio.jpg","jetpack_sharing_enabled":true,"jetpack_shortlink":"https:\/\/wp.me\/p6cV7V-6f","gt_translate_keys":[{"key":"link","format":"url"}],"_links":{"self":[{"href":"https:\/\/socialdesignmagazine.com\/mag\/wp-json\/wp\/v2\/posts\/387","targetHints":{"allow":["GET"]}}],"collection":[{"href":"https:\/\/socialdesignmagazine.com\/mag\/wp-json\/wp\/v2\/posts"}],"about":[{"href":"https:\/\/socialdesignmagazine.com\/mag\/wp-json\/wp\/v2\/types\/post"}],"author":[{"embeddable":true,"href":"https:\/\/socialdesignmagazine.com\/mag\/wp-json\/wp\/v2\/users\/1"}],"replies":[{"embeddable":true,"href":"https:\/\/socialdesignmagazine.com\/mag\/wp-json\/wp\/v2\/comments?post=387"}],"version-history":[{"count":1,"href":"https:\/\/socialdesignmagazine.com\/mag\/wp-json\/wp\/v2\/posts\/387\/revisions"}],"predecessor-version":[{"id":59275,"href":"https:\/\/socialdesignmagazine.com\/mag\/wp-json\/wp\/v2\/posts\/387\/revisions\/59275"}],"wp:featuredmedia":[{"embeddable":true,"href":"https:\/\/socialdesignmagazine.com\/mag\/wp-json\/wp\/v2\/media\/6198"}],"wp:attachment":[{"href":"https:\/\/socialdesignmagazine.com\/mag\/wp-json\/wp\/v2\/media?parent=387"}],"wp:term":[{"taxonomy":"category","embeddable":true,"href":"https:\/\/socialdesignmagazine.com\/mag\/wp-json\/wp\/v2\/categories?post=387"},{"taxonomy":"post_tag","embeddable":true,"href":"https:\/\/socialdesignmagazine.com\/mag\/wp-json\/wp\/v2\/tags?post=387"}],"curies":[{"name":"wp","href":"https:\/\/api.w.org\/{rel}","templated":true}]}}