{"id":398,"date":"2011-07-14T14:14:20","date_gmt":"2011-07-14T12:14:20","guid":{"rendered":"https:\/\/socialdesignmagazine.com\/mag\/s5-architettura\/c34-architettura\/andrea-caputo-studio-ddmmyyyyeu-roma-nike-the-chosen-action-park\/"},"modified":"2024-05-07T20:31:50","modified_gmt":"2024-05-07T18:31:50","slug":"andrea-caputo-studio-ddmmyyyyeu-roma-nike-the-chosen-action-park","status":"publish","type":"post","link":"https:\/\/socialdesignmagazine.com\/mag\/architettura\/andrea-caputo-studio-ddmmyyyyeu-roma-nike-the-chosen-action-park\/","title":{"rendered":"ANDREA CAPUTO, Studio  DDMMYYYY.EU  \/ ROMA, Nike The Chosen Action Park","gt_translate_keys":[{"key":"rendered","format":"text"}]},"content":{"rendered":"\n<p>E&#8217; di\u00a0 Andrea Caputo studio <a class=\"jcepopup\" href=\"http:\/\/ddmmyyyy.eu\/\" rel=\"nofollow\">DDMMYYYY.EU<\/a> il progetto del Geoide per Nike all&#8217;interno del quale si svolger\u00e0 Nike The Chosen Action Park, 15 e 16 lugio 2011 al foro italico di Roma <em>\u201cIl geoide \u00e8 una struttura isostatica che atterra a Roma e si staglia come un corpo alieno, lunare. Un\u2019arena sferica di 25 mt dedicata al mondo skate e BMX. Per un week end sar\u00e0 punto d\u2019incontro della citt\u00e0 ed epicentro dello skyline romano\u201d<\/em>.<br>La struttura ospita al suo interno una vera e propria skateplaza: un complesso di strutture sviluppate in oltre 60 mt di lunghezza, lungo il quale si alternano elementi tipici di un Park, quelli street che derivano direttamente dall&#8217;esperienza del Riding Urbano.<br>Design e dimensioni qualificano il Geoide come un pezzo di architettura urbana di carattere internazionale. In pratica un pezzo di citt\u00e0 ricostruito dentro il Foro Italico.<\/p>\n\n\n<div class=\"wp-block-image\">\n<figure class=\"aligncenter\"><img loading=\"lazy\" decoding=\"async\" width=\"720\" height=\"509\" data-attachment-id=\"6270\" data-permalink=\"https:\/\/socialdesignmagazine.com\/mag\/architettura\/andrea-caputo-studio-ddmmyyyyeu-roma-nike-the-chosen-action-park\/attachment\/1-andrea-caputo_geoide-plan_720\/#content\" data-orig-file=\"https:\/\/socialdesignmagazine.com\/mag\/wp-content\/uploads\/2011\/07\/benedetto_ddmmyyyy_studio_geoide_roma_1-andrea-caputo_geoide-plan_720.jpg\" data-orig-size=\"720,509\" data-comments-opened=\"1\" data-image-meta=\"{&quot;aperture&quot;:&quot;0&quot;,&quot;credit&quot;:&quot;&quot;,&quot;camera&quot;:&quot;&quot;,&quot;caption&quot;:&quot;&quot;,&quot;created_timestamp&quot;:&quot;0&quot;,&quot;copyright&quot;:&quot;&quot;,&quot;focal_length&quot;:&quot;0&quot;,&quot;iso&quot;:&quot;0&quot;,&quot;shutter_speed&quot;:&quot;0&quot;,&quot;title&quot;:&quot;&quot;,&quot;orientation&quot;:&quot;0&quot;}\" data-image-title=\"1-andrea-caputo_geoide-plan_720\" data-image-description=\"\" data-image-caption=\"\" data-medium-file=\"https:\/\/socialdesignmagazine.com\/mag\/wp-content\/uploads\/2011\/07\/benedetto_ddmmyyyy_studio_geoide_roma_1-andrea-caputo_geoide-plan_720-396x256.jpg\" data-large-file=\"https:\/\/socialdesignmagazine.com\/mag\/wp-content\/uploads\/2011\/07\/benedetto_ddmmyyyy_studio_geoide_roma_1-andrea-caputo_geoide-plan_720.jpg\" src=\"https:\/\/socialdesignmagazine.com\/mag\/wp-content\/uploads\/2011\/07\/benedetto_ddmmyyyy_studio_geoide_roma_1-andrea-caputo_geoide-plan_720.jpg\" alt=\"1-andrea-caputo_geoide-plan_720\" class=\"wp-image-6270\"\/><\/figure>\n<\/div>\n\n<div class=\"wp-block-image\">\n<figure class=\"aligncenter\"><img loading=\"lazy\" decoding=\"async\" width=\"720\" height=\"493\" data-attachment-id=\"6271\" data-permalink=\"https:\/\/socialdesignmagazine.com\/mag\/architettura\/andrea-caputo-studio-ddmmyyyyeu-roma-nike-the-chosen-action-park\/attachment\/2-andrea-caputo_geoide-atterraggio_720\/#content\" data-orig-file=\"https:\/\/socialdesignmagazine.com\/mag\/wp-content\/uploads\/2011\/07\/benedetto_ddmmyyyy_studio_geoide_roma_2-andrea-caputo_geoide-atterraggio_720.jpg\" data-orig-size=\"720,493\" data-comments-opened=\"1\" data-image-meta=\"{&quot;aperture&quot;:&quot;0&quot;,&quot;credit&quot;:&quot;&quot;,&quot;camera&quot;:&quot;&quot;,&quot;caption&quot;:&quot;&quot;,&quot;created_timestamp&quot;:&quot;0&quot;,&quot;copyright&quot;:&quot;&quot;,&quot;focal_length&quot;:&quot;0&quot;,&quot;iso&quot;:&quot;0&quot;,&quot;shutter_speed&quot;:&quot;0&quot;,&quot;title&quot;:&quot;&quot;,&quot;orientation&quot;:&quot;0&quot;}\" data-image-title=\"2-andrea-caputo_geoide-atterraggio_720\" data-image-description=\"\" data-image-caption=\"\" data-medium-file=\"https:\/\/socialdesignmagazine.com\/mag\/wp-content\/uploads\/2011\/07\/benedetto_ddmmyyyy_studio_geoide_roma_2-andrea-caputo_geoide-atterraggio_720-396x256.jpg\" data-large-file=\"https:\/\/socialdesignmagazine.com\/mag\/wp-content\/uploads\/2011\/07\/benedetto_ddmmyyyy_studio_geoide_roma_2-andrea-caputo_geoide-atterraggio_720.jpg\" src=\"https:\/\/socialdesignmagazine.com\/mag\/wp-content\/uploads\/2011\/07\/benedetto_ddmmyyyy_studio_geoide_roma_2-andrea-caputo_geoide-atterraggio_720.jpg\" alt=\"2-andrea-caputo_geoide-atterraggio_720\" class=\"wp-image-6271\"\/><\/figure>\n<\/div>\n\n<div class=\"wp-block-image\">\n<figure class=\"aligncenter\"><img loading=\"lazy\" decoding=\"async\" width=\"720\" height=\"509\" data-attachment-id=\"6272\" data-permalink=\"https:\/\/socialdesignmagazine.com\/mag\/architettura\/andrea-caputo-studio-ddmmyyyyeu-roma-nike-the-chosen-action-park\/attachment\/3-andreacaputo_geoide-rotazioni_720\/#content\" data-orig-file=\"https:\/\/socialdesignmagazine.com\/mag\/wp-content\/uploads\/2011\/07\/benedetto_ddmmyyyy_studio_geoide_roma_3-andreacaputo_geoide-rotazioni_720.jpg\" data-orig-size=\"720,509\" data-comments-opened=\"1\" data-image-meta=\"{&quot;aperture&quot;:&quot;0&quot;,&quot;credit&quot;:&quot;&quot;,&quot;camera&quot;:&quot;&quot;,&quot;caption&quot;:&quot;&quot;,&quot;created_timestamp&quot;:&quot;0&quot;,&quot;copyright&quot;:&quot;&quot;,&quot;focal_length&quot;:&quot;0&quot;,&quot;iso&quot;:&quot;0&quot;,&quot;shutter_speed&quot;:&quot;0&quot;,&quot;title&quot;:&quot;&quot;,&quot;orientation&quot;:&quot;0&quot;}\" data-image-title=\"3-andreacaputo_geoide-rotazioni_720\" data-image-description=\"\" data-image-caption=\"\" data-medium-file=\"https:\/\/socialdesignmagazine.com\/mag\/wp-content\/uploads\/2011\/07\/benedetto_ddmmyyyy_studio_geoide_roma_3-andreacaputo_geoide-rotazioni_720-396x256.jpg\" data-large-file=\"https:\/\/socialdesignmagazine.com\/mag\/wp-content\/uploads\/2011\/07\/benedetto_ddmmyyyy_studio_geoide_roma_3-andreacaputo_geoide-rotazioni_720.jpg\" src=\"https:\/\/socialdesignmagazine.com\/mag\/wp-content\/uploads\/2011\/07\/benedetto_ddmmyyyy_studio_geoide_roma_3-andreacaputo_geoide-rotazioni_720.jpg\" alt=\"3-andreacaputo_geoide-rotazioni_720\" class=\"wp-image-6272\"\/><\/figure>\n<\/div>","protected":false,"gt_translate_keys":[{"key":"rendered","format":"html"}]},"excerpt":{"rendered":"<p>E&#8217; di\u00a0 Andrea Caputo studio DDMMYYYY.EU il progetto del Geoide per Nike all&#8217;interno del quale si svolger\u00e0 Nike The Chosen Action Park, 15 e 16 lugio 2011 al foro italico di Roma<\/p>\n","protected":false,"gt_translate_keys":[{"key":"rendered","format":"html"}]},"author":1,"featured_media":6269,"comment_status":"open","ping_status":"open","sticky":false,"template":"","format":"standard","meta":{"jetpack_post_was_ever_published":false,"_jetpack_newsletter_access":"","_jetpack_dont_email_post_to_subs":false,"_jetpack_newsletter_tier_id":0,"_jetpack_memberships_contains_paywalled_content":false,"_jetpack_memberships_contains_paid_content":false,"footnotes":"","_wpscppro_dont_share_socialmedia":false,"_wpscppro_custom_social_share_image":0,"_facebook_share_type":"","_twitter_share_type":"","_linkedin_share_type":"","_pinterest_share_type":"","_linkedin_share_type_page":"","_instagram_share_type":"","_medium_share_type":"","_threads_share_type":"","_google_business_share_type":"","_selected_social_profile":[],"_wpsp_enable_custom_social_template":false,"_wpsp_social_scheduling":{"enabled":false,"datetime":null,"platforms":[],"status":"template_only","dateOption":"today","timeOption":"now","customDays":"","customHours":"","customDate":"","customTime":"","schedulingType":"absolute"},"_wpsp_active_default_template":true},"categories":[15],"tags":[1534],"class_list":["post-398","post","type-post","status-publish","format-standard","has-post-thumbnail","hentry","category-architettura","tag-roma"],"yoast_head":"<!-- This site is optimized with the Yoast SEO plugin v27.2 - https:\/\/yoast.com\/product\/yoast-seo-wordpress\/ -->\n<title>ANDREA CAPUTO, Studio DDMMYYYY.EU \/ ROMA, Nike The Chosen Action Park - Social Design Magazine<\/title>\n<meta name=\"description\" content=\"E&#039; di\u00a0 Andrea Caputo studio DDMMYYYY.EU il progetto del Geoide per Nike all&#039;interno del quale si svolger\u00e0 Nike The Chosen Action Park, 15 e 16 lugio 2011 al foro italico di Roma\" \/>\n<meta name=\"robots\" content=\"index, follow, max-snippet:-1, max-image-preview:large, max-video-preview:-1\" \/>\n<link rel=\"canonical\" href=\"https:\/\/socialdesignmagazine.com\/mag\/architettura\/andrea-caputo-studio-ddmmyyyyeu-roma-nike-the-chosen-action-park\/\" \/>\n<meta property=\"og:locale\" content=\"it_IT\" \/>\n<meta property=\"og:type\" content=\"article\" \/>\n<meta property=\"og:title\" content=\"ANDREA CAPUTO, Studio DDMMYYYY.EU \/ ROMA, Nike The Chosen Action Park - Social Design Magazine\" \/>\n<meta property=\"og:description\" content=\"E&#039; di\u00a0 Andrea Caputo studio DDMMYYYY.EU il progetto del Geoide per Nike all&#039;interno del quale si svolger\u00e0 Nike The Chosen Action Park, 15 e 16 lugio 2011 al foro italico di Roma\" \/>\n<meta property=\"og:url\" content=\"http:\/\/socialdesignmagazine.com\/mag\/architettura\/andrea-caputo-studio-ddmmyyyyeu-roma-nike-the-chosen-action-park\/\" \/>\n<meta property=\"og:site_name\" content=\"Social Design Magazine\" \/>\n<meta property=\"article:publisher\" content=\"https:\/\/www.facebook.com\/socialdesignmag\" \/>\n<meta property=\"article:author\" content=\"https:\/\/www.facebook.com\/benedettofiori\" \/>\n<meta property=\"article:published_time\" content=\"2011-07-14T12:14:20+00:00\" \/>\n<meta property=\"article:modified_time\" content=\"2024-05-07T18:31:50+00:00\" \/>\n<meta property=\"og:image\" content=\"https:\/\/socialdesignmagazine.com\/mag\/wp-content\/uploads\/2011\/07\/benedetto_ddmmyyyy_studio_geoide_roma_4-andrea-caputo_geoide-notturna_720.jpg\" \/>\n\t<meta property=\"og:image:width\" content=\"720\" \/>\n\t<meta property=\"og:image:height\" content=\"509\" \/>\n\t<meta property=\"og:image:type\" content=\"image\/jpeg\" \/>\n<meta name=\"author\" content=\"Benedetto Fiori\" \/>\n<meta name=\"twitter:card\" content=\"summary_large_image\" \/>\n<meta name=\"twitter:creator\" content=\"@benedettofiori\" \/>\n<meta name=\"twitter:site\" content=\"@socialdesignmag\" \/>\n<meta name=\"twitter:label1\" content=\"Scritto da\" \/>\n\t<meta name=\"twitter:data1\" content=\"Benedetto Fiori\" \/>\n\t<meta name=\"twitter:label2\" content=\"Tempo di lettura stimato\" \/>\n\t<meta name=\"twitter:data2\" content=\"2 minuti\" \/>\n<script type=\"application\/ld+json\" class=\"yoast-schema-graph\">{\"@context\":\"https:\/\/schema.org\",\"@graph\":[{\"@type\":\"Article\",\"@id\":\"https:\/\/socialdesignmagazine.com\/mag\/architettura\/andrea-caputo-studio-ddmmyyyyeu-roma-nike-the-chosen-action-park\/#article\",\"isPartOf\":{\"@id\":\"https:\/\/socialdesignmagazine.com\/mag\/architettura\/andrea-caputo-studio-ddmmyyyyeu-roma-nike-the-chosen-action-park\/\"},\"author\":{\"name\":\"Benedetto Fiori\",\"@id\":\"https:\/\/socialdesignmagazine.com\/mag\/#\/schema\/person\/61e20205cc363c315e6aabd33a045846\"},\"headline\":\"ANDREA CAPUTO, Studio DDMMYYYY.EU \/ ROMA, Nike The Chosen Action Park\",\"datePublished\":\"2011-07-14T12:14:20+00:00\",\"dateModified\":\"2024-05-07T18:31:50+00:00\",\"mainEntityOfPage\":{\"@id\":\"https:\/\/socialdesignmagazine.com\/mag\/architettura\/andrea-caputo-studio-ddmmyyyyeu-roma-nike-the-chosen-action-park\/\"},\"wordCount\":152,\"commentCount\":0,\"publisher\":{\"@id\":\"https:\/\/socialdesignmagazine.com\/mag\/#organization\"},\"image\":{\"@id\":\"https:\/\/socialdesignmagazine.com\/mag\/architettura\/andrea-caputo-studio-ddmmyyyyeu-roma-nike-the-chosen-action-park\/#primaryimage\"},\"thumbnailUrl\":\"https:\/\/socialdesignmagazine.com\/mag\/wp-content\/uploads\/2011\/07\/benedetto_ddmmyyyy_studio_geoide_roma_4-andrea-caputo_geoide-notturna_720.jpg\",\"keywords\":[\"roma\"],\"articleSection\":[\"Architettura\"],\"inLanguage\":\"it-IT\",\"potentialAction\":[{\"@type\":\"CommentAction\",\"name\":\"Comment\",\"target\":[\"https:\/\/socialdesignmagazine.com\/mag\/architettura\/andrea-caputo-studio-ddmmyyyyeu-roma-nike-the-chosen-action-park\/#respond\"]}]},{\"@type\":\"WebPage\",\"@id\":\"https:\/\/socialdesignmagazine.com\/mag\/architettura\/andrea-caputo-studio-ddmmyyyyeu-roma-nike-the-chosen-action-park\/\",\"url\":\"https:\/\/socialdesignmagazine.com\/mag\/architettura\/andrea-caputo-studio-ddmmyyyyeu-roma-nike-the-chosen-action-park\/\",\"name\":\"ANDREA CAPUTO, Studio DDMMYYYY.EU \/ ROMA, Nike The Chosen Action Park - Social Design Magazine\",\"isPartOf\":{\"@id\":\"https:\/\/socialdesignmagazine.com\/mag\/#website\"},\"primaryImageOfPage\":{\"@id\":\"https:\/\/socialdesignmagazine.com\/mag\/architettura\/andrea-caputo-studio-ddmmyyyyeu-roma-nike-the-chosen-action-park\/#primaryimage\"},\"image\":{\"@id\":\"https:\/\/socialdesignmagazine.com\/mag\/architettura\/andrea-caputo-studio-ddmmyyyyeu-roma-nike-the-chosen-action-park\/#primaryimage\"},\"thumbnailUrl\":\"https:\/\/socialdesignmagazine.com\/mag\/wp-content\/uploads\/2011\/07\/benedetto_ddmmyyyy_studio_geoide_roma_4-andrea-caputo_geoide-notturna_720.jpg\",\"datePublished\":\"2011-07-14T12:14:20+00:00\",\"dateModified\":\"2024-05-07T18:31:50+00:00\",\"description\":\"E' di\u00a0 Andrea Caputo studio DDMMYYYY.EU il progetto del Geoide per Nike all'interno del quale si svolger\u00e0 Nike The Chosen Action Park, 15 e 16 lugio 2011 al foro italico di Roma\",\"breadcrumb\":{\"@id\":\"https:\/\/socialdesignmagazine.com\/mag\/architettura\/andrea-caputo-studio-ddmmyyyyeu-roma-nike-the-chosen-action-park\/#breadcrumb\"},\"inLanguage\":\"it-IT\",\"potentialAction\":[{\"@type\":\"ReadAction\",\"target\":[\"https:\/\/socialdesignmagazine.com\/mag\/architettura\/andrea-caputo-studio-ddmmyyyyeu-roma-nike-the-chosen-action-park\/\"]}]},{\"@type\":\"ImageObject\",\"inLanguage\":\"it-IT\",\"@id\":\"https:\/\/socialdesignmagazine.com\/mag\/architettura\/andrea-caputo-studio-ddmmyyyyeu-roma-nike-the-chosen-action-park\/#primaryimage\",\"url\":\"https:\/\/socialdesignmagazine.com\/mag\/wp-content\/uploads\/2011\/07\/benedetto_ddmmyyyy_studio_geoide_roma_4-andrea-caputo_geoide-notturna_720.jpg\",\"contentUrl\":\"https:\/\/socialdesignmagazine.com\/mag\/wp-content\/uploads\/2011\/07\/benedetto_ddmmyyyy_studio_geoide_roma_4-andrea-caputo_geoide-notturna_720.jpg\",\"width\":720,\"height\":509,\"caption\":\"4-andrea-caputo_geoide-notturna_720\"},{\"@type\":\"BreadcrumbList\",\"@id\":\"https:\/\/socialdesignmagazine.com\/mag\/architettura\/andrea-caputo-studio-ddmmyyyyeu-roma-nike-the-chosen-action-park\/#breadcrumb\",\"itemListElement\":[{\"@type\":\"ListItem\",\"position\":1,\"name\":\"Home\",\"item\":\"https:\/\/socialdesignmagazine.com\/mag\/\"},{\"@type\":\"ListItem\",\"position\":2,\"name\":\"Architettura\",\"item\":\"https:\/\/socialdesignmagazine.com\/mag\/architettura\/\"},{\"@type\":\"ListItem\",\"position\":3,\"name\":\"ANDREA CAPUTO, Studio DDMMYYYY.EU \/ ROMA, Nike The Chosen Action Park\"}]},{\"@type\":\"WebSite\",\"@id\":\"https:\/\/socialdesignmagazine.com\/mag\/#website\",\"url\":\"https:\/\/socialdesignmagazine.com\/mag\/\",\"name\":\"Social Design Magazine\",\"description\":\"Social Magazine su Design, Architettura, Arte, Grafica\",\"publisher\":{\"@id\":\"https:\/\/socialdesignmagazine.com\/mag\/#organization\"},\"potentialAction\":[{\"@type\":\"SearchAction\",\"target\":{\"@type\":\"EntryPoint\",\"urlTemplate\":\"https:\/\/socialdesignmagazine.com\/mag\/?s={search_term_string}\"},\"query-input\":{\"@type\":\"PropertyValueSpecification\",\"valueRequired\":true,\"valueName\":\"search_term_string\"}}],\"inLanguage\":\"it-IT\"},{\"@type\":\"Organization\",\"@id\":\"https:\/\/socialdesignmagazine.com\/mag\/#organization\",\"name\":\"Social Design Magazine\",\"url\":\"https:\/\/socialdesignmagazine.com\/mag\/\",\"logo\":{\"@type\":\"ImageObject\",\"inLanguage\":\"it-IT\",\"@id\":\"https:\/\/socialdesignmagazine.com\/mag\/#\/schema\/logo\/image\/\",\"url\":\"https:\/\/socialdesignmagazine.com\/mag\/wp-content\/uploads\/2017\/01\/logo_favicon_11.png\",\"contentUrl\":\"https:\/\/socialdesignmagazine.com\/mag\/wp-content\/uploads\/2017\/01\/logo_favicon_11.png\",\"width\":1024,\"height\":1024,\"caption\":\"Social Design Magazine\"},\"image\":{\"@id\":\"https:\/\/socialdesignmagazine.com\/mag\/#\/schema\/logo\/image\/\"},\"sameAs\":[\"https:\/\/www.facebook.com\/socialdesignmag\",\"https:\/\/x.com\/socialdesignmag\",\"http:\/\/instagram.com\/social_design_magazine\/\",\"http:\/\/pinterest.com\/socialdesignmag\/\",\"http:\/\/www.youtube.com\/user\/socialdesignmagazine\"]},{\"@type\":\"Person\",\"@id\":\"https:\/\/socialdesignmagazine.com\/mag\/#\/schema\/person\/61e20205cc363c315e6aabd33a045846\",\"name\":\"Benedetto Fiori\",\"image\":{\"@type\":\"ImageObject\",\"inLanguage\":\"it-IT\",\"@id\":\"https:\/\/secure.gravatar.com\/avatar\/450a48cefa36da63d920ad70aa660bd10725b1c6093800242e5efdb397759033?s=96&d=mm&r=g\",\"url\":\"https:\/\/secure.gravatar.com\/avatar\/450a48cefa36da63d920ad70aa660bd10725b1c6093800242e5efdb397759033?s=96&d=mm&r=g\",\"contentUrl\":\"https:\/\/secure.gravatar.com\/avatar\/450a48cefa36da63d920ad70aa660bd10725b1c6093800242e5efdb397759033?s=96&d=mm&r=g\",\"caption\":\"Benedetto Fiori\"},\"description\":\"Web | Twitter | Facebook | Shutterstock Founder &amp; Editor in Chief di Social Design Magazine. Attratto da sempre da tutto ci\u00f2 che \u00e8 creativit\u00e0, design, architettura. Dopo aver studiato Architettura all'Universit\u00e0 di Firenze, si \u00e8 impegnato in molteplici campi: comunicazione grafica, progettazione di allestimenti fieristici, brand design, Interior Design.\",\"sameAs\":[\"http:\/\/benedettofiori.com\",\"https:\/\/www.facebook.com\/benedettofiori\",\"https:\/\/x.com\/benedettofiori\"],\"url\":\"https:\/\/socialdesignmagazine.com\/mag\/author\/benedetto\/\"}]}<\/script>\n<!-- \/ Yoast SEO plugin. -->","yoast_head_json":{"title":"ANDREA CAPUTO, Studio DDMMYYYY.EU \/ ROMA, Nike The Chosen Action Park - Social Design Magazine","description":"E' di\u00a0 Andrea Caputo studio DDMMYYYY.EU il progetto del Geoide per Nike all'interno del quale si svolger\u00e0 Nike The Chosen Action Park, 15 e 16 lugio 2011 al foro italico di Roma","robots":{"index":"index","follow":"follow","max-snippet":"max-snippet:-1","max-image-preview":"max-image-preview:large","max-video-preview":"max-video-preview:-1"},"canonical":"https:\/\/socialdesignmagazine.com\/mag\/architettura\/andrea-caputo-studio-ddmmyyyyeu-roma-nike-the-chosen-action-park\/","og_locale":"it_IT","og_type":"article","og_title":"ANDREA CAPUTO, Studio DDMMYYYY.EU \/ ROMA, Nike The Chosen Action Park - Social Design Magazine","og_description":"E' di\u00a0 Andrea Caputo studio DDMMYYYY.EU il progetto del Geoide per Nike all'interno del quale si svolger\u00e0 Nike The Chosen Action Park, 15 e 16 lugio 2011 al foro italico di Roma","og_url":"http:\/\/socialdesignmagazine.com\/mag\/architettura\/andrea-caputo-studio-ddmmyyyyeu-roma-nike-the-chosen-action-park\/","og_site_name":"Social Design Magazine","article_publisher":"https:\/\/www.facebook.com\/socialdesignmag","article_author":"https:\/\/www.facebook.com\/benedettofiori","article_published_time":"2011-07-14T12:14:20+00:00","article_modified_time":"2024-05-07T18:31:50+00:00","og_image":[{"width":720,"height":509,"url":"https:\/\/socialdesignmagazine.com\/mag\/wp-content\/uploads\/2011\/07\/benedetto_ddmmyyyy_studio_geoide_roma_4-andrea-caputo_geoide-notturna_720.jpg","type":"image\/jpeg"}],"author":"Benedetto Fiori","twitter_card":"summary_large_image","twitter_creator":"@benedettofiori","twitter_site":"@socialdesignmag","twitter_misc":{"Scritto da":"Benedetto Fiori","Tempo di lettura stimato":"2 minuti"},"schema":{"@context":"https:\/\/schema.org","@graph":[{"@type":"Article","@id":"https:\/\/socialdesignmagazine.com\/mag\/architettura\/andrea-caputo-studio-ddmmyyyyeu-roma-nike-the-chosen-action-park\/#article","isPartOf":{"@id":"https:\/\/socialdesignmagazine.com\/mag\/architettura\/andrea-caputo-studio-ddmmyyyyeu-roma-nike-the-chosen-action-park\/"},"author":{"name":"Benedetto Fiori","@id":"https:\/\/socialdesignmagazine.com\/mag\/#\/schema\/person\/61e20205cc363c315e6aabd33a045846"},"headline":"ANDREA CAPUTO, Studio DDMMYYYY.EU \/ ROMA, Nike The Chosen Action Park","datePublished":"2011-07-14T12:14:20+00:00","dateModified":"2024-05-07T18:31:50+00:00","mainEntityOfPage":{"@id":"https:\/\/socialdesignmagazine.com\/mag\/architettura\/andrea-caputo-studio-ddmmyyyyeu-roma-nike-the-chosen-action-park\/"},"wordCount":152,"commentCount":0,"publisher":{"@id":"https:\/\/socialdesignmagazine.com\/mag\/#organization"},"image":{"@id":"https:\/\/socialdesignmagazine.com\/mag\/architettura\/andrea-caputo-studio-ddmmyyyyeu-roma-nike-the-chosen-action-park\/#primaryimage"},"thumbnailUrl":"https:\/\/socialdesignmagazine.com\/mag\/wp-content\/uploads\/2011\/07\/benedetto_ddmmyyyy_studio_geoide_roma_4-andrea-caputo_geoide-notturna_720.jpg","keywords":["roma"],"articleSection":["Architettura"],"inLanguage":"it-IT","potentialAction":[{"@type":"CommentAction","name":"Comment","target":["https:\/\/socialdesignmagazine.com\/mag\/architettura\/andrea-caputo-studio-ddmmyyyyeu-roma-nike-the-chosen-action-park\/#respond"]}]},{"@type":"WebPage","@id":"https:\/\/socialdesignmagazine.com\/mag\/architettura\/andrea-caputo-studio-ddmmyyyyeu-roma-nike-the-chosen-action-park\/","url":"https:\/\/socialdesignmagazine.com\/mag\/architettura\/andrea-caputo-studio-ddmmyyyyeu-roma-nike-the-chosen-action-park\/","name":"ANDREA CAPUTO, Studio DDMMYYYY.EU \/ ROMA, Nike The Chosen Action Park - Social Design Magazine","isPartOf":{"@id":"https:\/\/socialdesignmagazine.com\/mag\/#website"},"primaryImageOfPage":{"@id":"https:\/\/socialdesignmagazine.com\/mag\/architettura\/andrea-caputo-studio-ddmmyyyyeu-roma-nike-the-chosen-action-park\/#primaryimage"},"image":{"@id":"https:\/\/socialdesignmagazine.com\/mag\/architettura\/andrea-caputo-studio-ddmmyyyyeu-roma-nike-the-chosen-action-park\/#primaryimage"},"thumbnailUrl":"https:\/\/socialdesignmagazine.com\/mag\/wp-content\/uploads\/2011\/07\/benedetto_ddmmyyyy_studio_geoide_roma_4-andrea-caputo_geoide-notturna_720.jpg","datePublished":"2011-07-14T12:14:20+00:00","dateModified":"2024-05-07T18:31:50+00:00","description":"E' di\u00a0 Andrea Caputo studio DDMMYYYY.EU il progetto del Geoide per Nike all'interno del quale si svolger\u00e0 Nike The Chosen Action Park, 15 e 16 lugio 2011 al foro italico di Roma","breadcrumb":{"@id":"https:\/\/socialdesignmagazine.com\/mag\/architettura\/andrea-caputo-studio-ddmmyyyyeu-roma-nike-the-chosen-action-park\/#breadcrumb"},"inLanguage":"it-IT","potentialAction":[{"@type":"ReadAction","target":["https:\/\/socialdesignmagazine.com\/mag\/architettura\/andrea-caputo-studio-ddmmyyyyeu-roma-nike-the-chosen-action-park\/"]}]},{"@type":"ImageObject","inLanguage":"it-IT","@id":"https:\/\/socialdesignmagazine.com\/mag\/architettura\/andrea-caputo-studio-ddmmyyyyeu-roma-nike-the-chosen-action-park\/#primaryimage","url":"https:\/\/socialdesignmagazine.com\/mag\/wp-content\/uploads\/2011\/07\/benedetto_ddmmyyyy_studio_geoide_roma_4-andrea-caputo_geoide-notturna_720.jpg","contentUrl":"https:\/\/socialdesignmagazine.com\/mag\/wp-content\/uploads\/2011\/07\/benedetto_ddmmyyyy_studio_geoide_roma_4-andrea-caputo_geoide-notturna_720.jpg","width":720,"height":509,"caption":"4-andrea-caputo_geoide-notturna_720"},{"@type":"BreadcrumbList","@id":"https:\/\/socialdesignmagazine.com\/mag\/architettura\/andrea-caputo-studio-ddmmyyyyeu-roma-nike-the-chosen-action-park\/#breadcrumb","itemListElement":[{"@type":"ListItem","position":1,"name":"Home","item":"https:\/\/socialdesignmagazine.com\/mag\/"},{"@type":"ListItem","position":2,"name":"Architettura","item":"https:\/\/socialdesignmagazine.com\/mag\/architettura\/"},{"@type":"ListItem","position":3,"name":"ANDREA CAPUTO, Studio DDMMYYYY.EU \/ ROMA, Nike The Chosen Action Park"}]},{"@type":"WebSite","@id":"https:\/\/socialdesignmagazine.com\/mag\/#website","url":"https:\/\/socialdesignmagazine.com\/mag\/","name":"Social Design Magazine","description":"Social Magazine su Design, Architettura, Arte, Grafica","publisher":{"@id":"https:\/\/socialdesignmagazine.com\/mag\/#organization"},"potentialAction":[{"@type":"SearchAction","target":{"@type":"EntryPoint","urlTemplate":"https:\/\/socialdesignmagazine.com\/mag\/?s={search_term_string}"},"query-input":{"@type":"PropertyValueSpecification","valueRequired":true,"valueName":"search_term_string"}}],"inLanguage":"it-IT"},{"@type":"Organization","@id":"https:\/\/socialdesignmagazine.com\/mag\/#organization","name":"Social Design Magazine","url":"https:\/\/socialdesignmagazine.com\/mag\/","logo":{"@type":"ImageObject","inLanguage":"it-IT","@id":"https:\/\/socialdesignmagazine.com\/mag\/#\/schema\/logo\/image\/","url":"https:\/\/socialdesignmagazine.com\/mag\/wp-content\/uploads\/2017\/01\/logo_favicon_11.png","contentUrl":"https:\/\/socialdesignmagazine.com\/mag\/wp-content\/uploads\/2017\/01\/logo_favicon_11.png","width":1024,"height":1024,"caption":"Social Design Magazine"},"image":{"@id":"https:\/\/socialdesignmagazine.com\/mag\/#\/schema\/logo\/image\/"},"sameAs":["https:\/\/www.facebook.com\/socialdesignmag","https:\/\/x.com\/socialdesignmag","http:\/\/instagram.com\/social_design_magazine\/","http:\/\/pinterest.com\/socialdesignmag\/","http:\/\/www.youtube.com\/user\/socialdesignmagazine"]},{"@type":"Person","@id":"https:\/\/socialdesignmagazine.com\/mag\/#\/schema\/person\/61e20205cc363c315e6aabd33a045846","name":"Benedetto Fiori","image":{"@type":"ImageObject","inLanguage":"it-IT","@id":"https:\/\/secure.gravatar.com\/avatar\/450a48cefa36da63d920ad70aa660bd10725b1c6093800242e5efdb397759033?s=96&d=mm&r=g","url":"https:\/\/secure.gravatar.com\/avatar\/450a48cefa36da63d920ad70aa660bd10725b1c6093800242e5efdb397759033?s=96&d=mm&r=g","contentUrl":"https:\/\/secure.gravatar.com\/avatar\/450a48cefa36da63d920ad70aa660bd10725b1c6093800242e5efdb397759033?s=96&d=mm&r=g","caption":"Benedetto Fiori"},"description":"Web | Twitter | Facebook | Shutterstock Founder &amp; Editor in Chief di Social Design Magazine. Attratto da sempre da tutto ci\u00f2 che \u00e8 creativit\u00e0, design, architettura. Dopo aver studiato Architettura all'Universit\u00e0 di Firenze, si \u00e8 impegnato in molteplici campi: comunicazione grafica, progettazione di allestimenti fieristici, brand design, Interior Design.","sameAs":["http:\/\/benedettofiori.com","https:\/\/www.facebook.com\/benedettofiori","https:\/\/x.com\/benedettofiori"],"url":"https:\/\/socialdesignmagazine.com\/mag\/author\/benedetto\/"}]}},"jetpack_featured_media_url":"https:\/\/socialdesignmagazine.com\/mag\/wp-content\/uploads\/2011\/07\/benedetto_ddmmyyyy_studio_geoide_roma_4-andrea-caputo_geoide-notturna_720.jpg","jetpack_sharing_enabled":true,"jetpack_shortlink":"https:\/\/wp.me\/p6cV7V-6q","gt_translate_keys":[{"key":"link","format":"url"}],"_links":{"self":[{"href":"https:\/\/socialdesignmagazine.com\/mag\/wp-json\/wp\/v2\/posts\/398","targetHints":{"allow":["GET"]}}],"collection":[{"href":"https:\/\/socialdesignmagazine.com\/mag\/wp-json\/wp\/v2\/posts"}],"about":[{"href":"https:\/\/socialdesignmagazine.com\/mag\/wp-json\/wp\/v2\/types\/post"}],"author":[{"embeddable":true,"href":"https:\/\/socialdesignmagazine.com\/mag\/wp-json\/wp\/v2\/users\/1"}],"replies":[{"embeddable":true,"href":"https:\/\/socialdesignmagazine.com\/mag\/wp-json\/wp\/v2\/comments?post=398"}],"version-history":[{"count":1,"href":"https:\/\/socialdesignmagazine.com\/mag\/wp-json\/wp\/v2\/posts\/398\/revisions"}],"predecessor-version":[{"id":59295,"href":"https:\/\/socialdesignmagazine.com\/mag\/wp-json\/wp\/v2\/posts\/398\/revisions\/59295"}],"wp:featuredmedia":[{"embeddable":true,"href":"https:\/\/socialdesignmagazine.com\/mag\/wp-json\/wp\/v2\/media\/6269"}],"wp:attachment":[{"href":"https:\/\/socialdesignmagazine.com\/mag\/wp-json\/wp\/v2\/media?parent=398"}],"wp:term":[{"taxonomy":"category","embeddable":true,"href":"https:\/\/socialdesignmagazine.com\/mag\/wp-json\/wp\/v2\/categories?post=398"},{"taxonomy":"post_tag","embeddable":true,"href":"https:\/\/socialdesignmagazine.com\/mag\/wp-json\/wp\/v2\/tags?post=398"}],"curies":[{"name":"wp","href":"https:\/\/api.w.org\/{rel}","templated":true}]}}