{"id":40357,"date":"2021-07-17T21:00:00","date_gmt":"2021-07-17T19:00:00","guid":{"rendered":"https:\/\/socialdesignmagazine.com\/mag\/?p=40357"},"modified":"2021-09-06T14:04:30","modified_gmt":"2021-09-06T12:04:30","slug":"dalla-ristrutturazione-di-una-casa-alla-rivitalizzazione-urbana-del-centro-storico-di-castelo-branco-paulo-martins-arqdesign","status":"publish","type":"post","link":"https:\/\/socialdesignmagazine.com\/mag\/architettura\/dalla-ristrutturazione-di-una-casa-alla-rivitalizzazione-urbana-del-centro-storico-di-castelo-branco-paulo-martins-arqdesign\/","title":{"rendered":"Dalla ristrutturazione di una casa alla rivitalizzazione urbana del centro storico di Castelo Branco | PAULO MARTINS ARQ&#038;DESIGN","gt_translate_keys":[{"key":"rendered","format":"text"}]},"content":{"rendered":"\n<p>Questa casa si trova a Castelo Branco, nella parte vecchia della citt\u00e0, che negli ultimi anni ha subito un crescente stato di degrado. In risposta a questo il progetto ha voluto assumere i contorni di un archetipo, nel tentativo di stabilire una tendenza nell&#8217;occupazione urbana della citt\u00e0: la <strong>rivitalizzazione urbana<\/strong> del centro storico e la sua <strong>occupazione da parte di fasce di et\u00e0 pi\u00f9 giovani<\/strong>, rendendo questo parte della citt\u00e0 ancora una volta pi\u00f9 dinamica.<\/p>\n\n\n\n<p>In linea con questo intento, il progetto \u00e8 consistito nel <strong>mantenere l&#8217;aspetto originario della casa all&#8217;esterno<\/strong>, mentre all&#8217;interno gli spazi sono stati riadattati agli attuali standard di comfort e abitabilit\u00e0, improntati al <strong>minimalismo contemporaneo<\/strong>. In termini di progetto, la casa ha 2 piani e un <a href=\"https:\/\/socialdesignmagazine.com\/mag\/blog\/tag\/soppalco\/\">soppalco<\/a>. Il piano terra \u00e8 riservato alle aree di sosta, per motivi di illuminazione, mentre i piani superiori alle aree sociali.<\/p>\n\n\n\n<p>In questi piani superiori, a cui si accede tramite la scala originale dell&#8217;edificio, abbiamo ripristinato l&#8217;ampiezza spaziale del tetto, dandogli un&#8217;altezza dal pavimento al soffitto abbastanza generosa e lasciando che la luce si rifletta sui soffitti e sulle pareti bianche, inondando l&#8217;intero spazio che una volta era stato racchiuso. Un lucernario \u00e8 stato aggiunto al piano rialzato, offrendo una vista del castello dalla postazione di lavoro e che ricorda che questo spazio contemporaneo \u00e8 pieno di storia.<\/p>\n\n\n\n<p>In termini di <strong>materiali<\/strong>, si \u00e8 voluto che il progetto fosse leggero, informale e accogliente, utilizzando materiali semplici ma di alta qualit\u00e0, dipingendo pareti e soffitti con tonalit\u00e0 chiare e rifinendo pavimenti e mobili in pino silvestre.<\/p>\n\n\n\n<figure class=\"wp-block-gallery columns-1 is-cropped wp-block-gallery-1 is-layout-flex wp-block-gallery-is-layout-flex\"><ul class=\"blocks-gallery-grid\"><li class=\"blocks-gallery-item\"><figure><img loading=\"lazy\" decoding=\"async\" width=\"1024\" height=\"1054\" data-attachment-id=\"40406\" data-permalink=\"https:\/\/socialdesignmagazine.com\/mag\/architettura\/dalla-ristrutturazione-di-una-casa-alla-rivitalizzazione-urbana-del-centro-storico-di-castelo-branco-paulo-martins-arqdesign\/attachment\/casa-em-castelo-branco-do-atelier-de-arquitetura-paulo-martins-a-45\/#content\" data-orig-file=\"https:\/\/socialdesignmagazine.com\/mag\/wp-content\/uploads\/2021\/05\/Casa-dos-Oleiros-Castelo-Branco-Paulo-Martins-ARQDESIGN-45.jpg\" data-orig-size=\"1749,1800\" data-comments-opened=\"1\" data-image-meta=\"{&quot;aperture&quot;:&quot;8&quot;,&quot;credit&quot;:&quot;Ivo Tavares Studio&quot;,&quot;camera&quot;:&quot;Canon EOS R&quot;,&quot;caption&quot;:&quot;Casa em Castelo Branco do atelier de arquitetura Paulo Martins Arquitecto com fotografia de arquitetura Ivo Tavares Studio&quot;,&quot;created_timestamp&quot;:&quot;1519132344&quot;,&quot;copyright&quot;:&quot;Ivo Tavares Studio - Fotografia de arquitectura&quot;,&quot;focal_length&quot;:&quot;17&quot;,&quot;iso&quot;:&quot;200&quot;,&quot;shutter_speed&quot;:&quot;0.1&quot;,&quot;title&quot;:&quot;Casa em Castelo Branco do atelier de arquitetura Paulo Martins A&quot;,&quot;orientation&quot;:&quot;1&quot;}\" data-image-title=\"Casa dos Oleiros Castelo Branco PAULO MARTINS ARQ&amp;#038;DESIGN\" data-image-description=\"\" data-image-caption=\"\" data-medium-file=\"https:\/\/socialdesignmagazine.com\/mag\/wp-content\/uploads\/2021\/05\/Casa-dos-Oleiros-Castelo-Branco-Paulo-Martins-ARQDESIGN-45-438x283.jpg\" data-large-file=\"https:\/\/socialdesignmagazine.com\/mag\/wp-content\/uploads\/2021\/05\/Casa-dos-Oleiros-Castelo-Branco-Paulo-Martins-ARQDESIGN-45-1024x1054.jpg\" src=\"https:\/\/socialdesignmagazine.com\/mag\/wp-content\/uploads\/2021\/05\/Casa-dos-Oleiros-Castelo-Branco-Paulo-Martins-ARQDESIGN-45-1024x1054.jpg\" alt=\"Casa dos Oleiros Castelo Branco PAULO MARTINS ARQ&amp;DESIGN\" data-id=\"40406\" data-full-url=\"https:\/\/socialdesignmagazine.com\/mag\/wp-content\/uploads\/2021\/05\/Casa-dos-Oleiros-Castelo-Branco-Paulo-Martins-ARQDESIGN-45.jpg\" data-link=\"https:\/\/socialdesignmagazine.com\/mag\/?attachment_id=40406#content\" class=\"wp-image-40406\" srcset=\"https:\/\/socialdesignmagazine.com\/mag\/wp-content\/uploads\/2021\/05\/Casa-dos-Oleiros-Castelo-Branco-Paulo-Martins-ARQDESIGN-45-1024x1054.jpg 1024w, https:\/\/socialdesignmagazine.com\/mag\/wp-content\/uploads\/2021\/05\/Casa-dos-Oleiros-Castelo-Branco-Paulo-Martins-ARQDESIGN-45-768x790.jpg 768w, https:\/\/socialdesignmagazine.com\/mag\/wp-content\/uploads\/2021\/05\/Casa-dos-Oleiros-Castelo-Branco-Paulo-Martins-ARQDESIGN-45-1492x1536.jpg 1492w, https:\/\/socialdesignmagazine.com\/mag\/wp-content\/uploads\/2021\/05\/Casa-dos-Oleiros-Castelo-Branco-Paulo-Martins-ARQDESIGN-45.jpg 1749w\" sizes=\"auto, (max-width: 1024px) 100vw, 1024px\" \/><\/figure><\/li><li class=\"blocks-gallery-item\"><figure><img loading=\"lazy\" decoding=\"async\" width=\"1024\" height=\"1536\" data-attachment-id=\"40417\" data-permalink=\"https:\/\/socialdesignmagazine.com\/mag\/architettura\/dalla-ristrutturazione-di-una-casa-alla-rivitalizzazione-urbana-del-centro-storico-di-castelo-branco-paulo-martins-arqdesign\/attachment\/casa-em-castelo-branco-do-atelier-de-arquitetura-paulo-martins-a-56\/#content\" data-orig-file=\"https:\/\/socialdesignmagazine.com\/mag\/wp-content\/uploads\/2021\/05\/Casa-dos-Oleiros-Castelo-Branco-Paulo-Martins-ARQDESIGN-56.jpg\" data-orig-size=\"1200,1800\" data-comments-opened=\"1\" data-image-meta=\"{&quot;aperture&quot;:&quot;5&quot;,&quot;credit&quot;:&quot;Ivo Tavares Studio&quot;,&quot;camera&quot;:&quot;Canon EOS R&quot;,&quot;caption&quot;:&quot;Casa em Castelo Branco do atelier de arquitetura Paulo Martins Arquitecto com fotografia de arquitetura Ivo Tavares Studio&quot;,&quot;created_timestamp&quot;:&quot;1519141135&quot;,&quot;copyright&quot;:&quot;Ivo Tavares Studio - Fotografia de arquitectura&quot;,&quot;focal_length&quot;:&quot;17&quot;,&quot;iso&quot;:&quot;320&quot;,&quot;shutter_speed&quot;:&quot;0.04&quot;,&quot;title&quot;:&quot;Casa em Castelo Branco do atelier de arquitetura Paulo Martins A&quot;,&quot;orientation&quot;:&quot;1&quot;}\" data-image-title=\"Casa dos Oleiros Castelo Branco PAULO MARTINS ARQ&amp;#038;DESIGN\" data-image-description=\"\" data-image-caption=\"\" data-medium-file=\"https:\/\/socialdesignmagazine.com\/mag\/wp-content\/uploads\/2021\/05\/Casa-dos-Oleiros-Castelo-Branco-Paulo-Martins-ARQDESIGN-56-438x283.jpg\" data-large-file=\"https:\/\/socialdesignmagazine.com\/mag\/wp-content\/uploads\/2021\/05\/Casa-dos-Oleiros-Castelo-Branco-Paulo-Martins-ARQDESIGN-56-1024x1536.jpg\" src=\"https:\/\/socialdesignmagazine.com\/mag\/wp-content\/uploads\/2021\/05\/Casa-dos-Oleiros-Castelo-Branco-Paulo-Martins-ARQDESIGN-56-1024x1536.jpg\" alt=\"Casa dos Oleiros Castelo Branco PAULO MARTINS ARQ&amp;DESIGN\" data-id=\"40417\" data-full-url=\"https:\/\/socialdesignmagazine.com\/mag\/wp-content\/uploads\/2021\/05\/Casa-dos-Oleiros-Castelo-Branco-Paulo-Martins-ARQDESIGN-56.jpg\" data-link=\"https:\/\/socialdesignmagazine.com\/mag\/?attachment_id=40417#content\" class=\"wp-image-40417\" srcset=\"https:\/\/socialdesignmagazine.com\/mag\/wp-content\/uploads\/2021\/05\/Casa-dos-Oleiros-Castelo-Branco-Paulo-Martins-ARQDESIGN-56-1024x1536.jpg 1024w, https:\/\/socialdesignmagazine.com\/mag\/wp-content\/uploads\/2021\/05\/Casa-dos-Oleiros-Castelo-Branco-Paulo-Martins-ARQDESIGN-56-768x1152.jpg 768w, https:\/\/socialdesignmagazine.com\/mag\/wp-content\/uploads\/2021\/05\/Casa-dos-Oleiros-Castelo-Branco-Paulo-Martins-ARQDESIGN-56.jpg 1200w\" sizes=\"auto, (max-width: 1024px) 100vw, 1024px\" \/><\/figure><\/li><li class=\"blocks-gallery-item\"><figure><img loading=\"lazy\" decoding=\"async\" width=\"1024\" height=\"683\" data-attachment-id=\"40410\" data-permalink=\"https:\/\/socialdesignmagazine.com\/mag\/architettura\/dalla-ristrutturazione-di-una-casa-alla-rivitalizzazione-urbana-del-centro-storico-di-castelo-branco-paulo-martins-arqdesign\/attachment\/casa-em-castelo-branco-do-atelier-de-arquitetura-paulo-martins-a-49\/#content\" data-orig-file=\"https:\/\/socialdesignmagazine.com\/mag\/wp-content\/uploads\/2021\/05\/Casa-dos-Oleiros-Castelo-Branco-Paulo-Martins-ARQDESIGN-49.jpg\" data-orig-size=\"1800,1200\" data-comments-opened=\"1\" data-image-meta=\"{&quot;aperture&quot;:&quot;8&quot;,&quot;credit&quot;:&quot;Ivo Tavares Studio&quot;,&quot;camera&quot;:&quot;Canon EOS R&quot;,&quot;caption&quot;:&quot;Casa em Castelo Branco do atelier de arquitetura Paulo Martins Arquitecto com fotografia de arquitetura Ivo Tavares Studio&quot;,&quot;created_timestamp&quot;:&quot;1519138723&quot;,&quot;copyright&quot;:&quot;Ivo Tavares Studio - Fotografia de arquitectura&quot;,&quot;focal_length&quot;:&quot;67&quot;,&quot;iso&quot;:&quot;200&quot;,&quot;shutter_speed&quot;:&quot;0.066666666666667&quot;,&quot;title&quot;:&quot;Casa em Castelo Branco do atelier de arquitetura Paulo Martins A&quot;,&quot;orientation&quot;:&quot;1&quot;}\" data-image-title=\"Casa dos Oleiros Castelo Branco PAULO MARTINS ARQ&amp;#038;DESIGN\" data-image-description=\"\" data-image-caption=\"\" data-medium-file=\"https:\/\/socialdesignmagazine.com\/mag\/wp-content\/uploads\/2021\/05\/Casa-dos-Oleiros-Castelo-Branco-Paulo-Martins-ARQDESIGN-49-438x283.jpg\" data-large-file=\"https:\/\/socialdesignmagazine.com\/mag\/wp-content\/uploads\/2021\/05\/Casa-dos-Oleiros-Castelo-Branco-Paulo-Martins-ARQDESIGN-49-1024x683.jpg\" src=\"https:\/\/socialdesignmagazine.com\/mag\/wp-content\/uploads\/2021\/05\/Casa-dos-Oleiros-Castelo-Branco-Paulo-Martins-ARQDESIGN-49-1024x683.jpg\" alt=\"Casa dos Oleiros Castelo Branco PAULO MARTINS ARQ&amp;DESIGN\" data-id=\"40410\" data-full-url=\"https:\/\/socialdesignmagazine.com\/mag\/wp-content\/uploads\/2021\/05\/Casa-dos-Oleiros-Castelo-Branco-Paulo-Martins-ARQDESIGN-49.jpg\" data-link=\"https:\/\/socialdesignmagazine.com\/mag\/?attachment_id=40410#content\" class=\"wp-image-40410\" srcset=\"https:\/\/socialdesignmagazine.com\/mag\/wp-content\/uploads\/2021\/05\/Casa-dos-Oleiros-Castelo-Branco-Paulo-Martins-ARQDESIGN-49-1024x683.jpg 1024w, https:\/\/socialdesignmagazine.com\/mag\/wp-content\/uploads\/2021\/05\/Casa-dos-Oleiros-Castelo-Branco-Paulo-Martins-ARQDESIGN-49-100x66.jpg 100w, https:\/\/socialdesignmagazine.com\/mag\/wp-content\/uploads\/2021\/05\/Casa-dos-Oleiros-Castelo-Branco-Paulo-Martins-ARQDESIGN-49-768x512.jpg 768w, https:\/\/socialdesignmagazine.com\/mag\/wp-content\/uploads\/2021\/05\/Casa-dos-Oleiros-Castelo-Branco-Paulo-Martins-ARQDESIGN-49-1536x1024.jpg 1536w, https:\/\/socialdesignmagazine.com\/mag\/wp-content\/uploads\/2021\/05\/Casa-dos-Oleiros-Castelo-Branco-Paulo-Martins-ARQDESIGN-49.jpg 1800w\" sizes=\"auto, (max-width: 1024px) 100vw, 1024px\" \/><\/figure><\/li><li class=\"blocks-gallery-item\"><figure><img loading=\"lazy\" decoding=\"async\" width=\"1024\" height=\"984\" data-attachment-id=\"40388\" data-permalink=\"https:\/\/socialdesignmagazine.com\/mag\/architettura\/dalla-ristrutturazione-di-una-casa-alla-rivitalizzazione-urbana-del-centro-storico-di-castelo-branco-paulo-martins-arqdesign\/attachment\/casa-em-castelo-branco-do-atelier-de-arquitetura-paulo-martins-a-27\/#content\" data-orig-file=\"https:\/\/socialdesignmagazine.com\/mag\/wp-content\/uploads\/2021\/05\/Casa-dos-Oleiros-Castelo-Branco-Paulo-Martins-ARQDESIGN-27.jpg\" data-orig-size=\"1800,1730\" data-comments-opened=\"1\" data-image-meta=\"{&quot;aperture&quot;:&quot;8&quot;,&quot;credit&quot;:&quot;Ivo Tavares Studio&quot;,&quot;camera&quot;:&quot;Canon EOS R&quot;,&quot;caption&quot;:&quot;Casa em Castelo Branco do atelier de arquitetura Paulo Martins Arquitecto com fotografia de arquitetura Ivo Tavares Studio&quot;,&quot;created_timestamp&quot;:&quot;1519129127&quot;,&quot;copyright&quot;:&quot;Ivo Tavares Studio - Fotografia de arquitectura&quot;,&quot;focal_length&quot;:&quot;17&quot;,&quot;iso&quot;:&quot;200&quot;,&quot;shutter_speed&quot;:&quot;0.076923076923077&quot;,&quot;title&quot;:&quot;Casa em Castelo Branco do atelier de arquitetura Paulo Martins A&quot;,&quot;orientation&quot;:&quot;1&quot;}\" data-image-title=\"Casa dos Oleiros Castelo Branco PAULO MARTINS ARQ&amp;#038;DESIGN\" data-image-description=\"\" data-image-caption=\"\" data-medium-file=\"https:\/\/socialdesignmagazine.com\/mag\/wp-content\/uploads\/2021\/05\/Casa-dos-Oleiros-Castelo-Branco-Paulo-Martins-ARQDESIGN-27-438x283.jpg\" data-large-file=\"https:\/\/socialdesignmagazine.com\/mag\/wp-content\/uploads\/2021\/05\/Casa-dos-Oleiros-Castelo-Branco-Paulo-Martins-ARQDESIGN-27-1024x984.jpg\" src=\"https:\/\/socialdesignmagazine.com\/mag\/wp-content\/uploads\/2021\/05\/Casa-dos-Oleiros-Castelo-Branco-Paulo-Martins-ARQDESIGN-27-1024x984.jpg\" alt=\"Casa dos Oleiros Castelo Branco PAULO MARTINS ARQ&amp;DESIGN\" data-id=\"40388\" data-full-url=\"https:\/\/socialdesignmagazine.com\/mag\/wp-content\/uploads\/2021\/05\/Casa-dos-Oleiros-Castelo-Branco-Paulo-Martins-ARQDESIGN-27.jpg\" data-link=\"https:\/\/socialdesignmagazine.com\/mag\/?attachment_id=40388#content\" class=\"wp-image-40388\" srcset=\"https:\/\/socialdesignmagazine.com\/mag\/wp-content\/uploads\/2021\/05\/Casa-dos-Oleiros-Castelo-Branco-Paulo-Martins-ARQDESIGN-27-1024x984.jpg 1024w, https:\/\/socialdesignmagazine.com\/mag\/wp-content\/uploads\/2021\/05\/Casa-dos-Oleiros-Castelo-Branco-Paulo-Martins-ARQDESIGN-27-768x738.jpg 768w, https:\/\/socialdesignmagazine.com\/mag\/wp-content\/uploads\/2021\/05\/Casa-dos-Oleiros-Castelo-Branco-Paulo-Martins-ARQDESIGN-27-1536x1476.jpg 1536w, https:\/\/socialdesignmagazine.com\/mag\/wp-content\/uploads\/2021\/05\/Casa-dos-Oleiros-Castelo-Branco-Paulo-Martins-ARQDESIGN-27.jpg 1800w\" sizes=\"auto, (max-width: 1024px) 100vw, 1024px\" \/><\/figure><\/li><li class=\"blocks-gallery-item\"><figure><img loading=\"lazy\" decoding=\"async\" width=\"1024\" height=\"683\" data-attachment-id=\"40390\" data-permalink=\"https:\/\/socialdesignmagazine.com\/mag\/architettura\/dalla-ristrutturazione-di-una-casa-alla-rivitalizzazione-urbana-del-centro-storico-di-castelo-branco-paulo-martins-arqdesign\/attachment\/casa-em-castelo-branco-do-atelier-de-arquitetura-paulo-martins-a-29\/#content\" data-orig-file=\"https:\/\/socialdesignmagazine.com\/mag\/wp-content\/uploads\/2021\/05\/Casa-dos-Oleiros-Castelo-Branco-Paulo-Martins-ARQDESIGN-29.jpg\" data-orig-size=\"1800,1200\" data-comments-opened=\"1\" data-image-meta=\"{&quot;aperture&quot;:&quot;8&quot;,&quot;credit&quot;:&quot;Ivo Tavares Studio&quot;,&quot;camera&quot;:&quot;Canon EOS R&quot;,&quot;caption&quot;:&quot;Casa em Castelo Branco do atelier de arquitetura Paulo Martins Arquitecto com fotografia de arquitetura Ivo Tavares Studio&quot;,&quot;created_timestamp&quot;:&quot;1519129464&quot;,&quot;copyright&quot;:&quot;Ivo Tavares Studio - Fotografia de arquitectura&quot;,&quot;focal_length&quot;:&quot;17&quot;,&quot;iso&quot;:&quot;200&quot;,&quot;shutter_speed&quot;:&quot;0.1&quot;,&quot;title&quot;:&quot;Casa em Castelo Branco do atelier de arquitetura Paulo Martins A&quot;,&quot;orientation&quot;:&quot;1&quot;}\" data-image-title=\"Casa dos Oleiros Castelo Branco PAULO MARTINS ARQ&amp;#038;DESIGN\" data-image-description=\"\" data-image-caption=\"\" data-medium-file=\"https:\/\/socialdesignmagazine.com\/mag\/wp-content\/uploads\/2021\/05\/Casa-dos-Oleiros-Castelo-Branco-Paulo-Martins-ARQDESIGN-29-438x283.jpg\" data-large-file=\"https:\/\/socialdesignmagazine.com\/mag\/wp-content\/uploads\/2021\/05\/Casa-dos-Oleiros-Castelo-Branco-Paulo-Martins-ARQDESIGN-29-1024x683.jpg\" src=\"https:\/\/socialdesignmagazine.com\/mag\/wp-content\/uploads\/2021\/05\/Casa-dos-Oleiros-Castelo-Branco-Paulo-Martins-ARQDESIGN-29-1024x683.jpg\" alt=\"Casa dos Oleiros Castelo Branco PAULO MARTINS ARQ&amp;DESIGN\" data-id=\"40390\" data-full-url=\"https:\/\/socialdesignmagazine.com\/mag\/wp-content\/uploads\/2021\/05\/Casa-dos-Oleiros-Castelo-Branco-Paulo-Martins-ARQDESIGN-29.jpg\" data-link=\"https:\/\/socialdesignmagazine.com\/mag\/?attachment_id=40390#content\" class=\"wp-image-40390\" srcset=\"https:\/\/socialdesignmagazine.com\/mag\/wp-content\/uploads\/2021\/05\/Casa-dos-Oleiros-Castelo-Branco-Paulo-Martins-ARQDESIGN-29-1024x683.jpg 1024w, https:\/\/socialdesignmagazine.com\/mag\/wp-content\/uploads\/2021\/05\/Casa-dos-Oleiros-Castelo-Branco-Paulo-Martins-ARQDESIGN-29-100x66.jpg 100w, https:\/\/socialdesignmagazine.com\/mag\/wp-content\/uploads\/2021\/05\/Casa-dos-Oleiros-Castelo-Branco-Paulo-Martins-ARQDESIGN-29-768x512.jpg 768w, https:\/\/socialdesignmagazine.com\/mag\/wp-content\/uploads\/2021\/05\/Casa-dos-Oleiros-Castelo-Branco-Paulo-Martins-ARQDESIGN-29-1536x1024.jpg 1536w, https:\/\/socialdesignmagazine.com\/mag\/wp-content\/uploads\/2021\/05\/Casa-dos-Oleiros-Castelo-Branco-Paulo-Martins-ARQDESIGN-29.jpg 1800w\" sizes=\"auto, (max-width: 1024px) 100vw, 1024px\" \/><\/figure><\/li><li class=\"blocks-gallery-item\"><figure><img loading=\"lazy\" decoding=\"async\" width=\"1024\" height=\"683\" data-attachment-id=\"40391\" data-permalink=\"https:\/\/socialdesignmagazine.com\/mag\/architettura\/dalla-ristrutturazione-di-una-casa-alla-rivitalizzazione-urbana-del-centro-storico-di-castelo-branco-paulo-martins-arqdesign\/attachment\/casa-em-castelo-branco-do-atelier-de-arquitetura-paulo-martins-a-30\/#content\" data-orig-file=\"https:\/\/socialdesignmagazine.com\/mag\/wp-content\/uploads\/2021\/05\/Casa-dos-Oleiros-Castelo-Branco-Paulo-Martins-ARQDESIGN-30.jpg\" data-orig-size=\"1800,1200\" data-comments-opened=\"1\" data-image-meta=\"{&quot;aperture&quot;:&quot;8&quot;,&quot;credit&quot;:&quot;Ivo Tavares Studio&quot;,&quot;camera&quot;:&quot;Canon EOS R&quot;,&quot;caption&quot;:&quot;Casa em Castelo Branco do atelier de arquitetura Paulo Martins Arquitecto com fotografia de arquitetura Ivo Tavares Studio&quot;,&quot;created_timestamp&quot;:&quot;1519129506&quot;,&quot;copyright&quot;:&quot;Ivo Tavares Studio - Fotografia de arquitectura&quot;,&quot;focal_length&quot;:&quot;17&quot;,&quot;iso&quot;:&quot;200&quot;,&quot;shutter_speed&quot;:&quot;0.1&quot;,&quot;title&quot;:&quot;Casa em Castelo Branco do atelier de arquitetura Paulo Martins A&quot;,&quot;orientation&quot;:&quot;1&quot;}\" data-image-title=\"Casa dos Oleiros Castelo Branco PAULO MARTINS ARQ&amp;#038;DESIGN\" data-image-description=\"\" data-image-caption=\"\" data-medium-file=\"https:\/\/socialdesignmagazine.com\/mag\/wp-content\/uploads\/2021\/05\/Casa-dos-Oleiros-Castelo-Branco-Paulo-Martins-ARQDESIGN-30-438x283.jpg\" data-large-file=\"https:\/\/socialdesignmagazine.com\/mag\/wp-content\/uploads\/2021\/05\/Casa-dos-Oleiros-Castelo-Branco-Paulo-Martins-ARQDESIGN-30-1024x683.jpg\" src=\"https:\/\/socialdesignmagazine.com\/mag\/wp-content\/uploads\/2021\/05\/Casa-dos-Oleiros-Castelo-Branco-Paulo-Martins-ARQDESIGN-30-1024x683.jpg\" alt=\"Casa dos Oleiros Castelo Branco PAULO MARTINS ARQ&amp;DESIGN\" data-id=\"40391\" data-full-url=\"https:\/\/socialdesignmagazine.com\/mag\/wp-content\/uploads\/2021\/05\/Casa-dos-Oleiros-Castelo-Branco-Paulo-Martins-ARQDESIGN-30.jpg\" data-link=\"https:\/\/socialdesignmagazine.com\/mag\/?attachment_id=40391#content\" class=\"wp-image-40391\" srcset=\"https:\/\/socialdesignmagazine.com\/mag\/wp-content\/uploads\/2021\/05\/Casa-dos-Oleiros-Castelo-Branco-Paulo-Martins-ARQDESIGN-30-1024x683.jpg 1024w, https:\/\/socialdesignmagazine.com\/mag\/wp-content\/uploads\/2021\/05\/Casa-dos-Oleiros-Castelo-Branco-Paulo-Martins-ARQDESIGN-30-100x66.jpg 100w, https:\/\/socialdesignmagazine.com\/mag\/wp-content\/uploads\/2021\/05\/Casa-dos-Oleiros-Castelo-Branco-Paulo-Martins-ARQDESIGN-30-768x512.jpg 768w, https:\/\/socialdesignmagazine.com\/mag\/wp-content\/uploads\/2021\/05\/Casa-dos-Oleiros-Castelo-Branco-Paulo-Martins-ARQDESIGN-30-1536x1024.jpg 1536w, https:\/\/socialdesignmagazine.com\/mag\/wp-content\/uploads\/2021\/05\/Casa-dos-Oleiros-Castelo-Branco-Paulo-Martins-ARQDESIGN-30.jpg 1800w\" sizes=\"auto, (max-width: 1024px) 100vw, 1024px\" \/><\/figure><\/li><li class=\"blocks-gallery-item\"><figure><img loading=\"lazy\" decoding=\"async\" width=\"1024\" height=\"1210\" data-attachment-id=\"40387\" data-permalink=\"https:\/\/socialdesignmagazine.com\/mag\/architettura\/dalla-ristrutturazione-di-una-casa-alla-rivitalizzazione-urbana-del-centro-storico-di-castelo-branco-paulo-martins-arqdesign\/attachment\/casa-em-castelo-branco-do-atelier-de-arquitetura-paulo-martins-a-26\/#content\" data-orig-file=\"https:\/\/socialdesignmagazine.com\/mag\/wp-content\/uploads\/2021\/05\/Casa-dos-Oleiros-Castelo-Branco-Paulo-Martins-ARQDESIGN-26.jpg\" data-orig-size=\"1523,1800\" data-comments-opened=\"1\" data-image-meta=\"{&quot;aperture&quot;:&quot;8&quot;,&quot;credit&quot;:&quot;Ivo Tavares Studio&quot;,&quot;camera&quot;:&quot;Canon EOS R&quot;,&quot;caption&quot;:&quot;Casa em Castelo Branco do atelier de arquitetura Paulo Martins Arquitecto com fotografia de arquitetura Ivo Tavares Studio&quot;,&quot;created_timestamp&quot;:&quot;1519128838&quot;,&quot;copyright&quot;:&quot;Ivo Tavares Studio - Fotografia de arquitectura&quot;,&quot;focal_length&quot;:&quot;17&quot;,&quot;iso&quot;:&quot;200&quot;,&quot;shutter_speed&quot;:&quot;0.2&quot;,&quot;title&quot;:&quot;Casa em Castelo Branco do atelier de arquitetura Paulo Martins A&quot;,&quot;orientation&quot;:&quot;1&quot;}\" data-image-title=\"Casa dos Oleiros Castelo Branco PAULO MARTINS ARQ&amp;#038;DESIGN\" data-image-description=\"\" data-image-caption=\"\" data-medium-file=\"https:\/\/socialdesignmagazine.com\/mag\/wp-content\/uploads\/2021\/05\/Casa-dos-Oleiros-Castelo-Branco-Paulo-Martins-ARQDESIGN-26-438x283.jpg\" data-large-file=\"https:\/\/socialdesignmagazine.com\/mag\/wp-content\/uploads\/2021\/05\/Casa-dos-Oleiros-Castelo-Branco-Paulo-Martins-ARQDESIGN-26-1024x1210.jpg\" src=\"https:\/\/socialdesignmagazine.com\/mag\/wp-content\/uploads\/2021\/05\/Casa-dos-Oleiros-Castelo-Branco-Paulo-Martins-ARQDESIGN-26-1024x1210.jpg\" alt=\"Casa dos Oleiros Castelo Branco PAULO MARTINS ARQ&amp;DESIGN\" data-id=\"40387\" data-full-url=\"https:\/\/socialdesignmagazine.com\/mag\/wp-content\/uploads\/2021\/05\/Casa-dos-Oleiros-Castelo-Branco-Paulo-Martins-ARQDESIGN-26.jpg\" data-link=\"https:\/\/socialdesignmagazine.com\/mag\/?attachment_id=40387#content\" class=\"wp-image-40387\" srcset=\"https:\/\/socialdesignmagazine.com\/mag\/wp-content\/uploads\/2021\/05\/Casa-dos-Oleiros-Castelo-Branco-Paulo-Martins-ARQDESIGN-26-1024x1210.jpg 1024w, https:\/\/socialdesignmagazine.com\/mag\/wp-content\/uploads\/2021\/05\/Casa-dos-Oleiros-Castelo-Branco-Paulo-Martins-ARQDESIGN-26-768x908.jpg 768w, https:\/\/socialdesignmagazine.com\/mag\/wp-content\/uploads\/2021\/05\/Casa-dos-Oleiros-Castelo-Branco-Paulo-Martins-ARQDESIGN-26-1300x1536.jpg 1300w, https:\/\/socialdesignmagazine.com\/mag\/wp-content\/uploads\/2021\/05\/Casa-dos-Oleiros-Castelo-Branco-Paulo-Martins-ARQDESIGN-26.jpg 1523w\" sizes=\"auto, (max-width: 1024px) 100vw, 1024px\" \/><\/figure><\/li><li class=\"blocks-gallery-item\"><figure><img loading=\"lazy\" decoding=\"async\" width=\"1024\" height=\"1079\" data-attachment-id=\"40386\" data-permalink=\"https:\/\/socialdesignmagazine.com\/mag\/architettura\/dalla-ristrutturazione-di-una-casa-alla-rivitalizzazione-urbana-del-centro-storico-di-castelo-branco-paulo-martins-arqdesign\/attachment\/casa-em-castelo-branco-do-atelier-de-arquitetura-paulo-martins-a-25\/#content\" data-orig-file=\"https:\/\/socialdesignmagazine.com\/mag\/wp-content\/uploads\/2021\/05\/Casa-dos-Oleiros-Castelo-Branco-Paulo-Martins-ARQDESIGN-25.jpg\" data-orig-size=\"1709,1800\" data-comments-opened=\"1\" data-image-meta=\"{&quot;aperture&quot;:&quot;8&quot;,&quot;credit&quot;:&quot;Ivo Tavares Studio&quot;,&quot;camera&quot;:&quot;Canon EOS R&quot;,&quot;caption&quot;:&quot;Casa em Castelo Branco do atelier de arquitetura Paulo Martins Arquitecto com fotografia de arquitetura Ivo Tavares Studio&quot;,&quot;created_timestamp&quot;:&quot;1519128641&quot;,&quot;copyright&quot;:&quot;Ivo Tavares Studio - Fotografia de arquitectura&quot;,&quot;focal_length&quot;:&quot;17&quot;,&quot;iso&quot;:&quot;200&quot;,&quot;shutter_speed&quot;:&quot;0.1&quot;,&quot;title&quot;:&quot;Casa em Castelo Branco do atelier de arquitetura Paulo Martins A&quot;,&quot;orientation&quot;:&quot;1&quot;}\" data-image-title=\"Casa dos Oleiros Castelo Branco PAULO MARTINS ARQ&amp;#038;DESIGN\" data-image-description=\"\" data-image-caption=\"\" data-medium-file=\"https:\/\/socialdesignmagazine.com\/mag\/wp-content\/uploads\/2021\/05\/Casa-dos-Oleiros-Castelo-Branco-Paulo-Martins-ARQDESIGN-25-438x283.jpg\" data-large-file=\"https:\/\/socialdesignmagazine.com\/mag\/wp-content\/uploads\/2021\/05\/Casa-dos-Oleiros-Castelo-Branco-Paulo-Martins-ARQDESIGN-25-1024x1079.jpg\" src=\"https:\/\/socialdesignmagazine.com\/mag\/wp-content\/uploads\/2021\/05\/Casa-dos-Oleiros-Castelo-Branco-Paulo-Martins-ARQDESIGN-25-1024x1079.jpg\" alt=\"Casa dos Oleiros Castelo Branco PAULO MARTINS ARQ&amp;DESIGN\" data-id=\"40386\" data-full-url=\"https:\/\/socialdesignmagazine.com\/mag\/wp-content\/uploads\/2021\/05\/Casa-dos-Oleiros-Castelo-Branco-Paulo-Martins-ARQDESIGN-25.jpg\" data-link=\"https:\/\/socialdesignmagazine.com\/mag\/?attachment_id=40386#content\" class=\"wp-image-40386\" srcset=\"https:\/\/socialdesignmagazine.com\/mag\/wp-content\/uploads\/2021\/05\/Casa-dos-Oleiros-Castelo-Branco-Paulo-Martins-ARQDESIGN-25-1024x1079.jpg 1024w, https:\/\/socialdesignmagazine.com\/mag\/wp-content\/uploads\/2021\/05\/Casa-dos-Oleiros-Castelo-Branco-Paulo-Martins-ARQDESIGN-25-768x809.jpg 768w, https:\/\/socialdesignmagazine.com\/mag\/wp-content\/uploads\/2021\/05\/Casa-dos-Oleiros-Castelo-Branco-Paulo-Martins-ARQDESIGN-25-1458x1536.jpg 1458w, https:\/\/socialdesignmagazine.com\/mag\/wp-content\/uploads\/2021\/05\/Casa-dos-Oleiros-Castelo-Branco-Paulo-Martins-ARQDESIGN-25.jpg 1709w\" sizes=\"auto, (max-width: 1024px) 100vw, 1024px\" \/><\/figure><\/li><li class=\"blocks-gallery-item\"><figure><img loading=\"lazy\" decoding=\"async\" width=\"1024\" height=\"1536\" data-attachment-id=\"40407\" data-permalink=\"https:\/\/socialdesignmagazine.com\/mag\/architettura\/dalla-ristrutturazione-di-una-casa-alla-rivitalizzazione-urbana-del-centro-storico-di-castelo-branco-paulo-martins-arqdesign\/attachment\/casa-em-castelo-branco-do-atelier-de-arquitetura-paulo-martins-a-46\/#content\" data-orig-file=\"https:\/\/socialdesignmagazine.com\/mag\/wp-content\/uploads\/2021\/05\/Casa-dos-Oleiros-Castelo-Branco-Paulo-Martins-ARQDESIGN-46.jpg\" data-orig-size=\"1200,1800\" data-comments-opened=\"1\" data-image-meta=\"{&quot;aperture&quot;:&quot;8&quot;,&quot;credit&quot;:&quot;Ivo Tavares Studio&quot;,&quot;camera&quot;:&quot;Canon EOS R&quot;,&quot;caption&quot;:&quot;Casa em Castelo Branco do atelier de arquitetura Paulo Martins Arquitecto com fotografia de arquitetura Ivo Tavares Studio&quot;,&quot;created_timestamp&quot;:&quot;1519132430&quot;,&quot;copyright&quot;:&quot;Ivo Tavares Studio - Fotografia de arquitectura&quot;,&quot;focal_length&quot;:&quot;17&quot;,&quot;iso&quot;:&quot;200&quot;,&quot;shutter_speed&quot;:&quot;0.1&quot;,&quot;title&quot;:&quot;Casa em Castelo Branco do atelier de arquitetura Paulo Martins A&quot;,&quot;orientation&quot;:&quot;1&quot;}\" data-image-title=\"Casa dos Oleiros Castelo Branco PAULO MARTINS ARQ&amp;#038;DESIGN\" data-image-description=\"\" data-image-caption=\"\" data-medium-file=\"https:\/\/socialdesignmagazine.com\/mag\/wp-content\/uploads\/2021\/05\/Casa-dos-Oleiros-Castelo-Branco-Paulo-Martins-ARQDESIGN-46-438x283.jpg\" data-large-file=\"https:\/\/socialdesignmagazine.com\/mag\/wp-content\/uploads\/2021\/05\/Casa-dos-Oleiros-Castelo-Branco-Paulo-Martins-ARQDESIGN-46-1024x1536.jpg\" src=\"https:\/\/socialdesignmagazine.com\/mag\/wp-content\/uploads\/2021\/05\/Casa-dos-Oleiros-Castelo-Branco-Paulo-Martins-ARQDESIGN-46-1024x1536.jpg\" alt=\"Casa dos Oleiros Castelo Branco PAULO MARTINS ARQ&amp;DESIGN\" data-id=\"40407\" data-full-url=\"https:\/\/socialdesignmagazine.com\/mag\/wp-content\/uploads\/2021\/05\/Casa-dos-Oleiros-Castelo-Branco-Paulo-Martins-ARQDESIGN-46.jpg\" data-link=\"https:\/\/socialdesignmagazine.com\/mag\/?attachment_id=40407#content\" class=\"wp-image-40407\" srcset=\"https:\/\/socialdesignmagazine.com\/mag\/wp-content\/uploads\/2021\/05\/Casa-dos-Oleiros-Castelo-Branco-Paulo-Martins-ARQDESIGN-46-1024x1536.jpg 1024w, https:\/\/socialdesignmagazine.com\/mag\/wp-content\/uploads\/2021\/05\/Casa-dos-Oleiros-Castelo-Branco-Paulo-Martins-ARQDESIGN-46-768x1152.jpg 768w, https:\/\/socialdesignmagazine.com\/mag\/wp-content\/uploads\/2021\/05\/Casa-dos-Oleiros-Castelo-Branco-Paulo-Martins-ARQDESIGN-46.jpg 1200w\" sizes=\"auto, (max-width: 1024px) 100vw, 1024px\" \/><\/figure><\/li><li class=\"blocks-gallery-item\"><figure><img loading=\"lazy\" decoding=\"async\" width=\"1024\" height=\"1536\" data-attachment-id=\"40397\" data-permalink=\"https:\/\/socialdesignmagazine.com\/mag\/architettura\/dalla-ristrutturazione-di-una-casa-alla-rivitalizzazione-urbana-del-centro-storico-di-castelo-branco-paulo-martins-arqdesign\/attachment\/casa-em-castelo-branco-do-atelier-de-arquitetura-paulo-martins-a-36\/#content\" data-orig-file=\"https:\/\/socialdesignmagazine.com\/mag\/wp-content\/uploads\/2021\/05\/Casa-dos-Oleiros-Castelo-Branco-Paulo-Martins-ARQDESIGN-36.jpg\" data-orig-size=\"1200,1800\" data-comments-opened=\"1\" data-image-meta=\"{&quot;aperture&quot;:&quot;8&quot;,&quot;credit&quot;:&quot;Ivo Tavares Studio&quot;,&quot;camera&quot;:&quot;Canon EOS R&quot;,&quot;caption&quot;:&quot;Casa em Castelo Branco do atelier de arquitetura Paulo Martins Arquitecto com fotografia de arquitetura Ivo Tavares Studio&quot;,&quot;created_timestamp&quot;:&quot;1519130599&quot;,&quot;copyright&quot;:&quot;Ivo Tavares Studio - Fotografia de arquitectura&quot;,&quot;focal_length&quot;:&quot;82&quot;,&quot;iso&quot;:&quot;200&quot;,&quot;shutter_speed&quot;:&quot;0.066666666666667&quot;,&quot;title&quot;:&quot;Casa em Castelo Branco do atelier de arquitetura Paulo Martins A&quot;,&quot;orientation&quot;:&quot;1&quot;}\" data-image-title=\"Casa dos Oleiros Castelo Branco PAULO MARTINS ARQ&amp;#038;DESIGN\" data-image-description=\"\" data-image-caption=\"\" data-medium-file=\"https:\/\/socialdesignmagazine.com\/mag\/wp-content\/uploads\/2021\/05\/Casa-dos-Oleiros-Castelo-Branco-Paulo-Martins-ARQDESIGN-36-438x283.jpg\" data-large-file=\"https:\/\/socialdesignmagazine.com\/mag\/wp-content\/uploads\/2021\/05\/Casa-dos-Oleiros-Castelo-Branco-Paulo-Martins-ARQDESIGN-36-1024x1536.jpg\" src=\"https:\/\/socialdesignmagazine.com\/mag\/wp-content\/uploads\/2021\/05\/Casa-dos-Oleiros-Castelo-Branco-Paulo-Martins-ARQDESIGN-36-1024x1536.jpg\" alt=\"Casa dos Oleiros Castelo Branco PAULO MARTINS ARQ&amp;DESIGN\" data-id=\"40397\" data-full-url=\"https:\/\/socialdesignmagazine.com\/mag\/wp-content\/uploads\/2021\/05\/Casa-dos-Oleiros-Castelo-Branco-Paulo-Martins-ARQDESIGN-36.jpg\" data-link=\"https:\/\/socialdesignmagazine.com\/mag\/?attachment_id=40397#content\" class=\"wp-image-40397\" srcset=\"https:\/\/socialdesignmagazine.com\/mag\/wp-content\/uploads\/2021\/05\/Casa-dos-Oleiros-Castelo-Branco-Paulo-Martins-ARQDESIGN-36-1024x1536.jpg 1024w, https:\/\/socialdesignmagazine.com\/mag\/wp-content\/uploads\/2021\/05\/Casa-dos-Oleiros-Castelo-Branco-Paulo-Martins-ARQDESIGN-36-768x1152.jpg 768w, https:\/\/socialdesignmagazine.com\/mag\/wp-content\/uploads\/2021\/05\/Casa-dos-Oleiros-Castelo-Branco-Paulo-Martins-ARQDESIGN-36.jpg 1200w\" sizes=\"auto, (max-width: 1024px) 100vw, 1024px\" \/><\/figure><\/li><li class=\"blocks-gallery-item\"><figure><img loading=\"lazy\" decoding=\"async\" width=\"1024\" height=\"1536\" data-attachment-id=\"40408\" data-permalink=\"https:\/\/socialdesignmagazine.com\/mag\/architettura\/dalla-ristrutturazione-di-una-casa-alla-rivitalizzazione-urbana-del-centro-storico-di-castelo-branco-paulo-martins-arqdesign\/attachment\/casa-em-castelo-branco-do-atelier-de-arquitetura-paulo-martins-a-47\/#content\" data-orig-file=\"https:\/\/socialdesignmagazine.com\/mag\/wp-content\/uploads\/2021\/05\/Casa-dos-Oleiros-Castelo-Branco-Paulo-Martins-ARQDESIGN-47.jpg\" data-orig-size=\"1200,1800\" data-comments-opened=\"1\" data-image-meta=\"{&quot;aperture&quot;:&quot;8&quot;,&quot;credit&quot;:&quot;Ivo Tavares Studio&quot;,&quot;camera&quot;:&quot;Canon EOS R&quot;,&quot;caption&quot;:&quot;Casa em Castelo Branco do atelier de arquitetura Paulo Martins Arquitecto com fotografia de arquitetura Ivo Tavares Studio&quot;,&quot;created_timestamp&quot;:&quot;1519132503&quot;,&quot;copyright&quot;:&quot;Ivo Tavares Studio - Fotografia de arquitectura&quot;,&quot;focal_length&quot;:&quot;17&quot;,&quot;iso&quot;:&quot;200&quot;,&quot;shutter_speed&quot;:&quot;0.1&quot;,&quot;title&quot;:&quot;Casa em Castelo Branco do atelier de arquitetura Paulo Martins A&quot;,&quot;orientation&quot;:&quot;1&quot;}\" data-image-title=\"Casa dos Oleiros Castelo Branco PAULO MARTINS ARQ&amp;#038;DESIGN\" data-image-description=\"\" data-image-caption=\"\" data-medium-file=\"https:\/\/socialdesignmagazine.com\/mag\/wp-content\/uploads\/2021\/05\/Casa-dos-Oleiros-Castelo-Branco-Paulo-Martins-ARQDESIGN-47-438x283.jpg\" data-large-file=\"https:\/\/socialdesignmagazine.com\/mag\/wp-content\/uploads\/2021\/05\/Casa-dos-Oleiros-Castelo-Branco-Paulo-Martins-ARQDESIGN-47-1024x1536.jpg\" src=\"https:\/\/socialdesignmagazine.com\/mag\/wp-content\/uploads\/2021\/05\/Casa-dos-Oleiros-Castelo-Branco-Paulo-Martins-ARQDESIGN-47-1024x1536.jpg\" alt=\"Casa dos Oleiros Castelo Branco PAULO MARTINS ARQ&amp;DESIGN\" data-id=\"40408\" data-full-url=\"https:\/\/socialdesignmagazine.com\/mag\/wp-content\/uploads\/2021\/05\/Casa-dos-Oleiros-Castelo-Branco-Paulo-Martins-ARQDESIGN-47.jpg\" data-link=\"https:\/\/socialdesignmagazine.com\/mag\/?attachment_id=40408#content\" class=\"wp-image-40408\" srcset=\"https:\/\/socialdesignmagazine.com\/mag\/wp-content\/uploads\/2021\/05\/Casa-dos-Oleiros-Castelo-Branco-Paulo-Martins-ARQDESIGN-47-1024x1536.jpg 1024w, https:\/\/socialdesignmagazine.com\/mag\/wp-content\/uploads\/2021\/05\/Casa-dos-Oleiros-Castelo-Branco-Paulo-Martins-ARQDESIGN-47-768x1152.jpg 768w, https:\/\/socialdesignmagazine.com\/mag\/wp-content\/uploads\/2021\/05\/Casa-dos-Oleiros-Castelo-Branco-Paulo-Martins-ARQDESIGN-47.jpg 1200w\" sizes=\"auto, (max-width: 1024px) 100vw, 1024px\" \/><\/figure><\/li><li class=\"blocks-gallery-item\"><figure><img loading=\"lazy\" decoding=\"async\" width=\"1024\" height=\"1536\" data-attachment-id=\"40404\" data-permalink=\"https:\/\/socialdesignmagazine.com\/mag\/architettura\/dalla-ristrutturazione-di-una-casa-alla-rivitalizzazione-urbana-del-centro-storico-di-castelo-branco-paulo-martins-arqdesign\/attachment\/casa-em-castelo-branco-do-atelier-de-arquitetura-paulo-martins-a-43\/#content\" data-orig-file=\"https:\/\/socialdesignmagazine.com\/mag\/wp-content\/uploads\/2021\/05\/Casa-dos-Oleiros-Castelo-Branco-Paulo-Martins-ARQDESIGN-43.jpg\" data-orig-size=\"1200,1800\" data-comments-opened=\"1\" data-image-meta=\"{&quot;aperture&quot;:&quot;8&quot;,&quot;credit&quot;:&quot;Ivo Tavares Studio&quot;,&quot;camera&quot;:&quot;Canon EOS R&quot;,&quot;caption&quot;:&quot;Casa em Castelo Branco do atelier de arquitetura Paulo Martins Arquitecto com fotografia de arquitetura Ivo Tavares Studio&quot;,&quot;created_timestamp&quot;:&quot;1519131535&quot;,&quot;copyright&quot;:&quot;Ivo Tavares Studio - Fotografia de arquitectura&quot;,&quot;focal_length&quot;:&quot;17&quot;,&quot;iso&quot;:&quot;200&quot;,&quot;shutter_speed&quot;:&quot;0.076923076923077&quot;,&quot;title&quot;:&quot;Casa em Castelo Branco do atelier de arquitetura Paulo Martins A&quot;,&quot;orientation&quot;:&quot;1&quot;}\" data-image-title=\"Casa dos Oleiros Castelo Branco PAULO MARTINS ARQ&amp;#038;DESIGN\" data-image-description=\"\" data-image-caption=\"\" data-medium-file=\"https:\/\/socialdesignmagazine.com\/mag\/wp-content\/uploads\/2021\/05\/Casa-dos-Oleiros-Castelo-Branco-Paulo-Martins-ARQDESIGN-43-438x283.jpg\" data-large-file=\"https:\/\/socialdesignmagazine.com\/mag\/wp-content\/uploads\/2021\/05\/Casa-dos-Oleiros-Castelo-Branco-Paulo-Martins-ARQDESIGN-43-1024x1536.jpg\" src=\"https:\/\/socialdesignmagazine.com\/mag\/wp-content\/uploads\/2021\/05\/Casa-dos-Oleiros-Castelo-Branco-Paulo-Martins-ARQDESIGN-43-1024x1536.jpg\" alt=\"Casa dos Oleiros Castelo Branco PAULO MARTINS ARQ&amp;DESIGN\" data-id=\"40404\" data-full-url=\"https:\/\/socialdesignmagazine.com\/mag\/wp-content\/uploads\/2021\/05\/Casa-dos-Oleiros-Castelo-Branco-Paulo-Martins-ARQDESIGN-43.jpg\" data-link=\"https:\/\/socialdesignmagazine.com\/mag\/?attachment_id=40404#content\" class=\"wp-image-40404\" srcset=\"https:\/\/socialdesignmagazine.com\/mag\/wp-content\/uploads\/2021\/05\/Casa-dos-Oleiros-Castelo-Branco-Paulo-Martins-ARQDESIGN-43-1024x1536.jpg 1024w, https:\/\/socialdesignmagazine.com\/mag\/wp-content\/uploads\/2021\/05\/Casa-dos-Oleiros-Castelo-Branco-Paulo-Martins-ARQDESIGN-43-768x1152.jpg 768w, https:\/\/socialdesignmagazine.com\/mag\/wp-content\/uploads\/2021\/05\/Casa-dos-Oleiros-Castelo-Branco-Paulo-Martins-ARQDESIGN-43.jpg 1200w\" sizes=\"auto, (max-width: 1024px) 100vw, 1024px\" \/><\/figure><\/li><li class=\"blocks-gallery-item\"><figure><img loading=\"lazy\" decoding=\"async\" width=\"1024\" height=\"981\" data-attachment-id=\"40402\" data-permalink=\"https:\/\/socialdesignmagazine.com\/mag\/architettura\/dalla-ristrutturazione-di-una-casa-alla-rivitalizzazione-urbana-del-centro-storico-di-castelo-branco-paulo-martins-arqdesign\/attachment\/casa-em-castelo-branco-do-atelier-de-arquitetura-paulo-martins-a-41\/#content\" data-orig-file=\"https:\/\/socialdesignmagazine.com\/mag\/wp-content\/uploads\/2021\/05\/Casa-dos-Oleiros-Castelo-Branco-Paulo-Martins-ARQDESIGN-41.jpg\" data-orig-size=\"1800,1725\" data-comments-opened=\"1\" data-image-meta=\"{&quot;aperture&quot;:&quot;8&quot;,&quot;credit&quot;:&quot;Ivo Tavares Studio&quot;,&quot;camera&quot;:&quot;Canon EOS R&quot;,&quot;caption&quot;:&quot;Casa em Castelo Branco do atelier de arquitetura Paulo Martins Arquitecto com fotografia de arquitetura Ivo Tavares Studio&quot;,&quot;created_timestamp&quot;:&quot;1519131288&quot;,&quot;copyright&quot;:&quot;Ivo Tavares Studio - Fotografia de arquitectura&quot;,&quot;focal_length&quot;:&quot;17&quot;,&quot;iso&quot;:&quot;200&quot;,&quot;shutter_speed&quot;:&quot;0.1&quot;,&quot;title&quot;:&quot;Casa em Castelo Branco do atelier de arquitetura Paulo Martins A&quot;,&quot;orientation&quot;:&quot;1&quot;}\" data-image-title=\"Casa dos Oleiros Castelo Branco PAULO MARTINS ARQ&amp;#038;DESIGN\" data-image-description=\"\" data-image-caption=\"\" data-medium-file=\"https:\/\/socialdesignmagazine.com\/mag\/wp-content\/uploads\/2021\/05\/Casa-dos-Oleiros-Castelo-Branco-Paulo-Martins-ARQDESIGN-41-438x283.jpg\" data-large-file=\"https:\/\/socialdesignmagazine.com\/mag\/wp-content\/uploads\/2021\/05\/Casa-dos-Oleiros-Castelo-Branco-Paulo-Martins-ARQDESIGN-41-1024x981.jpg\" src=\"https:\/\/socialdesignmagazine.com\/mag\/wp-content\/uploads\/2021\/05\/Casa-dos-Oleiros-Castelo-Branco-Paulo-Martins-ARQDESIGN-41-1024x981.jpg\" alt=\"Casa dos Oleiros Castelo Branco PAULO MARTINS ARQ&amp;DESIGN\" data-id=\"40402\" data-full-url=\"https:\/\/socialdesignmagazine.com\/mag\/wp-content\/uploads\/2021\/05\/Casa-dos-Oleiros-Castelo-Branco-Paulo-Martins-ARQDESIGN-41.jpg\" data-link=\"https:\/\/socialdesignmagazine.com\/mag\/?attachment_id=40402#content\" class=\"wp-image-40402\" srcset=\"https:\/\/socialdesignmagazine.com\/mag\/wp-content\/uploads\/2021\/05\/Casa-dos-Oleiros-Castelo-Branco-Paulo-Martins-ARQDESIGN-41-1024x981.jpg 1024w, https:\/\/socialdesignmagazine.com\/mag\/wp-content\/uploads\/2021\/05\/Casa-dos-Oleiros-Castelo-Branco-Paulo-Martins-ARQDESIGN-41-768x736.jpg 768w, https:\/\/socialdesignmagazine.com\/mag\/wp-content\/uploads\/2021\/05\/Casa-dos-Oleiros-Castelo-Branco-Paulo-Martins-ARQDESIGN-41-1536x1472.jpg 1536w, https:\/\/socialdesignmagazine.com\/mag\/wp-content\/uploads\/2021\/05\/Casa-dos-Oleiros-Castelo-Branco-Paulo-Martins-ARQDESIGN-41.jpg 1800w\" sizes=\"auto, (max-width: 1024px) 100vw, 1024px\" \/><\/figure><\/li><li class=\"blocks-gallery-item\"><figure><img loading=\"lazy\" decoding=\"async\" width=\"1024\" height=\"683\" data-attachment-id=\"40414\" data-permalink=\"https:\/\/socialdesignmagazine.com\/mag\/architettura\/dalla-ristrutturazione-di-una-casa-alla-rivitalizzazione-urbana-del-centro-storico-di-castelo-branco-paulo-martins-arqdesign\/attachment\/casa-em-castelo-branco-do-atelier-de-arquitetura-paulo-martins-a-53\/#content\" data-orig-file=\"https:\/\/socialdesignmagazine.com\/mag\/wp-content\/uploads\/2021\/05\/Casa-dos-Oleiros-Castelo-Branco-Paulo-Martins-ARQDESIGN-53.jpg\" data-orig-size=\"1800,1200\" data-comments-opened=\"1\" data-image-meta=\"{&quot;aperture&quot;:&quot;5&quot;,&quot;credit&quot;:&quot;Ivo Tavares Studio&quot;,&quot;camera&quot;:&quot;Canon EOS R&quot;,&quot;caption&quot;:&quot;Casa em Castelo Branco do atelier de arquitetura Paulo Martins Arquitecto com fotografia de arquitetura Ivo Tavares Studio&quot;,&quot;created_timestamp&quot;:&quot;1519140443&quot;,&quot;copyright&quot;:&quot;Ivo Tavares Studio - Fotografia de arquitectura&quot;,&quot;focal_length&quot;:&quot;67&quot;,&quot;iso&quot;:&quot;320&quot;,&quot;shutter_speed&quot;:&quot;0.076923076923077&quot;,&quot;title&quot;:&quot;Casa em Castelo Branco do atelier de arquitetura Paulo Martins A&quot;,&quot;orientation&quot;:&quot;1&quot;}\" data-image-title=\"Casa dos Oleiros Castelo Branco PAULO MARTINS ARQ&amp;#038;DESIGN\" data-image-description=\"\" data-image-caption=\"\" data-medium-file=\"https:\/\/socialdesignmagazine.com\/mag\/wp-content\/uploads\/2021\/05\/Casa-dos-Oleiros-Castelo-Branco-Paulo-Martins-ARQDESIGN-53-438x283.jpg\" data-large-file=\"https:\/\/socialdesignmagazine.com\/mag\/wp-content\/uploads\/2021\/05\/Casa-dos-Oleiros-Castelo-Branco-Paulo-Martins-ARQDESIGN-53-1024x683.jpg\" src=\"https:\/\/socialdesignmagazine.com\/mag\/wp-content\/uploads\/2021\/05\/Casa-dos-Oleiros-Castelo-Branco-Paulo-Martins-ARQDESIGN-53-1024x683.jpg\" alt=\"Casa dos Oleiros Castelo Branco PAULO MARTINS ARQ&amp;DESIGN\" data-id=\"40414\" data-full-url=\"https:\/\/socialdesignmagazine.com\/mag\/wp-content\/uploads\/2021\/05\/Casa-dos-Oleiros-Castelo-Branco-Paulo-Martins-ARQDESIGN-53.jpg\" data-link=\"https:\/\/socialdesignmagazine.com\/mag\/?attachment_id=40414#content\" class=\"wp-image-40414\" srcset=\"https:\/\/socialdesignmagazine.com\/mag\/wp-content\/uploads\/2021\/05\/Casa-dos-Oleiros-Castelo-Branco-Paulo-Martins-ARQDESIGN-53-1024x683.jpg 1024w, https:\/\/socialdesignmagazine.com\/mag\/wp-content\/uploads\/2021\/05\/Casa-dos-Oleiros-Castelo-Branco-Paulo-Martins-ARQDESIGN-53-100x66.jpg 100w, https:\/\/socialdesignmagazine.com\/mag\/wp-content\/uploads\/2021\/05\/Casa-dos-Oleiros-Castelo-Branco-Paulo-Martins-ARQDESIGN-53-768x512.jpg 768w, https:\/\/socialdesignmagazine.com\/mag\/wp-content\/uploads\/2021\/05\/Casa-dos-Oleiros-Castelo-Branco-Paulo-Martins-ARQDESIGN-53-1536x1024.jpg 1536w, https:\/\/socialdesignmagazine.com\/mag\/wp-content\/uploads\/2021\/05\/Casa-dos-Oleiros-Castelo-Branco-Paulo-Martins-ARQDESIGN-53.jpg 1800w\" sizes=\"auto, (max-width: 1024px) 100vw, 1024px\" \/><\/figure><\/li><li class=\"blocks-gallery-item\"><figure><img loading=\"lazy\" decoding=\"async\" width=\"1024\" height=\"933\" data-attachment-id=\"40412\" data-permalink=\"https:\/\/socialdesignmagazine.com\/mag\/architettura\/dalla-ristrutturazione-di-una-casa-alla-rivitalizzazione-urbana-del-centro-storico-di-castelo-branco-paulo-martins-arqdesign\/attachment\/casa-em-castelo-branco-do-atelier-de-arquitetura-paulo-martins-a-51\/#content\" data-orig-file=\"https:\/\/socialdesignmagazine.com\/mag\/wp-content\/uploads\/2021\/05\/Casa-dos-Oleiros-Castelo-Branco-Paulo-Martins-ARQDESIGN-51.jpg\" data-orig-size=\"1800,1640\" data-comments-opened=\"1\" data-image-meta=\"{&quot;aperture&quot;:&quot;8&quot;,&quot;credit&quot;:&quot;Ivo Tavares Studio&quot;,&quot;camera&quot;:&quot;Canon EOS R&quot;,&quot;caption&quot;:&quot;Casa em Castelo Branco do atelier de arquitetura Paulo Martins Arquitecto com fotografia de arquitetura Ivo Tavares Studio&quot;,&quot;created_timestamp&quot;:&quot;1519139753&quot;,&quot;copyright&quot;:&quot;Ivo Tavares Studio - Fotografia de arquitectura&quot;,&quot;focal_length&quot;:&quot;17&quot;,&quot;iso&quot;:&quot;200&quot;,&quot;shutter_speed&quot;:&quot;0.066666666666667&quot;,&quot;title&quot;:&quot;Casa em Castelo Branco do atelier de arquitetura Paulo Martins A&quot;,&quot;orientation&quot;:&quot;1&quot;}\" data-image-title=\"Casa dos Oleiros Castelo Branco PAULO MARTINS ARQ&amp;#038;DESIGN\" data-image-description=\"\" data-image-caption=\"\" data-medium-file=\"https:\/\/socialdesignmagazine.com\/mag\/wp-content\/uploads\/2021\/05\/Casa-dos-Oleiros-Castelo-Branco-Paulo-Martins-ARQDESIGN-51-438x283.jpg\" data-large-file=\"https:\/\/socialdesignmagazine.com\/mag\/wp-content\/uploads\/2021\/05\/Casa-dos-Oleiros-Castelo-Branco-Paulo-Martins-ARQDESIGN-51-1024x933.jpg\" src=\"https:\/\/socialdesignmagazine.com\/mag\/wp-content\/uploads\/2021\/05\/Casa-dos-Oleiros-Castelo-Branco-Paulo-Martins-ARQDESIGN-51-1024x933.jpg\" alt=\"Casa dos Oleiros Castelo Branco PAULO MARTINS ARQ&amp;DESIGN\" data-id=\"40412\" data-full-url=\"https:\/\/socialdesignmagazine.com\/mag\/wp-content\/uploads\/2021\/05\/Casa-dos-Oleiros-Castelo-Branco-Paulo-Martins-ARQDESIGN-51.jpg\" data-link=\"https:\/\/socialdesignmagazine.com\/mag\/?attachment_id=40412#content\" class=\"wp-image-40412\" srcset=\"https:\/\/socialdesignmagazine.com\/mag\/wp-content\/uploads\/2021\/05\/Casa-dos-Oleiros-Castelo-Branco-Paulo-Martins-ARQDESIGN-51-1024x933.jpg 1024w, https:\/\/socialdesignmagazine.com\/mag\/wp-content\/uploads\/2021\/05\/Casa-dos-Oleiros-Castelo-Branco-Paulo-Martins-ARQDESIGN-51-768x700.jpg 768w, https:\/\/socialdesignmagazine.com\/mag\/wp-content\/uploads\/2021\/05\/Casa-dos-Oleiros-Castelo-Branco-Paulo-Martins-ARQDESIGN-51-1536x1399.jpg 1536w, https:\/\/socialdesignmagazine.com\/mag\/wp-content\/uploads\/2021\/05\/Casa-dos-Oleiros-Castelo-Branco-Paulo-Martins-ARQDESIGN-51.jpg 1800w\" sizes=\"auto, (max-width: 1024px) 100vw, 1024px\" \/><\/figure><\/li><li class=\"blocks-gallery-item\"><figure><img loading=\"lazy\" decoding=\"async\" width=\"1024\" height=\"1536\" data-attachment-id=\"40413\" data-permalink=\"https:\/\/socialdesignmagazine.com\/mag\/architettura\/dalla-ristrutturazione-di-una-casa-alla-rivitalizzazione-urbana-del-centro-storico-di-castelo-branco-paulo-martins-arqdesign\/attachment\/casa-em-castelo-branco-do-atelier-de-arquitetura-paulo-martins-a-52\/#content\" data-orig-file=\"https:\/\/socialdesignmagazine.com\/mag\/wp-content\/uploads\/2021\/05\/Casa-dos-Oleiros-Castelo-Branco-Paulo-Martins-ARQDESIGN-52.jpg\" data-orig-size=\"1200,1800\" data-comments-opened=\"1\" data-image-meta=\"{&quot;aperture&quot;:&quot;5&quot;,&quot;credit&quot;:&quot;Ivo Tavares Studio&quot;,&quot;camera&quot;:&quot;Canon EOS R&quot;,&quot;caption&quot;:&quot;Casa em Castelo Branco do atelier de arquitetura Paulo Martins Arquitecto com fotografia de arquitetura Ivo Tavares Studio&quot;,&quot;created_timestamp&quot;:&quot;1519140175&quot;,&quot;copyright&quot;:&quot;Ivo Tavares Studio - Fotografia de arquitectura&quot;,&quot;focal_length&quot;:&quot;24&quot;,&quot;iso&quot;:&quot;320&quot;,&quot;shutter_speed&quot;:&quot;0.016666666666667&quot;,&quot;title&quot;:&quot;Casa em Castelo Branco do atelier de arquitetura Paulo Martins A&quot;,&quot;orientation&quot;:&quot;1&quot;}\" data-image-title=\"Casa dos Oleiros Castelo Branco PAULO MARTINS ARQ&amp;#038;DESIGN\" data-image-description=\"\" data-image-caption=\"\" data-medium-file=\"https:\/\/socialdesignmagazine.com\/mag\/wp-content\/uploads\/2021\/05\/Casa-dos-Oleiros-Castelo-Branco-Paulo-Martins-ARQDESIGN-52-438x283.jpg\" data-large-file=\"https:\/\/socialdesignmagazine.com\/mag\/wp-content\/uploads\/2021\/05\/Casa-dos-Oleiros-Castelo-Branco-Paulo-Martins-ARQDESIGN-52-1024x1536.jpg\" src=\"https:\/\/socialdesignmagazine.com\/mag\/wp-content\/uploads\/2021\/05\/Casa-dos-Oleiros-Castelo-Branco-Paulo-Martins-ARQDESIGN-52-1024x1536.jpg\" alt=\"Casa dos Oleiros Castelo Branco PAULO MARTINS ARQ&amp;DESIGN\" data-id=\"40413\" data-full-url=\"https:\/\/socialdesignmagazine.com\/mag\/wp-content\/uploads\/2021\/05\/Casa-dos-Oleiros-Castelo-Branco-Paulo-Martins-ARQDESIGN-52.jpg\" data-link=\"https:\/\/socialdesignmagazine.com\/mag\/?attachment_id=40413#content\" class=\"wp-image-40413\" srcset=\"https:\/\/socialdesignmagazine.com\/mag\/wp-content\/uploads\/2021\/05\/Casa-dos-Oleiros-Castelo-Branco-Paulo-Martins-ARQDESIGN-52-1024x1536.jpg 1024w, https:\/\/socialdesignmagazine.com\/mag\/wp-content\/uploads\/2021\/05\/Casa-dos-Oleiros-Castelo-Branco-Paulo-Martins-ARQDESIGN-52-768x1152.jpg 768w, https:\/\/socialdesignmagazine.com\/mag\/wp-content\/uploads\/2021\/05\/Casa-dos-Oleiros-Castelo-Branco-Paulo-Martins-ARQDESIGN-52.jpg 1200w\" sizes=\"auto, (max-width: 1024px) 100vw, 1024px\" \/><\/figure><\/li><li class=\"blocks-gallery-item\"><figure><img loading=\"lazy\" decoding=\"async\" width=\"1024\" height=\"1536\" data-attachment-id=\"40409\" data-permalink=\"https:\/\/socialdesignmagazine.com\/mag\/architettura\/dalla-ristrutturazione-di-una-casa-alla-rivitalizzazione-urbana-del-centro-storico-di-castelo-branco-paulo-martins-arqdesign\/attachment\/casa-em-castelo-branco-do-atelier-de-arquitetura-paulo-martins-a-48\/#content\" data-orig-file=\"https:\/\/socialdesignmagazine.com\/mag\/wp-content\/uploads\/2021\/05\/Casa-dos-Oleiros-Castelo-Branco-Paulo-Martins-ARQDESIGN-48.jpg\" data-orig-size=\"1200,1800\" data-comments-opened=\"1\" data-image-meta=\"{&quot;aperture&quot;:&quot;8&quot;,&quot;credit&quot;:&quot;Ivo Tavares Studio&quot;,&quot;camera&quot;:&quot;Canon EOS R&quot;,&quot;caption&quot;:&quot;Casa em Castelo Branco do atelier de arquitetura Paulo Martins Arquitecto com fotografia de arquitetura Ivo Tavares Studio&quot;,&quot;created_timestamp&quot;:&quot;1519132980&quot;,&quot;copyright&quot;:&quot;Ivo Tavares Studio - Fotografia de arquitectura&quot;,&quot;focal_length&quot;:&quot;24&quot;,&quot;iso&quot;:&quot;200&quot;,&quot;shutter_speed&quot;:&quot;0.05&quot;,&quot;title&quot;:&quot;Casa em Castelo Branco do atelier de arquitetura Paulo Martins A&quot;,&quot;orientation&quot;:&quot;1&quot;}\" data-image-title=\"Casa dos Oleiros Castelo Branco PAULO MARTINS ARQ&amp;#038;DESIGN\" data-image-description=\"\" data-image-caption=\"\" data-medium-file=\"https:\/\/socialdesignmagazine.com\/mag\/wp-content\/uploads\/2021\/05\/Casa-dos-Oleiros-Castelo-Branco-Paulo-Martins-ARQDESIGN-48-438x283.jpg\" data-large-file=\"https:\/\/socialdesignmagazine.com\/mag\/wp-content\/uploads\/2021\/05\/Casa-dos-Oleiros-Castelo-Branco-Paulo-Martins-ARQDESIGN-48-1024x1536.jpg\" src=\"https:\/\/socialdesignmagazine.com\/mag\/wp-content\/uploads\/2021\/05\/Casa-dos-Oleiros-Castelo-Branco-Paulo-Martins-ARQDESIGN-48-1024x1536.jpg\" alt=\"Casa dos Oleiros Castelo Branco PAULO MARTINS ARQ&amp;DESIGN\" data-id=\"40409\" data-full-url=\"https:\/\/socialdesignmagazine.com\/mag\/wp-content\/uploads\/2021\/05\/Casa-dos-Oleiros-Castelo-Branco-Paulo-Martins-ARQDESIGN-48.jpg\" data-link=\"https:\/\/socialdesignmagazine.com\/mag\/?attachment_id=40409#content\" class=\"wp-image-40409\" srcset=\"https:\/\/socialdesignmagazine.com\/mag\/wp-content\/uploads\/2021\/05\/Casa-dos-Oleiros-Castelo-Branco-Paulo-Martins-ARQDESIGN-48-1024x1536.jpg 1024w, https:\/\/socialdesignmagazine.com\/mag\/wp-content\/uploads\/2021\/05\/Casa-dos-Oleiros-Castelo-Branco-Paulo-Martins-ARQDESIGN-48-768x1152.jpg 768w, https:\/\/socialdesignmagazine.com\/mag\/wp-content\/uploads\/2021\/05\/Casa-dos-Oleiros-Castelo-Branco-Paulo-Martins-ARQDESIGN-48.jpg 1200w\" sizes=\"auto, (max-width: 1024px) 100vw, 1024px\" \/><\/figure><\/li><li class=\"blocks-gallery-item\"><figure><img loading=\"lazy\" decoding=\"async\" width=\"1024\" height=\"1083\" data-attachment-id=\"40411\" data-permalink=\"https:\/\/socialdesignmagazine.com\/mag\/architettura\/dalla-ristrutturazione-di-una-casa-alla-rivitalizzazione-urbana-del-centro-storico-di-castelo-branco-paulo-martins-arqdesign\/attachment\/casa-em-castelo-branco-do-atelier-de-arquitetura-paulo-martins-a-50\/#content\" data-orig-file=\"https:\/\/socialdesignmagazine.com\/mag\/wp-content\/uploads\/2021\/05\/Casa-dos-Oleiros-Castelo-Branco-Paulo-Martins-ARQDESIGN-50.jpg\" data-orig-size=\"1702,1800\" data-comments-opened=\"1\" data-image-meta=\"{&quot;aperture&quot;:&quot;8&quot;,&quot;credit&quot;:&quot;Ivo Tavares Studio&quot;,&quot;camera&quot;:&quot;Canon EOS R&quot;,&quot;caption&quot;:&quot;Casa em Castelo Branco do atelier de arquitetura Paulo Martins Arquitecto com fotografia de arquitetura Ivo Tavares Studio&quot;,&quot;created_timestamp&quot;:&quot;1519138876&quot;,&quot;copyright&quot;:&quot;Ivo Tavares Studio - Fotografia de arquitectura&quot;,&quot;focal_length&quot;:&quot;17&quot;,&quot;iso&quot;:&quot;200&quot;,&quot;shutter_speed&quot;:&quot;0.04&quot;,&quot;title&quot;:&quot;Casa em Castelo Branco do atelier de arquitetura Paulo Martins A&quot;,&quot;orientation&quot;:&quot;1&quot;}\" data-image-title=\"Casa dos Oleiros Castelo Branco PAULO MARTINS ARQ&amp;#038;DESIGN\" data-image-description=\"\" data-image-caption=\"\" data-medium-file=\"https:\/\/socialdesignmagazine.com\/mag\/wp-content\/uploads\/2021\/05\/Casa-dos-Oleiros-Castelo-Branco-Paulo-Martins-ARQDESIGN-50-438x283.jpg\" data-large-file=\"https:\/\/socialdesignmagazine.com\/mag\/wp-content\/uploads\/2021\/05\/Casa-dos-Oleiros-Castelo-Branco-Paulo-Martins-ARQDESIGN-50-1024x1083.jpg\" src=\"https:\/\/socialdesignmagazine.com\/mag\/wp-content\/uploads\/2021\/05\/Casa-dos-Oleiros-Castelo-Branco-Paulo-Martins-ARQDESIGN-50-1024x1083.jpg\" alt=\"Casa dos Oleiros Castelo Branco PAULO MARTINS ARQ&amp;DESIGN\" data-id=\"40411\" data-full-url=\"https:\/\/socialdesignmagazine.com\/mag\/wp-content\/uploads\/2021\/05\/Casa-dos-Oleiros-Castelo-Branco-Paulo-Martins-ARQDESIGN-50.jpg\" data-link=\"https:\/\/socialdesignmagazine.com\/mag\/?attachment_id=40411#content\" class=\"wp-image-40411\" srcset=\"https:\/\/socialdesignmagazine.com\/mag\/wp-content\/uploads\/2021\/05\/Casa-dos-Oleiros-Castelo-Branco-Paulo-Martins-ARQDESIGN-50-1024x1083.jpg 1024w, https:\/\/socialdesignmagazine.com\/mag\/wp-content\/uploads\/2021\/05\/Casa-dos-Oleiros-Castelo-Branco-Paulo-Martins-ARQDESIGN-50-768x812.jpg 768w, https:\/\/socialdesignmagazine.com\/mag\/wp-content\/uploads\/2021\/05\/Casa-dos-Oleiros-Castelo-Branco-Paulo-Martins-ARQDESIGN-50-1452x1536.jpg 1452w, https:\/\/socialdesignmagazine.com\/mag\/wp-content\/uploads\/2021\/05\/Casa-dos-Oleiros-Castelo-Branco-Paulo-Martins-ARQDESIGN-50.jpg 1702w\" sizes=\"auto, (max-width: 1024px) 100vw, 1024px\" \/><\/figure><\/li><li class=\"blocks-gallery-item\"><figure><img loading=\"lazy\" decoding=\"async\" width=\"1024\" height=\"1536\" data-attachment-id=\"40398\" data-permalink=\"https:\/\/socialdesignmagazine.com\/mag\/architettura\/dalla-ristrutturazione-di-una-casa-alla-rivitalizzazione-urbana-del-centro-storico-di-castelo-branco-paulo-martins-arqdesign\/attachment\/casa-em-castelo-branco-do-atelier-de-arquitetura-paulo-martins-a-37\/#content\" data-orig-file=\"https:\/\/socialdesignmagazine.com\/mag\/wp-content\/uploads\/2021\/05\/Casa-dos-Oleiros-Castelo-Branco-Paulo-Martins-ARQDESIGN-37.jpg\" data-orig-size=\"1200,1800\" data-comments-opened=\"1\" data-image-meta=\"{&quot;aperture&quot;:&quot;8&quot;,&quot;credit&quot;:&quot;Ivo Tavares Studio&quot;,&quot;camera&quot;:&quot;Canon EOS R&quot;,&quot;caption&quot;:&quot;Casa em Castelo Branco do atelier de arquitetura Paulo Martins Arquitecto com fotografia de arquitetura Ivo Tavares Studio&quot;,&quot;created_timestamp&quot;:&quot;1519130673&quot;,&quot;copyright&quot;:&quot;Ivo Tavares Studio - Fotografia de arquitectura&quot;,&quot;focal_length&quot;:&quot;24&quot;,&quot;iso&quot;:&quot;200&quot;,&quot;shutter_speed&quot;:&quot;0.066666666666667&quot;,&quot;title&quot;:&quot;Casa em Castelo Branco do atelier de arquitetura Paulo Martins A&quot;,&quot;orientation&quot;:&quot;1&quot;}\" data-image-title=\"Casa dos Oleiros Castelo Branco PAULO MARTINS ARQ&amp;#038;DESIGN\" data-image-description=\"\" data-image-caption=\"\" data-medium-file=\"https:\/\/socialdesignmagazine.com\/mag\/wp-content\/uploads\/2021\/05\/Casa-dos-Oleiros-Castelo-Branco-Paulo-Martins-ARQDESIGN-37-438x283.jpg\" data-large-file=\"https:\/\/socialdesignmagazine.com\/mag\/wp-content\/uploads\/2021\/05\/Casa-dos-Oleiros-Castelo-Branco-Paulo-Martins-ARQDESIGN-37-1024x1536.jpg\" src=\"https:\/\/socialdesignmagazine.com\/mag\/wp-content\/uploads\/2021\/05\/Casa-dos-Oleiros-Castelo-Branco-Paulo-Martins-ARQDESIGN-37-1024x1536.jpg\" alt=\"Casa dos Oleiros Castelo Branco PAULO MARTINS ARQ&amp;DESIGN\" data-id=\"40398\" data-full-url=\"https:\/\/socialdesignmagazine.com\/mag\/wp-content\/uploads\/2021\/05\/Casa-dos-Oleiros-Castelo-Branco-Paulo-Martins-ARQDESIGN-37.jpg\" data-link=\"https:\/\/socialdesignmagazine.com\/mag\/?attachment_id=40398#content\" class=\"wp-image-40398\" srcset=\"https:\/\/socialdesignmagazine.com\/mag\/wp-content\/uploads\/2021\/05\/Casa-dos-Oleiros-Castelo-Branco-Paulo-Martins-ARQDESIGN-37-1024x1536.jpg 1024w, https:\/\/socialdesignmagazine.com\/mag\/wp-content\/uploads\/2021\/05\/Casa-dos-Oleiros-Castelo-Branco-Paulo-Martins-ARQDESIGN-37-768x1152.jpg 768w, https:\/\/socialdesignmagazine.com\/mag\/wp-content\/uploads\/2021\/05\/Casa-dos-Oleiros-Castelo-Branco-Paulo-Martins-ARQDESIGN-37.jpg 1200w\" sizes=\"auto, (max-width: 1024px) 100vw, 1024px\" \/><\/figure><\/li><li class=\"blocks-gallery-item\"><figure><img loading=\"lazy\" decoding=\"async\" width=\"1024\" height=\"683\" data-attachment-id=\"40389\" data-permalink=\"https:\/\/socialdesignmagazine.com\/mag\/architettura\/dalla-ristrutturazione-di-una-casa-alla-rivitalizzazione-urbana-del-centro-storico-di-castelo-branco-paulo-martins-arqdesign\/attachment\/casa-em-castelo-branco-do-atelier-de-arquitetura-paulo-martins-a-28\/#content\" data-orig-file=\"https:\/\/socialdesignmagazine.com\/mag\/wp-content\/uploads\/2021\/05\/Casa-dos-Oleiros-Castelo-Branco-Paulo-Martins-ARQDESIGN-28.jpg\" data-orig-size=\"1800,1200\" data-comments-opened=\"1\" data-image-meta=\"{&quot;aperture&quot;:&quot;8&quot;,&quot;credit&quot;:&quot;Ivo Tavares Studio&quot;,&quot;camera&quot;:&quot;Canon EOS R&quot;,&quot;caption&quot;:&quot;Casa em Castelo Branco do atelier de arquitetura Paulo Martins Arquitecto com fotografia de arquitetura Ivo Tavares Studio&quot;,&quot;created_timestamp&quot;:&quot;1519129277&quot;,&quot;copyright&quot;:&quot;Ivo Tavares Studio - Fotografia de arquitectura&quot;,&quot;focal_length&quot;:&quot;17&quot;,&quot;iso&quot;:&quot;200&quot;,&quot;shutter_speed&quot;:&quot;0.1&quot;,&quot;title&quot;:&quot;Casa em Castelo Branco do atelier de arquitetura Paulo Martins A&quot;,&quot;orientation&quot;:&quot;1&quot;}\" data-image-title=\"Casa dos Oleiros Castelo Branco PAULO MARTINS ARQ&amp;#038;DESIGN\" data-image-description=\"\" data-image-caption=\"\" data-medium-file=\"https:\/\/socialdesignmagazine.com\/mag\/wp-content\/uploads\/2021\/05\/Casa-dos-Oleiros-Castelo-Branco-Paulo-Martins-ARQDESIGN-28-438x283.jpg\" data-large-file=\"https:\/\/socialdesignmagazine.com\/mag\/wp-content\/uploads\/2021\/05\/Casa-dos-Oleiros-Castelo-Branco-Paulo-Martins-ARQDESIGN-28-1024x683.jpg\" src=\"https:\/\/socialdesignmagazine.com\/mag\/wp-content\/uploads\/2021\/05\/Casa-dos-Oleiros-Castelo-Branco-Paulo-Martins-ARQDESIGN-28-1024x683.jpg\" alt=\"Casa dos Oleiros Castelo Branco PAULO MARTINS ARQ&amp;DESIGN\" data-id=\"40389\" data-full-url=\"https:\/\/socialdesignmagazine.com\/mag\/wp-content\/uploads\/2021\/05\/Casa-dos-Oleiros-Castelo-Branco-Paulo-Martins-ARQDESIGN-28.jpg\" data-link=\"https:\/\/socialdesignmagazine.com\/mag\/?attachment_id=40389#content\" class=\"wp-image-40389\" srcset=\"https:\/\/socialdesignmagazine.com\/mag\/wp-content\/uploads\/2021\/05\/Casa-dos-Oleiros-Castelo-Branco-Paulo-Martins-ARQDESIGN-28-1024x683.jpg 1024w, https:\/\/socialdesignmagazine.com\/mag\/wp-content\/uploads\/2021\/05\/Casa-dos-Oleiros-Castelo-Branco-Paulo-Martins-ARQDESIGN-28-100x66.jpg 100w, https:\/\/socialdesignmagazine.com\/mag\/wp-content\/uploads\/2021\/05\/Casa-dos-Oleiros-Castelo-Branco-Paulo-Martins-ARQDESIGN-28-768x512.jpg 768w, https:\/\/socialdesignmagazine.com\/mag\/wp-content\/uploads\/2021\/05\/Casa-dos-Oleiros-Castelo-Branco-Paulo-Martins-ARQDESIGN-28-1536x1024.jpg 1536w, https:\/\/socialdesignmagazine.com\/mag\/wp-content\/uploads\/2021\/05\/Casa-dos-Oleiros-Castelo-Branco-Paulo-Martins-ARQDESIGN-28.jpg 1800w\" sizes=\"auto, (max-width: 1024px) 100vw, 1024px\" \/><\/figure><\/li><li class=\"blocks-gallery-item\"><figure><img loading=\"lazy\" decoding=\"async\" width=\"1024\" height=\"683\" data-attachment-id=\"40392\" data-permalink=\"https:\/\/socialdesignmagazine.com\/mag\/architettura\/dalla-ristrutturazione-di-una-casa-alla-rivitalizzazione-urbana-del-centro-storico-di-castelo-branco-paulo-martins-arqdesign\/attachment\/casa-em-castelo-branco-do-atelier-de-arquitetura-paulo-martins-a-31\/#content\" data-orig-file=\"https:\/\/socialdesignmagazine.com\/mag\/wp-content\/uploads\/2021\/05\/Casa-dos-Oleiros-Castelo-Branco-Paulo-Martins-ARQDESIGN-31.jpg\" data-orig-size=\"1800,1200\" data-comments-opened=\"1\" data-image-meta=\"{&quot;aperture&quot;:&quot;8&quot;,&quot;credit&quot;:&quot;Ivo Tavares Studio&quot;,&quot;camera&quot;:&quot;Canon EOS R&quot;,&quot;caption&quot;:&quot;Casa em Castelo Branco do atelier de arquitetura Paulo Martins Arquitecto com fotografia de arquitetura Ivo Tavares Studio&quot;,&quot;created_timestamp&quot;:&quot;1519129679&quot;,&quot;copyright&quot;:&quot;Ivo Tavares Studio - Fotografia de arquitectura&quot;,&quot;focal_length&quot;:&quot;17&quot;,&quot;iso&quot;:&quot;200&quot;,&quot;shutter_speed&quot;:&quot;0.1&quot;,&quot;title&quot;:&quot;Casa em Castelo Branco do atelier de arquitetura Paulo Martins A&quot;,&quot;orientation&quot;:&quot;1&quot;}\" data-image-title=\"Casa dos Oleiros Castelo Branco PAULO MARTINS ARQ&amp;#038;DESIGN\" data-image-description=\"\" data-image-caption=\"\" data-medium-file=\"https:\/\/socialdesignmagazine.com\/mag\/wp-content\/uploads\/2021\/05\/Casa-dos-Oleiros-Castelo-Branco-Paulo-Martins-ARQDESIGN-31-438x283.jpg\" data-large-file=\"https:\/\/socialdesignmagazine.com\/mag\/wp-content\/uploads\/2021\/05\/Casa-dos-Oleiros-Castelo-Branco-Paulo-Martins-ARQDESIGN-31-1024x683.jpg\" src=\"https:\/\/socialdesignmagazine.com\/mag\/wp-content\/uploads\/2021\/05\/Casa-dos-Oleiros-Castelo-Branco-Paulo-Martins-ARQDESIGN-31-1024x683.jpg\" alt=\"Casa dos Oleiros Castelo Branco PAULO MARTINS ARQ&amp;DESIGN\" data-id=\"40392\" data-full-url=\"https:\/\/socialdesignmagazine.com\/mag\/wp-content\/uploads\/2021\/05\/Casa-dos-Oleiros-Castelo-Branco-Paulo-Martins-ARQDESIGN-31.jpg\" data-link=\"https:\/\/socialdesignmagazine.com\/mag\/?attachment_id=40392#content\" class=\"wp-image-40392\" srcset=\"https:\/\/socialdesignmagazine.com\/mag\/wp-content\/uploads\/2021\/05\/Casa-dos-Oleiros-Castelo-Branco-Paulo-Martins-ARQDESIGN-31-1024x683.jpg 1024w, https:\/\/socialdesignmagazine.com\/mag\/wp-content\/uploads\/2021\/05\/Casa-dos-Oleiros-Castelo-Branco-Paulo-Martins-ARQDESIGN-31-100x66.jpg 100w, https:\/\/socialdesignmagazine.com\/mag\/wp-content\/uploads\/2021\/05\/Casa-dos-Oleiros-Castelo-Branco-Paulo-Martins-ARQDESIGN-31-768x512.jpg 768w, https:\/\/socialdesignmagazine.com\/mag\/wp-content\/uploads\/2021\/05\/Casa-dos-Oleiros-Castelo-Branco-Paulo-Martins-ARQDESIGN-31-1536x1024.jpg 1536w, https:\/\/socialdesignmagazine.com\/mag\/wp-content\/uploads\/2021\/05\/Casa-dos-Oleiros-Castelo-Branco-Paulo-Martins-ARQDESIGN-31.jpg 1800w\" sizes=\"auto, (max-width: 1024px) 100vw, 1024px\" \/><\/figure><\/li><li class=\"blocks-gallery-item\"><figure><img loading=\"lazy\" decoding=\"async\" width=\"1024\" height=\"683\" data-attachment-id=\"40395\" data-permalink=\"https:\/\/socialdesignmagazine.com\/mag\/architettura\/dalla-ristrutturazione-di-una-casa-alla-rivitalizzazione-urbana-del-centro-storico-di-castelo-branco-paulo-martins-arqdesign\/attachment\/casa-em-castelo-branco-do-atelier-de-arquitetura-paulo-martins-a-34\/#content\" data-orig-file=\"https:\/\/socialdesignmagazine.com\/mag\/wp-content\/uploads\/2021\/05\/Casa-dos-Oleiros-Castelo-Branco-Paulo-Martins-ARQDESIGN-34.jpg\" data-orig-size=\"1800,1200\" data-comments-opened=\"1\" data-image-meta=\"{&quot;aperture&quot;:&quot;8&quot;,&quot;credit&quot;:&quot;Ivo Tavares Studio&quot;,&quot;camera&quot;:&quot;Canon EOS R&quot;,&quot;caption&quot;:&quot;Casa em Castelo Branco do atelier de arquitetura Paulo Martins Arquitecto com fotografia de arquitetura Ivo Tavares Studio&quot;,&quot;created_timestamp&quot;:&quot;1519130325&quot;,&quot;copyright&quot;:&quot;Ivo Tavares Studio - Fotografia de arquitectura&quot;,&quot;focal_length&quot;:&quot;17&quot;,&quot;iso&quot;:&quot;200&quot;,&quot;shutter_speed&quot;:&quot;0.076923076923077&quot;,&quot;title&quot;:&quot;Casa em Castelo Branco do atelier de arquitetura Paulo Martins A&quot;,&quot;orientation&quot;:&quot;1&quot;}\" data-image-title=\"Casa dos Oleiros Castelo Branco PAULO MARTINS ARQ&amp;#038;DESIGN\" data-image-description=\"\" data-image-caption=\"\" data-medium-file=\"https:\/\/socialdesignmagazine.com\/mag\/wp-content\/uploads\/2021\/05\/Casa-dos-Oleiros-Castelo-Branco-Paulo-Martins-ARQDESIGN-34-438x283.jpg\" data-large-file=\"https:\/\/socialdesignmagazine.com\/mag\/wp-content\/uploads\/2021\/05\/Casa-dos-Oleiros-Castelo-Branco-Paulo-Martins-ARQDESIGN-34-1024x683.jpg\" src=\"https:\/\/socialdesignmagazine.com\/mag\/wp-content\/uploads\/2021\/05\/Casa-dos-Oleiros-Castelo-Branco-Paulo-Martins-ARQDESIGN-34-1024x683.jpg\" alt=\"Casa dos Oleiros Castelo Branco PAULO MARTINS ARQ&amp;DESIGN\" data-id=\"40395\" data-full-url=\"https:\/\/socialdesignmagazine.com\/mag\/wp-content\/uploads\/2021\/05\/Casa-dos-Oleiros-Castelo-Branco-Paulo-Martins-ARQDESIGN-34.jpg\" data-link=\"https:\/\/socialdesignmagazine.com\/mag\/?attachment_id=40395#content\" class=\"wp-image-40395\" srcset=\"https:\/\/socialdesignmagazine.com\/mag\/wp-content\/uploads\/2021\/05\/Casa-dos-Oleiros-Castelo-Branco-Paulo-Martins-ARQDESIGN-34-1024x683.jpg 1024w, https:\/\/socialdesignmagazine.com\/mag\/wp-content\/uploads\/2021\/05\/Casa-dos-Oleiros-Castelo-Branco-Paulo-Martins-ARQDESIGN-34-100x66.jpg 100w, https:\/\/socialdesignmagazine.com\/mag\/wp-content\/uploads\/2021\/05\/Casa-dos-Oleiros-Castelo-Branco-Paulo-Martins-ARQDESIGN-34-768x512.jpg 768w, https:\/\/socialdesignmagazine.com\/mag\/wp-content\/uploads\/2021\/05\/Casa-dos-Oleiros-Castelo-Branco-Paulo-Martins-ARQDESIGN-34-1536x1024.jpg 1536w, https:\/\/socialdesignmagazine.com\/mag\/wp-content\/uploads\/2021\/05\/Casa-dos-Oleiros-Castelo-Branco-Paulo-Martins-ARQDESIGN-34.jpg 1800w\" sizes=\"auto, (max-width: 1024px) 100vw, 1024px\" \/><\/figure><\/li><li class=\"blocks-gallery-item\"><figure><img loading=\"lazy\" decoding=\"async\" width=\"1024\" height=\"1536\" data-attachment-id=\"40396\" data-permalink=\"https:\/\/socialdesignmagazine.com\/mag\/architettura\/dalla-ristrutturazione-di-una-casa-alla-rivitalizzazione-urbana-del-centro-storico-di-castelo-branco-paulo-martins-arqdesign\/attachment\/casa-em-castelo-branco-do-atelier-de-arquitetura-paulo-martins-a-35\/#content\" data-orig-file=\"https:\/\/socialdesignmagazine.com\/mag\/wp-content\/uploads\/2021\/05\/Casa-dos-Oleiros-Castelo-Branco-Paulo-Martins-ARQDESIGN-35.jpg\" data-orig-size=\"1200,1800\" data-comments-opened=\"1\" data-image-meta=\"{&quot;aperture&quot;:&quot;8&quot;,&quot;credit&quot;:&quot;Ivo Tavares Studio&quot;,&quot;camera&quot;:&quot;Canon EOS R&quot;,&quot;caption&quot;:&quot;Casa em Castelo Branco do atelier de arquitetura Paulo Martins Arquitecto com fotografia de arquitetura Ivo Tavares Studio&quot;,&quot;created_timestamp&quot;:&quot;1519130428&quot;,&quot;copyright&quot;:&quot;Ivo Tavares Studio - Fotografia de arquitectura&quot;,&quot;focal_length&quot;:&quot;17&quot;,&quot;iso&quot;:&quot;200&quot;,&quot;shutter_speed&quot;:&quot;0.076923076923077&quot;,&quot;title&quot;:&quot;Casa em Castelo Branco do atelier de arquitetura Paulo Martins A&quot;,&quot;orientation&quot;:&quot;1&quot;}\" data-image-title=\"Casa dos Oleiros Castelo Branco PAULO MARTINS ARQ&amp;#038;DESIGN\" data-image-description=\"\" data-image-caption=\"\" data-medium-file=\"https:\/\/socialdesignmagazine.com\/mag\/wp-content\/uploads\/2021\/05\/Casa-dos-Oleiros-Castelo-Branco-Paulo-Martins-ARQDESIGN-35-438x283.jpg\" data-large-file=\"https:\/\/socialdesignmagazine.com\/mag\/wp-content\/uploads\/2021\/05\/Casa-dos-Oleiros-Castelo-Branco-Paulo-Martins-ARQDESIGN-35-1024x1536.jpg\" src=\"https:\/\/socialdesignmagazine.com\/mag\/wp-content\/uploads\/2021\/05\/Casa-dos-Oleiros-Castelo-Branco-Paulo-Martins-ARQDESIGN-35-1024x1536.jpg\" alt=\"Casa dos Oleiros Castelo Branco PAULO MARTINS ARQ&amp;DESIGN\" data-id=\"40396\" data-full-url=\"https:\/\/socialdesignmagazine.com\/mag\/wp-content\/uploads\/2021\/05\/Casa-dos-Oleiros-Castelo-Branco-Paulo-Martins-ARQDESIGN-35.jpg\" data-link=\"https:\/\/socialdesignmagazine.com\/mag\/?attachment_id=40396#content\" class=\"wp-image-40396\" srcset=\"https:\/\/socialdesignmagazine.com\/mag\/wp-content\/uploads\/2021\/05\/Casa-dos-Oleiros-Castelo-Branco-Paulo-Martins-ARQDESIGN-35-1024x1536.jpg 1024w, https:\/\/socialdesignmagazine.com\/mag\/wp-content\/uploads\/2021\/05\/Casa-dos-Oleiros-Castelo-Branco-Paulo-Martins-ARQDESIGN-35-768x1152.jpg 768w, https:\/\/socialdesignmagazine.com\/mag\/wp-content\/uploads\/2021\/05\/Casa-dos-Oleiros-Castelo-Branco-Paulo-Martins-ARQDESIGN-35.jpg 1200w\" sizes=\"auto, (max-width: 1024px) 100vw, 1024px\" \/><\/figure><\/li><li class=\"blocks-gallery-item\"><figure><img loading=\"lazy\" decoding=\"async\" width=\"1024\" height=\"1536\" data-attachment-id=\"40403\" data-permalink=\"https:\/\/socialdesignmagazine.com\/mag\/architettura\/dalla-ristrutturazione-di-una-casa-alla-rivitalizzazione-urbana-del-centro-storico-di-castelo-branco-paulo-martins-arqdesign\/attachment\/casa-em-castelo-branco-do-atelier-de-arquitetura-paulo-martins-a-42\/#content\" data-orig-file=\"https:\/\/socialdesignmagazine.com\/mag\/wp-content\/uploads\/2021\/05\/Casa-dos-Oleiros-Castelo-Branco-Paulo-Martins-ARQDESIGN-42.jpg\" data-orig-size=\"1200,1800\" data-comments-opened=\"1\" data-image-meta=\"{&quot;aperture&quot;:&quot;8&quot;,&quot;credit&quot;:&quot;Ivo Tavares Studio&quot;,&quot;camera&quot;:&quot;Canon EOS R&quot;,&quot;caption&quot;:&quot;Casa em Castelo Branco do atelier de arquitetura Paulo Martins Arquitecto com fotografia de arquitetura Ivo Tavares Studio&quot;,&quot;created_timestamp&quot;:&quot;1519131431&quot;,&quot;copyright&quot;:&quot;Ivo Tavares Studio - Fotografia de arquitectura&quot;,&quot;focal_length&quot;:&quot;17&quot;,&quot;iso&quot;:&quot;200&quot;,&quot;shutter_speed&quot;:&quot;0.066666666666667&quot;,&quot;title&quot;:&quot;Casa em Castelo Branco do atelier de arquitetura Paulo Martins A&quot;,&quot;orientation&quot;:&quot;1&quot;}\" data-image-title=\"Casa dos Oleiros Castelo Branco PAULO MARTINS ARQ&amp;#038;DESIGN\" data-image-description=\"\" data-image-caption=\"\" data-medium-file=\"https:\/\/socialdesignmagazine.com\/mag\/wp-content\/uploads\/2021\/05\/Casa-dos-Oleiros-Castelo-Branco-Paulo-Martins-ARQDESIGN-42-438x283.jpg\" data-large-file=\"https:\/\/socialdesignmagazine.com\/mag\/wp-content\/uploads\/2021\/05\/Casa-dos-Oleiros-Castelo-Branco-Paulo-Martins-ARQDESIGN-42-1024x1536.jpg\" src=\"https:\/\/socialdesignmagazine.com\/mag\/wp-content\/uploads\/2021\/05\/Casa-dos-Oleiros-Castelo-Branco-Paulo-Martins-ARQDESIGN-42-1024x1536.jpg\" alt=\"Casa dos Oleiros Castelo Branco PAULO MARTINS ARQ&amp;DESIGN\" data-id=\"40403\" data-full-url=\"https:\/\/socialdesignmagazine.com\/mag\/wp-content\/uploads\/2021\/05\/Casa-dos-Oleiros-Castelo-Branco-Paulo-Martins-ARQDESIGN-42.jpg\" data-link=\"https:\/\/socialdesignmagazine.com\/mag\/?attachment_id=40403#content\" class=\"wp-image-40403\" srcset=\"https:\/\/socialdesignmagazine.com\/mag\/wp-content\/uploads\/2021\/05\/Casa-dos-Oleiros-Castelo-Branco-Paulo-Martins-ARQDESIGN-42-1024x1536.jpg 1024w, https:\/\/socialdesignmagazine.com\/mag\/wp-content\/uploads\/2021\/05\/Casa-dos-Oleiros-Castelo-Branco-Paulo-Martins-ARQDESIGN-42-768x1152.jpg 768w, https:\/\/socialdesignmagazine.com\/mag\/wp-content\/uploads\/2021\/05\/Casa-dos-Oleiros-Castelo-Branco-Paulo-Martins-ARQDESIGN-42.jpg 1200w\" sizes=\"auto, (max-width: 1024px) 100vw, 1024px\" \/><\/figure><\/li><li class=\"blocks-gallery-item\"><figure><img loading=\"lazy\" decoding=\"async\" width=\"1024\" height=\"1536\" data-attachment-id=\"40416\" data-permalink=\"https:\/\/socialdesignmagazine.com\/mag\/architettura\/dalla-ristrutturazione-di-una-casa-alla-rivitalizzazione-urbana-del-centro-storico-di-castelo-branco-paulo-martins-arqdesign\/attachment\/casa-em-castelo-branco-do-atelier-de-arquitetura-paulo-martins-a-55\/#content\" data-orig-file=\"https:\/\/socialdesignmagazine.com\/mag\/wp-content\/uploads\/2021\/05\/Casa-dos-Oleiros-Castelo-Branco-Paulo-Martins-ARQDESIGN-55.jpg\" data-orig-size=\"1200,1800\" data-comments-opened=\"1\" data-image-meta=\"{&quot;aperture&quot;:&quot;5&quot;,&quot;credit&quot;:&quot;Ivo Tavares Studio&quot;,&quot;camera&quot;:&quot;Canon EOS R&quot;,&quot;caption&quot;:&quot;Casa em Castelo Branco do atelier de arquitetura Paulo Martins Arquitecto com fotografia de arquitetura Ivo Tavares Studio&quot;,&quot;created_timestamp&quot;:&quot;1519140701&quot;,&quot;copyright&quot;:&quot;Ivo Tavares Studio - Fotografia de arquitectura&quot;,&quot;focal_length&quot;:&quot;24&quot;,&quot;iso&quot;:&quot;320&quot;,&quot;shutter_speed&quot;:&quot;0.066666666666667&quot;,&quot;title&quot;:&quot;Casa em Castelo Branco do atelier de arquitetura Paulo Martins A&quot;,&quot;orientation&quot;:&quot;1&quot;}\" data-image-title=\"Casa dos Oleiros Castelo Branco PAULO MARTINS ARQ&amp;#038;DESIGN\" data-image-description=\"\" data-image-caption=\"\" data-medium-file=\"https:\/\/socialdesignmagazine.com\/mag\/wp-content\/uploads\/2021\/05\/Casa-dos-Oleiros-Castelo-Branco-Paulo-Martins-ARQDESIGN-55-438x283.jpg\" data-large-file=\"https:\/\/socialdesignmagazine.com\/mag\/wp-content\/uploads\/2021\/05\/Casa-dos-Oleiros-Castelo-Branco-Paulo-Martins-ARQDESIGN-55-1024x1536.jpg\" src=\"https:\/\/socialdesignmagazine.com\/mag\/wp-content\/uploads\/2021\/05\/Casa-dos-Oleiros-Castelo-Branco-Paulo-Martins-ARQDESIGN-55-1024x1536.jpg\" alt=\"Casa dos Oleiros Castelo Branco PAULO MARTINS ARQ&amp;DESIGN\" data-id=\"40416\" data-full-url=\"https:\/\/socialdesignmagazine.com\/mag\/wp-content\/uploads\/2021\/05\/Casa-dos-Oleiros-Castelo-Branco-Paulo-Martins-ARQDESIGN-55.jpg\" data-link=\"https:\/\/socialdesignmagazine.com\/mag\/?attachment_id=40416#content\" class=\"wp-image-40416\" srcset=\"https:\/\/socialdesignmagazine.com\/mag\/wp-content\/uploads\/2021\/05\/Casa-dos-Oleiros-Castelo-Branco-Paulo-Martins-ARQDESIGN-55-1024x1536.jpg 1024w, https:\/\/socialdesignmagazine.com\/mag\/wp-content\/uploads\/2021\/05\/Casa-dos-Oleiros-Castelo-Branco-Paulo-Martins-ARQDESIGN-55-768x1152.jpg 768w, https:\/\/socialdesignmagazine.com\/mag\/wp-content\/uploads\/2021\/05\/Casa-dos-Oleiros-Castelo-Branco-Paulo-Martins-ARQDESIGN-55.jpg 1200w\" sizes=\"auto, (max-width: 1024px) 100vw, 1024px\" \/><\/figure><\/li><li class=\"blocks-gallery-item\"><figure><img loading=\"lazy\" decoding=\"async\" width=\"1024\" height=\"1536\" data-attachment-id=\"40393\" data-permalink=\"https:\/\/socialdesignmagazine.com\/mag\/architettura\/dalla-ristrutturazione-di-una-casa-alla-rivitalizzazione-urbana-del-centro-storico-di-castelo-branco-paulo-martins-arqdesign\/attachment\/casa-em-castelo-branco-do-atelier-de-arquitetura-paulo-martins-a-32\/#content\" data-orig-file=\"https:\/\/socialdesignmagazine.com\/mag\/wp-content\/uploads\/2021\/05\/Casa-dos-Oleiros-Castelo-Branco-Paulo-Martins-ARQDESIGN-32.jpg\" data-orig-size=\"1200,1800\" data-comments-opened=\"1\" data-image-meta=\"{&quot;aperture&quot;:&quot;8&quot;,&quot;credit&quot;:&quot;Ivo Tavares Studio&quot;,&quot;camera&quot;:&quot;Canon EOS R&quot;,&quot;caption&quot;:&quot;Casa em Castelo Branco do atelier de arquitetura Paulo Martins Arquitecto com fotografia de arquitetura Ivo Tavares Studio&quot;,&quot;created_timestamp&quot;:&quot;1519129830&quot;,&quot;copyright&quot;:&quot;Ivo Tavares Studio - Fotografia de arquitectura&quot;,&quot;focal_length&quot;:&quot;17&quot;,&quot;iso&quot;:&quot;200&quot;,&quot;shutter_speed&quot;:&quot;0.25&quot;,&quot;title&quot;:&quot;Casa em Castelo Branco do atelier de arquitetura Paulo Martins A&quot;,&quot;orientation&quot;:&quot;1&quot;}\" data-image-title=\"Casa dos Oleiros Castelo Branco PAULO MARTINS ARQ&amp;#038;DESIGN\" data-image-description=\"\" data-image-caption=\"\" data-medium-file=\"https:\/\/socialdesignmagazine.com\/mag\/wp-content\/uploads\/2021\/05\/Casa-dos-Oleiros-Castelo-Branco-Paulo-Martins-ARQDESIGN-32-438x283.jpg\" data-large-file=\"https:\/\/socialdesignmagazine.com\/mag\/wp-content\/uploads\/2021\/05\/Casa-dos-Oleiros-Castelo-Branco-Paulo-Martins-ARQDESIGN-32-1024x1536.jpg\" src=\"https:\/\/socialdesignmagazine.com\/mag\/wp-content\/uploads\/2021\/05\/Casa-dos-Oleiros-Castelo-Branco-Paulo-Martins-ARQDESIGN-32-1024x1536.jpg\" alt=\"Casa dos Oleiros Castelo Branco PAULO MARTINS ARQ&amp;DESIGN\" data-id=\"40393\" data-full-url=\"https:\/\/socialdesignmagazine.com\/mag\/wp-content\/uploads\/2021\/05\/Casa-dos-Oleiros-Castelo-Branco-Paulo-Martins-ARQDESIGN-32.jpg\" data-link=\"https:\/\/socialdesignmagazine.com\/mag\/?attachment_id=40393#content\" class=\"wp-image-40393\" srcset=\"https:\/\/socialdesignmagazine.com\/mag\/wp-content\/uploads\/2021\/05\/Casa-dos-Oleiros-Castelo-Branco-Paulo-Martins-ARQDESIGN-32-1024x1536.jpg 1024w, https:\/\/socialdesignmagazine.com\/mag\/wp-content\/uploads\/2021\/05\/Casa-dos-Oleiros-Castelo-Branco-Paulo-Martins-ARQDESIGN-32-768x1152.jpg 768w, https:\/\/socialdesignmagazine.com\/mag\/wp-content\/uploads\/2021\/05\/Casa-dos-Oleiros-Castelo-Branco-Paulo-Martins-ARQDESIGN-32.jpg 1200w\" sizes=\"auto, (max-width: 1024px) 100vw, 1024px\" \/><\/figure><\/li><li class=\"blocks-gallery-item\"><figure><img loading=\"lazy\" decoding=\"async\" width=\"1024\" height=\"1536\" data-attachment-id=\"40415\" data-permalink=\"https:\/\/socialdesignmagazine.com\/mag\/architettura\/dalla-ristrutturazione-di-una-casa-alla-rivitalizzazione-urbana-del-centro-storico-di-castelo-branco-paulo-martins-arqdesign\/attachment\/casa-em-castelo-branco-do-atelier-de-arquitetura-paulo-martins-a-54\/#content\" data-orig-file=\"https:\/\/socialdesignmagazine.com\/mag\/wp-content\/uploads\/2021\/05\/Casa-dos-Oleiros-Castelo-Branco-Paulo-Martins-ARQDESIGN-54.jpg\" data-orig-size=\"1200,1800\" data-comments-opened=\"1\" data-image-meta=\"{&quot;aperture&quot;:&quot;5&quot;,&quot;credit&quot;:&quot;Ivo Tavares Studio&quot;,&quot;camera&quot;:&quot;Canon EOS R&quot;,&quot;caption&quot;:&quot;Casa em Castelo Branco do atelier de arquitetura Paulo Martins Arquitecto com fotografia de arquitetura Ivo Tavares Studio&quot;,&quot;created_timestamp&quot;:&quot;1519140543&quot;,&quot;copyright&quot;:&quot;Ivo Tavares Studio - Fotografia de arquitectura&quot;,&quot;focal_length&quot;:&quot;58&quot;,&quot;iso&quot;:&quot;320&quot;,&quot;shutter_speed&quot;:&quot;0.066666666666667&quot;,&quot;title&quot;:&quot;Casa em Castelo Branco do atelier de arquitetura Paulo Martins A&quot;,&quot;orientation&quot;:&quot;1&quot;}\" data-image-title=\"Casa dos Oleiros Castelo Branco PAULO MARTINS ARQ&amp;#038;DESIGN\" data-image-description=\"\" data-image-caption=\"\" data-medium-file=\"https:\/\/socialdesignmagazine.com\/mag\/wp-content\/uploads\/2021\/05\/Casa-dos-Oleiros-Castelo-Branco-Paulo-Martins-ARQDESIGN-54-438x283.jpg\" data-large-file=\"https:\/\/socialdesignmagazine.com\/mag\/wp-content\/uploads\/2021\/05\/Casa-dos-Oleiros-Castelo-Branco-Paulo-Martins-ARQDESIGN-54-1024x1536.jpg\" src=\"https:\/\/socialdesignmagazine.com\/mag\/wp-content\/uploads\/2021\/05\/Casa-dos-Oleiros-Castelo-Branco-Paulo-Martins-ARQDESIGN-54-1024x1536.jpg\" alt=\"Casa dos Oleiros Castelo Branco PAULO MARTINS ARQ&amp;DESIGN\" data-id=\"40415\" data-full-url=\"https:\/\/socialdesignmagazine.com\/mag\/wp-content\/uploads\/2021\/05\/Casa-dos-Oleiros-Castelo-Branco-Paulo-Martins-ARQDESIGN-54.jpg\" data-link=\"https:\/\/socialdesignmagazine.com\/mag\/?attachment_id=40415#content\" class=\"wp-image-40415\" srcset=\"https:\/\/socialdesignmagazine.com\/mag\/wp-content\/uploads\/2021\/05\/Casa-dos-Oleiros-Castelo-Branco-Paulo-Martins-ARQDESIGN-54-1024x1536.jpg 1024w, https:\/\/socialdesignmagazine.com\/mag\/wp-content\/uploads\/2021\/05\/Casa-dos-Oleiros-Castelo-Branco-Paulo-Martins-ARQDESIGN-54-768x1152.jpg 768w, https:\/\/socialdesignmagazine.com\/mag\/wp-content\/uploads\/2021\/05\/Casa-dos-Oleiros-Castelo-Branco-Paulo-Martins-ARQDESIGN-54.jpg 1200w\" sizes=\"auto, (max-width: 1024px) 100vw, 1024px\" \/><\/figure><\/li><li class=\"blocks-gallery-item\"><figure><img loading=\"lazy\" decoding=\"async\" width=\"1024\" height=\"1014\" data-attachment-id=\"40400\" data-permalink=\"https:\/\/socialdesignmagazine.com\/mag\/architettura\/dalla-ristrutturazione-di-una-casa-alla-rivitalizzazione-urbana-del-centro-storico-di-castelo-branco-paulo-martins-arqdesign\/attachment\/casa-em-castelo-branco-do-atelier-de-arquitetura-paulo-martins-a-39\/#content\" data-orig-file=\"https:\/\/socialdesignmagazine.com\/mag\/wp-content\/uploads\/2021\/05\/Casa-dos-Oleiros-Castelo-Branco-Paulo-Martins-ARQDESIGN-39.jpg\" data-orig-size=\"1800,1783\" data-comments-opened=\"1\" data-image-meta=\"{&quot;aperture&quot;:&quot;8&quot;,&quot;credit&quot;:&quot;Ivo Tavares Studio&quot;,&quot;camera&quot;:&quot;Canon EOS R&quot;,&quot;caption&quot;:&quot;Casa em Castelo Branco do atelier de arquitetura Paulo Martins Arquitecto com fotografia de arquitetura Ivo Tavares Studio&quot;,&quot;created_timestamp&quot;:&quot;1519131039&quot;,&quot;copyright&quot;:&quot;Ivo Tavares Studio - Fotografia de arquitectura&quot;,&quot;focal_length&quot;:&quot;17&quot;,&quot;iso&quot;:&quot;200&quot;,&quot;shutter_speed&quot;:&quot;0.16666666666667&quot;,&quot;title&quot;:&quot;Casa em Castelo Branco do atelier de arquitetura Paulo Martins A&quot;,&quot;orientation&quot;:&quot;1&quot;}\" data-image-title=\"Casa dos Oleiros Castelo Branco PAULO MARTINS ARQ&amp;#038;DESIGN\" data-image-description=\"\" data-image-caption=\"\" data-medium-file=\"https:\/\/socialdesignmagazine.com\/mag\/wp-content\/uploads\/2021\/05\/Casa-dos-Oleiros-Castelo-Branco-Paulo-Martins-ARQDESIGN-39-438x283.jpg\" data-large-file=\"https:\/\/socialdesignmagazine.com\/mag\/wp-content\/uploads\/2021\/05\/Casa-dos-Oleiros-Castelo-Branco-Paulo-Martins-ARQDESIGN-39-1024x1014.jpg\" src=\"https:\/\/socialdesignmagazine.com\/mag\/wp-content\/uploads\/2021\/05\/Casa-dos-Oleiros-Castelo-Branco-Paulo-Martins-ARQDESIGN-39-1024x1014.jpg\" alt=\"Casa dos Oleiros Castelo Branco PAULO MARTINS ARQ&amp;DESIGN\" data-id=\"40400\" data-full-url=\"https:\/\/socialdesignmagazine.com\/mag\/wp-content\/uploads\/2021\/05\/Casa-dos-Oleiros-Castelo-Branco-Paulo-Martins-ARQDESIGN-39.jpg\" data-link=\"https:\/\/socialdesignmagazine.com\/mag\/?attachment_id=40400#content\" class=\"wp-image-40400\" srcset=\"https:\/\/socialdesignmagazine.com\/mag\/wp-content\/uploads\/2021\/05\/Casa-dos-Oleiros-Castelo-Branco-Paulo-Martins-ARQDESIGN-39-1024x1014.jpg 1024w, https:\/\/socialdesignmagazine.com\/mag\/wp-content\/uploads\/2021\/05\/Casa-dos-Oleiros-Castelo-Branco-Paulo-Martins-ARQDESIGN-39-768x761.jpg 768w, https:\/\/socialdesignmagazine.com\/mag\/wp-content\/uploads\/2021\/05\/Casa-dos-Oleiros-Castelo-Branco-Paulo-Martins-ARQDESIGN-39-1536x1521.jpg 1536w, https:\/\/socialdesignmagazine.com\/mag\/wp-content\/uploads\/2021\/05\/Casa-dos-Oleiros-Castelo-Branco-Paulo-Martins-ARQDESIGN-39.jpg 1800w\" sizes=\"auto, (max-width: 1024px) 100vw, 1024px\" \/><\/figure><\/li><li class=\"blocks-gallery-item\"><figure><img loading=\"lazy\" decoding=\"async\" width=\"1024\" height=\"915\" data-attachment-id=\"40399\" data-permalink=\"https:\/\/socialdesignmagazine.com\/mag\/architettura\/dalla-ristrutturazione-di-una-casa-alla-rivitalizzazione-urbana-del-centro-storico-di-castelo-branco-paulo-martins-arqdesign\/attachment\/casa-em-castelo-branco-do-atelier-de-arquitetura-paulo-martins-a-38\/#content\" data-orig-file=\"https:\/\/socialdesignmagazine.com\/mag\/wp-content\/uploads\/2021\/05\/Casa-dos-Oleiros-Castelo-Branco-Paulo-Martins-ARQDESIGN-38.jpg\" data-orig-size=\"1800,1609\" data-comments-opened=\"1\" data-image-meta=\"{&quot;aperture&quot;:&quot;8&quot;,&quot;credit&quot;:&quot;Ivo Tavares Studio&quot;,&quot;camera&quot;:&quot;Canon EOS R&quot;,&quot;caption&quot;:&quot;Casa em Castelo Branco do atelier de arquitetura Paulo Martins Arquitecto com fotografia de arquitetura Ivo Tavares Studio&quot;,&quot;created_timestamp&quot;:&quot;1519130965&quot;,&quot;copyright&quot;:&quot;Ivo Tavares Studio - Fotografia de arquitectura&quot;,&quot;focal_length&quot;:&quot;17&quot;,&quot;iso&quot;:&quot;200&quot;,&quot;shutter_speed&quot;:&quot;0.16666666666667&quot;,&quot;title&quot;:&quot;Casa em Castelo Branco do atelier de arquitetura Paulo Martins A&quot;,&quot;orientation&quot;:&quot;1&quot;}\" data-image-title=\"Casa dos Oleiros Castelo Branco PAULO MARTINS ARQ&amp;#038;DESIGN\" data-image-description=\"\" data-image-caption=\"\" data-medium-file=\"https:\/\/socialdesignmagazine.com\/mag\/wp-content\/uploads\/2021\/05\/Casa-dos-Oleiros-Castelo-Branco-Paulo-Martins-ARQDESIGN-38-438x283.jpg\" data-large-file=\"https:\/\/socialdesignmagazine.com\/mag\/wp-content\/uploads\/2021\/05\/Casa-dos-Oleiros-Castelo-Branco-Paulo-Martins-ARQDESIGN-38-1024x915.jpg\" src=\"https:\/\/socialdesignmagazine.com\/mag\/wp-content\/uploads\/2021\/05\/Casa-dos-Oleiros-Castelo-Branco-Paulo-Martins-ARQDESIGN-38-1024x915.jpg\" alt=\"Casa dos Oleiros Castelo Branco PAULO MARTINS ARQ&amp;DESIGN\" data-id=\"40399\" data-full-url=\"https:\/\/socialdesignmagazine.com\/mag\/wp-content\/uploads\/2021\/05\/Casa-dos-Oleiros-Castelo-Branco-Paulo-Martins-ARQDESIGN-38.jpg\" data-link=\"https:\/\/socialdesignmagazine.com\/mag\/?attachment_id=40399#content\" class=\"wp-image-40399\" srcset=\"https:\/\/socialdesignmagazine.com\/mag\/wp-content\/uploads\/2021\/05\/Casa-dos-Oleiros-Castelo-Branco-Paulo-Martins-ARQDESIGN-38-1024x915.jpg 1024w, https:\/\/socialdesignmagazine.com\/mag\/wp-content\/uploads\/2021\/05\/Casa-dos-Oleiros-Castelo-Branco-Paulo-Martins-ARQDESIGN-38-768x687.jpg 768w, https:\/\/socialdesignmagazine.com\/mag\/wp-content\/uploads\/2021\/05\/Casa-dos-Oleiros-Castelo-Branco-Paulo-Martins-ARQDESIGN-38-1536x1373.jpg 1536w, https:\/\/socialdesignmagazine.com\/mag\/wp-content\/uploads\/2021\/05\/Casa-dos-Oleiros-Castelo-Branco-Paulo-Martins-ARQDESIGN-38.jpg 1800w\" sizes=\"auto, (max-width: 1024px) 100vw, 1024px\" \/><\/figure><\/li><li class=\"blocks-gallery-item\"><figure><img loading=\"lazy\" decoding=\"async\" width=\"1024\" height=\"1536\" data-attachment-id=\"40401\" data-permalink=\"https:\/\/socialdesignmagazine.com\/mag\/architettura\/dalla-ristrutturazione-di-una-casa-alla-rivitalizzazione-urbana-del-centro-storico-di-castelo-branco-paulo-martins-arqdesign\/attachment\/casa-em-castelo-branco-do-atelier-de-arquitetura-paulo-martins-a-40\/#content\" data-orig-file=\"https:\/\/socialdesignmagazine.com\/mag\/wp-content\/uploads\/2021\/05\/Casa-dos-Oleiros-Castelo-Branco-Paulo-Martins-ARQDESIGN-40.jpg\" data-orig-size=\"1200,1800\" data-comments-opened=\"1\" data-image-meta=\"{&quot;aperture&quot;:&quot;8&quot;,&quot;credit&quot;:&quot;Ivo Tavares Studio&quot;,&quot;camera&quot;:&quot;Canon EOS R&quot;,&quot;caption&quot;:&quot;Casa em Castelo Branco do atelier de arquitetura Paulo Martins Arquitecto com fotografia de arquitetura Ivo Tavares Studio&quot;,&quot;created_timestamp&quot;:&quot;1519131131&quot;,&quot;copyright&quot;:&quot;Ivo Tavares Studio - Fotografia de arquitectura&quot;,&quot;focal_length&quot;:&quot;17&quot;,&quot;iso&quot;:&quot;200&quot;,&quot;shutter_speed&quot;:&quot;0.2&quot;,&quot;title&quot;:&quot;Casa em Castelo Branco do atelier de arquitetura Paulo Martins A&quot;,&quot;orientation&quot;:&quot;1&quot;}\" data-image-title=\"Casa dos Oleiros Castelo Branco PAULO MARTINS ARQ&amp;#038;DESIGN\" data-image-description=\"\" data-image-caption=\"\" data-medium-file=\"https:\/\/socialdesignmagazine.com\/mag\/wp-content\/uploads\/2021\/05\/Casa-dos-Oleiros-Castelo-Branco-Paulo-Martins-ARQDESIGN-40-438x283.jpg\" data-large-file=\"https:\/\/socialdesignmagazine.com\/mag\/wp-content\/uploads\/2021\/05\/Casa-dos-Oleiros-Castelo-Branco-Paulo-Martins-ARQDESIGN-40-1024x1536.jpg\" src=\"https:\/\/socialdesignmagazine.com\/mag\/wp-content\/uploads\/2021\/05\/Casa-dos-Oleiros-Castelo-Branco-Paulo-Martins-ARQDESIGN-40-1024x1536.jpg\" alt=\"Casa dos Oleiros Castelo Branco PAULO MARTINS ARQ&amp;DESIGN\" data-id=\"40401\" data-full-url=\"https:\/\/socialdesignmagazine.com\/mag\/wp-content\/uploads\/2021\/05\/Casa-dos-Oleiros-Castelo-Branco-Paulo-Martins-ARQDESIGN-40.jpg\" data-link=\"https:\/\/socialdesignmagazine.com\/mag\/?attachment_id=40401#content\" class=\"wp-image-40401\" srcset=\"https:\/\/socialdesignmagazine.com\/mag\/wp-content\/uploads\/2021\/05\/Casa-dos-Oleiros-Castelo-Branco-Paulo-Martins-ARQDESIGN-40-1024x1536.jpg 1024w, https:\/\/socialdesignmagazine.com\/mag\/wp-content\/uploads\/2021\/05\/Casa-dos-Oleiros-Castelo-Branco-Paulo-Martins-ARQDESIGN-40-768x1152.jpg 768w, https:\/\/socialdesignmagazine.com\/mag\/wp-content\/uploads\/2021\/05\/Casa-dos-Oleiros-Castelo-Branco-Paulo-Martins-ARQDESIGN-40.jpg 1200w\" sizes=\"auto, (max-width: 1024px) 100vw, 1024px\" \/><\/figure><\/li><li class=\"blocks-gallery-item\"><figure><img loading=\"lazy\" decoding=\"async\" width=\"1024\" height=\"1536\" data-attachment-id=\"40405\" data-permalink=\"https:\/\/socialdesignmagazine.com\/mag\/architettura\/dalla-ristrutturazione-di-una-casa-alla-rivitalizzazione-urbana-del-centro-storico-di-castelo-branco-paulo-martins-arqdesign\/attachment\/casa-em-castelo-branco-do-atelier-de-arquitetura-paulo-martins-a-44\/#content\" data-orig-file=\"https:\/\/socialdesignmagazine.com\/mag\/wp-content\/uploads\/2021\/05\/Casa-dos-Oleiros-Castelo-Branco-Paulo-Martins-ARQDESIGN-44.jpg\" data-orig-size=\"1200,1800\" data-comments-opened=\"1\" data-image-meta=\"{&quot;aperture&quot;:&quot;8&quot;,&quot;credit&quot;:&quot;Ivo Tavares Studio&quot;,&quot;camera&quot;:&quot;Canon EOS R&quot;,&quot;caption&quot;:&quot;Casa em Castelo Branco do atelier de arquitetura Paulo Martins Arquitecto com fotografia de arquitetura Ivo Tavares Studio&quot;,&quot;created_timestamp&quot;:&quot;1519131637&quot;,&quot;copyright&quot;:&quot;Ivo Tavares Studio - Fotografia de arquitectura&quot;,&quot;focal_length&quot;:&quot;45&quot;,&quot;iso&quot;:&quot;200&quot;,&quot;shutter_speed&quot;:&quot;0.05&quot;,&quot;title&quot;:&quot;Casa em Castelo Branco do atelier de arquitetura Paulo Martins A&quot;,&quot;orientation&quot;:&quot;1&quot;}\" data-image-title=\"Casa dos Oleiros Castelo Branco PAULO MARTINS ARQ&amp;#038;DESIGN\" data-image-description=\"\" data-image-caption=\"\" data-medium-file=\"https:\/\/socialdesignmagazine.com\/mag\/wp-content\/uploads\/2021\/05\/Casa-dos-Oleiros-Castelo-Branco-Paulo-Martins-ARQDESIGN-44-438x283.jpg\" data-large-file=\"https:\/\/socialdesignmagazine.com\/mag\/wp-content\/uploads\/2021\/05\/Casa-dos-Oleiros-Castelo-Branco-Paulo-Martins-ARQDESIGN-44-1024x1536.jpg\" src=\"https:\/\/socialdesignmagazine.com\/mag\/wp-content\/uploads\/2021\/05\/Casa-dos-Oleiros-Castelo-Branco-Paulo-Martins-ARQDESIGN-44-1024x1536.jpg\" alt=\"Casa dos Oleiros Castelo Branco PAULO MARTINS ARQ&amp;DESIGN\" data-id=\"40405\" data-full-url=\"https:\/\/socialdesignmagazine.com\/mag\/wp-content\/uploads\/2021\/05\/Casa-dos-Oleiros-Castelo-Branco-Paulo-Martins-ARQDESIGN-44.jpg\" data-link=\"https:\/\/socialdesignmagazine.com\/mag\/?attachment_id=40405#content\" class=\"wp-image-40405\" srcset=\"https:\/\/socialdesignmagazine.com\/mag\/wp-content\/uploads\/2021\/05\/Casa-dos-Oleiros-Castelo-Branco-Paulo-Martins-ARQDESIGN-44-1024x1536.jpg 1024w, https:\/\/socialdesignmagazine.com\/mag\/wp-content\/uploads\/2021\/05\/Casa-dos-Oleiros-Castelo-Branco-Paulo-Martins-ARQDESIGN-44-768x1152.jpg 768w, https:\/\/socialdesignmagazine.com\/mag\/wp-content\/uploads\/2021\/05\/Casa-dos-Oleiros-Castelo-Branco-Paulo-Martins-ARQDESIGN-44.jpg 1200w\" sizes=\"auto, (max-width: 1024px) 100vw, 1024px\" \/><\/figure><\/li><li class=\"blocks-gallery-item\"><figure><img loading=\"lazy\" decoding=\"async\" width=\"1024\" height=\"1069\" data-attachment-id=\"40394\" data-permalink=\"https:\/\/socialdesignmagazine.com\/mag\/architettura\/dalla-ristrutturazione-di-una-casa-alla-rivitalizzazione-urbana-del-centro-storico-di-castelo-branco-paulo-martins-arqdesign\/attachment\/casa-em-castelo-branco-do-atelier-de-arquitetura-paulo-martins-a-33\/#content\" data-orig-file=\"https:\/\/socialdesignmagazine.com\/mag\/wp-content\/uploads\/2021\/05\/Casa-dos-Oleiros-Castelo-Branco-Paulo-Martins-ARQDESIGN-33.jpg\" data-orig-size=\"1725,1800\" data-comments-opened=\"1\" data-image-meta=\"{&quot;aperture&quot;:&quot;8&quot;,&quot;credit&quot;:&quot;Ivo Tavares Studio&quot;,&quot;camera&quot;:&quot;Canon EOS R&quot;,&quot;caption&quot;:&quot;Casa em Castelo Branco do atelier de arquitetura Paulo Martins Arquitecto com fotografia de arquitetura Ivo Tavares Studio&quot;,&quot;created_timestamp&quot;:&quot;1519130233&quot;,&quot;copyright&quot;:&quot;Ivo Tavares Studio - Fotografia de arquitectura&quot;,&quot;focal_length&quot;:&quot;17&quot;,&quot;iso&quot;:&quot;200&quot;,&quot;shutter_speed&quot;:&quot;0.066666666666667&quot;,&quot;title&quot;:&quot;Casa em Castelo Branco do atelier de arquitetura Paulo Martins A&quot;,&quot;orientation&quot;:&quot;1&quot;}\" data-image-title=\"Casa dos Oleiros Castelo Branco PAULO MARTINS ARQ&amp;#038;DESIGN\" data-image-description=\"\" data-image-caption=\"\" data-medium-file=\"https:\/\/socialdesignmagazine.com\/mag\/wp-content\/uploads\/2021\/05\/Casa-dos-Oleiros-Castelo-Branco-Paulo-Martins-ARQDESIGN-33-438x283.jpg\" data-large-file=\"https:\/\/socialdesignmagazine.com\/mag\/wp-content\/uploads\/2021\/05\/Casa-dos-Oleiros-Castelo-Branco-Paulo-Martins-ARQDESIGN-33-1024x1069.jpg\" src=\"https:\/\/socialdesignmagazine.com\/mag\/wp-content\/uploads\/2021\/05\/Casa-dos-Oleiros-Castelo-Branco-Paulo-Martins-ARQDESIGN-33-1024x1069.jpg\" alt=\"Casa dos Oleiros Castelo Branco PAULO MARTINS ARQ&amp;DESIGN\" data-id=\"40394\" data-full-url=\"https:\/\/socialdesignmagazine.com\/mag\/wp-content\/uploads\/2021\/05\/Casa-dos-Oleiros-Castelo-Branco-Paulo-Martins-ARQDESIGN-33.jpg\" data-link=\"https:\/\/socialdesignmagazine.com\/mag\/?attachment_id=40394#content\" class=\"wp-image-40394\" srcset=\"https:\/\/socialdesignmagazine.com\/mag\/wp-content\/uploads\/2021\/05\/Casa-dos-Oleiros-Castelo-Branco-Paulo-Martins-ARQDESIGN-33-1024x1069.jpg 1024w, https:\/\/socialdesignmagazine.com\/mag\/wp-content\/uploads\/2021\/05\/Casa-dos-Oleiros-Castelo-Branco-Paulo-Martins-ARQDESIGN-33-768x801.jpg 768w, https:\/\/socialdesignmagazine.com\/mag\/wp-content\/uploads\/2021\/05\/Casa-dos-Oleiros-Castelo-Branco-Paulo-Martins-ARQDESIGN-33-1472x1536.jpg 1472w, https:\/\/socialdesignmagazine.com\/mag\/wp-content\/uploads\/2021\/05\/Casa-dos-Oleiros-Castelo-Branco-Paulo-Martins-ARQDESIGN-33.jpg 1725w\" sizes=\"auto, (max-width: 1024px) 100vw, 1024px\" \/><\/figure><\/li><li class=\"blocks-gallery-item\"><figure><img loading=\"lazy\" decoding=\"async\" width=\"1024\" height=\"1536\" data-attachment-id=\"40384\" data-permalink=\"https:\/\/socialdesignmagazine.com\/mag\/architettura\/dalla-ristrutturazione-di-una-casa-alla-rivitalizzazione-urbana-del-centro-storico-di-castelo-branco-paulo-martins-arqdesign\/attachment\/casa-em-castelo-branco-do-atelier-de-arquitetura-paulo-martins-a-24\/#content\" data-orig-file=\"https:\/\/socialdesignmagazine.com\/mag\/wp-content\/uploads\/2021\/05\/Casa-dos-Oleiros-Castelo-Branco-Paulo-Martins-ARQDESIGN-24.jpg\" data-orig-size=\"1200,1800\" data-comments-opened=\"1\" data-image-meta=\"{&quot;aperture&quot;:&quot;8&quot;,&quot;credit&quot;:&quot;Ivo Tavares Studio&quot;,&quot;camera&quot;:&quot;Canon EOS R&quot;,&quot;caption&quot;:&quot;Casa em Castelo Branco do atelier de arquitetura Paulo Martins Arquitecto com fotografia de arquitetura Ivo Tavares Studio&quot;,&quot;created_timestamp&quot;:&quot;1519128014&quot;,&quot;copyright&quot;:&quot;Ivo Tavares Studio - Fotografia de arquitectura&quot;,&quot;focal_length&quot;:&quot;17&quot;,&quot;iso&quot;:&quot;200&quot;,&quot;shutter_speed&quot;:&quot;0.125&quot;,&quot;title&quot;:&quot;Casa em Castelo Branco do atelier de arquitetura Paulo Martins A&quot;,&quot;orientation&quot;:&quot;1&quot;}\" data-image-title=\"Casa dos Oleiros Castelo Branco PAULO MARTINS ARQ&amp;#038;DESIGN\" data-image-description=\"\" data-image-caption=\"\" data-medium-file=\"https:\/\/socialdesignmagazine.com\/mag\/wp-content\/uploads\/2021\/05\/Casa-dos-Oleiros-Castelo-Branco-Paulo-Martins-ARQDESIGN-24-438x283.jpg\" data-large-file=\"https:\/\/socialdesignmagazine.com\/mag\/wp-content\/uploads\/2021\/05\/Casa-dos-Oleiros-Castelo-Branco-Paulo-Martins-ARQDESIGN-24-1024x1536.jpg\" src=\"https:\/\/socialdesignmagazine.com\/mag\/wp-content\/uploads\/2021\/05\/Casa-dos-Oleiros-Castelo-Branco-Paulo-Martins-ARQDESIGN-24-1024x1536.jpg\" alt=\"Casa dos Oleiros Castelo Branco PAULO MARTINS ARQ&amp;DESIGN\" data-id=\"40384\" data-full-url=\"https:\/\/socialdesignmagazine.com\/mag\/wp-content\/uploads\/2021\/05\/Casa-dos-Oleiros-Castelo-Branco-Paulo-Martins-ARQDESIGN-24.jpg\" data-link=\"https:\/\/socialdesignmagazine.com\/mag\/?attachment_id=40384#content\" class=\"wp-image-40384\" srcset=\"https:\/\/socialdesignmagazine.com\/mag\/wp-content\/uploads\/2021\/05\/Casa-dos-Oleiros-Castelo-Branco-Paulo-Martins-ARQDESIGN-24-1024x1536.jpg 1024w, https:\/\/socialdesignmagazine.com\/mag\/wp-content\/uploads\/2021\/05\/Casa-dos-Oleiros-Castelo-Branco-Paulo-Martins-ARQDESIGN-24-768x1152.jpg 768w, https:\/\/socialdesignmagazine.com\/mag\/wp-content\/uploads\/2021\/05\/Casa-dos-Oleiros-Castelo-Branco-Paulo-Martins-ARQDESIGN-24.jpg 1200w\" sizes=\"auto, (max-width: 1024px) 100vw, 1024px\" \/><\/figure><\/li><li class=\"blocks-gallery-item\"><figure><img loading=\"lazy\" decoding=\"async\" width=\"1024\" height=\"1536\" data-attachment-id=\"40381\" data-permalink=\"https:\/\/socialdesignmagazine.com\/mag\/architettura\/dalla-ristrutturazione-di-una-casa-alla-rivitalizzazione-urbana-del-centro-storico-di-castelo-branco-paulo-martins-arqdesign\/attachment\/casa-em-castelo-branco-do-atelier-de-arquitetura-paulo-martins-a-22\/#content\" data-orig-file=\"https:\/\/socialdesignmagazine.com\/mag\/wp-content\/uploads\/2021\/05\/Casa-dos-Oleiros-Castelo-Branco-Paulo-Martins-ARQDESIGN-22.jpg\" data-orig-size=\"1200,1800\" data-comments-opened=\"1\" data-image-meta=\"{&quot;aperture&quot;:&quot;8&quot;,&quot;credit&quot;:&quot;Ivo Tavares Studio&quot;,&quot;camera&quot;:&quot;Canon EOS R&quot;,&quot;caption&quot;:&quot;Casa em Castelo Branco do atelier de arquitetura Paulo Martins Arquitecto com fotografia de arquitetura Ivo Tavares Studio&quot;,&quot;created_timestamp&quot;:&quot;1519127438&quot;,&quot;copyright&quot;:&quot;Ivo Tavares Studio - Fotografia de arquitectura&quot;,&quot;focal_length&quot;:&quot;17&quot;,&quot;iso&quot;:&quot;200&quot;,&quot;shutter_speed&quot;:&quot;0.2&quot;,&quot;title&quot;:&quot;Casa em Castelo Branco do atelier de arquitetura Paulo Martins A&quot;,&quot;orientation&quot;:&quot;1&quot;}\" data-image-title=\"Casa dos Oleiros Castelo Branco PAULO MARTINS ARQ&amp;#038;DESIGN\" data-image-description=\"\" data-image-caption=\"\" data-medium-file=\"https:\/\/socialdesignmagazine.com\/mag\/wp-content\/uploads\/2021\/05\/Casa-dos-Oleiros-Castelo-Branco-Paulo-Martins-ARQDESIGN-22-438x283.jpg\" data-large-file=\"https:\/\/socialdesignmagazine.com\/mag\/wp-content\/uploads\/2021\/05\/Casa-dos-Oleiros-Castelo-Branco-Paulo-Martins-ARQDESIGN-22-1024x1536.jpg\" src=\"https:\/\/socialdesignmagazine.com\/mag\/wp-content\/uploads\/2021\/05\/Casa-dos-Oleiros-Castelo-Branco-Paulo-Martins-ARQDESIGN-22-1024x1536.jpg\" alt=\"Casa dos Oleiros Castelo Branco PAULO MARTINS ARQ&amp;DESIGN\" data-id=\"40381\" data-full-url=\"https:\/\/socialdesignmagazine.com\/mag\/wp-content\/uploads\/2021\/05\/Casa-dos-Oleiros-Castelo-Branco-Paulo-Martins-ARQDESIGN-22.jpg\" data-link=\"https:\/\/socialdesignmagazine.com\/mag\/?attachment_id=40381#content\" class=\"wp-image-40381\" srcset=\"https:\/\/socialdesignmagazine.com\/mag\/wp-content\/uploads\/2021\/05\/Casa-dos-Oleiros-Castelo-Branco-Paulo-Martins-ARQDESIGN-22-1024x1536.jpg 1024w, https:\/\/socialdesignmagazine.com\/mag\/wp-content\/uploads\/2021\/05\/Casa-dos-Oleiros-Castelo-Branco-Paulo-Martins-ARQDESIGN-22-768x1152.jpg 768w, https:\/\/socialdesignmagazine.com\/mag\/wp-content\/uploads\/2021\/05\/Casa-dos-Oleiros-Castelo-Branco-Paulo-Martins-ARQDESIGN-22.jpg 1200w\" sizes=\"auto, (max-width: 1024px) 100vw, 1024px\" \/><\/figure><\/li><li class=\"blocks-gallery-item\"><figure><img loading=\"lazy\" decoding=\"async\" width=\"1024\" height=\"1197\" data-attachment-id=\"40383\" data-permalink=\"https:\/\/socialdesignmagazine.com\/mag\/architettura\/dalla-ristrutturazione-di-una-casa-alla-rivitalizzazione-urbana-del-centro-storico-di-castelo-branco-paulo-martins-arqdesign\/attachment\/casa-em-castelo-branco-do-atelier-de-arquitetura-paulo-martins-a-23\/#content\" data-orig-file=\"https:\/\/socialdesignmagazine.com\/mag\/wp-content\/uploads\/2021\/05\/Casa-dos-Oleiros-Castelo-Branco-Paulo-Martins-ARQDESIGN-23.jpg\" data-orig-size=\"1540,1800\" data-comments-opened=\"1\" data-image-meta=\"{&quot;aperture&quot;:&quot;8&quot;,&quot;credit&quot;:&quot;Ivo Tavares Studio&quot;,&quot;camera&quot;:&quot;Canon EOS R&quot;,&quot;caption&quot;:&quot;Casa em Castelo Branco do atelier de arquitetura Paulo Martins Arquitecto com fotografia de arquitetura Ivo Tavares Studio&quot;,&quot;created_timestamp&quot;:&quot;1519127774&quot;,&quot;copyright&quot;:&quot;Ivo Tavares Studio - Fotografia de arquitectura&quot;,&quot;focal_length&quot;:&quot;17&quot;,&quot;iso&quot;:&quot;200&quot;,&quot;shutter_speed&quot;:&quot;0.076923076923077&quot;,&quot;title&quot;:&quot;Casa em Castelo Branco do atelier de arquitetura Paulo Martins A&quot;,&quot;orientation&quot;:&quot;1&quot;}\" data-image-title=\"Casa dos Oleiros Castelo Branco PAULO MARTINS ARQ&amp;#038;DESIGN\" data-image-description=\"\" data-image-caption=\"\" data-medium-file=\"https:\/\/socialdesignmagazine.com\/mag\/wp-content\/uploads\/2021\/05\/Casa-dos-Oleiros-Castelo-Branco-Paulo-Martins-ARQDESIGN-23-438x283.jpg\" data-large-file=\"https:\/\/socialdesignmagazine.com\/mag\/wp-content\/uploads\/2021\/05\/Casa-dos-Oleiros-Castelo-Branco-Paulo-Martins-ARQDESIGN-23-1024x1197.jpg\" src=\"https:\/\/socialdesignmagazine.com\/mag\/wp-content\/uploads\/2021\/05\/Casa-dos-Oleiros-Castelo-Branco-Paulo-Martins-ARQDESIGN-23-1024x1197.jpg\" alt=\"Casa dos Oleiros Castelo Branco PAULO MARTINS ARQ&amp;DESIGN\" data-id=\"40383\" data-full-url=\"https:\/\/socialdesignmagazine.com\/mag\/wp-content\/uploads\/2021\/05\/Casa-dos-Oleiros-Castelo-Branco-Paulo-Martins-ARQDESIGN-23.jpg\" data-link=\"https:\/\/socialdesignmagazine.com\/mag\/?attachment_id=40383#content\" class=\"wp-image-40383\" srcset=\"https:\/\/socialdesignmagazine.com\/mag\/wp-content\/uploads\/2021\/05\/Casa-dos-Oleiros-Castelo-Branco-Paulo-Martins-ARQDESIGN-23-1024x1197.jpg 1024w, https:\/\/socialdesignmagazine.com\/mag\/wp-content\/uploads\/2021\/05\/Casa-dos-Oleiros-Castelo-Branco-Paulo-Martins-ARQDESIGN-23-768x898.jpg 768w, https:\/\/socialdesignmagazine.com\/mag\/wp-content\/uploads\/2021\/05\/Casa-dos-Oleiros-Castelo-Branco-Paulo-Martins-ARQDESIGN-23-1314x1536.jpg 1314w, https:\/\/socialdesignmagazine.com\/mag\/wp-content\/uploads\/2021\/05\/Casa-dos-Oleiros-Castelo-Branco-Paulo-Martins-ARQDESIGN-23.jpg 1540w\" sizes=\"auto, (max-width: 1024px) 100vw, 1024px\" \/><\/figure><\/li><li class=\"blocks-gallery-item\"><figure><img loading=\"lazy\" decoding=\"async\" width=\"1024\" height=\"1536\" data-attachment-id=\"40379\" data-permalink=\"https:\/\/socialdesignmagazine.com\/mag\/architettura\/dalla-ristrutturazione-di-una-casa-alla-rivitalizzazione-urbana-del-centro-storico-di-castelo-branco-paulo-martins-arqdesign\/attachment\/casa-em-castelo-branco-do-atelier-de-arquitetura-paulo-martins-a-21\/#content\" data-orig-file=\"https:\/\/socialdesignmagazine.com\/mag\/wp-content\/uploads\/2021\/05\/Casa-dos-Oleiros-Castelo-Branco-Paulo-Martins-ARQDESIGN-21.jpg\" data-orig-size=\"1200,1800\" data-comments-opened=\"1\" data-image-meta=\"{&quot;aperture&quot;:&quot;8&quot;,&quot;credit&quot;:&quot;Ivo Tavares Studio&quot;,&quot;camera&quot;:&quot;Canon EOS R&quot;,&quot;caption&quot;:&quot;Casa em Castelo Branco do atelier de arquitetura Paulo Martins Arquitecto com fotografia de arquitetura Ivo Tavares Studio&quot;,&quot;created_timestamp&quot;:&quot;1519127314&quot;,&quot;copyright&quot;:&quot;Ivo Tavares Studio - Fotografia de arquitectura&quot;,&quot;focal_length&quot;:&quot;17&quot;,&quot;iso&quot;:&quot;200&quot;,&quot;shutter_speed&quot;:&quot;0.2&quot;,&quot;title&quot;:&quot;Casa em Castelo Branco do atelier de arquitetura Paulo Martins A&quot;,&quot;orientation&quot;:&quot;1&quot;}\" data-image-title=\"Casa dos Oleiros Castelo Branco PAULO MARTINS ARQ&amp;#038;DESIGN\" data-image-description=\"\" data-image-caption=\"\" data-medium-file=\"https:\/\/socialdesignmagazine.com\/mag\/wp-content\/uploads\/2021\/05\/Casa-dos-Oleiros-Castelo-Branco-Paulo-Martins-ARQDESIGN-21-438x283.jpg\" data-large-file=\"https:\/\/socialdesignmagazine.com\/mag\/wp-content\/uploads\/2021\/05\/Casa-dos-Oleiros-Castelo-Branco-Paulo-Martins-ARQDESIGN-21-1024x1536.jpg\" src=\"https:\/\/socialdesignmagazine.com\/mag\/wp-content\/uploads\/2021\/05\/Casa-dos-Oleiros-Castelo-Branco-Paulo-Martins-ARQDESIGN-21-1024x1536.jpg\" alt=\"Casa dos Oleiros Castelo Branco PAULO MARTINS ARQ&amp;DESIGN\" data-id=\"40379\" data-full-url=\"https:\/\/socialdesignmagazine.com\/mag\/wp-content\/uploads\/2021\/05\/Casa-dos-Oleiros-Castelo-Branco-Paulo-Martins-ARQDESIGN-21.jpg\" data-link=\"https:\/\/socialdesignmagazine.com\/mag\/?attachment_id=40379#content\" class=\"wp-image-40379\" srcset=\"https:\/\/socialdesignmagazine.com\/mag\/wp-content\/uploads\/2021\/05\/Casa-dos-Oleiros-Castelo-Branco-Paulo-Martins-ARQDESIGN-21-1024x1536.jpg 1024w, https:\/\/socialdesignmagazine.com\/mag\/wp-content\/uploads\/2021\/05\/Casa-dos-Oleiros-Castelo-Branco-Paulo-Martins-ARQDESIGN-21-768x1152.jpg 768w, https:\/\/socialdesignmagazine.com\/mag\/wp-content\/uploads\/2021\/05\/Casa-dos-Oleiros-Castelo-Branco-Paulo-Martins-ARQDESIGN-21.jpg 1200w\" sizes=\"auto, (max-width: 1024px) 100vw, 1024px\" \/><\/figure><\/li><li class=\"blocks-gallery-item\"><figure><img loading=\"lazy\" decoding=\"async\" width=\"1024\" height=\"1536\" data-attachment-id=\"40377\" data-permalink=\"https:\/\/socialdesignmagazine.com\/mag\/architettura\/dalla-ristrutturazione-di-una-casa-alla-rivitalizzazione-urbana-del-centro-storico-di-castelo-branco-paulo-martins-arqdesign\/attachment\/casa-em-castelo-branco-do-atelier-de-arquitetura-paulo-martins-a-20\/#content\" data-orig-file=\"https:\/\/socialdesignmagazine.com\/mag\/wp-content\/uploads\/2021\/05\/Casa-dos-Oleiros-Castelo-Branco-Paulo-Martins-ARQDESIGN-20.jpg\" data-orig-size=\"1200,1800\" data-comments-opened=\"1\" data-image-meta=\"{&quot;aperture&quot;:&quot;8&quot;,&quot;credit&quot;:&quot;Ivo Tavares Studio&quot;,&quot;camera&quot;:&quot;Canon EOS R&quot;,&quot;caption&quot;:&quot;Casa em Castelo Branco do atelier de arquitetura Paulo Martins Arquitecto com fotografia de arquitetura Ivo Tavares Studio&quot;,&quot;created_timestamp&quot;:&quot;1519127219&quot;,&quot;copyright&quot;:&quot;Ivo Tavares Studio - Fotografia de arquitectura&quot;,&quot;focal_length&quot;:&quot;17&quot;,&quot;iso&quot;:&quot;200&quot;,&quot;shutter_speed&quot;:&quot;0.2&quot;,&quot;title&quot;:&quot;Casa em Castelo Branco do atelier de arquitetura Paulo Martins A&quot;,&quot;orientation&quot;:&quot;1&quot;}\" data-image-title=\"Casa dos Oleiros Castelo Branco PAULO MARTINS ARQ&amp;#038;DESIGN\" data-image-description=\"\" data-image-caption=\"\" data-medium-file=\"https:\/\/socialdesignmagazine.com\/mag\/wp-content\/uploads\/2021\/05\/Casa-dos-Oleiros-Castelo-Branco-Paulo-Martins-ARQDESIGN-20-438x283.jpg\" data-large-file=\"https:\/\/socialdesignmagazine.com\/mag\/wp-content\/uploads\/2021\/05\/Casa-dos-Oleiros-Castelo-Branco-Paulo-Martins-ARQDESIGN-20-1024x1536.jpg\" src=\"https:\/\/socialdesignmagazine.com\/mag\/wp-content\/uploads\/2021\/05\/Casa-dos-Oleiros-Castelo-Branco-Paulo-Martins-ARQDESIGN-20-1024x1536.jpg\" alt=\"Casa dos Oleiros Castelo Branco PAULO MARTINS ARQ&amp;DESIGN\" data-id=\"40377\" data-full-url=\"https:\/\/socialdesignmagazine.com\/mag\/wp-content\/uploads\/2021\/05\/Casa-dos-Oleiros-Castelo-Branco-Paulo-Martins-ARQDESIGN-20.jpg\" data-link=\"https:\/\/socialdesignmagazine.com\/mag\/?attachment_id=40377#content\" class=\"wp-image-40377\" srcset=\"https:\/\/socialdesignmagazine.com\/mag\/wp-content\/uploads\/2021\/05\/Casa-dos-Oleiros-Castelo-Branco-Paulo-Martins-ARQDESIGN-20-1024x1536.jpg 1024w, https:\/\/socialdesignmagazine.com\/mag\/wp-content\/uploads\/2021\/05\/Casa-dos-Oleiros-Castelo-Branco-Paulo-Martins-ARQDESIGN-20-768x1152.jpg 768w, https:\/\/socialdesignmagazine.com\/mag\/wp-content\/uploads\/2021\/05\/Casa-dos-Oleiros-Castelo-Branco-Paulo-Martins-ARQDESIGN-20.jpg 1200w\" sizes=\"auto, (max-width: 1024px) 100vw, 1024px\" \/><\/figure><\/li><li class=\"blocks-gallery-item\"><figure><img loading=\"lazy\" decoding=\"async\" width=\"1024\" height=\"1536\" data-attachment-id=\"40358\" data-permalink=\"https:\/\/socialdesignmagazine.com\/mag\/architettura\/dalla-ristrutturazione-di-una-casa-alla-rivitalizzazione-urbana-del-centro-storico-di-castelo-branco-paulo-martins-arqdesign\/attachment\/casa-em-castelo-branco-do-atelier-de-arquitetura-paulo-martins-a\/#content\" data-orig-file=\"https:\/\/socialdesignmagazine.com\/mag\/wp-content\/uploads\/2021\/05\/Casa-dos-Oleiros-Castelo-Branco-Paulo-Martins-ARQDESIGN-01.jpg\" data-orig-size=\"1200,1800\" data-comments-opened=\"1\" data-image-meta=\"{&quot;aperture&quot;:&quot;8&quot;,&quot;credit&quot;:&quot;Ivo Tavares Studio&quot;,&quot;camera&quot;:&quot;Canon EOS R&quot;,&quot;caption&quot;:&quot;Casa em Castelo Branco do atelier de arquitetura Paulo Martins Arquitecto com fotografia de arquitetura Ivo Tavares Studio&quot;,&quot;created_timestamp&quot;:&quot;1519121597&quot;,&quot;copyright&quot;:&quot;Ivo Tavares Studio - Fotografia de arquitectura&quot;,&quot;focal_length&quot;:&quot;32&quot;,&quot;iso&quot;:&quot;200&quot;,&quot;shutter_speed&quot;:&quot;0.4&quot;,&quot;title&quot;:&quot;Casa em Castelo Branco do atelier de arquitetura Paulo Martins A&quot;,&quot;orientation&quot;:&quot;1&quot;}\" data-image-title=\"Casa dos Oleiros Castelo Branco PAULO MARTINS ARQ&amp;#038;DESIGN\" data-image-description=\"\" data-image-caption=\"\" data-medium-file=\"https:\/\/socialdesignmagazine.com\/mag\/wp-content\/uploads\/2021\/05\/Casa-dos-Oleiros-Castelo-Branco-Paulo-Martins-ARQDESIGN-01-438x283.jpg\" data-large-file=\"https:\/\/socialdesignmagazine.com\/mag\/wp-content\/uploads\/2021\/05\/Casa-dos-Oleiros-Castelo-Branco-Paulo-Martins-ARQDESIGN-01-1024x1536.jpg\" src=\"https:\/\/socialdesignmagazine.com\/mag\/wp-content\/uploads\/2021\/05\/Casa-dos-Oleiros-Castelo-Branco-Paulo-Martins-ARQDESIGN-01-1024x1536.jpg\" alt=\"Casa dos Oleiros Castelo Branco PAULO MARTINS ARQ&amp;DESIGN\" data-id=\"40358\" data-full-url=\"https:\/\/socialdesignmagazine.com\/mag\/wp-content\/uploads\/2021\/05\/Casa-dos-Oleiros-Castelo-Branco-Paulo-Martins-ARQDESIGN-01.jpg\" data-link=\"https:\/\/socialdesignmagazine.com\/mag\/?attachment_id=40358#content\" class=\"wp-image-40358\" srcset=\"https:\/\/socialdesignmagazine.com\/mag\/wp-content\/uploads\/2021\/05\/Casa-dos-Oleiros-Castelo-Branco-Paulo-Martins-ARQDESIGN-01-1024x1536.jpg 1024w, https:\/\/socialdesignmagazine.com\/mag\/wp-content\/uploads\/2021\/05\/Casa-dos-Oleiros-Castelo-Branco-Paulo-Martins-ARQDESIGN-01-768x1152.jpg 768w, https:\/\/socialdesignmagazine.com\/mag\/wp-content\/uploads\/2021\/05\/Casa-dos-Oleiros-Castelo-Branco-Paulo-Martins-ARQDESIGN-01.jpg 1200w\" sizes=\"auto, (max-width: 1024px) 100vw, 1024px\" \/><\/figure><\/li><li class=\"blocks-gallery-item\"><figure><img loading=\"lazy\" decoding=\"async\" width=\"1024\" height=\"1536\" data-attachment-id=\"40359\" data-permalink=\"https:\/\/socialdesignmagazine.com\/mag\/architettura\/dalla-ristrutturazione-di-una-casa-alla-rivitalizzazione-urbana-del-centro-storico-di-castelo-branco-paulo-martins-arqdesign\/attachment\/casa-em-castelo-branco-do-atelier-de-arquitetura-paulo-martins-a-2\/#content\" data-orig-file=\"https:\/\/socialdesignmagazine.com\/mag\/wp-content\/uploads\/2021\/05\/Casa-dos-Oleiros-Castelo-Branco-Paulo-Martins-ARQDESIGN-02.jpg\" data-orig-size=\"1200,1800\" data-comments-opened=\"1\" data-image-meta=\"{&quot;aperture&quot;:&quot;8&quot;,&quot;credit&quot;:&quot;Ivo Tavares Studio&quot;,&quot;camera&quot;:&quot;Canon EOS R&quot;,&quot;caption&quot;:&quot;Casa em Castelo Branco do atelier de arquitetura Paulo Martins Arquitecto com fotografia de arquitetura Ivo Tavares Studio&quot;,&quot;created_timestamp&quot;:&quot;1519122936&quot;,&quot;copyright&quot;:&quot;Ivo Tavares Studio - Fotografia de arquitectura&quot;,&quot;focal_length&quot;:&quot;17&quot;,&quot;iso&quot;:&quot;200&quot;,&quot;shutter_speed&quot;:&quot;0.3&quot;,&quot;title&quot;:&quot;Casa em Castelo Branco do atelier de arquitetura Paulo Martins A&quot;,&quot;orientation&quot;:&quot;1&quot;}\" data-image-title=\"Casa dos Oleiros Castelo Branco PAULO MARTINS ARQ&amp;#038;DESIGN\" data-image-description=\"\" data-image-caption=\"\" data-medium-file=\"https:\/\/socialdesignmagazine.com\/mag\/wp-content\/uploads\/2021\/05\/Casa-dos-Oleiros-Castelo-Branco-Paulo-Martins-ARQDESIGN-02-438x283.jpg\" data-large-file=\"https:\/\/socialdesignmagazine.com\/mag\/wp-content\/uploads\/2021\/05\/Casa-dos-Oleiros-Castelo-Branco-Paulo-Martins-ARQDESIGN-02-1024x1536.jpg\" src=\"https:\/\/socialdesignmagazine.com\/mag\/wp-content\/uploads\/2021\/05\/Casa-dos-Oleiros-Castelo-Branco-Paulo-Martins-ARQDESIGN-02-1024x1536.jpg\" alt=\"Casa dos Oleiros Castelo Branco PAULO MARTINS ARQ&amp;DESIGN\" data-id=\"40359\" data-full-url=\"https:\/\/socialdesignmagazine.com\/mag\/wp-content\/uploads\/2021\/05\/Casa-dos-Oleiros-Castelo-Branco-Paulo-Martins-ARQDESIGN-02.jpg\" data-link=\"https:\/\/socialdesignmagazine.com\/mag\/?attachment_id=40359#content\" class=\"wp-image-40359\" srcset=\"https:\/\/socialdesignmagazine.com\/mag\/wp-content\/uploads\/2021\/05\/Casa-dos-Oleiros-Castelo-Branco-Paulo-Martins-ARQDESIGN-02-1024x1536.jpg 1024w, https:\/\/socialdesignmagazine.com\/mag\/wp-content\/uploads\/2021\/05\/Casa-dos-Oleiros-Castelo-Branco-Paulo-Martins-ARQDESIGN-02-768x1152.jpg 768w, https:\/\/socialdesignmagazine.com\/mag\/wp-content\/uploads\/2021\/05\/Casa-dos-Oleiros-Castelo-Branco-Paulo-Martins-ARQDESIGN-02.jpg 1200w\" sizes=\"auto, (max-width: 1024px) 100vw, 1024px\" \/><\/figure><\/li><li class=\"blocks-gallery-item\"><figure><img loading=\"lazy\" decoding=\"async\" width=\"1024\" height=\"683\" data-attachment-id=\"40362\" data-permalink=\"https:\/\/socialdesignmagazine.com\/mag\/architettura\/dalla-ristrutturazione-di-una-casa-alla-rivitalizzazione-urbana-del-centro-storico-di-castelo-branco-paulo-martins-arqdesign\/attachment\/casa-em-castelo-branco-do-atelier-de-arquitetura-paulo-martins-a-5\/#content\" data-orig-file=\"https:\/\/socialdesignmagazine.com\/mag\/wp-content\/uploads\/2021\/05\/Casa-dos-Oleiros-Castelo-Branco-Paulo-Martins-ARQDESIGN-05.jpg\" data-orig-size=\"1800,1200\" data-comments-opened=\"1\" data-image-meta=\"{&quot;aperture&quot;:&quot;8&quot;,&quot;credit&quot;:&quot;Ivo Tavares Studio&quot;,&quot;camera&quot;:&quot;Canon EOS R&quot;,&quot;caption&quot;:&quot;Casa em Castelo Branco do atelier de arquitetura Paulo Martins Arquitecto com fotografia de arquitetura Ivo Tavares Studio&quot;,&quot;created_timestamp&quot;:&quot;1519124163&quot;,&quot;copyright&quot;:&quot;Ivo Tavares Studio - Fotografia de arquitectura&quot;,&quot;focal_length&quot;:&quot;17&quot;,&quot;iso&quot;:&quot;200&quot;,&quot;shutter_speed&quot;:&quot;0.25&quot;,&quot;title&quot;:&quot;Casa em Castelo Branco do atelier de arquitetura Paulo Martins A&quot;,&quot;orientation&quot;:&quot;1&quot;}\" data-image-title=\"Casa dos Oleiros Castelo Branco PAULO MARTINS ARQ&amp;#038;DESIGN\" data-image-description=\"\" data-image-caption=\"\" data-medium-file=\"https:\/\/socialdesignmagazine.com\/mag\/wp-content\/uploads\/2021\/05\/Casa-dos-Oleiros-Castelo-Branco-Paulo-Martins-ARQDESIGN-05-438x283.jpg\" data-large-file=\"https:\/\/socialdesignmagazine.com\/mag\/wp-content\/uploads\/2021\/05\/Casa-dos-Oleiros-Castelo-Branco-Paulo-Martins-ARQDESIGN-05-1024x683.jpg\" src=\"https:\/\/socialdesignmagazine.com\/mag\/wp-content\/uploads\/2021\/05\/Casa-dos-Oleiros-Castelo-Branco-Paulo-Martins-ARQDESIGN-05-1024x683.jpg\" alt=\"Casa dos Oleiros Castelo Branco PAULO MARTINS ARQ&amp;DESIGN\" data-id=\"40362\" data-full-url=\"https:\/\/socialdesignmagazine.com\/mag\/wp-content\/uploads\/2021\/05\/Casa-dos-Oleiros-Castelo-Branco-Paulo-Martins-ARQDESIGN-05.jpg\" data-link=\"https:\/\/socialdesignmagazine.com\/mag\/?attachment_id=40362#content\" class=\"wp-image-40362\" srcset=\"https:\/\/socialdesignmagazine.com\/mag\/wp-content\/uploads\/2021\/05\/Casa-dos-Oleiros-Castelo-Branco-Paulo-Martins-ARQDESIGN-05-1024x683.jpg 1024w, https:\/\/socialdesignmagazine.com\/mag\/wp-content\/uploads\/2021\/05\/Casa-dos-Oleiros-Castelo-Branco-Paulo-Martins-ARQDESIGN-05-100x66.jpg 100w, https:\/\/socialdesignmagazine.com\/mag\/wp-content\/uploads\/2021\/05\/Casa-dos-Oleiros-Castelo-Branco-Paulo-Martins-ARQDESIGN-05-768x512.jpg 768w, https:\/\/socialdesignmagazine.com\/mag\/wp-content\/uploads\/2021\/05\/Casa-dos-Oleiros-Castelo-Branco-Paulo-Martins-ARQDESIGN-05-1536x1024.jpg 1536w, https:\/\/socialdesignmagazine.com\/mag\/wp-content\/uploads\/2021\/05\/Casa-dos-Oleiros-Castelo-Branco-Paulo-Martins-ARQDESIGN-05.jpg 1800w\" sizes=\"auto, (max-width: 1024px) 100vw, 1024px\" \/><\/figure><\/li><li class=\"blocks-gallery-item\"><figure><img loading=\"lazy\" decoding=\"async\" width=\"1024\" height=\"1536\" data-attachment-id=\"40361\" data-permalink=\"https:\/\/socialdesignmagazine.com\/mag\/architettura\/dalla-ristrutturazione-di-una-casa-alla-rivitalizzazione-urbana-del-centro-storico-di-castelo-branco-paulo-martins-arqdesign\/attachment\/casa-em-castelo-branco-do-atelier-de-arquitetura-paulo-martins-a-4\/#content\" data-orig-file=\"https:\/\/socialdesignmagazine.com\/mag\/wp-content\/uploads\/2021\/05\/Casa-dos-Oleiros-Castelo-Branco-Paulo-Martins-ARQDESIGN-04.jpg\" data-orig-size=\"1200,1800\" data-comments-opened=\"1\" data-image-meta=\"{&quot;aperture&quot;:&quot;8&quot;,&quot;credit&quot;:&quot;Ivo Tavares Studio&quot;,&quot;camera&quot;:&quot;Canon EOS R&quot;,&quot;caption&quot;:&quot;Casa em Castelo Branco do atelier de arquitetura Paulo Martins Arquitecto com fotografia de arquitetura Ivo Tavares Studio&quot;,&quot;created_timestamp&quot;:&quot;1519123775&quot;,&quot;copyright&quot;:&quot;Ivo Tavares Studio - Fotografia de arquitectura&quot;,&quot;focal_length&quot;:&quot;65&quot;,&quot;iso&quot;:&quot;200&quot;,&quot;shutter_speed&quot;:&quot;0.25&quot;,&quot;title&quot;:&quot;Casa em Castelo Branco do atelier de arquitetura Paulo Martins A&quot;,&quot;orientation&quot;:&quot;1&quot;}\" data-image-title=\"Casa dos Oleiros Castelo Branco PAULO MARTINS ARQ&amp;#038;DESIGN\" data-image-description=\"\" data-image-caption=\"\" data-medium-file=\"https:\/\/socialdesignmagazine.com\/mag\/wp-content\/uploads\/2021\/05\/Casa-dos-Oleiros-Castelo-Branco-Paulo-Martins-ARQDESIGN-04-438x283.jpg\" data-large-file=\"https:\/\/socialdesignmagazine.com\/mag\/wp-content\/uploads\/2021\/05\/Casa-dos-Oleiros-Castelo-Branco-Paulo-Martins-ARQDESIGN-04-1024x1536.jpg\" src=\"https:\/\/socialdesignmagazine.com\/mag\/wp-content\/uploads\/2021\/05\/Casa-dos-Oleiros-Castelo-Branco-Paulo-Martins-ARQDESIGN-04-1024x1536.jpg\" alt=\"Casa dos Oleiros Castelo Branco PAULO MARTINS ARQ&amp;DESIGN\" data-id=\"40361\" data-full-url=\"https:\/\/socialdesignmagazine.com\/mag\/wp-content\/uploads\/2021\/05\/Casa-dos-Oleiros-Castelo-Branco-Paulo-Martins-ARQDESIGN-04.jpg\" data-link=\"https:\/\/socialdesignmagazine.com\/mag\/?attachment_id=40361#content\" class=\"wp-image-40361\" srcset=\"https:\/\/socialdesignmagazine.com\/mag\/wp-content\/uploads\/2021\/05\/Casa-dos-Oleiros-Castelo-Branco-Paulo-Martins-ARQDESIGN-04-1024x1536.jpg 1024w, https:\/\/socialdesignmagazine.com\/mag\/wp-content\/uploads\/2021\/05\/Casa-dos-Oleiros-Castelo-Branco-Paulo-Martins-ARQDESIGN-04-768x1152.jpg 768w, https:\/\/socialdesignmagazine.com\/mag\/wp-content\/uploads\/2021\/05\/Casa-dos-Oleiros-Castelo-Branco-Paulo-Martins-ARQDESIGN-04.jpg 1200w\" sizes=\"auto, (max-width: 1024px) 100vw, 1024px\" \/><\/figure><\/li><li class=\"blocks-gallery-item\"><figure><img loading=\"lazy\" decoding=\"async\" width=\"1024\" height=\"1536\" data-attachment-id=\"40360\" data-permalink=\"https:\/\/socialdesignmagazine.com\/mag\/architettura\/dalla-ristrutturazione-di-una-casa-alla-rivitalizzazione-urbana-del-centro-storico-di-castelo-branco-paulo-martins-arqdesign\/attachment\/casa-em-castelo-branco-do-atelier-de-arquitetura-paulo-martins-a-3\/#content\" data-orig-file=\"https:\/\/socialdesignmagazine.com\/mag\/wp-content\/uploads\/2021\/05\/Casa-dos-Oleiros-Castelo-Branco-Paulo-Martins-ARQDESIGN-03.jpg\" data-orig-size=\"1200,1800\" data-comments-opened=\"1\" data-image-meta=\"{&quot;aperture&quot;:&quot;8&quot;,&quot;credit&quot;:&quot;Ivo Tavares Studio&quot;,&quot;camera&quot;:&quot;Canon EOS R&quot;,&quot;caption&quot;:&quot;Casa em Castelo Branco do atelier de arquitetura Paulo Martins Arquitecto com fotografia de arquitetura Ivo Tavares Studio&quot;,&quot;created_timestamp&quot;:&quot;1519123527&quot;,&quot;copyright&quot;:&quot;Ivo Tavares Studio - Fotografia de arquitectura&quot;,&quot;focal_length&quot;:&quot;47&quot;,&quot;iso&quot;:&quot;200&quot;,&quot;shutter_speed&quot;:&quot;0.25&quot;,&quot;title&quot;:&quot;Casa em Castelo Branco do atelier de arquitetura Paulo Martins A&quot;,&quot;orientation&quot;:&quot;1&quot;}\" data-image-title=\"Casa dos Oleiros Castelo Branco PAULO MARTINS ARQ&amp;#038;DESIGN\" data-image-description=\"\" data-image-caption=\"\" data-medium-file=\"https:\/\/socialdesignmagazine.com\/mag\/wp-content\/uploads\/2021\/05\/Casa-dos-Oleiros-Castelo-Branco-Paulo-Martins-ARQDESIGN-03-438x283.jpg\" data-large-file=\"https:\/\/socialdesignmagazine.com\/mag\/wp-content\/uploads\/2021\/05\/Casa-dos-Oleiros-Castelo-Branco-Paulo-Martins-ARQDESIGN-03-1024x1536.jpg\" src=\"https:\/\/socialdesignmagazine.com\/mag\/wp-content\/uploads\/2021\/05\/Casa-dos-Oleiros-Castelo-Branco-Paulo-Martins-ARQDESIGN-03-1024x1536.jpg\" alt=\"Casa dos Oleiros Castelo Branco PAULO MARTINS ARQ&amp;DESIGN\" data-id=\"40360\" data-full-url=\"https:\/\/socialdesignmagazine.com\/mag\/wp-content\/uploads\/2021\/05\/Casa-dos-Oleiros-Castelo-Branco-Paulo-Martins-ARQDESIGN-03.jpg\" data-link=\"https:\/\/socialdesignmagazine.com\/mag\/?attachment_id=40360#content\" class=\"wp-image-40360\" srcset=\"https:\/\/socialdesignmagazine.com\/mag\/wp-content\/uploads\/2021\/05\/Casa-dos-Oleiros-Castelo-Branco-Paulo-Martins-ARQDESIGN-03-1024x1536.jpg 1024w, https:\/\/socialdesignmagazine.com\/mag\/wp-content\/uploads\/2021\/05\/Casa-dos-Oleiros-Castelo-Branco-Paulo-Martins-ARQDESIGN-03-768x1152.jpg 768w, https:\/\/socialdesignmagazine.com\/mag\/wp-content\/uploads\/2021\/05\/Casa-dos-Oleiros-Castelo-Branco-Paulo-Martins-ARQDESIGN-03.jpg 1200w\" sizes=\"auto, (max-width: 1024px) 100vw, 1024px\" \/><\/figure><\/li><li class=\"blocks-gallery-item\"><figure><img loading=\"lazy\" decoding=\"async\" width=\"1024\" height=\"1126\" data-attachment-id=\"40363\" data-permalink=\"https:\/\/socialdesignmagazine.com\/mag\/architettura\/dalla-ristrutturazione-di-una-casa-alla-rivitalizzazione-urbana-del-centro-storico-di-castelo-branco-paulo-martins-arqdesign\/attachment\/casa-em-castelo-branco-do-atelier-de-arquitetura-paulo-martins-a-6\/#content\" data-orig-file=\"https:\/\/socialdesignmagazine.com\/mag\/wp-content\/uploads\/2021\/05\/Casa-dos-Oleiros-Castelo-Branco-Paulo-Martins-ARQDESIGN-06.jpg\" data-orig-size=\"1637,1800\" data-comments-opened=\"1\" data-image-meta=\"{&quot;aperture&quot;:&quot;8&quot;,&quot;credit&quot;:&quot;Ivo Tavares Studio&quot;,&quot;camera&quot;:&quot;Canon EOS R&quot;,&quot;caption&quot;:&quot;Casa em Castelo Branco do atelier de arquitetura Paulo Martins Arquitecto com fotografia de arquitetura Ivo Tavares Studio&quot;,&quot;created_timestamp&quot;:&quot;1519124570&quot;,&quot;copyright&quot;:&quot;Ivo Tavares Studio - Fotografia de arquitectura&quot;,&quot;focal_length&quot;:&quot;17&quot;,&quot;iso&quot;:&quot;200&quot;,&quot;shutter_speed&quot;:&quot;0.2&quot;,&quot;title&quot;:&quot;Casa em Castelo Branco do atelier de arquitetura Paulo Martins A&quot;,&quot;orientation&quot;:&quot;1&quot;}\" data-image-title=\"Casa dos Oleiros Castelo Branco PAULO MARTINS ARQ&amp;#038;DESIGN\" data-image-description=\"\" data-image-caption=\"\" data-medium-file=\"https:\/\/socialdesignmagazine.com\/mag\/wp-content\/uploads\/2021\/05\/Casa-dos-Oleiros-Castelo-Branco-Paulo-Martins-ARQDESIGN-06-438x283.jpg\" data-large-file=\"https:\/\/socialdesignmagazine.com\/mag\/wp-content\/uploads\/2021\/05\/Casa-dos-Oleiros-Castelo-Branco-Paulo-Martins-ARQDESIGN-06-1024x1126.jpg\" src=\"https:\/\/socialdesignmagazine.com\/mag\/wp-content\/uploads\/2021\/05\/Casa-dos-Oleiros-Castelo-Branco-Paulo-Martins-ARQDESIGN-06-1024x1126.jpg\" alt=\"Casa dos Oleiros Castelo Branco PAULO MARTINS ARQ&amp;DESIGN\" data-id=\"40363\" data-full-url=\"https:\/\/socialdesignmagazine.com\/mag\/wp-content\/uploads\/2021\/05\/Casa-dos-Oleiros-Castelo-Branco-Paulo-Martins-ARQDESIGN-06.jpg\" data-link=\"https:\/\/socialdesignmagazine.com\/mag\/?attachment_id=40363#content\" class=\"wp-image-40363\" srcset=\"https:\/\/socialdesignmagazine.com\/mag\/wp-content\/uploads\/2021\/05\/Casa-dos-Oleiros-Castelo-Branco-Paulo-Martins-ARQDESIGN-06-1024x1126.jpg 1024w, https:\/\/socialdesignmagazine.com\/mag\/wp-content\/uploads\/2021\/05\/Casa-dos-Oleiros-Castelo-Branco-Paulo-Martins-ARQDESIGN-06-768x844.jpg 768w, https:\/\/socialdesignmagazine.com\/mag\/wp-content\/uploads\/2021\/05\/Casa-dos-Oleiros-Castelo-Branco-Paulo-Martins-ARQDESIGN-06-1397x1536.jpg 1397w, https:\/\/socialdesignmagazine.com\/mag\/wp-content\/uploads\/2021\/05\/Casa-dos-Oleiros-Castelo-Branco-Paulo-Martins-ARQDESIGN-06.jpg 1637w\" sizes=\"auto, (max-width: 1024px) 100vw, 1024px\" \/><\/figure><\/li><li class=\"blocks-gallery-item\"><figure><img loading=\"lazy\" decoding=\"async\" width=\"1024\" height=\"1536\" data-attachment-id=\"40364\" data-permalink=\"https:\/\/socialdesignmagazine.com\/mag\/architettura\/dalla-ristrutturazione-di-una-casa-alla-rivitalizzazione-urbana-del-centro-storico-di-castelo-branco-paulo-martins-arqdesign\/attachment\/casa-em-castelo-branco-do-atelier-de-arquitetura-paulo-martins-a-7\/#content\" data-orig-file=\"https:\/\/socialdesignmagazine.com\/mag\/wp-content\/uploads\/2021\/05\/Casa-dos-Oleiros-Castelo-Branco-Paulo-Martins-ARQDESIGN-07.jpg\" data-orig-size=\"1200,1800\" data-comments-opened=\"1\" data-image-meta=\"{&quot;aperture&quot;:&quot;8&quot;,&quot;credit&quot;:&quot;Ivo Tavares Studio&quot;,&quot;camera&quot;:&quot;Canon EOS R&quot;,&quot;caption&quot;:&quot;Casa em Castelo Branco do atelier de arquitetura Paulo Martins Arquitecto com fotografia de arquitetura Ivo Tavares Studio&quot;,&quot;created_timestamp&quot;:&quot;1519124631&quot;,&quot;copyright&quot;:&quot;Ivo Tavares Studio - Fotografia de arquitectura&quot;,&quot;focal_length&quot;:&quot;17&quot;,&quot;iso&quot;:&quot;200&quot;,&quot;shutter_speed&quot;:&quot;0.1&quot;,&quot;title&quot;:&quot;Casa em Castelo Branco do atelier de arquitetura Paulo Martins A&quot;,&quot;orientation&quot;:&quot;1&quot;}\" data-image-title=\"Casa dos Oleiros Castelo Branco PAULO MARTINS ARQ&amp;#038;DESIGN\" data-image-description=\"\" data-image-caption=\"\" data-medium-file=\"https:\/\/socialdesignmagazine.com\/mag\/wp-content\/uploads\/2021\/05\/Casa-dos-Oleiros-Castelo-Branco-Paulo-Martins-ARQDESIGN-07-438x283.jpg\" data-large-file=\"https:\/\/socialdesignmagazine.com\/mag\/wp-content\/uploads\/2021\/05\/Casa-dos-Oleiros-Castelo-Branco-Paulo-Martins-ARQDESIGN-07-1024x1536.jpg\" src=\"https:\/\/socialdesignmagazine.com\/mag\/wp-content\/uploads\/2021\/05\/Casa-dos-Oleiros-Castelo-Branco-Paulo-Martins-ARQDESIGN-07-1024x1536.jpg\" alt=\"Casa dos Oleiros Castelo Branco PAULO MARTINS ARQ&amp;DESIGN\" data-id=\"40364\" data-full-url=\"https:\/\/socialdesignmagazine.com\/mag\/wp-content\/uploads\/2021\/05\/Casa-dos-Oleiros-Castelo-Branco-Paulo-Martins-ARQDESIGN-07.jpg\" data-link=\"https:\/\/socialdesignmagazine.com\/mag\/?attachment_id=40364#content\" class=\"wp-image-40364\" srcset=\"https:\/\/socialdesignmagazine.com\/mag\/wp-content\/uploads\/2021\/05\/Casa-dos-Oleiros-Castelo-Branco-Paulo-Martins-ARQDESIGN-07-1024x1536.jpg 1024w, https:\/\/socialdesignmagazine.com\/mag\/wp-content\/uploads\/2021\/05\/Casa-dos-Oleiros-Castelo-Branco-Paulo-Martins-ARQDESIGN-07-768x1152.jpg 768w, https:\/\/socialdesignmagazine.com\/mag\/wp-content\/uploads\/2021\/05\/Casa-dos-Oleiros-Castelo-Branco-Paulo-Martins-ARQDESIGN-07.jpg 1200w\" sizes=\"auto, (max-width: 1024px) 100vw, 1024px\" \/><\/figure><\/li><li class=\"blocks-gallery-item\"><figure><img loading=\"lazy\" decoding=\"async\" width=\"1024\" height=\"1136\" data-attachment-id=\"40365\" data-permalink=\"https:\/\/socialdesignmagazine.com\/mag\/architettura\/dalla-ristrutturazione-di-una-casa-alla-rivitalizzazione-urbana-del-centro-storico-di-castelo-branco-paulo-martins-arqdesign\/attachment\/casa-em-castelo-branco-do-atelier-de-arquitetura-paulo-martins-a-8\/#content\" data-orig-file=\"https:\/\/socialdesignmagazine.com\/mag\/wp-content\/uploads\/2021\/05\/Casa-dos-Oleiros-Castelo-Branco-Paulo-Martins-ARQDESIGN-08.jpg\" data-orig-size=\"1623,1800\" data-comments-opened=\"1\" data-image-meta=\"{&quot;aperture&quot;:&quot;8&quot;,&quot;credit&quot;:&quot;Ivo Tavares Studio&quot;,&quot;camera&quot;:&quot;Canon EOS R&quot;,&quot;caption&quot;:&quot;Casa em Castelo Branco do atelier de arquitetura Paulo Martins Arquitecto com fotografia de arquitetura Ivo Tavares Studio&quot;,&quot;created_timestamp&quot;:&quot;1519124683&quot;,&quot;copyright&quot;:&quot;Ivo Tavares Studio - Fotografia de arquitectura&quot;,&quot;focal_length&quot;:&quot;17&quot;,&quot;iso&quot;:&quot;200&quot;,&quot;shutter_speed&quot;:&quot;0.125&quot;,&quot;title&quot;:&quot;Casa em Castelo Branco do atelier de arquitetura Paulo Martins A&quot;,&quot;orientation&quot;:&quot;1&quot;}\" data-image-title=\"Casa dos Oleiros Castelo Branco PAULO MARTINS ARQ&amp;#038;DESIGN\" data-image-description=\"\" data-image-caption=\"\" data-medium-file=\"https:\/\/socialdesignmagazine.com\/mag\/wp-content\/uploads\/2021\/05\/Casa-dos-Oleiros-Castelo-Branco-Paulo-Martins-ARQDESIGN-08-438x283.jpg\" data-large-file=\"https:\/\/socialdesignmagazine.com\/mag\/wp-content\/uploads\/2021\/05\/Casa-dos-Oleiros-Castelo-Branco-Paulo-Martins-ARQDESIGN-08-1024x1136.jpg\" src=\"https:\/\/socialdesignmagazine.com\/mag\/wp-content\/uploads\/2021\/05\/Casa-dos-Oleiros-Castelo-Branco-Paulo-Martins-ARQDESIGN-08-1024x1136.jpg\" alt=\"Casa dos Oleiros Castelo Branco PAULO MARTINS ARQ&amp;DESIGN\" data-id=\"40365\" data-full-url=\"https:\/\/socialdesignmagazine.com\/mag\/wp-content\/uploads\/2021\/05\/Casa-dos-Oleiros-Castelo-Branco-Paulo-Martins-ARQDESIGN-08.jpg\" data-link=\"https:\/\/socialdesignmagazine.com\/mag\/?attachment_id=40365#content\" class=\"wp-image-40365\" srcset=\"https:\/\/socialdesignmagazine.com\/mag\/wp-content\/uploads\/2021\/05\/Casa-dos-Oleiros-Castelo-Branco-Paulo-Martins-ARQDESIGN-08-1024x1136.jpg 1024w, https:\/\/socialdesignmagazine.com\/mag\/wp-content\/uploads\/2021\/05\/Casa-dos-Oleiros-Castelo-Branco-Paulo-Martins-ARQDESIGN-08-768x852.jpg 768w, https:\/\/socialdesignmagazine.com\/mag\/wp-content\/uploads\/2021\/05\/Casa-dos-Oleiros-Castelo-Branco-Paulo-Martins-ARQDESIGN-08-1385x1536.jpg 1385w, https:\/\/socialdesignmagazine.com\/mag\/wp-content\/uploads\/2021\/05\/Casa-dos-Oleiros-Castelo-Branco-Paulo-Martins-ARQDESIGN-08.jpg 1623w\" sizes=\"auto, (max-width: 1024px) 100vw, 1024px\" \/><\/figure><\/li><li class=\"blocks-gallery-item\"><figure><img loading=\"lazy\" decoding=\"async\" width=\"1024\" height=\"1290\" data-attachment-id=\"40366\" data-permalink=\"https:\/\/socialdesignmagazine.com\/mag\/architettura\/dalla-ristrutturazione-di-una-casa-alla-rivitalizzazione-urbana-del-centro-storico-di-castelo-branco-paulo-martins-arqdesign\/attachment\/casa-em-castelo-branco-do-atelier-de-arquitetura-paulo-martins-a-9\/#content\" data-orig-file=\"https:\/\/socialdesignmagazine.com\/mag\/wp-content\/uploads\/2021\/05\/Casa-dos-Oleiros-Castelo-Branco-Paulo-Martins-ARQDESIGN-09.jpg\" data-orig-size=\"1429,1800\" data-comments-opened=\"1\" data-image-meta=\"{&quot;aperture&quot;:&quot;8&quot;,&quot;credit&quot;:&quot;Ivo Tavares Studio&quot;,&quot;camera&quot;:&quot;Canon EOS R&quot;,&quot;caption&quot;:&quot;Casa em Castelo Branco do atelier de arquitetura Paulo Martins Arquitecto com fotografia de arquitetura Ivo Tavares Studio&quot;,&quot;created_timestamp&quot;:&quot;1519124739&quot;,&quot;copyright&quot;:&quot;Ivo Tavares Studio - Fotografia de arquitectura&quot;,&quot;focal_length&quot;:&quot;17&quot;,&quot;iso&quot;:&quot;200&quot;,&quot;shutter_speed&quot;:&quot;0.16666666666667&quot;,&quot;title&quot;:&quot;Casa em Castelo Branco do atelier de arquitetura Paulo Martins A&quot;,&quot;orientation&quot;:&quot;1&quot;}\" data-image-title=\"Casa dos Oleiros Castelo Branco PAULO MARTINS ARQ&amp;#038;DESIGN\" data-image-description=\"\" data-image-caption=\"\" data-medium-file=\"https:\/\/socialdesignmagazine.com\/mag\/wp-content\/uploads\/2021\/05\/Casa-dos-Oleiros-Castelo-Branco-Paulo-Martins-ARQDESIGN-09-438x283.jpg\" data-large-file=\"https:\/\/socialdesignmagazine.com\/mag\/wp-content\/uploads\/2021\/05\/Casa-dos-Oleiros-Castelo-Branco-Paulo-Martins-ARQDESIGN-09-1024x1290.jpg\" src=\"https:\/\/socialdesignmagazine.com\/mag\/wp-content\/uploads\/2021\/05\/Casa-dos-Oleiros-Castelo-Branco-Paulo-Martins-ARQDESIGN-09-1024x1290.jpg\" alt=\"Casa dos Oleiros Castelo Branco PAULO MARTINS ARQ&amp;DESIGN\" data-id=\"40366\" data-full-url=\"https:\/\/socialdesignmagazine.com\/mag\/wp-content\/uploads\/2021\/05\/Casa-dos-Oleiros-Castelo-Branco-Paulo-Martins-ARQDESIGN-09.jpg\" data-link=\"https:\/\/socialdesignmagazine.com\/mag\/?attachment_id=40366#content\" class=\"wp-image-40366\" srcset=\"https:\/\/socialdesignmagazine.com\/mag\/wp-content\/uploads\/2021\/05\/Casa-dos-Oleiros-Castelo-Branco-Paulo-Martins-ARQDESIGN-09-1024x1290.jpg 1024w, https:\/\/socialdesignmagazine.com\/mag\/wp-content\/uploads\/2021\/05\/Casa-dos-Oleiros-Castelo-Branco-Paulo-Martins-ARQDESIGN-09-768x967.jpg 768w, https:\/\/socialdesignmagazine.com\/mag\/wp-content\/uploads\/2021\/05\/Casa-dos-Oleiros-Castelo-Branco-Paulo-Martins-ARQDESIGN-09-1219x1536.jpg 1219w, https:\/\/socialdesignmagazine.com\/mag\/wp-content\/uploads\/2021\/05\/Casa-dos-Oleiros-Castelo-Branco-Paulo-Martins-ARQDESIGN-09.jpg 1429w\" sizes=\"auto, (max-width: 1024px) 100vw, 1024px\" \/><\/figure><\/li><li class=\"blocks-gallery-item\"><figure><img loading=\"lazy\" decoding=\"async\" width=\"1024\" height=\"1536\" data-attachment-id=\"40367\" data-permalink=\"https:\/\/socialdesignmagazine.com\/mag\/architettura\/dalla-ristrutturazione-di-una-casa-alla-rivitalizzazione-urbana-del-centro-storico-di-castelo-branco-paulo-martins-arqdesign\/attachment\/casa-em-castelo-branco-do-atelier-de-arquitetura-paulo-martins-a-10\/#content\" data-orig-file=\"https:\/\/socialdesignmagazine.com\/mag\/wp-content\/uploads\/2021\/05\/Casa-dos-Oleiros-Castelo-Branco-Paulo-Martins-ARQDESIGN-10.jpg\" data-orig-size=\"1200,1800\" data-comments-opened=\"1\" data-image-meta=\"{&quot;aperture&quot;:&quot;8&quot;,&quot;credit&quot;:&quot;Ivo Tavares Studio&quot;,&quot;camera&quot;:&quot;Canon EOS R&quot;,&quot;caption&quot;:&quot;Casa em Castelo Branco do atelier de arquitetura Paulo Martins Arquitecto com fotografia de arquitetura Ivo Tavares Studio&quot;,&quot;created_timestamp&quot;:&quot;1519124993&quot;,&quot;copyright&quot;:&quot;Ivo Tavares Studio - Fotografia de arquitectura&quot;,&quot;focal_length&quot;:&quot;75&quot;,&quot;iso&quot;:&quot;200&quot;,&quot;shutter_speed&quot;:&quot;0.125&quot;,&quot;title&quot;:&quot;Casa em Castelo Branco do atelier de arquitetura Paulo Martins A&quot;,&quot;orientation&quot;:&quot;1&quot;}\" data-image-title=\"Casa dos Oleiros Castelo Branco PAULO MARTINS ARQ&amp;#038;DESIGN\" data-image-description=\"\" data-image-caption=\"\" data-medium-file=\"https:\/\/socialdesignmagazine.com\/mag\/wp-content\/uploads\/2021\/05\/Casa-dos-Oleiros-Castelo-Branco-Paulo-Martins-ARQDESIGN-10-438x283.jpg\" data-large-file=\"https:\/\/socialdesignmagazine.com\/mag\/wp-content\/uploads\/2021\/05\/Casa-dos-Oleiros-Castelo-Branco-Paulo-Martins-ARQDESIGN-10-1024x1536.jpg\" src=\"https:\/\/socialdesignmagazine.com\/mag\/wp-content\/uploads\/2021\/05\/Casa-dos-Oleiros-Castelo-Branco-Paulo-Martins-ARQDESIGN-10-1024x1536.jpg\" alt=\"Casa dos Oleiros Castelo Branco PAULO MARTINS ARQ&amp;DESIGN\" data-id=\"40367\" data-full-url=\"https:\/\/socialdesignmagazine.com\/mag\/wp-content\/uploads\/2021\/05\/Casa-dos-Oleiros-Castelo-Branco-Paulo-Martins-ARQDESIGN-10.jpg\" data-link=\"https:\/\/socialdesignmagazine.com\/mag\/?attachment_id=40367#content\" class=\"wp-image-40367\" srcset=\"https:\/\/socialdesignmagazine.com\/mag\/wp-content\/uploads\/2021\/05\/Casa-dos-Oleiros-Castelo-Branco-Paulo-Martins-ARQDESIGN-10-1024x1536.jpg 1024w, https:\/\/socialdesignmagazine.com\/mag\/wp-content\/uploads\/2021\/05\/Casa-dos-Oleiros-Castelo-Branco-Paulo-Martins-ARQDESIGN-10-768x1152.jpg 768w, https:\/\/socialdesignmagazine.com\/mag\/wp-content\/uploads\/2021\/05\/Casa-dos-Oleiros-Castelo-Branco-Paulo-Martins-ARQDESIGN-10.jpg 1200w\" sizes=\"auto, (max-width: 1024px) 100vw, 1024px\" \/><\/figure><\/li><li class=\"blocks-gallery-item\"><figure><img loading=\"lazy\" decoding=\"async\" width=\"1024\" height=\"1536\" data-attachment-id=\"40370\" data-permalink=\"https:\/\/socialdesignmagazine.com\/mag\/architettura\/dalla-ristrutturazione-di-una-casa-alla-rivitalizzazione-urbana-del-centro-storico-di-castelo-branco-paulo-martins-arqdesign\/attachment\/casa-em-castelo-branco-do-atelier-de-arquitetura-paulo-martins-a-13\/#content\" data-orig-file=\"https:\/\/socialdesignmagazine.com\/mag\/wp-content\/uploads\/2021\/05\/Casa-dos-Oleiros-Castelo-Branco-Paulo-Martins-ARQDESIGN-13.jpg\" data-orig-size=\"1200,1800\" data-comments-opened=\"1\" data-image-meta=\"{&quot;aperture&quot;:&quot;8&quot;,&quot;credit&quot;:&quot;Ivo Tavares Studio&quot;,&quot;camera&quot;:&quot;Canon EOS R&quot;,&quot;caption&quot;:&quot;Casa em Castelo Branco do atelier de arquitetura Paulo Martins Arquitecto com fotografia de arquitetura Ivo Tavares Studio&quot;,&quot;created_timestamp&quot;:&quot;1519125411&quot;,&quot;copyright&quot;:&quot;Ivo Tavares Studio - Fotografia de arquitectura&quot;,&quot;focal_length&quot;:&quot;24&quot;,&quot;iso&quot;:&quot;200&quot;,&quot;shutter_speed&quot;:&quot;0.25&quot;,&quot;title&quot;:&quot;Casa em Castelo Branco do atelier de arquitetura Paulo Martins A&quot;,&quot;orientation&quot;:&quot;1&quot;}\" data-image-title=\"Casa dos Oleiros Castelo Branco PAULO MARTINS ARQ&amp;#038;DESIGN\" data-image-description=\"\" data-image-caption=\"\" data-medium-file=\"https:\/\/socialdesignmagazine.com\/mag\/wp-content\/uploads\/2021\/05\/Casa-dos-Oleiros-Castelo-Branco-Paulo-Martins-ARQDESIGN-13-438x283.jpg\" data-large-file=\"https:\/\/socialdesignmagazine.com\/mag\/wp-content\/uploads\/2021\/05\/Casa-dos-Oleiros-Castelo-Branco-Paulo-Martins-ARQDESIGN-13-1024x1536.jpg\" src=\"https:\/\/socialdesignmagazine.com\/mag\/wp-content\/uploads\/2021\/05\/Casa-dos-Oleiros-Castelo-Branco-Paulo-Martins-ARQDESIGN-13-1024x1536.jpg\" alt=\"Casa dos Oleiros Castelo Branco PAULO MARTINS ARQ&amp;DESIGN\" data-id=\"40370\" data-full-url=\"https:\/\/socialdesignmagazine.com\/mag\/wp-content\/uploads\/2021\/05\/Casa-dos-Oleiros-Castelo-Branco-Paulo-Martins-ARQDESIGN-13.jpg\" data-link=\"https:\/\/socialdesignmagazine.com\/mag\/?attachment_id=40370#content\" class=\"wp-image-40370\" srcset=\"https:\/\/socialdesignmagazine.com\/mag\/wp-content\/uploads\/2021\/05\/Casa-dos-Oleiros-Castelo-Branco-Paulo-Martins-ARQDESIGN-13-1024x1536.jpg 1024w, https:\/\/socialdesignmagazine.com\/mag\/wp-content\/uploads\/2021\/05\/Casa-dos-Oleiros-Castelo-Branco-Paulo-Martins-ARQDESIGN-13-768x1152.jpg 768w, https:\/\/socialdesignmagazine.com\/mag\/wp-content\/uploads\/2021\/05\/Casa-dos-Oleiros-Castelo-Branco-Paulo-Martins-ARQDESIGN-13.jpg 1200w\" sizes=\"auto, (max-width: 1024px) 100vw, 1024px\" \/><\/figure><\/li><li class=\"blocks-gallery-item\"><figure><img loading=\"lazy\" decoding=\"async\" width=\"1024\" height=\"1536\" data-attachment-id=\"40374\" data-permalink=\"https:\/\/socialdesignmagazine.com\/mag\/architettura\/dalla-ristrutturazione-di-una-casa-alla-rivitalizzazione-urbana-del-centro-storico-di-castelo-branco-paulo-martins-arqdesign\/attachment\/casa-em-castelo-branco-do-atelier-de-arquitetura-paulo-martins-a-17\/#content\" data-orig-file=\"https:\/\/socialdesignmagazine.com\/mag\/wp-content\/uploads\/2021\/05\/Casa-dos-Oleiros-Castelo-Branco-Paulo-Martins-ARQDESIGN-17.jpg\" data-orig-size=\"1200,1800\" data-comments-opened=\"1\" data-image-meta=\"{&quot;aperture&quot;:&quot;8&quot;,&quot;credit&quot;:&quot;Ivo Tavares Studio&quot;,&quot;camera&quot;:&quot;Canon EOS R&quot;,&quot;caption&quot;:&quot;Casa em Castelo Branco do atelier de arquitetura Paulo Martins Arquitecto com fotografia de arquitetura Ivo Tavares Studio&quot;,&quot;created_timestamp&quot;:&quot;1519126317&quot;,&quot;copyright&quot;:&quot;Ivo Tavares Studio - Fotografia de arquitectura&quot;,&quot;focal_length&quot;:&quot;17&quot;,&quot;iso&quot;:&quot;200&quot;,&quot;shutter_speed&quot;:&quot;0.25&quot;,&quot;title&quot;:&quot;Casa em Castelo Branco do atelier de arquitetura Paulo Martins A&quot;,&quot;orientation&quot;:&quot;1&quot;}\" data-image-title=\"Casa dos Oleiros Castelo Branco PAULO MARTINS ARQ&amp;#038;DESIGN\" data-image-description=\"\" data-image-caption=\"\" data-medium-file=\"https:\/\/socialdesignmagazine.com\/mag\/wp-content\/uploads\/2021\/05\/Casa-dos-Oleiros-Castelo-Branco-Paulo-Martins-ARQDESIGN-17-438x283.jpg\" data-large-file=\"https:\/\/socialdesignmagazine.com\/mag\/wp-content\/uploads\/2021\/05\/Casa-dos-Oleiros-Castelo-Branco-Paulo-Martins-ARQDESIGN-17-1024x1536.jpg\" src=\"https:\/\/socialdesignmagazine.com\/mag\/wp-content\/uploads\/2021\/05\/Casa-dos-Oleiros-Castelo-Branco-Paulo-Martins-ARQDESIGN-17-1024x1536.jpg\" alt=\"Casa dos Oleiros Castelo Branco PAULO MARTINS ARQ&amp;DESIGN\" data-id=\"40374\" data-full-url=\"https:\/\/socialdesignmagazine.com\/mag\/wp-content\/uploads\/2021\/05\/Casa-dos-Oleiros-Castelo-Branco-Paulo-Martins-ARQDESIGN-17.jpg\" data-link=\"https:\/\/socialdesignmagazine.com\/mag\/?attachment_id=40374#content\" class=\"wp-image-40374\" srcset=\"https:\/\/socialdesignmagazine.com\/mag\/wp-content\/uploads\/2021\/05\/Casa-dos-Oleiros-Castelo-Branco-Paulo-Martins-ARQDESIGN-17-1024x1536.jpg 1024w, https:\/\/socialdesignmagazine.com\/mag\/wp-content\/uploads\/2021\/05\/Casa-dos-Oleiros-Castelo-Branco-Paulo-Martins-ARQDESIGN-17-768x1152.jpg 768w, https:\/\/socialdesignmagazine.com\/mag\/wp-content\/uploads\/2021\/05\/Casa-dos-Oleiros-Castelo-Branco-Paulo-Martins-ARQDESIGN-17.jpg 1200w\" sizes=\"auto, (max-width: 1024px) 100vw, 1024px\" \/><\/figure><\/li><li class=\"blocks-gallery-item\"><figure><img loading=\"lazy\" decoding=\"async\" width=\"1024\" height=\"1536\" data-attachment-id=\"40375\" data-permalink=\"https:\/\/socialdesignmagazine.com\/mag\/architettura\/dalla-ristrutturazione-di-una-casa-alla-rivitalizzazione-urbana-del-centro-storico-di-castelo-branco-paulo-martins-arqdesign\/attachment\/casa-em-castelo-branco-do-atelier-de-arquitetura-paulo-martins-a-18\/#content\" data-orig-file=\"https:\/\/socialdesignmagazine.com\/mag\/wp-content\/uploads\/2021\/05\/Casa-dos-Oleiros-Castelo-Branco-Paulo-Martins-ARQDESIGN-18.jpg\" data-orig-size=\"1200,1800\" data-comments-opened=\"1\" data-image-meta=\"{&quot;aperture&quot;:&quot;8&quot;,&quot;credit&quot;:&quot;Ivo Tavares Studio&quot;,&quot;camera&quot;:&quot;Canon EOS R&quot;,&quot;caption&quot;:&quot;Casa em Castelo Branco do atelier de arquitetura Paulo Martins Arquitecto com fotografia de arquitetura Ivo Tavares Studio&quot;,&quot;created_timestamp&quot;:&quot;1519126421&quot;,&quot;copyright&quot;:&quot;Ivo Tavares Studio - Fotografia de arquitectura&quot;,&quot;focal_length&quot;:&quot;17&quot;,&quot;iso&quot;:&quot;200&quot;,&quot;shutter_speed&quot;:&quot;0.25&quot;,&quot;title&quot;:&quot;Casa em Castelo Branco do atelier de arquitetura Paulo Martins A&quot;,&quot;orientation&quot;:&quot;1&quot;}\" data-image-title=\"Casa dos Oleiros Castelo Branco PAULO MARTINS ARQ&amp;#038;DESIGN\" data-image-description=\"\" data-image-caption=\"\" data-medium-file=\"https:\/\/socialdesignmagazine.com\/mag\/wp-content\/uploads\/2021\/05\/Casa-dos-Oleiros-Castelo-Branco-Paulo-Martins-ARQDESIGN-18-438x283.jpg\" data-large-file=\"https:\/\/socialdesignmagazine.com\/mag\/wp-content\/uploads\/2021\/05\/Casa-dos-Oleiros-Castelo-Branco-Paulo-Martins-ARQDESIGN-18-1024x1536.jpg\" src=\"https:\/\/socialdesignmagazine.com\/mag\/wp-content\/uploads\/2021\/05\/Casa-dos-Oleiros-Castelo-Branco-Paulo-Martins-ARQDESIGN-18-1024x1536.jpg\" alt=\"Casa dos Oleiros Castelo Branco PAULO MARTINS ARQ&amp;DESIGN\" data-id=\"40375\" data-full-url=\"https:\/\/socialdesignmagazine.com\/mag\/wp-content\/uploads\/2021\/05\/Casa-dos-Oleiros-Castelo-Branco-Paulo-Martins-ARQDESIGN-18.jpg\" data-link=\"https:\/\/socialdesignmagazine.com\/mag\/?attachment_id=40375#content\" class=\"wp-image-40375\" srcset=\"https:\/\/socialdesignmagazine.com\/mag\/wp-content\/uploads\/2021\/05\/Casa-dos-Oleiros-Castelo-Branco-Paulo-Martins-ARQDESIGN-18-1024x1536.jpg 1024w, https:\/\/socialdesignmagazine.com\/mag\/wp-content\/uploads\/2021\/05\/Casa-dos-Oleiros-Castelo-Branco-Paulo-Martins-ARQDESIGN-18-768x1152.jpg 768w, https:\/\/socialdesignmagazine.com\/mag\/wp-content\/uploads\/2021\/05\/Casa-dos-Oleiros-Castelo-Branco-Paulo-Martins-ARQDESIGN-18.jpg 1200w\" sizes=\"auto, (max-width: 1024px) 100vw, 1024px\" \/><\/figure><\/li><li class=\"blocks-gallery-item\"><figure><img loading=\"lazy\" decoding=\"async\" width=\"1024\" height=\"1536\" data-attachment-id=\"40369\" data-permalink=\"https:\/\/socialdesignmagazine.com\/mag\/architettura\/dalla-ristrutturazione-di-una-casa-alla-rivitalizzazione-urbana-del-centro-storico-di-castelo-branco-paulo-martins-arqdesign\/attachment\/casa-em-castelo-branco-do-atelier-de-arquitetura-paulo-martins-a-12\/#content\" data-orig-file=\"https:\/\/socialdesignmagazine.com\/mag\/wp-content\/uploads\/2021\/05\/Casa-dos-Oleiros-Castelo-Branco-Paulo-Martins-ARQDESIGN-12.jpg\" data-orig-size=\"1200,1800\" data-comments-opened=\"1\" data-image-meta=\"{&quot;aperture&quot;:&quot;8&quot;,&quot;credit&quot;:&quot;Ivo Tavares Studio&quot;,&quot;camera&quot;:&quot;Canon EOS R&quot;,&quot;caption&quot;:&quot;Casa em Castelo Branco do atelier de arquitetura Paulo Martins Arquitecto com fotografia de arquitetura Ivo Tavares Studio&quot;,&quot;created_timestamp&quot;:&quot;1519125222&quot;,&quot;copyright&quot;:&quot;Ivo Tavares Studio - Fotografia de arquitectura&quot;,&quot;focal_length&quot;:&quot;40&quot;,&quot;iso&quot;:&quot;200&quot;,&quot;shutter_speed&quot;:&quot;0.125&quot;,&quot;title&quot;:&quot;Casa em Castelo Branco do atelier de arquitetura Paulo Martins A&quot;,&quot;orientation&quot;:&quot;1&quot;}\" data-image-title=\"Casa dos Oleiros Castelo Branco PAULO MARTINS ARQ&amp;#038;DESIGN\" data-image-description=\"\" data-image-caption=\"\" data-medium-file=\"https:\/\/socialdesignmagazine.com\/mag\/wp-content\/uploads\/2021\/05\/Casa-dos-Oleiros-Castelo-Branco-Paulo-Martins-ARQDESIGN-12-438x283.jpg\" data-large-file=\"https:\/\/socialdesignmagazine.com\/mag\/wp-content\/uploads\/2021\/05\/Casa-dos-Oleiros-Castelo-Branco-Paulo-Martins-ARQDESIGN-12-1024x1536.jpg\" src=\"https:\/\/socialdesignmagazine.com\/mag\/wp-content\/uploads\/2021\/05\/Casa-dos-Oleiros-Castelo-Branco-Paulo-Martins-ARQDESIGN-12-1024x1536.jpg\" alt=\"Casa dos Oleiros Castelo Branco PAULO MARTINS ARQ&amp;DESIGN\" data-id=\"40369\" data-full-url=\"https:\/\/socialdesignmagazine.com\/mag\/wp-content\/uploads\/2021\/05\/Casa-dos-Oleiros-Castelo-Branco-Paulo-Martins-ARQDESIGN-12.jpg\" data-link=\"https:\/\/socialdesignmagazine.com\/mag\/?attachment_id=40369#content\" class=\"wp-image-40369\" srcset=\"https:\/\/socialdesignmagazine.com\/mag\/wp-content\/uploads\/2021\/05\/Casa-dos-Oleiros-Castelo-Branco-Paulo-Martins-ARQDESIGN-12-1024x1536.jpg 1024w, https:\/\/socialdesignmagazine.com\/mag\/wp-content\/uploads\/2021\/05\/Casa-dos-Oleiros-Castelo-Branco-Paulo-Martins-ARQDESIGN-12-768x1152.jpg 768w, https:\/\/socialdesignmagazine.com\/mag\/wp-content\/uploads\/2021\/05\/Casa-dos-Oleiros-Castelo-Branco-Paulo-Martins-ARQDESIGN-12.jpg 1200w\" sizes=\"auto, (max-width: 1024px) 100vw, 1024px\" \/><\/figure><\/li><li class=\"blocks-gallery-item\"><figure><img loading=\"lazy\" decoding=\"async\" width=\"1024\" height=\"1536\" data-attachment-id=\"40373\" data-permalink=\"https:\/\/socialdesignmagazine.com\/mag\/architettura\/dalla-ristrutturazione-di-una-casa-alla-rivitalizzazione-urbana-del-centro-storico-di-castelo-branco-paulo-martins-arqdesign\/attachment\/casa-em-castelo-branco-do-atelier-de-arquitetura-paulo-martins-a-16\/#content\" data-orig-file=\"https:\/\/socialdesignmagazine.com\/mag\/wp-content\/uploads\/2021\/05\/Casa-dos-Oleiros-Castelo-Branco-Paulo-Martins-ARQDESIGN-16.jpg\" data-orig-size=\"1200,1800\" data-comments-opened=\"1\" data-image-meta=\"{&quot;aperture&quot;:&quot;8&quot;,&quot;credit&quot;:&quot;Ivo Tavares Studio&quot;,&quot;camera&quot;:&quot;Canon EOS R&quot;,&quot;caption&quot;:&quot;Casa em Castelo Branco do atelier de arquitetura Paulo Martins Arquitecto com fotografia de arquitetura Ivo Tavares Studio&quot;,&quot;created_timestamp&quot;:&quot;1519126030&quot;,&quot;copyright&quot;:&quot;Ivo Tavares Studio - Fotografia de arquitectura&quot;,&quot;focal_length&quot;:&quot;24&quot;,&quot;iso&quot;:&quot;200&quot;,&quot;shutter_speed&quot;:&quot;0.04&quot;,&quot;title&quot;:&quot;Casa em Castelo Branco do atelier de arquitetura Paulo Martins A&quot;,&quot;orientation&quot;:&quot;1&quot;}\" data-image-title=\"Casa dos Oleiros Castelo Branco PAULO MARTINS ARQ&amp;#038;DESIGN\" data-image-description=\"\" data-image-caption=\"\" data-medium-file=\"https:\/\/socialdesignmagazine.com\/mag\/wp-content\/uploads\/2021\/05\/Casa-dos-Oleiros-Castelo-Branco-Paulo-Martins-ARQDESIGN-16-438x283.jpg\" data-large-file=\"https:\/\/socialdesignmagazine.com\/mag\/wp-content\/uploads\/2021\/05\/Casa-dos-Oleiros-Castelo-Branco-Paulo-Martins-ARQDESIGN-16-1024x1536.jpg\" src=\"https:\/\/socialdesignmagazine.com\/mag\/wp-content\/uploads\/2021\/05\/Casa-dos-Oleiros-Castelo-Branco-Paulo-Martins-ARQDESIGN-16-1024x1536.jpg\" alt=\"Casa dos Oleiros Castelo Branco PAULO MARTINS ARQ&amp;DESIGN\" data-id=\"40373\" data-full-url=\"https:\/\/socialdesignmagazine.com\/mag\/wp-content\/uploads\/2021\/05\/Casa-dos-Oleiros-Castelo-Branco-Paulo-Martins-ARQDESIGN-16.jpg\" data-link=\"https:\/\/socialdesignmagazine.com\/mag\/?attachment_id=40373#content\" class=\"wp-image-40373\" srcset=\"https:\/\/socialdesignmagazine.com\/mag\/wp-content\/uploads\/2021\/05\/Casa-dos-Oleiros-Castelo-Branco-Paulo-Martins-ARQDESIGN-16-1024x1536.jpg 1024w, https:\/\/socialdesignmagazine.com\/mag\/wp-content\/uploads\/2021\/05\/Casa-dos-Oleiros-Castelo-Branco-Paulo-Martins-ARQDESIGN-16-768x1152.jpg 768w, https:\/\/socialdesignmagazine.com\/mag\/wp-content\/uploads\/2021\/05\/Casa-dos-Oleiros-Castelo-Branco-Paulo-Martins-ARQDESIGN-16.jpg 1200w\" sizes=\"auto, (max-width: 1024px) 100vw, 1024px\" \/><\/figure><\/li><li class=\"blocks-gallery-item\"><figure><img loading=\"lazy\" decoding=\"async\" width=\"1024\" height=\"985\" data-attachment-id=\"40372\" data-permalink=\"https:\/\/socialdesignmagazine.com\/mag\/architettura\/dalla-ristrutturazione-di-una-casa-alla-rivitalizzazione-urbana-del-centro-storico-di-castelo-branco-paulo-martins-arqdesign\/attachment\/casa-em-castelo-branco-do-atelier-de-arquitetura-paulo-martins-a-15\/#content\" data-orig-file=\"https:\/\/socialdesignmagazine.com\/mag\/wp-content\/uploads\/2021\/05\/Casa-dos-Oleiros-Castelo-Branco-Paulo-Martins-ARQDESIGN-15.jpg\" data-orig-size=\"1800,1732\" data-comments-opened=\"1\" data-image-meta=\"{&quot;aperture&quot;:&quot;8&quot;,&quot;credit&quot;:&quot;Ivo Tavares Studio&quot;,&quot;camera&quot;:&quot;Canon EOS R&quot;,&quot;caption&quot;:&quot;Casa em Castelo Branco do atelier de arquitetura Paulo Martins Arquitecto com fotografia de arquitetura Ivo Tavares Studio&quot;,&quot;created_timestamp&quot;:&quot;1519125658&quot;,&quot;copyright&quot;:&quot;Ivo Tavares Studio - Fotografia de arquitectura&quot;,&quot;focal_length&quot;:&quot;24&quot;,&quot;iso&quot;:&quot;200&quot;,&quot;shutter_speed&quot;:&quot;0.066666666666667&quot;,&quot;title&quot;:&quot;Casa em Castelo Branco do atelier de arquitetura Paulo Martins A&quot;,&quot;orientation&quot;:&quot;1&quot;}\" data-image-title=\"Casa dos Oleiros Castelo Branco PAULO MARTINS ARQ&amp;#038;DESIGN\" data-image-description=\"\" data-image-caption=\"\" data-medium-file=\"https:\/\/socialdesignmagazine.com\/mag\/wp-content\/uploads\/2021\/05\/Casa-dos-Oleiros-Castelo-Branco-Paulo-Martins-ARQDESIGN-15-438x283.jpg\" data-large-file=\"https:\/\/socialdesignmagazine.com\/mag\/wp-content\/uploads\/2021\/05\/Casa-dos-Oleiros-Castelo-Branco-Paulo-Martins-ARQDESIGN-15-1024x985.jpg\" src=\"https:\/\/socialdesignmagazine.com\/mag\/wp-content\/uploads\/2021\/05\/Casa-dos-Oleiros-Castelo-Branco-Paulo-Martins-ARQDESIGN-15-1024x985.jpg\" alt=\"Casa dos Oleiros Castelo Branco PAULO MARTINS ARQ&amp;DESIGN\" data-id=\"40372\" data-full-url=\"https:\/\/socialdesignmagazine.com\/mag\/wp-content\/uploads\/2021\/05\/Casa-dos-Oleiros-Castelo-Branco-Paulo-Martins-ARQDESIGN-15.jpg\" data-link=\"https:\/\/socialdesignmagazine.com\/mag\/?attachment_id=40372#content\" class=\"wp-image-40372\" srcset=\"https:\/\/socialdesignmagazine.com\/mag\/wp-content\/uploads\/2021\/05\/Casa-dos-Oleiros-Castelo-Branco-Paulo-Martins-ARQDESIGN-15-1024x985.jpg 1024w, https:\/\/socialdesignmagazine.com\/mag\/wp-content\/uploads\/2021\/05\/Casa-dos-Oleiros-Castelo-Branco-Paulo-Martins-ARQDESIGN-15-768x739.jpg 768w, https:\/\/socialdesignmagazine.com\/mag\/wp-content\/uploads\/2021\/05\/Casa-dos-Oleiros-Castelo-Branco-Paulo-Martins-ARQDESIGN-15-1536x1478.jpg 1536w, https:\/\/socialdesignmagazine.com\/mag\/wp-content\/uploads\/2021\/05\/Casa-dos-Oleiros-Castelo-Branco-Paulo-Martins-ARQDESIGN-15.jpg 1800w\" sizes=\"auto, (max-width: 1024px) 100vw, 1024px\" \/><\/figure><\/li><li class=\"blocks-gallery-item\"><figure><img loading=\"lazy\" decoding=\"async\" width=\"1024\" height=\"683\" data-attachment-id=\"40368\" data-permalink=\"https:\/\/socialdesignmagazine.com\/mag\/architettura\/dalla-ristrutturazione-di-una-casa-alla-rivitalizzazione-urbana-del-centro-storico-di-castelo-branco-paulo-martins-arqdesign\/attachment\/casa-em-castelo-branco-do-atelier-de-arquitetura-paulo-martins-a-11\/#content\" data-orig-file=\"https:\/\/socialdesignmagazine.com\/mag\/wp-content\/uploads\/2021\/05\/Casa-dos-Oleiros-Castelo-Branco-Paulo-Martins-ARQDESIGN-11.jpg\" data-orig-size=\"1800,1200\" data-comments-opened=\"1\" data-image-meta=\"{&quot;aperture&quot;:&quot;8&quot;,&quot;credit&quot;:&quot;Ivo Tavares Studio&quot;,&quot;camera&quot;:&quot;Canon EOS R&quot;,&quot;caption&quot;:&quot;Casa em Castelo Branco do atelier de arquitetura Paulo Martins Arquitecto com fotografia de arquitetura Ivo Tavares Studio&quot;,&quot;created_timestamp&quot;:&quot;1519125181&quot;,&quot;copyright&quot;:&quot;Ivo Tavares Studio - Fotografia de arquitectura&quot;,&quot;focal_length&quot;:&quot;96&quot;,&quot;iso&quot;:&quot;200&quot;,&quot;shutter_speed&quot;:&quot;0.1&quot;,&quot;title&quot;:&quot;Casa em Castelo Branco do atelier de arquitetura Paulo Martins A&quot;,&quot;orientation&quot;:&quot;1&quot;}\" data-image-title=\"Casa dos Oleiros Castelo Branco PAULO MARTINS ARQ&amp;#038;DESIGN\" data-image-description=\"\" data-image-caption=\"\" data-medium-file=\"https:\/\/socialdesignmagazine.com\/mag\/wp-content\/uploads\/2021\/05\/Casa-dos-Oleiros-Castelo-Branco-Paulo-Martins-ARQDESIGN-11-438x283.jpg\" data-large-file=\"https:\/\/socialdesignmagazine.com\/mag\/wp-content\/uploads\/2021\/05\/Casa-dos-Oleiros-Castelo-Branco-Paulo-Martins-ARQDESIGN-11-1024x683.jpg\" src=\"https:\/\/socialdesignmagazine.com\/mag\/wp-content\/uploads\/2021\/05\/Casa-dos-Oleiros-Castelo-Branco-Paulo-Martins-ARQDESIGN-11-1024x683.jpg\" alt=\"Casa dos Oleiros Castelo Branco PAULO MARTINS ARQ&amp;DESIGN\" data-id=\"40368\" data-full-url=\"https:\/\/socialdesignmagazine.com\/mag\/wp-content\/uploads\/2021\/05\/Casa-dos-Oleiros-Castelo-Branco-Paulo-Martins-ARQDESIGN-11.jpg\" data-link=\"https:\/\/socialdesignmagazine.com\/mag\/?attachment_id=40368#content\" class=\"wp-image-40368\" srcset=\"https:\/\/socialdesignmagazine.com\/mag\/wp-content\/uploads\/2021\/05\/Casa-dos-Oleiros-Castelo-Branco-Paulo-Martins-ARQDESIGN-11-1024x683.jpg 1024w, https:\/\/socialdesignmagazine.com\/mag\/wp-content\/uploads\/2021\/05\/Casa-dos-Oleiros-Castelo-Branco-Paulo-Martins-ARQDESIGN-11-100x66.jpg 100w, https:\/\/socialdesignmagazine.com\/mag\/wp-content\/uploads\/2021\/05\/Casa-dos-Oleiros-Castelo-Branco-Paulo-Martins-ARQDESIGN-11-768x512.jpg 768w, https:\/\/socialdesignmagazine.com\/mag\/wp-content\/uploads\/2021\/05\/Casa-dos-Oleiros-Castelo-Branco-Paulo-Martins-ARQDESIGN-11-1536x1024.jpg 1536w, https:\/\/socialdesignmagazine.com\/mag\/wp-content\/uploads\/2021\/05\/Casa-dos-Oleiros-Castelo-Branco-Paulo-Martins-ARQDESIGN-11.jpg 1800w\" sizes=\"auto, (max-width: 1024px) 100vw, 1024px\" \/><\/figure><\/li><li class=\"blocks-gallery-item\"><figure><img loading=\"lazy\" decoding=\"async\" width=\"1024\" height=\"1536\" data-attachment-id=\"40371\" data-permalink=\"https:\/\/socialdesignmagazine.com\/mag\/architettura\/dalla-ristrutturazione-di-una-casa-alla-rivitalizzazione-urbana-del-centro-storico-di-castelo-branco-paulo-martins-arqdesign\/attachment\/casa-em-castelo-branco-do-atelier-de-arquitetura-paulo-martins-a-14\/#content\" data-orig-file=\"https:\/\/socialdesignmagazine.com\/mag\/wp-content\/uploads\/2021\/05\/Casa-dos-Oleiros-Castelo-Branco-Paulo-Martins-ARQDESIGN-14.jpg\" data-orig-size=\"1200,1800\" data-comments-opened=\"1\" data-image-meta=\"{&quot;aperture&quot;:&quot;8&quot;,&quot;credit&quot;:&quot;Ivo Tavares Studio&quot;,&quot;camera&quot;:&quot;Canon EOS R&quot;,&quot;caption&quot;:&quot;Casa em Castelo Branco do atelier de arquitetura Paulo Martins Arquitecto com fotografia de arquitetura Ivo Tavares Studio&quot;,&quot;created_timestamp&quot;:&quot;1519125501&quot;,&quot;copyright&quot;:&quot;Ivo Tavares Studio - Fotografia de arquitectura&quot;,&quot;focal_length&quot;:&quot;24&quot;,&quot;iso&quot;:&quot;200&quot;,&quot;shutter_speed&quot;:&quot;0.125&quot;,&quot;title&quot;:&quot;Casa em Castelo Branco do atelier de arquitetura Paulo Martins A&quot;,&quot;orientation&quot;:&quot;1&quot;}\" data-image-title=\"Casa dos Oleiros Castelo Branco PAULO MARTINS ARQ&amp;#038;DESIGN\" data-image-description=\"\" data-image-caption=\"\" data-medium-file=\"https:\/\/socialdesignmagazine.com\/mag\/wp-content\/uploads\/2021\/05\/Casa-dos-Oleiros-Castelo-Branco-Paulo-Martins-ARQDESIGN-14-438x283.jpg\" data-large-file=\"https:\/\/socialdesignmagazine.com\/mag\/wp-content\/uploads\/2021\/05\/Casa-dos-Oleiros-Castelo-Branco-Paulo-Martins-ARQDESIGN-14-1024x1536.jpg\" src=\"https:\/\/socialdesignmagazine.com\/mag\/wp-content\/uploads\/2021\/05\/Casa-dos-Oleiros-Castelo-Branco-Paulo-Martins-ARQDESIGN-14-1024x1536.jpg\" alt=\"Casa dos Oleiros Castelo Branco PAULO MARTINS ARQ&amp;DESIGN\" data-id=\"40371\" data-full-url=\"https:\/\/socialdesignmagazine.com\/mag\/wp-content\/uploads\/2021\/05\/Casa-dos-Oleiros-Castelo-Branco-Paulo-Martins-ARQDESIGN-14.jpg\" data-link=\"https:\/\/socialdesignmagazine.com\/mag\/?attachment_id=40371#content\" class=\"wp-image-40371\" srcset=\"https:\/\/socialdesignmagazine.com\/mag\/wp-content\/uploads\/2021\/05\/Casa-dos-Oleiros-Castelo-Branco-Paulo-Martins-ARQDESIGN-14-1024x1536.jpg 1024w, https:\/\/socialdesignmagazine.com\/mag\/wp-content\/uploads\/2021\/05\/Casa-dos-Oleiros-Castelo-Branco-Paulo-Martins-ARQDESIGN-14-768x1152.jpg 768w, https:\/\/socialdesignmagazine.com\/mag\/wp-content\/uploads\/2021\/05\/Casa-dos-Oleiros-Castelo-Branco-Paulo-Martins-ARQDESIGN-14.jpg 1200w\" sizes=\"auto, (max-width: 1024px) 100vw, 1024px\" \/><\/figure><\/li><li class=\"blocks-gallery-item\"><figure><img loading=\"lazy\" decoding=\"async\" width=\"1024\" height=\"1552\" data-attachment-id=\"40376\" data-permalink=\"https:\/\/socialdesignmagazine.com\/mag\/architettura\/dalla-ristrutturazione-di-una-casa-alla-rivitalizzazione-urbana-del-centro-storico-di-castelo-branco-paulo-martins-arqdesign\/attachment\/casa-em-castelo-branco-do-atelier-de-arquitetura-paulo-martins-a-19\/#content\" data-orig-file=\"https:\/\/socialdesignmagazine.com\/mag\/wp-content\/uploads\/2021\/05\/Casa-dos-Oleiros-Castelo-Branco-Paulo-Martins-ARQDESIGN-19.jpg\" data-orig-size=\"1188,1800\" data-comments-opened=\"1\" data-image-meta=\"{&quot;aperture&quot;:&quot;6.3&quot;,&quot;credit&quot;:&quot;Ivo Tavares Studio&quot;,&quot;camera&quot;:&quot;Canon EOS R&quot;,&quot;caption&quot;:&quot;Casa em Castelo Branco do atelier de arquitetura Paulo Martins Arquitecto com fotografia de arquitetura Ivo Tavares Studio&quot;,&quot;created_timestamp&quot;:&quot;1519127045&quot;,&quot;copyright&quot;:&quot;Ivo Tavares Studio - Fotografia de arquitectura&quot;,&quot;focal_length&quot;:&quot;17&quot;,&quot;iso&quot;:&quot;500&quot;,&quot;shutter_speed&quot;:&quot;0.05&quot;,&quot;title&quot;:&quot;Casa em Castelo Branco do atelier de arquitetura Paulo Martins A&quot;,&quot;orientation&quot;:&quot;1&quot;}\" data-image-title=\"Casa dos Oleiros Castelo Branco PAULO MARTINS ARQ&amp;#038;DESIGN\" data-image-description=\"\" data-image-caption=\"\" data-medium-file=\"https:\/\/socialdesignmagazine.com\/mag\/wp-content\/uploads\/2021\/05\/Casa-dos-Oleiros-Castelo-Branco-Paulo-Martins-ARQDESIGN-19-438x283.jpg\" data-large-file=\"https:\/\/socialdesignmagazine.com\/mag\/wp-content\/uploads\/2021\/05\/Casa-dos-Oleiros-Castelo-Branco-Paulo-Martins-ARQDESIGN-19-1024x1552.jpg\" src=\"https:\/\/socialdesignmagazine.com\/mag\/wp-content\/uploads\/2021\/05\/Casa-dos-Oleiros-Castelo-Branco-Paulo-Martins-ARQDESIGN-19-1024x1552.jpg\" alt=\"Casa dos Oleiros Castelo Branco PAULO MARTINS ARQ&amp;DESIGN\" data-id=\"40376\" data-full-url=\"https:\/\/socialdesignmagazine.com\/mag\/wp-content\/uploads\/2021\/05\/Casa-dos-Oleiros-Castelo-Branco-Paulo-Martins-ARQDESIGN-19.jpg\" data-link=\"https:\/\/socialdesignmagazine.com\/mag\/?attachment_id=40376#content\" class=\"wp-image-40376\" srcset=\"https:\/\/socialdesignmagazine.com\/mag\/wp-content\/uploads\/2021\/05\/Casa-dos-Oleiros-Castelo-Branco-Paulo-Martins-ARQDESIGN-19-1024x1552.jpg 1024w, https:\/\/socialdesignmagazine.com\/mag\/wp-content\/uploads\/2021\/05\/Casa-dos-Oleiros-Castelo-Branco-Paulo-Martins-ARQDESIGN-19-768x1164.jpg 768w, https:\/\/socialdesignmagazine.com\/mag\/wp-content\/uploads\/2021\/05\/Casa-dos-Oleiros-Castelo-Branco-Paulo-Martins-ARQDESIGN-19-1014x1536.jpg 1014w, https:\/\/socialdesignmagazine.com\/mag\/wp-content\/uploads\/2021\/05\/Casa-dos-Oleiros-Castelo-Branco-Paulo-Martins-ARQDESIGN-19.jpg 1188w\" sizes=\"auto, (max-width: 1024px) 100vw, 1024px\" \/><\/figure><\/li><li class=\"blocks-gallery-item\"><figure><img loading=\"lazy\" decoding=\"async\" width=\"1024\" height=\"1536\" data-attachment-id=\"40418\" data-permalink=\"https:\/\/socialdesignmagazine.com\/mag\/architettura\/dalla-ristrutturazione-di-una-casa-alla-rivitalizzazione-urbana-del-centro-storico-di-castelo-branco-paulo-martins-arqdesign\/attachment\/projeto-em-local-do-atelier-de-arquitetura-arquiteto-10\/#content\" data-orig-file=\"https:\/\/socialdesignmagazine.com\/mag\/wp-content\/uploads\/2021\/05\/Casa-dos-Oleiros-Castelo-Branco-Paulo-Martins-ARQDESIGN-57.jpg\" data-orig-size=\"1200,1800\" data-comments-opened=\"1\" data-image-meta=\"{&quot;aperture&quot;:&quot;8&quot;,&quot;credit&quot;:&quot;Ivo Tavares Studio&quot;,&quot;camera&quot;:&quot;Canon EOS R&quot;,&quot;caption&quot;:&quot;(projeto) em (local) do atelier de arquitetura (arquiteto) com fotografia de arquitetura Ivo Tavares Studio&quot;,&quot;created_timestamp&quot;:&quot;1519151635&quot;,&quot;copyright&quot;:&quot;Ivo Tavares Studio - Fotografia de arquitectura&quot;,&quot;focal_length&quot;:&quot;24&quot;,&quot;iso&quot;:&quot;200&quot;,&quot;shutter_speed&quot;:&quot;1.3&quot;,&quot;title&quot;:&quot;(projeto) em (local) do atelier de arquitetura (arquiteto)&quot;,&quot;orientation&quot;:&quot;1&quot;}\" data-image-title=\"Casa dos Oleiros Castelo Branco PAULO MARTINS ARQ&amp;#038;DESIGN\" data-image-description=\"\" data-image-caption=\"\" data-medium-file=\"https:\/\/socialdesignmagazine.com\/mag\/wp-content\/uploads\/2021\/05\/Casa-dos-Oleiros-Castelo-Branco-Paulo-Martins-ARQDESIGN-57-438x283.jpg\" data-large-file=\"https:\/\/socialdesignmagazine.com\/mag\/wp-content\/uploads\/2021\/05\/Casa-dos-Oleiros-Castelo-Branco-Paulo-Martins-ARQDESIGN-57-1024x1536.jpg\" src=\"https:\/\/socialdesignmagazine.com\/mag\/wp-content\/uploads\/2021\/05\/Casa-dos-Oleiros-Castelo-Branco-Paulo-Martins-ARQDESIGN-57-1024x1536.jpg\" alt=\"Casa dos Oleiros Castelo Branco PAULO MARTINS ARQ&amp;DESIGN\" data-id=\"40418\" data-full-url=\"https:\/\/socialdesignmagazine.com\/mag\/wp-content\/uploads\/2021\/05\/Casa-dos-Oleiros-Castelo-Branco-Paulo-Martins-ARQDESIGN-57.jpg\" data-link=\"https:\/\/socialdesignmagazine.com\/mag\/?attachment_id=40418#content\" class=\"wp-image-40418\" srcset=\"https:\/\/socialdesignmagazine.com\/mag\/wp-content\/uploads\/2021\/05\/Casa-dos-Oleiros-Castelo-Branco-Paulo-Martins-ARQDESIGN-57-1024x1536.jpg 1024w, https:\/\/socialdesignmagazine.com\/mag\/wp-content\/uploads\/2021\/05\/Casa-dos-Oleiros-Castelo-Branco-Paulo-Martins-ARQDESIGN-57-768x1152.jpg 768w, https:\/\/socialdesignmagazine.com\/mag\/wp-content\/uploads\/2021\/05\/Casa-dos-Oleiros-Castelo-Branco-Paulo-Martins-ARQDESIGN-57.jpg 1200w\" sizes=\"auto, (max-width: 1024px) 100vw, 1024px\" \/><\/figure><\/li><\/ul><\/figure>\n\n\n\n<figure class=\"wp-block-gallery columns-1 is-cropped wp-block-gallery-2 is-layout-flex wp-block-gallery-is-layout-flex\"><ul class=\"blocks-gallery-grid\"><li class=\"blocks-gallery-item\"><figure><img loading=\"lazy\" decoding=\"async\" width=\"1024\" height=\"633\" data-attachment-id=\"40378\" data-permalink=\"https:\/\/socialdesignmagazine.com\/mag\/architettura\/dalla-ristrutturazione-di-una-casa-alla-rivitalizzazione-urbana-del-centro-storico-di-castelo-branco-paulo-martins-arqdesign\/attachment\/piso-0\/#content\" data-orig-file=\"https:\/\/socialdesignmagazine.com\/mag\/wp-content\/uploads\/2021\/05\/Piso-0.jpg\" data-orig-size=\"1920,1187\" data-comments-opened=\"1\" data-image-meta=\"{&quot;aperture&quot;:&quot;0&quot;,&quot;credit&quot;:&quot;&quot;,&quot;camera&quot;:&quot;&quot;,&quot;caption&quot;:&quot;&quot;,&quot;created_timestamp&quot;:&quot;0&quot;,&quot;copyright&quot;:&quot;&quot;,&quot;focal_length&quot;:&quot;0&quot;,&quot;iso&quot;:&quot;0&quot;,&quot;shutter_speed&quot;:&quot;0&quot;,&quot;title&quot;:&quot;&quot;,&quot;orientation&quot;:&quot;0&quot;}\" data-image-title=\"Piso-0\" data-image-description=\"\" data-image-caption=\"\" data-medium-file=\"https:\/\/socialdesignmagazine.com\/mag\/wp-content\/uploads\/2021\/05\/Piso-0-438x283.jpg\" data-large-file=\"https:\/\/socialdesignmagazine.com\/mag\/wp-content\/uploads\/2021\/05\/Piso-0-1024x633.jpg\" src=\"https:\/\/socialdesignmagazine.com\/mag\/wp-content\/uploads\/2021\/05\/Piso-0-1024x633.jpg\" alt=\"\" data-id=\"40378\" data-full-url=\"https:\/\/socialdesignmagazine.com\/mag\/wp-content\/uploads\/2021\/05\/Piso-0.jpg\" data-link=\"https:\/\/socialdesignmagazine.com\/mag\/?attachment_id=40378#content\" class=\"wp-image-40378\" srcset=\"https:\/\/socialdesignmagazine.com\/mag\/wp-content\/uploads\/2021\/05\/Piso-0-1024x633.jpg 1024w, https:\/\/socialdesignmagazine.com\/mag\/wp-content\/uploads\/2021\/05\/Piso-0-768x475.jpg 768w, https:\/\/socialdesignmagazine.com\/mag\/wp-content\/uploads\/2021\/05\/Piso-0-1536x950.jpg 1536w, https:\/\/socialdesignmagazine.com\/mag\/wp-content\/uploads\/2021\/05\/Piso-0.jpg 1920w\" sizes=\"auto, (max-width: 1024px) 100vw, 1024px\" \/><\/figure><\/li><li class=\"blocks-gallery-item\"><figure><img loading=\"lazy\" decoding=\"async\" width=\"1024\" height=\"633\" data-attachment-id=\"40380\" data-permalink=\"https:\/\/socialdesignmagazine.com\/mag\/architettura\/dalla-ristrutturazione-di-una-casa-alla-rivitalizzazione-urbana-del-centro-storico-di-castelo-branco-paulo-martins-arqdesign\/attachment\/piso-1\/#content\" data-orig-file=\"https:\/\/socialdesignmagazine.com\/mag\/wp-content\/uploads\/2021\/05\/Piso-1.jpg\" data-orig-size=\"1920,1187\" data-comments-opened=\"1\" data-image-meta=\"{&quot;aperture&quot;:&quot;0&quot;,&quot;credit&quot;:&quot;&quot;,&quot;camera&quot;:&quot;&quot;,&quot;caption&quot;:&quot;&quot;,&quot;created_timestamp&quot;:&quot;0&quot;,&quot;copyright&quot;:&quot;&quot;,&quot;focal_length&quot;:&quot;0&quot;,&quot;iso&quot;:&quot;0&quot;,&quot;shutter_speed&quot;:&quot;0&quot;,&quot;title&quot;:&quot;&quot;,&quot;orientation&quot;:&quot;0&quot;}\" data-image-title=\"Piso-1\" data-image-description=\"\" data-image-caption=\"\" data-medium-file=\"https:\/\/socialdesignmagazine.com\/mag\/wp-content\/uploads\/2021\/05\/Piso-1-438x283.jpg\" data-large-file=\"https:\/\/socialdesignmagazine.com\/mag\/wp-content\/uploads\/2021\/05\/Piso-1-1024x633.jpg\" src=\"https:\/\/socialdesignmagazine.com\/mag\/wp-content\/uploads\/2021\/05\/Piso-1-1024x633.jpg\" alt=\"\" data-id=\"40380\" data-full-url=\"https:\/\/socialdesignmagazine.com\/mag\/wp-content\/uploads\/2021\/05\/Piso-1.jpg\" data-link=\"https:\/\/socialdesignmagazine.com\/mag\/?attachment_id=40380#content\" class=\"wp-image-40380\" srcset=\"https:\/\/socialdesignmagazine.com\/mag\/wp-content\/uploads\/2021\/05\/Piso-1-1024x633.jpg 1024w, https:\/\/socialdesignmagazine.com\/mag\/wp-content\/uploads\/2021\/05\/Piso-1-768x475.jpg 768w, https:\/\/socialdesignmagazine.com\/mag\/wp-content\/uploads\/2021\/05\/Piso-1-1536x950.jpg 1536w, https:\/\/socialdesignmagazine.com\/mag\/wp-content\/uploads\/2021\/05\/Piso-1.jpg 1920w\" sizes=\"auto, (max-width: 1024px) 100vw, 1024px\" \/><\/figure><\/li><li class=\"blocks-gallery-item\"><figure><img loading=\"lazy\" decoding=\"async\" width=\"1024\" height=\"633\" data-attachment-id=\"40382\" data-permalink=\"https:\/\/socialdesignmagazine.com\/mag\/architettura\/dalla-ristrutturazione-di-una-casa-alla-rivitalizzazione-urbana-del-centro-storico-di-castelo-branco-paulo-martins-arqdesign\/attachment\/piso-mezzanino\/#content\" data-orig-file=\"https:\/\/socialdesignmagazine.com\/mag\/wp-content\/uploads\/2021\/05\/Piso-Mezzanino.jpg\" data-orig-size=\"1920,1187\" data-comments-opened=\"1\" data-image-meta=\"{&quot;aperture&quot;:&quot;0&quot;,&quot;credit&quot;:&quot;&quot;,&quot;camera&quot;:&quot;&quot;,&quot;caption&quot;:&quot;&quot;,&quot;created_timestamp&quot;:&quot;0&quot;,&quot;copyright&quot;:&quot;&quot;,&quot;focal_length&quot;:&quot;0&quot;,&quot;iso&quot;:&quot;0&quot;,&quot;shutter_speed&quot;:&quot;0&quot;,&quot;title&quot;:&quot;&quot;,&quot;orientation&quot;:&quot;0&quot;}\" data-image-title=\"Piso-Mezzanino\" data-image-description=\"\" data-image-caption=\"\" data-medium-file=\"https:\/\/socialdesignmagazine.com\/mag\/wp-content\/uploads\/2021\/05\/Piso-Mezzanino-438x283.jpg\" data-large-file=\"https:\/\/socialdesignmagazine.com\/mag\/wp-content\/uploads\/2021\/05\/Piso-Mezzanino-1024x633.jpg\" src=\"https:\/\/socialdesignmagazine.com\/mag\/wp-content\/uploads\/2021\/05\/Piso-Mezzanino-1024x633.jpg\" alt=\"\" data-id=\"40382\" data-full-url=\"https:\/\/socialdesignmagazine.com\/mag\/wp-content\/uploads\/2021\/05\/Piso-Mezzanino.jpg\" data-link=\"https:\/\/socialdesignmagazine.com\/mag\/?attachment_id=40382#content\" class=\"wp-image-40382\" srcset=\"https:\/\/socialdesignmagazine.com\/mag\/wp-content\/uploads\/2021\/05\/Piso-Mezzanino-1024x633.jpg 1024w, https:\/\/socialdesignmagazine.com\/mag\/wp-content\/uploads\/2021\/05\/Piso-Mezzanino-768x475.jpg 768w, https:\/\/socialdesignmagazine.com\/mag\/wp-content\/uploads\/2021\/05\/Piso-Mezzanino-1536x950.jpg 1536w, https:\/\/socialdesignmagazine.com\/mag\/wp-content\/uploads\/2021\/05\/Piso-Mezzanino.jpg 1920w\" sizes=\"auto, (max-width: 1024px) 100vw, 1024px\" \/><\/figure><\/li><li class=\"blocks-gallery-item\"><figure><img loading=\"lazy\" decoding=\"async\" width=\"1024\" height=\"783\" data-attachment-id=\"40385\" data-permalink=\"https:\/\/socialdesignmagazine.com\/mag\/architettura\/dalla-ristrutturazione-di-una-casa-alla-rivitalizzazione-urbana-del-centro-storico-di-castelo-branco-paulo-martins-arqdesign\/attachment\/seccao\/#content\" data-orig-file=\"https:\/\/socialdesignmagazine.com\/mag\/wp-content\/uploads\/2021\/05\/Seccao.jpg\" data-orig-size=\"1920,1468\" data-comments-opened=\"1\" data-image-meta=\"{&quot;aperture&quot;:&quot;0&quot;,&quot;credit&quot;:&quot;&quot;,&quot;camera&quot;:&quot;&quot;,&quot;caption&quot;:&quot;&quot;,&quot;created_timestamp&quot;:&quot;0&quot;,&quot;copyright&quot;:&quot;&quot;,&quot;focal_length&quot;:&quot;0&quot;,&quot;iso&quot;:&quot;0&quot;,&quot;shutter_speed&quot;:&quot;0&quot;,&quot;title&quot;:&quot;&quot;,&quot;orientation&quot;:&quot;0&quot;}\" data-image-title=\"Seccao\" data-image-description=\"\" data-image-caption=\"\" data-medium-file=\"https:\/\/socialdesignmagazine.com\/mag\/wp-content\/uploads\/2021\/05\/Seccao-438x283.jpg\" data-large-file=\"https:\/\/socialdesignmagazine.com\/mag\/wp-content\/uploads\/2021\/05\/Seccao-1024x783.jpg\" src=\"https:\/\/socialdesignmagazine.com\/mag\/wp-content\/uploads\/2021\/05\/Seccao-1024x783.jpg\" alt=\"\" data-id=\"40385\" data-full-url=\"https:\/\/socialdesignmagazine.com\/mag\/wp-content\/uploads\/2021\/05\/Seccao.jpg\" data-link=\"https:\/\/socialdesignmagazine.com\/mag\/?attachment_id=40385#content\" class=\"wp-image-40385\" srcset=\"https:\/\/socialdesignmagazine.com\/mag\/wp-content\/uploads\/2021\/05\/Seccao-1024x783.jpg 1024w, https:\/\/socialdesignmagazine.com\/mag\/wp-content\/uploads\/2021\/05\/Seccao-768x587.jpg 768w, https:\/\/socialdesignmagazine.com\/mag\/wp-content\/uploads\/2021\/05\/Seccao-1536x1174.jpg 1536w, https:\/\/socialdesignmagazine.com\/mag\/wp-content\/uploads\/2021\/05\/Seccao.jpg 1920w\" sizes=\"auto, (max-width: 1024px) 100vw, 1024px\" \/><\/figure><\/li><\/ul><\/figure>\n\n\n\n<h3 class=\"wp-block-heading\">Project info<\/h3>\n\n\n\n<p><strong>Project name:<\/strong> Casa dos Oleiros<br><strong>Architecture Office:<\/strong> PAULO MARTINS ARQ&amp;DESIGN<br><strong>Website:<\/strong> https:\/\/www.paulomartins.com.pt<br><strong>E-mail:<\/strong> geral@paulomartins.com.pt<br><strong>Facebook:<\/strong> https:\/\/www.facebook.com\/PAULOMARTINSARQDESIGN\/<br><strong>Instagram:<\/strong> https:\/\/www.instagram.com\/paulomartinsarqdesign\/<br><strong>Location:<\/strong> Castelo Branco<br><strong>Year of conclusion:<\/strong> 2020<br><strong>Total area:<\/strong> 110m2<br><strong>Architectural photographer:<\/strong> Ivo Tavares Studio<br><strong>Website:<\/strong> <a rel=\"nofollow\" href=\"http:\/\/www.ivotavares.net\">www.ivotavares.net<\/a><br><strong>Facebook:<\/strong> www.facebook.com\/ivotavaresstudio<br><strong>Instagram:<\/strong> www.instagram.com\/ivotavaresstudio<\/p>\n\n\n\n<h3 class=\"wp-block-heading\">MATERIALS<\/h3>\n\n\n\n<p><strong>Walls:<\/strong> Plasterboard<br><strong>Flooring:<\/strong> Riga floor floating<br><strong>Furniture:<\/strong> MDF<\/p>\n","protected":false,"gt_translate_keys":[{"key":"rendered","format":"html"}]},"excerpt":{"rendered":"<p>La ristrutturazione di una casa nel centro storico di Castelo Branco ha voluto rappresentare il tentativo di stabilire una rivitalizzazione urbana con l&#8217;occupazione da parte di fasce di et\u00e0 pi\u00f9 giovani.<\/p>\n","protected":false,"gt_translate_keys":[{"key":"rendered","format":"html"}]},"author":1,"featured_media":40395,"comment_status":"open","ping_status":"open","sticky":false,"template":"","format":"standard","meta":{"jetpack_post_was_ever_published":false,"_jetpack_newsletter_access":"","_jetpack_dont_email_post_to_subs":false,"_jetpack_newsletter_tier_id":0,"_jetpack_memberships_contains_paywalled_content":false,"_jetpack_memberships_contains_paid_content":false,"footnotes":"","_wpscppro_dont_share_socialmedia":false,"_wpscppro_custom_social_share_image":0,"_facebook_share_type":"","_twitter_share_type":"","_linkedin_share_type":"","_pinterest_share_type":"","_linkedin_share_type_page":"","_instagram_share_type":"","_medium_share_type":"","_threads_share_type":"","_google_business_share_type":"","_selected_social_profile":[],"_wpsp_enable_custom_social_template":false,"_wpsp_social_scheduling":{"enabled":false,"datetime":null,"platforms":[],"status":"template_only","dateOption":"today","timeOption":"now","customDays":"","customHours":"","customDate":"","customTime":"","schedulingType":"absolute"},"_wpsp_active_default_template":true},"categories":[15],"tags":[5451,989,99,2292,6185,6162,6207],"class_list":["post-40357","post","type-post","status-publish","format-standard","has-post-thumbnail","hentry","category-architettura","tag-architettura","tag-bianco","tag-casa","tag-interior-design","tag-ivo-tavares-architectural-photographer","tag-paulo-martins","tag-soppalco"],"yoast_head":"<!-- This site is optimized with the Yoast SEO plugin v27.2 - https:\/\/yoast.com\/product\/yoast-seo-wordpress\/ -->\n<title>Dalla ristrutturazione di una casa alla rivitalizzazione urbana del centro storico di Castelo Branco | PAULO MARTINS ARQ&amp;DESIGN - Social Design Magazine<\/title>\n<meta name=\"description\" content=\"La ristrutturazione di una casa nel centro storico di Castelo Branco ha voluto rappresentare il tentativo di stabilire una rivitalizzazione urbana con l&#039;occupazione da parte di fasce di et\u00e0 pi\u00f9 giovani.\" \/>\n<meta name=\"robots\" content=\"index, follow, max-snippet:-1, max-image-preview:large, max-video-preview:-1\" \/>\n<link rel=\"canonical\" href=\"https:\/\/socialdesignmagazine.com\/mag\/architettura\/dalla-ristrutturazione-di-una-casa-alla-rivitalizzazione-urbana-del-centro-storico-di-castelo-branco-paulo-martins-arqdesign\/\" \/>\n<meta property=\"og:locale\" content=\"it_IT\" \/>\n<meta property=\"og:type\" content=\"article\" \/>\n<meta property=\"og:title\" content=\"Dalla ristrutturazione di una casa alla rivitalizzazione urbana del centro storico di Castelo Branco | PAULO MARTINS ARQ&amp;DESIGN - Social Design Magazine\" \/>\n<meta property=\"og:description\" content=\"La ristrutturazione di una casa nel centro storico di Castelo Branco ha voluto rappresentare il tentativo di stabilire una rivitalizzazione urbana con l&#039;occupazione da parte di fasce di et\u00e0 pi\u00f9 giovani.\" \/>\n<meta property=\"og:url\" content=\"http:\/\/socialdesignmagazine.com\/mag\/architettura\/dalla-ristrutturazione-di-una-casa-alla-rivitalizzazione-urbana-del-centro-storico-di-castelo-branco-paulo-martins-arqdesign\/\" \/>\n<meta property=\"og:site_name\" content=\"Social Design Magazine\" \/>\n<meta property=\"article:publisher\" content=\"https:\/\/www.facebook.com\/socialdesignmag\" \/>\n<meta property=\"article:author\" content=\"https:\/\/www.facebook.com\/benedettofiori\" \/>\n<meta property=\"article:published_time\" content=\"2021-07-17T19:00:00+00:00\" \/>\n<meta property=\"article:modified_time\" content=\"2021-09-06T12:04:30+00:00\" \/>\n<meta property=\"og:image\" content=\"https:\/\/socialdesignmagazine.com\/mag\/wp-content\/uploads\/2021\/05\/Casa-dos-Oleiros-Castelo-Branco-Paulo-Martins-ARQDESIGN-34.jpg\" \/>\n\t<meta property=\"og:image:width\" content=\"1800\" \/>\n\t<meta property=\"og:image:height\" content=\"1200\" \/>\n\t<meta property=\"og:image:type\" content=\"image\/jpeg\" \/>\n<meta name=\"author\" content=\"Benedetto Fiori\" \/>\n<meta name=\"twitter:card\" content=\"summary_large_image\" \/>\n<meta name=\"twitter:creator\" content=\"@benedettofiori\" \/>\n<meta name=\"twitter:site\" content=\"@socialdesignmag\" \/>\n<meta name=\"twitter:label1\" content=\"Scritto da\" \/>\n\t<meta name=\"twitter:data1\" content=\"Benedetto Fiori\" \/>\n\t<meta name=\"twitter:label2\" content=\"Tempo di lettura stimato\" \/>\n\t<meta name=\"twitter:data2\" content=\"14 minuti\" \/>\n<script type=\"application\/ld+json\" class=\"yoast-schema-graph\">{\"@context\":\"https:\/\/schema.org\",\"@graph\":[{\"@type\":\"Article\",\"@id\":\"https:\/\/socialdesignmagazine.com\/mag\/architettura\/dalla-ristrutturazione-di-una-casa-alla-rivitalizzazione-urbana-del-centro-storico-di-castelo-branco-paulo-martins-arqdesign\/#article\",\"isPartOf\":{\"@id\":\"https:\/\/socialdesignmagazine.com\/mag\/architettura\/dalla-ristrutturazione-di-una-casa-alla-rivitalizzazione-urbana-del-centro-storico-di-castelo-branco-paulo-martins-arqdesign\/\"},\"author\":{\"name\":\"Benedetto Fiori\",\"@id\":\"https:\/\/socialdesignmagazine.com\/mag\/#\/schema\/person\/61e20205cc363c315e6aabd33a045846\"},\"headline\":\"Dalla ristrutturazione di una casa alla rivitalizzazione urbana del centro storico di Castelo Branco | PAULO MARTINS ARQ&#038;DESIGN\",\"datePublished\":\"2021-07-17T19:00:00+00:00\",\"dateModified\":\"2021-09-06T12:04:30+00:00\",\"mainEntityOfPage\":{\"@id\":\"https:\/\/socialdesignmagazine.com\/mag\/architettura\/dalla-ristrutturazione-di-una-casa-alla-rivitalizzazione-urbana-del-centro-storico-di-castelo-branco-paulo-martins-arqdesign\/\"},\"wordCount\":349,\"commentCount\":0,\"publisher\":{\"@id\":\"https:\/\/socialdesignmagazine.com\/mag\/#organization\"},\"image\":{\"@id\":\"https:\/\/socialdesignmagazine.com\/mag\/architettura\/dalla-ristrutturazione-di-una-casa-alla-rivitalizzazione-urbana-del-centro-storico-di-castelo-branco-paulo-martins-arqdesign\/#primaryimage\"},\"thumbnailUrl\":\"https:\/\/socialdesignmagazine.com\/mag\/wp-content\/uploads\/2021\/05\/Casa-dos-Oleiros-Castelo-Branco-Paulo-Martins-ARQDESIGN-34.jpg\",\"keywords\":[\"architettura\",\"bianco\",\"casa\",\"interior design\",\"ivo tavares architectural photographer\",\"PAULO MARTINS\",\"soppalco\"],\"articleSection\":[\"Architettura\"],\"inLanguage\":\"it-IT\",\"potentialAction\":[{\"@type\":\"CommentAction\",\"name\":\"Comment\",\"target\":[\"https:\/\/socialdesignmagazine.com\/mag\/architettura\/dalla-ristrutturazione-di-una-casa-alla-rivitalizzazione-urbana-del-centro-storico-di-castelo-branco-paulo-martins-arqdesign\/#respond\"]}]},{\"@type\":\"WebPage\",\"@id\":\"https:\/\/socialdesignmagazine.com\/mag\/architettura\/dalla-ristrutturazione-di-una-casa-alla-rivitalizzazione-urbana-del-centro-storico-di-castelo-branco-paulo-martins-arqdesign\/\",\"url\":\"https:\/\/socialdesignmagazine.com\/mag\/architettura\/dalla-ristrutturazione-di-una-casa-alla-rivitalizzazione-urbana-del-centro-storico-di-castelo-branco-paulo-martins-arqdesign\/\",\"name\":\"Dalla ristrutturazione di una casa alla rivitalizzazione urbana del centro storico di Castelo Branco | PAULO MARTINS ARQ&DESIGN - Social Design Magazine\",\"isPartOf\":{\"@id\":\"https:\/\/socialdesignmagazine.com\/mag\/#website\"},\"primaryImageOfPage\":{\"@id\":\"https:\/\/socialdesignmagazine.com\/mag\/architettura\/dalla-ristrutturazione-di-una-casa-alla-rivitalizzazione-urbana-del-centro-storico-di-castelo-branco-paulo-martins-arqdesign\/#primaryimage\"},\"image\":{\"@id\":\"https:\/\/socialdesignmagazine.com\/mag\/architettura\/dalla-ristrutturazione-di-una-casa-alla-rivitalizzazione-urbana-del-centro-storico-di-castelo-branco-paulo-martins-arqdesign\/#primaryimage\"},\"thumbnailUrl\":\"https:\/\/socialdesignmagazine.com\/mag\/wp-content\/uploads\/2021\/05\/Casa-dos-Oleiros-Castelo-Branco-Paulo-Martins-ARQDESIGN-34.jpg\",\"datePublished\":\"2021-07-17T19:00:00+00:00\",\"dateModified\":\"2021-09-06T12:04:30+00:00\",\"description\":\"La ristrutturazione di una casa nel centro storico di Castelo Branco ha voluto rappresentare il tentativo di stabilire una rivitalizzazione urbana con l'occupazione da parte di fasce di et\u00e0 pi\u00f9 giovani.\",\"breadcrumb\":{\"@id\":\"https:\/\/socialdesignmagazine.com\/mag\/architettura\/dalla-ristrutturazione-di-una-casa-alla-rivitalizzazione-urbana-del-centro-storico-di-castelo-branco-paulo-martins-arqdesign\/#breadcrumb\"},\"inLanguage\":\"it-IT\",\"potentialAction\":[{\"@type\":\"ReadAction\",\"target\":[\"https:\/\/socialdesignmagazine.com\/mag\/architettura\/dalla-ristrutturazione-di-una-casa-alla-rivitalizzazione-urbana-del-centro-storico-di-castelo-branco-paulo-martins-arqdesign\/\"]}]},{\"@type\":\"ImageObject\",\"inLanguage\":\"it-IT\",\"@id\":\"https:\/\/socialdesignmagazine.com\/mag\/architettura\/dalla-ristrutturazione-di-una-casa-alla-rivitalizzazione-urbana-del-centro-storico-di-castelo-branco-paulo-martins-arqdesign\/#primaryimage\",\"url\":\"https:\/\/socialdesignmagazine.com\/mag\/wp-content\/uploads\/2021\/05\/Casa-dos-Oleiros-Castelo-Branco-Paulo-Martins-ARQDESIGN-34.jpg\",\"contentUrl\":\"https:\/\/socialdesignmagazine.com\/mag\/wp-content\/uploads\/2021\/05\/Casa-dos-Oleiros-Castelo-Branco-Paulo-Martins-ARQDESIGN-34.jpg\",\"width\":1800,\"height\":1200,\"caption\":\"Casa dos Oleiros Castelo Branco PAULO MARTINS ARQ&DESIGN\"},{\"@type\":\"BreadcrumbList\",\"@id\":\"https:\/\/socialdesignmagazine.com\/mag\/architettura\/dalla-ristrutturazione-di-una-casa-alla-rivitalizzazione-urbana-del-centro-storico-di-castelo-branco-paulo-martins-arqdesign\/#breadcrumb\",\"itemListElement\":[{\"@type\":\"ListItem\",\"position\":1,\"name\":\"Home\",\"item\":\"https:\/\/socialdesignmagazine.com\/mag\/\"},{\"@type\":\"ListItem\",\"position\":2,\"name\":\"Architettura\",\"item\":\"https:\/\/socialdesignmagazine.com\/mag\/architettura\/\"},{\"@type\":\"ListItem\",\"position\":3,\"name\":\"Dalla ristrutturazione di una casa alla rivitalizzazione urbana del centro storico di Castelo Branco | PAULO MARTINS ARQ&#038;DESIGN\"}]},{\"@type\":\"WebSite\",\"@id\":\"https:\/\/socialdesignmagazine.com\/mag\/#website\",\"url\":\"https:\/\/socialdesignmagazine.com\/mag\/\",\"name\":\"Social Design Magazine\",\"description\":\"Social Magazine su Design, Architettura, Arte, Grafica\",\"publisher\":{\"@id\":\"https:\/\/socialdesignmagazine.com\/mag\/#organization\"},\"potentialAction\":[{\"@type\":\"SearchAction\",\"target\":{\"@type\":\"EntryPoint\",\"urlTemplate\":\"https:\/\/socialdesignmagazine.com\/mag\/?s={search_term_string}\"},\"query-input\":{\"@type\":\"PropertyValueSpecification\",\"valueRequired\":true,\"valueName\":\"search_term_string\"}}],\"inLanguage\":\"it-IT\"},{\"@type\":\"Organization\",\"@id\":\"https:\/\/socialdesignmagazine.com\/mag\/#organization\",\"name\":\"Social Design Magazine\",\"url\":\"https:\/\/socialdesignmagazine.com\/mag\/\",\"logo\":{\"@type\":\"ImageObject\",\"inLanguage\":\"it-IT\",\"@id\":\"https:\/\/socialdesignmagazine.com\/mag\/#\/schema\/logo\/image\/\",\"url\":\"https:\/\/socialdesignmagazine.com\/mag\/wp-content\/uploads\/2017\/01\/logo_favicon_11.png\",\"contentUrl\":\"https:\/\/socialdesignmagazine.com\/mag\/wp-content\/uploads\/2017\/01\/logo_favicon_11.png\",\"width\":1024,\"height\":1024,\"caption\":\"Social Design Magazine\"},\"image\":{\"@id\":\"https:\/\/socialdesignmagazine.com\/mag\/#\/schema\/logo\/image\/\"},\"sameAs\":[\"https:\/\/www.facebook.com\/socialdesignmag\",\"https:\/\/x.com\/socialdesignmag\",\"http:\/\/instagram.com\/social_design_magazine\/\",\"http:\/\/pinterest.com\/socialdesignmag\/\",\"http:\/\/www.youtube.com\/user\/socialdesignmagazine\"]},{\"@type\":\"Person\",\"@id\":\"https:\/\/socialdesignmagazine.com\/mag\/#\/schema\/person\/61e20205cc363c315e6aabd33a045846\",\"name\":\"Benedetto Fiori\",\"image\":{\"@type\":\"ImageObject\",\"inLanguage\":\"it-IT\",\"@id\":\"https:\/\/secure.gravatar.com\/avatar\/450a48cefa36da63d920ad70aa660bd10725b1c6093800242e5efdb397759033?s=96&d=mm&r=g\",\"url\":\"https:\/\/secure.gravatar.com\/avatar\/450a48cefa36da63d920ad70aa660bd10725b1c6093800242e5efdb397759033?s=96&d=mm&r=g\",\"contentUrl\":\"https:\/\/secure.gravatar.com\/avatar\/450a48cefa36da63d920ad70aa660bd10725b1c6093800242e5efdb397759033?s=96&d=mm&r=g\",\"caption\":\"Benedetto Fiori\"},\"description\":\"Web | Twitter | Facebook | Shutterstock Founder &amp; Editor in Chief di Social Design Magazine. Attratto da sempre da tutto ci\u00f2 che \u00e8 creativit\u00e0, design, architettura. Dopo aver studiato Architettura all'Universit\u00e0 di Firenze, si \u00e8 impegnato in molteplici campi: comunicazione grafica, progettazione di allestimenti fieristici, brand design, Interior Design.\",\"sameAs\":[\"http:\/\/benedettofiori.com\",\"https:\/\/www.facebook.com\/benedettofiori\",\"https:\/\/x.com\/benedettofiori\"],\"url\":\"https:\/\/socialdesignmagazine.com\/mag\/author\/benedetto\/\"}]}<\/script>\n<!-- \/ Yoast SEO plugin. -->","yoast_head_json":{"title":"Dalla ristrutturazione di una casa alla rivitalizzazione urbana del centro storico di Castelo Branco | PAULO MARTINS ARQ&DESIGN - Social Design Magazine","description":"La ristrutturazione di una casa nel centro storico di Castelo Branco ha voluto rappresentare il tentativo di stabilire una rivitalizzazione urbana con l'occupazione da parte di fasce di et\u00e0 pi\u00f9 giovani.","robots":{"index":"index","follow":"follow","max-snippet":"max-snippet:-1","max-image-preview":"max-image-preview:large","max-video-preview":"max-video-preview:-1"},"canonical":"https:\/\/socialdesignmagazine.com\/mag\/architettura\/dalla-ristrutturazione-di-una-casa-alla-rivitalizzazione-urbana-del-centro-storico-di-castelo-branco-paulo-martins-arqdesign\/","og_locale":"it_IT","og_type":"article","og_title":"Dalla ristrutturazione di una casa alla rivitalizzazione urbana del centro storico di Castelo Branco | PAULO MARTINS ARQ&DESIGN - Social Design Magazine","og_description":"La ristrutturazione di una casa nel centro storico di Castelo Branco ha voluto rappresentare il tentativo di stabilire una rivitalizzazione urbana con l'occupazione da parte di fasce di et\u00e0 pi\u00f9 giovani.","og_url":"http:\/\/socialdesignmagazine.com\/mag\/architettura\/dalla-ristrutturazione-di-una-casa-alla-rivitalizzazione-urbana-del-centro-storico-di-castelo-branco-paulo-martins-arqdesign\/","og_site_name":"Social Design Magazine","article_publisher":"https:\/\/www.facebook.com\/socialdesignmag","article_author":"https:\/\/www.facebook.com\/benedettofiori","article_published_time":"2021-07-17T19:00:00+00:00","article_modified_time":"2021-09-06T12:04:30+00:00","og_image":[{"width":1800,"height":1200,"url":"https:\/\/socialdesignmagazine.com\/mag\/wp-content\/uploads\/2021\/05\/Casa-dos-Oleiros-Castelo-Branco-Paulo-Martins-ARQDESIGN-34.jpg","type":"image\/jpeg"}],"author":"Benedetto Fiori","twitter_card":"summary_large_image","twitter_creator":"@benedettofiori","twitter_site":"@socialdesignmag","twitter_misc":{"Scritto da":"Benedetto Fiori","Tempo di lettura stimato":"14 minuti"},"schema":{"@context":"https:\/\/schema.org","@graph":[{"@type":"Article","@id":"https:\/\/socialdesignmagazine.com\/mag\/architettura\/dalla-ristrutturazione-di-una-casa-alla-rivitalizzazione-urbana-del-centro-storico-di-castelo-branco-paulo-martins-arqdesign\/#article","isPartOf":{"@id":"https:\/\/socialdesignmagazine.com\/mag\/architettura\/dalla-ristrutturazione-di-una-casa-alla-rivitalizzazione-urbana-del-centro-storico-di-castelo-branco-paulo-martins-arqdesign\/"},"author":{"name":"Benedetto Fiori","@id":"https:\/\/socialdesignmagazine.com\/mag\/#\/schema\/person\/61e20205cc363c315e6aabd33a045846"},"headline":"Dalla ristrutturazione di una casa alla rivitalizzazione urbana del centro storico di Castelo Branco | PAULO MARTINS ARQ&#038;DESIGN","datePublished":"2021-07-17T19:00:00+00:00","dateModified":"2021-09-06T12:04:30+00:00","mainEntityOfPage":{"@id":"https:\/\/socialdesignmagazine.com\/mag\/architettura\/dalla-ristrutturazione-di-una-casa-alla-rivitalizzazione-urbana-del-centro-storico-di-castelo-branco-paulo-martins-arqdesign\/"},"wordCount":349,"commentCount":0,"publisher":{"@id":"https:\/\/socialdesignmagazine.com\/mag\/#organization"},"image":{"@id":"https:\/\/socialdesignmagazine.com\/mag\/architettura\/dalla-ristrutturazione-di-una-casa-alla-rivitalizzazione-urbana-del-centro-storico-di-castelo-branco-paulo-martins-arqdesign\/#primaryimage"},"thumbnailUrl":"https:\/\/socialdesignmagazine.com\/mag\/wp-content\/uploads\/2021\/05\/Casa-dos-Oleiros-Castelo-Branco-Paulo-Martins-ARQDESIGN-34.jpg","keywords":["architettura","bianco","casa","interior design","ivo tavares architectural photographer","PAULO MARTINS","soppalco"],"articleSection":["Architettura"],"inLanguage":"it-IT","potentialAction":[{"@type":"CommentAction","name":"Comment","target":["https:\/\/socialdesignmagazine.com\/mag\/architettura\/dalla-ristrutturazione-di-una-casa-alla-rivitalizzazione-urbana-del-centro-storico-di-castelo-branco-paulo-martins-arqdesign\/#respond"]}]},{"@type":"WebPage","@id":"https:\/\/socialdesignmagazine.com\/mag\/architettura\/dalla-ristrutturazione-di-una-casa-alla-rivitalizzazione-urbana-del-centro-storico-di-castelo-branco-paulo-martins-arqdesign\/","url":"https:\/\/socialdesignmagazine.com\/mag\/architettura\/dalla-ristrutturazione-di-una-casa-alla-rivitalizzazione-urbana-del-centro-storico-di-castelo-branco-paulo-martins-arqdesign\/","name":"Dalla ristrutturazione di una casa alla rivitalizzazione urbana del centro storico di Castelo Branco | PAULO MARTINS ARQ&DESIGN - Social Design Magazine","isPartOf":{"@id":"https:\/\/socialdesignmagazine.com\/mag\/#website"},"primaryImageOfPage":{"@id":"https:\/\/socialdesignmagazine.com\/mag\/architettura\/dalla-ristrutturazione-di-una-casa-alla-rivitalizzazione-urbana-del-centro-storico-di-castelo-branco-paulo-martins-arqdesign\/#primaryimage"},"image":{"@id":"https:\/\/socialdesignmagazine.com\/mag\/architettura\/dalla-ristrutturazione-di-una-casa-alla-rivitalizzazione-urbana-del-centro-storico-di-castelo-branco-paulo-martins-arqdesign\/#primaryimage"},"thumbnailUrl":"https:\/\/socialdesignmagazine.com\/mag\/wp-content\/uploads\/2021\/05\/Casa-dos-Oleiros-Castelo-Branco-Paulo-Martins-ARQDESIGN-34.jpg","datePublished":"2021-07-17T19:00:00+00:00","dateModified":"2021-09-06T12:04:30+00:00","description":"La ristrutturazione di una casa nel centro storico di Castelo Branco ha voluto rappresentare il tentativo di stabilire una rivitalizzazione urbana con l'occupazione da parte di fasce di et\u00e0 pi\u00f9 giovani.","breadcrumb":{"@id":"https:\/\/socialdesignmagazine.com\/mag\/architettura\/dalla-ristrutturazione-di-una-casa-alla-rivitalizzazione-urbana-del-centro-storico-di-castelo-branco-paulo-martins-arqdesign\/#breadcrumb"},"inLanguage":"it-IT","potentialAction":[{"@type":"ReadAction","target":["https:\/\/socialdesignmagazine.com\/mag\/architettura\/dalla-ristrutturazione-di-una-casa-alla-rivitalizzazione-urbana-del-centro-storico-di-castelo-branco-paulo-martins-arqdesign\/"]}]},{"@type":"ImageObject","inLanguage":"it-IT","@id":"https:\/\/socialdesignmagazine.com\/mag\/architettura\/dalla-ristrutturazione-di-una-casa-alla-rivitalizzazione-urbana-del-centro-storico-di-castelo-branco-paulo-martins-arqdesign\/#primaryimage","url":"https:\/\/socialdesignmagazine.com\/mag\/wp-content\/uploads\/2021\/05\/Casa-dos-Oleiros-Castelo-Branco-Paulo-Martins-ARQDESIGN-34.jpg","contentUrl":"https:\/\/socialdesignmagazine.com\/mag\/wp-content\/uploads\/2021\/05\/Casa-dos-Oleiros-Castelo-Branco-Paulo-Martins-ARQDESIGN-34.jpg","width":1800,"height":1200,"caption":"Casa dos Oleiros Castelo Branco PAULO MARTINS ARQ&DESIGN"},{"@type":"BreadcrumbList","@id":"https:\/\/socialdesignmagazine.com\/mag\/architettura\/dalla-ristrutturazione-di-una-casa-alla-rivitalizzazione-urbana-del-centro-storico-di-castelo-branco-paulo-martins-arqdesign\/#breadcrumb","itemListElement":[{"@type":"ListItem","position":1,"name":"Home","item":"https:\/\/socialdesignmagazine.com\/mag\/"},{"@type":"ListItem","position":2,"name":"Architettura","item":"https:\/\/socialdesignmagazine.com\/mag\/architettura\/"},{"@type":"ListItem","position":3,"name":"Dalla ristrutturazione di una casa alla rivitalizzazione urbana del centro storico di Castelo Branco | PAULO MARTINS ARQ&#038;DESIGN"}]},{"@type":"WebSite","@id":"https:\/\/socialdesignmagazine.com\/mag\/#website","url":"https:\/\/socialdesignmagazine.com\/mag\/","name":"Social Design Magazine","description":"Social Magazine su Design, Architettura, Arte, Grafica","publisher":{"@id":"https:\/\/socialdesignmagazine.com\/mag\/#organization"},"potentialAction":[{"@type":"SearchAction","target":{"@type":"EntryPoint","urlTemplate":"https:\/\/socialdesignmagazine.com\/mag\/?s={search_term_string}"},"query-input":{"@type":"PropertyValueSpecification","valueRequired":true,"valueName":"search_term_string"}}],"inLanguage":"it-IT"},{"@type":"Organization","@id":"https:\/\/socialdesignmagazine.com\/mag\/#organization","name":"Social Design Magazine","url":"https:\/\/socialdesignmagazine.com\/mag\/","logo":{"@type":"ImageObject","inLanguage":"it-IT","@id":"https:\/\/socialdesignmagazine.com\/mag\/#\/schema\/logo\/image\/","url":"https:\/\/socialdesignmagazine.com\/mag\/wp-content\/uploads\/2017\/01\/logo_favicon_11.png","contentUrl":"https:\/\/socialdesignmagazine.com\/mag\/wp-content\/uploads\/2017\/01\/logo_favicon_11.png","width":1024,"height":1024,"caption":"Social Design Magazine"},"image":{"@id":"https:\/\/socialdesignmagazine.com\/mag\/#\/schema\/logo\/image\/"},"sameAs":["https:\/\/www.facebook.com\/socialdesignmag","https:\/\/x.com\/socialdesignmag","http:\/\/instagram.com\/social_design_magazine\/","http:\/\/pinterest.com\/socialdesignmag\/","http:\/\/www.youtube.com\/user\/socialdesignmagazine"]},{"@type":"Person","@id":"https:\/\/socialdesignmagazine.com\/mag\/#\/schema\/person\/61e20205cc363c315e6aabd33a045846","name":"Benedetto Fiori","image":{"@type":"ImageObject","inLanguage":"it-IT","@id":"https:\/\/secure.gravatar.com\/avatar\/450a48cefa36da63d920ad70aa660bd10725b1c6093800242e5efdb397759033?s=96&d=mm&r=g","url":"https:\/\/secure.gravatar.com\/avatar\/450a48cefa36da63d920ad70aa660bd10725b1c6093800242e5efdb397759033?s=96&d=mm&r=g","contentUrl":"https:\/\/secure.gravatar.com\/avatar\/450a48cefa36da63d920ad70aa660bd10725b1c6093800242e5efdb397759033?s=96&d=mm&r=g","caption":"Benedetto Fiori"},"description":"Web | Twitter | Facebook | Shutterstock Founder &amp; Editor in Chief di Social Design Magazine. Attratto da sempre da tutto ci\u00f2 che \u00e8 creativit\u00e0, design, architettura. Dopo aver studiato Architettura all'Universit\u00e0 di Firenze, si \u00e8 impegnato in molteplici campi: comunicazione grafica, progettazione di allestimenti fieristici, brand design, Interior Design.","sameAs":["http:\/\/benedettofiori.com","https:\/\/www.facebook.com\/benedettofiori","https:\/\/x.com\/benedettofiori"],"url":"https:\/\/socialdesignmagazine.com\/mag\/author\/benedetto\/"}]}},"jetpack_featured_media_url":"https:\/\/socialdesignmagazine.com\/mag\/wp-content\/uploads\/2021\/05\/Casa-dos-Oleiros-Castelo-Branco-Paulo-Martins-ARQDESIGN-34.jpg","jetpack_sharing_enabled":true,"jetpack_shortlink":"https:\/\/wp.me\/p6cV7V-auV","gt_translate_keys":[{"key":"link","format":"url"}],"_links":{"self":[{"href":"https:\/\/socialdesignmagazine.com\/mag\/wp-json\/wp\/v2\/posts\/40357","targetHints":{"allow":["GET"]}}],"collection":[{"href":"https:\/\/socialdesignmagazine.com\/mag\/wp-json\/wp\/v2\/posts"}],"about":[{"href":"https:\/\/socialdesignmagazine.com\/mag\/wp-json\/wp\/v2\/types\/post"}],"author":[{"embeddable":true,"href":"https:\/\/socialdesignmagazine.com\/mag\/wp-json\/wp\/v2\/users\/1"}],"replies":[{"embeddable":true,"href":"https:\/\/socialdesignmagazine.com\/mag\/wp-json\/wp\/v2\/comments?post=40357"}],"version-history":[{"count":8,"href":"https:\/\/socialdesignmagazine.com\/mag\/wp-json\/wp\/v2\/posts\/40357\/revisions"}],"predecessor-version":[{"id":43004,"href":"https:\/\/socialdesignmagazine.com\/mag\/wp-json\/wp\/v2\/posts\/40357\/revisions\/43004"}],"wp:featuredmedia":[{"embeddable":true,"href":"https:\/\/socialdesignmagazine.com\/mag\/wp-json\/wp\/v2\/media\/40395"}],"wp:attachment":[{"href":"https:\/\/socialdesignmagazine.com\/mag\/wp-json\/wp\/v2\/media?parent=40357"}],"wp:term":[{"taxonomy":"category","embeddable":true,"href":"https:\/\/socialdesignmagazine.com\/mag\/wp-json\/wp\/v2\/categories?post=40357"},{"taxonomy":"post_tag","embeddable":true,"href":"https:\/\/socialdesignmagazine.com\/mag\/wp-json\/wp\/v2\/tags?post=40357"}],"curies":[{"name":"wp","href":"https:\/\/api.w.org\/{rel}","templated":true}]}}