{"id":406,"date":"2011-08-13T12:50:30","date_gmt":"2011-08-13T10:50:30","guid":{"rendered":"https:\/\/socialdesignmagazine.com\/mag\/s6-design\/c35-design\/save-paste-sang-min-yu-e-wong-sang-lee\/"},"modified":"2024-05-07T20:50:45","modified_gmt":"2024-05-07T18:50:45","slug":"save-paste-sang-min-yu-e-wong-sang-lee","status":"publish","type":"post","link":"https:\/\/socialdesignmagazine.com\/mag\/design\/save-paste-sang-min-yu-e-wong-sang-lee\/","title":{"rendered":"save paste \/ Sang Min Yu e Wong Sang Lee","gt_translate_keys":[{"key":"rendered","format":"text"}]},"content":{"rendered":"\n<p>Sang Min Yu e Wong Sang Lee hanno ripensato il packaging del dentifricio, il risultato del loro lavoro \u00e8 molto interessante.<br>Save\u00a0Paste ha tre vantaggi rispetto al normale tubetto di dentifricio: riduce lo spazio morto all&#8217;interno del tubetto, riducendo al minimo il residuo di dentifricio lasciato all&#8217;interno del contenitore; riduce lo spazio occupato dalla confezione, permettendo di ottimizzare i processi di produzione e spedizione, i costi e favorendo il riciclaggio. Infine, ha un design user-friendly molto facile da utilizzare.<\/p>\n\n\n<div class=\"wp-block-image\">\n<figure class=\"aligncenter\"><img loading=\"lazy\" decoding=\"async\" width=\"720\" height=\"720\" data-attachment-id=\"6295\" data-permalink=\"https:\/\/socialdesignmagazine.com\/mag\/design\/save-paste-sang-min-yu-e-wong-sang-lee\/attachment\/sang_min_yu_and_wong_sang_lee_save_paste_2\/#content\" data-orig-file=\"https:\/\/socialdesignmagazine.com\/mag\/wp-content\/uploads\/2011\/08\/benedetto_save_paste_Sang_Min_Yu_and_Wong_Sang_Lee_save_paste_2.jpg\" data-orig-size=\"720,720\" data-comments-opened=\"1\" data-image-meta=\"{&quot;aperture&quot;:&quot;0&quot;,&quot;credit&quot;:&quot;&quot;,&quot;camera&quot;:&quot;&quot;,&quot;caption&quot;:&quot;&quot;,&quot;created_timestamp&quot;:&quot;0&quot;,&quot;copyright&quot;:&quot;&quot;,&quot;focal_length&quot;:&quot;0&quot;,&quot;iso&quot;:&quot;0&quot;,&quot;shutter_speed&quot;:&quot;0&quot;,&quot;title&quot;:&quot;&quot;,&quot;orientation&quot;:&quot;0&quot;}\" data-image-title=\"Sang_Min_Yu_and_Wong_Sang_Lee_save_paste_2\" data-image-description=\"\" data-image-caption=\"\" data-medium-file=\"https:\/\/socialdesignmagazine.com\/mag\/wp-content\/uploads\/2011\/08\/benedetto_save_paste_Sang_Min_Yu_and_Wong_Sang_Lee_save_paste_2-396x256.jpg\" data-large-file=\"https:\/\/socialdesignmagazine.com\/mag\/wp-content\/uploads\/2011\/08\/benedetto_save_paste_Sang_Min_Yu_and_Wong_Sang_Lee_save_paste_2.jpg\" src=\"https:\/\/socialdesignmagazine.com\/mag\/wp-content\/uploads\/2011\/08\/benedetto_save_paste_Sang_Min_Yu_and_Wong_Sang_Lee_save_paste_2.jpg\" alt=\"Sang_Min_Yu_and_Wong_Sang_Lee_save_paste_2\" class=\"wp-image-6295\" srcset=\"https:\/\/socialdesignmagazine.com\/mag\/wp-content\/uploads\/2011\/08\/benedetto_save_paste_Sang_Min_Yu_and_Wong_Sang_Lee_save_paste_2.jpg 720w, https:\/\/socialdesignmagazine.com\/mag\/wp-content\/uploads\/2011\/08\/benedetto_save_paste_Sang_Min_Yu_and_Wong_Sang_Lee_save_paste_2-65x65.jpg 65w\" sizes=\"auto, (max-width: 720px) 100vw, 720px\" \/><\/figure>\n<\/div>\n\n<div class=\"wp-block-image\">\n<figure class=\"aligncenter\"><img loading=\"lazy\" decoding=\"async\" width=\"720\" height=\"720\" data-attachment-id=\"6296\" data-permalink=\"https:\/\/socialdesignmagazine.com\/mag\/design\/save-paste-sang-min-yu-e-wong-sang-lee\/attachment\/sang_min_yu_and_wong_sang_lee_save_paste_3\/#content\" data-orig-file=\"https:\/\/socialdesignmagazine.com\/mag\/wp-content\/uploads\/2011\/08\/benedetto_save_paste_Sang_Min_Yu_and_Wong_Sang_Lee_save_paste_3.jpg\" data-orig-size=\"720,720\" data-comments-opened=\"1\" data-image-meta=\"{&quot;aperture&quot;:&quot;0&quot;,&quot;credit&quot;:&quot;&quot;,&quot;camera&quot;:&quot;&quot;,&quot;caption&quot;:&quot;&quot;,&quot;created_timestamp&quot;:&quot;0&quot;,&quot;copyright&quot;:&quot;&quot;,&quot;focal_length&quot;:&quot;0&quot;,&quot;iso&quot;:&quot;0&quot;,&quot;shutter_speed&quot;:&quot;0&quot;,&quot;title&quot;:&quot;&quot;,&quot;orientation&quot;:&quot;0&quot;}\" data-image-title=\"Sang_Min_Yu_and_Wong_Sang_Lee_save_paste_3\" data-image-description=\"\" data-image-caption=\"\" data-medium-file=\"https:\/\/socialdesignmagazine.com\/mag\/wp-content\/uploads\/2011\/08\/benedetto_save_paste_Sang_Min_Yu_and_Wong_Sang_Lee_save_paste_3-396x256.jpg\" data-large-file=\"https:\/\/socialdesignmagazine.com\/mag\/wp-content\/uploads\/2011\/08\/benedetto_save_paste_Sang_Min_Yu_and_Wong_Sang_Lee_save_paste_3.jpg\" src=\"https:\/\/socialdesignmagazine.com\/mag\/wp-content\/uploads\/2011\/08\/benedetto_save_paste_Sang_Min_Yu_and_Wong_Sang_Lee_save_paste_3.jpg\" alt=\"Sang_Min_Yu_and_Wong_Sang_Lee_save_paste_3\" class=\"wp-image-6296\" srcset=\"https:\/\/socialdesignmagazine.com\/mag\/wp-content\/uploads\/2011\/08\/benedetto_save_paste_Sang_Min_Yu_and_Wong_Sang_Lee_save_paste_3.jpg 720w, https:\/\/socialdesignmagazine.com\/mag\/wp-content\/uploads\/2011\/08\/benedetto_save_paste_Sang_Min_Yu_and_Wong_Sang_Lee_save_paste_3-65x65.jpg 65w\" sizes=\"auto, (max-width: 720px) 100vw, 720px\" \/><\/figure>\n<\/div>\n\n<div class=\"wp-block-image\">\n<figure class=\"aligncenter\"><img loading=\"lazy\" decoding=\"async\" width=\"720\" height=\"795\" data-attachment-id=\"6297\" data-permalink=\"https:\/\/socialdesignmagazine.com\/mag\/design\/save-paste-sang-min-yu-e-wong-sang-lee\/attachment\/sang_min_yu_and_wong_sang_lee_save_paste_4\/#content\" data-orig-file=\"https:\/\/socialdesignmagazine.com\/mag\/wp-content\/uploads\/2011\/08\/benedetto_save_paste_Sang_Min_Yu_and_Wong_Sang_Lee_save_paste_4.jpg\" data-orig-size=\"720,795\" data-comments-opened=\"1\" data-image-meta=\"{&quot;aperture&quot;:&quot;0&quot;,&quot;credit&quot;:&quot;&quot;,&quot;camera&quot;:&quot;&quot;,&quot;caption&quot;:&quot;&quot;,&quot;created_timestamp&quot;:&quot;0&quot;,&quot;copyright&quot;:&quot;&quot;,&quot;focal_length&quot;:&quot;0&quot;,&quot;iso&quot;:&quot;0&quot;,&quot;shutter_speed&quot;:&quot;0&quot;,&quot;title&quot;:&quot;&quot;,&quot;orientation&quot;:&quot;0&quot;}\" data-image-title=\"Sang_Min_Yu_and_Wong_Sang_Lee_save_paste_4\" data-image-description=\"\" data-image-caption=\"\" data-medium-file=\"https:\/\/socialdesignmagazine.com\/mag\/wp-content\/uploads\/2011\/08\/benedetto_save_paste_Sang_Min_Yu_and_Wong_Sang_Lee_save_paste_4-396x256.jpg\" data-large-file=\"https:\/\/socialdesignmagazine.com\/mag\/wp-content\/uploads\/2011\/08\/benedetto_save_paste_Sang_Min_Yu_and_Wong_Sang_Lee_save_paste_4.jpg\" src=\"https:\/\/socialdesignmagazine.com\/mag\/wp-content\/uploads\/2011\/08\/benedetto_save_paste_Sang_Min_Yu_and_Wong_Sang_Lee_save_paste_4.jpg\" alt=\"Sang_Min_Yu_and_Wong_Sang_Lee_save_paste_4\" class=\"wp-image-6297\"\/><\/figure>\n<\/div>\n\n<div class=\"wp-block-image\">\n<figure class=\"aligncenter\"><img loading=\"lazy\" decoding=\"async\" width=\"720\" height=\"540\" data-attachment-id=\"6298\" data-permalink=\"https:\/\/socialdesignmagazine.com\/mag\/design\/save-paste-sang-min-yu-e-wong-sang-lee\/attachment\/sang_min_yu_and_wong_sang_lee_save_paste_5\/#content\" data-orig-file=\"https:\/\/socialdesignmagazine.com\/mag\/wp-content\/uploads\/2011\/08\/benedetto_save_paste_Sang_Min_Yu_and_Wong_Sang_Lee_save_paste_5.jpg\" data-orig-size=\"720,540\" data-comments-opened=\"1\" data-image-meta=\"{&quot;aperture&quot;:&quot;0&quot;,&quot;credit&quot;:&quot;&quot;,&quot;camera&quot;:&quot;&quot;,&quot;caption&quot;:&quot;&quot;,&quot;created_timestamp&quot;:&quot;0&quot;,&quot;copyright&quot;:&quot;&quot;,&quot;focal_length&quot;:&quot;0&quot;,&quot;iso&quot;:&quot;0&quot;,&quot;shutter_speed&quot;:&quot;0&quot;,&quot;title&quot;:&quot;&quot;,&quot;orientation&quot;:&quot;0&quot;}\" data-image-title=\"Sang_Min_Yu_and_Wong_Sang_Lee_save_paste_5\" data-image-description=\"\" data-image-caption=\"\" data-medium-file=\"https:\/\/socialdesignmagazine.com\/mag\/wp-content\/uploads\/2011\/08\/benedetto_save_paste_Sang_Min_Yu_and_Wong_Sang_Lee_save_paste_5-396x256.jpg\" data-large-file=\"https:\/\/socialdesignmagazine.com\/mag\/wp-content\/uploads\/2011\/08\/benedetto_save_paste_Sang_Min_Yu_and_Wong_Sang_Lee_save_paste_5.jpg\" src=\"https:\/\/socialdesignmagazine.com\/mag\/wp-content\/uploads\/2011\/08\/benedetto_save_paste_Sang_Min_Yu_and_Wong_Sang_Lee_save_paste_5.jpg\" alt=\"Sang_Min_Yu_and_Wong_Sang_Lee_save_paste_5\" class=\"wp-image-6298\"\/><\/figure>\n<\/div>\n\n<div class=\"wp-block-image\">\n<figure class=\"aligncenter\"><img loading=\"lazy\" decoding=\"async\" width=\"720\" height=\"540\" data-attachment-id=\"6299\" data-permalink=\"https:\/\/socialdesignmagazine.com\/mag\/design\/save-paste-sang-min-yu-e-wong-sang-lee\/attachment\/sang_min_yu_and_wong_sang_lee_save_paste_6\/#content\" data-orig-file=\"https:\/\/socialdesignmagazine.com\/mag\/wp-content\/uploads\/2011\/08\/benedetto_save_paste_Sang_Min_Yu_and_Wong_Sang_Lee_save_paste_6.jpg\" data-orig-size=\"720,540\" data-comments-opened=\"1\" data-image-meta=\"{&quot;aperture&quot;:&quot;0&quot;,&quot;credit&quot;:&quot;&quot;,&quot;camera&quot;:&quot;&quot;,&quot;caption&quot;:&quot;&quot;,&quot;created_timestamp&quot;:&quot;0&quot;,&quot;copyright&quot;:&quot;&quot;,&quot;focal_length&quot;:&quot;0&quot;,&quot;iso&quot;:&quot;0&quot;,&quot;shutter_speed&quot;:&quot;0&quot;,&quot;title&quot;:&quot;&quot;,&quot;orientation&quot;:&quot;0&quot;}\" data-image-title=\"Sang_Min_Yu_and_Wong_Sang_Lee_save_paste_6\" data-image-description=\"\" data-image-caption=\"\" data-medium-file=\"https:\/\/socialdesignmagazine.com\/mag\/wp-content\/uploads\/2011\/08\/benedetto_save_paste_Sang_Min_Yu_and_Wong_Sang_Lee_save_paste_6-396x256.jpg\" data-large-file=\"https:\/\/socialdesignmagazine.com\/mag\/wp-content\/uploads\/2011\/08\/benedetto_save_paste_Sang_Min_Yu_and_Wong_Sang_Lee_save_paste_6.jpg\" src=\"https:\/\/socialdesignmagazine.com\/mag\/wp-content\/uploads\/2011\/08\/benedetto_save_paste_Sang_Min_Yu_and_Wong_Sang_Lee_save_paste_6.jpg\" alt=\"Sang_Min_Yu_and_Wong_Sang_Lee_save_paste_6\" class=\"wp-image-6299\"\/><\/figure>\n<\/div>\n\n\n<p>Via: <a class=\"jcepopup\" href=\"http:\/\/www.yankodesign.com\/2011\/07\/15\/get-more-out-of-your-toothpaste-tube\" rel=\"nofollow\">yankodesign<\/a><\/p>\n","protected":false,"gt_translate_keys":[{"key":"rendered","format":"html"}]},"excerpt":{"rendered":"<p>Sang Min Yu e Wong Sang Lee hanno ripensato il packaging del dentifricio, il risultato del loro lavoro \u00e8 molto interessante.<\/p>\n","protected":false,"gt_translate_keys":[{"key":"rendered","format":"html"}]},"author":1,"featured_media":6294,"comment_status":"open","ping_status":"open","sticky":false,"template":"","format":"standard","meta":{"jetpack_post_was_ever_published":false,"_jetpack_newsletter_access":"","_jetpack_dont_email_post_to_subs":false,"_jetpack_newsletter_tier_id":0,"_jetpack_memberships_contains_paywalled_content":false,"_jetpack_memberships_contains_paid_content":false,"footnotes":"","_wpscppro_dont_share_socialmedia":false,"_wpscppro_custom_social_share_image":0,"_facebook_share_type":"","_twitter_share_type":"","_linkedin_share_type":"","_pinterest_share_type":"","_linkedin_share_type_page":"","_instagram_share_type":"","_medium_share_type":"","_threads_share_type":"","_google_business_share_type":"","_selected_social_profile":[],"_wpsp_enable_custom_social_template":false,"_wpsp_social_scheduling":{"enabled":false,"datetime":null,"platforms":[],"status":"template_only","dateOption":"today","timeOption":"now","customDays":"","customHours":"","customDate":"","customTime":"","schedulingType":"absolute"},"_wpsp_active_default_template":true},"categories":[13],"tags":[441],"class_list":["post-406","post","type-post","status-publish","format-standard","has-post-thumbnail","hentry","category-design","tag-packaging"],"yoast_head":"<!-- This site is optimized with the Yoast SEO plugin v27.2 - https:\/\/yoast.com\/product\/yoast-seo-wordpress\/ -->\n<title>save paste \/ Sang Min Yu e Wong Sang Lee - Social Design Magazine<\/title>\n<meta name=\"description\" content=\"Sang Min Yu e Wong Sang Lee hanno ripensato il packaging del dentifricio, il risultato del loro lavoro \u00e8 molto interessante.\" \/>\n<meta name=\"robots\" content=\"index, follow, max-snippet:-1, max-image-preview:large, max-video-preview:-1\" \/>\n<link rel=\"canonical\" href=\"https:\/\/socialdesignmagazine.com\/mag\/design\/save-paste-sang-min-yu-e-wong-sang-lee\/\" \/>\n<meta property=\"og:locale\" content=\"it_IT\" \/>\n<meta property=\"og:type\" content=\"article\" \/>\n<meta property=\"og:title\" content=\"save paste \/ Sang Min Yu e Wong Sang Lee - Social Design Magazine\" \/>\n<meta property=\"og:description\" content=\"Sang Min Yu e Wong Sang Lee hanno ripensato il packaging del dentifricio, il risultato del loro lavoro \u00e8 molto interessante.\" \/>\n<meta property=\"og:url\" content=\"http:\/\/socialdesignmagazine.com\/mag\/design\/save-paste-sang-min-yu-e-wong-sang-lee\/\" \/>\n<meta property=\"og:site_name\" content=\"Social Design Magazine\" \/>\n<meta property=\"article:publisher\" content=\"https:\/\/www.facebook.com\/socialdesignmag\" \/>\n<meta property=\"article:author\" content=\"https:\/\/www.facebook.com\/benedettofiori\" \/>\n<meta property=\"article:published_time\" content=\"2011-08-13T10:50:30+00:00\" \/>\n<meta property=\"article:modified_time\" content=\"2024-05-07T18:50:45+00:00\" \/>\n<meta property=\"og:image\" content=\"https:\/\/socialdesignmagazine.com\/mag\/wp-content\/uploads\/2011\/08\/benedetto_save_paste_Sang_Min_Yu_and_Wong_Sang_Lee_save_paste_1.jpg\" \/>\n\t<meta property=\"og:image:width\" content=\"720\" \/>\n\t<meta property=\"og:image:height\" content=\"540\" \/>\n\t<meta property=\"og:image:type\" content=\"image\/jpeg\" \/>\n<meta name=\"author\" content=\"Benedetto Fiori\" \/>\n<meta name=\"twitter:card\" content=\"summary_large_image\" \/>\n<meta name=\"twitter:creator\" content=\"@benedettofiori\" \/>\n<meta name=\"twitter:site\" content=\"@socialdesignmag\" \/>\n<meta name=\"twitter:label1\" content=\"Scritto da\" \/>\n\t<meta name=\"twitter:data1\" content=\"Benedetto Fiori\" \/>\n\t<meta name=\"twitter:label2\" content=\"Tempo di lettura stimato\" \/>\n\t<meta name=\"twitter:data2\" content=\"2 minuti\" \/>\n<script type=\"application\/ld+json\" class=\"yoast-schema-graph\">{\"@context\":\"https:\/\/schema.org\",\"@graph\":[{\"@type\":\"Article\",\"@id\":\"https:\/\/socialdesignmagazine.com\/mag\/design\/save-paste-sang-min-yu-e-wong-sang-lee\/#article\",\"isPartOf\":{\"@id\":\"https:\/\/socialdesignmagazine.com\/mag\/design\/save-paste-sang-min-yu-e-wong-sang-lee\/\"},\"author\":{\"name\":\"Benedetto Fiori\",\"@id\":\"https:\/\/socialdesignmagazine.com\/mag\/#\/schema\/person\/61e20205cc363c315e6aabd33a045846\"},\"headline\":\"save paste \/ Sang Min Yu e Wong Sang Lee\",\"datePublished\":\"2011-08-13T10:50:30+00:00\",\"dateModified\":\"2024-05-07T18:50:45+00:00\",\"mainEntityOfPage\":{\"@id\":\"https:\/\/socialdesignmagazine.com\/mag\/design\/save-paste-sang-min-yu-e-wong-sang-lee\/\"},\"wordCount\":92,\"commentCount\":0,\"publisher\":{\"@id\":\"https:\/\/socialdesignmagazine.com\/mag\/#organization\"},\"image\":{\"@id\":\"https:\/\/socialdesignmagazine.com\/mag\/design\/save-paste-sang-min-yu-e-wong-sang-lee\/#primaryimage\"},\"thumbnailUrl\":\"https:\/\/socialdesignmagazine.com\/mag\/wp-content\/uploads\/2011\/08\/benedetto_save_paste_Sang_Min_Yu_and_Wong_Sang_Lee_save_paste_1.jpg\",\"keywords\":[\"packaging\"],\"articleSection\":[\"Design\"],\"inLanguage\":\"it-IT\",\"potentialAction\":[{\"@type\":\"CommentAction\",\"name\":\"Comment\",\"target\":[\"https:\/\/socialdesignmagazine.com\/mag\/design\/save-paste-sang-min-yu-e-wong-sang-lee\/#respond\"]}]},{\"@type\":\"WebPage\",\"@id\":\"https:\/\/socialdesignmagazine.com\/mag\/design\/save-paste-sang-min-yu-e-wong-sang-lee\/\",\"url\":\"https:\/\/socialdesignmagazine.com\/mag\/design\/save-paste-sang-min-yu-e-wong-sang-lee\/\",\"name\":\"save paste \/ Sang Min Yu e Wong Sang Lee - Social Design Magazine\",\"isPartOf\":{\"@id\":\"https:\/\/socialdesignmagazine.com\/mag\/#website\"},\"primaryImageOfPage\":{\"@id\":\"https:\/\/socialdesignmagazine.com\/mag\/design\/save-paste-sang-min-yu-e-wong-sang-lee\/#primaryimage\"},\"image\":{\"@id\":\"https:\/\/socialdesignmagazine.com\/mag\/design\/save-paste-sang-min-yu-e-wong-sang-lee\/#primaryimage\"},\"thumbnailUrl\":\"https:\/\/socialdesignmagazine.com\/mag\/wp-content\/uploads\/2011\/08\/benedetto_save_paste_Sang_Min_Yu_and_Wong_Sang_Lee_save_paste_1.jpg\",\"datePublished\":\"2011-08-13T10:50:30+00:00\",\"dateModified\":\"2024-05-07T18:50:45+00:00\",\"description\":\"Sang Min Yu e Wong Sang Lee hanno ripensato il packaging del dentifricio, il risultato del loro lavoro \u00e8 molto interessante.\",\"breadcrumb\":{\"@id\":\"https:\/\/socialdesignmagazine.com\/mag\/design\/save-paste-sang-min-yu-e-wong-sang-lee\/#breadcrumb\"},\"inLanguage\":\"it-IT\",\"potentialAction\":[{\"@type\":\"ReadAction\",\"target\":[\"https:\/\/socialdesignmagazine.com\/mag\/design\/save-paste-sang-min-yu-e-wong-sang-lee\/\"]}]},{\"@type\":\"ImageObject\",\"inLanguage\":\"it-IT\",\"@id\":\"https:\/\/socialdesignmagazine.com\/mag\/design\/save-paste-sang-min-yu-e-wong-sang-lee\/#primaryimage\",\"url\":\"https:\/\/socialdesignmagazine.com\/mag\/wp-content\/uploads\/2011\/08\/benedetto_save_paste_Sang_Min_Yu_and_Wong_Sang_Lee_save_paste_1.jpg\",\"contentUrl\":\"https:\/\/socialdesignmagazine.com\/mag\/wp-content\/uploads\/2011\/08\/benedetto_save_paste_Sang_Min_Yu_and_Wong_Sang_Lee_save_paste_1.jpg\",\"width\":720,\"height\":540,\"caption\":\"Sang_Min_Yu_and_Wong_Sang_Lee_save_paste_1\"},{\"@type\":\"BreadcrumbList\",\"@id\":\"https:\/\/socialdesignmagazine.com\/mag\/design\/save-paste-sang-min-yu-e-wong-sang-lee\/#breadcrumb\",\"itemListElement\":[{\"@type\":\"ListItem\",\"position\":1,\"name\":\"Home\",\"item\":\"https:\/\/socialdesignmagazine.com\/mag\/\"},{\"@type\":\"ListItem\",\"position\":2,\"name\":\"Design\",\"item\":\"https:\/\/socialdesignmagazine.com\/mag\/design\/\"},{\"@type\":\"ListItem\",\"position\":3,\"name\":\"save paste \/ Sang Min Yu e Wong Sang Lee\"}]},{\"@type\":\"WebSite\",\"@id\":\"https:\/\/socialdesignmagazine.com\/mag\/#website\",\"url\":\"https:\/\/socialdesignmagazine.com\/mag\/\",\"name\":\"Social Design Magazine\",\"description\":\"Social Magazine su Design, Architettura, Arte, Grafica\",\"publisher\":{\"@id\":\"https:\/\/socialdesignmagazine.com\/mag\/#organization\"},\"potentialAction\":[{\"@type\":\"SearchAction\",\"target\":{\"@type\":\"EntryPoint\",\"urlTemplate\":\"https:\/\/socialdesignmagazine.com\/mag\/?s={search_term_string}\"},\"query-input\":{\"@type\":\"PropertyValueSpecification\",\"valueRequired\":true,\"valueName\":\"search_term_string\"}}],\"inLanguage\":\"it-IT\"},{\"@type\":\"Organization\",\"@id\":\"https:\/\/socialdesignmagazine.com\/mag\/#organization\",\"name\":\"Social Design Magazine\",\"url\":\"https:\/\/socialdesignmagazine.com\/mag\/\",\"logo\":{\"@type\":\"ImageObject\",\"inLanguage\":\"it-IT\",\"@id\":\"https:\/\/socialdesignmagazine.com\/mag\/#\/schema\/logo\/image\/\",\"url\":\"https:\/\/socialdesignmagazine.com\/mag\/wp-content\/uploads\/2017\/01\/logo_favicon_11.png\",\"contentUrl\":\"https:\/\/socialdesignmagazine.com\/mag\/wp-content\/uploads\/2017\/01\/logo_favicon_11.png\",\"width\":1024,\"height\":1024,\"caption\":\"Social Design Magazine\"},\"image\":{\"@id\":\"https:\/\/socialdesignmagazine.com\/mag\/#\/schema\/logo\/image\/\"},\"sameAs\":[\"https:\/\/www.facebook.com\/socialdesignmag\",\"https:\/\/x.com\/socialdesignmag\",\"http:\/\/instagram.com\/social_design_magazine\/\",\"http:\/\/pinterest.com\/socialdesignmag\/\",\"http:\/\/www.youtube.com\/user\/socialdesignmagazine\"]},{\"@type\":\"Person\",\"@id\":\"https:\/\/socialdesignmagazine.com\/mag\/#\/schema\/person\/61e20205cc363c315e6aabd33a045846\",\"name\":\"Benedetto Fiori\",\"image\":{\"@type\":\"ImageObject\",\"inLanguage\":\"it-IT\",\"@id\":\"https:\/\/secure.gravatar.com\/avatar\/450a48cefa36da63d920ad70aa660bd10725b1c6093800242e5efdb397759033?s=96&d=mm&r=g\",\"url\":\"https:\/\/secure.gravatar.com\/avatar\/450a48cefa36da63d920ad70aa660bd10725b1c6093800242e5efdb397759033?s=96&d=mm&r=g\",\"contentUrl\":\"https:\/\/secure.gravatar.com\/avatar\/450a48cefa36da63d920ad70aa660bd10725b1c6093800242e5efdb397759033?s=96&d=mm&r=g\",\"caption\":\"Benedetto Fiori\"},\"description\":\"Web | Twitter | Facebook | Shutterstock Founder &amp; Editor in Chief di Social Design Magazine. Attratto da sempre da tutto ci\u00f2 che \u00e8 creativit\u00e0, design, architettura. Dopo aver studiato Architettura all'Universit\u00e0 di Firenze, si \u00e8 impegnato in molteplici campi: comunicazione grafica, progettazione di allestimenti fieristici, brand design, Interior Design.\",\"sameAs\":[\"http:\/\/benedettofiori.com\",\"https:\/\/www.facebook.com\/benedettofiori\",\"https:\/\/x.com\/benedettofiori\"],\"url\":\"https:\/\/socialdesignmagazine.com\/mag\/author\/benedetto\/\"}]}<\/script>\n<!-- \/ Yoast SEO plugin. -->","yoast_head_json":{"title":"save paste \/ Sang Min Yu e Wong Sang Lee - Social Design Magazine","description":"Sang Min Yu e Wong Sang Lee hanno ripensato il packaging del dentifricio, il risultato del loro lavoro \u00e8 molto interessante.","robots":{"index":"index","follow":"follow","max-snippet":"max-snippet:-1","max-image-preview":"max-image-preview:large","max-video-preview":"max-video-preview:-1"},"canonical":"https:\/\/socialdesignmagazine.com\/mag\/design\/save-paste-sang-min-yu-e-wong-sang-lee\/","og_locale":"it_IT","og_type":"article","og_title":"save paste \/ Sang Min Yu e Wong Sang Lee - Social Design Magazine","og_description":"Sang Min Yu e Wong Sang Lee hanno ripensato il packaging del dentifricio, il risultato del loro lavoro \u00e8 molto interessante.","og_url":"http:\/\/socialdesignmagazine.com\/mag\/design\/save-paste-sang-min-yu-e-wong-sang-lee\/","og_site_name":"Social Design Magazine","article_publisher":"https:\/\/www.facebook.com\/socialdesignmag","article_author":"https:\/\/www.facebook.com\/benedettofiori","article_published_time":"2011-08-13T10:50:30+00:00","article_modified_time":"2024-05-07T18:50:45+00:00","og_image":[{"width":720,"height":540,"url":"https:\/\/socialdesignmagazine.com\/mag\/wp-content\/uploads\/2011\/08\/benedetto_save_paste_Sang_Min_Yu_and_Wong_Sang_Lee_save_paste_1.jpg","type":"image\/jpeg"}],"author":"Benedetto Fiori","twitter_card":"summary_large_image","twitter_creator":"@benedettofiori","twitter_site":"@socialdesignmag","twitter_misc":{"Scritto da":"Benedetto Fiori","Tempo di lettura stimato":"2 minuti"},"schema":{"@context":"https:\/\/schema.org","@graph":[{"@type":"Article","@id":"https:\/\/socialdesignmagazine.com\/mag\/design\/save-paste-sang-min-yu-e-wong-sang-lee\/#article","isPartOf":{"@id":"https:\/\/socialdesignmagazine.com\/mag\/design\/save-paste-sang-min-yu-e-wong-sang-lee\/"},"author":{"name":"Benedetto Fiori","@id":"https:\/\/socialdesignmagazine.com\/mag\/#\/schema\/person\/61e20205cc363c315e6aabd33a045846"},"headline":"save paste \/ Sang Min Yu e Wong Sang Lee","datePublished":"2011-08-13T10:50:30+00:00","dateModified":"2024-05-07T18:50:45+00:00","mainEntityOfPage":{"@id":"https:\/\/socialdesignmagazine.com\/mag\/design\/save-paste-sang-min-yu-e-wong-sang-lee\/"},"wordCount":92,"commentCount":0,"publisher":{"@id":"https:\/\/socialdesignmagazine.com\/mag\/#organization"},"image":{"@id":"https:\/\/socialdesignmagazine.com\/mag\/design\/save-paste-sang-min-yu-e-wong-sang-lee\/#primaryimage"},"thumbnailUrl":"https:\/\/socialdesignmagazine.com\/mag\/wp-content\/uploads\/2011\/08\/benedetto_save_paste_Sang_Min_Yu_and_Wong_Sang_Lee_save_paste_1.jpg","keywords":["packaging"],"articleSection":["Design"],"inLanguage":"it-IT","potentialAction":[{"@type":"CommentAction","name":"Comment","target":["https:\/\/socialdesignmagazine.com\/mag\/design\/save-paste-sang-min-yu-e-wong-sang-lee\/#respond"]}]},{"@type":"WebPage","@id":"https:\/\/socialdesignmagazine.com\/mag\/design\/save-paste-sang-min-yu-e-wong-sang-lee\/","url":"https:\/\/socialdesignmagazine.com\/mag\/design\/save-paste-sang-min-yu-e-wong-sang-lee\/","name":"save paste \/ Sang Min Yu e Wong Sang Lee - Social Design Magazine","isPartOf":{"@id":"https:\/\/socialdesignmagazine.com\/mag\/#website"},"primaryImageOfPage":{"@id":"https:\/\/socialdesignmagazine.com\/mag\/design\/save-paste-sang-min-yu-e-wong-sang-lee\/#primaryimage"},"image":{"@id":"https:\/\/socialdesignmagazine.com\/mag\/design\/save-paste-sang-min-yu-e-wong-sang-lee\/#primaryimage"},"thumbnailUrl":"https:\/\/socialdesignmagazine.com\/mag\/wp-content\/uploads\/2011\/08\/benedetto_save_paste_Sang_Min_Yu_and_Wong_Sang_Lee_save_paste_1.jpg","datePublished":"2011-08-13T10:50:30+00:00","dateModified":"2024-05-07T18:50:45+00:00","description":"Sang Min Yu e Wong Sang Lee hanno ripensato il packaging del dentifricio, il risultato del loro lavoro \u00e8 molto interessante.","breadcrumb":{"@id":"https:\/\/socialdesignmagazine.com\/mag\/design\/save-paste-sang-min-yu-e-wong-sang-lee\/#breadcrumb"},"inLanguage":"it-IT","potentialAction":[{"@type":"ReadAction","target":["https:\/\/socialdesignmagazine.com\/mag\/design\/save-paste-sang-min-yu-e-wong-sang-lee\/"]}]},{"@type":"ImageObject","inLanguage":"it-IT","@id":"https:\/\/socialdesignmagazine.com\/mag\/design\/save-paste-sang-min-yu-e-wong-sang-lee\/#primaryimage","url":"https:\/\/socialdesignmagazine.com\/mag\/wp-content\/uploads\/2011\/08\/benedetto_save_paste_Sang_Min_Yu_and_Wong_Sang_Lee_save_paste_1.jpg","contentUrl":"https:\/\/socialdesignmagazine.com\/mag\/wp-content\/uploads\/2011\/08\/benedetto_save_paste_Sang_Min_Yu_and_Wong_Sang_Lee_save_paste_1.jpg","width":720,"height":540,"caption":"Sang_Min_Yu_and_Wong_Sang_Lee_save_paste_1"},{"@type":"BreadcrumbList","@id":"https:\/\/socialdesignmagazine.com\/mag\/design\/save-paste-sang-min-yu-e-wong-sang-lee\/#breadcrumb","itemListElement":[{"@type":"ListItem","position":1,"name":"Home","item":"https:\/\/socialdesignmagazine.com\/mag\/"},{"@type":"ListItem","position":2,"name":"Design","item":"https:\/\/socialdesignmagazine.com\/mag\/design\/"},{"@type":"ListItem","position":3,"name":"save paste \/ Sang Min Yu e Wong Sang Lee"}]},{"@type":"WebSite","@id":"https:\/\/socialdesignmagazine.com\/mag\/#website","url":"https:\/\/socialdesignmagazine.com\/mag\/","name":"Social Design Magazine","description":"Social Magazine su Design, Architettura, Arte, Grafica","publisher":{"@id":"https:\/\/socialdesignmagazine.com\/mag\/#organization"},"potentialAction":[{"@type":"SearchAction","target":{"@type":"EntryPoint","urlTemplate":"https:\/\/socialdesignmagazine.com\/mag\/?s={search_term_string}"},"query-input":{"@type":"PropertyValueSpecification","valueRequired":true,"valueName":"search_term_string"}}],"inLanguage":"it-IT"},{"@type":"Organization","@id":"https:\/\/socialdesignmagazine.com\/mag\/#organization","name":"Social Design Magazine","url":"https:\/\/socialdesignmagazine.com\/mag\/","logo":{"@type":"ImageObject","inLanguage":"it-IT","@id":"https:\/\/socialdesignmagazine.com\/mag\/#\/schema\/logo\/image\/","url":"https:\/\/socialdesignmagazine.com\/mag\/wp-content\/uploads\/2017\/01\/logo_favicon_11.png","contentUrl":"https:\/\/socialdesignmagazine.com\/mag\/wp-content\/uploads\/2017\/01\/logo_favicon_11.png","width":1024,"height":1024,"caption":"Social Design Magazine"},"image":{"@id":"https:\/\/socialdesignmagazine.com\/mag\/#\/schema\/logo\/image\/"},"sameAs":["https:\/\/www.facebook.com\/socialdesignmag","https:\/\/x.com\/socialdesignmag","http:\/\/instagram.com\/social_design_magazine\/","http:\/\/pinterest.com\/socialdesignmag\/","http:\/\/www.youtube.com\/user\/socialdesignmagazine"]},{"@type":"Person","@id":"https:\/\/socialdesignmagazine.com\/mag\/#\/schema\/person\/61e20205cc363c315e6aabd33a045846","name":"Benedetto Fiori","image":{"@type":"ImageObject","inLanguage":"it-IT","@id":"https:\/\/secure.gravatar.com\/avatar\/450a48cefa36da63d920ad70aa660bd10725b1c6093800242e5efdb397759033?s=96&d=mm&r=g","url":"https:\/\/secure.gravatar.com\/avatar\/450a48cefa36da63d920ad70aa660bd10725b1c6093800242e5efdb397759033?s=96&d=mm&r=g","contentUrl":"https:\/\/secure.gravatar.com\/avatar\/450a48cefa36da63d920ad70aa660bd10725b1c6093800242e5efdb397759033?s=96&d=mm&r=g","caption":"Benedetto Fiori"},"description":"Web | Twitter | Facebook | Shutterstock Founder &amp; Editor in Chief di Social Design Magazine. Attratto da sempre da tutto ci\u00f2 che \u00e8 creativit\u00e0, design, architettura. Dopo aver studiato Architettura all'Universit\u00e0 di Firenze, si \u00e8 impegnato in molteplici campi: comunicazione grafica, progettazione di allestimenti fieristici, brand design, Interior Design.","sameAs":["http:\/\/benedettofiori.com","https:\/\/www.facebook.com\/benedettofiori","https:\/\/x.com\/benedettofiori"],"url":"https:\/\/socialdesignmagazine.com\/mag\/author\/benedetto\/"}]}},"jetpack_featured_media_url":"https:\/\/socialdesignmagazine.com\/mag\/wp-content\/uploads\/2011\/08\/benedetto_save_paste_Sang_Min_Yu_and_Wong_Sang_Lee_save_paste_1.jpg","jetpack_sharing_enabled":true,"jetpack_shortlink":"https:\/\/wp.me\/p6cV7V-6y","gt_translate_keys":[{"key":"link","format":"url"}],"_links":{"self":[{"href":"https:\/\/socialdesignmagazine.com\/mag\/wp-json\/wp\/v2\/posts\/406","targetHints":{"allow":["GET"]}}],"collection":[{"href":"https:\/\/socialdesignmagazine.com\/mag\/wp-json\/wp\/v2\/posts"}],"about":[{"href":"https:\/\/socialdesignmagazine.com\/mag\/wp-json\/wp\/v2\/types\/post"}],"author":[{"embeddable":true,"href":"https:\/\/socialdesignmagazine.com\/mag\/wp-json\/wp\/v2\/users\/1"}],"replies":[{"embeddable":true,"href":"https:\/\/socialdesignmagazine.com\/mag\/wp-json\/wp\/v2\/comments?post=406"}],"version-history":[{"count":1,"href":"https:\/\/socialdesignmagazine.com\/mag\/wp-json\/wp\/v2\/posts\/406\/revisions"}],"predecessor-version":[{"id":59310,"href":"https:\/\/socialdesignmagazine.com\/mag\/wp-json\/wp\/v2\/posts\/406\/revisions\/59310"}],"wp:featuredmedia":[{"embeddable":true,"href":"https:\/\/socialdesignmagazine.com\/mag\/wp-json\/wp\/v2\/media\/6294"}],"wp:attachment":[{"href":"https:\/\/socialdesignmagazine.com\/mag\/wp-json\/wp\/v2\/media?parent=406"}],"wp:term":[{"taxonomy":"category","embeddable":true,"href":"https:\/\/socialdesignmagazine.com\/mag\/wp-json\/wp\/v2\/categories?post=406"},{"taxonomy":"post_tag","embeddable":true,"href":"https:\/\/socialdesignmagazine.com\/mag\/wp-json\/wp\/v2\/tags?post=406"}],"curies":[{"name":"wp","href":"https:\/\/api.w.org\/{rel}","templated":true}]}}