{"id":40744,"date":"2021-07-10T23:53:00","date_gmt":"2021-07-10T21:53:00","guid":{"rendered":"https:\/\/socialdesignmagazine.com\/mag\/?p=40744"},"modified":"2021-08-04T16:51:21","modified_gmt":"2021-08-04T14:51:21","slug":"ristrutturazione-di-una-vecchia-casa-colonica-casa-rio-paulo-merlini-architects","status":"publish","type":"post","link":"https:\/\/socialdesignmagazine.com\/mag\/architettura\/ristrutturazione-di-una-vecchia-casa-colonica-casa-rio-paulo-merlini-architects\/","title":{"rendered":"Ristrutturazione di una vecchia casa colonica: CASA RIO | PAULO MERLINI architects","gt_translate_keys":[{"key":"rendered","format":"text"}]},"content":{"rendered":"\n<p>Il progetto \u00e8 il risultato della ristrutturazione di una vecchia casa colonica situata in una citt\u00e0 ancora molto rurale. <\/p>\n\n\n\n<p>Smontando i materiali poveri della vecchia facciata si \u00e8 scoperto che la vecchia casa colonica era in realt\u00e0 composta da <strong>tre piccole case<\/strong> costruite secondo le esigenze dell&#8217;ex proprietario.<\/p>\n\n\n\n<p>Questa \u00e8 stata la premessa fondamentale per la realizzazione del progetto di ristrutturazione, mantenendo la struttura dei volumi originari e assumendo la loro forma originaria scoperti, unificandoli attraverso una lastra forata da un patio centrale che riempie di luce l&#8217;intera area sociale, posta al piano terra . Una finitura del tetto del giardino su questa lastra centrale offre un nuovo giardino intimo a tutte le stanze e le aree private della casa.<\/p>\n\n\n\n<p>In termini di <strong>matericit\u00e0<\/strong>, l&#8217;intenzione era quella di creare un forte contrasto tra i due piani. Al <strong>piano terra<\/strong> una matericit\u00e0 pi\u00f9 ruvida, che denuncia la tettonica della costruzione, trasmette la sensazione di abitare all&#8217;interno di un ammasso di granito scavato, in fortissimo rapporto con lo spazio esterno.<\/p>\n\n\n\n<p>E al <strong>piano superiore<\/strong>, la geometria delle tre case originarie viene denunciata gettando la loro materializzazione come volumi candidi, inondati di luce. Su questo piano, gli alti piedi destri, le persiane in legno, il bianco e il pavimento in legno ricreano la sensazione di una tipica casa di campagna portoghese.<\/p>\n\n\n\n<figure class=\"wp-block-gallery columns-1 is-cropped wp-block-gallery-1 is-layout-flex wp-block-gallery-is-layout-flex\"><ul class=\"blocks-gallery-grid\"><li class=\"blocks-gallery-item\"><figure><img loading=\"lazy\" decoding=\"async\" width=\"1024\" height=\"819\" data-attachment-id=\"40745\" data-permalink=\"https:\/\/socialdesignmagazine.com\/mag\/architettura\/ristrutturazione-di-una-vecchia-casa-colonica-casa-rio-paulo-merlini-architects\/attachment\/casa-rio-em-paredes-do-atelier-de-arquitectura-paulo-merlini-arc\/#content\" data-orig-file=\"https:\/\/socialdesignmagazine.com\/mag\/wp-content\/uploads\/2021\/06\/Casa-Rio-Paulo-Merlini-architects-01.jpg\" data-orig-size=\"1800,1440\" data-comments-opened=\"1\" data-image-meta=\"{&quot;aperture&quot;:&quot;11&quot;,&quot;credit&quot;:&quot;Ivo Tavares Studio&quot;,&quot;camera&quot;:&quot;Canon EOS R&quot;,&quot;caption&quot;:&quot;Casa Rio em Paredes do Atelier de Arquitectura Paulo Merlini Architects com fotografia de arquitetura Ivo Tavares Studio&quot;,&quot;created_timestamp&quot;:&quot;1601292103&quot;,&quot;copyright&quot;:&quot;Ivo Tavares Studio - Fotografia de arquitectura&quot;,&quot;focal_length&quot;:&quot;39&quot;,&quot;iso&quot;:&quot;200&quot;,&quot;shutter_speed&quot;:&quot;0.00625&quot;,&quot;title&quot;:&quot;Casa Rio em Paredes do Atelier de Arquitectura Paulo Merlini Arc&quot;,&quot;orientation&quot;:&quot;0&quot;}\" data-image-title=\"Casa Rio Paulo Merlini architects\" data-image-description=\"\" data-image-caption=\"\" data-medium-file=\"https:\/\/socialdesignmagazine.com\/mag\/wp-content\/uploads\/2021\/06\/Casa-Rio-Paulo-Merlini-architects-01-438x283.jpg\" data-large-file=\"https:\/\/socialdesignmagazine.com\/mag\/wp-content\/uploads\/2021\/06\/Casa-Rio-Paulo-Merlini-architects-01-1024x819.jpg\" src=\"https:\/\/socialdesignmagazine.com\/mag\/wp-content\/uploads\/2021\/06\/Casa-Rio-Paulo-Merlini-architects-01-1024x819.jpg\" alt=\"Ristrutturazione di una vecchia casa colonica - Casa Rio Paulo Merlini architects\" data-id=\"40745\" data-full-url=\"https:\/\/socialdesignmagazine.com\/mag\/wp-content\/uploads\/2021\/06\/Casa-Rio-Paulo-Merlini-architects-01.jpg\" data-link=\"https:\/\/socialdesignmagazine.com\/mag\/?attachment_id=40745#content\" class=\"wp-image-40745\" srcset=\"https:\/\/socialdesignmagazine.com\/mag\/wp-content\/uploads\/2021\/06\/Casa-Rio-Paulo-Merlini-architects-01-1024x819.jpg 1024w, https:\/\/socialdesignmagazine.com\/mag\/wp-content\/uploads\/2021\/06\/Casa-Rio-Paulo-Merlini-architects-01-768x614.jpg 768w, https:\/\/socialdesignmagazine.com\/mag\/wp-content\/uploads\/2021\/06\/Casa-Rio-Paulo-Merlini-architects-01-1536x1229.jpg 1536w, https:\/\/socialdesignmagazine.com\/mag\/wp-content\/uploads\/2021\/06\/Casa-Rio-Paulo-Merlini-architects-01.jpg 1800w\" sizes=\"auto, (max-width: 1024px) 100vw, 1024px\" \/><\/figure><\/li><li class=\"blocks-gallery-item\"><figure><img loading=\"lazy\" decoding=\"async\" width=\"1024\" height=\"1536\" data-attachment-id=\"40747\" data-permalink=\"https:\/\/socialdesignmagazine.com\/mag\/architettura\/ristrutturazione-di-una-vecchia-casa-colonica-casa-rio-paulo-merlini-architects\/attachment\/casa-rio-em-paredes-do-atelier-de-arquitectura-paulo-merlini-arc-3\/#content\" data-orig-file=\"https:\/\/socialdesignmagazine.com\/mag\/wp-content\/uploads\/2021\/06\/Casa-Rio-Paulo-Merlini-architects-03.jpg\" data-orig-size=\"1200,1800\" data-comments-opened=\"1\" data-image-meta=\"{&quot;aperture&quot;:&quot;11&quot;,&quot;credit&quot;:&quot;Ivo Tavares Studio&quot;,&quot;camera&quot;:&quot;Canon EOS R&quot;,&quot;caption&quot;:&quot;Casa Rio em Paredes do Atelier de Arquitectura Paulo Merlini Architects com fotografia de arquitetura Ivo Tavares Studio&quot;,&quot;created_timestamp&quot;:&quot;1601293210&quot;,&quot;copyright&quot;:&quot;Ivo Tavares Studio - Fotografia de arquitectura&quot;,&quot;focal_length&quot;:&quot;42&quot;,&quot;iso&quot;:&quot;200&quot;,&quot;shutter_speed&quot;:&quot;0.00625&quot;,&quot;title&quot;:&quot;Casa Rio em Paredes do Atelier de Arquitectura Paulo Merlini Arc&quot;,&quot;orientation&quot;:&quot;0&quot;}\" data-image-title=\"Casa Rio Paulo Merlini architects\" data-image-description=\"\" data-image-caption=\"\" data-medium-file=\"https:\/\/socialdesignmagazine.com\/mag\/wp-content\/uploads\/2021\/06\/Casa-Rio-Paulo-Merlini-architects-03-438x283.jpg\" data-large-file=\"https:\/\/socialdesignmagazine.com\/mag\/wp-content\/uploads\/2021\/06\/Casa-Rio-Paulo-Merlini-architects-03-1024x1536.jpg\" src=\"https:\/\/socialdesignmagazine.com\/mag\/wp-content\/uploads\/2021\/06\/Casa-Rio-Paulo-Merlini-architects-03-1024x1536.jpg\" alt=\"Ristrutturazione di una vecchia casa colonica - Casa Rio Paulo Merlini architects\" data-id=\"40747\" data-full-url=\"https:\/\/socialdesignmagazine.com\/mag\/wp-content\/uploads\/2021\/06\/Casa-Rio-Paulo-Merlini-architects-03.jpg\" data-link=\"https:\/\/socialdesignmagazine.com\/mag\/?attachment_id=40747#content\" class=\"wp-image-40747\" srcset=\"https:\/\/socialdesignmagazine.com\/mag\/wp-content\/uploads\/2021\/06\/Casa-Rio-Paulo-Merlini-architects-03-1024x1536.jpg 1024w, https:\/\/socialdesignmagazine.com\/mag\/wp-content\/uploads\/2021\/06\/Casa-Rio-Paulo-Merlini-architects-03-768x1152.jpg 768w, https:\/\/socialdesignmagazine.com\/mag\/wp-content\/uploads\/2021\/06\/Casa-Rio-Paulo-Merlini-architects-03.jpg 1200w\" sizes=\"auto, (max-width: 1024px) 100vw, 1024px\" \/><\/figure><\/li><li class=\"blocks-gallery-item\"><figure><img loading=\"lazy\" decoding=\"async\" width=\"1024\" height=\"1536\" data-attachment-id=\"40748\" data-permalink=\"https:\/\/socialdesignmagazine.com\/mag\/architettura\/ristrutturazione-di-una-vecchia-casa-colonica-casa-rio-paulo-merlini-architects\/attachment\/casa-rio-em-paredes-do-atelier-de-arquitectura-paulo-merlini-arc-4\/#content\" data-orig-file=\"https:\/\/socialdesignmagazine.com\/mag\/wp-content\/uploads\/2021\/06\/Casa-Rio-Paulo-Merlini-architects-04.jpg\" data-orig-size=\"1200,1800\" data-comments-opened=\"1\" data-image-meta=\"{&quot;aperture&quot;:&quot;11&quot;,&quot;credit&quot;:&quot;Ivo Tavares Studio&quot;,&quot;camera&quot;:&quot;Canon EOS R&quot;,&quot;caption&quot;:&quot;Casa Rio em Paredes do Atelier de Arquitectura Paulo Merlini Architects com fotografia de arquitetura Ivo Tavares Studio&quot;,&quot;created_timestamp&quot;:&quot;1601293355&quot;,&quot;copyright&quot;:&quot;Ivo Tavares Studio - Fotografia de arquitectura&quot;,&quot;focal_length&quot;:&quot;17&quot;,&quot;iso&quot;:&quot;200&quot;,&quot;shutter_speed&quot;:&quot;0.00625&quot;,&quot;title&quot;:&quot;Casa Rio em Paredes do Atelier de Arquitectura Paulo Merlini Arc&quot;,&quot;orientation&quot;:&quot;0&quot;}\" data-image-title=\"Casa Rio Paulo Merlini architects\" data-image-description=\"\" data-image-caption=\"\" data-medium-file=\"https:\/\/socialdesignmagazine.com\/mag\/wp-content\/uploads\/2021\/06\/Casa-Rio-Paulo-Merlini-architects-04-438x283.jpg\" data-large-file=\"https:\/\/socialdesignmagazine.com\/mag\/wp-content\/uploads\/2021\/06\/Casa-Rio-Paulo-Merlini-architects-04-1024x1536.jpg\" src=\"https:\/\/socialdesignmagazine.com\/mag\/wp-content\/uploads\/2021\/06\/Casa-Rio-Paulo-Merlini-architects-04-1024x1536.jpg\" alt=\"Ristrutturazione di una vecchia casa colonica - Casa Rio Paulo Merlini architects\" data-id=\"40748\" data-full-url=\"https:\/\/socialdesignmagazine.com\/mag\/wp-content\/uploads\/2021\/06\/Casa-Rio-Paulo-Merlini-architects-04.jpg\" data-link=\"https:\/\/socialdesignmagazine.com\/mag\/?attachment_id=40748#content\" class=\"wp-image-40748\" srcset=\"https:\/\/socialdesignmagazine.com\/mag\/wp-content\/uploads\/2021\/06\/Casa-Rio-Paulo-Merlini-architects-04-1024x1536.jpg 1024w, https:\/\/socialdesignmagazine.com\/mag\/wp-content\/uploads\/2021\/06\/Casa-Rio-Paulo-Merlini-architects-04-768x1152.jpg 768w, https:\/\/socialdesignmagazine.com\/mag\/wp-content\/uploads\/2021\/06\/Casa-Rio-Paulo-Merlini-architects-04.jpg 1200w\" sizes=\"auto, (max-width: 1024px) 100vw, 1024px\" \/><\/figure><\/li><li class=\"blocks-gallery-item\"><figure><img loading=\"lazy\" decoding=\"async\" width=\"1024\" height=\"1536\" data-attachment-id=\"40749\" data-permalink=\"https:\/\/socialdesignmagazine.com\/mag\/architettura\/ristrutturazione-di-una-vecchia-casa-colonica-casa-rio-paulo-merlini-architects\/attachment\/casa-rio-em-paredes-do-atelier-de-arquitectura-paulo-merlini-arc-5\/#content\" data-orig-file=\"https:\/\/socialdesignmagazine.com\/mag\/wp-content\/uploads\/2021\/06\/Casa-Rio-Paulo-Merlini-architects-05.jpg\" data-orig-size=\"1200,1800\" data-comments-opened=\"1\" data-image-meta=\"{&quot;aperture&quot;:&quot;11&quot;,&quot;credit&quot;:&quot;Ivo Tavares Studio&quot;,&quot;camera&quot;:&quot;Canon EOS R&quot;,&quot;caption&quot;:&quot;Casa Rio em Paredes do Atelier de Arquitectura Paulo Merlini Architects com fotografia de arquitetura Ivo Tavares Studio&quot;,&quot;created_timestamp&quot;:&quot;1601293755&quot;,&quot;copyright&quot;:&quot;Ivo Tavares Studio - Fotografia de arquitectura&quot;,&quot;focal_length&quot;:&quot;17&quot;,&quot;iso&quot;:&quot;200&quot;,&quot;shutter_speed&quot;:&quot;0.066666666666667&quot;,&quot;title&quot;:&quot;Casa Rio em Paredes do Atelier de Arquitectura Paulo Merlini Arc&quot;,&quot;orientation&quot;:&quot;0&quot;}\" data-image-title=\"Casa Rio Paulo Merlini architects\" data-image-description=\"\" data-image-caption=\"\" data-medium-file=\"https:\/\/socialdesignmagazine.com\/mag\/wp-content\/uploads\/2021\/06\/Casa-Rio-Paulo-Merlini-architects-05-438x283.jpg\" data-large-file=\"https:\/\/socialdesignmagazine.com\/mag\/wp-content\/uploads\/2021\/06\/Casa-Rio-Paulo-Merlini-architects-05-1024x1536.jpg\" src=\"https:\/\/socialdesignmagazine.com\/mag\/wp-content\/uploads\/2021\/06\/Casa-Rio-Paulo-Merlini-architects-05-1024x1536.jpg\" alt=\"Ristrutturazione di una vecchia casa colonica - Casa Rio Paulo Merlini architects\" data-id=\"40749\" data-full-url=\"https:\/\/socialdesignmagazine.com\/mag\/wp-content\/uploads\/2021\/06\/Casa-Rio-Paulo-Merlini-architects-05.jpg\" data-link=\"https:\/\/socialdesignmagazine.com\/mag\/?attachment_id=40749#content\" class=\"wp-image-40749\" srcset=\"https:\/\/socialdesignmagazine.com\/mag\/wp-content\/uploads\/2021\/06\/Casa-Rio-Paulo-Merlini-architects-05-1024x1536.jpg 1024w, https:\/\/socialdesignmagazine.com\/mag\/wp-content\/uploads\/2021\/06\/Casa-Rio-Paulo-Merlini-architects-05-768x1152.jpg 768w, https:\/\/socialdesignmagazine.com\/mag\/wp-content\/uploads\/2021\/06\/Casa-Rio-Paulo-Merlini-architects-05.jpg 1200w\" sizes=\"auto, (max-width: 1024px) 100vw, 1024px\" \/><\/figure><\/li><li class=\"blocks-gallery-item\"><figure><img loading=\"lazy\" decoding=\"async\" width=\"1024\" height=\"1536\" data-attachment-id=\"40750\" data-permalink=\"https:\/\/socialdesignmagazine.com\/mag\/architettura\/ristrutturazione-di-una-vecchia-casa-colonica-casa-rio-paulo-merlini-architects\/attachment\/casa-rio-em-paredes-do-atelier-de-arquitectura-paulo-merlini-arc-6\/#content\" data-orig-file=\"https:\/\/socialdesignmagazine.com\/mag\/wp-content\/uploads\/2021\/06\/Casa-Rio-Paulo-Merlini-architects-06.jpg\" data-orig-size=\"1200,1800\" data-comments-opened=\"1\" data-image-meta=\"{&quot;aperture&quot;:&quot;11&quot;,&quot;credit&quot;:&quot;Ivo Tavares Studio&quot;,&quot;camera&quot;:&quot;Canon EOS R&quot;,&quot;caption&quot;:&quot;Casa Rio em Paredes do Atelier de Arquitectura Paulo Merlini Architects com fotografia de arquitetura Ivo Tavares Studio&quot;,&quot;created_timestamp&quot;:&quot;1601294379&quot;,&quot;copyright&quot;:&quot;Ivo Tavares Studio - Fotografia de arquitectura&quot;,&quot;focal_length&quot;:&quot;70&quot;,&quot;iso&quot;:&quot;200&quot;,&quot;shutter_speed&quot;:&quot;0.1&quot;,&quot;title&quot;:&quot;Casa Rio em Paredes do Atelier de Arquitectura Paulo Merlini Arc&quot;,&quot;orientation&quot;:&quot;0&quot;}\" data-image-title=\"Casa Rio Paulo Merlini architects\" data-image-description=\"\" data-image-caption=\"\" data-medium-file=\"https:\/\/socialdesignmagazine.com\/mag\/wp-content\/uploads\/2021\/06\/Casa-Rio-Paulo-Merlini-architects-06-438x283.jpg\" data-large-file=\"https:\/\/socialdesignmagazine.com\/mag\/wp-content\/uploads\/2021\/06\/Casa-Rio-Paulo-Merlini-architects-06-1024x1536.jpg\" src=\"https:\/\/socialdesignmagazine.com\/mag\/wp-content\/uploads\/2021\/06\/Casa-Rio-Paulo-Merlini-architects-06-1024x1536.jpg\" alt=\"Ristrutturazione di una vecchia casa colonica - Casa Rio Paulo Merlini architects\" data-id=\"40750\" data-full-url=\"https:\/\/socialdesignmagazine.com\/mag\/wp-content\/uploads\/2021\/06\/Casa-Rio-Paulo-Merlini-architects-06.jpg\" data-link=\"https:\/\/socialdesignmagazine.com\/mag\/?attachment_id=40750#content\" class=\"wp-image-40750\" srcset=\"https:\/\/socialdesignmagazine.com\/mag\/wp-content\/uploads\/2021\/06\/Casa-Rio-Paulo-Merlini-architects-06-1024x1536.jpg 1024w, https:\/\/socialdesignmagazine.com\/mag\/wp-content\/uploads\/2021\/06\/Casa-Rio-Paulo-Merlini-architects-06-768x1152.jpg 768w, https:\/\/socialdesignmagazine.com\/mag\/wp-content\/uploads\/2021\/06\/Casa-Rio-Paulo-Merlini-architects-06.jpg 1200w\" sizes=\"auto, (max-width: 1024px) 100vw, 1024px\" \/><\/figure><\/li><li class=\"blocks-gallery-item\"><figure><img loading=\"lazy\" decoding=\"async\" width=\"1024\" height=\"1536\" data-attachment-id=\"40751\" data-permalink=\"https:\/\/socialdesignmagazine.com\/mag\/architettura\/ristrutturazione-di-una-vecchia-casa-colonica-casa-rio-paulo-merlini-architects\/attachment\/casa-rio-em-paredes-do-atelier-de-arquitectura-paulo-merlini-arc-7\/#content\" data-orig-file=\"https:\/\/socialdesignmagazine.com\/mag\/wp-content\/uploads\/2021\/06\/Casa-Rio-Paulo-Merlini-architects-07.jpg\" data-orig-size=\"1200,1800\" data-comments-opened=\"1\" data-image-meta=\"{&quot;aperture&quot;:&quot;11&quot;,&quot;credit&quot;:&quot;Ivo Tavares Studio&quot;,&quot;camera&quot;:&quot;Canon EOS R&quot;,&quot;caption&quot;:&quot;Casa Rio em Paredes do Atelier de Arquitectura Paulo Merlini Architects com fotografia de arquitetura Ivo Tavares Studio&quot;,&quot;created_timestamp&quot;:&quot;1601294635&quot;,&quot;copyright&quot;:&quot;Ivo Tavares Studio - Fotografia de arquitectura&quot;,&quot;focal_length&quot;:&quot;24&quot;,&quot;iso&quot;:&quot;200&quot;,&quot;shutter_speed&quot;:&quot;0.1&quot;,&quot;title&quot;:&quot;Casa Rio em Paredes do Atelier de Arquitectura Paulo Merlini Arc&quot;,&quot;orientation&quot;:&quot;0&quot;}\" data-image-title=\"Casa Rio Paulo Merlini architects\" data-image-description=\"\" data-image-caption=\"\" data-medium-file=\"https:\/\/socialdesignmagazine.com\/mag\/wp-content\/uploads\/2021\/06\/Casa-Rio-Paulo-Merlini-architects-07-438x283.jpg\" data-large-file=\"https:\/\/socialdesignmagazine.com\/mag\/wp-content\/uploads\/2021\/06\/Casa-Rio-Paulo-Merlini-architects-07-1024x1536.jpg\" src=\"https:\/\/socialdesignmagazine.com\/mag\/wp-content\/uploads\/2021\/06\/Casa-Rio-Paulo-Merlini-architects-07-1024x1536.jpg\" alt=\"Ristrutturazione di una vecchia casa colonica - Casa Rio Paulo Merlini architects\" data-id=\"40751\" data-full-url=\"https:\/\/socialdesignmagazine.com\/mag\/wp-content\/uploads\/2021\/06\/Casa-Rio-Paulo-Merlini-architects-07.jpg\" data-link=\"https:\/\/socialdesignmagazine.com\/mag\/?attachment_id=40751#content\" class=\"wp-image-40751\" srcset=\"https:\/\/socialdesignmagazine.com\/mag\/wp-content\/uploads\/2021\/06\/Casa-Rio-Paulo-Merlini-architects-07-1024x1536.jpg 1024w, https:\/\/socialdesignmagazine.com\/mag\/wp-content\/uploads\/2021\/06\/Casa-Rio-Paulo-Merlini-architects-07-768x1152.jpg 768w, https:\/\/socialdesignmagazine.com\/mag\/wp-content\/uploads\/2021\/06\/Casa-Rio-Paulo-Merlini-architects-07.jpg 1200w\" sizes=\"auto, (max-width: 1024px) 100vw, 1024px\" \/><\/figure><\/li><li class=\"blocks-gallery-item\"><figure><img loading=\"lazy\" decoding=\"async\" width=\"1024\" height=\"1536\" data-attachment-id=\"40752\" data-permalink=\"https:\/\/socialdesignmagazine.com\/mag\/architettura\/ristrutturazione-di-una-vecchia-casa-colonica-casa-rio-paulo-merlini-architects\/attachment\/casa-rio-em-paredes-do-atelier-de-arquitectura-paulo-merlini-arc-8\/#content\" data-orig-file=\"https:\/\/socialdesignmagazine.com\/mag\/wp-content\/uploads\/2021\/06\/Casa-Rio-Paulo-Merlini-architects-08.jpg\" data-orig-size=\"1200,1800\" data-comments-opened=\"1\" data-image-meta=\"{&quot;aperture&quot;:&quot;11&quot;,&quot;credit&quot;:&quot;Ivo Tavares Studio&quot;,&quot;camera&quot;:&quot;Canon EOS R&quot;,&quot;caption&quot;:&quot;Casa Rio em Paredes do Atelier de Arquitectura Paulo Merlini Architects com fotografia de arquitetura Ivo Tavares Studio&quot;,&quot;created_timestamp&quot;:&quot;1601294912&quot;,&quot;copyright&quot;:&quot;Ivo Tavares Studio - Fotografia de arquitectura&quot;,&quot;focal_length&quot;:&quot;24&quot;,&quot;iso&quot;:&quot;200&quot;,&quot;shutter_speed&quot;:&quot;0.05&quot;,&quot;title&quot;:&quot;Casa Rio em Paredes do Atelier de Arquitectura Paulo Merlini Arc&quot;,&quot;orientation&quot;:&quot;0&quot;}\" data-image-title=\"Casa Rio Paulo Merlini architects\" data-image-description=\"\" data-image-caption=\"\" data-medium-file=\"https:\/\/socialdesignmagazine.com\/mag\/wp-content\/uploads\/2021\/06\/Casa-Rio-Paulo-Merlini-architects-08-438x283.jpg\" data-large-file=\"https:\/\/socialdesignmagazine.com\/mag\/wp-content\/uploads\/2021\/06\/Casa-Rio-Paulo-Merlini-architects-08-1024x1536.jpg\" src=\"https:\/\/socialdesignmagazine.com\/mag\/wp-content\/uploads\/2021\/06\/Casa-Rio-Paulo-Merlini-architects-08-1024x1536.jpg\" alt=\"Ristrutturazione di una vecchia casa colonica - Casa Rio Paulo Merlini architects\" data-id=\"40752\" data-full-url=\"https:\/\/socialdesignmagazine.com\/mag\/wp-content\/uploads\/2021\/06\/Casa-Rio-Paulo-Merlini-architects-08.jpg\" data-link=\"https:\/\/socialdesignmagazine.com\/mag\/?attachment_id=40752#content\" class=\"wp-image-40752\" srcset=\"https:\/\/socialdesignmagazine.com\/mag\/wp-content\/uploads\/2021\/06\/Casa-Rio-Paulo-Merlini-architects-08-1024x1536.jpg 1024w, https:\/\/socialdesignmagazine.com\/mag\/wp-content\/uploads\/2021\/06\/Casa-Rio-Paulo-Merlini-architects-08-768x1152.jpg 768w, https:\/\/socialdesignmagazine.com\/mag\/wp-content\/uploads\/2021\/06\/Casa-Rio-Paulo-Merlini-architects-08.jpg 1200w\" sizes=\"auto, (max-width: 1024px) 100vw, 1024px\" \/><\/figure><\/li><li class=\"blocks-gallery-item\"><figure><img loading=\"lazy\" decoding=\"async\" width=\"1024\" height=\"1536\" data-attachment-id=\"40753\" data-permalink=\"https:\/\/socialdesignmagazine.com\/mag\/architettura\/ristrutturazione-di-una-vecchia-casa-colonica-casa-rio-paulo-merlini-architects\/attachment\/casa-rio-em-paredes-do-atelier-de-arquitectura-paulo-merlini-arc-9\/#content\" data-orig-file=\"https:\/\/socialdesignmagazine.com\/mag\/wp-content\/uploads\/2021\/06\/Casa-Rio-Paulo-Merlini-architects-09.jpg\" data-orig-size=\"1200,1800\" data-comments-opened=\"1\" data-image-meta=\"{&quot;aperture&quot;:&quot;11&quot;,&quot;credit&quot;:&quot;Ivo Tavares Studio&quot;,&quot;camera&quot;:&quot;Canon EOS R&quot;,&quot;caption&quot;:&quot;Casa Rio em Paredes do Atelier de Arquitectura Paulo Merlini Architects com fotografia de arquitetura Ivo Tavares Studio&quot;,&quot;created_timestamp&quot;:&quot;1601295177&quot;,&quot;copyright&quot;:&quot;Ivo Tavares Studio - Fotografia de arquitectura&quot;,&quot;focal_length&quot;:&quot;53&quot;,&quot;iso&quot;:&quot;200&quot;,&quot;shutter_speed&quot;:&quot;0.1&quot;,&quot;title&quot;:&quot;Casa Rio em Paredes do Atelier de Arquitectura Paulo Merlini Arc&quot;,&quot;orientation&quot;:&quot;0&quot;}\" data-image-title=\"Casa Rio Paulo Merlini architects\" data-image-description=\"\" data-image-caption=\"\" data-medium-file=\"https:\/\/socialdesignmagazine.com\/mag\/wp-content\/uploads\/2021\/06\/Casa-Rio-Paulo-Merlini-architects-09-438x283.jpg\" data-large-file=\"https:\/\/socialdesignmagazine.com\/mag\/wp-content\/uploads\/2021\/06\/Casa-Rio-Paulo-Merlini-architects-09-1024x1536.jpg\" src=\"https:\/\/socialdesignmagazine.com\/mag\/wp-content\/uploads\/2021\/06\/Casa-Rio-Paulo-Merlini-architects-09-1024x1536.jpg\" alt=\"Ristrutturazione di una vecchia casa colonica - Casa Rio Paulo Merlini architects\" data-id=\"40753\" data-full-url=\"https:\/\/socialdesignmagazine.com\/mag\/wp-content\/uploads\/2021\/06\/Casa-Rio-Paulo-Merlini-architects-09.jpg\" data-link=\"https:\/\/socialdesignmagazine.com\/mag\/?attachment_id=40753#content\" class=\"wp-image-40753\" srcset=\"https:\/\/socialdesignmagazine.com\/mag\/wp-content\/uploads\/2021\/06\/Casa-Rio-Paulo-Merlini-architects-09-1024x1536.jpg 1024w, https:\/\/socialdesignmagazine.com\/mag\/wp-content\/uploads\/2021\/06\/Casa-Rio-Paulo-Merlini-architects-09-768x1152.jpg 768w, https:\/\/socialdesignmagazine.com\/mag\/wp-content\/uploads\/2021\/06\/Casa-Rio-Paulo-Merlini-architects-09.jpg 1200w\" sizes=\"auto, (max-width: 1024px) 100vw, 1024px\" \/><\/figure><\/li><li class=\"blocks-gallery-item\"><figure><img loading=\"lazy\" decoding=\"async\" width=\"1024\" height=\"1536\" data-attachment-id=\"40754\" data-permalink=\"https:\/\/socialdesignmagazine.com\/mag\/architettura\/ristrutturazione-di-una-vecchia-casa-colonica-casa-rio-paulo-merlini-architects\/attachment\/casa-rio-em-paredes-do-atelier-de-arquitectura-paulo-merlini-arc-10\/#content\" data-orig-file=\"https:\/\/socialdesignmagazine.com\/mag\/wp-content\/uploads\/2021\/06\/Casa-Rio-Paulo-Merlini-architects-10.jpg\" data-orig-size=\"1200,1800\" data-comments-opened=\"1\" data-image-meta=\"{&quot;aperture&quot;:&quot;11&quot;,&quot;credit&quot;:&quot;Ivo Tavares Studio&quot;,&quot;camera&quot;:&quot;Canon EOS R&quot;,&quot;caption&quot;:&quot;Casa Rio em Paredes do Atelier de Arquitectura Paulo Merlini Architects com fotografia de arquitetura Ivo Tavares Studio&quot;,&quot;created_timestamp&quot;:&quot;1601295456&quot;,&quot;copyright&quot;:&quot;Ivo Tavares Studio - Fotografia de arquitectura&quot;,&quot;focal_length&quot;:&quot;44&quot;,&quot;iso&quot;:&quot;200&quot;,&quot;shutter_speed&quot;:&quot;0.04&quot;,&quot;title&quot;:&quot;Casa Rio em Paredes do Atelier de Arquitectura Paulo Merlini Arc&quot;,&quot;orientation&quot;:&quot;0&quot;}\" data-image-title=\"Casa Rio Paulo Merlini architects\" data-image-description=\"\" data-image-caption=\"\" data-medium-file=\"https:\/\/socialdesignmagazine.com\/mag\/wp-content\/uploads\/2021\/06\/Casa-Rio-Paulo-Merlini-architects-10-438x283.jpg\" data-large-file=\"https:\/\/socialdesignmagazine.com\/mag\/wp-content\/uploads\/2021\/06\/Casa-Rio-Paulo-Merlini-architects-10-1024x1536.jpg\" src=\"https:\/\/socialdesignmagazine.com\/mag\/wp-content\/uploads\/2021\/06\/Casa-Rio-Paulo-Merlini-architects-10-1024x1536.jpg\" alt=\"Ristrutturazione di una vecchia casa colonica - Casa Rio Paulo Merlini architects\" data-id=\"40754\" data-full-url=\"https:\/\/socialdesignmagazine.com\/mag\/wp-content\/uploads\/2021\/06\/Casa-Rio-Paulo-Merlini-architects-10.jpg\" data-link=\"https:\/\/socialdesignmagazine.com\/mag\/?attachment_id=40754#content\" class=\"wp-image-40754\" srcset=\"https:\/\/socialdesignmagazine.com\/mag\/wp-content\/uploads\/2021\/06\/Casa-Rio-Paulo-Merlini-architects-10-1024x1536.jpg 1024w, https:\/\/socialdesignmagazine.com\/mag\/wp-content\/uploads\/2021\/06\/Casa-Rio-Paulo-Merlini-architects-10-768x1152.jpg 768w, https:\/\/socialdesignmagazine.com\/mag\/wp-content\/uploads\/2021\/06\/Casa-Rio-Paulo-Merlini-architects-10.jpg 1200w\" sizes=\"auto, (max-width: 1024px) 100vw, 1024px\" \/><\/figure><\/li><li class=\"blocks-gallery-item\"><figure><img loading=\"lazy\" decoding=\"async\" width=\"1024\" height=\"683\" data-attachment-id=\"40755\" data-permalink=\"https:\/\/socialdesignmagazine.com\/mag\/architettura\/ristrutturazione-di-una-vecchia-casa-colonica-casa-rio-paulo-merlini-architects\/attachment\/casa-rio-em-paredes-do-atelier-de-arquitectura-paulo-merlini-arc-11\/#content\" data-orig-file=\"https:\/\/socialdesignmagazine.com\/mag\/wp-content\/uploads\/2021\/06\/Casa-Rio-Paulo-Merlini-architects-11.jpg\" data-orig-size=\"1800,1200\" data-comments-opened=\"1\" data-image-meta=\"{&quot;aperture&quot;:&quot;11&quot;,&quot;credit&quot;:&quot;Ivo Tavares Studio&quot;,&quot;camera&quot;:&quot;Canon EOS R&quot;,&quot;caption&quot;:&quot;Casa Rio em Paredes do Atelier de Arquitectura Paulo Merlini Architects com fotografia de arquitetura Ivo Tavares Studio&quot;,&quot;created_timestamp&quot;:&quot;1601297079&quot;,&quot;copyright&quot;:&quot;Ivo Tavares Studio - Fotografia de arquitectura&quot;,&quot;focal_length&quot;:&quot;17&quot;,&quot;iso&quot;:&quot;200&quot;,&quot;shutter_speed&quot;:&quot;0.066666666666667&quot;,&quot;title&quot;:&quot;Casa Rio em Paredes do Atelier de Arquitectura Paulo Merlini Arc&quot;,&quot;orientation&quot;:&quot;0&quot;}\" data-image-title=\"Casa Rio Paulo Merlini architects\" data-image-description=\"\" data-image-caption=\"\" data-medium-file=\"https:\/\/socialdesignmagazine.com\/mag\/wp-content\/uploads\/2021\/06\/Casa-Rio-Paulo-Merlini-architects-11-438x283.jpg\" data-large-file=\"https:\/\/socialdesignmagazine.com\/mag\/wp-content\/uploads\/2021\/06\/Casa-Rio-Paulo-Merlini-architects-11-1024x683.jpg\" src=\"https:\/\/socialdesignmagazine.com\/mag\/wp-content\/uploads\/2021\/06\/Casa-Rio-Paulo-Merlini-architects-11-1024x683.jpg\" alt=\"Ristrutturazione di una vecchia casa colonica - Casa Rio Paulo Merlini architects\" data-id=\"40755\" data-full-url=\"https:\/\/socialdesignmagazine.com\/mag\/wp-content\/uploads\/2021\/06\/Casa-Rio-Paulo-Merlini-architects-11.jpg\" data-link=\"https:\/\/socialdesignmagazine.com\/mag\/?attachment_id=40755#content\" class=\"wp-image-40755\" srcset=\"https:\/\/socialdesignmagazine.com\/mag\/wp-content\/uploads\/2021\/06\/Casa-Rio-Paulo-Merlini-architects-11-1024x683.jpg 1024w, https:\/\/socialdesignmagazine.com\/mag\/wp-content\/uploads\/2021\/06\/Casa-Rio-Paulo-Merlini-architects-11-100x66.jpg 100w, https:\/\/socialdesignmagazine.com\/mag\/wp-content\/uploads\/2021\/06\/Casa-Rio-Paulo-Merlini-architects-11-768x512.jpg 768w, https:\/\/socialdesignmagazine.com\/mag\/wp-content\/uploads\/2021\/06\/Casa-Rio-Paulo-Merlini-architects-11-1536x1024.jpg 1536w, https:\/\/socialdesignmagazine.com\/mag\/wp-content\/uploads\/2021\/06\/Casa-Rio-Paulo-Merlini-architects-11.jpg 1800w\" sizes=\"auto, (max-width: 1024px) 100vw, 1024px\" \/><\/figure><\/li><li class=\"blocks-gallery-item\"><figure><img loading=\"lazy\" decoding=\"async\" width=\"1024\" height=\"683\" data-attachment-id=\"40756\" data-permalink=\"https:\/\/socialdesignmagazine.com\/mag\/architettura\/ristrutturazione-di-una-vecchia-casa-colonica-casa-rio-paulo-merlini-architects\/attachment\/casa-rio-em-paredes-do-atelier-de-arquitectura-paulo-merlini-arc-12\/#content\" data-orig-file=\"https:\/\/socialdesignmagazine.com\/mag\/wp-content\/uploads\/2021\/06\/Casa-Rio-Paulo-Merlini-architects-12.jpg\" data-orig-size=\"1800,1200\" data-comments-opened=\"1\" data-image-meta=\"{&quot;aperture&quot;:&quot;11&quot;,&quot;credit&quot;:&quot;Ivo Tavares Studio&quot;,&quot;camera&quot;:&quot;Canon EOS R&quot;,&quot;caption&quot;:&quot;Casa Rio em Paredes do Atelier de Arquitectura Paulo Merlini Architects com fotografia de arquitetura Ivo Tavares Studio&quot;,&quot;created_timestamp&quot;:&quot;1601297158&quot;,&quot;copyright&quot;:&quot;Ivo Tavares Studio - Fotografia de arquitectura&quot;,&quot;focal_length&quot;:&quot;38&quot;,&quot;iso&quot;:&quot;200&quot;,&quot;shutter_speed&quot;:&quot;0.05&quot;,&quot;title&quot;:&quot;Casa Rio em Paredes do Atelier de Arquitectura Paulo Merlini Arc&quot;,&quot;orientation&quot;:&quot;0&quot;}\" data-image-title=\"Casa Rio Paulo Merlini architects\" data-image-description=\"\" data-image-caption=\"\" data-medium-file=\"https:\/\/socialdesignmagazine.com\/mag\/wp-content\/uploads\/2021\/06\/Casa-Rio-Paulo-Merlini-architects-12-438x283.jpg\" data-large-file=\"https:\/\/socialdesignmagazine.com\/mag\/wp-content\/uploads\/2021\/06\/Casa-Rio-Paulo-Merlini-architects-12-1024x683.jpg\" src=\"https:\/\/socialdesignmagazine.com\/mag\/wp-content\/uploads\/2021\/06\/Casa-Rio-Paulo-Merlini-architects-12-1024x683.jpg\" alt=\"Ristrutturazione di una vecchia casa colonica - Casa Rio Paulo Merlini architects\" data-id=\"40756\" data-full-url=\"https:\/\/socialdesignmagazine.com\/mag\/wp-content\/uploads\/2021\/06\/Casa-Rio-Paulo-Merlini-architects-12.jpg\" data-link=\"https:\/\/socialdesignmagazine.com\/mag\/?attachment_id=40756#content\" class=\"wp-image-40756\" srcset=\"https:\/\/socialdesignmagazine.com\/mag\/wp-content\/uploads\/2021\/06\/Casa-Rio-Paulo-Merlini-architects-12-1024x683.jpg 1024w, https:\/\/socialdesignmagazine.com\/mag\/wp-content\/uploads\/2021\/06\/Casa-Rio-Paulo-Merlini-architects-12-100x66.jpg 100w, https:\/\/socialdesignmagazine.com\/mag\/wp-content\/uploads\/2021\/06\/Casa-Rio-Paulo-Merlini-architects-12-768x512.jpg 768w, https:\/\/socialdesignmagazine.com\/mag\/wp-content\/uploads\/2021\/06\/Casa-Rio-Paulo-Merlini-architects-12-1536x1024.jpg 1536w, https:\/\/socialdesignmagazine.com\/mag\/wp-content\/uploads\/2021\/06\/Casa-Rio-Paulo-Merlini-architects-12.jpg 1800w\" sizes=\"auto, (max-width: 1024px) 100vw, 1024px\" \/><\/figure><\/li><li class=\"blocks-gallery-item\"><figure><img loading=\"lazy\" decoding=\"async\" width=\"1024\" height=\"1536\" data-attachment-id=\"40757\" data-permalink=\"https:\/\/socialdesignmagazine.com\/mag\/architettura\/ristrutturazione-di-una-vecchia-casa-colonica-casa-rio-paulo-merlini-architects\/attachment\/casa-rio-em-paredes-do-atelier-de-arquitectura-paulo-merlini-arc-13\/#content\" data-orig-file=\"https:\/\/socialdesignmagazine.com\/mag\/wp-content\/uploads\/2021\/06\/Casa-Rio-Paulo-Merlini-architects-13.jpg\" data-orig-size=\"1200,1800\" data-comments-opened=\"1\" data-image-meta=\"{&quot;aperture&quot;:&quot;11&quot;,&quot;credit&quot;:&quot;Ivo Tavares Studio&quot;,&quot;camera&quot;:&quot;Canon EOS R&quot;,&quot;caption&quot;:&quot;Casa Rio em Paredes do Atelier de Arquitectura Paulo Merlini Architects com fotografia de arquitetura Ivo Tavares Studio&quot;,&quot;created_timestamp&quot;:&quot;1601297221&quot;,&quot;copyright&quot;:&quot;Ivo Tavares Studio - Fotografia de arquitectura&quot;,&quot;focal_length&quot;:&quot;29&quot;,&quot;iso&quot;:&quot;200&quot;,&quot;shutter_speed&quot;:&quot;0.05&quot;,&quot;title&quot;:&quot;Casa Rio em Paredes do Atelier de Arquitectura Paulo Merlini Arc&quot;,&quot;orientation&quot;:&quot;0&quot;}\" data-image-title=\"Casa Rio Paulo Merlini architects\" data-image-description=\"\" data-image-caption=\"\" data-medium-file=\"https:\/\/socialdesignmagazine.com\/mag\/wp-content\/uploads\/2021\/06\/Casa-Rio-Paulo-Merlini-architects-13-438x283.jpg\" data-large-file=\"https:\/\/socialdesignmagazine.com\/mag\/wp-content\/uploads\/2021\/06\/Casa-Rio-Paulo-Merlini-architects-13-1024x1536.jpg\" src=\"https:\/\/socialdesignmagazine.com\/mag\/wp-content\/uploads\/2021\/06\/Casa-Rio-Paulo-Merlini-architects-13-1024x1536.jpg\" alt=\"Ristrutturazione di una vecchia casa colonica - Casa Rio Paulo Merlini architects\" data-id=\"40757\" data-full-url=\"https:\/\/socialdesignmagazine.com\/mag\/wp-content\/uploads\/2021\/06\/Casa-Rio-Paulo-Merlini-architects-13.jpg\" data-link=\"https:\/\/socialdesignmagazine.com\/mag\/?attachment_id=40757#content\" class=\"wp-image-40757\" srcset=\"https:\/\/socialdesignmagazine.com\/mag\/wp-content\/uploads\/2021\/06\/Casa-Rio-Paulo-Merlini-architects-13-1024x1536.jpg 1024w, https:\/\/socialdesignmagazine.com\/mag\/wp-content\/uploads\/2021\/06\/Casa-Rio-Paulo-Merlini-architects-13-768x1152.jpg 768w, https:\/\/socialdesignmagazine.com\/mag\/wp-content\/uploads\/2021\/06\/Casa-Rio-Paulo-Merlini-architects-13.jpg 1200w\" sizes=\"auto, (max-width: 1024px) 100vw, 1024px\" \/><\/figure><\/li><li class=\"blocks-gallery-item\"><figure><img loading=\"lazy\" decoding=\"async\" width=\"1024\" height=\"1536\" data-attachment-id=\"40758\" data-permalink=\"https:\/\/socialdesignmagazine.com\/mag\/architettura\/ristrutturazione-di-una-vecchia-casa-colonica-casa-rio-paulo-merlini-architects\/attachment\/casa-rio-em-paredes-do-atelier-de-arquitectura-paulo-merlini-arc-14\/#content\" data-orig-file=\"https:\/\/socialdesignmagazine.com\/mag\/wp-content\/uploads\/2021\/06\/Casa-Rio-Paulo-Merlini-architects-14.jpg\" data-orig-size=\"1200,1800\" data-comments-opened=\"1\" data-image-meta=\"{&quot;aperture&quot;:&quot;11&quot;,&quot;credit&quot;:&quot;Ivo Tavares Studio&quot;,&quot;camera&quot;:&quot;Canon EOS R&quot;,&quot;caption&quot;:&quot;Casa Rio em Paredes do Atelier de Arquitectura Paulo Merlini Architects com fotografia de arquitetura Ivo Tavares Studio&quot;,&quot;created_timestamp&quot;:&quot;1601297264&quot;,&quot;copyright&quot;:&quot;Ivo Tavares Studio - Fotografia de arquitectura&quot;,&quot;focal_length&quot;:&quot;50&quot;,&quot;iso&quot;:&quot;200&quot;,&quot;shutter_speed&quot;:&quot;0.05&quot;,&quot;title&quot;:&quot;Casa Rio em Paredes do Atelier de Arquitectura Paulo Merlini Arc&quot;,&quot;orientation&quot;:&quot;0&quot;}\" data-image-title=\"Casa Rio Paulo Merlini architects\" data-image-description=\"\" data-image-caption=\"\" data-medium-file=\"https:\/\/socialdesignmagazine.com\/mag\/wp-content\/uploads\/2021\/06\/Casa-Rio-Paulo-Merlini-architects-14-438x283.jpg\" data-large-file=\"https:\/\/socialdesignmagazine.com\/mag\/wp-content\/uploads\/2021\/06\/Casa-Rio-Paulo-Merlini-architects-14-1024x1536.jpg\" src=\"https:\/\/socialdesignmagazine.com\/mag\/wp-content\/uploads\/2021\/06\/Casa-Rio-Paulo-Merlini-architects-14-1024x1536.jpg\" alt=\"Ristrutturazione di una vecchia casa colonica - Casa Rio Paulo Merlini architects\" data-id=\"40758\" data-full-url=\"https:\/\/socialdesignmagazine.com\/mag\/wp-content\/uploads\/2021\/06\/Casa-Rio-Paulo-Merlini-architects-14.jpg\" data-link=\"https:\/\/socialdesignmagazine.com\/mag\/?attachment_id=40758#content\" class=\"wp-image-40758\" srcset=\"https:\/\/socialdesignmagazine.com\/mag\/wp-content\/uploads\/2021\/06\/Casa-Rio-Paulo-Merlini-architects-14-1024x1536.jpg 1024w, https:\/\/socialdesignmagazine.com\/mag\/wp-content\/uploads\/2021\/06\/Casa-Rio-Paulo-Merlini-architects-14-768x1152.jpg 768w, https:\/\/socialdesignmagazine.com\/mag\/wp-content\/uploads\/2021\/06\/Casa-Rio-Paulo-Merlini-architects-14.jpg 1200w\" sizes=\"auto, (max-width: 1024px) 100vw, 1024px\" \/><\/figure><\/li><li class=\"blocks-gallery-item\"><figure><img loading=\"lazy\" decoding=\"async\" width=\"1024\" height=\"1536\" data-attachment-id=\"40759\" data-permalink=\"https:\/\/socialdesignmagazine.com\/mag\/architettura\/ristrutturazione-di-una-vecchia-casa-colonica-casa-rio-paulo-merlini-architects\/attachment\/casa-rio-em-paredes-do-atelier-de-arquitectura-paulo-merlini-arc-15\/#content\" data-orig-file=\"https:\/\/socialdesignmagazine.com\/mag\/wp-content\/uploads\/2021\/06\/Casa-Rio-Paulo-Merlini-architects-15.jpg\" data-orig-size=\"1200,1800\" data-comments-opened=\"1\" data-image-meta=\"{&quot;aperture&quot;:&quot;11&quot;,&quot;credit&quot;:&quot;Ivo Tavares Studio&quot;,&quot;camera&quot;:&quot;Canon EOS R&quot;,&quot;caption&quot;:&quot;Casa Rio em Paredes do Atelier de Arquitectura Paulo Merlini Architects com fotografia de arquitetura Ivo Tavares Studio&quot;,&quot;created_timestamp&quot;:&quot;1601297384&quot;,&quot;copyright&quot;:&quot;Ivo Tavares Studio - Fotografia de arquitectura&quot;,&quot;focal_length&quot;:&quot;24&quot;,&quot;iso&quot;:&quot;200&quot;,&quot;shutter_speed&quot;:&quot;0.05&quot;,&quot;title&quot;:&quot;Casa Rio em Paredes do Atelier de Arquitectura Paulo Merlini Arc&quot;,&quot;orientation&quot;:&quot;0&quot;}\" data-image-title=\"Casa Rio Paulo Merlini architects\" data-image-description=\"\" data-image-caption=\"\" data-medium-file=\"https:\/\/socialdesignmagazine.com\/mag\/wp-content\/uploads\/2021\/06\/Casa-Rio-Paulo-Merlini-architects-15-438x283.jpg\" data-large-file=\"https:\/\/socialdesignmagazine.com\/mag\/wp-content\/uploads\/2021\/06\/Casa-Rio-Paulo-Merlini-architects-15-1024x1536.jpg\" src=\"https:\/\/socialdesignmagazine.com\/mag\/wp-content\/uploads\/2021\/06\/Casa-Rio-Paulo-Merlini-architects-15-1024x1536.jpg\" alt=\"Ristrutturazione di una vecchia casa colonica - Casa Rio Paulo Merlini architects\" data-id=\"40759\" data-full-url=\"https:\/\/socialdesignmagazine.com\/mag\/wp-content\/uploads\/2021\/06\/Casa-Rio-Paulo-Merlini-architects-15.jpg\" data-link=\"https:\/\/socialdesignmagazine.com\/mag\/?attachment_id=40759#content\" class=\"wp-image-40759\" srcset=\"https:\/\/socialdesignmagazine.com\/mag\/wp-content\/uploads\/2021\/06\/Casa-Rio-Paulo-Merlini-architects-15-1024x1536.jpg 1024w, https:\/\/socialdesignmagazine.com\/mag\/wp-content\/uploads\/2021\/06\/Casa-Rio-Paulo-Merlini-architects-15-768x1152.jpg 768w, https:\/\/socialdesignmagazine.com\/mag\/wp-content\/uploads\/2021\/06\/Casa-Rio-Paulo-Merlini-architects-15.jpg 1200w\" sizes=\"auto, (max-width: 1024px) 100vw, 1024px\" \/><\/figure><\/li><li class=\"blocks-gallery-item\"><figure><img loading=\"lazy\" decoding=\"async\" width=\"1024\" height=\"1536\" data-attachment-id=\"40760\" data-permalink=\"https:\/\/socialdesignmagazine.com\/mag\/architettura\/ristrutturazione-di-una-vecchia-casa-colonica-casa-rio-paulo-merlini-architects\/attachment\/casa-rio-em-paredes-do-atelier-de-arquitectura-paulo-merlini-arc-16\/#content\" data-orig-file=\"https:\/\/socialdesignmagazine.com\/mag\/wp-content\/uploads\/2021\/06\/Casa-Rio-Paulo-Merlini-architects-17.jpg\" data-orig-size=\"1200,1800\" data-comments-opened=\"1\" data-image-meta=\"{&quot;aperture&quot;:&quot;11&quot;,&quot;credit&quot;:&quot;Ivo Tavares Studio&quot;,&quot;camera&quot;:&quot;Canon EOS R&quot;,&quot;caption&quot;:&quot;Casa Rio em Paredes do Atelier de Arquitectura Paulo Merlini Architects com fotografia de arquitetura Ivo Tavares Studio&quot;,&quot;created_timestamp&quot;:&quot;1601299358&quot;,&quot;copyright&quot;:&quot;Ivo Tavares Studio - Fotografia de arquitectura&quot;,&quot;focal_length&quot;:&quot;17&quot;,&quot;iso&quot;:&quot;200&quot;,&quot;shutter_speed&quot;:&quot;0.008&quot;,&quot;title&quot;:&quot;Casa Rio em Paredes do Atelier de Arquitectura Paulo Merlini Arc&quot;,&quot;orientation&quot;:&quot;0&quot;}\" data-image-title=\"Casa Rio Paulo Merlini architects\" data-image-description=\"\" data-image-caption=\"\" data-medium-file=\"https:\/\/socialdesignmagazine.com\/mag\/wp-content\/uploads\/2021\/06\/Casa-Rio-Paulo-Merlini-architects-17-438x283.jpg\" data-large-file=\"https:\/\/socialdesignmagazine.com\/mag\/wp-content\/uploads\/2021\/06\/Casa-Rio-Paulo-Merlini-architects-17-1024x1536.jpg\" src=\"https:\/\/socialdesignmagazine.com\/mag\/wp-content\/uploads\/2021\/06\/Casa-Rio-Paulo-Merlini-architects-17-1024x1536.jpg\" alt=\"Ristrutturazione di una vecchia casa colonica - Casa Rio Paulo Merlini architects\" data-id=\"40760\" data-full-url=\"https:\/\/socialdesignmagazine.com\/mag\/wp-content\/uploads\/2021\/06\/Casa-Rio-Paulo-Merlini-architects-17.jpg\" data-link=\"https:\/\/socialdesignmagazine.com\/mag\/?attachment_id=40760#content\" class=\"wp-image-40760\" srcset=\"https:\/\/socialdesignmagazine.com\/mag\/wp-content\/uploads\/2021\/06\/Casa-Rio-Paulo-Merlini-architects-17-1024x1536.jpg 1024w, https:\/\/socialdesignmagazine.com\/mag\/wp-content\/uploads\/2021\/06\/Casa-Rio-Paulo-Merlini-architects-17-768x1152.jpg 768w, https:\/\/socialdesignmagazine.com\/mag\/wp-content\/uploads\/2021\/06\/Casa-Rio-Paulo-Merlini-architects-17.jpg 1200w\" sizes=\"auto, (max-width: 1024px) 100vw, 1024px\" \/><\/figure><\/li><li class=\"blocks-gallery-item\"><figure><img loading=\"lazy\" decoding=\"async\" width=\"1024\" height=\"1536\" data-attachment-id=\"40761\" data-permalink=\"https:\/\/socialdesignmagazine.com\/mag\/architettura\/ristrutturazione-di-una-vecchia-casa-colonica-casa-rio-paulo-merlini-architects\/attachment\/casa-rio-em-paredes-do-atelier-de-arquitectura-paulo-merlini-arc-17\/#content\" data-orig-file=\"https:\/\/socialdesignmagazine.com\/mag\/wp-content\/uploads\/2021\/06\/Casa-Rio-Paulo-Merlini-architects-18.jpg\" data-orig-size=\"1200,1800\" data-comments-opened=\"1\" data-image-meta=\"{&quot;aperture&quot;:&quot;11&quot;,&quot;credit&quot;:&quot;Ivo Tavares Studio&quot;,&quot;camera&quot;:&quot;Canon EOS R&quot;,&quot;caption&quot;:&quot;Casa Rio em Paredes do Atelier de Arquitectura Paulo Merlini Architects com fotografia de arquitetura Ivo Tavares Studio&quot;,&quot;created_timestamp&quot;:&quot;1601299497&quot;,&quot;copyright&quot;:&quot;Ivo Tavares Studio - Fotografia de arquitectura&quot;,&quot;focal_length&quot;:&quot;17&quot;,&quot;iso&quot;:&quot;200&quot;,&quot;shutter_speed&quot;:&quot;0.00625&quot;,&quot;title&quot;:&quot;Casa Rio em Paredes do Atelier de Arquitectura Paulo Merlini Arc&quot;,&quot;orientation&quot;:&quot;0&quot;}\" data-image-title=\"Casa Rio Paulo Merlini architects\" data-image-description=\"\" data-image-caption=\"\" data-medium-file=\"https:\/\/socialdesignmagazine.com\/mag\/wp-content\/uploads\/2021\/06\/Casa-Rio-Paulo-Merlini-architects-18-438x283.jpg\" data-large-file=\"https:\/\/socialdesignmagazine.com\/mag\/wp-content\/uploads\/2021\/06\/Casa-Rio-Paulo-Merlini-architects-18-1024x1536.jpg\" src=\"https:\/\/socialdesignmagazine.com\/mag\/wp-content\/uploads\/2021\/06\/Casa-Rio-Paulo-Merlini-architects-18-1024x1536.jpg\" alt=\"Ristrutturazione di una vecchia casa colonica - Casa Rio Paulo Merlini architects\" data-id=\"40761\" data-full-url=\"https:\/\/socialdesignmagazine.com\/mag\/wp-content\/uploads\/2021\/06\/Casa-Rio-Paulo-Merlini-architects-18.jpg\" data-link=\"https:\/\/socialdesignmagazine.com\/mag\/?attachment_id=40761#content\" class=\"wp-image-40761\" srcset=\"https:\/\/socialdesignmagazine.com\/mag\/wp-content\/uploads\/2021\/06\/Casa-Rio-Paulo-Merlini-architects-18-1024x1536.jpg 1024w, https:\/\/socialdesignmagazine.com\/mag\/wp-content\/uploads\/2021\/06\/Casa-Rio-Paulo-Merlini-architects-18-768x1152.jpg 768w, https:\/\/socialdesignmagazine.com\/mag\/wp-content\/uploads\/2021\/06\/Casa-Rio-Paulo-Merlini-architects-18.jpg 1200w\" sizes=\"auto, (max-width: 1024px) 100vw, 1024px\" \/><\/figure><\/li><li class=\"blocks-gallery-item\"><figure><img loading=\"lazy\" decoding=\"async\" width=\"1024\" height=\"682\" data-attachment-id=\"40762\" data-permalink=\"https:\/\/socialdesignmagazine.com\/mag\/architettura\/ristrutturazione-di-una-vecchia-casa-colonica-casa-rio-paulo-merlini-architects\/attachment\/casa-rio-em-paredes-do-atelier-de-arquitectura-paulo-merlini-arc-18\/#content\" data-orig-file=\"https:\/\/socialdesignmagazine.com\/mag\/wp-content\/uploads\/2021\/06\/Casa-Rio-Paulo-Merlini-architects-19.jpg\" data-orig-size=\"1800,1199\" data-comments-opened=\"1\" data-image-meta=\"{&quot;aperture&quot;:&quot;5&quot;,&quot;credit&quot;:&quot;Ivo Tavares Studio&quot;,&quot;camera&quot;:&quot;L1D-20c&quot;,&quot;caption&quot;:&quot;Casa Rio em Paredes do Atelier de Arquitectura Paulo Merlini Architects com fotografia de arquitetura Ivo Tavares Studio&quot;,&quot;created_timestamp&quot;:&quot;1601299661&quot;,&quot;copyright&quot;:&quot;Ivo Tavares Studio - Fotografia de arquitectura&quot;,&quot;focal_length&quot;:&quot;10.26&quot;,&quot;iso&quot;:&quot;100&quot;,&quot;shutter_speed&quot;:&quot;0.0015625&quot;,&quot;title&quot;:&quot;Casa Rio em Paredes do Atelier de Arquitectura Paulo Merlini Arc&quot;,&quot;orientation&quot;:&quot;0&quot;}\" data-image-title=\"Casa Rio Paulo Merlini architects\" data-image-description=\"\" data-image-caption=\"\" data-medium-file=\"https:\/\/socialdesignmagazine.com\/mag\/wp-content\/uploads\/2021\/06\/Casa-Rio-Paulo-Merlini-architects-19-438x283.jpg\" data-large-file=\"https:\/\/socialdesignmagazine.com\/mag\/wp-content\/uploads\/2021\/06\/Casa-Rio-Paulo-Merlini-architects-19-1024x682.jpg\" src=\"https:\/\/socialdesignmagazine.com\/mag\/wp-content\/uploads\/2021\/06\/Casa-Rio-Paulo-Merlini-architects-19-1024x682.jpg\" alt=\"Ristrutturazione di una vecchia casa colonica - Casa Rio Paulo Merlini architects\" data-id=\"40762\" data-full-url=\"https:\/\/socialdesignmagazine.com\/mag\/wp-content\/uploads\/2021\/06\/Casa-Rio-Paulo-Merlini-architects-19.jpg\" data-link=\"https:\/\/socialdesignmagazine.com\/mag\/?attachment_id=40762#content\" class=\"wp-image-40762\" srcset=\"https:\/\/socialdesignmagazine.com\/mag\/wp-content\/uploads\/2021\/06\/Casa-Rio-Paulo-Merlini-architects-19-1024x682.jpg 1024w, https:\/\/socialdesignmagazine.com\/mag\/wp-content\/uploads\/2021\/06\/Casa-Rio-Paulo-Merlini-architects-19-100x66.jpg 100w, https:\/\/socialdesignmagazine.com\/mag\/wp-content\/uploads\/2021\/06\/Casa-Rio-Paulo-Merlini-architects-19-768x512.jpg 768w, https:\/\/socialdesignmagazine.com\/mag\/wp-content\/uploads\/2021\/06\/Casa-Rio-Paulo-Merlini-architects-19-1536x1023.jpg 1536w, https:\/\/socialdesignmagazine.com\/mag\/wp-content\/uploads\/2021\/06\/Casa-Rio-Paulo-Merlini-architects-19.jpg 1800w\" sizes=\"auto, (max-width: 1024px) 100vw, 1024px\" \/><\/figure><\/li><li class=\"blocks-gallery-item\"><figure><img loading=\"lazy\" decoding=\"async\" width=\"1024\" height=\"683\" data-attachment-id=\"40746\" data-permalink=\"https:\/\/socialdesignmagazine.com\/mag\/architettura\/ristrutturazione-di-una-vecchia-casa-colonica-casa-rio-paulo-merlini-architects\/attachment\/casa-rio-em-paredes-do-atelier-de-arquitectura-paulo-merlini-arc-2\/#content\" data-orig-file=\"https:\/\/socialdesignmagazine.com\/mag\/wp-content\/uploads\/2021\/06\/Casa-Rio-Paulo-Merlini-architects-02.jpg\" data-orig-size=\"1800,1200\" data-comments-opened=\"1\" data-image-meta=\"{&quot;aperture&quot;:&quot;11&quot;,&quot;credit&quot;:&quot;Ivo Tavares Studio&quot;,&quot;camera&quot;:&quot;Canon EOS R&quot;,&quot;caption&quot;:&quot;Casa Rio em Paredes do Atelier de Arquitectura Paulo Merlini Architects com fotografia de arquitetura Ivo Tavares Studio&quot;,&quot;created_timestamp&quot;:&quot;1601292647&quot;,&quot;copyright&quot;:&quot;Ivo Tavares Studio - Fotografia de arquitectura&quot;,&quot;focal_length&quot;:&quot;24&quot;,&quot;iso&quot;:&quot;200&quot;,&quot;shutter_speed&quot;:&quot;0.00625&quot;,&quot;title&quot;:&quot;Casa Rio em Paredes do Atelier de Arquitectura Paulo Merlini Arc&quot;,&quot;orientation&quot;:&quot;0&quot;}\" data-image-title=\"Casa Rio Paulo Merlini architects\" data-image-description=\"\" data-image-caption=\"\" data-medium-file=\"https:\/\/socialdesignmagazine.com\/mag\/wp-content\/uploads\/2021\/06\/Casa-Rio-Paulo-Merlini-architects-02-438x283.jpg\" data-large-file=\"https:\/\/socialdesignmagazine.com\/mag\/wp-content\/uploads\/2021\/06\/Casa-Rio-Paulo-Merlini-architects-02-1024x683.jpg\" src=\"https:\/\/socialdesignmagazine.com\/mag\/wp-content\/uploads\/2021\/06\/Casa-Rio-Paulo-Merlini-architects-02-1024x683.jpg\" alt=\"Ristrutturazione di una vecchia casa colonica - Casa Rio Paulo Merlini architects\" data-id=\"40746\" data-full-url=\"https:\/\/socialdesignmagazine.com\/mag\/wp-content\/uploads\/2021\/06\/Casa-Rio-Paulo-Merlini-architects-02.jpg\" data-link=\"https:\/\/socialdesignmagazine.com\/mag\/?attachment_id=40746#content\" class=\"wp-image-40746\" srcset=\"https:\/\/socialdesignmagazine.com\/mag\/wp-content\/uploads\/2021\/06\/Casa-Rio-Paulo-Merlini-architects-02-1024x683.jpg 1024w, https:\/\/socialdesignmagazine.com\/mag\/wp-content\/uploads\/2021\/06\/Casa-Rio-Paulo-Merlini-architects-02-100x66.jpg 100w, https:\/\/socialdesignmagazine.com\/mag\/wp-content\/uploads\/2021\/06\/Casa-Rio-Paulo-Merlini-architects-02-768x512.jpg 768w, https:\/\/socialdesignmagazine.com\/mag\/wp-content\/uploads\/2021\/06\/Casa-Rio-Paulo-Merlini-architects-02-1536x1024.jpg 1536w, https:\/\/socialdesignmagazine.com\/mag\/wp-content\/uploads\/2021\/06\/Casa-Rio-Paulo-Merlini-architects-02.jpg 1800w\" sizes=\"auto, (max-width: 1024px) 100vw, 1024px\" \/><\/figure><\/li><li class=\"blocks-gallery-item\"><figure><img loading=\"lazy\" decoding=\"async\" width=\"1024\" height=\"682\" data-attachment-id=\"40763\" data-permalink=\"https:\/\/socialdesignmagazine.com\/mag\/architettura\/ristrutturazione-di-una-vecchia-casa-colonica-casa-rio-paulo-merlini-architects\/attachment\/casa-rio-em-paredes-do-atelier-de-arquitectura-paulo-merlini-arc-19\/#content\" data-orig-file=\"https:\/\/socialdesignmagazine.com\/mag\/wp-content\/uploads\/2021\/06\/Casa-Rio-Paulo-Merlini-architects-20.jpg\" data-orig-size=\"1800,1199\" data-comments-opened=\"1\" data-image-meta=\"{&quot;aperture&quot;:&quot;5&quot;,&quot;credit&quot;:&quot;Ivo Tavares Studio&quot;,&quot;camera&quot;:&quot;L1D-20c&quot;,&quot;caption&quot;:&quot;Casa Rio em Paredes do Atelier de Arquitectura Paulo Merlini Architects com fotografia de arquitetura Ivo Tavares Studio&quot;,&quot;created_timestamp&quot;:&quot;1601299749&quot;,&quot;copyright&quot;:&quot;Ivo Tavares Studio - Fotografia de arquitectura&quot;,&quot;focal_length&quot;:&quot;10.26&quot;,&quot;iso&quot;:&quot;100&quot;,&quot;shutter_speed&quot;:&quot;0.0015625&quot;,&quot;title&quot;:&quot;Casa Rio em Paredes do Atelier de Arquitectura Paulo Merlini Arc&quot;,&quot;orientation&quot;:&quot;0&quot;}\" data-image-title=\"Casa Rio Paulo Merlini architects\" data-image-description=\"\" data-image-caption=\"\" data-medium-file=\"https:\/\/socialdesignmagazine.com\/mag\/wp-content\/uploads\/2021\/06\/Casa-Rio-Paulo-Merlini-architects-20-438x283.jpg\" data-large-file=\"https:\/\/socialdesignmagazine.com\/mag\/wp-content\/uploads\/2021\/06\/Casa-Rio-Paulo-Merlini-architects-20-1024x682.jpg\" src=\"https:\/\/socialdesignmagazine.com\/mag\/wp-content\/uploads\/2021\/06\/Casa-Rio-Paulo-Merlini-architects-20-1024x682.jpg\" alt=\"Casa Rio Paulo Merlini architects\" data-id=\"40763\" data-full-url=\"https:\/\/socialdesignmagazine.com\/mag\/wp-content\/uploads\/2021\/06\/Casa-Rio-Paulo-Merlini-architects-20.jpg\" data-link=\"https:\/\/socialdesignmagazine.com\/mag\/?attachment_id=40763#content\" class=\"wp-image-40763\" srcset=\"https:\/\/socialdesignmagazine.com\/mag\/wp-content\/uploads\/2021\/06\/Casa-Rio-Paulo-Merlini-architects-20-1024x682.jpg 1024w, https:\/\/socialdesignmagazine.com\/mag\/wp-content\/uploads\/2021\/06\/Casa-Rio-Paulo-Merlini-architects-20-100x66.jpg 100w, https:\/\/socialdesignmagazine.com\/mag\/wp-content\/uploads\/2021\/06\/Casa-Rio-Paulo-Merlini-architects-20-768x512.jpg 768w, https:\/\/socialdesignmagazine.com\/mag\/wp-content\/uploads\/2021\/06\/Casa-Rio-Paulo-Merlini-architects-20-1536x1023.jpg 1536w, https:\/\/socialdesignmagazine.com\/mag\/wp-content\/uploads\/2021\/06\/Casa-Rio-Paulo-Merlini-architects-20.jpg 1800w\" sizes=\"auto, (max-width: 1024px) 100vw, 1024px\" \/><\/figure><\/li><li class=\"blocks-gallery-item\"><figure><img loading=\"lazy\" decoding=\"async\" width=\"1024\" height=\"682\" data-attachment-id=\"40764\" data-permalink=\"https:\/\/socialdesignmagazine.com\/mag\/architettura\/ristrutturazione-di-una-vecchia-casa-colonica-casa-rio-paulo-merlini-architects\/attachment\/casa-rio-em-paredes-do-atelier-de-arquitectura-paulo-merlini-arc-20\/#content\" data-orig-file=\"https:\/\/socialdesignmagazine.com\/mag\/wp-content\/uploads\/2021\/06\/Casa-Rio-Paulo-Merlini-architects-21.jpg\" data-orig-size=\"1800,1199\" data-comments-opened=\"1\" data-image-meta=\"{&quot;aperture&quot;:&quot;5&quot;,&quot;credit&quot;:&quot;Ivo Tavares Studio&quot;,&quot;camera&quot;:&quot;L1D-20c&quot;,&quot;caption&quot;:&quot;Casa Rio em Paredes do Atelier de Arquitectura Paulo Merlini Architects com fotografia de arquitetura Ivo Tavares Studio&quot;,&quot;created_timestamp&quot;:&quot;1601299873&quot;,&quot;copyright&quot;:&quot;Ivo Tavares Studio - Fotografia de arquitectura&quot;,&quot;focal_length&quot;:&quot;10.26&quot;,&quot;iso&quot;:&quot;100&quot;,&quot;shutter_speed&quot;:&quot;0.002&quot;,&quot;title&quot;:&quot;Casa Rio em Paredes do Atelier de Arquitectura Paulo Merlini Arc&quot;,&quot;orientation&quot;:&quot;0&quot;}\" data-image-title=\"Casa Rio Paulo Merlini architects\" data-image-description=\"\" data-image-caption=\"\" data-medium-file=\"https:\/\/socialdesignmagazine.com\/mag\/wp-content\/uploads\/2021\/06\/Casa-Rio-Paulo-Merlini-architects-21-438x283.jpg\" data-large-file=\"https:\/\/socialdesignmagazine.com\/mag\/wp-content\/uploads\/2021\/06\/Casa-Rio-Paulo-Merlini-architects-21-1024x682.jpg\" src=\"https:\/\/socialdesignmagazine.com\/mag\/wp-content\/uploads\/2021\/06\/Casa-Rio-Paulo-Merlini-architects-21-1024x682.jpg\" alt=\"Casa Rio Paulo Merlini architects\" data-id=\"40764\" data-full-url=\"https:\/\/socialdesignmagazine.com\/mag\/wp-content\/uploads\/2021\/06\/Casa-Rio-Paulo-Merlini-architects-21.jpg\" data-link=\"https:\/\/socialdesignmagazine.com\/mag\/?attachment_id=40764#content\" class=\"wp-image-40764\" srcset=\"https:\/\/socialdesignmagazine.com\/mag\/wp-content\/uploads\/2021\/06\/Casa-Rio-Paulo-Merlini-architects-21-1024x682.jpg 1024w, https:\/\/socialdesignmagazine.com\/mag\/wp-content\/uploads\/2021\/06\/Casa-Rio-Paulo-Merlini-architects-21-100x66.jpg 100w, https:\/\/socialdesignmagazine.com\/mag\/wp-content\/uploads\/2021\/06\/Casa-Rio-Paulo-Merlini-architects-21-768x512.jpg 768w, https:\/\/socialdesignmagazine.com\/mag\/wp-content\/uploads\/2021\/06\/Casa-Rio-Paulo-Merlini-architects-21-1536x1023.jpg 1536w, https:\/\/socialdesignmagazine.com\/mag\/wp-content\/uploads\/2021\/06\/Casa-Rio-Paulo-Merlini-architects-21.jpg 1800w\" sizes=\"auto, (max-width: 1024px) 100vw, 1024px\" \/><\/figure><\/li><li class=\"blocks-gallery-item\"><figure><img loading=\"lazy\" decoding=\"async\" width=\"1024\" height=\"682\" data-attachment-id=\"40765\" data-permalink=\"https:\/\/socialdesignmagazine.com\/mag\/architettura\/ristrutturazione-di-una-vecchia-casa-colonica-casa-rio-paulo-merlini-architects\/attachment\/casa-rio-em-paredes-do-atelier-de-arquitectura-paulo-merlini-arc-21\/#content\" data-orig-file=\"https:\/\/socialdesignmagazine.com\/mag\/wp-content\/uploads\/2021\/06\/Casa-Rio-Paulo-Merlini-architects-22.jpg\" data-orig-size=\"1800,1199\" data-comments-opened=\"1\" data-image-meta=\"{&quot;aperture&quot;:&quot;5&quot;,&quot;credit&quot;:&quot;Ivo Tavares Studio&quot;,&quot;camera&quot;:&quot;L1D-20c&quot;,&quot;caption&quot;:&quot;Casa Rio em Paredes do Atelier de Arquitectura Paulo Merlini Architects com fotografia de arquitetura Ivo Tavares Studio&quot;,&quot;created_timestamp&quot;:&quot;1601300154&quot;,&quot;copyright&quot;:&quot;Ivo Tavares Studio - Fotografia de arquitectura&quot;,&quot;focal_length&quot;:&quot;10.26&quot;,&quot;iso&quot;:&quot;100&quot;,&quot;shutter_speed&quot;:&quot;0.002&quot;,&quot;title&quot;:&quot;Casa Rio em Paredes do Atelier de Arquitectura Paulo Merlini Arc&quot;,&quot;orientation&quot;:&quot;0&quot;}\" data-image-title=\"Casa Rio Paulo Merlini architects\" data-image-description=\"\" data-image-caption=\"\" data-medium-file=\"https:\/\/socialdesignmagazine.com\/mag\/wp-content\/uploads\/2021\/06\/Casa-Rio-Paulo-Merlini-architects-22-438x283.jpg\" data-large-file=\"https:\/\/socialdesignmagazine.com\/mag\/wp-content\/uploads\/2021\/06\/Casa-Rio-Paulo-Merlini-architects-22-1024x682.jpg\" src=\"https:\/\/socialdesignmagazine.com\/mag\/wp-content\/uploads\/2021\/06\/Casa-Rio-Paulo-Merlini-architects-22-1024x682.jpg\" alt=\"Ristrutturazione di una vecchia casa colonica - Casa Rio Paulo Merlini architects\" data-id=\"40765\" data-full-url=\"https:\/\/socialdesignmagazine.com\/mag\/wp-content\/uploads\/2021\/06\/Casa-Rio-Paulo-Merlini-architects-22.jpg\" data-link=\"https:\/\/socialdesignmagazine.com\/mag\/?attachment_id=40765#content\" class=\"wp-image-40765\" srcset=\"https:\/\/socialdesignmagazine.com\/mag\/wp-content\/uploads\/2021\/06\/Casa-Rio-Paulo-Merlini-architects-22-1024x682.jpg 1024w, https:\/\/socialdesignmagazine.com\/mag\/wp-content\/uploads\/2021\/06\/Casa-Rio-Paulo-Merlini-architects-22-100x66.jpg 100w, https:\/\/socialdesignmagazine.com\/mag\/wp-content\/uploads\/2021\/06\/Casa-Rio-Paulo-Merlini-architects-22-768x512.jpg 768w, https:\/\/socialdesignmagazine.com\/mag\/wp-content\/uploads\/2021\/06\/Casa-Rio-Paulo-Merlini-architects-22-1536x1023.jpg 1536w, https:\/\/socialdesignmagazine.com\/mag\/wp-content\/uploads\/2021\/06\/Casa-Rio-Paulo-Merlini-architects-22.jpg 1800w\" sizes=\"auto, (max-width: 1024px) 100vw, 1024px\" \/><\/figure><\/li><li class=\"blocks-gallery-item\"><figure><img loading=\"lazy\" decoding=\"async\" width=\"1024\" height=\"1536\" data-attachment-id=\"40766\" data-permalink=\"https:\/\/socialdesignmagazine.com\/mag\/architettura\/ristrutturazione-di-una-vecchia-casa-colonica-casa-rio-paulo-merlini-architects\/attachment\/casa-rio-em-paredes-do-atelier-de-arquitectura-paulo-merlini-arc-22\/#content\" data-orig-file=\"https:\/\/socialdesignmagazine.com\/mag\/wp-content\/uploads\/2021\/06\/Casa-Rio-Paulo-Merlini-architects-23.jpg\" data-orig-size=\"1200,1800\" data-comments-opened=\"1\" data-image-meta=\"{&quot;aperture&quot;:&quot;11&quot;,&quot;credit&quot;:&quot;Ivo Tavares Studio&quot;,&quot;camera&quot;:&quot;Canon EOS R&quot;,&quot;caption&quot;:&quot;Casa Rio em Paredes do Atelier de Arquitectura Paulo Merlini Architects com fotografia de arquitetura Ivo Tavares Studio&quot;,&quot;created_timestamp&quot;:&quot;1601300878&quot;,&quot;copyright&quot;:&quot;Ivo Tavares Studio - Fotografia de arquitectura&quot;,&quot;focal_length&quot;:&quot;24&quot;,&quot;iso&quot;:&quot;200&quot;,&quot;shutter_speed&quot;:&quot;0.05&quot;,&quot;title&quot;:&quot;Casa Rio em Paredes do Atelier de Arquitectura Paulo Merlini Arc&quot;,&quot;orientation&quot;:&quot;0&quot;}\" data-image-title=\"Casa Rio Paulo Merlini architects\" data-image-description=\"\" data-image-caption=\"\" data-medium-file=\"https:\/\/socialdesignmagazine.com\/mag\/wp-content\/uploads\/2021\/06\/Casa-Rio-Paulo-Merlini-architects-23-438x283.jpg\" data-large-file=\"https:\/\/socialdesignmagazine.com\/mag\/wp-content\/uploads\/2021\/06\/Casa-Rio-Paulo-Merlini-architects-23-1024x1536.jpg\" src=\"https:\/\/socialdesignmagazine.com\/mag\/wp-content\/uploads\/2021\/06\/Casa-Rio-Paulo-Merlini-architects-23-1024x1536.jpg\" alt=\"Ristrutturazione di una vecchia casa colonica - Casa Rio Paulo Merlini architects\" data-id=\"40766\" data-full-url=\"https:\/\/socialdesignmagazine.com\/mag\/wp-content\/uploads\/2021\/06\/Casa-Rio-Paulo-Merlini-architects-23.jpg\" data-link=\"https:\/\/socialdesignmagazine.com\/mag\/?attachment_id=40766#content\" class=\"wp-image-40766\" srcset=\"https:\/\/socialdesignmagazine.com\/mag\/wp-content\/uploads\/2021\/06\/Casa-Rio-Paulo-Merlini-architects-23-1024x1536.jpg 1024w, https:\/\/socialdesignmagazine.com\/mag\/wp-content\/uploads\/2021\/06\/Casa-Rio-Paulo-Merlini-architects-23-768x1152.jpg 768w, https:\/\/socialdesignmagazine.com\/mag\/wp-content\/uploads\/2021\/06\/Casa-Rio-Paulo-Merlini-architects-23.jpg 1200w\" sizes=\"auto, (max-width: 1024px) 100vw, 1024px\" \/><\/figure><\/li><li class=\"blocks-gallery-item\"><figure><img loading=\"lazy\" decoding=\"async\" width=\"1024\" height=\"1536\" data-attachment-id=\"40767\" data-permalink=\"https:\/\/socialdesignmagazine.com\/mag\/architettura\/ristrutturazione-di-una-vecchia-casa-colonica-casa-rio-paulo-merlini-architects\/attachment\/casa-rio-em-paredes-do-atelier-de-arquitectura-paulo-merlini-arc-23\/#content\" data-orig-file=\"https:\/\/socialdesignmagazine.com\/mag\/wp-content\/uploads\/2021\/06\/Casa-Rio-Paulo-Merlini-architects-24.jpg\" data-orig-size=\"1200,1800\" data-comments-opened=\"1\" data-image-meta=\"{&quot;aperture&quot;:&quot;11&quot;,&quot;credit&quot;:&quot;Ivo Tavares Studio&quot;,&quot;camera&quot;:&quot;Canon EOS R&quot;,&quot;caption&quot;:&quot;Casa Rio em Paredes do Atelier de Arquitectura Paulo Merlini Architects com fotografia de arquitetura Ivo Tavares Studio&quot;,&quot;created_timestamp&quot;:&quot;1601300905&quot;,&quot;copyright&quot;:&quot;Ivo Tavares Studio - Fotografia de arquitectura&quot;,&quot;focal_length&quot;:&quot;24&quot;,&quot;iso&quot;:&quot;200&quot;,&quot;shutter_speed&quot;:&quot;0.05&quot;,&quot;title&quot;:&quot;Casa Rio em Paredes do Atelier de Arquitectura Paulo Merlini Arc&quot;,&quot;orientation&quot;:&quot;0&quot;}\" data-image-title=\"Casa Rio Paulo Merlini architects\" data-image-description=\"\" data-image-caption=\"\" data-medium-file=\"https:\/\/socialdesignmagazine.com\/mag\/wp-content\/uploads\/2021\/06\/Casa-Rio-Paulo-Merlini-architects-24-438x283.jpg\" data-large-file=\"https:\/\/socialdesignmagazine.com\/mag\/wp-content\/uploads\/2021\/06\/Casa-Rio-Paulo-Merlini-architects-24-1024x1536.jpg\" src=\"https:\/\/socialdesignmagazine.com\/mag\/wp-content\/uploads\/2021\/06\/Casa-Rio-Paulo-Merlini-architects-24-1024x1536.jpg\" alt=\"Ristrutturazione di una vecchia casa colonica - Casa Rio Paulo Merlini architects\" data-id=\"40767\" data-full-url=\"https:\/\/socialdesignmagazine.com\/mag\/wp-content\/uploads\/2021\/06\/Casa-Rio-Paulo-Merlini-architects-24.jpg\" data-link=\"https:\/\/socialdesignmagazine.com\/mag\/?attachment_id=40767#content\" class=\"wp-image-40767\" srcset=\"https:\/\/socialdesignmagazine.com\/mag\/wp-content\/uploads\/2021\/06\/Casa-Rio-Paulo-Merlini-architects-24-1024x1536.jpg 1024w, https:\/\/socialdesignmagazine.com\/mag\/wp-content\/uploads\/2021\/06\/Casa-Rio-Paulo-Merlini-architects-24-768x1152.jpg 768w, https:\/\/socialdesignmagazine.com\/mag\/wp-content\/uploads\/2021\/06\/Casa-Rio-Paulo-Merlini-architects-24.jpg 1200w\" sizes=\"auto, (max-width: 1024px) 100vw, 1024px\" \/><\/figure><\/li><li class=\"blocks-gallery-item\"><figure><img loading=\"lazy\" decoding=\"async\" width=\"1024\" height=\"1536\" data-attachment-id=\"40768\" data-permalink=\"https:\/\/socialdesignmagazine.com\/mag\/architettura\/ristrutturazione-di-una-vecchia-casa-colonica-casa-rio-paulo-merlini-architects\/attachment\/casa-rio-em-paredes-do-atelier-de-arquitectura-paulo-merlini-arc-24\/#content\" data-orig-file=\"https:\/\/socialdesignmagazine.com\/mag\/wp-content\/uploads\/2021\/06\/Casa-Rio-Paulo-Merlini-architects-25.jpg\" data-orig-size=\"1200,1800\" data-comments-opened=\"1\" data-image-meta=\"{&quot;aperture&quot;:&quot;11&quot;,&quot;credit&quot;:&quot;Ivo Tavares Studio&quot;,&quot;camera&quot;:&quot;Canon EOS R&quot;,&quot;caption&quot;:&quot;Casa Rio em Paredes do Atelier de Arquitectura Paulo Merlini Architects com fotografia de arquitetura Ivo Tavares Studio&quot;,&quot;created_timestamp&quot;:&quot;1601301081&quot;,&quot;copyright&quot;:&quot;Ivo Tavares Studio - Fotografia de arquitectura&quot;,&quot;focal_length&quot;:&quot;17&quot;,&quot;iso&quot;:&quot;200&quot;,&quot;shutter_speed&quot;:&quot;0.025&quot;,&quot;title&quot;:&quot;Casa Rio em Paredes do Atelier de Arquitectura Paulo Merlini Arc&quot;,&quot;orientation&quot;:&quot;0&quot;}\" data-image-title=\"Casa Rio Paulo Merlini architects\" data-image-description=\"\" data-image-caption=\"\" data-medium-file=\"https:\/\/socialdesignmagazine.com\/mag\/wp-content\/uploads\/2021\/06\/Casa-Rio-Paulo-Merlini-architects-25-438x283.jpg\" data-large-file=\"https:\/\/socialdesignmagazine.com\/mag\/wp-content\/uploads\/2021\/06\/Casa-Rio-Paulo-Merlini-architects-25-1024x1536.jpg\" src=\"https:\/\/socialdesignmagazine.com\/mag\/wp-content\/uploads\/2021\/06\/Casa-Rio-Paulo-Merlini-architects-25-1024x1536.jpg\" alt=\"Ristrutturazione di una vecchia casa colonica - Casa Rio Paulo Merlini architects\" data-id=\"40768\" data-full-url=\"https:\/\/socialdesignmagazine.com\/mag\/wp-content\/uploads\/2021\/06\/Casa-Rio-Paulo-Merlini-architects-25.jpg\" data-link=\"https:\/\/socialdesignmagazine.com\/mag\/?attachment_id=40768#content\" class=\"wp-image-40768\" srcset=\"https:\/\/socialdesignmagazine.com\/mag\/wp-content\/uploads\/2021\/06\/Casa-Rio-Paulo-Merlini-architects-25-1024x1536.jpg 1024w, https:\/\/socialdesignmagazine.com\/mag\/wp-content\/uploads\/2021\/06\/Casa-Rio-Paulo-Merlini-architects-25-768x1152.jpg 768w, https:\/\/socialdesignmagazine.com\/mag\/wp-content\/uploads\/2021\/06\/Casa-Rio-Paulo-Merlini-architects-25.jpg 1200w\" sizes=\"auto, (max-width: 1024px) 100vw, 1024px\" \/><\/figure><\/li><li class=\"blocks-gallery-item\"><figure><img loading=\"lazy\" decoding=\"async\" width=\"1024\" height=\"1536\" data-attachment-id=\"40769\" data-permalink=\"https:\/\/socialdesignmagazine.com\/mag\/architettura\/ristrutturazione-di-una-vecchia-casa-colonica-casa-rio-paulo-merlini-architects\/attachment\/casa-rio-em-paredes-do-atelier-de-arquitectura-paulo-merlini-arc-25\/#content\" data-orig-file=\"https:\/\/socialdesignmagazine.com\/mag\/wp-content\/uploads\/2021\/06\/Casa-Rio-Paulo-Merlini-architects-26.jpg\" data-orig-size=\"1200,1800\" data-comments-opened=\"1\" data-image-meta=\"{&quot;aperture&quot;:&quot;11&quot;,&quot;credit&quot;:&quot;Ivo Tavares Studio&quot;,&quot;camera&quot;:&quot;Canon EOS R&quot;,&quot;caption&quot;:&quot;Casa Rio em Paredes do Atelier de Arquitectura Paulo Merlini Architects com fotografia de arquitetura Ivo Tavares Studio&quot;,&quot;created_timestamp&quot;:&quot;1601301329&quot;,&quot;copyright&quot;:&quot;Ivo Tavares Studio - Fotografia de arquitectura&quot;,&quot;focal_length&quot;:&quot;17&quot;,&quot;iso&quot;:&quot;200&quot;,&quot;shutter_speed&quot;:&quot;0.016666666666667&quot;,&quot;title&quot;:&quot;Casa Rio em Paredes do Atelier de Arquitectura Paulo Merlini Arc&quot;,&quot;orientation&quot;:&quot;0&quot;}\" data-image-title=\"Casa Rio Paulo Merlini architects\" data-image-description=\"\" data-image-caption=\"\" data-medium-file=\"https:\/\/socialdesignmagazine.com\/mag\/wp-content\/uploads\/2021\/06\/Casa-Rio-Paulo-Merlini-architects-26-438x283.jpg\" data-large-file=\"https:\/\/socialdesignmagazine.com\/mag\/wp-content\/uploads\/2021\/06\/Casa-Rio-Paulo-Merlini-architects-26-1024x1536.jpg\" src=\"https:\/\/socialdesignmagazine.com\/mag\/wp-content\/uploads\/2021\/06\/Casa-Rio-Paulo-Merlini-architects-26-1024x1536.jpg\" alt=\"Ristrutturazione di una vecchia casa colonica - Casa Rio Paulo Merlini architects\" data-id=\"40769\" data-full-url=\"https:\/\/socialdesignmagazine.com\/mag\/wp-content\/uploads\/2021\/06\/Casa-Rio-Paulo-Merlini-architects-26.jpg\" data-link=\"https:\/\/socialdesignmagazine.com\/mag\/?attachment_id=40769#content\" class=\"wp-image-40769\" srcset=\"https:\/\/socialdesignmagazine.com\/mag\/wp-content\/uploads\/2021\/06\/Casa-Rio-Paulo-Merlini-architects-26-1024x1536.jpg 1024w, https:\/\/socialdesignmagazine.com\/mag\/wp-content\/uploads\/2021\/06\/Casa-Rio-Paulo-Merlini-architects-26-768x1152.jpg 768w, https:\/\/socialdesignmagazine.com\/mag\/wp-content\/uploads\/2021\/06\/Casa-Rio-Paulo-Merlini-architects-26.jpg 1200w\" sizes=\"auto, (max-width: 1024px) 100vw, 1024px\" \/><\/figure><\/li><li class=\"blocks-gallery-item\"><figure><img loading=\"lazy\" decoding=\"async\" width=\"1024\" height=\"1178\" data-attachment-id=\"40770\" data-permalink=\"https:\/\/socialdesignmagazine.com\/mag\/architettura\/ristrutturazione-di-una-vecchia-casa-colonica-casa-rio-paulo-merlini-architects\/attachment\/casa-rio-em-paredes-do-atelier-de-arquitectura-paulo-merlini-arc-26\/#content\" data-orig-file=\"https:\/\/socialdesignmagazine.com\/mag\/wp-content\/uploads\/2021\/06\/Casa-Rio-Paulo-Merlini-architects-27.jpg\" data-orig-size=\"1565,1800\" data-comments-opened=\"1\" data-image-meta=\"{&quot;aperture&quot;:&quot;11&quot;,&quot;credit&quot;:&quot;Ivo Tavares Studio&quot;,&quot;camera&quot;:&quot;Canon EOS R&quot;,&quot;caption&quot;:&quot;Casa Rio em Paredes do Atelier de Arquitectura Paulo Merlini Architects com fotografia de arquitetura Ivo Tavares Studio&quot;,&quot;created_timestamp&quot;:&quot;1601301431&quot;,&quot;copyright&quot;:&quot;Ivo Tavares Studio - Fotografia de arquitectura&quot;,&quot;focal_length&quot;:&quot;17&quot;,&quot;iso&quot;:&quot;200&quot;,&quot;shutter_speed&quot;:&quot;0.066666666666667&quot;,&quot;title&quot;:&quot;Casa Rio em Paredes do Atelier de Arquitectura Paulo Merlini Arc&quot;,&quot;orientation&quot;:&quot;0&quot;}\" data-image-title=\"Casa Rio Paulo Merlini architects\" data-image-description=\"\" data-image-caption=\"\" data-medium-file=\"https:\/\/socialdesignmagazine.com\/mag\/wp-content\/uploads\/2021\/06\/Casa-Rio-Paulo-Merlini-architects-27-438x283.jpg\" data-large-file=\"https:\/\/socialdesignmagazine.com\/mag\/wp-content\/uploads\/2021\/06\/Casa-Rio-Paulo-Merlini-architects-27-1024x1178.jpg\" src=\"https:\/\/socialdesignmagazine.com\/mag\/wp-content\/uploads\/2021\/06\/Casa-Rio-Paulo-Merlini-architects-27-1024x1178.jpg\" alt=\"Ristrutturazione di una vecchia casa colonica - Casa Rio Paulo Merlini architects\" data-id=\"40770\" data-full-url=\"https:\/\/socialdesignmagazine.com\/mag\/wp-content\/uploads\/2021\/06\/Casa-Rio-Paulo-Merlini-architects-27.jpg\" data-link=\"https:\/\/socialdesignmagazine.com\/mag\/?attachment_id=40770#content\" class=\"wp-image-40770\" srcset=\"https:\/\/socialdesignmagazine.com\/mag\/wp-content\/uploads\/2021\/06\/Casa-Rio-Paulo-Merlini-architects-27-1024x1178.jpg 1024w, https:\/\/socialdesignmagazine.com\/mag\/wp-content\/uploads\/2021\/06\/Casa-Rio-Paulo-Merlini-architects-27-768x883.jpg 768w, https:\/\/socialdesignmagazine.com\/mag\/wp-content\/uploads\/2021\/06\/Casa-Rio-Paulo-Merlini-architects-27-1335x1536.jpg 1335w, https:\/\/socialdesignmagazine.com\/mag\/wp-content\/uploads\/2021\/06\/Casa-Rio-Paulo-Merlini-architects-27.jpg 1565w\" sizes=\"auto, (max-width: 1024px) 100vw, 1024px\" \/><\/figure><\/li><li class=\"blocks-gallery-item\"><figure><img loading=\"lazy\" decoding=\"async\" width=\"1024\" height=\"1536\" data-attachment-id=\"40771\" data-permalink=\"https:\/\/socialdesignmagazine.com\/mag\/architettura\/ristrutturazione-di-una-vecchia-casa-colonica-casa-rio-paulo-merlini-architects\/attachment\/casa-rio-em-paredes-do-atelier-de-arquitectura-paulo-merlini-arc-27\/#content\" data-orig-file=\"https:\/\/socialdesignmagazine.com\/mag\/wp-content\/uploads\/2021\/06\/Casa-Rio-Paulo-Merlini-architects-28.jpg\" data-orig-size=\"1200,1800\" data-comments-opened=\"1\" data-image-meta=\"{&quot;aperture&quot;:&quot;11&quot;,&quot;credit&quot;:&quot;Ivo Tavares Studio&quot;,&quot;camera&quot;:&quot;Canon EOS R&quot;,&quot;caption&quot;:&quot;Casa Rio em Paredes do Atelier de Arquitectura Paulo Merlini Architects com fotografia de arquitetura Ivo Tavares Studio&quot;,&quot;created_timestamp&quot;:&quot;1601301520&quot;,&quot;copyright&quot;:&quot;Ivo Tavares Studio - Fotografia de arquitectura&quot;,&quot;focal_length&quot;:&quot;17&quot;,&quot;iso&quot;:&quot;200&quot;,&quot;shutter_speed&quot;:&quot;0.05&quot;,&quot;title&quot;:&quot;Casa Rio em Paredes do Atelier de Arquitectura Paulo Merlini Arc&quot;,&quot;orientation&quot;:&quot;0&quot;}\" data-image-title=\"Casa Rio Paulo Merlini architects\" data-image-description=\"\" data-image-caption=\"\" data-medium-file=\"https:\/\/socialdesignmagazine.com\/mag\/wp-content\/uploads\/2021\/06\/Casa-Rio-Paulo-Merlini-architects-28-438x283.jpg\" data-large-file=\"https:\/\/socialdesignmagazine.com\/mag\/wp-content\/uploads\/2021\/06\/Casa-Rio-Paulo-Merlini-architects-28-1024x1536.jpg\" src=\"https:\/\/socialdesignmagazine.com\/mag\/wp-content\/uploads\/2021\/06\/Casa-Rio-Paulo-Merlini-architects-28-1024x1536.jpg\" alt=\"Ristrutturazione di una vecchia casa colonica - Casa Rio Paulo Merlini architects\" data-id=\"40771\" data-full-url=\"https:\/\/socialdesignmagazine.com\/mag\/wp-content\/uploads\/2021\/06\/Casa-Rio-Paulo-Merlini-architects-28.jpg\" data-link=\"https:\/\/socialdesignmagazine.com\/mag\/?attachment_id=40771#content\" class=\"wp-image-40771\" srcset=\"https:\/\/socialdesignmagazine.com\/mag\/wp-content\/uploads\/2021\/06\/Casa-Rio-Paulo-Merlini-architects-28-1024x1536.jpg 1024w, https:\/\/socialdesignmagazine.com\/mag\/wp-content\/uploads\/2021\/06\/Casa-Rio-Paulo-Merlini-architects-28-768x1152.jpg 768w, https:\/\/socialdesignmagazine.com\/mag\/wp-content\/uploads\/2021\/06\/Casa-Rio-Paulo-Merlini-architects-28.jpg 1200w\" sizes=\"auto, (max-width: 1024px) 100vw, 1024px\" \/><\/figure><\/li><li class=\"blocks-gallery-item\"><figure><img loading=\"lazy\" decoding=\"async\" width=\"1024\" height=\"1536\" data-attachment-id=\"40772\" data-permalink=\"https:\/\/socialdesignmagazine.com\/mag\/architettura\/ristrutturazione-di-una-vecchia-casa-colonica-casa-rio-paulo-merlini-architects\/attachment\/casa-rio-em-paredes-do-atelier-de-arquitectura-paulo-merlini-arc-28\/#content\" data-orig-file=\"https:\/\/socialdesignmagazine.com\/mag\/wp-content\/uploads\/2021\/06\/Casa-Rio-Paulo-Merlini-architects-29.jpg\" data-orig-size=\"1200,1800\" data-comments-opened=\"1\" data-image-meta=\"{&quot;aperture&quot;:&quot;11&quot;,&quot;credit&quot;:&quot;Ivo Tavares Studio&quot;,&quot;camera&quot;:&quot;Canon EOS R&quot;,&quot;caption&quot;:&quot;Casa Rio em Paredes do Atelier de Arquitectura Paulo Merlini Architects com fotografia de arquitetura Ivo Tavares Studio&quot;,&quot;created_timestamp&quot;:&quot;1601302048&quot;,&quot;copyright&quot;:&quot;Ivo Tavares Studio - Fotografia de arquitectura&quot;,&quot;focal_length&quot;:&quot;24&quot;,&quot;iso&quot;:&quot;200&quot;,&quot;shutter_speed&quot;:&quot;0.05&quot;,&quot;title&quot;:&quot;Casa Rio em Paredes do Atelier de Arquitectura Paulo Merlini Arc&quot;,&quot;orientation&quot;:&quot;0&quot;}\" data-image-title=\"Casa Rio Paulo Merlini architects\" data-image-description=\"\" data-image-caption=\"\" data-medium-file=\"https:\/\/socialdesignmagazine.com\/mag\/wp-content\/uploads\/2021\/06\/Casa-Rio-Paulo-Merlini-architects-29-438x283.jpg\" data-large-file=\"https:\/\/socialdesignmagazine.com\/mag\/wp-content\/uploads\/2021\/06\/Casa-Rio-Paulo-Merlini-architects-29-1024x1536.jpg\" src=\"https:\/\/socialdesignmagazine.com\/mag\/wp-content\/uploads\/2021\/06\/Casa-Rio-Paulo-Merlini-architects-29-1024x1536.jpg\" alt=\"Ristrutturazione di una vecchia casa colonica - Casa Rio Paulo Merlini architects\" data-id=\"40772\" data-full-url=\"https:\/\/socialdesignmagazine.com\/mag\/wp-content\/uploads\/2021\/06\/Casa-Rio-Paulo-Merlini-architects-29.jpg\" data-link=\"https:\/\/socialdesignmagazine.com\/mag\/?attachment_id=40772#content\" class=\"wp-image-40772\" srcset=\"https:\/\/socialdesignmagazine.com\/mag\/wp-content\/uploads\/2021\/06\/Casa-Rio-Paulo-Merlini-architects-29-1024x1536.jpg 1024w, https:\/\/socialdesignmagazine.com\/mag\/wp-content\/uploads\/2021\/06\/Casa-Rio-Paulo-Merlini-architects-29-768x1152.jpg 768w, https:\/\/socialdesignmagazine.com\/mag\/wp-content\/uploads\/2021\/06\/Casa-Rio-Paulo-Merlini-architects-29.jpg 1200w\" sizes=\"auto, (max-width: 1024px) 100vw, 1024px\" \/><\/figure><\/li><li class=\"blocks-gallery-item\"><figure><img loading=\"lazy\" decoding=\"async\" width=\"1024\" height=\"683\" data-attachment-id=\"40773\" data-permalink=\"https:\/\/socialdesignmagazine.com\/mag\/architettura\/ristrutturazione-di-una-vecchia-casa-colonica-casa-rio-paulo-merlini-architects\/attachment\/casa-rio-em-paredes-do-atelier-de-arquitectura-paulo-merlini-arc-29\/#content\" data-orig-file=\"https:\/\/socialdesignmagazine.com\/mag\/wp-content\/uploads\/2021\/06\/Casa-Rio-Paulo-Merlini-architects-30.jpg\" data-orig-size=\"1800,1200\" data-comments-opened=\"1\" data-image-meta=\"{&quot;aperture&quot;:&quot;11&quot;,&quot;credit&quot;:&quot;Ivo Tavares Studio&quot;,&quot;camera&quot;:&quot;Canon EOS R&quot;,&quot;caption&quot;:&quot;Casa Rio em Paredes do Atelier de Arquitectura Paulo Merlini Architects com fotografia de arquitetura Ivo Tavares Studio&quot;,&quot;created_timestamp&quot;:&quot;1601302481&quot;,&quot;copyright&quot;:&quot;Ivo Tavares Studio - Fotografia de arquitectura&quot;,&quot;focal_length&quot;:&quot;24&quot;,&quot;iso&quot;:&quot;200&quot;,&quot;shutter_speed&quot;:&quot;0.125&quot;,&quot;title&quot;:&quot;Casa Rio em Paredes do Atelier de Arquitectura Paulo Merlini Arc&quot;,&quot;orientation&quot;:&quot;0&quot;}\" data-image-title=\"Casa Rio Paulo Merlini architects\" data-image-description=\"\" data-image-caption=\"\" data-medium-file=\"https:\/\/socialdesignmagazine.com\/mag\/wp-content\/uploads\/2021\/06\/Casa-Rio-Paulo-Merlini-architects-30-438x283.jpg\" data-large-file=\"https:\/\/socialdesignmagazine.com\/mag\/wp-content\/uploads\/2021\/06\/Casa-Rio-Paulo-Merlini-architects-30-1024x683.jpg\" src=\"https:\/\/socialdesignmagazine.com\/mag\/wp-content\/uploads\/2021\/06\/Casa-Rio-Paulo-Merlini-architects-30-1024x683.jpg\" alt=\"Ristrutturazione di una vecchia casa colonica - Casa Rio Paulo Merlini architects\" data-id=\"40773\" data-full-url=\"https:\/\/socialdesignmagazine.com\/mag\/wp-content\/uploads\/2021\/06\/Casa-Rio-Paulo-Merlini-architects-30.jpg\" data-link=\"https:\/\/socialdesignmagazine.com\/mag\/?attachment_id=40773#content\" class=\"wp-image-40773\" srcset=\"https:\/\/socialdesignmagazine.com\/mag\/wp-content\/uploads\/2021\/06\/Casa-Rio-Paulo-Merlini-architects-30-1024x683.jpg 1024w, https:\/\/socialdesignmagazine.com\/mag\/wp-content\/uploads\/2021\/06\/Casa-Rio-Paulo-Merlini-architects-30-100x66.jpg 100w, https:\/\/socialdesignmagazine.com\/mag\/wp-content\/uploads\/2021\/06\/Casa-Rio-Paulo-Merlini-architects-30-768x512.jpg 768w, https:\/\/socialdesignmagazine.com\/mag\/wp-content\/uploads\/2021\/06\/Casa-Rio-Paulo-Merlini-architects-30-1536x1024.jpg 1536w, https:\/\/socialdesignmagazine.com\/mag\/wp-content\/uploads\/2021\/06\/Casa-Rio-Paulo-Merlini-architects-30.jpg 1800w\" sizes=\"auto, (max-width: 1024px) 100vw, 1024px\" \/><\/figure><\/li><li class=\"blocks-gallery-item\"><figure><img loading=\"lazy\" decoding=\"async\" width=\"1024\" height=\"1536\" data-attachment-id=\"40774\" data-permalink=\"https:\/\/socialdesignmagazine.com\/mag\/architettura\/ristrutturazione-di-una-vecchia-casa-colonica-casa-rio-paulo-merlini-architects\/attachment\/casa-rio-em-paredes-do-atelier-de-arquitectura-paulo-merlini-arc-30\/#content\" data-orig-file=\"https:\/\/socialdesignmagazine.com\/mag\/wp-content\/uploads\/2021\/06\/Casa-Rio-Paulo-Merlini-architects-31.jpg\" data-orig-size=\"1200,1800\" data-comments-opened=\"1\" data-image-meta=\"{&quot;aperture&quot;:&quot;11&quot;,&quot;credit&quot;:&quot;Ivo Tavares Studio&quot;,&quot;camera&quot;:&quot;Canon EOS R&quot;,&quot;caption&quot;:&quot;Casa Rio em Paredes do Atelier de Arquitectura Paulo Merlini Architects com fotografia de arquitetura Ivo Tavares Studio&quot;,&quot;created_timestamp&quot;:&quot;1601302822&quot;,&quot;copyright&quot;:&quot;Ivo Tavares Studio - Fotografia de arquitectura&quot;,&quot;focal_length&quot;:&quot;24&quot;,&quot;iso&quot;:&quot;200&quot;,&quot;shutter_speed&quot;:&quot;0.1&quot;,&quot;title&quot;:&quot;Casa Rio em Paredes do Atelier de Arquitectura Paulo Merlini Arc&quot;,&quot;orientation&quot;:&quot;0&quot;}\" data-image-title=\"Casa Rio Paulo Merlini architects\" data-image-description=\"\" data-image-caption=\"\" data-medium-file=\"https:\/\/socialdesignmagazine.com\/mag\/wp-content\/uploads\/2021\/06\/Casa-Rio-Paulo-Merlini-architects-31-438x283.jpg\" data-large-file=\"https:\/\/socialdesignmagazine.com\/mag\/wp-content\/uploads\/2021\/06\/Casa-Rio-Paulo-Merlini-architects-31-1024x1536.jpg\" src=\"https:\/\/socialdesignmagazine.com\/mag\/wp-content\/uploads\/2021\/06\/Casa-Rio-Paulo-Merlini-architects-31-1024x1536.jpg\" alt=\"Ristrutturazione di una vecchia casa colonica - Casa Rio Paulo Merlini architects\" data-id=\"40774\" data-full-url=\"https:\/\/socialdesignmagazine.com\/mag\/wp-content\/uploads\/2021\/06\/Casa-Rio-Paulo-Merlini-architects-31.jpg\" data-link=\"https:\/\/socialdesignmagazine.com\/mag\/?attachment_id=40774#content\" class=\"wp-image-40774\" srcset=\"https:\/\/socialdesignmagazine.com\/mag\/wp-content\/uploads\/2021\/06\/Casa-Rio-Paulo-Merlini-architects-31-1024x1536.jpg 1024w, https:\/\/socialdesignmagazine.com\/mag\/wp-content\/uploads\/2021\/06\/Casa-Rio-Paulo-Merlini-architects-31-768x1152.jpg 768w, https:\/\/socialdesignmagazine.com\/mag\/wp-content\/uploads\/2021\/06\/Casa-Rio-Paulo-Merlini-architects-31.jpg 1200w\" sizes=\"auto, (max-width: 1024px) 100vw, 1024px\" \/><\/figure><\/li><li class=\"blocks-gallery-item\"><figure><img loading=\"lazy\" decoding=\"async\" width=\"1024\" height=\"683\" data-attachment-id=\"40775\" data-permalink=\"https:\/\/socialdesignmagazine.com\/mag\/architettura\/ristrutturazione-di-una-vecchia-casa-colonica-casa-rio-paulo-merlini-architects\/attachment\/casa-rio-em-paredes-do-atelier-de-arquitectura-paulo-merlini-arc-31\/#content\" data-orig-file=\"https:\/\/socialdesignmagazine.com\/mag\/wp-content\/uploads\/2021\/06\/Casa-Rio-Paulo-Merlini-architects-32.jpg\" data-orig-size=\"1800,1200\" data-comments-opened=\"1\" data-image-meta=\"{&quot;aperture&quot;:&quot;11&quot;,&quot;credit&quot;:&quot;Ivo Tavares Studio&quot;,&quot;camera&quot;:&quot;Canon EOS R&quot;,&quot;caption&quot;:&quot;Casa Rio em Paredes do Atelier de Arquitectura Paulo Merlini Architects com fotografia de arquitetura Ivo Tavares Studio&quot;,&quot;created_timestamp&quot;:&quot;1601309103&quot;,&quot;copyright&quot;:&quot;Ivo Tavares Studio - Fotografia de arquitectura&quot;,&quot;focal_length&quot;:&quot;17&quot;,&quot;iso&quot;:&quot;200&quot;,&quot;shutter_speed&quot;:&quot;0.008&quot;,&quot;title&quot;:&quot;Casa Rio em Paredes do Atelier de Arquitectura Paulo Merlini Arc&quot;,&quot;orientation&quot;:&quot;0&quot;}\" data-image-title=\"Casa Rio Paulo Merlini architects\" data-image-description=\"\" data-image-caption=\"\" data-medium-file=\"https:\/\/socialdesignmagazine.com\/mag\/wp-content\/uploads\/2021\/06\/Casa-Rio-Paulo-Merlini-architects-32-438x283.jpg\" data-large-file=\"https:\/\/socialdesignmagazine.com\/mag\/wp-content\/uploads\/2021\/06\/Casa-Rio-Paulo-Merlini-architects-32-1024x683.jpg\" src=\"https:\/\/socialdesignmagazine.com\/mag\/wp-content\/uploads\/2021\/06\/Casa-Rio-Paulo-Merlini-architects-32-1024x683.jpg\" alt=\"Ristrutturazione di una vecchia casa colonica - Casa Rio Paulo Merlini architects\" data-id=\"40775\" data-full-url=\"https:\/\/socialdesignmagazine.com\/mag\/wp-content\/uploads\/2021\/06\/Casa-Rio-Paulo-Merlini-architects-32.jpg\" data-link=\"https:\/\/socialdesignmagazine.com\/mag\/?attachment_id=40775#content\" class=\"wp-image-40775\" srcset=\"https:\/\/socialdesignmagazine.com\/mag\/wp-content\/uploads\/2021\/06\/Casa-Rio-Paulo-Merlini-architects-32-1024x683.jpg 1024w, https:\/\/socialdesignmagazine.com\/mag\/wp-content\/uploads\/2021\/06\/Casa-Rio-Paulo-Merlini-architects-32-100x66.jpg 100w, https:\/\/socialdesignmagazine.com\/mag\/wp-content\/uploads\/2021\/06\/Casa-Rio-Paulo-Merlini-architects-32-768x512.jpg 768w, https:\/\/socialdesignmagazine.com\/mag\/wp-content\/uploads\/2021\/06\/Casa-Rio-Paulo-Merlini-architects-32-1536x1024.jpg 1536w, https:\/\/socialdesignmagazine.com\/mag\/wp-content\/uploads\/2021\/06\/Casa-Rio-Paulo-Merlini-architects-32.jpg 1800w\" sizes=\"auto, (max-width: 1024px) 100vw, 1024px\" \/><\/figure><\/li><li class=\"blocks-gallery-item\"><figure><img loading=\"lazy\" decoding=\"async\" width=\"1024\" height=\"683\" data-attachment-id=\"40776\" data-permalink=\"https:\/\/socialdesignmagazine.com\/mag\/architettura\/ristrutturazione-di-una-vecchia-casa-colonica-casa-rio-paulo-merlini-architects\/attachment\/casa-rio-em-paredes-do-atelier-de-arquitectura-paulo-merlini-arc-32\/#content\" data-orig-file=\"https:\/\/socialdesignmagazine.com\/mag\/wp-content\/uploads\/2021\/06\/Casa-Rio-Paulo-Merlini-architects-33.jpg\" data-orig-size=\"1800,1200\" data-comments-opened=\"1\" data-image-meta=\"{&quot;aperture&quot;:&quot;11&quot;,&quot;credit&quot;:&quot;Ivo Tavares Studio&quot;,&quot;camera&quot;:&quot;Canon EOS R&quot;,&quot;caption&quot;:&quot;Casa Rio em Paredes do Atelier de Arquitectura Paulo Merlini Architects com fotografia de arquitetura Ivo Tavares Studio&quot;,&quot;created_timestamp&quot;:&quot;1601309581&quot;,&quot;copyright&quot;:&quot;Ivo Tavares Studio - Fotografia de arquitectura&quot;,&quot;focal_length&quot;:&quot;24&quot;,&quot;iso&quot;:&quot;200&quot;,&quot;shutter_speed&quot;:&quot;0.008&quot;,&quot;title&quot;:&quot;Casa Rio em Paredes do Atelier de Arquitectura Paulo Merlini Arc&quot;,&quot;orientation&quot;:&quot;0&quot;}\" data-image-title=\"Casa Rio Paulo Merlini architects\" data-image-description=\"\" data-image-caption=\"\" data-medium-file=\"https:\/\/socialdesignmagazine.com\/mag\/wp-content\/uploads\/2021\/06\/Casa-Rio-Paulo-Merlini-architects-33-438x283.jpg\" data-large-file=\"https:\/\/socialdesignmagazine.com\/mag\/wp-content\/uploads\/2021\/06\/Casa-Rio-Paulo-Merlini-architects-33-1024x683.jpg\" src=\"https:\/\/socialdesignmagazine.com\/mag\/wp-content\/uploads\/2021\/06\/Casa-Rio-Paulo-Merlini-architects-33-1024x683.jpg\" alt=\"Ristrutturazione di una vecchia casa colonica - Casa Rio Paulo Merlini architects\" data-id=\"40776\" data-full-url=\"https:\/\/socialdesignmagazine.com\/mag\/wp-content\/uploads\/2021\/06\/Casa-Rio-Paulo-Merlini-architects-33.jpg\" data-link=\"https:\/\/socialdesignmagazine.com\/mag\/?attachment_id=40776#content\" class=\"wp-image-40776\" srcset=\"https:\/\/socialdesignmagazine.com\/mag\/wp-content\/uploads\/2021\/06\/Casa-Rio-Paulo-Merlini-architects-33-1024x683.jpg 1024w, https:\/\/socialdesignmagazine.com\/mag\/wp-content\/uploads\/2021\/06\/Casa-Rio-Paulo-Merlini-architects-33-100x66.jpg 100w, https:\/\/socialdesignmagazine.com\/mag\/wp-content\/uploads\/2021\/06\/Casa-Rio-Paulo-Merlini-architects-33-768x512.jpg 768w, https:\/\/socialdesignmagazine.com\/mag\/wp-content\/uploads\/2021\/06\/Casa-Rio-Paulo-Merlini-architects-33-1536x1024.jpg 1536w, https:\/\/socialdesignmagazine.com\/mag\/wp-content\/uploads\/2021\/06\/Casa-Rio-Paulo-Merlini-architects-33.jpg 1800w\" sizes=\"auto, (max-width: 1024px) 100vw, 1024px\" \/><\/figure><\/li><li class=\"blocks-gallery-item\"><figure><img loading=\"lazy\" decoding=\"async\" width=\"1024\" height=\"1536\" data-attachment-id=\"40777\" data-permalink=\"https:\/\/socialdesignmagazine.com\/mag\/architettura\/ristrutturazione-di-una-vecchia-casa-colonica-casa-rio-paulo-merlini-architects\/attachment\/casa-rio-em-paredes-do-atelier-de-arquitectura-paulo-merlini-arc-33\/#content\" data-orig-file=\"https:\/\/socialdesignmagazine.com\/mag\/wp-content\/uploads\/2021\/06\/Casa-Rio-Paulo-Merlini-architects-34.jpg\" data-orig-size=\"1200,1800\" data-comments-opened=\"1\" data-image-meta=\"{&quot;aperture&quot;:&quot;11&quot;,&quot;credit&quot;:&quot;Ivo Tavares Studio&quot;,&quot;camera&quot;:&quot;Canon EOS R&quot;,&quot;caption&quot;:&quot;Casa Rio em Paredes do Atelier de Arquitectura Paulo Merlini Architects com fotografia de arquitetura Ivo Tavares Studio&quot;,&quot;created_timestamp&quot;:&quot;1601309659&quot;,&quot;copyright&quot;:&quot;Ivo Tavares Studio - Fotografia de arquitectura&quot;,&quot;focal_length&quot;:&quot;24&quot;,&quot;iso&quot;:&quot;200&quot;,&quot;shutter_speed&quot;:&quot;0.008&quot;,&quot;title&quot;:&quot;Casa Rio em Paredes do Atelier de Arquitectura Paulo Merlini Arc&quot;,&quot;orientation&quot;:&quot;0&quot;}\" data-image-title=\"Casa Rio Paulo Merlini architects\" data-image-description=\"\" data-image-caption=\"\" data-medium-file=\"https:\/\/socialdesignmagazine.com\/mag\/wp-content\/uploads\/2021\/06\/Casa-Rio-Paulo-Merlini-architects-34-438x283.jpg\" data-large-file=\"https:\/\/socialdesignmagazine.com\/mag\/wp-content\/uploads\/2021\/06\/Casa-Rio-Paulo-Merlini-architects-34-1024x1536.jpg\" src=\"https:\/\/socialdesignmagazine.com\/mag\/wp-content\/uploads\/2021\/06\/Casa-Rio-Paulo-Merlini-architects-34-1024x1536.jpg\" alt=\"Ristrutturazione di una vecchia casa colonica - Casa Rio Paulo Merlini architects\" data-id=\"40777\" data-full-url=\"https:\/\/socialdesignmagazine.com\/mag\/wp-content\/uploads\/2021\/06\/Casa-Rio-Paulo-Merlini-architects-34.jpg\" data-link=\"https:\/\/socialdesignmagazine.com\/mag\/?attachment_id=40777#content\" class=\"wp-image-40777\" srcset=\"https:\/\/socialdesignmagazine.com\/mag\/wp-content\/uploads\/2021\/06\/Casa-Rio-Paulo-Merlini-architects-34-1024x1536.jpg 1024w, https:\/\/socialdesignmagazine.com\/mag\/wp-content\/uploads\/2021\/06\/Casa-Rio-Paulo-Merlini-architects-34-768x1152.jpg 768w, https:\/\/socialdesignmagazine.com\/mag\/wp-content\/uploads\/2021\/06\/Casa-Rio-Paulo-Merlini-architects-34.jpg 1200w\" sizes=\"auto, (max-width: 1024px) 100vw, 1024px\" \/><\/figure><\/li><li class=\"blocks-gallery-item\"><figure><img loading=\"lazy\" decoding=\"async\" width=\"1024\" height=\"1536\" data-attachment-id=\"40778\" data-permalink=\"https:\/\/socialdesignmagazine.com\/mag\/architettura\/ristrutturazione-di-una-vecchia-casa-colonica-casa-rio-paulo-merlini-architects\/attachment\/casa-rio-em-paredes-do-atelier-de-arquitectura-paulo-merlini-arc-34\/#content\" data-orig-file=\"https:\/\/socialdesignmagazine.com\/mag\/wp-content\/uploads\/2021\/06\/Casa-Rio-Paulo-Merlini-architects-35.jpg\" data-orig-size=\"1200,1800\" data-comments-opened=\"1\" data-image-meta=\"{&quot;aperture&quot;:&quot;11&quot;,&quot;credit&quot;:&quot;Ivo Tavares Studio&quot;,&quot;camera&quot;:&quot;Canon EOS R&quot;,&quot;caption&quot;:&quot;Casa Rio em Paredes do Atelier de Arquitectura Paulo Merlini Architects com fotografia de arquitetura Ivo Tavares Studio&quot;,&quot;created_timestamp&quot;:&quot;1601310010&quot;,&quot;copyright&quot;:&quot;Ivo Tavares Studio - Fotografia de arquitectura&quot;,&quot;focal_length&quot;:&quot;17&quot;,&quot;iso&quot;:&quot;200&quot;,&quot;shutter_speed&quot;:&quot;0.033333333333333&quot;,&quot;title&quot;:&quot;Casa Rio em Paredes do Atelier de Arquitectura Paulo Merlini Arc&quot;,&quot;orientation&quot;:&quot;0&quot;}\" data-image-title=\"Casa Rio Paulo Merlini architects\" data-image-description=\"\" data-image-caption=\"\" data-medium-file=\"https:\/\/socialdesignmagazine.com\/mag\/wp-content\/uploads\/2021\/06\/Casa-Rio-Paulo-Merlini-architects-35-438x283.jpg\" data-large-file=\"https:\/\/socialdesignmagazine.com\/mag\/wp-content\/uploads\/2021\/06\/Casa-Rio-Paulo-Merlini-architects-35-1024x1536.jpg\" src=\"https:\/\/socialdesignmagazine.com\/mag\/wp-content\/uploads\/2021\/06\/Casa-Rio-Paulo-Merlini-architects-35-1024x1536.jpg\" alt=\"Ristrutturazione di una vecchia casa colonica - Casa Rio Paulo Merlini architects\" data-id=\"40778\" data-full-url=\"https:\/\/socialdesignmagazine.com\/mag\/wp-content\/uploads\/2021\/06\/Casa-Rio-Paulo-Merlini-architects-35.jpg\" data-link=\"https:\/\/socialdesignmagazine.com\/mag\/?attachment_id=40778#content\" class=\"wp-image-40778\" srcset=\"https:\/\/socialdesignmagazine.com\/mag\/wp-content\/uploads\/2021\/06\/Casa-Rio-Paulo-Merlini-architects-35-1024x1536.jpg 1024w, https:\/\/socialdesignmagazine.com\/mag\/wp-content\/uploads\/2021\/06\/Casa-Rio-Paulo-Merlini-architects-35-768x1152.jpg 768w, https:\/\/socialdesignmagazine.com\/mag\/wp-content\/uploads\/2021\/06\/Casa-Rio-Paulo-Merlini-architects-35.jpg 1200w\" sizes=\"auto, (max-width: 1024px) 100vw, 1024px\" \/><\/figure><\/li><li class=\"blocks-gallery-item\"><figure><img loading=\"lazy\" decoding=\"async\" width=\"1024\" height=\"1104\" data-attachment-id=\"40779\" data-permalink=\"https:\/\/socialdesignmagazine.com\/mag\/architettura\/ristrutturazione-di-una-vecchia-casa-colonica-casa-rio-paulo-merlini-architects\/attachment\/casa-rio-em-paredes-do-atelier-de-arquitectura-paulo-merlini-arc-35\/#content\" data-orig-file=\"https:\/\/socialdesignmagazine.com\/mag\/wp-content\/uploads\/2021\/06\/Casa-Rio-Paulo-Merlini-architects-36.jpg\" data-orig-size=\"1669,1800\" data-comments-opened=\"1\" data-image-meta=\"{&quot;aperture&quot;:&quot;11&quot;,&quot;credit&quot;:&quot;Ivo Tavares Studio&quot;,&quot;camera&quot;:&quot;Canon EOS R&quot;,&quot;caption&quot;:&quot;Casa Rio em Paredes do Atelier de Arquitectura Paulo Merlini Architects com fotografia de arquitetura Ivo Tavares Studio&quot;,&quot;created_timestamp&quot;:&quot;1601310106&quot;,&quot;copyright&quot;:&quot;Ivo Tavares Studio - Fotografia de arquitectura&quot;,&quot;focal_length&quot;:&quot;17&quot;,&quot;iso&quot;:&quot;200&quot;,&quot;shutter_speed&quot;:&quot;0.033333333333333&quot;,&quot;title&quot;:&quot;Casa Rio em Paredes do Atelier de Arquitectura Paulo Merlini Arc&quot;,&quot;orientation&quot;:&quot;0&quot;}\" data-image-title=\"Casa Rio Paulo Merlini architects\" data-image-description=\"\" data-image-caption=\"\" data-medium-file=\"https:\/\/socialdesignmagazine.com\/mag\/wp-content\/uploads\/2021\/06\/Casa-Rio-Paulo-Merlini-architects-36-438x283.jpg\" data-large-file=\"https:\/\/socialdesignmagazine.com\/mag\/wp-content\/uploads\/2021\/06\/Casa-Rio-Paulo-Merlini-architects-36-1024x1104.jpg\" src=\"https:\/\/socialdesignmagazine.com\/mag\/wp-content\/uploads\/2021\/06\/Casa-Rio-Paulo-Merlini-architects-36-1024x1104.jpg\" alt=\"Ristrutturazione di una vecchia casa colonica - Casa Rio Paulo Merlini architects\" data-id=\"40779\" data-full-url=\"https:\/\/socialdesignmagazine.com\/mag\/wp-content\/uploads\/2021\/06\/Casa-Rio-Paulo-Merlini-architects-36.jpg\" data-link=\"https:\/\/socialdesignmagazine.com\/mag\/?attachment_id=40779#content\" class=\"wp-image-40779\" srcset=\"https:\/\/socialdesignmagazine.com\/mag\/wp-content\/uploads\/2021\/06\/Casa-Rio-Paulo-Merlini-architects-36-1024x1104.jpg 1024w, https:\/\/socialdesignmagazine.com\/mag\/wp-content\/uploads\/2021\/06\/Casa-Rio-Paulo-Merlini-architects-36-768x828.jpg 768w, https:\/\/socialdesignmagazine.com\/mag\/wp-content\/uploads\/2021\/06\/Casa-Rio-Paulo-Merlini-architects-36-1424x1536.jpg 1424w, https:\/\/socialdesignmagazine.com\/mag\/wp-content\/uploads\/2021\/06\/Casa-Rio-Paulo-Merlini-architects-36.jpg 1669w\" sizes=\"auto, (max-width: 1024px) 100vw, 1024px\" \/><\/figure><\/li><li class=\"blocks-gallery-item\"><figure><img loading=\"lazy\" decoding=\"async\" width=\"1024\" height=\"1536\" data-attachment-id=\"40780\" data-permalink=\"https:\/\/socialdesignmagazine.com\/mag\/architettura\/ristrutturazione-di-una-vecchia-casa-colonica-casa-rio-paulo-merlini-architects\/attachment\/casa-rio-em-paredes-do-atelier-de-arquitectura-paulo-merlini-arc-36\/#content\" data-orig-file=\"https:\/\/socialdesignmagazine.com\/mag\/wp-content\/uploads\/2021\/06\/Casa-Rio-Paulo-Merlini-architects-37.jpg\" data-orig-size=\"1200,1800\" data-comments-opened=\"1\" data-image-meta=\"{&quot;aperture&quot;:&quot;11&quot;,&quot;credit&quot;:&quot;Ivo Tavares Studio&quot;,&quot;camera&quot;:&quot;Canon EOS R&quot;,&quot;caption&quot;:&quot;Casa Rio em Paredes do Atelier de Arquitectura Paulo Merlini Architects com fotografia de arquitetura Ivo Tavares Studio&quot;,&quot;created_timestamp&quot;:&quot;1601310703&quot;,&quot;copyright&quot;:&quot;Ivo Tavares Studio - Fotografia de arquitectura&quot;,&quot;focal_length&quot;:&quot;17&quot;,&quot;iso&quot;:&quot;200&quot;,&quot;shutter_speed&quot;:&quot;0.076923076923077&quot;,&quot;title&quot;:&quot;Casa Rio em Paredes do Atelier de Arquitectura Paulo Merlini Arc&quot;,&quot;orientation&quot;:&quot;0&quot;}\" data-image-title=\"Casa Rio Paulo Merlini architects\" data-image-description=\"\" data-image-caption=\"\" data-medium-file=\"https:\/\/socialdesignmagazine.com\/mag\/wp-content\/uploads\/2021\/06\/Casa-Rio-Paulo-Merlini-architects-37-438x283.jpg\" data-large-file=\"https:\/\/socialdesignmagazine.com\/mag\/wp-content\/uploads\/2021\/06\/Casa-Rio-Paulo-Merlini-architects-37-1024x1536.jpg\" src=\"https:\/\/socialdesignmagazine.com\/mag\/wp-content\/uploads\/2021\/06\/Casa-Rio-Paulo-Merlini-architects-37-1024x1536.jpg\" alt=\"Ristrutturazione di una vecchia casa colonica - Casa Rio Paulo Merlini architects\" data-id=\"40780\" data-full-url=\"https:\/\/socialdesignmagazine.com\/mag\/wp-content\/uploads\/2021\/06\/Casa-Rio-Paulo-Merlini-architects-37.jpg\" data-link=\"https:\/\/socialdesignmagazine.com\/mag\/?attachment_id=40780#content\" class=\"wp-image-40780\" srcset=\"https:\/\/socialdesignmagazine.com\/mag\/wp-content\/uploads\/2021\/06\/Casa-Rio-Paulo-Merlini-architects-37-1024x1536.jpg 1024w, https:\/\/socialdesignmagazine.com\/mag\/wp-content\/uploads\/2021\/06\/Casa-Rio-Paulo-Merlini-architects-37-768x1152.jpg 768w, https:\/\/socialdesignmagazine.com\/mag\/wp-content\/uploads\/2021\/06\/Casa-Rio-Paulo-Merlini-architects-37.jpg 1200w\" sizes=\"auto, (max-width: 1024px) 100vw, 1024px\" \/><\/figure><\/li><li class=\"blocks-gallery-item\"><figure><img loading=\"lazy\" decoding=\"async\" width=\"1024\" height=\"1536\" data-attachment-id=\"40781\" data-permalink=\"https:\/\/socialdesignmagazine.com\/mag\/architettura\/ristrutturazione-di-una-vecchia-casa-colonica-casa-rio-paulo-merlini-architects\/attachment\/casa-rio-em-paredes-do-atelier-de-arquitectura-paulo-merlini-arc-37\/#content\" data-orig-file=\"https:\/\/socialdesignmagazine.com\/mag\/wp-content\/uploads\/2021\/06\/Casa-Rio-Paulo-Merlini-architects-38.jpg\" data-orig-size=\"1200,1800\" data-comments-opened=\"1\" data-image-meta=\"{&quot;aperture&quot;:&quot;11&quot;,&quot;credit&quot;:&quot;Ivo Tavares Studio&quot;,&quot;camera&quot;:&quot;Canon EOS R&quot;,&quot;caption&quot;:&quot;Casa Rio em Paredes do Atelier de Arquitectura Paulo Merlini Architects com fotografia de arquitetura Ivo Tavares Studio&quot;,&quot;created_timestamp&quot;:&quot;1601310828&quot;,&quot;copyright&quot;:&quot;Ivo Tavares Studio - Fotografia de arquitectura&quot;,&quot;focal_length&quot;:&quot;70&quot;,&quot;iso&quot;:&quot;200&quot;,&quot;shutter_speed&quot;:&quot;0.2&quot;,&quot;title&quot;:&quot;Casa Rio em Paredes do Atelier de Arquitectura Paulo Merlini Arc&quot;,&quot;orientation&quot;:&quot;0&quot;}\" data-image-title=\"Casa Rio Paulo Merlini architects\" data-image-description=\"\" data-image-caption=\"\" data-medium-file=\"https:\/\/socialdesignmagazine.com\/mag\/wp-content\/uploads\/2021\/06\/Casa-Rio-Paulo-Merlini-architects-38-438x283.jpg\" data-large-file=\"https:\/\/socialdesignmagazine.com\/mag\/wp-content\/uploads\/2021\/06\/Casa-Rio-Paulo-Merlini-architects-38-1024x1536.jpg\" src=\"https:\/\/socialdesignmagazine.com\/mag\/wp-content\/uploads\/2021\/06\/Casa-Rio-Paulo-Merlini-architects-38-1024x1536.jpg\" alt=\"Ristrutturazione di una vecchia casa colonica - Casa Rio Paulo Merlini architects\" data-id=\"40781\" data-full-url=\"https:\/\/socialdesignmagazine.com\/mag\/wp-content\/uploads\/2021\/06\/Casa-Rio-Paulo-Merlini-architects-38.jpg\" data-link=\"https:\/\/socialdesignmagazine.com\/mag\/?attachment_id=40781#content\" class=\"wp-image-40781\" srcset=\"https:\/\/socialdesignmagazine.com\/mag\/wp-content\/uploads\/2021\/06\/Casa-Rio-Paulo-Merlini-architects-38-1024x1536.jpg 1024w, https:\/\/socialdesignmagazine.com\/mag\/wp-content\/uploads\/2021\/06\/Casa-Rio-Paulo-Merlini-architects-38-768x1152.jpg 768w, https:\/\/socialdesignmagazine.com\/mag\/wp-content\/uploads\/2021\/06\/Casa-Rio-Paulo-Merlini-architects-38.jpg 1200w\" sizes=\"auto, (max-width: 1024px) 100vw, 1024px\" \/><\/figure><\/li><li class=\"blocks-gallery-item\"><figure><img loading=\"lazy\" decoding=\"async\" width=\"1024\" height=\"1536\" data-attachment-id=\"40782\" data-permalink=\"https:\/\/socialdesignmagazine.com\/mag\/architettura\/ristrutturazione-di-una-vecchia-casa-colonica-casa-rio-paulo-merlini-architects\/attachment\/casa-rio-em-paredes-do-atelier-de-arquitectura-paulo-merlini-arc-38\/#content\" data-orig-file=\"https:\/\/socialdesignmagazine.com\/mag\/wp-content\/uploads\/2021\/06\/Casa-Rio-Paulo-Merlini-architects-39.jpg\" data-orig-size=\"1200,1800\" data-comments-opened=\"1\" data-image-meta=\"{&quot;aperture&quot;:&quot;11&quot;,&quot;credit&quot;:&quot;Ivo Tavares Studio&quot;,&quot;camera&quot;:&quot;Canon EOS R&quot;,&quot;caption&quot;:&quot;Casa Rio em Paredes do Atelier de Arquitectura Paulo Merlini Architects com fotografia de arquitetura Ivo Tavares Studio&quot;,&quot;created_timestamp&quot;:&quot;1601311190&quot;,&quot;copyright&quot;:&quot;Ivo Tavares Studio - Fotografia de arquitectura&quot;,&quot;focal_length&quot;:&quot;41&quot;,&quot;iso&quot;:&quot;200&quot;,&quot;shutter_speed&quot;:&quot;0.4&quot;,&quot;title&quot;:&quot;Casa Rio em Paredes do Atelier de Arquitectura Paulo Merlini Arc&quot;,&quot;orientation&quot;:&quot;0&quot;}\" data-image-title=\"Casa Rio Paulo Merlini architects\" data-image-description=\"\" data-image-caption=\"\" data-medium-file=\"https:\/\/socialdesignmagazine.com\/mag\/wp-content\/uploads\/2021\/06\/Casa-Rio-Paulo-Merlini-architects-39-438x283.jpg\" data-large-file=\"https:\/\/socialdesignmagazine.com\/mag\/wp-content\/uploads\/2021\/06\/Casa-Rio-Paulo-Merlini-architects-39-1024x1536.jpg\" src=\"https:\/\/socialdesignmagazine.com\/mag\/wp-content\/uploads\/2021\/06\/Casa-Rio-Paulo-Merlini-architects-39-1024x1536.jpg\" alt=\"Casa Rio Paulo Merlini architects\" data-id=\"40782\" data-full-url=\"https:\/\/socialdesignmagazine.com\/mag\/wp-content\/uploads\/2021\/06\/Casa-Rio-Paulo-Merlini-architects-39.jpg\" data-link=\"https:\/\/socialdesignmagazine.com\/mag\/?attachment_id=40782#content\" class=\"wp-image-40782\" srcset=\"https:\/\/socialdesignmagazine.com\/mag\/wp-content\/uploads\/2021\/06\/Casa-Rio-Paulo-Merlini-architects-39-1024x1536.jpg 1024w, https:\/\/socialdesignmagazine.com\/mag\/wp-content\/uploads\/2021\/06\/Casa-Rio-Paulo-Merlini-architects-39-768x1152.jpg 768w, https:\/\/socialdesignmagazine.com\/mag\/wp-content\/uploads\/2021\/06\/Casa-Rio-Paulo-Merlini-architects-39.jpg 1200w\" sizes=\"auto, (max-width: 1024px) 100vw, 1024px\" \/><\/figure><\/li><li class=\"blocks-gallery-item\"><figure><img loading=\"lazy\" decoding=\"async\" width=\"1024\" height=\"1536\" data-attachment-id=\"40783\" data-permalink=\"https:\/\/socialdesignmagazine.com\/mag\/architettura\/ristrutturazione-di-una-vecchia-casa-colonica-casa-rio-paulo-merlini-architects\/attachment\/casa-rio-em-paredes-do-atelier-de-arquitectura-paulo-merlini-arc-39\/#content\" data-orig-file=\"https:\/\/socialdesignmagazine.com\/mag\/wp-content\/uploads\/2021\/06\/Casa-Rio-Paulo-Merlini-architects-40.jpg\" data-orig-size=\"1200,1800\" data-comments-opened=\"1\" data-image-meta=\"{&quot;aperture&quot;:&quot;11&quot;,&quot;credit&quot;:&quot;Ivo Tavares Studio&quot;,&quot;camera&quot;:&quot;Canon EOS R&quot;,&quot;caption&quot;:&quot;Casa Rio em Paredes do Atelier de Arquitectura Paulo Merlini Architects com fotografia de arquitetura Ivo Tavares Studio&quot;,&quot;created_timestamp&quot;:&quot;1601311223&quot;,&quot;copyright&quot;:&quot;Ivo Tavares Studio - Fotografia de arquitectura&quot;,&quot;focal_length&quot;:&quot;30&quot;,&quot;iso&quot;:&quot;200&quot;,&quot;shutter_speed&quot;:&quot;0.4&quot;,&quot;title&quot;:&quot;Casa Rio em Paredes do Atelier de Arquitectura Paulo Merlini Arc&quot;,&quot;orientation&quot;:&quot;0&quot;}\" data-image-title=\"Casa Rio Paulo Merlini architects\" data-image-description=\"\" data-image-caption=\"\" data-medium-file=\"https:\/\/socialdesignmagazine.com\/mag\/wp-content\/uploads\/2021\/06\/Casa-Rio-Paulo-Merlini-architects-40-438x283.jpg\" data-large-file=\"https:\/\/socialdesignmagazine.com\/mag\/wp-content\/uploads\/2021\/06\/Casa-Rio-Paulo-Merlini-architects-40-1024x1536.jpg\" src=\"https:\/\/socialdesignmagazine.com\/mag\/wp-content\/uploads\/2021\/06\/Casa-Rio-Paulo-Merlini-architects-40-1024x1536.jpg\" alt=\"Casa Rio Paulo Merlini architects\" data-id=\"40783\" data-full-url=\"https:\/\/socialdesignmagazine.com\/mag\/wp-content\/uploads\/2021\/06\/Casa-Rio-Paulo-Merlini-architects-40.jpg\" data-link=\"https:\/\/socialdesignmagazine.com\/mag\/?attachment_id=40783#content\" class=\"wp-image-40783\" srcset=\"https:\/\/socialdesignmagazine.com\/mag\/wp-content\/uploads\/2021\/06\/Casa-Rio-Paulo-Merlini-architects-40-1024x1536.jpg 1024w, https:\/\/socialdesignmagazine.com\/mag\/wp-content\/uploads\/2021\/06\/Casa-Rio-Paulo-Merlini-architects-40-768x1152.jpg 768w, https:\/\/socialdesignmagazine.com\/mag\/wp-content\/uploads\/2021\/06\/Casa-Rio-Paulo-Merlini-architects-40.jpg 1200w\" sizes=\"auto, (max-width: 1024px) 100vw, 1024px\" \/><\/figure><\/li><li class=\"blocks-gallery-item\"><figure><img loading=\"lazy\" decoding=\"async\" width=\"1024\" height=\"1536\" data-attachment-id=\"40784\" data-permalink=\"https:\/\/socialdesignmagazine.com\/mag\/architettura\/ristrutturazione-di-una-vecchia-casa-colonica-casa-rio-paulo-merlini-architects\/attachment\/casa-rio-em-paredes-do-atelier-de-arquitectura-paulo-merlini-arc-40\/#content\" data-orig-file=\"https:\/\/socialdesignmagazine.com\/mag\/wp-content\/uploads\/2021\/06\/Casa-Rio-Paulo-Merlini-architects-41.jpg\" data-orig-size=\"1200,1800\" data-comments-opened=\"1\" data-image-meta=\"{&quot;aperture&quot;:&quot;11&quot;,&quot;credit&quot;:&quot;Ivo Tavares Studio&quot;,&quot;camera&quot;:&quot;Canon EOS R&quot;,&quot;caption&quot;:&quot;Casa Rio em Paredes do Atelier de Arquitectura Paulo Merlini Architects com fotografia de arquitetura Ivo Tavares Studio&quot;,&quot;created_timestamp&quot;:&quot;1601311529&quot;,&quot;copyright&quot;:&quot;Ivo Tavares Studio - Fotografia de arquitectura&quot;,&quot;focal_length&quot;:&quot;24&quot;,&quot;iso&quot;:&quot;200&quot;,&quot;shutter_speed&quot;:&quot;0.066666666666667&quot;,&quot;title&quot;:&quot;Casa Rio em Paredes do Atelier de Arquitectura Paulo Merlini Arc&quot;,&quot;orientation&quot;:&quot;0&quot;}\" data-image-title=\"Casa Rio Paulo Merlini architects\" data-image-description=\"\" data-image-caption=\"\" data-medium-file=\"https:\/\/socialdesignmagazine.com\/mag\/wp-content\/uploads\/2021\/06\/Casa-Rio-Paulo-Merlini-architects-41-438x283.jpg\" data-large-file=\"https:\/\/socialdesignmagazine.com\/mag\/wp-content\/uploads\/2021\/06\/Casa-Rio-Paulo-Merlini-architects-41-1024x1536.jpg\" src=\"https:\/\/socialdesignmagazine.com\/mag\/wp-content\/uploads\/2021\/06\/Casa-Rio-Paulo-Merlini-architects-41-1024x1536.jpg\" alt=\"Ristrutturazione di una vecchia casa colonica - Casa Rio Paulo Merlini architects\" data-id=\"40784\" data-full-url=\"https:\/\/socialdesignmagazine.com\/mag\/wp-content\/uploads\/2021\/06\/Casa-Rio-Paulo-Merlini-architects-41.jpg\" data-link=\"https:\/\/socialdesignmagazine.com\/mag\/?attachment_id=40784#content\" class=\"wp-image-40784\" srcset=\"https:\/\/socialdesignmagazine.com\/mag\/wp-content\/uploads\/2021\/06\/Casa-Rio-Paulo-Merlini-architects-41-1024x1536.jpg 1024w, https:\/\/socialdesignmagazine.com\/mag\/wp-content\/uploads\/2021\/06\/Casa-Rio-Paulo-Merlini-architects-41-768x1152.jpg 768w, https:\/\/socialdesignmagazine.com\/mag\/wp-content\/uploads\/2021\/06\/Casa-Rio-Paulo-Merlini-architects-41.jpg 1200w\" sizes=\"auto, (max-width: 1024px) 100vw, 1024px\" \/><\/figure><\/li><li class=\"blocks-gallery-item\"><figure><img loading=\"lazy\" decoding=\"async\" width=\"1024\" height=\"1536\" data-attachment-id=\"40785\" data-permalink=\"https:\/\/socialdesignmagazine.com\/mag\/architettura\/ristrutturazione-di-una-vecchia-casa-colonica-casa-rio-paulo-merlini-architects\/attachment\/casa-rio-em-paredes-do-atelier-de-arquitectura-paulo-merlini-arc-41\/#content\" data-orig-file=\"https:\/\/socialdesignmagazine.com\/mag\/wp-content\/uploads\/2021\/06\/Casa-Rio-Paulo-Merlini-architects-42.jpg\" data-orig-size=\"1200,1800\" data-comments-opened=\"1\" data-image-meta=\"{&quot;aperture&quot;:&quot;11&quot;,&quot;credit&quot;:&quot;Ivo Tavares Studio&quot;,&quot;camera&quot;:&quot;Canon EOS R&quot;,&quot;caption&quot;:&quot;Casa Rio em Paredes do Atelier de Arquitectura Paulo Merlini Architects com fotografia de arquitetura Ivo Tavares Studio&quot;,&quot;created_timestamp&quot;:&quot;1601311593&quot;,&quot;copyright&quot;:&quot;Ivo Tavares Studio - Fotografia de arquitectura&quot;,&quot;focal_length&quot;:&quot;17&quot;,&quot;iso&quot;:&quot;200&quot;,&quot;shutter_speed&quot;:&quot;0.05&quot;,&quot;title&quot;:&quot;Casa Rio em Paredes do Atelier de Arquitectura Paulo Merlini Arc&quot;,&quot;orientation&quot;:&quot;0&quot;}\" data-image-title=\"Casa Rio Paulo Merlini architects\" data-image-description=\"\" data-image-caption=\"\" data-medium-file=\"https:\/\/socialdesignmagazine.com\/mag\/wp-content\/uploads\/2021\/06\/Casa-Rio-Paulo-Merlini-architects-42-438x283.jpg\" data-large-file=\"https:\/\/socialdesignmagazine.com\/mag\/wp-content\/uploads\/2021\/06\/Casa-Rio-Paulo-Merlini-architects-42-1024x1536.jpg\" src=\"https:\/\/socialdesignmagazine.com\/mag\/wp-content\/uploads\/2021\/06\/Casa-Rio-Paulo-Merlini-architects-42-1024x1536.jpg\" alt=\"Ristrutturazione di una vecchia casa colonica - Casa Rio Paulo Merlini architects\" data-id=\"40785\" data-full-url=\"https:\/\/socialdesignmagazine.com\/mag\/wp-content\/uploads\/2021\/06\/Casa-Rio-Paulo-Merlini-architects-42.jpg\" data-link=\"https:\/\/socialdesignmagazine.com\/mag\/?attachment_id=40785#content\" class=\"wp-image-40785\" srcset=\"https:\/\/socialdesignmagazine.com\/mag\/wp-content\/uploads\/2021\/06\/Casa-Rio-Paulo-Merlini-architects-42-1024x1536.jpg 1024w, https:\/\/socialdesignmagazine.com\/mag\/wp-content\/uploads\/2021\/06\/Casa-Rio-Paulo-Merlini-architects-42-768x1152.jpg 768w, https:\/\/socialdesignmagazine.com\/mag\/wp-content\/uploads\/2021\/06\/Casa-Rio-Paulo-Merlini-architects-42.jpg 1200w\" sizes=\"auto, (max-width: 1024px) 100vw, 1024px\" \/><\/figure><\/li><li class=\"blocks-gallery-item\"><figure><img loading=\"lazy\" decoding=\"async\" width=\"1024\" height=\"1536\" data-attachment-id=\"40786\" data-permalink=\"https:\/\/socialdesignmagazine.com\/mag\/architettura\/ristrutturazione-di-una-vecchia-casa-colonica-casa-rio-paulo-merlini-architects\/attachment\/casa-rio-em-paredes-do-atelier-de-arquitectura-paulo-merlini-arc-42\/#content\" data-orig-file=\"https:\/\/socialdesignmagazine.com\/mag\/wp-content\/uploads\/2021\/06\/Casa-Rio-Paulo-Merlini-architects-43.jpg\" data-orig-size=\"1200,1800\" data-comments-opened=\"1\" data-image-meta=\"{&quot;aperture&quot;:&quot;11&quot;,&quot;credit&quot;:&quot;Ivo Tavares Studio&quot;,&quot;camera&quot;:&quot;Canon EOS R&quot;,&quot;caption&quot;:&quot;Casa Rio em Paredes do Atelier de Arquitectura Paulo Merlini Architects com fotografia de arquitetura Ivo Tavares Studio&quot;,&quot;created_timestamp&quot;:&quot;1601312272&quot;,&quot;copyright&quot;:&quot;Ivo Tavares Studio - Fotografia de arquitectura&quot;,&quot;focal_length&quot;:&quot;17&quot;,&quot;iso&quot;:&quot;200&quot;,&quot;shutter_speed&quot;:&quot;0.1&quot;,&quot;title&quot;:&quot;Casa Rio em Paredes do Atelier de Arquitectura Paulo Merlini Arc&quot;,&quot;orientation&quot;:&quot;0&quot;}\" data-image-title=\"Casa Rio Paulo Merlini architects\" data-image-description=\"\" data-image-caption=\"\" data-medium-file=\"https:\/\/socialdesignmagazine.com\/mag\/wp-content\/uploads\/2021\/06\/Casa-Rio-Paulo-Merlini-architects-43-438x283.jpg\" data-large-file=\"https:\/\/socialdesignmagazine.com\/mag\/wp-content\/uploads\/2021\/06\/Casa-Rio-Paulo-Merlini-architects-43-1024x1536.jpg\" src=\"https:\/\/socialdesignmagazine.com\/mag\/wp-content\/uploads\/2021\/06\/Casa-Rio-Paulo-Merlini-architects-43-1024x1536.jpg\" alt=\"Ristrutturazione di una vecchia casa colonica - Casa Rio Paulo Merlini architects\" data-id=\"40786\" data-full-url=\"https:\/\/socialdesignmagazine.com\/mag\/wp-content\/uploads\/2021\/06\/Casa-Rio-Paulo-Merlini-architects-43.jpg\" data-link=\"https:\/\/socialdesignmagazine.com\/mag\/?attachment_id=40786#content\" class=\"wp-image-40786\" srcset=\"https:\/\/socialdesignmagazine.com\/mag\/wp-content\/uploads\/2021\/06\/Casa-Rio-Paulo-Merlini-architects-43-1024x1536.jpg 1024w, https:\/\/socialdesignmagazine.com\/mag\/wp-content\/uploads\/2021\/06\/Casa-Rio-Paulo-Merlini-architects-43-768x1152.jpg 768w, https:\/\/socialdesignmagazine.com\/mag\/wp-content\/uploads\/2021\/06\/Casa-Rio-Paulo-Merlini-architects-43.jpg 1200w\" sizes=\"auto, (max-width: 1024px) 100vw, 1024px\" \/><\/figure><\/li><li class=\"blocks-gallery-item\"><figure><img loading=\"lazy\" decoding=\"async\" width=\"1024\" height=\"906\" data-attachment-id=\"40787\" data-permalink=\"https:\/\/socialdesignmagazine.com\/mag\/architettura\/ristrutturazione-di-una-vecchia-casa-colonica-casa-rio-paulo-merlini-architects\/attachment\/casa-rio-em-paredes-do-atelier-de-arquitectura-paulo-merlini-arc-43\/#content\" data-orig-file=\"https:\/\/socialdesignmagazine.com\/mag\/wp-content\/uploads\/2021\/06\/Casa-Rio-Paulo-Merlini-architects-44.jpg\" data-orig-size=\"1800,1592\" data-comments-opened=\"1\" data-image-meta=\"{&quot;aperture&quot;:&quot;11&quot;,&quot;credit&quot;:&quot;Ivo Tavares Studio&quot;,&quot;camera&quot;:&quot;Canon EOS R&quot;,&quot;caption&quot;:&quot;Casa Rio em Paredes do Atelier de Arquitectura Paulo Merlini Architects com fotografia de arquitetura Ivo Tavares Studio&quot;,&quot;created_timestamp&quot;:&quot;1601312834&quot;,&quot;copyright&quot;:&quot;Ivo Tavares Studio - Fotografia de arquitectura&quot;,&quot;focal_length&quot;:&quot;17&quot;,&quot;iso&quot;:&quot;200&quot;,&quot;shutter_speed&quot;:&quot;0.1&quot;,&quot;title&quot;:&quot;Casa Rio em Paredes do Atelier de Arquitectura Paulo Merlini Arc&quot;,&quot;orientation&quot;:&quot;0&quot;}\" data-image-title=\"Casa Rio Paulo Merlini architects\" data-image-description=\"\" data-image-caption=\"\" data-medium-file=\"https:\/\/socialdesignmagazine.com\/mag\/wp-content\/uploads\/2021\/06\/Casa-Rio-Paulo-Merlini-architects-44-438x283.jpg\" data-large-file=\"https:\/\/socialdesignmagazine.com\/mag\/wp-content\/uploads\/2021\/06\/Casa-Rio-Paulo-Merlini-architects-44-1024x906.jpg\" src=\"https:\/\/socialdesignmagazine.com\/mag\/wp-content\/uploads\/2021\/06\/Casa-Rio-Paulo-Merlini-architects-44-1024x906.jpg\" alt=\"Ristrutturazione di una vecchia casa colonica - Casa Rio Paulo Merlini architects\" data-id=\"40787\" data-full-url=\"https:\/\/socialdesignmagazine.com\/mag\/wp-content\/uploads\/2021\/06\/Casa-Rio-Paulo-Merlini-architects-44.jpg\" data-link=\"https:\/\/socialdesignmagazine.com\/mag\/?attachment_id=40787#content\" class=\"wp-image-40787\" srcset=\"https:\/\/socialdesignmagazine.com\/mag\/wp-content\/uploads\/2021\/06\/Casa-Rio-Paulo-Merlini-architects-44-1024x906.jpg 1024w, https:\/\/socialdesignmagazine.com\/mag\/wp-content\/uploads\/2021\/06\/Casa-Rio-Paulo-Merlini-architects-44-768x679.jpg 768w, https:\/\/socialdesignmagazine.com\/mag\/wp-content\/uploads\/2021\/06\/Casa-Rio-Paulo-Merlini-architects-44-1536x1359.jpg 1536w, https:\/\/socialdesignmagazine.com\/mag\/wp-content\/uploads\/2021\/06\/Casa-Rio-Paulo-Merlini-architects-44.jpg 1800w\" sizes=\"auto, (max-width: 1024px) 100vw, 1024px\" \/><\/figure><\/li><li class=\"blocks-gallery-item\"><figure><img loading=\"lazy\" decoding=\"async\" width=\"1024\" height=\"1536\" data-attachment-id=\"40788\" data-permalink=\"https:\/\/socialdesignmagazine.com\/mag\/architettura\/ristrutturazione-di-una-vecchia-casa-colonica-casa-rio-paulo-merlini-architects\/attachment\/casa-rio-em-paredes-do-atelier-de-arquitectura-paulo-merlini-arc-44\/#content\" data-orig-file=\"https:\/\/socialdesignmagazine.com\/mag\/wp-content\/uploads\/2021\/06\/Casa-Rio-Paulo-Merlini-architects-45.jpg\" data-orig-size=\"1200,1800\" data-comments-opened=\"1\" data-image-meta=\"{&quot;aperture&quot;:&quot;11&quot;,&quot;credit&quot;:&quot;Ivo Tavares Studio&quot;,&quot;camera&quot;:&quot;Canon EOS R&quot;,&quot;caption&quot;:&quot;Casa Rio em Paredes do Atelier de Arquitectura Paulo Merlini Architects com fotografia de arquitetura Ivo Tavares Studio&quot;,&quot;created_timestamp&quot;:&quot;1601312979&quot;,&quot;copyright&quot;:&quot;Ivo Tavares Studio - Fotografia de arquitectura&quot;,&quot;focal_length&quot;:&quot;70&quot;,&quot;iso&quot;:&quot;200&quot;,&quot;shutter_speed&quot;:&quot;0.1&quot;,&quot;title&quot;:&quot;Casa Rio em Paredes do Atelier de Arquitectura Paulo Merlini Arc&quot;,&quot;orientation&quot;:&quot;0&quot;}\" data-image-title=\"Casa Rio Paulo Merlini architects\" data-image-description=\"\" data-image-caption=\"\" data-medium-file=\"https:\/\/socialdesignmagazine.com\/mag\/wp-content\/uploads\/2021\/06\/Casa-Rio-Paulo-Merlini-architects-45-438x283.jpg\" data-large-file=\"https:\/\/socialdesignmagazine.com\/mag\/wp-content\/uploads\/2021\/06\/Casa-Rio-Paulo-Merlini-architects-45-1024x1536.jpg\" src=\"https:\/\/socialdesignmagazine.com\/mag\/wp-content\/uploads\/2021\/06\/Casa-Rio-Paulo-Merlini-architects-45-1024x1536.jpg\" alt=\"Casa Rio Paulo Merlini architects\" data-id=\"40788\" data-full-url=\"https:\/\/socialdesignmagazine.com\/mag\/wp-content\/uploads\/2021\/06\/Casa-Rio-Paulo-Merlini-architects-45.jpg\" data-link=\"https:\/\/socialdesignmagazine.com\/mag\/?attachment_id=40788#content\" class=\"wp-image-40788\" srcset=\"https:\/\/socialdesignmagazine.com\/mag\/wp-content\/uploads\/2021\/06\/Casa-Rio-Paulo-Merlini-architects-45-1024x1536.jpg 1024w, https:\/\/socialdesignmagazine.com\/mag\/wp-content\/uploads\/2021\/06\/Casa-Rio-Paulo-Merlini-architects-45-768x1152.jpg 768w, https:\/\/socialdesignmagazine.com\/mag\/wp-content\/uploads\/2021\/06\/Casa-Rio-Paulo-Merlini-architects-45.jpg 1200w\" sizes=\"auto, (max-width: 1024px) 100vw, 1024px\" \/><\/figure><\/li><li class=\"blocks-gallery-item\"><figure><img loading=\"lazy\" decoding=\"async\" width=\"1024\" height=\"1536\" data-attachment-id=\"40789\" data-permalink=\"https:\/\/socialdesignmagazine.com\/mag\/architettura\/ristrutturazione-di-una-vecchia-casa-colonica-casa-rio-paulo-merlini-architects\/attachment\/casa-rio-em-paredes-do-atelier-de-arquitectura-paulo-merlini-arc-45\/#content\" data-orig-file=\"https:\/\/socialdesignmagazine.com\/mag\/wp-content\/uploads\/2021\/06\/Casa-Rio-Paulo-Merlini-architects-46.jpg\" data-orig-size=\"1200,1800\" data-comments-opened=\"1\" data-image-meta=\"{&quot;aperture&quot;:&quot;11&quot;,&quot;credit&quot;:&quot;Ivo Tavares Studio&quot;,&quot;camera&quot;:&quot;Canon EOS R&quot;,&quot;caption&quot;:&quot;Casa Rio em Paredes do Atelier de Arquitectura Paulo Merlini Architects com fotografia de arquitetura Ivo Tavares Studio&quot;,&quot;created_timestamp&quot;:&quot;1601313516&quot;,&quot;copyright&quot;:&quot;Ivo Tavares Studio - Fotografia de arquitectura&quot;,&quot;focal_length&quot;:&quot;17&quot;,&quot;iso&quot;:&quot;200&quot;,&quot;shutter_speed&quot;:&quot;0.033333333333333&quot;,&quot;title&quot;:&quot;Casa Rio em Paredes do Atelier de Arquitectura Paulo Merlini Arc&quot;,&quot;orientation&quot;:&quot;0&quot;}\" data-image-title=\"Casa Rio Paulo Merlini architects\" data-image-description=\"\" data-image-caption=\"\" data-medium-file=\"https:\/\/socialdesignmagazine.com\/mag\/wp-content\/uploads\/2021\/06\/Casa-Rio-Paulo-Merlini-architects-46-438x283.jpg\" data-large-file=\"https:\/\/socialdesignmagazine.com\/mag\/wp-content\/uploads\/2021\/06\/Casa-Rio-Paulo-Merlini-architects-46-1024x1536.jpg\" src=\"https:\/\/socialdesignmagazine.com\/mag\/wp-content\/uploads\/2021\/06\/Casa-Rio-Paulo-Merlini-architects-46-1024x1536.jpg\" alt=\"Ristrutturazione di una vecchia casa colonica - Casa Rio Paulo Merlini architects\" data-id=\"40789\" data-full-url=\"https:\/\/socialdesignmagazine.com\/mag\/wp-content\/uploads\/2021\/06\/Casa-Rio-Paulo-Merlini-architects-46.jpg\" data-link=\"https:\/\/socialdesignmagazine.com\/mag\/?attachment_id=40789#content\" class=\"wp-image-40789\" srcset=\"https:\/\/socialdesignmagazine.com\/mag\/wp-content\/uploads\/2021\/06\/Casa-Rio-Paulo-Merlini-architects-46-1024x1536.jpg 1024w, https:\/\/socialdesignmagazine.com\/mag\/wp-content\/uploads\/2021\/06\/Casa-Rio-Paulo-Merlini-architects-46-768x1152.jpg 768w, https:\/\/socialdesignmagazine.com\/mag\/wp-content\/uploads\/2021\/06\/Casa-Rio-Paulo-Merlini-architects-46.jpg 1200w\" sizes=\"auto, (max-width: 1024px) 100vw, 1024px\" \/><\/figure><\/li><li class=\"blocks-gallery-item\"><figure><img loading=\"lazy\" decoding=\"async\" width=\"1024\" height=\"1536\" data-attachment-id=\"40790\" data-permalink=\"https:\/\/socialdesignmagazine.com\/mag\/architettura\/ristrutturazione-di-una-vecchia-casa-colonica-casa-rio-paulo-merlini-architects\/attachment\/casa-rio-em-paredes-do-atelier-de-arquitectura-paulo-merlini-arc-46\/#content\" data-orig-file=\"https:\/\/socialdesignmagazine.com\/mag\/wp-content\/uploads\/2021\/06\/Casa-Rio-Paulo-Merlini-architects-47.jpg\" data-orig-size=\"1200,1800\" data-comments-opened=\"1\" data-image-meta=\"{&quot;aperture&quot;:&quot;11&quot;,&quot;credit&quot;:&quot;Ivo Tavares Studio&quot;,&quot;camera&quot;:&quot;Canon EOS R&quot;,&quot;caption&quot;:&quot;Casa Rio em Paredes do Atelier de Arquitectura Paulo Merlini Architects com fotografia de arquitetura Ivo Tavares Studio&quot;,&quot;created_timestamp&quot;:&quot;1601314603&quot;,&quot;copyright&quot;:&quot;Ivo Tavares Studio - Fotografia de arquitectura&quot;,&quot;focal_length&quot;:&quot;38&quot;,&quot;iso&quot;:&quot;200&quot;,&quot;shutter_speed&quot;:&quot;0.1&quot;,&quot;title&quot;:&quot;Casa Rio em Paredes do Atelier de Arquitectura Paulo Merlini Arc&quot;,&quot;orientation&quot;:&quot;0&quot;}\" data-image-title=\"Casa Rio Paulo Merlini architects\" data-image-description=\"\" data-image-caption=\"\" data-medium-file=\"https:\/\/socialdesignmagazine.com\/mag\/wp-content\/uploads\/2021\/06\/Casa-Rio-Paulo-Merlini-architects-47-438x283.jpg\" data-large-file=\"https:\/\/socialdesignmagazine.com\/mag\/wp-content\/uploads\/2021\/06\/Casa-Rio-Paulo-Merlini-architects-47-1024x1536.jpg\" src=\"https:\/\/socialdesignmagazine.com\/mag\/wp-content\/uploads\/2021\/06\/Casa-Rio-Paulo-Merlini-architects-47-1024x1536.jpg\" alt=\"Ristrutturazione di una vecchia casa colonica - Casa Rio Paulo Merlini architects\" data-id=\"40790\" data-full-url=\"https:\/\/socialdesignmagazine.com\/mag\/wp-content\/uploads\/2021\/06\/Casa-Rio-Paulo-Merlini-architects-47.jpg\" data-link=\"https:\/\/socialdesignmagazine.com\/mag\/?attachment_id=40790#content\" class=\"wp-image-40790\" srcset=\"https:\/\/socialdesignmagazine.com\/mag\/wp-content\/uploads\/2021\/06\/Casa-Rio-Paulo-Merlini-architects-47-1024x1536.jpg 1024w, https:\/\/socialdesignmagazine.com\/mag\/wp-content\/uploads\/2021\/06\/Casa-Rio-Paulo-Merlini-architects-47-768x1152.jpg 768w, https:\/\/socialdesignmagazine.com\/mag\/wp-content\/uploads\/2021\/06\/Casa-Rio-Paulo-Merlini-architects-47.jpg 1200w\" sizes=\"auto, (max-width: 1024px) 100vw, 1024px\" \/><\/figure><\/li><li class=\"blocks-gallery-item\"><figure><img loading=\"lazy\" decoding=\"async\" width=\"1024\" height=\"1536\" data-attachment-id=\"40792\" data-permalink=\"https:\/\/socialdesignmagazine.com\/mag\/architettura\/ristrutturazione-di-una-vecchia-casa-colonica-casa-rio-paulo-merlini-architects\/attachment\/casa-rio-em-paredes-do-atelier-de-arquitectura-paulo-merlini-arc-47\/#content\" data-orig-file=\"https:\/\/socialdesignmagazine.com\/mag\/wp-content\/uploads\/2021\/06\/Casa-Rio-Paulo-Merlini-architects-48.jpg\" data-orig-size=\"1200,1800\" data-comments-opened=\"1\" data-image-meta=\"{&quot;aperture&quot;:&quot;11&quot;,&quot;credit&quot;:&quot;Ivo Tavares Studio&quot;,&quot;camera&quot;:&quot;Canon EOS R&quot;,&quot;caption&quot;:&quot;Casa Rio em Paredes do Atelier de Arquitectura Paulo Merlini Architects com fotografia de arquitetura Ivo Tavares Studio&quot;,&quot;created_timestamp&quot;:&quot;1601314741&quot;,&quot;copyright&quot;:&quot;Ivo Tavares Studio - Fotografia de arquitectura&quot;,&quot;focal_length&quot;:&quot;17&quot;,&quot;iso&quot;:&quot;200&quot;,&quot;shutter_speed&quot;:&quot;0.16666666666667&quot;,&quot;title&quot;:&quot;Casa Rio em Paredes do Atelier de Arquitectura Paulo Merlini Arc&quot;,&quot;orientation&quot;:&quot;0&quot;}\" data-image-title=\"Casa Rio Paulo Merlini architects\" data-image-description=\"\" data-image-caption=\"\" data-medium-file=\"https:\/\/socialdesignmagazine.com\/mag\/wp-content\/uploads\/2021\/06\/Casa-Rio-Paulo-Merlini-architects-48-438x283.jpg\" data-large-file=\"https:\/\/socialdesignmagazine.com\/mag\/wp-content\/uploads\/2021\/06\/Casa-Rio-Paulo-Merlini-architects-48-1024x1536.jpg\" src=\"https:\/\/socialdesignmagazine.com\/mag\/wp-content\/uploads\/2021\/06\/Casa-Rio-Paulo-Merlini-architects-48-1024x1536.jpg\" alt=\"Ristrutturazione di una vecchia casa colonica - Casa Rio Paulo Merlini architects\" data-id=\"40792\" data-full-url=\"https:\/\/socialdesignmagazine.com\/mag\/wp-content\/uploads\/2021\/06\/Casa-Rio-Paulo-Merlini-architects-48.jpg\" data-link=\"https:\/\/socialdesignmagazine.com\/mag\/?attachment_id=40792#content\" class=\"wp-image-40792\" srcset=\"https:\/\/socialdesignmagazine.com\/mag\/wp-content\/uploads\/2021\/06\/Casa-Rio-Paulo-Merlini-architects-48-1024x1536.jpg 1024w, https:\/\/socialdesignmagazine.com\/mag\/wp-content\/uploads\/2021\/06\/Casa-Rio-Paulo-Merlini-architects-48-768x1152.jpg 768w, https:\/\/socialdesignmagazine.com\/mag\/wp-content\/uploads\/2021\/06\/Casa-Rio-Paulo-Merlini-architects-48.jpg 1200w\" sizes=\"auto, (max-width: 1024px) 100vw, 1024px\" \/><\/figure><\/li><li class=\"blocks-gallery-item\"><figure><img loading=\"lazy\" decoding=\"async\" width=\"1024\" height=\"1536\" data-attachment-id=\"40794\" data-permalink=\"https:\/\/socialdesignmagazine.com\/mag\/architettura\/ristrutturazione-di-una-vecchia-casa-colonica-casa-rio-paulo-merlini-architects\/attachment\/casa-rio-em-paredes-do-atelier-de-arquitectura-paulo-merlini-arc-48\/#content\" data-orig-file=\"https:\/\/socialdesignmagazine.com\/mag\/wp-content\/uploads\/2021\/06\/Casa-Rio-Paulo-Merlini-architects-49.jpg\" data-orig-size=\"1200,1800\" data-comments-opened=\"1\" data-image-meta=\"{&quot;aperture&quot;:&quot;11&quot;,&quot;credit&quot;:&quot;Ivo Tavares Studio&quot;,&quot;camera&quot;:&quot;Canon EOS R&quot;,&quot;caption&quot;:&quot;Casa Rio em Paredes do Atelier de Arquitectura Paulo Merlini Architects com fotografia de arquitetura Ivo Tavares Studio&quot;,&quot;created_timestamp&quot;:&quot;1601315054&quot;,&quot;copyright&quot;:&quot;Ivo Tavares Studio - Fotografia de arquitectura&quot;,&quot;focal_length&quot;:&quot;17&quot;,&quot;iso&quot;:&quot;200&quot;,&quot;shutter_speed&quot;:&quot;0.3&quot;,&quot;title&quot;:&quot;Casa Rio em Paredes do Atelier de Arquitectura Paulo Merlini Arc&quot;,&quot;orientation&quot;:&quot;0&quot;}\" data-image-title=\"Casa Rio Paulo Merlini architects\" data-image-description=\"\" data-image-caption=\"\" data-medium-file=\"https:\/\/socialdesignmagazine.com\/mag\/wp-content\/uploads\/2021\/06\/Casa-Rio-Paulo-Merlini-architects-49-438x283.jpg\" data-large-file=\"https:\/\/socialdesignmagazine.com\/mag\/wp-content\/uploads\/2021\/06\/Casa-Rio-Paulo-Merlini-architects-49-1024x1536.jpg\" src=\"https:\/\/socialdesignmagazine.com\/mag\/wp-content\/uploads\/2021\/06\/Casa-Rio-Paulo-Merlini-architects-49-1024x1536.jpg\" alt=\"Ristrutturazione di una vecchia casa colonica - Casa Rio Paulo Merlini architects\" data-id=\"40794\" data-full-url=\"https:\/\/socialdesignmagazine.com\/mag\/wp-content\/uploads\/2021\/06\/Casa-Rio-Paulo-Merlini-architects-49.jpg\" data-link=\"https:\/\/socialdesignmagazine.com\/mag\/?attachment_id=40794#content\" class=\"wp-image-40794\" srcset=\"https:\/\/socialdesignmagazine.com\/mag\/wp-content\/uploads\/2021\/06\/Casa-Rio-Paulo-Merlini-architects-49-1024x1536.jpg 1024w, https:\/\/socialdesignmagazine.com\/mag\/wp-content\/uploads\/2021\/06\/Casa-Rio-Paulo-Merlini-architects-49-768x1152.jpg 768w, https:\/\/socialdesignmagazine.com\/mag\/wp-content\/uploads\/2021\/06\/Casa-Rio-Paulo-Merlini-architects-49.jpg 1200w\" sizes=\"auto, (max-width: 1024px) 100vw, 1024px\" \/><\/figure><\/li><li class=\"blocks-gallery-item\"><figure><img loading=\"lazy\" decoding=\"async\" width=\"1024\" height=\"964\" data-attachment-id=\"40796\" data-permalink=\"https:\/\/socialdesignmagazine.com\/mag\/architettura\/ristrutturazione-di-una-vecchia-casa-colonica-casa-rio-paulo-merlini-architects\/attachment\/casa-rio-em-paredes-do-atelier-de-arquitectura-paulo-merlini-arc-49\/#content\" data-orig-file=\"https:\/\/socialdesignmagazine.com\/mag\/wp-content\/uploads\/2021\/06\/Casa-Rio-Paulo-Merlini-architects-50.jpg\" data-orig-size=\"1800,1695\" data-comments-opened=\"1\" data-image-meta=\"{&quot;aperture&quot;:&quot;11&quot;,&quot;credit&quot;:&quot;Ivo Tavares Studio&quot;,&quot;camera&quot;:&quot;Canon EOS R&quot;,&quot;caption&quot;:&quot;Casa Rio em Paredes do Atelier de Arquitectura Paulo Merlini Architects com fotografia de arquitetura Ivo Tavares Studio&quot;,&quot;created_timestamp&quot;:&quot;1601315132&quot;,&quot;copyright&quot;:&quot;Ivo Tavares Studio - Fotografia de arquitectura&quot;,&quot;focal_length&quot;:&quot;17&quot;,&quot;iso&quot;:&quot;200&quot;,&quot;shutter_speed&quot;:&quot;0.25&quot;,&quot;title&quot;:&quot;Casa Rio em Paredes do Atelier de Arquitectura Paulo Merlini Arc&quot;,&quot;orientation&quot;:&quot;0&quot;}\" data-image-title=\"Casa Rio Paulo Merlini architects\" data-image-description=\"\" data-image-caption=\"\" data-medium-file=\"https:\/\/socialdesignmagazine.com\/mag\/wp-content\/uploads\/2021\/06\/Casa-Rio-Paulo-Merlini-architects-50-438x283.jpg\" data-large-file=\"https:\/\/socialdesignmagazine.com\/mag\/wp-content\/uploads\/2021\/06\/Casa-Rio-Paulo-Merlini-architects-50-1024x964.jpg\" src=\"https:\/\/socialdesignmagazine.com\/mag\/wp-content\/uploads\/2021\/06\/Casa-Rio-Paulo-Merlini-architects-50-1024x964.jpg\" alt=\"Ristrutturazione di una vecchia casa colonica - Casa Rio Paulo Merlini architects\" data-id=\"40796\" data-full-url=\"https:\/\/socialdesignmagazine.com\/mag\/wp-content\/uploads\/2021\/06\/Casa-Rio-Paulo-Merlini-architects-50.jpg\" data-link=\"https:\/\/socialdesignmagazine.com\/mag\/?attachment_id=40796#content\" class=\"wp-image-40796\" srcset=\"https:\/\/socialdesignmagazine.com\/mag\/wp-content\/uploads\/2021\/06\/Casa-Rio-Paulo-Merlini-architects-50-1024x964.jpg 1024w, https:\/\/socialdesignmagazine.com\/mag\/wp-content\/uploads\/2021\/06\/Casa-Rio-Paulo-Merlini-architects-50-768x723.jpg 768w, https:\/\/socialdesignmagazine.com\/mag\/wp-content\/uploads\/2021\/06\/Casa-Rio-Paulo-Merlini-architects-50-1536x1446.jpg 1536w, https:\/\/socialdesignmagazine.com\/mag\/wp-content\/uploads\/2021\/06\/Casa-Rio-Paulo-Merlini-architects-50.jpg 1800w\" sizes=\"auto, (max-width: 1024px) 100vw, 1024px\" \/><\/figure><\/li><li class=\"blocks-gallery-item\"><figure><img loading=\"lazy\" decoding=\"async\" width=\"1024\" height=\"683\" data-attachment-id=\"40798\" data-permalink=\"https:\/\/socialdesignmagazine.com\/mag\/architettura\/ristrutturazione-di-una-vecchia-casa-colonica-casa-rio-paulo-merlini-architects\/attachment\/casa-rio-em-paredes-do-atelier-de-arquitectura-paulo-merlini-arc-50\/#content\" data-orig-file=\"https:\/\/socialdesignmagazine.com\/mag\/wp-content\/uploads\/2021\/06\/Casa-Rio-Paulo-Merlini-architects-51.jpg\" data-orig-size=\"1800,1200\" data-comments-opened=\"1\" data-image-meta=\"{&quot;aperture&quot;:&quot;11&quot;,&quot;credit&quot;:&quot;Ivo Tavares Studio&quot;,&quot;camera&quot;:&quot;Canon EOS R&quot;,&quot;caption&quot;:&quot;Casa Rio em Paredes do Atelier de Arquitectura Paulo Merlini Architects com fotografia de arquitetura Ivo Tavares Studio&quot;,&quot;created_timestamp&quot;:&quot;1601315400&quot;,&quot;copyright&quot;:&quot;Ivo Tavares Studio - Fotografia de arquitectura&quot;,&quot;focal_length&quot;:&quot;17&quot;,&quot;iso&quot;:&quot;200&quot;,&quot;shutter_speed&quot;:&quot;0.3&quot;,&quot;title&quot;:&quot;Casa Rio em Paredes do Atelier de Arquitectura Paulo Merlini Arc&quot;,&quot;orientation&quot;:&quot;0&quot;}\" data-image-title=\"Casa Rio Paulo Merlini architects\" data-image-description=\"\" data-image-caption=\"\" data-medium-file=\"https:\/\/socialdesignmagazine.com\/mag\/wp-content\/uploads\/2021\/06\/Casa-Rio-Paulo-Merlini-architects-51-438x283.jpg\" data-large-file=\"https:\/\/socialdesignmagazine.com\/mag\/wp-content\/uploads\/2021\/06\/Casa-Rio-Paulo-Merlini-architects-51-1024x683.jpg\" src=\"https:\/\/socialdesignmagazine.com\/mag\/wp-content\/uploads\/2021\/06\/Casa-Rio-Paulo-Merlini-architects-51-1024x683.jpg\" alt=\"Ristrutturazione di una vecchia casa colonica - Casa Rio Paulo Merlini architects\" data-id=\"40798\" data-full-url=\"https:\/\/socialdesignmagazine.com\/mag\/wp-content\/uploads\/2021\/06\/Casa-Rio-Paulo-Merlini-architects-51.jpg\" data-link=\"https:\/\/socialdesignmagazine.com\/mag\/?attachment_id=40798#content\" class=\"wp-image-40798\" srcset=\"https:\/\/socialdesignmagazine.com\/mag\/wp-content\/uploads\/2021\/06\/Casa-Rio-Paulo-Merlini-architects-51-1024x683.jpg 1024w, https:\/\/socialdesignmagazine.com\/mag\/wp-content\/uploads\/2021\/06\/Casa-Rio-Paulo-Merlini-architects-51-100x66.jpg 100w, https:\/\/socialdesignmagazine.com\/mag\/wp-content\/uploads\/2021\/06\/Casa-Rio-Paulo-Merlini-architects-51-768x512.jpg 768w, https:\/\/socialdesignmagazine.com\/mag\/wp-content\/uploads\/2021\/06\/Casa-Rio-Paulo-Merlini-architects-51-1536x1024.jpg 1536w, https:\/\/socialdesignmagazine.com\/mag\/wp-content\/uploads\/2021\/06\/Casa-Rio-Paulo-Merlini-architects-51.jpg 1800w\" sizes=\"auto, (max-width: 1024px) 100vw, 1024px\" \/><\/figure><\/li><li class=\"blocks-gallery-item\"><figure><img loading=\"lazy\" decoding=\"async\" width=\"1024\" height=\"1536\" data-attachment-id=\"40800\" data-permalink=\"https:\/\/socialdesignmagazine.com\/mag\/architettura\/ristrutturazione-di-una-vecchia-casa-colonica-casa-rio-paulo-merlini-architects\/attachment\/casa-rio-em-paredes-do-atelier-de-arquitectura-paulo-merlini-arc-51\/#content\" data-orig-file=\"https:\/\/socialdesignmagazine.com\/mag\/wp-content\/uploads\/2021\/06\/Casa-Rio-Paulo-Merlini-architects-52.jpg\" data-orig-size=\"1200,1800\" data-comments-opened=\"1\" data-image-meta=\"{&quot;aperture&quot;:&quot;11&quot;,&quot;credit&quot;:&quot;Ivo Tavares Studio&quot;,&quot;camera&quot;:&quot;Canon EOS R&quot;,&quot;caption&quot;:&quot;Casa Rio em Paredes do Atelier de Arquitectura Paulo Merlini Architects com fotografia de arquitetura Ivo Tavares Studio&quot;,&quot;created_timestamp&quot;:&quot;1601315453&quot;,&quot;copyright&quot;:&quot;Ivo Tavares Studio - Fotografia de arquitectura&quot;,&quot;focal_length&quot;:&quot;24&quot;,&quot;iso&quot;:&quot;200&quot;,&quot;shutter_speed&quot;:&quot;0.5&quot;,&quot;title&quot;:&quot;Casa Rio em Paredes do Atelier de Arquitectura Paulo Merlini Arc&quot;,&quot;orientation&quot;:&quot;0&quot;}\" data-image-title=\"Casa Rio Paulo Merlini architects\" data-image-description=\"\" data-image-caption=\"\" data-medium-file=\"https:\/\/socialdesignmagazine.com\/mag\/wp-content\/uploads\/2021\/06\/Casa-Rio-Paulo-Merlini-architects-52-438x283.jpg\" data-large-file=\"https:\/\/socialdesignmagazine.com\/mag\/wp-content\/uploads\/2021\/06\/Casa-Rio-Paulo-Merlini-architects-52-1024x1536.jpg\" src=\"https:\/\/socialdesignmagazine.com\/mag\/wp-content\/uploads\/2021\/06\/Casa-Rio-Paulo-Merlini-architects-52-1024x1536.jpg\" alt=\"Casa Rio Paulo Merlini architects\" data-id=\"40800\" data-full-url=\"https:\/\/socialdesignmagazine.com\/mag\/wp-content\/uploads\/2021\/06\/Casa-Rio-Paulo-Merlini-architects-52.jpg\" data-link=\"https:\/\/socialdesignmagazine.com\/mag\/?attachment_id=40800#content\" class=\"wp-image-40800\" srcset=\"https:\/\/socialdesignmagazine.com\/mag\/wp-content\/uploads\/2021\/06\/Casa-Rio-Paulo-Merlini-architects-52-1024x1536.jpg 1024w, https:\/\/socialdesignmagazine.com\/mag\/wp-content\/uploads\/2021\/06\/Casa-Rio-Paulo-Merlini-architects-52-768x1152.jpg 768w, https:\/\/socialdesignmagazine.com\/mag\/wp-content\/uploads\/2021\/06\/Casa-Rio-Paulo-Merlini-architects-52.jpg 1200w\" sizes=\"auto, (max-width: 1024px) 100vw, 1024px\" \/><\/figure><\/li><li class=\"blocks-gallery-item\"><figure><img loading=\"lazy\" decoding=\"async\" width=\"1024\" height=\"1536\" data-attachment-id=\"40802\" data-permalink=\"https:\/\/socialdesignmagazine.com\/mag\/architettura\/ristrutturazione-di-una-vecchia-casa-colonica-casa-rio-paulo-merlini-architects\/attachment\/casa-rio-em-paredes-do-atelier-de-arquitectura-paulo-merlini-arc-52\/#content\" data-orig-file=\"https:\/\/socialdesignmagazine.com\/mag\/wp-content\/uploads\/2021\/06\/Casa-Rio-Paulo-Merlini-architects-53.jpg\" data-orig-size=\"1200,1800\" data-comments-opened=\"1\" data-image-meta=\"{&quot;aperture&quot;:&quot;11&quot;,&quot;credit&quot;:&quot;Ivo Tavares Studio&quot;,&quot;camera&quot;:&quot;Canon EOS R&quot;,&quot;caption&quot;:&quot;Casa Rio em Paredes do Atelier de Arquitectura Paulo Merlini Architects com fotografia de arquitetura Ivo Tavares Studio&quot;,&quot;created_timestamp&quot;:&quot;1601316437&quot;,&quot;copyright&quot;:&quot;Ivo Tavares Studio - Fotografia de arquitectura&quot;,&quot;focal_length&quot;:&quot;24&quot;,&quot;iso&quot;:&quot;200&quot;,&quot;shutter_speed&quot;:&quot;0.2&quot;,&quot;title&quot;:&quot;Casa Rio em Paredes do Atelier de Arquitectura Paulo Merlini Arc&quot;,&quot;orientation&quot;:&quot;0&quot;}\" data-image-title=\"Casa Rio Paulo Merlini architects\" data-image-description=\"\" data-image-caption=\"\" data-medium-file=\"https:\/\/socialdesignmagazine.com\/mag\/wp-content\/uploads\/2021\/06\/Casa-Rio-Paulo-Merlini-architects-53-438x283.jpg\" data-large-file=\"https:\/\/socialdesignmagazine.com\/mag\/wp-content\/uploads\/2021\/06\/Casa-Rio-Paulo-Merlini-architects-53-1024x1536.jpg\" src=\"https:\/\/socialdesignmagazine.com\/mag\/wp-content\/uploads\/2021\/06\/Casa-Rio-Paulo-Merlini-architects-53-1024x1536.jpg\" alt=\"Casa Rio Paulo Merlini architects\" data-id=\"40802\" data-full-url=\"https:\/\/socialdesignmagazine.com\/mag\/wp-content\/uploads\/2021\/06\/Casa-Rio-Paulo-Merlini-architects-53.jpg\" data-link=\"https:\/\/socialdesignmagazine.com\/mag\/?attachment_id=40802#content\" class=\"wp-image-40802\" srcset=\"https:\/\/socialdesignmagazine.com\/mag\/wp-content\/uploads\/2021\/06\/Casa-Rio-Paulo-Merlini-architects-53-1024x1536.jpg 1024w, https:\/\/socialdesignmagazine.com\/mag\/wp-content\/uploads\/2021\/06\/Casa-Rio-Paulo-Merlini-architects-53-768x1152.jpg 768w, https:\/\/socialdesignmagazine.com\/mag\/wp-content\/uploads\/2021\/06\/Casa-Rio-Paulo-Merlini-architects-53.jpg 1200w\" sizes=\"auto, (max-width: 1024px) 100vw, 1024px\" \/><\/figure><\/li><li class=\"blocks-gallery-item\"><figure><img loading=\"lazy\" decoding=\"async\" width=\"1024\" height=\"1536\" data-attachment-id=\"40804\" data-permalink=\"https:\/\/socialdesignmagazine.com\/mag\/architettura\/ristrutturazione-di-una-vecchia-casa-colonica-casa-rio-paulo-merlini-architects\/attachment\/casa-rio-em-paredes-do-atelier-de-arquitectura-paulo-merlini-arc-53\/#content\" data-orig-file=\"https:\/\/socialdesignmagazine.com\/mag\/wp-content\/uploads\/2021\/06\/Casa-Rio-Paulo-Merlini-architects-54.jpg\" data-orig-size=\"1200,1800\" data-comments-opened=\"1\" data-image-meta=\"{&quot;aperture&quot;:&quot;11&quot;,&quot;credit&quot;:&quot;Ivo Tavares Studio&quot;,&quot;camera&quot;:&quot;Canon EOS R&quot;,&quot;caption&quot;:&quot;Casa Rio em Paredes do Atelier de Arquitectura Paulo Merlini Architects com fotografia de arquitetura Ivo Tavares Studio&quot;,&quot;created_timestamp&quot;:&quot;1601316582&quot;,&quot;copyright&quot;:&quot;Ivo Tavares Studio - Fotografia de arquitectura&quot;,&quot;focal_length&quot;:&quot;24&quot;,&quot;iso&quot;:&quot;200&quot;,&quot;shutter_speed&quot;:&quot;0.3&quot;,&quot;title&quot;:&quot;Casa Rio em Paredes do Atelier de Arquitectura Paulo Merlini Arc&quot;,&quot;orientation&quot;:&quot;0&quot;}\" data-image-title=\"Casa Rio Paulo Merlini architects\" data-image-description=\"\" data-image-caption=\"\" data-medium-file=\"https:\/\/socialdesignmagazine.com\/mag\/wp-content\/uploads\/2021\/06\/Casa-Rio-Paulo-Merlini-architects-54-438x283.jpg\" data-large-file=\"https:\/\/socialdesignmagazine.com\/mag\/wp-content\/uploads\/2021\/06\/Casa-Rio-Paulo-Merlini-architects-54-1024x1536.jpg\" src=\"https:\/\/socialdesignmagazine.com\/mag\/wp-content\/uploads\/2021\/06\/Casa-Rio-Paulo-Merlini-architects-54-1024x1536.jpg\" alt=\"Ristrutturazione di una vecchia casa colonica - Casa Rio Paulo Merlini architects\" data-id=\"40804\" data-full-url=\"https:\/\/socialdesignmagazine.com\/mag\/wp-content\/uploads\/2021\/06\/Casa-Rio-Paulo-Merlini-architects-54.jpg\" data-link=\"https:\/\/socialdesignmagazine.com\/mag\/?attachment_id=40804#content\" class=\"wp-image-40804\" srcset=\"https:\/\/socialdesignmagazine.com\/mag\/wp-content\/uploads\/2021\/06\/Casa-Rio-Paulo-Merlini-architects-54-1024x1536.jpg 1024w, https:\/\/socialdesignmagazine.com\/mag\/wp-content\/uploads\/2021\/06\/Casa-Rio-Paulo-Merlini-architects-54-768x1152.jpg 768w, https:\/\/socialdesignmagazine.com\/mag\/wp-content\/uploads\/2021\/06\/Casa-Rio-Paulo-Merlini-architects-54.jpg 1200w\" sizes=\"auto, (max-width: 1024px) 100vw, 1024px\" \/><\/figure><\/li><li class=\"blocks-gallery-item\"><figure><img loading=\"lazy\" decoding=\"async\" width=\"1024\" height=\"1536\" data-attachment-id=\"40805\" data-permalink=\"https:\/\/socialdesignmagazine.com\/mag\/architettura\/ristrutturazione-di-una-vecchia-casa-colonica-casa-rio-paulo-merlini-architects\/attachment\/casa-rio-em-paredes-do-atelier-de-arquitectura-paulo-merlini-arc-54\/#content\" data-orig-file=\"https:\/\/socialdesignmagazine.com\/mag\/wp-content\/uploads\/2021\/06\/Casa-Rio-Paulo-Merlini-architects-55.jpg\" data-orig-size=\"1200,1800\" data-comments-opened=\"1\" data-image-meta=\"{&quot;aperture&quot;:&quot;11&quot;,&quot;credit&quot;:&quot;Ivo Tavares Studio&quot;,&quot;camera&quot;:&quot;Canon EOS R&quot;,&quot;caption&quot;:&quot;Casa Rio em Paredes do Atelier de Arquitectura Paulo Merlini Architects com fotografia de arquitetura Ivo Tavares Studio&quot;,&quot;created_timestamp&quot;:&quot;1601317083&quot;,&quot;copyright&quot;:&quot;Ivo Tavares Studio - Fotografia de arquitectura&quot;,&quot;focal_length&quot;:&quot;17&quot;,&quot;iso&quot;:&quot;200&quot;,&quot;shutter_speed&quot;:&quot;5&quot;,&quot;title&quot;:&quot;Casa Rio em Paredes do Atelier de Arquitectura Paulo Merlini Arc&quot;,&quot;orientation&quot;:&quot;0&quot;}\" data-image-title=\"Casa Rio Paulo Merlini architects\" data-image-description=\"\" data-image-caption=\"\" data-medium-file=\"https:\/\/socialdesignmagazine.com\/mag\/wp-content\/uploads\/2021\/06\/Casa-Rio-Paulo-Merlini-architects-55-438x283.jpg\" data-large-file=\"https:\/\/socialdesignmagazine.com\/mag\/wp-content\/uploads\/2021\/06\/Casa-Rio-Paulo-Merlini-architects-55-1024x1536.jpg\" src=\"https:\/\/socialdesignmagazine.com\/mag\/wp-content\/uploads\/2021\/06\/Casa-Rio-Paulo-Merlini-architects-55-1024x1536.jpg\" alt=\"Casa Rio Paulo Merlini architects\" data-id=\"40805\" data-full-url=\"https:\/\/socialdesignmagazine.com\/mag\/wp-content\/uploads\/2021\/06\/Casa-Rio-Paulo-Merlini-architects-55.jpg\" data-link=\"https:\/\/socialdesignmagazine.com\/mag\/?attachment_id=40805#content\" class=\"wp-image-40805\" srcset=\"https:\/\/socialdesignmagazine.com\/mag\/wp-content\/uploads\/2021\/06\/Casa-Rio-Paulo-Merlini-architects-55-1024x1536.jpg 1024w, https:\/\/socialdesignmagazine.com\/mag\/wp-content\/uploads\/2021\/06\/Casa-Rio-Paulo-Merlini-architects-55-768x1152.jpg 768w, https:\/\/socialdesignmagazine.com\/mag\/wp-content\/uploads\/2021\/06\/Casa-Rio-Paulo-Merlini-architects-55.jpg 1200w\" sizes=\"auto, (max-width: 1024px) 100vw, 1024px\" \/><\/figure><\/li><li class=\"blocks-gallery-item\"><figure><img loading=\"lazy\" decoding=\"async\" width=\"1024\" height=\"1374\" data-attachment-id=\"40806\" data-permalink=\"https:\/\/socialdesignmagazine.com\/mag\/architettura\/ristrutturazione-di-una-vecchia-casa-colonica-casa-rio-paulo-merlini-architects\/attachment\/casa-rio-em-paredes-do-atelier-de-arquitectura-paulo-merlini-arc-55\/#content\" data-orig-file=\"https:\/\/socialdesignmagazine.com\/mag\/wp-content\/uploads\/2021\/06\/Casa-Rio-Paulo-Merlini-architects-56.jpg\" data-orig-size=\"1341,1800\" data-comments-opened=\"1\" data-image-meta=\"{&quot;aperture&quot;:&quot;11&quot;,&quot;credit&quot;:&quot;Ivo Tavares Studio&quot;,&quot;camera&quot;:&quot;Canon EOS R&quot;,&quot;caption&quot;:&quot;Casa Rio em Paredes do Atelier de Arquitectura Paulo Merlini Architects com fotografia de arquitetura Ivo Tavares Studio&quot;,&quot;created_timestamp&quot;:&quot;1601319689&quot;,&quot;copyright&quot;:&quot;Ivo Tavares Studio - Fotografia de arquitectura&quot;,&quot;focal_length&quot;:&quot;17&quot;,&quot;iso&quot;:&quot;200&quot;,&quot;shutter_speed&quot;:&quot;0.8&quot;,&quot;title&quot;:&quot;Casa Rio em Paredes do Atelier de Arquitectura Paulo Merlini Arc&quot;,&quot;orientation&quot;:&quot;0&quot;}\" data-image-title=\"Casa Rio Paulo Merlini architects\" data-image-description=\"\" data-image-caption=\"\" data-medium-file=\"https:\/\/socialdesignmagazine.com\/mag\/wp-content\/uploads\/2021\/06\/Casa-Rio-Paulo-Merlini-architects-56-438x283.jpg\" data-large-file=\"https:\/\/socialdesignmagazine.com\/mag\/wp-content\/uploads\/2021\/06\/Casa-Rio-Paulo-Merlini-architects-56-1024x1374.jpg\" src=\"https:\/\/socialdesignmagazine.com\/mag\/wp-content\/uploads\/2021\/06\/Casa-Rio-Paulo-Merlini-architects-56-1024x1374.jpg\" alt=\"Casa Rio Paulo Merlini architects\" data-id=\"40806\" data-full-url=\"https:\/\/socialdesignmagazine.com\/mag\/wp-content\/uploads\/2021\/06\/Casa-Rio-Paulo-Merlini-architects-56.jpg\" data-link=\"https:\/\/socialdesignmagazine.com\/mag\/?attachment_id=40806#content\" class=\"wp-image-40806\" srcset=\"https:\/\/socialdesignmagazine.com\/mag\/wp-content\/uploads\/2021\/06\/Casa-Rio-Paulo-Merlini-architects-56-1024x1374.jpg 1024w, https:\/\/socialdesignmagazine.com\/mag\/wp-content\/uploads\/2021\/06\/Casa-Rio-Paulo-Merlini-architects-56-768x1031.jpg 768w, https:\/\/socialdesignmagazine.com\/mag\/wp-content\/uploads\/2021\/06\/Casa-Rio-Paulo-Merlini-architects-56-1144x1536.jpg 1144w, https:\/\/socialdesignmagazine.com\/mag\/wp-content\/uploads\/2021\/06\/Casa-Rio-Paulo-Merlini-architects-56.jpg 1341w\" sizes=\"auto, (max-width: 1024px) 100vw, 1024px\" \/><\/figure><\/li><li class=\"blocks-gallery-item\"><figure><img loading=\"lazy\" decoding=\"async\" width=\"1024\" height=\"1039\" data-attachment-id=\"40808\" data-permalink=\"https:\/\/socialdesignmagazine.com\/mag\/architettura\/ristrutturazione-di-una-vecchia-casa-colonica-casa-rio-paulo-merlini-architects\/attachment\/casa-rio-em-paredes-do-atelier-de-arquitectura-paulo-merlini-arc-56\/#content\" data-orig-file=\"https:\/\/socialdesignmagazine.com\/mag\/wp-content\/uploads\/2021\/06\/Casa-Rio-Paulo-Merlini-architects-57.jpg\" data-orig-size=\"1774,1800\" data-comments-opened=\"1\" data-image-meta=\"{&quot;aperture&quot;:&quot;11&quot;,&quot;credit&quot;:&quot;Ivo Tavares Studio&quot;,&quot;camera&quot;:&quot;Canon EOS R&quot;,&quot;caption&quot;:&quot;Casa Rio em Paredes do Atelier de Arquitectura Paulo Merlini Architects com fotografia de arquitetura Ivo Tavares Studio&quot;,&quot;created_timestamp&quot;:&quot;1601319861&quot;,&quot;copyright&quot;:&quot;Ivo Tavares Studio - Fotografia de arquitectura&quot;,&quot;focal_length&quot;:&quot;17&quot;,&quot;iso&quot;:&quot;200&quot;,&quot;shutter_speed&quot;:&quot;1.6&quot;,&quot;title&quot;:&quot;Casa Rio em Paredes do Atelier de Arquitectura Paulo Merlini Arc&quot;,&quot;orientation&quot;:&quot;0&quot;}\" data-image-title=\"Casa Rio Paulo Merlini architects\" data-image-description=\"\" data-image-caption=\"\" data-medium-file=\"https:\/\/socialdesignmagazine.com\/mag\/wp-content\/uploads\/2021\/06\/Casa-Rio-Paulo-Merlini-architects-57-438x283.jpg\" data-large-file=\"https:\/\/socialdesignmagazine.com\/mag\/wp-content\/uploads\/2021\/06\/Casa-Rio-Paulo-Merlini-architects-57-1024x1039.jpg\" src=\"https:\/\/socialdesignmagazine.com\/mag\/wp-content\/uploads\/2021\/06\/Casa-Rio-Paulo-Merlini-architects-57-1024x1039.jpg\" alt=\"Ristrutturazione di una vecchia casa colonica - Casa Rio Paulo Merlini architects\" data-id=\"40808\" data-full-url=\"https:\/\/socialdesignmagazine.com\/mag\/wp-content\/uploads\/2021\/06\/Casa-Rio-Paulo-Merlini-architects-57.jpg\" data-link=\"https:\/\/socialdesignmagazine.com\/mag\/?attachment_id=40808#content\" class=\"wp-image-40808\" srcset=\"https:\/\/socialdesignmagazine.com\/mag\/wp-content\/uploads\/2021\/06\/Casa-Rio-Paulo-Merlini-architects-57-1024x1039.jpg 1024w, https:\/\/socialdesignmagazine.com\/mag\/wp-content\/uploads\/2021\/06\/Casa-Rio-Paulo-Merlini-architects-57-768x779.jpg 768w, https:\/\/socialdesignmagazine.com\/mag\/wp-content\/uploads\/2021\/06\/Casa-Rio-Paulo-Merlini-architects-57-1514x1536.jpg 1514w, https:\/\/socialdesignmagazine.com\/mag\/wp-content\/uploads\/2021\/06\/Casa-Rio-Paulo-Merlini-architects-57.jpg 1774w\" sizes=\"auto, (max-width: 1024px) 100vw, 1024px\" \/><\/figure><\/li><li class=\"blocks-gallery-item\"><figure><img loading=\"lazy\" decoding=\"async\" width=\"1024\" height=\"1536\" data-attachment-id=\"40810\" data-permalink=\"https:\/\/socialdesignmagazine.com\/mag\/architettura\/ristrutturazione-di-una-vecchia-casa-colonica-casa-rio-paulo-merlini-architects\/attachment\/casa-rio-em-paredes-do-atelier-de-arquitectura-paulo-merlini-arc-57\/#content\" data-orig-file=\"https:\/\/socialdesignmagazine.com\/mag\/wp-content\/uploads\/2021\/06\/Casa-Rio-Paulo-Merlini-architects-58.jpg\" data-orig-size=\"1200,1800\" data-comments-opened=\"1\" data-image-meta=\"{&quot;aperture&quot;:&quot;11&quot;,&quot;credit&quot;:&quot;Ivo Tavares Studio&quot;,&quot;camera&quot;:&quot;Canon EOS R&quot;,&quot;caption&quot;:&quot;Casa Rio em Paredes do Atelier de Arquitectura Paulo Merlini Architects com fotografia de arquitetura Ivo Tavares Studio&quot;,&quot;created_timestamp&quot;:&quot;1601319897&quot;,&quot;copyright&quot;:&quot;Ivo Tavares Studio - Fotografia de arquitectura&quot;,&quot;focal_length&quot;:&quot;17&quot;,&quot;iso&quot;:&quot;200&quot;,&quot;shutter_speed&quot;:&quot;1.6&quot;,&quot;title&quot;:&quot;Casa Rio em Paredes do Atelier de Arquitectura Paulo Merlini Arc&quot;,&quot;orientation&quot;:&quot;0&quot;}\" data-image-title=\"Casa Rio Paulo Merlini architects\" data-image-description=\"\" data-image-caption=\"\" data-medium-file=\"https:\/\/socialdesignmagazine.com\/mag\/wp-content\/uploads\/2021\/06\/Casa-Rio-Paulo-Merlini-architects-58-438x283.jpg\" data-large-file=\"https:\/\/socialdesignmagazine.com\/mag\/wp-content\/uploads\/2021\/06\/Casa-Rio-Paulo-Merlini-architects-58-1024x1536.jpg\" src=\"https:\/\/socialdesignmagazine.com\/mag\/wp-content\/uploads\/2021\/06\/Casa-Rio-Paulo-Merlini-architects-58-1024x1536.jpg\" alt=\"Casa Rio Paulo Merlini architects\" data-id=\"40810\" data-full-url=\"https:\/\/socialdesignmagazine.com\/mag\/wp-content\/uploads\/2021\/06\/Casa-Rio-Paulo-Merlini-architects-58.jpg\" data-link=\"https:\/\/socialdesignmagazine.com\/mag\/?attachment_id=40810#content\" class=\"wp-image-40810\" srcset=\"https:\/\/socialdesignmagazine.com\/mag\/wp-content\/uploads\/2021\/06\/Casa-Rio-Paulo-Merlini-architects-58-1024x1536.jpg 1024w, https:\/\/socialdesignmagazine.com\/mag\/wp-content\/uploads\/2021\/06\/Casa-Rio-Paulo-Merlini-architects-58-768x1152.jpg 768w, https:\/\/socialdesignmagazine.com\/mag\/wp-content\/uploads\/2021\/06\/Casa-Rio-Paulo-Merlini-architects-58.jpg 1200w\" sizes=\"auto, (max-width: 1024px) 100vw, 1024px\" \/><\/figure><\/li><li class=\"blocks-gallery-item\"><figure><img loading=\"lazy\" decoding=\"async\" width=\"1024\" height=\"1536\" data-attachment-id=\"40812\" data-permalink=\"https:\/\/socialdesignmagazine.com\/mag\/architettura\/ristrutturazione-di-una-vecchia-casa-colonica-casa-rio-paulo-merlini-architects\/attachment\/casa-rio-em-paredes-do-atelier-de-arquitectura-paulo-merlini-arc-58\/#content\" data-orig-file=\"https:\/\/socialdesignmagazine.com\/mag\/wp-content\/uploads\/2021\/06\/Casa-Rio-Paulo-Merlini-architects-59.jpg\" data-orig-size=\"1200,1800\" data-comments-opened=\"1\" data-image-meta=\"{&quot;aperture&quot;:&quot;11&quot;,&quot;credit&quot;:&quot;Ivo Tavares Studio&quot;,&quot;camera&quot;:&quot;Canon EOS R&quot;,&quot;caption&quot;:&quot;Casa Rio em Paredes do Atelier de Arquitectura Paulo Merlini Architects com fotografia de arquitetura Ivo Tavares Studio&quot;,&quot;created_timestamp&quot;:&quot;1601319918&quot;,&quot;copyright&quot;:&quot;Ivo Tavares Studio - Fotografia de arquitectura&quot;,&quot;focal_length&quot;:&quot;17&quot;,&quot;iso&quot;:&quot;200&quot;,&quot;shutter_speed&quot;:&quot;1.6&quot;,&quot;title&quot;:&quot;Casa Rio em Paredes do Atelier de Arquitectura Paulo Merlini Arc&quot;,&quot;orientation&quot;:&quot;0&quot;}\" data-image-title=\"Casa Rio Paulo Merlini architects\" data-image-description=\"\" data-image-caption=\"\" data-medium-file=\"https:\/\/socialdesignmagazine.com\/mag\/wp-content\/uploads\/2021\/06\/Casa-Rio-Paulo-Merlini-architects-59-438x283.jpg\" data-large-file=\"https:\/\/socialdesignmagazine.com\/mag\/wp-content\/uploads\/2021\/06\/Casa-Rio-Paulo-Merlini-architects-59-1024x1536.jpg\" src=\"https:\/\/socialdesignmagazine.com\/mag\/wp-content\/uploads\/2021\/06\/Casa-Rio-Paulo-Merlini-architects-59-1024x1536.jpg\" alt=\"Casa Rio Paulo Merlini architects\" data-id=\"40812\" data-full-url=\"https:\/\/socialdesignmagazine.com\/mag\/wp-content\/uploads\/2021\/06\/Casa-Rio-Paulo-Merlini-architects-59.jpg\" data-link=\"https:\/\/socialdesignmagazine.com\/mag\/?attachment_id=40812#content\" class=\"wp-image-40812\" srcset=\"https:\/\/socialdesignmagazine.com\/mag\/wp-content\/uploads\/2021\/06\/Casa-Rio-Paulo-Merlini-architects-59-1024x1536.jpg 1024w, https:\/\/socialdesignmagazine.com\/mag\/wp-content\/uploads\/2021\/06\/Casa-Rio-Paulo-Merlini-architects-59-768x1152.jpg 768w, https:\/\/socialdesignmagazine.com\/mag\/wp-content\/uploads\/2021\/06\/Casa-Rio-Paulo-Merlini-architects-59.jpg 1200w\" sizes=\"auto, (max-width: 1024px) 100vw, 1024px\" \/><\/figure><\/li><li class=\"blocks-gallery-item\"><figure><img loading=\"lazy\" decoding=\"async\" width=\"1024\" height=\"1536\" data-attachment-id=\"40814\" data-permalink=\"https:\/\/socialdesignmagazine.com\/mag\/architettura\/ristrutturazione-di-una-vecchia-casa-colonica-casa-rio-paulo-merlini-architects\/attachment\/casa-rio-em-paredes-do-atelier-de-arquitectura-paulo-merlini-arc-59\/#content\" data-orig-file=\"https:\/\/socialdesignmagazine.com\/mag\/wp-content\/uploads\/2021\/06\/Casa-Rio-Paulo-Merlini-architects-60.jpg\" data-orig-size=\"1200,1800\" data-comments-opened=\"1\" data-image-meta=\"{&quot;aperture&quot;:&quot;11&quot;,&quot;credit&quot;:&quot;Ivo Tavares Studio&quot;,&quot;camera&quot;:&quot;Canon EOS R&quot;,&quot;caption&quot;:&quot;Casa Rio em Paredes do Atelier de Arquitectura Paulo Merlini Architects com fotografia de arquitetura Ivo Tavares Studio&quot;,&quot;created_timestamp&quot;:&quot;1601320083&quot;,&quot;copyright&quot;:&quot;Ivo Tavares Studio - Fotografia de arquitectura&quot;,&quot;focal_length&quot;:&quot;17&quot;,&quot;iso&quot;:&quot;200&quot;,&quot;shutter_speed&quot;:&quot;1.6&quot;,&quot;title&quot;:&quot;Casa Rio em Paredes do Atelier de Arquitectura Paulo Merlini Arc&quot;,&quot;orientation&quot;:&quot;0&quot;}\" data-image-title=\"Casa Rio Paulo Merlini architects\" data-image-description=\"\" data-image-caption=\"\" data-medium-file=\"https:\/\/socialdesignmagazine.com\/mag\/wp-content\/uploads\/2021\/06\/Casa-Rio-Paulo-Merlini-architects-60-438x283.jpg\" data-large-file=\"https:\/\/socialdesignmagazine.com\/mag\/wp-content\/uploads\/2021\/06\/Casa-Rio-Paulo-Merlini-architects-60-1024x1536.jpg\" src=\"https:\/\/socialdesignmagazine.com\/mag\/wp-content\/uploads\/2021\/06\/Casa-Rio-Paulo-Merlini-architects-60-1024x1536.jpg\" alt=\"Casa Rio Paulo Merlini architects\" data-id=\"40814\" data-full-url=\"https:\/\/socialdesignmagazine.com\/mag\/wp-content\/uploads\/2021\/06\/Casa-Rio-Paulo-Merlini-architects-60.jpg\" data-link=\"https:\/\/socialdesignmagazine.com\/mag\/?attachment_id=40814#content\" class=\"wp-image-40814\" srcset=\"https:\/\/socialdesignmagazine.com\/mag\/wp-content\/uploads\/2021\/06\/Casa-Rio-Paulo-Merlini-architects-60-1024x1536.jpg 1024w, https:\/\/socialdesignmagazine.com\/mag\/wp-content\/uploads\/2021\/06\/Casa-Rio-Paulo-Merlini-architects-60-768x1152.jpg 768w, https:\/\/socialdesignmagazine.com\/mag\/wp-content\/uploads\/2021\/06\/Casa-Rio-Paulo-Merlini-architects-60.jpg 1200w\" sizes=\"auto, (max-width: 1024px) 100vw, 1024px\" \/><\/figure><\/li><li class=\"blocks-gallery-item\"><figure><img loading=\"lazy\" decoding=\"async\" width=\"1024\" height=\"1536\" data-attachment-id=\"40815\" data-permalink=\"https:\/\/socialdesignmagazine.com\/mag\/architettura\/ristrutturazione-di-una-vecchia-casa-colonica-casa-rio-paulo-merlini-architects\/attachment\/casa-rio-em-paredes-do-atelier-de-arquitectura-paulo-merlini-arc-60\/#content\" data-orig-file=\"https:\/\/socialdesignmagazine.com\/mag\/wp-content\/uploads\/2021\/06\/Casa-Rio-Paulo-Merlini-architects-61.jpg\" data-orig-size=\"1200,1800\" data-comments-opened=\"1\" data-image-meta=\"{&quot;aperture&quot;:&quot;8&quot;,&quot;credit&quot;:&quot;Ivo Tavares Studio&quot;,&quot;camera&quot;:&quot;Canon EOS R&quot;,&quot;caption&quot;:&quot;Casa Rio em Paredes do Atelier de Arquitectura Paulo Merlini Architects com fotografia de arquitetura Ivo Tavares Studio&quot;,&quot;created_timestamp&quot;:&quot;1601320173&quot;,&quot;copyright&quot;:&quot;Ivo Tavares Studio - Fotografia de arquitectura&quot;,&quot;focal_length&quot;:&quot;17&quot;,&quot;iso&quot;:&quot;200&quot;,&quot;shutter_speed&quot;:&quot;0.8&quot;,&quot;title&quot;:&quot;Casa Rio em Paredes do Atelier de Arquitectura Paulo Merlini Arc&quot;,&quot;orientation&quot;:&quot;0&quot;}\" data-image-title=\"Casa Rio Paulo Merlini architects\" data-image-description=\"\" data-image-caption=\"\" data-medium-file=\"https:\/\/socialdesignmagazine.com\/mag\/wp-content\/uploads\/2021\/06\/Casa-Rio-Paulo-Merlini-architects-61-438x283.jpg\" data-large-file=\"https:\/\/socialdesignmagazine.com\/mag\/wp-content\/uploads\/2021\/06\/Casa-Rio-Paulo-Merlini-architects-61-1024x1536.jpg\" src=\"https:\/\/socialdesignmagazine.com\/mag\/wp-content\/uploads\/2021\/06\/Casa-Rio-Paulo-Merlini-architects-61-1024x1536.jpg\" alt=\"Ristrutturazione di una vecchia casa colonica - Casa Rio Paulo Merlini architects\" data-id=\"40815\" data-full-url=\"https:\/\/socialdesignmagazine.com\/mag\/wp-content\/uploads\/2021\/06\/Casa-Rio-Paulo-Merlini-architects-61.jpg\" data-link=\"https:\/\/socialdesignmagazine.com\/mag\/?attachment_id=40815#content\" class=\"wp-image-40815\" srcset=\"https:\/\/socialdesignmagazine.com\/mag\/wp-content\/uploads\/2021\/06\/Casa-Rio-Paulo-Merlini-architects-61-1024x1536.jpg 1024w, https:\/\/socialdesignmagazine.com\/mag\/wp-content\/uploads\/2021\/06\/Casa-Rio-Paulo-Merlini-architects-61-768x1152.jpg 768w, https:\/\/socialdesignmagazine.com\/mag\/wp-content\/uploads\/2021\/06\/Casa-Rio-Paulo-Merlini-architects-61.jpg 1200w\" sizes=\"auto, (max-width: 1024px) 100vw, 1024px\" \/><\/figure><\/li><li class=\"blocks-gallery-item\"><figure><img loading=\"lazy\" decoding=\"async\" width=\"1024\" height=\"1536\" data-attachment-id=\"40816\" data-permalink=\"https:\/\/socialdesignmagazine.com\/mag\/architettura\/ristrutturazione-di-una-vecchia-casa-colonica-casa-rio-paulo-merlini-architects\/attachment\/casa-rio-em-paredes-do-atelier-de-arquitectura-paulo-merlini-arc-61\/#content\" data-orig-file=\"https:\/\/socialdesignmagazine.com\/mag\/wp-content\/uploads\/2021\/06\/Casa-Rio-Paulo-Merlini-architects-62.jpg\" data-orig-size=\"1200,1800\" data-comments-opened=\"1\" data-image-meta=\"{&quot;aperture&quot;:&quot;8&quot;,&quot;credit&quot;:&quot;Ivo Tavares Studio&quot;,&quot;camera&quot;:&quot;Canon EOS R&quot;,&quot;caption&quot;:&quot;Casa Rio em Paredes do Atelier de Arquitectura Paulo Merlini Architects com fotografia de arquitetura Ivo Tavares Studio&quot;,&quot;created_timestamp&quot;:&quot;1601321021&quot;,&quot;copyright&quot;:&quot;Ivo Tavares Studio - Fotografia de arquitectura&quot;,&quot;focal_length&quot;:&quot;17&quot;,&quot;iso&quot;:&quot;200&quot;,&quot;shutter_speed&quot;:&quot;0.6&quot;,&quot;title&quot;:&quot;Casa Rio em Paredes do Atelier de Arquitectura Paulo Merlini Arc&quot;,&quot;orientation&quot;:&quot;0&quot;}\" data-image-title=\"Casa Rio Paulo Merlini architects\" data-image-description=\"\" data-image-caption=\"\" data-medium-file=\"https:\/\/socialdesignmagazine.com\/mag\/wp-content\/uploads\/2021\/06\/Casa-Rio-Paulo-Merlini-architects-62-438x283.jpg\" data-large-file=\"https:\/\/socialdesignmagazine.com\/mag\/wp-content\/uploads\/2021\/06\/Casa-Rio-Paulo-Merlini-architects-62-1024x1536.jpg\" src=\"https:\/\/socialdesignmagazine.com\/mag\/wp-content\/uploads\/2021\/06\/Casa-Rio-Paulo-Merlini-architects-62-1024x1536.jpg\" alt=\"Ristrutturazione di una vecchia casa colonica - Casa Rio Paulo Merlini architects\" data-id=\"40816\" data-full-url=\"https:\/\/socialdesignmagazine.com\/mag\/wp-content\/uploads\/2021\/06\/Casa-Rio-Paulo-Merlini-architects-62.jpg\" data-link=\"https:\/\/socialdesignmagazine.com\/mag\/?attachment_id=40816#content\" class=\"wp-image-40816\" srcset=\"https:\/\/socialdesignmagazine.com\/mag\/wp-content\/uploads\/2021\/06\/Casa-Rio-Paulo-Merlini-architects-62-1024x1536.jpg 1024w, https:\/\/socialdesignmagazine.com\/mag\/wp-content\/uploads\/2021\/06\/Casa-Rio-Paulo-Merlini-architects-62-768x1152.jpg 768w, https:\/\/socialdesignmagazine.com\/mag\/wp-content\/uploads\/2021\/06\/Casa-Rio-Paulo-Merlini-architects-62.jpg 1200w\" sizes=\"auto, (max-width: 1024px) 100vw, 1024px\" \/><\/figure><\/li><li class=\"blocks-gallery-item\"><figure><img loading=\"lazy\" decoding=\"async\" width=\"1024\" height=\"1536\" data-attachment-id=\"40817\" data-permalink=\"https:\/\/socialdesignmagazine.com\/mag\/architettura\/ristrutturazione-di-una-vecchia-casa-colonica-casa-rio-paulo-merlini-architects\/attachment\/casa-rio-em-paredes-do-atelier-de-arquitectura-paulo-merlini-arc-62\/#content\" data-orig-file=\"https:\/\/socialdesignmagazine.com\/mag\/wp-content\/uploads\/2021\/06\/Casa-Rio-Paulo-Merlini-architects-63.jpg\" data-orig-size=\"1200,1800\" data-comments-opened=\"1\" data-image-meta=\"{&quot;aperture&quot;:&quot;8&quot;,&quot;credit&quot;:&quot;Ivo Tavares Studio&quot;,&quot;camera&quot;:&quot;Canon EOS R&quot;,&quot;caption&quot;:&quot;Casa Rio em Paredes do Atelier de Arquitectura Paulo Merlini Architects com fotografia de arquitetura Ivo Tavares Studio&quot;,&quot;created_timestamp&quot;:&quot;1601321102&quot;,&quot;copyright&quot;:&quot;Ivo Tavares Studio - Fotografia de arquitectura&quot;,&quot;focal_length&quot;:&quot;17&quot;,&quot;iso&quot;:&quot;200&quot;,&quot;shutter_speed&quot;:&quot;0.6&quot;,&quot;title&quot;:&quot;Casa Rio em Paredes do Atelier de Arquitectura Paulo Merlini Arc&quot;,&quot;orientation&quot;:&quot;0&quot;}\" data-image-title=\"Casa Rio Paulo Merlini architects\" data-image-description=\"\" data-image-caption=\"\" data-medium-file=\"https:\/\/socialdesignmagazine.com\/mag\/wp-content\/uploads\/2021\/06\/Casa-Rio-Paulo-Merlini-architects-63-438x283.jpg\" data-large-file=\"https:\/\/socialdesignmagazine.com\/mag\/wp-content\/uploads\/2021\/06\/Casa-Rio-Paulo-Merlini-architects-63-1024x1536.jpg\" src=\"https:\/\/socialdesignmagazine.com\/mag\/wp-content\/uploads\/2021\/06\/Casa-Rio-Paulo-Merlini-architects-63-1024x1536.jpg\" alt=\"Ristrutturazione di una vecchia casa colonica - Casa Rio Paulo Merlini architects\" data-id=\"40817\" data-full-url=\"https:\/\/socialdesignmagazine.com\/mag\/wp-content\/uploads\/2021\/06\/Casa-Rio-Paulo-Merlini-architects-63.jpg\" data-link=\"https:\/\/socialdesignmagazine.com\/mag\/?attachment_id=40817#content\" class=\"wp-image-40817\" srcset=\"https:\/\/socialdesignmagazine.com\/mag\/wp-content\/uploads\/2021\/06\/Casa-Rio-Paulo-Merlini-architects-63-1024x1536.jpg 1024w, https:\/\/socialdesignmagazine.com\/mag\/wp-content\/uploads\/2021\/06\/Casa-Rio-Paulo-Merlini-architects-63-768x1152.jpg 768w, https:\/\/socialdesignmagazine.com\/mag\/wp-content\/uploads\/2021\/06\/Casa-Rio-Paulo-Merlini-architects-63.jpg 1200w\" sizes=\"auto, (max-width: 1024px) 100vw, 1024px\" \/><\/figure><\/li><li class=\"blocks-gallery-item\"><figure><img loading=\"lazy\" decoding=\"async\" width=\"1024\" height=\"1536\" data-attachment-id=\"40818\" data-permalink=\"https:\/\/socialdesignmagazine.com\/mag\/architettura\/ristrutturazione-di-una-vecchia-casa-colonica-casa-rio-paulo-merlini-architects\/attachment\/casa-rio-em-paredes-do-atelier-de-arquitectura-paulo-merlini-arc-63\/#content\" data-orig-file=\"https:\/\/socialdesignmagazine.com\/mag\/wp-content\/uploads\/2021\/06\/Casa-Rio-Paulo-Merlini-architects-64.jpg\" data-orig-size=\"1200,1800\" data-comments-opened=\"1\" data-image-meta=\"{&quot;aperture&quot;:&quot;8&quot;,&quot;credit&quot;:&quot;Ivo Tavares Studio&quot;,&quot;camera&quot;:&quot;Canon EOS R&quot;,&quot;caption&quot;:&quot;Casa Rio em Paredes do Atelier de Arquitectura Paulo Merlini Architects com fotografia de arquitetura Ivo Tavares Studio&quot;,&quot;created_timestamp&quot;:&quot;1601321168&quot;,&quot;copyright&quot;:&quot;Ivo Tavares Studio - Fotografia de arquitectura&quot;,&quot;focal_length&quot;:&quot;17&quot;,&quot;iso&quot;:&quot;200&quot;,&quot;shutter_speed&quot;:&quot;0.6&quot;,&quot;title&quot;:&quot;Casa Rio em Paredes do Atelier de Arquitectura Paulo Merlini Arc&quot;,&quot;orientation&quot;:&quot;0&quot;}\" data-image-title=\"Casa Rio Paulo Merlini architects\" data-image-description=\"\" data-image-caption=\"\" data-medium-file=\"https:\/\/socialdesignmagazine.com\/mag\/wp-content\/uploads\/2021\/06\/Casa-Rio-Paulo-Merlini-architects-64-438x283.jpg\" data-large-file=\"https:\/\/socialdesignmagazine.com\/mag\/wp-content\/uploads\/2021\/06\/Casa-Rio-Paulo-Merlini-architects-64-1024x1536.jpg\" src=\"https:\/\/socialdesignmagazine.com\/mag\/wp-content\/uploads\/2021\/06\/Casa-Rio-Paulo-Merlini-architects-64-1024x1536.jpg\" alt=\"Casa Rio Paulo Merlini architects\" data-id=\"40818\" data-full-url=\"https:\/\/socialdesignmagazine.com\/mag\/wp-content\/uploads\/2021\/06\/Casa-Rio-Paulo-Merlini-architects-64.jpg\" data-link=\"https:\/\/socialdesignmagazine.com\/mag\/?attachment_id=40818#content\" class=\"wp-image-40818\" srcset=\"https:\/\/socialdesignmagazine.com\/mag\/wp-content\/uploads\/2021\/06\/Casa-Rio-Paulo-Merlini-architects-64-1024x1536.jpg 1024w, https:\/\/socialdesignmagazine.com\/mag\/wp-content\/uploads\/2021\/06\/Casa-Rio-Paulo-Merlini-architects-64-768x1152.jpg 768w, https:\/\/socialdesignmagazine.com\/mag\/wp-content\/uploads\/2021\/06\/Casa-Rio-Paulo-Merlini-architects-64.jpg 1200w\" sizes=\"auto, (max-width: 1024px) 100vw, 1024px\" \/><\/figure><\/li><li class=\"blocks-gallery-item\"><figure><img loading=\"lazy\" decoding=\"async\" width=\"1024\" height=\"1013\" data-attachment-id=\"40819\" data-permalink=\"https:\/\/socialdesignmagazine.com\/mag\/architettura\/ristrutturazione-di-una-vecchia-casa-colonica-casa-rio-paulo-merlini-architects\/attachment\/casa-rio-em-paredes-do-atelier-de-arquitectura-paulo-merlini-arc-64\/#content\" data-orig-file=\"https:\/\/socialdesignmagazine.com\/mag\/wp-content\/uploads\/2021\/06\/Casa-Rio-Paulo-Merlini-architects-65.jpg\" data-orig-size=\"1800,1781\" data-comments-opened=\"1\" data-image-meta=\"{&quot;aperture&quot;:&quot;8&quot;,&quot;credit&quot;:&quot;Ivo Tavares Studio&quot;,&quot;camera&quot;:&quot;Canon EOS R&quot;,&quot;caption&quot;:&quot;Casa Rio em Paredes do Atelier de Arquitectura Paulo Merlini Architects com fotografia de arquitetura Ivo Tavares Studio&quot;,&quot;created_timestamp&quot;:&quot;1601321312&quot;,&quot;copyright&quot;:&quot;Ivo Tavares Studio - Fotografia de arquitectura&quot;,&quot;focal_length&quot;:&quot;17&quot;,&quot;iso&quot;:&quot;200&quot;,&quot;shutter_speed&quot;:&quot;0.6&quot;,&quot;title&quot;:&quot;Casa Rio em Paredes do Atelier de Arquitectura Paulo Merlini Arc&quot;,&quot;orientation&quot;:&quot;0&quot;}\" data-image-title=\"Casa Rio Paulo Merlini architects\" data-image-description=\"\" data-image-caption=\"\" data-medium-file=\"https:\/\/socialdesignmagazine.com\/mag\/wp-content\/uploads\/2021\/06\/Casa-Rio-Paulo-Merlini-architects-65-438x283.jpg\" data-large-file=\"https:\/\/socialdesignmagazine.com\/mag\/wp-content\/uploads\/2021\/06\/Casa-Rio-Paulo-Merlini-architects-65-1024x1013.jpg\" src=\"https:\/\/socialdesignmagazine.com\/mag\/wp-content\/uploads\/2021\/06\/Casa-Rio-Paulo-Merlini-architects-65-1024x1013.jpg\" alt=\"Ristrutturazione di una vecchia casa colonica - Casa Rio Paulo Merlini architects\" data-id=\"40819\" data-full-url=\"https:\/\/socialdesignmagazine.com\/mag\/wp-content\/uploads\/2021\/06\/Casa-Rio-Paulo-Merlini-architects-65.jpg\" data-link=\"https:\/\/socialdesignmagazine.com\/mag\/?attachment_id=40819#content\" class=\"wp-image-40819\" srcset=\"https:\/\/socialdesignmagazine.com\/mag\/wp-content\/uploads\/2021\/06\/Casa-Rio-Paulo-Merlini-architects-65-1024x1013.jpg 1024w, https:\/\/socialdesignmagazine.com\/mag\/wp-content\/uploads\/2021\/06\/Casa-Rio-Paulo-Merlini-architects-65-768x760.jpg 768w, https:\/\/socialdesignmagazine.com\/mag\/wp-content\/uploads\/2021\/06\/Casa-Rio-Paulo-Merlini-architects-65-1536x1520.jpg 1536w, https:\/\/socialdesignmagazine.com\/mag\/wp-content\/uploads\/2021\/06\/Casa-Rio-Paulo-Merlini-architects-65.jpg 1800w\" sizes=\"auto, (max-width: 1024px) 100vw, 1024px\" \/><\/figure><\/li><li class=\"blocks-gallery-item\"><figure><img loading=\"lazy\" decoding=\"async\" width=\"1024\" height=\"683\" data-attachment-id=\"40820\" data-permalink=\"https:\/\/socialdesignmagazine.com\/mag\/architettura\/ristrutturazione-di-una-vecchia-casa-colonica-casa-rio-paulo-merlini-architects\/attachment\/casa-rio-em-paredes-do-atelier-de-arquitectura-paulo-merlini-arc-65\/#content\" data-orig-file=\"https:\/\/socialdesignmagazine.com\/mag\/wp-content\/uploads\/2021\/06\/Casa-Rio-Paulo-Merlini-architects-66.jpg\" data-orig-size=\"1800,1200\" data-comments-opened=\"1\" data-image-meta=\"{&quot;aperture&quot;:&quot;8&quot;,&quot;credit&quot;:&quot;Ivo Tavares Studio&quot;,&quot;camera&quot;:&quot;Canon EOS R&quot;,&quot;caption&quot;:&quot;Casa Rio em Paredes do Atelier de Arquitectura Paulo Merlini Architects com fotografia de arquitetura Ivo Tavares Studio&quot;,&quot;created_timestamp&quot;:&quot;1601321486&quot;,&quot;copyright&quot;:&quot;Ivo Tavares Studio - Fotografia de arquitectura&quot;,&quot;focal_length&quot;:&quot;17&quot;,&quot;iso&quot;:&quot;200&quot;,&quot;shutter_speed&quot;:&quot;1&quot;,&quot;title&quot;:&quot;Casa Rio em Paredes do Atelier de Arquitectura Paulo Merlini Arc&quot;,&quot;orientation&quot;:&quot;0&quot;}\" data-image-title=\"Casa Rio Paulo Merlini architects\" data-image-description=\"\" data-image-caption=\"\" data-medium-file=\"https:\/\/socialdesignmagazine.com\/mag\/wp-content\/uploads\/2021\/06\/Casa-Rio-Paulo-Merlini-architects-66-438x283.jpg\" data-large-file=\"https:\/\/socialdesignmagazine.com\/mag\/wp-content\/uploads\/2021\/06\/Casa-Rio-Paulo-Merlini-architects-66-1024x683.jpg\" src=\"https:\/\/socialdesignmagazine.com\/mag\/wp-content\/uploads\/2021\/06\/Casa-Rio-Paulo-Merlini-architects-66-1024x683.jpg\" alt=\"Casa Rio Paulo Merlini architects\" data-id=\"40820\" data-full-url=\"https:\/\/socialdesignmagazine.com\/mag\/wp-content\/uploads\/2021\/06\/Casa-Rio-Paulo-Merlini-architects-66.jpg\" data-link=\"https:\/\/socialdesignmagazine.com\/mag\/?attachment_id=40820#content\" class=\"wp-image-40820\" srcset=\"https:\/\/socialdesignmagazine.com\/mag\/wp-content\/uploads\/2021\/06\/Casa-Rio-Paulo-Merlini-architects-66-1024x683.jpg 1024w, https:\/\/socialdesignmagazine.com\/mag\/wp-content\/uploads\/2021\/06\/Casa-Rio-Paulo-Merlini-architects-66-100x66.jpg 100w, https:\/\/socialdesignmagazine.com\/mag\/wp-content\/uploads\/2021\/06\/Casa-Rio-Paulo-Merlini-architects-66-768x512.jpg 768w, https:\/\/socialdesignmagazine.com\/mag\/wp-content\/uploads\/2021\/06\/Casa-Rio-Paulo-Merlini-architects-66-1536x1024.jpg 1536w, https:\/\/socialdesignmagazine.com\/mag\/wp-content\/uploads\/2021\/06\/Casa-Rio-Paulo-Merlini-architects-66.jpg 1800w\" sizes=\"auto, (max-width: 1024px) 100vw, 1024px\" \/><\/figure><\/li><li class=\"blocks-gallery-item\"><figure><img loading=\"lazy\" decoding=\"async\" width=\"1024\" height=\"1536\" data-attachment-id=\"40821\" data-permalink=\"https:\/\/socialdesignmagazine.com\/mag\/architettura\/ristrutturazione-di-una-vecchia-casa-colonica-casa-rio-paulo-merlini-architects\/attachment\/casa-rio-em-paredes-do-atelier-de-arquitectura-paulo-merlini-arc-66\/#content\" data-orig-file=\"https:\/\/socialdesignmagazine.com\/mag\/wp-content\/uploads\/2021\/06\/Casa-Rio-Paulo-Merlini-architects-67.jpg\" data-orig-size=\"1200,1800\" data-comments-opened=\"1\" data-image-meta=\"{&quot;aperture&quot;:&quot;8&quot;,&quot;credit&quot;:&quot;Ivo Tavares Studio&quot;,&quot;camera&quot;:&quot;Canon EOS R&quot;,&quot;caption&quot;:&quot;Casa Rio em Paredes do Atelier de Arquitectura Paulo Merlini Architects com fotografia de arquitetura Ivo Tavares Studio&quot;,&quot;created_timestamp&quot;:&quot;1601321989&quot;,&quot;copyright&quot;:&quot;Ivo Tavares Studio - Fotografia de arquitectura&quot;,&quot;focal_length&quot;:&quot;24&quot;,&quot;iso&quot;:&quot;200&quot;,&quot;shutter_speed&quot;:&quot;1.6&quot;,&quot;title&quot;:&quot;Casa Rio em Paredes do Atelier de Arquitectura Paulo Merlini Arc&quot;,&quot;orientation&quot;:&quot;0&quot;}\" data-image-title=\"Casa Rio Paulo Merlini architects\" data-image-description=\"\" data-image-caption=\"\" data-medium-file=\"https:\/\/socialdesignmagazine.com\/mag\/wp-content\/uploads\/2021\/06\/Casa-Rio-Paulo-Merlini-architects-67-438x283.jpg\" data-large-file=\"https:\/\/socialdesignmagazine.com\/mag\/wp-content\/uploads\/2021\/06\/Casa-Rio-Paulo-Merlini-architects-67-1024x1536.jpg\" src=\"https:\/\/socialdesignmagazine.com\/mag\/wp-content\/uploads\/2021\/06\/Casa-Rio-Paulo-Merlini-architects-67-1024x1536.jpg\" alt=\"Casa Rio Paulo Merlini architects\" data-id=\"40821\" data-full-url=\"https:\/\/socialdesignmagazine.com\/mag\/wp-content\/uploads\/2021\/06\/Casa-Rio-Paulo-Merlini-architects-67.jpg\" data-link=\"https:\/\/socialdesignmagazine.com\/mag\/?attachment_id=40821#content\" class=\"wp-image-40821\" srcset=\"https:\/\/socialdesignmagazine.com\/mag\/wp-content\/uploads\/2021\/06\/Casa-Rio-Paulo-Merlini-architects-67-1024x1536.jpg 1024w, https:\/\/socialdesignmagazine.com\/mag\/wp-content\/uploads\/2021\/06\/Casa-Rio-Paulo-Merlini-architects-67-768x1152.jpg 768w, https:\/\/socialdesignmagazine.com\/mag\/wp-content\/uploads\/2021\/06\/Casa-Rio-Paulo-Merlini-architects-67.jpg 1200w\" sizes=\"auto, (max-width: 1024px) 100vw, 1024px\" \/><\/figure><\/li><li class=\"blocks-gallery-item\"><figure><img loading=\"lazy\" decoding=\"async\" width=\"1024\" height=\"683\" data-attachment-id=\"40822\" data-permalink=\"https:\/\/socialdesignmagazine.com\/mag\/architettura\/ristrutturazione-di-una-vecchia-casa-colonica-casa-rio-paulo-merlini-architects\/attachment\/casa-rio-em-paredes-do-atelier-de-arquitectura-paulo-merlini-arc-67\/#content\" data-orig-file=\"https:\/\/socialdesignmagazine.com\/mag\/wp-content\/uploads\/2021\/06\/Casa-Rio-Paulo-Merlini-architects-68.jpg\" data-orig-size=\"1800,1200\" data-comments-opened=\"1\" data-image-meta=\"{&quot;aperture&quot;:&quot;8&quot;,&quot;credit&quot;:&quot;Ivo Tavares Studio&quot;,&quot;camera&quot;:&quot;Canon EOS R&quot;,&quot;caption&quot;:&quot;Casa Rio em Paredes do Atelier de Arquitectura Paulo Merlini Architects com fotografia de arquitetura Ivo Tavares Studio&quot;,&quot;created_timestamp&quot;:&quot;1601322122&quot;,&quot;copyright&quot;:&quot;Ivo Tavares Studio - Fotografia de arquitectura&quot;,&quot;focal_length&quot;:&quot;24&quot;,&quot;iso&quot;:&quot;200&quot;,&quot;shutter_speed&quot;:&quot;4&quot;,&quot;title&quot;:&quot;Casa Rio em Paredes do Atelier de Arquitectura Paulo Merlini Arc&quot;,&quot;orientation&quot;:&quot;0&quot;}\" data-image-title=\"Casa Rio Paulo Merlini architects\" data-image-description=\"\" data-image-caption=\"\" data-medium-file=\"https:\/\/socialdesignmagazine.com\/mag\/wp-content\/uploads\/2021\/06\/Casa-Rio-Paulo-Merlini-architects-68-438x283.jpg\" data-large-file=\"https:\/\/socialdesignmagazine.com\/mag\/wp-content\/uploads\/2021\/06\/Casa-Rio-Paulo-Merlini-architects-68-1024x683.jpg\" src=\"https:\/\/socialdesignmagazine.com\/mag\/wp-content\/uploads\/2021\/06\/Casa-Rio-Paulo-Merlini-architects-68-1024x683.jpg\" alt=\"Ristrutturazione di una vecchia casa colonica - Casa Rio Paulo Merlini architects\" data-id=\"40822\" data-full-url=\"https:\/\/socialdesignmagazine.com\/mag\/wp-content\/uploads\/2021\/06\/Casa-Rio-Paulo-Merlini-architects-68.jpg\" data-link=\"https:\/\/socialdesignmagazine.com\/mag\/?attachment_id=40822#content\" class=\"wp-image-40822\" srcset=\"https:\/\/socialdesignmagazine.com\/mag\/wp-content\/uploads\/2021\/06\/Casa-Rio-Paulo-Merlini-architects-68-1024x683.jpg 1024w, https:\/\/socialdesignmagazine.com\/mag\/wp-content\/uploads\/2021\/06\/Casa-Rio-Paulo-Merlini-architects-68-100x66.jpg 100w, https:\/\/socialdesignmagazine.com\/mag\/wp-content\/uploads\/2021\/06\/Casa-Rio-Paulo-Merlini-architects-68-768x512.jpg 768w, https:\/\/socialdesignmagazine.com\/mag\/wp-content\/uploads\/2021\/06\/Casa-Rio-Paulo-Merlini-architects-68-1536x1024.jpg 1536w, https:\/\/socialdesignmagazine.com\/mag\/wp-content\/uploads\/2021\/06\/Casa-Rio-Paulo-Merlini-architects-68.jpg 1800w\" sizes=\"auto, (max-width: 1024px) 100vw, 1024px\" \/><\/figure><\/li><li class=\"blocks-gallery-item\"><figure><img loading=\"lazy\" decoding=\"async\" width=\"1024\" height=\"683\" data-attachment-id=\"40823\" data-permalink=\"https:\/\/socialdesignmagazine.com\/mag\/architettura\/ristrutturazione-di-una-vecchia-casa-colonica-casa-rio-paulo-merlini-architects\/attachment\/casa-rio-em-paredes-do-atelier-de-arquitectura-paulo-merlini-arc-68\/#content\" data-orig-file=\"https:\/\/socialdesignmagazine.com\/mag\/wp-content\/uploads\/2021\/06\/Casa-Rio-Paulo-Merlini-architects-69.jpg\" data-orig-size=\"1800,1200\" data-comments-opened=\"1\" data-image-meta=\"{&quot;aperture&quot;:&quot;8&quot;,&quot;credit&quot;:&quot;Ivo Tavares Studio&quot;,&quot;camera&quot;:&quot;Canon EOS R&quot;,&quot;caption&quot;:&quot;Casa Rio em Paredes do Atelier de Arquitectura Paulo Merlini Architects com fotografia de arquitetura Ivo Tavares Studio&quot;,&quot;created_timestamp&quot;:&quot;1601322152&quot;,&quot;copyright&quot;:&quot;Ivo Tavares Studio - Fotografia de arquitectura&quot;,&quot;focal_length&quot;:&quot;24&quot;,&quot;iso&quot;:&quot;200&quot;,&quot;shutter_speed&quot;:&quot;4&quot;,&quot;title&quot;:&quot;Casa Rio em Paredes do Atelier de Arquitectura Paulo Merlini Arc&quot;,&quot;orientation&quot;:&quot;0&quot;}\" data-image-title=\"Casa Rio Paulo Merlini architects\" data-image-description=\"\" data-image-caption=\"\" data-medium-file=\"https:\/\/socialdesignmagazine.com\/mag\/wp-content\/uploads\/2021\/06\/Casa-Rio-Paulo-Merlini-architects-69-438x283.jpg\" data-large-file=\"https:\/\/socialdesignmagazine.com\/mag\/wp-content\/uploads\/2021\/06\/Casa-Rio-Paulo-Merlini-architects-69-1024x683.jpg\" src=\"https:\/\/socialdesignmagazine.com\/mag\/wp-content\/uploads\/2021\/06\/Casa-Rio-Paulo-Merlini-architects-69-1024x683.jpg\" alt=\"Ristrutturazione di una vecchia casa colonica - Casa Rio Paulo Merlini architects\" data-id=\"40823\" data-full-url=\"https:\/\/socialdesignmagazine.com\/mag\/wp-content\/uploads\/2021\/06\/Casa-Rio-Paulo-Merlini-architects-69.jpg\" data-link=\"https:\/\/socialdesignmagazine.com\/mag\/?attachment_id=40823#content\" class=\"wp-image-40823\" srcset=\"https:\/\/socialdesignmagazine.com\/mag\/wp-content\/uploads\/2021\/06\/Casa-Rio-Paulo-Merlini-architects-69-1024x683.jpg 1024w, https:\/\/socialdesignmagazine.com\/mag\/wp-content\/uploads\/2021\/06\/Casa-Rio-Paulo-Merlini-architects-69-100x66.jpg 100w, https:\/\/socialdesignmagazine.com\/mag\/wp-content\/uploads\/2021\/06\/Casa-Rio-Paulo-Merlini-architects-69-768x512.jpg 768w, https:\/\/socialdesignmagazine.com\/mag\/wp-content\/uploads\/2021\/06\/Casa-Rio-Paulo-Merlini-architects-69-1536x1024.jpg 1536w, https:\/\/socialdesignmagazine.com\/mag\/wp-content\/uploads\/2021\/06\/Casa-Rio-Paulo-Merlini-architects-69.jpg 1800w\" sizes=\"auto, (max-width: 1024px) 100vw, 1024px\" \/><\/figure><\/li><li class=\"blocks-gallery-item\"><figure><img loading=\"lazy\" decoding=\"async\" width=\"1024\" height=\"683\" data-attachment-id=\"40824\" data-permalink=\"https:\/\/socialdesignmagazine.com\/mag\/architettura\/ristrutturazione-di-una-vecchia-casa-colonica-casa-rio-paulo-merlini-architects\/attachment\/casa-rio-em-paredes-do-atelier-de-arquitectura-paulo-merlini-arc-69\/#content\" data-orig-file=\"https:\/\/socialdesignmagazine.com\/mag\/wp-content\/uploads\/2021\/06\/Casa-Rio-Paulo-Merlini-architects-70.jpg\" data-orig-size=\"1800,1200\" data-comments-opened=\"1\" data-image-meta=\"{&quot;aperture&quot;:&quot;8&quot;,&quot;credit&quot;:&quot;Ivo Tavares Studio&quot;,&quot;camera&quot;:&quot;Canon EOS R&quot;,&quot;caption&quot;:&quot;Casa Rio em Paredes do Atelier de Arquitectura Paulo Merlini Architects com fotografia de arquitetura Ivo Tavares Studio&quot;,&quot;created_timestamp&quot;:&quot;1601322294&quot;,&quot;copyright&quot;:&quot;Ivo Tavares Studio - Fotografia de arquitectura&quot;,&quot;focal_length&quot;:&quot;24&quot;,&quot;iso&quot;:&quot;200&quot;,&quot;shutter_speed&quot;:&quot;5&quot;,&quot;title&quot;:&quot;Casa Rio em Paredes do Atelier de Arquitectura Paulo Merlini Arc&quot;,&quot;orientation&quot;:&quot;0&quot;}\" data-image-title=\"Casa Rio Paulo Merlini architects\" data-image-description=\"\" data-image-caption=\"\" data-medium-file=\"https:\/\/socialdesignmagazine.com\/mag\/wp-content\/uploads\/2021\/06\/Casa-Rio-Paulo-Merlini-architects-70-438x283.jpg\" data-large-file=\"https:\/\/socialdesignmagazine.com\/mag\/wp-content\/uploads\/2021\/06\/Casa-Rio-Paulo-Merlini-architects-70-1024x683.jpg\" src=\"https:\/\/socialdesignmagazine.com\/mag\/wp-content\/uploads\/2021\/06\/Casa-Rio-Paulo-Merlini-architects-70-1024x683.jpg\" alt=\"Casa Rio Paulo Merlini architects\" data-id=\"40824\" data-full-url=\"https:\/\/socialdesignmagazine.com\/mag\/wp-content\/uploads\/2021\/06\/Casa-Rio-Paulo-Merlini-architects-70.jpg\" data-link=\"https:\/\/socialdesignmagazine.com\/mag\/?attachment_id=40824#content\" class=\"wp-image-40824\" srcset=\"https:\/\/socialdesignmagazine.com\/mag\/wp-content\/uploads\/2021\/06\/Casa-Rio-Paulo-Merlini-architects-70-1024x683.jpg 1024w, https:\/\/socialdesignmagazine.com\/mag\/wp-content\/uploads\/2021\/06\/Casa-Rio-Paulo-Merlini-architects-70-100x66.jpg 100w, https:\/\/socialdesignmagazine.com\/mag\/wp-content\/uploads\/2021\/06\/Casa-Rio-Paulo-Merlini-architects-70-768x512.jpg 768w, https:\/\/socialdesignmagazine.com\/mag\/wp-content\/uploads\/2021\/06\/Casa-Rio-Paulo-Merlini-architects-70-1536x1024.jpg 1536w, https:\/\/socialdesignmagazine.com\/mag\/wp-content\/uploads\/2021\/06\/Casa-Rio-Paulo-Merlini-architects-70.jpg 1800w\" sizes=\"auto, (max-width: 1024px) 100vw, 1024px\" \/><\/figure><\/li><\/ul><\/figure>\n\n\n\n<figure class=\"wp-block-gallery columns-2 is-cropped wp-block-gallery-2 is-layout-flex wp-block-gallery-is-layout-flex\"><ul class=\"blocks-gallery-grid\"><li class=\"blocks-gallery-item\"><figure><img loading=\"lazy\" decoding=\"async\" width=\"1024\" height=\"576\" data-attachment-id=\"40791\" data-permalink=\"https:\/\/socialdesignmagazine.com\/mag\/architettura\/ristrutturazione-di-una-vecchia-casa-colonica-casa-rio-paulo-merlini-architects\/attachment\/01-14\/#content\" data-orig-file=\"https:\/\/socialdesignmagazine.com\/mag\/wp-content\/uploads\/2021\/06\/01.jpg\" data-orig-size=\"1920,1080\" data-comments-opened=\"1\" data-image-meta=\"{&quot;aperture&quot;:&quot;0&quot;,&quot;credit&quot;:&quot;&quot;,&quot;camera&quot;:&quot;&quot;,&quot;caption&quot;:&quot;&quot;,&quot;created_timestamp&quot;:&quot;0&quot;,&quot;copyright&quot;:&quot;&quot;,&quot;focal_length&quot;:&quot;0&quot;,&quot;iso&quot;:&quot;0&quot;,&quot;shutter_speed&quot;:&quot;0&quot;,&quot;title&quot;:&quot;&quot;,&quot;orientation&quot;:&quot;1&quot;}\" data-image-title=\"01\" data-image-description=\"\" data-image-caption=\"\" data-medium-file=\"https:\/\/socialdesignmagazine.com\/mag\/wp-content\/uploads\/2021\/06\/01-438x283.jpg\" data-large-file=\"https:\/\/socialdesignmagazine.com\/mag\/wp-content\/uploads\/2021\/06\/01-1024x576.jpg\" src=\"https:\/\/socialdesignmagazine.com\/mag\/wp-content\/uploads\/2021\/06\/01-1024x576.jpg\" alt=\"\" data-id=\"40791\" data-link=\"https:\/\/socialdesignmagazine.com\/mag\/?attachment_id=40791#content\" class=\"wp-image-40791\" srcset=\"https:\/\/socialdesignmagazine.com\/mag\/wp-content\/uploads\/2021\/06\/01-1024x576.jpg 1024w, https:\/\/socialdesignmagazine.com\/mag\/wp-content\/uploads\/2021\/06\/01-768x432.jpg 768w, https:\/\/socialdesignmagazine.com\/mag\/wp-content\/uploads\/2021\/06\/01-1536x864.jpg 1536w, https:\/\/socialdesignmagazine.com\/mag\/wp-content\/uploads\/2021\/06\/01.jpg 1920w\" sizes=\"auto, (max-width: 1024px) 100vw, 1024px\" \/><\/figure><\/li><li class=\"blocks-gallery-item\"><figure><img loading=\"lazy\" decoding=\"async\" width=\"1024\" height=\"576\" data-attachment-id=\"40793\" data-permalink=\"https:\/\/socialdesignmagazine.com\/mag\/architettura\/ristrutturazione-di-una-vecchia-casa-colonica-casa-rio-paulo-merlini-architects\/attachment\/02-12\/#content\" data-orig-file=\"https:\/\/socialdesignmagazine.com\/mag\/wp-content\/uploads\/2021\/06\/02.jpg\" data-orig-size=\"1920,1080\" data-comments-opened=\"1\" data-image-meta=\"{&quot;aperture&quot;:&quot;0&quot;,&quot;credit&quot;:&quot;&quot;,&quot;camera&quot;:&quot;&quot;,&quot;caption&quot;:&quot;&quot;,&quot;created_timestamp&quot;:&quot;0&quot;,&quot;copyright&quot;:&quot;&quot;,&quot;focal_length&quot;:&quot;0&quot;,&quot;iso&quot;:&quot;0&quot;,&quot;shutter_speed&quot;:&quot;0&quot;,&quot;title&quot;:&quot;&quot;,&quot;orientation&quot;:&quot;1&quot;}\" data-image-title=\"02\" data-image-description=\"\" data-image-caption=\"\" data-medium-file=\"https:\/\/socialdesignmagazine.com\/mag\/wp-content\/uploads\/2021\/06\/02-438x283.jpg\" data-large-file=\"https:\/\/socialdesignmagazine.com\/mag\/wp-content\/uploads\/2021\/06\/02-1024x576.jpg\" src=\"https:\/\/socialdesignmagazine.com\/mag\/wp-content\/uploads\/2021\/06\/02-1024x576.jpg\" alt=\"\" data-id=\"40793\" data-link=\"https:\/\/socialdesignmagazine.com\/mag\/?attachment_id=40793#content\" class=\"wp-image-40793\" srcset=\"https:\/\/socialdesignmagazine.com\/mag\/wp-content\/uploads\/2021\/06\/02-1024x576.jpg 1024w, https:\/\/socialdesignmagazine.com\/mag\/wp-content\/uploads\/2021\/06\/02-768x432.jpg 768w, https:\/\/socialdesignmagazine.com\/mag\/wp-content\/uploads\/2021\/06\/02-1536x864.jpg 1536w, https:\/\/socialdesignmagazine.com\/mag\/wp-content\/uploads\/2021\/06\/02.jpg 1920w\" sizes=\"auto, (max-width: 1024px) 100vw, 1024px\" \/><\/figure><\/li><li class=\"blocks-gallery-item\"><figure><img loading=\"lazy\" decoding=\"async\" width=\"1024\" height=\"576\" data-attachment-id=\"40795\" data-permalink=\"https:\/\/socialdesignmagazine.com\/mag\/architettura\/ristrutturazione-di-una-vecchia-casa-colonica-casa-rio-paulo-merlini-architects\/attachment\/03-10\/#content\" data-orig-file=\"https:\/\/socialdesignmagazine.com\/mag\/wp-content\/uploads\/2021\/06\/03.jpg\" data-orig-size=\"1920,1080\" data-comments-opened=\"1\" data-image-meta=\"{&quot;aperture&quot;:&quot;0&quot;,&quot;credit&quot;:&quot;&quot;,&quot;camera&quot;:&quot;&quot;,&quot;caption&quot;:&quot;&quot;,&quot;created_timestamp&quot;:&quot;0&quot;,&quot;copyright&quot;:&quot;&quot;,&quot;focal_length&quot;:&quot;0&quot;,&quot;iso&quot;:&quot;0&quot;,&quot;shutter_speed&quot;:&quot;0&quot;,&quot;title&quot;:&quot;&quot;,&quot;orientation&quot;:&quot;1&quot;}\" data-image-title=\"03\" data-image-description=\"\" data-image-caption=\"\" data-medium-file=\"https:\/\/socialdesignmagazine.com\/mag\/wp-content\/uploads\/2021\/06\/03-438x283.jpg\" data-large-file=\"https:\/\/socialdesignmagazine.com\/mag\/wp-content\/uploads\/2021\/06\/03-1024x576.jpg\" src=\"https:\/\/socialdesignmagazine.com\/mag\/wp-content\/uploads\/2021\/06\/03-1024x576.jpg\" alt=\"\" data-id=\"40795\" data-link=\"https:\/\/socialdesignmagazine.com\/mag\/?attachment_id=40795#content\" class=\"wp-image-40795\" srcset=\"https:\/\/socialdesignmagazine.com\/mag\/wp-content\/uploads\/2021\/06\/03-1024x576.jpg 1024w, https:\/\/socialdesignmagazine.com\/mag\/wp-content\/uploads\/2021\/06\/03-768x432.jpg 768w, https:\/\/socialdesignmagazine.com\/mag\/wp-content\/uploads\/2021\/06\/03-1536x864.jpg 1536w, https:\/\/socialdesignmagazine.com\/mag\/wp-content\/uploads\/2021\/06\/03.jpg 1920w\" sizes=\"auto, (max-width: 1024px) 100vw, 1024px\" \/><\/figure><\/li><li class=\"blocks-gallery-item\"><figure><img loading=\"lazy\" decoding=\"async\" width=\"1024\" height=\"576\" data-attachment-id=\"40797\" data-permalink=\"https:\/\/socialdesignmagazine.com\/mag\/architettura\/ristrutturazione-di-una-vecchia-casa-colonica-casa-rio-paulo-merlini-architects\/attachment\/04-11\/#content\" data-orig-file=\"https:\/\/socialdesignmagazine.com\/mag\/wp-content\/uploads\/2021\/06\/04.jpg\" data-orig-size=\"1920,1080\" data-comments-opened=\"1\" data-image-meta=\"{&quot;aperture&quot;:&quot;0&quot;,&quot;credit&quot;:&quot;&quot;,&quot;camera&quot;:&quot;&quot;,&quot;caption&quot;:&quot;&quot;,&quot;created_timestamp&quot;:&quot;0&quot;,&quot;copyright&quot;:&quot;&quot;,&quot;focal_length&quot;:&quot;0&quot;,&quot;iso&quot;:&quot;0&quot;,&quot;shutter_speed&quot;:&quot;0&quot;,&quot;title&quot;:&quot;&quot;,&quot;orientation&quot;:&quot;1&quot;}\" data-image-title=\"04\" data-image-description=\"\" data-image-caption=\"\" data-medium-file=\"https:\/\/socialdesignmagazine.com\/mag\/wp-content\/uploads\/2021\/06\/04-438x283.jpg\" data-large-file=\"https:\/\/socialdesignmagazine.com\/mag\/wp-content\/uploads\/2021\/06\/04-1024x576.jpg\" src=\"https:\/\/socialdesignmagazine.com\/mag\/wp-content\/uploads\/2021\/06\/04-1024x576.jpg\" alt=\"\" data-id=\"40797\" data-link=\"https:\/\/socialdesignmagazine.com\/mag\/?attachment_id=40797#content\" class=\"wp-image-40797\" srcset=\"https:\/\/socialdesignmagazine.com\/mag\/wp-content\/uploads\/2021\/06\/04-1024x576.jpg 1024w, https:\/\/socialdesignmagazine.com\/mag\/wp-content\/uploads\/2021\/06\/04-768x432.jpg 768w, https:\/\/socialdesignmagazine.com\/mag\/wp-content\/uploads\/2021\/06\/04-1536x864.jpg 1536w, https:\/\/socialdesignmagazine.com\/mag\/wp-content\/uploads\/2021\/06\/04.jpg 1920w\" sizes=\"auto, (max-width: 1024px) 100vw, 1024px\" \/><\/figure><\/li><li class=\"blocks-gallery-item\"><figure><img loading=\"lazy\" decoding=\"async\" width=\"1024\" height=\"576\" data-attachment-id=\"40799\" data-permalink=\"https:\/\/socialdesignmagazine.com\/mag\/architettura\/ristrutturazione-di-una-vecchia-casa-colonica-casa-rio-paulo-merlini-architects\/attachment\/05-8\/#content\" data-orig-file=\"https:\/\/socialdesignmagazine.com\/mag\/wp-content\/uploads\/2021\/06\/05.jpg\" data-orig-size=\"1920,1080\" data-comments-opened=\"1\" data-image-meta=\"{&quot;aperture&quot;:&quot;0&quot;,&quot;credit&quot;:&quot;&quot;,&quot;camera&quot;:&quot;&quot;,&quot;caption&quot;:&quot;&quot;,&quot;created_timestamp&quot;:&quot;0&quot;,&quot;copyright&quot;:&quot;&quot;,&quot;focal_length&quot;:&quot;0&quot;,&quot;iso&quot;:&quot;0&quot;,&quot;shutter_speed&quot;:&quot;0&quot;,&quot;title&quot;:&quot;&quot;,&quot;orientation&quot;:&quot;1&quot;}\" data-image-title=\"05\" data-image-description=\"\" data-image-caption=\"\" data-medium-file=\"https:\/\/socialdesignmagazine.com\/mag\/wp-content\/uploads\/2021\/06\/05-438x283.jpg\" data-large-file=\"https:\/\/socialdesignmagazine.com\/mag\/wp-content\/uploads\/2021\/06\/05-1024x576.jpg\" src=\"https:\/\/socialdesignmagazine.com\/mag\/wp-content\/uploads\/2021\/06\/05-1024x576.jpg\" alt=\"\" data-id=\"40799\" data-link=\"https:\/\/socialdesignmagazine.com\/mag\/?attachment_id=40799#content\" class=\"wp-image-40799\" srcset=\"https:\/\/socialdesignmagazine.com\/mag\/wp-content\/uploads\/2021\/06\/05-1024x576.jpg 1024w, https:\/\/socialdesignmagazine.com\/mag\/wp-content\/uploads\/2021\/06\/05-768x432.jpg 768w, https:\/\/socialdesignmagazine.com\/mag\/wp-content\/uploads\/2021\/06\/05-1536x864.jpg 1536w, https:\/\/socialdesignmagazine.com\/mag\/wp-content\/uploads\/2021\/06\/05.jpg 1920w\" sizes=\"auto, (max-width: 1024px) 100vw, 1024px\" \/><\/figure><\/li><li class=\"blocks-gallery-item\"><figure><img loading=\"lazy\" decoding=\"async\" width=\"1024\" height=\"576\" data-attachment-id=\"40801\" data-permalink=\"https:\/\/socialdesignmagazine.com\/mag\/architettura\/ristrutturazione-di-una-vecchia-casa-colonica-casa-rio-paulo-merlini-architects\/attachment\/06-8\/#content\" data-orig-file=\"https:\/\/socialdesignmagazine.com\/mag\/wp-content\/uploads\/2021\/06\/06.jpg\" data-orig-size=\"1920,1080\" data-comments-opened=\"1\" data-image-meta=\"{&quot;aperture&quot;:&quot;0&quot;,&quot;credit&quot;:&quot;&quot;,&quot;camera&quot;:&quot;&quot;,&quot;caption&quot;:&quot;&quot;,&quot;created_timestamp&quot;:&quot;0&quot;,&quot;copyright&quot;:&quot;&quot;,&quot;focal_length&quot;:&quot;0&quot;,&quot;iso&quot;:&quot;0&quot;,&quot;shutter_speed&quot;:&quot;0&quot;,&quot;title&quot;:&quot;&quot;,&quot;orientation&quot;:&quot;1&quot;}\" data-image-title=\"06\" data-image-description=\"\" data-image-caption=\"\" data-medium-file=\"https:\/\/socialdesignmagazine.com\/mag\/wp-content\/uploads\/2021\/06\/06-438x283.jpg\" data-large-file=\"https:\/\/socialdesignmagazine.com\/mag\/wp-content\/uploads\/2021\/06\/06-1024x576.jpg\" src=\"https:\/\/socialdesignmagazine.com\/mag\/wp-content\/uploads\/2021\/06\/06-1024x576.jpg\" alt=\"\" data-id=\"40801\" data-link=\"https:\/\/socialdesignmagazine.com\/mag\/?attachment_id=40801#content\" class=\"wp-image-40801\" srcset=\"https:\/\/socialdesignmagazine.com\/mag\/wp-content\/uploads\/2021\/06\/06-1024x576.jpg 1024w, https:\/\/socialdesignmagazine.com\/mag\/wp-content\/uploads\/2021\/06\/06-768x432.jpg 768w, https:\/\/socialdesignmagazine.com\/mag\/wp-content\/uploads\/2021\/06\/06-1536x864.jpg 1536w, https:\/\/socialdesignmagazine.com\/mag\/wp-content\/uploads\/2021\/06\/06.jpg 1920w\" sizes=\"auto, (max-width: 1024px) 100vw, 1024px\" \/><\/figure><\/li><li class=\"blocks-gallery-item\"><figure><img loading=\"lazy\" decoding=\"async\" width=\"1024\" height=\"576\" data-attachment-id=\"40803\" data-permalink=\"https:\/\/socialdesignmagazine.com\/mag\/architettura\/ristrutturazione-di-una-vecchia-casa-colonica-casa-rio-paulo-merlini-architects\/attachment\/07-5\/#content\" data-orig-file=\"https:\/\/socialdesignmagazine.com\/mag\/wp-content\/uploads\/2021\/06\/07.jpg\" data-orig-size=\"1920,1080\" data-comments-opened=\"1\" data-image-meta=\"{&quot;aperture&quot;:&quot;0&quot;,&quot;credit&quot;:&quot;&quot;,&quot;camera&quot;:&quot;&quot;,&quot;caption&quot;:&quot;&quot;,&quot;created_timestamp&quot;:&quot;0&quot;,&quot;copyright&quot;:&quot;&quot;,&quot;focal_length&quot;:&quot;0&quot;,&quot;iso&quot;:&quot;0&quot;,&quot;shutter_speed&quot;:&quot;0&quot;,&quot;title&quot;:&quot;&quot;,&quot;orientation&quot;:&quot;1&quot;}\" data-image-title=\"07\" data-image-description=\"\" data-image-caption=\"\" data-medium-file=\"https:\/\/socialdesignmagazine.com\/mag\/wp-content\/uploads\/2021\/06\/07-438x283.jpg\" data-large-file=\"https:\/\/socialdesignmagazine.com\/mag\/wp-content\/uploads\/2021\/06\/07-1024x576.jpg\" src=\"https:\/\/socialdesignmagazine.com\/mag\/wp-content\/uploads\/2021\/06\/07-1024x576.jpg\" alt=\"\" data-id=\"40803\" data-link=\"https:\/\/socialdesignmagazine.com\/mag\/?attachment_id=40803#content\" class=\"wp-image-40803\" srcset=\"https:\/\/socialdesignmagazine.com\/mag\/wp-content\/uploads\/2021\/06\/07-1024x576.jpg 1024w, https:\/\/socialdesignmagazine.com\/mag\/wp-content\/uploads\/2021\/06\/07-768x432.jpg 768w, https:\/\/socialdesignmagazine.com\/mag\/wp-content\/uploads\/2021\/06\/07-1536x864.jpg 1536w, https:\/\/socialdesignmagazine.com\/mag\/wp-content\/uploads\/2021\/06\/07.jpg 1920w\" sizes=\"auto, (max-width: 1024px) 100vw, 1024px\" \/><\/figure><\/li><li class=\"blocks-gallery-item\"><figure><img loading=\"lazy\" decoding=\"async\" width=\"1024\" height=\"576\" data-attachment-id=\"40807\" data-permalink=\"https:\/\/socialdesignmagazine.com\/mag\/architettura\/ristrutturazione-di-una-vecchia-casa-colonica-casa-rio-paulo-merlini-architects\/attachment\/01-1\/#content\" data-orig-file=\"https:\/\/socialdesignmagazine.com\/mag\/wp-content\/uploads\/2021\/06\/01-1.jpg\" data-orig-size=\"1920,1080\" data-comments-opened=\"1\" data-image-meta=\"{&quot;aperture&quot;:&quot;0&quot;,&quot;credit&quot;:&quot;&quot;,&quot;camera&quot;:&quot;&quot;,&quot;caption&quot;:&quot;&quot;,&quot;created_timestamp&quot;:&quot;0&quot;,&quot;copyright&quot;:&quot;&quot;,&quot;focal_length&quot;:&quot;0&quot;,&quot;iso&quot;:&quot;0&quot;,&quot;shutter_speed&quot;:&quot;0&quot;,&quot;title&quot;:&quot;&quot;,&quot;orientation&quot;:&quot;0&quot;}\" data-image-title=\"01-1\" data-image-description=\"\" data-image-caption=\"\" data-medium-file=\"https:\/\/socialdesignmagazine.com\/mag\/wp-content\/uploads\/2021\/06\/01-1-438x283.jpg\" data-large-file=\"https:\/\/socialdesignmagazine.com\/mag\/wp-content\/uploads\/2021\/06\/01-1-1024x576.jpg\" src=\"https:\/\/socialdesignmagazine.com\/mag\/wp-content\/uploads\/2021\/06\/01-1-1024x576.jpg\" alt=\"\" data-id=\"40807\" data-full-url=\"https:\/\/socialdesignmagazine.com\/mag\/wp-content\/uploads\/2021\/06\/01-1.jpg\" data-link=\"https:\/\/socialdesignmagazine.com\/mag\/?attachment_id=40807#content\" class=\"wp-image-40807\" srcset=\"https:\/\/socialdesignmagazine.com\/mag\/wp-content\/uploads\/2021\/06\/01-1-1024x576.jpg 1024w, https:\/\/socialdesignmagazine.com\/mag\/wp-content\/uploads\/2021\/06\/01-1-768x432.jpg 768w, https:\/\/socialdesignmagazine.com\/mag\/wp-content\/uploads\/2021\/06\/01-1-1536x864.jpg 1536w, https:\/\/socialdesignmagazine.com\/mag\/wp-content\/uploads\/2021\/06\/01-1.jpg 1920w\" sizes=\"auto, (max-width: 1024px) 100vw, 1024px\" \/><\/figure><\/li><li class=\"blocks-gallery-item\"><figure><img loading=\"lazy\" decoding=\"async\" width=\"1024\" height=\"576\" data-attachment-id=\"40809\" data-permalink=\"https:\/\/socialdesignmagazine.com\/mag\/architettura\/ristrutturazione-di-una-vecchia-casa-colonica-casa-rio-paulo-merlini-architects\/attachment\/02-1\/#content\" data-orig-file=\"https:\/\/socialdesignmagazine.com\/mag\/wp-content\/uploads\/2021\/06\/02-1.jpg\" data-orig-size=\"1920,1080\" data-comments-opened=\"1\" data-image-meta=\"{&quot;aperture&quot;:&quot;0&quot;,&quot;credit&quot;:&quot;&quot;,&quot;camera&quot;:&quot;&quot;,&quot;caption&quot;:&quot;&quot;,&quot;created_timestamp&quot;:&quot;0&quot;,&quot;copyright&quot;:&quot;&quot;,&quot;focal_length&quot;:&quot;0&quot;,&quot;iso&quot;:&quot;0&quot;,&quot;shutter_speed&quot;:&quot;0&quot;,&quot;title&quot;:&quot;&quot;,&quot;orientation&quot;:&quot;1&quot;}\" data-image-title=\"02-1\" data-image-description=\"\" data-image-caption=\"\" data-medium-file=\"https:\/\/socialdesignmagazine.com\/mag\/wp-content\/uploads\/2021\/06\/02-1-438x283.jpg\" data-large-file=\"https:\/\/socialdesignmagazine.com\/mag\/wp-content\/uploads\/2021\/06\/02-1-1024x576.jpg\" src=\"https:\/\/socialdesignmagazine.com\/mag\/wp-content\/uploads\/2021\/06\/02-1-1024x576.jpg\" alt=\"\" data-id=\"40809\" data-full-url=\"https:\/\/socialdesignmagazine.com\/mag\/wp-content\/uploads\/2021\/06\/02-1.jpg\" data-link=\"https:\/\/socialdesignmagazine.com\/mag\/?attachment_id=40809#content\" class=\"wp-image-40809\" srcset=\"https:\/\/socialdesignmagazine.com\/mag\/wp-content\/uploads\/2021\/06\/02-1-1024x576.jpg 1024w, https:\/\/socialdesignmagazine.com\/mag\/wp-content\/uploads\/2021\/06\/02-1-768x432.jpg 768w, https:\/\/socialdesignmagazine.com\/mag\/wp-content\/uploads\/2021\/06\/02-1-1536x864.jpg 1536w, https:\/\/socialdesignmagazine.com\/mag\/wp-content\/uploads\/2021\/06\/02-1.jpg 1920w\" sizes=\"auto, (max-width: 1024px) 100vw, 1024px\" \/><\/figure><\/li><li class=\"blocks-gallery-item\"><figure><img loading=\"lazy\" decoding=\"async\" width=\"1024\" height=\"576\" data-attachment-id=\"40811\" data-permalink=\"https:\/\/socialdesignmagazine.com\/mag\/architettura\/ristrutturazione-di-una-vecchia-casa-colonica-casa-rio-paulo-merlini-architects\/attachment\/03-1\/#content\" data-orig-file=\"https:\/\/socialdesignmagazine.com\/mag\/wp-content\/uploads\/2021\/06\/03-1.jpg\" data-orig-size=\"1920,1080\" data-comments-opened=\"1\" data-image-meta=\"{&quot;aperture&quot;:&quot;0&quot;,&quot;credit&quot;:&quot;&quot;,&quot;camera&quot;:&quot;&quot;,&quot;caption&quot;:&quot;&quot;,&quot;created_timestamp&quot;:&quot;0&quot;,&quot;copyright&quot;:&quot;&quot;,&quot;focal_length&quot;:&quot;0&quot;,&quot;iso&quot;:&quot;0&quot;,&quot;shutter_speed&quot;:&quot;0&quot;,&quot;title&quot;:&quot;&quot;,&quot;orientation&quot;:&quot;1&quot;}\" data-image-title=\"03-1\" data-image-description=\"\" data-image-caption=\"\" data-medium-file=\"https:\/\/socialdesignmagazine.com\/mag\/wp-content\/uploads\/2021\/06\/03-1-438x283.jpg\" data-large-file=\"https:\/\/socialdesignmagazine.com\/mag\/wp-content\/uploads\/2021\/06\/03-1-1024x576.jpg\" src=\"https:\/\/socialdesignmagazine.com\/mag\/wp-content\/uploads\/2021\/06\/03-1-1024x576.jpg\" alt=\"\" data-id=\"40811\" data-full-url=\"https:\/\/socialdesignmagazine.com\/mag\/wp-content\/uploads\/2021\/06\/03-1.jpg\" data-link=\"https:\/\/socialdesignmagazine.com\/mag\/?attachment_id=40811#content\" class=\"wp-image-40811\" srcset=\"https:\/\/socialdesignmagazine.com\/mag\/wp-content\/uploads\/2021\/06\/03-1-1024x576.jpg 1024w, https:\/\/socialdesignmagazine.com\/mag\/wp-content\/uploads\/2021\/06\/03-1-768x432.jpg 768w, https:\/\/socialdesignmagazine.com\/mag\/wp-content\/uploads\/2021\/06\/03-1-1536x864.jpg 1536w, https:\/\/socialdesignmagazine.com\/mag\/wp-content\/uploads\/2021\/06\/03-1.jpg 1920w\" sizes=\"auto, (max-width: 1024px) 100vw, 1024px\" \/><\/figure><\/li><li class=\"blocks-gallery-item\"><figure><img loading=\"lazy\" decoding=\"async\" width=\"1024\" height=\"576\" data-attachment-id=\"40813\" data-permalink=\"https:\/\/socialdesignmagazine.com\/mag\/architettura\/ristrutturazione-di-una-vecchia-casa-colonica-casa-rio-paulo-merlini-architects\/attachment\/04-1\/#content\" data-orig-file=\"https:\/\/socialdesignmagazine.com\/mag\/wp-content\/uploads\/2021\/06\/04-1.jpg\" data-orig-size=\"1920,1080\" data-comments-opened=\"1\" data-image-meta=\"{&quot;aperture&quot;:&quot;0&quot;,&quot;credit&quot;:&quot;&quot;,&quot;camera&quot;:&quot;&quot;,&quot;caption&quot;:&quot;&quot;,&quot;created_timestamp&quot;:&quot;0&quot;,&quot;copyright&quot;:&quot;&quot;,&quot;focal_length&quot;:&quot;0&quot;,&quot;iso&quot;:&quot;0&quot;,&quot;shutter_speed&quot;:&quot;0&quot;,&quot;title&quot;:&quot;&quot;,&quot;orientation&quot;:&quot;0&quot;}\" data-image-title=\"04-1\" data-image-description=\"\" data-image-caption=\"\" data-medium-file=\"https:\/\/socialdesignmagazine.com\/mag\/wp-content\/uploads\/2021\/06\/04-1-438x283.jpg\" data-large-file=\"https:\/\/socialdesignmagazine.com\/mag\/wp-content\/uploads\/2021\/06\/04-1-1024x576.jpg\" src=\"https:\/\/socialdesignmagazine.com\/mag\/wp-content\/uploads\/2021\/06\/04-1-1024x576.jpg\" alt=\"\" data-id=\"40813\" data-full-url=\"https:\/\/socialdesignmagazine.com\/mag\/wp-content\/uploads\/2021\/06\/04-1.jpg\" data-link=\"https:\/\/socialdesignmagazine.com\/mag\/?attachment_id=40813#content\" class=\"wp-image-40813\" srcset=\"https:\/\/socialdesignmagazine.com\/mag\/wp-content\/uploads\/2021\/06\/04-1-1024x576.jpg 1024w, https:\/\/socialdesignmagazine.com\/mag\/wp-content\/uploads\/2021\/06\/04-1-768x432.jpg 768w, https:\/\/socialdesignmagazine.com\/mag\/wp-content\/uploads\/2021\/06\/04-1-1536x864.jpg 1536w, https:\/\/socialdesignmagazine.com\/mag\/wp-content\/uploads\/2021\/06\/04-1.jpg 1920w\" sizes=\"auto, (max-width: 1024px) 100vw, 1024px\" \/><\/figure><\/li><\/ul><\/figure>\n\n\n\n<h3 class=\"wp-block-heading\">Project info<\/h3>\n\n\n\n<p><strong>Project name:<\/strong> CASA RIO<br><strong>Architecture Office:<\/strong> PAULO MERLINI architects<br><strong>Main Architect:<\/strong> Paulo Merlini \/ Andr\u00e9 Santos Silva<br><strong>Website:<\/strong> www.paulomerlini.com<br><strong>E-mail:<\/strong> office@paulomerlini.com<br><strong>Facebook:<\/strong> www.facebook.com\/paulomerliniarq<br><strong>Instagram:<\/strong> paulo_merlini_architects<br><strong>Location:<\/strong> Gondomar, Portugal<br><strong>Year of conclusion:<\/strong> 2020<br><strong>Total area:<\/strong> 350 m2<br><strong>Architectural photographer:<\/strong> Ivo Tavares Studio<br><strong>Website:<\/strong> <a rel=\"nofollow\" href=\"http:\/\/www.ivotavares.net\">www.ivotavares.net<\/a><br><strong>Facebook:<\/strong> www.facebook.com\/ivotavaresstudio<br><strong>Instagram:<\/strong> www.instagram.com\/ivotavaresstudio<\/p>\n","protected":false,"gt_translate_keys":[{"key":"rendered","format":"html"}]},"excerpt":{"rendered":"<p>Il progetto \u00e8 il risultato della ristrutturazione di una vecchia casa colonica situata in una citt\u00e0 ancora molto rurale. <\/p>\n","protected":false,"gt_translate_keys":[{"key":"rendered","format":"html"}]},"author":1,"featured_media":40746,"comment_status":"open","ping_status":"open","sticky":false,"template":"","format":"standard","meta":{"jetpack_post_was_ever_published":false,"_jetpack_newsletter_access":"","_jetpack_dont_email_post_to_subs":false,"_jetpack_newsletter_tier_id":0,"_jetpack_memberships_contains_paywalled_content":false,"_jetpack_memberships_contains_paid_content":false,"footnotes":"","_wpscppro_dont_share_socialmedia":false,"_wpscppro_custom_social_share_image":0,"_facebook_share_type":"","_twitter_share_type":"","_linkedin_share_type":"","_pinterest_share_type":"","_linkedin_share_type_page":"","_instagram_share_type":"","_medium_share_type":"","_threads_share_type":"","_google_business_share_type":"","_selected_social_profile":[],"_wpsp_enable_custom_social_template":false,"_wpsp_social_scheduling":{"enabled":false,"datetime":null,"platforms":[],"status":"template_only","dateOption":"today","timeOption":"now","customDays":"","customHours":"","customDate":"","customTime":"","schedulingType":"absolute"},"_wpsp_active_default_template":true},"categories":[15],"tags":[5451,99,6185,6202],"class_list":["post-40744","post","type-post","status-publish","format-standard","has-post-thumbnail","hentry","category-architettura","tag-architettura","tag-casa","tag-ivo-tavares-architectural-photographer","tag-paulo-merlini-architects"],"yoast_head":"<!-- This site is optimized with the Yoast SEO plugin v27.2 - https:\/\/yoast.com\/product\/yoast-seo-wordpress\/ -->\n<title>Ristrutturazione di una vecchia casa colonica: CASA RIO | PAULO MERLINI architects - Social Design Magazine<\/title>\n<meta name=\"description\" content=\"Il progetto \u00e8 il risultato della ristrutturazione di una vecchia casa colonica situata in una citt\u00e0 ancora molto rurale.\" \/>\n<meta name=\"robots\" content=\"index, follow, max-snippet:-1, max-image-preview:large, max-video-preview:-1\" \/>\n<link rel=\"canonical\" href=\"https:\/\/socialdesignmagazine.com\/mag\/architettura\/ristrutturazione-di-una-vecchia-casa-colonica-casa-rio-paulo-merlini-architects\/\" \/>\n<meta property=\"og:locale\" content=\"it_IT\" \/>\n<meta property=\"og:type\" content=\"article\" \/>\n<meta property=\"og:title\" content=\"Ristrutturazione di una vecchia casa colonica: CASA RIO | PAULO MERLINI architects - Social Design Magazine\" \/>\n<meta property=\"og:description\" content=\"Il progetto \u00e8 il risultato della ristrutturazione di una vecchia casa colonica situata in una citt\u00e0 ancora molto rurale.\" \/>\n<meta property=\"og:url\" content=\"http:\/\/socialdesignmagazine.com\/mag\/architettura\/ristrutturazione-di-una-vecchia-casa-colonica-casa-rio-paulo-merlini-architects\/\" \/>\n<meta property=\"og:site_name\" content=\"Social Design Magazine\" \/>\n<meta property=\"article:publisher\" content=\"https:\/\/www.facebook.com\/socialdesignmag\" \/>\n<meta property=\"article:author\" content=\"https:\/\/www.facebook.com\/benedettofiori\" \/>\n<meta property=\"article:published_time\" content=\"2021-07-10T21:53:00+00:00\" \/>\n<meta property=\"article:modified_time\" content=\"2021-08-04T14:51:21+00:00\" \/>\n<meta property=\"og:image\" content=\"https:\/\/socialdesignmagazine.com\/mag\/wp-content\/uploads\/2021\/06\/Casa-Rio-Paulo-Merlini-architects-02.jpg\" \/>\n\t<meta property=\"og:image:width\" content=\"1800\" \/>\n\t<meta property=\"og:image:height\" content=\"1200\" \/>\n\t<meta property=\"og:image:type\" content=\"image\/jpeg\" \/>\n<meta name=\"author\" content=\"Benedetto Fiori\" \/>\n<meta name=\"twitter:card\" content=\"summary_large_image\" \/>\n<meta name=\"twitter:creator\" content=\"@benedettofiori\" \/>\n<meta name=\"twitter:site\" content=\"@socialdesignmag\" \/>\n<meta name=\"twitter:label1\" content=\"Scritto da\" \/>\n\t<meta name=\"twitter:data1\" content=\"Benedetto Fiori\" \/>\n\t<meta name=\"twitter:label2\" content=\"Tempo di lettura stimato\" \/>\n\t<meta name=\"twitter:data2\" content=\"18 minuti\" \/>\n<script type=\"application\/ld+json\" class=\"yoast-schema-graph\">{\"@context\":\"https:\/\/schema.org\",\"@graph\":[{\"@type\":\"Article\",\"@id\":\"https:\/\/socialdesignmagazine.com\/mag\/architettura\/ristrutturazione-di-una-vecchia-casa-colonica-casa-rio-paulo-merlini-architects\/#article\",\"isPartOf\":{\"@id\":\"https:\/\/socialdesignmagazine.com\/mag\/architettura\/ristrutturazione-di-una-vecchia-casa-colonica-casa-rio-paulo-merlini-architects\/\"},\"author\":{\"name\":\"Benedetto Fiori\",\"@id\":\"https:\/\/socialdesignmagazine.com\/mag\/#\/schema\/person\/61e20205cc363c315e6aabd33a045846\"},\"headline\":\"Ristrutturazione di una vecchia casa colonica: CASA RIO | PAULO MERLINI architects\",\"datePublished\":\"2021-07-10T21:53:00+00:00\",\"dateModified\":\"2021-08-04T14:51:21+00:00\",\"mainEntityOfPage\":{\"@id\":\"https:\/\/socialdesignmagazine.com\/mag\/architettura\/ristrutturazione-di-una-vecchia-casa-colonica-casa-rio-paulo-merlini-architects\/\"},\"wordCount\":292,\"commentCount\":0,\"publisher\":{\"@id\":\"https:\/\/socialdesignmagazine.com\/mag\/#organization\"},\"image\":{\"@id\":\"https:\/\/socialdesignmagazine.com\/mag\/architettura\/ristrutturazione-di-una-vecchia-casa-colonica-casa-rio-paulo-merlini-architects\/#primaryimage\"},\"thumbnailUrl\":\"https:\/\/socialdesignmagazine.com\/mag\/wp-content\/uploads\/2021\/06\/Casa-Rio-Paulo-Merlini-architects-02.jpg\",\"keywords\":[\"architettura\",\"casa\",\"ivo tavares architectural photographer\",\"PAULO MERLINI architects\"],\"articleSection\":[\"Architettura\"],\"inLanguage\":\"it-IT\",\"potentialAction\":[{\"@type\":\"CommentAction\",\"name\":\"Comment\",\"target\":[\"https:\/\/socialdesignmagazine.com\/mag\/architettura\/ristrutturazione-di-una-vecchia-casa-colonica-casa-rio-paulo-merlini-architects\/#respond\"]}]},{\"@type\":\"WebPage\",\"@id\":\"https:\/\/socialdesignmagazine.com\/mag\/architettura\/ristrutturazione-di-una-vecchia-casa-colonica-casa-rio-paulo-merlini-architects\/\",\"url\":\"https:\/\/socialdesignmagazine.com\/mag\/architettura\/ristrutturazione-di-una-vecchia-casa-colonica-casa-rio-paulo-merlini-architects\/\",\"name\":\"Ristrutturazione di una vecchia casa colonica: CASA RIO | PAULO MERLINI architects - Social Design Magazine\",\"isPartOf\":{\"@id\":\"https:\/\/socialdesignmagazine.com\/mag\/#website\"},\"primaryImageOfPage\":{\"@id\":\"https:\/\/socialdesignmagazine.com\/mag\/architettura\/ristrutturazione-di-una-vecchia-casa-colonica-casa-rio-paulo-merlini-architects\/#primaryimage\"},\"image\":{\"@id\":\"https:\/\/socialdesignmagazine.com\/mag\/architettura\/ristrutturazione-di-una-vecchia-casa-colonica-casa-rio-paulo-merlini-architects\/#primaryimage\"},\"thumbnailUrl\":\"https:\/\/socialdesignmagazine.com\/mag\/wp-content\/uploads\/2021\/06\/Casa-Rio-Paulo-Merlini-architects-02.jpg\",\"datePublished\":\"2021-07-10T21:53:00+00:00\",\"dateModified\":\"2021-08-04T14:51:21+00:00\",\"description\":\"Il progetto \u00e8 il risultato della ristrutturazione di una vecchia casa colonica situata in una citt\u00e0 ancora molto rurale.\",\"breadcrumb\":{\"@id\":\"https:\/\/socialdesignmagazine.com\/mag\/architettura\/ristrutturazione-di-una-vecchia-casa-colonica-casa-rio-paulo-merlini-architects\/#breadcrumb\"},\"inLanguage\":\"it-IT\",\"potentialAction\":[{\"@type\":\"ReadAction\",\"target\":[\"https:\/\/socialdesignmagazine.com\/mag\/architettura\/ristrutturazione-di-una-vecchia-casa-colonica-casa-rio-paulo-merlini-architects\/\"]}]},{\"@type\":\"ImageObject\",\"inLanguage\":\"it-IT\",\"@id\":\"https:\/\/socialdesignmagazine.com\/mag\/architettura\/ristrutturazione-di-una-vecchia-casa-colonica-casa-rio-paulo-merlini-architects\/#primaryimage\",\"url\":\"https:\/\/socialdesignmagazine.com\/mag\/wp-content\/uploads\/2021\/06\/Casa-Rio-Paulo-Merlini-architects-02.jpg\",\"contentUrl\":\"https:\/\/socialdesignmagazine.com\/mag\/wp-content\/uploads\/2021\/06\/Casa-Rio-Paulo-Merlini-architects-02.jpg\",\"width\":1800,\"height\":1200,\"caption\":\"Ristrutturazione di una vecchia casa colonica - Casa Rio Paulo Merlini architects\"},{\"@type\":\"BreadcrumbList\",\"@id\":\"https:\/\/socialdesignmagazine.com\/mag\/architettura\/ristrutturazione-di-una-vecchia-casa-colonica-casa-rio-paulo-merlini-architects\/#breadcrumb\",\"itemListElement\":[{\"@type\":\"ListItem\",\"position\":1,\"name\":\"Home\",\"item\":\"https:\/\/socialdesignmagazine.com\/mag\/\"},{\"@type\":\"ListItem\",\"position\":2,\"name\":\"Architettura\",\"item\":\"https:\/\/socialdesignmagazine.com\/mag\/architettura\/\"},{\"@type\":\"ListItem\",\"position\":3,\"name\":\"Ristrutturazione di una vecchia casa colonica: CASA RIO | PAULO MERLINI architects\"}]},{\"@type\":\"WebSite\",\"@id\":\"https:\/\/socialdesignmagazine.com\/mag\/#website\",\"url\":\"https:\/\/socialdesignmagazine.com\/mag\/\",\"name\":\"Social Design Magazine\",\"description\":\"Social Magazine su Design, Architettura, Arte, Grafica\",\"publisher\":{\"@id\":\"https:\/\/socialdesignmagazine.com\/mag\/#organization\"},\"potentialAction\":[{\"@type\":\"SearchAction\",\"target\":{\"@type\":\"EntryPoint\",\"urlTemplate\":\"https:\/\/socialdesignmagazine.com\/mag\/?s={search_term_string}\"},\"query-input\":{\"@type\":\"PropertyValueSpecification\",\"valueRequired\":true,\"valueName\":\"search_term_string\"}}],\"inLanguage\":\"it-IT\"},{\"@type\":\"Organization\",\"@id\":\"https:\/\/socialdesignmagazine.com\/mag\/#organization\",\"name\":\"Social Design Magazine\",\"url\":\"https:\/\/socialdesignmagazine.com\/mag\/\",\"logo\":{\"@type\":\"ImageObject\",\"inLanguage\":\"it-IT\",\"@id\":\"https:\/\/socialdesignmagazine.com\/mag\/#\/schema\/logo\/image\/\",\"url\":\"https:\/\/socialdesignmagazine.com\/mag\/wp-content\/uploads\/2017\/01\/logo_favicon_11.png\",\"contentUrl\":\"https:\/\/socialdesignmagazine.com\/mag\/wp-content\/uploads\/2017\/01\/logo_favicon_11.png\",\"width\":1024,\"height\":1024,\"caption\":\"Social Design Magazine\"},\"image\":{\"@id\":\"https:\/\/socialdesignmagazine.com\/mag\/#\/schema\/logo\/image\/\"},\"sameAs\":[\"https:\/\/www.facebook.com\/socialdesignmag\",\"https:\/\/x.com\/socialdesignmag\",\"http:\/\/instagram.com\/social_design_magazine\/\",\"http:\/\/pinterest.com\/socialdesignmag\/\",\"http:\/\/www.youtube.com\/user\/socialdesignmagazine\"]},{\"@type\":\"Person\",\"@id\":\"https:\/\/socialdesignmagazine.com\/mag\/#\/schema\/person\/61e20205cc363c315e6aabd33a045846\",\"name\":\"Benedetto Fiori\",\"image\":{\"@type\":\"ImageObject\",\"inLanguage\":\"it-IT\",\"@id\":\"https:\/\/secure.gravatar.com\/avatar\/450a48cefa36da63d920ad70aa660bd10725b1c6093800242e5efdb397759033?s=96&d=mm&r=g\",\"url\":\"https:\/\/secure.gravatar.com\/avatar\/450a48cefa36da63d920ad70aa660bd10725b1c6093800242e5efdb397759033?s=96&d=mm&r=g\",\"contentUrl\":\"https:\/\/secure.gravatar.com\/avatar\/450a48cefa36da63d920ad70aa660bd10725b1c6093800242e5efdb397759033?s=96&d=mm&r=g\",\"caption\":\"Benedetto Fiori\"},\"description\":\"Web | Twitter | Facebook | Shutterstock Founder &amp; Editor in Chief di Social Design Magazine. Attratto da sempre da tutto ci\u00f2 che \u00e8 creativit\u00e0, design, architettura. Dopo aver studiato Architettura all'Universit\u00e0 di Firenze, si \u00e8 impegnato in molteplici campi: comunicazione grafica, progettazione di allestimenti fieristici, brand design, Interior Design.\",\"sameAs\":[\"http:\/\/benedettofiori.com\",\"https:\/\/www.facebook.com\/benedettofiori\",\"https:\/\/x.com\/benedettofiori\"],\"url\":\"https:\/\/socialdesignmagazine.com\/mag\/author\/benedetto\/\"}]}<\/script>\n<!-- \/ Yoast SEO plugin. -->","yoast_head_json":{"title":"Ristrutturazione di una vecchia casa colonica: CASA RIO | PAULO MERLINI architects - Social Design Magazine","description":"Il progetto \u00e8 il risultato della ristrutturazione di una vecchia casa colonica situata in una citt\u00e0 ancora molto rurale.","robots":{"index":"index","follow":"follow","max-snippet":"max-snippet:-1","max-image-preview":"max-image-preview:large","max-video-preview":"max-video-preview:-1"},"canonical":"https:\/\/socialdesignmagazine.com\/mag\/architettura\/ristrutturazione-di-una-vecchia-casa-colonica-casa-rio-paulo-merlini-architects\/","og_locale":"it_IT","og_type":"article","og_title":"Ristrutturazione di una vecchia casa colonica: CASA RIO | PAULO MERLINI architects - Social Design Magazine","og_description":"Il progetto \u00e8 il risultato della ristrutturazione di una vecchia casa colonica situata in una citt\u00e0 ancora molto rurale.","og_url":"http:\/\/socialdesignmagazine.com\/mag\/architettura\/ristrutturazione-di-una-vecchia-casa-colonica-casa-rio-paulo-merlini-architects\/","og_site_name":"Social Design Magazine","article_publisher":"https:\/\/www.facebook.com\/socialdesignmag","article_author":"https:\/\/www.facebook.com\/benedettofiori","article_published_time":"2021-07-10T21:53:00+00:00","article_modified_time":"2021-08-04T14:51:21+00:00","og_image":[{"width":1800,"height":1200,"url":"https:\/\/socialdesignmagazine.com\/mag\/wp-content\/uploads\/2021\/06\/Casa-Rio-Paulo-Merlini-architects-02.jpg","type":"image\/jpeg"}],"author":"Benedetto Fiori","twitter_card":"summary_large_image","twitter_creator":"@benedettofiori","twitter_site":"@socialdesignmag","twitter_misc":{"Scritto da":"Benedetto Fiori","Tempo di lettura stimato":"18 minuti"},"schema":{"@context":"https:\/\/schema.org","@graph":[{"@type":"Article","@id":"https:\/\/socialdesignmagazine.com\/mag\/architettura\/ristrutturazione-di-una-vecchia-casa-colonica-casa-rio-paulo-merlini-architects\/#article","isPartOf":{"@id":"https:\/\/socialdesignmagazine.com\/mag\/architettura\/ristrutturazione-di-una-vecchia-casa-colonica-casa-rio-paulo-merlini-architects\/"},"author":{"name":"Benedetto Fiori","@id":"https:\/\/socialdesignmagazine.com\/mag\/#\/schema\/person\/61e20205cc363c315e6aabd33a045846"},"headline":"Ristrutturazione di una vecchia casa colonica: CASA RIO | PAULO MERLINI architects","datePublished":"2021-07-10T21:53:00+00:00","dateModified":"2021-08-04T14:51:21+00:00","mainEntityOfPage":{"@id":"https:\/\/socialdesignmagazine.com\/mag\/architettura\/ristrutturazione-di-una-vecchia-casa-colonica-casa-rio-paulo-merlini-architects\/"},"wordCount":292,"commentCount":0,"publisher":{"@id":"https:\/\/socialdesignmagazine.com\/mag\/#organization"},"image":{"@id":"https:\/\/socialdesignmagazine.com\/mag\/architettura\/ristrutturazione-di-una-vecchia-casa-colonica-casa-rio-paulo-merlini-architects\/#primaryimage"},"thumbnailUrl":"https:\/\/socialdesignmagazine.com\/mag\/wp-content\/uploads\/2021\/06\/Casa-Rio-Paulo-Merlini-architects-02.jpg","keywords":["architettura","casa","ivo tavares architectural photographer","PAULO MERLINI architects"],"articleSection":["Architettura"],"inLanguage":"it-IT","potentialAction":[{"@type":"CommentAction","name":"Comment","target":["https:\/\/socialdesignmagazine.com\/mag\/architettura\/ristrutturazione-di-una-vecchia-casa-colonica-casa-rio-paulo-merlini-architects\/#respond"]}]},{"@type":"WebPage","@id":"https:\/\/socialdesignmagazine.com\/mag\/architettura\/ristrutturazione-di-una-vecchia-casa-colonica-casa-rio-paulo-merlini-architects\/","url":"https:\/\/socialdesignmagazine.com\/mag\/architettura\/ristrutturazione-di-una-vecchia-casa-colonica-casa-rio-paulo-merlini-architects\/","name":"Ristrutturazione di una vecchia casa colonica: CASA RIO | PAULO MERLINI architects - Social Design Magazine","isPartOf":{"@id":"https:\/\/socialdesignmagazine.com\/mag\/#website"},"primaryImageOfPage":{"@id":"https:\/\/socialdesignmagazine.com\/mag\/architettura\/ristrutturazione-di-una-vecchia-casa-colonica-casa-rio-paulo-merlini-architects\/#primaryimage"},"image":{"@id":"https:\/\/socialdesignmagazine.com\/mag\/architettura\/ristrutturazione-di-una-vecchia-casa-colonica-casa-rio-paulo-merlini-architects\/#primaryimage"},"thumbnailUrl":"https:\/\/socialdesignmagazine.com\/mag\/wp-content\/uploads\/2021\/06\/Casa-Rio-Paulo-Merlini-architects-02.jpg","datePublished":"2021-07-10T21:53:00+00:00","dateModified":"2021-08-04T14:51:21+00:00","description":"Il progetto \u00e8 il risultato della ristrutturazione di una vecchia casa colonica situata in una citt\u00e0 ancora molto rurale.","breadcrumb":{"@id":"https:\/\/socialdesignmagazine.com\/mag\/architettura\/ristrutturazione-di-una-vecchia-casa-colonica-casa-rio-paulo-merlini-architects\/#breadcrumb"},"inLanguage":"it-IT","potentialAction":[{"@type":"ReadAction","target":["https:\/\/socialdesignmagazine.com\/mag\/architettura\/ristrutturazione-di-una-vecchia-casa-colonica-casa-rio-paulo-merlini-architects\/"]}]},{"@type":"ImageObject","inLanguage":"it-IT","@id":"https:\/\/socialdesignmagazine.com\/mag\/architettura\/ristrutturazione-di-una-vecchia-casa-colonica-casa-rio-paulo-merlini-architects\/#primaryimage","url":"https:\/\/socialdesignmagazine.com\/mag\/wp-content\/uploads\/2021\/06\/Casa-Rio-Paulo-Merlini-architects-02.jpg","contentUrl":"https:\/\/socialdesignmagazine.com\/mag\/wp-content\/uploads\/2021\/06\/Casa-Rio-Paulo-Merlini-architects-02.jpg","width":1800,"height":1200,"caption":"Ristrutturazione di una vecchia casa colonica - Casa Rio Paulo Merlini architects"},{"@type":"BreadcrumbList","@id":"https:\/\/socialdesignmagazine.com\/mag\/architettura\/ristrutturazione-di-una-vecchia-casa-colonica-casa-rio-paulo-merlini-architects\/#breadcrumb","itemListElement":[{"@type":"ListItem","position":1,"name":"Home","item":"https:\/\/socialdesignmagazine.com\/mag\/"},{"@type":"ListItem","position":2,"name":"Architettura","item":"https:\/\/socialdesignmagazine.com\/mag\/architettura\/"},{"@type":"ListItem","position":3,"name":"Ristrutturazione di una vecchia casa colonica: CASA RIO | PAULO MERLINI architects"}]},{"@type":"WebSite","@id":"https:\/\/socialdesignmagazine.com\/mag\/#website","url":"https:\/\/socialdesignmagazine.com\/mag\/","name":"Social Design Magazine","description":"Social Magazine su Design, Architettura, Arte, Grafica","publisher":{"@id":"https:\/\/socialdesignmagazine.com\/mag\/#organization"},"potentialAction":[{"@type":"SearchAction","target":{"@type":"EntryPoint","urlTemplate":"https:\/\/socialdesignmagazine.com\/mag\/?s={search_term_string}"},"query-input":{"@type":"PropertyValueSpecification","valueRequired":true,"valueName":"search_term_string"}}],"inLanguage":"it-IT"},{"@type":"Organization","@id":"https:\/\/socialdesignmagazine.com\/mag\/#organization","name":"Social Design Magazine","url":"https:\/\/socialdesignmagazine.com\/mag\/","logo":{"@type":"ImageObject","inLanguage":"it-IT","@id":"https:\/\/socialdesignmagazine.com\/mag\/#\/schema\/logo\/image\/","url":"https:\/\/socialdesignmagazine.com\/mag\/wp-content\/uploads\/2017\/01\/logo_favicon_11.png","contentUrl":"https:\/\/socialdesignmagazine.com\/mag\/wp-content\/uploads\/2017\/01\/logo_favicon_11.png","width":1024,"height":1024,"caption":"Social Design Magazine"},"image":{"@id":"https:\/\/socialdesignmagazine.com\/mag\/#\/schema\/logo\/image\/"},"sameAs":["https:\/\/www.facebook.com\/socialdesignmag","https:\/\/x.com\/socialdesignmag","http:\/\/instagram.com\/social_design_magazine\/","http:\/\/pinterest.com\/socialdesignmag\/","http:\/\/www.youtube.com\/user\/socialdesignmagazine"]},{"@type":"Person","@id":"https:\/\/socialdesignmagazine.com\/mag\/#\/schema\/person\/61e20205cc363c315e6aabd33a045846","name":"Benedetto Fiori","image":{"@type":"ImageObject","inLanguage":"it-IT","@id":"https:\/\/secure.gravatar.com\/avatar\/450a48cefa36da63d920ad70aa660bd10725b1c6093800242e5efdb397759033?s=96&d=mm&r=g","url":"https:\/\/secure.gravatar.com\/avatar\/450a48cefa36da63d920ad70aa660bd10725b1c6093800242e5efdb397759033?s=96&d=mm&r=g","contentUrl":"https:\/\/secure.gravatar.com\/avatar\/450a48cefa36da63d920ad70aa660bd10725b1c6093800242e5efdb397759033?s=96&d=mm&r=g","caption":"Benedetto Fiori"},"description":"Web | Twitter | Facebook | Shutterstock Founder &amp; Editor in Chief di Social Design Magazine. Attratto da sempre da tutto ci\u00f2 che \u00e8 creativit\u00e0, design, architettura. Dopo aver studiato Architettura all'Universit\u00e0 di Firenze, si \u00e8 impegnato in molteplici campi: comunicazione grafica, progettazione di allestimenti fieristici, brand design, Interior Design.","sameAs":["http:\/\/benedettofiori.com","https:\/\/www.facebook.com\/benedettofiori","https:\/\/x.com\/benedettofiori"],"url":"https:\/\/socialdesignmagazine.com\/mag\/author\/benedetto\/"}]}},"jetpack_featured_media_url":"https:\/\/socialdesignmagazine.com\/mag\/wp-content\/uploads\/2021\/06\/Casa-Rio-Paulo-Merlini-architects-02.jpg","jetpack_sharing_enabled":true,"jetpack_shortlink":"https:\/\/wp.me\/p6cV7V-aBa","gt_translate_keys":[{"key":"link","format":"url"}],"_links":{"self":[{"href":"https:\/\/socialdesignmagazine.com\/mag\/wp-json\/wp\/v2\/posts\/40744","targetHints":{"allow":["GET"]}}],"collection":[{"href":"https:\/\/socialdesignmagazine.com\/mag\/wp-json\/wp\/v2\/posts"}],"about":[{"href":"https:\/\/socialdesignmagazine.com\/mag\/wp-json\/wp\/v2\/types\/post"}],"author":[{"embeddable":true,"href":"https:\/\/socialdesignmagazine.com\/mag\/wp-json\/wp\/v2\/users\/1"}],"replies":[{"embeddable":true,"href":"https:\/\/socialdesignmagazine.com\/mag\/wp-json\/wp\/v2\/comments?post=40744"}],"version-history":[{"count":4,"href":"https:\/\/socialdesignmagazine.com\/mag\/wp-json\/wp\/v2\/posts\/40744\/revisions"}],"predecessor-version":[{"id":42963,"href":"https:\/\/socialdesignmagazine.com\/mag\/wp-json\/wp\/v2\/posts\/40744\/revisions\/42963"}],"wp:featuredmedia":[{"embeddable":true,"href":"https:\/\/socialdesignmagazine.com\/mag\/wp-json\/wp\/v2\/media\/40746"}],"wp:attachment":[{"href":"https:\/\/socialdesignmagazine.com\/mag\/wp-json\/wp\/v2\/media?parent=40744"}],"wp:term":[{"taxonomy":"category","embeddable":true,"href":"https:\/\/socialdesignmagazine.com\/mag\/wp-json\/wp\/v2\/categories?post=40744"},{"taxonomy":"post_tag","embeddable":true,"href":"https:\/\/socialdesignmagazine.com\/mag\/wp-json\/wp\/v2\/tags?post=40744"}],"curies":[{"name":"wp","href":"https:\/\/api.w.org\/{rel}","templated":true}]}}