{"id":42212,"date":"2021-06-21T16:58:00","date_gmt":"2021-06-21T14:58:00","guid":{"rendered":"https:\/\/socialdesignmagazine.com\/mag\/?p=42212"},"modified":"2021-07-02T16:36:09","modified_gmt":"2021-07-02T14:36:09","slug":"la-maniglia-nohand-di-manital-inserita-nelladi-design-index-2020","status":"publish","type":"post","link":"https:\/\/socialdesignmagazine.com\/mag\/news\/design-news\/la-maniglia-nohand-di-manital-inserita-nelladi-design-index-2020\/","title":{"rendered":"La maniglia NoHAND di Manital inserita nell&#8217;ADI Design Index 2020","gt_translate_keys":[{"key":"rendered","format":"text"}]},"content":{"rendered":"\n<p>Si \u00e8 svolta il 3 giugno a Milano, presso l&#8217;ADI Design Museum, la presentazione dei prodotti selezionati dall&#8217;Osservatorio permanente del Design ADI per la pubblicazione sull\u2019<strong>ADI Design Index 2020<\/strong>, il primo volume del ciclo biennale che raccoglie quanto preselezionato per il Premio Compasso d&#8217;Oro ADI 2022.<\/p>\n\n\n\n<p>Tra le <em>\u00absoluzioni che sono emerse velocemente con una reattivit\u00e0 da parte del mondo del progetto straordinaria, per dare delle <strong>risposte alle emergenze che sono emerse legate alla pandemia<\/strong>\u00bb<\/em>, come ha dichiarato nella conferenza stampa di presentazione Francesco Zurlo del Comitato tecnico scientifico di coordinamento ADI Design Index, spicca la maniglia NoHAND di Manital, disegnata da Mario Mazzer e Giovanni Crosera. Come spiegato da Francesco Zurlo, la maniglia ideata dall&#8217;azienda bresciana \u00e8 un modello \u00absignificativo\u00bb in quanto portavoce di un \u00abnuovo comportamento\u00bb pensato per <strong>proteggere le mani dalla contaminazione da virus e batteri<\/strong>.<br><strong>Gomito e avambraccio, e non la mano<\/strong>, sono infatti le parti del corpo che NoHAND coinvolge nell&#8217;apertura e nella chiusura della porta. Un cambiamento delle abitudini proposto da Manital e premiato dall&#8217;Osservatorio del Design ADI in quanto studiato per portare un importante beneficio collettivo, soprattutto nei luoghi pubblici ad alta frequentazione, dove la continua sanificazione \u00e8 molto difficile.<\/p>\n\n\n\n<p>Il riconoscimento premia anche l&#8217;immediata capacit\u00e0 di reazione dell&#8217;azienda che, in meno di due mesi, ha messo a punto NoHAND durante il lockdown di marzo-aprile 2020, concentrando la sua esperienza, visione e intraprendenza in questa nuova maniglia voluta per apportare un contributo sociale nel contesto pandemico mondiale.<\/p>\n\n\n\n<p>Dalla <strong>forma essenziale e moderna<\/strong>, NoHAND e\u0300 un modello brevettato realizzato in <strong>acciaio inox 304<\/strong>, materiale riconosciuto per le sue propriet\u00e0 igieniche ed \u00e8 proposta nelle finiture satinata, lucida, bianca e nera ottenute con vernice epossidica.<br>Su richiesta, \u00e8 disponibile anche in rame naturale, metallo che, grazie alle sue propriet\u00e0 antimicrobiche che durano nel tempo, riduce notevolmente la carica di trasmissione, evitando la contaminazione degli indumenti.\u00a0<\/p>\n\n\n\n<p>Come spiega il Presidente dell&#8217;azienda, Luigi Bigoloni: <em>\u00abl&#8217;emergenza sanitaria ci ha spinti a dare il pi\u00f9 rapidamente possibile un contributo alla societ\u00e0 sfruttando il nostro know how, che ci ha portati verso un diverso modo di concepire l&#8217;apertura e la chiusura della porta, a protezione dalle mani, la parte pi\u00f9 esposta alla contaminazione, che da oggi non sono pi\u00f9 indispensabili per azionare la maniglia. Siamo molto soddisfatti che il nuovo gesto proposto con NoHAND sia stato pienamente compreso e apprezzato dal Comitato tecnico dell&#8217;ADI Design\u00bb<\/em>.<\/p>\n\n\n\n<figure class=\"wp-block-gallery columns-1 is-cropped wp-block-gallery-1 is-layout-flex wp-block-gallery-is-layout-flex\"><ul class=\"blocks-gallery-grid\"><li class=\"blocks-gallery-item\"><figure><img loading=\"lazy\" decoding=\"async\" width=\"1024\" height=\"724\" data-attachment-id=\"42215\" data-permalink=\"https:\/\/socialdesignmagazine.com\/mag\/news\/design-news\/la-maniglia-nohand-di-manital-inserita-nelladi-design-index-2020\/attachment\/manital_nohand-design-mazzer-crosera-1-jpg\/#content\" data-orig-file=\"https:\/\/socialdesignmagazine.com\/mag\/wp-content\/uploads\/2021\/06\/Manital_NoHAND-design-Mazzer-Crosera-1-scaled.jpg\" data-orig-size=\"2560,1810\" data-comments-opened=\"1\" data-image-meta=\"{&quot;aperture&quot;:&quot;0&quot;,&quot;credit&quot;:&quot;&quot;,&quot;camera&quot;:&quot;&quot;,&quot;caption&quot;:&quot;&quot;,&quot;created_timestamp&quot;:&quot;0&quot;,&quot;copyright&quot;:&quot;&quot;,&quot;focal_length&quot;:&quot;0&quot;,&quot;iso&quot;:&quot;0&quot;,&quot;shutter_speed&quot;:&quot;0&quot;,&quot;title&quot;:&quot;&quot;,&quot;orientation&quot;:&quot;0&quot;}\" data-image-title=\"Manital_NoHAND-design-Mazzer-Crosera-1.jpg\" data-image-description=\"\" data-image-caption=\"\" data-medium-file=\"https:\/\/socialdesignmagazine.com\/mag\/wp-content\/uploads\/2021\/06\/Manital_NoHAND-design-Mazzer-Crosera-1-438x283.jpg\" data-large-file=\"https:\/\/socialdesignmagazine.com\/mag\/wp-content\/uploads\/2021\/06\/Manital_NoHAND-design-Mazzer-Crosera-1-1024x724.jpg\" src=\"https:\/\/socialdesignmagazine.com\/mag\/wp-content\/uploads\/2021\/06\/Manital_NoHAND-design-Mazzer-Crosera-1-1024x724.jpg\" alt=\"\" data-id=\"42215\" data-full-url=\"https:\/\/socialdesignmagazine.com\/mag\/wp-content\/uploads\/2021\/06\/Manital_NoHAND-design-Mazzer-Crosera-1-scaled.jpg\" data-link=\"https:\/\/socialdesignmagazine.com\/mag\/?attachment_id=42215#content\" class=\"wp-image-42215\" srcset=\"https:\/\/socialdesignmagazine.com\/mag\/wp-content\/uploads\/2021\/06\/Manital_NoHAND-design-Mazzer-Crosera-1-1024x724.jpg 1024w, https:\/\/socialdesignmagazine.com\/mag\/wp-content\/uploads\/2021\/06\/Manital_NoHAND-design-Mazzer-Crosera-1-768x543.jpg 768w, https:\/\/socialdesignmagazine.com\/mag\/wp-content\/uploads\/2021\/06\/Manital_NoHAND-design-Mazzer-Crosera-1-1536x1086.jpg 1536w, https:\/\/socialdesignmagazine.com\/mag\/wp-content\/uploads\/2021\/06\/Manital_NoHAND-design-Mazzer-Crosera-1-2048x1448.jpg 2048w\" sizes=\"auto, (max-width: 1024px) 100vw, 1024px\" \/><\/figure><\/li><li class=\"blocks-gallery-item\"><figure><img loading=\"lazy\" decoding=\"async\" width=\"1024\" height=\"1187\" data-attachment-id=\"42216\" data-permalink=\"https:\/\/socialdesignmagazine.com\/mag\/news\/design-news\/la-maniglia-nohand-di-manital-inserita-nelladi-design-index-2020\/attachment\/manital_nohand_low-2-jpg\/#content\" data-orig-file=\"https:\/\/socialdesignmagazine.com\/mag\/wp-content\/uploads\/2021\/06\/Manital_NoHAND_low-2-scaled.jpg\" data-orig-size=\"2209,2560\" data-comments-opened=\"1\" data-image-meta=\"{&quot;aperture&quot;:&quot;0&quot;,&quot;credit&quot;:&quot;&quot;,&quot;camera&quot;:&quot;&quot;,&quot;caption&quot;:&quot;&quot;,&quot;created_timestamp&quot;:&quot;0&quot;,&quot;copyright&quot;:&quot;&quot;,&quot;focal_length&quot;:&quot;0&quot;,&quot;iso&quot;:&quot;0&quot;,&quot;shutter_speed&quot;:&quot;0&quot;,&quot;title&quot;:&quot;&quot;,&quot;orientation&quot;:&quot;1&quot;}\" data-image-title=\"Manital_NoHAND_low-2.jpg\" data-image-description=\"\" data-image-caption=\"\" data-medium-file=\"https:\/\/socialdesignmagazine.com\/mag\/wp-content\/uploads\/2021\/06\/Manital_NoHAND_low-2-438x283.jpg\" data-large-file=\"https:\/\/socialdesignmagazine.com\/mag\/wp-content\/uploads\/2021\/06\/Manital_NoHAND_low-2-1024x1187.jpg\" src=\"https:\/\/socialdesignmagazine.com\/mag\/wp-content\/uploads\/2021\/06\/Manital_NoHAND_low-2-1024x1187.jpg\" alt=\"\" data-id=\"42216\" data-full-url=\"https:\/\/socialdesignmagazine.com\/mag\/wp-content\/uploads\/2021\/06\/Manital_NoHAND_low-2-scaled.jpg\" data-link=\"https:\/\/socialdesignmagazine.com\/mag\/?attachment_id=42216#content\" class=\"wp-image-42216\" srcset=\"https:\/\/socialdesignmagazine.com\/mag\/wp-content\/uploads\/2021\/06\/Manital_NoHAND_low-2-1024x1187.jpg 1024w, https:\/\/socialdesignmagazine.com\/mag\/wp-content\/uploads\/2021\/06\/Manital_NoHAND_low-2-768x890.jpg 768w, https:\/\/socialdesignmagazine.com\/mag\/wp-content\/uploads\/2021\/06\/Manital_NoHAND_low-2-1326x1536.jpg 1326w, https:\/\/socialdesignmagazine.com\/mag\/wp-content\/uploads\/2021\/06\/Manital_NoHAND_low-2-1767x2048.jpg 1767w\" sizes=\"auto, (max-width: 1024px) 100vw, 1024px\" \/><\/figure><\/li><li class=\"blocks-gallery-item\"><figure><img loading=\"lazy\" decoding=\"async\" width=\"1024\" height=\"1448\" data-attachment-id=\"42214\" data-permalink=\"https:\/\/socialdesignmagazine.com\/mag\/news\/design-news\/la-maniglia-nohand-di-manital-inserita-nelladi-design-index-2020\/attachment\/manital_nohand_copper_adi_low-0-jpg\/#content\" data-orig-file=\"https:\/\/socialdesignmagazine.com\/mag\/wp-content\/uploads\/2021\/06\/Manital_NoHAND_copper_ADI_low-0.jpg\" data-orig-size=\"1575,2227\" data-comments-opened=\"1\" data-image-meta=\"{&quot;aperture&quot;:&quot;0&quot;,&quot;credit&quot;:&quot;&quot;,&quot;camera&quot;:&quot;&quot;,&quot;caption&quot;:&quot;&quot;,&quot;created_timestamp&quot;:&quot;0&quot;,&quot;copyright&quot;:&quot;&quot;,&quot;focal_length&quot;:&quot;0&quot;,&quot;iso&quot;:&quot;0&quot;,&quot;shutter_speed&quot;:&quot;0&quot;,&quot;title&quot;:&quot;&quot;,&quot;orientation&quot;:&quot;1&quot;}\" data-image-title=\"Manital_NoHAND_copper_ADI_low-0.jpg\" data-image-description=\"\" data-image-caption=\"\" data-medium-file=\"https:\/\/socialdesignmagazine.com\/mag\/wp-content\/uploads\/2021\/06\/Manital_NoHAND_copper_ADI_low-0-438x283.jpg\" data-large-file=\"https:\/\/socialdesignmagazine.com\/mag\/wp-content\/uploads\/2021\/06\/Manital_NoHAND_copper_ADI_low-0-1024x1448.jpg\" src=\"https:\/\/socialdesignmagazine.com\/mag\/wp-content\/uploads\/2021\/06\/Manital_NoHAND_copper_ADI_low-0-1024x1448.jpg\" alt=\"\" data-id=\"42214\" data-full-url=\"https:\/\/socialdesignmagazine.com\/mag\/wp-content\/uploads\/2021\/06\/Manital_NoHAND_copper_ADI_low-0.jpg\" data-link=\"https:\/\/socialdesignmagazine.com\/mag\/?attachment_id=42214#content\" class=\"wp-image-42214\" srcset=\"https:\/\/socialdesignmagazine.com\/mag\/wp-content\/uploads\/2021\/06\/Manital_NoHAND_copper_ADI_low-0-1024x1448.jpg 1024w, https:\/\/socialdesignmagazine.com\/mag\/wp-content\/uploads\/2021\/06\/Manital_NoHAND_copper_ADI_low-0-768x1086.jpg 768w, https:\/\/socialdesignmagazine.com\/mag\/wp-content\/uploads\/2021\/06\/Manital_NoHAND_copper_ADI_low-0-1086x1536.jpg 1086w, https:\/\/socialdesignmagazine.com\/mag\/wp-content\/uploads\/2021\/06\/Manital_NoHAND_copper_ADI_low-0-1448x2048.jpg 1448w, https:\/\/socialdesignmagazine.com\/mag\/wp-content\/uploads\/2021\/06\/Manital_NoHAND_copper_ADI_low-0.jpg 1575w\" sizes=\"auto, (max-width: 1024px) 100vw, 1024px\" \/><\/figure><\/li><\/ul><\/figure>\n\n\n\n<p>www.manital.com<\/p>\n\n\n\n<div style=\"height:60px\" aria-hidden=\"true\" class=\"wp-block-spacer\"><\/div>\n","protected":false,"gt_translate_keys":[{"key":"rendered","format":"html"}]},"excerpt":{"rendered":"<p>Si \u00e8 svolta il 3 giugno a Milano, presso l&#8217;ADI Design Museum, la presentazione dei prodotti selezionati dall&#8217;Osservatorio permanente del Design ADI per la pubblicazione sull\u2019ADI Design Index 2020.<\/p>\n","protected":false,"gt_translate_keys":[{"key":"rendered","format":"html"}]},"author":615,"featured_media":42214,"comment_status":"open","ping_status":"open","sticky":false,"template":"","format":"standard","meta":{"jetpack_post_was_ever_published":false,"_jetpack_newsletter_access":"","_jetpack_dont_email_post_to_subs":false,"_jetpack_newsletter_tier_id":0,"_jetpack_memberships_contains_paywalled_content":false,"_jetpack_memberships_contains_paid_content":false,"footnotes":"","_wpscppro_dont_share_socialmedia":false,"_wpscppro_custom_social_share_image":0,"_facebook_share_type":"","_twitter_share_type":"","_linkedin_share_type":"","_pinterest_share_type":"","_linkedin_share_type_page":"","_instagram_share_type":"","_medium_share_type":"","_threads_share_type":"","_google_business_share_type":"","_selected_social_profile":[],"_wpsp_enable_custom_social_template":false,"_wpsp_social_scheduling":{"enabled":false,"datetime":null,"platforms":[],"status":"template_only","dateOption":"today","timeOption":"now","customDays":"","customHours":"","customDate":"","customTime":"","schedulingType":"absolute"},"_wpsp_active_default_template":true},"categories":[17],"tags":[6167,5445,5488,1488,3892,3009,6168],"class_list":["post-42212","post","type-post","status-publish","format-standard","has-post-thumbnail","hentry","category-design-news","tag-adi-design-index","tag-design","tag-giovanni-crosera","tag-made-in-italy","tag-manital","tag-mario-mazzer","tag-nohand"],"yoast_head":"<!-- This site is optimized with the Yoast SEO plugin v27.2 - https:\/\/yoast.com\/product\/yoast-seo-wordpress\/ -->\n<title>La maniglia NoHAND di Manital inserita nell&#039;ADI Design Index 2020 - Social Design Magazine<\/title>\n<meta name=\"description\" content=\"Si \u00e8 svolta il 3 giugno a Milano, presso l&#039;ADI Design Museum, la presentazione dei prodotti selezionati dall&#039;Osservatorio permanente del Design ADI per la pubblicazione sull\u2019ADI Design Index 2020.\" \/>\n<meta name=\"robots\" content=\"index, follow, max-snippet:-1, max-image-preview:large, max-video-preview:-1\" \/>\n<link rel=\"canonical\" href=\"https:\/\/socialdesignmagazine.com\/mag\/news\/design-news\/la-maniglia-nohand-di-manital-inserita-nelladi-design-index-2020\/\" \/>\n<meta property=\"og:locale\" content=\"it_IT\" \/>\n<meta property=\"og:type\" content=\"article\" \/>\n<meta property=\"og:title\" content=\"La maniglia NoHAND di Manital inserita nell&#039;ADI Design Index 2020 - Social Design Magazine\" \/>\n<meta property=\"og:description\" content=\"Si \u00e8 svolta il 3 giugno a Milano, presso l&#039;ADI Design Museum, la presentazione dei prodotti selezionati dall&#039;Osservatorio permanente del Design ADI per la pubblicazione sull\u2019ADI Design Index 2020.\" \/>\n<meta property=\"og:url\" content=\"http:\/\/socialdesignmagazine.com\/mag\/news\/design-news\/la-maniglia-nohand-di-manital-inserita-nelladi-design-index-2020\/\" \/>\n<meta property=\"og:site_name\" content=\"Social Design Magazine\" \/>\n<meta property=\"article:publisher\" content=\"https:\/\/www.facebook.com\/socialdesignmag\" \/>\n<meta property=\"article:author\" content=\"https:\/\/www.facebook.com\/VincentiVolonteComunicazione\/\" \/>\n<meta property=\"article:published_time\" content=\"2021-06-21T14:58:00+00:00\" \/>\n<meta property=\"article:modified_time\" content=\"2021-07-02T14:36:09+00:00\" \/>\n<meta property=\"og:image\" content=\"https:\/\/socialdesignmagazine.com\/mag\/wp-content\/uploads\/2021\/06\/Manital_NoHAND_copper_ADI_low-0.jpg\" \/>\n\t<meta property=\"og:image:width\" content=\"1575\" \/>\n\t<meta property=\"og:image:height\" content=\"2227\" \/>\n\t<meta property=\"og:image:type\" content=\"image\/jpeg\" \/>\n<meta name=\"author\" content=\"Vincenti Volont\u00e9 Comunicazione\" \/>\n<meta name=\"twitter:card\" content=\"summary_large_image\" \/>\n<meta name=\"twitter:creator\" content=\"@socialdesignmag\" \/>\n<meta name=\"twitter:site\" content=\"@socialdesignmag\" \/>\n<meta name=\"twitter:label1\" content=\"Scritto da\" \/>\n\t<meta name=\"twitter:data1\" content=\"Vincenti Volont\u00e9 Comunicazione\" \/>\n\t<meta name=\"twitter:label2\" content=\"Tempo di lettura stimato\" \/>\n\t<meta name=\"twitter:data2\" content=\"3 minuti\" \/>\n<script type=\"application\/ld+json\" class=\"yoast-schema-graph\">{\"@context\":\"https:\/\/schema.org\",\"@graph\":[{\"@type\":\"Article\",\"@id\":\"https:\/\/socialdesignmagazine.com\/mag\/news\/design-news\/la-maniglia-nohand-di-manital-inserita-nelladi-design-index-2020\/#article\",\"isPartOf\":{\"@id\":\"https:\/\/socialdesignmagazine.com\/mag\/news\/design-news\/la-maniglia-nohand-di-manital-inserita-nelladi-design-index-2020\/\"},\"author\":{\"name\":\"Vincenti Volont\u00e9 Comunicazione\",\"@id\":\"https:\/\/socialdesignmagazine.com\/mag\/#\/schema\/person\/a2ae21cd60746f09721ee63cf2c97d8c\"},\"headline\":\"La maniglia NoHAND di Manital inserita nell&#8217;ADI Design Index 2020\",\"datePublished\":\"2021-06-21T14:58:00+00:00\",\"dateModified\":\"2021-07-02T14:36:09+00:00\",\"mainEntityOfPage\":{\"@id\":\"https:\/\/socialdesignmagazine.com\/mag\/news\/design-news\/la-maniglia-nohand-di-manital-inserita-nelladi-design-index-2020\/\"},\"wordCount\":411,\"commentCount\":0,\"publisher\":{\"@id\":\"https:\/\/socialdesignmagazine.com\/mag\/#organization\"},\"image\":{\"@id\":\"https:\/\/socialdesignmagazine.com\/mag\/news\/design-news\/la-maniglia-nohand-di-manital-inserita-nelladi-design-index-2020\/#primaryimage\"},\"thumbnailUrl\":\"https:\/\/socialdesignmagazine.com\/mag\/wp-content\/uploads\/2021\/06\/Manital_NoHAND_copper_ADI_low-0.jpg\",\"keywords\":[\"adi design index\",\"design\",\"giovanni crosera\",\"made in italy\",\"manital\",\"mario mazzer\",\"nohand\"],\"articleSection\":[\"Design News\"],\"inLanguage\":\"it-IT\",\"potentialAction\":[{\"@type\":\"CommentAction\",\"name\":\"Comment\",\"target\":[\"https:\/\/socialdesignmagazine.com\/mag\/news\/design-news\/la-maniglia-nohand-di-manital-inserita-nelladi-design-index-2020\/#respond\"]}]},{\"@type\":\"WebPage\",\"@id\":\"https:\/\/socialdesignmagazine.com\/mag\/news\/design-news\/la-maniglia-nohand-di-manital-inserita-nelladi-design-index-2020\/\",\"url\":\"https:\/\/socialdesignmagazine.com\/mag\/news\/design-news\/la-maniglia-nohand-di-manital-inserita-nelladi-design-index-2020\/\",\"name\":\"La maniglia NoHAND di Manital inserita nell'ADI Design Index 2020 - Social Design Magazine\",\"isPartOf\":{\"@id\":\"https:\/\/socialdesignmagazine.com\/mag\/#website\"},\"primaryImageOfPage\":{\"@id\":\"https:\/\/socialdesignmagazine.com\/mag\/news\/design-news\/la-maniglia-nohand-di-manital-inserita-nelladi-design-index-2020\/#primaryimage\"},\"image\":{\"@id\":\"https:\/\/socialdesignmagazine.com\/mag\/news\/design-news\/la-maniglia-nohand-di-manital-inserita-nelladi-design-index-2020\/#primaryimage\"},\"thumbnailUrl\":\"https:\/\/socialdesignmagazine.com\/mag\/wp-content\/uploads\/2021\/06\/Manital_NoHAND_copper_ADI_low-0.jpg\",\"datePublished\":\"2021-06-21T14:58:00+00:00\",\"dateModified\":\"2021-07-02T14:36:09+00:00\",\"description\":\"Si \u00e8 svolta il 3 giugno a Milano, presso l'ADI Design Museum, la presentazione dei prodotti selezionati dall'Osservatorio permanente del Design ADI per la pubblicazione sull\u2019ADI Design Index 2020.\",\"breadcrumb\":{\"@id\":\"https:\/\/socialdesignmagazine.com\/mag\/news\/design-news\/la-maniglia-nohand-di-manital-inserita-nelladi-design-index-2020\/#breadcrumb\"},\"inLanguage\":\"it-IT\",\"potentialAction\":[{\"@type\":\"ReadAction\",\"target\":[\"https:\/\/socialdesignmagazine.com\/mag\/news\/design-news\/la-maniglia-nohand-di-manital-inserita-nelladi-design-index-2020\/\"]}]},{\"@type\":\"ImageObject\",\"inLanguage\":\"it-IT\",\"@id\":\"https:\/\/socialdesignmagazine.com\/mag\/news\/design-news\/la-maniglia-nohand-di-manital-inserita-nelladi-design-index-2020\/#primaryimage\",\"url\":\"https:\/\/socialdesignmagazine.com\/mag\/wp-content\/uploads\/2021\/06\/Manital_NoHAND_copper_ADI_low-0.jpg\",\"contentUrl\":\"https:\/\/socialdesignmagazine.com\/mag\/wp-content\/uploads\/2021\/06\/Manital_NoHAND_copper_ADI_low-0.jpg\",\"width\":1575,\"height\":2227},{\"@type\":\"BreadcrumbList\",\"@id\":\"https:\/\/socialdesignmagazine.com\/mag\/news\/design-news\/la-maniglia-nohand-di-manital-inserita-nelladi-design-index-2020\/#breadcrumb\",\"itemListElement\":[{\"@type\":\"ListItem\",\"position\":1,\"name\":\"Home\",\"item\":\"https:\/\/socialdesignmagazine.com\/mag\/\"},{\"@type\":\"ListItem\",\"position\":2,\"name\":\"News\",\"item\":\"https:\/\/socialdesignmagazine.com\/mag\/news\/\"},{\"@type\":\"ListItem\",\"position\":3,\"name\":\"Design News\",\"item\":\"https:\/\/socialdesignmagazine.com\/mag\/news\/design-news\/\"},{\"@type\":\"ListItem\",\"position\":4,\"name\":\"La maniglia NoHAND di Manital inserita nell&#8217;ADI Design Index 2020\"}]},{\"@type\":\"WebSite\",\"@id\":\"https:\/\/socialdesignmagazine.com\/mag\/#website\",\"url\":\"https:\/\/socialdesignmagazine.com\/mag\/\",\"name\":\"Social Design Magazine\",\"description\":\"Social Magazine su Design, Architettura, Arte, Grafica\",\"publisher\":{\"@id\":\"https:\/\/socialdesignmagazine.com\/mag\/#organization\"},\"potentialAction\":[{\"@type\":\"SearchAction\",\"target\":{\"@type\":\"EntryPoint\",\"urlTemplate\":\"https:\/\/socialdesignmagazine.com\/mag\/?s={search_term_string}\"},\"query-input\":{\"@type\":\"PropertyValueSpecification\",\"valueRequired\":true,\"valueName\":\"search_term_string\"}}],\"inLanguage\":\"it-IT\"},{\"@type\":\"Organization\",\"@id\":\"https:\/\/socialdesignmagazine.com\/mag\/#organization\",\"name\":\"Social Design Magazine\",\"url\":\"https:\/\/socialdesignmagazine.com\/mag\/\",\"logo\":{\"@type\":\"ImageObject\",\"inLanguage\":\"it-IT\",\"@id\":\"https:\/\/socialdesignmagazine.com\/mag\/#\/schema\/logo\/image\/\",\"url\":\"https:\/\/socialdesignmagazine.com\/mag\/wp-content\/uploads\/2017\/01\/logo_favicon_11.png\",\"contentUrl\":\"https:\/\/socialdesignmagazine.com\/mag\/wp-content\/uploads\/2017\/01\/logo_favicon_11.png\",\"width\":1024,\"height\":1024,\"caption\":\"Social Design Magazine\"},\"image\":{\"@id\":\"https:\/\/socialdesignmagazine.com\/mag\/#\/schema\/logo\/image\/\"},\"sameAs\":[\"https:\/\/www.facebook.com\/socialdesignmag\",\"https:\/\/x.com\/socialdesignmag\",\"http:\/\/instagram.com\/social_design_magazine\/\",\"http:\/\/pinterest.com\/socialdesignmag\/\",\"http:\/\/www.youtube.com\/user\/socialdesignmagazine\"]},{\"@type\":\"Person\",\"@id\":\"https:\/\/socialdesignmagazine.com\/mag\/#\/schema\/person\/a2ae21cd60746f09721ee63cf2c97d8c\",\"name\":\"Vincenti Volont\u00e9 Comunicazione\",\"image\":{\"@type\":\"ImageObject\",\"inLanguage\":\"it-IT\",\"@id\":\"https:\/\/socialdesignmagazine.com\/mag\/wp-content\/uploads\/2016\/10\/Triangoli-100x66.jpg\",\"url\":\"https:\/\/socialdesignmagazine.com\/mag\/wp-content\/uploads\/2016\/10\/Triangoli-100x66.jpg\",\"contentUrl\":\"https:\/\/socialdesignmagazine.com\/mag\/wp-content\/uploads\/2016\/10\/Triangoli-100x66.jpg\",\"caption\":\"Vincenti Volont\u00e9 Comunicazione\"},\"description\":\"International design press office.\",\"sameAs\":[\"http:\/\/www.mdip.it\",\"https:\/\/www.facebook.com\/VincentiVolonteComunicazione\/\"],\"url\":\"https:\/\/socialdesignmagazine.com\/mag\/author\/vincenticomunicazione\/\"}]}<\/script>\n<!-- \/ Yoast SEO plugin. -->","yoast_head_json":{"title":"La maniglia NoHAND di Manital inserita nell'ADI Design Index 2020 - Social Design Magazine","description":"Si \u00e8 svolta il 3 giugno a Milano, presso l'ADI Design Museum, la presentazione dei prodotti selezionati dall'Osservatorio permanente del Design ADI per la pubblicazione sull\u2019ADI Design Index 2020.","robots":{"index":"index","follow":"follow","max-snippet":"max-snippet:-1","max-image-preview":"max-image-preview:large","max-video-preview":"max-video-preview:-1"},"canonical":"https:\/\/socialdesignmagazine.com\/mag\/news\/design-news\/la-maniglia-nohand-di-manital-inserita-nelladi-design-index-2020\/","og_locale":"it_IT","og_type":"article","og_title":"La maniglia NoHAND di Manital inserita nell'ADI Design Index 2020 - Social Design Magazine","og_description":"Si \u00e8 svolta il 3 giugno a Milano, presso l'ADI Design Museum, la presentazione dei prodotti selezionati dall'Osservatorio permanente del Design ADI per la pubblicazione sull\u2019ADI Design Index 2020.","og_url":"http:\/\/socialdesignmagazine.com\/mag\/news\/design-news\/la-maniglia-nohand-di-manital-inserita-nelladi-design-index-2020\/","og_site_name":"Social Design Magazine","article_publisher":"https:\/\/www.facebook.com\/socialdesignmag","article_author":"https:\/\/www.facebook.com\/VincentiVolonteComunicazione\/","article_published_time":"2021-06-21T14:58:00+00:00","article_modified_time":"2021-07-02T14:36:09+00:00","og_image":[{"width":1575,"height":2227,"url":"https:\/\/socialdesignmagazine.com\/mag\/wp-content\/uploads\/2021\/06\/Manital_NoHAND_copper_ADI_low-0.jpg","type":"image\/jpeg"}],"author":"Vincenti Volont\u00e9 Comunicazione","twitter_card":"summary_large_image","twitter_creator":"@socialdesignmag","twitter_site":"@socialdesignmag","twitter_misc":{"Scritto da":"Vincenti Volont\u00e9 Comunicazione","Tempo di lettura stimato":"3 minuti"},"schema":{"@context":"https:\/\/schema.org","@graph":[{"@type":"Article","@id":"https:\/\/socialdesignmagazine.com\/mag\/news\/design-news\/la-maniglia-nohand-di-manital-inserita-nelladi-design-index-2020\/#article","isPartOf":{"@id":"https:\/\/socialdesignmagazine.com\/mag\/news\/design-news\/la-maniglia-nohand-di-manital-inserita-nelladi-design-index-2020\/"},"author":{"name":"Vincenti Volont\u00e9 Comunicazione","@id":"https:\/\/socialdesignmagazine.com\/mag\/#\/schema\/person\/a2ae21cd60746f09721ee63cf2c97d8c"},"headline":"La maniglia NoHAND di Manital inserita nell&#8217;ADI Design Index 2020","datePublished":"2021-06-21T14:58:00+00:00","dateModified":"2021-07-02T14:36:09+00:00","mainEntityOfPage":{"@id":"https:\/\/socialdesignmagazine.com\/mag\/news\/design-news\/la-maniglia-nohand-di-manital-inserita-nelladi-design-index-2020\/"},"wordCount":411,"commentCount":0,"publisher":{"@id":"https:\/\/socialdesignmagazine.com\/mag\/#organization"},"image":{"@id":"https:\/\/socialdesignmagazine.com\/mag\/news\/design-news\/la-maniglia-nohand-di-manital-inserita-nelladi-design-index-2020\/#primaryimage"},"thumbnailUrl":"https:\/\/socialdesignmagazine.com\/mag\/wp-content\/uploads\/2021\/06\/Manital_NoHAND_copper_ADI_low-0.jpg","keywords":["adi design index","design","giovanni crosera","made in italy","manital","mario mazzer","nohand"],"articleSection":["Design News"],"inLanguage":"it-IT","potentialAction":[{"@type":"CommentAction","name":"Comment","target":["https:\/\/socialdesignmagazine.com\/mag\/news\/design-news\/la-maniglia-nohand-di-manital-inserita-nelladi-design-index-2020\/#respond"]}]},{"@type":"WebPage","@id":"https:\/\/socialdesignmagazine.com\/mag\/news\/design-news\/la-maniglia-nohand-di-manital-inserita-nelladi-design-index-2020\/","url":"https:\/\/socialdesignmagazine.com\/mag\/news\/design-news\/la-maniglia-nohand-di-manital-inserita-nelladi-design-index-2020\/","name":"La maniglia NoHAND di Manital inserita nell'ADI Design Index 2020 - Social Design Magazine","isPartOf":{"@id":"https:\/\/socialdesignmagazine.com\/mag\/#website"},"primaryImageOfPage":{"@id":"https:\/\/socialdesignmagazine.com\/mag\/news\/design-news\/la-maniglia-nohand-di-manital-inserita-nelladi-design-index-2020\/#primaryimage"},"image":{"@id":"https:\/\/socialdesignmagazine.com\/mag\/news\/design-news\/la-maniglia-nohand-di-manital-inserita-nelladi-design-index-2020\/#primaryimage"},"thumbnailUrl":"https:\/\/socialdesignmagazine.com\/mag\/wp-content\/uploads\/2021\/06\/Manital_NoHAND_copper_ADI_low-0.jpg","datePublished":"2021-06-21T14:58:00+00:00","dateModified":"2021-07-02T14:36:09+00:00","description":"Si \u00e8 svolta il 3 giugno a Milano, presso l'ADI Design Museum, la presentazione dei prodotti selezionati dall'Osservatorio permanente del Design ADI per la pubblicazione sull\u2019ADI Design Index 2020.","breadcrumb":{"@id":"https:\/\/socialdesignmagazine.com\/mag\/news\/design-news\/la-maniglia-nohand-di-manital-inserita-nelladi-design-index-2020\/#breadcrumb"},"inLanguage":"it-IT","potentialAction":[{"@type":"ReadAction","target":["https:\/\/socialdesignmagazine.com\/mag\/news\/design-news\/la-maniglia-nohand-di-manital-inserita-nelladi-design-index-2020\/"]}]},{"@type":"ImageObject","inLanguage":"it-IT","@id":"https:\/\/socialdesignmagazine.com\/mag\/news\/design-news\/la-maniglia-nohand-di-manital-inserita-nelladi-design-index-2020\/#primaryimage","url":"https:\/\/socialdesignmagazine.com\/mag\/wp-content\/uploads\/2021\/06\/Manital_NoHAND_copper_ADI_low-0.jpg","contentUrl":"https:\/\/socialdesignmagazine.com\/mag\/wp-content\/uploads\/2021\/06\/Manital_NoHAND_copper_ADI_low-0.jpg","width":1575,"height":2227},{"@type":"BreadcrumbList","@id":"https:\/\/socialdesignmagazine.com\/mag\/news\/design-news\/la-maniglia-nohand-di-manital-inserita-nelladi-design-index-2020\/#breadcrumb","itemListElement":[{"@type":"ListItem","position":1,"name":"Home","item":"https:\/\/socialdesignmagazine.com\/mag\/"},{"@type":"ListItem","position":2,"name":"News","item":"https:\/\/socialdesignmagazine.com\/mag\/news\/"},{"@type":"ListItem","position":3,"name":"Design News","item":"https:\/\/socialdesignmagazine.com\/mag\/news\/design-news\/"},{"@type":"ListItem","position":4,"name":"La maniglia NoHAND di Manital inserita nell&#8217;ADI Design Index 2020"}]},{"@type":"WebSite","@id":"https:\/\/socialdesignmagazine.com\/mag\/#website","url":"https:\/\/socialdesignmagazine.com\/mag\/","name":"Social Design Magazine","description":"Social Magazine su Design, Architettura, Arte, Grafica","publisher":{"@id":"https:\/\/socialdesignmagazine.com\/mag\/#organization"},"potentialAction":[{"@type":"SearchAction","target":{"@type":"EntryPoint","urlTemplate":"https:\/\/socialdesignmagazine.com\/mag\/?s={search_term_string}"},"query-input":{"@type":"PropertyValueSpecification","valueRequired":true,"valueName":"search_term_string"}}],"inLanguage":"it-IT"},{"@type":"Organization","@id":"https:\/\/socialdesignmagazine.com\/mag\/#organization","name":"Social Design Magazine","url":"https:\/\/socialdesignmagazine.com\/mag\/","logo":{"@type":"ImageObject","inLanguage":"it-IT","@id":"https:\/\/socialdesignmagazine.com\/mag\/#\/schema\/logo\/image\/","url":"https:\/\/socialdesignmagazine.com\/mag\/wp-content\/uploads\/2017\/01\/logo_favicon_11.png","contentUrl":"https:\/\/socialdesignmagazine.com\/mag\/wp-content\/uploads\/2017\/01\/logo_favicon_11.png","width":1024,"height":1024,"caption":"Social Design Magazine"},"image":{"@id":"https:\/\/socialdesignmagazine.com\/mag\/#\/schema\/logo\/image\/"},"sameAs":["https:\/\/www.facebook.com\/socialdesignmag","https:\/\/x.com\/socialdesignmag","http:\/\/instagram.com\/social_design_magazine\/","http:\/\/pinterest.com\/socialdesignmag\/","http:\/\/www.youtube.com\/user\/socialdesignmagazine"]},{"@type":"Person","@id":"https:\/\/socialdesignmagazine.com\/mag\/#\/schema\/person\/a2ae21cd60746f09721ee63cf2c97d8c","name":"Vincenti Volont\u00e9 Comunicazione","image":{"@type":"ImageObject","inLanguage":"it-IT","@id":"https:\/\/socialdesignmagazine.com\/mag\/wp-content\/uploads\/2016\/10\/Triangoli-100x66.jpg","url":"https:\/\/socialdesignmagazine.com\/mag\/wp-content\/uploads\/2016\/10\/Triangoli-100x66.jpg","contentUrl":"https:\/\/socialdesignmagazine.com\/mag\/wp-content\/uploads\/2016\/10\/Triangoli-100x66.jpg","caption":"Vincenti Volont\u00e9 Comunicazione"},"description":"International design press office.","sameAs":["http:\/\/www.mdip.it","https:\/\/www.facebook.com\/VincentiVolonteComunicazione\/"],"url":"https:\/\/socialdesignmagazine.com\/mag\/author\/vincenticomunicazione\/"}]}},"jetpack_featured_media_url":"https:\/\/socialdesignmagazine.com\/mag\/wp-content\/uploads\/2021\/06\/Manital_NoHAND_copper_ADI_low-0.jpg","jetpack_sharing_enabled":true,"jetpack_shortlink":"https:\/\/wp.me\/p6cV7V-aYQ","gt_translate_keys":[{"key":"link","format":"url"}],"_links":{"self":[{"href":"https:\/\/socialdesignmagazine.com\/mag\/wp-json\/wp\/v2\/posts\/42212","targetHints":{"allow":["GET"]}}],"collection":[{"href":"https:\/\/socialdesignmagazine.com\/mag\/wp-json\/wp\/v2\/posts"}],"about":[{"href":"https:\/\/socialdesignmagazine.com\/mag\/wp-json\/wp\/v2\/types\/post"}],"author":[{"embeddable":true,"href":"https:\/\/socialdesignmagazine.com\/mag\/wp-json\/wp\/v2\/users\/615"}],"replies":[{"embeddable":true,"href":"https:\/\/socialdesignmagazine.com\/mag\/wp-json\/wp\/v2\/comments?post=42212"}],"version-history":[{"count":4,"href":"https:\/\/socialdesignmagazine.com\/mag\/wp-json\/wp\/v2\/posts\/42212\/revisions"}],"predecessor-version":[{"id":42237,"href":"https:\/\/socialdesignmagazine.com\/mag\/wp-json\/wp\/v2\/posts\/42212\/revisions\/42237"}],"wp:featuredmedia":[{"embeddable":true,"href":"https:\/\/socialdesignmagazine.com\/mag\/wp-json\/wp\/v2\/media\/42214"}],"wp:attachment":[{"href":"https:\/\/socialdesignmagazine.com\/mag\/wp-json\/wp\/v2\/media?parent=42212"}],"wp:term":[{"taxonomy":"category","embeddable":true,"href":"https:\/\/socialdesignmagazine.com\/mag\/wp-json\/wp\/v2\/categories?post=42212"},{"taxonomy":"post_tag","embeddable":true,"href":"https:\/\/socialdesignmagazine.com\/mag\/wp-json\/wp\/v2\/tags?post=42212"}],"curies":[{"name":"wp","href":"https:\/\/api.w.org\/{rel}","templated":true}]}}