{"id":423,"date":"2011-09-19T07:59:43","date_gmt":"2011-09-19T05:59:43","guid":{"rendered":"https:\/\/socialdesignmagazine.com\/mag\/s6-design\/c35-design\/gruccia-amelia-leonardo-rossano-architect\/"},"modified":"2024-05-07T21:10:56","modified_gmt":"2024-05-07T19:10:56","slug":"gruccia-amelia-leonardo-rossano-architect","status":"publish","type":"post","link":"https:\/\/socialdesignmagazine.com\/mag\/design\/gruccia-amelia-leonardo-rossano-architect\/","title":{"rendered":"Gruccia Amelia \/ LEONARDO ROSSANO ARCHITECT","gt_translate_keys":[{"key":"rendered","format":"text"}]},"content":{"rendered":"\n<p>Nella sua semplicit\u00e0 formale, questo leggero complemento in plastica stampata ad iniezione non rinuncia ad esibire la sua originalit\u00e0.<br>Compatta e al contempo esile, la gruccia Amelia disegnata da <a class=\"jcepopup\" href=\"http:\/\/www.leonardorossano.com\/\" rel=\"nofollow\">Leonardo Rossano<\/a> per R.F Yamakawa rivela infatti una forte personalit\u00e0. La morbida curva delle ali di sostegno si contrappone al taglio netto della testa, agevolando la presa sullo stender.<br>Anche il taglio di aggancio \u00e8 caratterizzato da un andamento lineare, ma questa volta obliquo, cos\u00ec da facilitare ulteriormente l&#8217;uso della gruccia.<br>Un oggetto fresco e ricercato, in cui il valore aggiunto del design si coniuga perfettamente all&#8217;accurato studio della funzione.<\/p>\n\n\n<div class=\"wp-block-image\">\n<figure class=\"aligncenter\"><img loading=\"lazy\" decoding=\"async\" width=\"720\" height=\"1080\" data-attachment-id=\"6354\" data-permalink=\"https:\/\/socialdesignmagazine.com\/mag\/design\/gruccia-amelia-leonardo-rossano-architect\/attachment\/leonardo-rossano-architect-gruccia-amelia-4_low\/#content\" data-orig-file=\"https:\/\/socialdesignmagazine.com\/mag\/wp-content\/uploads\/2011\/09\/benedetto_leonardo_rossano_architect_gruccia_amelia_Leonardo-Rossano-Architect-Gruccia-Amelia-4_low.jpg\" data-orig-size=\"720,1080\" data-comments-opened=\"1\" data-image-meta=\"{&quot;aperture&quot;:&quot;0&quot;,&quot;credit&quot;:&quot;&quot;,&quot;camera&quot;:&quot;&quot;,&quot;caption&quot;:&quot;&quot;,&quot;created_timestamp&quot;:&quot;0&quot;,&quot;copyright&quot;:&quot;&quot;,&quot;focal_length&quot;:&quot;0&quot;,&quot;iso&quot;:&quot;0&quot;,&quot;shutter_speed&quot;:&quot;0&quot;,&quot;title&quot;:&quot;&quot;,&quot;orientation&quot;:&quot;0&quot;}\" data-image-title=\"Leonardo-Rossano-Architect-Gruccia-Amelia-4_low\" data-image-description=\"\" data-image-caption=\"\" data-medium-file=\"https:\/\/socialdesignmagazine.com\/mag\/wp-content\/uploads\/2011\/09\/benedetto_leonardo_rossano_architect_gruccia_amelia_Leonardo-Rossano-Architect-Gruccia-Amelia-4_low-396x256.jpg\" data-large-file=\"https:\/\/socialdesignmagazine.com\/mag\/wp-content\/uploads\/2011\/09\/benedetto_leonardo_rossano_architect_gruccia_amelia_Leonardo-Rossano-Architect-Gruccia-Amelia-4_low.jpg\" src=\"https:\/\/socialdesignmagazine.com\/mag\/wp-content\/uploads\/2011\/09\/benedetto_leonardo_rossano_architect_gruccia_amelia_Leonardo-Rossano-Architect-Gruccia-Amelia-4_low.jpg\" alt=\"Leonardo-Rossano-Architect-Gruccia-Amelia-4_low\" class=\"wp-image-6354\"\/><\/figure>\n<\/div>\n\n\n<p><em>This light complement in moulded plastic doesn\u2019t renounce originality. Compact and thin, cloth hanger Amelia, designed by Leonardo Rossano for R.F.Yamakawa, has a strong personality. Smooth lines of support wings set against a sharp cut on the end which facilitates hanging on the stender. Also a cut of a hook is linear, oblique in this case, in order to facilitate even more usage of this product. Fresh and refined, this item brings together design and functionality.<\/em><\/p>\n","protected":false,"gt_translate_keys":[{"key":"rendered","format":"html"}]},"excerpt":{"rendered":"<p>Nella sua semplicit\u00e0 formale, questo leggero complemento in plastica stampata ad iniezione non rinuncia ad esibire la sua originalit\u00e0.<\/p>\n","protected":false,"gt_translate_keys":[{"key":"rendered","format":"html"}]},"author":1,"featured_media":6353,"comment_status":"open","ping_status":"open","sticky":false,"template":"","format":"standard","meta":{"jetpack_post_was_ever_published":false,"_jetpack_newsletter_access":"","_jetpack_dont_email_post_to_subs":false,"_jetpack_newsletter_tier_id":0,"_jetpack_memberships_contains_paywalled_content":false,"_jetpack_memberships_contains_paid_content":false,"footnotes":"","_wpscppro_dont_share_socialmedia":false,"_wpscppro_custom_social_share_image":0,"_facebook_share_type":"","_twitter_share_type":"","_linkedin_share_type":"","_pinterest_share_type":"","_linkedin_share_type_page":"","_instagram_share_type":"","_medium_share_type":"","_threads_share_type":"","_google_business_share_type":"","_selected_social_profile":[],"_wpsp_enable_custom_social_template":false,"_wpsp_social_scheduling":{"enabled":false,"datetime":null,"platforms":[],"status":"template_only","dateOption":"today","timeOption":"now","customDays":"","customHours":"","customDate":"","customTime":"","schedulingType":"absolute"},"_wpsp_active_default_template":true},"categories":[13],"tags":[1064],"class_list":["post-423","post","type-post","status-publish","format-standard","has-post-thumbnail","hentry","category-design","tag-leonardo-rossano"],"yoast_head":"<!-- This site is optimized with the Yoast SEO plugin v27.2 - https:\/\/yoast.com\/product\/yoast-seo-wordpress\/ -->\n<title>Gruccia Amelia \/ LEONARDO ROSSANO ARCHITECT - Social Design Magazine<\/title>\n<meta name=\"description\" content=\"Nella sua semplicit\u00e0 formale, questo leggero complemento in plastica stampata ad iniezione non rinuncia ad esibire la sua originalit\u00e0.\" \/>\n<meta name=\"robots\" content=\"index, follow, max-snippet:-1, max-image-preview:large, max-video-preview:-1\" \/>\n<link rel=\"canonical\" href=\"https:\/\/socialdesignmagazine.com\/mag\/design\/gruccia-amelia-leonardo-rossano-architect\/\" \/>\n<meta property=\"og:locale\" content=\"it_IT\" \/>\n<meta property=\"og:type\" content=\"article\" \/>\n<meta property=\"og:title\" content=\"Gruccia Amelia \/ LEONARDO ROSSANO ARCHITECT - Social Design Magazine\" \/>\n<meta property=\"og:description\" content=\"Nella sua semplicit\u00e0 formale, questo leggero complemento in plastica stampata ad iniezione non rinuncia ad esibire la sua originalit\u00e0.\" \/>\n<meta property=\"og:url\" content=\"http:\/\/socialdesignmagazine.com\/mag\/design\/gruccia-amelia-leonardo-rossano-architect\/\" \/>\n<meta property=\"og:site_name\" content=\"Social Design Magazine\" \/>\n<meta property=\"article:publisher\" content=\"https:\/\/www.facebook.com\/socialdesignmag\" \/>\n<meta property=\"article:author\" content=\"https:\/\/www.facebook.com\/benedettofiori\" \/>\n<meta property=\"article:published_time\" content=\"2011-09-19T05:59:43+00:00\" \/>\n<meta property=\"article:modified_time\" content=\"2024-05-07T19:10:56+00:00\" \/>\n<meta property=\"og:image\" content=\"https:\/\/socialdesignmagazine.com\/mag\/wp-content\/uploads\/2011\/09\/benedetto_leonardo_rossano_architect_gruccia_amelia_Leonardo-Rossano-Architect-Gruccia-Amelia-3_low.jpg\" \/>\n\t<meta property=\"og:image:width\" content=\"720\" \/>\n\t<meta property=\"og:image:height\" content=\"540\" \/>\n\t<meta property=\"og:image:type\" content=\"image\/jpeg\" \/>\n<meta name=\"author\" content=\"Benedetto Fiori\" \/>\n<meta name=\"twitter:card\" content=\"summary_large_image\" \/>\n<meta name=\"twitter:creator\" content=\"@benedettofiori\" \/>\n<meta name=\"twitter:site\" content=\"@socialdesignmag\" \/>\n<meta name=\"twitter:label1\" content=\"Scritto da\" \/>\n\t<meta name=\"twitter:data1\" content=\"Benedetto Fiori\" \/>\n\t<meta name=\"twitter:label2\" content=\"Tempo di lettura stimato\" \/>\n\t<meta name=\"twitter:data2\" content=\"2 minuti\" \/>\n<script type=\"application\/ld+json\" class=\"yoast-schema-graph\">{\"@context\":\"https:\/\/schema.org\",\"@graph\":[{\"@type\":\"Article\",\"@id\":\"https:\/\/socialdesignmagazine.com\/mag\/design\/gruccia-amelia-leonardo-rossano-architect\/#article\",\"isPartOf\":{\"@id\":\"https:\/\/socialdesignmagazine.com\/mag\/design\/gruccia-amelia-leonardo-rossano-architect\/\"},\"author\":{\"name\":\"Benedetto Fiori\",\"@id\":\"https:\/\/socialdesignmagazine.com\/mag\/#\/schema\/person\/61e20205cc363c315e6aabd33a045846\"},\"headline\":\"Gruccia Amelia \/ LEONARDO ROSSANO ARCHITECT\",\"datePublished\":\"2011-09-19T05:59:43+00:00\",\"dateModified\":\"2024-05-07T19:10:56+00:00\",\"mainEntityOfPage\":{\"@id\":\"https:\/\/socialdesignmagazine.com\/mag\/design\/gruccia-amelia-leonardo-rossano-architect\/\"},\"wordCount\":185,\"commentCount\":0,\"publisher\":{\"@id\":\"https:\/\/socialdesignmagazine.com\/mag\/#organization\"},\"image\":{\"@id\":\"https:\/\/socialdesignmagazine.com\/mag\/design\/gruccia-amelia-leonardo-rossano-architect\/#primaryimage\"},\"thumbnailUrl\":\"https:\/\/socialdesignmagazine.com\/mag\/wp-content\/uploads\/2011\/09\/benedetto_leonardo_rossano_architect_gruccia_amelia_Leonardo-Rossano-Architect-Gruccia-Amelia-3_low.jpg\",\"keywords\":[\"leonardo rossano\"],\"articleSection\":[\"Design\"],\"inLanguage\":\"it-IT\",\"potentialAction\":[{\"@type\":\"CommentAction\",\"name\":\"Comment\",\"target\":[\"https:\/\/socialdesignmagazine.com\/mag\/design\/gruccia-amelia-leonardo-rossano-architect\/#respond\"]}]},{\"@type\":\"WebPage\",\"@id\":\"https:\/\/socialdesignmagazine.com\/mag\/design\/gruccia-amelia-leonardo-rossano-architect\/\",\"url\":\"https:\/\/socialdesignmagazine.com\/mag\/design\/gruccia-amelia-leonardo-rossano-architect\/\",\"name\":\"Gruccia Amelia \/ LEONARDO ROSSANO ARCHITECT - Social Design Magazine\",\"isPartOf\":{\"@id\":\"https:\/\/socialdesignmagazine.com\/mag\/#website\"},\"primaryImageOfPage\":{\"@id\":\"https:\/\/socialdesignmagazine.com\/mag\/design\/gruccia-amelia-leonardo-rossano-architect\/#primaryimage\"},\"image\":{\"@id\":\"https:\/\/socialdesignmagazine.com\/mag\/design\/gruccia-amelia-leonardo-rossano-architect\/#primaryimage\"},\"thumbnailUrl\":\"https:\/\/socialdesignmagazine.com\/mag\/wp-content\/uploads\/2011\/09\/benedetto_leonardo_rossano_architect_gruccia_amelia_Leonardo-Rossano-Architect-Gruccia-Amelia-3_low.jpg\",\"datePublished\":\"2011-09-19T05:59:43+00:00\",\"dateModified\":\"2024-05-07T19:10:56+00:00\",\"description\":\"Nella sua semplicit\u00e0 formale, questo leggero complemento in plastica stampata ad iniezione non rinuncia ad esibire la sua originalit\u00e0.\",\"breadcrumb\":{\"@id\":\"https:\/\/socialdesignmagazine.com\/mag\/design\/gruccia-amelia-leonardo-rossano-architect\/#breadcrumb\"},\"inLanguage\":\"it-IT\",\"potentialAction\":[{\"@type\":\"ReadAction\",\"target\":[\"https:\/\/socialdesignmagazine.com\/mag\/design\/gruccia-amelia-leonardo-rossano-architect\/\"]}]},{\"@type\":\"ImageObject\",\"inLanguage\":\"it-IT\",\"@id\":\"https:\/\/socialdesignmagazine.com\/mag\/design\/gruccia-amelia-leonardo-rossano-architect\/#primaryimage\",\"url\":\"https:\/\/socialdesignmagazine.com\/mag\/wp-content\/uploads\/2011\/09\/benedetto_leonardo_rossano_architect_gruccia_amelia_Leonardo-Rossano-Architect-Gruccia-Amelia-3_low.jpg\",\"contentUrl\":\"https:\/\/socialdesignmagazine.com\/mag\/wp-content\/uploads\/2011\/09\/benedetto_leonardo_rossano_architect_gruccia_amelia_Leonardo-Rossano-Architect-Gruccia-Amelia-3_low.jpg\",\"width\":720,\"height\":540,\"caption\":\"Leonardo-Rossano-Architect-Gruccia-Amelia-3_low\"},{\"@type\":\"BreadcrumbList\",\"@id\":\"https:\/\/socialdesignmagazine.com\/mag\/design\/gruccia-amelia-leonardo-rossano-architect\/#breadcrumb\",\"itemListElement\":[{\"@type\":\"ListItem\",\"position\":1,\"name\":\"Home\",\"item\":\"https:\/\/socialdesignmagazine.com\/mag\/\"},{\"@type\":\"ListItem\",\"position\":2,\"name\":\"Design\",\"item\":\"https:\/\/socialdesignmagazine.com\/mag\/design\/\"},{\"@type\":\"ListItem\",\"position\":3,\"name\":\"Gruccia Amelia \/ LEONARDO ROSSANO ARCHITECT\"}]},{\"@type\":\"WebSite\",\"@id\":\"https:\/\/socialdesignmagazine.com\/mag\/#website\",\"url\":\"https:\/\/socialdesignmagazine.com\/mag\/\",\"name\":\"Social Design Magazine\",\"description\":\"Social Magazine su Design, Architettura, Arte, Grafica\",\"publisher\":{\"@id\":\"https:\/\/socialdesignmagazine.com\/mag\/#organization\"},\"potentialAction\":[{\"@type\":\"SearchAction\",\"target\":{\"@type\":\"EntryPoint\",\"urlTemplate\":\"https:\/\/socialdesignmagazine.com\/mag\/?s={search_term_string}\"},\"query-input\":{\"@type\":\"PropertyValueSpecification\",\"valueRequired\":true,\"valueName\":\"search_term_string\"}}],\"inLanguage\":\"it-IT\"},{\"@type\":\"Organization\",\"@id\":\"https:\/\/socialdesignmagazine.com\/mag\/#organization\",\"name\":\"Social Design Magazine\",\"url\":\"https:\/\/socialdesignmagazine.com\/mag\/\",\"logo\":{\"@type\":\"ImageObject\",\"inLanguage\":\"it-IT\",\"@id\":\"https:\/\/socialdesignmagazine.com\/mag\/#\/schema\/logo\/image\/\",\"url\":\"https:\/\/socialdesignmagazine.com\/mag\/wp-content\/uploads\/2017\/01\/logo_favicon_11.png\",\"contentUrl\":\"https:\/\/socialdesignmagazine.com\/mag\/wp-content\/uploads\/2017\/01\/logo_favicon_11.png\",\"width\":1024,\"height\":1024,\"caption\":\"Social Design Magazine\"},\"image\":{\"@id\":\"https:\/\/socialdesignmagazine.com\/mag\/#\/schema\/logo\/image\/\"},\"sameAs\":[\"https:\/\/www.facebook.com\/socialdesignmag\",\"https:\/\/x.com\/socialdesignmag\",\"http:\/\/instagram.com\/social_design_magazine\/\",\"http:\/\/pinterest.com\/socialdesignmag\/\",\"http:\/\/www.youtube.com\/user\/socialdesignmagazine\"]},{\"@type\":\"Person\",\"@id\":\"https:\/\/socialdesignmagazine.com\/mag\/#\/schema\/person\/61e20205cc363c315e6aabd33a045846\",\"name\":\"Benedetto Fiori\",\"image\":{\"@type\":\"ImageObject\",\"inLanguage\":\"it-IT\",\"@id\":\"https:\/\/secure.gravatar.com\/avatar\/450a48cefa36da63d920ad70aa660bd10725b1c6093800242e5efdb397759033?s=96&d=mm&r=g\",\"url\":\"https:\/\/secure.gravatar.com\/avatar\/450a48cefa36da63d920ad70aa660bd10725b1c6093800242e5efdb397759033?s=96&d=mm&r=g\",\"contentUrl\":\"https:\/\/secure.gravatar.com\/avatar\/450a48cefa36da63d920ad70aa660bd10725b1c6093800242e5efdb397759033?s=96&d=mm&r=g\",\"caption\":\"Benedetto Fiori\"},\"description\":\"Web | Twitter | Facebook | Shutterstock Founder &amp; Editor in Chief di Social Design Magazine. Attratto da sempre da tutto ci\u00f2 che \u00e8 creativit\u00e0, design, architettura. Dopo aver studiato Architettura all'Universit\u00e0 di Firenze, si \u00e8 impegnato in molteplici campi: comunicazione grafica, progettazione di allestimenti fieristici, brand design, Interior Design.\",\"sameAs\":[\"http:\/\/benedettofiori.com\",\"https:\/\/www.facebook.com\/benedettofiori\",\"https:\/\/x.com\/benedettofiori\"],\"url\":\"https:\/\/socialdesignmagazine.com\/mag\/author\/benedetto\/\"}]}<\/script>\n<!-- \/ Yoast SEO plugin. -->","yoast_head_json":{"title":"Gruccia Amelia \/ LEONARDO ROSSANO ARCHITECT - Social Design Magazine","description":"Nella sua semplicit\u00e0 formale, questo leggero complemento in plastica stampata ad iniezione non rinuncia ad esibire la sua originalit\u00e0.","robots":{"index":"index","follow":"follow","max-snippet":"max-snippet:-1","max-image-preview":"max-image-preview:large","max-video-preview":"max-video-preview:-1"},"canonical":"https:\/\/socialdesignmagazine.com\/mag\/design\/gruccia-amelia-leonardo-rossano-architect\/","og_locale":"it_IT","og_type":"article","og_title":"Gruccia Amelia \/ LEONARDO ROSSANO ARCHITECT - Social Design Magazine","og_description":"Nella sua semplicit\u00e0 formale, questo leggero complemento in plastica stampata ad iniezione non rinuncia ad esibire la sua originalit\u00e0.","og_url":"http:\/\/socialdesignmagazine.com\/mag\/design\/gruccia-amelia-leonardo-rossano-architect\/","og_site_name":"Social Design Magazine","article_publisher":"https:\/\/www.facebook.com\/socialdesignmag","article_author":"https:\/\/www.facebook.com\/benedettofiori","article_published_time":"2011-09-19T05:59:43+00:00","article_modified_time":"2024-05-07T19:10:56+00:00","og_image":[{"width":720,"height":540,"url":"https:\/\/socialdesignmagazine.com\/mag\/wp-content\/uploads\/2011\/09\/benedetto_leonardo_rossano_architect_gruccia_amelia_Leonardo-Rossano-Architect-Gruccia-Amelia-3_low.jpg","type":"image\/jpeg"}],"author":"Benedetto Fiori","twitter_card":"summary_large_image","twitter_creator":"@benedettofiori","twitter_site":"@socialdesignmag","twitter_misc":{"Scritto da":"Benedetto Fiori","Tempo di lettura stimato":"2 minuti"},"schema":{"@context":"https:\/\/schema.org","@graph":[{"@type":"Article","@id":"https:\/\/socialdesignmagazine.com\/mag\/design\/gruccia-amelia-leonardo-rossano-architect\/#article","isPartOf":{"@id":"https:\/\/socialdesignmagazine.com\/mag\/design\/gruccia-amelia-leonardo-rossano-architect\/"},"author":{"name":"Benedetto Fiori","@id":"https:\/\/socialdesignmagazine.com\/mag\/#\/schema\/person\/61e20205cc363c315e6aabd33a045846"},"headline":"Gruccia Amelia \/ LEONARDO ROSSANO ARCHITECT","datePublished":"2011-09-19T05:59:43+00:00","dateModified":"2024-05-07T19:10:56+00:00","mainEntityOfPage":{"@id":"https:\/\/socialdesignmagazine.com\/mag\/design\/gruccia-amelia-leonardo-rossano-architect\/"},"wordCount":185,"commentCount":0,"publisher":{"@id":"https:\/\/socialdesignmagazine.com\/mag\/#organization"},"image":{"@id":"https:\/\/socialdesignmagazine.com\/mag\/design\/gruccia-amelia-leonardo-rossano-architect\/#primaryimage"},"thumbnailUrl":"https:\/\/socialdesignmagazine.com\/mag\/wp-content\/uploads\/2011\/09\/benedetto_leonardo_rossano_architect_gruccia_amelia_Leonardo-Rossano-Architect-Gruccia-Amelia-3_low.jpg","keywords":["leonardo rossano"],"articleSection":["Design"],"inLanguage":"it-IT","potentialAction":[{"@type":"CommentAction","name":"Comment","target":["https:\/\/socialdesignmagazine.com\/mag\/design\/gruccia-amelia-leonardo-rossano-architect\/#respond"]}]},{"@type":"WebPage","@id":"https:\/\/socialdesignmagazine.com\/mag\/design\/gruccia-amelia-leonardo-rossano-architect\/","url":"https:\/\/socialdesignmagazine.com\/mag\/design\/gruccia-amelia-leonardo-rossano-architect\/","name":"Gruccia Amelia \/ LEONARDO ROSSANO ARCHITECT - Social Design Magazine","isPartOf":{"@id":"https:\/\/socialdesignmagazine.com\/mag\/#website"},"primaryImageOfPage":{"@id":"https:\/\/socialdesignmagazine.com\/mag\/design\/gruccia-amelia-leonardo-rossano-architect\/#primaryimage"},"image":{"@id":"https:\/\/socialdesignmagazine.com\/mag\/design\/gruccia-amelia-leonardo-rossano-architect\/#primaryimage"},"thumbnailUrl":"https:\/\/socialdesignmagazine.com\/mag\/wp-content\/uploads\/2011\/09\/benedetto_leonardo_rossano_architect_gruccia_amelia_Leonardo-Rossano-Architect-Gruccia-Amelia-3_low.jpg","datePublished":"2011-09-19T05:59:43+00:00","dateModified":"2024-05-07T19:10:56+00:00","description":"Nella sua semplicit\u00e0 formale, questo leggero complemento in plastica stampata ad iniezione non rinuncia ad esibire la sua originalit\u00e0.","breadcrumb":{"@id":"https:\/\/socialdesignmagazine.com\/mag\/design\/gruccia-amelia-leonardo-rossano-architect\/#breadcrumb"},"inLanguage":"it-IT","potentialAction":[{"@type":"ReadAction","target":["https:\/\/socialdesignmagazine.com\/mag\/design\/gruccia-amelia-leonardo-rossano-architect\/"]}]},{"@type":"ImageObject","inLanguage":"it-IT","@id":"https:\/\/socialdesignmagazine.com\/mag\/design\/gruccia-amelia-leonardo-rossano-architect\/#primaryimage","url":"https:\/\/socialdesignmagazine.com\/mag\/wp-content\/uploads\/2011\/09\/benedetto_leonardo_rossano_architect_gruccia_amelia_Leonardo-Rossano-Architect-Gruccia-Amelia-3_low.jpg","contentUrl":"https:\/\/socialdesignmagazine.com\/mag\/wp-content\/uploads\/2011\/09\/benedetto_leonardo_rossano_architect_gruccia_amelia_Leonardo-Rossano-Architect-Gruccia-Amelia-3_low.jpg","width":720,"height":540,"caption":"Leonardo-Rossano-Architect-Gruccia-Amelia-3_low"},{"@type":"BreadcrumbList","@id":"https:\/\/socialdesignmagazine.com\/mag\/design\/gruccia-amelia-leonardo-rossano-architect\/#breadcrumb","itemListElement":[{"@type":"ListItem","position":1,"name":"Home","item":"https:\/\/socialdesignmagazine.com\/mag\/"},{"@type":"ListItem","position":2,"name":"Design","item":"https:\/\/socialdesignmagazine.com\/mag\/design\/"},{"@type":"ListItem","position":3,"name":"Gruccia Amelia \/ LEONARDO ROSSANO ARCHITECT"}]},{"@type":"WebSite","@id":"https:\/\/socialdesignmagazine.com\/mag\/#website","url":"https:\/\/socialdesignmagazine.com\/mag\/","name":"Social Design Magazine","description":"Social Magazine su Design, Architettura, Arte, Grafica","publisher":{"@id":"https:\/\/socialdesignmagazine.com\/mag\/#organization"},"potentialAction":[{"@type":"SearchAction","target":{"@type":"EntryPoint","urlTemplate":"https:\/\/socialdesignmagazine.com\/mag\/?s={search_term_string}"},"query-input":{"@type":"PropertyValueSpecification","valueRequired":true,"valueName":"search_term_string"}}],"inLanguage":"it-IT"},{"@type":"Organization","@id":"https:\/\/socialdesignmagazine.com\/mag\/#organization","name":"Social Design Magazine","url":"https:\/\/socialdesignmagazine.com\/mag\/","logo":{"@type":"ImageObject","inLanguage":"it-IT","@id":"https:\/\/socialdesignmagazine.com\/mag\/#\/schema\/logo\/image\/","url":"https:\/\/socialdesignmagazine.com\/mag\/wp-content\/uploads\/2017\/01\/logo_favicon_11.png","contentUrl":"https:\/\/socialdesignmagazine.com\/mag\/wp-content\/uploads\/2017\/01\/logo_favicon_11.png","width":1024,"height":1024,"caption":"Social Design Magazine"},"image":{"@id":"https:\/\/socialdesignmagazine.com\/mag\/#\/schema\/logo\/image\/"},"sameAs":["https:\/\/www.facebook.com\/socialdesignmag","https:\/\/x.com\/socialdesignmag","http:\/\/instagram.com\/social_design_magazine\/","http:\/\/pinterest.com\/socialdesignmag\/","http:\/\/www.youtube.com\/user\/socialdesignmagazine"]},{"@type":"Person","@id":"https:\/\/socialdesignmagazine.com\/mag\/#\/schema\/person\/61e20205cc363c315e6aabd33a045846","name":"Benedetto Fiori","image":{"@type":"ImageObject","inLanguage":"it-IT","@id":"https:\/\/secure.gravatar.com\/avatar\/450a48cefa36da63d920ad70aa660bd10725b1c6093800242e5efdb397759033?s=96&d=mm&r=g","url":"https:\/\/secure.gravatar.com\/avatar\/450a48cefa36da63d920ad70aa660bd10725b1c6093800242e5efdb397759033?s=96&d=mm&r=g","contentUrl":"https:\/\/secure.gravatar.com\/avatar\/450a48cefa36da63d920ad70aa660bd10725b1c6093800242e5efdb397759033?s=96&d=mm&r=g","caption":"Benedetto Fiori"},"description":"Web | Twitter | Facebook | Shutterstock Founder &amp; Editor in Chief di Social Design Magazine. Attratto da sempre da tutto ci\u00f2 che \u00e8 creativit\u00e0, design, architettura. Dopo aver studiato Architettura all'Universit\u00e0 di Firenze, si \u00e8 impegnato in molteplici campi: comunicazione grafica, progettazione di allestimenti fieristici, brand design, Interior Design.","sameAs":["http:\/\/benedettofiori.com","https:\/\/www.facebook.com\/benedettofiori","https:\/\/x.com\/benedettofiori"],"url":"https:\/\/socialdesignmagazine.com\/mag\/author\/benedetto\/"}]}},"jetpack_featured_media_url":"https:\/\/socialdesignmagazine.com\/mag\/wp-content\/uploads\/2011\/09\/benedetto_leonardo_rossano_architect_gruccia_amelia_Leonardo-Rossano-Architect-Gruccia-Amelia-3_low.jpg","jetpack_sharing_enabled":true,"jetpack_shortlink":"https:\/\/wp.me\/p6cV7V-6P","gt_translate_keys":[{"key":"link","format":"url"}],"_links":{"self":[{"href":"https:\/\/socialdesignmagazine.com\/mag\/wp-json\/wp\/v2\/posts\/423","targetHints":{"allow":["GET"]}}],"collection":[{"href":"https:\/\/socialdesignmagazine.com\/mag\/wp-json\/wp\/v2\/posts"}],"about":[{"href":"https:\/\/socialdesignmagazine.com\/mag\/wp-json\/wp\/v2\/types\/post"}],"author":[{"embeddable":true,"href":"https:\/\/socialdesignmagazine.com\/mag\/wp-json\/wp\/v2\/users\/1"}],"replies":[{"embeddable":true,"href":"https:\/\/socialdesignmagazine.com\/mag\/wp-json\/wp\/v2\/comments?post=423"}],"version-history":[{"count":2,"href":"https:\/\/socialdesignmagazine.com\/mag\/wp-json\/wp\/v2\/posts\/423\/revisions"}],"predecessor-version":[{"id":59333,"href":"https:\/\/socialdesignmagazine.com\/mag\/wp-json\/wp\/v2\/posts\/423\/revisions\/59333"}],"wp:featuredmedia":[{"embeddable":true,"href":"https:\/\/socialdesignmagazine.com\/mag\/wp-json\/wp\/v2\/media\/6353"}],"wp:attachment":[{"href":"https:\/\/socialdesignmagazine.com\/mag\/wp-json\/wp\/v2\/media?parent=423"}],"wp:term":[{"taxonomy":"category","embeddable":true,"href":"https:\/\/socialdesignmagazine.com\/mag\/wp-json\/wp\/v2\/categories?post=423"},{"taxonomy":"post_tag","embeddable":true,"href":"https:\/\/socialdesignmagazine.com\/mag\/wp-json\/wp\/v2\/tags?post=423"}],"curies":[{"name":"wp","href":"https:\/\/api.w.org\/{rel}","templated":true}]}}