{"id":427,"date":"2011-09-22T20:24:18","date_gmt":"2011-09-22T18:24:18","guid":{"rendered":"https:\/\/socialdesignmagazine.com\/mag\/s6-design\/c35-design\/massimo-annibali-madia-origami\/"},"modified":"2024-05-07T21:14:50","modified_gmt":"2024-05-07T19:14:50","slug":"massimo-annibali-madia-origami","status":"publish","type":"post","link":"https:\/\/socialdesignmagazine.com\/mag\/design\/massimo-annibali-madia-origami\/","title":{"rendered":"Massimo Annibali \/ Madia Origami","gt_translate_keys":[{"key":"rendered","format":"text"}]},"content":{"rendered":"\n<p>Origami, madia disegnata e realizzata da <a class=\"jcepopup\" href=\"http:\/\/www.massimoannibali.it\" rel=\"nofollow\">Massimo Annibali<\/a>. Si caratterizza per la sua texture\u00a0 ad effetto scalpellato, lavorazione eseguita interamente a mano impiegando legno massello di listellare placcato in MDF per garantire stabilit\u00e0 e finita con laccatura semi lucida. Madia che si contraddistingue per un grande impatto visivo emozionale e tattile grazie alla sua superficie che vuole ricordare una carta piegata&#8230; Origami<\/p>\n\n\n<div class=\"wp-block-image\">\n<figure class=\"aligncenter\"><img loading=\"lazy\" decoding=\"async\" width=\"720\" height=\"480\" data-attachment-id=\"6362\" data-permalink=\"https:\/\/socialdesignmagazine.com\/mag\/design\/massimo-annibali-madia-origami\/attachment\/massimo_annibali_-_madia_origami_2\/#content\" data-orig-file=\"https:\/\/socialdesignmagazine.com\/mag\/wp-content\/uploads\/2011\/09\/benedetto_massimo_annibali_madia_origami_Massimo_Annibali_-_Madia_origami_2.jpg\" data-orig-size=\"720,480\" data-comments-opened=\"1\" data-image-meta=\"{&quot;aperture&quot;:&quot;0&quot;,&quot;credit&quot;:&quot;&quot;,&quot;camera&quot;:&quot;&quot;,&quot;caption&quot;:&quot;&quot;,&quot;created_timestamp&quot;:&quot;0&quot;,&quot;copyright&quot;:&quot;&quot;,&quot;focal_length&quot;:&quot;0&quot;,&quot;iso&quot;:&quot;0&quot;,&quot;shutter_speed&quot;:&quot;0&quot;,&quot;title&quot;:&quot;&quot;,&quot;orientation&quot;:&quot;0&quot;}\" data-image-title=\"Massimo_Annibali_-_Madia_origami_2\" data-image-description=\"\" data-image-caption=\"\" data-medium-file=\"https:\/\/socialdesignmagazine.com\/mag\/wp-content\/uploads\/2011\/09\/benedetto_massimo_annibali_madia_origami_Massimo_Annibali_-_Madia_origami_2-396x256.jpg\" data-large-file=\"https:\/\/socialdesignmagazine.com\/mag\/wp-content\/uploads\/2011\/09\/benedetto_massimo_annibali_madia_origami_Massimo_Annibali_-_Madia_origami_2.jpg\" src=\"https:\/\/socialdesignmagazine.com\/mag\/wp-content\/uploads\/2011\/09\/benedetto_massimo_annibali_madia_origami_Massimo_Annibali_-_Madia_origami_2.jpg\" alt=\"Massimo_Annibali_-_Madia_origami_2\" class=\"wp-image-6362\" srcset=\"https:\/\/socialdesignmagazine.com\/mag\/wp-content\/uploads\/2011\/09\/benedetto_massimo_annibali_madia_origami_Massimo_Annibali_-_Madia_origami_2.jpg 720w, https:\/\/socialdesignmagazine.com\/mag\/wp-content\/uploads\/2011\/09\/benedetto_massimo_annibali_madia_origami_Massimo_Annibali_-_Madia_origami_2-100x66.jpg 100w\" sizes=\"auto, (max-width: 720px) 100vw, 720px\" \/><\/figure>\n<\/div>\n\n<div class=\"wp-block-image\">\n<figure class=\"aligncenter\"><img loading=\"lazy\" decoding=\"async\" width=\"720\" height=\"480\" data-attachment-id=\"6363\" data-permalink=\"https:\/\/socialdesignmagazine.com\/mag\/design\/massimo-annibali-madia-origami\/attachment\/massimo_annibali_-_madia_origami_3\/#content\" data-orig-file=\"https:\/\/socialdesignmagazine.com\/mag\/wp-content\/uploads\/2011\/09\/benedetto_massimo_annibali_madia_origami_Massimo_Annibali_-_Madia_origami_3.jpg\" data-orig-size=\"720,480\" data-comments-opened=\"1\" data-image-meta=\"{&quot;aperture&quot;:&quot;0&quot;,&quot;credit&quot;:&quot;&quot;,&quot;camera&quot;:&quot;&quot;,&quot;caption&quot;:&quot;&quot;,&quot;created_timestamp&quot;:&quot;0&quot;,&quot;copyright&quot;:&quot;&quot;,&quot;focal_length&quot;:&quot;0&quot;,&quot;iso&quot;:&quot;0&quot;,&quot;shutter_speed&quot;:&quot;0&quot;,&quot;title&quot;:&quot;&quot;,&quot;orientation&quot;:&quot;0&quot;}\" data-image-title=\"Massimo_Annibali_-_Madia_origami_3\" data-image-description=\"\" data-image-caption=\"\" data-medium-file=\"https:\/\/socialdesignmagazine.com\/mag\/wp-content\/uploads\/2011\/09\/benedetto_massimo_annibali_madia_origami_Massimo_Annibali_-_Madia_origami_3-396x256.jpg\" data-large-file=\"https:\/\/socialdesignmagazine.com\/mag\/wp-content\/uploads\/2011\/09\/benedetto_massimo_annibali_madia_origami_Massimo_Annibali_-_Madia_origami_3.jpg\" src=\"https:\/\/socialdesignmagazine.com\/mag\/wp-content\/uploads\/2011\/09\/benedetto_massimo_annibali_madia_origami_Massimo_Annibali_-_Madia_origami_3.jpg\" alt=\"Massimo_Annibali_-_Madia_origami_3\" class=\"wp-image-6363\" srcset=\"https:\/\/socialdesignmagazine.com\/mag\/wp-content\/uploads\/2011\/09\/benedetto_massimo_annibali_madia_origami_Massimo_Annibali_-_Madia_origami_3.jpg 720w, https:\/\/socialdesignmagazine.com\/mag\/wp-content\/uploads\/2011\/09\/benedetto_massimo_annibali_madia_origami_Massimo_Annibali_-_Madia_origami_3-100x66.jpg 100w\" sizes=\"auto, (max-width: 720px) 100vw, 720px\" \/><\/figure>\n<\/div>","protected":false,"gt_translate_keys":[{"key":"rendered","format":"html"}]},"excerpt":{"rendered":"<p>Origami, madia disegnata e realizzata da Massimo Annibali. Si caratterizza per la sua texture\u00a0 ad effetto scalpellato, lavorazione eseguita interamente a mano impiegando legno massello di listellare placcato in MDF per garantire stabilit\u00e0 e finita con laccatura semi lucida.\t<\/p>\n","protected":false,"gt_translate_keys":[{"key":"rendered","format":"html"}]},"author":1,"featured_media":6361,"comment_status":"open","ping_status":"open","sticky":false,"template":"","format":"standard","meta":{"jetpack_post_was_ever_published":false,"_jetpack_newsletter_access":"","_jetpack_dont_email_post_to_subs":false,"_jetpack_newsletter_tier_id":0,"_jetpack_memberships_contains_paywalled_content":false,"_jetpack_memberships_contains_paid_content":false,"footnotes":"","_wpscppro_dont_share_socialmedia":false,"_wpscppro_custom_social_share_image":0,"_facebook_share_type":"","_twitter_share_type":"","_linkedin_share_type":"","_pinterest_share_type":"","_linkedin_share_type_page":"","_instagram_share_type":"","_medium_share_type":"","_threads_share_type":"","_google_business_share_type":"","_selected_social_profile":[],"_wpsp_enable_custom_social_template":false,"_wpsp_social_scheduling":{"enabled":false,"datetime":null,"platforms":[],"status":"template_only","dateOption":"today","timeOption":"now","customDays":"","customHours":"","customDate":"","customTime":"","schedulingType":"absolute"},"_wpsp_active_default_template":true},"categories":[13],"tags":[1604,1605,1603],"class_list":["post-427","post","type-post","status-publish","format-standard","has-post-thumbnail","hentry","category-design","tag-madia","tag-massimo-annibali","tag-origami"],"yoast_head":"<!-- This site is optimized with the Yoast SEO plugin v27.2 - https:\/\/yoast.com\/product\/yoast-seo-wordpress\/ -->\n<title>Massimo Annibali \/ Madia Origami - Social Design Magazine<\/title>\n<meta name=\"description\" content=\"Origami, madia disegnata e realizzata da Massimo Annibali. Si caratterizza per la sua texture\u00a0 ad effetto scalpellato, lavorazione eseguita interamente a mano impiegando legno massello di listellare placcato in MDF per garantire stabilit\u00e0 e finita con laccatura semi lucida.\" \/>\n<meta name=\"robots\" content=\"index, follow, max-snippet:-1, max-image-preview:large, max-video-preview:-1\" \/>\n<link rel=\"canonical\" href=\"https:\/\/socialdesignmagazine.com\/mag\/design\/massimo-annibali-madia-origami\/\" \/>\n<meta property=\"og:locale\" content=\"it_IT\" \/>\n<meta property=\"og:type\" content=\"article\" \/>\n<meta property=\"og:title\" content=\"Massimo Annibali \/ Madia Origami - Social Design Magazine\" \/>\n<meta property=\"og:description\" content=\"Origami, madia disegnata e realizzata da Massimo Annibali. Si caratterizza per la sua texture\u00a0 ad effetto scalpellato, lavorazione eseguita interamente a mano impiegando legno massello di listellare placcato in MDF per garantire stabilit\u00e0 e finita con laccatura semi lucida.\" \/>\n<meta property=\"og:url\" content=\"http:\/\/socialdesignmagazine.com\/mag\/design\/massimo-annibali-madia-origami\/\" \/>\n<meta property=\"og:site_name\" content=\"Social Design Magazine\" \/>\n<meta property=\"article:publisher\" content=\"https:\/\/www.facebook.com\/socialdesignmag\" \/>\n<meta property=\"article:author\" content=\"https:\/\/www.facebook.com\/benedettofiori\" \/>\n<meta property=\"article:published_time\" content=\"2011-09-22T18:24:18+00:00\" \/>\n<meta property=\"article:modified_time\" content=\"2024-05-07T19:14:50+00:00\" \/>\n<meta property=\"og:image\" content=\"https:\/\/socialdesignmagazine.com\/mag\/wp-content\/uploads\/2011\/09\/benedetto_massimo_annibali_madia_origami_Massimo_Annibali_-_Madia_origami_1.jpg\" \/>\n\t<meta property=\"og:image:width\" content=\"720\" \/>\n\t<meta property=\"og:image:height\" content=\"480\" \/>\n\t<meta property=\"og:image:type\" content=\"image\/jpeg\" \/>\n<meta name=\"author\" content=\"Benedetto Fiori\" \/>\n<meta name=\"twitter:card\" content=\"summary_large_image\" \/>\n<meta name=\"twitter:creator\" content=\"@benedettofiori\" \/>\n<meta name=\"twitter:site\" content=\"@socialdesignmag\" \/>\n<meta name=\"twitter:label1\" content=\"Scritto da\" \/>\n\t<meta name=\"twitter:data1\" content=\"Benedetto Fiori\" \/>\n\t<meta name=\"twitter:label2\" content=\"Tempo di lettura stimato\" \/>\n\t<meta name=\"twitter:data2\" content=\"1 minuto\" \/>\n<script type=\"application\/ld+json\" class=\"yoast-schema-graph\">{\"@context\":\"https:\/\/schema.org\",\"@graph\":[{\"@type\":\"Article\",\"@id\":\"https:\/\/socialdesignmagazine.com\/mag\/design\/massimo-annibali-madia-origami\/#article\",\"isPartOf\":{\"@id\":\"https:\/\/socialdesignmagazine.com\/mag\/design\/massimo-annibali-madia-origami\/\"},\"author\":{\"name\":\"Benedetto Fiori\",\"@id\":\"https:\/\/socialdesignmagazine.com\/mag\/#\/schema\/person\/61e20205cc363c315e6aabd33a045846\"},\"headline\":\"Massimo Annibali \/ Madia Origami\",\"datePublished\":\"2011-09-22T18:24:18+00:00\",\"dateModified\":\"2024-05-07T19:14:50+00:00\",\"mainEntityOfPage\":{\"@id\":\"https:\/\/socialdesignmagazine.com\/mag\/design\/massimo-annibali-madia-origami\/\"},\"wordCount\":66,\"commentCount\":0,\"publisher\":{\"@id\":\"https:\/\/socialdesignmagazine.com\/mag\/#organization\"},\"image\":{\"@id\":\"https:\/\/socialdesignmagazine.com\/mag\/design\/massimo-annibali-madia-origami\/#primaryimage\"},\"thumbnailUrl\":\"https:\/\/socialdesignmagazine.com\/mag\/wp-content\/uploads\/2011\/09\/benedetto_massimo_annibali_madia_origami_Massimo_Annibali_-_Madia_origami_1.jpg\",\"keywords\":[\"madia\",\"massimo annibali\",\"origami\"],\"articleSection\":[\"Design\"],\"inLanguage\":\"it-IT\",\"potentialAction\":[{\"@type\":\"CommentAction\",\"name\":\"Comment\",\"target\":[\"https:\/\/socialdesignmagazine.com\/mag\/design\/massimo-annibali-madia-origami\/#respond\"]}]},{\"@type\":\"WebPage\",\"@id\":\"https:\/\/socialdesignmagazine.com\/mag\/design\/massimo-annibali-madia-origami\/\",\"url\":\"https:\/\/socialdesignmagazine.com\/mag\/design\/massimo-annibali-madia-origami\/\",\"name\":\"Massimo Annibali \/ Madia Origami - Social Design Magazine\",\"isPartOf\":{\"@id\":\"https:\/\/socialdesignmagazine.com\/mag\/#website\"},\"primaryImageOfPage\":{\"@id\":\"https:\/\/socialdesignmagazine.com\/mag\/design\/massimo-annibali-madia-origami\/#primaryimage\"},\"image\":{\"@id\":\"https:\/\/socialdesignmagazine.com\/mag\/design\/massimo-annibali-madia-origami\/#primaryimage\"},\"thumbnailUrl\":\"https:\/\/socialdesignmagazine.com\/mag\/wp-content\/uploads\/2011\/09\/benedetto_massimo_annibali_madia_origami_Massimo_Annibali_-_Madia_origami_1.jpg\",\"datePublished\":\"2011-09-22T18:24:18+00:00\",\"dateModified\":\"2024-05-07T19:14:50+00:00\",\"description\":\"Origami, madia disegnata e realizzata da Massimo Annibali. Si caratterizza per la sua texture\u00a0 ad effetto scalpellato, lavorazione eseguita interamente a mano impiegando legno massello di listellare placcato in MDF per garantire stabilit\u00e0 e finita con laccatura semi lucida.\",\"breadcrumb\":{\"@id\":\"https:\/\/socialdesignmagazine.com\/mag\/design\/massimo-annibali-madia-origami\/#breadcrumb\"},\"inLanguage\":\"it-IT\",\"potentialAction\":[{\"@type\":\"ReadAction\",\"target\":[\"https:\/\/socialdesignmagazine.com\/mag\/design\/massimo-annibali-madia-origami\/\"]}]},{\"@type\":\"ImageObject\",\"inLanguage\":\"it-IT\",\"@id\":\"https:\/\/socialdesignmagazine.com\/mag\/design\/massimo-annibali-madia-origami\/#primaryimage\",\"url\":\"https:\/\/socialdesignmagazine.com\/mag\/wp-content\/uploads\/2011\/09\/benedetto_massimo_annibali_madia_origami_Massimo_Annibali_-_Madia_origami_1.jpg\",\"contentUrl\":\"https:\/\/socialdesignmagazine.com\/mag\/wp-content\/uploads\/2011\/09\/benedetto_massimo_annibali_madia_origami_Massimo_Annibali_-_Madia_origami_1.jpg\",\"width\":720,\"height\":480,\"caption\":\"Massimo_Annibali_-_Madia_origami_1\"},{\"@type\":\"BreadcrumbList\",\"@id\":\"https:\/\/socialdesignmagazine.com\/mag\/design\/massimo-annibali-madia-origami\/#breadcrumb\",\"itemListElement\":[{\"@type\":\"ListItem\",\"position\":1,\"name\":\"Home\",\"item\":\"https:\/\/socialdesignmagazine.com\/mag\/\"},{\"@type\":\"ListItem\",\"position\":2,\"name\":\"Design\",\"item\":\"https:\/\/socialdesignmagazine.com\/mag\/design\/\"},{\"@type\":\"ListItem\",\"position\":3,\"name\":\"Massimo Annibali \/ Madia Origami\"}]},{\"@type\":\"WebSite\",\"@id\":\"https:\/\/socialdesignmagazine.com\/mag\/#website\",\"url\":\"https:\/\/socialdesignmagazine.com\/mag\/\",\"name\":\"Social Design Magazine\",\"description\":\"Social Magazine su Design, Architettura, Arte, Grafica\",\"publisher\":{\"@id\":\"https:\/\/socialdesignmagazine.com\/mag\/#organization\"},\"potentialAction\":[{\"@type\":\"SearchAction\",\"target\":{\"@type\":\"EntryPoint\",\"urlTemplate\":\"https:\/\/socialdesignmagazine.com\/mag\/?s={search_term_string}\"},\"query-input\":{\"@type\":\"PropertyValueSpecification\",\"valueRequired\":true,\"valueName\":\"search_term_string\"}}],\"inLanguage\":\"it-IT\"},{\"@type\":\"Organization\",\"@id\":\"https:\/\/socialdesignmagazine.com\/mag\/#organization\",\"name\":\"Social Design Magazine\",\"url\":\"https:\/\/socialdesignmagazine.com\/mag\/\",\"logo\":{\"@type\":\"ImageObject\",\"inLanguage\":\"it-IT\",\"@id\":\"https:\/\/socialdesignmagazine.com\/mag\/#\/schema\/logo\/image\/\",\"url\":\"https:\/\/socialdesignmagazine.com\/mag\/wp-content\/uploads\/2017\/01\/logo_favicon_11.png\",\"contentUrl\":\"https:\/\/socialdesignmagazine.com\/mag\/wp-content\/uploads\/2017\/01\/logo_favicon_11.png\",\"width\":1024,\"height\":1024,\"caption\":\"Social Design Magazine\"},\"image\":{\"@id\":\"https:\/\/socialdesignmagazine.com\/mag\/#\/schema\/logo\/image\/\"},\"sameAs\":[\"https:\/\/www.facebook.com\/socialdesignmag\",\"https:\/\/x.com\/socialdesignmag\",\"http:\/\/instagram.com\/social_design_magazine\/\",\"http:\/\/pinterest.com\/socialdesignmag\/\",\"http:\/\/www.youtube.com\/user\/socialdesignmagazine\"]},{\"@type\":\"Person\",\"@id\":\"https:\/\/socialdesignmagazine.com\/mag\/#\/schema\/person\/61e20205cc363c315e6aabd33a045846\",\"name\":\"Benedetto Fiori\",\"image\":{\"@type\":\"ImageObject\",\"inLanguage\":\"it-IT\",\"@id\":\"https:\/\/secure.gravatar.com\/avatar\/450a48cefa36da63d920ad70aa660bd10725b1c6093800242e5efdb397759033?s=96&d=mm&r=g\",\"url\":\"https:\/\/secure.gravatar.com\/avatar\/450a48cefa36da63d920ad70aa660bd10725b1c6093800242e5efdb397759033?s=96&d=mm&r=g\",\"contentUrl\":\"https:\/\/secure.gravatar.com\/avatar\/450a48cefa36da63d920ad70aa660bd10725b1c6093800242e5efdb397759033?s=96&d=mm&r=g\",\"caption\":\"Benedetto Fiori\"},\"description\":\"Web | Twitter | Facebook | Shutterstock Founder &amp; Editor in Chief di Social Design Magazine. Attratto da sempre da tutto ci\u00f2 che \u00e8 creativit\u00e0, design, architettura. Dopo aver studiato Architettura all'Universit\u00e0 di Firenze, si \u00e8 impegnato in molteplici campi: comunicazione grafica, progettazione di allestimenti fieristici, brand design, Interior Design.\",\"sameAs\":[\"http:\/\/benedettofiori.com\",\"https:\/\/www.facebook.com\/benedettofiori\",\"https:\/\/x.com\/benedettofiori\"],\"url\":\"https:\/\/socialdesignmagazine.com\/mag\/author\/benedetto\/\"}]}<\/script>\n<!-- \/ Yoast SEO plugin. -->","yoast_head_json":{"title":"Massimo Annibali \/ Madia Origami - Social Design Magazine","description":"Origami, madia disegnata e realizzata da Massimo Annibali. Si caratterizza per la sua texture\u00a0 ad effetto scalpellato, lavorazione eseguita interamente a mano impiegando legno massello di listellare placcato in MDF per garantire stabilit\u00e0 e finita con laccatura semi lucida.","robots":{"index":"index","follow":"follow","max-snippet":"max-snippet:-1","max-image-preview":"max-image-preview:large","max-video-preview":"max-video-preview:-1"},"canonical":"https:\/\/socialdesignmagazine.com\/mag\/design\/massimo-annibali-madia-origami\/","og_locale":"it_IT","og_type":"article","og_title":"Massimo Annibali \/ Madia Origami - Social Design Magazine","og_description":"Origami, madia disegnata e realizzata da Massimo Annibali. Si caratterizza per la sua texture\u00a0 ad effetto scalpellato, lavorazione eseguita interamente a mano impiegando legno massello di listellare placcato in MDF per garantire stabilit\u00e0 e finita con laccatura semi lucida.","og_url":"http:\/\/socialdesignmagazine.com\/mag\/design\/massimo-annibali-madia-origami\/","og_site_name":"Social Design Magazine","article_publisher":"https:\/\/www.facebook.com\/socialdesignmag","article_author":"https:\/\/www.facebook.com\/benedettofiori","article_published_time":"2011-09-22T18:24:18+00:00","article_modified_time":"2024-05-07T19:14:50+00:00","og_image":[{"width":720,"height":480,"url":"https:\/\/socialdesignmagazine.com\/mag\/wp-content\/uploads\/2011\/09\/benedetto_massimo_annibali_madia_origami_Massimo_Annibali_-_Madia_origami_1.jpg","type":"image\/jpeg"}],"author":"Benedetto Fiori","twitter_card":"summary_large_image","twitter_creator":"@benedettofiori","twitter_site":"@socialdesignmag","twitter_misc":{"Scritto da":"Benedetto Fiori","Tempo di lettura stimato":"1 minuto"},"schema":{"@context":"https:\/\/schema.org","@graph":[{"@type":"Article","@id":"https:\/\/socialdesignmagazine.com\/mag\/design\/massimo-annibali-madia-origami\/#article","isPartOf":{"@id":"https:\/\/socialdesignmagazine.com\/mag\/design\/massimo-annibali-madia-origami\/"},"author":{"name":"Benedetto Fiori","@id":"https:\/\/socialdesignmagazine.com\/mag\/#\/schema\/person\/61e20205cc363c315e6aabd33a045846"},"headline":"Massimo Annibali \/ Madia Origami","datePublished":"2011-09-22T18:24:18+00:00","dateModified":"2024-05-07T19:14:50+00:00","mainEntityOfPage":{"@id":"https:\/\/socialdesignmagazine.com\/mag\/design\/massimo-annibali-madia-origami\/"},"wordCount":66,"commentCount":0,"publisher":{"@id":"https:\/\/socialdesignmagazine.com\/mag\/#organization"},"image":{"@id":"https:\/\/socialdesignmagazine.com\/mag\/design\/massimo-annibali-madia-origami\/#primaryimage"},"thumbnailUrl":"https:\/\/socialdesignmagazine.com\/mag\/wp-content\/uploads\/2011\/09\/benedetto_massimo_annibali_madia_origami_Massimo_Annibali_-_Madia_origami_1.jpg","keywords":["madia","massimo annibali","origami"],"articleSection":["Design"],"inLanguage":"it-IT","potentialAction":[{"@type":"CommentAction","name":"Comment","target":["https:\/\/socialdesignmagazine.com\/mag\/design\/massimo-annibali-madia-origami\/#respond"]}]},{"@type":"WebPage","@id":"https:\/\/socialdesignmagazine.com\/mag\/design\/massimo-annibali-madia-origami\/","url":"https:\/\/socialdesignmagazine.com\/mag\/design\/massimo-annibali-madia-origami\/","name":"Massimo Annibali \/ Madia Origami - Social Design Magazine","isPartOf":{"@id":"https:\/\/socialdesignmagazine.com\/mag\/#website"},"primaryImageOfPage":{"@id":"https:\/\/socialdesignmagazine.com\/mag\/design\/massimo-annibali-madia-origami\/#primaryimage"},"image":{"@id":"https:\/\/socialdesignmagazine.com\/mag\/design\/massimo-annibali-madia-origami\/#primaryimage"},"thumbnailUrl":"https:\/\/socialdesignmagazine.com\/mag\/wp-content\/uploads\/2011\/09\/benedetto_massimo_annibali_madia_origami_Massimo_Annibali_-_Madia_origami_1.jpg","datePublished":"2011-09-22T18:24:18+00:00","dateModified":"2024-05-07T19:14:50+00:00","description":"Origami, madia disegnata e realizzata da Massimo Annibali. Si caratterizza per la sua texture\u00a0 ad effetto scalpellato, lavorazione eseguita interamente a mano impiegando legno massello di listellare placcato in MDF per garantire stabilit\u00e0 e finita con laccatura semi lucida.","breadcrumb":{"@id":"https:\/\/socialdesignmagazine.com\/mag\/design\/massimo-annibali-madia-origami\/#breadcrumb"},"inLanguage":"it-IT","potentialAction":[{"@type":"ReadAction","target":["https:\/\/socialdesignmagazine.com\/mag\/design\/massimo-annibali-madia-origami\/"]}]},{"@type":"ImageObject","inLanguage":"it-IT","@id":"https:\/\/socialdesignmagazine.com\/mag\/design\/massimo-annibali-madia-origami\/#primaryimage","url":"https:\/\/socialdesignmagazine.com\/mag\/wp-content\/uploads\/2011\/09\/benedetto_massimo_annibali_madia_origami_Massimo_Annibali_-_Madia_origami_1.jpg","contentUrl":"https:\/\/socialdesignmagazine.com\/mag\/wp-content\/uploads\/2011\/09\/benedetto_massimo_annibali_madia_origami_Massimo_Annibali_-_Madia_origami_1.jpg","width":720,"height":480,"caption":"Massimo_Annibali_-_Madia_origami_1"},{"@type":"BreadcrumbList","@id":"https:\/\/socialdesignmagazine.com\/mag\/design\/massimo-annibali-madia-origami\/#breadcrumb","itemListElement":[{"@type":"ListItem","position":1,"name":"Home","item":"https:\/\/socialdesignmagazine.com\/mag\/"},{"@type":"ListItem","position":2,"name":"Design","item":"https:\/\/socialdesignmagazine.com\/mag\/design\/"},{"@type":"ListItem","position":3,"name":"Massimo Annibali \/ Madia Origami"}]},{"@type":"WebSite","@id":"https:\/\/socialdesignmagazine.com\/mag\/#website","url":"https:\/\/socialdesignmagazine.com\/mag\/","name":"Social Design Magazine","description":"Social Magazine su Design, Architettura, Arte, Grafica","publisher":{"@id":"https:\/\/socialdesignmagazine.com\/mag\/#organization"},"potentialAction":[{"@type":"SearchAction","target":{"@type":"EntryPoint","urlTemplate":"https:\/\/socialdesignmagazine.com\/mag\/?s={search_term_string}"},"query-input":{"@type":"PropertyValueSpecification","valueRequired":true,"valueName":"search_term_string"}}],"inLanguage":"it-IT"},{"@type":"Organization","@id":"https:\/\/socialdesignmagazine.com\/mag\/#organization","name":"Social Design Magazine","url":"https:\/\/socialdesignmagazine.com\/mag\/","logo":{"@type":"ImageObject","inLanguage":"it-IT","@id":"https:\/\/socialdesignmagazine.com\/mag\/#\/schema\/logo\/image\/","url":"https:\/\/socialdesignmagazine.com\/mag\/wp-content\/uploads\/2017\/01\/logo_favicon_11.png","contentUrl":"https:\/\/socialdesignmagazine.com\/mag\/wp-content\/uploads\/2017\/01\/logo_favicon_11.png","width":1024,"height":1024,"caption":"Social Design Magazine"},"image":{"@id":"https:\/\/socialdesignmagazine.com\/mag\/#\/schema\/logo\/image\/"},"sameAs":["https:\/\/www.facebook.com\/socialdesignmag","https:\/\/x.com\/socialdesignmag","http:\/\/instagram.com\/social_design_magazine\/","http:\/\/pinterest.com\/socialdesignmag\/","http:\/\/www.youtube.com\/user\/socialdesignmagazine"]},{"@type":"Person","@id":"https:\/\/socialdesignmagazine.com\/mag\/#\/schema\/person\/61e20205cc363c315e6aabd33a045846","name":"Benedetto Fiori","image":{"@type":"ImageObject","inLanguage":"it-IT","@id":"https:\/\/secure.gravatar.com\/avatar\/450a48cefa36da63d920ad70aa660bd10725b1c6093800242e5efdb397759033?s=96&d=mm&r=g","url":"https:\/\/secure.gravatar.com\/avatar\/450a48cefa36da63d920ad70aa660bd10725b1c6093800242e5efdb397759033?s=96&d=mm&r=g","contentUrl":"https:\/\/secure.gravatar.com\/avatar\/450a48cefa36da63d920ad70aa660bd10725b1c6093800242e5efdb397759033?s=96&d=mm&r=g","caption":"Benedetto Fiori"},"description":"Web | Twitter | Facebook | Shutterstock Founder &amp; Editor in Chief di Social Design Magazine. Attratto da sempre da tutto ci\u00f2 che \u00e8 creativit\u00e0, design, architettura. Dopo aver studiato Architettura all'Universit\u00e0 di Firenze, si \u00e8 impegnato in molteplici campi: comunicazione grafica, progettazione di allestimenti fieristici, brand design, Interior Design.","sameAs":["http:\/\/benedettofiori.com","https:\/\/www.facebook.com\/benedettofiori","https:\/\/x.com\/benedettofiori"],"url":"https:\/\/socialdesignmagazine.com\/mag\/author\/benedetto\/"}]}},"jetpack_featured_media_url":"https:\/\/socialdesignmagazine.com\/mag\/wp-content\/uploads\/2011\/09\/benedetto_massimo_annibali_madia_origami_Massimo_Annibali_-_Madia_origami_1.jpg","jetpack_sharing_enabled":true,"jetpack_shortlink":"https:\/\/wp.me\/p6cV7V-6T","gt_translate_keys":[{"key":"link","format":"url"}],"_links":{"self":[{"href":"https:\/\/socialdesignmagazine.com\/mag\/wp-json\/wp\/v2\/posts\/427","targetHints":{"allow":["GET"]}}],"collection":[{"href":"https:\/\/socialdesignmagazine.com\/mag\/wp-json\/wp\/v2\/posts"}],"about":[{"href":"https:\/\/socialdesignmagazine.com\/mag\/wp-json\/wp\/v2\/types\/post"}],"author":[{"embeddable":true,"href":"https:\/\/socialdesignmagazine.com\/mag\/wp-json\/wp\/v2\/users\/1"}],"replies":[{"embeddable":true,"href":"https:\/\/socialdesignmagazine.com\/mag\/wp-json\/wp\/v2\/comments?post=427"}],"version-history":[{"count":1,"href":"https:\/\/socialdesignmagazine.com\/mag\/wp-json\/wp\/v2\/posts\/427\/revisions"}],"predecessor-version":[{"id":59336,"href":"https:\/\/socialdesignmagazine.com\/mag\/wp-json\/wp\/v2\/posts\/427\/revisions\/59336"}],"wp:featuredmedia":[{"embeddable":true,"href":"https:\/\/socialdesignmagazine.com\/mag\/wp-json\/wp\/v2\/media\/6361"}],"wp:attachment":[{"href":"https:\/\/socialdesignmagazine.com\/mag\/wp-json\/wp\/v2\/media?parent=427"}],"wp:term":[{"taxonomy":"category","embeddable":true,"href":"https:\/\/socialdesignmagazine.com\/mag\/wp-json\/wp\/v2\/categories?post=427"},{"taxonomy":"post_tag","embeddable":true,"href":"https:\/\/socialdesignmagazine.com\/mag\/wp-json\/wp\/v2\/tags?post=427"}],"curies":[{"name":"wp","href":"https:\/\/api.w.org\/{rel}","templated":true}]}}