{"id":43521,"date":"2022-05-01T11:13:00","date_gmt":"2022-05-01T09:13:00","guid":{"rendered":"https:\/\/socialdesignmagazine.com\/mag\/?p=43521"},"modified":"2022-04-26T22:58:59","modified_gmt":"2022-04-26T20:58:59","slug":"italica-di-rubinetterie-stella-conquista-le-alpi-francesi","status":"publish","type":"post","link":"https:\/\/socialdesignmagazine.com\/mag\/news\/architettura-news\/italica-di-rubinetterie-stella-conquista-le-alpi-francesi\/","title":{"rendered":"Italica di Rubinetterie Stella conquista le Alpi Francesi","gt_translate_keys":[{"key":"rendered","format":"text"}]},"content":{"rendered":"\n<p>Le Coucou sceglie la Serie Italica nell\u2019anno del suo centenario.<\/p>\n\n\n\n<p>Le Coucou \u00e8 un hotel a 5 stelle situato a M\u00e9ribel, rinomata localit\u00e0 sciistica nel dipartimento francese della Savoia. Con un\u2019allure elegante da chalet tradizionale, in perfetta osmosi con il paesaggio circostante, si distende per sei piani di terrazze lungo le piste innevate, dominando con lo sguardo le cime maestose di ben tre vallate.<\/p>\n\n\n\n<p>Al suo interno, che consta di 55 camere, di cui 39 suite e un centro benessere, l\u2019architetto Pierre Yovanovic ha saputo trasformare ciascuna apertura in un dipinto capace di mozzare il fiato. Combinando un lusso semplice e caloroso con un\u2019atmosfera contemporanea chic e rilassante, giocando sull\u2019arte del contrasto tra il monumentale e l\u2019intimista, le linee geometriche rigide e i volumi morbidi, il vintage  e l\u2019originalit\u00e0, il disegno tecnico e l\u2019artigianato, Yovanovic ha riletto il repertorio classico dello stile alpino attraverso uno sguardo contemporaneo pulito, ma accogliente  e sottilmente stravagante.<\/p>\n\n\n\n<p>Per le sale da bagno di un ambiente cos\u00ec unico, Le Coucou ha scelto la Serie Italica di Rubinetterie Stella. Un\u2019icona della rubinetteria tradizionale capace di rispondere alle esigenze del contemporaneo, apportando eccezionali prestazioni meccaniche e idrauliche insieme ad una carica evocativa straordinaria, praticamente inossidabile.<\/p>\n\n\n\n<figure class=\"wp-block-gallery has-nested-images columns-2 is-cropped wp-block-gallery-1 is-layout-flex wp-block-gallery-is-layout-flex\">\n<figure class=\"wp-block-image size-large\"><img loading=\"lazy\" decoding=\"async\" width=\"1501\" height=\"1000\" data-attachment-id=\"43525\" data-permalink=\"https:\/\/socialdesignmagazine.com\/mag\/news\/architettura-news\/italica-di-rubinetterie-stella-conquista-le-alpi-francesi\/attachment\/hotel-le-coucou-hotel-100282-1600-1000-auto-2-jpg\/#content\" data-orig-file=\"https:\/\/socialdesignmagazine.com\/mag\/wp-content\/uploads\/2022\/02\/hotel-le-coucou-hotel-100282-1600-1000-auto-2.jpg\" data-orig-size=\"1501,1000\" data-comments-opened=\"1\" data-image-meta=\"{&quot;aperture&quot;:&quot;0&quot;,&quot;credit&quot;:&quot;&quot;,&quot;camera&quot;:&quot;&quot;,&quot;caption&quot;:&quot;&quot;,&quot;created_timestamp&quot;:&quot;0&quot;,&quot;copyright&quot;:&quot;&quot;,&quot;focal_length&quot;:&quot;0&quot;,&quot;iso&quot;:&quot;0&quot;,&quot;shutter_speed&quot;:&quot;0&quot;,&quot;title&quot;:&quot;&quot;,&quot;orientation&quot;:&quot;1&quot;}\" data-image-title=\"hotel-le-coucou-hotel-100282-1600-1000-auto-2.jpg\" data-image-description=\"\" data-image-caption=\"\" data-medium-file=\"https:\/\/socialdesignmagazine.com\/mag\/wp-content\/uploads\/2022\/02\/hotel-le-coucou-hotel-100282-1600-1000-auto-2-438x283.jpg\" data-large-file=\"https:\/\/socialdesignmagazine.com\/mag\/wp-content\/uploads\/2022\/02\/hotel-le-coucou-hotel-100282-1600-1000-auto-2-1024x682.jpg\" data-id=\"43525\" src=\"https:\/\/socialdesignmagazine.com\/mag\/wp-content\/uploads\/2022\/02\/hotel-le-coucou-hotel-100282-1600-1000-auto-2.jpg\" alt=\"\" class=\"wp-image-43525\" srcset=\"https:\/\/socialdesignmagazine.com\/mag\/wp-content\/uploads\/2022\/02\/hotel-le-coucou-hotel-100282-1600-1000-auto-2.jpg 1501w, https:\/\/socialdesignmagazine.com\/mag\/wp-content\/uploads\/2022\/02\/hotel-le-coucou-hotel-100282-1600-1000-auto-2-1024x682.jpg 1024w, https:\/\/socialdesignmagazine.com\/mag\/wp-content\/uploads\/2022\/02\/hotel-le-coucou-hotel-100282-1600-1000-auto-2-100x66.jpg 100w, https:\/\/socialdesignmagazine.com\/mag\/wp-content\/uploads\/2022\/02\/hotel-le-coucou-hotel-100282-1600-1000-auto-2-768x512.jpg 768w\" sizes=\"auto, (max-width: 1501px) 100vw, 1501px\" \/><\/figure>\n\n\n\n<figure class=\"wp-block-image size-large\"><img loading=\"lazy\" decoding=\"async\" width=\"1501\" height=\"1000\" data-attachment-id=\"43524\" data-permalink=\"https:\/\/socialdesignmagazine.com\/mag\/news\/architettura-news\/italica-di-rubinetterie-stella-conquista-le-alpi-francesi\/attachment\/hotel-le-coucou-hotel-96545-1600-1000-auto-1-jpg\/#content\" data-orig-file=\"https:\/\/socialdesignmagazine.com\/mag\/wp-content\/uploads\/2022\/02\/hotel-le-coucou-hotel-96545-1600-1000-auto-1.jpg\" data-orig-size=\"1501,1000\" data-comments-opened=\"1\" data-image-meta=\"{&quot;aperture&quot;:&quot;0&quot;,&quot;credit&quot;:&quot;&quot;,&quot;camera&quot;:&quot;&quot;,&quot;caption&quot;:&quot;&quot;,&quot;created_timestamp&quot;:&quot;0&quot;,&quot;copyright&quot;:&quot;&quot;,&quot;focal_length&quot;:&quot;0&quot;,&quot;iso&quot;:&quot;0&quot;,&quot;shutter_speed&quot;:&quot;0&quot;,&quot;title&quot;:&quot;&quot;,&quot;orientation&quot;:&quot;1&quot;}\" data-image-title=\"hotel-le-coucou-hotel-96545-1600-1000-auto-1.jpg\" data-image-description=\"\" data-image-caption=\"\" data-medium-file=\"https:\/\/socialdesignmagazine.com\/mag\/wp-content\/uploads\/2022\/02\/hotel-le-coucou-hotel-96545-1600-1000-auto-1-438x283.jpg\" data-large-file=\"https:\/\/socialdesignmagazine.com\/mag\/wp-content\/uploads\/2022\/02\/hotel-le-coucou-hotel-96545-1600-1000-auto-1-1024x682.jpg\" data-id=\"43524\" src=\"https:\/\/socialdesignmagazine.com\/mag\/wp-content\/uploads\/2022\/02\/hotel-le-coucou-hotel-96545-1600-1000-auto-1.jpg\" alt=\"\" class=\"wp-image-43524\" srcset=\"https:\/\/socialdesignmagazine.com\/mag\/wp-content\/uploads\/2022\/02\/hotel-le-coucou-hotel-96545-1600-1000-auto-1.jpg 1501w, https:\/\/socialdesignmagazine.com\/mag\/wp-content\/uploads\/2022\/02\/hotel-le-coucou-hotel-96545-1600-1000-auto-1-1024x682.jpg 1024w, https:\/\/socialdesignmagazine.com\/mag\/wp-content\/uploads\/2022\/02\/hotel-le-coucou-hotel-96545-1600-1000-auto-1-100x66.jpg 100w, https:\/\/socialdesignmagazine.com\/mag\/wp-content\/uploads\/2022\/02\/hotel-le-coucou-hotel-96545-1600-1000-auto-1-768x512.jpg 768w\" sizes=\"auto, (max-width: 1501px) 100vw, 1501px\" \/><\/figure>\n\n\n\n<figure class=\"wp-block-image size-large\"><img loading=\"lazy\" decoding=\"async\" width=\"1501\" height=\"1000\" data-attachment-id=\"43523\" data-permalink=\"https:\/\/socialdesignmagazine.com\/mag\/news\/architettura-news\/italica-di-rubinetterie-stella-conquista-le-alpi-francesi\/attachment\/3025523763acde65fbe8543667454b9231632ad8-130771-1600-1000-auto-0-jpg\/#content\" data-orig-file=\"https:\/\/socialdesignmagazine.com\/mag\/wp-content\/uploads\/2022\/02\/3025523763acde65fbe8543667454b9231632ad8-130771-1600-1000-auto-0.jpg\" data-orig-size=\"1501,1000\" data-comments-opened=\"1\" data-image-meta=\"{&quot;aperture&quot;:&quot;0&quot;,&quot;credit&quot;:&quot;&quot;,&quot;camera&quot;:&quot;&quot;,&quot;caption&quot;:&quot;&quot;,&quot;created_timestamp&quot;:&quot;0&quot;,&quot;copyright&quot;:&quot;&quot;,&quot;focal_length&quot;:&quot;0&quot;,&quot;iso&quot;:&quot;0&quot;,&quot;shutter_speed&quot;:&quot;0&quot;,&quot;title&quot;:&quot;&quot;,&quot;orientation&quot;:&quot;1&quot;}\" data-image-title=\"3025523763acde65fbe8543667454b9231632ad8-130771-1600-1000-auto-0.jpg\" data-image-description=\"\" data-image-caption=\"\" data-medium-file=\"https:\/\/socialdesignmagazine.com\/mag\/wp-content\/uploads\/2022\/02\/3025523763acde65fbe8543667454b9231632ad8-130771-1600-1000-auto-0-438x283.jpg\" data-large-file=\"https:\/\/socialdesignmagazine.com\/mag\/wp-content\/uploads\/2022\/02\/3025523763acde65fbe8543667454b9231632ad8-130771-1600-1000-auto-0-1024x682.jpg\" data-id=\"43523\" src=\"https:\/\/socialdesignmagazine.com\/mag\/wp-content\/uploads\/2022\/02\/3025523763acde65fbe8543667454b9231632ad8-130771-1600-1000-auto-0.jpg\" alt=\"\" class=\"wp-image-43523\" srcset=\"https:\/\/socialdesignmagazine.com\/mag\/wp-content\/uploads\/2022\/02\/3025523763acde65fbe8543667454b9231632ad8-130771-1600-1000-auto-0.jpg 1501w, https:\/\/socialdesignmagazine.com\/mag\/wp-content\/uploads\/2022\/02\/3025523763acde65fbe8543667454b9231632ad8-130771-1600-1000-auto-0-1024x682.jpg 1024w, https:\/\/socialdesignmagazine.com\/mag\/wp-content\/uploads\/2022\/02\/3025523763acde65fbe8543667454b9231632ad8-130771-1600-1000-auto-0-100x66.jpg 100w, https:\/\/socialdesignmagazine.com\/mag\/wp-content\/uploads\/2022\/02\/3025523763acde65fbe8543667454b9231632ad8-130771-1600-1000-auto-0-768x512.jpg 768w\" sizes=\"auto, (max-width: 1501px) 100vw, 1501px\" \/><\/figure>\n<\/figure>\n\n\n\n<p><a rel=\"nofollow\" href=\"http:\/\/www.rubinetteriestella.it\">www.rubinetteriestella.it<\/a><\/p>\n","protected":false,"gt_translate_keys":[{"key":"rendered","format":"html"}]},"excerpt":{"rendered":"<p>Per le sale da bagno di un ambiente cos\u00ec unico, Le Coucou ha scelto la Serie Italica di Rubinetterie Stella. Un\u2019icona della rubinetteria tradizionale.<\/p>\n","protected":false,"gt_translate_keys":[{"key":"rendered","format":"html"}]},"author":156,"featured_media":43523,"comment_status":"open","ping_status":"open","sticky":false,"template":"","format":"standard","meta":{"jetpack_post_was_ever_published":false,"_jetpack_newsletter_access":"","_jetpack_dont_email_post_to_subs":false,"_jetpack_newsletter_tier_id":0,"_jetpack_memberships_contains_paywalled_content":false,"_jetpack_memberships_contains_paid_content":false,"footnotes":"","_wpscppro_dont_share_socialmedia":false,"_wpscppro_custom_social_share_image":0,"_facebook_share_type":"","_twitter_share_type":"","_linkedin_share_type":"","_pinterest_share_type":"","_linkedin_share_type_page":"","_instagram_share_type":"","_medium_share_type":"","_threads_share_type":"","_google_business_share_type":"","_selected_social_profile":[],"_wpsp_enable_custom_social_template":false,"_wpsp_social_scheduling":{"enabled":false,"datetime":null,"platforms":[],"status":"template_only","dateOption":"today","timeOption":"now","customDays":"","customHours":"","customDate":"","customTime":"","schedulingType":"absolute"},"_wpsp_active_default_template":true},"categories":[22],"tags":[6298,306,5445,548,6296,6295,1648,6297,3336,4046,6294,4815],"class_list":["post-43521","post","type-post","status-publish","format-standard","has-post-thumbnail","hentry","category-architettura-news","tag-5-stelle","tag-bagno","tag-design","tag-hotel","tag-icona","tag-le-coucou","tag-lusso","tag-meribel","tag-miscelatore","tag-rubinetterie-stella","tag-savoia","tag-serie-italica"],"yoast_head":"<!-- This site is optimized with the Yoast SEO plugin v27.2 - https:\/\/yoast.com\/product\/yoast-seo-wordpress\/ -->\n<title>Italica di Rubinetterie Stella conquista le Alpi Francesi - Social Design Magazine<\/title>\n<meta name=\"description\" content=\"Per le sale da bagno di un ambiente cos\u00ec unico, Le Coucou ha scelto la Serie Italica di Rubinetterie Stella. Un\u2019icona della rubinetteria tradizionale.\" \/>\n<meta name=\"robots\" content=\"index, follow, max-snippet:-1, max-image-preview:large, max-video-preview:-1\" \/>\n<link rel=\"canonical\" href=\"https:\/\/socialdesignmagazine.com\/mag\/news\/architettura-news\/italica-di-rubinetterie-stella-conquista-le-alpi-francesi\/\" \/>\n<meta property=\"og:locale\" content=\"it_IT\" \/>\n<meta property=\"og:type\" content=\"article\" \/>\n<meta property=\"og:title\" content=\"Italica di Rubinetterie Stella conquista le Alpi Francesi - Social Design Magazine\" \/>\n<meta property=\"og:description\" content=\"Per le sale da bagno di un ambiente cos\u00ec unico, Le Coucou ha scelto la Serie Italica di Rubinetterie Stella. Un\u2019icona della rubinetteria tradizionale.\" \/>\n<meta property=\"og:url\" content=\"http:\/\/socialdesignmagazine.com\/mag\/news\/architettura-news\/italica-di-rubinetterie-stella-conquista-le-alpi-francesi\/\" \/>\n<meta property=\"og:site_name\" content=\"Social Design Magazine\" \/>\n<meta property=\"article:publisher\" content=\"https:\/\/www.facebook.com\/socialdesignmag\" \/>\n<meta property=\"article:published_time\" content=\"2022-05-01T09:13:00+00:00\" \/>\n<meta property=\"og:image\" content=\"https:\/\/socialdesignmagazine.com\/mag\/wp-content\/uploads\/2022\/02\/3025523763acde65fbe8543667454b9231632ad8-130771-1600-1000-auto-0.jpg\" \/>\n\t<meta property=\"og:image:width\" content=\"1501\" \/>\n\t<meta property=\"og:image:height\" content=\"1000\" \/>\n\t<meta property=\"og:image:type\" content=\"image\/jpeg\" \/>\n<meta name=\"author\" content=\"Lorenzo Strona &amp; Partners\" \/>\n<meta name=\"twitter:card\" content=\"summary_large_image\" \/>\n<meta name=\"twitter:creator\" content=\"@socialdesignmag\" \/>\n<meta name=\"twitter:site\" content=\"@socialdesignmag\" \/>\n<meta name=\"twitter:label1\" content=\"Scritto da\" \/>\n\t<meta name=\"twitter:data1\" content=\"Lorenzo Strona &amp; Partners\" \/>\n\t<meta name=\"twitter:label2\" content=\"Tempo di lettura stimato\" \/>\n\t<meta name=\"twitter:data2\" content=\"2 minuti\" \/>\n<script type=\"application\/ld+json\" class=\"yoast-schema-graph\">{\"@context\":\"https:\/\/schema.org\",\"@graph\":[{\"@type\":\"Article\",\"@id\":\"https:\/\/socialdesignmagazine.com\/mag\/news\/architettura-news\/italica-di-rubinetterie-stella-conquista-le-alpi-francesi\/#article\",\"isPartOf\":{\"@id\":\"https:\/\/socialdesignmagazine.com\/mag\/news\/architettura-news\/italica-di-rubinetterie-stella-conquista-le-alpi-francesi\/\"},\"author\":{\"name\":\"Lorenzo Strona &amp; Partners\",\"@id\":\"https:\/\/socialdesignmagazine.com\/mag\/#\/schema\/person\/2f0d6c004e2819dd154da12b087ab674\"},\"headline\":\"Italica di Rubinetterie Stella conquista le Alpi Francesi\",\"datePublished\":\"2022-05-01T09:13:00+00:00\",\"mainEntityOfPage\":{\"@id\":\"https:\/\/socialdesignmagazine.com\/mag\/news\/architettura-news\/italica-di-rubinetterie-stella-conquista-le-alpi-francesi\/\"},\"wordCount\":215,\"commentCount\":0,\"publisher\":{\"@id\":\"https:\/\/socialdesignmagazine.com\/mag\/#organization\"},\"image\":{\"@id\":\"https:\/\/socialdesignmagazine.com\/mag\/news\/architettura-news\/italica-di-rubinetterie-stella-conquista-le-alpi-francesi\/#primaryimage\"},\"thumbnailUrl\":\"https:\/\/socialdesignmagazine.com\/mag\/wp-content\/uploads\/2022\/02\/3025523763acde65fbe8543667454b9231632ad8-130771-1600-1000-auto-0.jpg\",\"keywords\":[\"5 stelle\",\"bagno\",\"design\",\"hotel\",\"icona\",\"Le Coucou\",\"lusso\",\"M\u00e9ribel\",\"miscelatore\",\"rubinetterie stella\",\"Savoia\",\"serie italica\"],\"articleSection\":[\"Architettura News\"],\"inLanguage\":\"it-IT\",\"potentialAction\":[{\"@type\":\"CommentAction\",\"name\":\"Comment\",\"target\":[\"https:\/\/socialdesignmagazine.com\/mag\/news\/architettura-news\/italica-di-rubinetterie-stella-conquista-le-alpi-francesi\/#respond\"]}]},{\"@type\":\"WebPage\",\"@id\":\"https:\/\/socialdesignmagazine.com\/mag\/news\/architettura-news\/italica-di-rubinetterie-stella-conquista-le-alpi-francesi\/\",\"url\":\"https:\/\/socialdesignmagazine.com\/mag\/news\/architettura-news\/italica-di-rubinetterie-stella-conquista-le-alpi-francesi\/\",\"name\":\"Italica di Rubinetterie Stella conquista le Alpi Francesi - Social Design Magazine\",\"isPartOf\":{\"@id\":\"https:\/\/socialdesignmagazine.com\/mag\/#website\"},\"primaryImageOfPage\":{\"@id\":\"https:\/\/socialdesignmagazine.com\/mag\/news\/architettura-news\/italica-di-rubinetterie-stella-conquista-le-alpi-francesi\/#primaryimage\"},\"image\":{\"@id\":\"https:\/\/socialdesignmagazine.com\/mag\/news\/architettura-news\/italica-di-rubinetterie-stella-conquista-le-alpi-francesi\/#primaryimage\"},\"thumbnailUrl\":\"https:\/\/socialdesignmagazine.com\/mag\/wp-content\/uploads\/2022\/02\/3025523763acde65fbe8543667454b9231632ad8-130771-1600-1000-auto-0.jpg\",\"datePublished\":\"2022-05-01T09:13:00+00:00\",\"description\":\"Per le sale da bagno di un ambiente cos\u00ec unico, Le Coucou ha scelto la Serie Italica di Rubinetterie Stella. Un\u2019icona della rubinetteria tradizionale.\",\"breadcrumb\":{\"@id\":\"https:\/\/socialdesignmagazine.com\/mag\/news\/architettura-news\/italica-di-rubinetterie-stella-conquista-le-alpi-francesi\/#breadcrumb\"},\"inLanguage\":\"it-IT\",\"potentialAction\":[{\"@type\":\"ReadAction\",\"target\":[\"https:\/\/socialdesignmagazine.com\/mag\/news\/architettura-news\/italica-di-rubinetterie-stella-conquista-le-alpi-francesi\/\"]}]},{\"@type\":\"ImageObject\",\"inLanguage\":\"it-IT\",\"@id\":\"https:\/\/socialdesignmagazine.com\/mag\/news\/architettura-news\/italica-di-rubinetterie-stella-conquista-le-alpi-francesi\/#primaryimage\",\"url\":\"https:\/\/socialdesignmagazine.com\/mag\/wp-content\/uploads\/2022\/02\/3025523763acde65fbe8543667454b9231632ad8-130771-1600-1000-auto-0.jpg\",\"contentUrl\":\"https:\/\/socialdesignmagazine.com\/mag\/wp-content\/uploads\/2022\/02\/3025523763acde65fbe8543667454b9231632ad8-130771-1600-1000-auto-0.jpg\",\"width\":1501,\"height\":1000},{\"@type\":\"BreadcrumbList\",\"@id\":\"https:\/\/socialdesignmagazine.com\/mag\/news\/architettura-news\/italica-di-rubinetterie-stella-conquista-le-alpi-francesi\/#breadcrumb\",\"itemListElement\":[{\"@type\":\"ListItem\",\"position\":1,\"name\":\"Home\",\"item\":\"https:\/\/socialdesignmagazine.com\/mag\/\"},{\"@type\":\"ListItem\",\"position\":2,\"name\":\"News\",\"item\":\"https:\/\/socialdesignmagazine.com\/mag\/news\/\"},{\"@type\":\"ListItem\",\"position\":3,\"name\":\"Architettura News\",\"item\":\"https:\/\/socialdesignmagazine.com\/mag\/news\/architettura-news\/\"},{\"@type\":\"ListItem\",\"position\":4,\"name\":\"Italica di Rubinetterie Stella conquista le Alpi Francesi\"}]},{\"@type\":\"WebSite\",\"@id\":\"https:\/\/socialdesignmagazine.com\/mag\/#website\",\"url\":\"https:\/\/socialdesignmagazine.com\/mag\/\",\"name\":\"Social Design Magazine\",\"description\":\"Social Magazine su Design, Architettura, Arte, Grafica\",\"publisher\":{\"@id\":\"https:\/\/socialdesignmagazine.com\/mag\/#organization\"},\"potentialAction\":[{\"@type\":\"SearchAction\",\"target\":{\"@type\":\"EntryPoint\",\"urlTemplate\":\"https:\/\/socialdesignmagazine.com\/mag\/?s={search_term_string}\"},\"query-input\":{\"@type\":\"PropertyValueSpecification\",\"valueRequired\":true,\"valueName\":\"search_term_string\"}}],\"inLanguage\":\"it-IT\"},{\"@type\":\"Organization\",\"@id\":\"https:\/\/socialdesignmagazine.com\/mag\/#organization\",\"name\":\"Social Design Magazine\",\"url\":\"https:\/\/socialdesignmagazine.com\/mag\/\",\"logo\":{\"@type\":\"ImageObject\",\"inLanguage\":\"it-IT\",\"@id\":\"https:\/\/socialdesignmagazine.com\/mag\/#\/schema\/logo\/image\/\",\"url\":\"https:\/\/socialdesignmagazine.com\/mag\/wp-content\/uploads\/2017\/01\/logo_favicon_11.png\",\"contentUrl\":\"https:\/\/socialdesignmagazine.com\/mag\/wp-content\/uploads\/2017\/01\/logo_favicon_11.png\",\"width\":1024,\"height\":1024,\"caption\":\"Social Design Magazine\"},\"image\":{\"@id\":\"https:\/\/socialdesignmagazine.com\/mag\/#\/schema\/logo\/image\/\"},\"sameAs\":[\"https:\/\/www.facebook.com\/socialdesignmag\",\"https:\/\/x.com\/socialdesignmag\",\"http:\/\/instagram.com\/social_design_magazine\/\",\"http:\/\/pinterest.com\/socialdesignmag\/\",\"http:\/\/www.youtube.com\/user\/socialdesignmagazine\"]},{\"@type\":\"Person\",\"@id\":\"https:\/\/socialdesignmagazine.com\/mag\/#\/schema\/person\/2f0d6c004e2819dd154da12b087ab674\",\"name\":\"Lorenzo Strona &amp; Partners\",\"image\":{\"@type\":\"ImageObject\",\"inLanguage\":\"it-IT\",\"@id\":\"https:\/\/secure.gravatar.com\/avatar\/8108838cddcb2a3b6d98a95fbaa2b096769cf1d1f777d4848edbdc28ceafc598?s=96&d=mm&r=g\",\"url\":\"https:\/\/secure.gravatar.com\/avatar\/8108838cddcb2a3b6d98a95fbaa2b096769cf1d1f777d4848edbdc28ceafc598?s=96&d=mm&r=g\",\"contentUrl\":\"https:\/\/secure.gravatar.com\/avatar\/8108838cddcb2a3b6d98a95fbaa2b096769cf1d1f777d4848edbdc28ceafc598?s=96&d=mm&r=g\",\"caption\":\"Lorenzo Strona &amp; Partners\"},\"sameAs\":[\"http:\/\/www.lorenzostrona.com\"],\"url\":\"https:\/\/socialdesignmagazine.com\/mag\/author\/lsep\/\"}]}<\/script>\n<!-- \/ Yoast SEO plugin. -->","yoast_head_json":{"title":"Italica di Rubinetterie Stella conquista le Alpi Francesi - Social Design Magazine","description":"Per le sale da bagno di un ambiente cos\u00ec unico, Le Coucou ha scelto la Serie Italica di Rubinetterie Stella. Un\u2019icona della rubinetteria tradizionale.","robots":{"index":"index","follow":"follow","max-snippet":"max-snippet:-1","max-image-preview":"max-image-preview:large","max-video-preview":"max-video-preview:-1"},"canonical":"https:\/\/socialdesignmagazine.com\/mag\/news\/architettura-news\/italica-di-rubinetterie-stella-conquista-le-alpi-francesi\/","og_locale":"it_IT","og_type":"article","og_title":"Italica di Rubinetterie Stella conquista le Alpi Francesi - Social Design Magazine","og_description":"Per le sale da bagno di un ambiente cos\u00ec unico, Le Coucou ha scelto la Serie Italica di Rubinetterie Stella. Un\u2019icona della rubinetteria tradizionale.","og_url":"http:\/\/socialdesignmagazine.com\/mag\/news\/architettura-news\/italica-di-rubinetterie-stella-conquista-le-alpi-francesi\/","og_site_name":"Social Design Magazine","article_publisher":"https:\/\/www.facebook.com\/socialdesignmag","article_published_time":"2022-05-01T09:13:00+00:00","og_image":[{"width":1501,"height":1000,"url":"https:\/\/socialdesignmagazine.com\/mag\/wp-content\/uploads\/2022\/02\/3025523763acde65fbe8543667454b9231632ad8-130771-1600-1000-auto-0.jpg","type":"image\/jpeg"}],"author":"Lorenzo Strona &amp; Partners","twitter_card":"summary_large_image","twitter_creator":"@socialdesignmag","twitter_site":"@socialdesignmag","twitter_misc":{"Scritto da":"Lorenzo Strona &amp; Partners","Tempo di lettura stimato":"2 minuti"},"schema":{"@context":"https:\/\/schema.org","@graph":[{"@type":"Article","@id":"https:\/\/socialdesignmagazine.com\/mag\/news\/architettura-news\/italica-di-rubinetterie-stella-conquista-le-alpi-francesi\/#article","isPartOf":{"@id":"https:\/\/socialdesignmagazine.com\/mag\/news\/architettura-news\/italica-di-rubinetterie-stella-conquista-le-alpi-francesi\/"},"author":{"name":"Lorenzo Strona &amp; Partners","@id":"https:\/\/socialdesignmagazine.com\/mag\/#\/schema\/person\/2f0d6c004e2819dd154da12b087ab674"},"headline":"Italica di Rubinetterie Stella conquista le Alpi Francesi","datePublished":"2022-05-01T09:13:00+00:00","mainEntityOfPage":{"@id":"https:\/\/socialdesignmagazine.com\/mag\/news\/architettura-news\/italica-di-rubinetterie-stella-conquista-le-alpi-francesi\/"},"wordCount":215,"commentCount":0,"publisher":{"@id":"https:\/\/socialdesignmagazine.com\/mag\/#organization"},"image":{"@id":"https:\/\/socialdesignmagazine.com\/mag\/news\/architettura-news\/italica-di-rubinetterie-stella-conquista-le-alpi-francesi\/#primaryimage"},"thumbnailUrl":"https:\/\/socialdesignmagazine.com\/mag\/wp-content\/uploads\/2022\/02\/3025523763acde65fbe8543667454b9231632ad8-130771-1600-1000-auto-0.jpg","keywords":["5 stelle","bagno","design","hotel","icona","Le Coucou","lusso","M\u00e9ribel","miscelatore","rubinetterie stella","Savoia","serie italica"],"articleSection":["Architettura News"],"inLanguage":"it-IT","potentialAction":[{"@type":"CommentAction","name":"Comment","target":["https:\/\/socialdesignmagazine.com\/mag\/news\/architettura-news\/italica-di-rubinetterie-stella-conquista-le-alpi-francesi\/#respond"]}]},{"@type":"WebPage","@id":"https:\/\/socialdesignmagazine.com\/mag\/news\/architettura-news\/italica-di-rubinetterie-stella-conquista-le-alpi-francesi\/","url":"https:\/\/socialdesignmagazine.com\/mag\/news\/architettura-news\/italica-di-rubinetterie-stella-conquista-le-alpi-francesi\/","name":"Italica di Rubinetterie Stella conquista le Alpi Francesi - Social Design Magazine","isPartOf":{"@id":"https:\/\/socialdesignmagazine.com\/mag\/#website"},"primaryImageOfPage":{"@id":"https:\/\/socialdesignmagazine.com\/mag\/news\/architettura-news\/italica-di-rubinetterie-stella-conquista-le-alpi-francesi\/#primaryimage"},"image":{"@id":"https:\/\/socialdesignmagazine.com\/mag\/news\/architettura-news\/italica-di-rubinetterie-stella-conquista-le-alpi-francesi\/#primaryimage"},"thumbnailUrl":"https:\/\/socialdesignmagazine.com\/mag\/wp-content\/uploads\/2022\/02\/3025523763acde65fbe8543667454b9231632ad8-130771-1600-1000-auto-0.jpg","datePublished":"2022-05-01T09:13:00+00:00","description":"Per le sale da bagno di un ambiente cos\u00ec unico, Le Coucou ha scelto la Serie Italica di Rubinetterie Stella. Un\u2019icona della rubinetteria tradizionale.","breadcrumb":{"@id":"https:\/\/socialdesignmagazine.com\/mag\/news\/architettura-news\/italica-di-rubinetterie-stella-conquista-le-alpi-francesi\/#breadcrumb"},"inLanguage":"it-IT","potentialAction":[{"@type":"ReadAction","target":["https:\/\/socialdesignmagazine.com\/mag\/news\/architettura-news\/italica-di-rubinetterie-stella-conquista-le-alpi-francesi\/"]}]},{"@type":"ImageObject","inLanguage":"it-IT","@id":"https:\/\/socialdesignmagazine.com\/mag\/news\/architettura-news\/italica-di-rubinetterie-stella-conquista-le-alpi-francesi\/#primaryimage","url":"https:\/\/socialdesignmagazine.com\/mag\/wp-content\/uploads\/2022\/02\/3025523763acde65fbe8543667454b9231632ad8-130771-1600-1000-auto-0.jpg","contentUrl":"https:\/\/socialdesignmagazine.com\/mag\/wp-content\/uploads\/2022\/02\/3025523763acde65fbe8543667454b9231632ad8-130771-1600-1000-auto-0.jpg","width":1501,"height":1000},{"@type":"BreadcrumbList","@id":"https:\/\/socialdesignmagazine.com\/mag\/news\/architettura-news\/italica-di-rubinetterie-stella-conquista-le-alpi-francesi\/#breadcrumb","itemListElement":[{"@type":"ListItem","position":1,"name":"Home","item":"https:\/\/socialdesignmagazine.com\/mag\/"},{"@type":"ListItem","position":2,"name":"News","item":"https:\/\/socialdesignmagazine.com\/mag\/news\/"},{"@type":"ListItem","position":3,"name":"Architettura News","item":"https:\/\/socialdesignmagazine.com\/mag\/news\/architettura-news\/"},{"@type":"ListItem","position":4,"name":"Italica di Rubinetterie Stella conquista le Alpi Francesi"}]},{"@type":"WebSite","@id":"https:\/\/socialdesignmagazine.com\/mag\/#website","url":"https:\/\/socialdesignmagazine.com\/mag\/","name":"Social Design Magazine","description":"Social Magazine su Design, Architettura, Arte, Grafica","publisher":{"@id":"https:\/\/socialdesignmagazine.com\/mag\/#organization"},"potentialAction":[{"@type":"SearchAction","target":{"@type":"EntryPoint","urlTemplate":"https:\/\/socialdesignmagazine.com\/mag\/?s={search_term_string}"},"query-input":{"@type":"PropertyValueSpecification","valueRequired":true,"valueName":"search_term_string"}}],"inLanguage":"it-IT"},{"@type":"Organization","@id":"https:\/\/socialdesignmagazine.com\/mag\/#organization","name":"Social Design Magazine","url":"https:\/\/socialdesignmagazine.com\/mag\/","logo":{"@type":"ImageObject","inLanguage":"it-IT","@id":"https:\/\/socialdesignmagazine.com\/mag\/#\/schema\/logo\/image\/","url":"https:\/\/socialdesignmagazine.com\/mag\/wp-content\/uploads\/2017\/01\/logo_favicon_11.png","contentUrl":"https:\/\/socialdesignmagazine.com\/mag\/wp-content\/uploads\/2017\/01\/logo_favicon_11.png","width":1024,"height":1024,"caption":"Social Design Magazine"},"image":{"@id":"https:\/\/socialdesignmagazine.com\/mag\/#\/schema\/logo\/image\/"},"sameAs":["https:\/\/www.facebook.com\/socialdesignmag","https:\/\/x.com\/socialdesignmag","http:\/\/instagram.com\/social_design_magazine\/","http:\/\/pinterest.com\/socialdesignmag\/","http:\/\/www.youtube.com\/user\/socialdesignmagazine"]},{"@type":"Person","@id":"https:\/\/socialdesignmagazine.com\/mag\/#\/schema\/person\/2f0d6c004e2819dd154da12b087ab674","name":"Lorenzo Strona &amp; Partners","image":{"@type":"ImageObject","inLanguage":"it-IT","@id":"https:\/\/secure.gravatar.com\/avatar\/8108838cddcb2a3b6d98a95fbaa2b096769cf1d1f777d4848edbdc28ceafc598?s=96&d=mm&r=g","url":"https:\/\/secure.gravatar.com\/avatar\/8108838cddcb2a3b6d98a95fbaa2b096769cf1d1f777d4848edbdc28ceafc598?s=96&d=mm&r=g","contentUrl":"https:\/\/secure.gravatar.com\/avatar\/8108838cddcb2a3b6d98a95fbaa2b096769cf1d1f777d4848edbdc28ceafc598?s=96&d=mm&r=g","caption":"Lorenzo Strona &amp; Partners"},"sameAs":["http:\/\/www.lorenzostrona.com"],"url":"https:\/\/socialdesignmagazine.com\/mag\/author\/lsep\/"}]}},"jetpack_featured_media_url":"https:\/\/socialdesignmagazine.com\/mag\/wp-content\/uploads\/2022\/02\/3025523763acde65fbe8543667454b9231632ad8-130771-1600-1000-auto-0.jpg","jetpack_sharing_enabled":true,"jetpack_shortlink":"https:\/\/wp.me\/p6cV7V-bjX","gt_translate_keys":[{"key":"link","format":"url"}],"_links":{"self":[{"href":"https:\/\/socialdesignmagazine.com\/mag\/wp-json\/wp\/v2\/posts\/43521","targetHints":{"allow":["GET"]}}],"collection":[{"href":"https:\/\/socialdesignmagazine.com\/mag\/wp-json\/wp\/v2\/posts"}],"about":[{"href":"https:\/\/socialdesignmagazine.com\/mag\/wp-json\/wp\/v2\/types\/post"}],"author":[{"embeddable":true,"href":"https:\/\/socialdesignmagazine.com\/mag\/wp-json\/wp\/v2\/users\/156"}],"replies":[{"embeddable":true,"href":"https:\/\/socialdesignmagazine.com\/mag\/wp-json\/wp\/v2\/comments?post=43521"}],"version-history":[{"count":2,"href":"https:\/\/socialdesignmagazine.com\/mag\/wp-json\/wp\/v2\/posts\/43521\/revisions"}],"predecessor-version":[{"id":43676,"href":"https:\/\/socialdesignmagazine.com\/mag\/wp-json\/wp\/v2\/posts\/43521\/revisions\/43676"}],"wp:featuredmedia":[{"embeddable":true,"href":"https:\/\/socialdesignmagazine.com\/mag\/wp-json\/wp\/v2\/media\/43523"}],"wp:attachment":[{"href":"https:\/\/socialdesignmagazine.com\/mag\/wp-json\/wp\/v2\/media?parent=43521"}],"wp:term":[{"taxonomy":"category","embeddable":true,"href":"https:\/\/socialdesignmagazine.com\/mag\/wp-json\/wp\/v2\/categories?post=43521"},{"taxonomy":"post_tag","embeddable":true,"href":"https:\/\/socialdesignmagazine.com\/mag\/wp-json\/wp\/v2\/tags?post=43521"}],"curies":[{"name":"wp","href":"https:\/\/api.w.org\/{rel}","templated":true}]}}