{"id":43762,"date":"2022-05-07T13:30:00","date_gmt":"2022-05-07T11:30:00","guid":{"rendered":"https:\/\/socialdesignmagazine.com\/mag\/?p=43762"},"modified":"2022-05-03T19:56:14","modified_gmt":"2022-05-03T17:56:14","slug":"stilo-by-artis-in-sicilia-per-il-castello-tafuri","status":"publish","type":"post","link":"https:\/\/socialdesignmagazine.com\/mag\/news\/architettura-news\/stilo-by-artis-in-sicilia-per-il-castello-tafuri\/","title":{"rendered":"STILO by Artis in Sicilia per il Castello Tafuri","gt_translate_keys":[{"key":"rendered","format":"text"}]},"content":{"rendered":"\n<p>I rubinetti dell\u2019azienda bresciana aumentano i loro consensi all\u2019interno di cornici sempre pi\u00f9 esclusive.<\/p>\n\n\n\n<p>Realizzato nel 1935 come dimora privata, su progetto dell\u2019architetto fiorentino Severino Crott, il Castello Tafuri domina la costa sud-orientale della Sicilia, davanti all\u2019isola di Capo Passero. In posizione strategica tra Noto, Marzamemi, Modica, Ispica e Ragusa, questa affascinante residenza attualmente adibita ad albergo di lusso racchiude in s\u00e9 la testimonianza delle differenti fasi di ristrutturazione che hanno caratterizzato la sua storia.<\/p>\n\n\n\n<p>Rimasto incompleto fino al 1957, il Castello sar\u00e0 acquisito dalla famiglia Tafuri e trasformato in hotel gi\u00e0 nel 1964 per poi subire una fase di abbandono. Il progetto di riqualificazione del Castello Tafuri prende avvio proprio dalla volont\u00e0 dei proprietari di restituire un bene territoriale che aveva perso la sua qualit\u00e0 agli antichi splendori. Su coordinamento scientifico e progettuale di Fernanda Cantone, le scelte riflettono la volont\u00e0 di mettere in evidenza le fasi trasformative del castello.<\/p>\n\n\n\n<p>Il Castello Tafuri oggi \u00e8 un hotel di charme che ha saputo conservare i valori del passato attraverso una rivisitazione contemporanea che rispetta e valorizza ogni materiale, forma e colore originario. La pietra bianca che contraddistingue la struttura emerge come protagonista, trait d\u2019union di uno scenografico complesso dotato di tutti i comfort: dalla piscina panoramica con solarium al ricercato ristorante, passando per il lounge bar e la splendida terrazza a strapiombo sul mare che offrono momenti di relax in una location unica. A corredo delle sale da bagno delle diciotto eleganti camere e suites ha trovato coerente e raffinata collocazione la Serie STILO di Artis, confermando la vocazione della rubinetteria bresciana a inserire le sue eccellenti creazioni nelle cornici pi\u00f9 esclusive.<\/p>\n\n\n\n<figure class=\"wp-block-gallery has-nested-images columns-1 is-cropped wp-block-gallery-1 is-layout-flex wp-block-gallery-is-layout-flex\">\n<figure class=\"wp-block-image size-large\"><img loading=\"lazy\" decoding=\"async\" width=\"880\" height=\"1173\" data-attachment-id=\"43766\" data-permalink=\"https:\/\/socialdesignmagazine.com\/mag\/news\/architettura-news\/stilo-by-artis-in-sicilia-per-il-castello-tafuri\/attachment\/stilo-1-2-jpg\/#content\" data-orig-file=\"https:\/\/socialdesignmagazine.com\/mag\/wp-content\/uploads\/2022\/05\/Stilo-1-2.jpg\" data-orig-size=\"880,1173\" data-comments-opened=\"1\" data-image-meta=\"{&quot;aperture&quot;:&quot;0&quot;,&quot;credit&quot;:&quot;paolo sala&quot;,&quot;camera&quot;:&quot;Sinarback 54 M, Sinar 4x5\\&quot; view camera&quot;,&quot;caption&quot;:&quot;&quot;,&quot;created_timestamp&quot;:&quot;1552296733&quot;,&quot;copyright&quot;:&quot;&quot;,&quot;focal_length&quot;:&quot;0&quot;,&quot;iso&quot;:&quot;0&quot;,&quot;shutter_speed&quot;:&quot;0&quot;,&quot;title&quot;:&quot;&quot;,&quot;orientation&quot;:&quot;1&quot;}\" data-image-title=\"Stilo-1-2.jpg\" data-image-description=\"\" data-image-caption=\"\" data-medium-file=\"https:\/\/socialdesignmagazine.com\/mag\/wp-content\/uploads\/2022\/05\/Stilo-1-2-438x283.jpg\" data-large-file=\"https:\/\/socialdesignmagazine.com\/mag\/wp-content\/uploads\/2022\/05\/Stilo-1-2.jpg\" data-id=\"43766\" src=\"https:\/\/socialdesignmagazine.com\/mag\/wp-content\/uploads\/2022\/05\/Stilo-1-2.jpg\" alt=\"\" class=\"wp-image-43766\" srcset=\"https:\/\/socialdesignmagazine.com\/mag\/wp-content\/uploads\/2022\/05\/Stilo-1-2.jpg 880w, https:\/\/socialdesignmagazine.com\/mag\/wp-content\/uploads\/2022\/05\/Stilo-1-2-768x1024.jpg 768w\" sizes=\"auto, (max-width: 880px) 100vw, 880px\" \/><\/figure>\n\n\n\n<figure class=\"wp-block-image size-large\"><img loading=\"lazy\" decoding=\"async\" width=\"880\" height=\"584\" data-attachment-id=\"43765\" data-permalink=\"https:\/\/socialdesignmagazine.com\/mag\/news\/architettura-news\/stilo-by-artis-in-sicilia-per-il-castello-tafuri\/attachment\/camera1-1-png\/#content\" data-orig-file=\"https:\/\/socialdesignmagazine.com\/mag\/wp-content\/uploads\/2022\/05\/Camera1-1.png\" data-orig-size=\"880,584\" data-comments-opened=\"1\" data-image-meta=\"{&quot;aperture&quot;:&quot;0&quot;,&quot;credit&quot;:&quot;&quot;,&quot;camera&quot;:&quot;&quot;,&quot;caption&quot;:&quot;&quot;,&quot;created_timestamp&quot;:&quot;0&quot;,&quot;copyright&quot;:&quot;&quot;,&quot;focal_length&quot;:&quot;0&quot;,&quot;iso&quot;:&quot;0&quot;,&quot;shutter_speed&quot;:&quot;0&quot;,&quot;title&quot;:&quot;&quot;,&quot;orientation&quot;:&quot;0&quot;}\" data-image-title=\"Camera1-1.png\" data-image-description=\"\" data-image-caption=\"\" data-medium-file=\"https:\/\/socialdesignmagazine.com\/mag\/wp-content\/uploads\/2022\/05\/Camera1-1-438x283.png\" data-large-file=\"https:\/\/socialdesignmagazine.com\/mag\/wp-content\/uploads\/2022\/05\/Camera1-1.png\" data-id=\"43765\" src=\"https:\/\/socialdesignmagazine.com\/mag\/wp-content\/uploads\/2022\/05\/Camera1-1.png\" alt=\"\" class=\"wp-image-43765\" srcset=\"https:\/\/socialdesignmagazine.com\/mag\/wp-content\/uploads\/2022\/05\/Camera1-1.png 880w, https:\/\/socialdesignmagazine.com\/mag\/wp-content\/uploads\/2022\/05\/Camera1-1-100x66.png 100w, https:\/\/socialdesignmagazine.com\/mag\/wp-content\/uploads\/2022\/05\/Camera1-1-768x510.png 768w\" sizes=\"auto, (max-width: 880px) 100vw, 880px\" \/><\/figure>\n\n\n\n<figure class=\"wp-block-image size-large\"><img loading=\"lazy\" decoding=\"async\" width=\"880\" height=\"569\" data-attachment-id=\"43764\" data-permalink=\"https:\/\/socialdesignmagazine.com\/mag\/news\/architettura-news\/stilo-by-artis-in-sicilia-per-il-castello-tafuri\/attachment\/cast-tafuri-0-png\/#content\" data-orig-file=\"https:\/\/socialdesignmagazine.com\/mag\/wp-content\/uploads\/2022\/05\/Cast.-Tafuri-0.png\" data-orig-size=\"880,569\" data-comments-opened=\"1\" data-image-meta=\"{&quot;aperture&quot;:&quot;0&quot;,&quot;credit&quot;:&quot;&quot;,&quot;camera&quot;:&quot;&quot;,&quot;caption&quot;:&quot;&quot;,&quot;created_timestamp&quot;:&quot;0&quot;,&quot;copyright&quot;:&quot;&quot;,&quot;focal_length&quot;:&quot;0&quot;,&quot;iso&quot;:&quot;0&quot;,&quot;shutter_speed&quot;:&quot;0&quot;,&quot;title&quot;:&quot;&quot;,&quot;orientation&quot;:&quot;0&quot;}\" data-image-title=\"Cast.-Tafuri-0.png\" data-image-description=\"\" data-image-caption=\"\" data-medium-file=\"https:\/\/socialdesignmagazine.com\/mag\/wp-content\/uploads\/2022\/05\/Cast.-Tafuri-0-438x283.png\" data-large-file=\"https:\/\/socialdesignmagazine.com\/mag\/wp-content\/uploads\/2022\/05\/Cast.-Tafuri-0.png\" data-id=\"43764\" src=\"https:\/\/socialdesignmagazine.com\/mag\/wp-content\/uploads\/2022\/05\/Cast.-Tafuri-0.png\" alt=\"\" class=\"wp-image-43764\" srcset=\"https:\/\/socialdesignmagazine.com\/mag\/wp-content\/uploads\/2022\/05\/Cast.-Tafuri-0.png 880w, https:\/\/socialdesignmagazine.com\/mag\/wp-content\/uploads\/2022\/05\/Cast.-Tafuri-0-438x283.png 438w, https:\/\/socialdesignmagazine.com\/mag\/wp-content\/uploads\/2022\/05\/Cast.-Tafuri-0-100x66.png 100w, https:\/\/socialdesignmagazine.com\/mag\/wp-content\/uploads\/2022\/05\/Cast.-Tafuri-0-768x497.png 768w\" sizes=\"auto, (max-width: 880px) 100vw, 880px\" \/><\/figure>\n<\/figure>\n\n\n\n<p>artisitaly.com<\/p>\n","protected":false,"gt_translate_keys":[{"key":"rendered","format":"html"}]},"excerpt":{"rendered":"<p>I rubinetti dell\u2019azienda bresciana aumentano i loro consensi all\u2019interno di cornici sempre pi\u00f9 esclusive.<\/p>\n","protected":false,"gt_translate_keys":[{"key":"rendered","format":"html"}]},"author":156,"featured_media":43764,"comment_status":"open","ping_status":"open","sticky":false,"template":"","format":"standard","meta":{"jetpack_post_was_ever_published":false,"_jetpack_newsletter_access":"","_jetpack_dont_email_post_to_subs":false,"_jetpack_newsletter_tier_id":0,"_jetpack_memberships_contains_paywalled_content":false,"_jetpack_memberships_contains_paid_content":false,"footnotes":"","_wpscppro_dont_share_socialmedia":false,"_wpscppro_custom_social_share_image":0,"_facebook_share_type":"","_twitter_share_type":"","_linkedin_share_type":"","_pinterest_share_type":"","_linkedin_share_type_page":"","_instagram_share_type":"","_medium_share_type":"","_threads_share_type":"","_google_business_share_type":"","_selected_social_profile":[],"_wpsp_enable_custom_social_template":false,"_wpsp_social_scheduling":{"enabled":false,"datetime":null,"platforms":[],"status":"template_only","dateOption":"today","timeOption":"now","customDays":"","customHours":"","customDate":"","customTime":"","schedulingType":"absolute"},"_wpsp_active_default_template":true},"categories":[22],"tags":[279,5735,306,6358,5445,5565,1895],"class_list":["post-43762","post","type-post","status-publish","format-standard","has-post-thumbnail","hentry","category-architettura-news","tag-arredo","tag-artis-rubinetterie","tag-bagno","tag-castello-tafuri","tag-design","tag-hotellerie","tag-rubinetteria"],"yoast_head":"<!-- This site is optimized with the Yoast SEO plugin v27.2 - https:\/\/yoast.com\/product\/yoast-seo-wordpress\/ -->\n<title>STILO by Artis in Sicilia per il Castello Tafuri - Social Design Magazine<\/title>\n<meta name=\"description\" content=\"I rubinetti dell\u2019azienda bresciana aumentano i loro consensi all\u2019interno di cornici sempre pi\u00f9 esclusive.\" \/>\n<meta name=\"robots\" content=\"index, follow, max-snippet:-1, max-image-preview:large, max-video-preview:-1\" \/>\n<link rel=\"canonical\" href=\"https:\/\/socialdesignmagazine.com\/mag\/news\/architettura-news\/stilo-by-artis-in-sicilia-per-il-castello-tafuri\/\" \/>\n<meta property=\"og:locale\" content=\"it_IT\" \/>\n<meta property=\"og:type\" content=\"article\" \/>\n<meta property=\"og:title\" content=\"STILO by Artis in Sicilia per il Castello Tafuri - Social Design Magazine\" \/>\n<meta property=\"og:description\" content=\"I rubinetti dell\u2019azienda bresciana aumentano i loro consensi all\u2019interno di cornici sempre pi\u00f9 esclusive.\" \/>\n<meta property=\"og:url\" content=\"http:\/\/socialdesignmagazine.com\/mag\/news\/architettura-news\/stilo-by-artis-in-sicilia-per-il-castello-tafuri\/\" \/>\n<meta property=\"og:site_name\" content=\"Social Design Magazine\" \/>\n<meta property=\"article:publisher\" content=\"https:\/\/www.facebook.com\/socialdesignmag\" \/>\n<meta property=\"article:published_time\" content=\"2022-05-07T11:30:00+00:00\" \/>\n<meta property=\"og:image\" content=\"https:\/\/socialdesignmagazine.com\/mag\/wp-content\/uploads\/2022\/05\/Cast.-Tafuri-0.png\" \/>\n\t<meta property=\"og:image:width\" content=\"880\" \/>\n\t<meta property=\"og:image:height\" content=\"569\" \/>\n\t<meta property=\"og:image:type\" content=\"image\/png\" \/>\n<meta name=\"author\" content=\"Lorenzo Strona &amp; Partners\" \/>\n<meta name=\"twitter:card\" content=\"summary_large_image\" \/>\n<meta name=\"twitter:creator\" content=\"@socialdesignmag\" \/>\n<meta name=\"twitter:site\" content=\"@socialdesignmag\" \/>\n<meta name=\"twitter:label1\" content=\"Scritto da\" \/>\n\t<meta name=\"twitter:data1\" content=\"Lorenzo Strona &amp; Partners\" \/>\n\t<meta name=\"twitter:label2\" content=\"Tempo di lettura stimato\" \/>\n\t<meta name=\"twitter:data2\" content=\"3 minuti\" \/>\n<script type=\"application\/ld+json\" class=\"yoast-schema-graph\">{\"@context\":\"https:\/\/schema.org\",\"@graph\":[{\"@type\":\"Article\",\"@id\":\"https:\/\/socialdesignmagazine.com\/mag\/news\/architettura-news\/stilo-by-artis-in-sicilia-per-il-castello-tafuri\/#article\",\"isPartOf\":{\"@id\":\"https:\/\/socialdesignmagazine.com\/mag\/news\/architettura-news\/stilo-by-artis-in-sicilia-per-il-castello-tafuri\/\"},\"author\":{\"name\":\"Lorenzo Strona &amp; Partners\",\"@id\":\"https:\/\/socialdesignmagazine.com\/mag\/#\/schema\/person\/2f0d6c004e2819dd154da12b087ab674\"},\"headline\":\"STILO by Artis in Sicilia per il Castello Tafuri\",\"datePublished\":\"2022-05-07T11:30:00+00:00\",\"mainEntityOfPage\":{\"@id\":\"https:\/\/socialdesignmagazine.com\/mag\/news\/architettura-news\/stilo-by-artis-in-sicilia-per-il-castello-tafuri\/\"},\"wordCount\":284,\"commentCount\":0,\"publisher\":{\"@id\":\"https:\/\/socialdesignmagazine.com\/mag\/#organization\"},\"image\":{\"@id\":\"https:\/\/socialdesignmagazine.com\/mag\/news\/architettura-news\/stilo-by-artis-in-sicilia-per-il-castello-tafuri\/#primaryimage\"},\"thumbnailUrl\":\"https:\/\/socialdesignmagazine.com\/mag\/wp-content\/uploads\/2022\/05\/Cast.-Tafuri-0.png\",\"keywords\":[\"arredo\",\"Artis Rubinetterie\",\"bagno\",\"Castello Tafuri\",\"design\",\"hotellerie\",\"rubinetteria\"],\"articleSection\":[\"Architettura News\"],\"inLanguage\":\"it-IT\",\"potentialAction\":[{\"@type\":\"CommentAction\",\"name\":\"Comment\",\"target\":[\"https:\/\/socialdesignmagazine.com\/mag\/news\/architettura-news\/stilo-by-artis-in-sicilia-per-il-castello-tafuri\/#respond\"]}]},{\"@type\":\"WebPage\",\"@id\":\"https:\/\/socialdesignmagazine.com\/mag\/news\/architettura-news\/stilo-by-artis-in-sicilia-per-il-castello-tafuri\/\",\"url\":\"https:\/\/socialdesignmagazine.com\/mag\/news\/architettura-news\/stilo-by-artis-in-sicilia-per-il-castello-tafuri\/\",\"name\":\"STILO by Artis in Sicilia per il Castello Tafuri - Social Design Magazine\",\"isPartOf\":{\"@id\":\"https:\/\/socialdesignmagazine.com\/mag\/#website\"},\"primaryImageOfPage\":{\"@id\":\"https:\/\/socialdesignmagazine.com\/mag\/news\/architettura-news\/stilo-by-artis-in-sicilia-per-il-castello-tafuri\/#primaryimage\"},\"image\":{\"@id\":\"https:\/\/socialdesignmagazine.com\/mag\/news\/architettura-news\/stilo-by-artis-in-sicilia-per-il-castello-tafuri\/#primaryimage\"},\"thumbnailUrl\":\"https:\/\/socialdesignmagazine.com\/mag\/wp-content\/uploads\/2022\/05\/Cast.-Tafuri-0.png\",\"datePublished\":\"2022-05-07T11:30:00+00:00\",\"description\":\"I rubinetti dell\u2019azienda bresciana aumentano i loro consensi all\u2019interno di cornici sempre pi\u00f9 esclusive.\",\"breadcrumb\":{\"@id\":\"https:\/\/socialdesignmagazine.com\/mag\/news\/architettura-news\/stilo-by-artis-in-sicilia-per-il-castello-tafuri\/#breadcrumb\"},\"inLanguage\":\"it-IT\",\"potentialAction\":[{\"@type\":\"ReadAction\",\"target\":[\"https:\/\/socialdesignmagazine.com\/mag\/news\/architettura-news\/stilo-by-artis-in-sicilia-per-il-castello-tafuri\/\"]}]},{\"@type\":\"ImageObject\",\"inLanguage\":\"it-IT\",\"@id\":\"https:\/\/socialdesignmagazine.com\/mag\/news\/architettura-news\/stilo-by-artis-in-sicilia-per-il-castello-tafuri\/#primaryimage\",\"url\":\"https:\/\/socialdesignmagazine.com\/mag\/wp-content\/uploads\/2022\/05\/Cast.-Tafuri-0.png\",\"contentUrl\":\"https:\/\/socialdesignmagazine.com\/mag\/wp-content\/uploads\/2022\/05\/Cast.-Tafuri-0.png\",\"width\":880,\"height\":569},{\"@type\":\"BreadcrumbList\",\"@id\":\"https:\/\/socialdesignmagazine.com\/mag\/news\/architettura-news\/stilo-by-artis-in-sicilia-per-il-castello-tafuri\/#breadcrumb\",\"itemListElement\":[{\"@type\":\"ListItem\",\"position\":1,\"name\":\"Home\",\"item\":\"https:\/\/socialdesignmagazine.com\/mag\/\"},{\"@type\":\"ListItem\",\"position\":2,\"name\":\"News\",\"item\":\"https:\/\/socialdesignmagazine.com\/mag\/news\/\"},{\"@type\":\"ListItem\",\"position\":3,\"name\":\"Architettura News\",\"item\":\"https:\/\/socialdesignmagazine.com\/mag\/news\/architettura-news\/\"},{\"@type\":\"ListItem\",\"position\":4,\"name\":\"STILO by Artis in Sicilia per il Castello Tafuri\"}]},{\"@type\":\"WebSite\",\"@id\":\"https:\/\/socialdesignmagazine.com\/mag\/#website\",\"url\":\"https:\/\/socialdesignmagazine.com\/mag\/\",\"name\":\"Social Design Magazine\",\"description\":\"Social Magazine su Design, Architettura, Arte, Grafica\",\"publisher\":{\"@id\":\"https:\/\/socialdesignmagazine.com\/mag\/#organization\"},\"potentialAction\":[{\"@type\":\"SearchAction\",\"target\":{\"@type\":\"EntryPoint\",\"urlTemplate\":\"https:\/\/socialdesignmagazine.com\/mag\/?s={search_term_string}\"},\"query-input\":{\"@type\":\"PropertyValueSpecification\",\"valueRequired\":true,\"valueName\":\"search_term_string\"}}],\"inLanguage\":\"it-IT\"},{\"@type\":\"Organization\",\"@id\":\"https:\/\/socialdesignmagazine.com\/mag\/#organization\",\"name\":\"Social Design Magazine\",\"url\":\"https:\/\/socialdesignmagazine.com\/mag\/\",\"logo\":{\"@type\":\"ImageObject\",\"inLanguage\":\"it-IT\",\"@id\":\"https:\/\/socialdesignmagazine.com\/mag\/#\/schema\/logo\/image\/\",\"url\":\"https:\/\/socialdesignmagazine.com\/mag\/wp-content\/uploads\/2017\/01\/logo_favicon_11.png\",\"contentUrl\":\"https:\/\/socialdesignmagazine.com\/mag\/wp-content\/uploads\/2017\/01\/logo_favicon_11.png\",\"width\":1024,\"height\":1024,\"caption\":\"Social Design Magazine\"},\"image\":{\"@id\":\"https:\/\/socialdesignmagazine.com\/mag\/#\/schema\/logo\/image\/\"},\"sameAs\":[\"https:\/\/www.facebook.com\/socialdesignmag\",\"https:\/\/x.com\/socialdesignmag\",\"http:\/\/instagram.com\/social_design_magazine\/\",\"http:\/\/pinterest.com\/socialdesignmag\/\",\"http:\/\/www.youtube.com\/user\/socialdesignmagazine\"]},{\"@type\":\"Person\",\"@id\":\"https:\/\/socialdesignmagazine.com\/mag\/#\/schema\/person\/2f0d6c004e2819dd154da12b087ab674\",\"name\":\"Lorenzo Strona &amp; Partners\",\"image\":{\"@type\":\"ImageObject\",\"inLanguage\":\"it-IT\",\"@id\":\"https:\/\/secure.gravatar.com\/avatar\/8108838cddcb2a3b6d98a95fbaa2b096769cf1d1f777d4848edbdc28ceafc598?s=96&d=mm&r=g\",\"url\":\"https:\/\/secure.gravatar.com\/avatar\/8108838cddcb2a3b6d98a95fbaa2b096769cf1d1f777d4848edbdc28ceafc598?s=96&d=mm&r=g\",\"contentUrl\":\"https:\/\/secure.gravatar.com\/avatar\/8108838cddcb2a3b6d98a95fbaa2b096769cf1d1f777d4848edbdc28ceafc598?s=96&d=mm&r=g\",\"caption\":\"Lorenzo Strona &amp; Partners\"},\"sameAs\":[\"http:\/\/www.lorenzostrona.com\"],\"url\":\"https:\/\/socialdesignmagazine.com\/mag\/author\/lsep\/\"}]}<\/script>\n<!-- \/ Yoast SEO plugin. -->","yoast_head_json":{"title":"STILO by Artis in Sicilia per il Castello Tafuri - Social Design Magazine","description":"I rubinetti dell\u2019azienda bresciana aumentano i loro consensi all\u2019interno di cornici sempre pi\u00f9 esclusive.","robots":{"index":"index","follow":"follow","max-snippet":"max-snippet:-1","max-image-preview":"max-image-preview:large","max-video-preview":"max-video-preview:-1"},"canonical":"https:\/\/socialdesignmagazine.com\/mag\/news\/architettura-news\/stilo-by-artis-in-sicilia-per-il-castello-tafuri\/","og_locale":"it_IT","og_type":"article","og_title":"STILO by Artis in Sicilia per il Castello Tafuri - Social Design Magazine","og_description":"I rubinetti dell\u2019azienda bresciana aumentano i loro consensi all\u2019interno di cornici sempre pi\u00f9 esclusive.","og_url":"http:\/\/socialdesignmagazine.com\/mag\/news\/architettura-news\/stilo-by-artis-in-sicilia-per-il-castello-tafuri\/","og_site_name":"Social Design Magazine","article_publisher":"https:\/\/www.facebook.com\/socialdesignmag","article_published_time":"2022-05-07T11:30:00+00:00","og_image":[{"width":880,"height":569,"url":"https:\/\/socialdesignmagazine.com\/mag\/wp-content\/uploads\/2022\/05\/Cast.-Tafuri-0.png","type":"image\/png"}],"author":"Lorenzo Strona &amp; Partners","twitter_card":"summary_large_image","twitter_creator":"@socialdesignmag","twitter_site":"@socialdesignmag","twitter_misc":{"Scritto da":"Lorenzo Strona &amp; Partners","Tempo di lettura stimato":"3 minuti"},"schema":{"@context":"https:\/\/schema.org","@graph":[{"@type":"Article","@id":"https:\/\/socialdesignmagazine.com\/mag\/news\/architettura-news\/stilo-by-artis-in-sicilia-per-il-castello-tafuri\/#article","isPartOf":{"@id":"https:\/\/socialdesignmagazine.com\/mag\/news\/architettura-news\/stilo-by-artis-in-sicilia-per-il-castello-tafuri\/"},"author":{"name":"Lorenzo Strona &amp; Partners","@id":"https:\/\/socialdesignmagazine.com\/mag\/#\/schema\/person\/2f0d6c004e2819dd154da12b087ab674"},"headline":"STILO by Artis in Sicilia per il Castello Tafuri","datePublished":"2022-05-07T11:30:00+00:00","mainEntityOfPage":{"@id":"https:\/\/socialdesignmagazine.com\/mag\/news\/architettura-news\/stilo-by-artis-in-sicilia-per-il-castello-tafuri\/"},"wordCount":284,"commentCount":0,"publisher":{"@id":"https:\/\/socialdesignmagazine.com\/mag\/#organization"},"image":{"@id":"https:\/\/socialdesignmagazine.com\/mag\/news\/architettura-news\/stilo-by-artis-in-sicilia-per-il-castello-tafuri\/#primaryimage"},"thumbnailUrl":"https:\/\/socialdesignmagazine.com\/mag\/wp-content\/uploads\/2022\/05\/Cast.-Tafuri-0.png","keywords":["arredo","Artis Rubinetterie","bagno","Castello Tafuri","design","hotellerie","rubinetteria"],"articleSection":["Architettura News"],"inLanguage":"it-IT","potentialAction":[{"@type":"CommentAction","name":"Comment","target":["https:\/\/socialdesignmagazine.com\/mag\/news\/architettura-news\/stilo-by-artis-in-sicilia-per-il-castello-tafuri\/#respond"]}]},{"@type":"WebPage","@id":"https:\/\/socialdesignmagazine.com\/mag\/news\/architettura-news\/stilo-by-artis-in-sicilia-per-il-castello-tafuri\/","url":"https:\/\/socialdesignmagazine.com\/mag\/news\/architettura-news\/stilo-by-artis-in-sicilia-per-il-castello-tafuri\/","name":"STILO by Artis in Sicilia per il Castello Tafuri - Social Design Magazine","isPartOf":{"@id":"https:\/\/socialdesignmagazine.com\/mag\/#website"},"primaryImageOfPage":{"@id":"https:\/\/socialdesignmagazine.com\/mag\/news\/architettura-news\/stilo-by-artis-in-sicilia-per-il-castello-tafuri\/#primaryimage"},"image":{"@id":"https:\/\/socialdesignmagazine.com\/mag\/news\/architettura-news\/stilo-by-artis-in-sicilia-per-il-castello-tafuri\/#primaryimage"},"thumbnailUrl":"https:\/\/socialdesignmagazine.com\/mag\/wp-content\/uploads\/2022\/05\/Cast.-Tafuri-0.png","datePublished":"2022-05-07T11:30:00+00:00","description":"I rubinetti dell\u2019azienda bresciana aumentano i loro consensi all\u2019interno di cornici sempre pi\u00f9 esclusive.","breadcrumb":{"@id":"https:\/\/socialdesignmagazine.com\/mag\/news\/architettura-news\/stilo-by-artis-in-sicilia-per-il-castello-tafuri\/#breadcrumb"},"inLanguage":"it-IT","potentialAction":[{"@type":"ReadAction","target":["https:\/\/socialdesignmagazine.com\/mag\/news\/architettura-news\/stilo-by-artis-in-sicilia-per-il-castello-tafuri\/"]}]},{"@type":"ImageObject","inLanguage":"it-IT","@id":"https:\/\/socialdesignmagazine.com\/mag\/news\/architettura-news\/stilo-by-artis-in-sicilia-per-il-castello-tafuri\/#primaryimage","url":"https:\/\/socialdesignmagazine.com\/mag\/wp-content\/uploads\/2022\/05\/Cast.-Tafuri-0.png","contentUrl":"https:\/\/socialdesignmagazine.com\/mag\/wp-content\/uploads\/2022\/05\/Cast.-Tafuri-0.png","width":880,"height":569},{"@type":"BreadcrumbList","@id":"https:\/\/socialdesignmagazine.com\/mag\/news\/architettura-news\/stilo-by-artis-in-sicilia-per-il-castello-tafuri\/#breadcrumb","itemListElement":[{"@type":"ListItem","position":1,"name":"Home","item":"https:\/\/socialdesignmagazine.com\/mag\/"},{"@type":"ListItem","position":2,"name":"News","item":"https:\/\/socialdesignmagazine.com\/mag\/news\/"},{"@type":"ListItem","position":3,"name":"Architettura News","item":"https:\/\/socialdesignmagazine.com\/mag\/news\/architettura-news\/"},{"@type":"ListItem","position":4,"name":"STILO by Artis in Sicilia per il Castello Tafuri"}]},{"@type":"WebSite","@id":"https:\/\/socialdesignmagazine.com\/mag\/#website","url":"https:\/\/socialdesignmagazine.com\/mag\/","name":"Social Design Magazine","description":"Social Magazine su Design, Architettura, Arte, Grafica","publisher":{"@id":"https:\/\/socialdesignmagazine.com\/mag\/#organization"},"potentialAction":[{"@type":"SearchAction","target":{"@type":"EntryPoint","urlTemplate":"https:\/\/socialdesignmagazine.com\/mag\/?s={search_term_string}"},"query-input":{"@type":"PropertyValueSpecification","valueRequired":true,"valueName":"search_term_string"}}],"inLanguage":"it-IT"},{"@type":"Organization","@id":"https:\/\/socialdesignmagazine.com\/mag\/#organization","name":"Social Design Magazine","url":"https:\/\/socialdesignmagazine.com\/mag\/","logo":{"@type":"ImageObject","inLanguage":"it-IT","@id":"https:\/\/socialdesignmagazine.com\/mag\/#\/schema\/logo\/image\/","url":"https:\/\/socialdesignmagazine.com\/mag\/wp-content\/uploads\/2017\/01\/logo_favicon_11.png","contentUrl":"https:\/\/socialdesignmagazine.com\/mag\/wp-content\/uploads\/2017\/01\/logo_favicon_11.png","width":1024,"height":1024,"caption":"Social Design Magazine"},"image":{"@id":"https:\/\/socialdesignmagazine.com\/mag\/#\/schema\/logo\/image\/"},"sameAs":["https:\/\/www.facebook.com\/socialdesignmag","https:\/\/x.com\/socialdesignmag","http:\/\/instagram.com\/social_design_magazine\/","http:\/\/pinterest.com\/socialdesignmag\/","http:\/\/www.youtube.com\/user\/socialdesignmagazine"]},{"@type":"Person","@id":"https:\/\/socialdesignmagazine.com\/mag\/#\/schema\/person\/2f0d6c004e2819dd154da12b087ab674","name":"Lorenzo Strona &amp; Partners","image":{"@type":"ImageObject","inLanguage":"it-IT","@id":"https:\/\/secure.gravatar.com\/avatar\/8108838cddcb2a3b6d98a95fbaa2b096769cf1d1f777d4848edbdc28ceafc598?s=96&d=mm&r=g","url":"https:\/\/secure.gravatar.com\/avatar\/8108838cddcb2a3b6d98a95fbaa2b096769cf1d1f777d4848edbdc28ceafc598?s=96&d=mm&r=g","contentUrl":"https:\/\/secure.gravatar.com\/avatar\/8108838cddcb2a3b6d98a95fbaa2b096769cf1d1f777d4848edbdc28ceafc598?s=96&d=mm&r=g","caption":"Lorenzo Strona &amp; Partners"},"sameAs":["http:\/\/www.lorenzostrona.com"],"url":"https:\/\/socialdesignmagazine.com\/mag\/author\/lsep\/"}]}},"jetpack_featured_media_url":"https:\/\/socialdesignmagazine.com\/mag\/wp-content\/uploads\/2022\/05\/Cast.-Tafuri-0.png","jetpack_sharing_enabled":true,"jetpack_shortlink":"https:\/\/wp.me\/p6cV7V-bnQ","gt_translate_keys":[{"key":"link","format":"url"}],"_links":{"self":[{"href":"https:\/\/socialdesignmagazine.com\/mag\/wp-json\/wp\/v2\/posts\/43762","targetHints":{"allow":["GET"]}}],"collection":[{"href":"https:\/\/socialdesignmagazine.com\/mag\/wp-json\/wp\/v2\/posts"}],"about":[{"href":"https:\/\/socialdesignmagazine.com\/mag\/wp-json\/wp\/v2\/types\/post"}],"author":[{"embeddable":true,"href":"https:\/\/socialdesignmagazine.com\/mag\/wp-json\/wp\/v2\/users\/156"}],"replies":[{"embeddable":true,"href":"https:\/\/socialdesignmagazine.com\/mag\/wp-json\/wp\/v2\/comments?post=43762"}],"version-history":[{"count":3,"href":"https:\/\/socialdesignmagazine.com\/mag\/wp-json\/wp\/v2\/posts\/43762\/revisions"}],"predecessor-version":[{"id":43805,"href":"https:\/\/socialdesignmagazine.com\/mag\/wp-json\/wp\/v2\/posts\/43762\/revisions\/43805"}],"wp:featuredmedia":[{"embeddable":true,"href":"https:\/\/socialdesignmagazine.com\/mag\/wp-json\/wp\/v2\/media\/43764"}],"wp:attachment":[{"href":"https:\/\/socialdesignmagazine.com\/mag\/wp-json\/wp\/v2\/media?parent=43762"}],"wp:term":[{"taxonomy":"category","embeddable":true,"href":"https:\/\/socialdesignmagazine.com\/mag\/wp-json\/wp\/v2\/categories?post=43762"},{"taxonomy":"post_tag","embeddable":true,"href":"https:\/\/socialdesignmagazine.com\/mag\/wp-json\/wp\/v2\/tags?post=43762"}],"curies":[{"name":"wp","href":"https:\/\/api.w.org\/{rel}","templated":true}]}}