{"id":43771,"date":"2022-05-03T18:54:00","date_gmt":"2022-05-03T16:54:00","guid":{"rendered":"https:\/\/socialdesignmagazine.com\/mag\/?p=43771"},"modified":"2022-05-04T14:49:06","modified_gmt":"2022-05-04T12:49:06","slug":"interior-e-branding-per-una-pasticceria-dalle-forme-sinuose","status":"publish","type":"post","link":"https:\/\/socialdesignmagazine.com\/mag\/architettura\/interior-e-branding-per-una-pasticceria-dalle-forme-sinuose\/","title":{"rendered":"Interior e Branding per una pasticceria dalle forme sinuose","gt_translate_keys":[{"key":"rendered","format":"text"}]},"content":{"rendered":"\n<p>Quando si parla di branding non si pu\u00f2 prescindere dalle richieste chiare e precise della committenza. Ricerca del nome, realizzazione del logo, scelta della location, progetto di ristrutturazione e interior design, cos\u00ec lo <strong>Studio Vanda<\/strong> ha realizzato questo \u201cTotal Concept\u201d per una giovane pasticciera con un grande sogno, preparare e vendere cannoncini, un pasticcino tipico italiano che all\u2019interno della sua pasta friabile raccoglie una soave crema.<\/p>\n\n\n\n<blockquote class=\"wp-block-quote is-layout-flow wp-block-quote-is-layout-flow\"><p><em>\u201cImmaginatevi di entrare in un croccante cannoncino appena sfornato, sentite i rumori attutiti dalla morbidezza della crema pasticcera, immergetevi nelle curve della dolcezza, annusate il profumo del burro e dello zucchero a velo\u201d <\/em><\/p><cite>Vanda<\/cite><\/blockquote>\n\n\n\n<p>Una volta trovata la location il lavoro pi\u00f9 interessante \u00e8 stato trasmettere il brand attraverso il nome e la peculiarit\u00e0 del prodotto attraverso la location. Per chi non lo conoscesse il cannoncino ha una scorza esterna realizzata a spirale, che di per se pu\u00f2 esser considerata una food-architecture: la sua forma infatti fa in modo che la pasta sia \u201cstrutturalmente\u201d resistente, garantendo l\u2019uso di meno impasto e permettendo di farcirlo con crema che di per se ha un peso specifico superiore a quello della pasta stessa. Ecco perch\u00e9 la sua forma cos\u00ec peculiare \u00e8 stata utilizzata per poterne trarne sia il nome \u201cCannoncino\u201d che il logo del Brand ,una stilizzazione della forma del cannoncino.<\/p>\n\n\n\n<p>Da quel punto in poi definire la connotazione del locale come espressione del brand \u00e8 diventato di fondamentale importanza. Lo Studio, ispiratosi alle architetture organiche del Goetheanum a Dornach di Rudolf Steiner, ha voluto introdurre le <strong>forme sinuose e morbide<\/strong>, quasi ad eliminare ogni angolo e sostituirlo con forme curve. La sensazione \u00e8 di entrare dentro un posto ovattato, che vuole lasciare fuori i rumori e lo stress del mondo per potersi cosi godere un \u201cdolce\u201d riposo. Oltre alle forme organiche, lo spazio regala una sensazione di accoglienza grazie anche all\u2019uso di un unico colore che si distribuisce su tutte le superfici, creando giochi di ombre e chiaroscuri: il colore scelto \u00e8 il beige o anche detto color \u201ccrema pasticciera\u201d, quello del cannoncino.<\/p>\n\n\n\n<p>A enfatizzare questo gioco di linee morbide e curve asimmetriche si somma il gioco delle sospensioni luminose in ottone dalla forma circolare la cui luce si diffonde in maniera indiretta e mai netta. La scelta degli arredi rispecchia lo stesso stile anche nella scelta dei materiali, metallici e bronzati, mai in contrasto ma che anzi si fondono con lo sfondo e lo riflettono regalandogli punti di luce.<\/p>\n\n\n\n<figure class=\"wp-block-gallery has-nested-images columns-1 is-cropped wp-block-gallery-1 is-layout-flex wp-block-gallery-is-layout-flex\">\n<figure class=\"wp-block-image size-large\"><img loading=\"lazy\" decoding=\"async\" width=\"1920\" height=\"1280\" data-attachment-id=\"43774\" data-permalink=\"https:\/\/socialdesignmagazine.com\/mag\/architettura\/interior-e-branding-per-una-pasticceria-dalle-forme-sinuose\/attachment\/02_thus_newswire_cannoncino_vanda_2022-47-1-png\/#content\" data-orig-file=\"https:\/\/socialdesignmagazine.com\/mag\/wp-content\/uploads\/2022\/05\/02_thus_newswire_cannoncino_vanda_2022.47-1.png\" data-orig-size=\"1920,1280\" data-comments-opened=\"1\" data-image-meta=\"{&quot;aperture&quot;:&quot;0&quot;,&quot;credit&quot;:&quot;&quot;,&quot;camera&quot;:&quot;&quot;,&quot;caption&quot;:&quot;&quot;,&quot;created_timestamp&quot;:&quot;0&quot;,&quot;copyright&quot;:&quot;&quot;,&quot;focal_length&quot;:&quot;0&quot;,&quot;iso&quot;:&quot;0&quot;,&quot;shutter_speed&quot;:&quot;0&quot;,&quot;title&quot;:&quot;&quot;,&quot;orientation&quot;:&quot;0&quot;}\" data-image-title=\"02_thus_newswire_cannoncino_vanda_2022.47-1.png\" data-image-description=\"\" data-image-caption=\"\" data-medium-file=\"https:\/\/socialdesignmagazine.com\/mag\/wp-content\/uploads\/2022\/05\/02_thus_newswire_cannoncino_vanda_2022.47-1-438x283.png\" data-large-file=\"https:\/\/socialdesignmagazine.com\/mag\/wp-content\/uploads\/2022\/05\/02_thus_newswire_cannoncino_vanda_2022.47-1-1024x683.png\" data-id=\"43774\" src=\"https:\/\/socialdesignmagazine.com\/mag\/wp-content\/uploads\/2022\/05\/02_thus_newswire_cannoncino_vanda_2022.47-1.png\" alt=\"\" class=\"wp-image-43774\" srcset=\"https:\/\/socialdesignmagazine.com\/mag\/wp-content\/uploads\/2022\/05\/02_thus_newswire_cannoncino_vanda_2022.47-1.png 1920w, https:\/\/socialdesignmagazine.com\/mag\/wp-content\/uploads\/2022\/05\/02_thus_newswire_cannoncino_vanda_2022.47-1-1024x683.png 1024w, https:\/\/socialdesignmagazine.com\/mag\/wp-content\/uploads\/2022\/05\/02_thus_newswire_cannoncino_vanda_2022.47-1-100x66.png 100w, https:\/\/socialdesignmagazine.com\/mag\/wp-content\/uploads\/2022\/05\/02_thus_newswire_cannoncino_vanda_2022.47-1-768x512.png 768w, https:\/\/socialdesignmagazine.com\/mag\/wp-content\/uploads\/2022\/05\/02_thus_newswire_cannoncino_vanda_2022.47-1-1536x1024.png 1536w\" sizes=\"auto, (max-width: 1920px) 100vw, 1920px\" \/><\/figure>\n\n\n\n<figure class=\"wp-block-image size-large\"><img loading=\"lazy\" decoding=\"async\" width=\"1920\" height=\"1280\" data-attachment-id=\"43773\" data-permalink=\"https:\/\/socialdesignmagazine.com\/mag\/architettura\/interior-e-branding-per-una-pasticceria-dalle-forme-sinuose\/attachment\/01_thus_newswire_cannoncino_vanda_2022-47-0-png\/#content\" data-orig-file=\"https:\/\/socialdesignmagazine.com\/mag\/wp-content\/uploads\/2022\/05\/01_thus_newswire_cannoncino_vanda_2022.47-0.png\" data-orig-size=\"1920,1280\" data-comments-opened=\"1\" data-image-meta=\"{&quot;aperture&quot;:&quot;0&quot;,&quot;credit&quot;:&quot;&quot;,&quot;camera&quot;:&quot;&quot;,&quot;caption&quot;:&quot;&quot;,&quot;created_timestamp&quot;:&quot;0&quot;,&quot;copyright&quot;:&quot;&quot;,&quot;focal_length&quot;:&quot;0&quot;,&quot;iso&quot;:&quot;0&quot;,&quot;shutter_speed&quot;:&quot;0&quot;,&quot;title&quot;:&quot;&quot;,&quot;orientation&quot;:&quot;0&quot;}\" data-image-title=\"01_thus_newswire_cannoncino_vanda_2022.47-0.png\" data-image-description=\"\" data-image-caption=\"\" data-medium-file=\"https:\/\/socialdesignmagazine.com\/mag\/wp-content\/uploads\/2022\/05\/01_thus_newswire_cannoncino_vanda_2022.47-0-438x283.png\" data-large-file=\"https:\/\/socialdesignmagazine.com\/mag\/wp-content\/uploads\/2022\/05\/01_thus_newswire_cannoncino_vanda_2022.47-0-1024x683.png\" data-id=\"43773\" src=\"https:\/\/socialdesignmagazine.com\/mag\/wp-content\/uploads\/2022\/05\/01_thus_newswire_cannoncino_vanda_2022.47-0.png\" alt=\"\" class=\"wp-image-43773\" srcset=\"https:\/\/socialdesignmagazine.com\/mag\/wp-content\/uploads\/2022\/05\/01_thus_newswire_cannoncino_vanda_2022.47-0.png 1920w, https:\/\/socialdesignmagazine.com\/mag\/wp-content\/uploads\/2022\/05\/01_thus_newswire_cannoncino_vanda_2022.47-0-1024x683.png 1024w, https:\/\/socialdesignmagazine.com\/mag\/wp-content\/uploads\/2022\/05\/01_thus_newswire_cannoncino_vanda_2022.47-0-100x66.png 100w, https:\/\/socialdesignmagazine.com\/mag\/wp-content\/uploads\/2022\/05\/01_thus_newswire_cannoncino_vanda_2022.47-0-768x512.png 768w, https:\/\/socialdesignmagazine.com\/mag\/wp-content\/uploads\/2022\/05\/01_thus_newswire_cannoncino_vanda_2022.47-0-1536x1024.png 1536w\" sizes=\"auto, (max-width: 1920px) 100vw, 1920px\" \/><\/figure>\n\n\n\n<figure class=\"wp-block-image size-large\"><img loading=\"lazy\" decoding=\"async\" width=\"1920\" height=\"1280\" data-attachment-id=\"43787\" data-permalink=\"https:\/\/socialdesignmagazine.com\/mag\/architettura\/interior-e-branding-per-una-pasticceria-dalle-forme-sinuose\/attachment\/15_thus_newswire_cannoncino_vanda_2022-47-14-png\/#content\" data-orig-file=\"https:\/\/socialdesignmagazine.com\/mag\/wp-content\/uploads\/2022\/05\/15_thus_newswire_cannoncino_vanda_2022.47-14.png\" data-orig-size=\"1920,1280\" data-comments-opened=\"1\" data-image-meta=\"{&quot;aperture&quot;:&quot;0&quot;,&quot;credit&quot;:&quot;&quot;,&quot;camera&quot;:&quot;&quot;,&quot;caption&quot;:&quot;&quot;,&quot;created_timestamp&quot;:&quot;0&quot;,&quot;copyright&quot;:&quot;&quot;,&quot;focal_length&quot;:&quot;0&quot;,&quot;iso&quot;:&quot;0&quot;,&quot;shutter_speed&quot;:&quot;0&quot;,&quot;title&quot;:&quot;&quot;,&quot;orientation&quot;:&quot;0&quot;}\" data-image-title=\"15_thus_newswire_cannoncino_vanda_2022.47-14.png\" data-image-description=\"\" data-image-caption=\"\" data-medium-file=\"https:\/\/socialdesignmagazine.com\/mag\/wp-content\/uploads\/2022\/05\/15_thus_newswire_cannoncino_vanda_2022.47-14-438x283.png\" data-large-file=\"https:\/\/socialdesignmagazine.com\/mag\/wp-content\/uploads\/2022\/05\/15_thus_newswire_cannoncino_vanda_2022.47-14-1024x683.png\" data-id=\"43787\" src=\"https:\/\/socialdesignmagazine.com\/mag\/wp-content\/uploads\/2022\/05\/15_thus_newswire_cannoncino_vanda_2022.47-14.png\" alt=\"\" class=\"wp-image-43787\" srcset=\"https:\/\/socialdesignmagazine.com\/mag\/wp-content\/uploads\/2022\/05\/15_thus_newswire_cannoncino_vanda_2022.47-14.png 1920w, https:\/\/socialdesignmagazine.com\/mag\/wp-content\/uploads\/2022\/05\/15_thus_newswire_cannoncino_vanda_2022.47-14-1024x683.png 1024w, https:\/\/socialdesignmagazine.com\/mag\/wp-content\/uploads\/2022\/05\/15_thus_newswire_cannoncino_vanda_2022.47-14-100x66.png 100w, https:\/\/socialdesignmagazine.com\/mag\/wp-content\/uploads\/2022\/05\/15_thus_newswire_cannoncino_vanda_2022.47-14-768x512.png 768w, https:\/\/socialdesignmagazine.com\/mag\/wp-content\/uploads\/2022\/05\/15_thus_newswire_cannoncino_vanda_2022.47-14-1536x1024.png 1536w\" sizes=\"auto, (max-width: 1920px) 100vw, 1920px\" \/><\/figure>\n\n\n\n<figure class=\"wp-block-image size-large\"><img loading=\"lazy\" decoding=\"async\" width=\"1920\" height=\"1280\" data-attachment-id=\"43786\" data-permalink=\"https:\/\/socialdesignmagazine.com\/mag\/architettura\/interior-e-branding-per-una-pasticceria-dalle-forme-sinuose\/attachment\/14_thus_newswire_cannoncino_vanda_2022-47-13-png\/#content\" data-orig-file=\"https:\/\/socialdesignmagazine.com\/mag\/wp-content\/uploads\/2022\/05\/14_thus_newswire_cannoncino_vanda_2022.47-13.png\" data-orig-size=\"1920,1280\" data-comments-opened=\"1\" data-image-meta=\"{&quot;aperture&quot;:&quot;0&quot;,&quot;credit&quot;:&quot;&quot;,&quot;camera&quot;:&quot;&quot;,&quot;caption&quot;:&quot;&quot;,&quot;created_timestamp&quot;:&quot;0&quot;,&quot;copyright&quot;:&quot;&quot;,&quot;focal_length&quot;:&quot;0&quot;,&quot;iso&quot;:&quot;0&quot;,&quot;shutter_speed&quot;:&quot;0&quot;,&quot;title&quot;:&quot;&quot;,&quot;orientation&quot;:&quot;0&quot;}\" data-image-title=\"14_thus_newswire_cannoncino_vanda_2022.47-13.png\" data-image-description=\"\" data-image-caption=\"\" data-medium-file=\"https:\/\/socialdesignmagazine.com\/mag\/wp-content\/uploads\/2022\/05\/14_thus_newswire_cannoncino_vanda_2022.47-13-438x283.png\" data-large-file=\"https:\/\/socialdesignmagazine.com\/mag\/wp-content\/uploads\/2022\/05\/14_thus_newswire_cannoncino_vanda_2022.47-13-1024x683.png\" data-id=\"43786\" src=\"https:\/\/socialdesignmagazine.com\/mag\/wp-content\/uploads\/2022\/05\/14_thus_newswire_cannoncino_vanda_2022.47-13.png\" alt=\"\" class=\"wp-image-43786\" srcset=\"https:\/\/socialdesignmagazine.com\/mag\/wp-content\/uploads\/2022\/05\/14_thus_newswire_cannoncino_vanda_2022.47-13.png 1920w, https:\/\/socialdesignmagazine.com\/mag\/wp-content\/uploads\/2022\/05\/14_thus_newswire_cannoncino_vanda_2022.47-13-1024x683.png 1024w, https:\/\/socialdesignmagazine.com\/mag\/wp-content\/uploads\/2022\/05\/14_thus_newswire_cannoncino_vanda_2022.47-13-100x66.png 100w, https:\/\/socialdesignmagazine.com\/mag\/wp-content\/uploads\/2022\/05\/14_thus_newswire_cannoncino_vanda_2022.47-13-768x512.png 768w, https:\/\/socialdesignmagazine.com\/mag\/wp-content\/uploads\/2022\/05\/14_thus_newswire_cannoncino_vanda_2022.47-13-1536x1024.png 1536w\" sizes=\"auto, (max-width: 1920px) 100vw, 1920px\" \/><\/figure>\n\n\n\n<figure class=\"wp-block-image size-large\"><img loading=\"lazy\" decoding=\"async\" width=\"1920\" height=\"1280\" data-attachment-id=\"43779\" data-permalink=\"https:\/\/socialdesignmagazine.com\/mag\/architettura\/interior-e-branding-per-una-pasticceria-dalle-forme-sinuose\/attachment\/07_thus_newswire_cannoncino_vanda_2022-47-6-png\/#content\" data-orig-file=\"https:\/\/socialdesignmagazine.com\/mag\/wp-content\/uploads\/2022\/05\/07_thus_newswire_cannoncino_vanda_2022.47-6.png\" data-orig-size=\"1920,1280\" data-comments-opened=\"1\" data-image-meta=\"{&quot;aperture&quot;:&quot;0&quot;,&quot;credit&quot;:&quot;&quot;,&quot;camera&quot;:&quot;&quot;,&quot;caption&quot;:&quot;&quot;,&quot;created_timestamp&quot;:&quot;0&quot;,&quot;copyright&quot;:&quot;&quot;,&quot;focal_length&quot;:&quot;0&quot;,&quot;iso&quot;:&quot;0&quot;,&quot;shutter_speed&quot;:&quot;0&quot;,&quot;title&quot;:&quot;&quot;,&quot;orientation&quot;:&quot;0&quot;}\" data-image-title=\"07_thus_newswire_cannoncino_vanda_2022.47-6.png\" data-image-description=\"\" data-image-caption=\"\" data-medium-file=\"https:\/\/socialdesignmagazine.com\/mag\/wp-content\/uploads\/2022\/05\/07_thus_newswire_cannoncino_vanda_2022.47-6-438x283.png\" data-large-file=\"https:\/\/socialdesignmagazine.com\/mag\/wp-content\/uploads\/2022\/05\/07_thus_newswire_cannoncino_vanda_2022.47-6-1024x683.png\" data-id=\"43779\" src=\"https:\/\/socialdesignmagazine.com\/mag\/wp-content\/uploads\/2022\/05\/07_thus_newswire_cannoncino_vanda_2022.47-6.png\" alt=\"\" class=\"wp-image-43779\" srcset=\"https:\/\/socialdesignmagazine.com\/mag\/wp-content\/uploads\/2022\/05\/07_thus_newswire_cannoncino_vanda_2022.47-6.png 1920w, https:\/\/socialdesignmagazine.com\/mag\/wp-content\/uploads\/2022\/05\/07_thus_newswire_cannoncino_vanda_2022.47-6-1024x683.png 1024w, https:\/\/socialdesignmagazine.com\/mag\/wp-content\/uploads\/2022\/05\/07_thus_newswire_cannoncino_vanda_2022.47-6-100x66.png 100w, https:\/\/socialdesignmagazine.com\/mag\/wp-content\/uploads\/2022\/05\/07_thus_newswire_cannoncino_vanda_2022.47-6-768x512.png 768w, https:\/\/socialdesignmagazine.com\/mag\/wp-content\/uploads\/2022\/05\/07_thus_newswire_cannoncino_vanda_2022.47-6-1536x1024.png 1536w\" sizes=\"auto, (max-width: 1920px) 100vw, 1920px\" \/><\/figure>\n\n\n\n<figure class=\"wp-block-image size-large\"><img loading=\"lazy\" decoding=\"async\" width=\"1920\" height=\"1280\" data-attachment-id=\"43785\" data-permalink=\"https:\/\/socialdesignmagazine.com\/mag\/architettura\/interior-e-branding-per-una-pasticceria-dalle-forme-sinuose\/attachment\/13_thus_newswire_cannoncino_vanda_2022-47-12-png\/#content\" data-orig-file=\"https:\/\/socialdesignmagazine.com\/mag\/wp-content\/uploads\/2022\/05\/13_thus_newswire_cannoncino_vanda_2022.47-12.png\" data-orig-size=\"1920,1280\" data-comments-opened=\"1\" data-image-meta=\"{&quot;aperture&quot;:&quot;0&quot;,&quot;credit&quot;:&quot;&quot;,&quot;camera&quot;:&quot;&quot;,&quot;caption&quot;:&quot;&quot;,&quot;created_timestamp&quot;:&quot;0&quot;,&quot;copyright&quot;:&quot;&quot;,&quot;focal_length&quot;:&quot;0&quot;,&quot;iso&quot;:&quot;0&quot;,&quot;shutter_speed&quot;:&quot;0&quot;,&quot;title&quot;:&quot;&quot;,&quot;orientation&quot;:&quot;0&quot;}\" data-image-title=\"13_thus_newswire_cannoncino_vanda_2022.47-12.png\" data-image-description=\"\" data-image-caption=\"\" data-medium-file=\"https:\/\/socialdesignmagazine.com\/mag\/wp-content\/uploads\/2022\/05\/13_thus_newswire_cannoncino_vanda_2022.47-12-438x283.png\" data-large-file=\"https:\/\/socialdesignmagazine.com\/mag\/wp-content\/uploads\/2022\/05\/13_thus_newswire_cannoncino_vanda_2022.47-12-1024x683.png\" data-id=\"43785\" src=\"https:\/\/socialdesignmagazine.com\/mag\/wp-content\/uploads\/2022\/05\/13_thus_newswire_cannoncino_vanda_2022.47-12.png\" alt=\"\" class=\"wp-image-43785\" srcset=\"https:\/\/socialdesignmagazine.com\/mag\/wp-content\/uploads\/2022\/05\/13_thus_newswire_cannoncino_vanda_2022.47-12.png 1920w, https:\/\/socialdesignmagazine.com\/mag\/wp-content\/uploads\/2022\/05\/13_thus_newswire_cannoncino_vanda_2022.47-12-1024x683.png 1024w, https:\/\/socialdesignmagazine.com\/mag\/wp-content\/uploads\/2022\/05\/13_thus_newswire_cannoncino_vanda_2022.47-12-100x66.png 100w, https:\/\/socialdesignmagazine.com\/mag\/wp-content\/uploads\/2022\/05\/13_thus_newswire_cannoncino_vanda_2022.47-12-768x512.png 768w, https:\/\/socialdesignmagazine.com\/mag\/wp-content\/uploads\/2022\/05\/13_thus_newswire_cannoncino_vanda_2022.47-12-1536x1024.png 1536w\" sizes=\"auto, (max-width: 1920px) 100vw, 1920px\" \/><\/figure>\n\n\n\n<figure class=\"wp-block-image size-large\"><img loading=\"lazy\" decoding=\"async\" width=\"1920\" height=\"2880\" data-attachment-id=\"43784\" data-permalink=\"https:\/\/socialdesignmagazine.com\/mag\/architettura\/interior-e-branding-per-una-pasticceria-dalle-forme-sinuose\/attachment\/12_thus_newswire_cannoncino_vanda_2022-47-11-png\/#content\" data-orig-file=\"https:\/\/socialdesignmagazine.com\/mag\/wp-content\/uploads\/2022\/05\/12_thus_newswire_cannoncino_vanda_2022.47-11.png\" data-orig-size=\"1920,2880\" data-comments-opened=\"1\" data-image-meta=\"{&quot;aperture&quot;:&quot;0&quot;,&quot;credit&quot;:&quot;&quot;,&quot;camera&quot;:&quot;&quot;,&quot;caption&quot;:&quot;&quot;,&quot;created_timestamp&quot;:&quot;0&quot;,&quot;copyright&quot;:&quot;&quot;,&quot;focal_length&quot;:&quot;0&quot;,&quot;iso&quot;:&quot;0&quot;,&quot;shutter_speed&quot;:&quot;0&quot;,&quot;title&quot;:&quot;&quot;,&quot;orientation&quot;:&quot;0&quot;}\" data-image-title=\"12_thus_newswire_cannoncino_vanda_2022.47-11.png\" data-image-description=\"\" data-image-caption=\"\" data-medium-file=\"https:\/\/socialdesignmagazine.com\/mag\/wp-content\/uploads\/2022\/05\/12_thus_newswire_cannoncino_vanda_2022.47-11-438x283.png\" data-large-file=\"https:\/\/socialdesignmagazine.com\/mag\/wp-content\/uploads\/2022\/05\/12_thus_newswire_cannoncino_vanda_2022.47-11-1024x1536.png\" data-id=\"43784\" src=\"https:\/\/socialdesignmagazine.com\/mag\/wp-content\/uploads\/2022\/05\/12_thus_newswire_cannoncino_vanda_2022.47-11.png\" alt=\"\" class=\"wp-image-43784\" srcset=\"https:\/\/socialdesignmagazine.com\/mag\/wp-content\/uploads\/2022\/05\/12_thus_newswire_cannoncino_vanda_2022.47-11.png 1920w, https:\/\/socialdesignmagazine.com\/mag\/wp-content\/uploads\/2022\/05\/12_thus_newswire_cannoncino_vanda_2022.47-11-1024x1536.png 1024w, https:\/\/socialdesignmagazine.com\/mag\/wp-content\/uploads\/2022\/05\/12_thus_newswire_cannoncino_vanda_2022.47-11-768x1152.png 768w, https:\/\/socialdesignmagazine.com\/mag\/wp-content\/uploads\/2022\/05\/12_thus_newswire_cannoncino_vanda_2022.47-11-1365x2048.png 1365w\" sizes=\"auto, (max-width: 1920px) 100vw, 1920px\" \/><\/figure>\n\n\n\n<figure class=\"wp-block-image size-large\"><img loading=\"lazy\" decoding=\"async\" width=\"1920\" height=\"1280\" data-attachment-id=\"43783\" data-permalink=\"https:\/\/socialdesignmagazine.com\/mag\/architettura\/interior-e-branding-per-una-pasticceria-dalle-forme-sinuose\/attachment\/11_thus_newswire_cannoncino_vanda_2022-47-10-png\/#content\" data-orig-file=\"https:\/\/socialdesignmagazine.com\/mag\/wp-content\/uploads\/2022\/05\/11_thus_newswire_cannoncino_vanda_2022.47-10.png\" data-orig-size=\"1920,1280\" data-comments-opened=\"1\" data-image-meta=\"{&quot;aperture&quot;:&quot;0&quot;,&quot;credit&quot;:&quot;&quot;,&quot;camera&quot;:&quot;&quot;,&quot;caption&quot;:&quot;&quot;,&quot;created_timestamp&quot;:&quot;0&quot;,&quot;copyright&quot;:&quot;&quot;,&quot;focal_length&quot;:&quot;0&quot;,&quot;iso&quot;:&quot;0&quot;,&quot;shutter_speed&quot;:&quot;0&quot;,&quot;title&quot;:&quot;&quot;,&quot;orientation&quot;:&quot;0&quot;}\" data-image-title=\"11_thus_newswire_cannoncino_vanda_2022.47-10.png\" data-image-description=\"\" data-image-caption=\"\" data-medium-file=\"https:\/\/socialdesignmagazine.com\/mag\/wp-content\/uploads\/2022\/05\/11_thus_newswire_cannoncino_vanda_2022.47-10-438x283.png\" data-large-file=\"https:\/\/socialdesignmagazine.com\/mag\/wp-content\/uploads\/2022\/05\/11_thus_newswire_cannoncino_vanda_2022.47-10-1024x683.png\" data-id=\"43783\" src=\"https:\/\/socialdesignmagazine.com\/mag\/wp-content\/uploads\/2022\/05\/11_thus_newswire_cannoncino_vanda_2022.47-10.png\" alt=\"\" class=\"wp-image-43783\" srcset=\"https:\/\/socialdesignmagazine.com\/mag\/wp-content\/uploads\/2022\/05\/11_thus_newswire_cannoncino_vanda_2022.47-10.png 1920w, https:\/\/socialdesignmagazine.com\/mag\/wp-content\/uploads\/2022\/05\/11_thus_newswire_cannoncino_vanda_2022.47-10-1024x683.png 1024w, https:\/\/socialdesignmagazine.com\/mag\/wp-content\/uploads\/2022\/05\/11_thus_newswire_cannoncino_vanda_2022.47-10-100x66.png 100w, https:\/\/socialdesignmagazine.com\/mag\/wp-content\/uploads\/2022\/05\/11_thus_newswire_cannoncino_vanda_2022.47-10-768x512.png 768w, https:\/\/socialdesignmagazine.com\/mag\/wp-content\/uploads\/2022\/05\/11_thus_newswire_cannoncino_vanda_2022.47-10-1536x1024.png 1536w\" sizes=\"auto, (max-width: 1920px) 100vw, 1920px\" \/><\/figure>\n\n\n\n<figure class=\"wp-block-image size-large\"><img loading=\"lazy\" decoding=\"async\" width=\"1920\" height=\"2880\" data-attachment-id=\"43776\" data-permalink=\"https:\/\/socialdesignmagazine.com\/mag\/architettura\/interior-e-branding-per-una-pasticceria-dalle-forme-sinuose\/attachment\/04_thus_newswire_cannoncino_vanda_2022-47-3-png\/#content\" data-orig-file=\"https:\/\/socialdesignmagazine.com\/mag\/wp-content\/uploads\/2022\/05\/04_thus_newswire_cannoncino_vanda_2022.47-3.png\" data-orig-size=\"1920,2880\" data-comments-opened=\"1\" data-image-meta=\"{&quot;aperture&quot;:&quot;0&quot;,&quot;credit&quot;:&quot;&quot;,&quot;camera&quot;:&quot;&quot;,&quot;caption&quot;:&quot;&quot;,&quot;created_timestamp&quot;:&quot;0&quot;,&quot;copyright&quot;:&quot;&quot;,&quot;focal_length&quot;:&quot;0&quot;,&quot;iso&quot;:&quot;0&quot;,&quot;shutter_speed&quot;:&quot;0&quot;,&quot;title&quot;:&quot;&quot;,&quot;orientation&quot;:&quot;0&quot;}\" data-image-title=\"04_thus_newswire_cannoncino_vanda_2022.47-3.png\" data-image-description=\"\" data-image-caption=\"\" data-medium-file=\"https:\/\/socialdesignmagazine.com\/mag\/wp-content\/uploads\/2022\/05\/04_thus_newswire_cannoncino_vanda_2022.47-3-438x283.png\" data-large-file=\"https:\/\/socialdesignmagazine.com\/mag\/wp-content\/uploads\/2022\/05\/04_thus_newswire_cannoncino_vanda_2022.47-3-1024x1536.png\" data-id=\"43776\" src=\"https:\/\/socialdesignmagazine.com\/mag\/wp-content\/uploads\/2022\/05\/04_thus_newswire_cannoncino_vanda_2022.47-3.png\" alt=\"\" class=\"wp-image-43776\" srcset=\"https:\/\/socialdesignmagazine.com\/mag\/wp-content\/uploads\/2022\/05\/04_thus_newswire_cannoncino_vanda_2022.47-3.png 1920w, https:\/\/socialdesignmagazine.com\/mag\/wp-content\/uploads\/2022\/05\/04_thus_newswire_cannoncino_vanda_2022.47-3-1024x1536.png 1024w, https:\/\/socialdesignmagazine.com\/mag\/wp-content\/uploads\/2022\/05\/04_thus_newswire_cannoncino_vanda_2022.47-3-768x1152.png 768w, https:\/\/socialdesignmagazine.com\/mag\/wp-content\/uploads\/2022\/05\/04_thus_newswire_cannoncino_vanda_2022.47-3-1365x2048.png 1365w\" sizes=\"auto, (max-width: 1920px) 100vw, 1920px\" \/><\/figure>\n\n\n\n<figure class=\"wp-block-image size-large\"><img loading=\"lazy\" decoding=\"async\" width=\"1920\" height=\"2880\" data-attachment-id=\"43775\" data-permalink=\"https:\/\/socialdesignmagazine.com\/mag\/architettura\/interior-e-branding-per-una-pasticceria-dalle-forme-sinuose\/attachment\/03_thus_newswire_cannoncino_vanda_2022-47-2-png\/#content\" data-orig-file=\"https:\/\/socialdesignmagazine.com\/mag\/wp-content\/uploads\/2022\/05\/03_thus_newswire_cannoncino_vanda_2022.47-2.png\" data-orig-size=\"1920,2880\" data-comments-opened=\"1\" data-image-meta=\"{&quot;aperture&quot;:&quot;0&quot;,&quot;credit&quot;:&quot;&quot;,&quot;camera&quot;:&quot;&quot;,&quot;caption&quot;:&quot;&quot;,&quot;created_timestamp&quot;:&quot;0&quot;,&quot;copyright&quot;:&quot;&quot;,&quot;focal_length&quot;:&quot;0&quot;,&quot;iso&quot;:&quot;0&quot;,&quot;shutter_speed&quot;:&quot;0&quot;,&quot;title&quot;:&quot;&quot;,&quot;orientation&quot;:&quot;0&quot;}\" data-image-title=\"03_thus_newswire_cannoncino_vanda_2022.47-2.png\" data-image-description=\"\" data-image-caption=\"\" data-medium-file=\"https:\/\/socialdesignmagazine.com\/mag\/wp-content\/uploads\/2022\/05\/03_thus_newswire_cannoncino_vanda_2022.47-2-438x283.png\" data-large-file=\"https:\/\/socialdesignmagazine.com\/mag\/wp-content\/uploads\/2022\/05\/03_thus_newswire_cannoncino_vanda_2022.47-2-1024x1536.png\" data-id=\"43775\" src=\"https:\/\/socialdesignmagazine.com\/mag\/wp-content\/uploads\/2022\/05\/03_thus_newswire_cannoncino_vanda_2022.47-2.png\" alt=\"\" class=\"wp-image-43775\" srcset=\"https:\/\/socialdesignmagazine.com\/mag\/wp-content\/uploads\/2022\/05\/03_thus_newswire_cannoncino_vanda_2022.47-2.png 1920w, https:\/\/socialdesignmagazine.com\/mag\/wp-content\/uploads\/2022\/05\/03_thus_newswire_cannoncino_vanda_2022.47-2-1024x1536.png 1024w, https:\/\/socialdesignmagazine.com\/mag\/wp-content\/uploads\/2022\/05\/03_thus_newswire_cannoncino_vanda_2022.47-2-768x1152.png 768w, https:\/\/socialdesignmagazine.com\/mag\/wp-content\/uploads\/2022\/05\/03_thus_newswire_cannoncino_vanda_2022.47-2-1365x2048.png 1365w\" sizes=\"auto, (max-width: 1920px) 100vw, 1920px\" \/><\/figure>\n\n\n\n<figure class=\"wp-block-image size-large\"><img loading=\"lazy\" decoding=\"async\" width=\"1920\" height=\"1280\" data-attachment-id=\"43782\" data-permalink=\"https:\/\/socialdesignmagazine.com\/mag\/architettura\/interior-e-branding-per-una-pasticceria-dalle-forme-sinuose\/attachment\/10_thus_newswire_cannoncino_vanda_2022-47-9-png\/#content\" data-orig-file=\"https:\/\/socialdesignmagazine.com\/mag\/wp-content\/uploads\/2022\/05\/10_thus_newswire_cannoncino_vanda_2022.47-9.png\" data-orig-size=\"1920,1280\" data-comments-opened=\"1\" data-image-meta=\"{&quot;aperture&quot;:&quot;0&quot;,&quot;credit&quot;:&quot;&quot;,&quot;camera&quot;:&quot;&quot;,&quot;caption&quot;:&quot;&quot;,&quot;created_timestamp&quot;:&quot;0&quot;,&quot;copyright&quot;:&quot;&quot;,&quot;focal_length&quot;:&quot;0&quot;,&quot;iso&quot;:&quot;0&quot;,&quot;shutter_speed&quot;:&quot;0&quot;,&quot;title&quot;:&quot;&quot;,&quot;orientation&quot;:&quot;0&quot;}\" data-image-title=\"10_thus_newswire_cannoncino_vanda_2022.47-9.png\" data-image-description=\"\" data-image-caption=\"\" data-medium-file=\"https:\/\/socialdesignmagazine.com\/mag\/wp-content\/uploads\/2022\/05\/10_thus_newswire_cannoncino_vanda_2022.47-9-438x283.png\" data-large-file=\"https:\/\/socialdesignmagazine.com\/mag\/wp-content\/uploads\/2022\/05\/10_thus_newswire_cannoncino_vanda_2022.47-9-1024x683.png\" data-id=\"43782\" src=\"https:\/\/socialdesignmagazine.com\/mag\/wp-content\/uploads\/2022\/05\/10_thus_newswire_cannoncino_vanda_2022.47-9.png\" alt=\"\" class=\"wp-image-43782\" srcset=\"https:\/\/socialdesignmagazine.com\/mag\/wp-content\/uploads\/2022\/05\/10_thus_newswire_cannoncino_vanda_2022.47-9.png 1920w, https:\/\/socialdesignmagazine.com\/mag\/wp-content\/uploads\/2022\/05\/10_thus_newswire_cannoncino_vanda_2022.47-9-1024x683.png 1024w, https:\/\/socialdesignmagazine.com\/mag\/wp-content\/uploads\/2022\/05\/10_thus_newswire_cannoncino_vanda_2022.47-9-100x66.png 100w, https:\/\/socialdesignmagazine.com\/mag\/wp-content\/uploads\/2022\/05\/10_thus_newswire_cannoncino_vanda_2022.47-9-768x512.png 768w, https:\/\/socialdesignmagazine.com\/mag\/wp-content\/uploads\/2022\/05\/10_thus_newswire_cannoncino_vanda_2022.47-9-1536x1024.png 1536w\" sizes=\"auto, (max-width: 1920px) 100vw, 1920px\" \/><\/figure>\n\n\n\n<figure class=\"wp-block-image size-large\"><img loading=\"lazy\" decoding=\"async\" width=\"1920\" height=\"2880\" data-attachment-id=\"43781\" data-permalink=\"https:\/\/socialdesignmagazine.com\/mag\/architettura\/interior-e-branding-per-una-pasticceria-dalle-forme-sinuose\/attachment\/09_thus_newswire_cannoncino_vanda_2022-47-8-png\/#content\" data-orig-file=\"https:\/\/socialdesignmagazine.com\/mag\/wp-content\/uploads\/2022\/05\/09_thus_newswire_cannoncino_vanda_2022.47-8.png\" data-orig-size=\"1920,2880\" data-comments-opened=\"1\" data-image-meta=\"{&quot;aperture&quot;:&quot;0&quot;,&quot;credit&quot;:&quot;&quot;,&quot;camera&quot;:&quot;&quot;,&quot;caption&quot;:&quot;&quot;,&quot;created_timestamp&quot;:&quot;0&quot;,&quot;copyright&quot;:&quot;&quot;,&quot;focal_length&quot;:&quot;0&quot;,&quot;iso&quot;:&quot;0&quot;,&quot;shutter_speed&quot;:&quot;0&quot;,&quot;title&quot;:&quot;&quot;,&quot;orientation&quot;:&quot;0&quot;}\" data-image-title=\"09_thus_newswire_cannoncino_vanda_2022.47-8.png\" data-image-description=\"\" data-image-caption=\"\" data-medium-file=\"https:\/\/socialdesignmagazine.com\/mag\/wp-content\/uploads\/2022\/05\/09_thus_newswire_cannoncino_vanda_2022.47-8-438x283.png\" data-large-file=\"https:\/\/socialdesignmagazine.com\/mag\/wp-content\/uploads\/2022\/05\/09_thus_newswire_cannoncino_vanda_2022.47-8-1024x1536.png\" data-id=\"43781\" src=\"https:\/\/socialdesignmagazine.com\/mag\/wp-content\/uploads\/2022\/05\/09_thus_newswire_cannoncino_vanda_2022.47-8.png\" alt=\"\" class=\"wp-image-43781\" srcset=\"https:\/\/socialdesignmagazine.com\/mag\/wp-content\/uploads\/2022\/05\/09_thus_newswire_cannoncino_vanda_2022.47-8.png 1920w, https:\/\/socialdesignmagazine.com\/mag\/wp-content\/uploads\/2022\/05\/09_thus_newswire_cannoncino_vanda_2022.47-8-1024x1536.png 1024w, https:\/\/socialdesignmagazine.com\/mag\/wp-content\/uploads\/2022\/05\/09_thus_newswire_cannoncino_vanda_2022.47-8-768x1152.png 768w, https:\/\/socialdesignmagazine.com\/mag\/wp-content\/uploads\/2022\/05\/09_thus_newswire_cannoncino_vanda_2022.47-8-1365x2048.png 1365w\" sizes=\"auto, (max-width: 1920px) 100vw, 1920px\" \/><\/figure>\n\n\n\n<figure class=\"wp-block-image size-large\"><img loading=\"lazy\" decoding=\"async\" width=\"1920\" height=\"1280\" data-attachment-id=\"43780\" data-permalink=\"https:\/\/socialdesignmagazine.com\/mag\/architettura\/interior-e-branding-per-una-pasticceria-dalle-forme-sinuose\/attachment\/08_thus_newswire_cannoncino_vanda_2022-47-7-png\/#content\" data-orig-file=\"https:\/\/socialdesignmagazine.com\/mag\/wp-content\/uploads\/2022\/05\/08_thus_newswire_cannoncino_vanda_2022.47-7.png\" data-orig-size=\"1920,1280\" data-comments-opened=\"1\" data-image-meta=\"{&quot;aperture&quot;:&quot;0&quot;,&quot;credit&quot;:&quot;&quot;,&quot;camera&quot;:&quot;&quot;,&quot;caption&quot;:&quot;&quot;,&quot;created_timestamp&quot;:&quot;0&quot;,&quot;copyright&quot;:&quot;&quot;,&quot;focal_length&quot;:&quot;0&quot;,&quot;iso&quot;:&quot;0&quot;,&quot;shutter_speed&quot;:&quot;0&quot;,&quot;title&quot;:&quot;&quot;,&quot;orientation&quot;:&quot;0&quot;}\" data-image-title=\"08_thus_newswire_cannoncino_vanda_2022.47-7.png\" data-image-description=\"\" data-image-caption=\"\" data-medium-file=\"https:\/\/socialdesignmagazine.com\/mag\/wp-content\/uploads\/2022\/05\/08_thus_newswire_cannoncino_vanda_2022.47-7-438x283.png\" data-large-file=\"https:\/\/socialdesignmagazine.com\/mag\/wp-content\/uploads\/2022\/05\/08_thus_newswire_cannoncino_vanda_2022.47-7-1024x683.png\" data-id=\"43780\" src=\"https:\/\/socialdesignmagazine.com\/mag\/wp-content\/uploads\/2022\/05\/08_thus_newswire_cannoncino_vanda_2022.47-7.png\" alt=\"\" class=\"wp-image-43780\" srcset=\"https:\/\/socialdesignmagazine.com\/mag\/wp-content\/uploads\/2022\/05\/08_thus_newswire_cannoncino_vanda_2022.47-7.png 1920w, https:\/\/socialdesignmagazine.com\/mag\/wp-content\/uploads\/2022\/05\/08_thus_newswire_cannoncino_vanda_2022.47-7-1024x683.png 1024w, https:\/\/socialdesignmagazine.com\/mag\/wp-content\/uploads\/2022\/05\/08_thus_newswire_cannoncino_vanda_2022.47-7-100x66.png 100w, https:\/\/socialdesignmagazine.com\/mag\/wp-content\/uploads\/2022\/05\/08_thus_newswire_cannoncino_vanda_2022.47-7-768x512.png 768w, https:\/\/socialdesignmagazine.com\/mag\/wp-content\/uploads\/2022\/05\/08_thus_newswire_cannoncino_vanda_2022.47-7-1536x1024.png 1536w\" sizes=\"auto, (max-width: 1920px) 100vw, 1920px\" \/><\/figure>\n\n\n\n<figure class=\"wp-block-image size-large\"><img loading=\"lazy\" decoding=\"async\" width=\"1920\" height=\"1280\" data-attachment-id=\"43778\" data-permalink=\"https:\/\/socialdesignmagazine.com\/mag\/architettura\/interior-e-branding-per-una-pasticceria-dalle-forme-sinuose\/attachment\/06_thus_newswire_cannoncino_vanda_2022-47-5-png\/#content\" data-orig-file=\"https:\/\/socialdesignmagazine.com\/mag\/wp-content\/uploads\/2022\/05\/06_thus_newswire_cannoncino_vanda_2022.47-5.png\" data-orig-size=\"1920,1280\" data-comments-opened=\"1\" data-image-meta=\"{&quot;aperture&quot;:&quot;0&quot;,&quot;credit&quot;:&quot;&quot;,&quot;camera&quot;:&quot;&quot;,&quot;caption&quot;:&quot;&quot;,&quot;created_timestamp&quot;:&quot;0&quot;,&quot;copyright&quot;:&quot;&quot;,&quot;focal_length&quot;:&quot;0&quot;,&quot;iso&quot;:&quot;0&quot;,&quot;shutter_speed&quot;:&quot;0&quot;,&quot;title&quot;:&quot;&quot;,&quot;orientation&quot;:&quot;0&quot;}\" data-image-title=\"06_thus_newswire_cannoncino_vanda_2022.47-5.png\" data-image-description=\"\" data-image-caption=\"\" data-medium-file=\"https:\/\/socialdesignmagazine.com\/mag\/wp-content\/uploads\/2022\/05\/06_thus_newswire_cannoncino_vanda_2022.47-5-438x283.png\" data-large-file=\"https:\/\/socialdesignmagazine.com\/mag\/wp-content\/uploads\/2022\/05\/06_thus_newswire_cannoncino_vanda_2022.47-5-1024x683.png\" data-id=\"43778\" src=\"https:\/\/socialdesignmagazine.com\/mag\/wp-content\/uploads\/2022\/05\/06_thus_newswire_cannoncino_vanda_2022.47-5.png\" alt=\"\" class=\"wp-image-43778\" srcset=\"https:\/\/socialdesignmagazine.com\/mag\/wp-content\/uploads\/2022\/05\/06_thus_newswire_cannoncino_vanda_2022.47-5.png 1920w, https:\/\/socialdesignmagazine.com\/mag\/wp-content\/uploads\/2022\/05\/06_thus_newswire_cannoncino_vanda_2022.47-5-1024x683.png 1024w, https:\/\/socialdesignmagazine.com\/mag\/wp-content\/uploads\/2022\/05\/06_thus_newswire_cannoncino_vanda_2022.47-5-100x66.png 100w, https:\/\/socialdesignmagazine.com\/mag\/wp-content\/uploads\/2022\/05\/06_thus_newswire_cannoncino_vanda_2022.47-5-768x512.png 768w, https:\/\/socialdesignmagazine.com\/mag\/wp-content\/uploads\/2022\/05\/06_thus_newswire_cannoncino_vanda_2022.47-5-1536x1024.png 1536w\" sizes=\"auto, (max-width: 1920px) 100vw, 1920px\" \/><\/figure>\n\n\n\n<figure class=\"wp-block-image size-large\"><img loading=\"lazy\" decoding=\"async\" width=\"1920\" height=\"1280\" data-attachment-id=\"43777\" data-permalink=\"https:\/\/socialdesignmagazine.com\/mag\/architettura\/interior-e-branding-per-una-pasticceria-dalle-forme-sinuose\/attachment\/05_thus_newswire_cannoncino_vanda_2022-47-4-png\/#content\" data-orig-file=\"https:\/\/socialdesignmagazine.com\/mag\/wp-content\/uploads\/2022\/05\/05_thus_newswire_cannoncino_vanda_2022.47-4.png\" data-orig-size=\"1920,1280\" data-comments-opened=\"1\" data-image-meta=\"{&quot;aperture&quot;:&quot;0&quot;,&quot;credit&quot;:&quot;&quot;,&quot;camera&quot;:&quot;&quot;,&quot;caption&quot;:&quot;&quot;,&quot;created_timestamp&quot;:&quot;0&quot;,&quot;copyright&quot;:&quot;&quot;,&quot;focal_length&quot;:&quot;0&quot;,&quot;iso&quot;:&quot;0&quot;,&quot;shutter_speed&quot;:&quot;0&quot;,&quot;title&quot;:&quot;&quot;,&quot;orientation&quot;:&quot;0&quot;}\" data-image-title=\"05_thus_newswire_cannoncino_vanda_2022.47-4.png\" data-image-description=\"\" data-image-caption=\"\" data-medium-file=\"https:\/\/socialdesignmagazine.com\/mag\/wp-content\/uploads\/2022\/05\/05_thus_newswire_cannoncino_vanda_2022.47-4-438x283.png\" data-large-file=\"https:\/\/socialdesignmagazine.com\/mag\/wp-content\/uploads\/2022\/05\/05_thus_newswire_cannoncino_vanda_2022.47-4-1024x683.png\" data-id=\"43777\" src=\"https:\/\/socialdesignmagazine.com\/mag\/wp-content\/uploads\/2022\/05\/05_thus_newswire_cannoncino_vanda_2022.47-4.png\" alt=\"\" class=\"wp-image-43777\" srcset=\"https:\/\/socialdesignmagazine.com\/mag\/wp-content\/uploads\/2022\/05\/05_thus_newswire_cannoncino_vanda_2022.47-4.png 1920w, https:\/\/socialdesignmagazine.com\/mag\/wp-content\/uploads\/2022\/05\/05_thus_newswire_cannoncino_vanda_2022.47-4-1024x683.png 1024w, https:\/\/socialdesignmagazine.com\/mag\/wp-content\/uploads\/2022\/05\/05_thus_newswire_cannoncino_vanda_2022.47-4-100x66.png 100w, https:\/\/socialdesignmagazine.com\/mag\/wp-content\/uploads\/2022\/05\/05_thus_newswire_cannoncino_vanda_2022.47-4-768x512.png 768w, https:\/\/socialdesignmagazine.com\/mag\/wp-content\/uploads\/2022\/05\/05_thus_newswire_cannoncino_vanda_2022.47-4-1536x1024.png 1536w\" sizes=\"auto, (max-width: 1920px) 100vw, 1920px\" \/><\/figure>\n<\/figure>\n\n\n\n<h3 class=\"wp-block-heading\">Project info<\/h3>\n\n\n\n<p><strong>Project name:<\/strong>&nbsp;Cannoncino (@pasticceriacannoncino)<br><strong>Architecture Office:<\/strong>&nbsp;Vanda<br><strong>Location:<\/strong>&nbsp;Corso Vittorio Emanuele II, 182, Piacenza (Italy)<br><strong>Year of conclusion:<\/strong>&nbsp;2021<br><strong>Architectural photographer:<\/strong>&nbsp;Valentina Elmiger<\/p>\n\n\n\n<h4 class=\"wp-block-heading\">Furniture:<\/h4>\n\n\n\n<p><strong>Bar Stools:<\/strong> Homecom<br><strong>Mirror:<\/strong> Westiwingnow<br><strong>Lighting:<\/strong> Mazzolaluce, Amlux, Kavehome, Westiwingnow<\/p>\n","protected":false,"gt_translate_keys":[{"key":"rendered","format":"html"}]},"excerpt":{"rendered":"<p>Ricerca del nome, realizzazione del logo, scelta della location, progetto di ristrutturazione e interior design, cos\u00ec lo Studio Vanda ha realizzato questo \u201cTotal Concept\u201d<\/p>\n","protected":false,"gt_translate_keys":[{"key":"rendered","format":"html"}]},"author":1052,"featured_media":43773,"comment_status":"open","ping_status":"open","sticky":false,"template":"","format":"standard","meta":{"jetpack_post_was_ever_published":false,"_jetpack_newsletter_access":"","_jetpack_dont_email_post_to_subs":false,"_jetpack_newsletter_tier_id":0,"_jetpack_memberships_contains_paywalled_content":false,"_jetpack_memberships_contains_paid_content":false,"footnotes":"","_wpscppro_dont_share_socialmedia":false,"_wpscppro_custom_social_share_image":0,"_facebook_share_type":"","_twitter_share_type":"","_linkedin_share_type":"","_pinterest_share_type":"","_linkedin_share_type_page":"","_instagram_share_type":"","_medium_share_type":"","_threads_share_type":"","_google_business_share_type":"","_selected_social_profile":[],"_wpsp_enable_custom_social_template":false,"_wpsp_social_scheduling":{"enabled":false,"datetime":null,"platforms":[],"status":"template_only","dateOption":"today","timeOption":"now","customDays":"","customHours":"","customDate":"","customTime":"","schedulingType":"absolute"},"_wpsp_active_default_template":true},"categories":[15],"tags":[5451,4065,2292,5231],"class_list":["post-43771","post","type-post","status-publish","format-standard","has-post-thumbnail","hentry","category-architettura","tag-architettura","tag-branding","tag-interior-design","tag-retail-design"],"yoast_head":"<!-- This site is optimized with the Yoast SEO plugin v27.2 - https:\/\/yoast.com\/product\/yoast-seo-wordpress\/ -->\n<title>Interior e Branding per una pasticceria dalle forme sinuose - Social Design Magazine<\/title>\n<meta name=\"description\" content=\"Ricerca del nome, realizzazione del logo, scelta della location, progetto di ristrutturazione e interior design, cos\u00ec lo Studio Vanda ha realizzato questo \u201cTotal Concept\u201d\" \/>\n<meta name=\"robots\" content=\"index, follow, max-snippet:-1, max-image-preview:large, max-video-preview:-1\" \/>\n<link rel=\"canonical\" href=\"https:\/\/socialdesignmagazine.com\/mag\/architettura\/interior-e-branding-per-una-pasticceria-dalle-forme-sinuose\/\" \/>\n<meta property=\"og:locale\" content=\"it_IT\" \/>\n<meta property=\"og:type\" content=\"article\" \/>\n<meta property=\"og:title\" content=\"Interior e Branding per una pasticceria dalle forme sinuose - Social Design Magazine\" \/>\n<meta property=\"og:description\" content=\"Ricerca del nome, realizzazione del logo, scelta della location, progetto di ristrutturazione e interior design, cos\u00ec lo Studio Vanda ha realizzato questo \u201cTotal Concept\u201d\" \/>\n<meta property=\"og:url\" content=\"http:\/\/socialdesignmagazine.com\/mag\/architettura\/interior-e-branding-per-una-pasticceria-dalle-forme-sinuose\/\" \/>\n<meta property=\"og:site_name\" content=\"Social Design Magazine\" \/>\n<meta property=\"article:publisher\" content=\"https:\/\/www.facebook.com\/socialdesignmag\" \/>\n<meta property=\"article:published_time\" content=\"2022-05-03T16:54:00+00:00\" \/>\n<meta property=\"article:modified_time\" content=\"2022-05-04T12:49:06+00:00\" \/>\n<meta property=\"og:image\" content=\"https:\/\/socialdesignmagazine.com\/mag\/wp-content\/uploads\/2022\/05\/01_thus_newswire_cannoncino_vanda_2022.47-0-1024x683.png\" \/>\n\t<meta property=\"og:image:width\" content=\"1024\" \/>\n\t<meta property=\"og:image:height\" content=\"683\" \/>\n\t<meta property=\"og:image:type\" content=\"image\/png\" \/>\n<meta name=\"author\" content=\"thusnewswire\" \/>\n<meta name=\"twitter:card\" content=\"summary_large_image\" \/>\n<meta name=\"twitter:creator\" content=\"@socialdesignmag\" \/>\n<meta name=\"twitter:site\" content=\"@socialdesignmag\" \/>\n<meta name=\"twitter:label1\" content=\"Scritto da\" \/>\n\t<meta name=\"twitter:data1\" content=\"thusnewswire\" \/>\n\t<meta name=\"twitter:label2\" content=\"Tempo di lettura stimato\" \/>\n\t<meta name=\"twitter:data2\" content=\"6 minuti\" \/>\n<script type=\"application\/ld+json\" class=\"yoast-schema-graph\">{\"@context\":\"https:\/\/schema.org\",\"@graph\":[{\"@type\":\"Article\",\"@id\":\"https:\/\/socialdesignmagazine.com\/mag\/architettura\/interior-e-branding-per-una-pasticceria-dalle-forme-sinuose\/#article\",\"isPartOf\":{\"@id\":\"https:\/\/socialdesignmagazine.com\/mag\/architettura\/interior-e-branding-per-una-pasticceria-dalle-forme-sinuose\/\"},\"author\":{\"name\":\"thusnewswire\",\"@id\":\"https:\/\/socialdesignmagazine.com\/mag\/#\/schema\/person\/11ab6677cf7e1f209499eb4e1ccb7224\"},\"headline\":\"Interior e Branding per una pasticceria dalle forme sinuose\",\"datePublished\":\"2022-05-03T16:54:00+00:00\",\"dateModified\":\"2022-05-04T12:49:06+00:00\",\"mainEntityOfPage\":{\"@id\":\"https:\/\/socialdesignmagazine.com\/mag\/architettura\/interior-e-branding-per-una-pasticceria-dalle-forme-sinuose\/\"},\"wordCount\":450,\"commentCount\":0,\"publisher\":{\"@id\":\"https:\/\/socialdesignmagazine.com\/mag\/#organization\"},\"image\":{\"@id\":\"https:\/\/socialdesignmagazine.com\/mag\/architettura\/interior-e-branding-per-una-pasticceria-dalle-forme-sinuose\/#primaryimage\"},\"thumbnailUrl\":\"https:\/\/socialdesignmagazine.com\/mag\/wp-content\/uploads\/2022\/05\/01_thus_newswire_cannoncino_vanda_2022.47-0.png\",\"keywords\":[\"architettura\",\"branding\",\"interior design\",\"retail design\"],\"articleSection\":[\"Architettura\"],\"inLanguage\":\"it-IT\",\"potentialAction\":[{\"@type\":\"CommentAction\",\"name\":\"Comment\",\"target\":[\"https:\/\/socialdesignmagazine.com\/mag\/architettura\/interior-e-branding-per-una-pasticceria-dalle-forme-sinuose\/#respond\"]}]},{\"@type\":\"WebPage\",\"@id\":\"https:\/\/socialdesignmagazine.com\/mag\/architettura\/interior-e-branding-per-una-pasticceria-dalle-forme-sinuose\/\",\"url\":\"https:\/\/socialdesignmagazine.com\/mag\/architettura\/interior-e-branding-per-una-pasticceria-dalle-forme-sinuose\/\",\"name\":\"Interior e Branding per una pasticceria dalle forme sinuose - Social Design Magazine\",\"isPartOf\":{\"@id\":\"https:\/\/socialdesignmagazine.com\/mag\/#website\"},\"primaryImageOfPage\":{\"@id\":\"https:\/\/socialdesignmagazine.com\/mag\/architettura\/interior-e-branding-per-una-pasticceria-dalle-forme-sinuose\/#primaryimage\"},\"image\":{\"@id\":\"https:\/\/socialdesignmagazine.com\/mag\/architettura\/interior-e-branding-per-una-pasticceria-dalle-forme-sinuose\/#primaryimage\"},\"thumbnailUrl\":\"https:\/\/socialdesignmagazine.com\/mag\/wp-content\/uploads\/2022\/05\/01_thus_newswire_cannoncino_vanda_2022.47-0.png\",\"datePublished\":\"2022-05-03T16:54:00+00:00\",\"dateModified\":\"2022-05-04T12:49:06+00:00\",\"description\":\"Ricerca del nome, realizzazione del logo, scelta della location, progetto di ristrutturazione e interior design, cos\u00ec lo Studio Vanda ha realizzato questo \u201cTotal Concept\u201d\",\"breadcrumb\":{\"@id\":\"https:\/\/socialdesignmagazine.com\/mag\/architettura\/interior-e-branding-per-una-pasticceria-dalle-forme-sinuose\/#breadcrumb\"},\"inLanguage\":\"it-IT\",\"potentialAction\":[{\"@type\":\"ReadAction\",\"target\":[\"https:\/\/socialdesignmagazine.com\/mag\/architettura\/interior-e-branding-per-una-pasticceria-dalle-forme-sinuose\/\"]}]},{\"@type\":\"ImageObject\",\"inLanguage\":\"it-IT\",\"@id\":\"https:\/\/socialdesignmagazine.com\/mag\/architettura\/interior-e-branding-per-una-pasticceria-dalle-forme-sinuose\/#primaryimage\",\"url\":\"https:\/\/socialdesignmagazine.com\/mag\/wp-content\/uploads\/2022\/05\/01_thus_newswire_cannoncino_vanda_2022.47-0.png\",\"contentUrl\":\"https:\/\/socialdesignmagazine.com\/mag\/wp-content\/uploads\/2022\/05\/01_thus_newswire_cannoncino_vanda_2022.47-0.png\",\"width\":1920,\"height\":1280},{\"@type\":\"BreadcrumbList\",\"@id\":\"https:\/\/socialdesignmagazine.com\/mag\/architettura\/interior-e-branding-per-una-pasticceria-dalle-forme-sinuose\/#breadcrumb\",\"itemListElement\":[{\"@type\":\"ListItem\",\"position\":1,\"name\":\"Home\",\"item\":\"https:\/\/socialdesignmagazine.com\/mag\/\"},{\"@type\":\"ListItem\",\"position\":2,\"name\":\"Architettura\",\"item\":\"https:\/\/socialdesignmagazine.com\/mag\/architettura\/\"},{\"@type\":\"ListItem\",\"position\":3,\"name\":\"Interior e Branding per una pasticceria dalle forme sinuose\"}]},{\"@type\":\"WebSite\",\"@id\":\"https:\/\/socialdesignmagazine.com\/mag\/#website\",\"url\":\"https:\/\/socialdesignmagazine.com\/mag\/\",\"name\":\"Social Design Magazine\",\"description\":\"Social Magazine su Design, Architettura, Arte, Grafica\",\"publisher\":{\"@id\":\"https:\/\/socialdesignmagazine.com\/mag\/#organization\"},\"potentialAction\":[{\"@type\":\"SearchAction\",\"target\":{\"@type\":\"EntryPoint\",\"urlTemplate\":\"https:\/\/socialdesignmagazine.com\/mag\/?s={search_term_string}\"},\"query-input\":{\"@type\":\"PropertyValueSpecification\",\"valueRequired\":true,\"valueName\":\"search_term_string\"}}],\"inLanguage\":\"it-IT\"},{\"@type\":\"Organization\",\"@id\":\"https:\/\/socialdesignmagazine.com\/mag\/#organization\",\"name\":\"Social Design Magazine\",\"url\":\"https:\/\/socialdesignmagazine.com\/mag\/\",\"logo\":{\"@type\":\"ImageObject\",\"inLanguage\":\"it-IT\",\"@id\":\"https:\/\/socialdesignmagazine.com\/mag\/#\/schema\/logo\/image\/\",\"url\":\"https:\/\/socialdesignmagazine.com\/mag\/wp-content\/uploads\/2017\/01\/logo_favicon_11.png\",\"contentUrl\":\"https:\/\/socialdesignmagazine.com\/mag\/wp-content\/uploads\/2017\/01\/logo_favicon_11.png\",\"width\":1024,\"height\":1024,\"caption\":\"Social Design Magazine\"},\"image\":{\"@id\":\"https:\/\/socialdesignmagazine.com\/mag\/#\/schema\/logo\/image\/\"},\"sameAs\":[\"https:\/\/www.facebook.com\/socialdesignmag\",\"https:\/\/x.com\/socialdesignmag\",\"http:\/\/instagram.com\/social_design_magazine\/\",\"http:\/\/pinterest.com\/socialdesignmag\/\",\"http:\/\/www.youtube.com\/user\/socialdesignmagazine\"]},{\"@type\":\"Person\",\"@id\":\"https:\/\/socialdesignmagazine.com\/mag\/#\/schema\/person\/11ab6677cf7e1f209499eb4e1ccb7224\",\"name\":\"thusnewswire\",\"image\":{\"@type\":\"ImageObject\",\"inLanguage\":\"it-IT\",\"@id\":\"https:\/\/secure.gravatar.com\/avatar\/f3228c96e13d57e6a0b9d4767898ba16eed34ce2e34a24bb67b6c37b984c8ed2?s=96&d=mm&r=g\",\"url\":\"https:\/\/secure.gravatar.com\/avatar\/f3228c96e13d57e6a0b9d4767898ba16eed34ce2e34a24bb67b6c37b984c8ed2?s=96&d=mm&r=g\",\"contentUrl\":\"https:\/\/secure.gravatar.com\/avatar\/f3228c96e13d57e6a0b9d4767898ba16eed34ce2e34a24bb67b6c37b984c8ed2?s=96&d=mm&r=g\",\"caption\":\"thusnewswire\"},\"sameAs\":[\"http:\/\/www.thus-newswire.com\"],\"url\":\"https:\/\/socialdesignmagazine.com\/mag\/author\/thusnewswire\/\"}]}<\/script>\n<!-- \/ Yoast SEO plugin. -->","yoast_head_json":{"title":"Interior e Branding per una pasticceria dalle forme sinuose - Social Design Magazine","description":"Ricerca del nome, realizzazione del logo, scelta della location, progetto di ristrutturazione e interior design, cos\u00ec lo Studio Vanda ha realizzato questo \u201cTotal Concept\u201d","robots":{"index":"index","follow":"follow","max-snippet":"max-snippet:-1","max-image-preview":"max-image-preview:large","max-video-preview":"max-video-preview:-1"},"canonical":"https:\/\/socialdesignmagazine.com\/mag\/architettura\/interior-e-branding-per-una-pasticceria-dalle-forme-sinuose\/","og_locale":"it_IT","og_type":"article","og_title":"Interior e Branding per una pasticceria dalle forme sinuose - Social Design Magazine","og_description":"Ricerca del nome, realizzazione del logo, scelta della location, progetto di ristrutturazione e interior design, cos\u00ec lo Studio Vanda ha realizzato questo \u201cTotal Concept\u201d","og_url":"http:\/\/socialdesignmagazine.com\/mag\/architettura\/interior-e-branding-per-una-pasticceria-dalle-forme-sinuose\/","og_site_name":"Social Design Magazine","article_publisher":"https:\/\/www.facebook.com\/socialdesignmag","article_published_time":"2022-05-03T16:54:00+00:00","article_modified_time":"2022-05-04T12:49:06+00:00","og_image":[{"width":1024,"height":683,"url":"https:\/\/socialdesignmagazine.com\/mag\/wp-content\/uploads\/2022\/05\/01_thus_newswire_cannoncino_vanda_2022.47-0-1024x683.png","type":"image\/png"}],"author":"thusnewswire","twitter_card":"summary_large_image","twitter_creator":"@socialdesignmag","twitter_site":"@socialdesignmag","twitter_misc":{"Scritto da":"thusnewswire","Tempo di lettura stimato":"6 minuti"},"schema":{"@context":"https:\/\/schema.org","@graph":[{"@type":"Article","@id":"https:\/\/socialdesignmagazine.com\/mag\/architettura\/interior-e-branding-per-una-pasticceria-dalle-forme-sinuose\/#article","isPartOf":{"@id":"https:\/\/socialdesignmagazine.com\/mag\/architettura\/interior-e-branding-per-una-pasticceria-dalle-forme-sinuose\/"},"author":{"name":"thusnewswire","@id":"https:\/\/socialdesignmagazine.com\/mag\/#\/schema\/person\/11ab6677cf7e1f209499eb4e1ccb7224"},"headline":"Interior e Branding per una pasticceria dalle forme sinuose","datePublished":"2022-05-03T16:54:00+00:00","dateModified":"2022-05-04T12:49:06+00:00","mainEntityOfPage":{"@id":"https:\/\/socialdesignmagazine.com\/mag\/architettura\/interior-e-branding-per-una-pasticceria-dalle-forme-sinuose\/"},"wordCount":450,"commentCount":0,"publisher":{"@id":"https:\/\/socialdesignmagazine.com\/mag\/#organization"},"image":{"@id":"https:\/\/socialdesignmagazine.com\/mag\/architettura\/interior-e-branding-per-una-pasticceria-dalle-forme-sinuose\/#primaryimage"},"thumbnailUrl":"https:\/\/socialdesignmagazine.com\/mag\/wp-content\/uploads\/2022\/05\/01_thus_newswire_cannoncino_vanda_2022.47-0.png","keywords":["architettura","branding","interior design","retail design"],"articleSection":["Architettura"],"inLanguage":"it-IT","potentialAction":[{"@type":"CommentAction","name":"Comment","target":["https:\/\/socialdesignmagazine.com\/mag\/architettura\/interior-e-branding-per-una-pasticceria-dalle-forme-sinuose\/#respond"]}]},{"@type":"WebPage","@id":"https:\/\/socialdesignmagazine.com\/mag\/architettura\/interior-e-branding-per-una-pasticceria-dalle-forme-sinuose\/","url":"https:\/\/socialdesignmagazine.com\/mag\/architettura\/interior-e-branding-per-una-pasticceria-dalle-forme-sinuose\/","name":"Interior e Branding per una pasticceria dalle forme sinuose - Social Design Magazine","isPartOf":{"@id":"https:\/\/socialdesignmagazine.com\/mag\/#website"},"primaryImageOfPage":{"@id":"https:\/\/socialdesignmagazine.com\/mag\/architettura\/interior-e-branding-per-una-pasticceria-dalle-forme-sinuose\/#primaryimage"},"image":{"@id":"https:\/\/socialdesignmagazine.com\/mag\/architettura\/interior-e-branding-per-una-pasticceria-dalle-forme-sinuose\/#primaryimage"},"thumbnailUrl":"https:\/\/socialdesignmagazine.com\/mag\/wp-content\/uploads\/2022\/05\/01_thus_newswire_cannoncino_vanda_2022.47-0.png","datePublished":"2022-05-03T16:54:00+00:00","dateModified":"2022-05-04T12:49:06+00:00","description":"Ricerca del nome, realizzazione del logo, scelta della location, progetto di ristrutturazione e interior design, cos\u00ec lo Studio Vanda ha realizzato questo \u201cTotal Concept\u201d","breadcrumb":{"@id":"https:\/\/socialdesignmagazine.com\/mag\/architettura\/interior-e-branding-per-una-pasticceria-dalle-forme-sinuose\/#breadcrumb"},"inLanguage":"it-IT","potentialAction":[{"@type":"ReadAction","target":["https:\/\/socialdesignmagazine.com\/mag\/architettura\/interior-e-branding-per-una-pasticceria-dalle-forme-sinuose\/"]}]},{"@type":"ImageObject","inLanguage":"it-IT","@id":"https:\/\/socialdesignmagazine.com\/mag\/architettura\/interior-e-branding-per-una-pasticceria-dalle-forme-sinuose\/#primaryimage","url":"https:\/\/socialdesignmagazine.com\/mag\/wp-content\/uploads\/2022\/05\/01_thus_newswire_cannoncino_vanda_2022.47-0.png","contentUrl":"https:\/\/socialdesignmagazine.com\/mag\/wp-content\/uploads\/2022\/05\/01_thus_newswire_cannoncino_vanda_2022.47-0.png","width":1920,"height":1280},{"@type":"BreadcrumbList","@id":"https:\/\/socialdesignmagazine.com\/mag\/architettura\/interior-e-branding-per-una-pasticceria-dalle-forme-sinuose\/#breadcrumb","itemListElement":[{"@type":"ListItem","position":1,"name":"Home","item":"https:\/\/socialdesignmagazine.com\/mag\/"},{"@type":"ListItem","position":2,"name":"Architettura","item":"https:\/\/socialdesignmagazine.com\/mag\/architettura\/"},{"@type":"ListItem","position":3,"name":"Interior e Branding per una pasticceria dalle forme sinuose"}]},{"@type":"WebSite","@id":"https:\/\/socialdesignmagazine.com\/mag\/#website","url":"https:\/\/socialdesignmagazine.com\/mag\/","name":"Social Design Magazine","description":"Social Magazine su Design, Architettura, Arte, Grafica","publisher":{"@id":"https:\/\/socialdesignmagazine.com\/mag\/#organization"},"potentialAction":[{"@type":"SearchAction","target":{"@type":"EntryPoint","urlTemplate":"https:\/\/socialdesignmagazine.com\/mag\/?s={search_term_string}"},"query-input":{"@type":"PropertyValueSpecification","valueRequired":true,"valueName":"search_term_string"}}],"inLanguage":"it-IT"},{"@type":"Organization","@id":"https:\/\/socialdesignmagazine.com\/mag\/#organization","name":"Social Design Magazine","url":"https:\/\/socialdesignmagazine.com\/mag\/","logo":{"@type":"ImageObject","inLanguage":"it-IT","@id":"https:\/\/socialdesignmagazine.com\/mag\/#\/schema\/logo\/image\/","url":"https:\/\/socialdesignmagazine.com\/mag\/wp-content\/uploads\/2017\/01\/logo_favicon_11.png","contentUrl":"https:\/\/socialdesignmagazine.com\/mag\/wp-content\/uploads\/2017\/01\/logo_favicon_11.png","width":1024,"height":1024,"caption":"Social Design Magazine"},"image":{"@id":"https:\/\/socialdesignmagazine.com\/mag\/#\/schema\/logo\/image\/"},"sameAs":["https:\/\/www.facebook.com\/socialdesignmag","https:\/\/x.com\/socialdesignmag","http:\/\/instagram.com\/social_design_magazine\/","http:\/\/pinterest.com\/socialdesignmag\/","http:\/\/www.youtube.com\/user\/socialdesignmagazine"]},{"@type":"Person","@id":"https:\/\/socialdesignmagazine.com\/mag\/#\/schema\/person\/11ab6677cf7e1f209499eb4e1ccb7224","name":"thusnewswire","image":{"@type":"ImageObject","inLanguage":"it-IT","@id":"https:\/\/secure.gravatar.com\/avatar\/f3228c96e13d57e6a0b9d4767898ba16eed34ce2e34a24bb67b6c37b984c8ed2?s=96&d=mm&r=g","url":"https:\/\/secure.gravatar.com\/avatar\/f3228c96e13d57e6a0b9d4767898ba16eed34ce2e34a24bb67b6c37b984c8ed2?s=96&d=mm&r=g","contentUrl":"https:\/\/secure.gravatar.com\/avatar\/f3228c96e13d57e6a0b9d4767898ba16eed34ce2e34a24bb67b6c37b984c8ed2?s=96&d=mm&r=g","caption":"thusnewswire"},"sameAs":["http:\/\/www.thus-newswire.com"],"url":"https:\/\/socialdesignmagazine.com\/mag\/author\/thusnewswire\/"}]}},"jetpack_featured_media_url":"https:\/\/socialdesignmagazine.com\/mag\/wp-content\/uploads\/2022\/05\/01_thus_newswire_cannoncino_vanda_2022.47-0.png","jetpack_sharing_enabled":true,"jetpack_shortlink":"https:\/\/wp.me\/p6cV7V-bnZ","gt_translate_keys":[{"key":"link","format":"url"}],"_links":{"self":[{"href":"https:\/\/socialdesignmagazine.com\/mag\/wp-json\/wp\/v2\/posts\/43771","targetHints":{"allow":["GET"]}}],"collection":[{"href":"https:\/\/socialdesignmagazine.com\/mag\/wp-json\/wp\/v2\/posts"}],"about":[{"href":"https:\/\/socialdesignmagazine.com\/mag\/wp-json\/wp\/v2\/types\/post"}],"author":[{"embeddable":true,"href":"https:\/\/socialdesignmagazine.com\/mag\/wp-json\/wp\/v2\/users\/1052"}],"replies":[{"embeddable":true,"href":"https:\/\/socialdesignmagazine.com\/mag\/wp-json\/wp\/v2\/comments?post=43771"}],"version-history":[{"count":4,"href":"https:\/\/socialdesignmagazine.com\/mag\/wp-json\/wp\/v2\/posts\/43771\/revisions"}],"predecessor-version":[{"id":43807,"href":"https:\/\/socialdesignmagazine.com\/mag\/wp-json\/wp\/v2\/posts\/43771\/revisions\/43807"}],"wp:featuredmedia":[{"embeddable":true,"href":"https:\/\/socialdesignmagazine.com\/mag\/wp-json\/wp\/v2\/media\/43773"}],"wp:attachment":[{"href":"https:\/\/socialdesignmagazine.com\/mag\/wp-json\/wp\/v2\/media?parent=43771"}],"wp:term":[{"taxonomy":"category","embeddable":true,"href":"https:\/\/socialdesignmagazine.com\/mag\/wp-json\/wp\/v2\/categories?post=43771"},{"taxonomy":"post_tag","embeddable":true,"href":"https:\/\/socialdesignmagazine.com\/mag\/wp-json\/wp\/v2\/tags?post=43771"}],"curies":[{"name":"wp","href":"https:\/\/api.w.org\/{rel}","templated":true}]}}