{"id":45917,"date":"2022-06-08T15:45:00","date_gmt":"2022-06-08T13:45:00","guid":{"rendered":"https:\/\/socialdesignmagazine.com\/mag\/?p=45917"},"modified":"2022-06-08T15:37:47","modified_gmt":"2022-06-08T13:37:47","slug":"himacs-arricchisce-la-collezione-marmo-con-nuovi-colori-aurora-ispirati-allaurora-boreale","status":"publish","type":"post","link":"https:\/\/socialdesignmagazine.com\/mag\/news\/prodotti\/himacs-arricchisce-la-collezione-marmo-con-nuovi-colori-aurora-ispirati-allaurora-boreale\/","title":{"rendered":"HIMACS arricchisce la collezione Marmo con nuovi colori Aurora ispirati all\u2019aurora boreale","gt_translate_keys":[{"key":"rendered","format":"text"}]},"content":{"rendered":"\n<p>Ispirata alla naturale bellezza mozzafiato dell&#8217;aurora boreale, la palette colori Aurora della collezione Marmo di <a href=\"https:\/\/socialdesignmagazine.com\/mag\/tag\/casa-himacs\/\">HIMACS<\/a>, riproduce l\u2019aspetto elegante del marmo con sfumature tenui e decise, unite a venature delicate e definite.<br>Tonalit\u00e0 che richiamano la fluidit\u00e0 del cielo, alcune con effetti semi-traslucidi, che consentono di sperimentare con la luce per dare vita a progetti spettacolari. HIMACS arricchisce, cos\u00ec, con 12 nuovi colori Aurora la collezione Marmo per offrire ancora pi\u00f9 scelta a designer e progettisti.<br>I nuovi colori Aurora sono perfetti per progetti sia residenziali sia contract come hotel, uffici, retail e altro ancora. L\u2019aspetto naturale delle nuove finiture si unisce alle straordinarie propriet\u00e0 del Solid Surface HIMACS, che permette di creare design spettacolari e senza giunti visibili grazie alla particolare termoformatura del materiale.<br>L\u2019assenza di pori garantisce altissimi livelli di igiene, mentre la superficie liscia permette una pulizia e riparazione facile e veloce.<br>Tra i nuovi colori Aurora si distinguono Aurora Calacatta Luna, con le sue particolari venature, e Aurora Frost, con propriet\u00e0 semi-traslucide.<\/p>\n\n\n\n<figure class=\"wp-block-gallery has-nested-images columns-2 is-cropped wp-block-gallery-1 is-layout-flex wp-block-gallery-is-layout-flex\">\n<figure class=\"wp-block-image size-large\"><img loading=\"lazy\" decoding=\"async\" width=\"1024\" height=\"724\" data-attachment-id=\"45919\" data-permalink=\"https:\/\/socialdesignmagazine.com\/mag\/news\/prodotti\/himacs-arricchisce-la-collezione-marmo-con-nuovi-colori-aurora-ispirati-allaurora-boreale\/attachment\/himacs-aurora-angora-m706\/#content\" data-orig-file=\"https:\/\/socialdesignmagazine.com\/mag\/wp-content\/uploads\/2022\/06\/HIMACS-Aurora-Angora-M706.jpg\" data-orig-size=\"1200,848\" data-comments-opened=\"1\" data-image-meta=\"{&quot;aperture&quot;:&quot;0&quot;,&quot;credit&quot;:&quot;&quot;,&quot;camera&quot;:&quot;&quot;,&quot;caption&quot;:&quot;&quot;,&quot;created_timestamp&quot;:&quot;0&quot;,&quot;copyright&quot;:&quot;&quot;,&quot;focal_length&quot;:&quot;0&quot;,&quot;iso&quot;:&quot;0&quot;,&quot;shutter_speed&quot;:&quot;0&quot;,&quot;title&quot;:&quot;&quot;,&quot;orientation&quot;:&quot;0&quot;}\" data-image-title=\"HIMACS-Aurora-Angora-M706\" data-image-description=\"\" data-image-caption=\"&lt;p&gt;AURORA ANGORA&lt;\/p&gt;\n\" data-medium-file=\"https:\/\/socialdesignmagazine.com\/mag\/wp-content\/uploads\/2022\/06\/HIMACS-Aurora-Angora-M706-438x283.jpg\" data-large-file=\"https:\/\/socialdesignmagazine.com\/mag\/wp-content\/uploads\/2022\/06\/HIMACS-Aurora-Angora-M706-1024x724.jpg\" data-id=\"45919\" src=\"https:\/\/socialdesignmagazine.com\/mag\/wp-content\/uploads\/2022\/06\/HIMACS-Aurora-Angora-M706-1024x724.jpg\" alt=\"\" class=\"wp-image-45919\" srcset=\"https:\/\/socialdesignmagazine.com\/mag\/wp-content\/uploads\/2022\/06\/HIMACS-Aurora-Angora-M706-1024x724.jpg 1024w, https:\/\/socialdesignmagazine.com\/mag\/wp-content\/uploads\/2022\/06\/HIMACS-Aurora-Angora-M706-768x543.jpg 768w, https:\/\/socialdesignmagazine.com\/mag\/wp-content\/uploads\/2022\/06\/HIMACS-Aurora-Angora-M706.jpg 1200w\" sizes=\"auto, (max-width: 1024px) 100vw, 1024px\" \/><figcaption>AURORA ANGORA<\/figcaption><\/figure>\n\n\n\n<figure class=\"wp-block-image size-large\"><img loading=\"lazy\" decoding=\"async\" width=\"1024\" height=\"1434\" data-attachment-id=\"45932\" data-permalink=\"https:\/\/socialdesignmagazine.com\/mag\/news\/prodotti\/himacs-arricchisce-la-collezione-marmo-con-nuovi-colori-aurora-ispirati-allaurora-boreale\/attachment\/himacs-aurora-aurora-frost-m702-kitchen\/#content\" data-orig-file=\"https:\/\/socialdesignmagazine.com\/mag\/wp-content\/uploads\/2022\/06\/HIMACS-Aurora-Aurora-Frost-M702-Kitchen.jpg\" data-orig-size=\"1200,1680\" data-comments-opened=\"1\" data-image-meta=\"{&quot;aperture&quot;:&quot;0&quot;,&quot;credit&quot;:&quot;&quot;,&quot;camera&quot;:&quot;&quot;,&quot;caption&quot;:&quot;&quot;,&quot;created_timestamp&quot;:&quot;0&quot;,&quot;copyright&quot;:&quot;&quot;,&quot;focal_length&quot;:&quot;0&quot;,&quot;iso&quot;:&quot;0&quot;,&quot;shutter_speed&quot;:&quot;0&quot;,&quot;title&quot;:&quot;&quot;,&quot;orientation&quot;:&quot;0&quot;}\" data-image-title=\"HIMACS-Aurora-Aurora-Frost-M702-Kitchen\" data-image-description=\"\" data-image-caption=\"&lt;p&gt;AURORA FROST&lt;\/p&gt;\n\" data-medium-file=\"https:\/\/socialdesignmagazine.com\/mag\/wp-content\/uploads\/2022\/06\/HIMACS-Aurora-Aurora-Frost-M702-Kitchen-438x283.jpg\" data-large-file=\"https:\/\/socialdesignmagazine.com\/mag\/wp-content\/uploads\/2022\/06\/HIMACS-Aurora-Aurora-Frost-M702-Kitchen-1024x1434.jpg\" data-id=\"45932\" src=\"https:\/\/socialdesignmagazine.com\/mag\/wp-content\/uploads\/2022\/06\/HIMACS-Aurora-Aurora-Frost-M702-Kitchen-1024x1434.jpg\" alt=\"\" class=\"wp-image-45932\" srcset=\"https:\/\/socialdesignmagazine.com\/mag\/wp-content\/uploads\/2022\/06\/HIMACS-Aurora-Aurora-Frost-M702-Kitchen-1024x1434.jpg 1024w, https:\/\/socialdesignmagazine.com\/mag\/wp-content\/uploads\/2022\/06\/HIMACS-Aurora-Aurora-Frost-M702-Kitchen-768x1075.jpg 768w, https:\/\/socialdesignmagazine.com\/mag\/wp-content\/uploads\/2022\/06\/HIMACS-Aurora-Aurora-Frost-M702-Kitchen-1097x1536.jpg 1097w, https:\/\/socialdesignmagazine.com\/mag\/wp-content\/uploads\/2022\/06\/HIMACS-Aurora-Aurora-Frost-M702-Kitchen.jpg 1200w\" sizes=\"auto, (max-width: 1024px) 100vw, 1024px\" \/><figcaption>AURORA FROST<\/figcaption><\/figure>\n\n\n\n<figure class=\"wp-block-image size-large\"><img loading=\"lazy\" decoding=\"async\" width=\"1024\" height=\"683\" data-attachment-id=\"45925\" data-permalink=\"https:\/\/socialdesignmagazine.com\/mag\/news\/prodotti\/himacs-arricchisce-la-collezione-marmo-con-nuovi-colori-aurora-ispirati-allaurora-boreale\/attachment\/himacs-aurora-butter-cream-m627\/#content\" data-orig-file=\"https:\/\/socialdesignmagazine.com\/mag\/wp-content\/uploads\/2022\/06\/HIMACS-Aurora-Butter-Cream-M627.jpg\" data-orig-size=\"1200,800\" data-comments-opened=\"1\" data-image-meta=\"{&quot;aperture&quot;:&quot;0&quot;,&quot;credit&quot;:&quot;&quot;,&quot;camera&quot;:&quot;&quot;,&quot;caption&quot;:&quot;&quot;,&quot;created_timestamp&quot;:&quot;0&quot;,&quot;copyright&quot;:&quot;&quot;,&quot;focal_length&quot;:&quot;0&quot;,&quot;iso&quot;:&quot;0&quot;,&quot;shutter_speed&quot;:&quot;0&quot;,&quot;title&quot;:&quot;&quot;,&quot;orientation&quot;:&quot;0&quot;}\" data-image-title=\"HIMACS-Aurora-Butter-Cream-M627\" data-image-description=\"\" data-image-caption=\"&lt;p&gt;AURORA BUTTER CREAM&lt;\/p&gt;\n\" data-medium-file=\"https:\/\/socialdesignmagazine.com\/mag\/wp-content\/uploads\/2022\/06\/HIMACS-Aurora-Butter-Cream-M627-438x283.jpg\" data-large-file=\"https:\/\/socialdesignmagazine.com\/mag\/wp-content\/uploads\/2022\/06\/HIMACS-Aurora-Butter-Cream-M627-1024x683.jpg\" data-id=\"45925\" src=\"https:\/\/socialdesignmagazine.com\/mag\/wp-content\/uploads\/2022\/06\/HIMACS-Aurora-Butter-Cream-M627-1024x683.jpg\" alt=\"\" class=\"wp-image-45925\" srcset=\"https:\/\/socialdesignmagazine.com\/mag\/wp-content\/uploads\/2022\/06\/HIMACS-Aurora-Butter-Cream-M627-1024x683.jpg 1024w, https:\/\/socialdesignmagazine.com\/mag\/wp-content\/uploads\/2022\/06\/HIMACS-Aurora-Butter-Cream-M627-100x66.jpg 100w, https:\/\/socialdesignmagazine.com\/mag\/wp-content\/uploads\/2022\/06\/HIMACS-Aurora-Butter-Cream-M627-768x512.jpg 768w, https:\/\/socialdesignmagazine.com\/mag\/wp-content\/uploads\/2022\/06\/HIMACS-Aurora-Butter-Cream-M627.jpg 1200w\" sizes=\"auto, (max-width: 1024px) 100vw, 1024px\" \/><figcaption>AURORA BUTTER CREAM<\/figcaption><\/figure>\n\n\n\n<figure class=\"wp-block-image size-large\"><img loading=\"lazy\" decoding=\"async\" width=\"1024\" height=\"640\" data-attachment-id=\"45918\" data-permalink=\"https:\/\/socialdesignmagazine.com\/mag\/news\/prodotti\/himacs-arricchisce-la-collezione-marmo-con-nuovi-colori-aurora-ispirati-allaurora-boreale\/attachment\/himacs-aurora-calacatta-luna-m801\/#content\" data-orig-file=\"https:\/\/socialdesignmagazine.com\/mag\/wp-content\/uploads\/2022\/06\/HIMACS-Aurora-Calacatta-Luna-M801.jpg\" data-orig-size=\"1200,750\" data-comments-opened=\"1\" data-image-meta=\"{&quot;aperture&quot;:&quot;0&quot;,&quot;credit&quot;:&quot;&quot;,&quot;camera&quot;:&quot;&quot;,&quot;caption&quot;:&quot;&quot;,&quot;created_timestamp&quot;:&quot;0&quot;,&quot;copyright&quot;:&quot;&quot;,&quot;focal_length&quot;:&quot;0&quot;,&quot;iso&quot;:&quot;0&quot;,&quot;shutter_speed&quot;:&quot;0&quot;,&quot;title&quot;:&quot;&quot;,&quot;orientation&quot;:&quot;0&quot;}\" data-image-title=\"HIMACS-Aurora-Calacatta-Luna-M801\" data-image-description=\"\" data-image-caption=\"&lt;p&gt;AURORA CALACATTA LUNA&lt;\/p&gt;\n\" data-medium-file=\"https:\/\/socialdesignmagazine.com\/mag\/wp-content\/uploads\/2022\/06\/HIMACS-Aurora-Calacatta-Luna-M801-438x283.jpg\" data-large-file=\"https:\/\/socialdesignmagazine.com\/mag\/wp-content\/uploads\/2022\/06\/HIMACS-Aurora-Calacatta-Luna-M801-1024x640.jpg\" data-id=\"45918\" src=\"https:\/\/socialdesignmagazine.com\/mag\/wp-content\/uploads\/2022\/06\/HIMACS-Aurora-Calacatta-Luna-M801-1024x640.jpg\" alt=\"\" class=\"wp-image-45918\" srcset=\"https:\/\/socialdesignmagazine.com\/mag\/wp-content\/uploads\/2022\/06\/HIMACS-Aurora-Calacatta-Luna-M801-1024x640.jpg 1024w, https:\/\/socialdesignmagazine.com\/mag\/wp-content\/uploads\/2022\/06\/HIMACS-Aurora-Calacatta-Luna-M801-768x480.jpg 768w, https:\/\/socialdesignmagazine.com\/mag\/wp-content\/uploads\/2022\/06\/HIMACS-Aurora-Calacatta-Luna-M801.jpg 1200w\" sizes=\"auto, (max-width: 1024px) 100vw, 1024px\" \/><figcaption>AURORA CALACATTA LUNA<\/figcaption><\/figure>\n\n\n\n<figure class=\"wp-block-image size-large\"><img loading=\"lazy\" decoding=\"async\" width=\"1024\" height=\"640\" data-attachment-id=\"45928\" data-permalink=\"https:\/\/socialdesignmagazine.com\/mag\/news\/prodotti\/himacs-arricchisce-la-collezione-marmo-con-nuovi-colori-aurora-ispirati-allaurora-boreale\/attachment\/himacs-aurora-canyon-m705\/#content\" data-orig-file=\"https:\/\/socialdesignmagazine.com\/mag\/wp-content\/uploads\/2022\/06\/HIMACS-Aurora-Canyon-M705.jpg\" data-orig-size=\"1200,750\" data-comments-opened=\"1\" data-image-meta=\"{&quot;aperture&quot;:&quot;0&quot;,&quot;credit&quot;:&quot;&quot;,&quot;camera&quot;:&quot;&quot;,&quot;caption&quot;:&quot;&quot;,&quot;created_timestamp&quot;:&quot;0&quot;,&quot;copyright&quot;:&quot;&quot;,&quot;focal_length&quot;:&quot;0&quot;,&quot;iso&quot;:&quot;0&quot;,&quot;shutter_speed&quot;:&quot;0&quot;,&quot;title&quot;:&quot;&quot;,&quot;orientation&quot;:&quot;0&quot;}\" data-image-title=\"HIMACS-Aurora-Canyon-M705\" data-image-description=\"\" data-image-caption=\"&lt;p&gt;AURORA CANYON&lt;\/p&gt;\n\" data-medium-file=\"https:\/\/socialdesignmagazine.com\/mag\/wp-content\/uploads\/2022\/06\/HIMACS-Aurora-Canyon-M705-438x283.jpg\" data-large-file=\"https:\/\/socialdesignmagazine.com\/mag\/wp-content\/uploads\/2022\/06\/HIMACS-Aurora-Canyon-M705-1024x640.jpg\" data-id=\"45928\" src=\"https:\/\/socialdesignmagazine.com\/mag\/wp-content\/uploads\/2022\/06\/HIMACS-Aurora-Canyon-M705-1024x640.jpg\" alt=\"\" class=\"wp-image-45928\" srcset=\"https:\/\/socialdesignmagazine.com\/mag\/wp-content\/uploads\/2022\/06\/HIMACS-Aurora-Canyon-M705-1024x640.jpg 1024w, https:\/\/socialdesignmagazine.com\/mag\/wp-content\/uploads\/2022\/06\/HIMACS-Aurora-Canyon-M705-768x480.jpg 768w, https:\/\/socialdesignmagazine.com\/mag\/wp-content\/uploads\/2022\/06\/HIMACS-Aurora-Canyon-M705.jpg 1200w\" sizes=\"auto, (max-width: 1024px) 100vw, 1024px\" \/><figcaption>AURORA CANYON<\/figcaption><\/figure>\n\n\n\n<figure class=\"wp-block-image size-large\"><img loading=\"lazy\" decoding=\"async\" width=\"1024\" height=\"724\" data-attachment-id=\"45929\" data-permalink=\"https:\/\/socialdesignmagazine.com\/mag\/news\/prodotti\/himacs-arricchisce-la-collezione-marmo-con-nuovi-colori-aurora-ispirati-allaurora-boreale\/attachment\/himacs-aurora-linen-cream-m623\/#content\" data-orig-file=\"https:\/\/socialdesignmagazine.com\/mag\/wp-content\/uploads\/2022\/06\/HIMACS-Aurora-Linen-Cream-M623.jpg\" data-orig-size=\"1200,848\" data-comments-opened=\"1\" data-image-meta=\"{&quot;aperture&quot;:&quot;0&quot;,&quot;credit&quot;:&quot;&quot;,&quot;camera&quot;:&quot;&quot;,&quot;caption&quot;:&quot;&quot;,&quot;created_timestamp&quot;:&quot;0&quot;,&quot;copyright&quot;:&quot;&quot;,&quot;focal_length&quot;:&quot;0&quot;,&quot;iso&quot;:&quot;0&quot;,&quot;shutter_speed&quot;:&quot;0&quot;,&quot;title&quot;:&quot;&quot;,&quot;orientation&quot;:&quot;0&quot;}\" data-image-title=\"HIMACS-Aurora-Linen-Cream-M623\" data-image-description=\"\" data-image-caption=\"&lt;p&gt;AURORA LINEN CREAM&lt;\/p&gt;\n\" data-medium-file=\"https:\/\/socialdesignmagazine.com\/mag\/wp-content\/uploads\/2022\/06\/HIMACS-Aurora-Linen-Cream-M623-438x283.jpg\" data-large-file=\"https:\/\/socialdesignmagazine.com\/mag\/wp-content\/uploads\/2022\/06\/HIMACS-Aurora-Linen-Cream-M623-1024x724.jpg\" data-id=\"45929\" src=\"https:\/\/socialdesignmagazine.com\/mag\/wp-content\/uploads\/2022\/06\/HIMACS-Aurora-Linen-Cream-M623-1024x724.jpg\" alt=\"\" class=\"wp-image-45929\" srcset=\"https:\/\/socialdesignmagazine.com\/mag\/wp-content\/uploads\/2022\/06\/HIMACS-Aurora-Linen-Cream-M623-1024x724.jpg 1024w, https:\/\/socialdesignmagazine.com\/mag\/wp-content\/uploads\/2022\/06\/HIMACS-Aurora-Linen-Cream-M623-768x543.jpg 768w, https:\/\/socialdesignmagazine.com\/mag\/wp-content\/uploads\/2022\/06\/HIMACS-Aurora-Linen-Cream-M623.jpg 1200w\" sizes=\"auto, (max-width: 1024px) 100vw, 1024px\" \/><figcaption>AURORA LINEN CREAM<\/figcaption><\/figure>\n\n\n\n<figure class=\"wp-block-image size-large\"><img loading=\"lazy\" decoding=\"async\" width=\"1024\" height=\"724\" data-attachment-id=\"45920\" data-permalink=\"https:\/\/socialdesignmagazine.com\/mag\/news\/prodotti\/himacs-arricchisce-la-collezione-marmo-con-nuovi-colori-aurora-ispirati-allaurora-boreale\/attachment\/himacs-aurora-midnight-m703\/#content\" data-orig-file=\"https:\/\/socialdesignmagazine.com\/mag\/wp-content\/uploads\/2022\/06\/HIMACS-Aurora-Midnight-M703.jpg\" data-orig-size=\"1200,849\" data-comments-opened=\"1\" data-image-meta=\"{&quot;aperture&quot;:&quot;0&quot;,&quot;credit&quot;:&quot;&quot;,&quot;camera&quot;:&quot;&quot;,&quot;caption&quot;:&quot;&quot;,&quot;created_timestamp&quot;:&quot;0&quot;,&quot;copyright&quot;:&quot;&quot;,&quot;focal_length&quot;:&quot;0&quot;,&quot;iso&quot;:&quot;0&quot;,&quot;shutter_speed&quot;:&quot;0&quot;,&quot;title&quot;:&quot;&quot;,&quot;orientation&quot;:&quot;0&quot;}\" data-image-title=\"HIMACS-Aurora-Midnight-M703\" data-image-description=\"\" data-image-caption=\"&lt;p&gt;AURORA MIDNIGHT&lt;\/p&gt;\n\" data-medium-file=\"https:\/\/socialdesignmagazine.com\/mag\/wp-content\/uploads\/2022\/06\/HIMACS-Aurora-Midnight-M703-438x283.jpg\" data-large-file=\"https:\/\/socialdesignmagazine.com\/mag\/wp-content\/uploads\/2022\/06\/HIMACS-Aurora-Midnight-M703-1024x724.jpg\" data-id=\"45920\" src=\"https:\/\/socialdesignmagazine.com\/mag\/wp-content\/uploads\/2022\/06\/HIMACS-Aurora-Midnight-M703-1024x724.jpg\" alt=\"\" class=\"wp-image-45920\" srcset=\"https:\/\/socialdesignmagazine.com\/mag\/wp-content\/uploads\/2022\/06\/HIMACS-Aurora-Midnight-M703-1024x724.jpg 1024w, https:\/\/socialdesignmagazine.com\/mag\/wp-content\/uploads\/2022\/06\/HIMACS-Aurora-Midnight-M703-768x543.jpg 768w, https:\/\/socialdesignmagazine.com\/mag\/wp-content\/uploads\/2022\/06\/HIMACS-Aurora-Midnight-M703.jpg 1200w\" sizes=\"auto, (max-width: 1024px) 100vw, 1024px\" \/><figcaption>AURORA MIDNIGHT<\/figcaption><\/figure>\n\n\n\n<figure class=\"wp-block-image size-large\"><img loading=\"lazy\" decoding=\"async\" width=\"1024\" height=\"640\" data-attachment-id=\"45921\" data-permalink=\"https:\/\/socialdesignmagazine.com\/mag\/news\/prodotti\/himacs-arricchisce-la-collezione-marmo-con-nuovi-colori-aurora-ispirati-allaurora-boreale\/attachment\/himacs-aurora-sable-m708\/#content\" data-orig-file=\"https:\/\/socialdesignmagazine.com\/mag\/wp-content\/uploads\/2022\/06\/HIMACS-Aurora-Sable-M708.jpg\" data-orig-size=\"1200,750\" data-comments-opened=\"1\" data-image-meta=\"{&quot;aperture&quot;:&quot;0&quot;,&quot;credit&quot;:&quot;&quot;,&quot;camera&quot;:&quot;&quot;,&quot;caption&quot;:&quot;&quot;,&quot;created_timestamp&quot;:&quot;0&quot;,&quot;copyright&quot;:&quot;&quot;,&quot;focal_length&quot;:&quot;0&quot;,&quot;iso&quot;:&quot;0&quot;,&quot;shutter_speed&quot;:&quot;0&quot;,&quot;title&quot;:&quot;&quot;,&quot;orientation&quot;:&quot;0&quot;}\" data-image-title=\"HIMACS-Aurora-Sable-M708\" data-image-description=\"\" data-image-caption=\"&lt;p&gt;AURORA SABLE&lt;\/p&gt;\n\" data-medium-file=\"https:\/\/socialdesignmagazine.com\/mag\/wp-content\/uploads\/2022\/06\/HIMACS-Aurora-Sable-M708-438x283.jpg\" data-large-file=\"https:\/\/socialdesignmagazine.com\/mag\/wp-content\/uploads\/2022\/06\/HIMACS-Aurora-Sable-M708-1024x640.jpg\" data-id=\"45921\" src=\"https:\/\/socialdesignmagazine.com\/mag\/wp-content\/uploads\/2022\/06\/HIMACS-Aurora-Sable-M708-1024x640.jpg\" alt=\"\" class=\"wp-image-45921\" srcset=\"https:\/\/socialdesignmagazine.com\/mag\/wp-content\/uploads\/2022\/06\/HIMACS-Aurora-Sable-M708-1024x640.jpg 1024w, https:\/\/socialdesignmagazine.com\/mag\/wp-content\/uploads\/2022\/06\/HIMACS-Aurora-Sable-M708-768x480.jpg 768w, https:\/\/socialdesignmagazine.com\/mag\/wp-content\/uploads\/2022\/06\/HIMACS-Aurora-Sable-M708.jpg 1200w\" sizes=\"auto, (max-width: 1024px) 100vw, 1024px\" \/><figcaption>AURORA SABLE<\/figcaption><\/figure>\n\n\n\n<figure class=\"wp-block-image size-large\"><img loading=\"lazy\" decoding=\"async\" width=\"1024\" height=\"724\" data-attachment-id=\"45926\" data-permalink=\"https:\/\/socialdesignmagazine.com\/mag\/news\/prodotti\/himacs-arricchisce-la-collezione-marmo-con-nuovi-colori-aurora-ispirati-allaurora-boreale\/attachment\/himacs-aurora-terra-m625\/#content\" data-orig-file=\"https:\/\/socialdesignmagazine.com\/mag\/wp-content\/uploads\/2022\/06\/HIMACS-Aurora-Terra-M625.jpg\" data-orig-size=\"1200,849\" data-comments-opened=\"1\" data-image-meta=\"{&quot;aperture&quot;:&quot;0&quot;,&quot;credit&quot;:&quot;&quot;,&quot;camera&quot;:&quot;&quot;,&quot;caption&quot;:&quot;&quot;,&quot;created_timestamp&quot;:&quot;0&quot;,&quot;copyright&quot;:&quot;&quot;,&quot;focal_length&quot;:&quot;0&quot;,&quot;iso&quot;:&quot;0&quot;,&quot;shutter_speed&quot;:&quot;0&quot;,&quot;title&quot;:&quot;&quot;,&quot;orientation&quot;:&quot;0&quot;}\" data-image-title=\"HIMACS-Aurora-Terra-M625\" data-image-description=\"\" data-image-caption=\"&lt;p&gt;AURORA TERRA&lt;\/p&gt;\n\" data-medium-file=\"https:\/\/socialdesignmagazine.com\/mag\/wp-content\/uploads\/2022\/06\/HIMACS-Aurora-Terra-M625-438x283.jpg\" data-large-file=\"https:\/\/socialdesignmagazine.com\/mag\/wp-content\/uploads\/2022\/06\/HIMACS-Aurora-Terra-M625-1024x724.jpg\" data-id=\"45926\" src=\"https:\/\/socialdesignmagazine.com\/mag\/wp-content\/uploads\/2022\/06\/HIMACS-Aurora-Terra-M625-1024x724.jpg\" alt=\"\" class=\"wp-image-45926\" srcset=\"https:\/\/socialdesignmagazine.com\/mag\/wp-content\/uploads\/2022\/06\/HIMACS-Aurora-Terra-M625-1024x724.jpg 1024w, https:\/\/socialdesignmagazine.com\/mag\/wp-content\/uploads\/2022\/06\/HIMACS-Aurora-Terra-M625-768x543.jpg 768w, https:\/\/socialdesignmagazine.com\/mag\/wp-content\/uploads\/2022\/06\/HIMACS-Aurora-Terra-M625.jpg 1200w\" sizes=\"auto, (max-width: 1024px) 100vw, 1024px\" \/><figcaption>AURORA TERRA<\/figcaption><\/figure>\n\n\n\n<figure class=\"wp-block-image size-large\"><img loading=\"lazy\" decoding=\"async\" width=\"1024\" height=\"1434\" data-attachment-id=\"45922\" data-permalink=\"https:\/\/socialdesignmagazine.com\/mag\/news\/prodotti\/himacs-arricchisce-la-collezione-marmo-con-nuovi-colori-aurora-ispirati-allaurora-boreale\/attachment\/himacs-aurora-ecru-m701\/#content\" data-orig-file=\"https:\/\/socialdesignmagazine.com\/mag\/wp-content\/uploads\/2022\/06\/HIMACS-Aurora-Ecru-M701.jpg\" data-orig-size=\"1200,1680\" data-comments-opened=\"1\" data-image-meta=\"{&quot;aperture&quot;:&quot;0&quot;,&quot;credit&quot;:&quot;&quot;,&quot;camera&quot;:&quot;&quot;,&quot;caption&quot;:&quot;&quot;,&quot;created_timestamp&quot;:&quot;0&quot;,&quot;copyright&quot;:&quot;&quot;,&quot;focal_length&quot;:&quot;0&quot;,&quot;iso&quot;:&quot;0&quot;,&quot;shutter_speed&quot;:&quot;0&quot;,&quot;title&quot;:&quot;&quot;,&quot;orientation&quot;:&quot;0&quot;}\" data-image-title=\"HIMACS-Aurora-Ecru-M701\" data-image-description=\"\" data-image-caption=\"&lt;p&gt;AURORA ECRU&lt;\/p&gt;\n\" data-medium-file=\"https:\/\/socialdesignmagazine.com\/mag\/wp-content\/uploads\/2022\/06\/HIMACS-Aurora-Ecru-M701-438x283.jpg\" data-large-file=\"https:\/\/socialdesignmagazine.com\/mag\/wp-content\/uploads\/2022\/06\/HIMACS-Aurora-Ecru-M701-1024x1434.jpg\" data-id=\"45922\" src=\"https:\/\/socialdesignmagazine.com\/mag\/wp-content\/uploads\/2022\/06\/HIMACS-Aurora-Ecru-M701-1024x1434.jpg\" alt=\"\" class=\"wp-image-45922\" srcset=\"https:\/\/socialdesignmagazine.com\/mag\/wp-content\/uploads\/2022\/06\/HIMACS-Aurora-Ecru-M701-1024x1434.jpg 1024w, https:\/\/socialdesignmagazine.com\/mag\/wp-content\/uploads\/2022\/06\/HIMACS-Aurora-Ecru-M701-768x1075.jpg 768w, https:\/\/socialdesignmagazine.com\/mag\/wp-content\/uploads\/2022\/06\/HIMACS-Aurora-Ecru-M701-1097x1536.jpg 1097w, https:\/\/socialdesignmagazine.com\/mag\/wp-content\/uploads\/2022\/06\/HIMACS-Aurora-Ecru-M701.jpg 1200w\" sizes=\"auto, (max-width: 1024px) 100vw, 1024px\" \/><figcaption>AURORA ECRU<\/figcaption><\/figure>\n\n\n\n<figure class=\"wp-block-image size-large\"><img loading=\"lazy\" decoding=\"async\" width=\"1024\" height=\"683\" data-attachment-id=\"45923\" data-permalink=\"https:\/\/socialdesignmagazine.com\/mag\/news\/prodotti\/himacs-arricchisce-la-collezione-marmo-con-nuovi-colori-aurora-ispirati-allaurora-boreale\/attachment\/himacs_aurora-magnolia-m707\/#content\" data-orig-file=\"https:\/\/socialdesignmagazine.com\/mag\/wp-content\/uploads\/2022\/06\/HIMACS_Aurora-Magnolia-M707.jpg\" data-orig-size=\"1200,800\" data-comments-opened=\"1\" data-image-meta=\"{&quot;aperture&quot;:&quot;0&quot;,&quot;credit&quot;:&quot;&quot;,&quot;camera&quot;:&quot;&quot;,&quot;caption&quot;:&quot;&quot;,&quot;created_timestamp&quot;:&quot;0&quot;,&quot;copyright&quot;:&quot;&quot;,&quot;focal_length&quot;:&quot;0&quot;,&quot;iso&quot;:&quot;0&quot;,&quot;shutter_speed&quot;:&quot;0&quot;,&quot;title&quot;:&quot;&quot;,&quot;orientation&quot;:&quot;0&quot;}\" data-image-title=\"HIMACS_Aurora-Magnolia-M707\" data-image-description=\"\" data-image-caption=\"&lt;p&gt;AURORA MAGNOLIA&lt;\/p&gt;\n\" data-medium-file=\"https:\/\/socialdesignmagazine.com\/mag\/wp-content\/uploads\/2022\/06\/HIMACS_Aurora-Magnolia-M707-438x283.jpg\" data-large-file=\"https:\/\/socialdesignmagazine.com\/mag\/wp-content\/uploads\/2022\/06\/HIMACS_Aurora-Magnolia-M707-1024x683.jpg\" data-id=\"45923\" src=\"https:\/\/socialdesignmagazine.com\/mag\/wp-content\/uploads\/2022\/06\/HIMACS_Aurora-Magnolia-M707-1024x683.jpg\" alt=\"\" class=\"wp-image-45923\" srcset=\"https:\/\/socialdesignmagazine.com\/mag\/wp-content\/uploads\/2022\/06\/HIMACS_Aurora-Magnolia-M707-1024x683.jpg 1024w, https:\/\/socialdesignmagazine.com\/mag\/wp-content\/uploads\/2022\/06\/HIMACS_Aurora-Magnolia-M707-100x66.jpg 100w, https:\/\/socialdesignmagazine.com\/mag\/wp-content\/uploads\/2022\/06\/HIMACS_Aurora-Magnolia-M707-768x512.jpg 768w, https:\/\/socialdesignmagazine.com\/mag\/wp-content\/uploads\/2022\/06\/HIMACS_Aurora-Magnolia-M707.jpg 1200w\" sizes=\"auto, (max-width: 1024px) 100vw, 1024px\" \/><figcaption>AURORA MAGNOLIA<\/figcaption><\/figure>\n\n\n\n<figure class=\"wp-block-image size-large\"><img loading=\"lazy\" decoding=\"async\" width=\"1024\" height=\"1366\" data-attachment-id=\"45930\" data-permalink=\"https:\/\/socialdesignmagazine.com\/mag\/news\/prodotti\/himacs-arricchisce-la-collezione-marmo-con-nuovi-colori-aurora-ispirati-allaurora-boreale\/attachment\/himacs_aurora_cocoa_m624_edited\/#content\" data-orig-file=\"https:\/\/socialdesignmagazine.com\/mag\/wp-content\/uploads\/2022\/06\/HIMACS_Aurora_Cocoa_M624_edited.jpg\" data-orig-size=\"1200,1601\" data-comments-opened=\"1\" data-image-meta=\"{&quot;aperture&quot;:&quot;0&quot;,&quot;credit&quot;:&quot;&quot;,&quot;camera&quot;:&quot;&quot;,&quot;caption&quot;:&quot;&quot;,&quot;created_timestamp&quot;:&quot;0&quot;,&quot;copyright&quot;:&quot;&quot;,&quot;focal_length&quot;:&quot;0&quot;,&quot;iso&quot;:&quot;0&quot;,&quot;shutter_speed&quot;:&quot;0&quot;,&quot;title&quot;:&quot;&quot;,&quot;orientation&quot;:&quot;0&quot;}\" data-image-title=\"HIMACS_Aurora_Cocoa_M624_edited\" data-image-description=\"\" data-image-caption=\"&lt;p&gt;AURORA COCOA&lt;\/p&gt;\n\" data-medium-file=\"https:\/\/socialdesignmagazine.com\/mag\/wp-content\/uploads\/2022\/06\/HIMACS_Aurora_Cocoa_M624_edited-438x283.jpg\" data-large-file=\"https:\/\/socialdesignmagazine.com\/mag\/wp-content\/uploads\/2022\/06\/HIMACS_Aurora_Cocoa_M624_edited-1024x1366.jpg\" data-id=\"45930\" src=\"https:\/\/socialdesignmagazine.com\/mag\/wp-content\/uploads\/2022\/06\/HIMACS_Aurora_Cocoa_M624_edited-1024x1366.jpg\" alt=\"\" class=\"wp-image-45930\" srcset=\"https:\/\/socialdesignmagazine.com\/mag\/wp-content\/uploads\/2022\/06\/HIMACS_Aurora_Cocoa_M624_edited-1024x1366.jpg 1024w, https:\/\/socialdesignmagazine.com\/mag\/wp-content\/uploads\/2022\/06\/HIMACS_Aurora_Cocoa_M624_edited-768x1025.jpg 768w, https:\/\/socialdesignmagazine.com\/mag\/wp-content\/uploads\/2022\/06\/HIMACS_Aurora_Cocoa_M624_edited-1151x1536.jpg 1151w, https:\/\/socialdesignmagazine.com\/mag\/wp-content\/uploads\/2022\/06\/HIMACS_Aurora_Cocoa_M624_edited.jpg 1200w\" sizes=\"auto, (max-width: 1024px) 100vw, 1024px\" \/><figcaption>AURORA COCOA<\/figcaption><\/figure>\n<\/figure>\n","protected":false,"gt_translate_keys":[{"key":"rendered","format":"html"}]},"excerpt":{"rendered":"<p>Ispirata alla naturale bellezza mozzafiato dell&#8217;aurora boreale, la palette colori Aurora della collezione Marmo di HIMACS, riproduce l\u2019aspetto elegante del marmo con sfumature tenui e decise, unite a venature delicate e definite.<\/p>\n","protected":false,"gt_translate_keys":[{"key":"rendered","format":"html"}]},"author":1,"featured_media":45933,"comment_status":"open","ping_status":"open","sticky":false,"template":"","format":"standard","meta":{"jetpack_post_was_ever_published":false,"_jetpack_newsletter_access":"","_jetpack_dont_email_post_to_subs":false,"_jetpack_newsletter_tier_id":0,"_jetpack_memberships_contains_paywalled_content":false,"_jetpack_memberships_contains_paid_content":false,"footnotes":"","_wpscppro_dont_share_socialmedia":false,"_wpscppro_custom_social_share_image":0,"_facebook_share_type":"","_twitter_share_type":"","_linkedin_share_type":"","_pinterest_share_type":"","_linkedin_share_type_page":"","_instagram_share_type":"","_medium_share_type":"","_threads_share_type":"","_google_business_share_type":"","_selected_social_profile":[],"_wpsp_enable_custom_social_template":false,"_wpsp_social_scheduling":{"enabled":false,"datetime":null,"platforms":[],"status":"template_only","dateOption":"today","timeOption":"now","customDays":"","customHours":"","customDate":"","customTime":"","schedulingType":"absolute"},"_wpsp_active_default_template":true},"categories":[6166],"tags":[5677],"class_list":["post-45917","post","type-post","status-publish","format-standard","has-post-thumbnail","hentry","category-prodotti","tag-himacs"],"yoast_head":"<!-- This site is optimized with the Yoast SEO plugin v27.2 - https:\/\/yoast.com\/product\/yoast-seo-wordpress\/ -->\n<title>HIMACS arricchisce la collezione Marmo con nuovi colori Aurora ispirati all\u2019aurora boreale - Social Design Magazine<\/title>\n<meta name=\"description\" content=\"Ispirata alla naturale bellezza mozzafiato dell&#039;aurora boreale, la palette colori Aurora della collezione Marmo di HIMACS, riproduce l\u2019aspetto elegante del marmo con sfumature tenui e decise, unite a venature delicate e definite.\" \/>\n<meta name=\"robots\" content=\"index, follow, max-snippet:-1, max-image-preview:large, max-video-preview:-1\" \/>\n<link rel=\"canonical\" href=\"https:\/\/socialdesignmagazine.com\/mag\/news\/prodotti\/himacs-arricchisce-la-collezione-marmo-con-nuovi-colori-aurora-ispirati-allaurora-boreale\/\" \/>\n<meta property=\"og:locale\" content=\"it_IT\" \/>\n<meta property=\"og:type\" content=\"article\" \/>\n<meta property=\"og:title\" content=\"HIMACS arricchisce la collezione Marmo con nuovi colori Aurora ispirati all\u2019aurora boreale - Social Design Magazine\" \/>\n<meta property=\"og:description\" content=\"Ispirata alla naturale bellezza mozzafiato dell&#039;aurora boreale, la palette colori Aurora della collezione Marmo di HIMACS, riproduce l\u2019aspetto elegante del marmo con sfumature tenui e decise, unite a venature delicate e definite.\" \/>\n<meta property=\"og:url\" content=\"http:\/\/socialdesignmagazine.com\/mag\/news\/prodotti\/himacs-arricchisce-la-collezione-marmo-con-nuovi-colori-aurora-ispirati-allaurora-boreale\/\" \/>\n<meta property=\"og:site_name\" content=\"Social Design Magazine\" \/>\n<meta property=\"article:publisher\" content=\"https:\/\/www.facebook.com\/socialdesignmag\" \/>\n<meta property=\"article:author\" content=\"https:\/\/www.facebook.com\/benedettofiori\" \/>\n<meta property=\"article:published_time\" content=\"2022-06-08T13:45:00+00:00\" \/>\n<meta property=\"og:image\" content=\"https:\/\/socialdesignmagazine.com\/mag\/wp-content\/uploads\/2022\/06\/New-Aurora-MOODBOARD.jpg\" \/>\n\t<meta property=\"og:image:width\" content=\"1200\" \/>\n\t<meta property=\"og:image:height\" content=\"710\" \/>\n\t<meta property=\"og:image:type\" content=\"image\/jpeg\" \/>\n<meta name=\"author\" content=\"Benedetto Fiori\" \/>\n<meta name=\"twitter:card\" content=\"summary_large_image\" \/>\n<meta name=\"twitter:creator\" content=\"@benedettofiori\" \/>\n<meta name=\"twitter:site\" content=\"@socialdesignmag\" \/>\n<meta name=\"twitter:label1\" content=\"Scritto da\" \/>\n\t<meta name=\"twitter:data1\" content=\"Benedetto Fiori\" \/>\n\t<meta name=\"twitter:label2\" content=\"Tempo di lettura stimato\" \/>\n\t<meta name=\"twitter:data2\" content=\"4 minuti\" \/>\n<script type=\"application\/ld+json\" class=\"yoast-schema-graph\">{\"@context\":\"https:\/\/schema.org\",\"@graph\":[{\"@type\":\"Article\",\"@id\":\"https:\/\/socialdesignmagazine.com\/mag\/news\/prodotti\/himacs-arricchisce-la-collezione-marmo-con-nuovi-colori-aurora-ispirati-allaurora-boreale\/#article\",\"isPartOf\":{\"@id\":\"https:\/\/socialdesignmagazine.com\/mag\/news\/prodotti\/himacs-arricchisce-la-collezione-marmo-con-nuovi-colori-aurora-ispirati-allaurora-boreale\/\"},\"author\":{\"name\":\"Benedetto Fiori\",\"@id\":\"https:\/\/socialdesignmagazine.com\/mag\/#\/schema\/person\/61e20205cc363c315e6aabd33a045846\"},\"headline\":\"HIMACS arricchisce la collezione Marmo con nuovi colori Aurora ispirati all\u2019aurora boreale\",\"datePublished\":\"2022-06-08T13:45:00+00:00\",\"mainEntityOfPage\":{\"@id\":\"https:\/\/socialdesignmagazine.com\/mag\/news\/prodotti\/himacs-arricchisce-la-collezione-marmo-con-nuovi-colori-aurora-ispirati-allaurora-boreale\/\"},\"wordCount\":209,\"commentCount\":0,\"publisher\":{\"@id\":\"https:\/\/socialdesignmagazine.com\/mag\/#organization\"},\"image\":{\"@id\":\"https:\/\/socialdesignmagazine.com\/mag\/news\/prodotti\/himacs-arricchisce-la-collezione-marmo-con-nuovi-colori-aurora-ispirati-allaurora-boreale\/#primaryimage\"},\"thumbnailUrl\":\"https:\/\/socialdesignmagazine.com\/mag\/wp-content\/uploads\/2022\/06\/New-Aurora-MOODBOARD.jpg\",\"keywords\":[\"himacs\"],\"articleSection\":[\"Prodotti\"],\"inLanguage\":\"it-IT\",\"potentialAction\":[{\"@type\":\"CommentAction\",\"name\":\"Comment\",\"target\":[\"https:\/\/socialdesignmagazine.com\/mag\/news\/prodotti\/himacs-arricchisce-la-collezione-marmo-con-nuovi-colori-aurora-ispirati-allaurora-boreale\/#respond\"]}]},{\"@type\":\"WebPage\",\"@id\":\"https:\/\/socialdesignmagazine.com\/mag\/news\/prodotti\/himacs-arricchisce-la-collezione-marmo-con-nuovi-colori-aurora-ispirati-allaurora-boreale\/\",\"url\":\"https:\/\/socialdesignmagazine.com\/mag\/news\/prodotti\/himacs-arricchisce-la-collezione-marmo-con-nuovi-colori-aurora-ispirati-allaurora-boreale\/\",\"name\":\"HIMACS arricchisce la collezione Marmo con nuovi colori Aurora ispirati all\u2019aurora boreale - Social Design Magazine\",\"isPartOf\":{\"@id\":\"https:\/\/socialdesignmagazine.com\/mag\/#website\"},\"primaryImageOfPage\":{\"@id\":\"https:\/\/socialdesignmagazine.com\/mag\/news\/prodotti\/himacs-arricchisce-la-collezione-marmo-con-nuovi-colori-aurora-ispirati-allaurora-boreale\/#primaryimage\"},\"image\":{\"@id\":\"https:\/\/socialdesignmagazine.com\/mag\/news\/prodotti\/himacs-arricchisce-la-collezione-marmo-con-nuovi-colori-aurora-ispirati-allaurora-boreale\/#primaryimage\"},\"thumbnailUrl\":\"https:\/\/socialdesignmagazine.com\/mag\/wp-content\/uploads\/2022\/06\/New-Aurora-MOODBOARD.jpg\",\"datePublished\":\"2022-06-08T13:45:00+00:00\",\"description\":\"Ispirata alla naturale bellezza mozzafiato dell'aurora boreale, la palette colori Aurora della collezione Marmo di HIMACS, riproduce l\u2019aspetto elegante del marmo con sfumature tenui e decise, unite a venature delicate e definite.\",\"breadcrumb\":{\"@id\":\"https:\/\/socialdesignmagazine.com\/mag\/news\/prodotti\/himacs-arricchisce-la-collezione-marmo-con-nuovi-colori-aurora-ispirati-allaurora-boreale\/#breadcrumb\"},\"inLanguage\":\"it-IT\",\"potentialAction\":[{\"@type\":\"ReadAction\",\"target\":[\"https:\/\/socialdesignmagazine.com\/mag\/news\/prodotti\/himacs-arricchisce-la-collezione-marmo-con-nuovi-colori-aurora-ispirati-allaurora-boreale\/\"]}]},{\"@type\":\"ImageObject\",\"inLanguage\":\"it-IT\",\"@id\":\"https:\/\/socialdesignmagazine.com\/mag\/news\/prodotti\/himacs-arricchisce-la-collezione-marmo-con-nuovi-colori-aurora-ispirati-allaurora-boreale\/#primaryimage\",\"url\":\"https:\/\/socialdesignmagazine.com\/mag\/wp-content\/uploads\/2022\/06\/New-Aurora-MOODBOARD.jpg\",\"contentUrl\":\"https:\/\/socialdesignmagazine.com\/mag\/wp-content\/uploads\/2022\/06\/New-Aurora-MOODBOARD.jpg\",\"width\":1200,\"height\":710},{\"@type\":\"BreadcrumbList\",\"@id\":\"https:\/\/socialdesignmagazine.com\/mag\/news\/prodotti\/himacs-arricchisce-la-collezione-marmo-con-nuovi-colori-aurora-ispirati-allaurora-boreale\/#breadcrumb\",\"itemListElement\":[{\"@type\":\"ListItem\",\"position\":1,\"name\":\"Home\",\"item\":\"https:\/\/socialdesignmagazine.com\/mag\/\"},{\"@type\":\"ListItem\",\"position\":2,\"name\":\"News\",\"item\":\"https:\/\/socialdesignmagazine.com\/mag\/news\/\"},{\"@type\":\"ListItem\",\"position\":3,\"name\":\"Prodotti\",\"item\":\"https:\/\/socialdesignmagazine.com\/mag\/news\/prodotti\/\"},{\"@type\":\"ListItem\",\"position\":4,\"name\":\"HIMACS arricchisce la collezione Marmo con nuovi colori Aurora ispirati all\u2019aurora boreale\"}]},{\"@type\":\"WebSite\",\"@id\":\"https:\/\/socialdesignmagazine.com\/mag\/#website\",\"url\":\"https:\/\/socialdesignmagazine.com\/mag\/\",\"name\":\"Social Design Magazine\",\"description\":\"Social Magazine su Design, Architettura, Arte, Grafica\",\"publisher\":{\"@id\":\"https:\/\/socialdesignmagazine.com\/mag\/#organization\"},\"potentialAction\":[{\"@type\":\"SearchAction\",\"target\":{\"@type\":\"EntryPoint\",\"urlTemplate\":\"https:\/\/socialdesignmagazine.com\/mag\/?s={search_term_string}\"},\"query-input\":{\"@type\":\"PropertyValueSpecification\",\"valueRequired\":true,\"valueName\":\"search_term_string\"}}],\"inLanguage\":\"it-IT\"},{\"@type\":\"Organization\",\"@id\":\"https:\/\/socialdesignmagazine.com\/mag\/#organization\",\"name\":\"Social Design Magazine\",\"url\":\"https:\/\/socialdesignmagazine.com\/mag\/\",\"logo\":{\"@type\":\"ImageObject\",\"inLanguage\":\"it-IT\",\"@id\":\"https:\/\/socialdesignmagazine.com\/mag\/#\/schema\/logo\/image\/\",\"url\":\"https:\/\/socialdesignmagazine.com\/mag\/wp-content\/uploads\/2017\/01\/logo_favicon_11.png\",\"contentUrl\":\"https:\/\/socialdesignmagazine.com\/mag\/wp-content\/uploads\/2017\/01\/logo_favicon_11.png\",\"width\":1024,\"height\":1024,\"caption\":\"Social Design Magazine\"},\"image\":{\"@id\":\"https:\/\/socialdesignmagazine.com\/mag\/#\/schema\/logo\/image\/\"},\"sameAs\":[\"https:\/\/www.facebook.com\/socialdesignmag\",\"https:\/\/x.com\/socialdesignmag\",\"http:\/\/instagram.com\/social_design_magazine\/\",\"http:\/\/pinterest.com\/socialdesignmag\/\",\"http:\/\/www.youtube.com\/user\/socialdesignmagazine\"]},{\"@type\":\"Person\",\"@id\":\"https:\/\/socialdesignmagazine.com\/mag\/#\/schema\/person\/61e20205cc363c315e6aabd33a045846\",\"name\":\"Benedetto Fiori\",\"image\":{\"@type\":\"ImageObject\",\"inLanguage\":\"it-IT\",\"@id\":\"https:\/\/secure.gravatar.com\/avatar\/450a48cefa36da63d920ad70aa660bd10725b1c6093800242e5efdb397759033?s=96&d=mm&r=g\",\"url\":\"https:\/\/secure.gravatar.com\/avatar\/450a48cefa36da63d920ad70aa660bd10725b1c6093800242e5efdb397759033?s=96&d=mm&r=g\",\"contentUrl\":\"https:\/\/secure.gravatar.com\/avatar\/450a48cefa36da63d920ad70aa660bd10725b1c6093800242e5efdb397759033?s=96&d=mm&r=g\",\"caption\":\"Benedetto Fiori\"},\"description\":\"Web | Twitter | Facebook | Shutterstock Founder &amp; Editor in Chief di Social Design Magazine. Attratto da sempre da tutto ci\u00f2 che \u00e8 creativit\u00e0, design, architettura. Dopo aver studiato Architettura all'Universit\u00e0 di Firenze, si \u00e8 impegnato in molteplici campi: comunicazione grafica, progettazione di allestimenti fieristici, brand design, Interior Design.\",\"sameAs\":[\"http:\/\/benedettofiori.com\",\"https:\/\/www.facebook.com\/benedettofiori\",\"https:\/\/x.com\/benedettofiori\"],\"url\":\"https:\/\/socialdesignmagazine.com\/mag\/author\/benedetto\/\"}]}<\/script>\n<!-- \/ Yoast SEO plugin. -->","yoast_head_json":{"title":"HIMACS arricchisce la collezione Marmo con nuovi colori Aurora ispirati all\u2019aurora boreale - Social Design Magazine","description":"Ispirata alla naturale bellezza mozzafiato dell'aurora boreale, la palette colori Aurora della collezione Marmo di HIMACS, riproduce l\u2019aspetto elegante del marmo con sfumature tenui e decise, unite a venature delicate e definite.","robots":{"index":"index","follow":"follow","max-snippet":"max-snippet:-1","max-image-preview":"max-image-preview:large","max-video-preview":"max-video-preview:-1"},"canonical":"https:\/\/socialdesignmagazine.com\/mag\/news\/prodotti\/himacs-arricchisce-la-collezione-marmo-con-nuovi-colori-aurora-ispirati-allaurora-boreale\/","og_locale":"it_IT","og_type":"article","og_title":"HIMACS arricchisce la collezione Marmo con nuovi colori Aurora ispirati all\u2019aurora boreale - Social Design Magazine","og_description":"Ispirata alla naturale bellezza mozzafiato dell'aurora boreale, la palette colori Aurora della collezione Marmo di HIMACS, riproduce l\u2019aspetto elegante del marmo con sfumature tenui e decise, unite a venature delicate e definite.","og_url":"http:\/\/socialdesignmagazine.com\/mag\/news\/prodotti\/himacs-arricchisce-la-collezione-marmo-con-nuovi-colori-aurora-ispirati-allaurora-boreale\/","og_site_name":"Social Design Magazine","article_publisher":"https:\/\/www.facebook.com\/socialdesignmag","article_author":"https:\/\/www.facebook.com\/benedettofiori","article_published_time":"2022-06-08T13:45:00+00:00","og_image":[{"width":1200,"height":710,"url":"https:\/\/socialdesignmagazine.com\/mag\/wp-content\/uploads\/2022\/06\/New-Aurora-MOODBOARD.jpg","type":"image\/jpeg"}],"author":"Benedetto Fiori","twitter_card":"summary_large_image","twitter_creator":"@benedettofiori","twitter_site":"@socialdesignmag","twitter_misc":{"Scritto da":"Benedetto Fiori","Tempo di lettura stimato":"4 minuti"},"schema":{"@context":"https:\/\/schema.org","@graph":[{"@type":"Article","@id":"https:\/\/socialdesignmagazine.com\/mag\/news\/prodotti\/himacs-arricchisce-la-collezione-marmo-con-nuovi-colori-aurora-ispirati-allaurora-boreale\/#article","isPartOf":{"@id":"https:\/\/socialdesignmagazine.com\/mag\/news\/prodotti\/himacs-arricchisce-la-collezione-marmo-con-nuovi-colori-aurora-ispirati-allaurora-boreale\/"},"author":{"name":"Benedetto Fiori","@id":"https:\/\/socialdesignmagazine.com\/mag\/#\/schema\/person\/61e20205cc363c315e6aabd33a045846"},"headline":"HIMACS arricchisce la collezione Marmo con nuovi colori Aurora ispirati all\u2019aurora boreale","datePublished":"2022-06-08T13:45:00+00:00","mainEntityOfPage":{"@id":"https:\/\/socialdesignmagazine.com\/mag\/news\/prodotti\/himacs-arricchisce-la-collezione-marmo-con-nuovi-colori-aurora-ispirati-allaurora-boreale\/"},"wordCount":209,"commentCount":0,"publisher":{"@id":"https:\/\/socialdesignmagazine.com\/mag\/#organization"},"image":{"@id":"https:\/\/socialdesignmagazine.com\/mag\/news\/prodotti\/himacs-arricchisce-la-collezione-marmo-con-nuovi-colori-aurora-ispirati-allaurora-boreale\/#primaryimage"},"thumbnailUrl":"https:\/\/socialdesignmagazine.com\/mag\/wp-content\/uploads\/2022\/06\/New-Aurora-MOODBOARD.jpg","keywords":["himacs"],"articleSection":["Prodotti"],"inLanguage":"it-IT","potentialAction":[{"@type":"CommentAction","name":"Comment","target":["https:\/\/socialdesignmagazine.com\/mag\/news\/prodotti\/himacs-arricchisce-la-collezione-marmo-con-nuovi-colori-aurora-ispirati-allaurora-boreale\/#respond"]}]},{"@type":"WebPage","@id":"https:\/\/socialdesignmagazine.com\/mag\/news\/prodotti\/himacs-arricchisce-la-collezione-marmo-con-nuovi-colori-aurora-ispirati-allaurora-boreale\/","url":"https:\/\/socialdesignmagazine.com\/mag\/news\/prodotti\/himacs-arricchisce-la-collezione-marmo-con-nuovi-colori-aurora-ispirati-allaurora-boreale\/","name":"HIMACS arricchisce la collezione Marmo con nuovi colori Aurora ispirati all\u2019aurora boreale - Social Design Magazine","isPartOf":{"@id":"https:\/\/socialdesignmagazine.com\/mag\/#website"},"primaryImageOfPage":{"@id":"https:\/\/socialdesignmagazine.com\/mag\/news\/prodotti\/himacs-arricchisce-la-collezione-marmo-con-nuovi-colori-aurora-ispirati-allaurora-boreale\/#primaryimage"},"image":{"@id":"https:\/\/socialdesignmagazine.com\/mag\/news\/prodotti\/himacs-arricchisce-la-collezione-marmo-con-nuovi-colori-aurora-ispirati-allaurora-boreale\/#primaryimage"},"thumbnailUrl":"https:\/\/socialdesignmagazine.com\/mag\/wp-content\/uploads\/2022\/06\/New-Aurora-MOODBOARD.jpg","datePublished":"2022-06-08T13:45:00+00:00","description":"Ispirata alla naturale bellezza mozzafiato dell'aurora boreale, la palette colori Aurora della collezione Marmo di HIMACS, riproduce l\u2019aspetto elegante del marmo con sfumature tenui e decise, unite a venature delicate e definite.","breadcrumb":{"@id":"https:\/\/socialdesignmagazine.com\/mag\/news\/prodotti\/himacs-arricchisce-la-collezione-marmo-con-nuovi-colori-aurora-ispirati-allaurora-boreale\/#breadcrumb"},"inLanguage":"it-IT","potentialAction":[{"@type":"ReadAction","target":["https:\/\/socialdesignmagazine.com\/mag\/news\/prodotti\/himacs-arricchisce-la-collezione-marmo-con-nuovi-colori-aurora-ispirati-allaurora-boreale\/"]}]},{"@type":"ImageObject","inLanguage":"it-IT","@id":"https:\/\/socialdesignmagazine.com\/mag\/news\/prodotti\/himacs-arricchisce-la-collezione-marmo-con-nuovi-colori-aurora-ispirati-allaurora-boreale\/#primaryimage","url":"https:\/\/socialdesignmagazine.com\/mag\/wp-content\/uploads\/2022\/06\/New-Aurora-MOODBOARD.jpg","contentUrl":"https:\/\/socialdesignmagazine.com\/mag\/wp-content\/uploads\/2022\/06\/New-Aurora-MOODBOARD.jpg","width":1200,"height":710},{"@type":"BreadcrumbList","@id":"https:\/\/socialdesignmagazine.com\/mag\/news\/prodotti\/himacs-arricchisce-la-collezione-marmo-con-nuovi-colori-aurora-ispirati-allaurora-boreale\/#breadcrumb","itemListElement":[{"@type":"ListItem","position":1,"name":"Home","item":"https:\/\/socialdesignmagazine.com\/mag\/"},{"@type":"ListItem","position":2,"name":"News","item":"https:\/\/socialdesignmagazine.com\/mag\/news\/"},{"@type":"ListItem","position":3,"name":"Prodotti","item":"https:\/\/socialdesignmagazine.com\/mag\/news\/prodotti\/"},{"@type":"ListItem","position":4,"name":"HIMACS arricchisce la collezione Marmo con nuovi colori Aurora ispirati all\u2019aurora boreale"}]},{"@type":"WebSite","@id":"https:\/\/socialdesignmagazine.com\/mag\/#website","url":"https:\/\/socialdesignmagazine.com\/mag\/","name":"Social Design Magazine","description":"Social Magazine su Design, Architettura, Arte, Grafica","publisher":{"@id":"https:\/\/socialdesignmagazine.com\/mag\/#organization"},"potentialAction":[{"@type":"SearchAction","target":{"@type":"EntryPoint","urlTemplate":"https:\/\/socialdesignmagazine.com\/mag\/?s={search_term_string}"},"query-input":{"@type":"PropertyValueSpecification","valueRequired":true,"valueName":"search_term_string"}}],"inLanguage":"it-IT"},{"@type":"Organization","@id":"https:\/\/socialdesignmagazine.com\/mag\/#organization","name":"Social Design Magazine","url":"https:\/\/socialdesignmagazine.com\/mag\/","logo":{"@type":"ImageObject","inLanguage":"it-IT","@id":"https:\/\/socialdesignmagazine.com\/mag\/#\/schema\/logo\/image\/","url":"https:\/\/socialdesignmagazine.com\/mag\/wp-content\/uploads\/2017\/01\/logo_favicon_11.png","contentUrl":"https:\/\/socialdesignmagazine.com\/mag\/wp-content\/uploads\/2017\/01\/logo_favicon_11.png","width":1024,"height":1024,"caption":"Social Design Magazine"},"image":{"@id":"https:\/\/socialdesignmagazine.com\/mag\/#\/schema\/logo\/image\/"},"sameAs":["https:\/\/www.facebook.com\/socialdesignmag","https:\/\/x.com\/socialdesignmag","http:\/\/instagram.com\/social_design_magazine\/","http:\/\/pinterest.com\/socialdesignmag\/","http:\/\/www.youtube.com\/user\/socialdesignmagazine"]},{"@type":"Person","@id":"https:\/\/socialdesignmagazine.com\/mag\/#\/schema\/person\/61e20205cc363c315e6aabd33a045846","name":"Benedetto Fiori","image":{"@type":"ImageObject","inLanguage":"it-IT","@id":"https:\/\/secure.gravatar.com\/avatar\/450a48cefa36da63d920ad70aa660bd10725b1c6093800242e5efdb397759033?s=96&d=mm&r=g","url":"https:\/\/secure.gravatar.com\/avatar\/450a48cefa36da63d920ad70aa660bd10725b1c6093800242e5efdb397759033?s=96&d=mm&r=g","contentUrl":"https:\/\/secure.gravatar.com\/avatar\/450a48cefa36da63d920ad70aa660bd10725b1c6093800242e5efdb397759033?s=96&d=mm&r=g","caption":"Benedetto Fiori"},"description":"Web | Twitter | Facebook | Shutterstock Founder &amp; Editor in Chief di Social Design Magazine. Attratto da sempre da tutto ci\u00f2 che \u00e8 creativit\u00e0, design, architettura. Dopo aver studiato Architettura all'Universit\u00e0 di Firenze, si \u00e8 impegnato in molteplici campi: comunicazione grafica, progettazione di allestimenti fieristici, brand design, Interior Design.","sameAs":["http:\/\/benedettofiori.com","https:\/\/www.facebook.com\/benedettofiori","https:\/\/x.com\/benedettofiori"],"url":"https:\/\/socialdesignmagazine.com\/mag\/author\/benedetto\/"}]}},"jetpack_featured_media_url":"https:\/\/socialdesignmagazine.com\/mag\/wp-content\/uploads\/2022\/06\/New-Aurora-MOODBOARD.jpg","jetpack_sharing_enabled":true,"jetpack_shortlink":"https:\/\/wp.me\/p6cV7V-bWB","gt_translate_keys":[{"key":"link","format":"url"}],"_links":{"self":[{"href":"https:\/\/socialdesignmagazine.com\/mag\/wp-json\/wp\/v2\/posts\/45917","targetHints":{"allow":["GET"]}}],"collection":[{"href":"https:\/\/socialdesignmagazine.com\/mag\/wp-json\/wp\/v2\/posts"}],"about":[{"href":"https:\/\/socialdesignmagazine.com\/mag\/wp-json\/wp\/v2\/types\/post"}],"author":[{"embeddable":true,"href":"https:\/\/socialdesignmagazine.com\/mag\/wp-json\/wp\/v2\/users\/1"}],"replies":[{"embeddable":true,"href":"https:\/\/socialdesignmagazine.com\/mag\/wp-json\/wp\/v2\/comments?post=45917"}],"version-history":[{"count":2,"href":"https:\/\/socialdesignmagazine.com\/mag\/wp-json\/wp\/v2\/posts\/45917\/revisions"}],"predecessor-version":[{"id":45935,"href":"https:\/\/socialdesignmagazine.com\/mag\/wp-json\/wp\/v2\/posts\/45917\/revisions\/45935"}],"wp:featuredmedia":[{"embeddable":true,"href":"https:\/\/socialdesignmagazine.com\/mag\/wp-json\/wp\/v2\/media\/45933"}],"wp:attachment":[{"href":"https:\/\/socialdesignmagazine.com\/mag\/wp-json\/wp\/v2\/media?parent=45917"}],"wp:term":[{"taxonomy":"category","embeddable":true,"href":"https:\/\/socialdesignmagazine.com\/mag\/wp-json\/wp\/v2\/categories?post=45917"},{"taxonomy":"post_tag","embeddable":true,"href":"https:\/\/socialdesignmagazine.com\/mag\/wp-json\/wp\/v2\/tags?post=45917"}],"curies":[{"name":"wp","href":"https:\/\/api.w.org\/{rel}","templated":true}]}}