{"id":48139,"date":"2023-03-07T14:08:00","date_gmt":"2023-03-07T13:08:00","guid":{"rendered":"https:\/\/socialdesignmagazine.com\/mag\/?p=48139"},"modified":"2023-03-06T20:12:47","modified_gmt":"2023-03-06T19:12:47","slug":"i-designer-italiani-under-35-protagonisti-di-italy-a-new-collective-landscape","status":"publish","type":"post","link":"https:\/\/socialdesignmagazine.com\/mag\/news\/design-news\/i-designer-italiani-under-35-protagonisti-di-italy-a-new-collective-landscape\/","title":{"rendered":"I designer italiani under 35 protagonisti di &#8220;Italy: A New Collective Landscape&#8221;","gt_translate_keys":[{"key":"rendered","format":"text"}]},"content":{"rendered":"\n<p>Il design italiano \u00e8 protagonista di una nuova esposizione al ADI Design Museum. Si tratta della mostra \u201c<strong>Italy: A New Collective Landscape<\/strong>\u201d che presenta i lavori dei <strong>giovani designer under35<\/strong> che si sono cimentati nella sfida di affrontare le problematiche attuali globali, ecologiche e sociali.<\/p>\n\n\n\n<p>La mostra, che sar\u00e0 inaugurata il 3 aprile in occasione della prossima edizione del Salone del Mobile, \u00e8 curata da Angela Rui, con Elisabetta Donati de Conti e Matilde Losi, e ha il progetto grafico di Alice Zani con Paola Bombelli e l\u2019allestimento dello studio Parasite 2.0. La selezione dei giovani designer \u00e8 stata fatta attraverso una open call alla quale hanno partecipato oltre trecento progettisti.<\/p>\n\n\n\n<p>La mostra si sviluppa attorno ai progetti, ai prodotti e alle nuove pratiche dei designer che sono impegnati a cogliere le sfide della crisi climatica e delle conseguenze che questa ha sulla realt\u00e0. Si tratta di una mostra-programma che vuole evidenziare la dimensione politica del design e il suo ruolo come strumento di transizione e ponte tra i mondi della cultura, della scienza e dell\u2019industria.<\/p>\n\n\n\n<p>La mostra inizia con un focus sulla dimensione domestica e sugli oggetti che la costruiscono, per poi approfondire le diverse tematiche scelte, quali il design rigenerativo, il design relazionale e il design sistemico. Lo spazio espositivo \u00e8 pensato come inclusivo, attraversabile, fluido e attivo, e gli oggetti sono arricchiti da materiali di indagine, ricerca e prototipazione.<\/p>\n\n\n\n<p>Inoltre, la mostra prevede workshop, reading e screening, oltre che sessioni partecipative, che danno vita a un public program dedicato.<\/p>\n\n\n\n<p>La mostra \u00e8 stata realizzata grazie alla sponsorizzazione di Intesa San Paolo e al contributo di Fondazione Cariplo.<\/p>\n\n\n\n<p>\u201cItaly: A New Collective Landscape\u201d vuole rappresentare il contesto creativo italiano che sta cercando di ridefinire il ruolo del design, immaginando nuovi strumenti progettuali non solo in relazione al mondo industriale ma come nuove fabbriche produttive, dove il design diventa strumento di transizione e ponte tra i mondi della cultura, della scienza e dell\u2019industria.<\/p>\n\n\n\n<figure class=\"wp-block-gallery has-nested-images columns-1 is-cropped wp-block-gallery-1 is-layout-flex wp-block-gallery-is-layout-flex\">\n<figure class=\"wp-block-image size-large\"><img loading=\"lazy\" decoding=\"async\" width=\"1024\" height=\"1246\" data-attachment-id=\"48140\" data-permalink=\"https:\/\/socialdesignmagazine.com\/mag\/news\/design-news\/i-designer-italiani-under-35-protagonisti-di-italy-a-new-collective-landscape\/attachment\/sara-bozzini-i-miss-you\/#content\" data-orig-file=\"https:\/\/socialdesignmagazine.com\/mag\/wp-content\/uploads\/2023\/03\/01_Sara-Bozzini_I-miss-you.jpg\" data-orig-size=\"1200,1460\" data-comments-opened=\"1\" data-image-meta=\"{&quot;aperture&quot;:&quot;0&quot;,&quot;credit&quot;:&quot;&quot;,&quot;camera&quot;:&quot;&quot;,&quot;caption&quot;:&quot;Sara Bozzini, I Miss You&quot;,&quot;created_timestamp&quot;:&quot;0&quot;,&quot;copyright&quot;:&quot;&quot;,&quot;focal_length&quot;:&quot;0&quot;,&quot;iso&quot;:&quot;0&quot;,&quot;shutter_speed&quot;:&quot;0&quot;,&quot;title&quot;:&quot;Sara Bozzini, I Miss You&quot;,&quot;orientation&quot;:&quot;0&quot;}\" data-image-title=\"Sara Bozzini I miss you\" data-image-description=\"\" data-image-caption=\"&lt;p&gt;Sara Bozzini, I Miss You&lt;\/p&gt;\n\" data-medium-file=\"https:\/\/socialdesignmagazine.com\/mag\/wp-content\/uploads\/2023\/03\/01_Sara-Bozzini_I-miss-you-438x283.jpg\" data-large-file=\"https:\/\/socialdesignmagazine.com\/mag\/wp-content\/uploads\/2023\/03\/01_Sara-Bozzini_I-miss-you-1024x1246.jpg\" data-id=\"48140\" src=\"https:\/\/socialdesignmagazine.com\/mag\/wp-content\/uploads\/2023\/03\/01_Sara-Bozzini_I-miss-you-1024x1246.jpg\" alt=\"Sara Bozzini I miss you\" class=\"wp-image-48140\" srcset=\"https:\/\/socialdesignmagazine.com\/mag\/wp-content\/uploads\/2023\/03\/01_Sara-Bozzini_I-miss-you-1024x1246.jpg 1024w, https:\/\/socialdesignmagazine.com\/mag\/wp-content\/uploads\/2023\/03\/01_Sara-Bozzini_I-miss-you-768x934.jpg 768w, https:\/\/socialdesignmagazine.com\/mag\/wp-content\/uploads\/2023\/03\/01_Sara-Bozzini_I-miss-you.jpg 1200w\" sizes=\"auto, (max-width: 1024px) 100vw, 1024px\" \/><figcaption class=\"wp-element-caption\">Sara Bozzini, I Miss You<\/figcaption><\/figure>\n\n\n\n<figure class=\"wp-block-image size-large\"><img loading=\"lazy\" decoding=\"async\" width=\"1024\" height=\"640\" data-attachment-id=\"48142\" data-permalink=\"https:\/\/socialdesignmagazine.com\/mag\/news\/design-news\/i-designer-italiani-under-35-protagonisti-di-italy-a-new-collective-landscape\/attachment\/francesca-tambussi-hyperburgers\/#content\" data-orig-file=\"https:\/\/socialdesignmagazine.com\/mag\/wp-content\/uploads\/2023\/03\/02_Francesca-Tambussi_Hyperburgers.jpg\" data-orig-size=\"1200,750\" data-comments-opened=\"1\" data-image-meta=\"{&quot;aperture&quot;:&quot;0&quot;,&quot;credit&quot;:&quot;&quot;,&quot;camera&quot;:&quot;&quot;,&quot;caption&quot;:&quot;Francesca Tambussi, Hyperburgers&quot;,&quot;created_timestamp&quot;:&quot;0&quot;,&quot;copyright&quot;:&quot;&quot;,&quot;focal_length&quot;:&quot;0&quot;,&quot;iso&quot;:&quot;0&quot;,&quot;shutter_speed&quot;:&quot;0&quot;,&quot;title&quot;:&quot;Francesca Tambussi, Hyperburgers&quot;,&quot;orientation&quot;:&quot;0&quot;}\" data-image-title=\"Francesca Tambussi Hyperburgers\" data-image-description=\"\" data-image-caption=\"&lt;p&gt;Francesca Tambussi, Hyperburgers&lt;\/p&gt;\n\" data-medium-file=\"https:\/\/socialdesignmagazine.com\/mag\/wp-content\/uploads\/2023\/03\/02_Francesca-Tambussi_Hyperburgers-438x283.jpg\" data-large-file=\"https:\/\/socialdesignmagazine.com\/mag\/wp-content\/uploads\/2023\/03\/02_Francesca-Tambussi_Hyperburgers-1024x640.jpg\" data-id=\"48142\" src=\"https:\/\/socialdesignmagazine.com\/mag\/wp-content\/uploads\/2023\/03\/02_Francesca-Tambussi_Hyperburgers-1024x640.jpg\" alt=\"Francesca Tambussi Hyperburgers\" class=\"wp-image-48142\" srcset=\"https:\/\/socialdesignmagazine.com\/mag\/wp-content\/uploads\/2023\/03\/02_Francesca-Tambussi_Hyperburgers-1024x640.jpg 1024w, https:\/\/socialdesignmagazine.com\/mag\/wp-content\/uploads\/2023\/03\/02_Francesca-Tambussi_Hyperburgers-768x480.jpg 768w, https:\/\/socialdesignmagazine.com\/mag\/wp-content\/uploads\/2023\/03\/02_Francesca-Tambussi_Hyperburgers.jpg 1200w\" sizes=\"auto, (max-width: 1024px) 100vw, 1024px\" \/><figcaption class=\"wp-element-caption\">Francesca Tambussi, Hyperburgers<\/figcaption><\/figure>\n\n\n\n<figure class=\"wp-block-image size-large\"><img loading=\"lazy\" decoding=\"async\" width=\"1024\" height=\"630\" data-attachment-id=\"48146\" data-permalink=\"https:\/\/socialdesignmagazine.com\/mag\/news\/design-news\/i-designer-italiani-under-35-protagonisti-di-italy-a-new-collective-landscape\/attachment\/rayon-vert-con-slam-jam-the-wisdom-of-the-third-wave\/#content\" data-orig-file=\"https:\/\/socialdesignmagazine.com\/mag\/wp-content\/uploads\/2023\/03\/03_Rayon-Vert-con-Slam-Jam_The-Wisdom-of-the-Third-Wave.jpg\" data-orig-size=\"1200,738\" data-comments-opened=\"1\" data-image-meta=\"{&quot;aperture&quot;:&quot;0&quot;,&quot;credit&quot;:&quot;&quot;,&quot;camera&quot;:&quot;&quot;,&quot;caption&quot;:&quot;Rayon Vert con Slam Jam, The Wisdom of the Third Wave&quot;,&quot;created_timestamp&quot;:&quot;0&quot;,&quot;copyright&quot;:&quot;&quot;,&quot;focal_length&quot;:&quot;0&quot;,&quot;iso&quot;:&quot;0&quot;,&quot;shutter_speed&quot;:&quot;0&quot;,&quot;title&quot;:&quot;Rayon Vert con Slam Jam, The Wisdom of the Third Wave&quot;,&quot;orientation&quot;:&quot;0&quot;}\" data-image-title=\"Rayon Vert con Slam Jam The Wisdom of the Third Wave\" data-image-description=\"\" data-image-caption=\"&lt;p&gt;Rayon Vert con Slam Jam, The Wisdom of the Third Wave&lt;\/p&gt;\n\" data-medium-file=\"https:\/\/socialdesignmagazine.com\/mag\/wp-content\/uploads\/2023\/03\/03_Rayon-Vert-con-Slam-Jam_The-Wisdom-of-the-Third-Wave-438x283.jpg\" data-large-file=\"https:\/\/socialdesignmagazine.com\/mag\/wp-content\/uploads\/2023\/03\/03_Rayon-Vert-con-Slam-Jam_The-Wisdom-of-the-Third-Wave-1024x630.jpg\" data-id=\"48146\" src=\"https:\/\/socialdesignmagazine.com\/mag\/wp-content\/uploads\/2023\/03\/03_Rayon-Vert-con-Slam-Jam_The-Wisdom-of-the-Third-Wave-1024x630.jpg\" alt=\"Rayon Vert con Slam Jam The Wisdom of the Third Wave\" class=\"wp-image-48146\" srcset=\"https:\/\/socialdesignmagazine.com\/mag\/wp-content\/uploads\/2023\/03\/03_Rayon-Vert-con-Slam-Jam_The-Wisdom-of-the-Third-Wave-1024x630.jpg 1024w, https:\/\/socialdesignmagazine.com\/mag\/wp-content\/uploads\/2023\/03\/03_Rayon-Vert-con-Slam-Jam_The-Wisdom-of-the-Third-Wave-768x472.jpg 768w, https:\/\/socialdesignmagazine.com\/mag\/wp-content\/uploads\/2023\/03\/03_Rayon-Vert-con-Slam-Jam_The-Wisdom-of-the-Third-Wave.jpg 1200w\" sizes=\"auto, (max-width: 1024px) 100vw, 1024px\" \/><figcaption class=\"wp-element-caption\">Rayon Vert con Slam Jam, The Wisdom of the Third Wave<\/figcaption><\/figure>\n\n\n\n<figure class=\"wp-block-image size-large\"><img loading=\"lazy\" decoding=\"async\" width=\"1024\" height=\"1364\" data-attachment-id=\"48148\" data-permalink=\"https:\/\/socialdesignmagazine.com\/mag\/news\/design-news\/i-designer-italiani-under-35-protagonisti-di-italy-a-new-collective-landscape\/attachment\/groovido-prophecies-of-dust-ph-mathijs-labadie\/#content\" data-orig-file=\"https:\/\/socialdesignmagazine.com\/mag\/wp-content\/uploads\/2023\/03\/04_GROOVIDO_Prophecies-of-Dust_ph.Mathijs-Labadie.jpeg\" data-orig-size=\"1200,1598\" data-comments-opened=\"1\" data-image-meta=\"{&quot;aperture&quot;:&quot;0&quot;,&quot;credit&quot;:&quot;&quot;,&quot;camera&quot;:&quot;&quot;,&quot;caption&quot;:&quot;GROOVIDO, Prophecies of Dust, ph. Mathijs Labadie&quot;,&quot;created_timestamp&quot;:&quot;0&quot;,&quot;copyright&quot;:&quot;&quot;,&quot;focal_length&quot;:&quot;0&quot;,&quot;iso&quot;:&quot;0&quot;,&quot;shutter_speed&quot;:&quot;0&quot;,&quot;title&quot;:&quot;GROOVIDO, Prophecies of Dust, ph. Mathijs Labadie&quot;,&quot;orientation&quot;:&quot;0&quot;}\" data-image-title=\"GROOVIDO Prophecies of Dust ph.Mathijs Labadie\" data-image-description=\"\" data-image-caption=\"&lt;p&gt;GROOVIDO, Prophecies of Dust, ph. Mathijs Labadie&lt;\/p&gt;\n\" data-medium-file=\"https:\/\/socialdesignmagazine.com\/mag\/wp-content\/uploads\/2023\/03\/04_GROOVIDO_Prophecies-of-Dust_ph.Mathijs-Labadie-438x283.jpeg\" data-large-file=\"https:\/\/socialdesignmagazine.com\/mag\/wp-content\/uploads\/2023\/03\/04_GROOVIDO_Prophecies-of-Dust_ph.Mathijs-Labadie-1024x1364.jpeg\" data-id=\"48148\" src=\"https:\/\/socialdesignmagazine.com\/mag\/wp-content\/uploads\/2023\/03\/04_GROOVIDO_Prophecies-of-Dust_ph.Mathijs-Labadie-1024x1364.jpeg\" alt=\"GROOVIDO Prophecies of Dust ph.Mathijs Labadie\" class=\"wp-image-48148\" srcset=\"https:\/\/socialdesignmagazine.com\/mag\/wp-content\/uploads\/2023\/03\/04_GROOVIDO_Prophecies-of-Dust_ph.Mathijs-Labadie-1024x1364.jpeg 1024w, https:\/\/socialdesignmagazine.com\/mag\/wp-content\/uploads\/2023\/03\/04_GROOVIDO_Prophecies-of-Dust_ph.Mathijs-Labadie-768x1023.jpeg 768w, https:\/\/socialdesignmagazine.com\/mag\/wp-content\/uploads\/2023\/03\/04_GROOVIDO_Prophecies-of-Dust_ph.Mathijs-Labadie-1153x1536.jpeg 1153w, https:\/\/socialdesignmagazine.com\/mag\/wp-content\/uploads\/2023\/03\/04_GROOVIDO_Prophecies-of-Dust_ph.Mathijs-Labadie.jpeg 1200w\" sizes=\"auto, (max-width: 1024px) 100vw, 1024px\" \/><figcaption class=\"wp-element-caption\">GROOVIDO, Prophecies of Dust, ph. Mathijs Labadie<\/figcaption><\/figure>\n\n\n\n<figure class=\"wp-block-image size-large\"><img loading=\"lazy\" decoding=\"async\" width=\"1024\" height=\"1022\" data-attachment-id=\"48150\" data-permalink=\"https:\/\/socialdesignmagazine.com\/mag\/news\/design-news\/i-designer-italiani-under-35-protagonisti-di-italy-a-new-collective-landscape\/attachment\/studio-ossidiana-furniture-for-a-human-and-a-parrot-ph-riccardo-de-vecchi\/#content\" data-orig-file=\"https:\/\/socialdesignmagazine.com\/mag\/wp-content\/uploads\/2023\/03\/05_Studio-Ossidiana_Furniture-for-a-Human-and-a-Parrot-ph.Riccardo-de-Vecchi.jpg\" data-orig-size=\"1200,1198\" data-comments-opened=\"1\" data-image-meta=\"{&quot;aperture&quot;:&quot;0&quot;,&quot;credit&quot;:&quot;&quot;,&quot;camera&quot;:&quot;&quot;,&quot;caption&quot;:&quot;Studio Ossidiana, Furniture for a Human and a Parrot, ph. Riccardo De Vecchi&quot;,&quot;created_timestamp&quot;:&quot;0&quot;,&quot;copyright&quot;:&quot;&quot;,&quot;focal_length&quot;:&quot;0&quot;,&quot;iso&quot;:&quot;0&quot;,&quot;shutter_speed&quot;:&quot;0&quot;,&quot;title&quot;:&quot;Studio Ossidiana, Furniture for a Human and a Parrot, ph. Riccardo De Vecchi&quot;,&quot;orientation&quot;:&quot;0&quot;}\" data-image-title=\"Studio Ossidiana Furniture for a Human and a Parrot ph.Riccardo de Vecchi\" data-image-description=\"\" data-image-caption=\"&lt;p&gt;Studio Ossidiana, Furniture for a Human and a Parrot, ph. Riccardo De Vecchi&lt;\/p&gt;\n\" data-medium-file=\"https:\/\/socialdesignmagazine.com\/mag\/wp-content\/uploads\/2023\/03\/05_Studio-Ossidiana_Furniture-for-a-Human-and-a-Parrot-ph.Riccardo-de-Vecchi-438x283.jpg\" data-large-file=\"https:\/\/socialdesignmagazine.com\/mag\/wp-content\/uploads\/2023\/03\/05_Studio-Ossidiana_Furniture-for-a-Human-and-a-Parrot-ph.Riccardo-de-Vecchi-1024x1022.jpg\" data-id=\"48150\" src=\"https:\/\/socialdesignmagazine.com\/mag\/wp-content\/uploads\/2023\/03\/05_Studio-Ossidiana_Furniture-for-a-Human-and-a-Parrot-ph.Riccardo-de-Vecchi-1024x1022.jpg\" alt=\"Studio Ossidiana Furniture for a Human and a Parrot ph.Riccardo de Vecchi\" class=\"wp-image-48150\" srcset=\"https:\/\/socialdesignmagazine.com\/mag\/wp-content\/uploads\/2023\/03\/05_Studio-Ossidiana_Furniture-for-a-Human-and-a-Parrot-ph.Riccardo-de-Vecchi-1024x1022.jpg 1024w, https:\/\/socialdesignmagazine.com\/mag\/wp-content\/uploads\/2023\/03\/05_Studio-Ossidiana_Furniture-for-a-Human-and-a-Parrot-ph.Riccardo-de-Vecchi-768x767.jpg 768w, https:\/\/socialdesignmagazine.com\/mag\/wp-content\/uploads\/2023\/03\/05_Studio-Ossidiana_Furniture-for-a-Human-and-a-Parrot-ph.Riccardo-de-Vecchi.jpg 1200w\" sizes=\"auto, (max-width: 1024px) 100vw, 1024px\" \/><figcaption class=\"wp-element-caption\">Studio Ossidiana, Furniture for a Human and a Parrot, ph. Riccardo De Vecchi<\/figcaption><\/figure>\n\n\n\n<figure class=\"wp-block-image size-large\"><img loading=\"lazy\" decoding=\"async\" width=\"1024\" height=\"574\" data-attachment-id=\"48149\" data-permalink=\"https:\/\/socialdesignmagazine.com\/mag\/news\/design-news\/i-designer-italiani-under-35-protagonisti-di-italy-a-new-collective-landscape\/attachment\/martina-muzi-diamond-model\/#content\" data-orig-file=\"https:\/\/socialdesignmagazine.com\/mag\/wp-content\/uploads\/2023\/03\/06_Martina-Muzi_Diamond-Model.jpg\" data-orig-size=\"1200,673\" data-comments-opened=\"1\" data-image-meta=\"{&quot;aperture&quot;:&quot;0&quot;,&quot;credit&quot;:&quot;&quot;,&quot;camera&quot;:&quot;&quot;,&quot;caption&quot;:&quot;Martina Muzi, Diamond Model&quot;,&quot;created_timestamp&quot;:&quot;0&quot;,&quot;copyright&quot;:&quot;&quot;,&quot;focal_length&quot;:&quot;0&quot;,&quot;iso&quot;:&quot;0&quot;,&quot;shutter_speed&quot;:&quot;0&quot;,&quot;title&quot;:&quot;Martina Muzi, Diamond Model&quot;,&quot;orientation&quot;:&quot;0&quot;}\" data-image-title=\"Martina Muzi Diamond Model\" data-image-description=\"\" data-image-caption=\"&lt;p&gt;Martina Muzi, Diamond Model&lt;\/p&gt;\n\" data-medium-file=\"https:\/\/socialdesignmagazine.com\/mag\/wp-content\/uploads\/2023\/03\/06_Martina-Muzi_Diamond-Model-438x283.jpg\" data-large-file=\"https:\/\/socialdesignmagazine.com\/mag\/wp-content\/uploads\/2023\/03\/06_Martina-Muzi_Diamond-Model-1024x574.jpg\" data-id=\"48149\" src=\"https:\/\/socialdesignmagazine.com\/mag\/wp-content\/uploads\/2023\/03\/06_Martina-Muzi_Diamond-Model-1024x574.jpg\" alt=\"Martina Muzi Diamond Model\" class=\"wp-image-48149\" srcset=\"https:\/\/socialdesignmagazine.com\/mag\/wp-content\/uploads\/2023\/03\/06_Martina-Muzi_Diamond-Model-1024x574.jpg 1024w, https:\/\/socialdesignmagazine.com\/mag\/wp-content\/uploads\/2023\/03\/06_Martina-Muzi_Diamond-Model-768x431.jpg 768w, https:\/\/socialdesignmagazine.com\/mag\/wp-content\/uploads\/2023\/03\/06_Martina-Muzi_Diamond-Model.jpg 1200w\" sizes=\"auto, (max-width: 1024px) 100vw, 1024px\" \/><figcaption class=\"wp-element-caption\">Martina Muzi, Diamond Model<\/figcaption><\/figure>\n\n\n\n<figure class=\"wp-block-image size-large\"><img loading=\"lazy\" decoding=\"async\" width=\"1024\" height=\"724\" data-attachment-id=\"48147\" data-permalink=\"https:\/\/socialdesignmagazine.com\/mag\/news\/design-news\/i-designer-italiani-under-35-protagonisti-di-italy-a-new-collective-landscape\/attachment\/giorgia-bandiera-a-quest-into-colour\/#content\" data-orig-file=\"https:\/\/socialdesignmagazine.com\/mag\/wp-content\/uploads\/2023\/03\/07_Giorgia-Bandiera-_A-Quest-into-Colour.jpg\" data-orig-size=\"1200,848\" data-comments-opened=\"1\" data-image-meta=\"{&quot;aperture&quot;:&quot;0&quot;,&quot;credit&quot;:&quot;&quot;,&quot;camera&quot;:&quot;&quot;,&quot;caption&quot;:&quot;Giorgia Bandiera, A Quest into Colour&quot;,&quot;created_timestamp&quot;:&quot;0&quot;,&quot;copyright&quot;:&quot;&quot;,&quot;focal_length&quot;:&quot;0&quot;,&quot;iso&quot;:&quot;0&quot;,&quot;shutter_speed&quot;:&quot;0&quot;,&quot;title&quot;:&quot;Giorgia Bandiera, A Quest into Colour&quot;,&quot;orientation&quot;:&quot;0&quot;}\" data-image-title=\"Giorgia Bandiera A Quest into Colour\" data-image-description=\"\" data-image-caption=\"&lt;p&gt;Giorgia Bandiera, A Quest into Colour&lt;\/p&gt;\n\" data-medium-file=\"https:\/\/socialdesignmagazine.com\/mag\/wp-content\/uploads\/2023\/03\/07_Giorgia-Bandiera-_A-Quest-into-Colour-438x283.jpg\" data-large-file=\"https:\/\/socialdesignmagazine.com\/mag\/wp-content\/uploads\/2023\/03\/07_Giorgia-Bandiera-_A-Quest-into-Colour-1024x724.jpg\" data-id=\"48147\" src=\"https:\/\/socialdesignmagazine.com\/mag\/wp-content\/uploads\/2023\/03\/07_Giorgia-Bandiera-_A-Quest-into-Colour-1024x724.jpg\" alt=\"Giorgia Bandiera A Quest into Colour\" class=\"wp-image-48147\" srcset=\"https:\/\/socialdesignmagazine.com\/mag\/wp-content\/uploads\/2023\/03\/07_Giorgia-Bandiera-_A-Quest-into-Colour-1024x724.jpg 1024w, https:\/\/socialdesignmagazine.com\/mag\/wp-content\/uploads\/2023\/03\/07_Giorgia-Bandiera-_A-Quest-into-Colour-768x543.jpg 768w, https:\/\/socialdesignmagazine.com\/mag\/wp-content\/uploads\/2023\/03\/07_Giorgia-Bandiera-_A-Quest-into-Colour.jpg 1200w\" sizes=\"auto, (max-width: 1024px) 100vw, 1024px\" \/><figcaption class=\"wp-element-caption\">Giorgia Bandiera, A Quest into Colour<\/figcaption><\/figure>\n\n\n\n<figure class=\"wp-block-image size-large\"><img loading=\"lazy\" decoding=\"async\" width=\"1024\" height=\"494\" data-attachment-id=\"48143\" data-permalink=\"https:\/\/socialdesignmagazine.com\/mag\/news\/design-news\/i-designer-italiani-under-35-protagonisti-di-italy-a-new-collective-landscape\/attachment\/marco-da-re-alta-quanto\/#content\" data-orig-file=\"https:\/\/socialdesignmagazine.com\/mag\/wp-content\/uploads\/2023\/03\/08_Marco-Da-Re_Alta-Quanto.jpg\" data-orig-size=\"1200,579\" data-comments-opened=\"1\" data-image-meta=\"{&quot;aperture&quot;:&quot;0&quot;,&quot;credit&quot;:&quot;&quot;,&quot;camera&quot;:&quot;&quot;,&quot;caption&quot;:&quot;Marco Da Re, Alta Quanto&quot;,&quot;created_timestamp&quot;:&quot;0&quot;,&quot;copyright&quot;:&quot;&quot;,&quot;focal_length&quot;:&quot;0&quot;,&quot;iso&quot;:&quot;0&quot;,&quot;shutter_speed&quot;:&quot;0&quot;,&quot;title&quot;:&quot;Marco Da Re, Alta Quanto&quot;,&quot;orientation&quot;:&quot;0&quot;}\" data-image-title=\"Marco Da Re Alta Quanto\" data-image-description=\"\" data-image-caption=\"&lt;p&gt;Marco Da Re, Alta Quanto&lt;\/p&gt;\n\" data-medium-file=\"https:\/\/socialdesignmagazine.com\/mag\/wp-content\/uploads\/2023\/03\/08_Marco-Da-Re_Alta-Quanto-438x283.jpg\" data-large-file=\"https:\/\/socialdesignmagazine.com\/mag\/wp-content\/uploads\/2023\/03\/08_Marco-Da-Re_Alta-Quanto-1024x494.jpg\" data-id=\"48143\" src=\"https:\/\/socialdesignmagazine.com\/mag\/wp-content\/uploads\/2023\/03\/08_Marco-Da-Re_Alta-Quanto-1024x494.jpg\" alt=\"Marco Da Re Alta Quanto\" class=\"wp-image-48143\" srcset=\"https:\/\/socialdesignmagazine.com\/mag\/wp-content\/uploads\/2023\/03\/08_Marco-Da-Re_Alta-Quanto-1024x494.jpg 1024w, https:\/\/socialdesignmagazine.com\/mag\/wp-content\/uploads\/2023\/03\/08_Marco-Da-Re_Alta-Quanto-768x371.jpg 768w, https:\/\/socialdesignmagazine.com\/mag\/wp-content\/uploads\/2023\/03\/08_Marco-Da-Re_Alta-Quanto.jpg 1200w\" sizes=\"auto, (max-width: 1024px) 100vw, 1024px\" \/><figcaption class=\"wp-element-caption\">Marco Da Re, Alta Quanto<\/figcaption><\/figure>\n\n\n\n<figure class=\"wp-block-image size-large\"><img loading=\"lazy\" decoding=\"async\" width=\"1024\" height=\"576\" data-attachment-id=\"48141\" data-permalink=\"https:\/\/socialdesignmagazine.com\/mag\/news\/design-news\/i-designer-italiani-under-35-protagonisti-di-italy-a-new-collective-landscape\/attachment\/line-culture-when-attitudes-become-form\/#content\" data-orig-file=\"https:\/\/socialdesignmagazine.com\/mag\/wp-content\/uploads\/2023\/03\/09_Line-Culture_When-Attitudes-Become-Form.jpg\" data-orig-size=\"1200,675\" data-comments-opened=\"1\" data-image-meta=\"{&quot;aperture&quot;:&quot;0&quot;,&quot;credit&quot;:&quot;&quot;,&quot;camera&quot;:&quot;&quot;,&quot;caption&quot;:&quot;Line Culture, When Attitudes Become Form&quot;,&quot;created_timestamp&quot;:&quot;0&quot;,&quot;copyright&quot;:&quot;&quot;,&quot;focal_length&quot;:&quot;0&quot;,&quot;iso&quot;:&quot;0&quot;,&quot;shutter_speed&quot;:&quot;0&quot;,&quot;title&quot;:&quot;Line Culture, When Attitudes Become Form&quot;,&quot;orientation&quot;:&quot;0&quot;}\" data-image-title=\"Line Culture When Attitudes Become Form\" data-image-description=\"\" data-image-caption=\"&lt;p&gt;Line Culture, When Attitudes Become Form&lt;\/p&gt;\n\" data-medium-file=\"https:\/\/socialdesignmagazine.com\/mag\/wp-content\/uploads\/2023\/03\/09_Line-Culture_When-Attitudes-Become-Form-438x283.jpg\" data-large-file=\"https:\/\/socialdesignmagazine.com\/mag\/wp-content\/uploads\/2023\/03\/09_Line-Culture_When-Attitudes-Become-Form-1024x576.jpg\" data-id=\"48141\" src=\"https:\/\/socialdesignmagazine.com\/mag\/wp-content\/uploads\/2023\/03\/09_Line-Culture_When-Attitudes-Become-Form-1024x576.jpg\" alt=\"Line Culture When Attitudes Become Form\" class=\"wp-image-48141\" srcset=\"https:\/\/socialdesignmagazine.com\/mag\/wp-content\/uploads\/2023\/03\/09_Line-Culture_When-Attitudes-Become-Form-1024x576.jpg 1024w, https:\/\/socialdesignmagazine.com\/mag\/wp-content\/uploads\/2023\/03\/09_Line-Culture_When-Attitudes-Become-Form-768x432.jpg 768w, https:\/\/socialdesignmagazine.com\/mag\/wp-content\/uploads\/2023\/03\/09_Line-Culture_When-Attitudes-Become-Form.jpg 1200w\" sizes=\"auto, (max-width: 1024px) 100vw, 1024px\" \/><figcaption class=\"wp-element-caption\">Line Culture, When Attitudes Become Form<\/figcaption><\/figure>\n\n\n\n<figure class=\"wp-block-image size-large\"><img loading=\"lazy\" decoding=\"async\" width=\"1024\" height=\"1536\" data-attachment-id=\"48145\" data-permalink=\"https:\/\/socialdesignmagazine.com\/mag\/news\/design-news\/i-designer-italiani-under-35-protagonisti-di-italy-a-new-collective-landscape\/attachment\/eleonora-toniolo-the-desert-it-opposes-ph-femke-reijerman\/#content\" data-orig-file=\"https:\/\/socialdesignmagazine.com\/mag\/wp-content\/uploads\/2023\/03\/10_Eleonora-Toniolo_The-Desert-It-Opposes_ph.Femke-Reijerman.jpg\" data-orig-size=\"1200,1800\" data-comments-opened=\"1\" data-image-meta=\"{&quot;aperture&quot;:&quot;0&quot;,&quot;credit&quot;:&quot;&quot;,&quot;camera&quot;:&quot;&quot;,&quot;caption&quot;:&quot;Eleonora Toniolo, The Desert It Opposes, ph. Femke Reijerman&quot;,&quot;created_timestamp&quot;:&quot;0&quot;,&quot;copyright&quot;:&quot;&quot;,&quot;focal_length&quot;:&quot;0&quot;,&quot;iso&quot;:&quot;0&quot;,&quot;shutter_speed&quot;:&quot;0&quot;,&quot;title&quot;:&quot;Eleonora Toniolo, The Desert It Opposes, ph. Femke Reijerman&quot;,&quot;orientation&quot;:&quot;0&quot;}\" data-image-title=\"Eleonora Toniolo The Desert It Opposes ph.Femke Reijerman\" data-image-description=\"\" data-image-caption=\"&lt;p&gt;Eleonora Toniolo, The Desert It Opposes, ph. Femke Reijerman&lt;\/p&gt;\n\" data-medium-file=\"https:\/\/socialdesignmagazine.com\/mag\/wp-content\/uploads\/2023\/03\/10_Eleonora-Toniolo_The-Desert-It-Opposes_ph.Femke-Reijerman-438x283.jpg\" data-large-file=\"https:\/\/socialdesignmagazine.com\/mag\/wp-content\/uploads\/2023\/03\/10_Eleonora-Toniolo_The-Desert-It-Opposes_ph.Femke-Reijerman-1024x1536.jpg\" data-id=\"48145\" src=\"https:\/\/socialdesignmagazine.com\/mag\/wp-content\/uploads\/2023\/03\/10_Eleonora-Toniolo_The-Desert-It-Opposes_ph.Femke-Reijerman-1024x1536.jpg\" alt=\"Eleonora Toniolo The Desert It Opposes ph.Femke Reijerman\" class=\"wp-image-48145\" srcset=\"https:\/\/socialdesignmagazine.com\/mag\/wp-content\/uploads\/2023\/03\/10_Eleonora-Toniolo_The-Desert-It-Opposes_ph.Femke-Reijerman-1024x1536.jpg 1024w, https:\/\/socialdesignmagazine.com\/mag\/wp-content\/uploads\/2023\/03\/10_Eleonora-Toniolo_The-Desert-It-Opposes_ph.Femke-Reijerman-768x1152.jpg 768w, https:\/\/socialdesignmagazine.com\/mag\/wp-content\/uploads\/2023\/03\/10_Eleonora-Toniolo_The-Desert-It-Opposes_ph.Femke-Reijerman.jpg 1200w\" sizes=\"auto, (max-width: 1024px) 100vw, 1024px\" \/><figcaption class=\"wp-element-caption\">Eleonora Toniolo, The Desert It Opposes, ph. Femke Reijerman<\/figcaption><\/figure>\n\n\n\n<figure class=\"wp-block-image size-large\"><img loading=\"lazy\" decoding=\"async\" width=\"1024\" height=\"1280\" data-attachment-id=\"48144\" data-permalink=\"https:\/\/socialdesignmagazine.com\/mag\/news\/design-news\/i-designer-italiani-under-35-protagonisti-di-italy-a-new-collective-landscape\/attachment\/guglielmo-brambilla-excavation-series\/#content\" data-orig-file=\"https:\/\/socialdesignmagazine.com\/mag\/wp-content\/uploads\/2023\/03\/11_Guglielmo-Brambilla_Excavation-Series.jpg\" data-orig-size=\"1200,1500\" data-comments-opened=\"1\" data-image-meta=\"{&quot;aperture&quot;:&quot;0&quot;,&quot;credit&quot;:&quot;&quot;,&quot;camera&quot;:&quot;&quot;,&quot;caption&quot;:&quot;Guglielmo Brambilla, Excavation Series&quot;,&quot;created_timestamp&quot;:&quot;0&quot;,&quot;copyright&quot;:&quot;&quot;,&quot;focal_length&quot;:&quot;0&quot;,&quot;iso&quot;:&quot;0&quot;,&quot;shutter_speed&quot;:&quot;0&quot;,&quot;title&quot;:&quot;Guglielmo Brambilla, Excavation Series&quot;,&quot;orientation&quot;:&quot;0&quot;}\" data-image-title=\"Guglielmo Brambilla Excavation Series\" data-image-description=\"\" data-image-caption=\"&lt;p&gt;Guglielmo Brambilla, Excavation Series&lt;\/p&gt;\n\" data-medium-file=\"https:\/\/socialdesignmagazine.com\/mag\/wp-content\/uploads\/2023\/03\/11_Guglielmo-Brambilla_Excavation-Series-438x283.jpg\" data-large-file=\"https:\/\/socialdesignmagazine.com\/mag\/wp-content\/uploads\/2023\/03\/11_Guglielmo-Brambilla_Excavation-Series-1024x1280.jpg\" data-id=\"48144\" src=\"https:\/\/socialdesignmagazine.com\/mag\/wp-content\/uploads\/2023\/03\/11_Guglielmo-Brambilla_Excavation-Series-1024x1280.jpg\" alt=\"Guglielmo Brambilla Excavation Series\" class=\"wp-image-48144\" srcset=\"https:\/\/socialdesignmagazine.com\/mag\/wp-content\/uploads\/2023\/03\/11_Guglielmo-Brambilla_Excavation-Series-1024x1280.jpg 1024w, https:\/\/socialdesignmagazine.com\/mag\/wp-content\/uploads\/2023\/03\/11_Guglielmo-Brambilla_Excavation-Series-768x960.jpg 768w, https:\/\/socialdesignmagazine.com\/mag\/wp-content\/uploads\/2023\/03\/11_Guglielmo-Brambilla_Excavation-Series.jpg 1200w\" sizes=\"auto, (max-width: 1024px) 100vw, 1024px\" \/><figcaption class=\"wp-element-caption\">Guglielmo Brambilla, Excavation Series<\/figcaption><\/figure>\n\n\n\n<figure class=\"wp-block-image size-large\"><img loading=\"lazy\" decoding=\"async\" width=\"1024\" height=\"1536\" data-attachment-id=\"48151\" data-permalink=\"https:\/\/socialdesignmagazine.com\/mag\/news\/design-news\/i-designer-italiani-under-35-protagonisti-di-italy-a-new-collective-landscape\/attachment\/alessandro-simone-movement-of-change\/#content\" data-orig-file=\"https:\/\/socialdesignmagazine.com\/mag\/wp-content\/uploads\/2023\/03\/12_Alessandro-Simone_Movement-of-Change.jpg\" data-orig-size=\"1200,1800\" data-comments-opened=\"1\" data-image-meta=\"{&quot;aperture&quot;:&quot;0&quot;,&quot;credit&quot;:&quot;&quot;,&quot;camera&quot;:&quot;&quot;,&quot;caption&quot;:&quot;Alessandro Simone, Movement of Change&quot;,&quot;created_timestamp&quot;:&quot;0&quot;,&quot;copyright&quot;:&quot;&quot;,&quot;focal_length&quot;:&quot;0&quot;,&quot;iso&quot;:&quot;0&quot;,&quot;shutter_speed&quot;:&quot;0&quot;,&quot;title&quot;:&quot;Alessandro Simone, Movement of Change&quot;,&quot;orientation&quot;:&quot;0&quot;}\" data-image-title=\"Alessandro Simone Movement of Change\" data-image-description=\"\" data-image-caption=\"&lt;p&gt;Alessandro Simone, Movement of Change&lt;\/p&gt;\n\" data-medium-file=\"https:\/\/socialdesignmagazine.com\/mag\/wp-content\/uploads\/2023\/03\/12_Alessandro-Simone_Movement-of-Change-438x283.jpg\" data-large-file=\"https:\/\/socialdesignmagazine.com\/mag\/wp-content\/uploads\/2023\/03\/12_Alessandro-Simone_Movement-of-Change-1024x1536.jpg\" data-id=\"48151\" src=\"https:\/\/socialdesignmagazine.com\/mag\/wp-content\/uploads\/2023\/03\/12_Alessandro-Simone_Movement-of-Change-1024x1536.jpg\" alt=\"Alessandro Simone Movement of Change\" class=\"wp-image-48151\" srcset=\"https:\/\/socialdesignmagazine.com\/mag\/wp-content\/uploads\/2023\/03\/12_Alessandro-Simone_Movement-of-Change-1024x1536.jpg 1024w, https:\/\/socialdesignmagazine.com\/mag\/wp-content\/uploads\/2023\/03\/12_Alessandro-Simone_Movement-of-Change-768x1152.jpg 768w, https:\/\/socialdesignmagazine.com\/mag\/wp-content\/uploads\/2023\/03\/12_Alessandro-Simone_Movement-of-Change.jpg 1200w\" sizes=\"auto, (max-width: 1024px) 100vw, 1024px\" \/><figcaption class=\"wp-element-caption\">Alessandro Simone, Movement of Change<\/figcaption><\/figure>\n\n\n\n<figure class=\"wp-block-image size-large\"><img loading=\"lazy\" decoding=\"async\" width=\"1024\" height=\"683\" data-attachment-id=\"48152\" data-permalink=\"https:\/\/socialdesignmagazine.com\/mag\/news\/design-news\/i-designer-italiani-under-35-protagonisti-di-italy-a-new-collective-landscape\/attachment\/eugenia-morpurgo-con-sophia-guggenberger-syntropia\/#content\" data-orig-file=\"https:\/\/socialdesignmagazine.com\/mag\/wp-content\/uploads\/2023\/03\/13_Eugenia-Morpurgo-con-Sophia-Guggenberger_Syntropia.jpg\" data-orig-size=\"1200,800\" data-comments-opened=\"1\" data-image-meta=\"{&quot;aperture&quot;:&quot;0&quot;,&quot;credit&quot;:&quot;&quot;,&quot;camera&quot;:&quot;&quot;,&quot;caption&quot;:&quot;Eugenia Morpurgo con Sophia Guggenberger, Syntropia&quot;,&quot;created_timestamp&quot;:&quot;0&quot;,&quot;copyright&quot;:&quot;&quot;,&quot;focal_length&quot;:&quot;0&quot;,&quot;iso&quot;:&quot;0&quot;,&quot;shutter_speed&quot;:&quot;0&quot;,&quot;title&quot;:&quot;Eugenia Morpurgo con Sophia Guggenberger, Syntropia&quot;,&quot;orientation&quot;:&quot;0&quot;}\" data-image-title=\"Eugenia Morpurgo con Sophia Guggenberger Syntropia\" data-image-description=\"\" data-image-caption=\"&lt;p&gt;Eugenia Morpurgo con Sophia Guggenberger, Syntropia&lt;\/p&gt;\n\" data-medium-file=\"https:\/\/socialdesignmagazine.com\/mag\/wp-content\/uploads\/2023\/03\/13_Eugenia-Morpurgo-con-Sophia-Guggenberger_Syntropia-438x283.jpg\" data-large-file=\"https:\/\/socialdesignmagazine.com\/mag\/wp-content\/uploads\/2023\/03\/13_Eugenia-Morpurgo-con-Sophia-Guggenberger_Syntropia-1024x683.jpg\" data-id=\"48152\" src=\"https:\/\/socialdesignmagazine.com\/mag\/wp-content\/uploads\/2023\/03\/13_Eugenia-Morpurgo-con-Sophia-Guggenberger_Syntropia-1024x683.jpg\" alt=\"Eugenia Morpurgo con Sophia Guggenberger Syntropia\" class=\"wp-image-48152\" srcset=\"https:\/\/socialdesignmagazine.com\/mag\/wp-content\/uploads\/2023\/03\/13_Eugenia-Morpurgo-con-Sophia-Guggenberger_Syntropia-1024x683.jpg 1024w, https:\/\/socialdesignmagazine.com\/mag\/wp-content\/uploads\/2023\/03\/13_Eugenia-Morpurgo-con-Sophia-Guggenberger_Syntropia-100x66.jpg 100w, https:\/\/socialdesignmagazine.com\/mag\/wp-content\/uploads\/2023\/03\/13_Eugenia-Morpurgo-con-Sophia-Guggenberger_Syntropia-768x512.jpg 768w, https:\/\/socialdesignmagazine.com\/mag\/wp-content\/uploads\/2023\/03\/13_Eugenia-Morpurgo-con-Sophia-Guggenberger_Syntropia.jpg 1200w\" sizes=\"auto, (max-width: 1024px) 100vw, 1024px\" \/><figcaption class=\"wp-element-caption\">Eugenia Morpurgo con Sophia Guggenberger, Syntropia<\/figcaption><\/figure>\n\n\n\n<figure class=\"wp-block-image size-large\"><img loading=\"lazy\" decoding=\"async\" width=\"1024\" height=\"744\" data-attachment-id=\"48153\" data-permalink=\"https:\/\/socialdesignmagazine.com\/mag\/news\/design-news\/i-designer-italiani-under-35-protagonisti-di-italy-a-new-collective-landscape\/attachment\/14_in-no-particular-order_tracking-and-trashing-oceanic-pole-of-undefined-liability_ph-julian-peschel\/#content\" data-orig-file=\"https:\/\/socialdesignmagazine.com\/mag\/wp-content\/uploads\/2023\/03\/14_In-No-Particular-Order_Tracking-and-Trashing-Oceanic-Pole-of-Undefined-Liability_ph.Julian-Peschel.jpg\" data-orig-size=\"1200,872\" data-comments-opened=\"1\" data-image-meta=\"{&quot;aperture&quot;:&quot;0&quot;,&quot;credit&quot;:&quot;&quot;,&quot;camera&quot;:&quot;&quot;,&quot;caption&quot;:&quot;In No Particular Order, Tracking and Trashing: Oceanic Pole of Undefined Liability, ph. Julian-Peschel&quot;,&quot;created_timestamp&quot;:&quot;0&quot;,&quot;copyright&quot;:&quot;&quot;,&quot;focal_length&quot;:&quot;0&quot;,&quot;iso&quot;:&quot;0&quot;,&quot;shutter_speed&quot;:&quot;0&quot;,&quot;title&quot;:&quot;&quot;,&quot;orientation&quot;:&quot;0&quot;}\" data-image-title=\"In No Particular Order Tracking and Trashing Oceanic Pole of Undefined Liability ph.Julian Peschel\" data-image-description=\"\" data-image-caption=\"&lt;p&gt;In No Particular Order, Tracking and Trashing: Oceanic Pole of Undefined Liability, ph. Julian-Peschel&lt;\/p&gt;\n\" data-medium-file=\"https:\/\/socialdesignmagazine.com\/mag\/wp-content\/uploads\/2023\/03\/14_In-No-Particular-Order_Tracking-and-Trashing-Oceanic-Pole-of-Undefined-Liability_ph.Julian-Peschel-438x283.jpg\" data-large-file=\"https:\/\/socialdesignmagazine.com\/mag\/wp-content\/uploads\/2023\/03\/14_In-No-Particular-Order_Tracking-and-Trashing-Oceanic-Pole-of-Undefined-Liability_ph.Julian-Peschel-1024x744.jpg\" data-id=\"48153\" src=\"https:\/\/socialdesignmagazine.com\/mag\/wp-content\/uploads\/2023\/03\/14_In-No-Particular-Order_Tracking-and-Trashing-Oceanic-Pole-of-Undefined-Liability_ph.Julian-Peschel-1024x744.jpg\" alt=\"In No Particular Order Tracking and Trashing Oceanic Pole of Undefined Liability ph.Julian Peschel\" class=\"wp-image-48153\" srcset=\"https:\/\/socialdesignmagazine.com\/mag\/wp-content\/uploads\/2023\/03\/14_In-No-Particular-Order_Tracking-and-Trashing-Oceanic-Pole-of-Undefined-Liability_ph.Julian-Peschel-1024x744.jpg 1024w, https:\/\/socialdesignmagazine.com\/mag\/wp-content\/uploads\/2023\/03\/14_In-No-Particular-Order_Tracking-and-Trashing-Oceanic-Pole-of-Undefined-Liability_ph.Julian-Peschel-768x558.jpg 768w, https:\/\/socialdesignmagazine.com\/mag\/wp-content\/uploads\/2023\/03\/14_In-No-Particular-Order_Tracking-and-Trashing-Oceanic-Pole-of-Undefined-Liability_ph.Julian-Peschel.jpg 1200w\" sizes=\"auto, (max-width: 1024px) 100vw, 1024px\" \/><figcaption class=\"wp-element-caption\">In No Particular Order, Tracking and Trashing: Oceanic Pole of Undefined Liability, ph. Julian-Peschel<\/figcaption><\/figure>\n<\/figure>\n\n\n\n<p><strong>Italy: A New Collective Landscape<br><\/strong>Dal 4 aprile 2023 al 10 settembre 2023<br>ADI Design Museum<br>Piazza Compasso d\u2019Oro 1, Milano<br>Orario d\u2019apertura: da marted\u00ec a domenica, dalle 10.30 alle 20 (ultimo ingresso alle 19.15)<\/p>\n","protected":false,"gt_translate_keys":[{"key":"rendered","format":"html"}]},"excerpt":{"rendered":"<p>Il design italiano \u00e8 protagonista di una nuova esposizione al ADI Design Museum. Si tratta della mostra \u201cItaly: A New Collective Landscape\u201d che presenta i lavori dei giovani designer under35 che si sono cimentati nella sfida di affrontare le problematiche attuali globali, ecologiche e sociali.<\/p>\n","protected":false,"gt_translate_keys":[{"key":"rendered","format":"html"}]},"author":1,"featured_media":48146,"comment_status":"open","ping_status":"open","sticky":false,"template":"","format":"standard","meta":{"jetpack_post_was_ever_published":false,"_jetpack_newsletter_access":"","_jetpack_dont_email_post_to_subs":false,"_jetpack_newsletter_tier_id":0,"_jetpack_memberships_contains_paywalled_content":false,"_jetpack_memberships_contains_paid_content":false,"footnotes":"","_wpscppro_dont_share_socialmedia":false,"_wpscppro_custom_social_share_image":0,"_facebook_share_type":"","_twitter_share_type":"","_linkedin_share_type":"","_pinterest_share_type":"","_linkedin_share_type_page":"","_instagram_share_type":"","_medium_share_type":"","_threads_share_type":"","_google_business_share_type":"","_selected_social_profile":[],"_wpsp_enable_custom_social_template":false,"_wpsp_social_scheduling":{"enabled":false,"datetime":null,"platforms":[],"status":"template_only","dateOption":"today","timeOption":"now","customDays":"","customHours":"","customDate":"","customTime":"","schedulingType":"absolute"},"_wpsp_active_default_template":true},"categories":[17],"tags":[6197,1879,6475],"class_list":["post-48139","post","type-post","status-publish","format-standard","has-post-thumbnail","hentry","category-design-news","tag-adi-design-museum","tag-exibition","tag-mdw-2023"],"yoast_head":"<!-- This site is optimized with the Yoast SEO plugin v27.2 - https:\/\/yoast.com\/product\/yoast-seo-wordpress\/ -->\n<title>I designer italiani under 35 protagonisti di &quot;Italy: A New Collective Landscape&quot; - Social Design Magazine<\/title>\n<meta name=\"description\" content=\"Il design italiano \u00e8 protagonista di una nuova esposizione al ADI Design Museum. Si tratta della mostra \u201cItaly: A New Collective Landscape\u201d che presenta i lavori dei giovani designer under35 che si sono cimentati nella sfida di affrontare le problematiche attuali globali, ecologiche e sociali.\" \/>\n<meta name=\"robots\" content=\"index, follow, max-snippet:-1, max-image-preview:large, max-video-preview:-1\" \/>\n<link rel=\"canonical\" href=\"https:\/\/socialdesignmagazine.com\/mag\/news\/design-news\/i-designer-italiani-under-35-protagonisti-di-italy-a-new-collective-landscape\/\" \/>\n<meta property=\"og:locale\" content=\"it_IT\" \/>\n<meta property=\"og:type\" content=\"article\" \/>\n<meta property=\"og:title\" content=\"I designer italiani under 35 protagonisti di &quot;Italy: A New Collective Landscape&quot; - Social Design Magazine\" \/>\n<meta property=\"og:description\" content=\"Il design italiano \u00e8 protagonista di una nuova esposizione al ADI Design Museum. Si tratta della mostra \u201cItaly: A New Collective Landscape\u201d che presenta i lavori dei giovani designer under35 che si sono cimentati nella sfida di affrontare le problematiche attuali globali, ecologiche e sociali.\" \/>\n<meta property=\"og:url\" content=\"http:\/\/socialdesignmagazine.com\/mag\/news\/design-news\/i-designer-italiani-under-35-protagonisti-di-italy-a-new-collective-landscape\/\" \/>\n<meta property=\"og:site_name\" content=\"Social Design Magazine\" \/>\n<meta property=\"article:publisher\" content=\"https:\/\/www.facebook.com\/socialdesignmag\" \/>\n<meta property=\"article:author\" content=\"https:\/\/www.facebook.com\/benedettofiori\" \/>\n<meta property=\"article:published_time\" content=\"2023-03-07T13:08:00+00:00\" \/>\n<meta property=\"og:image\" content=\"https:\/\/socialdesignmagazine.com\/mag\/wp-content\/uploads\/2023\/03\/03_Rayon-Vert-con-Slam-Jam_The-Wisdom-of-the-Third-Wave.jpg\" \/>\n\t<meta property=\"og:image:width\" content=\"1200\" \/>\n\t<meta property=\"og:image:height\" content=\"738\" \/>\n\t<meta property=\"og:image:type\" content=\"image\/jpeg\" \/>\n<meta name=\"author\" content=\"Benedetto Fiori\" \/>\n<meta name=\"twitter:card\" content=\"summary_large_image\" \/>\n<meta name=\"twitter:creator\" content=\"@benedettofiori\" \/>\n<meta name=\"twitter:site\" content=\"@socialdesignmag\" \/>\n<meta name=\"twitter:label1\" content=\"Scritto da\" \/>\n\t<meta name=\"twitter:data1\" content=\"Benedetto Fiori\" \/>\n\t<meta name=\"twitter:label2\" content=\"Tempo di lettura stimato\" \/>\n\t<meta name=\"twitter:data2\" content=\"6 minuti\" \/>\n<script type=\"application\/ld+json\" class=\"yoast-schema-graph\">{\"@context\":\"https:\/\/schema.org\",\"@graph\":[{\"@type\":\"Article\",\"@id\":\"https:\/\/socialdesignmagazine.com\/mag\/news\/design-news\/i-designer-italiani-under-35-protagonisti-di-italy-a-new-collective-landscape\/#article\",\"isPartOf\":{\"@id\":\"https:\/\/socialdesignmagazine.com\/mag\/news\/design-news\/i-designer-italiani-under-35-protagonisti-di-italy-a-new-collective-landscape\/\"},\"author\":{\"name\":\"Benedetto Fiori\",\"@id\":\"https:\/\/socialdesignmagazine.com\/mag\/#\/schema\/person\/61e20205cc363c315e6aabd33a045846\"},\"headline\":\"I designer italiani under 35 protagonisti di &#8220;Italy: A New Collective Landscape&#8221;\",\"datePublished\":\"2023-03-07T13:08:00+00:00\",\"mainEntityOfPage\":{\"@id\":\"https:\/\/socialdesignmagazine.com\/mag\/news\/design-news\/i-designer-italiani-under-35-protagonisti-di-italy-a-new-collective-landscape\/\"},\"wordCount\":456,\"commentCount\":0,\"publisher\":{\"@id\":\"https:\/\/socialdesignmagazine.com\/mag\/#organization\"},\"image\":{\"@id\":\"https:\/\/socialdesignmagazine.com\/mag\/news\/design-news\/i-designer-italiani-under-35-protagonisti-di-italy-a-new-collective-landscape\/#primaryimage\"},\"thumbnailUrl\":\"https:\/\/socialdesignmagazine.com\/mag\/wp-content\/uploads\/2023\/03\/03_Rayon-Vert-con-Slam-Jam_The-Wisdom-of-the-Third-Wave.jpg\",\"keywords\":[\"adi design museum\",\"exibition\",\"mdw 2023\"],\"articleSection\":[\"Design News\"],\"inLanguage\":\"it-IT\",\"potentialAction\":[{\"@type\":\"CommentAction\",\"name\":\"Comment\",\"target\":[\"https:\/\/socialdesignmagazine.com\/mag\/news\/design-news\/i-designer-italiani-under-35-protagonisti-di-italy-a-new-collective-landscape\/#respond\"]}]},{\"@type\":\"WebPage\",\"@id\":\"https:\/\/socialdesignmagazine.com\/mag\/news\/design-news\/i-designer-italiani-under-35-protagonisti-di-italy-a-new-collective-landscape\/\",\"url\":\"https:\/\/socialdesignmagazine.com\/mag\/news\/design-news\/i-designer-italiani-under-35-protagonisti-di-italy-a-new-collective-landscape\/\",\"name\":\"I designer italiani under 35 protagonisti di \\\"Italy: A New Collective Landscape\\\" - Social Design Magazine\",\"isPartOf\":{\"@id\":\"https:\/\/socialdesignmagazine.com\/mag\/#website\"},\"primaryImageOfPage\":{\"@id\":\"https:\/\/socialdesignmagazine.com\/mag\/news\/design-news\/i-designer-italiani-under-35-protagonisti-di-italy-a-new-collective-landscape\/#primaryimage\"},\"image\":{\"@id\":\"https:\/\/socialdesignmagazine.com\/mag\/news\/design-news\/i-designer-italiani-under-35-protagonisti-di-italy-a-new-collective-landscape\/#primaryimage\"},\"thumbnailUrl\":\"https:\/\/socialdesignmagazine.com\/mag\/wp-content\/uploads\/2023\/03\/03_Rayon-Vert-con-Slam-Jam_The-Wisdom-of-the-Third-Wave.jpg\",\"datePublished\":\"2023-03-07T13:08:00+00:00\",\"description\":\"Il design italiano \u00e8 protagonista di una nuova esposizione al ADI Design Museum. Si tratta della mostra \u201cItaly: A New Collective Landscape\u201d che presenta i lavori dei giovani designer under35 che si sono cimentati nella sfida di affrontare le problematiche attuali globali, ecologiche e sociali.\",\"breadcrumb\":{\"@id\":\"https:\/\/socialdesignmagazine.com\/mag\/news\/design-news\/i-designer-italiani-under-35-protagonisti-di-italy-a-new-collective-landscape\/#breadcrumb\"},\"inLanguage\":\"it-IT\",\"potentialAction\":[{\"@type\":\"ReadAction\",\"target\":[\"https:\/\/socialdesignmagazine.com\/mag\/news\/design-news\/i-designer-italiani-under-35-protagonisti-di-italy-a-new-collective-landscape\/\"]}]},{\"@type\":\"ImageObject\",\"inLanguage\":\"it-IT\",\"@id\":\"https:\/\/socialdesignmagazine.com\/mag\/news\/design-news\/i-designer-italiani-under-35-protagonisti-di-italy-a-new-collective-landscape\/#primaryimage\",\"url\":\"https:\/\/socialdesignmagazine.com\/mag\/wp-content\/uploads\/2023\/03\/03_Rayon-Vert-con-Slam-Jam_The-Wisdom-of-the-Third-Wave.jpg\",\"contentUrl\":\"https:\/\/socialdesignmagazine.com\/mag\/wp-content\/uploads\/2023\/03\/03_Rayon-Vert-con-Slam-Jam_The-Wisdom-of-the-Third-Wave.jpg\",\"width\":1200,\"height\":738,\"caption\":\"Rayon Vert con Slam Jam, The Wisdom of the Third Wave\"},{\"@type\":\"BreadcrumbList\",\"@id\":\"https:\/\/socialdesignmagazine.com\/mag\/news\/design-news\/i-designer-italiani-under-35-protagonisti-di-italy-a-new-collective-landscape\/#breadcrumb\",\"itemListElement\":[{\"@type\":\"ListItem\",\"position\":1,\"name\":\"Home\",\"item\":\"https:\/\/socialdesignmagazine.com\/mag\/\"},{\"@type\":\"ListItem\",\"position\":2,\"name\":\"News\",\"item\":\"https:\/\/socialdesignmagazine.com\/mag\/news\/\"},{\"@type\":\"ListItem\",\"position\":3,\"name\":\"Design News\",\"item\":\"https:\/\/socialdesignmagazine.com\/mag\/news\/design-news\/\"},{\"@type\":\"ListItem\",\"position\":4,\"name\":\"I designer italiani under 35 protagonisti di &#8220;Italy: A New Collective Landscape&#8221;\"}]},{\"@type\":\"WebSite\",\"@id\":\"https:\/\/socialdesignmagazine.com\/mag\/#website\",\"url\":\"https:\/\/socialdesignmagazine.com\/mag\/\",\"name\":\"Social Design Magazine\",\"description\":\"Social Magazine su Design, Architettura, Arte, Grafica\",\"publisher\":{\"@id\":\"https:\/\/socialdesignmagazine.com\/mag\/#organization\"},\"potentialAction\":[{\"@type\":\"SearchAction\",\"target\":{\"@type\":\"EntryPoint\",\"urlTemplate\":\"https:\/\/socialdesignmagazine.com\/mag\/?s={search_term_string}\"},\"query-input\":{\"@type\":\"PropertyValueSpecification\",\"valueRequired\":true,\"valueName\":\"search_term_string\"}}],\"inLanguage\":\"it-IT\"},{\"@type\":\"Organization\",\"@id\":\"https:\/\/socialdesignmagazine.com\/mag\/#organization\",\"name\":\"Social Design Magazine\",\"url\":\"https:\/\/socialdesignmagazine.com\/mag\/\",\"logo\":{\"@type\":\"ImageObject\",\"inLanguage\":\"it-IT\",\"@id\":\"https:\/\/socialdesignmagazine.com\/mag\/#\/schema\/logo\/image\/\",\"url\":\"https:\/\/socialdesignmagazine.com\/mag\/wp-content\/uploads\/2017\/01\/logo_favicon_11.png\",\"contentUrl\":\"https:\/\/socialdesignmagazine.com\/mag\/wp-content\/uploads\/2017\/01\/logo_favicon_11.png\",\"width\":1024,\"height\":1024,\"caption\":\"Social Design Magazine\"},\"image\":{\"@id\":\"https:\/\/socialdesignmagazine.com\/mag\/#\/schema\/logo\/image\/\"},\"sameAs\":[\"https:\/\/www.facebook.com\/socialdesignmag\",\"https:\/\/x.com\/socialdesignmag\",\"http:\/\/instagram.com\/social_design_magazine\/\",\"http:\/\/pinterest.com\/socialdesignmag\/\",\"http:\/\/www.youtube.com\/user\/socialdesignmagazine\"]},{\"@type\":\"Person\",\"@id\":\"https:\/\/socialdesignmagazine.com\/mag\/#\/schema\/person\/61e20205cc363c315e6aabd33a045846\",\"name\":\"Benedetto Fiori\",\"image\":{\"@type\":\"ImageObject\",\"inLanguage\":\"it-IT\",\"@id\":\"https:\/\/secure.gravatar.com\/avatar\/450a48cefa36da63d920ad70aa660bd10725b1c6093800242e5efdb397759033?s=96&d=mm&r=g\",\"url\":\"https:\/\/secure.gravatar.com\/avatar\/450a48cefa36da63d920ad70aa660bd10725b1c6093800242e5efdb397759033?s=96&d=mm&r=g\",\"contentUrl\":\"https:\/\/secure.gravatar.com\/avatar\/450a48cefa36da63d920ad70aa660bd10725b1c6093800242e5efdb397759033?s=96&d=mm&r=g\",\"caption\":\"Benedetto Fiori\"},\"description\":\"Web | Twitter | Facebook | Shutterstock Founder &amp; Editor in Chief di Social Design Magazine. Attratto da sempre da tutto ci\u00f2 che \u00e8 creativit\u00e0, design, architettura. Dopo aver studiato Architettura all'Universit\u00e0 di Firenze, si \u00e8 impegnato in molteplici campi: comunicazione grafica, progettazione di allestimenti fieristici, brand design, Interior Design.\",\"sameAs\":[\"http:\/\/benedettofiori.com\",\"https:\/\/www.facebook.com\/benedettofiori\",\"https:\/\/x.com\/benedettofiori\"],\"url\":\"https:\/\/socialdesignmagazine.com\/mag\/author\/benedetto\/\"}]}<\/script>\n<!-- \/ Yoast SEO plugin. -->","yoast_head_json":{"title":"I designer italiani under 35 protagonisti di \"Italy: A New Collective Landscape\" - Social Design Magazine","description":"Il design italiano \u00e8 protagonista di una nuova esposizione al ADI Design Museum. Si tratta della mostra \u201cItaly: A New Collective Landscape\u201d che presenta i lavori dei giovani designer under35 che si sono cimentati nella sfida di affrontare le problematiche attuali globali, ecologiche e sociali.","robots":{"index":"index","follow":"follow","max-snippet":"max-snippet:-1","max-image-preview":"max-image-preview:large","max-video-preview":"max-video-preview:-1"},"canonical":"https:\/\/socialdesignmagazine.com\/mag\/news\/design-news\/i-designer-italiani-under-35-protagonisti-di-italy-a-new-collective-landscape\/","og_locale":"it_IT","og_type":"article","og_title":"I designer italiani under 35 protagonisti di \"Italy: A New Collective Landscape\" - Social Design Magazine","og_description":"Il design italiano \u00e8 protagonista di una nuova esposizione al ADI Design Museum. Si tratta della mostra \u201cItaly: A New Collective Landscape\u201d che presenta i lavori dei giovani designer under35 che si sono cimentati nella sfida di affrontare le problematiche attuali globali, ecologiche e sociali.","og_url":"http:\/\/socialdesignmagazine.com\/mag\/news\/design-news\/i-designer-italiani-under-35-protagonisti-di-italy-a-new-collective-landscape\/","og_site_name":"Social Design Magazine","article_publisher":"https:\/\/www.facebook.com\/socialdesignmag","article_author":"https:\/\/www.facebook.com\/benedettofiori","article_published_time":"2023-03-07T13:08:00+00:00","og_image":[{"width":1200,"height":738,"url":"https:\/\/socialdesignmagazine.com\/mag\/wp-content\/uploads\/2023\/03\/03_Rayon-Vert-con-Slam-Jam_The-Wisdom-of-the-Third-Wave.jpg","type":"image\/jpeg"}],"author":"Benedetto Fiori","twitter_card":"summary_large_image","twitter_creator":"@benedettofiori","twitter_site":"@socialdesignmag","twitter_misc":{"Scritto da":"Benedetto Fiori","Tempo di lettura stimato":"6 minuti"},"schema":{"@context":"https:\/\/schema.org","@graph":[{"@type":"Article","@id":"https:\/\/socialdesignmagazine.com\/mag\/news\/design-news\/i-designer-italiani-under-35-protagonisti-di-italy-a-new-collective-landscape\/#article","isPartOf":{"@id":"https:\/\/socialdesignmagazine.com\/mag\/news\/design-news\/i-designer-italiani-under-35-protagonisti-di-italy-a-new-collective-landscape\/"},"author":{"name":"Benedetto Fiori","@id":"https:\/\/socialdesignmagazine.com\/mag\/#\/schema\/person\/61e20205cc363c315e6aabd33a045846"},"headline":"I designer italiani under 35 protagonisti di &#8220;Italy: A New Collective Landscape&#8221;","datePublished":"2023-03-07T13:08:00+00:00","mainEntityOfPage":{"@id":"https:\/\/socialdesignmagazine.com\/mag\/news\/design-news\/i-designer-italiani-under-35-protagonisti-di-italy-a-new-collective-landscape\/"},"wordCount":456,"commentCount":0,"publisher":{"@id":"https:\/\/socialdesignmagazine.com\/mag\/#organization"},"image":{"@id":"https:\/\/socialdesignmagazine.com\/mag\/news\/design-news\/i-designer-italiani-under-35-protagonisti-di-italy-a-new-collective-landscape\/#primaryimage"},"thumbnailUrl":"https:\/\/socialdesignmagazine.com\/mag\/wp-content\/uploads\/2023\/03\/03_Rayon-Vert-con-Slam-Jam_The-Wisdom-of-the-Third-Wave.jpg","keywords":["adi design museum","exibition","mdw 2023"],"articleSection":["Design News"],"inLanguage":"it-IT","potentialAction":[{"@type":"CommentAction","name":"Comment","target":["https:\/\/socialdesignmagazine.com\/mag\/news\/design-news\/i-designer-italiani-under-35-protagonisti-di-italy-a-new-collective-landscape\/#respond"]}]},{"@type":"WebPage","@id":"https:\/\/socialdesignmagazine.com\/mag\/news\/design-news\/i-designer-italiani-under-35-protagonisti-di-italy-a-new-collective-landscape\/","url":"https:\/\/socialdesignmagazine.com\/mag\/news\/design-news\/i-designer-italiani-under-35-protagonisti-di-italy-a-new-collective-landscape\/","name":"I designer italiani under 35 protagonisti di \"Italy: A New Collective Landscape\" - Social Design Magazine","isPartOf":{"@id":"https:\/\/socialdesignmagazine.com\/mag\/#website"},"primaryImageOfPage":{"@id":"https:\/\/socialdesignmagazine.com\/mag\/news\/design-news\/i-designer-italiani-under-35-protagonisti-di-italy-a-new-collective-landscape\/#primaryimage"},"image":{"@id":"https:\/\/socialdesignmagazine.com\/mag\/news\/design-news\/i-designer-italiani-under-35-protagonisti-di-italy-a-new-collective-landscape\/#primaryimage"},"thumbnailUrl":"https:\/\/socialdesignmagazine.com\/mag\/wp-content\/uploads\/2023\/03\/03_Rayon-Vert-con-Slam-Jam_The-Wisdom-of-the-Third-Wave.jpg","datePublished":"2023-03-07T13:08:00+00:00","description":"Il design italiano \u00e8 protagonista di una nuova esposizione al ADI Design Museum. Si tratta della mostra \u201cItaly: A New Collective Landscape\u201d che presenta i lavori dei giovani designer under35 che si sono cimentati nella sfida di affrontare le problematiche attuali globali, ecologiche e sociali.","breadcrumb":{"@id":"https:\/\/socialdesignmagazine.com\/mag\/news\/design-news\/i-designer-italiani-under-35-protagonisti-di-italy-a-new-collective-landscape\/#breadcrumb"},"inLanguage":"it-IT","potentialAction":[{"@type":"ReadAction","target":["https:\/\/socialdesignmagazine.com\/mag\/news\/design-news\/i-designer-italiani-under-35-protagonisti-di-italy-a-new-collective-landscape\/"]}]},{"@type":"ImageObject","inLanguage":"it-IT","@id":"https:\/\/socialdesignmagazine.com\/mag\/news\/design-news\/i-designer-italiani-under-35-protagonisti-di-italy-a-new-collective-landscape\/#primaryimage","url":"https:\/\/socialdesignmagazine.com\/mag\/wp-content\/uploads\/2023\/03\/03_Rayon-Vert-con-Slam-Jam_The-Wisdom-of-the-Third-Wave.jpg","contentUrl":"https:\/\/socialdesignmagazine.com\/mag\/wp-content\/uploads\/2023\/03\/03_Rayon-Vert-con-Slam-Jam_The-Wisdom-of-the-Third-Wave.jpg","width":1200,"height":738,"caption":"Rayon Vert con Slam Jam, The Wisdom of the Third Wave"},{"@type":"BreadcrumbList","@id":"https:\/\/socialdesignmagazine.com\/mag\/news\/design-news\/i-designer-italiani-under-35-protagonisti-di-italy-a-new-collective-landscape\/#breadcrumb","itemListElement":[{"@type":"ListItem","position":1,"name":"Home","item":"https:\/\/socialdesignmagazine.com\/mag\/"},{"@type":"ListItem","position":2,"name":"News","item":"https:\/\/socialdesignmagazine.com\/mag\/news\/"},{"@type":"ListItem","position":3,"name":"Design News","item":"https:\/\/socialdesignmagazine.com\/mag\/news\/design-news\/"},{"@type":"ListItem","position":4,"name":"I designer italiani under 35 protagonisti di &#8220;Italy: A New Collective Landscape&#8221;"}]},{"@type":"WebSite","@id":"https:\/\/socialdesignmagazine.com\/mag\/#website","url":"https:\/\/socialdesignmagazine.com\/mag\/","name":"Social Design Magazine","description":"Social Magazine su Design, Architettura, Arte, Grafica","publisher":{"@id":"https:\/\/socialdesignmagazine.com\/mag\/#organization"},"potentialAction":[{"@type":"SearchAction","target":{"@type":"EntryPoint","urlTemplate":"https:\/\/socialdesignmagazine.com\/mag\/?s={search_term_string}"},"query-input":{"@type":"PropertyValueSpecification","valueRequired":true,"valueName":"search_term_string"}}],"inLanguage":"it-IT"},{"@type":"Organization","@id":"https:\/\/socialdesignmagazine.com\/mag\/#organization","name":"Social Design Magazine","url":"https:\/\/socialdesignmagazine.com\/mag\/","logo":{"@type":"ImageObject","inLanguage":"it-IT","@id":"https:\/\/socialdesignmagazine.com\/mag\/#\/schema\/logo\/image\/","url":"https:\/\/socialdesignmagazine.com\/mag\/wp-content\/uploads\/2017\/01\/logo_favicon_11.png","contentUrl":"https:\/\/socialdesignmagazine.com\/mag\/wp-content\/uploads\/2017\/01\/logo_favicon_11.png","width":1024,"height":1024,"caption":"Social Design Magazine"},"image":{"@id":"https:\/\/socialdesignmagazine.com\/mag\/#\/schema\/logo\/image\/"},"sameAs":["https:\/\/www.facebook.com\/socialdesignmag","https:\/\/x.com\/socialdesignmag","http:\/\/instagram.com\/social_design_magazine\/","http:\/\/pinterest.com\/socialdesignmag\/","http:\/\/www.youtube.com\/user\/socialdesignmagazine"]},{"@type":"Person","@id":"https:\/\/socialdesignmagazine.com\/mag\/#\/schema\/person\/61e20205cc363c315e6aabd33a045846","name":"Benedetto Fiori","image":{"@type":"ImageObject","inLanguage":"it-IT","@id":"https:\/\/secure.gravatar.com\/avatar\/450a48cefa36da63d920ad70aa660bd10725b1c6093800242e5efdb397759033?s=96&d=mm&r=g","url":"https:\/\/secure.gravatar.com\/avatar\/450a48cefa36da63d920ad70aa660bd10725b1c6093800242e5efdb397759033?s=96&d=mm&r=g","contentUrl":"https:\/\/secure.gravatar.com\/avatar\/450a48cefa36da63d920ad70aa660bd10725b1c6093800242e5efdb397759033?s=96&d=mm&r=g","caption":"Benedetto Fiori"},"description":"Web | Twitter | Facebook | Shutterstock Founder &amp; Editor in Chief di Social Design Magazine. Attratto da sempre da tutto ci\u00f2 che \u00e8 creativit\u00e0, design, architettura. Dopo aver studiato Architettura all'Universit\u00e0 di Firenze, si \u00e8 impegnato in molteplici campi: comunicazione grafica, progettazione di allestimenti fieristici, brand design, Interior Design.","sameAs":["http:\/\/benedettofiori.com","https:\/\/www.facebook.com\/benedettofiori","https:\/\/x.com\/benedettofiori"],"url":"https:\/\/socialdesignmagazine.com\/mag\/author\/benedetto\/"}]}},"jetpack_featured_media_url":"https:\/\/socialdesignmagazine.com\/mag\/wp-content\/uploads\/2023\/03\/03_Rayon-Vert-con-Slam-Jam_The-Wisdom-of-the-Third-Wave.jpg","jetpack_sharing_enabled":true,"jetpack_shortlink":"https:\/\/wp.me\/p6cV7V-cwr","gt_translate_keys":[{"key":"link","format":"url"}],"_links":{"self":[{"href":"https:\/\/socialdesignmagazine.com\/mag\/wp-json\/wp\/v2\/posts\/48139","targetHints":{"allow":["GET"]}}],"collection":[{"href":"https:\/\/socialdesignmagazine.com\/mag\/wp-json\/wp\/v2\/posts"}],"about":[{"href":"https:\/\/socialdesignmagazine.com\/mag\/wp-json\/wp\/v2\/types\/post"}],"author":[{"embeddable":true,"href":"https:\/\/socialdesignmagazine.com\/mag\/wp-json\/wp\/v2\/users\/1"}],"replies":[{"embeddable":true,"href":"https:\/\/socialdesignmagazine.com\/mag\/wp-json\/wp\/v2\/comments?post=48139"}],"version-history":[{"count":2,"href":"https:\/\/socialdesignmagazine.com\/mag\/wp-json\/wp\/v2\/posts\/48139\/revisions"}],"predecessor-version":[{"id":48155,"href":"https:\/\/socialdesignmagazine.com\/mag\/wp-json\/wp\/v2\/posts\/48139\/revisions\/48155"}],"wp:featuredmedia":[{"embeddable":true,"href":"https:\/\/socialdesignmagazine.com\/mag\/wp-json\/wp\/v2\/media\/48146"}],"wp:attachment":[{"href":"https:\/\/socialdesignmagazine.com\/mag\/wp-json\/wp\/v2\/media?parent=48139"}],"wp:term":[{"taxonomy":"category","embeddable":true,"href":"https:\/\/socialdesignmagazine.com\/mag\/wp-json\/wp\/v2\/categories?post=48139"},{"taxonomy":"post_tag","embeddable":true,"href":"https:\/\/socialdesignmagazine.com\/mag\/wp-json\/wp\/v2\/tags?post=48139"}],"curies":[{"name":"wp","href":"https:\/\/api.w.org\/{rel}","templated":true}]}}