{"id":48161,"date":"2023-03-09T12:57:00","date_gmt":"2023-03-09T11:57:00","guid":{"rendered":"https:\/\/socialdesignmagazine.com\/mag\/?p=48161"},"modified":"2023-03-06T20:59:19","modified_gmt":"2023-03-06T19:59:19","slug":"il-tavolo-palina-al-salone-del-mobile-2023-un-omaggio-al-patrimonio-culturale-veneziano","status":"publish","type":"post","link":"https:\/\/socialdesignmagazine.com\/mag\/design\/il-tavolo-palina-al-salone-del-mobile-2023-un-omaggio-al-patrimonio-culturale-veneziano\/","title":{"rendered":"Il Tavolo Palina al Salone del Mobile 2023: un omaggio al patrimonio culturale veneziano","gt_translate_keys":[{"key":"rendered","format":"text"}]},"content":{"rendered":"\n<p>Il Tavolo Palina rappresenta l\u2019incontro tra la tradizione veneta e il design contemporaneo, dando vita ad un oggetto d\u2019arredo unico e ricco di fascino. Grazie alla collaborazione tra D\u2019Orsi Studio e Venedia, \u00e8 stato possibile unire la maestria artigianale dei laboratori veneti alla creativit\u00e0 e all\u2019innovazione del design.<\/p>\n\n\n\n<p>Il Salone del Mobile 2023 di Milano rappresenta l\u2019occasione perfetta per presentare al pubblico questo prodotto, che sicuramente attirer\u00e0 l\u2019attenzione degli appassionati di design, ma anche di coloro che amano l\u2019arte e la cultura veneziana.<\/p>\n\n\n\n<p>Il Tavolo Palina \u00e8 un prodotto di alta qualit\u00e0, interamente realizzato in Italia e rispettoso dell\u2019ambiente. L\u2019utilizzo di materiali naturali e la possibilit\u00e0 di separarli completamente per il riciclo rendono questo prodotto una scelta sostenibile e responsabile per chi vuole arredare la propria casa con gusto e attenzione all\u2019ambiente.<\/p>\n\n\n\n<p>La bellezza del Tavolo Palina non \u00e8 solo data dal suo design, ma anche dalla sua versatilit\u00e0. Grazie alla sua eleganza e alla possibilit\u00e0 di scegliere diverse combinazioni cromatiche, il tavolo si adatta perfettamente ad ogni tipo di ambiente, dallo stile pi\u00f9 classico a quello pi\u00f9 moderno e contemporaneo.<\/p>\n\n\n\n<p>Il Tavolo Palina \u00e8 sicuramente uno dei prodotti pi\u00f9 interessanti e innovativi presentati al Salone del Mobile 2023, un evento che ogni anno attira migliaia di visitatori da tutto il mondo. L\u2019iconicit\u00e0 della \u201cpalina\u201d veneta, unita alla creativit\u00e0 e all\u2019innovazione del design italiano, rendono questo tavolo un vero e proprio gioiello dell\u2019arte e dell\u2019artigianato italiano.<\/p>\n\n\n\n<figure class=\"wp-block-gallery has-nested-images columns-1 is-cropped wp-block-gallery-1 is-layout-flex wp-block-gallery-is-layout-flex\">\n<figure class=\"wp-block-image size-large\"><img loading=\"lazy\" decoding=\"async\" width=\"1024\" height=\"656\" data-attachment-id=\"48166\" data-permalink=\"https:\/\/socialdesignmagazine.com\/mag\/design\/il-tavolo-palina-al-salone-del-mobile-2023-un-omaggio-al-patrimonio-culturale-veneziano\/attachment\/dorsi-studio_tavolo-palina_04\/#content\" data-orig-file=\"https:\/\/socialdesignmagazine.com\/mag\/wp-content\/uploads\/2023\/03\/DORSI-STUDIO_TAVOLO-PALINA_04.jpg\" data-orig-size=\"1200,769\" data-comments-opened=\"1\" data-image-meta=\"{&quot;aperture&quot;:&quot;0&quot;,&quot;credit&quot;:&quot;&quot;,&quot;camera&quot;:&quot;&quot;,&quot;caption&quot;:&quot;&quot;,&quot;created_timestamp&quot;:&quot;0&quot;,&quot;copyright&quot;:&quot;&quot;,&quot;focal_length&quot;:&quot;0&quot;,&quot;iso&quot;:&quot;0&quot;,&quot;shutter_speed&quot;:&quot;0&quot;,&quot;title&quot;:&quot;&quot;,&quot;orientation&quot;:&quot;0&quot;}\" data-image-title=\"DORSI STUDIO TAVOLO PALINA\" data-image-description=\"\" data-image-caption=\"\" data-medium-file=\"https:\/\/socialdesignmagazine.com\/mag\/wp-content\/uploads\/2023\/03\/DORSI-STUDIO_TAVOLO-PALINA_04-438x283.jpg\" data-large-file=\"https:\/\/socialdesignmagazine.com\/mag\/wp-content\/uploads\/2023\/03\/DORSI-STUDIO_TAVOLO-PALINA_04-1024x656.jpg\" data-id=\"48166\" src=\"https:\/\/socialdesignmagazine.com\/mag\/wp-content\/uploads\/2023\/03\/DORSI-STUDIO_TAVOLO-PALINA_04-1024x656.jpg\" alt=\"DORSI STUDIO TAVOLO PALINA\" class=\"wp-image-48166\" srcset=\"https:\/\/socialdesignmagazine.com\/mag\/wp-content\/uploads\/2023\/03\/DORSI-STUDIO_TAVOLO-PALINA_04-1024x656.jpg 1024w, https:\/\/socialdesignmagazine.com\/mag\/wp-content\/uploads\/2023\/03\/DORSI-STUDIO_TAVOLO-PALINA_04-768x492.jpg 768w, https:\/\/socialdesignmagazine.com\/mag\/wp-content\/uploads\/2023\/03\/DORSI-STUDIO_TAVOLO-PALINA_04.jpg 1200w\" sizes=\"auto, (max-width: 1024px) 100vw, 1024px\" \/><\/figure>\n\n\n\n<figure class=\"wp-block-image size-large\"><img loading=\"lazy\" decoding=\"async\" width=\"1024\" height=\"656\" data-attachment-id=\"48165\" data-permalink=\"https:\/\/socialdesignmagazine.com\/mag\/design\/il-tavolo-palina-al-salone-del-mobile-2023-un-omaggio-al-patrimonio-culturale-veneziano\/attachment\/dorsi-studio_tavolo-palina_05\/#content\" data-orig-file=\"https:\/\/socialdesignmagazine.com\/mag\/wp-content\/uploads\/2023\/03\/DORSI-STUDIO_TAVOLO-PALINA_05.jpg\" data-orig-size=\"1200,769\" data-comments-opened=\"1\" data-image-meta=\"{&quot;aperture&quot;:&quot;0&quot;,&quot;credit&quot;:&quot;&quot;,&quot;camera&quot;:&quot;&quot;,&quot;caption&quot;:&quot;&quot;,&quot;created_timestamp&quot;:&quot;0&quot;,&quot;copyright&quot;:&quot;&quot;,&quot;focal_length&quot;:&quot;0&quot;,&quot;iso&quot;:&quot;0&quot;,&quot;shutter_speed&quot;:&quot;0&quot;,&quot;title&quot;:&quot;&quot;,&quot;orientation&quot;:&quot;0&quot;}\" data-image-title=\"DORSI STUDIO TAVOLO PALINA\" data-image-description=\"\" data-image-caption=\"\" data-medium-file=\"https:\/\/socialdesignmagazine.com\/mag\/wp-content\/uploads\/2023\/03\/DORSI-STUDIO_TAVOLO-PALINA_05-438x283.jpg\" data-large-file=\"https:\/\/socialdesignmagazine.com\/mag\/wp-content\/uploads\/2023\/03\/DORSI-STUDIO_TAVOLO-PALINA_05-1024x656.jpg\" data-id=\"48165\" src=\"https:\/\/socialdesignmagazine.com\/mag\/wp-content\/uploads\/2023\/03\/DORSI-STUDIO_TAVOLO-PALINA_05-1024x656.jpg\" alt=\"DORSI STUDIO TAVOLO PALINA\" class=\"wp-image-48165\" srcset=\"https:\/\/socialdesignmagazine.com\/mag\/wp-content\/uploads\/2023\/03\/DORSI-STUDIO_TAVOLO-PALINA_05-1024x656.jpg 1024w, https:\/\/socialdesignmagazine.com\/mag\/wp-content\/uploads\/2023\/03\/DORSI-STUDIO_TAVOLO-PALINA_05-768x492.jpg 768w, https:\/\/socialdesignmagazine.com\/mag\/wp-content\/uploads\/2023\/03\/DORSI-STUDIO_TAVOLO-PALINA_05.jpg 1200w\" sizes=\"auto, (max-width: 1024px) 100vw, 1024px\" \/><\/figure>\n\n\n\n<figure class=\"wp-block-image size-large\"><img loading=\"lazy\" decoding=\"async\" width=\"1024\" height=\"656\" data-attachment-id=\"48171\" data-permalink=\"https:\/\/socialdesignmagazine.com\/mag\/design\/il-tavolo-palina-al-salone-del-mobile-2023-un-omaggio-al-patrimonio-culturale-veneziano\/attachment\/dorsi-studio_tavolo-palina_07\/#content\" data-orig-file=\"https:\/\/socialdesignmagazine.com\/mag\/wp-content\/uploads\/2023\/03\/DORSI-STUDIO_TAVOLO-PALINA_07.jpg\" data-orig-size=\"1200,769\" data-comments-opened=\"1\" data-image-meta=\"{&quot;aperture&quot;:&quot;0&quot;,&quot;credit&quot;:&quot;&quot;,&quot;camera&quot;:&quot;&quot;,&quot;caption&quot;:&quot;&quot;,&quot;created_timestamp&quot;:&quot;0&quot;,&quot;copyright&quot;:&quot;&quot;,&quot;focal_length&quot;:&quot;0&quot;,&quot;iso&quot;:&quot;0&quot;,&quot;shutter_speed&quot;:&quot;0&quot;,&quot;title&quot;:&quot;&quot;,&quot;orientation&quot;:&quot;0&quot;}\" data-image-title=\"DORSI STUDIO TAVOLO PALINA\" data-image-description=\"\" data-image-caption=\"\" data-medium-file=\"https:\/\/socialdesignmagazine.com\/mag\/wp-content\/uploads\/2023\/03\/DORSI-STUDIO_TAVOLO-PALINA_07-438x283.jpg\" data-large-file=\"https:\/\/socialdesignmagazine.com\/mag\/wp-content\/uploads\/2023\/03\/DORSI-STUDIO_TAVOLO-PALINA_07-1024x656.jpg\" data-id=\"48171\" src=\"https:\/\/socialdesignmagazine.com\/mag\/wp-content\/uploads\/2023\/03\/DORSI-STUDIO_TAVOLO-PALINA_07-1024x656.jpg\" alt=\"DORSI STUDIO TAVOLO PALINA\" class=\"wp-image-48171\" srcset=\"https:\/\/socialdesignmagazine.com\/mag\/wp-content\/uploads\/2023\/03\/DORSI-STUDIO_TAVOLO-PALINA_07-1024x656.jpg 1024w, https:\/\/socialdesignmagazine.com\/mag\/wp-content\/uploads\/2023\/03\/DORSI-STUDIO_TAVOLO-PALINA_07-768x492.jpg 768w, https:\/\/socialdesignmagazine.com\/mag\/wp-content\/uploads\/2023\/03\/DORSI-STUDIO_TAVOLO-PALINA_07.jpg 1200w\" sizes=\"auto, (max-width: 1024px) 100vw, 1024px\" \/><\/figure>\n\n\n\n<figure class=\"wp-block-image size-large\"><img loading=\"lazy\" decoding=\"async\" width=\"1024\" height=\"656\" data-attachment-id=\"48167\" data-permalink=\"https:\/\/socialdesignmagazine.com\/mag\/design\/il-tavolo-palina-al-salone-del-mobile-2023-un-omaggio-al-patrimonio-culturale-veneziano\/attachment\/dorsi-studio_tavolo-palina_08\/#content\" data-orig-file=\"https:\/\/socialdesignmagazine.com\/mag\/wp-content\/uploads\/2023\/03\/DORSI-STUDIO_TAVOLO-PALINA_08.jpg\" data-orig-size=\"1200,769\" data-comments-opened=\"1\" data-image-meta=\"{&quot;aperture&quot;:&quot;0&quot;,&quot;credit&quot;:&quot;&quot;,&quot;camera&quot;:&quot;&quot;,&quot;caption&quot;:&quot;&quot;,&quot;created_timestamp&quot;:&quot;0&quot;,&quot;copyright&quot;:&quot;&quot;,&quot;focal_length&quot;:&quot;0&quot;,&quot;iso&quot;:&quot;0&quot;,&quot;shutter_speed&quot;:&quot;0&quot;,&quot;title&quot;:&quot;&quot;,&quot;orientation&quot;:&quot;0&quot;}\" data-image-title=\"DORSI STUDIO TAVOLO PALINA\" data-image-description=\"\" data-image-caption=\"\" data-medium-file=\"https:\/\/socialdesignmagazine.com\/mag\/wp-content\/uploads\/2023\/03\/DORSI-STUDIO_TAVOLO-PALINA_08-438x283.jpg\" data-large-file=\"https:\/\/socialdesignmagazine.com\/mag\/wp-content\/uploads\/2023\/03\/DORSI-STUDIO_TAVOLO-PALINA_08-1024x656.jpg\" data-id=\"48167\" src=\"https:\/\/socialdesignmagazine.com\/mag\/wp-content\/uploads\/2023\/03\/DORSI-STUDIO_TAVOLO-PALINA_08-1024x656.jpg\" alt=\"DORSI STUDIO TAVOLO PALINA\" class=\"wp-image-48167\" srcset=\"https:\/\/socialdesignmagazine.com\/mag\/wp-content\/uploads\/2023\/03\/DORSI-STUDIO_TAVOLO-PALINA_08-1024x656.jpg 1024w, https:\/\/socialdesignmagazine.com\/mag\/wp-content\/uploads\/2023\/03\/DORSI-STUDIO_TAVOLO-PALINA_08-768x492.jpg 768w, https:\/\/socialdesignmagazine.com\/mag\/wp-content\/uploads\/2023\/03\/DORSI-STUDIO_TAVOLO-PALINA_08.jpg 1200w\" sizes=\"auto, (max-width: 1024px) 100vw, 1024px\" \/><\/figure>\n\n\n\n<figure class=\"wp-block-image size-large\"><img loading=\"lazy\" decoding=\"async\" width=\"1024\" height=\"656\" data-attachment-id=\"48169\" data-permalink=\"https:\/\/socialdesignmagazine.com\/mag\/design\/il-tavolo-palina-al-salone-del-mobile-2023-un-omaggio-al-patrimonio-culturale-veneziano\/attachment\/dorsi-studio_tavolo-palina_09\/#content\" data-orig-file=\"https:\/\/socialdesignmagazine.com\/mag\/wp-content\/uploads\/2023\/03\/DORSI-STUDIO_TAVOLO-PALINA_09.jpg\" data-orig-size=\"1200,769\" data-comments-opened=\"1\" data-image-meta=\"{&quot;aperture&quot;:&quot;0&quot;,&quot;credit&quot;:&quot;&quot;,&quot;camera&quot;:&quot;&quot;,&quot;caption&quot;:&quot;&quot;,&quot;created_timestamp&quot;:&quot;0&quot;,&quot;copyright&quot;:&quot;&quot;,&quot;focal_length&quot;:&quot;0&quot;,&quot;iso&quot;:&quot;0&quot;,&quot;shutter_speed&quot;:&quot;0&quot;,&quot;title&quot;:&quot;&quot;,&quot;orientation&quot;:&quot;0&quot;}\" data-image-title=\"DORSI STUDIO TAVOLO PALINA\" data-image-description=\"\" data-image-caption=\"\" data-medium-file=\"https:\/\/socialdesignmagazine.com\/mag\/wp-content\/uploads\/2023\/03\/DORSI-STUDIO_TAVOLO-PALINA_09-438x283.jpg\" data-large-file=\"https:\/\/socialdesignmagazine.com\/mag\/wp-content\/uploads\/2023\/03\/DORSI-STUDIO_TAVOLO-PALINA_09-1024x656.jpg\" data-id=\"48169\" src=\"https:\/\/socialdesignmagazine.com\/mag\/wp-content\/uploads\/2023\/03\/DORSI-STUDIO_TAVOLO-PALINA_09-1024x656.jpg\" alt=\"DORSI STUDIO TAVOLO PALINA\" class=\"wp-image-48169\" srcset=\"https:\/\/socialdesignmagazine.com\/mag\/wp-content\/uploads\/2023\/03\/DORSI-STUDIO_TAVOLO-PALINA_09-1024x656.jpg 1024w, https:\/\/socialdesignmagazine.com\/mag\/wp-content\/uploads\/2023\/03\/DORSI-STUDIO_TAVOLO-PALINA_09-768x492.jpg 768w, https:\/\/socialdesignmagazine.com\/mag\/wp-content\/uploads\/2023\/03\/DORSI-STUDIO_TAVOLO-PALINA_09.jpg 1200w\" sizes=\"auto, (max-width: 1024px) 100vw, 1024px\" \/><\/figure>\n\n\n\n<figure class=\"wp-block-image size-large\"><img loading=\"lazy\" decoding=\"async\" width=\"1024\" height=\"683\" data-attachment-id=\"48170\" data-permalink=\"https:\/\/socialdesignmagazine.com\/mag\/design\/il-tavolo-palina-al-salone-del-mobile-2023-un-omaggio-al-patrimonio-culturale-veneziano\/attachment\/dorsi-studio_tavolo-palina_10\/#content\" data-orig-file=\"https:\/\/socialdesignmagazine.com\/mag\/wp-content\/uploads\/2023\/03\/DORSI-STUDIO_TAVOLO-PALINA_10.jpg\" data-orig-size=\"1200,800\" data-comments-opened=\"1\" data-image-meta=\"{&quot;aperture&quot;:&quot;0&quot;,&quot;credit&quot;:&quot;&quot;,&quot;camera&quot;:&quot;&quot;,&quot;caption&quot;:&quot;&quot;,&quot;created_timestamp&quot;:&quot;0&quot;,&quot;copyright&quot;:&quot;&quot;,&quot;focal_length&quot;:&quot;0&quot;,&quot;iso&quot;:&quot;0&quot;,&quot;shutter_speed&quot;:&quot;0&quot;,&quot;title&quot;:&quot;&quot;,&quot;orientation&quot;:&quot;0&quot;}\" data-image-title=\"DORSI STUDIO TAVOLO PALINA\" data-image-description=\"\" data-image-caption=\"\" data-medium-file=\"https:\/\/socialdesignmagazine.com\/mag\/wp-content\/uploads\/2023\/03\/DORSI-STUDIO_TAVOLO-PALINA_10-438x283.jpg\" data-large-file=\"https:\/\/socialdesignmagazine.com\/mag\/wp-content\/uploads\/2023\/03\/DORSI-STUDIO_TAVOLO-PALINA_10-1024x683.jpg\" data-id=\"48170\" src=\"https:\/\/socialdesignmagazine.com\/mag\/wp-content\/uploads\/2023\/03\/DORSI-STUDIO_TAVOLO-PALINA_10-1024x683.jpg\" alt=\"DORSI STUDIO TAVOLO PALINA\" class=\"wp-image-48170\" srcset=\"https:\/\/socialdesignmagazine.com\/mag\/wp-content\/uploads\/2023\/03\/DORSI-STUDIO_TAVOLO-PALINA_10-1024x683.jpg 1024w, https:\/\/socialdesignmagazine.com\/mag\/wp-content\/uploads\/2023\/03\/DORSI-STUDIO_TAVOLO-PALINA_10-100x66.jpg 100w, https:\/\/socialdesignmagazine.com\/mag\/wp-content\/uploads\/2023\/03\/DORSI-STUDIO_TAVOLO-PALINA_10-768x512.jpg 768w, https:\/\/socialdesignmagazine.com\/mag\/wp-content\/uploads\/2023\/03\/DORSI-STUDIO_TAVOLO-PALINA_10.jpg 1200w\" sizes=\"auto, (max-width: 1024px) 100vw, 1024px\" \/><\/figure>\n\n\n\n<figure class=\"wp-block-image size-large\"><img loading=\"lazy\" decoding=\"async\" width=\"1024\" height=\"683\" data-attachment-id=\"48173\" data-permalink=\"https:\/\/socialdesignmagazine.com\/mag\/design\/il-tavolo-palina-al-salone-del-mobile-2023-un-omaggio-al-patrimonio-culturale-veneziano\/attachment\/dorsi-studio_tavolo-palina_11\/#content\" data-orig-file=\"https:\/\/socialdesignmagazine.com\/mag\/wp-content\/uploads\/2023\/03\/DORSI-STUDIO_TAVOLO-PALINA_11.jpg\" data-orig-size=\"1200,800\" data-comments-opened=\"1\" data-image-meta=\"{&quot;aperture&quot;:&quot;0&quot;,&quot;credit&quot;:&quot;&quot;,&quot;camera&quot;:&quot;&quot;,&quot;caption&quot;:&quot;&quot;,&quot;created_timestamp&quot;:&quot;0&quot;,&quot;copyright&quot;:&quot;&quot;,&quot;focal_length&quot;:&quot;0&quot;,&quot;iso&quot;:&quot;0&quot;,&quot;shutter_speed&quot;:&quot;0&quot;,&quot;title&quot;:&quot;&quot;,&quot;orientation&quot;:&quot;0&quot;}\" data-image-title=\"DORSI STUDIO TAVOLO PALINA\" data-image-description=\"\" data-image-caption=\"\" data-medium-file=\"https:\/\/socialdesignmagazine.com\/mag\/wp-content\/uploads\/2023\/03\/DORSI-STUDIO_TAVOLO-PALINA_11-438x283.jpg\" data-large-file=\"https:\/\/socialdesignmagazine.com\/mag\/wp-content\/uploads\/2023\/03\/DORSI-STUDIO_TAVOLO-PALINA_11-1024x683.jpg\" data-id=\"48173\" src=\"https:\/\/socialdesignmagazine.com\/mag\/wp-content\/uploads\/2023\/03\/DORSI-STUDIO_TAVOLO-PALINA_11-1024x683.jpg\" alt=\"DORSI STUDIO TAVOLO PALINA\" class=\"wp-image-48173\" srcset=\"https:\/\/socialdesignmagazine.com\/mag\/wp-content\/uploads\/2023\/03\/DORSI-STUDIO_TAVOLO-PALINA_11-1024x683.jpg 1024w, https:\/\/socialdesignmagazine.com\/mag\/wp-content\/uploads\/2023\/03\/DORSI-STUDIO_TAVOLO-PALINA_11-100x66.jpg 100w, https:\/\/socialdesignmagazine.com\/mag\/wp-content\/uploads\/2023\/03\/DORSI-STUDIO_TAVOLO-PALINA_11-768x512.jpg 768w, https:\/\/socialdesignmagazine.com\/mag\/wp-content\/uploads\/2023\/03\/DORSI-STUDIO_TAVOLO-PALINA_11.jpg 1200w\" sizes=\"auto, (max-width: 1024px) 100vw, 1024px\" \/><\/figure>\n\n\n\n<figure class=\"wp-block-image size-large\"><img loading=\"lazy\" decoding=\"async\" width=\"1024\" height=\"683\" data-attachment-id=\"48172\" data-permalink=\"https:\/\/socialdesignmagazine.com\/mag\/design\/il-tavolo-palina-al-salone-del-mobile-2023-un-omaggio-al-patrimonio-culturale-veneziano\/attachment\/dorsi-studio_tavolo-palina_12\/#content\" data-orig-file=\"https:\/\/socialdesignmagazine.com\/mag\/wp-content\/uploads\/2023\/03\/DORSI-STUDIO_TAVOLO-PALINA_12.jpg\" data-orig-size=\"1200,800\" data-comments-opened=\"1\" data-image-meta=\"{&quot;aperture&quot;:&quot;0&quot;,&quot;credit&quot;:&quot;&quot;,&quot;camera&quot;:&quot;&quot;,&quot;caption&quot;:&quot;&quot;,&quot;created_timestamp&quot;:&quot;0&quot;,&quot;copyright&quot;:&quot;&quot;,&quot;focal_length&quot;:&quot;0&quot;,&quot;iso&quot;:&quot;0&quot;,&quot;shutter_speed&quot;:&quot;0&quot;,&quot;title&quot;:&quot;&quot;,&quot;orientation&quot;:&quot;0&quot;}\" data-image-title=\"DORSI STUDIO TAVOLO PALINA\" data-image-description=\"\" data-image-caption=\"\" data-medium-file=\"https:\/\/socialdesignmagazine.com\/mag\/wp-content\/uploads\/2023\/03\/DORSI-STUDIO_TAVOLO-PALINA_12-438x283.jpg\" data-large-file=\"https:\/\/socialdesignmagazine.com\/mag\/wp-content\/uploads\/2023\/03\/DORSI-STUDIO_TAVOLO-PALINA_12-1024x683.jpg\" data-id=\"48172\" src=\"https:\/\/socialdesignmagazine.com\/mag\/wp-content\/uploads\/2023\/03\/DORSI-STUDIO_TAVOLO-PALINA_12-1024x683.jpg\" alt=\"DORSI STUDIO TAVOLO PALINA\" class=\"wp-image-48172\" srcset=\"https:\/\/socialdesignmagazine.com\/mag\/wp-content\/uploads\/2023\/03\/DORSI-STUDIO_TAVOLO-PALINA_12-1024x683.jpg 1024w, https:\/\/socialdesignmagazine.com\/mag\/wp-content\/uploads\/2023\/03\/DORSI-STUDIO_TAVOLO-PALINA_12-100x66.jpg 100w, https:\/\/socialdesignmagazine.com\/mag\/wp-content\/uploads\/2023\/03\/DORSI-STUDIO_TAVOLO-PALINA_12-768x512.jpg 768w, https:\/\/socialdesignmagazine.com\/mag\/wp-content\/uploads\/2023\/03\/DORSI-STUDIO_TAVOLO-PALINA_12.jpg 1200w\" sizes=\"auto, (max-width: 1024px) 100vw, 1024px\" \/><\/figure>\n\n\n\n<figure class=\"wp-block-image size-large\"><img loading=\"lazy\" decoding=\"async\" width=\"1024\" height=\"656\" data-attachment-id=\"48163\" data-permalink=\"https:\/\/socialdesignmagazine.com\/mag\/design\/il-tavolo-palina-al-salone-del-mobile-2023-un-omaggio-al-patrimonio-culturale-veneziano\/attachment\/dorsi-studio_tavolo-palina_01\/#content\" data-orig-file=\"https:\/\/socialdesignmagazine.com\/mag\/wp-content\/uploads\/2023\/03\/DORSI-STUDIO_TAVOLO-PALINA_01.jpg\" data-orig-size=\"1200,769\" data-comments-opened=\"1\" data-image-meta=\"{&quot;aperture&quot;:&quot;0&quot;,&quot;credit&quot;:&quot;&quot;,&quot;camera&quot;:&quot;&quot;,&quot;caption&quot;:&quot;&quot;,&quot;created_timestamp&quot;:&quot;0&quot;,&quot;copyright&quot;:&quot;&quot;,&quot;focal_length&quot;:&quot;0&quot;,&quot;iso&quot;:&quot;0&quot;,&quot;shutter_speed&quot;:&quot;0&quot;,&quot;title&quot;:&quot;&quot;,&quot;orientation&quot;:&quot;0&quot;}\" data-image-title=\"DORSI STUDIO TAVOLO PALINA\" data-image-description=\"\" data-image-caption=\"\" data-medium-file=\"https:\/\/socialdesignmagazine.com\/mag\/wp-content\/uploads\/2023\/03\/DORSI-STUDIO_TAVOLO-PALINA_01-438x283.jpg\" data-large-file=\"https:\/\/socialdesignmagazine.com\/mag\/wp-content\/uploads\/2023\/03\/DORSI-STUDIO_TAVOLO-PALINA_01-1024x656.jpg\" data-id=\"48163\" src=\"https:\/\/socialdesignmagazine.com\/mag\/wp-content\/uploads\/2023\/03\/DORSI-STUDIO_TAVOLO-PALINA_01-1024x656.jpg\" alt=\"DORSI STUDIO TAVOLO PALINA\" class=\"wp-image-48163\" srcset=\"https:\/\/socialdesignmagazine.com\/mag\/wp-content\/uploads\/2023\/03\/DORSI-STUDIO_TAVOLO-PALINA_01-1024x656.jpg 1024w, https:\/\/socialdesignmagazine.com\/mag\/wp-content\/uploads\/2023\/03\/DORSI-STUDIO_TAVOLO-PALINA_01-768x492.jpg 768w, https:\/\/socialdesignmagazine.com\/mag\/wp-content\/uploads\/2023\/03\/DORSI-STUDIO_TAVOLO-PALINA_01.jpg 1200w\" sizes=\"auto, (max-width: 1024px) 100vw, 1024px\" \/><\/figure>\n\n\n\n<figure class=\"wp-block-image size-large\"><img loading=\"lazy\" decoding=\"async\" width=\"1024\" height=\"656\" data-attachment-id=\"48164\" data-permalink=\"https:\/\/socialdesignmagazine.com\/mag\/design\/il-tavolo-palina-al-salone-del-mobile-2023-un-omaggio-al-patrimonio-culturale-veneziano\/attachment\/dorsi-studio_tavolo-palina_02\/#content\" data-orig-file=\"https:\/\/socialdesignmagazine.com\/mag\/wp-content\/uploads\/2023\/03\/DORSI-STUDIO_TAVOLO-PALINA_02.jpg\" data-orig-size=\"1200,769\" data-comments-opened=\"1\" data-image-meta=\"{&quot;aperture&quot;:&quot;0&quot;,&quot;credit&quot;:&quot;&quot;,&quot;camera&quot;:&quot;&quot;,&quot;caption&quot;:&quot;&quot;,&quot;created_timestamp&quot;:&quot;0&quot;,&quot;copyright&quot;:&quot;&quot;,&quot;focal_length&quot;:&quot;0&quot;,&quot;iso&quot;:&quot;0&quot;,&quot;shutter_speed&quot;:&quot;0&quot;,&quot;title&quot;:&quot;&quot;,&quot;orientation&quot;:&quot;0&quot;}\" data-image-title=\"DORSI STUDIO TAVOLO PALINA\" data-image-description=\"\" data-image-caption=\"\" data-medium-file=\"https:\/\/socialdesignmagazine.com\/mag\/wp-content\/uploads\/2023\/03\/DORSI-STUDIO_TAVOLO-PALINA_02-438x283.jpg\" data-large-file=\"https:\/\/socialdesignmagazine.com\/mag\/wp-content\/uploads\/2023\/03\/DORSI-STUDIO_TAVOLO-PALINA_02-1024x656.jpg\" data-id=\"48164\" src=\"https:\/\/socialdesignmagazine.com\/mag\/wp-content\/uploads\/2023\/03\/DORSI-STUDIO_TAVOLO-PALINA_02-1024x656.jpg\" alt=\"DORSI STUDIO TAVOLO PALINA\" class=\"wp-image-48164\" srcset=\"https:\/\/socialdesignmagazine.com\/mag\/wp-content\/uploads\/2023\/03\/DORSI-STUDIO_TAVOLO-PALINA_02-1024x656.jpg 1024w, https:\/\/socialdesignmagazine.com\/mag\/wp-content\/uploads\/2023\/03\/DORSI-STUDIO_TAVOLO-PALINA_02-768x492.jpg 768w, https:\/\/socialdesignmagazine.com\/mag\/wp-content\/uploads\/2023\/03\/DORSI-STUDIO_TAVOLO-PALINA_02.jpg 1200w\" sizes=\"auto, (max-width: 1024px) 100vw, 1024px\" \/><\/figure>\n\n\n\n<figure class=\"wp-block-image size-large\"><img loading=\"lazy\" decoding=\"async\" width=\"1024\" height=\"656\" data-attachment-id=\"48162\" data-permalink=\"https:\/\/socialdesignmagazine.com\/mag\/design\/il-tavolo-palina-al-salone-del-mobile-2023-un-omaggio-al-patrimonio-culturale-veneziano\/attachment\/dorsi-studio_tavolo-palina_03\/#content\" data-orig-file=\"https:\/\/socialdesignmagazine.com\/mag\/wp-content\/uploads\/2023\/03\/DORSI-STUDIO_TAVOLO-PALINA_03.jpg\" data-orig-size=\"1200,769\" data-comments-opened=\"1\" data-image-meta=\"{&quot;aperture&quot;:&quot;0&quot;,&quot;credit&quot;:&quot;&quot;,&quot;camera&quot;:&quot;&quot;,&quot;caption&quot;:&quot;&quot;,&quot;created_timestamp&quot;:&quot;0&quot;,&quot;copyright&quot;:&quot;&quot;,&quot;focal_length&quot;:&quot;0&quot;,&quot;iso&quot;:&quot;0&quot;,&quot;shutter_speed&quot;:&quot;0&quot;,&quot;title&quot;:&quot;&quot;,&quot;orientation&quot;:&quot;0&quot;}\" data-image-title=\"DORSI STUDIO TAVOLO PALINA\" data-image-description=\"\" data-image-caption=\"\" data-medium-file=\"https:\/\/socialdesignmagazine.com\/mag\/wp-content\/uploads\/2023\/03\/DORSI-STUDIO_TAVOLO-PALINA_03-438x283.jpg\" data-large-file=\"https:\/\/socialdesignmagazine.com\/mag\/wp-content\/uploads\/2023\/03\/DORSI-STUDIO_TAVOLO-PALINA_03-1024x656.jpg\" data-id=\"48162\" src=\"https:\/\/socialdesignmagazine.com\/mag\/wp-content\/uploads\/2023\/03\/DORSI-STUDIO_TAVOLO-PALINA_03-1024x656.jpg\" alt=\"DORSI STUDIO TAVOLO PALINA\" class=\"wp-image-48162\" srcset=\"https:\/\/socialdesignmagazine.com\/mag\/wp-content\/uploads\/2023\/03\/DORSI-STUDIO_TAVOLO-PALINA_03-1024x656.jpg 1024w, https:\/\/socialdesignmagazine.com\/mag\/wp-content\/uploads\/2023\/03\/DORSI-STUDIO_TAVOLO-PALINA_03-768x492.jpg 768w, https:\/\/socialdesignmagazine.com\/mag\/wp-content\/uploads\/2023\/03\/DORSI-STUDIO_TAVOLO-PALINA_03.jpg 1200w\" sizes=\"auto, (max-width: 1024px) 100vw, 1024px\" \/><\/figure>\n\n\n\n<figure class=\"wp-block-image size-large\"><img loading=\"lazy\" decoding=\"async\" width=\"1024\" height=\"656\" data-attachment-id=\"48168\" data-permalink=\"https:\/\/socialdesignmagazine.com\/mag\/design\/il-tavolo-palina-al-salone-del-mobile-2023-un-omaggio-al-patrimonio-culturale-veneziano\/attachment\/dorsi-studio_tavolo-palina_06\/#content\" data-orig-file=\"https:\/\/socialdesignmagazine.com\/mag\/wp-content\/uploads\/2023\/03\/DORSI-STUDIO_TAVOLO-PALINA_06.jpg\" data-orig-size=\"1200,769\" data-comments-opened=\"1\" data-image-meta=\"{&quot;aperture&quot;:&quot;0&quot;,&quot;credit&quot;:&quot;&quot;,&quot;camera&quot;:&quot;&quot;,&quot;caption&quot;:&quot;&quot;,&quot;created_timestamp&quot;:&quot;0&quot;,&quot;copyright&quot;:&quot;&quot;,&quot;focal_length&quot;:&quot;0&quot;,&quot;iso&quot;:&quot;0&quot;,&quot;shutter_speed&quot;:&quot;0&quot;,&quot;title&quot;:&quot;&quot;,&quot;orientation&quot;:&quot;0&quot;}\" data-image-title=\"DORSI STUDIO TAVOLO PALINA\" data-image-description=\"\" data-image-caption=\"\" data-medium-file=\"https:\/\/socialdesignmagazine.com\/mag\/wp-content\/uploads\/2023\/03\/DORSI-STUDIO_TAVOLO-PALINA_06-438x283.jpg\" data-large-file=\"https:\/\/socialdesignmagazine.com\/mag\/wp-content\/uploads\/2023\/03\/DORSI-STUDIO_TAVOLO-PALINA_06-1024x656.jpg\" data-id=\"48168\" src=\"https:\/\/socialdesignmagazine.com\/mag\/wp-content\/uploads\/2023\/03\/DORSI-STUDIO_TAVOLO-PALINA_06-1024x656.jpg\" alt=\"DORSI STUDIO TAVOLO PALINA\" class=\"wp-image-48168\" srcset=\"https:\/\/socialdesignmagazine.com\/mag\/wp-content\/uploads\/2023\/03\/DORSI-STUDIO_TAVOLO-PALINA_06-1024x656.jpg 1024w, https:\/\/socialdesignmagazine.com\/mag\/wp-content\/uploads\/2023\/03\/DORSI-STUDIO_TAVOLO-PALINA_06-768x492.jpg 768w, https:\/\/socialdesignmagazine.com\/mag\/wp-content\/uploads\/2023\/03\/DORSI-STUDIO_TAVOLO-PALINA_06.jpg 1200w\" sizes=\"auto, (max-width: 1024px) 100vw, 1024px\" \/><\/figure>\n<\/figure>\n","protected":false,"gt_translate_keys":[{"key":"rendered","format":"html"}]},"excerpt":{"rendered":"<p>Il Tavolo Palina rappresenta l\u2019incontro tra la tradizione veneta e il design contemporaneo, dando vita ad un oggetto d\u2019arredo unico e ricco di fascino.<\/p>\n","protected":false,"gt_translate_keys":[{"key":"rendered","format":"html"}]},"author":1,"featured_media":48171,"comment_status":"open","ping_status":"open","sticky":false,"template":"","format":"standard","meta":{"jetpack_post_was_ever_published":false,"_jetpack_newsletter_access":"","_jetpack_dont_email_post_to_subs":false,"_jetpack_newsletter_tier_id":0,"_jetpack_memberships_contains_paywalled_content":false,"_jetpack_memberships_contains_paid_content":false,"footnotes":"","_wpscppro_dont_share_socialmedia":false,"_wpscppro_custom_social_share_image":0,"_facebook_share_type":"","_twitter_share_type":"","_linkedin_share_type":"","_pinterest_share_type":"","_linkedin_share_type_page":"","_instagram_share_type":"","_medium_share_type":"","_threads_share_type":"","_google_business_share_type":"","_selected_social_profile":[],"_wpsp_enable_custom_social_template":false,"_wpsp_social_scheduling":{"enabled":false,"datetime":null,"platforms":[],"status":"template_only","dateOption":"today","timeOption":"now","customDays":"","customHours":"","customDate":"","customTime":"","schedulingType":"absolute"},"_wpsp_active_default_template":true},"categories":[13],"tags":[6475,6474,582],"class_list":["post-48161","post","type-post","status-publish","format-standard","has-post-thumbnail","hentry","category-design","tag-mdw-2023","tag-salone-del-mobile-2023","tag-tavolo"],"yoast_head":"<!-- This site is optimized with the Yoast SEO plugin v27.2 - https:\/\/yoast.com\/product\/yoast-seo-wordpress\/ -->\n<title>Il Tavolo Palina al Salone del Mobile 2023: un omaggio al patrimonio culturale veneziano - Social Design Magazine<\/title>\n<meta name=\"description\" content=\"Il Tavolo Palina rappresenta l\u2019incontro tra la tradizione veneta e il design contemporaneo, dando vita ad un oggetto d\u2019arredo unico e ricco di fascino.\" \/>\n<meta name=\"robots\" content=\"index, follow, max-snippet:-1, max-image-preview:large, max-video-preview:-1\" \/>\n<link rel=\"canonical\" href=\"https:\/\/socialdesignmagazine.com\/mag\/design\/il-tavolo-palina-al-salone-del-mobile-2023-un-omaggio-al-patrimonio-culturale-veneziano\/\" \/>\n<meta property=\"og:locale\" content=\"it_IT\" \/>\n<meta property=\"og:type\" content=\"article\" \/>\n<meta property=\"og:title\" content=\"Il Tavolo Palina al Salone del Mobile 2023: un omaggio al patrimonio culturale veneziano - Social Design Magazine\" \/>\n<meta property=\"og:description\" content=\"Il Tavolo Palina rappresenta l\u2019incontro tra la tradizione veneta e il design contemporaneo, dando vita ad un oggetto d\u2019arredo unico e ricco di fascino.\" \/>\n<meta property=\"og:url\" content=\"http:\/\/socialdesignmagazine.com\/mag\/design\/il-tavolo-palina-al-salone-del-mobile-2023-un-omaggio-al-patrimonio-culturale-veneziano\/\" \/>\n<meta property=\"og:site_name\" content=\"Social Design Magazine\" \/>\n<meta property=\"article:publisher\" content=\"https:\/\/www.facebook.com\/socialdesignmag\" \/>\n<meta property=\"article:author\" content=\"https:\/\/www.facebook.com\/benedettofiori\" \/>\n<meta property=\"article:published_time\" content=\"2023-03-09T11:57:00+00:00\" \/>\n<meta property=\"og:image\" content=\"https:\/\/socialdesignmagazine.com\/mag\/wp-content\/uploads\/2023\/03\/DORSI-STUDIO_TAVOLO-PALINA_07.jpg\" \/>\n\t<meta property=\"og:image:width\" content=\"1200\" \/>\n\t<meta property=\"og:image:height\" content=\"769\" \/>\n\t<meta property=\"og:image:type\" content=\"image\/jpeg\" \/>\n<meta name=\"author\" content=\"Benedetto Fiori\" \/>\n<meta name=\"twitter:card\" content=\"summary_large_image\" \/>\n<meta name=\"twitter:creator\" content=\"@benedettofiori\" \/>\n<meta name=\"twitter:site\" content=\"@socialdesignmag\" \/>\n<meta name=\"twitter:label1\" content=\"Scritto da\" \/>\n\t<meta name=\"twitter:data1\" content=\"Benedetto Fiori\" \/>\n\t<meta name=\"twitter:label2\" content=\"Tempo di lettura stimato\" \/>\n\t<meta name=\"twitter:data2\" content=\"4 minuti\" \/>\n<script type=\"application\/ld+json\" class=\"yoast-schema-graph\">{\"@context\":\"https:\/\/schema.org\",\"@graph\":[{\"@type\":\"Article\",\"@id\":\"https:\/\/socialdesignmagazine.com\/mag\/design\/il-tavolo-palina-al-salone-del-mobile-2023-un-omaggio-al-patrimonio-culturale-veneziano\/#article\",\"isPartOf\":{\"@id\":\"https:\/\/socialdesignmagazine.com\/mag\/design\/il-tavolo-palina-al-salone-del-mobile-2023-un-omaggio-al-patrimonio-culturale-veneziano\/\"},\"author\":{\"name\":\"Benedetto Fiori\",\"@id\":\"https:\/\/socialdesignmagazine.com\/mag\/#\/schema\/person\/61e20205cc363c315e6aabd33a045846\"},\"headline\":\"Il Tavolo Palina al Salone del Mobile 2023: un omaggio al patrimonio culturale veneziano\",\"datePublished\":\"2023-03-09T11:57:00+00:00\",\"mainEntityOfPage\":{\"@id\":\"https:\/\/socialdesignmagazine.com\/mag\/design\/il-tavolo-palina-al-salone-del-mobile-2023-un-omaggio-al-patrimonio-culturale-veneziano\/\"},\"wordCount\":257,\"commentCount\":0,\"publisher\":{\"@id\":\"https:\/\/socialdesignmagazine.com\/mag\/#organization\"},\"image\":{\"@id\":\"https:\/\/socialdesignmagazine.com\/mag\/design\/il-tavolo-palina-al-salone-del-mobile-2023-un-omaggio-al-patrimonio-culturale-veneziano\/#primaryimage\"},\"thumbnailUrl\":\"https:\/\/socialdesignmagazine.com\/mag\/wp-content\/uploads\/2023\/03\/DORSI-STUDIO_TAVOLO-PALINA_07.jpg\",\"keywords\":[\"mdw 2023\",\"salone del mobile 2023\",\"tavolo\"],\"articleSection\":[\"Design\"],\"inLanguage\":\"it-IT\",\"potentialAction\":[{\"@type\":\"CommentAction\",\"name\":\"Comment\",\"target\":[\"https:\/\/socialdesignmagazine.com\/mag\/design\/il-tavolo-palina-al-salone-del-mobile-2023-un-omaggio-al-patrimonio-culturale-veneziano\/#respond\"]}]},{\"@type\":\"WebPage\",\"@id\":\"https:\/\/socialdesignmagazine.com\/mag\/design\/il-tavolo-palina-al-salone-del-mobile-2023-un-omaggio-al-patrimonio-culturale-veneziano\/\",\"url\":\"https:\/\/socialdesignmagazine.com\/mag\/design\/il-tavolo-palina-al-salone-del-mobile-2023-un-omaggio-al-patrimonio-culturale-veneziano\/\",\"name\":\"Il Tavolo Palina al Salone del Mobile 2023: un omaggio al patrimonio culturale veneziano - Social Design Magazine\",\"isPartOf\":{\"@id\":\"https:\/\/socialdesignmagazine.com\/mag\/#website\"},\"primaryImageOfPage\":{\"@id\":\"https:\/\/socialdesignmagazine.com\/mag\/design\/il-tavolo-palina-al-salone-del-mobile-2023-un-omaggio-al-patrimonio-culturale-veneziano\/#primaryimage\"},\"image\":{\"@id\":\"https:\/\/socialdesignmagazine.com\/mag\/design\/il-tavolo-palina-al-salone-del-mobile-2023-un-omaggio-al-patrimonio-culturale-veneziano\/#primaryimage\"},\"thumbnailUrl\":\"https:\/\/socialdesignmagazine.com\/mag\/wp-content\/uploads\/2023\/03\/DORSI-STUDIO_TAVOLO-PALINA_07.jpg\",\"datePublished\":\"2023-03-09T11:57:00+00:00\",\"description\":\"Il Tavolo Palina rappresenta l\u2019incontro tra la tradizione veneta e il design contemporaneo, dando vita ad un oggetto d\u2019arredo unico e ricco di fascino.\",\"breadcrumb\":{\"@id\":\"https:\/\/socialdesignmagazine.com\/mag\/design\/il-tavolo-palina-al-salone-del-mobile-2023-un-omaggio-al-patrimonio-culturale-veneziano\/#breadcrumb\"},\"inLanguage\":\"it-IT\",\"potentialAction\":[{\"@type\":\"ReadAction\",\"target\":[\"https:\/\/socialdesignmagazine.com\/mag\/design\/il-tavolo-palina-al-salone-del-mobile-2023-un-omaggio-al-patrimonio-culturale-veneziano\/\"]}]},{\"@type\":\"ImageObject\",\"inLanguage\":\"it-IT\",\"@id\":\"https:\/\/socialdesignmagazine.com\/mag\/design\/il-tavolo-palina-al-salone-del-mobile-2023-un-omaggio-al-patrimonio-culturale-veneziano\/#primaryimage\",\"url\":\"https:\/\/socialdesignmagazine.com\/mag\/wp-content\/uploads\/2023\/03\/DORSI-STUDIO_TAVOLO-PALINA_07.jpg\",\"contentUrl\":\"https:\/\/socialdesignmagazine.com\/mag\/wp-content\/uploads\/2023\/03\/DORSI-STUDIO_TAVOLO-PALINA_07.jpg\",\"width\":1200,\"height\":769,\"caption\":\"DORSI STUDIO TAVOLO PALINA\"},{\"@type\":\"BreadcrumbList\",\"@id\":\"https:\/\/socialdesignmagazine.com\/mag\/design\/il-tavolo-palina-al-salone-del-mobile-2023-un-omaggio-al-patrimonio-culturale-veneziano\/#breadcrumb\",\"itemListElement\":[{\"@type\":\"ListItem\",\"position\":1,\"name\":\"Home\",\"item\":\"https:\/\/socialdesignmagazine.com\/mag\/\"},{\"@type\":\"ListItem\",\"position\":2,\"name\":\"Design\",\"item\":\"https:\/\/socialdesignmagazine.com\/mag\/design\/\"},{\"@type\":\"ListItem\",\"position\":3,\"name\":\"Il Tavolo Palina al Salone del Mobile 2023: un omaggio al patrimonio culturale veneziano\"}]},{\"@type\":\"WebSite\",\"@id\":\"https:\/\/socialdesignmagazine.com\/mag\/#website\",\"url\":\"https:\/\/socialdesignmagazine.com\/mag\/\",\"name\":\"Social Design Magazine\",\"description\":\"Social Magazine su Design, Architettura, Arte, Grafica\",\"publisher\":{\"@id\":\"https:\/\/socialdesignmagazine.com\/mag\/#organization\"},\"potentialAction\":[{\"@type\":\"SearchAction\",\"target\":{\"@type\":\"EntryPoint\",\"urlTemplate\":\"https:\/\/socialdesignmagazine.com\/mag\/?s={search_term_string}\"},\"query-input\":{\"@type\":\"PropertyValueSpecification\",\"valueRequired\":true,\"valueName\":\"search_term_string\"}}],\"inLanguage\":\"it-IT\"},{\"@type\":\"Organization\",\"@id\":\"https:\/\/socialdesignmagazine.com\/mag\/#organization\",\"name\":\"Social Design Magazine\",\"url\":\"https:\/\/socialdesignmagazine.com\/mag\/\",\"logo\":{\"@type\":\"ImageObject\",\"inLanguage\":\"it-IT\",\"@id\":\"https:\/\/socialdesignmagazine.com\/mag\/#\/schema\/logo\/image\/\",\"url\":\"https:\/\/socialdesignmagazine.com\/mag\/wp-content\/uploads\/2017\/01\/logo_favicon_11.png\",\"contentUrl\":\"https:\/\/socialdesignmagazine.com\/mag\/wp-content\/uploads\/2017\/01\/logo_favicon_11.png\",\"width\":1024,\"height\":1024,\"caption\":\"Social Design Magazine\"},\"image\":{\"@id\":\"https:\/\/socialdesignmagazine.com\/mag\/#\/schema\/logo\/image\/\"},\"sameAs\":[\"https:\/\/www.facebook.com\/socialdesignmag\",\"https:\/\/x.com\/socialdesignmag\",\"http:\/\/instagram.com\/social_design_magazine\/\",\"http:\/\/pinterest.com\/socialdesignmag\/\",\"http:\/\/www.youtube.com\/user\/socialdesignmagazine\"]},{\"@type\":\"Person\",\"@id\":\"https:\/\/socialdesignmagazine.com\/mag\/#\/schema\/person\/61e20205cc363c315e6aabd33a045846\",\"name\":\"Benedetto Fiori\",\"image\":{\"@type\":\"ImageObject\",\"inLanguage\":\"it-IT\",\"@id\":\"https:\/\/secure.gravatar.com\/avatar\/450a48cefa36da63d920ad70aa660bd10725b1c6093800242e5efdb397759033?s=96&d=mm&r=g\",\"url\":\"https:\/\/secure.gravatar.com\/avatar\/450a48cefa36da63d920ad70aa660bd10725b1c6093800242e5efdb397759033?s=96&d=mm&r=g\",\"contentUrl\":\"https:\/\/secure.gravatar.com\/avatar\/450a48cefa36da63d920ad70aa660bd10725b1c6093800242e5efdb397759033?s=96&d=mm&r=g\",\"caption\":\"Benedetto Fiori\"},\"description\":\"Web | Twitter | Facebook | Shutterstock Founder &amp; Editor in Chief di Social Design Magazine. Attratto da sempre da tutto ci\u00f2 che \u00e8 creativit\u00e0, design, architettura. Dopo aver studiato Architettura all'Universit\u00e0 di Firenze, si \u00e8 impegnato in molteplici campi: comunicazione grafica, progettazione di allestimenti fieristici, brand design, Interior Design.\",\"sameAs\":[\"http:\/\/benedettofiori.com\",\"https:\/\/www.facebook.com\/benedettofiori\",\"https:\/\/x.com\/benedettofiori\"],\"url\":\"https:\/\/socialdesignmagazine.com\/mag\/author\/benedetto\/\"}]}<\/script>\n<!-- \/ Yoast SEO plugin. -->","yoast_head_json":{"title":"Il Tavolo Palina al Salone del Mobile 2023: un omaggio al patrimonio culturale veneziano - Social Design Magazine","description":"Il Tavolo Palina rappresenta l\u2019incontro tra la tradizione veneta e il design contemporaneo, dando vita ad un oggetto d\u2019arredo unico e ricco di fascino.","robots":{"index":"index","follow":"follow","max-snippet":"max-snippet:-1","max-image-preview":"max-image-preview:large","max-video-preview":"max-video-preview:-1"},"canonical":"https:\/\/socialdesignmagazine.com\/mag\/design\/il-tavolo-palina-al-salone-del-mobile-2023-un-omaggio-al-patrimonio-culturale-veneziano\/","og_locale":"it_IT","og_type":"article","og_title":"Il Tavolo Palina al Salone del Mobile 2023: un omaggio al patrimonio culturale veneziano - Social Design Magazine","og_description":"Il Tavolo Palina rappresenta l\u2019incontro tra la tradizione veneta e il design contemporaneo, dando vita ad un oggetto d\u2019arredo unico e ricco di fascino.","og_url":"http:\/\/socialdesignmagazine.com\/mag\/design\/il-tavolo-palina-al-salone-del-mobile-2023-un-omaggio-al-patrimonio-culturale-veneziano\/","og_site_name":"Social Design Magazine","article_publisher":"https:\/\/www.facebook.com\/socialdesignmag","article_author":"https:\/\/www.facebook.com\/benedettofiori","article_published_time":"2023-03-09T11:57:00+00:00","og_image":[{"width":1200,"height":769,"url":"https:\/\/socialdesignmagazine.com\/mag\/wp-content\/uploads\/2023\/03\/DORSI-STUDIO_TAVOLO-PALINA_07.jpg","type":"image\/jpeg"}],"author":"Benedetto Fiori","twitter_card":"summary_large_image","twitter_creator":"@benedettofiori","twitter_site":"@socialdesignmag","twitter_misc":{"Scritto da":"Benedetto Fiori","Tempo di lettura stimato":"4 minuti"},"schema":{"@context":"https:\/\/schema.org","@graph":[{"@type":"Article","@id":"https:\/\/socialdesignmagazine.com\/mag\/design\/il-tavolo-palina-al-salone-del-mobile-2023-un-omaggio-al-patrimonio-culturale-veneziano\/#article","isPartOf":{"@id":"https:\/\/socialdesignmagazine.com\/mag\/design\/il-tavolo-palina-al-salone-del-mobile-2023-un-omaggio-al-patrimonio-culturale-veneziano\/"},"author":{"name":"Benedetto Fiori","@id":"https:\/\/socialdesignmagazine.com\/mag\/#\/schema\/person\/61e20205cc363c315e6aabd33a045846"},"headline":"Il Tavolo Palina al Salone del Mobile 2023: un omaggio al patrimonio culturale veneziano","datePublished":"2023-03-09T11:57:00+00:00","mainEntityOfPage":{"@id":"https:\/\/socialdesignmagazine.com\/mag\/design\/il-tavolo-palina-al-salone-del-mobile-2023-un-omaggio-al-patrimonio-culturale-veneziano\/"},"wordCount":257,"commentCount":0,"publisher":{"@id":"https:\/\/socialdesignmagazine.com\/mag\/#organization"},"image":{"@id":"https:\/\/socialdesignmagazine.com\/mag\/design\/il-tavolo-palina-al-salone-del-mobile-2023-un-omaggio-al-patrimonio-culturale-veneziano\/#primaryimage"},"thumbnailUrl":"https:\/\/socialdesignmagazine.com\/mag\/wp-content\/uploads\/2023\/03\/DORSI-STUDIO_TAVOLO-PALINA_07.jpg","keywords":["mdw 2023","salone del mobile 2023","tavolo"],"articleSection":["Design"],"inLanguage":"it-IT","potentialAction":[{"@type":"CommentAction","name":"Comment","target":["https:\/\/socialdesignmagazine.com\/mag\/design\/il-tavolo-palina-al-salone-del-mobile-2023-un-omaggio-al-patrimonio-culturale-veneziano\/#respond"]}]},{"@type":"WebPage","@id":"https:\/\/socialdesignmagazine.com\/mag\/design\/il-tavolo-palina-al-salone-del-mobile-2023-un-omaggio-al-patrimonio-culturale-veneziano\/","url":"https:\/\/socialdesignmagazine.com\/mag\/design\/il-tavolo-palina-al-salone-del-mobile-2023-un-omaggio-al-patrimonio-culturale-veneziano\/","name":"Il Tavolo Palina al Salone del Mobile 2023: un omaggio al patrimonio culturale veneziano - Social Design Magazine","isPartOf":{"@id":"https:\/\/socialdesignmagazine.com\/mag\/#website"},"primaryImageOfPage":{"@id":"https:\/\/socialdesignmagazine.com\/mag\/design\/il-tavolo-palina-al-salone-del-mobile-2023-un-omaggio-al-patrimonio-culturale-veneziano\/#primaryimage"},"image":{"@id":"https:\/\/socialdesignmagazine.com\/mag\/design\/il-tavolo-palina-al-salone-del-mobile-2023-un-omaggio-al-patrimonio-culturale-veneziano\/#primaryimage"},"thumbnailUrl":"https:\/\/socialdesignmagazine.com\/mag\/wp-content\/uploads\/2023\/03\/DORSI-STUDIO_TAVOLO-PALINA_07.jpg","datePublished":"2023-03-09T11:57:00+00:00","description":"Il Tavolo Palina rappresenta l\u2019incontro tra la tradizione veneta e il design contemporaneo, dando vita ad un oggetto d\u2019arredo unico e ricco di fascino.","breadcrumb":{"@id":"https:\/\/socialdesignmagazine.com\/mag\/design\/il-tavolo-palina-al-salone-del-mobile-2023-un-omaggio-al-patrimonio-culturale-veneziano\/#breadcrumb"},"inLanguage":"it-IT","potentialAction":[{"@type":"ReadAction","target":["https:\/\/socialdesignmagazine.com\/mag\/design\/il-tavolo-palina-al-salone-del-mobile-2023-un-omaggio-al-patrimonio-culturale-veneziano\/"]}]},{"@type":"ImageObject","inLanguage":"it-IT","@id":"https:\/\/socialdesignmagazine.com\/mag\/design\/il-tavolo-palina-al-salone-del-mobile-2023-un-omaggio-al-patrimonio-culturale-veneziano\/#primaryimage","url":"https:\/\/socialdesignmagazine.com\/mag\/wp-content\/uploads\/2023\/03\/DORSI-STUDIO_TAVOLO-PALINA_07.jpg","contentUrl":"https:\/\/socialdesignmagazine.com\/mag\/wp-content\/uploads\/2023\/03\/DORSI-STUDIO_TAVOLO-PALINA_07.jpg","width":1200,"height":769,"caption":"DORSI STUDIO TAVOLO PALINA"},{"@type":"BreadcrumbList","@id":"https:\/\/socialdesignmagazine.com\/mag\/design\/il-tavolo-palina-al-salone-del-mobile-2023-un-omaggio-al-patrimonio-culturale-veneziano\/#breadcrumb","itemListElement":[{"@type":"ListItem","position":1,"name":"Home","item":"https:\/\/socialdesignmagazine.com\/mag\/"},{"@type":"ListItem","position":2,"name":"Design","item":"https:\/\/socialdesignmagazine.com\/mag\/design\/"},{"@type":"ListItem","position":3,"name":"Il Tavolo Palina al Salone del Mobile 2023: un omaggio al patrimonio culturale veneziano"}]},{"@type":"WebSite","@id":"https:\/\/socialdesignmagazine.com\/mag\/#website","url":"https:\/\/socialdesignmagazine.com\/mag\/","name":"Social Design Magazine","description":"Social Magazine su Design, Architettura, Arte, Grafica","publisher":{"@id":"https:\/\/socialdesignmagazine.com\/mag\/#organization"},"potentialAction":[{"@type":"SearchAction","target":{"@type":"EntryPoint","urlTemplate":"https:\/\/socialdesignmagazine.com\/mag\/?s={search_term_string}"},"query-input":{"@type":"PropertyValueSpecification","valueRequired":true,"valueName":"search_term_string"}}],"inLanguage":"it-IT"},{"@type":"Organization","@id":"https:\/\/socialdesignmagazine.com\/mag\/#organization","name":"Social Design Magazine","url":"https:\/\/socialdesignmagazine.com\/mag\/","logo":{"@type":"ImageObject","inLanguage":"it-IT","@id":"https:\/\/socialdesignmagazine.com\/mag\/#\/schema\/logo\/image\/","url":"https:\/\/socialdesignmagazine.com\/mag\/wp-content\/uploads\/2017\/01\/logo_favicon_11.png","contentUrl":"https:\/\/socialdesignmagazine.com\/mag\/wp-content\/uploads\/2017\/01\/logo_favicon_11.png","width":1024,"height":1024,"caption":"Social Design Magazine"},"image":{"@id":"https:\/\/socialdesignmagazine.com\/mag\/#\/schema\/logo\/image\/"},"sameAs":["https:\/\/www.facebook.com\/socialdesignmag","https:\/\/x.com\/socialdesignmag","http:\/\/instagram.com\/social_design_magazine\/","http:\/\/pinterest.com\/socialdesignmag\/","http:\/\/www.youtube.com\/user\/socialdesignmagazine"]},{"@type":"Person","@id":"https:\/\/socialdesignmagazine.com\/mag\/#\/schema\/person\/61e20205cc363c315e6aabd33a045846","name":"Benedetto Fiori","image":{"@type":"ImageObject","inLanguage":"it-IT","@id":"https:\/\/secure.gravatar.com\/avatar\/450a48cefa36da63d920ad70aa660bd10725b1c6093800242e5efdb397759033?s=96&d=mm&r=g","url":"https:\/\/secure.gravatar.com\/avatar\/450a48cefa36da63d920ad70aa660bd10725b1c6093800242e5efdb397759033?s=96&d=mm&r=g","contentUrl":"https:\/\/secure.gravatar.com\/avatar\/450a48cefa36da63d920ad70aa660bd10725b1c6093800242e5efdb397759033?s=96&d=mm&r=g","caption":"Benedetto Fiori"},"description":"Web | Twitter | Facebook | Shutterstock Founder &amp; Editor in Chief di Social Design Magazine. Attratto da sempre da tutto ci\u00f2 che \u00e8 creativit\u00e0, design, architettura. Dopo aver studiato Architettura all'Universit\u00e0 di Firenze, si \u00e8 impegnato in molteplici campi: comunicazione grafica, progettazione di allestimenti fieristici, brand design, Interior Design.","sameAs":["http:\/\/benedettofiori.com","https:\/\/www.facebook.com\/benedettofiori","https:\/\/x.com\/benedettofiori"],"url":"https:\/\/socialdesignmagazine.com\/mag\/author\/benedetto\/"}]}},"jetpack_featured_media_url":"https:\/\/socialdesignmagazine.com\/mag\/wp-content\/uploads\/2023\/03\/DORSI-STUDIO_TAVOLO-PALINA_07.jpg","jetpack_sharing_enabled":true,"jetpack_shortlink":"https:\/\/wp.me\/p6cV7V-cwN","gt_translate_keys":[{"key":"link","format":"url"}],"_links":{"self":[{"href":"https:\/\/socialdesignmagazine.com\/mag\/wp-json\/wp\/v2\/posts\/48161","targetHints":{"allow":["GET"]}}],"collection":[{"href":"https:\/\/socialdesignmagazine.com\/mag\/wp-json\/wp\/v2\/posts"}],"about":[{"href":"https:\/\/socialdesignmagazine.com\/mag\/wp-json\/wp\/v2\/types\/post"}],"author":[{"embeddable":true,"href":"https:\/\/socialdesignmagazine.com\/mag\/wp-json\/wp\/v2\/users\/1"}],"replies":[{"embeddable":true,"href":"https:\/\/socialdesignmagazine.com\/mag\/wp-json\/wp\/v2\/comments?post=48161"}],"version-history":[{"count":1,"href":"https:\/\/socialdesignmagazine.com\/mag\/wp-json\/wp\/v2\/posts\/48161\/revisions"}],"predecessor-version":[{"id":48174,"href":"https:\/\/socialdesignmagazine.com\/mag\/wp-json\/wp\/v2\/posts\/48161\/revisions\/48174"}],"wp:featuredmedia":[{"embeddable":true,"href":"https:\/\/socialdesignmagazine.com\/mag\/wp-json\/wp\/v2\/media\/48171"}],"wp:attachment":[{"href":"https:\/\/socialdesignmagazine.com\/mag\/wp-json\/wp\/v2\/media?parent=48161"}],"wp:term":[{"taxonomy":"category","embeddable":true,"href":"https:\/\/socialdesignmagazine.com\/mag\/wp-json\/wp\/v2\/categories?post=48161"},{"taxonomy":"post_tag","embeddable":true,"href":"https:\/\/socialdesignmagazine.com\/mag\/wp-json\/wp\/v2\/tags?post=48161"}],"curies":[{"name":"wp","href":"https:\/\/api.w.org\/{rel}","templated":true}]}}