{"id":48369,"date":"2023-03-10T18:00:00","date_gmt":"2023-03-10T17:00:00","guid":{"rendered":"https:\/\/socialdesignmagazine.com\/mag\/?p=48369"},"modified":"2023-03-27T16:48:20","modified_gmt":"2023-03-27T14:48:20","slug":"il-futuro-e-adesso-progetti-e-pratiche-in-grado-di-innescare-azioni-di-cambiamento-alla-brera-design-week-2023","status":"publish","type":"post","link":"https:\/\/socialdesignmagazine.com\/mag\/news\/design-news\/il-futuro-e-adesso-progetti-e-pratiche-in-grado-di-innescare-azioni-di-cambiamento-alla-brera-design-week-2023\/","title":{"rendered":"Il futuro \u00e8 adesso: progetti e pratiche in grado di innescare azioni di cambiamento alla Brera Design Week 2023","gt_translate_keys":[{"key":"rendered","format":"text"}]},"content":{"rendered":"\n<p>La Brera Design Week, la settimana del design del Brera Design District, si terr\u00e0 dal 17 al 23 aprile a Milano. La 14esima edizione della manifestazione, dedicata al tema &#8220;Il futuro \u00e8 adesso&#8221;, promuove una riflessione sulle sfide della contemporaneit\u00e0, invitando progettisti e creativi a trovare soluzioni innovative ed eco-sostenibili e in grado di innescare azioni di cambiamento.<\/p>\n\n\n\n<p>La Brera Design Week 2023 sar\u00e0 un&#8217;occasione unica per vedere in anteprima i nuovi trend del mondo del design, grazie ai 240 eventi che si svolgeranno in vari spazi espositivi del distretto. Sar\u00e0 anche un&#8217;opportunit\u00e0 per conoscere designer emergenti e scoprire le ultime novit\u00e0 dell&#8217;industria del design.<\/p>\n\n\n\n<p>Il tema &#8220;Il futuro \u00e8 adesso&#8221; vuole stimolare una riflessione sulle sfide della contemporaneit\u00e0, dall&#8217;innovazione dei materiali alla circolarit\u00e0, passando per le nuove sfide di mercato tra esperienza online e offline. Sar\u00e0 un&#8217;occasione per coinvolgere e raccogliere l&#8217;interesse delle nuove generazioni, creando un dialogo tra le diverse realt\u00e0 del mondo del design.<\/p>\n\n\n\n<p>Gli eventi e le installazioni del Brera Design District arricchiranno il palinsesto della Milano Design Week, attirando l&#8217;attenzione dei visitatori e appassionati di design da tutto il mondo. Grazie alla presenza di importanti aziende e designer internazionali, la manifestazione sar\u00e0 un&#8217;occasione per scoprire le ultime tendenze in fatto di design e incontrare i professionisti del settore.<\/p>\n\n\n\n<p>Il progetto \u00e8 curato da Studiolabo, un team di professionisti specializzati in design della comunicazione, che si occupano di digital marketing, concept e graphic design, progettazione web e design strategico. Grazie al loro lavoro, la Brera Design Week 2023 sar\u00e0 un evento unico e innovativo, che mette al centro la creativit\u00e0 e l&#8217;innovazione del mondo del design.<\/p>\n\n\n\n<p>La Brera Design Week \u00e8 anche un&#8217;importante iniziativa per la citt\u00e0 di Milano, che da sempre \u00e8 considerata la capitale del design a livello internazionale. Grazie alla manifestazione, il distretto di Brera diventa un luogo di incontro e di scambio tra i designer e il pubblico, valorizzando il saper fare italiano e promuovendo la sostenibilit\u00e0 e l&#8217;economia circolare.<\/p>\n\n\n\n<p>In conclusione, la Brera Design Week 2023 \u00e8 un appuntamento imperdibile per tutti gli appassionati di design e per chi vuole scoprire le ultime tendenze del settore. Grazie alla presenza di importanti aziende e designer internazionali, la manifestazione sar\u00e0 un&#8217;occasione per scoprire le ultime novit\u00e0 in fatto di design, incontrare i professionisti del settore e partecipare a eventi unici e innovativi.<\/p>\n\n\n\n<h2 class=\"wp-block-heading\">Progetti speciali e iniziative culturali della Brera Design Week 2023<\/h2>\n\n\n\n<p>La Brera Design Week 2023 \u00e8 alle porte e molte sono le novit\u00e0 che si preparano per il grande evento del design milanese. Tra le proposte speciali e le iniziative culturali in programma, spiccano alcune installazioni e progetti di forte impatto visivo e percettivo.<\/p>\n\n\n\n<p>Una delle opere pi\u00f9 interessanti \u00e8 sicuramente <strong>Trame<\/strong>, l\u2019installazione interattiva realizzata da Stark all\u2019interno dell\u2019Acquario Civico di Milano. L\u2019opera invita il visitatore a riflettere sul tema del Fuorisalone 2023, Laboratorio Futuro, proponendo un\u2019esperienza di interazione a pi\u00f9 voci. Grazie alla collaborazione con le architette Alice Buroni e Gloria Lisi insieme ad Alex Buroni, Trame si configura come un\u2019esperienza percettiva che invita il visitatore ad affidarsi ad una comprensione olistica e riflettere su come le nostre azioni, per quanto consapevoli, si intrecciano necessariamente con quelle provenienti da altre vite, tessendo la narrazione creativa che accade ad ogni incontro.<\/p>\n\n\n\n<figure class=\"wp-block-image size-large\"><img loading=\"lazy\" decoding=\"async\" width=\"1024\" height=\"566\" data-attachment-id=\"48373\" data-permalink=\"https:\/\/socialdesignmagazine.com\/mag\/news\/design-news\/il-futuro-e-adesso-progetti-e-pratiche-in-grado-di-innescare-azioni-di-cambiamento-alla-brera-design-week-2023\/attachment\/stark_trame\/#content\" data-orig-file=\"https:\/\/socialdesignmagazine.com\/mag\/wp-content\/uploads\/2023\/03\/\u00a9Stark_TRAME.jpg\" data-orig-size=\"1200,663\" data-comments-opened=\"1\" data-image-meta=\"{&quot;aperture&quot;:&quot;0&quot;,&quot;credit&quot;:&quot;&quot;,&quot;camera&quot;:&quot;&quot;,&quot;caption&quot;:&quot;&quot;,&quot;created_timestamp&quot;:&quot;0&quot;,&quot;copyright&quot;:&quot;&quot;,&quot;focal_length&quot;:&quot;0&quot;,&quot;iso&quot;:&quot;0&quot;,&quot;shutter_speed&quot;:&quot;0&quot;,&quot;title&quot;:&quot;&quot;,&quot;orientation&quot;:&quot;0&quot;}\" data-image-title=\"\u00a9Stark TRAME\" data-image-description=\"\" data-image-caption=\"\" data-medium-file=\"https:\/\/socialdesignmagazine.com\/mag\/wp-content\/uploads\/2023\/03\/\u00a9Stark_TRAME-438x283.jpg\" data-large-file=\"https:\/\/socialdesignmagazine.com\/mag\/wp-content\/uploads\/2023\/03\/\u00a9Stark_TRAME-1024x566.jpg\" src=\"https:\/\/socialdesignmagazine.com\/mag\/wp-content\/uploads\/2023\/03\/\u00a9Stark_TRAME-1024x566.jpg\" alt=\"\u00a9Stark TRAME\" class=\"wp-image-48373\" srcset=\"https:\/\/socialdesignmagazine.com\/mag\/wp-content\/uploads\/2023\/03\/\u00a9Stark_TRAME-1024x566.jpg 1024w, https:\/\/socialdesignmagazine.com\/mag\/wp-content\/uploads\/2023\/03\/\u00a9Stark_TRAME-768x424.jpg 768w, https:\/\/socialdesignmagazine.com\/mag\/wp-content\/uploads\/2023\/03\/\u00a9Stark_TRAME.jpg 1200w\" sizes=\"auto, (max-width: 1024px) 100vw, 1024px\" \/><figcaption class=\"wp-element-caption\">\u00a9Stark TRAME<\/figcaption><\/figure>\n\n\n\n<p>Un\u2019altra installazione da non perdere \u00e8 quella di <strong>glo\u2122 for art<\/strong>, che presenta <strong>\u201cDry Days, Tropical Nights\u201d<\/strong> di Agostino Iacurci. L\u2019opera \u00e8 parte del progetto artistico itinerante glo\u2122 for art, nato per sostenere l\u2019arte e diffondere la cultura, favorendo la democratizzazione dell\u2019esperienza artistica. L\u2019installazione invita lo spettatore a guardare come potrebbe diventare il nostro Pianeta e a costruire un domani migliore tutti insieme.<\/p>\n\n\n\n<figure class=\"wp-block-image size-large\"><img loading=\"lazy\" decoding=\"async\" width=\"1024\" height=\"1536\" data-attachment-id=\"48376\" data-permalink=\"https:\/\/socialdesignmagazine.com\/mag\/news\/design-news\/il-futuro-e-adesso-progetti-e-pratiche-in-grado-di-innescare-azioni-di-cambiamento-alla-brera-design-week-2023\/attachment\/glotm_for_art_illustrazione-iacurci\/#content\" data-orig-file=\"https:\/\/socialdesignmagazine.com\/mag\/wp-content\/uploads\/2023\/03\/\u00a9glotm_for_art_Illustrazione-Iacurci.jpg\" data-orig-size=\"1200,1800\" data-comments-opened=\"1\" data-image-meta=\"{&quot;aperture&quot;:&quot;0&quot;,&quot;credit&quot;:&quot;&quot;,&quot;camera&quot;:&quot;&quot;,&quot;caption&quot;:&quot;&quot;,&quot;created_timestamp&quot;:&quot;0&quot;,&quot;copyright&quot;:&quot;&quot;,&quot;focal_length&quot;:&quot;0&quot;,&quot;iso&quot;:&quot;0&quot;,&quot;shutter_speed&quot;:&quot;0&quot;,&quot;title&quot;:&quot;&quot;,&quot;orientation&quot;:&quot;0&quot;}\" data-image-title=\"\u00a9glotm for art Illustrazione Iacurci\" data-image-description=\"\" data-image-caption=\"\" data-medium-file=\"https:\/\/socialdesignmagazine.com\/mag\/wp-content\/uploads\/2023\/03\/\u00a9glotm_for_art_Illustrazione-Iacurci-438x283.jpg\" data-large-file=\"https:\/\/socialdesignmagazine.com\/mag\/wp-content\/uploads\/2023\/03\/\u00a9glotm_for_art_Illustrazione-Iacurci-1024x1536.jpg\" src=\"https:\/\/socialdesignmagazine.com\/mag\/wp-content\/uploads\/2023\/03\/\u00a9glotm_for_art_Illustrazione-Iacurci-1024x1536.jpg\" alt=\"\u00a9glotm for art Illustrazione Iacurci\" class=\"wp-image-48376\" srcset=\"https:\/\/socialdesignmagazine.com\/mag\/wp-content\/uploads\/2023\/03\/\u00a9glotm_for_art_Illustrazione-Iacurci-1024x1536.jpg 1024w, https:\/\/socialdesignmagazine.com\/mag\/wp-content\/uploads\/2023\/03\/\u00a9glotm_for_art_Illustrazione-Iacurci-768x1152.jpg 768w, https:\/\/socialdesignmagazine.com\/mag\/wp-content\/uploads\/2023\/03\/\u00a9glotm_for_art_Illustrazione-Iacurci.jpg 1200w\" sizes=\"auto, (max-width: 1024px) 100vw, 1024px\" \/><figcaption class=\"wp-element-caption\">\u00a9glotm for art Illustrazione Iacurci<\/figcaption><\/figure>\n\n\n\n<p><strong>Grand Seiko<\/strong>, official timekeeper di Brera Design District, lancia il progetto <strong>ALIVE IN TIME<\/strong>, uno spazio esperienziale dedicato alla riscoperta del valore del tempo. Il percorso si apre con un giardino zen, ricreato all\u2019interno della location, che celebra il valore della ritualit\u00e0 nella cultura giapponese. Per tutta la settimana i visitatori potranno vivere l\u2019esperienza esclusiva di veder nascere un\u2019opera artistica contemplare i gesti e l\u2019espressione della creativit\u00e0. Avranno luogo inoltre workshop su prenotazione in cui poter approcciare la cultura giapponese attraverso differenti tecniche: Shodo, calligrafia giapponese, Ikebana, l\u2019arte giapponese di allestire i fiori, e Origami, l\u2019abilit\u00e0 di ottenere figure piegando la carta applicata.<\/p>\n\n\n\n<figure class=\"wp-block-image size-large\"><img loading=\"lazy\" decoding=\"async\" width=\"1024\" height=\"684\" data-attachment-id=\"48378\" data-permalink=\"https:\/\/socialdesignmagazine.com\/mag\/news\/design-news\/il-futuro-e-adesso-progetti-e-pratiche-in-grado-di-innescare-azioni-di-cambiamento-alla-brera-design-week-2023\/attachment\/grand-seiko_fuorisalone_-zen-garden\/#content\" data-orig-file=\"https:\/\/socialdesignmagazine.com\/mag\/wp-content\/uploads\/2023\/03\/\u00a9Grand-Seiko_Fuorisalone_-Zen-garden.jpg\" data-orig-size=\"1200,801\" data-comments-opened=\"1\" data-image-meta=\"{&quot;aperture&quot;:&quot;0&quot;,&quot;credit&quot;:&quot;&quot;,&quot;camera&quot;:&quot;&quot;,&quot;caption&quot;:&quot;&quot;,&quot;created_timestamp&quot;:&quot;0&quot;,&quot;copyright&quot;:&quot;&quot;,&quot;focal_length&quot;:&quot;0&quot;,&quot;iso&quot;:&quot;0&quot;,&quot;shutter_speed&quot;:&quot;0&quot;,&quot;title&quot;:&quot;&quot;,&quot;orientation&quot;:&quot;0&quot;}\" data-image-title=\"\u00a9Grand Seiko Fuorisalone Zen garden\" data-image-description=\"\" data-image-caption=\"\" data-medium-file=\"https:\/\/socialdesignmagazine.com\/mag\/wp-content\/uploads\/2023\/03\/\u00a9Grand-Seiko_Fuorisalone_-Zen-garden-438x283.jpg\" data-large-file=\"https:\/\/socialdesignmagazine.com\/mag\/wp-content\/uploads\/2023\/03\/\u00a9Grand-Seiko_Fuorisalone_-Zen-garden-1024x684.jpg\" src=\"https:\/\/socialdesignmagazine.com\/mag\/wp-content\/uploads\/2023\/03\/\u00a9Grand-Seiko_Fuorisalone_-Zen-garden-1024x684.jpg\" alt=\"\u00a9Grand Seiko Fuorisalone Zen garden\" class=\"wp-image-48378\" srcset=\"https:\/\/socialdesignmagazine.com\/mag\/wp-content\/uploads\/2023\/03\/\u00a9Grand-Seiko_Fuorisalone_-Zen-garden-1024x684.jpg 1024w, https:\/\/socialdesignmagazine.com\/mag\/wp-content\/uploads\/2023\/03\/\u00a9Grand-Seiko_Fuorisalone_-Zen-garden-100x66.jpg 100w, https:\/\/socialdesignmagazine.com\/mag\/wp-content\/uploads\/2023\/03\/\u00a9Grand-Seiko_Fuorisalone_-Zen-garden-768x513.jpg 768w, https:\/\/socialdesignmagazine.com\/mag\/wp-content\/uploads\/2023\/03\/\u00a9Grand-Seiko_Fuorisalone_-Zen-garden.jpg 1200w\" sizes=\"auto, (max-width: 1024px) 100vw, 1024px\" \/><figcaption class=\"wp-element-caption\">\u00a9Grand Seiko Fuorisalone Zen garden<\/figcaption><\/figure>\n\n\n\n<p><strong>Valcucine<\/strong> presenta <strong>\u201cEcosoph\u00eca\u201d<\/strong>, una riflessione su come l&#8217;azienda immagina il presente ed il futuro dell\u2019architettura e del design della cucina, in relazione ai valori di sostenibilit\u00e0 ed innovazione che da sempre sono parte integrante dell\u2019identit\u00e0 aziendale. Il pubblico potr\u00e0 ammirare i nuovi layout di cucine, i caratteristici \u201cElementi Speciali\u201d, diventati tratto distintivo e simbolo di continua innovazione, le nuove \u201caperture magiche\u201d, associate all\u2019utilizzo di nuovi materiali e finiture in legno, pensate per regalare un senso di calore al tipico design high tech.<\/p>\n\n\n\n<figure class=\"wp-block-image size-large\"><img loading=\"lazy\" decoding=\"async\" width=\"1024\" height=\"724\" data-attachment-id=\"48372\" data-permalink=\"https:\/\/socialdesignmagazine.com\/mag\/news\/design-news\/il-futuro-e-adesso-progetti-e-pratiche-in-grado-di-innescare-azioni-di-cambiamento-alla-brera-design-week-2023\/attachment\/valcucine_disegno-milan-design-week-2023_ecosophia\/#content\" data-orig-file=\"https:\/\/socialdesignmagazine.com\/mag\/wp-content\/uploads\/2023\/03\/\u00a9Valcucine_DISEGNO-MILAN-DESIGN-WEEK-2023_ECOSOPHIA.jpg\" data-orig-size=\"1200,849\" data-comments-opened=\"1\" data-image-meta=\"{&quot;aperture&quot;:&quot;0&quot;,&quot;credit&quot;:&quot;&quot;,&quot;camera&quot;:&quot;&quot;,&quot;caption&quot;:&quot;&quot;,&quot;created_timestamp&quot;:&quot;0&quot;,&quot;copyright&quot;:&quot;&quot;,&quot;focal_length&quot;:&quot;0&quot;,&quot;iso&quot;:&quot;0&quot;,&quot;shutter_speed&quot;:&quot;0&quot;,&quot;title&quot;:&quot;&quot;,&quot;orientation&quot;:&quot;0&quot;}\" data-image-title=\"\u00a9Valcucine DISEGNO MILAN DESIGN WEEK ECOSOPHIA\" data-image-description=\"\" data-image-caption=\"\" data-medium-file=\"https:\/\/socialdesignmagazine.com\/mag\/wp-content\/uploads\/2023\/03\/\u00a9Valcucine_DISEGNO-MILAN-DESIGN-WEEK-2023_ECOSOPHIA-438x283.jpg\" data-large-file=\"https:\/\/socialdesignmagazine.com\/mag\/wp-content\/uploads\/2023\/03\/\u00a9Valcucine_DISEGNO-MILAN-DESIGN-WEEK-2023_ECOSOPHIA-1024x724.jpg\" src=\"https:\/\/socialdesignmagazine.com\/mag\/wp-content\/uploads\/2023\/03\/\u00a9Valcucine_DISEGNO-MILAN-DESIGN-WEEK-2023_ECOSOPHIA-1024x724.jpg\" alt=\"\u00a9Valcucine DISEGNO MILAN DESIGN WEEK ECOSOPHIA\" class=\"wp-image-48372\" srcset=\"https:\/\/socialdesignmagazine.com\/mag\/wp-content\/uploads\/2023\/03\/\u00a9Valcucine_DISEGNO-MILAN-DESIGN-WEEK-2023_ECOSOPHIA-1024x724.jpg 1024w, https:\/\/socialdesignmagazine.com\/mag\/wp-content\/uploads\/2023\/03\/\u00a9Valcucine_DISEGNO-MILAN-DESIGN-WEEK-2023_ECOSOPHIA-768x543.jpg 768w, https:\/\/socialdesignmagazine.com\/mag\/wp-content\/uploads\/2023\/03\/\u00a9Valcucine_DISEGNO-MILAN-DESIGN-WEEK-2023_ECOSOPHIA.jpg 1200w\" sizes=\"auto, (max-width: 1024px) 100vw, 1024px\" \/><figcaption class=\"wp-element-caption\">\u00a9Valcucine DISEGNO MILAN DESIGN WEEK ECOSOPHIA<\/figcaption><\/figure>\n\n\n\n<p><strong>\u201cTRUE TO FOOD LAB\u201d<\/strong>, organizzata dal brand <strong>Signature Kitchen Suite<\/strong> presso il suo showroom di Via Manzoni a Milano. L&#8217;azienda si fa portavoce della filiera agroalimentare e della produzione, conservazione e consumo del cibo di qualit\u00e0, proponendo un percorso tecnologico e interattivo che coinvolge tutti i sensi.<\/p>\n\n\n\n<p>Un altro progetto interessante \u00e8 <strong>&#8220;Surfaces with a View &#8211; unconventional of matter stories&#8221;<\/strong> di <strong>FENIX\u00ae<\/strong>. Lo showroom di Foro Buonaparte si trasforma in un grande teatro dove gli spazi diventano palcoscenici rivestiti con materiali dai ricercati abbinamenti cromatici, creando un ambiente di interazione e inclusione. In occasione del 10\u00b0 anniversario di FENIX, viene presentato il futuro delle superfici e dei materiali proposti dall\u2019azienda, raccontando modi futuri di concepire spazi che coniugano retail, arte e intrattenimento. Il design \u00e8 firmato da Zanellato\/Bortotto insieme a Musa.<\/p>\n\n\n\n<figure class=\"wp-block-image size-large\"><img loading=\"lazy\" decoding=\"async\" width=\"1024\" height=\"565\" data-attachment-id=\"48379\" data-permalink=\"https:\/\/socialdesignmagazine.com\/mag\/news\/design-news\/il-futuro-e-adesso-progetti-e-pratiche-in-grado-di-innescare-azioni-di-cambiamento-alla-brera-design-week-2023\/attachment\/fenix_surfaceswithaview_3a\/#content\" data-orig-file=\"https:\/\/socialdesignmagazine.com\/mag\/wp-content\/uploads\/2023\/03\/\u00a9FENIX_surfaceswithaview_3a.jpg\" data-orig-size=\"1200,662\" data-comments-opened=\"1\" data-image-meta=\"{&quot;aperture&quot;:&quot;0&quot;,&quot;credit&quot;:&quot;&quot;,&quot;camera&quot;:&quot;&quot;,&quot;caption&quot;:&quot;&quot;,&quot;created_timestamp&quot;:&quot;0&quot;,&quot;copyright&quot;:&quot;&quot;,&quot;focal_length&quot;:&quot;0&quot;,&quot;iso&quot;:&quot;0&quot;,&quot;shutter_speed&quot;:&quot;0&quot;,&quot;title&quot;:&quot;&quot;,&quot;orientation&quot;:&quot;0&quot;}\" data-image-title=\"\u00a9FENIX surfaceswithaview a\" data-image-description=\"\" data-image-caption=\"\" data-medium-file=\"https:\/\/socialdesignmagazine.com\/mag\/wp-content\/uploads\/2023\/03\/\u00a9FENIX_surfaceswithaview_3a-438x283.jpg\" data-large-file=\"https:\/\/socialdesignmagazine.com\/mag\/wp-content\/uploads\/2023\/03\/\u00a9FENIX_surfaceswithaview_3a-1024x565.jpg\" src=\"https:\/\/socialdesignmagazine.com\/mag\/wp-content\/uploads\/2023\/03\/\u00a9FENIX_surfaceswithaview_3a-1024x565.jpg\" alt=\"\u00a9FENIX surfaceswithaview\" class=\"wp-image-48379\" srcset=\"https:\/\/socialdesignmagazine.com\/mag\/wp-content\/uploads\/2023\/03\/\u00a9FENIX_surfaceswithaview_3a-1024x565.jpg 1024w, https:\/\/socialdesignmagazine.com\/mag\/wp-content\/uploads\/2023\/03\/\u00a9FENIX_surfaceswithaview_3a-768x424.jpg 768w, https:\/\/socialdesignmagazine.com\/mag\/wp-content\/uploads\/2023\/03\/\u00a9FENIX_surfaceswithaview_3a.jpg 1200w\" sizes=\"auto, (max-width: 1024px) 100vw, 1024px\" \/><figcaption class=\"wp-element-caption\">\u00a9FENIX surfaceswithaview<\/figcaption><\/figure>\n\n\n\n<p>Anche il brand <strong>Veuve Clicquot<\/strong> propone un&#8217;esperienza unica: <strong>La Grande Dame 2015 by Paola Paronetto<\/strong>. La Galleria Michel Leo a Brera si trasforma nell&#8217;atelier dell&#8217;artista dove \u00e8 possibile scoprire, degustare e acquistare la cuv\u00e9e e personalizzare il proprio charm dedicato alla Grande Dame 2015. Il progetto \u00e8 un&#8217;occasione per dialogare con l&#8217;artista e partecipare ad appuntamenti speciali.<\/p>\n\n\n\n<figure class=\"wp-block-image size-large\"><img loading=\"lazy\" decoding=\"async\" width=\"1024\" height=\"825\" data-attachment-id=\"48381\" data-permalink=\"https:\/\/socialdesignmagazine.com\/mag\/news\/design-news\/il-futuro-e-adesso-progetti-e-pratiche-in-grado-di-innescare-azioni-di-cambiamento-alla-brera-design-week-2023\/attachment\/giganti_paola-paronetto\/#content\" data-orig-file=\"https:\/\/socialdesignmagazine.com\/mag\/wp-content\/uploads\/2023\/03\/\u00a9GIGANTI_PAOLA-PARONETTO.jpg\" data-orig-size=\"1200,967\" data-comments-opened=\"1\" data-image-meta=\"{&quot;aperture&quot;:&quot;0&quot;,&quot;credit&quot;:&quot;&quot;,&quot;camera&quot;:&quot;&quot;,&quot;caption&quot;:&quot;&quot;,&quot;created_timestamp&quot;:&quot;0&quot;,&quot;copyright&quot;:&quot;&quot;,&quot;focal_length&quot;:&quot;0&quot;,&quot;iso&quot;:&quot;0&quot;,&quot;shutter_speed&quot;:&quot;0&quot;,&quot;title&quot;:&quot;&quot;,&quot;orientation&quot;:&quot;0&quot;}\" data-image-title=\"\u00a9GIGANTI PAOLA PARONETTO\" data-image-description=\"\" data-image-caption=\"\" data-medium-file=\"https:\/\/socialdesignmagazine.com\/mag\/wp-content\/uploads\/2023\/03\/\u00a9GIGANTI_PAOLA-PARONETTO-438x283.jpg\" data-large-file=\"https:\/\/socialdesignmagazine.com\/mag\/wp-content\/uploads\/2023\/03\/\u00a9GIGANTI_PAOLA-PARONETTO-1024x825.jpg\" src=\"https:\/\/socialdesignmagazine.com\/mag\/wp-content\/uploads\/2023\/03\/\u00a9GIGANTI_PAOLA-PARONETTO-1024x825.jpg\" alt=\"\u00a9GIGANTI PAOLA PARONETTO\" class=\"wp-image-48381\" srcset=\"https:\/\/socialdesignmagazine.com\/mag\/wp-content\/uploads\/2023\/03\/\u00a9GIGANTI_PAOLA-PARONETTO-1024x825.jpg 1024w, https:\/\/socialdesignmagazine.com\/mag\/wp-content\/uploads\/2023\/03\/\u00a9GIGANTI_PAOLA-PARONETTO-768x619.jpg 768w, https:\/\/socialdesignmagazine.com\/mag\/wp-content\/uploads\/2023\/03\/\u00a9GIGANTI_PAOLA-PARONETTO.jpg 1200w\" sizes=\"auto, (max-width: 1024px) 100vw, 1024px\" \/><figcaption class=\"wp-element-caption\">\u00a9GIGANTI PAOLA PARONETTO<\/figcaption><\/figure>\n\n\n\n<p><strong>Design Variations 2023<\/strong> presenta <strong>Breath<\/strong>, l&#8217;opera site-specific sulla facciata del Circolo Filologico Milanese, progettata dallo studio Zaven. L\u2019opera \u00e8 realizzata utilizzando una speciale membrana siliconica e si pone come spunto di riflessione sul design come strumento di un approccio multidisciplinare, asse portante del sistema economico e sociale e portatore di innovazione.<\/p>\n\n\n\n<figure class=\"wp-block-image size-large\"><img loading=\"lazy\" decoding=\"async\" width=\"1024\" height=\"997\" data-attachment-id=\"48380\" data-permalink=\"https:\/\/socialdesignmagazine.com\/mag\/news\/design-news\/il-futuro-e-adesso-progetti-e-pratiche-in-grado-di-innescare-azioni-di-cambiamento-alla-brera-design-week-2023\/attachment\/design-variations-2023_-zaven\/#content\" data-orig-file=\"https:\/\/socialdesignmagazine.com\/mag\/wp-content\/uploads\/2023\/03\/\u00a9Design-Variations-2023_-Zaven.jpg\" data-orig-size=\"1200,1168\" data-comments-opened=\"1\" data-image-meta=\"{&quot;aperture&quot;:&quot;0&quot;,&quot;credit&quot;:&quot;&quot;,&quot;camera&quot;:&quot;&quot;,&quot;caption&quot;:&quot;&quot;,&quot;created_timestamp&quot;:&quot;0&quot;,&quot;copyright&quot;:&quot;&quot;,&quot;focal_length&quot;:&quot;0&quot;,&quot;iso&quot;:&quot;0&quot;,&quot;shutter_speed&quot;:&quot;0&quot;,&quot;title&quot;:&quot;&quot;,&quot;orientation&quot;:&quot;0&quot;}\" data-image-title=\"\u00a9Design Variations Zaven\" data-image-description=\"\" data-image-caption=\"\" data-medium-file=\"https:\/\/socialdesignmagazine.com\/mag\/wp-content\/uploads\/2023\/03\/\u00a9Design-Variations-2023_-Zaven-438x283.jpg\" data-large-file=\"https:\/\/socialdesignmagazine.com\/mag\/wp-content\/uploads\/2023\/03\/\u00a9Design-Variations-2023_-Zaven-1024x997.jpg\" src=\"https:\/\/socialdesignmagazine.com\/mag\/wp-content\/uploads\/2023\/03\/\u00a9Design-Variations-2023_-Zaven-1024x997.jpg\" alt=\"\u00a9Design Variations Zaven\" class=\"wp-image-48380\" srcset=\"https:\/\/socialdesignmagazine.com\/mag\/wp-content\/uploads\/2023\/03\/\u00a9Design-Variations-2023_-Zaven-1024x997.jpg 1024w, https:\/\/socialdesignmagazine.com\/mag\/wp-content\/uploads\/2023\/03\/\u00a9Design-Variations-2023_-Zaven-768x748.jpg 768w, https:\/\/socialdesignmagazine.com\/mag\/wp-content\/uploads\/2023\/03\/\u00a9Design-Variations-2023_-Zaven.jpg 1200w\" sizes=\"auto, (max-width: 1024px) 100vw, 1024px\" \/><figcaption class=\"wp-element-caption\">\u00a9Design Variations Zaven<\/figcaption><\/figure>\n\n\n\n<p>La mostra collettiva <strong>&#8220;Urgent Legacy&#8221;<\/strong> presenta le risposte innovative e sostenibili di designer emergenti, studi indipendenti, marchi affermati e istituzioni dei settori della formazione e della ricerca svizzeri. House of Switzerland Milano \u00e8 un progetto congiunto di Presenza Svizzera presso il DFAE e della Fondazione svizzera per la cultura Pro Helvetia.<\/p>\n\n\n\n<p><strong>Shift Craft<\/strong> mostra dell&#8217;Artigianato Coreano a Milano. Questa mostra trasmette la melodia unica della sensibilit\u00e0 artigianale coreana attraverso l&#8217;utilizzo di oggetti antichi come il ferro da stiro e promuove una visione del domani in varie variazioni liberate dalla saggezza convenzionale e dalle leggi del settore artigianale. La mostra, organizzata da KCDF (Korea Craft &amp; Design Foundation) e ospitata presso la Fondazione Feltrinelli di Viale Pasubio 5, Milano, vedr\u00e0 la partecipazione di 20 artisti artigianali rappresentativi della Corea, attivi in vari campi tra cui ceramica, metallo, legno, vetro, lacca e pittura. Attraverso dieci diverse interpretazioni artistiche, i visitatori potranno apprezzare le possibilit\u00e0 di passare dalla tradizione alla trasmissione e dall&#8217;adattamento all&#8217;applicazione.<\/p>\n\n\n\n<p><strong>STIGA<\/strong> presenta <strong>&#8220;My Patch of Green&#8221;<\/strong>. STIGA, un gruppo che porta innovazione nel mondo del giardinaggio da oltre 100 anni, offrir\u00e0 per la prima volta un&#8217;esperienza sensoriale immersiva, dove la natura prende vita attraverso la tecnologia. &#8220;My Patch of Green&#8221; sottolinea l&#8217;importanza della cura del proprio giardino e il ruolo che ogni spazio verde, grande o piccolo che sia, gioca all&#8217;interno dell&#8217;ecosistema complesso e in continuo movimento del nostro pianeta.<\/p>\n\n\n\n<p><strong>Cotto d\u2019Este<\/strong> presenter\u00e0 <strong>&#8220;The Secret Garden&#8221;<\/strong>, un&#8217;installazione che trasformer\u00e0 lo showroom di Piazza Castello in un luogo onirico e immaginario. Sculture ceramiche e scenografiche pareti verdi daranno accesso a nuovi mondi, fatti di materia e architettura. La metafora delle svariate opportunit\u00e0 progettuali e creative e lo spazio di sosta e relax per i visitatori saranno realizzati in gr\u00e8s e saranno a disposizione del pubblico.<\/p>\n\n\n\n<p><strong>Visionnaire<\/strong> presenta <strong>&#8220;L\u2019impero dei sensi&#8221;<\/strong>, una collezione dedicata ai sensi come strumenti di conoscenza del mondo. L&#8217;installazione immersiva si terr\u00e0 durante la Milano Design Week 2023 presso la Wunderkammer &#8211; Visionnaire Design Gallery &#8211; e sar\u00e0 arricchita da una performance di danza e dai contributi visivi dedicati ai cinque sensi.<\/p>\n\n\n\n<p><strong>&#8220;Mycelium + Timber&#8221;<\/strong> di <strong>Ecovative<\/strong>. Si tratta di un&#8217;innovativa soluzione per la realizzazione di materiali sostenibili, che unisce il micelio di funghi al legno. Il risultato \u00e8 un materiale resistente, leggero e completamente biodegradabile, che rappresenta una soluzione ecologica per l&#8217;industria del design e dell&#8217;architettura.<\/p>\n\n\n\n<p><strong>Mutina<\/strong> presenta un nuovo progetto di sperimentazione sulla superficie ceramica in collaborazione con la designer Patricia Urquiola e l&#8217;artista Michael Anastassiades. Il progetto sar\u00e0 presentato all&#8217;interno di Casa Mutina Milano, un luogo di incontro e di esposizione dedicato alla bellezza e all&#8217;innovazione nel campo dell&#8217;architettura e del design. Patricia Urquiola, da anni membro del team Mutina, e Michael Anastassiades, artista di fama internazionale, si sono uniti per creare nuove collezioni di superfici ceramiche che rappresentano una sperimentazione senza precedenti. <\/p>\n\n\n\n<p><strong>SolidNature<\/strong>, l&#8217;azienda di estrazione e lavorazione di pietra naturale, presenta <strong>&#8220;Beyond the Surface&#8221;<\/strong>. La mostra si terr\u00e0 presso lo Spazio Cernaia, in via Cernaia 1 nel cuore di Brera. L&#8217;installazione condurr\u00e0 i visitatori attraverso un paesaggio onirico immersivo, progettato da OMA, che traccia un parallelo tra la formazione e l&#8217;estrazione della pietra e la realizzazione dei sogni. All&#8217;interno dello spazio saranno esposte le creazioni in pietra su misura disegnate da vari designer, tra cui Sabine Marcelis, l&#8217;artista iraniana Bita Fayyazi e altri. La collezione di SolidNature si caratterizza per la scelta accurata delle pietre, l&#8217;attenzione ai dettagli e la lavorazione artigianale. Gli elementi esposti saranno protagonisti dell&#8217;installazione, arricchita da un&#8217;esperienza sensoriale che coinvolger\u00e0 i visitatori attraverso suoni, luci e proiezioni.<\/p>\n\n\n\n<figure class=\"wp-block-image size-large\"><img loading=\"lazy\" decoding=\"async\" width=\"1024\" height=\"683\" data-attachment-id=\"48374\" data-permalink=\"https:\/\/socialdesignmagazine.com\/mag\/news\/design-news\/il-futuro-e-adesso-progetti-e-pratiche-in-grado-di-innescare-azioni-di-cambiamento-alla-brera-design-week-2023\/attachment\/solidnature_pinkblush_o\/#content\" data-orig-file=\"https:\/\/socialdesignmagazine.com\/mag\/wp-content\/uploads\/2023\/03\/\u00a9SolidNature_PinkBlush_O.jpg\" data-orig-size=\"1200,800\" data-comments-opened=\"1\" data-image-meta=\"{&quot;aperture&quot;:&quot;0&quot;,&quot;credit&quot;:&quot;&quot;,&quot;camera&quot;:&quot;&quot;,&quot;caption&quot;:&quot;&quot;,&quot;created_timestamp&quot;:&quot;0&quot;,&quot;copyright&quot;:&quot;&quot;,&quot;focal_length&quot;:&quot;0&quot;,&quot;iso&quot;:&quot;0&quot;,&quot;shutter_speed&quot;:&quot;0&quot;,&quot;title&quot;:&quot;&quot;,&quot;orientation&quot;:&quot;0&quot;}\" data-image-title=\"\u00a9SolidNature PinkBlush O\" data-image-description=\"\" data-image-caption=\"\" data-medium-file=\"https:\/\/socialdesignmagazine.com\/mag\/wp-content\/uploads\/2023\/03\/\u00a9SolidNature_PinkBlush_O-438x283.jpg\" data-large-file=\"https:\/\/socialdesignmagazine.com\/mag\/wp-content\/uploads\/2023\/03\/\u00a9SolidNature_PinkBlush_O-1024x683.jpg\" src=\"https:\/\/socialdesignmagazine.com\/mag\/wp-content\/uploads\/2023\/03\/\u00a9SolidNature_PinkBlush_O-1024x683.jpg\" alt=\"\u00a9SolidNature PinkBlush O\" class=\"wp-image-48374\" srcset=\"https:\/\/socialdesignmagazine.com\/mag\/wp-content\/uploads\/2023\/03\/\u00a9SolidNature_PinkBlush_O-1024x683.jpg 1024w, https:\/\/socialdesignmagazine.com\/mag\/wp-content\/uploads\/2023\/03\/\u00a9SolidNature_PinkBlush_O-100x66.jpg 100w, https:\/\/socialdesignmagazine.com\/mag\/wp-content\/uploads\/2023\/03\/\u00a9SolidNature_PinkBlush_O-768x512.jpg 768w, https:\/\/socialdesignmagazine.com\/mag\/wp-content\/uploads\/2023\/03\/\u00a9SolidNature_PinkBlush_O.jpg 1200w\" sizes=\"auto, (max-width: 1024px) 100vw, 1024px\" \/><figcaption class=\"wp-element-caption\">\u00a9SolidNature PinkBlush O<\/figcaption><\/figure>\n\n\n\n<p><strong>Ingo Maurer<\/strong>, celebre azienda di illuminazione di design, presenta <strong>&#8220;Light &#8211; Floating Reflection&#8221;<\/strong>. L&#8217;evento si terr\u00e0 presso i Caselli di Porta Nuova, in Piazzale Principessa Clotilde. L&#8217;installazione, caratterizzata dall&#8217;impiego di colori fluorescenti e materiali riflettenti, creer\u00e0 un&#8217;esplosione di colori e luci, visibile sia di giorno che di notte. L&#8217;allestimento, di grande impatto scenografico, prevede un tappeto lungo circa 30 metri dipinto con colori fluorescenti che attraverser\u00e0 l&#8217;arco dei Caselli, su cui si librer\u00e0 in aria una superficie di materiale riflettente sostenuta da una struttura di corde. &#8220;Light &#8211; Floating Reflection&#8221; rappresenta un&#8217;opera d&#8217;arte che unisce design e tecnologia, portando l&#8217;illuminazione a un livello superiore.<\/p>\n\n\n\n<figure class=\"wp-block-image size-large\"><img loading=\"lazy\" decoding=\"async\" width=\"1024\" height=\"419\" data-attachment-id=\"48375\" data-permalink=\"https:\/\/socialdesignmagazine.com\/mag\/news\/design-news\/il-futuro-e-adesso-progetti-e-pratiche-in-grado-di-innescare-azioni-di-cambiamento-alla-brera-design-week-2023\/attachment\/ingo_maurer_visual_2\/#content\" data-orig-file=\"https:\/\/socialdesignmagazine.com\/mag\/wp-content\/uploads\/2023\/03\/\u00a9Ingo_Maurer_visual_2.jpeg\" data-orig-size=\"1200,491\" data-comments-opened=\"1\" data-image-meta=\"{&quot;aperture&quot;:&quot;0&quot;,&quot;credit&quot;:&quot;&quot;,&quot;camera&quot;:&quot;&quot;,&quot;caption&quot;:&quot;&quot;,&quot;created_timestamp&quot;:&quot;0&quot;,&quot;copyright&quot;:&quot;&quot;,&quot;focal_length&quot;:&quot;0&quot;,&quot;iso&quot;:&quot;0&quot;,&quot;shutter_speed&quot;:&quot;0&quot;,&quot;title&quot;:&quot;&quot;,&quot;orientation&quot;:&quot;0&quot;}\" data-image-title=\"\u00a9Ingo Maurer visual\" data-image-description=\"\" data-image-caption=\"\" data-medium-file=\"https:\/\/socialdesignmagazine.com\/mag\/wp-content\/uploads\/2023\/03\/\u00a9Ingo_Maurer_visual_2-438x283.jpeg\" data-large-file=\"https:\/\/socialdesignmagazine.com\/mag\/wp-content\/uploads\/2023\/03\/\u00a9Ingo_Maurer_visual_2-1024x419.jpeg\" src=\"https:\/\/socialdesignmagazine.com\/mag\/wp-content\/uploads\/2023\/03\/\u00a9Ingo_Maurer_visual_2-1024x419.jpeg\" alt=\"\u00a9Ingo Maurer visual\" class=\"wp-image-48375\" srcset=\"https:\/\/socialdesignmagazine.com\/mag\/wp-content\/uploads\/2023\/03\/\u00a9Ingo_Maurer_visual_2-1024x419.jpeg 1024w, https:\/\/socialdesignmagazine.com\/mag\/wp-content\/uploads\/2023\/03\/\u00a9Ingo_Maurer_visual_2-768x314.jpeg 768w, https:\/\/socialdesignmagazine.com\/mag\/wp-content\/uploads\/2023\/03\/\u00a9Ingo_Maurer_visual_2.jpeg 1200w\" sizes=\"auto, (max-width: 1024px) 100vw, 1024px\" \/><figcaption class=\"wp-element-caption\">\u00a9Ingo Maurer visual<\/figcaption><\/figure>\n\n\n\n<h2 class=\"wp-block-heading\">Come orientarsi alla Brera Design Week 2023<\/h2>\n\n\n\n<p><strong>Per orientarsi tra gli eventi del Brera Design District <\/strong>\u00e8 stato progettato un sistema integrato di strumenti di comunicazione:<\/p>\n\n\n\n<ul class=\"wp-block-list\">\n<li><strong>Guida e mappa degli eventi <\/strong>in distribuzione gratuita in tutto il distretto e nell\u2019 info point di Largo la Foppa;<\/li>\n\n\n\n<li><strong>Sito internet e canali social<\/strong> (Facebook, Instagram) dedicati, con la segnalazione degli eventi quotidiani e promozione delle attivit\u00e0;<\/li>\n\n\n\n<li><strong>Segnaletica sul territorio<\/strong> divisa da bandiere a filare per la marcatura del territorio e totem indicativo all\u2019ingresso di ogni singolo evento;<\/li>\n\n\n\n<li><strong>Totem segnaletico<\/strong> all\u2019ingresso di ogni singolo evento.<\/li>\n<\/ul>\n\n\n\n<p><strong>Link di riferimento:<\/strong><\/p>\n\n\n\n<p><strong>Sito web<\/strong>: www.breradesignweek.it \/ www.breradesigndistrict.it<br><strong>Facebook official page<\/strong>: www.facebook.com\/breradesigndistrict<br><strong>Instagram:<\/strong> http:\/\/instagram.com\/breradesigndistrict<br><strong>Hashtag:<\/strong> #BreraDesignWeek #BreraDesignDistrict #BreraExperience<br>Le <strong>illustrazioni per l\u2019identit\u00e0 visiva<\/strong> Brera Design Week 2023 sono state realizzate da<strong> Mirko C\u00e0mia.<\/strong><\/p>\n","protected":false,"gt_translate_keys":[{"key":"rendered","format":"html"}]},"excerpt":{"rendered":"<p>La Brera Design Week, la settimana del design del Brera Design District, si terr\u00e0 dal 17 al 23 aprile a Milano. La 14esima edizione della manifestazione, dedicata al tema &#8220;Il futuro \u00e8 adesso&#8221;, promuove una riflessione sulle sfide della contemporaneit\u00e0.<\/p>\n","protected":false,"gt_translate_keys":[{"key":"rendered","format":"html"}]},"author":1,"featured_media":48370,"comment_status":"open","ping_status":"open","sticky":false,"template":"","format":"standard","meta":{"jetpack_post_was_ever_published":false,"_jetpack_newsletter_access":"","_jetpack_dont_email_post_to_subs":false,"_jetpack_newsletter_tier_id":0,"_jetpack_memberships_contains_paywalled_content":false,"_jetpack_memberships_contains_paid_content":false,"footnotes":"","_wpscppro_dont_share_socialmedia":false,"_wpscppro_custom_social_share_image":0,"_facebook_share_type":"","_twitter_share_type":"","_linkedin_share_type":"","_pinterest_share_type":"","_linkedin_share_type_page":"","_instagram_share_type":"","_medium_share_type":"","_threads_share_type":"","_google_business_share_type":"","_selected_social_profile":[],"_wpsp_enable_custom_social_template":false,"_wpsp_social_scheduling":{"enabled":false,"datetime":null,"platforms":[],"status":"template_only","dateOption":"today","timeOption":"now","customDays":"","customHours":"","customDate":"","customTime":"","schedulingType":"absolute"},"_wpsp_active_default_template":true},"categories":[17],"tags":[5758,5759,6500,6475],"class_list":["post-48369","post","type-post","status-publish","format-standard","has-post-thumbnail","hentry","category-design-news","tag-breradesigndistrict","tag-breradesignweek","tag-fuorisalone-2023","tag-mdw-2023"],"yoast_head":"<!-- This site is optimized with the Yoast SEO plugin v27.2 - https:\/\/yoast.com\/product\/yoast-seo-wordpress\/ -->\n<title>Il futuro \u00e8 adesso: progetti e pratiche in grado di innescare azioni di cambiamento alla Brera Design Week 2023 - Social Design Magazine<\/title>\n<meta name=\"description\" content=\"La Brera Design Week, la settimana del design del Brera Design District, si terr\u00e0 dal 17 al 23 aprile a Milano. La 14esima edizione della manifestazione, dedicata al tema &quot;Il futuro \u00e8 adesso&quot;, promuove una riflessione sulle sfide della contemporaneit\u00e0.\" \/>\n<meta name=\"robots\" content=\"index, follow, max-snippet:-1, max-image-preview:large, max-video-preview:-1\" \/>\n<link rel=\"canonical\" href=\"https:\/\/socialdesignmagazine.com\/mag\/news\/design-news\/il-futuro-e-adesso-progetti-e-pratiche-in-grado-di-innescare-azioni-di-cambiamento-alla-brera-design-week-2023\/\" \/>\n<meta property=\"og:locale\" content=\"it_IT\" \/>\n<meta property=\"og:type\" content=\"article\" \/>\n<meta property=\"og:title\" content=\"Il futuro \u00e8 adesso: progetti e pratiche in grado di innescare azioni di cambiamento alla Brera Design Week 2023 - Social Design Magazine\" \/>\n<meta property=\"og:description\" content=\"La Brera Design Week, la settimana del design del Brera Design District, si terr\u00e0 dal 17 al 23 aprile a Milano. La 14esima edizione della manifestazione, dedicata al tema &quot;Il futuro \u00e8 adesso&quot;, promuove una riflessione sulle sfide della contemporaneit\u00e0.\" \/>\n<meta property=\"og:url\" content=\"http:\/\/socialdesignmagazine.com\/mag\/news\/design-news\/il-futuro-e-adesso-progetti-e-pratiche-in-grado-di-innescare-azioni-di-cambiamento-alla-brera-design-week-2023\/\" \/>\n<meta property=\"og:site_name\" content=\"Social Design Magazine\" \/>\n<meta property=\"article:publisher\" content=\"https:\/\/www.facebook.com\/socialdesignmag\" \/>\n<meta property=\"article:author\" content=\"https:\/\/www.facebook.com\/benedettofiori\" \/>\n<meta property=\"article:published_time\" content=\"2023-03-10T17:00:00+00:00\" \/>\n<meta property=\"article:modified_time\" content=\"2023-03-27T14:48:20+00:00\" \/>\n<meta property=\"og:image\" content=\"https:\/\/socialdesignmagazine.com\/mag\/wp-content\/uploads\/2023\/03\/Illustrazione-orizzontale-con-logo.jpg\" \/>\n\t<meta property=\"og:image:width\" content=\"1190\" \/>\n\t<meta property=\"og:image:height\" content=\"840\" \/>\n\t<meta property=\"og:image:type\" content=\"image\/jpeg\" \/>\n<meta name=\"author\" content=\"Benedetto Fiori\" \/>\n<meta name=\"twitter:card\" content=\"summary_large_image\" \/>\n<meta name=\"twitter:creator\" content=\"@benedettofiori\" \/>\n<meta name=\"twitter:site\" content=\"@socialdesignmag\" \/>\n<meta name=\"twitter:label1\" content=\"Scritto da\" \/>\n\t<meta name=\"twitter:data1\" content=\"Benedetto Fiori\" \/>\n\t<meta name=\"twitter:label2\" content=\"Tempo di lettura stimato\" \/>\n\t<meta name=\"twitter:data2\" content=\"12 minuti\" \/>\n<script type=\"application\/ld+json\" class=\"yoast-schema-graph\">{\"@context\":\"https:\/\/schema.org\",\"@graph\":[{\"@type\":\"Article\",\"@id\":\"https:\/\/socialdesignmagazine.com\/mag\/news\/design-news\/il-futuro-e-adesso-progetti-e-pratiche-in-grado-di-innescare-azioni-di-cambiamento-alla-brera-design-week-2023\/#article\",\"isPartOf\":{\"@id\":\"https:\/\/socialdesignmagazine.com\/mag\/news\/design-news\/il-futuro-e-adesso-progetti-e-pratiche-in-grado-di-innescare-azioni-di-cambiamento-alla-brera-design-week-2023\/\"},\"author\":{\"name\":\"Benedetto Fiori\",\"@id\":\"https:\/\/socialdesignmagazine.com\/mag\/#\/schema\/person\/61e20205cc363c315e6aabd33a045846\"},\"headline\":\"Il futuro \u00e8 adesso: progetti e pratiche in grado di innescare azioni di cambiamento alla Brera Design Week 2023\",\"datePublished\":\"2023-03-10T17:00:00+00:00\",\"dateModified\":\"2023-03-27T14:48:20+00:00\",\"mainEntityOfPage\":{\"@id\":\"https:\/\/socialdesignmagazine.com\/mag\/news\/design-news\/il-futuro-e-adesso-progetti-e-pratiche-in-grado-di-innescare-azioni-di-cambiamento-alla-brera-design-week-2023\/\"},\"wordCount\":1949,\"commentCount\":0,\"publisher\":{\"@id\":\"https:\/\/socialdesignmagazine.com\/mag\/#organization\"},\"image\":{\"@id\":\"https:\/\/socialdesignmagazine.com\/mag\/news\/design-news\/il-futuro-e-adesso-progetti-e-pratiche-in-grado-di-innescare-azioni-di-cambiamento-alla-brera-design-week-2023\/#primaryimage\"},\"thumbnailUrl\":\"https:\/\/socialdesignmagazine.com\/mag\/wp-content\/uploads\/2023\/03\/Illustrazione-orizzontale-con-logo.jpg\",\"keywords\":[\"Breradesigndistrict\",\"breradesignweek\",\"fuorisalone 2023\",\"mdw 2023\"],\"articleSection\":[\"Design News\"],\"inLanguage\":\"it-IT\",\"potentialAction\":[{\"@type\":\"CommentAction\",\"name\":\"Comment\",\"target\":[\"https:\/\/socialdesignmagazine.com\/mag\/news\/design-news\/il-futuro-e-adesso-progetti-e-pratiche-in-grado-di-innescare-azioni-di-cambiamento-alla-brera-design-week-2023\/#respond\"]}]},{\"@type\":\"WebPage\",\"@id\":\"https:\/\/socialdesignmagazine.com\/mag\/news\/design-news\/il-futuro-e-adesso-progetti-e-pratiche-in-grado-di-innescare-azioni-di-cambiamento-alla-brera-design-week-2023\/\",\"url\":\"https:\/\/socialdesignmagazine.com\/mag\/news\/design-news\/il-futuro-e-adesso-progetti-e-pratiche-in-grado-di-innescare-azioni-di-cambiamento-alla-brera-design-week-2023\/\",\"name\":\"Il futuro \u00e8 adesso: progetti e pratiche in grado di innescare azioni di cambiamento alla Brera Design Week 2023 - Social Design Magazine\",\"isPartOf\":{\"@id\":\"https:\/\/socialdesignmagazine.com\/mag\/#website\"},\"primaryImageOfPage\":{\"@id\":\"https:\/\/socialdesignmagazine.com\/mag\/news\/design-news\/il-futuro-e-adesso-progetti-e-pratiche-in-grado-di-innescare-azioni-di-cambiamento-alla-brera-design-week-2023\/#primaryimage\"},\"image\":{\"@id\":\"https:\/\/socialdesignmagazine.com\/mag\/news\/design-news\/il-futuro-e-adesso-progetti-e-pratiche-in-grado-di-innescare-azioni-di-cambiamento-alla-brera-design-week-2023\/#primaryimage\"},\"thumbnailUrl\":\"https:\/\/socialdesignmagazine.com\/mag\/wp-content\/uploads\/2023\/03\/Illustrazione-orizzontale-con-logo.jpg\",\"datePublished\":\"2023-03-10T17:00:00+00:00\",\"dateModified\":\"2023-03-27T14:48:20+00:00\",\"description\":\"La Brera Design Week, la settimana del design del Brera Design District, si terr\u00e0 dal 17 al 23 aprile a Milano. La 14esima edizione della manifestazione, dedicata al tema \\\"Il futuro \u00e8 adesso\\\", promuove una riflessione sulle sfide della contemporaneit\u00e0.\",\"breadcrumb\":{\"@id\":\"https:\/\/socialdesignmagazine.com\/mag\/news\/design-news\/il-futuro-e-adesso-progetti-e-pratiche-in-grado-di-innescare-azioni-di-cambiamento-alla-brera-design-week-2023\/#breadcrumb\"},\"inLanguage\":\"it-IT\",\"potentialAction\":[{\"@type\":\"ReadAction\",\"target\":[\"https:\/\/socialdesignmagazine.com\/mag\/news\/design-news\/il-futuro-e-adesso-progetti-e-pratiche-in-grado-di-innescare-azioni-di-cambiamento-alla-brera-design-week-2023\/\"]}]},{\"@type\":\"ImageObject\",\"inLanguage\":\"it-IT\",\"@id\":\"https:\/\/socialdesignmagazine.com\/mag\/news\/design-news\/il-futuro-e-adesso-progetti-e-pratiche-in-grado-di-innescare-azioni-di-cambiamento-alla-brera-design-week-2023\/#primaryimage\",\"url\":\"https:\/\/socialdesignmagazine.com\/mag\/wp-content\/uploads\/2023\/03\/Illustrazione-orizzontale-con-logo.jpg\",\"contentUrl\":\"https:\/\/socialdesignmagazine.com\/mag\/wp-content\/uploads\/2023\/03\/Illustrazione-orizzontale-con-logo.jpg\",\"width\":1190,\"height\":840,\"caption\":\"Brera Design Week 2023 Illustrazione orizzontale con logo\"},{\"@type\":\"BreadcrumbList\",\"@id\":\"https:\/\/socialdesignmagazine.com\/mag\/news\/design-news\/il-futuro-e-adesso-progetti-e-pratiche-in-grado-di-innescare-azioni-di-cambiamento-alla-brera-design-week-2023\/#breadcrumb\",\"itemListElement\":[{\"@type\":\"ListItem\",\"position\":1,\"name\":\"Home\",\"item\":\"https:\/\/socialdesignmagazine.com\/mag\/\"},{\"@type\":\"ListItem\",\"position\":2,\"name\":\"News\",\"item\":\"https:\/\/socialdesignmagazine.com\/mag\/news\/\"},{\"@type\":\"ListItem\",\"position\":3,\"name\":\"Design News\",\"item\":\"https:\/\/socialdesignmagazine.com\/mag\/news\/design-news\/\"},{\"@type\":\"ListItem\",\"position\":4,\"name\":\"Il futuro \u00e8 adesso: progetti e pratiche in grado di innescare azioni di cambiamento alla Brera Design Week 2023\"}]},{\"@type\":\"WebSite\",\"@id\":\"https:\/\/socialdesignmagazine.com\/mag\/#website\",\"url\":\"https:\/\/socialdesignmagazine.com\/mag\/\",\"name\":\"Social Design Magazine\",\"description\":\"Social Magazine su Design, Architettura, Arte, Grafica\",\"publisher\":{\"@id\":\"https:\/\/socialdesignmagazine.com\/mag\/#organization\"},\"potentialAction\":[{\"@type\":\"SearchAction\",\"target\":{\"@type\":\"EntryPoint\",\"urlTemplate\":\"https:\/\/socialdesignmagazine.com\/mag\/?s={search_term_string}\"},\"query-input\":{\"@type\":\"PropertyValueSpecification\",\"valueRequired\":true,\"valueName\":\"search_term_string\"}}],\"inLanguage\":\"it-IT\"},{\"@type\":\"Organization\",\"@id\":\"https:\/\/socialdesignmagazine.com\/mag\/#organization\",\"name\":\"Social Design Magazine\",\"url\":\"https:\/\/socialdesignmagazine.com\/mag\/\",\"logo\":{\"@type\":\"ImageObject\",\"inLanguage\":\"it-IT\",\"@id\":\"https:\/\/socialdesignmagazine.com\/mag\/#\/schema\/logo\/image\/\",\"url\":\"https:\/\/socialdesignmagazine.com\/mag\/wp-content\/uploads\/2017\/01\/logo_favicon_11.png\",\"contentUrl\":\"https:\/\/socialdesignmagazine.com\/mag\/wp-content\/uploads\/2017\/01\/logo_favicon_11.png\",\"width\":1024,\"height\":1024,\"caption\":\"Social Design Magazine\"},\"image\":{\"@id\":\"https:\/\/socialdesignmagazine.com\/mag\/#\/schema\/logo\/image\/\"},\"sameAs\":[\"https:\/\/www.facebook.com\/socialdesignmag\",\"https:\/\/x.com\/socialdesignmag\",\"http:\/\/instagram.com\/social_design_magazine\/\",\"http:\/\/pinterest.com\/socialdesignmag\/\",\"http:\/\/www.youtube.com\/user\/socialdesignmagazine\"]},{\"@type\":\"Person\",\"@id\":\"https:\/\/socialdesignmagazine.com\/mag\/#\/schema\/person\/61e20205cc363c315e6aabd33a045846\",\"name\":\"Benedetto Fiori\",\"image\":{\"@type\":\"ImageObject\",\"inLanguage\":\"it-IT\",\"@id\":\"https:\/\/secure.gravatar.com\/avatar\/450a48cefa36da63d920ad70aa660bd10725b1c6093800242e5efdb397759033?s=96&d=mm&r=g\",\"url\":\"https:\/\/secure.gravatar.com\/avatar\/450a48cefa36da63d920ad70aa660bd10725b1c6093800242e5efdb397759033?s=96&d=mm&r=g\",\"contentUrl\":\"https:\/\/secure.gravatar.com\/avatar\/450a48cefa36da63d920ad70aa660bd10725b1c6093800242e5efdb397759033?s=96&d=mm&r=g\",\"caption\":\"Benedetto Fiori\"},\"description\":\"Web | Twitter | Facebook | Shutterstock Founder &amp; Editor in Chief di Social Design Magazine. Attratto da sempre da tutto ci\u00f2 che \u00e8 creativit\u00e0, design, architettura. Dopo aver studiato Architettura all'Universit\u00e0 di Firenze, si \u00e8 impegnato in molteplici campi: comunicazione grafica, progettazione di allestimenti fieristici, brand design, Interior Design.\",\"sameAs\":[\"http:\/\/benedettofiori.com\",\"https:\/\/www.facebook.com\/benedettofiori\",\"https:\/\/x.com\/benedettofiori\"],\"url\":\"https:\/\/socialdesignmagazine.com\/mag\/author\/benedetto\/\"}]}<\/script>\n<!-- \/ Yoast SEO plugin. -->","yoast_head_json":{"title":"Il futuro \u00e8 adesso: progetti e pratiche in grado di innescare azioni di cambiamento alla Brera Design Week 2023 - Social Design Magazine","description":"La Brera Design Week, la settimana del design del Brera Design District, si terr\u00e0 dal 17 al 23 aprile a Milano. La 14esima edizione della manifestazione, dedicata al tema \"Il futuro \u00e8 adesso\", promuove una riflessione sulle sfide della contemporaneit\u00e0.","robots":{"index":"index","follow":"follow","max-snippet":"max-snippet:-1","max-image-preview":"max-image-preview:large","max-video-preview":"max-video-preview:-1"},"canonical":"https:\/\/socialdesignmagazine.com\/mag\/news\/design-news\/il-futuro-e-adesso-progetti-e-pratiche-in-grado-di-innescare-azioni-di-cambiamento-alla-brera-design-week-2023\/","og_locale":"it_IT","og_type":"article","og_title":"Il futuro \u00e8 adesso: progetti e pratiche in grado di innescare azioni di cambiamento alla Brera Design Week 2023 - Social Design Magazine","og_description":"La Brera Design Week, la settimana del design del Brera Design District, si terr\u00e0 dal 17 al 23 aprile a Milano. La 14esima edizione della manifestazione, dedicata al tema \"Il futuro \u00e8 adesso\", promuove una riflessione sulle sfide della contemporaneit\u00e0.","og_url":"http:\/\/socialdesignmagazine.com\/mag\/news\/design-news\/il-futuro-e-adesso-progetti-e-pratiche-in-grado-di-innescare-azioni-di-cambiamento-alla-brera-design-week-2023\/","og_site_name":"Social Design Magazine","article_publisher":"https:\/\/www.facebook.com\/socialdesignmag","article_author":"https:\/\/www.facebook.com\/benedettofiori","article_published_time":"2023-03-10T17:00:00+00:00","article_modified_time":"2023-03-27T14:48:20+00:00","og_image":[{"width":1190,"height":840,"url":"https:\/\/socialdesignmagazine.com\/mag\/wp-content\/uploads\/2023\/03\/Illustrazione-orizzontale-con-logo.jpg","type":"image\/jpeg"}],"author":"Benedetto Fiori","twitter_card":"summary_large_image","twitter_creator":"@benedettofiori","twitter_site":"@socialdesignmag","twitter_misc":{"Scritto da":"Benedetto Fiori","Tempo di lettura stimato":"12 minuti"},"schema":{"@context":"https:\/\/schema.org","@graph":[{"@type":"Article","@id":"https:\/\/socialdesignmagazine.com\/mag\/news\/design-news\/il-futuro-e-adesso-progetti-e-pratiche-in-grado-di-innescare-azioni-di-cambiamento-alla-brera-design-week-2023\/#article","isPartOf":{"@id":"https:\/\/socialdesignmagazine.com\/mag\/news\/design-news\/il-futuro-e-adesso-progetti-e-pratiche-in-grado-di-innescare-azioni-di-cambiamento-alla-brera-design-week-2023\/"},"author":{"name":"Benedetto Fiori","@id":"https:\/\/socialdesignmagazine.com\/mag\/#\/schema\/person\/61e20205cc363c315e6aabd33a045846"},"headline":"Il futuro \u00e8 adesso: progetti e pratiche in grado di innescare azioni di cambiamento alla Brera Design Week 2023","datePublished":"2023-03-10T17:00:00+00:00","dateModified":"2023-03-27T14:48:20+00:00","mainEntityOfPage":{"@id":"https:\/\/socialdesignmagazine.com\/mag\/news\/design-news\/il-futuro-e-adesso-progetti-e-pratiche-in-grado-di-innescare-azioni-di-cambiamento-alla-brera-design-week-2023\/"},"wordCount":1949,"commentCount":0,"publisher":{"@id":"https:\/\/socialdesignmagazine.com\/mag\/#organization"},"image":{"@id":"https:\/\/socialdesignmagazine.com\/mag\/news\/design-news\/il-futuro-e-adesso-progetti-e-pratiche-in-grado-di-innescare-azioni-di-cambiamento-alla-brera-design-week-2023\/#primaryimage"},"thumbnailUrl":"https:\/\/socialdesignmagazine.com\/mag\/wp-content\/uploads\/2023\/03\/Illustrazione-orizzontale-con-logo.jpg","keywords":["Breradesigndistrict","breradesignweek","fuorisalone 2023","mdw 2023"],"articleSection":["Design News"],"inLanguage":"it-IT","potentialAction":[{"@type":"CommentAction","name":"Comment","target":["https:\/\/socialdesignmagazine.com\/mag\/news\/design-news\/il-futuro-e-adesso-progetti-e-pratiche-in-grado-di-innescare-azioni-di-cambiamento-alla-brera-design-week-2023\/#respond"]}]},{"@type":"WebPage","@id":"https:\/\/socialdesignmagazine.com\/mag\/news\/design-news\/il-futuro-e-adesso-progetti-e-pratiche-in-grado-di-innescare-azioni-di-cambiamento-alla-brera-design-week-2023\/","url":"https:\/\/socialdesignmagazine.com\/mag\/news\/design-news\/il-futuro-e-adesso-progetti-e-pratiche-in-grado-di-innescare-azioni-di-cambiamento-alla-brera-design-week-2023\/","name":"Il futuro \u00e8 adesso: progetti e pratiche in grado di innescare azioni di cambiamento alla Brera Design Week 2023 - Social Design Magazine","isPartOf":{"@id":"https:\/\/socialdesignmagazine.com\/mag\/#website"},"primaryImageOfPage":{"@id":"https:\/\/socialdesignmagazine.com\/mag\/news\/design-news\/il-futuro-e-adesso-progetti-e-pratiche-in-grado-di-innescare-azioni-di-cambiamento-alla-brera-design-week-2023\/#primaryimage"},"image":{"@id":"https:\/\/socialdesignmagazine.com\/mag\/news\/design-news\/il-futuro-e-adesso-progetti-e-pratiche-in-grado-di-innescare-azioni-di-cambiamento-alla-brera-design-week-2023\/#primaryimage"},"thumbnailUrl":"https:\/\/socialdesignmagazine.com\/mag\/wp-content\/uploads\/2023\/03\/Illustrazione-orizzontale-con-logo.jpg","datePublished":"2023-03-10T17:00:00+00:00","dateModified":"2023-03-27T14:48:20+00:00","description":"La Brera Design Week, la settimana del design del Brera Design District, si terr\u00e0 dal 17 al 23 aprile a Milano. La 14esima edizione della manifestazione, dedicata al tema \"Il futuro \u00e8 adesso\", promuove una riflessione sulle sfide della contemporaneit\u00e0.","breadcrumb":{"@id":"https:\/\/socialdesignmagazine.com\/mag\/news\/design-news\/il-futuro-e-adesso-progetti-e-pratiche-in-grado-di-innescare-azioni-di-cambiamento-alla-brera-design-week-2023\/#breadcrumb"},"inLanguage":"it-IT","potentialAction":[{"@type":"ReadAction","target":["https:\/\/socialdesignmagazine.com\/mag\/news\/design-news\/il-futuro-e-adesso-progetti-e-pratiche-in-grado-di-innescare-azioni-di-cambiamento-alla-brera-design-week-2023\/"]}]},{"@type":"ImageObject","inLanguage":"it-IT","@id":"https:\/\/socialdesignmagazine.com\/mag\/news\/design-news\/il-futuro-e-adesso-progetti-e-pratiche-in-grado-di-innescare-azioni-di-cambiamento-alla-brera-design-week-2023\/#primaryimage","url":"https:\/\/socialdesignmagazine.com\/mag\/wp-content\/uploads\/2023\/03\/Illustrazione-orizzontale-con-logo.jpg","contentUrl":"https:\/\/socialdesignmagazine.com\/mag\/wp-content\/uploads\/2023\/03\/Illustrazione-orizzontale-con-logo.jpg","width":1190,"height":840,"caption":"Brera Design Week 2023 Illustrazione orizzontale con logo"},{"@type":"BreadcrumbList","@id":"https:\/\/socialdesignmagazine.com\/mag\/news\/design-news\/il-futuro-e-adesso-progetti-e-pratiche-in-grado-di-innescare-azioni-di-cambiamento-alla-brera-design-week-2023\/#breadcrumb","itemListElement":[{"@type":"ListItem","position":1,"name":"Home","item":"https:\/\/socialdesignmagazine.com\/mag\/"},{"@type":"ListItem","position":2,"name":"News","item":"https:\/\/socialdesignmagazine.com\/mag\/news\/"},{"@type":"ListItem","position":3,"name":"Design News","item":"https:\/\/socialdesignmagazine.com\/mag\/news\/design-news\/"},{"@type":"ListItem","position":4,"name":"Il futuro \u00e8 adesso: progetti e pratiche in grado di innescare azioni di cambiamento alla Brera Design Week 2023"}]},{"@type":"WebSite","@id":"https:\/\/socialdesignmagazine.com\/mag\/#website","url":"https:\/\/socialdesignmagazine.com\/mag\/","name":"Social Design Magazine","description":"Social Magazine su Design, Architettura, Arte, Grafica","publisher":{"@id":"https:\/\/socialdesignmagazine.com\/mag\/#organization"},"potentialAction":[{"@type":"SearchAction","target":{"@type":"EntryPoint","urlTemplate":"https:\/\/socialdesignmagazine.com\/mag\/?s={search_term_string}"},"query-input":{"@type":"PropertyValueSpecification","valueRequired":true,"valueName":"search_term_string"}}],"inLanguage":"it-IT"},{"@type":"Organization","@id":"https:\/\/socialdesignmagazine.com\/mag\/#organization","name":"Social Design Magazine","url":"https:\/\/socialdesignmagazine.com\/mag\/","logo":{"@type":"ImageObject","inLanguage":"it-IT","@id":"https:\/\/socialdesignmagazine.com\/mag\/#\/schema\/logo\/image\/","url":"https:\/\/socialdesignmagazine.com\/mag\/wp-content\/uploads\/2017\/01\/logo_favicon_11.png","contentUrl":"https:\/\/socialdesignmagazine.com\/mag\/wp-content\/uploads\/2017\/01\/logo_favicon_11.png","width":1024,"height":1024,"caption":"Social Design Magazine"},"image":{"@id":"https:\/\/socialdesignmagazine.com\/mag\/#\/schema\/logo\/image\/"},"sameAs":["https:\/\/www.facebook.com\/socialdesignmag","https:\/\/x.com\/socialdesignmag","http:\/\/instagram.com\/social_design_magazine\/","http:\/\/pinterest.com\/socialdesignmag\/","http:\/\/www.youtube.com\/user\/socialdesignmagazine"]},{"@type":"Person","@id":"https:\/\/socialdesignmagazine.com\/mag\/#\/schema\/person\/61e20205cc363c315e6aabd33a045846","name":"Benedetto Fiori","image":{"@type":"ImageObject","inLanguage":"it-IT","@id":"https:\/\/secure.gravatar.com\/avatar\/450a48cefa36da63d920ad70aa660bd10725b1c6093800242e5efdb397759033?s=96&d=mm&r=g","url":"https:\/\/secure.gravatar.com\/avatar\/450a48cefa36da63d920ad70aa660bd10725b1c6093800242e5efdb397759033?s=96&d=mm&r=g","contentUrl":"https:\/\/secure.gravatar.com\/avatar\/450a48cefa36da63d920ad70aa660bd10725b1c6093800242e5efdb397759033?s=96&d=mm&r=g","caption":"Benedetto Fiori"},"description":"Web | Twitter | Facebook | Shutterstock Founder &amp; Editor in Chief di Social Design Magazine. Attratto da sempre da tutto ci\u00f2 che \u00e8 creativit\u00e0, design, architettura. Dopo aver studiato Architettura all'Universit\u00e0 di Firenze, si \u00e8 impegnato in molteplici campi: comunicazione grafica, progettazione di allestimenti fieristici, brand design, Interior Design.","sameAs":["http:\/\/benedettofiori.com","https:\/\/www.facebook.com\/benedettofiori","https:\/\/x.com\/benedettofiori"],"url":"https:\/\/socialdesignmagazine.com\/mag\/author\/benedetto\/"}]}},"jetpack_featured_media_url":"https:\/\/socialdesignmagazine.com\/mag\/wp-content\/uploads\/2023\/03\/Illustrazione-orizzontale-con-logo.jpg","jetpack_sharing_enabled":true,"jetpack_shortlink":"https:\/\/wp.me\/p6cV7V-cA9","gt_translate_keys":[{"key":"link","format":"url"}],"_links":{"self":[{"href":"https:\/\/socialdesignmagazine.com\/mag\/wp-json\/wp\/v2\/posts\/48369","targetHints":{"allow":["GET"]}}],"collection":[{"href":"https:\/\/socialdesignmagazine.com\/mag\/wp-json\/wp\/v2\/posts"}],"about":[{"href":"https:\/\/socialdesignmagazine.com\/mag\/wp-json\/wp\/v2\/types\/post"}],"author":[{"embeddable":true,"href":"https:\/\/socialdesignmagazine.com\/mag\/wp-json\/wp\/v2\/users\/1"}],"replies":[{"embeddable":true,"href":"https:\/\/socialdesignmagazine.com\/mag\/wp-json\/wp\/v2\/comments?post=48369"}],"version-history":[{"count":2,"href":"https:\/\/socialdesignmagazine.com\/mag\/wp-json\/wp\/v2\/posts\/48369\/revisions"}],"predecessor-version":[{"id":48963,"href":"https:\/\/socialdesignmagazine.com\/mag\/wp-json\/wp\/v2\/posts\/48369\/revisions\/48963"}],"wp:featuredmedia":[{"embeddable":true,"href":"https:\/\/socialdesignmagazine.com\/mag\/wp-json\/wp\/v2\/media\/48370"}],"wp:attachment":[{"href":"https:\/\/socialdesignmagazine.com\/mag\/wp-json\/wp\/v2\/media?parent=48369"}],"wp:term":[{"taxonomy":"category","embeddable":true,"href":"https:\/\/socialdesignmagazine.com\/mag\/wp-json\/wp\/v2\/categories?post=48369"},{"taxonomy":"post_tag","embeddable":true,"href":"https:\/\/socialdesignmagazine.com\/mag\/wp-json\/wp\/v2\/tags?post=48369"}],"curies":[{"name":"wp","href":"https:\/\/api.w.org\/{rel}","templated":true}]}}