{"id":48620,"date":"2023-03-19T18:32:00","date_gmt":"2023-03-19T17:32:00","guid":{"rendered":"https:\/\/socialdesignmagazine.com\/mag\/?p=48620"},"modified":"2023-03-18T15:33:45","modified_gmt":"2023-03-18T14:33:45","slug":"ambientha-presenta-la-sua-collezione-di-carte-da-parati-al-fuorisalone-2023-unesplosione-di-creativita","status":"publish","type":"post","link":"https:\/\/socialdesignmagazine.com\/mag\/news\/design-news\/ambientha-presenta-la-sua-collezione-di-carte-da-parati-al-fuorisalone-2023-unesplosione-di-creativita\/","title":{"rendered":"Ambientha presenta la sua collezione di carte da parati al Fuorisalone 2023: un&#8217;esplosione di creativit\u00e0","gt_translate_keys":[{"key":"rendered","format":"text"}]},"content":{"rendered":"\n<p>Il Fuorisalone 2023 di Milano sar\u00e0 l&#8217;occasione perfetta per scoprire le nuove tendenze nel mondo del design e dell&#8217;arredamento, anche in tema Carte da Parati come nel caso della collezione &#8220;Colpo di Scena &#8211; Unpredictable Wallpaper Collection 2023&#8221; di Ambientha.<\/p>\n\n\n\n<p>Ambientha presenter\u00e0 questa collezione unica e importante all&#8217;interno della location Decor Lab, in Via Tortona 37, durante la Milano Design Week dal 17 al 23 aprile. La collezione \u00e8 stata creata in occasione del quarto anniversario dell&#8217;azienda, e presenta una vasta gamma di grafiche e numerose collaborazioni con artisti e designer.<\/p>\n\n\n\n<p>La collezione di carte da parati &#8220;Colpo di Scena &#8211; Unpredictable Wallpaper Collection 2023&#8221; si distingue per la sua ispirazione, libert\u00e0 e sogno. La collezione offre una gamma di fondali inaspettati e al di fuori degli schemi, diventando cos\u00ec un caleidoscopio di proposte per la decorazione personalizzata.<\/p>\n\n\n\n<p>La collezione fonde le tendenze stilistiche internazionali alle visioni pi\u00f9 intime dei designer, dando vita a scenari imprevedibili e sorprendenti. La sensibilit\u00e0 personale dei designer si esprime attraverso ricordi, paesaggi e animali, dando libero sfogo alla fantasia e all&#8217;immaginazione. Il risultato \u00e8 una collezione di carte da parati che arricchisce gli spazi con scenari unici e imprevedibili.<\/p>\n\n\n\n<p>Tra le anteprime del Fuorisalone 2023, spicca il design &#8220;Volo&#8221; di Ambientha, un caleidoscopio di farfalle in volo che sprigiona nell&#8217;ambiente una sensazione di leggerezza e di energia creativa. Il design stupisce per le tonalit\u00e0 fresche e le figure riconoscibili quanto ricercate, e offre tre varianti cromatiche: Volo Libero, Volo Protetto e Volo Deciso.<\/p>\n\n\n\n<p>Un&#8217;altra anteprima della Collezione di Carte da Parati &#8220;Colpo di Scena &#8211; Unpredictable Wallpaper Collection 2023&#8221; \u00e8 il design &#8220;Equilibrio&#8221; di Ambientha, che offre una visione leggiadra e contemporanea del fenicottero, animale che fonde il suo fascino sull\u2019equilibrio. Il design dona personalit\u00e0 e crea atmosfere dal richiamo etnico con il suo stile dai toni e dalle texture naturali. La carta da parati \u00e8 disponibile in tre varianti cromatiche: Equilibrio Naturale, Equilibrio Dinamico ed Equilibrio Armonico.<\/p>\n\n\n\n<p>La Collezione di Carte da Parati &#8220;Colpo di Scena &#8211; Unpredictable Wallpaper Collection 2023&#8221; di Ambientha \u00e8 una collezione unica e importante che promette di stupire e di arricchire gli spazi con scenari imprevedibili e sorprendenti. Non perdete l&#8217;occasione di scoprire la collezione durante il Fuorisalone 2023 di Milano, al Decor Lab, in Via Tortona 37 dal 17 al 23 aprile.<\/p>\n\n\n\n<figure class=\"wp-block-gallery has-nested-images columns-1 is-cropped wp-block-gallery-1 is-layout-flex wp-block-gallery-is-layout-flex\">\n<figure class=\"wp-block-image size-large\"><img loading=\"lazy\" decoding=\"async\" width=\"1024\" height=\"683\" data-attachment-id=\"48622\" data-permalink=\"https:\/\/socialdesignmagazine.com\/mag\/news\/design-news\/ambientha-presenta-la-sua-collezione-di-carte-da-parati-al-fuorisalone-2023-unesplosione-di-creativita\/attachment\/ambientha-mdw23_volo-deciso\/#content\" data-orig-file=\"https:\/\/socialdesignmagazine.com\/mag\/wp-content\/uploads\/2023\/03\/Ambientha-mdw23_Volo-Deciso.jpg\" data-orig-size=\"1200,800\" data-comments-opened=\"1\" data-image-meta=\"{&quot;aperture&quot;:&quot;0&quot;,&quot;credit&quot;:&quot;&quot;,&quot;camera&quot;:&quot;&quot;,&quot;caption&quot;:&quot;&quot;,&quot;created_timestamp&quot;:&quot;0&quot;,&quot;copyright&quot;:&quot;&quot;,&quot;focal_length&quot;:&quot;0&quot;,&quot;iso&quot;:&quot;0&quot;,&quot;shutter_speed&quot;:&quot;0&quot;,&quot;title&quot;:&quot;&quot;,&quot;orientation&quot;:&quot;0&quot;}\" data-image-title=\"Ambientha mdw Volo Deciso\" data-image-description=\"\" data-image-caption=\"\" data-medium-file=\"https:\/\/socialdesignmagazine.com\/mag\/wp-content\/uploads\/2023\/03\/Ambientha-mdw23_Volo-Deciso-438x283.jpg\" data-large-file=\"https:\/\/socialdesignmagazine.com\/mag\/wp-content\/uploads\/2023\/03\/Ambientha-mdw23_Volo-Deciso-1024x683.jpg\" data-id=\"48622\" src=\"https:\/\/socialdesignmagazine.com\/mag\/wp-content\/uploads\/2023\/03\/Ambientha-mdw23_Volo-Deciso-1024x683.jpg\" alt=\"Ambientha mdw23 Volo Deciso\" class=\"wp-image-48622\" srcset=\"https:\/\/socialdesignmagazine.com\/mag\/wp-content\/uploads\/2023\/03\/Ambientha-mdw23_Volo-Deciso-1024x683.jpg 1024w, https:\/\/socialdesignmagazine.com\/mag\/wp-content\/uploads\/2023\/03\/Ambientha-mdw23_Volo-Deciso-100x66.jpg 100w, https:\/\/socialdesignmagazine.com\/mag\/wp-content\/uploads\/2023\/03\/Ambientha-mdw23_Volo-Deciso-768x512.jpg 768w, https:\/\/socialdesignmagazine.com\/mag\/wp-content\/uploads\/2023\/03\/Ambientha-mdw23_Volo-Deciso.jpg 1200w\" sizes=\"auto, (max-width: 1024px) 100vw, 1024px\" \/><figcaption class=\"wp-element-caption\">Ambientha mdw23 Volo Deciso<\/figcaption><\/figure>\n\n\n\n<figure class=\"wp-block-image size-large\"><img loading=\"lazy\" decoding=\"async\" width=\"1024\" height=\"683\" data-attachment-id=\"48623\" data-permalink=\"https:\/\/socialdesignmagazine.com\/mag\/news\/design-news\/ambientha-presenta-la-sua-collezione-di-carte-da-parati-al-fuorisalone-2023-unesplosione-di-creativita\/attachment\/ambientha-mdw23_volo-libero\/#content\" data-orig-file=\"https:\/\/socialdesignmagazine.com\/mag\/wp-content\/uploads\/2023\/03\/Ambientha-mdw23_Volo-Libero.jpg\" data-orig-size=\"1200,800\" data-comments-opened=\"1\" data-image-meta=\"{&quot;aperture&quot;:&quot;0&quot;,&quot;credit&quot;:&quot;&quot;,&quot;camera&quot;:&quot;&quot;,&quot;caption&quot;:&quot;&quot;,&quot;created_timestamp&quot;:&quot;0&quot;,&quot;copyright&quot;:&quot;&quot;,&quot;focal_length&quot;:&quot;0&quot;,&quot;iso&quot;:&quot;0&quot;,&quot;shutter_speed&quot;:&quot;0&quot;,&quot;title&quot;:&quot;&quot;,&quot;orientation&quot;:&quot;0&quot;}\" data-image-title=\"Ambientha mdw Volo Libero\" data-image-description=\"\" data-image-caption=\"\" data-medium-file=\"https:\/\/socialdesignmagazine.com\/mag\/wp-content\/uploads\/2023\/03\/Ambientha-mdw23_Volo-Libero-438x283.jpg\" data-large-file=\"https:\/\/socialdesignmagazine.com\/mag\/wp-content\/uploads\/2023\/03\/Ambientha-mdw23_Volo-Libero-1024x683.jpg\" data-id=\"48623\" src=\"https:\/\/socialdesignmagazine.com\/mag\/wp-content\/uploads\/2023\/03\/Ambientha-mdw23_Volo-Libero-1024x683.jpg\" alt=\"Ambientha mdw23 Volo Libero\" class=\"wp-image-48623\" srcset=\"https:\/\/socialdesignmagazine.com\/mag\/wp-content\/uploads\/2023\/03\/Ambientha-mdw23_Volo-Libero-1024x683.jpg 1024w, https:\/\/socialdesignmagazine.com\/mag\/wp-content\/uploads\/2023\/03\/Ambientha-mdw23_Volo-Libero-100x66.jpg 100w, https:\/\/socialdesignmagazine.com\/mag\/wp-content\/uploads\/2023\/03\/Ambientha-mdw23_Volo-Libero-768x512.jpg 768w, https:\/\/socialdesignmagazine.com\/mag\/wp-content\/uploads\/2023\/03\/Ambientha-mdw23_Volo-Libero.jpg 1200w\" sizes=\"auto, (max-width: 1024px) 100vw, 1024px\" \/><figcaption class=\"wp-element-caption\">Ambientha mdw23 Volo Libero<\/figcaption><\/figure>\n\n\n\n<figure class=\"wp-block-image size-large\"><img loading=\"lazy\" decoding=\"async\" width=\"1024\" height=\"683\" data-attachment-id=\"48621\" data-permalink=\"https:\/\/socialdesignmagazine.com\/mag\/news\/design-news\/ambientha-presenta-la-sua-collezione-di-carte-da-parati-al-fuorisalone-2023-unesplosione-di-creativita\/attachment\/ambientha-mdw23_volo-protetto\/#content\" data-orig-file=\"https:\/\/socialdesignmagazine.com\/mag\/wp-content\/uploads\/2023\/03\/Ambientha-mdw23_Volo-Protetto.jpg\" data-orig-size=\"1200,800\" data-comments-opened=\"1\" data-image-meta=\"{&quot;aperture&quot;:&quot;0&quot;,&quot;credit&quot;:&quot;&quot;,&quot;camera&quot;:&quot;&quot;,&quot;caption&quot;:&quot;&quot;,&quot;created_timestamp&quot;:&quot;0&quot;,&quot;copyright&quot;:&quot;&quot;,&quot;focal_length&quot;:&quot;0&quot;,&quot;iso&quot;:&quot;0&quot;,&quot;shutter_speed&quot;:&quot;0&quot;,&quot;title&quot;:&quot;&quot;,&quot;orientation&quot;:&quot;0&quot;}\" data-image-title=\"Ambientha mdw Volo Protetto\" data-image-description=\"\" data-image-caption=\"\" data-medium-file=\"https:\/\/socialdesignmagazine.com\/mag\/wp-content\/uploads\/2023\/03\/Ambientha-mdw23_Volo-Protetto-438x283.jpg\" data-large-file=\"https:\/\/socialdesignmagazine.com\/mag\/wp-content\/uploads\/2023\/03\/Ambientha-mdw23_Volo-Protetto-1024x683.jpg\" data-id=\"48621\" src=\"https:\/\/socialdesignmagazine.com\/mag\/wp-content\/uploads\/2023\/03\/Ambientha-mdw23_Volo-Protetto-1024x683.jpg\" alt=\"Ambientha mdw23 Volo Protetto\" class=\"wp-image-48621\" srcset=\"https:\/\/socialdesignmagazine.com\/mag\/wp-content\/uploads\/2023\/03\/Ambientha-mdw23_Volo-Protetto-1024x683.jpg 1024w, https:\/\/socialdesignmagazine.com\/mag\/wp-content\/uploads\/2023\/03\/Ambientha-mdw23_Volo-Protetto-100x66.jpg 100w, https:\/\/socialdesignmagazine.com\/mag\/wp-content\/uploads\/2023\/03\/Ambientha-mdw23_Volo-Protetto-768x512.jpg 768w, https:\/\/socialdesignmagazine.com\/mag\/wp-content\/uploads\/2023\/03\/Ambientha-mdw23_Volo-Protetto.jpg 1200w\" sizes=\"auto, (max-width: 1024px) 100vw, 1024px\" \/><figcaption class=\"wp-element-caption\">Ambientha mdw23 Volo Protetto<\/figcaption><\/figure>\n<\/figure>\n\n\n\n<figure class=\"wp-block-gallery has-nested-images columns-1 is-cropped wp-block-gallery-2 is-layout-flex wp-block-gallery-is-layout-flex\">\n<figure class=\"wp-block-image size-large\"><img loading=\"lazy\" decoding=\"async\" width=\"1024\" height=\"683\" data-attachment-id=\"48624\" data-permalink=\"https:\/\/socialdesignmagazine.com\/mag\/news\/design-news\/ambientha-presenta-la-sua-collezione-di-carte-da-parati-al-fuorisalone-2023-unesplosione-di-creativita\/attachment\/ambientha-mdw23_equilibrio-armonico\/#content\" data-orig-file=\"https:\/\/socialdesignmagazine.com\/mag\/wp-content\/uploads\/2023\/03\/Ambientha-mdw23_Equilibrio-Armonico.jpg\" data-orig-size=\"1200,800\" data-comments-opened=\"1\" data-image-meta=\"{&quot;aperture&quot;:&quot;0&quot;,&quot;credit&quot;:&quot;&quot;,&quot;camera&quot;:&quot;&quot;,&quot;caption&quot;:&quot;&quot;,&quot;created_timestamp&quot;:&quot;0&quot;,&quot;copyright&quot;:&quot;&quot;,&quot;focal_length&quot;:&quot;0&quot;,&quot;iso&quot;:&quot;0&quot;,&quot;shutter_speed&quot;:&quot;0&quot;,&quot;title&quot;:&quot;&quot;,&quot;orientation&quot;:&quot;0&quot;}\" data-image-title=\"Ambientha mdw Equilibrio Armonico\" data-image-description=\"\" data-image-caption=\"\" data-medium-file=\"https:\/\/socialdesignmagazine.com\/mag\/wp-content\/uploads\/2023\/03\/Ambientha-mdw23_Equilibrio-Armonico-438x283.jpg\" data-large-file=\"https:\/\/socialdesignmagazine.com\/mag\/wp-content\/uploads\/2023\/03\/Ambientha-mdw23_Equilibrio-Armonico-1024x683.jpg\" data-id=\"48624\" src=\"https:\/\/socialdesignmagazine.com\/mag\/wp-content\/uploads\/2023\/03\/Ambientha-mdw23_Equilibrio-Armonico-1024x683.jpg\" alt=\"Ambientha mdw23 Equilibrio Armonico\" class=\"wp-image-48624\" srcset=\"https:\/\/socialdesignmagazine.com\/mag\/wp-content\/uploads\/2023\/03\/Ambientha-mdw23_Equilibrio-Armonico-1024x683.jpg 1024w, https:\/\/socialdesignmagazine.com\/mag\/wp-content\/uploads\/2023\/03\/Ambientha-mdw23_Equilibrio-Armonico-100x66.jpg 100w, https:\/\/socialdesignmagazine.com\/mag\/wp-content\/uploads\/2023\/03\/Ambientha-mdw23_Equilibrio-Armonico-768x512.jpg 768w, https:\/\/socialdesignmagazine.com\/mag\/wp-content\/uploads\/2023\/03\/Ambientha-mdw23_Equilibrio-Armonico.jpg 1200w\" sizes=\"auto, (max-width: 1024px) 100vw, 1024px\" \/><figcaption class=\"wp-element-caption\">Ambientha mdw23 Equilibrio Armonico<\/figcaption><\/figure>\n\n\n\n<figure class=\"wp-block-image size-large\"><img loading=\"lazy\" decoding=\"async\" width=\"1024\" height=\"683\" data-attachment-id=\"48626\" data-permalink=\"https:\/\/socialdesignmagazine.com\/mag\/news\/design-news\/ambientha-presenta-la-sua-collezione-di-carte-da-parati-al-fuorisalone-2023-unesplosione-di-creativita\/attachment\/ambientha-mdw23_equilibrio-dinamico\/#content\" data-orig-file=\"https:\/\/socialdesignmagazine.com\/mag\/wp-content\/uploads\/2023\/03\/Ambientha-mdw23_Equilibrio-Dinamico.jpg\" data-orig-size=\"1200,800\" data-comments-opened=\"1\" data-image-meta=\"{&quot;aperture&quot;:&quot;0&quot;,&quot;credit&quot;:&quot;&quot;,&quot;camera&quot;:&quot;&quot;,&quot;caption&quot;:&quot;&quot;,&quot;created_timestamp&quot;:&quot;0&quot;,&quot;copyright&quot;:&quot;&quot;,&quot;focal_length&quot;:&quot;0&quot;,&quot;iso&quot;:&quot;0&quot;,&quot;shutter_speed&quot;:&quot;0&quot;,&quot;title&quot;:&quot;&quot;,&quot;orientation&quot;:&quot;0&quot;}\" data-image-title=\"Ambientha mdw Equilibrio Dinamico\" data-image-description=\"\" data-image-caption=\"\" data-medium-file=\"https:\/\/socialdesignmagazine.com\/mag\/wp-content\/uploads\/2023\/03\/Ambientha-mdw23_Equilibrio-Dinamico-438x283.jpg\" data-large-file=\"https:\/\/socialdesignmagazine.com\/mag\/wp-content\/uploads\/2023\/03\/Ambientha-mdw23_Equilibrio-Dinamico-1024x683.jpg\" data-id=\"48626\" src=\"https:\/\/socialdesignmagazine.com\/mag\/wp-content\/uploads\/2023\/03\/Ambientha-mdw23_Equilibrio-Dinamico-1024x683.jpg\" alt=\"Ambientha mdw23 Equilibrio Dinamico\" class=\"wp-image-48626\" srcset=\"https:\/\/socialdesignmagazine.com\/mag\/wp-content\/uploads\/2023\/03\/Ambientha-mdw23_Equilibrio-Dinamico-1024x683.jpg 1024w, https:\/\/socialdesignmagazine.com\/mag\/wp-content\/uploads\/2023\/03\/Ambientha-mdw23_Equilibrio-Dinamico-100x66.jpg 100w, https:\/\/socialdesignmagazine.com\/mag\/wp-content\/uploads\/2023\/03\/Ambientha-mdw23_Equilibrio-Dinamico-768x512.jpg 768w, https:\/\/socialdesignmagazine.com\/mag\/wp-content\/uploads\/2023\/03\/Ambientha-mdw23_Equilibrio-Dinamico.jpg 1200w\" sizes=\"auto, (max-width: 1024px) 100vw, 1024px\" \/><figcaption class=\"wp-element-caption\">Ambientha mdw23 Equilibrio Dinamico<\/figcaption><\/figure>\n\n\n\n<figure class=\"wp-block-image size-large\"><img loading=\"lazy\" decoding=\"async\" width=\"1024\" height=\"683\" data-attachment-id=\"48625\" data-permalink=\"https:\/\/socialdesignmagazine.com\/mag\/news\/design-news\/ambientha-presenta-la-sua-collezione-di-carte-da-parati-al-fuorisalone-2023-unesplosione-di-creativita\/attachment\/ambientha-mdw23_equilibrio-naturale\/#content\" data-orig-file=\"https:\/\/socialdesignmagazine.com\/mag\/wp-content\/uploads\/2023\/03\/Ambientha-mdw23_Equilibrio-Naturale.jpg\" data-orig-size=\"1200,800\" data-comments-opened=\"1\" data-image-meta=\"{&quot;aperture&quot;:&quot;0&quot;,&quot;credit&quot;:&quot;&quot;,&quot;camera&quot;:&quot;&quot;,&quot;caption&quot;:&quot;&quot;,&quot;created_timestamp&quot;:&quot;0&quot;,&quot;copyright&quot;:&quot;&quot;,&quot;focal_length&quot;:&quot;0&quot;,&quot;iso&quot;:&quot;0&quot;,&quot;shutter_speed&quot;:&quot;0&quot;,&quot;title&quot;:&quot;&quot;,&quot;orientation&quot;:&quot;0&quot;}\" data-image-title=\"Ambientha mdw Equilibrio Naturale\" data-image-description=\"\" data-image-caption=\"\" data-medium-file=\"https:\/\/socialdesignmagazine.com\/mag\/wp-content\/uploads\/2023\/03\/Ambientha-mdw23_Equilibrio-Naturale-438x283.jpg\" data-large-file=\"https:\/\/socialdesignmagazine.com\/mag\/wp-content\/uploads\/2023\/03\/Ambientha-mdw23_Equilibrio-Naturale-1024x683.jpg\" data-id=\"48625\" src=\"https:\/\/socialdesignmagazine.com\/mag\/wp-content\/uploads\/2023\/03\/Ambientha-mdw23_Equilibrio-Naturale-1024x683.jpg\" alt=\"Ambientha mdw23 Equilibrio Naturale\" class=\"wp-image-48625\" srcset=\"https:\/\/socialdesignmagazine.com\/mag\/wp-content\/uploads\/2023\/03\/Ambientha-mdw23_Equilibrio-Naturale-1024x683.jpg 1024w, https:\/\/socialdesignmagazine.com\/mag\/wp-content\/uploads\/2023\/03\/Ambientha-mdw23_Equilibrio-Naturale-100x66.jpg 100w, https:\/\/socialdesignmagazine.com\/mag\/wp-content\/uploads\/2023\/03\/Ambientha-mdw23_Equilibrio-Naturale-768x512.jpg 768w, https:\/\/socialdesignmagazine.com\/mag\/wp-content\/uploads\/2023\/03\/Ambientha-mdw23_Equilibrio-Naturale.jpg 1200w\" sizes=\"auto, (max-width: 1024px) 100vw, 1024px\" \/><figcaption class=\"wp-element-caption\">Ambientha mdw23 Equilibrio Naturale<\/figcaption><\/figure>\n<\/figure>\n","protected":false,"gt_translate_keys":[{"key":"rendered","format":"html"}]},"excerpt":{"rendered":"<p>Il Fuorisalone 2023 di Milano sar\u00e0 l&#8217;occasione perfetta per scoprire le nuove tendenze nel mondo del design e dell&#8217;arredamento, anche in tema Carte da Parati come nel caso della collezione &#8220;Colpo di Scena &#8211; Unpredictable Wallpaper Collection 2023&#8221; di Ambientha.<\/p>\n","protected":false,"gt_translate_keys":[{"key":"rendered","format":"html"}]},"author":1,"featured_media":48626,"comment_status":"open","ping_status":"open","sticky":false,"template":"","format":"standard","meta":{"jetpack_post_was_ever_published":false,"_jetpack_newsletter_access":"","_jetpack_dont_email_post_to_subs":false,"_jetpack_newsletter_tier_id":0,"_jetpack_memberships_contains_paywalled_content":false,"_jetpack_memberships_contains_paid_content":false,"footnotes":"","_wpscppro_dont_share_socialmedia":false,"_wpscppro_custom_social_share_image":0,"_facebook_share_type":"","_twitter_share_type":"","_linkedin_share_type":"","_pinterest_share_type":"","_linkedin_share_type_page":"","_instagram_share_type":"","_medium_share_type":"","_threads_share_type":"","_google_business_share_type":"","_selected_social_profile":[],"_wpsp_enable_custom_social_template":false,"_wpsp_social_scheduling":{"enabled":false,"datetime":null,"platforms":[],"status":"template_only","dateOption":"today","timeOption":"now","customDays":"","customHours":"","customDate":"","customTime":"","schedulingType":"absolute"},"_wpsp_active_default_template":true},"categories":[17],"tags":[6513,4638,6500,6475],"class_list":["post-48620","post","type-post","status-publish","format-standard","has-post-thumbnail","hentry","category-design-news","tag-ambientha","tag-carte-da-parati","tag-fuorisalone-2023","tag-mdw-2023"],"yoast_head":"<!-- This site is optimized with the Yoast SEO plugin v27.2 - https:\/\/yoast.com\/product\/yoast-seo-wordpress\/ -->\n<title>Ambientha presenta la sua collezione di carte da parati al Fuorisalone 2023: un&#039;esplosione di creativit\u00e0 - Social Design Magazine<\/title>\n<meta name=\"description\" content=\"Il Fuorisalone 2023 di Milano sar\u00e0 l&#039;occasione perfetta per scoprire le nuove tendenze nel mondo del design e dell&#039;arredamento, anche in tema Carte da Parati come nel caso della collezione &quot;Colpo di Scena - Unpredictable Wallpaper Collection 2023&quot; di Ambientha.\" \/>\n<meta name=\"robots\" content=\"index, follow, max-snippet:-1, max-image-preview:large, max-video-preview:-1\" \/>\n<link rel=\"canonical\" href=\"https:\/\/socialdesignmagazine.com\/mag\/news\/design-news\/ambientha-presenta-la-sua-collezione-di-carte-da-parati-al-fuorisalone-2023-unesplosione-di-creativita\/\" \/>\n<meta property=\"og:locale\" content=\"it_IT\" \/>\n<meta property=\"og:type\" content=\"article\" \/>\n<meta property=\"og:title\" content=\"Ambientha presenta la sua collezione di carte da parati al Fuorisalone 2023: un&#039;esplosione di creativit\u00e0 - Social Design Magazine\" \/>\n<meta property=\"og:description\" content=\"Il Fuorisalone 2023 di Milano sar\u00e0 l&#039;occasione perfetta per scoprire le nuove tendenze nel mondo del design e dell&#039;arredamento, anche in tema Carte da Parati come nel caso della collezione &quot;Colpo di Scena - Unpredictable Wallpaper Collection 2023&quot; di Ambientha.\" \/>\n<meta property=\"og:url\" content=\"http:\/\/socialdesignmagazine.com\/mag\/news\/design-news\/ambientha-presenta-la-sua-collezione-di-carte-da-parati-al-fuorisalone-2023-unesplosione-di-creativita\/\" \/>\n<meta property=\"og:site_name\" content=\"Social Design Magazine\" \/>\n<meta property=\"article:publisher\" content=\"https:\/\/www.facebook.com\/socialdesignmag\" \/>\n<meta property=\"article:author\" content=\"https:\/\/www.facebook.com\/benedettofiori\" \/>\n<meta property=\"article:published_time\" content=\"2023-03-19T17:32:00+00:00\" \/>\n<meta property=\"og:image\" content=\"https:\/\/socialdesignmagazine.com\/mag\/wp-content\/uploads\/2023\/03\/Ambientha-mdw23_Equilibrio-Dinamico.jpg\" \/>\n\t<meta property=\"og:image:width\" content=\"1200\" \/>\n\t<meta property=\"og:image:height\" content=\"800\" \/>\n\t<meta property=\"og:image:type\" content=\"image\/jpeg\" \/>\n<meta name=\"author\" content=\"Benedetto Fiori\" \/>\n<meta name=\"twitter:card\" content=\"summary_large_image\" \/>\n<meta name=\"twitter:creator\" content=\"@benedettofiori\" \/>\n<meta name=\"twitter:site\" content=\"@socialdesignmag\" \/>\n<meta name=\"twitter:label1\" content=\"Scritto da\" \/>\n\t<meta name=\"twitter:data1\" content=\"Benedetto Fiori\" \/>\n\t<meta name=\"twitter:label2\" content=\"Tempo di lettura stimato\" \/>\n\t<meta name=\"twitter:data2\" content=\"4 minuti\" \/>\n<script type=\"application\/ld+json\" class=\"yoast-schema-graph\">{\"@context\":\"https:\/\/schema.org\",\"@graph\":[{\"@type\":\"Article\",\"@id\":\"https:\/\/socialdesignmagazine.com\/mag\/news\/design-news\/ambientha-presenta-la-sua-collezione-di-carte-da-parati-al-fuorisalone-2023-unesplosione-di-creativita\/#article\",\"isPartOf\":{\"@id\":\"https:\/\/socialdesignmagazine.com\/mag\/news\/design-news\/ambientha-presenta-la-sua-collezione-di-carte-da-parati-al-fuorisalone-2023-unesplosione-di-creativita\/\"},\"author\":{\"name\":\"Benedetto Fiori\",\"@id\":\"https:\/\/socialdesignmagazine.com\/mag\/#\/schema\/person\/61e20205cc363c315e6aabd33a045846\"},\"headline\":\"Ambientha presenta la sua collezione di carte da parati al Fuorisalone 2023: un&#8217;esplosione di creativit\u00e0\",\"datePublished\":\"2023-03-19T17:32:00+00:00\",\"mainEntityOfPage\":{\"@id\":\"https:\/\/socialdesignmagazine.com\/mag\/news\/design-news\/ambientha-presenta-la-sua-collezione-di-carte-da-parati-al-fuorisalone-2023-unesplosione-di-creativita\/\"},\"wordCount\":415,\"commentCount\":0,\"publisher\":{\"@id\":\"https:\/\/socialdesignmagazine.com\/mag\/#organization\"},\"image\":{\"@id\":\"https:\/\/socialdesignmagazine.com\/mag\/news\/design-news\/ambientha-presenta-la-sua-collezione-di-carte-da-parati-al-fuorisalone-2023-unesplosione-di-creativita\/#primaryimage\"},\"thumbnailUrl\":\"https:\/\/socialdesignmagazine.com\/mag\/wp-content\/uploads\/2023\/03\/Ambientha-mdw23_Equilibrio-Dinamico.jpg\",\"keywords\":[\"Ambientha\",\"Carte da parati\",\"fuorisalone 2023\",\"mdw 2023\"],\"articleSection\":[\"Design News\"],\"inLanguage\":\"it-IT\",\"potentialAction\":[{\"@type\":\"CommentAction\",\"name\":\"Comment\",\"target\":[\"https:\/\/socialdesignmagazine.com\/mag\/news\/design-news\/ambientha-presenta-la-sua-collezione-di-carte-da-parati-al-fuorisalone-2023-unesplosione-di-creativita\/#respond\"]}]},{\"@type\":\"WebPage\",\"@id\":\"https:\/\/socialdesignmagazine.com\/mag\/news\/design-news\/ambientha-presenta-la-sua-collezione-di-carte-da-parati-al-fuorisalone-2023-unesplosione-di-creativita\/\",\"url\":\"https:\/\/socialdesignmagazine.com\/mag\/news\/design-news\/ambientha-presenta-la-sua-collezione-di-carte-da-parati-al-fuorisalone-2023-unesplosione-di-creativita\/\",\"name\":\"Ambientha presenta la sua collezione di carte da parati al Fuorisalone 2023: un'esplosione di creativit\u00e0 - Social Design Magazine\",\"isPartOf\":{\"@id\":\"https:\/\/socialdesignmagazine.com\/mag\/#website\"},\"primaryImageOfPage\":{\"@id\":\"https:\/\/socialdesignmagazine.com\/mag\/news\/design-news\/ambientha-presenta-la-sua-collezione-di-carte-da-parati-al-fuorisalone-2023-unesplosione-di-creativita\/#primaryimage\"},\"image\":{\"@id\":\"https:\/\/socialdesignmagazine.com\/mag\/news\/design-news\/ambientha-presenta-la-sua-collezione-di-carte-da-parati-al-fuorisalone-2023-unesplosione-di-creativita\/#primaryimage\"},\"thumbnailUrl\":\"https:\/\/socialdesignmagazine.com\/mag\/wp-content\/uploads\/2023\/03\/Ambientha-mdw23_Equilibrio-Dinamico.jpg\",\"datePublished\":\"2023-03-19T17:32:00+00:00\",\"description\":\"Il Fuorisalone 2023 di Milano sar\u00e0 l'occasione perfetta per scoprire le nuove tendenze nel mondo del design e dell'arredamento, anche in tema Carte da Parati come nel caso della collezione \\\"Colpo di Scena - Unpredictable Wallpaper Collection 2023\\\" di Ambientha.\",\"breadcrumb\":{\"@id\":\"https:\/\/socialdesignmagazine.com\/mag\/news\/design-news\/ambientha-presenta-la-sua-collezione-di-carte-da-parati-al-fuorisalone-2023-unesplosione-di-creativita\/#breadcrumb\"},\"inLanguage\":\"it-IT\",\"potentialAction\":[{\"@type\":\"ReadAction\",\"target\":[\"https:\/\/socialdesignmagazine.com\/mag\/news\/design-news\/ambientha-presenta-la-sua-collezione-di-carte-da-parati-al-fuorisalone-2023-unesplosione-di-creativita\/\"]}]},{\"@type\":\"ImageObject\",\"inLanguage\":\"it-IT\",\"@id\":\"https:\/\/socialdesignmagazine.com\/mag\/news\/design-news\/ambientha-presenta-la-sua-collezione-di-carte-da-parati-al-fuorisalone-2023-unesplosione-di-creativita\/#primaryimage\",\"url\":\"https:\/\/socialdesignmagazine.com\/mag\/wp-content\/uploads\/2023\/03\/Ambientha-mdw23_Equilibrio-Dinamico.jpg\",\"contentUrl\":\"https:\/\/socialdesignmagazine.com\/mag\/wp-content\/uploads\/2023\/03\/Ambientha-mdw23_Equilibrio-Dinamico.jpg\",\"width\":1200,\"height\":800,\"caption\":\"Ambientha mdw Equilibrio Dinamico\"},{\"@type\":\"BreadcrumbList\",\"@id\":\"https:\/\/socialdesignmagazine.com\/mag\/news\/design-news\/ambientha-presenta-la-sua-collezione-di-carte-da-parati-al-fuorisalone-2023-unesplosione-di-creativita\/#breadcrumb\",\"itemListElement\":[{\"@type\":\"ListItem\",\"position\":1,\"name\":\"Home\",\"item\":\"https:\/\/socialdesignmagazine.com\/mag\/\"},{\"@type\":\"ListItem\",\"position\":2,\"name\":\"News\",\"item\":\"https:\/\/socialdesignmagazine.com\/mag\/news\/\"},{\"@type\":\"ListItem\",\"position\":3,\"name\":\"Design News\",\"item\":\"https:\/\/socialdesignmagazine.com\/mag\/news\/design-news\/\"},{\"@type\":\"ListItem\",\"position\":4,\"name\":\"Ambientha presenta la sua collezione di carte da parati al Fuorisalone 2023: un&#8217;esplosione di creativit\u00e0\"}]},{\"@type\":\"WebSite\",\"@id\":\"https:\/\/socialdesignmagazine.com\/mag\/#website\",\"url\":\"https:\/\/socialdesignmagazine.com\/mag\/\",\"name\":\"Social Design Magazine\",\"description\":\"Social Magazine su Design, Architettura, Arte, Grafica\",\"publisher\":{\"@id\":\"https:\/\/socialdesignmagazine.com\/mag\/#organization\"},\"potentialAction\":[{\"@type\":\"SearchAction\",\"target\":{\"@type\":\"EntryPoint\",\"urlTemplate\":\"https:\/\/socialdesignmagazine.com\/mag\/?s={search_term_string}\"},\"query-input\":{\"@type\":\"PropertyValueSpecification\",\"valueRequired\":true,\"valueName\":\"search_term_string\"}}],\"inLanguage\":\"it-IT\"},{\"@type\":\"Organization\",\"@id\":\"https:\/\/socialdesignmagazine.com\/mag\/#organization\",\"name\":\"Social Design Magazine\",\"url\":\"https:\/\/socialdesignmagazine.com\/mag\/\",\"logo\":{\"@type\":\"ImageObject\",\"inLanguage\":\"it-IT\",\"@id\":\"https:\/\/socialdesignmagazine.com\/mag\/#\/schema\/logo\/image\/\",\"url\":\"https:\/\/socialdesignmagazine.com\/mag\/wp-content\/uploads\/2017\/01\/logo_favicon_11.png\",\"contentUrl\":\"https:\/\/socialdesignmagazine.com\/mag\/wp-content\/uploads\/2017\/01\/logo_favicon_11.png\",\"width\":1024,\"height\":1024,\"caption\":\"Social Design Magazine\"},\"image\":{\"@id\":\"https:\/\/socialdesignmagazine.com\/mag\/#\/schema\/logo\/image\/\"},\"sameAs\":[\"https:\/\/www.facebook.com\/socialdesignmag\",\"https:\/\/x.com\/socialdesignmag\",\"http:\/\/instagram.com\/social_design_magazine\/\",\"http:\/\/pinterest.com\/socialdesignmag\/\",\"http:\/\/www.youtube.com\/user\/socialdesignmagazine\"]},{\"@type\":\"Person\",\"@id\":\"https:\/\/socialdesignmagazine.com\/mag\/#\/schema\/person\/61e20205cc363c315e6aabd33a045846\",\"name\":\"Benedetto Fiori\",\"image\":{\"@type\":\"ImageObject\",\"inLanguage\":\"it-IT\",\"@id\":\"https:\/\/secure.gravatar.com\/avatar\/450a48cefa36da63d920ad70aa660bd10725b1c6093800242e5efdb397759033?s=96&d=mm&r=g\",\"url\":\"https:\/\/secure.gravatar.com\/avatar\/450a48cefa36da63d920ad70aa660bd10725b1c6093800242e5efdb397759033?s=96&d=mm&r=g\",\"contentUrl\":\"https:\/\/secure.gravatar.com\/avatar\/450a48cefa36da63d920ad70aa660bd10725b1c6093800242e5efdb397759033?s=96&d=mm&r=g\",\"caption\":\"Benedetto Fiori\"},\"description\":\"Web | Twitter | Facebook | Shutterstock Founder &amp; Editor in Chief di Social Design Magazine. Attratto da sempre da tutto ci\u00f2 che \u00e8 creativit\u00e0, design, architettura. Dopo aver studiato Architettura all'Universit\u00e0 di Firenze, si \u00e8 impegnato in molteplici campi: comunicazione grafica, progettazione di allestimenti fieristici, brand design, Interior Design.\",\"sameAs\":[\"http:\/\/benedettofiori.com\",\"https:\/\/www.facebook.com\/benedettofiori\",\"https:\/\/x.com\/benedettofiori\"],\"url\":\"https:\/\/socialdesignmagazine.com\/mag\/author\/benedetto\/\"}]}<\/script>\n<!-- \/ Yoast SEO plugin. -->","yoast_head_json":{"title":"Ambientha presenta la sua collezione di carte da parati al Fuorisalone 2023: un'esplosione di creativit\u00e0 - Social Design Magazine","description":"Il Fuorisalone 2023 di Milano sar\u00e0 l'occasione perfetta per scoprire le nuove tendenze nel mondo del design e dell'arredamento, anche in tema Carte da Parati come nel caso della collezione \"Colpo di Scena - Unpredictable Wallpaper Collection 2023\" di Ambientha.","robots":{"index":"index","follow":"follow","max-snippet":"max-snippet:-1","max-image-preview":"max-image-preview:large","max-video-preview":"max-video-preview:-1"},"canonical":"https:\/\/socialdesignmagazine.com\/mag\/news\/design-news\/ambientha-presenta-la-sua-collezione-di-carte-da-parati-al-fuorisalone-2023-unesplosione-di-creativita\/","og_locale":"it_IT","og_type":"article","og_title":"Ambientha presenta la sua collezione di carte da parati al Fuorisalone 2023: un'esplosione di creativit\u00e0 - Social Design Magazine","og_description":"Il Fuorisalone 2023 di Milano sar\u00e0 l'occasione perfetta per scoprire le nuove tendenze nel mondo del design e dell'arredamento, anche in tema Carte da Parati come nel caso della collezione \"Colpo di Scena - Unpredictable Wallpaper Collection 2023\" di Ambientha.","og_url":"http:\/\/socialdesignmagazine.com\/mag\/news\/design-news\/ambientha-presenta-la-sua-collezione-di-carte-da-parati-al-fuorisalone-2023-unesplosione-di-creativita\/","og_site_name":"Social Design Magazine","article_publisher":"https:\/\/www.facebook.com\/socialdesignmag","article_author":"https:\/\/www.facebook.com\/benedettofiori","article_published_time":"2023-03-19T17:32:00+00:00","og_image":[{"width":1200,"height":800,"url":"https:\/\/socialdesignmagazine.com\/mag\/wp-content\/uploads\/2023\/03\/Ambientha-mdw23_Equilibrio-Dinamico.jpg","type":"image\/jpeg"}],"author":"Benedetto Fiori","twitter_card":"summary_large_image","twitter_creator":"@benedettofiori","twitter_site":"@socialdesignmag","twitter_misc":{"Scritto da":"Benedetto Fiori","Tempo di lettura stimato":"4 minuti"},"schema":{"@context":"https:\/\/schema.org","@graph":[{"@type":"Article","@id":"https:\/\/socialdesignmagazine.com\/mag\/news\/design-news\/ambientha-presenta-la-sua-collezione-di-carte-da-parati-al-fuorisalone-2023-unesplosione-di-creativita\/#article","isPartOf":{"@id":"https:\/\/socialdesignmagazine.com\/mag\/news\/design-news\/ambientha-presenta-la-sua-collezione-di-carte-da-parati-al-fuorisalone-2023-unesplosione-di-creativita\/"},"author":{"name":"Benedetto Fiori","@id":"https:\/\/socialdesignmagazine.com\/mag\/#\/schema\/person\/61e20205cc363c315e6aabd33a045846"},"headline":"Ambientha presenta la sua collezione di carte da parati al Fuorisalone 2023: un&#8217;esplosione di creativit\u00e0","datePublished":"2023-03-19T17:32:00+00:00","mainEntityOfPage":{"@id":"https:\/\/socialdesignmagazine.com\/mag\/news\/design-news\/ambientha-presenta-la-sua-collezione-di-carte-da-parati-al-fuorisalone-2023-unesplosione-di-creativita\/"},"wordCount":415,"commentCount":0,"publisher":{"@id":"https:\/\/socialdesignmagazine.com\/mag\/#organization"},"image":{"@id":"https:\/\/socialdesignmagazine.com\/mag\/news\/design-news\/ambientha-presenta-la-sua-collezione-di-carte-da-parati-al-fuorisalone-2023-unesplosione-di-creativita\/#primaryimage"},"thumbnailUrl":"https:\/\/socialdesignmagazine.com\/mag\/wp-content\/uploads\/2023\/03\/Ambientha-mdw23_Equilibrio-Dinamico.jpg","keywords":["Ambientha","Carte da parati","fuorisalone 2023","mdw 2023"],"articleSection":["Design News"],"inLanguage":"it-IT","potentialAction":[{"@type":"CommentAction","name":"Comment","target":["https:\/\/socialdesignmagazine.com\/mag\/news\/design-news\/ambientha-presenta-la-sua-collezione-di-carte-da-parati-al-fuorisalone-2023-unesplosione-di-creativita\/#respond"]}]},{"@type":"WebPage","@id":"https:\/\/socialdesignmagazine.com\/mag\/news\/design-news\/ambientha-presenta-la-sua-collezione-di-carte-da-parati-al-fuorisalone-2023-unesplosione-di-creativita\/","url":"https:\/\/socialdesignmagazine.com\/mag\/news\/design-news\/ambientha-presenta-la-sua-collezione-di-carte-da-parati-al-fuorisalone-2023-unesplosione-di-creativita\/","name":"Ambientha presenta la sua collezione di carte da parati al Fuorisalone 2023: un'esplosione di creativit\u00e0 - Social Design Magazine","isPartOf":{"@id":"https:\/\/socialdesignmagazine.com\/mag\/#website"},"primaryImageOfPage":{"@id":"https:\/\/socialdesignmagazine.com\/mag\/news\/design-news\/ambientha-presenta-la-sua-collezione-di-carte-da-parati-al-fuorisalone-2023-unesplosione-di-creativita\/#primaryimage"},"image":{"@id":"https:\/\/socialdesignmagazine.com\/mag\/news\/design-news\/ambientha-presenta-la-sua-collezione-di-carte-da-parati-al-fuorisalone-2023-unesplosione-di-creativita\/#primaryimage"},"thumbnailUrl":"https:\/\/socialdesignmagazine.com\/mag\/wp-content\/uploads\/2023\/03\/Ambientha-mdw23_Equilibrio-Dinamico.jpg","datePublished":"2023-03-19T17:32:00+00:00","description":"Il Fuorisalone 2023 di Milano sar\u00e0 l'occasione perfetta per scoprire le nuove tendenze nel mondo del design e dell'arredamento, anche in tema Carte da Parati come nel caso della collezione \"Colpo di Scena - Unpredictable Wallpaper Collection 2023\" di Ambientha.","breadcrumb":{"@id":"https:\/\/socialdesignmagazine.com\/mag\/news\/design-news\/ambientha-presenta-la-sua-collezione-di-carte-da-parati-al-fuorisalone-2023-unesplosione-di-creativita\/#breadcrumb"},"inLanguage":"it-IT","potentialAction":[{"@type":"ReadAction","target":["https:\/\/socialdesignmagazine.com\/mag\/news\/design-news\/ambientha-presenta-la-sua-collezione-di-carte-da-parati-al-fuorisalone-2023-unesplosione-di-creativita\/"]}]},{"@type":"ImageObject","inLanguage":"it-IT","@id":"https:\/\/socialdesignmagazine.com\/mag\/news\/design-news\/ambientha-presenta-la-sua-collezione-di-carte-da-parati-al-fuorisalone-2023-unesplosione-di-creativita\/#primaryimage","url":"https:\/\/socialdesignmagazine.com\/mag\/wp-content\/uploads\/2023\/03\/Ambientha-mdw23_Equilibrio-Dinamico.jpg","contentUrl":"https:\/\/socialdesignmagazine.com\/mag\/wp-content\/uploads\/2023\/03\/Ambientha-mdw23_Equilibrio-Dinamico.jpg","width":1200,"height":800,"caption":"Ambientha mdw Equilibrio Dinamico"},{"@type":"BreadcrumbList","@id":"https:\/\/socialdesignmagazine.com\/mag\/news\/design-news\/ambientha-presenta-la-sua-collezione-di-carte-da-parati-al-fuorisalone-2023-unesplosione-di-creativita\/#breadcrumb","itemListElement":[{"@type":"ListItem","position":1,"name":"Home","item":"https:\/\/socialdesignmagazine.com\/mag\/"},{"@type":"ListItem","position":2,"name":"News","item":"https:\/\/socialdesignmagazine.com\/mag\/news\/"},{"@type":"ListItem","position":3,"name":"Design News","item":"https:\/\/socialdesignmagazine.com\/mag\/news\/design-news\/"},{"@type":"ListItem","position":4,"name":"Ambientha presenta la sua collezione di carte da parati al Fuorisalone 2023: un&#8217;esplosione di creativit\u00e0"}]},{"@type":"WebSite","@id":"https:\/\/socialdesignmagazine.com\/mag\/#website","url":"https:\/\/socialdesignmagazine.com\/mag\/","name":"Social Design Magazine","description":"Social Magazine su Design, Architettura, Arte, Grafica","publisher":{"@id":"https:\/\/socialdesignmagazine.com\/mag\/#organization"},"potentialAction":[{"@type":"SearchAction","target":{"@type":"EntryPoint","urlTemplate":"https:\/\/socialdesignmagazine.com\/mag\/?s={search_term_string}"},"query-input":{"@type":"PropertyValueSpecification","valueRequired":true,"valueName":"search_term_string"}}],"inLanguage":"it-IT"},{"@type":"Organization","@id":"https:\/\/socialdesignmagazine.com\/mag\/#organization","name":"Social Design Magazine","url":"https:\/\/socialdesignmagazine.com\/mag\/","logo":{"@type":"ImageObject","inLanguage":"it-IT","@id":"https:\/\/socialdesignmagazine.com\/mag\/#\/schema\/logo\/image\/","url":"https:\/\/socialdesignmagazine.com\/mag\/wp-content\/uploads\/2017\/01\/logo_favicon_11.png","contentUrl":"https:\/\/socialdesignmagazine.com\/mag\/wp-content\/uploads\/2017\/01\/logo_favicon_11.png","width":1024,"height":1024,"caption":"Social Design Magazine"},"image":{"@id":"https:\/\/socialdesignmagazine.com\/mag\/#\/schema\/logo\/image\/"},"sameAs":["https:\/\/www.facebook.com\/socialdesignmag","https:\/\/x.com\/socialdesignmag","http:\/\/instagram.com\/social_design_magazine\/","http:\/\/pinterest.com\/socialdesignmag\/","http:\/\/www.youtube.com\/user\/socialdesignmagazine"]},{"@type":"Person","@id":"https:\/\/socialdesignmagazine.com\/mag\/#\/schema\/person\/61e20205cc363c315e6aabd33a045846","name":"Benedetto Fiori","image":{"@type":"ImageObject","inLanguage":"it-IT","@id":"https:\/\/secure.gravatar.com\/avatar\/450a48cefa36da63d920ad70aa660bd10725b1c6093800242e5efdb397759033?s=96&d=mm&r=g","url":"https:\/\/secure.gravatar.com\/avatar\/450a48cefa36da63d920ad70aa660bd10725b1c6093800242e5efdb397759033?s=96&d=mm&r=g","contentUrl":"https:\/\/secure.gravatar.com\/avatar\/450a48cefa36da63d920ad70aa660bd10725b1c6093800242e5efdb397759033?s=96&d=mm&r=g","caption":"Benedetto Fiori"},"description":"Web | Twitter | Facebook | Shutterstock Founder &amp; Editor in Chief di Social Design Magazine. Attratto da sempre da tutto ci\u00f2 che \u00e8 creativit\u00e0, design, architettura. Dopo aver studiato Architettura all'Universit\u00e0 di Firenze, si \u00e8 impegnato in molteplici campi: comunicazione grafica, progettazione di allestimenti fieristici, brand design, Interior Design.","sameAs":["http:\/\/benedettofiori.com","https:\/\/www.facebook.com\/benedettofiori","https:\/\/x.com\/benedettofiori"],"url":"https:\/\/socialdesignmagazine.com\/mag\/author\/benedetto\/"}]}},"jetpack_featured_media_url":"https:\/\/socialdesignmagazine.com\/mag\/wp-content\/uploads\/2023\/03\/Ambientha-mdw23_Equilibrio-Dinamico.jpg","jetpack_sharing_enabled":true,"jetpack_shortlink":"https:\/\/wp.me\/p6cV7V-cEc","gt_translate_keys":[{"key":"link","format":"url"}],"_links":{"self":[{"href":"https:\/\/socialdesignmagazine.com\/mag\/wp-json\/wp\/v2\/posts\/48620","targetHints":{"allow":["GET"]}}],"collection":[{"href":"https:\/\/socialdesignmagazine.com\/mag\/wp-json\/wp\/v2\/posts"}],"about":[{"href":"https:\/\/socialdesignmagazine.com\/mag\/wp-json\/wp\/v2\/types\/post"}],"author":[{"embeddable":true,"href":"https:\/\/socialdesignmagazine.com\/mag\/wp-json\/wp\/v2\/users\/1"}],"replies":[{"embeddable":true,"href":"https:\/\/socialdesignmagazine.com\/mag\/wp-json\/wp\/v2\/comments?post=48620"}],"version-history":[{"count":1,"href":"https:\/\/socialdesignmagazine.com\/mag\/wp-json\/wp\/v2\/posts\/48620\/revisions"}],"predecessor-version":[{"id":48627,"href":"https:\/\/socialdesignmagazine.com\/mag\/wp-json\/wp\/v2\/posts\/48620\/revisions\/48627"}],"wp:featuredmedia":[{"embeddable":true,"href":"https:\/\/socialdesignmagazine.com\/mag\/wp-json\/wp\/v2\/media\/48626"}],"wp:attachment":[{"href":"https:\/\/socialdesignmagazine.com\/mag\/wp-json\/wp\/v2\/media?parent=48620"}],"wp:term":[{"taxonomy":"category","embeddable":true,"href":"https:\/\/socialdesignmagazine.com\/mag\/wp-json\/wp\/v2\/categories?post=48620"},{"taxonomy":"post_tag","embeddable":true,"href":"https:\/\/socialdesignmagazine.com\/mag\/wp-json\/wp\/v2\/tags?post=48620"}],"curies":[{"name":"wp","href":"https:\/\/api.w.org\/{rel}","templated":true}]}}