{"id":48630,"date":"2023-03-20T10:05:00","date_gmt":"2023-03-20T09:05:00","guid":{"rendered":"https:\/\/socialdesignmagazine.com\/mag\/?p=48630"},"modified":"2023-03-19T22:07:36","modified_gmt":"2023-03-19T21:07:36","slug":"milano-design-week-2023-al-superstudio-piu-il-superdesign-show-si-interroga-sul-futuro-del-design-con-il-tema-inspiration-innovation-immagination","status":"publish","type":"post","link":"https:\/\/socialdesignmagazine.com\/mag\/news\/design-news\/milano-design-week-2023-al-superstudio-piu-il-superdesign-show-si-interroga-sul-futuro-del-design-con-il-tema-inspiration-innovation-immagination\/","title":{"rendered":"Milano Design Week 2023: al Superstudio Pi\u00f9 il Superdesign Show si interroga sul futuro del design con il tema &#8220;inspiration innovation immagination&#8221;","gt_translate_keys":[{"key":"rendered","format":"text"}]},"content":{"rendered":"\n<p>Il Superstudio Pi\u00f9 durante la Milano Design Week 2023 ospiter\u00e0 l&#8217;evento annuale Superdesign Show, che quest&#8217;anno sar\u00e0 incentrato sul tema &#8220;inspiration innovation immagination&#8221;, con un approccio visionario che interroga il futuro del design, dell&#8217;architettura, delle citt\u00e0 e della progettazione in generale, alla luce delle nuove tecnologie come l&#8217;intelligenza artificiale, la realt\u00e0 aumentata e i robot umanoidi. <\/p>\n\n\n\n<p>Saranno presentate alcune installazioni spettacolari e innovative che mostrano una selezione di prodotti di design internazionale che riflettono sul futuro delle funzioni e dei servizi. L&#8217;evento include anche esposizioni di prodotti elettrici sostenibili, prototipi di auto elettriche, soluzioni innovative per la mobilit\u00e0 e interventi architettonici all&#8217;avanguardia e green. <\/p>\n\n\n\n<p>Ci saranno anche sessioni dedicate alla sostenibilit\u00e0 e alla cultura, inclusivit\u00e0 e sostenibilit\u00e0 degli ambienti di lavoro e di vita. L&#8217;Istituto Marangoni, la Scuola di Design, mostrer\u00e0 ai visitatori le sue tecnologie tattili del Metaverso, mentre Superstudio presenter\u00e0 il suo Virtual Pavilion. <\/p>\n\n\n\n<figure class=\"wp-block-image size-large\"><img loading=\"lazy\" decoding=\"async\" width=\"1024\" height=\"768\" data-attachment-id=\"48632\" data-permalink=\"https:\/\/socialdesignmagazine.com\/mag\/news\/design-news\/milano-design-week-2023-al-superstudio-piu-il-superdesign-show-si-interroga-sul-futuro-del-design-con-il-tema-inspiration-innovation-immagination\/attachment\/img_2058\/#content\" data-orig-file=\"https:\/\/socialdesignmagazine.com\/mag\/wp-content\/uploads\/2023\/03\/IMG_2058.jpg\" data-orig-size=\"1200,900\" data-comments-opened=\"1\" data-image-meta=\"{&quot;aperture&quot;:&quot;0&quot;,&quot;credit&quot;:&quot;&quot;,&quot;camera&quot;:&quot;&quot;,&quot;caption&quot;:&quot;&quot;,&quot;created_timestamp&quot;:&quot;0&quot;,&quot;copyright&quot;:&quot;&quot;,&quot;focal_length&quot;:&quot;0&quot;,&quot;iso&quot;:&quot;0&quot;,&quot;shutter_speed&quot;:&quot;0&quot;,&quot;title&quot;:&quot;&quot;,&quot;orientation&quot;:&quot;0&quot;}\" data-image-title=\"IMG\" data-image-description=\"\" data-image-caption=\"\" data-medium-file=\"https:\/\/socialdesignmagazine.com\/mag\/wp-content\/uploads\/2023\/03\/IMG_2058-438x283.jpg\" data-large-file=\"https:\/\/socialdesignmagazine.com\/mag\/wp-content\/uploads\/2023\/03\/IMG_2058-1024x768.jpg\" src=\"https:\/\/socialdesignmagazine.com\/mag\/wp-content\/uploads\/2023\/03\/IMG_2058-1024x768.jpg\" alt=\"Superdesign Show - Conferenza stampa di presentazione\" class=\"wp-image-48632\" srcset=\"https:\/\/socialdesignmagazine.com\/mag\/wp-content\/uploads\/2023\/03\/IMG_2058-1024x768.jpg 1024w, https:\/\/socialdesignmagazine.com\/mag\/wp-content\/uploads\/2023\/03\/IMG_2058-768x576.jpg 768w, https:\/\/socialdesignmagazine.com\/mag\/wp-content\/uploads\/2023\/03\/IMG_2058.jpg 1200w\" sizes=\"auto, (max-width: 1024px) 100vw, 1024px\" \/><figcaption class=\"wp-element-caption\">Superdesign Show &#8211; Conferenza stampa di presentazione<\/figcaption><\/figure>\n\n\n\n<p>Superdesign Show, l\u2019evento annuale di Superstudio per la Milano Design Week, mette in scena alcune spettacolari e impegnative installazioni che, se da un lato ci informano sulle novit\u00e0 di una selezionata produzione internazionale, dall\u2019altro anticipano interrogativi e risposte sulle funzioni del mondo che verr\u00e0. Tra questi:<\/p>\n\n\n\n<h2 class=\"wp-block-heading\">Oggi \u00e8 gi\u00e0 domani: le scelte sostenibili per il futuro<\/h2>\n\n\n\n<p>Il mondo sta cambiando rapidamente e la necessit\u00e0 di adottare comportamenti sostenibili \u00e8 sempre pi\u00f9 evidente. Ma come possiamo fare scelte consapevoli e responsabili? <strong>Materially<\/strong>, con la sua ricerca sui materiali ecosostenibili e di recupero, propone una soluzione che coinvolge il circuito dell&#8217;economia circolare e il concetto di meraviglia. L&#8217;installazione interattiva di quest&#8217;anno \u00e8 un esempio di come la sostenibilit\u00e0 possa essere unita all&#8217;innovazione e alla bellezza.<\/p>\n\n\n\n<p><strong>Holcim (Italia)<\/strong> mostra un&#8217;altra soluzione innovativa per l&#8217;edilizia sostenibile: panche realizzate con una combinazione di cemento e resina naturale. Questo approccio dimostra che l&#8217;industria edile pu\u00f2 contribuire alla creazione di un futuro pi\u00f9 sostenibile.<\/p>\n\n\n\n<p>Anche <strong>Samsung<\/strong> si unisce alla sfida della sostenibilit\u00e0, presentando una zona dedicata alla sostenibilit\u00e0 nella sua casa smart. L&#8217;azienda mostra come gli elettrodomestici possono essere ecologici e intelligenti allo stesso tempo.<\/p>\n\n\n\n<p>La mobilit\u00e0 elettrica \u00e8 un&#8217;altra area cruciale per il futuro sostenibile. <strong>Lexus<\/strong> ha fatto della ricerca sulla mobilit\u00e0 elettrica il suo focus per 15 anni. La sua nuova creazione, &#8220;Shaped by Air&#8221; dell&#8217;architetto Suchi Reddy, \u00e8 ispirata alla maestria artigianale della Lexus Electrified Sport coup\u00e9 ed \u00e8 un esempio di come la bellezza possa incontrare la sostenibilit\u00e0.<\/p>\n\n\n\n<figure class=\"wp-block-image size-large\"><img loading=\"lazy\" decoding=\"async\" width=\"1024\" height=\"1551\" data-attachment-id=\"48644\" data-permalink=\"https:\/\/socialdesignmagazine.com\/mag\/news\/design-news\/milano-design-week-2023-al-superstudio-piu-il-superdesign-show-si-interroga-sul-futuro-del-design-con-il-tema-inspiration-innovation-immagination\/attachment\/holcim-italia_cala-coffee-table_-ph-lorenzo-butti\/#content\" data-orig-file=\"https:\/\/socialdesignmagazine.com\/mag\/wp-content\/uploads\/2023\/03\/HOLCIM-ITALIA_CALA-Coffee-Table_-ph.-Lorenzo-Butti.jpg\" data-orig-size=\"1200,1817\" data-comments-opened=\"1\" data-image-meta=\"{&quot;aperture&quot;:&quot;0&quot;,&quot;credit&quot;:&quot;&quot;,&quot;camera&quot;:&quot;&quot;,&quot;caption&quot;:&quot;&quot;,&quot;created_timestamp&quot;:&quot;0&quot;,&quot;copyright&quot;:&quot;&quot;,&quot;focal_length&quot;:&quot;0&quot;,&quot;iso&quot;:&quot;0&quot;,&quot;shutter_speed&quot;:&quot;0&quot;,&quot;title&quot;:&quot;&quot;,&quot;orientation&quot;:&quot;0&quot;}\" data-image-title=\"HOLCIM ITALIA CALA Coffee Table ph. Lorenzo Butti\" data-image-description=\"\" data-image-caption=\"\" data-medium-file=\"https:\/\/socialdesignmagazine.com\/mag\/wp-content\/uploads\/2023\/03\/HOLCIM-ITALIA_CALA-Coffee-Table_-ph.-Lorenzo-Butti-438x283.jpg\" data-large-file=\"https:\/\/socialdesignmagazine.com\/mag\/wp-content\/uploads\/2023\/03\/HOLCIM-ITALIA_CALA-Coffee-Table_-ph.-Lorenzo-Butti-1024x1551.jpg\" src=\"https:\/\/socialdesignmagazine.com\/mag\/wp-content\/uploads\/2023\/03\/HOLCIM-ITALIA_CALA-Coffee-Table_-ph.-Lorenzo-Butti-1024x1551.jpg\" alt=\"HOLCIM ITALIA CALA Coffee Table ph. Lorenzo Butti\" class=\"wp-image-48644\" srcset=\"https:\/\/socialdesignmagazine.com\/mag\/wp-content\/uploads\/2023\/03\/HOLCIM-ITALIA_CALA-Coffee-Table_-ph.-Lorenzo-Butti-1024x1551.jpg 1024w, https:\/\/socialdesignmagazine.com\/mag\/wp-content\/uploads\/2023\/03\/HOLCIM-ITALIA_CALA-Coffee-Table_-ph.-Lorenzo-Butti-768x1163.jpg 768w, https:\/\/socialdesignmagazine.com\/mag\/wp-content\/uploads\/2023\/03\/HOLCIM-ITALIA_CALA-Coffee-Table_-ph.-Lorenzo-Butti-1014x1536.jpg 1014w, https:\/\/socialdesignmagazine.com\/mag\/wp-content\/uploads\/2023\/03\/HOLCIM-ITALIA_CALA-Coffee-Table_-ph.-Lorenzo-Butti.jpg 1200w\" sizes=\"auto, (max-width: 1024px) 100vw, 1024px\" \/><figcaption class=\"wp-element-caption\">HOLCIM ITALIA CALA Coffee Table ph. Lorenzo Butti<\/figcaption><\/figure>\n\n\n\n<figure class=\"wp-block-image size-large\"><img loading=\"lazy\" decoding=\"async\" width=\"1024\" height=\"714\" data-attachment-id=\"48643\" data-permalink=\"https:\/\/socialdesignmagazine.com\/mag\/news\/design-news\/milano-design-week-2023-al-superstudio-piu-il-superdesign-show-si-interroga-sul-futuro-del-design-con-il-tema-inspiration-innovation-immagination\/attachment\/massimiliano-mandarini-e-creative-italy-lab_schizzo_superdesign-show-2023-1\/#content\" data-orig-file=\"https:\/\/socialdesignmagazine.com\/mag\/wp-content\/uploads\/2023\/03\/Massimiliano-Mandarini-e-Creative-Italy-Lab_Schizzo_Superdesign-Show-2023-1.jpg\" data-orig-size=\"1200,837\" data-comments-opened=\"1\" data-image-meta=\"{&quot;aperture&quot;:&quot;0&quot;,&quot;credit&quot;:&quot;&quot;,&quot;camera&quot;:&quot;&quot;,&quot;caption&quot;:&quot;&quot;,&quot;created_timestamp&quot;:&quot;0&quot;,&quot;copyright&quot;:&quot;&quot;,&quot;focal_length&quot;:&quot;0&quot;,&quot;iso&quot;:&quot;0&quot;,&quot;shutter_speed&quot;:&quot;0&quot;,&quot;title&quot;:&quot;&quot;,&quot;orientation&quot;:&quot;0&quot;}\" data-image-title=\"Massimiliano Mandarini e Creative Italy Lab Schizzo Superdesign Show\" data-image-description=\"\" data-image-caption=\"\" data-medium-file=\"https:\/\/socialdesignmagazine.com\/mag\/wp-content\/uploads\/2023\/03\/Massimiliano-Mandarini-e-Creative-Italy-Lab_Schizzo_Superdesign-Show-2023-1-438x283.jpg\" data-large-file=\"https:\/\/socialdesignmagazine.com\/mag\/wp-content\/uploads\/2023\/03\/Massimiliano-Mandarini-e-Creative-Italy-Lab_Schizzo_Superdesign-Show-2023-1-1024x714.jpg\" src=\"https:\/\/socialdesignmagazine.com\/mag\/wp-content\/uploads\/2023\/03\/Massimiliano-Mandarini-e-Creative-Italy-Lab_Schizzo_Superdesign-Show-2023-1-1024x714.jpg\" alt=\"Massimiliano Mandarini e Creative Italy Lab Schizzo Superdesign Show\" class=\"wp-image-48643\" srcset=\"https:\/\/socialdesignmagazine.com\/mag\/wp-content\/uploads\/2023\/03\/Massimiliano-Mandarini-e-Creative-Italy-Lab_Schizzo_Superdesign-Show-2023-1-1024x714.jpg 1024w, https:\/\/socialdesignmagazine.com\/mag\/wp-content\/uploads\/2023\/03\/Massimiliano-Mandarini-e-Creative-Italy-Lab_Schizzo_Superdesign-Show-2023-1-768x536.jpg 768w, https:\/\/socialdesignmagazine.com\/mag\/wp-content\/uploads\/2023\/03\/Massimiliano-Mandarini-e-Creative-Italy-Lab_Schizzo_Superdesign-Show-2023-1.jpg 1200w\" sizes=\"auto, (max-width: 1024px) 100vw, 1024px\" \/><figcaption class=\"wp-element-caption\">Massimiliano Mandarini e Creative Italy Lab Schizzo Superdesign Show<\/figcaption><\/figure>\n\n\n\n<p>La cultura dell&#8217;ecologia deve essere promossa fin dall&#8217;infanzia per prevenire il disastro ambientale. <strong>Massimiliano Mandarini e Creative Italy Lab<\/strong> mostrano come la sostenibilit\u00e0 possa essere incorporata in tutti gli aspetti della vita quotidiana, compresi gli ambienti di lavoro. <strong>GN Architetti + Phononic Vibes<\/strong> presentano una soluzione acustica futuristica, &#8220;SoundSpline&#8221;, che unisce l&#8217;ingegneria e l&#8217;architettura degli interni.<\/p>\n\n\n\n<p>Le piattaforme digitali e le esperienze virtuali stanno diventando sempre pi\u00f9 importanti per l&#8217;esperienza dell&#8217;utente. L&#8217;<strong>Istituto Marangoni \u2022 the School of Design<\/strong> ci porta nel Metaverso con la sua tecnologia tattile, mentre Superstudio ci invita a esplorare le sue proposte di esperienze virtuali. PNA &#8211; Pietra Naturale Autentica ci mostra l&#8217;immensit\u00e0 della bellezza dei marmi italiani attraverso le immagini proiettate sui ledwall di un cubo emozionale.<\/p>\n\n\n\n<figure class=\"wp-block-image size-large\"><img loading=\"lazy\" decoding=\"async\" width=\"1024\" height=\"576\" data-attachment-id=\"48633\" data-permalink=\"https:\/\/socialdesignmagazine.com\/mag\/news\/design-news\/milano-design-week-2023-al-superstudio-piu-il-superdesign-show-si-interroga-sul-futuro-del-design-con-il-tema-inspiration-innovation-immagination\/attachment\/istituto-marangoni-school-of-design_tacty_mikel_alonso_4\/#content\" data-orig-file=\"https:\/\/socialdesignmagazine.com\/mag\/wp-content\/uploads\/2023\/03\/Istituto-Marangoni-\u2013-School-of-Design_Tacty_Mikel_Alonso_4.jpg\" data-orig-size=\"1200,675\" data-comments-opened=\"1\" data-image-meta=\"{&quot;aperture&quot;:&quot;0&quot;,&quot;credit&quot;:&quot;&quot;,&quot;camera&quot;:&quot;&quot;,&quot;caption&quot;:&quot;&quot;,&quot;created_timestamp&quot;:&quot;0&quot;,&quot;copyright&quot;:&quot;&quot;,&quot;focal_length&quot;:&quot;0&quot;,&quot;iso&quot;:&quot;0&quot;,&quot;shutter_speed&quot;:&quot;0&quot;,&quot;title&quot;:&quot;&quot;,&quot;orientation&quot;:&quot;0&quot;}\" data-image-title=\"Istituto Marangoni \u2013 School of Design Tacty Mikel Alonso\" data-image-description=\"\" data-image-caption=\"\" data-medium-file=\"https:\/\/socialdesignmagazine.com\/mag\/wp-content\/uploads\/2023\/03\/Istituto-Marangoni-\u2013-School-of-Design_Tacty_Mikel_Alonso_4-438x283.jpg\" data-large-file=\"https:\/\/socialdesignmagazine.com\/mag\/wp-content\/uploads\/2023\/03\/Istituto-Marangoni-\u2013-School-of-Design_Tacty_Mikel_Alonso_4-1024x576.jpg\" src=\"https:\/\/socialdesignmagazine.com\/mag\/wp-content\/uploads\/2023\/03\/Istituto-Marangoni-\u2013-School-of-Design_Tacty_Mikel_Alonso_4-1024x576.jpg\" alt=\"Istituto Marangoni \u2013 School of Design Tacty Mikel Alonso\" class=\"wp-image-48633\" srcset=\"https:\/\/socialdesignmagazine.com\/mag\/wp-content\/uploads\/2023\/03\/Istituto-Marangoni-\u2013-School-of-Design_Tacty_Mikel_Alonso_4-1024x576.jpg 1024w, https:\/\/socialdesignmagazine.com\/mag\/wp-content\/uploads\/2023\/03\/Istituto-Marangoni-\u2013-School-of-Design_Tacty_Mikel_Alonso_4-768x432.jpg 768w, https:\/\/socialdesignmagazine.com\/mag\/wp-content\/uploads\/2023\/03\/Istituto-Marangoni-\u2013-School-of-Design_Tacty_Mikel_Alonso_4.jpg 1200w\" sizes=\"auto, (max-width: 1024px) 100vw, 1024px\" \/><figcaption class=\"wp-element-caption\">Istituto Marangoni \u2013 School of Design Tacty Mikel Alonso<\/figcaption><\/figure>\n\n\n\n<p>In sintesi, la sostenibilit\u00e0 \u00e8 l&#8217;unica strada percorribile per un futuro migliore. Questa mostra rappresenta un&#8217;opportunit\u00e0 per esplorare nuove soluzioni sostenibili e per scoprire come la bellezza pu\u00f2 unirsi alla sostenibilit\u00e0. Oggi \u00e8 gi\u00e0 domani, e dobbiamo agire adesso per garantire un futuro sostenibile per le generazioni future.<\/p>\n\n\n\n<h2 class=\"wp-block-heading\">Asian R-evolution<\/h2>\n\n\n\n<p>L&#8217;Asian R-evolution \u00e8 un fenomeno sempre pi\u00f9 evidente nel mondo del design e dell&#8217;arredamento. Mentre in passato erano soprattutto le aziende occidentali a dettare le tendenze e ad esportare il proprio stile, oggi sono le nazioni dell&#8217;East e del Far-East a farsi sentire con proposte concrete e originali.<\/p>\n\n\n\n<p>Il Superstudio \u00e8 da anni un luogo di incontro tra il mondo del design occidentale e quello asiatico. Qui, infatti, vengono presentati i prodotti e le soluzioni di aziende e progettisti provenienti da tutto il mondo, dando vita a una contaminazione culturale e stilistica che arricchisce l&#8217;intero settore.<\/p>\n\n\n\n<figure class=\"wp-block-image size-large\"><img loading=\"lazy\" decoding=\"async\" width=\"1024\" height=\"768\" data-attachment-id=\"48641\" data-permalink=\"https:\/\/socialdesignmagazine.com\/mag\/news\/design-news\/milano-design-week-2023-al-superstudio-piu-il-superdesign-show-si-interroga-sul-futuro-del-design-con-il-tema-inspiration-innovation-immagination\/attachment\/grado-design_%e7%b3%bb%e5%88%97%e7%99%bd%e5%ba%95%e5%9b%be\/#content\" data-orig-file=\"https:\/\/socialdesignmagazine.com\/mag\/wp-content\/uploads\/2023\/03\/Grado-Design_\u7cfb\u5217\u767d\u5e95\u56fe.jpg\" data-orig-size=\"1200,900\" data-comments-opened=\"1\" data-image-meta=\"{&quot;aperture&quot;:&quot;0&quot;,&quot;credit&quot;:&quot;&quot;,&quot;camera&quot;:&quot;&quot;,&quot;caption&quot;:&quot;&quot;,&quot;created_timestamp&quot;:&quot;0&quot;,&quot;copyright&quot;:&quot;&quot;,&quot;focal_length&quot;:&quot;0&quot;,&quot;iso&quot;:&quot;0&quot;,&quot;shutter_speed&quot;:&quot;0&quot;,&quot;title&quot;:&quot;&quot;,&quot;orientation&quot;:&quot;0&quot;}\" data-image-title=\"Grado Design \u7cfb\u5217\u767d\u5e95\u56fe\" data-image-description=\"\" data-image-caption=\"\" data-medium-file=\"https:\/\/socialdesignmagazine.com\/mag\/wp-content\/uploads\/2023\/03\/Grado-Design_\u7cfb\u5217\u767d\u5e95\u56fe-438x283.jpg\" data-large-file=\"https:\/\/socialdesignmagazine.com\/mag\/wp-content\/uploads\/2023\/03\/Grado-Design_\u7cfb\u5217\u767d\u5e95\u56fe-1024x768.jpg\" src=\"https:\/\/socialdesignmagazine.com\/mag\/wp-content\/uploads\/2023\/03\/Grado-Design_\u7cfb\u5217\u767d\u5e95\u56fe-1024x768.jpg\" alt=\"Grado Design \u7cfb\u5217\u767d\u5e95\u56fe\" class=\"wp-image-48641\" srcset=\"https:\/\/socialdesignmagazine.com\/mag\/wp-content\/uploads\/2023\/03\/Grado-Design_\u7cfb\u5217\u767d\u5e95\u56fe-1024x768.jpg 1024w, https:\/\/socialdesignmagazine.com\/mag\/wp-content\/uploads\/2023\/03\/Grado-Design_\u7cfb\u5217\u767d\u5e95\u56fe-768x576.jpg 768w, https:\/\/socialdesignmagazine.com\/mag\/wp-content\/uploads\/2023\/03\/Grado-Design_\u7cfb\u5217\u767d\u5e95\u56fe.jpg 1200w\" sizes=\"auto, (max-width: 1024px) 100vw, 1024px\" \/><figcaption class=\"wp-element-caption\">Grado Design \u7cfb\u5217\u767d\u5e95\u56fe<\/figcaption><\/figure>\n\n\n\n<figure class=\"wp-block-image size-large\"><img loading=\"lazy\" decoding=\"async\" width=\"1024\" height=\"512\" data-attachment-id=\"48642\" data-permalink=\"https:\/\/socialdesignmagazine.com\/mag\/news\/design-news\/milano-design-week-2023-al-superstudio-piu-il-superdesign-show-si-interroga-sul-futuro-del-design-con-il-tema-inspiration-innovation-immagination\/attachment\/kawashimaselkontextiles_image_superdesign-show-2023\/#content\" data-orig-file=\"https:\/\/socialdesignmagazine.com\/mag\/wp-content\/uploads\/2023\/03\/KawashimaSelkonTextiles_Image_Superdesign-Show-2023.jpg\" data-orig-size=\"1200,600\" data-comments-opened=\"1\" data-image-meta=\"{&quot;aperture&quot;:&quot;0&quot;,&quot;credit&quot;:&quot;&quot;,&quot;camera&quot;:&quot;&quot;,&quot;caption&quot;:&quot;&quot;,&quot;created_timestamp&quot;:&quot;0&quot;,&quot;copyright&quot;:&quot;&quot;,&quot;focal_length&quot;:&quot;0&quot;,&quot;iso&quot;:&quot;0&quot;,&quot;shutter_speed&quot;:&quot;0&quot;,&quot;title&quot;:&quot;&quot;,&quot;orientation&quot;:&quot;0&quot;}\" data-image-title=\"KawashimaSelkonTextiles Image Superdesign Show\" data-image-description=\"\" data-image-caption=\"\" data-medium-file=\"https:\/\/socialdesignmagazine.com\/mag\/wp-content\/uploads\/2023\/03\/KawashimaSelkonTextiles_Image_Superdesign-Show-2023-438x283.jpg\" data-large-file=\"https:\/\/socialdesignmagazine.com\/mag\/wp-content\/uploads\/2023\/03\/KawashimaSelkonTextiles_Image_Superdesign-Show-2023-1024x512.jpg\" src=\"https:\/\/socialdesignmagazine.com\/mag\/wp-content\/uploads\/2023\/03\/KawashimaSelkonTextiles_Image_Superdesign-Show-2023-1024x512.jpg\" alt=\"KawashimaSelkonTextiles Image Superdesign Show\" class=\"wp-image-48642\" srcset=\"https:\/\/socialdesignmagazine.com\/mag\/wp-content\/uploads\/2023\/03\/KawashimaSelkonTextiles_Image_Superdesign-Show-2023-1024x512.jpg 1024w, https:\/\/socialdesignmagazine.com\/mag\/wp-content\/uploads\/2023\/03\/KawashimaSelkonTextiles_Image_Superdesign-Show-2023-768x384.jpg 768w, https:\/\/socialdesignmagazine.com\/mag\/wp-content\/uploads\/2023\/03\/KawashimaSelkonTextiles_Image_Superdesign-Show-2023.jpg 1200w\" sizes=\"auto, (max-width: 1024px) 100vw, 1024px\" \/><figcaption class=\"wp-element-caption\">KawashimaSelkonTextiles Image Superdesign Show<\/figcaption><\/figure>\n\n\n\n<p>La Cina, ad esempio, \u00e8 rappresentata da <strong>Grado Design<\/strong>, che unisce la tradizione cinese alla modernit\u00e0 attraverso il minimalismo e le linee morbide del comfort. La giapponese <strong>GPJ \u00d7 YUTAKA<\/strong>, invece, propone un nuovo sistema di illuminazione con l&#8217;innovativa tecnologia Onefabrica, mentre <strong>Kawashima Selkon<\/strong> <strong>Textiles<\/strong> ripropone i tessuti d&#8217;arredo tradizionali giapponesi in chiave attualizzata.<\/p>\n\n\n\n<p>Dalla Corea arriva <strong>Seoul Design Foundation<\/strong>, che si propone di intercettare le innovazioni e di ispirare i creativi, mentre la Thailandia \u00e8 rappresentata da <strong>Slowhand Design Thailand by DITP<\/strong>, che mette in mostra materiali e manifatture locali e si concentra sul riuso e sul ciclo di vita dei materiali industriali.<\/p>\n\n\n\n<figure class=\"wp-block-image size-large\"><img loading=\"lazy\" decoding=\"async\" width=\"1024\" height=\"1024\" data-attachment-id=\"48634\" data-permalink=\"https:\/\/socialdesignmagazine.com\/mag\/news\/design-news\/milano-design-week-2023-al-superstudio-piu-il-superdesign-show-si-interroga-sul-futuro-del-design-con-il-tema-inspiration-innovation-immagination\/attachment\/ditp-thailand_qualy_cacvase\/#content\" data-orig-file=\"https:\/\/socialdesignmagazine.com\/mag\/wp-content\/uploads\/2023\/03\/DITP-Thailand_Qualy_Cacvase.jpg\" data-orig-size=\"1200,1200\" data-comments-opened=\"1\" data-image-meta=\"{&quot;aperture&quot;:&quot;0&quot;,&quot;credit&quot;:&quot;&quot;,&quot;camera&quot;:&quot;&quot;,&quot;caption&quot;:&quot;&quot;,&quot;created_timestamp&quot;:&quot;0&quot;,&quot;copyright&quot;:&quot;&quot;,&quot;focal_length&quot;:&quot;0&quot;,&quot;iso&quot;:&quot;0&quot;,&quot;shutter_speed&quot;:&quot;0&quot;,&quot;title&quot;:&quot;&quot;,&quot;orientation&quot;:&quot;0&quot;}\" data-image-title=\"DITP Thailand Qualy Cacvase\" data-image-description=\"\" data-image-caption=\"\" data-medium-file=\"https:\/\/socialdesignmagazine.com\/mag\/wp-content\/uploads\/2023\/03\/DITP-Thailand_Qualy_Cacvase-438x283.jpg\" data-large-file=\"https:\/\/socialdesignmagazine.com\/mag\/wp-content\/uploads\/2023\/03\/DITP-Thailand_Qualy_Cacvase-1024x1024.jpg\" src=\"https:\/\/socialdesignmagazine.com\/mag\/wp-content\/uploads\/2023\/03\/DITP-Thailand_Qualy_Cacvase-1024x1024.jpg\" alt=\"DITP Thailand Qualy Cacvase\" class=\"wp-image-48634\" srcset=\"https:\/\/socialdesignmagazine.com\/mag\/wp-content\/uploads\/2023\/03\/DITP-Thailand_Qualy_Cacvase-1024x1024.jpg 1024w, https:\/\/socialdesignmagazine.com\/mag\/wp-content\/uploads\/2023\/03\/DITP-Thailand_Qualy_Cacvase-768x768.jpg 768w, https:\/\/socialdesignmagazine.com\/mag\/wp-content\/uploads\/2023\/03\/DITP-Thailand_Qualy_Cacvase.jpg 1200w\" sizes=\"auto, (max-width: 1024px) 100vw, 1024px\" \/><figcaption class=\"wp-element-caption\">DITP Thailand Qualy Cacvase<\/figcaption><\/figure>\n\n\n\n<p>Infine, il Giappone si fa sentire con diverse proposte, tra cui i raffinati apparecchi di illuminazione di quantum e l&#8217;installazione dedicata alla tecnologia VR di <strong>Forum8<\/strong>. <strong>Tokyo Creative Salon<\/strong>, invece, promuove un festival di design e moda ancora poco conosciuto, mentre GPJ \u00d7 YUTAKA presenta gli oggetti scultorei e curvilinei &#8220;<strong>Fabric Light Andon<\/strong>&#8220;.<\/p>\n\n\n\n<p>L&#8217;Asian R-evolution \u00e8 una realt\u00e0 sempre pi\u00f9 consolidata nel mondo del design e dell&#8217;arredamento, che vede l&#8217;Asia protagonista di soluzioni originali e innovative. Grazie alla contaminazione culturale e stilistica che si crea nei luoghi di incontro come il Superstudio, questo fenomeno pu\u00f2 solo continuare a crescere e a portare nuove idee e prospettive nel settore.<\/p>\n\n\n\n<h2 class=\"wp-block-heading\">Strani ma belli<\/h2>\n\n\n\n<p>La creativit\u00e0 non ha limiti, soprattutto nel mondo del design. Oggi, pi\u00f9 che mai, ci troviamo di fronte a oggetti strani ma belli, capaci di stupire e incantare, di emozionare e di farci sognare.<\/p>\n\n\n\n<p>Gli <strong>Unexpected Objects<\/strong> sono la prova tangibile di questa tendenza. Qui la sorpresa \u00e8 il filo conduttore, l&#8217;innovazione \u00e8 la parola d&#8217;ordine e la non-banalit\u00e0 \u00e8 l&#8217;obiettivo. Qui designer e artisti si fondono, dando vita a creazioni uniche e irripetibili.<\/p>\n\n\n\n<p>Ceramiche, paraventi, porcellane, sedute, pareti acustiche, complementi d&#8217;arredo, tutto diventa possibile quando la creativit\u00e0 \u00e8 al potere. E i materiali diventano il punto di partenza per sperimentare, per indagare, per esplorare nuove forme e nuove sensazioni.<\/p>\n\n\n\n<figure class=\"wp-block-image size-large\"><img loading=\"lazy\" decoding=\"async\" width=\"1024\" height=\"576\" data-attachment-id=\"48640\" data-permalink=\"https:\/\/socialdesignmagazine.com\/mag\/news\/design-news\/milano-design-week-2023-al-superstudio-piu-il-superdesign-show-si-interroga-sul-futuro-del-design-con-il-tema-inspiration-innovation-immagination\/attachment\/pelma-superstudio-mdw-2023-1\/#content\" data-orig-file=\"https:\/\/socialdesignmagazine.com\/mag\/wp-content\/uploads\/2023\/03\/Pelma-Superstudio-MDW-2023-1.jpg\" data-orig-size=\"1200,675\" data-comments-opened=\"1\" data-image-meta=\"{&quot;aperture&quot;:&quot;0&quot;,&quot;credit&quot;:&quot;&quot;,&quot;camera&quot;:&quot;&quot;,&quot;caption&quot;:&quot;&quot;,&quot;created_timestamp&quot;:&quot;0&quot;,&quot;copyright&quot;:&quot;&quot;,&quot;focal_length&quot;:&quot;0&quot;,&quot;iso&quot;:&quot;0&quot;,&quot;shutter_speed&quot;:&quot;0&quot;,&quot;title&quot;:&quot;&quot;,&quot;orientation&quot;:&quot;0&quot;}\" data-image-title=\"Pelma Superstudio MDW\" data-image-description=\"\" data-image-caption=\"\" data-medium-file=\"https:\/\/socialdesignmagazine.com\/mag\/wp-content\/uploads\/2023\/03\/Pelma-Superstudio-MDW-2023-1-438x283.jpg\" data-large-file=\"https:\/\/socialdesignmagazine.com\/mag\/wp-content\/uploads\/2023\/03\/Pelma-Superstudio-MDW-2023-1-1024x576.jpg\" src=\"https:\/\/socialdesignmagazine.com\/mag\/wp-content\/uploads\/2023\/03\/Pelma-Superstudio-MDW-2023-1-1024x576.jpg\" alt=\"Pelma Superstudio MDW\" class=\"wp-image-48640\" srcset=\"https:\/\/socialdesignmagazine.com\/mag\/wp-content\/uploads\/2023\/03\/Pelma-Superstudio-MDW-2023-1-1024x576.jpg 1024w, https:\/\/socialdesignmagazine.com\/mag\/wp-content\/uploads\/2023\/03\/Pelma-Superstudio-MDW-2023-1-768x432.jpg 768w, https:\/\/socialdesignmagazine.com\/mag\/wp-content\/uploads\/2023\/03\/Pelma-Superstudio-MDW-2023-1.jpg 1200w\" sizes=\"auto, (max-width: 1024px) 100vw, 1024px\" \/><figcaption class=\"wp-element-caption\">Pelma Superstudio MDW<\/figcaption><\/figure>\n\n\n\n<p><strong>Alcarol<\/strong> ci stupisce con Geomorphic, una serie di arredi che esplora i processi che interessano la materia attraverso trompe-l&#8217;oeil che coinvolgono anche il tatto. <strong>KARBONY<\/strong> ci sorprende con le sue architetture in filamenti di carbonio, che trovano nell&#8217;ombra della propria proiezione un elemento portante. <strong>Pelma<\/strong> ci presenta il nuovo tipo di poliuretano espanso, totalmente sostenibile e rigenerante, frutto di un processo di produzione circolare.<\/p>\n\n\n\n<figure class=\"wp-block-image size-large\"><img loading=\"lazy\" decoding=\"async\" width=\"1024\" height=\"768\" data-attachment-id=\"48639\" data-permalink=\"https:\/\/socialdesignmagazine.com\/mag\/news\/design-news\/milano-design-week-2023-al-superstudio-piu-il-superdesign-show-si-interroga-sul-futuro-del-design-con-il-tema-inspiration-innovation-immagination\/attachment\/alcarol-lava-stool-side-table-4\/#content\" data-orig-file=\"https:\/\/socialdesignmagazine.com\/mag\/wp-content\/uploads\/2023\/03\/alcarol-Lava-Stool-Side-Table-4.jpg\" data-orig-size=\"1200,900\" data-comments-opened=\"1\" data-image-meta=\"{&quot;aperture&quot;:&quot;0&quot;,&quot;credit&quot;:&quot;&quot;,&quot;camera&quot;:&quot;&quot;,&quot;caption&quot;:&quot;&quot;,&quot;created_timestamp&quot;:&quot;0&quot;,&quot;copyright&quot;:&quot;&quot;,&quot;focal_length&quot;:&quot;0&quot;,&quot;iso&quot;:&quot;0&quot;,&quot;shutter_speed&quot;:&quot;0&quot;,&quot;title&quot;:&quot;&quot;,&quot;orientation&quot;:&quot;0&quot;}\" data-image-title=\"alcarol Lava Stool Side Table\" data-image-description=\"\" data-image-caption=\"\" data-medium-file=\"https:\/\/socialdesignmagazine.com\/mag\/wp-content\/uploads\/2023\/03\/alcarol-Lava-Stool-Side-Table-4-438x283.jpg\" data-large-file=\"https:\/\/socialdesignmagazine.com\/mag\/wp-content\/uploads\/2023\/03\/alcarol-Lava-Stool-Side-Table-4-1024x768.jpg\" src=\"https:\/\/socialdesignmagazine.com\/mag\/wp-content\/uploads\/2023\/03\/alcarol-Lava-Stool-Side-Table-4-1024x768.jpg\" alt=\"alcarol Lava Stool Side Table\" class=\"wp-image-48639\" srcset=\"https:\/\/socialdesignmagazine.com\/mag\/wp-content\/uploads\/2023\/03\/alcarol-Lava-Stool-Side-Table-4-1024x768.jpg 1024w, https:\/\/socialdesignmagazine.com\/mag\/wp-content\/uploads\/2023\/03\/alcarol-Lava-Stool-Side-Table-4-768x576.jpg 768w, https:\/\/socialdesignmagazine.com\/mag\/wp-content\/uploads\/2023\/03\/alcarol-Lava-Stool-Side-Table-4.jpg 1200w\" sizes=\"auto, (max-width: 1024px) 100vw, 1024px\" \/><figcaption class=\"wp-element-caption\">alcarol Lava Stool Side Table<\/figcaption><\/figure>\n\n\n\n<p>Ma non \u00e8 tutto. <strong>Abet Laminati<\/strong> ci propone il progetto Re-make, Re-model, Re-imagine, composto da 350 cubi magnetici colorati con rivestimento, mentre Laboratorio San Rocco ci incanta con i suoi vasi decorati ad ingobbio.<\/p>\n\n\n\n<p>Infine, <strong>Metoda<\/strong> ci regala eleganti ambienti dallo stile tra il classico e l&#8217;avanguardia, in cui convivono tradizione e innovazione, natura, immaginazione e tecnologia.<\/p>\n\n\n\n<p>Insomma, gli Unexpected Objects sono l&#8217;esempio perfetto di come la creativit\u00e0 possa spingersi oltre i limiti del convenzionale, creando oggetti strani ma belli, che lasciano il segno e ci fanno emozionare.<\/p>\n\n\n\n<h2 class=\"wp-block-heading\">Star di oggi e di domani<\/h2>\n\n\n\n<p>Nel mondo del design, le stelle di oggi sono coloro che stanno rivoluzionando il modo in cui concepiamo e produciamo oggetti di design. Ma il futuro \u00e8 sempre pi\u00f9 vicino, e con esso arrivano i talenti emergenti, pronti a sperimentare, innovare e lasciare il proprio segno. <\/p>\n\n\n\n<p>La collettiva <strong>STARS OF TODAY<\/strong>, curata da <strong>Giulio Cappellini<\/strong>, ha presentato dieci nuovi protagonisti del design contemporaneo, tra cui <strong>Leonardo Talarico, Elena Salmistraro, Francesca Lanzavecchia, Ilaria Marelli, Matteo Agati, Sergio Prieto, Daniel Nikolovski, Francesco Forcellini, Antonio Facco e Keiji Takeuchi<\/strong>. Questi talenti emergenti stanno gi\u00e0 attirando l&#8217;attenzione del mondo del design grazie alla loro creativit\u00e0, originalit\u00e0 e alla capacit\u00e0 di coniugare tradizione e sperimentazione. <\/p>\n\n\n\n<figure class=\"wp-block-image size-large\"><img loading=\"lazy\" decoding=\"async\" width=\"1024\" height=\"576\" data-attachment-id=\"48637\" data-permalink=\"https:\/\/socialdesignmagazine.com\/mag\/news\/design-news\/milano-design-week-2023-al-superstudio-piu-il-superdesign-show-si-interroga-sul-futuro-del-design-con-il-tema-inspiration-innovation-immagination\/attachment\/stars-of-today_vasitrace_forcellini\/#content\" data-orig-file=\"https:\/\/socialdesignmagazine.com\/mag\/wp-content\/uploads\/2023\/03\/Stars-of-Today_VasiTrace_Forcellini.jpg\" data-orig-size=\"1200,675\" data-comments-opened=\"1\" data-image-meta=\"{&quot;aperture&quot;:&quot;0&quot;,&quot;credit&quot;:&quot;&quot;,&quot;camera&quot;:&quot;&quot;,&quot;caption&quot;:&quot;&quot;,&quot;created_timestamp&quot;:&quot;0&quot;,&quot;copyright&quot;:&quot;&quot;,&quot;focal_length&quot;:&quot;0&quot;,&quot;iso&quot;:&quot;0&quot;,&quot;shutter_speed&quot;:&quot;0&quot;,&quot;title&quot;:&quot;&quot;,&quot;orientation&quot;:&quot;0&quot;}\" data-image-title=\"Stars of Today VasiTrace Forcellini\" data-image-description=\"\" data-image-caption=\"\" data-medium-file=\"https:\/\/socialdesignmagazine.com\/mag\/wp-content\/uploads\/2023\/03\/Stars-of-Today_VasiTrace_Forcellini-438x283.jpg\" data-large-file=\"https:\/\/socialdesignmagazine.com\/mag\/wp-content\/uploads\/2023\/03\/Stars-of-Today_VasiTrace_Forcellini-1024x576.jpg\" src=\"https:\/\/socialdesignmagazine.com\/mag\/wp-content\/uploads\/2023\/03\/Stars-of-Today_VasiTrace_Forcellini-1024x576.jpg\" alt=\"Stars of Today VasiTrace Forcellini\" class=\"wp-image-48637\" srcset=\"https:\/\/socialdesignmagazine.com\/mag\/wp-content\/uploads\/2023\/03\/Stars-of-Today_VasiTrace_Forcellini-1024x576.jpg 1024w, https:\/\/socialdesignmagazine.com\/mag\/wp-content\/uploads\/2023\/03\/Stars-of-Today_VasiTrace_Forcellini-768x432.jpg 768w, https:\/\/socialdesignmagazine.com\/mag\/wp-content\/uploads\/2023\/03\/Stars-of-Today_VasiTrace_Forcellini.jpg 1200w\" sizes=\"auto, (max-width: 1024px) 100vw, 1024px\" \/><figcaption class=\"wp-element-caption\">Stars of Today VasiTrace Forcellini<\/figcaption><\/figure>\n\n\n\n<p>Ma non sono solo i giovani a stupire nel mondo del design. La sezione <strong>DONNE&amp;DESIGN<\/strong> presenta le designer eclettiche e multitasking di &#8220;<strong>Mirror &#8211; CreaTTive allo specchio<\/strong>&#8220;, raccontate attraverso le immagini della giovane e sensibile fotografa <strong>Angelica Cant\u00f9 Rajnoldi<\/strong>. Inoltre, <strong>FoodDesignStories<\/strong> presenta l&#8217;installazione &#8220;<strong>EstETICA FLUIDA<\/strong>&#8220;, che accompagna il visitatore in un viaggio intorno al lavoro di venti designer indipendenti che si dedicano alla tutela delle risorse idriche. <\/p>\n\n\n\n<figure class=\"wp-block-image size-large\"><img loading=\"lazy\" decoding=\"async\" width=\"1024\" height=\"796\" data-attachment-id=\"48638\" data-permalink=\"https:\/\/socialdesignmagazine.com\/mag\/news\/design-news\/milano-design-week-2023-al-superstudio-piu-il-superdesign-show-si-interroga-sul-futuro-del-design-con-il-tema-inspiration-innovation-immagination\/attachment\/fooddesignstories_gabriella-campanella-1\/#content\" data-orig-file=\"https:\/\/socialdesignmagazine.com\/mag\/wp-content\/uploads\/2023\/03\/FoodDesignStories_GABRIELLA-CAMPANELLA-1.jpeg\" data-orig-size=\"1200,933\" data-comments-opened=\"1\" data-image-meta=\"{&quot;aperture&quot;:&quot;0&quot;,&quot;credit&quot;:&quot;&quot;,&quot;camera&quot;:&quot;&quot;,&quot;caption&quot;:&quot;&quot;,&quot;created_timestamp&quot;:&quot;0&quot;,&quot;copyright&quot;:&quot;&quot;,&quot;focal_length&quot;:&quot;0&quot;,&quot;iso&quot;:&quot;0&quot;,&quot;shutter_speed&quot;:&quot;0&quot;,&quot;title&quot;:&quot;&quot;,&quot;orientation&quot;:&quot;0&quot;}\" data-image-title=\"FoodDesignStories GABRIELLA CAMPANELLA\" data-image-description=\"\" data-image-caption=\"\" data-medium-file=\"https:\/\/socialdesignmagazine.com\/mag\/wp-content\/uploads\/2023\/03\/FoodDesignStories_GABRIELLA-CAMPANELLA-1-438x283.jpeg\" data-large-file=\"https:\/\/socialdesignmagazine.com\/mag\/wp-content\/uploads\/2023\/03\/FoodDesignStories_GABRIELLA-CAMPANELLA-1-1024x796.jpeg\" src=\"https:\/\/socialdesignmagazine.com\/mag\/wp-content\/uploads\/2023\/03\/FoodDesignStories_GABRIELLA-CAMPANELLA-1-1024x796.jpeg\" alt=\"FoodDesignStories GABRIELLA CAMPANELLA\" class=\"wp-image-48638\" srcset=\"https:\/\/socialdesignmagazine.com\/mag\/wp-content\/uploads\/2023\/03\/FoodDesignStories_GABRIELLA-CAMPANELLA-1-1024x796.jpeg 1024w, https:\/\/socialdesignmagazine.com\/mag\/wp-content\/uploads\/2023\/03\/FoodDesignStories_GABRIELLA-CAMPANELLA-1-768x597.jpeg 768w, https:\/\/socialdesignmagazine.com\/mag\/wp-content\/uploads\/2023\/03\/FoodDesignStories_GABRIELLA-CAMPANELLA-1.jpeg 1200w\" sizes=\"auto, (max-width: 1024px) 100vw, 1024px\" \/><figcaption class=\"wp-element-caption\">FoodDesignStories GABRIELLA CAMPANELLA<\/figcaption><\/figure>\n\n\n\n<p>Il futuro del design \u00e8 nelle mani di questi talenti emergenti, pronti a sfidare le convenzioni e a immaginare un mondo migliore attraverso il loro lavoro. La loro creativit\u00e0, unita alla passione per il design e alla curiosit\u00e0, \u00e8 destinata a portare avanti la tradizione del design italiano e a lasciare un&#8217;impronta indelebile nella storia del design globale.<\/p>\n\n\n\n<h2 class=\"wp-block-heading\">Sotto il segno dell&#8217;arte<\/h2>\n\n\n\n<p>Il Superdesign Show rappresenta uno degli eventi pi\u00f9 attesi dell&#8217;anno per gli appassionati di arte e design. In questa edizione, l&#8217;interazione con l&#8217;arte diventa un elemento centrale della manifestazione, dando vita al tema della &#8220;Imagination&#8221;.<\/p>\n\n\n\n<p>Tra le opere esposte, spiccano le sculture dorate degli interruttori di <strong>TECNOLITE per Meljac<\/strong>, che grazie alla raffinata messa in scena dell&#8217;architetto milanese Dante Benini diventano dei veri e propri oggetti d&#8217;arte. Allo stesso modo, la grande superficie di piastre d&#8217;acciaio di <strong>Nichelcrom Lab<\/strong> ospita oggetti e arredi in acciaio, alternati a sculture e altri artworks, dimostrando la grande versatilit\u00e0 di questo materiale che continua ad essere protagonista dell&#8217;odierna evoluzione industriale.<\/p>\n\n\n\n<figure class=\"wp-block-image size-large\"><img loading=\"lazy\" decoding=\"async\" width=\"1024\" height=\"599\" data-attachment-id=\"48636\" data-permalink=\"https:\/\/socialdesignmagazine.com\/mag\/news\/design-news\/milano-design-week-2023-al-superstudio-piu-il-superdesign-show-si-interroga-sul-futuro-del-design-con-il-tema-inspiration-innovation-immagination\/attachment\/nichelcrom-lab\/#content\" data-orig-file=\"https:\/\/socialdesignmagazine.com\/mag\/wp-content\/uploads\/2023\/03\/NICHELCROM-LAB.jpg\" data-orig-size=\"1200,702\" data-comments-opened=\"1\" data-image-meta=\"{&quot;aperture&quot;:&quot;0&quot;,&quot;credit&quot;:&quot;&quot;,&quot;camera&quot;:&quot;&quot;,&quot;caption&quot;:&quot;&quot;,&quot;created_timestamp&quot;:&quot;0&quot;,&quot;copyright&quot;:&quot;&quot;,&quot;focal_length&quot;:&quot;0&quot;,&quot;iso&quot;:&quot;0&quot;,&quot;shutter_speed&quot;:&quot;0&quot;,&quot;title&quot;:&quot;&quot;,&quot;orientation&quot;:&quot;0&quot;}\" data-image-title=\"NICHELCROM LAB\" data-image-description=\"\" data-image-caption=\"\" data-medium-file=\"https:\/\/socialdesignmagazine.com\/mag\/wp-content\/uploads\/2023\/03\/NICHELCROM-LAB-438x283.jpg\" data-large-file=\"https:\/\/socialdesignmagazine.com\/mag\/wp-content\/uploads\/2023\/03\/NICHELCROM-LAB-1024x599.jpg\" src=\"https:\/\/socialdesignmagazine.com\/mag\/wp-content\/uploads\/2023\/03\/NICHELCROM-LAB-1024x599.jpg\" alt=\"NICHELCROM LAB\" class=\"wp-image-48636\" srcset=\"https:\/\/socialdesignmagazine.com\/mag\/wp-content\/uploads\/2023\/03\/NICHELCROM-LAB-1024x599.jpg 1024w, https:\/\/socialdesignmagazine.com\/mag\/wp-content\/uploads\/2023\/03\/NICHELCROM-LAB-768x449.jpg 768w, https:\/\/socialdesignmagazine.com\/mag\/wp-content\/uploads\/2023\/03\/NICHELCROM-LAB.jpg 1200w\" sizes=\"auto, (max-width: 1024px) 100vw, 1024px\" \/><figcaption class=\"wp-element-caption\">NICHELCROM LAB<\/figcaption><\/figure>\n\n\n\n<p>Il tema del breaking viene affrontato da <strong>Alberto Gianfreda<\/strong> con &#8220;ITALIA&#8221;, un pannello realizzato in collaborazione con il <strong>Museo Casa Testori<\/strong> e l&#8217;<strong>Associazione Italiana Citt\u00e0 della Ceramica<\/strong>. Questo lavoro racchiude una raccolta di manufatti ceramici provenienti da ben 21 tradizioni diverse, frammentati e poi riassemblati, in un gioco di forme e colori che racconta la grande variet\u00e0 culturale del nostro Paese.<\/p>\n\n\n\n<p>Ma non mancano anche opere pi\u00f9 giocose, come il gruppo di &#8220;conigli-cartoon&#8221; dell&#8217;artista giapponese <strong>Aki Kuroda per Slide<\/strong>, o la grande scultura optical di <strong>Flavio Lucchini<\/strong>, che trova la sua collocazione ideale al FLA, Atelier, Museum.<\/p>\n\n\n\n<p>In ogni caso, l&#8217;arte e il design si fondono in un&#8217;esperienza sensoriale unica, capace di suscitare emozioni e stimolare la fantasia. Il Superdesign Show conferma cos\u00ec la sua posizione di punto di riferimento per gli appassionati del settore, offrendo un&#8217;occasione unica per entrare in contatto con le tendenze e gli artisti pi\u00f9 innovativi del momento.<\/p>\n\n\n\n<h2 class=\"wp-block-heading\">Altri orizzonti e talk<\/h2>\n\n\n\n<p>L&#8217;evento Superdesign Show non si limita solo alla presentazione di oggetti d&#8217;arte e design, ma offre anche la possibilit\u00e0 di sperimentare, discutere e confrontarsi sulle parole chiave Inspiration Innovation Imagination. Tra gli spazi dedicati a questo, troviamo l&#8217;insolita installazione firmata da <strong>Mirko Tattarini<\/strong> presso il FLA, realizzata dagli studenti di <strong>ISIA Firenze<\/strong> partendo dagli arredi di <strong>Mirabili Design<\/strong>. Il progetto diviene un pretesto per discutere della seconda vita degli oggetti, che pu\u00f2 essere altrettanto importante quanto la loro prima vita.<\/p>\n\n\n\n<figure class=\"wp-block-image size-large\"><img loading=\"lazy\" decoding=\"async\" width=\"1024\" height=\"576\" data-attachment-id=\"48635\" data-permalink=\"https:\/\/socialdesignmagazine.com\/mag\/news\/design-news\/milano-design-week-2023-al-superstudio-piu-il-superdesign-show-si-interroga-sul-futuro-del-design-con-il-tema-inspiration-innovation-immagination\/attachment\/mirko-tattarini-e-mirabili-design_design-fiction_006\/#content\" data-orig-file=\"https:\/\/socialdesignmagazine.com\/mag\/wp-content\/uploads\/2023\/03\/Mirko-Tattarini-e-Mirabili-Design_Design-Fiction_006.jpg\" data-orig-size=\"1200,675\" data-comments-opened=\"1\" data-image-meta=\"{&quot;aperture&quot;:&quot;0&quot;,&quot;credit&quot;:&quot;&quot;,&quot;camera&quot;:&quot;&quot;,&quot;caption&quot;:&quot;&quot;,&quot;created_timestamp&quot;:&quot;0&quot;,&quot;copyright&quot;:&quot;&quot;,&quot;focal_length&quot;:&quot;0&quot;,&quot;iso&quot;:&quot;0&quot;,&quot;shutter_speed&quot;:&quot;0&quot;,&quot;title&quot;:&quot;&quot;,&quot;orientation&quot;:&quot;0&quot;}\" data-image-title=\"Mirko Tattarini e Mirabili Design Design Fiction\" data-image-description=\"\" data-image-caption=\"\" data-medium-file=\"https:\/\/socialdesignmagazine.com\/mag\/wp-content\/uploads\/2023\/03\/Mirko-Tattarini-e-Mirabili-Design_Design-Fiction_006-438x283.jpg\" data-large-file=\"https:\/\/socialdesignmagazine.com\/mag\/wp-content\/uploads\/2023\/03\/Mirko-Tattarini-e-Mirabili-Design_Design-Fiction_006-1024x576.jpg\" src=\"https:\/\/socialdesignmagazine.com\/mag\/wp-content\/uploads\/2023\/03\/Mirko-Tattarini-e-Mirabili-Design_Design-Fiction_006-1024x576.jpg\" alt=\"Mirko Tattarini e Mirabili Design Design Fiction\" class=\"wp-image-48635\" srcset=\"https:\/\/socialdesignmagazine.com\/mag\/wp-content\/uploads\/2023\/03\/Mirko-Tattarini-e-Mirabili-Design_Design-Fiction_006-1024x576.jpg 1024w, https:\/\/socialdesignmagazine.com\/mag\/wp-content\/uploads\/2023\/03\/Mirko-Tattarini-e-Mirabili-Design_Design-Fiction_006-768x432.jpg 768w, https:\/\/socialdesignmagazine.com\/mag\/wp-content\/uploads\/2023\/03\/Mirko-Tattarini-e-Mirabili-Design_Design-Fiction_006.jpg 1200w\" sizes=\"auto, (max-width: 1024px) 100vw, 1024px\" \/><figcaption class=\"wp-element-caption\">Mirko Tattarini e Mirabili Design Design Fiction<\/figcaption><\/figure>\n\n\n\n<p>Ma non solo. Superdesign Show offre anche una serie di incontri focalizzati sulla trasformazione dei materiali. <strong>Nell&#8217;area Materially<\/strong>, infatti, ci aspettano interventi e dibattiti su come i materiali possono essere trasformati e riutilizzati, creando nuove forme e nuovi oggetti che rispondano alle esigenze del mondo contemporaneo.<\/p>\n\n\n\n<p>Inoltre, tra gli altri appuntamenti da non perdere, troviamo i talk, momenti di confronto e dialogo tra esperti del settore. Tra questi, segnaliamo quello dedicato al tema del design sostenibile, in cui si discuter\u00e0 della necessit\u00e0 di creare oggetti e prodotti che rispettino l&#8217;ambiente e siano in grado di durare nel tempo.<\/p>\n\n\n\n<p>Insomma, Superdesign Show non si limita a presentare oggetti di design, ma offre un&#8217;esperienza a tutto tondo, che si estende anche alla sperimentazione, alla discussione e al confronto su temi importanti come la sostenibilit\u00e0 e la trasformazione dei materiali.<\/p>\n\n\n\n<h2 class=\"wp-block-heading\">Superdesign Show info e orari<\/h2>\n\n\n\n<p>SUPERSTUDIO PI\u00d9 <br>Via Tortona, 27<br>18-22 aprile, 11-21 \/ 23 aprile, 11-18 (registrazione obbligatoria)<\/p>\n\n\n\n<p>Per le visite: ingresso libero ma con registrazione obbligatoria sul sito<br>www.superdesignshow.com<\/p>\n","protected":false,"gt_translate_keys":[{"key":"rendered","format":"html"}]},"excerpt":{"rendered":"<p>Il Superstudio Pi\u00f9 durante la Milano Design Week 2023 ospiter\u00e0 l&#8217;evento annuale Superdesign Show, che quest&#8217;anno sar\u00e0 incentrato sul tema &#8220;inspiration innovation immagination&#8221;, con un approccio visionario che interroga il futuro del design<\/p>\n","protected":false,"gt_translate_keys":[{"key":"rendered","format":"html"}]},"author":1,"featured_media":48631,"comment_status":"open","ping_status":"open","sticky":false,"template":"","format":"standard","meta":{"jetpack_post_was_ever_published":false,"_jetpack_newsletter_access":"","_jetpack_dont_email_post_to_subs":false,"_jetpack_newsletter_tier_id":0,"_jetpack_memberships_contains_paywalled_content":false,"_jetpack_memberships_contains_paid_content":false,"footnotes":"","_wpscppro_dont_share_socialmedia":false,"_wpscppro_custom_social_share_image":0,"_facebook_share_type":"","_twitter_share_type":"","_linkedin_share_type":"","_pinterest_share_type":"","_linkedin_share_type_page":"","_instagram_share_type":"","_medium_share_type":"","_threads_share_type":"","_google_business_share_type":"","_selected_social_profile":[],"_wpsp_enable_custom_social_template":false,"_wpsp_social_scheduling":{"enabled":false,"datetime":null,"platforms":[],"status":"template_only","dateOption":"today","timeOption":"now","customDays":"","customHours":"","customDate":"","customTime":"","schedulingType":"absolute"},"_wpsp_active_default_template":true},"categories":[17],"tags":[5445,4993,6500,6475,2039],"class_list":["post-48630","post","type-post","status-publish","format-standard","has-post-thumbnail","hentry","category-design-news","tag-design","tag-featured","tag-fuorisalone-2023","tag-mdw-2023","tag-superstudio-piu"],"yoast_head":"<!-- This site is optimized with the Yoast SEO plugin v27.2 - https:\/\/yoast.com\/product\/yoast-seo-wordpress\/ -->\n<title>Milano Design Week 2023: al Superstudio Pi\u00f9 il Superdesign Show si interroga sul futuro del design con il tema &quot;inspiration innovation immagination&quot; - Social Design Magazine<\/title>\n<meta name=\"description\" content=\"Il Superstudio Pi\u00f9 durante la Milano Design Week 2023 ospiter\u00e0 l&#039;evento annuale Superdesign Show, che quest&#039;anno sar\u00e0 incentrato sul tema &quot;inspiration innovation immagination&quot;, con un approccio visionario che interroga il futuro del design.\" \/>\n<meta name=\"robots\" content=\"index, follow, max-snippet:-1, max-image-preview:large, max-video-preview:-1\" \/>\n<link rel=\"canonical\" href=\"https:\/\/socialdesignmagazine.com\/mag\/news\/design-news\/milano-design-week-2023-al-superstudio-piu-il-superdesign-show-si-interroga-sul-futuro-del-design-con-il-tema-inspiration-innovation-immagination\/\" \/>\n<meta property=\"og:locale\" content=\"it_IT\" \/>\n<meta property=\"og:type\" content=\"article\" \/>\n<meta property=\"og:title\" content=\"Milano Design Week 2023: al Superstudio Pi\u00f9 il Superdesign Show si interroga sul futuro del design con il tema &quot;inspiration innovation immagination&quot; - Social Design Magazine\" \/>\n<meta property=\"og:description\" content=\"Il Superstudio Pi\u00f9 durante la Milano Design Week 2023 ospiter\u00e0 l&#039;evento annuale Superdesign Show, che quest&#039;anno sar\u00e0 incentrato sul tema &quot;inspiration innovation immagination&quot;, con un approccio visionario che interroga il futuro del design.\" \/>\n<meta property=\"og:url\" content=\"http:\/\/socialdesignmagazine.com\/mag\/news\/design-news\/milano-design-week-2023-al-superstudio-piu-il-superdesign-show-si-interroga-sul-futuro-del-design-con-il-tema-inspiration-innovation-immagination\/\" \/>\n<meta property=\"og:site_name\" content=\"Social Design Magazine\" \/>\n<meta property=\"article:publisher\" content=\"https:\/\/www.facebook.com\/socialdesignmag\" \/>\n<meta property=\"article:author\" content=\"https:\/\/www.facebook.com\/benedettofiori\" \/>\n<meta property=\"article:published_time\" content=\"2023-03-20T09:05:00+00:00\" \/>\n<meta property=\"og:image\" content=\"https:\/\/socialdesignmagazine.com\/mag\/wp-content\/uploads\/2023\/03\/Milano-Design-Week-2023_Superdesign-Show@GiovanniCappelini.jpg\" \/>\n\t<meta property=\"og:image:width\" content=\"1200\" \/>\n\t<meta property=\"og:image:height\" content=\"800\" \/>\n\t<meta property=\"og:image:type\" content=\"image\/jpeg\" \/>\n<meta name=\"author\" content=\"Benedetto Fiori\" \/>\n<meta name=\"twitter:card\" content=\"summary_large_image\" \/>\n<meta name=\"twitter:creator\" content=\"@benedettofiori\" \/>\n<meta name=\"twitter:site\" content=\"@socialdesignmag\" \/>\n<meta name=\"twitter:label1\" content=\"Scritto da\" \/>\n\t<meta name=\"twitter:data1\" content=\"Benedetto Fiori\" \/>\n\t<meta name=\"twitter:label2\" content=\"Tempo di lettura stimato\" \/>\n\t<meta name=\"twitter:data2\" content=\"13 minuti\" \/>\n<script type=\"application\/ld+json\" class=\"yoast-schema-graph\">{\"@context\":\"https:\/\/schema.org\",\"@graph\":[{\"@type\":\"Article\",\"@id\":\"https:\/\/socialdesignmagazine.com\/mag\/news\/design-news\/milano-design-week-2023-al-superstudio-piu-il-superdesign-show-si-interroga-sul-futuro-del-design-con-il-tema-inspiration-innovation-immagination\/#article\",\"isPartOf\":{\"@id\":\"https:\/\/socialdesignmagazine.com\/mag\/news\/design-news\/milano-design-week-2023-al-superstudio-piu-il-superdesign-show-si-interroga-sul-futuro-del-design-con-il-tema-inspiration-innovation-immagination\/\"},\"author\":{\"name\":\"Benedetto Fiori\",\"@id\":\"https:\/\/socialdesignmagazine.com\/mag\/#\/schema\/person\/61e20205cc363c315e6aabd33a045846\"},\"headline\":\"Milano Design Week 2023: al Superstudio Pi\u00f9 il Superdesign Show si interroga sul futuro del design con il tema &#8220;inspiration innovation immagination&#8221;\",\"datePublished\":\"2023-03-20T09:05:00+00:00\",\"mainEntityOfPage\":{\"@id\":\"https:\/\/socialdesignmagazine.com\/mag\/news\/design-news\/milano-design-week-2023-al-superstudio-piu-il-superdesign-show-si-interroga-sul-futuro-del-design-con-il-tema-inspiration-innovation-immagination\/\"},\"wordCount\":2019,\"commentCount\":0,\"publisher\":{\"@id\":\"https:\/\/socialdesignmagazine.com\/mag\/#organization\"},\"image\":{\"@id\":\"https:\/\/socialdesignmagazine.com\/mag\/news\/design-news\/milano-design-week-2023-al-superstudio-piu-il-superdesign-show-si-interroga-sul-futuro-del-design-con-il-tema-inspiration-innovation-immagination\/#primaryimage\"},\"thumbnailUrl\":\"https:\/\/socialdesignmagazine.com\/mag\/wp-content\/uploads\/2023\/03\/Milano-Design-Week-2023_Superdesign-Show@GiovanniCappelini.jpg\",\"keywords\":[\"design\",\"featured\",\"fuorisalone 2023\",\"mdw 2023\",\"superstudio pi\u00f9\"],\"articleSection\":[\"Design News\"],\"inLanguage\":\"it-IT\",\"potentialAction\":[{\"@type\":\"CommentAction\",\"name\":\"Comment\",\"target\":[\"https:\/\/socialdesignmagazine.com\/mag\/news\/design-news\/milano-design-week-2023-al-superstudio-piu-il-superdesign-show-si-interroga-sul-futuro-del-design-con-il-tema-inspiration-innovation-immagination\/#respond\"]}]},{\"@type\":\"WebPage\",\"@id\":\"https:\/\/socialdesignmagazine.com\/mag\/news\/design-news\/milano-design-week-2023-al-superstudio-piu-il-superdesign-show-si-interroga-sul-futuro-del-design-con-il-tema-inspiration-innovation-immagination\/\",\"url\":\"https:\/\/socialdesignmagazine.com\/mag\/news\/design-news\/milano-design-week-2023-al-superstudio-piu-il-superdesign-show-si-interroga-sul-futuro-del-design-con-il-tema-inspiration-innovation-immagination\/\",\"name\":\"Milano Design Week 2023: al Superstudio Pi\u00f9 il Superdesign Show si interroga sul futuro del design con il tema \\\"inspiration innovation immagination\\\" - Social Design Magazine\",\"isPartOf\":{\"@id\":\"https:\/\/socialdesignmagazine.com\/mag\/#website\"},\"primaryImageOfPage\":{\"@id\":\"https:\/\/socialdesignmagazine.com\/mag\/news\/design-news\/milano-design-week-2023-al-superstudio-piu-il-superdesign-show-si-interroga-sul-futuro-del-design-con-il-tema-inspiration-innovation-immagination\/#primaryimage\"},\"image\":{\"@id\":\"https:\/\/socialdesignmagazine.com\/mag\/news\/design-news\/milano-design-week-2023-al-superstudio-piu-il-superdesign-show-si-interroga-sul-futuro-del-design-con-il-tema-inspiration-innovation-immagination\/#primaryimage\"},\"thumbnailUrl\":\"https:\/\/socialdesignmagazine.com\/mag\/wp-content\/uploads\/2023\/03\/Milano-Design-Week-2023_Superdesign-Show@GiovanniCappelini.jpg\",\"datePublished\":\"2023-03-20T09:05:00+00:00\",\"description\":\"Il Superstudio Pi\u00f9 durante la Milano Design Week 2023 ospiter\u00e0 l'evento annuale Superdesign Show, che quest'anno sar\u00e0 incentrato sul tema \\\"inspiration innovation immagination\\\", con un approccio visionario che interroga il futuro del design.\",\"breadcrumb\":{\"@id\":\"https:\/\/socialdesignmagazine.com\/mag\/news\/design-news\/milano-design-week-2023-al-superstudio-piu-il-superdesign-show-si-interroga-sul-futuro-del-design-con-il-tema-inspiration-innovation-immagination\/#breadcrumb\"},\"inLanguage\":\"it-IT\",\"potentialAction\":[{\"@type\":\"ReadAction\",\"target\":[\"https:\/\/socialdesignmagazine.com\/mag\/news\/design-news\/milano-design-week-2023-al-superstudio-piu-il-superdesign-show-si-interroga-sul-futuro-del-design-con-il-tema-inspiration-innovation-immagination\/\"]}]},{\"@type\":\"ImageObject\",\"inLanguage\":\"it-IT\",\"@id\":\"https:\/\/socialdesignmagazine.com\/mag\/news\/design-news\/milano-design-week-2023-al-superstudio-piu-il-superdesign-show-si-interroga-sul-futuro-del-design-con-il-tema-inspiration-innovation-immagination\/#primaryimage\",\"url\":\"https:\/\/socialdesignmagazine.com\/mag\/wp-content\/uploads\/2023\/03\/Milano-Design-Week-2023_Superdesign-Show@GiovanniCappelini.jpg\",\"contentUrl\":\"https:\/\/socialdesignmagazine.com\/mag\/wp-content\/uploads\/2023\/03\/Milano-Design-Week-2023_Superdesign-Show@GiovanniCappelini.jpg\",\"width\":1200,\"height\":800,\"caption\":\"Milano Design Week Superdesign Show@GiovanniCappelini\"},{\"@type\":\"BreadcrumbList\",\"@id\":\"https:\/\/socialdesignmagazine.com\/mag\/news\/design-news\/milano-design-week-2023-al-superstudio-piu-il-superdesign-show-si-interroga-sul-futuro-del-design-con-il-tema-inspiration-innovation-immagination\/#breadcrumb\",\"itemListElement\":[{\"@type\":\"ListItem\",\"position\":1,\"name\":\"Home\",\"item\":\"https:\/\/socialdesignmagazine.com\/mag\/\"},{\"@type\":\"ListItem\",\"position\":2,\"name\":\"News\",\"item\":\"https:\/\/socialdesignmagazine.com\/mag\/news\/\"},{\"@type\":\"ListItem\",\"position\":3,\"name\":\"Design News\",\"item\":\"https:\/\/socialdesignmagazine.com\/mag\/news\/design-news\/\"},{\"@type\":\"ListItem\",\"position\":4,\"name\":\"Milano Design Week 2023: al Superstudio Pi\u00f9 il Superdesign Show si interroga sul futuro del design con il tema &#8220;inspiration innovation immagination&#8221;\"}]},{\"@type\":\"WebSite\",\"@id\":\"https:\/\/socialdesignmagazine.com\/mag\/#website\",\"url\":\"https:\/\/socialdesignmagazine.com\/mag\/\",\"name\":\"Social Design Magazine\",\"description\":\"Social Magazine su Design, Architettura, Arte, Grafica\",\"publisher\":{\"@id\":\"https:\/\/socialdesignmagazine.com\/mag\/#organization\"},\"potentialAction\":[{\"@type\":\"SearchAction\",\"target\":{\"@type\":\"EntryPoint\",\"urlTemplate\":\"https:\/\/socialdesignmagazine.com\/mag\/?s={search_term_string}\"},\"query-input\":{\"@type\":\"PropertyValueSpecification\",\"valueRequired\":true,\"valueName\":\"search_term_string\"}}],\"inLanguage\":\"it-IT\"},{\"@type\":\"Organization\",\"@id\":\"https:\/\/socialdesignmagazine.com\/mag\/#organization\",\"name\":\"Social Design Magazine\",\"url\":\"https:\/\/socialdesignmagazine.com\/mag\/\",\"logo\":{\"@type\":\"ImageObject\",\"inLanguage\":\"it-IT\",\"@id\":\"https:\/\/socialdesignmagazine.com\/mag\/#\/schema\/logo\/image\/\",\"url\":\"https:\/\/socialdesignmagazine.com\/mag\/wp-content\/uploads\/2017\/01\/logo_favicon_11.png\",\"contentUrl\":\"https:\/\/socialdesignmagazine.com\/mag\/wp-content\/uploads\/2017\/01\/logo_favicon_11.png\",\"width\":1024,\"height\":1024,\"caption\":\"Social Design Magazine\"},\"image\":{\"@id\":\"https:\/\/socialdesignmagazine.com\/mag\/#\/schema\/logo\/image\/\"},\"sameAs\":[\"https:\/\/www.facebook.com\/socialdesignmag\",\"https:\/\/x.com\/socialdesignmag\",\"http:\/\/instagram.com\/social_design_magazine\/\",\"http:\/\/pinterest.com\/socialdesignmag\/\",\"http:\/\/www.youtube.com\/user\/socialdesignmagazine\"]},{\"@type\":\"Person\",\"@id\":\"https:\/\/socialdesignmagazine.com\/mag\/#\/schema\/person\/61e20205cc363c315e6aabd33a045846\",\"name\":\"Benedetto Fiori\",\"image\":{\"@type\":\"ImageObject\",\"inLanguage\":\"it-IT\",\"@id\":\"https:\/\/secure.gravatar.com\/avatar\/450a48cefa36da63d920ad70aa660bd10725b1c6093800242e5efdb397759033?s=96&d=mm&r=g\",\"url\":\"https:\/\/secure.gravatar.com\/avatar\/450a48cefa36da63d920ad70aa660bd10725b1c6093800242e5efdb397759033?s=96&d=mm&r=g\",\"contentUrl\":\"https:\/\/secure.gravatar.com\/avatar\/450a48cefa36da63d920ad70aa660bd10725b1c6093800242e5efdb397759033?s=96&d=mm&r=g\",\"caption\":\"Benedetto Fiori\"},\"description\":\"Web | Twitter | Facebook | Shutterstock Founder &amp; Editor in Chief di Social Design Magazine. Attratto da sempre da tutto ci\u00f2 che \u00e8 creativit\u00e0, design, architettura. Dopo aver studiato Architettura all'Universit\u00e0 di Firenze, si \u00e8 impegnato in molteplici campi: comunicazione grafica, progettazione di allestimenti fieristici, brand design, Interior Design.\",\"sameAs\":[\"http:\/\/benedettofiori.com\",\"https:\/\/www.facebook.com\/benedettofiori\",\"https:\/\/x.com\/benedettofiori\"],\"url\":\"https:\/\/socialdesignmagazine.com\/mag\/author\/benedetto\/\"}]}<\/script>\n<!-- \/ Yoast SEO plugin. -->","yoast_head_json":{"title":"Milano Design Week 2023: al Superstudio Pi\u00f9 il Superdesign Show si interroga sul futuro del design con il tema \"inspiration innovation immagination\" - Social Design Magazine","description":"Il Superstudio Pi\u00f9 durante la Milano Design Week 2023 ospiter\u00e0 l'evento annuale Superdesign Show, che quest'anno sar\u00e0 incentrato sul tema \"inspiration innovation immagination\", con un approccio visionario che interroga il futuro del design.","robots":{"index":"index","follow":"follow","max-snippet":"max-snippet:-1","max-image-preview":"max-image-preview:large","max-video-preview":"max-video-preview:-1"},"canonical":"https:\/\/socialdesignmagazine.com\/mag\/news\/design-news\/milano-design-week-2023-al-superstudio-piu-il-superdesign-show-si-interroga-sul-futuro-del-design-con-il-tema-inspiration-innovation-immagination\/","og_locale":"it_IT","og_type":"article","og_title":"Milano Design Week 2023: al Superstudio Pi\u00f9 il Superdesign Show si interroga sul futuro del design con il tema \"inspiration innovation immagination\" - Social Design Magazine","og_description":"Il Superstudio Pi\u00f9 durante la Milano Design Week 2023 ospiter\u00e0 l'evento annuale Superdesign Show, che quest'anno sar\u00e0 incentrato sul tema \"inspiration innovation immagination\", con un approccio visionario che interroga il futuro del design.","og_url":"http:\/\/socialdesignmagazine.com\/mag\/news\/design-news\/milano-design-week-2023-al-superstudio-piu-il-superdesign-show-si-interroga-sul-futuro-del-design-con-il-tema-inspiration-innovation-immagination\/","og_site_name":"Social Design Magazine","article_publisher":"https:\/\/www.facebook.com\/socialdesignmag","article_author":"https:\/\/www.facebook.com\/benedettofiori","article_published_time":"2023-03-20T09:05:00+00:00","og_image":[{"width":1200,"height":800,"url":"https:\/\/socialdesignmagazine.com\/mag\/wp-content\/uploads\/2023\/03\/Milano-Design-Week-2023_Superdesign-Show@GiovanniCappelini.jpg","type":"image\/jpeg"}],"author":"Benedetto Fiori","twitter_card":"summary_large_image","twitter_creator":"@benedettofiori","twitter_site":"@socialdesignmag","twitter_misc":{"Scritto da":"Benedetto Fiori","Tempo di lettura stimato":"13 minuti"},"schema":{"@context":"https:\/\/schema.org","@graph":[{"@type":"Article","@id":"https:\/\/socialdesignmagazine.com\/mag\/news\/design-news\/milano-design-week-2023-al-superstudio-piu-il-superdesign-show-si-interroga-sul-futuro-del-design-con-il-tema-inspiration-innovation-immagination\/#article","isPartOf":{"@id":"https:\/\/socialdesignmagazine.com\/mag\/news\/design-news\/milano-design-week-2023-al-superstudio-piu-il-superdesign-show-si-interroga-sul-futuro-del-design-con-il-tema-inspiration-innovation-immagination\/"},"author":{"name":"Benedetto Fiori","@id":"https:\/\/socialdesignmagazine.com\/mag\/#\/schema\/person\/61e20205cc363c315e6aabd33a045846"},"headline":"Milano Design Week 2023: al Superstudio Pi\u00f9 il Superdesign Show si interroga sul futuro del design con il tema &#8220;inspiration innovation immagination&#8221;","datePublished":"2023-03-20T09:05:00+00:00","mainEntityOfPage":{"@id":"https:\/\/socialdesignmagazine.com\/mag\/news\/design-news\/milano-design-week-2023-al-superstudio-piu-il-superdesign-show-si-interroga-sul-futuro-del-design-con-il-tema-inspiration-innovation-immagination\/"},"wordCount":2019,"commentCount":0,"publisher":{"@id":"https:\/\/socialdesignmagazine.com\/mag\/#organization"},"image":{"@id":"https:\/\/socialdesignmagazine.com\/mag\/news\/design-news\/milano-design-week-2023-al-superstudio-piu-il-superdesign-show-si-interroga-sul-futuro-del-design-con-il-tema-inspiration-innovation-immagination\/#primaryimage"},"thumbnailUrl":"https:\/\/socialdesignmagazine.com\/mag\/wp-content\/uploads\/2023\/03\/Milano-Design-Week-2023_Superdesign-Show@GiovanniCappelini.jpg","keywords":["design","featured","fuorisalone 2023","mdw 2023","superstudio pi\u00f9"],"articleSection":["Design News"],"inLanguage":"it-IT","potentialAction":[{"@type":"CommentAction","name":"Comment","target":["https:\/\/socialdesignmagazine.com\/mag\/news\/design-news\/milano-design-week-2023-al-superstudio-piu-il-superdesign-show-si-interroga-sul-futuro-del-design-con-il-tema-inspiration-innovation-immagination\/#respond"]}]},{"@type":"WebPage","@id":"https:\/\/socialdesignmagazine.com\/mag\/news\/design-news\/milano-design-week-2023-al-superstudio-piu-il-superdesign-show-si-interroga-sul-futuro-del-design-con-il-tema-inspiration-innovation-immagination\/","url":"https:\/\/socialdesignmagazine.com\/mag\/news\/design-news\/milano-design-week-2023-al-superstudio-piu-il-superdesign-show-si-interroga-sul-futuro-del-design-con-il-tema-inspiration-innovation-immagination\/","name":"Milano Design Week 2023: al Superstudio Pi\u00f9 il Superdesign Show si interroga sul futuro del design con il tema \"inspiration innovation immagination\" - Social Design Magazine","isPartOf":{"@id":"https:\/\/socialdesignmagazine.com\/mag\/#website"},"primaryImageOfPage":{"@id":"https:\/\/socialdesignmagazine.com\/mag\/news\/design-news\/milano-design-week-2023-al-superstudio-piu-il-superdesign-show-si-interroga-sul-futuro-del-design-con-il-tema-inspiration-innovation-immagination\/#primaryimage"},"image":{"@id":"https:\/\/socialdesignmagazine.com\/mag\/news\/design-news\/milano-design-week-2023-al-superstudio-piu-il-superdesign-show-si-interroga-sul-futuro-del-design-con-il-tema-inspiration-innovation-immagination\/#primaryimage"},"thumbnailUrl":"https:\/\/socialdesignmagazine.com\/mag\/wp-content\/uploads\/2023\/03\/Milano-Design-Week-2023_Superdesign-Show@GiovanniCappelini.jpg","datePublished":"2023-03-20T09:05:00+00:00","description":"Il Superstudio Pi\u00f9 durante la Milano Design Week 2023 ospiter\u00e0 l'evento annuale Superdesign Show, che quest'anno sar\u00e0 incentrato sul tema \"inspiration innovation immagination\", con un approccio visionario che interroga il futuro del design.","breadcrumb":{"@id":"https:\/\/socialdesignmagazine.com\/mag\/news\/design-news\/milano-design-week-2023-al-superstudio-piu-il-superdesign-show-si-interroga-sul-futuro-del-design-con-il-tema-inspiration-innovation-immagination\/#breadcrumb"},"inLanguage":"it-IT","potentialAction":[{"@type":"ReadAction","target":["https:\/\/socialdesignmagazine.com\/mag\/news\/design-news\/milano-design-week-2023-al-superstudio-piu-il-superdesign-show-si-interroga-sul-futuro-del-design-con-il-tema-inspiration-innovation-immagination\/"]}]},{"@type":"ImageObject","inLanguage":"it-IT","@id":"https:\/\/socialdesignmagazine.com\/mag\/news\/design-news\/milano-design-week-2023-al-superstudio-piu-il-superdesign-show-si-interroga-sul-futuro-del-design-con-il-tema-inspiration-innovation-immagination\/#primaryimage","url":"https:\/\/socialdesignmagazine.com\/mag\/wp-content\/uploads\/2023\/03\/Milano-Design-Week-2023_Superdesign-Show@GiovanniCappelini.jpg","contentUrl":"https:\/\/socialdesignmagazine.com\/mag\/wp-content\/uploads\/2023\/03\/Milano-Design-Week-2023_Superdesign-Show@GiovanniCappelini.jpg","width":1200,"height":800,"caption":"Milano Design Week Superdesign Show@GiovanniCappelini"},{"@type":"BreadcrumbList","@id":"https:\/\/socialdesignmagazine.com\/mag\/news\/design-news\/milano-design-week-2023-al-superstudio-piu-il-superdesign-show-si-interroga-sul-futuro-del-design-con-il-tema-inspiration-innovation-immagination\/#breadcrumb","itemListElement":[{"@type":"ListItem","position":1,"name":"Home","item":"https:\/\/socialdesignmagazine.com\/mag\/"},{"@type":"ListItem","position":2,"name":"News","item":"https:\/\/socialdesignmagazine.com\/mag\/news\/"},{"@type":"ListItem","position":3,"name":"Design News","item":"https:\/\/socialdesignmagazine.com\/mag\/news\/design-news\/"},{"@type":"ListItem","position":4,"name":"Milano Design Week 2023: al Superstudio Pi\u00f9 il Superdesign Show si interroga sul futuro del design con il tema &#8220;inspiration innovation immagination&#8221;"}]},{"@type":"WebSite","@id":"https:\/\/socialdesignmagazine.com\/mag\/#website","url":"https:\/\/socialdesignmagazine.com\/mag\/","name":"Social Design Magazine","description":"Social Magazine su Design, Architettura, Arte, Grafica","publisher":{"@id":"https:\/\/socialdesignmagazine.com\/mag\/#organization"},"potentialAction":[{"@type":"SearchAction","target":{"@type":"EntryPoint","urlTemplate":"https:\/\/socialdesignmagazine.com\/mag\/?s={search_term_string}"},"query-input":{"@type":"PropertyValueSpecification","valueRequired":true,"valueName":"search_term_string"}}],"inLanguage":"it-IT"},{"@type":"Organization","@id":"https:\/\/socialdesignmagazine.com\/mag\/#organization","name":"Social Design Magazine","url":"https:\/\/socialdesignmagazine.com\/mag\/","logo":{"@type":"ImageObject","inLanguage":"it-IT","@id":"https:\/\/socialdesignmagazine.com\/mag\/#\/schema\/logo\/image\/","url":"https:\/\/socialdesignmagazine.com\/mag\/wp-content\/uploads\/2017\/01\/logo_favicon_11.png","contentUrl":"https:\/\/socialdesignmagazine.com\/mag\/wp-content\/uploads\/2017\/01\/logo_favicon_11.png","width":1024,"height":1024,"caption":"Social Design Magazine"},"image":{"@id":"https:\/\/socialdesignmagazine.com\/mag\/#\/schema\/logo\/image\/"},"sameAs":["https:\/\/www.facebook.com\/socialdesignmag","https:\/\/x.com\/socialdesignmag","http:\/\/instagram.com\/social_design_magazine\/","http:\/\/pinterest.com\/socialdesignmag\/","http:\/\/www.youtube.com\/user\/socialdesignmagazine"]},{"@type":"Person","@id":"https:\/\/socialdesignmagazine.com\/mag\/#\/schema\/person\/61e20205cc363c315e6aabd33a045846","name":"Benedetto Fiori","image":{"@type":"ImageObject","inLanguage":"it-IT","@id":"https:\/\/secure.gravatar.com\/avatar\/450a48cefa36da63d920ad70aa660bd10725b1c6093800242e5efdb397759033?s=96&d=mm&r=g","url":"https:\/\/secure.gravatar.com\/avatar\/450a48cefa36da63d920ad70aa660bd10725b1c6093800242e5efdb397759033?s=96&d=mm&r=g","contentUrl":"https:\/\/secure.gravatar.com\/avatar\/450a48cefa36da63d920ad70aa660bd10725b1c6093800242e5efdb397759033?s=96&d=mm&r=g","caption":"Benedetto Fiori"},"description":"Web | Twitter | Facebook | Shutterstock Founder &amp; Editor in Chief di Social Design Magazine. Attratto da sempre da tutto ci\u00f2 che \u00e8 creativit\u00e0, design, architettura. Dopo aver studiato Architettura all'Universit\u00e0 di Firenze, si \u00e8 impegnato in molteplici campi: comunicazione grafica, progettazione di allestimenti fieristici, brand design, Interior Design.","sameAs":["http:\/\/benedettofiori.com","https:\/\/www.facebook.com\/benedettofiori","https:\/\/x.com\/benedettofiori"],"url":"https:\/\/socialdesignmagazine.com\/mag\/author\/benedetto\/"}]}},"jetpack_featured_media_url":"https:\/\/socialdesignmagazine.com\/mag\/wp-content\/uploads\/2023\/03\/Milano-Design-Week-2023_Superdesign-Show@GiovanniCappelini.jpg","jetpack_sharing_enabled":true,"jetpack_shortlink":"https:\/\/wp.me\/p6cV7V-cEm","gt_translate_keys":[{"key":"link","format":"url"}],"_links":{"self":[{"href":"https:\/\/socialdesignmagazine.com\/mag\/wp-json\/wp\/v2\/posts\/48630","targetHints":{"allow":["GET"]}}],"collection":[{"href":"https:\/\/socialdesignmagazine.com\/mag\/wp-json\/wp\/v2\/posts"}],"about":[{"href":"https:\/\/socialdesignmagazine.com\/mag\/wp-json\/wp\/v2\/types\/post"}],"author":[{"embeddable":true,"href":"https:\/\/socialdesignmagazine.com\/mag\/wp-json\/wp\/v2\/users\/1"}],"replies":[{"embeddable":true,"href":"https:\/\/socialdesignmagazine.com\/mag\/wp-json\/wp\/v2\/comments?post=48630"}],"version-history":[{"count":1,"href":"https:\/\/socialdesignmagazine.com\/mag\/wp-json\/wp\/v2\/posts\/48630\/revisions"}],"predecessor-version":[{"id":48645,"href":"https:\/\/socialdesignmagazine.com\/mag\/wp-json\/wp\/v2\/posts\/48630\/revisions\/48645"}],"wp:featuredmedia":[{"embeddable":true,"href":"https:\/\/socialdesignmagazine.com\/mag\/wp-json\/wp\/v2\/media\/48631"}],"wp:attachment":[{"href":"https:\/\/socialdesignmagazine.com\/mag\/wp-json\/wp\/v2\/media?parent=48630"}],"wp:term":[{"taxonomy":"category","embeddable":true,"href":"https:\/\/socialdesignmagazine.com\/mag\/wp-json\/wp\/v2\/categories?post=48630"},{"taxonomy":"post_tag","embeddable":true,"href":"https:\/\/socialdesignmagazine.com\/mag\/wp-json\/wp\/v2\/tags?post=48630"}],"curies":[{"name":"wp","href":"https:\/\/api.w.org\/{rel}","templated":true}]}}