{"id":48835,"date":"2023-03-21T18:09:00","date_gmt":"2023-03-21T17:09:00","guid":{"rendered":"https:\/\/socialdesignmagazine.com\/mag\/?p=48835"},"modified":"2023-03-21T14:11:26","modified_gmt":"2023-03-21T13:11:26","slug":"emo-design-e-franke-coffee-systems-creano-mytico-la-nuova-categoria-di-macchine-da-caffe-automatiche-beyondtraditional","status":"publish","type":"post","link":"https:\/\/socialdesignmagazine.com\/mag\/design\/emo-design-e-franke-coffee-systems-creano-mytico-la-nuova-categoria-di-macchine-da-caffe-automatiche-beyondtraditional\/","title":{"rendered":"Emo design e Franke Coffee Systems creano Mytico: la nuova categoria di macchine da caff\u00e8 automatiche BeyondTraditional","gt_translate_keys":[{"key":"rendered","format":"text"}]},"content":{"rendered":"\n<p>Mytico \u00e8 la nuova macchina da caff\u00e8 completamente automatica presentata dallo studio Emo design per Franke Coffee Systems. Questa nuova linea di prodotti \u00e8 stata sviluppata in collaborazione con il produttore svizzero di macchine da caff\u00e8 professionali completamente automatiche, con l&#8217;obiettivo di creare una gamma di prodotti &#8220;BeyondTraditional&#8221; che va oltre la tradizione.<\/p>\n\n\n\n<p>Mytico \u00e8 una macchina da caff\u00e8 che unisce la qualit\u00e0 svizzera all&#8217;interno con il design italiano all&#8217;esterno, creando un&#8217;esperienza senza uguali. La nuova linea di prodotti Mytico \u00e8 stata presentata in anteprima a Internorga, dal 10 al 14 marzo.<\/p>\n\n\n\n<p>La macchina Mytico \u00e8 stata progettata per aprire nuove opportunit\u00e0 di mercato e presidiare segmenti esistenti, definendo nuovi standard estetici ispirati al mondo degli specialty coffee. Il design della macchina \u00e8 stato enfatizzato come se fosse un oggetto d&#8217;arredo, introducendo linee iconiche, classiche e morbide.<\/p>\n\n\n\n<p>La possibilit\u00e0 di personalizzazione dei pannelli laterali e posteriore consente alla macchina di adattarsi a diversi ambienti come catene, hotel o ristoranti. Inoltre, la finitura opaca metallizzata del pannello frontale, unita alle viti a vista, enfatizza la qualit\u00e0 e l&#8217;affidabilit\u00e0 della macchina.<\/p>\n\n\n\n<p>Mytico offre anche un&#8217;esperienza personalizzata ai clienti, grazie alla tecnologia avanzata che permette di realizzare un caff\u00e8 di altissima qualit\u00e0. La facilit\u00e0 d&#8217;uso della macchina consente al barista di conversare con i clienti e allo stesso tempo servire le bevande senza dover rinunciare al proprio ruolo di barista.<\/p>\n\n\n\n<p>Mytico Due e Mytico Vario sono i primi due modelli della linea Mytico presentati da Franke Coffee Systems a Internorga. Mytico Due enfatizza l&#8217;esperienza del cliente e la qualit\u00e0 del servizio del barista, mentre Mytico Vario offre un tocco di eleganza in ogni spazio. Entrambi i modelli consentono di realizzare caff\u00e8 d&#8217;autore, mantenendo allo stesso tempo un&#8217;ottima qualit\u00e0 del caff\u00e8.<\/p>\n\n\n\n<p>In sintesi, la nuova linea di prodotti Mytico rappresenta un&#8217;evoluzione nel mondo delle macchine da caff\u00e8 automatiche, unendo il design italiano all&#8217;eccellenza svizzera, offrendo al cliente un&#8217;esperienza personalizzata e al barista la possibilit\u00e0 di esprimere la propria creativit\u00e0.<\/p>\n\n\n\n<figure class=\"wp-block-gallery has-nested-images columns-1 is-cropped wp-block-gallery-1 is-layout-flex wp-block-gallery-is-layout-flex\">\n<figure class=\"wp-block-image size-large\"><img loading=\"lazy\" decoding=\"async\" width=\"1024\" height=\"724\" data-attachment-id=\"48840\" data-permalink=\"https:\/\/socialdesignmagazine.com\/mag\/design\/emo-design-e-franke-coffee-systems-creano-mytico-la-nuova-categoria-di-macchine-da-caffe-automatiche-beyondtraditional\/attachment\/01_franke_mytico_copyright-franke\/#content\" data-orig-file=\"https:\/\/socialdesignmagazine.com\/mag\/wp-content\/uploads\/2023\/03\/01_Franke_Mytico_copyright-Franke.jpg\" data-orig-size=\"1200,848\" data-comments-opened=\"1\" data-image-meta=\"{&quot;aperture&quot;:&quot;0&quot;,&quot;credit&quot;:&quot;&quot;,&quot;camera&quot;:&quot;&quot;,&quot;caption&quot;:&quot;&quot;,&quot;created_timestamp&quot;:&quot;0&quot;,&quot;copyright&quot;:&quot;&quot;,&quot;focal_length&quot;:&quot;0&quot;,&quot;iso&quot;:&quot;0&quot;,&quot;shutter_speed&quot;:&quot;0&quot;,&quot;title&quot;:&quot;&quot;,&quot;orientation&quot;:&quot;0&quot;}\" data-image-title=\"Franke Mytico copyright Franke\" data-image-description=\"\" data-image-caption=\"\" data-medium-file=\"https:\/\/socialdesignmagazine.com\/mag\/wp-content\/uploads\/2023\/03\/01_Franke_Mytico_copyright-Franke-438x283.jpg\" data-large-file=\"https:\/\/socialdesignmagazine.com\/mag\/wp-content\/uploads\/2023\/03\/01_Franke_Mytico_copyright-Franke-1024x724.jpg\" data-id=\"48840\" src=\"https:\/\/socialdesignmagazine.com\/mag\/wp-content\/uploads\/2023\/03\/01_Franke_Mytico_copyright-Franke-1024x724.jpg\" alt=\"Franke Mytico copyright Franke\" class=\"wp-image-48840\" srcset=\"https:\/\/socialdesignmagazine.com\/mag\/wp-content\/uploads\/2023\/03\/01_Franke_Mytico_copyright-Franke-1024x724.jpg 1024w, https:\/\/socialdesignmagazine.com\/mag\/wp-content\/uploads\/2023\/03\/01_Franke_Mytico_copyright-Franke-768x543.jpg 768w, https:\/\/socialdesignmagazine.com\/mag\/wp-content\/uploads\/2023\/03\/01_Franke_Mytico_copyright-Franke.jpg 1200w\" sizes=\"auto, (max-width: 1024px) 100vw, 1024px\" \/><\/figure>\n\n\n\n<figure class=\"wp-block-image size-large\"><img loading=\"lazy\" decoding=\"async\" width=\"1024\" height=\"724\" data-attachment-id=\"48845\" data-permalink=\"https:\/\/socialdesignmagazine.com\/mag\/design\/emo-design-e-franke-coffee-systems-creano-mytico-la-nuova-categoria-di-macchine-da-caffe-automatiche-beyondtraditional\/attachment\/04_franke_mytico_copyright-franke\/#content\" data-orig-file=\"https:\/\/socialdesignmagazine.com\/mag\/wp-content\/uploads\/2023\/03\/04_Franke_Mytico_copyright-Franke.jpg\" data-orig-size=\"1200,848\" data-comments-opened=\"1\" data-image-meta=\"{&quot;aperture&quot;:&quot;0&quot;,&quot;credit&quot;:&quot;&quot;,&quot;camera&quot;:&quot;&quot;,&quot;caption&quot;:&quot;&quot;,&quot;created_timestamp&quot;:&quot;0&quot;,&quot;copyright&quot;:&quot;&quot;,&quot;focal_length&quot;:&quot;0&quot;,&quot;iso&quot;:&quot;0&quot;,&quot;shutter_speed&quot;:&quot;0&quot;,&quot;title&quot;:&quot;&quot;,&quot;orientation&quot;:&quot;0&quot;}\" data-image-title=\"Franke Mytico copyright Franke\" data-image-description=\"\" data-image-caption=\"\" data-medium-file=\"https:\/\/socialdesignmagazine.com\/mag\/wp-content\/uploads\/2023\/03\/04_Franke_Mytico_copyright-Franke-438x283.jpg\" data-large-file=\"https:\/\/socialdesignmagazine.com\/mag\/wp-content\/uploads\/2023\/03\/04_Franke_Mytico_copyright-Franke-1024x724.jpg\" data-id=\"48845\" src=\"https:\/\/socialdesignmagazine.com\/mag\/wp-content\/uploads\/2023\/03\/04_Franke_Mytico_copyright-Franke-1024x724.jpg\" alt=\"Franke Mytico copyright Franke\" class=\"wp-image-48845\" srcset=\"https:\/\/socialdesignmagazine.com\/mag\/wp-content\/uploads\/2023\/03\/04_Franke_Mytico_copyright-Franke-1024x724.jpg 1024w, https:\/\/socialdesignmagazine.com\/mag\/wp-content\/uploads\/2023\/03\/04_Franke_Mytico_copyright-Franke-768x543.jpg 768w, https:\/\/socialdesignmagazine.com\/mag\/wp-content\/uploads\/2023\/03\/04_Franke_Mytico_copyright-Franke.jpg 1200w\" sizes=\"auto, (max-width: 1024px) 100vw, 1024px\" \/><\/figure>\n\n\n\n<figure class=\"wp-block-image size-large\"><img loading=\"lazy\" decoding=\"async\" width=\"1024\" height=\"724\" data-attachment-id=\"48842\" data-permalink=\"https:\/\/socialdesignmagazine.com\/mag\/design\/emo-design-e-franke-coffee-systems-creano-mytico-la-nuova-categoria-di-macchine-da-caffe-automatiche-beyondtraditional\/attachment\/02_franke_mytico_copyright-franke\/#content\" data-orig-file=\"https:\/\/socialdesignmagazine.com\/mag\/wp-content\/uploads\/2023\/03\/02_Franke_Mytico_copyright-Franke.jpg\" data-orig-size=\"1200,848\" data-comments-opened=\"1\" data-image-meta=\"{&quot;aperture&quot;:&quot;0&quot;,&quot;credit&quot;:&quot;&quot;,&quot;camera&quot;:&quot;&quot;,&quot;caption&quot;:&quot;&quot;,&quot;created_timestamp&quot;:&quot;0&quot;,&quot;copyright&quot;:&quot;&quot;,&quot;focal_length&quot;:&quot;0&quot;,&quot;iso&quot;:&quot;0&quot;,&quot;shutter_speed&quot;:&quot;0&quot;,&quot;title&quot;:&quot;&quot;,&quot;orientation&quot;:&quot;0&quot;}\" data-image-title=\"Franke Mytico copyright Franke\" data-image-description=\"\" data-image-caption=\"\" data-medium-file=\"https:\/\/socialdesignmagazine.com\/mag\/wp-content\/uploads\/2023\/03\/02_Franke_Mytico_copyright-Franke-438x283.jpg\" data-large-file=\"https:\/\/socialdesignmagazine.com\/mag\/wp-content\/uploads\/2023\/03\/02_Franke_Mytico_copyright-Franke-1024x724.jpg\" data-id=\"48842\" src=\"https:\/\/socialdesignmagazine.com\/mag\/wp-content\/uploads\/2023\/03\/02_Franke_Mytico_copyright-Franke-1024x724.jpg\" alt=\"Franke Mytico copyright Franke\" class=\"wp-image-48842\" srcset=\"https:\/\/socialdesignmagazine.com\/mag\/wp-content\/uploads\/2023\/03\/02_Franke_Mytico_copyright-Franke-1024x724.jpg 1024w, https:\/\/socialdesignmagazine.com\/mag\/wp-content\/uploads\/2023\/03\/02_Franke_Mytico_copyright-Franke-768x543.jpg 768w, https:\/\/socialdesignmagazine.com\/mag\/wp-content\/uploads\/2023\/03\/02_Franke_Mytico_copyright-Franke.jpg 1200w\" sizes=\"auto, (max-width: 1024px) 100vw, 1024px\" \/><\/figure>\n\n\n\n<figure class=\"wp-block-image size-large\"><img loading=\"lazy\" decoding=\"async\" width=\"1024\" height=\"724\" data-attachment-id=\"48836\" data-permalink=\"https:\/\/socialdesignmagazine.com\/mag\/design\/emo-design-e-franke-coffee-systems-creano-mytico-la-nuova-categoria-di-macchine-da-caffe-automatiche-beyondtraditional\/attachment\/11_franke_mytico\/#content\" data-orig-file=\"https:\/\/socialdesignmagazine.com\/mag\/wp-content\/uploads\/2023\/03\/11_Franke_Mytico.jpg\" data-orig-size=\"1200,848\" data-comments-opened=\"1\" data-image-meta=\"{&quot;aperture&quot;:&quot;0&quot;,&quot;credit&quot;:&quot;&quot;,&quot;camera&quot;:&quot;&quot;,&quot;caption&quot;:&quot;&quot;,&quot;created_timestamp&quot;:&quot;0&quot;,&quot;copyright&quot;:&quot;&quot;,&quot;focal_length&quot;:&quot;0&quot;,&quot;iso&quot;:&quot;0&quot;,&quot;shutter_speed&quot;:&quot;0&quot;,&quot;title&quot;:&quot;&quot;,&quot;orientation&quot;:&quot;0&quot;}\" data-image-title=\"Franke Mytico\" data-image-description=\"\" data-image-caption=\"\" data-medium-file=\"https:\/\/socialdesignmagazine.com\/mag\/wp-content\/uploads\/2023\/03\/11_Franke_Mytico-438x283.jpg\" data-large-file=\"https:\/\/socialdesignmagazine.com\/mag\/wp-content\/uploads\/2023\/03\/11_Franke_Mytico-1024x724.jpg\" data-id=\"48836\" src=\"https:\/\/socialdesignmagazine.com\/mag\/wp-content\/uploads\/2023\/03\/11_Franke_Mytico-1024x724.jpg\" alt=\"Franke Mytico\" class=\"wp-image-48836\" srcset=\"https:\/\/socialdesignmagazine.com\/mag\/wp-content\/uploads\/2023\/03\/11_Franke_Mytico-1024x724.jpg 1024w, https:\/\/socialdesignmagazine.com\/mag\/wp-content\/uploads\/2023\/03\/11_Franke_Mytico-768x543.jpg 768w, https:\/\/socialdesignmagazine.com\/mag\/wp-content\/uploads\/2023\/03\/11_Franke_Mytico.jpg 1200w\" sizes=\"auto, (max-width: 1024px) 100vw, 1024px\" \/><\/figure>\n\n\n\n<figure class=\"wp-block-image size-large\"><img loading=\"lazy\" decoding=\"async\" width=\"1024\" height=\"724\" data-attachment-id=\"48844\" data-permalink=\"https:\/\/socialdesignmagazine.com\/mag\/design\/emo-design-e-franke-coffee-systems-creano-mytico-la-nuova-categoria-di-macchine-da-caffe-automatiche-beyondtraditional\/attachment\/08_franke_mytico\/#content\" data-orig-file=\"https:\/\/socialdesignmagazine.com\/mag\/wp-content\/uploads\/2023\/03\/08_Franke_Mytico.jpg\" data-orig-size=\"1200,848\" data-comments-opened=\"1\" data-image-meta=\"{&quot;aperture&quot;:&quot;0&quot;,&quot;credit&quot;:&quot;&quot;,&quot;camera&quot;:&quot;&quot;,&quot;caption&quot;:&quot;&quot;,&quot;created_timestamp&quot;:&quot;0&quot;,&quot;copyright&quot;:&quot;&quot;,&quot;focal_length&quot;:&quot;0&quot;,&quot;iso&quot;:&quot;0&quot;,&quot;shutter_speed&quot;:&quot;0&quot;,&quot;title&quot;:&quot;&quot;,&quot;orientation&quot;:&quot;0&quot;}\" data-image-title=\"Franke Mytico\" data-image-description=\"\" data-image-caption=\"\" data-medium-file=\"https:\/\/socialdesignmagazine.com\/mag\/wp-content\/uploads\/2023\/03\/08_Franke_Mytico-438x283.jpg\" data-large-file=\"https:\/\/socialdesignmagazine.com\/mag\/wp-content\/uploads\/2023\/03\/08_Franke_Mytico-1024x724.jpg\" data-id=\"48844\" src=\"https:\/\/socialdesignmagazine.com\/mag\/wp-content\/uploads\/2023\/03\/08_Franke_Mytico-1024x724.jpg\" alt=\"Franke Mytico\" class=\"wp-image-48844\" srcset=\"https:\/\/socialdesignmagazine.com\/mag\/wp-content\/uploads\/2023\/03\/08_Franke_Mytico-1024x724.jpg 1024w, https:\/\/socialdesignmagazine.com\/mag\/wp-content\/uploads\/2023\/03\/08_Franke_Mytico-768x543.jpg 768w, https:\/\/socialdesignmagazine.com\/mag\/wp-content\/uploads\/2023\/03\/08_Franke_Mytico.jpg 1200w\" sizes=\"auto, (max-width: 1024px) 100vw, 1024px\" \/><\/figure>\n\n\n\n<figure class=\"wp-block-image size-large\"><img loading=\"lazy\" decoding=\"async\" width=\"1024\" height=\"724\" data-attachment-id=\"48841\" data-permalink=\"https:\/\/socialdesignmagazine.com\/mag\/design\/emo-design-e-franke-coffee-systems-creano-mytico-la-nuova-categoria-di-macchine-da-caffe-automatiche-beyondtraditional\/attachment\/10_franke_mytico\/#content\" data-orig-file=\"https:\/\/socialdesignmagazine.com\/mag\/wp-content\/uploads\/2023\/03\/10_Franke_Mytico.jpg\" data-orig-size=\"1200,848\" data-comments-opened=\"1\" data-image-meta=\"{&quot;aperture&quot;:&quot;0&quot;,&quot;credit&quot;:&quot;&quot;,&quot;camera&quot;:&quot;&quot;,&quot;caption&quot;:&quot;&quot;,&quot;created_timestamp&quot;:&quot;0&quot;,&quot;copyright&quot;:&quot;&quot;,&quot;focal_length&quot;:&quot;0&quot;,&quot;iso&quot;:&quot;0&quot;,&quot;shutter_speed&quot;:&quot;0&quot;,&quot;title&quot;:&quot;&quot;,&quot;orientation&quot;:&quot;0&quot;}\" data-image-title=\"Franke Mytico\" data-image-description=\"\" data-image-caption=\"\" data-medium-file=\"https:\/\/socialdesignmagazine.com\/mag\/wp-content\/uploads\/2023\/03\/10_Franke_Mytico-438x283.jpg\" data-large-file=\"https:\/\/socialdesignmagazine.com\/mag\/wp-content\/uploads\/2023\/03\/10_Franke_Mytico-1024x724.jpg\" data-id=\"48841\" src=\"https:\/\/socialdesignmagazine.com\/mag\/wp-content\/uploads\/2023\/03\/10_Franke_Mytico-1024x724.jpg\" alt=\"Franke Mytico\" class=\"wp-image-48841\" srcset=\"https:\/\/socialdesignmagazine.com\/mag\/wp-content\/uploads\/2023\/03\/10_Franke_Mytico-1024x724.jpg 1024w, https:\/\/socialdesignmagazine.com\/mag\/wp-content\/uploads\/2023\/03\/10_Franke_Mytico-768x543.jpg 768w, https:\/\/socialdesignmagazine.com\/mag\/wp-content\/uploads\/2023\/03\/10_Franke_Mytico.jpg 1200w\" sizes=\"auto, (max-width: 1024px) 100vw, 1024px\" \/><\/figure>\n\n\n\n<figure class=\"wp-block-image size-large\"><img loading=\"lazy\" decoding=\"async\" width=\"1024\" height=\"724\" data-attachment-id=\"48843\" data-permalink=\"https:\/\/socialdesignmagazine.com\/mag\/design\/emo-design-e-franke-coffee-systems-creano-mytico-la-nuova-categoria-di-macchine-da-caffe-automatiche-beyondtraditional\/attachment\/09_franke_mytico\/#content\" data-orig-file=\"https:\/\/socialdesignmagazine.com\/mag\/wp-content\/uploads\/2023\/03\/09_Franke_Mytico.jpg\" data-orig-size=\"1200,848\" data-comments-opened=\"1\" data-image-meta=\"{&quot;aperture&quot;:&quot;0&quot;,&quot;credit&quot;:&quot;&quot;,&quot;camera&quot;:&quot;&quot;,&quot;caption&quot;:&quot;&quot;,&quot;created_timestamp&quot;:&quot;0&quot;,&quot;copyright&quot;:&quot;&quot;,&quot;focal_length&quot;:&quot;0&quot;,&quot;iso&quot;:&quot;0&quot;,&quot;shutter_speed&quot;:&quot;0&quot;,&quot;title&quot;:&quot;&quot;,&quot;orientation&quot;:&quot;0&quot;}\" data-image-title=\"Franke Mytico\" data-image-description=\"\" data-image-caption=\"\" data-medium-file=\"https:\/\/socialdesignmagazine.com\/mag\/wp-content\/uploads\/2023\/03\/09_Franke_Mytico-438x283.jpg\" data-large-file=\"https:\/\/socialdesignmagazine.com\/mag\/wp-content\/uploads\/2023\/03\/09_Franke_Mytico-1024x724.jpg\" data-id=\"48843\" src=\"https:\/\/socialdesignmagazine.com\/mag\/wp-content\/uploads\/2023\/03\/09_Franke_Mytico-1024x724.jpg\" alt=\"Franke Mytico\" class=\"wp-image-48843\" srcset=\"https:\/\/socialdesignmagazine.com\/mag\/wp-content\/uploads\/2023\/03\/09_Franke_Mytico-1024x724.jpg 1024w, https:\/\/socialdesignmagazine.com\/mag\/wp-content\/uploads\/2023\/03\/09_Franke_Mytico-768x543.jpg 768w, https:\/\/socialdesignmagazine.com\/mag\/wp-content\/uploads\/2023\/03\/09_Franke_Mytico.jpg 1200w\" sizes=\"auto, (max-width: 1024px) 100vw, 1024px\" \/><\/figure>\n\n\n\n<figure class=\"wp-block-image size-large\"><img loading=\"lazy\" decoding=\"async\" width=\"1024\" height=\"683\" data-attachment-id=\"48839\" data-permalink=\"https:\/\/socialdesignmagazine.com\/mag\/design\/emo-design-e-franke-coffee-systems-creano-mytico-la-nuova-categoria-di-macchine-da-caffe-automatiche-beyondtraditional\/attachment\/07_franke_mytico_copyright-franke\/#content\" data-orig-file=\"https:\/\/socialdesignmagazine.com\/mag\/wp-content\/uploads\/2023\/03\/07_Franke_Mytico_copyright-Franke.jpg\" data-orig-size=\"1200,800\" data-comments-opened=\"1\" data-image-meta=\"{&quot;aperture&quot;:&quot;0&quot;,&quot;credit&quot;:&quot;&quot;,&quot;camera&quot;:&quot;&quot;,&quot;caption&quot;:&quot;&quot;,&quot;created_timestamp&quot;:&quot;0&quot;,&quot;copyright&quot;:&quot;&quot;,&quot;focal_length&quot;:&quot;0&quot;,&quot;iso&quot;:&quot;0&quot;,&quot;shutter_speed&quot;:&quot;0&quot;,&quot;title&quot;:&quot;&quot;,&quot;orientation&quot;:&quot;0&quot;}\" data-image-title=\"Franke Mytico copyright Franke\" data-image-description=\"\" data-image-caption=\"\" data-medium-file=\"https:\/\/socialdesignmagazine.com\/mag\/wp-content\/uploads\/2023\/03\/07_Franke_Mytico_copyright-Franke-438x283.jpg\" data-large-file=\"https:\/\/socialdesignmagazine.com\/mag\/wp-content\/uploads\/2023\/03\/07_Franke_Mytico_copyright-Franke-1024x683.jpg\" data-id=\"48839\" src=\"https:\/\/socialdesignmagazine.com\/mag\/wp-content\/uploads\/2023\/03\/07_Franke_Mytico_copyright-Franke-1024x683.jpg\" alt=\"Franke Mytico copyright Franke\" class=\"wp-image-48839\" srcset=\"https:\/\/socialdesignmagazine.com\/mag\/wp-content\/uploads\/2023\/03\/07_Franke_Mytico_copyright-Franke-1024x683.jpg 1024w, https:\/\/socialdesignmagazine.com\/mag\/wp-content\/uploads\/2023\/03\/07_Franke_Mytico_copyright-Franke-100x66.jpg 100w, https:\/\/socialdesignmagazine.com\/mag\/wp-content\/uploads\/2023\/03\/07_Franke_Mytico_copyright-Franke-768x512.jpg 768w, https:\/\/socialdesignmagazine.com\/mag\/wp-content\/uploads\/2023\/03\/07_Franke_Mytico_copyright-Franke.jpg 1200w\" sizes=\"auto, (max-width: 1024px) 100vw, 1024px\" \/><\/figure>\n\n\n\n<figure class=\"wp-block-image size-large\"><img loading=\"lazy\" decoding=\"async\" width=\"1024\" height=\"683\" data-attachment-id=\"48838\" data-permalink=\"https:\/\/socialdesignmagazine.com\/mag\/design\/emo-design-e-franke-coffee-systems-creano-mytico-la-nuova-categoria-di-macchine-da-caffe-automatiche-beyondtraditional\/attachment\/03_franke_mytico_copyright-franke\/#content\" data-orig-file=\"https:\/\/socialdesignmagazine.com\/mag\/wp-content\/uploads\/2023\/03\/03_Franke_Mytico_copyright-Franke.jpg\" data-orig-size=\"1200,800\" data-comments-opened=\"1\" data-image-meta=\"{&quot;aperture&quot;:&quot;0&quot;,&quot;credit&quot;:&quot;&quot;,&quot;camera&quot;:&quot;&quot;,&quot;caption&quot;:&quot;&quot;,&quot;created_timestamp&quot;:&quot;0&quot;,&quot;copyright&quot;:&quot;&quot;,&quot;focal_length&quot;:&quot;0&quot;,&quot;iso&quot;:&quot;0&quot;,&quot;shutter_speed&quot;:&quot;0&quot;,&quot;title&quot;:&quot;&quot;,&quot;orientation&quot;:&quot;0&quot;}\" data-image-title=\"Franke Mytico copyright Franke\" data-image-description=\"\" data-image-caption=\"\" data-medium-file=\"https:\/\/socialdesignmagazine.com\/mag\/wp-content\/uploads\/2023\/03\/03_Franke_Mytico_copyright-Franke-438x283.jpg\" data-large-file=\"https:\/\/socialdesignmagazine.com\/mag\/wp-content\/uploads\/2023\/03\/03_Franke_Mytico_copyright-Franke-1024x683.jpg\" data-id=\"48838\" src=\"https:\/\/socialdesignmagazine.com\/mag\/wp-content\/uploads\/2023\/03\/03_Franke_Mytico_copyright-Franke-1024x683.jpg\" alt=\"Franke Mytico copyright Franke\" class=\"wp-image-48838\" srcset=\"https:\/\/socialdesignmagazine.com\/mag\/wp-content\/uploads\/2023\/03\/03_Franke_Mytico_copyright-Franke-1024x683.jpg 1024w, https:\/\/socialdesignmagazine.com\/mag\/wp-content\/uploads\/2023\/03\/03_Franke_Mytico_copyright-Franke-100x66.jpg 100w, https:\/\/socialdesignmagazine.com\/mag\/wp-content\/uploads\/2023\/03\/03_Franke_Mytico_copyright-Franke-768x512.jpg 768w, https:\/\/socialdesignmagazine.com\/mag\/wp-content\/uploads\/2023\/03\/03_Franke_Mytico_copyright-Franke.jpg 1200w\" sizes=\"auto, (max-width: 1024px) 100vw, 1024px\" \/><\/figure>\n\n\n\n<figure class=\"wp-block-image size-large\"><img loading=\"lazy\" decoding=\"async\" width=\"1024\" height=\"683\" data-attachment-id=\"48837\" data-permalink=\"https:\/\/socialdesignmagazine.com\/mag\/design\/emo-design-e-franke-coffee-systems-creano-mytico-la-nuova-categoria-di-macchine-da-caffe-automatiche-beyondtraditional\/attachment\/05_franke_mytico_copyright-franke\/#content\" data-orig-file=\"https:\/\/socialdesignmagazine.com\/mag\/wp-content\/uploads\/2023\/03\/05_Franke_Mytico_copyright-Franke.jpg\" data-orig-size=\"1200,800\" data-comments-opened=\"1\" data-image-meta=\"{&quot;aperture&quot;:&quot;0&quot;,&quot;credit&quot;:&quot;&quot;,&quot;camera&quot;:&quot;&quot;,&quot;caption&quot;:&quot;&quot;,&quot;created_timestamp&quot;:&quot;0&quot;,&quot;copyright&quot;:&quot;&quot;,&quot;focal_length&quot;:&quot;0&quot;,&quot;iso&quot;:&quot;0&quot;,&quot;shutter_speed&quot;:&quot;0&quot;,&quot;title&quot;:&quot;&quot;,&quot;orientation&quot;:&quot;0&quot;}\" data-image-title=\"Franke Mytico copyright Franke\" data-image-description=\"\" data-image-caption=\"\" data-medium-file=\"https:\/\/socialdesignmagazine.com\/mag\/wp-content\/uploads\/2023\/03\/05_Franke_Mytico_copyright-Franke-438x283.jpg\" data-large-file=\"https:\/\/socialdesignmagazine.com\/mag\/wp-content\/uploads\/2023\/03\/05_Franke_Mytico_copyright-Franke-1024x683.jpg\" data-id=\"48837\" src=\"https:\/\/socialdesignmagazine.com\/mag\/wp-content\/uploads\/2023\/03\/05_Franke_Mytico_copyright-Franke-1024x683.jpg\" alt=\"Franke Mytico copyright Franke\" class=\"wp-image-48837\" srcset=\"https:\/\/socialdesignmagazine.com\/mag\/wp-content\/uploads\/2023\/03\/05_Franke_Mytico_copyright-Franke-1024x683.jpg 1024w, https:\/\/socialdesignmagazine.com\/mag\/wp-content\/uploads\/2023\/03\/05_Franke_Mytico_copyright-Franke-100x66.jpg 100w, https:\/\/socialdesignmagazine.com\/mag\/wp-content\/uploads\/2023\/03\/05_Franke_Mytico_copyright-Franke-768x512.jpg 768w, https:\/\/socialdesignmagazine.com\/mag\/wp-content\/uploads\/2023\/03\/05_Franke_Mytico_copyright-Franke.jpg 1200w\" sizes=\"auto, (max-width: 1024px) 100vw, 1024px\" \/><\/figure>\n<\/figure>\n","protected":false,"gt_translate_keys":[{"key":"rendered","format":"html"}]},"excerpt":{"rendered":"<p>Mytico \u00e8 la nuova macchina da caff\u00e8 completamente automatica presentata dallo studio Emo design per Franke Coffee Systems.<\/p>\n","protected":false,"gt_translate_keys":[{"key":"rendered","format":"html"}]},"author":1,"featured_media":48836,"comment_status":"open","ping_status":"open","sticky":false,"template":"","format":"standard","meta":{"jetpack_post_was_ever_published":false,"_jetpack_newsletter_access":"","_jetpack_dont_email_post_to_subs":false,"_jetpack_newsletter_tier_id":0,"_jetpack_memberships_contains_paywalled_content":false,"_jetpack_memberships_contains_paid_content":false,"footnotes":"","_wpscppro_dont_share_socialmedia":false,"_wpscppro_custom_social_share_image":0,"_facebook_share_type":"","_twitter_share_type":"","_linkedin_share_type":"","_pinterest_share_type":"","_linkedin_share_type_page":"","_instagram_share_type":"","_medium_share_type":"","_threads_share_type":"","_google_business_share_type":"","_selected_social_profile":[],"_wpsp_enable_custom_social_template":false,"_wpsp_social_scheduling":{"enabled":false,"datetime":null,"platforms":[],"status":"template_only","dateOption":"today","timeOption":"now","customDays":"","customHours":"","customDate":"","customTime":"","schedulingType":"absolute"},"_wpsp_active_default_template":true},"categories":[13],"tags":[1873,1971],"class_list":["post-48835","post","type-post","status-publish","format-standard","has-post-thumbnail","hentry","category-design","tag-emo-design","tag-macchina-caffe"],"yoast_head":"<!-- This site is optimized with the Yoast SEO plugin v27.2 - https:\/\/yoast.com\/product\/yoast-seo-wordpress\/ -->\n<title>Emo design e Franke Coffee Systems creano Mytico: la nuova categoria di macchine da caff\u00e8 automatiche BeyondTraditional - Social Design Magazine<\/title>\n<meta name=\"description\" content=\"Mytico \u00e8 la nuova macchina da caff\u00e8 completamente automatica presentata dallo studio Emo design per Franke Coffee Systems.\" \/>\n<meta name=\"robots\" content=\"index, follow, max-snippet:-1, max-image-preview:large, max-video-preview:-1\" \/>\n<link rel=\"canonical\" href=\"https:\/\/socialdesignmagazine.com\/mag\/design\/emo-design-e-franke-coffee-systems-creano-mytico-la-nuova-categoria-di-macchine-da-caffe-automatiche-beyondtraditional\/\" \/>\n<meta property=\"og:locale\" content=\"it_IT\" \/>\n<meta property=\"og:type\" content=\"article\" \/>\n<meta property=\"og:title\" content=\"Emo design e Franke Coffee Systems creano Mytico: la nuova categoria di macchine da caff\u00e8 automatiche BeyondTraditional - Social Design Magazine\" \/>\n<meta property=\"og:description\" content=\"Mytico \u00e8 la nuova macchina da caff\u00e8 completamente automatica presentata dallo studio Emo design per Franke Coffee Systems.\" \/>\n<meta property=\"og:url\" content=\"http:\/\/socialdesignmagazine.com\/mag\/design\/emo-design-e-franke-coffee-systems-creano-mytico-la-nuova-categoria-di-macchine-da-caffe-automatiche-beyondtraditional\/\" \/>\n<meta property=\"og:site_name\" content=\"Social Design Magazine\" \/>\n<meta property=\"article:publisher\" content=\"https:\/\/www.facebook.com\/socialdesignmag\" \/>\n<meta property=\"article:author\" content=\"https:\/\/www.facebook.com\/benedettofiori\" \/>\n<meta property=\"article:published_time\" content=\"2023-03-21T17:09:00+00:00\" \/>\n<meta property=\"og:image\" content=\"https:\/\/socialdesignmagazine.com\/mag\/wp-content\/uploads\/2023\/03\/11_Franke_Mytico.jpg\" \/>\n\t<meta property=\"og:image:width\" content=\"1200\" \/>\n\t<meta property=\"og:image:height\" content=\"848\" \/>\n\t<meta property=\"og:image:type\" content=\"image\/jpeg\" \/>\n<meta name=\"author\" content=\"Benedetto Fiori\" \/>\n<meta name=\"twitter:card\" content=\"summary_large_image\" \/>\n<meta name=\"twitter:creator\" content=\"@benedettofiori\" \/>\n<meta name=\"twitter:site\" content=\"@socialdesignmag\" \/>\n<meta name=\"twitter:label1\" content=\"Scritto da\" \/>\n\t<meta name=\"twitter:data1\" content=\"Benedetto Fiori\" \/>\n\t<meta name=\"twitter:label2\" content=\"Tempo di lettura stimato\" \/>\n\t<meta name=\"twitter:data2\" content=\"4 minuti\" \/>\n<script type=\"application\/ld+json\" class=\"yoast-schema-graph\">{\"@context\":\"https:\/\/schema.org\",\"@graph\":[{\"@type\":\"Article\",\"@id\":\"https:\/\/socialdesignmagazine.com\/mag\/design\/emo-design-e-franke-coffee-systems-creano-mytico-la-nuova-categoria-di-macchine-da-caffe-automatiche-beyondtraditional\/#article\",\"isPartOf\":{\"@id\":\"https:\/\/socialdesignmagazine.com\/mag\/design\/emo-design-e-franke-coffee-systems-creano-mytico-la-nuova-categoria-di-macchine-da-caffe-automatiche-beyondtraditional\/\"},\"author\":{\"name\":\"Benedetto Fiori\",\"@id\":\"https:\/\/socialdesignmagazine.com\/mag\/#\/schema\/person\/61e20205cc363c315e6aabd33a045846\"},\"headline\":\"Emo design e Franke Coffee Systems creano Mytico: la nuova categoria di macchine da caff\u00e8 automatiche BeyondTraditional\",\"datePublished\":\"2023-03-21T17:09:00+00:00\",\"mainEntityOfPage\":{\"@id\":\"https:\/\/socialdesignmagazine.com\/mag\/design\/emo-design-e-franke-coffee-systems-creano-mytico-la-nuova-categoria-di-macchine-da-caffe-automatiche-beyondtraditional\/\"},\"wordCount\":348,\"commentCount\":0,\"publisher\":{\"@id\":\"https:\/\/socialdesignmagazine.com\/mag\/#organization\"},\"image\":{\"@id\":\"https:\/\/socialdesignmagazine.com\/mag\/design\/emo-design-e-franke-coffee-systems-creano-mytico-la-nuova-categoria-di-macchine-da-caffe-automatiche-beyondtraditional\/#primaryimage\"},\"thumbnailUrl\":\"https:\/\/socialdesignmagazine.com\/mag\/wp-content\/uploads\/2023\/03\/11_Franke_Mytico.jpg\",\"keywords\":[\"emo design\",\"macchina caff\u00e8\"],\"articleSection\":[\"Design\"],\"inLanguage\":\"it-IT\",\"potentialAction\":[{\"@type\":\"CommentAction\",\"name\":\"Comment\",\"target\":[\"https:\/\/socialdesignmagazine.com\/mag\/design\/emo-design-e-franke-coffee-systems-creano-mytico-la-nuova-categoria-di-macchine-da-caffe-automatiche-beyondtraditional\/#respond\"]}]},{\"@type\":\"WebPage\",\"@id\":\"https:\/\/socialdesignmagazine.com\/mag\/design\/emo-design-e-franke-coffee-systems-creano-mytico-la-nuova-categoria-di-macchine-da-caffe-automatiche-beyondtraditional\/\",\"url\":\"https:\/\/socialdesignmagazine.com\/mag\/design\/emo-design-e-franke-coffee-systems-creano-mytico-la-nuova-categoria-di-macchine-da-caffe-automatiche-beyondtraditional\/\",\"name\":\"Emo design e Franke Coffee Systems creano Mytico: la nuova categoria di macchine da caff\u00e8 automatiche BeyondTraditional - Social Design Magazine\",\"isPartOf\":{\"@id\":\"https:\/\/socialdesignmagazine.com\/mag\/#website\"},\"primaryImageOfPage\":{\"@id\":\"https:\/\/socialdesignmagazine.com\/mag\/design\/emo-design-e-franke-coffee-systems-creano-mytico-la-nuova-categoria-di-macchine-da-caffe-automatiche-beyondtraditional\/#primaryimage\"},\"image\":{\"@id\":\"https:\/\/socialdesignmagazine.com\/mag\/design\/emo-design-e-franke-coffee-systems-creano-mytico-la-nuova-categoria-di-macchine-da-caffe-automatiche-beyondtraditional\/#primaryimage\"},\"thumbnailUrl\":\"https:\/\/socialdesignmagazine.com\/mag\/wp-content\/uploads\/2023\/03\/11_Franke_Mytico.jpg\",\"datePublished\":\"2023-03-21T17:09:00+00:00\",\"description\":\"Mytico \u00e8 la nuova macchina da caff\u00e8 completamente automatica presentata dallo studio Emo design per Franke Coffee Systems.\",\"breadcrumb\":{\"@id\":\"https:\/\/socialdesignmagazine.com\/mag\/design\/emo-design-e-franke-coffee-systems-creano-mytico-la-nuova-categoria-di-macchine-da-caffe-automatiche-beyondtraditional\/#breadcrumb\"},\"inLanguage\":\"it-IT\",\"potentialAction\":[{\"@type\":\"ReadAction\",\"target\":[\"https:\/\/socialdesignmagazine.com\/mag\/design\/emo-design-e-franke-coffee-systems-creano-mytico-la-nuova-categoria-di-macchine-da-caffe-automatiche-beyondtraditional\/\"]}]},{\"@type\":\"ImageObject\",\"inLanguage\":\"it-IT\",\"@id\":\"https:\/\/socialdesignmagazine.com\/mag\/design\/emo-design-e-franke-coffee-systems-creano-mytico-la-nuova-categoria-di-macchine-da-caffe-automatiche-beyondtraditional\/#primaryimage\",\"url\":\"https:\/\/socialdesignmagazine.com\/mag\/wp-content\/uploads\/2023\/03\/11_Franke_Mytico.jpg\",\"contentUrl\":\"https:\/\/socialdesignmagazine.com\/mag\/wp-content\/uploads\/2023\/03\/11_Franke_Mytico.jpg\",\"width\":1200,\"height\":848,\"caption\":\"Franke Mytico\"},{\"@type\":\"BreadcrumbList\",\"@id\":\"https:\/\/socialdesignmagazine.com\/mag\/design\/emo-design-e-franke-coffee-systems-creano-mytico-la-nuova-categoria-di-macchine-da-caffe-automatiche-beyondtraditional\/#breadcrumb\",\"itemListElement\":[{\"@type\":\"ListItem\",\"position\":1,\"name\":\"Home\",\"item\":\"https:\/\/socialdesignmagazine.com\/mag\/\"},{\"@type\":\"ListItem\",\"position\":2,\"name\":\"Design\",\"item\":\"https:\/\/socialdesignmagazine.com\/mag\/design\/\"},{\"@type\":\"ListItem\",\"position\":3,\"name\":\"Emo design e Franke Coffee Systems creano Mytico: la nuova categoria di macchine da caff\u00e8 automatiche BeyondTraditional\"}]},{\"@type\":\"WebSite\",\"@id\":\"https:\/\/socialdesignmagazine.com\/mag\/#website\",\"url\":\"https:\/\/socialdesignmagazine.com\/mag\/\",\"name\":\"Social Design Magazine\",\"description\":\"Social Magazine su Design, Architettura, Arte, Grafica\",\"publisher\":{\"@id\":\"https:\/\/socialdesignmagazine.com\/mag\/#organization\"},\"potentialAction\":[{\"@type\":\"SearchAction\",\"target\":{\"@type\":\"EntryPoint\",\"urlTemplate\":\"https:\/\/socialdesignmagazine.com\/mag\/?s={search_term_string}\"},\"query-input\":{\"@type\":\"PropertyValueSpecification\",\"valueRequired\":true,\"valueName\":\"search_term_string\"}}],\"inLanguage\":\"it-IT\"},{\"@type\":\"Organization\",\"@id\":\"https:\/\/socialdesignmagazine.com\/mag\/#organization\",\"name\":\"Social Design Magazine\",\"url\":\"https:\/\/socialdesignmagazine.com\/mag\/\",\"logo\":{\"@type\":\"ImageObject\",\"inLanguage\":\"it-IT\",\"@id\":\"https:\/\/socialdesignmagazine.com\/mag\/#\/schema\/logo\/image\/\",\"url\":\"https:\/\/socialdesignmagazine.com\/mag\/wp-content\/uploads\/2017\/01\/logo_favicon_11.png\",\"contentUrl\":\"https:\/\/socialdesignmagazine.com\/mag\/wp-content\/uploads\/2017\/01\/logo_favicon_11.png\",\"width\":1024,\"height\":1024,\"caption\":\"Social Design Magazine\"},\"image\":{\"@id\":\"https:\/\/socialdesignmagazine.com\/mag\/#\/schema\/logo\/image\/\"},\"sameAs\":[\"https:\/\/www.facebook.com\/socialdesignmag\",\"https:\/\/x.com\/socialdesignmag\",\"http:\/\/instagram.com\/social_design_magazine\/\",\"http:\/\/pinterest.com\/socialdesignmag\/\",\"http:\/\/www.youtube.com\/user\/socialdesignmagazine\"]},{\"@type\":\"Person\",\"@id\":\"https:\/\/socialdesignmagazine.com\/mag\/#\/schema\/person\/61e20205cc363c315e6aabd33a045846\",\"name\":\"Benedetto Fiori\",\"image\":{\"@type\":\"ImageObject\",\"inLanguage\":\"it-IT\",\"@id\":\"https:\/\/secure.gravatar.com\/avatar\/450a48cefa36da63d920ad70aa660bd10725b1c6093800242e5efdb397759033?s=96&d=mm&r=g\",\"url\":\"https:\/\/secure.gravatar.com\/avatar\/450a48cefa36da63d920ad70aa660bd10725b1c6093800242e5efdb397759033?s=96&d=mm&r=g\",\"contentUrl\":\"https:\/\/secure.gravatar.com\/avatar\/450a48cefa36da63d920ad70aa660bd10725b1c6093800242e5efdb397759033?s=96&d=mm&r=g\",\"caption\":\"Benedetto Fiori\"},\"description\":\"Web | Twitter | Facebook | Shutterstock Founder &amp; Editor in Chief di Social Design Magazine. Attratto da sempre da tutto ci\u00f2 che \u00e8 creativit\u00e0, design, architettura. Dopo aver studiato Architettura all'Universit\u00e0 di Firenze, si \u00e8 impegnato in molteplici campi: comunicazione grafica, progettazione di allestimenti fieristici, brand design, Interior Design.\",\"sameAs\":[\"http:\/\/benedettofiori.com\",\"https:\/\/www.facebook.com\/benedettofiori\",\"https:\/\/x.com\/benedettofiori\"],\"url\":\"https:\/\/socialdesignmagazine.com\/mag\/author\/benedetto\/\"}]}<\/script>\n<!-- \/ Yoast SEO plugin. -->","yoast_head_json":{"title":"Emo design e Franke Coffee Systems creano Mytico: la nuova categoria di macchine da caff\u00e8 automatiche BeyondTraditional - Social Design Magazine","description":"Mytico \u00e8 la nuova macchina da caff\u00e8 completamente automatica presentata dallo studio Emo design per Franke Coffee Systems.","robots":{"index":"index","follow":"follow","max-snippet":"max-snippet:-1","max-image-preview":"max-image-preview:large","max-video-preview":"max-video-preview:-1"},"canonical":"https:\/\/socialdesignmagazine.com\/mag\/design\/emo-design-e-franke-coffee-systems-creano-mytico-la-nuova-categoria-di-macchine-da-caffe-automatiche-beyondtraditional\/","og_locale":"it_IT","og_type":"article","og_title":"Emo design e Franke Coffee Systems creano Mytico: la nuova categoria di macchine da caff\u00e8 automatiche BeyondTraditional - Social Design Magazine","og_description":"Mytico \u00e8 la nuova macchina da caff\u00e8 completamente automatica presentata dallo studio Emo design per Franke Coffee Systems.","og_url":"http:\/\/socialdesignmagazine.com\/mag\/design\/emo-design-e-franke-coffee-systems-creano-mytico-la-nuova-categoria-di-macchine-da-caffe-automatiche-beyondtraditional\/","og_site_name":"Social Design Magazine","article_publisher":"https:\/\/www.facebook.com\/socialdesignmag","article_author":"https:\/\/www.facebook.com\/benedettofiori","article_published_time":"2023-03-21T17:09:00+00:00","og_image":[{"width":1200,"height":848,"url":"https:\/\/socialdesignmagazine.com\/mag\/wp-content\/uploads\/2023\/03\/11_Franke_Mytico.jpg","type":"image\/jpeg"}],"author":"Benedetto Fiori","twitter_card":"summary_large_image","twitter_creator":"@benedettofiori","twitter_site":"@socialdesignmag","twitter_misc":{"Scritto da":"Benedetto Fiori","Tempo di lettura stimato":"4 minuti"},"schema":{"@context":"https:\/\/schema.org","@graph":[{"@type":"Article","@id":"https:\/\/socialdesignmagazine.com\/mag\/design\/emo-design-e-franke-coffee-systems-creano-mytico-la-nuova-categoria-di-macchine-da-caffe-automatiche-beyondtraditional\/#article","isPartOf":{"@id":"https:\/\/socialdesignmagazine.com\/mag\/design\/emo-design-e-franke-coffee-systems-creano-mytico-la-nuova-categoria-di-macchine-da-caffe-automatiche-beyondtraditional\/"},"author":{"name":"Benedetto Fiori","@id":"https:\/\/socialdesignmagazine.com\/mag\/#\/schema\/person\/61e20205cc363c315e6aabd33a045846"},"headline":"Emo design e Franke Coffee Systems creano Mytico: la nuova categoria di macchine da caff\u00e8 automatiche BeyondTraditional","datePublished":"2023-03-21T17:09:00+00:00","mainEntityOfPage":{"@id":"https:\/\/socialdesignmagazine.com\/mag\/design\/emo-design-e-franke-coffee-systems-creano-mytico-la-nuova-categoria-di-macchine-da-caffe-automatiche-beyondtraditional\/"},"wordCount":348,"commentCount":0,"publisher":{"@id":"https:\/\/socialdesignmagazine.com\/mag\/#organization"},"image":{"@id":"https:\/\/socialdesignmagazine.com\/mag\/design\/emo-design-e-franke-coffee-systems-creano-mytico-la-nuova-categoria-di-macchine-da-caffe-automatiche-beyondtraditional\/#primaryimage"},"thumbnailUrl":"https:\/\/socialdesignmagazine.com\/mag\/wp-content\/uploads\/2023\/03\/11_Franke_Mytico.jpg","keywords":["emo design","macchina caff\u00e8"],"articleSection":["Design"],"inLanguage":"it-IT","potentialAction":[{"@type":"CommentAction","name":"Comment","target":["https:\/\/socialdesignmagazine.com\/mag\/design\/emo-design-e-franke-coffee-systems-creano-mytico-la-nuova-categoria-di-macchine-da-caffe-automatiche-beyondtraditional\/#respond"]}]},{"@type":"WebPage","@id":"https:\/\/socialdesignmagazine.com\/mag\/design\/emo-design-e-franke-coffee-systems-creano-mytico-la-nuova-categoria-di-macchine-da-caffe-automatiche-beyondtraditional\/","url":"https:\/\/socialdesignmagazine.com\/mag\/design\/emo-design-e-franke-coffee-systems-creano-mytico-la-nuova-categoria-di-macchine-da-caffe-automatiche-beyondtraditional\/","name":"Emo design e Franke Coffee Systems creano Mytico: la nuova categoria di macchine da caff\u00e8 automatiche BeyondTraditional - Social Design Magazine","isPartOf":{"@id":"https:\/\/socialdesignmagazine.com\/mag\/#website"},"primaryImageOfPage":{"@id":"https:\/\/socialdesignmagazine.com\/mag\/design\/emo-design-e-franke-coffee-systems-creano-mytico-la-nuova-categoria-di-macchine-da-caffe-automatiche-beyondtraditional\/#primaryimage"},"image":{"@id":"https:\/\/socialdesignmagazine.com\/mag\/design\/emo-design-e-franke-coffee-systems-creano-mytico-la-nuova-categoria-di-macchine-da-caffe-automatiche-beyondtraditional\/#primaryimage"},"thumbnailUrl":"https:\/\/socialdesignmagazine.com\/mag\/wp-content\/uploads\/2023\/03\/11_Franke_Mytico.jpg","datePublished":"2023-03-21T17:09:00+00:00","description":"Mytico \u00e8 la nuova macchina da caff\u00e8 completamente automatica presentata dallo studio Emo design per Franke Coffee Systems.","breadcrumb":{"@id":"https:\/\/socialdesignmagazine.com\/mag\/design\/emo-design-e-franke-coffee-systems-creano-mytico-la-nuova-categoria-di-macchine-da-caffe-automatiche-beyondtraditional\/#breadcrumb"},"inLanguage":"it-IT","potentialAction":[{"@type":"ReadAction","target":["https:\/\/socialdesignmagazine.com\/mag\/design\/emo-design-e-franke-coffee-systems-creano-mytico-la-nuova-categoria-di-macchine-da-caffe-automatiche-beyondtraditional\/"]}]},{"@type":"ImageObject","inLanguage":"it-IT","@id":"https:\/\/socialdesignmagazine.com\/mag\/design\/emo-design-e-franke-coffee-systems-creano-mytico-la-nuova-categoria-di-macchine-da-caffe-automatiche-beyondtraditional\/#primaryimage","url":"https:\/\/socialdesignmagazine.com\/mag\/wp-content\/uploads\/2023\/03\/11_Franke_Mytico.jpg","contentUrl":"https:\/\/socialdesignmagazine.com\/mag\/wp-content\/uploads\/2023\/03\/11_Franke_Mytico.jpg","width":1200,"height":848,"caption":"Franke Mytico"},{"@type":"BreadcrumbList","@id":"https:\/\/socialdesignmagazine.com\/mag\/design\/emo-design-e-franke-coffee-systems-creano-mytico-la-nuova-categoria-di-macchine-da-caffe-automatiche-beyondtraditional\/#breadcrumb","itemListElement":[{"@type":"ListItem","position":1,"name":"Home","item":"https:\/\/socialdesignmagazine.com\/mag\/"},{"@type":"ListItem","position":2,"name":"Design","item":"https:\/\/socialdesignmagazine.com\/mag\/design\/"},{"@type":"ListItem","position":3,"name":"Emo design e Franke Coffee Systems creano Mytico: la nuova categoria di macchine da caff\u00e8 automatiche BeyondTraditional"}]},{"@type":"WebSite","@id":"https:\/\/socialdesignmagazine.com\/mag\/#website","url":"https:\/\/socialdesignmagazine.com\/mag\/","name":"Social Design Magazine","description":"Social Magazine su Design, Architettura, Arte, Grafica","publisher":{"@id":"https:\/\/socialdesignmagazine.com\/mag\/#organization"},"potentialAction":[{"@type":"SearchAction","target":{"@type":"EntryPoint","urlTemplate":"https:\/\/socialdesignmagazine.com\/mag\/?s={search_term_string}"},"query-input":{"@type":"PropertyValueSpecification","valueRequired":true,"valueName":"search_term_string"}}],"inLanguage":"it-IT"},{"@type":"Organization","@id":"https:\/\/socialdesignmagazine.com\/mag\/#organization","name":"Social Design Magazine","url":"https:\/\/socialdesignmagazine.com\/mag\/","logo":{"@type":"ImageObject","inLanguage":"it-IT","@id":"https:\/\/socialdesignmagazine.com\/mag\/#\/schema\/logo\/image\/","url":"https:\/\/socialdesignmagazine.com\/mag\/wp-content\/uploads\/2017\/01\/logo_favicon_11.png","contentUrl":"https:\/\/socialdesignmagazine.com\/mag\/wp-content\/uploads\/2017\/01\/logo_favicon_11.png","width":1024,"height":1024,"caption":"Social Design Magazine"},"image":{"@id":"https:\/\/socialdesignmagazine.com\/mag\/#\/schema\/logo\/image\/"},"sameAs":["https:\/\/www.facebook.com\/socialdesignmag","https:\/\/x.com\/socialdesignmag","http:\/\/instagram.com\/social_design_magazine\/","http:\/\/pinterest.com\/socialdesignmag\/","http:\/\/www.youtube.com\/user\/socialdesignmagazine"]},{"@type":"Person","@id":"https:\/\/socialdesignmagazine.com\/mag\/#\/schema\/person\/61e20205cc363c315e6aabd33a045846","name":"Benedetto Fiori","image":{"@type":"ImageObject","inLanguage":"it-IT","@id":"https:\/\/secure.gravatar.com\/avatar\/450a48cefa36da63d920ad70aa660bd10725b1c6093800242e5efdb397759033?s=96&d=mm&r=g","url":"https:\/\/secure.gravatar.com\/avatar\/450a48cefa36da63d920ad70aa660bd10725b1c6093800242e5efdb397759033?s=96&d=mm&r=g","contentUrl":"https:\/\/secure.gravatar.com\/avatar\/450a48cefa36da63d920ad70aa660bd10725b1c6093800242e5efdb397759033?s=96&d=mm&r=g","caption":"Benedetto Fiori"},"description":"Web | Twitter | Facebook | Shutterstock Founder &amp; Editor in Chief di Social Design Magazine. Attratto da sempre da tutto ci\u00f2 che \u00e8 creativit\u00e0, design, architettura. Dopo aver studiato Architettura all'Universit\u00e0 di Firenze, si \u00e8 impegnato in molteplici campi: comunicazione grafica, progettazione di allestimenti fieristici, brand design, Interior Design.","sameAs":["http:\/\/benedettofiori.com","https:\/\/www.facebook.com\/benedettofiori","https:\/\/x.com\/benedettofiori"],"url":"https:\/\/socialdesignmagazine.com\/mag\/author\/benedetto\/"}]}},"jetpack_featured_media_url":"https:\/\/socialdesignmagazine.com\/mag\/wp-content\/uploads\/2023\/03\/11_Franke_Mytico.jpg","jetpack_sharing_enabled":true,"jetpack_shortlink":"https:\/\/wp.me\/p6cV7V-cHF","gt_translate_keys":[{"key":"link","format":"url"}],"_links":{"self":[{"href":"https:\/\/socialdesignmagazine.com\/mag\/wp-json\/wp\/v2\/posts\/48835","targetHints":{"allow":["GET"]}}],"collection":[{"href":"https:\/\/socialdesignmagazine.com\/mag\/wp-json\/wp\/v2\/posts"}],"about":[{"href":"https:\/\/socialdesignmagazine.com\/mag\/wp-json\/wp\/v2\/types\/post"}],"author":[{"embeddable":true,"href":"https:\/\/socialdesignmagazine.com\/mag\/wp-json\/wp\/v2\/users\/1"}],"replies":[{"embeddable":true,"href":"https:\/\/socialdesignmagazine.com\/mag\/wp-json\/wp\/v2\/comments?post=48835"}],"version-history":[{"count":1,"href":"https:\/\/socialdesignmagazine.com\/mag\/wp-json\/wp\/v2\/posts\/48835\/revisions"}],"predecessor-version":[{"id":48846,"href":"https:\/\/socialdesignmagazine.com\/mag\/wp-json\/wp\/v2\/posts\/48835\/revisions\/48846"}],"wp:featuredmedia":[{"embeddable":true,"href":"https:\/\/socialdesignmagazine.com\/mag\/wp-json\/wp\/v2\/media\/48836"}],"wp:attachment":[{"href":"https:\/\/socialdesignmagazine.com\/mag\/wp-json\/wp\/v2\/media?parent=48835"}],"wp:term":[{"taxonomy":"category","embeddable":true,"href":"https:\/\/socialdesignmagazine.com\/mag\/wp-json\/wp\/v2\/categories?post=48835"},{"taxonomy":"post_tag","embeddable":true,"href":"https:\/\/socialdesignmagazine.com\/mag\/wp-json\/wp\/v2\/tags?post=48835"}],"curies":[{"name":"wp","href":"https:\/\/api.w.org\/{rel}","templated":true}]}}