{"id":48965,"date":"2023-03-28T23:55:21","date_gmt":"2023-03-28T21:55:21","guid":{"rendered":"https:\/\/socialdesignmagazine.com\/mag\/?p=48965"},"modified":"2023-03-29T00:09:49","modified_gmt":"2023-03-28T22:09:49","slug":"casa-caldeira-la-rinascita-di-unantica-dimora-nel-cuore-della-citta-storica-casa-caldeira-felipe-pina-arquitectura","status":"publish","type":"post","link":"https:\/\/socialdesignmagazine.com\/mag\/architettura\/casa-caldeira-la-rinascita-di-unantica-dimora-nel-cuore-della-citta-storica-casa-caldeira-felipe-pina-arquitectura\/","title":{"rendered":"La rinascita di un&#8217;antica dimora nel cuore della citt\u00e0 storica. Casa Caldeira &#8211; Felipe Pina arquitectura","gt_translate_keys":[{"key":"rendered","format":"text"}]},"content":{"rendered":"\n<p>Nel centro storico di Vila Nova de Foz Coa, il progetto Casa Caldeira di Felipe Pina arquitectura si concentra sulla ristrutturazione di un edificio costruito alla fine del XIX secolo, trasformandolo in una casa monofamiliare, dove le caratteristiche architettoniche storiche sono adattate alla realt\u00e0 abitativa contemporanea. <\/p>\n\n\n\n<p>L&#8217;elevazione meridionale dell&#8217;edificio ha subito nel corso degli anni diverse alterazioni e costruzioni associate, senza alcun collegamento architettonico con la costruzione originale. Tuttavia, le soglie in ardesia sono evidenziate come il principale rivestimento applicato sulla struttura muraria in scisto. \u00c8 sulla base di questi due elementi notevoli (ardesia e scisto) che si propone di riconfigurare lo spazio e l&#8217;elevazione, rispondendo ancora al metodo tradizionale di costruzione, che cerca di evidenziare l&#8217;elevazione posteriore, rivolta a sud, e di assumere questa come la nuova elevazione principale della casa.<\/p>\n\n\n\n<p>Senza trascurare il valore storico delle rimanenti porzioni, gli elementi esistenti di segherie in granito e muratura sono recuperati sulle porzioni settentrionale e primaverile, e nuovi vani sono aperti a sud, lasciando le rovine in scisto, i muri esterni e i colori della natura scoperti per chi vive all&#8217;interno della casa. A livello costruttivo, sono state scelte soluzioni tradizionali, con la selezione di materiali di origine naturale, come l&#8217;intonaco di calce per le facciate, i telai in legno, il pavimento in legno, l&#8217;isolamento con il sughero agglomerato sui pavimenti e l&#8217;applicazione di soglie in ardesia. <\/p>\n\n\n\n<p>A livello programmatico, la casa \u00e8 organizzata su due livelli, con l&#8217;accesso principale dalla facciata meridionale al livello del piano terra. \u00c8 su questo piano che l&#8217;intera area sociale \u00e8 distribuita in uno spazio connesso, delimitato solo dalle pareti interne preesistenti, in muratura di scisto. Al piano superiore, le tre camere da letto sono organizzate in un gioco di simmetrie e rotazioni, dove il punto di incontro culmina in uno spazio ampio per il paesaggio naturale tipico della regione.<\/p>\n\n\n\n<figure class=\"wp-block-gallery has-nested-images columns-1 is-cropped wp-block-gallery-1 is-layout-flex wp-block-gallery-is-layout-flex\">\n<figure class=\"wp-block-image size-large\"><img loading=\"lazy\" decoding=\"async\" width=\"1024\" height=\"970\" data-attachment-id=\"49058\" data-permalink=\"https:\/\/socialdesignmagazine.com\/mag\/architettura\/casa-caldeira-la-rinascita-di-unantica-dimora-nel-cuore-della-citta-storica-casa-caldeira-felipe-pina-arquitectura\/attachment\/casa-caldeira-felipe-pina-arquitecture-photo-credit-ivo-tavares-studio-001\/#content\" data-orig-file=\"https:\/\/socialdesignmagazine.com\/mag\/wp-content\/uploads\/2023\/03\/Casa-Caldeira-Felipe-Pina-arquitecture-Photo-credit-Ivo-Tavares-Studio-001.jpg\" data-orig-size=\"1200,1137\" data-comments-opened=\"1\" data-image-meta=\"{&quot;aperture&quot;:&quot;0&quot;,&quot;credit&quot;:&quot;&quot;,&quot;camera&quot;:&quot;&quot;,&quot;caption&quot;:&quot;&quot;,&quot;created_timestamp&quot;:&quot;0&quot;,&quot;copyright&quot;:&quot;&quot;,&quot;focal_length&quot;:&quot;0&quot;,&quot;iso&quot;:&quot;0&quot;,&quot;shutter_speed&quot;:&quot;0&quot;,&quot;title&quot;:&quot;&quot;,&quot;orientation&quot;:&quot;0&quot;}\" data-image-title=\"Casa Caldeira Felipe Pina arquitecture Photo credit Ivo Tavares Studio\" data-image-description=\"\" data-image-caption=\"\" data-medium-file=\"https:\/\/socialdesignmagazine.com\/mag\/wp-content\/uploads\/2023\/03\/Casa-Caldeira-Felipe-Pina-arquitecture-Photo-credit-Ivo-Tavares-Studio-001-438x283.jpg\" data-large-file=\"https:\/\/socialdesignmagazine.com\/mag\/wp-content\/uploads\/2023\/03\/Casa-Caldeira-Felipe-Pina-arquitecture-Photo-credit-Ivo-Tavares-Studio-001-1024x970.jpg\" data-id=\"49058\" src=\"https:\/\/socialdesignmagazine.com\/mag\/wp-content\/uploads\/2023\/03\/Casa-Caldeira-Felipe-Pina-arquitecture-Photo-credit-Ivo-Tavares-Studio-001-1024x970.jpg\" alt=\"Casa Caldeira Felipe Pina arquitecture Photo credit Ivo Tavares Studio\" class=\"wp-image-49058\" srcset=\"https:\/\/socialdesignmagazine.com\/mag\/wp-content\/uploads\/2023\/03\/Casa-Caldeira-Felipe-Pina-arquitecture-Photo-credit-Ivo-Tavares-Studio-001-1024x970.jpg 1024w, https:\/\/socialdesignmagazine.com\/mag\/wp-content\/uploads\/2023\/03\/Casa-Caldeira-Felipe-Pina-arquitecture-Photo-credit-Ivo-Tavares-Studio-001-768x728.jpg 768w, https:\/\/socialdesignmagazine.com\/mag\/wp-content\/uploads\/2023\/03\/Casa-Caldeira-Felipe-Pina-arquitecture-Photo-credit-Ivo-Tavares-Studio-001.jpg 1200w\" sizes=\"auto, (max-width: 1024px) 100vw, 1024px\" \/><\/figure>\n\n\n\n<figure class=\"wp-block-image size-large\"><img loading=\"lazy\" decoding=\"async\" width=\"1024\" height=\"683\" data-attachment-id=\"49069\" data-permalink=\"https:\/\/socialdesignmagazine.com\/mag\/architettura\/casa-caldeira-la-rinascita-di-unantica-dimora-nel-cuore-della-citta-storica-casa-caldeira-felipe-pina-arquitectura\/attachment\/casa-caldeira-felipe-pina-arquitecture-photo-credit-ivo-tavares-studio-002\/#content\" data-orig-file=\"https:\/\/socialdesignmagazine.com\/mag\/wp-content\/uploads\/2023\/03\/Casa-Caldeira-Felipe-Pina-arquitecture-Photo-credit-Ivo-Tavares-Studio-002.jpg\" data-orig-size=\"1200,800\" data-comments-opened=\"1\" data-image-meta=\"{&quot;aperture&quot;:&quot;0&quot;,&quot;credit&quot;:&quot;&quot;,&quot;camera&quot;:&quot;&quot;,&quot;caption&quot;:&quot;&quot;,&quot;created_timestamp&quot;:&quot;0&quot;,&quot;copyright&quot;:&quot;&quot;,&quot;focal_length&quot;:&quot;0&quot;,&quot;iso&quot;:&quot;0&quot;,&quot;shutter_speed&quot;:&quot;0&quot;,&quot;title&quot;:&quot;&quot;,&quot;orientation&quot;:&quot;0&quot;}\" data-image-title=\"Casa Caldeira Felipe Pina arquitecture Photo credit Ivo Tavares Studio\" data-image-description=\"\" data-image-caption=\"\" data-medium-file=\"https:\/\/socialdesignmagazine.com\/mag\/wp-content\/uploads\/2023\/03\/Casa-Caldeira-Felipe-Pina-arquitecture-Photo-credit-Ivo-Tavares-Studio-002-438x283.jpg\" data-large-file=\"https:\/\/socialdesignmagazine.com\/mag\/wp-content\/uploads\/2023\/03\/Casa-Caldeira-Felipe-Pina-arquitecture-Photo-credit-Ivo-Tavares-Studio-002-1024x683.jpg\" data-id=\"49069\" src=\"https:\/\/socialdesignmagazine.com\/mag\/wp-content\/uploads\/2023\/03\/Casa-Caldeira-Felipe-Pina-arquitecture-Photo-credit-Ivo-Tavares-Studio-002-1024x683.jpg\" alt=\"Casa Caldeira Felipe Pina arquitecture Photo credit Ivo Tavares Studio\" class=\"wp-image-49069\" srcset=\"https:\/\/socialdesignmagazine.com\/mag\/wp-content\/uploads\/2023\/03\/Casa-Caldeira-Felipe-Pina-arquitecture-Photo-credit-Ivo-Tavares-Studio-002-1024x683.jpg 1024w, https:\/\/socialdesignmagazine.com\/mag\/wp-content\/uploads\/2023\/03\/Casa-Caldeira-Felipe-Pina-arquitecture-Photo-credit-Ivo-Tavares-Studio-002-100x66.jpg 100w, https:\/\/socialdesignmagazine.com\/mag\/wp-content\/uploads\/2023\/03\/Casa-Caldeira-Felipe-Pina-arquitecture-Photo-credit-Ivo-Tavares-Studio-002-768x512.jpg 768w, https:\/\/socialdesignmagazine.com\/mag\/wp-content\/uploads\/2023\/03\/Casa-Caldeira-Felipe-Pina-arquitecture-Photo-credit-Ivo-Tavares-Studio-002.jpg 1200w\" sizes=\"auto, (max-width: 1024px) 100vw, 1024px\" \/><\/figure>\n\n\n\n<figure class=\"wp-block-image size-large\"><img loading=\"lazy\" decoding=\"async\" width=\"1024\" height=\"1535\" data-attachment-id=\"49080\" data-permalink=\"https:\/\/socialdesignmagazine.com\/mag\/architettura\/casa-caldeira-la-rinascita-di-unantica-dimora-nel-cuore-della-citta-storica-casa-caldeira-felipe-pina-arquitectura\/attachment\/casa-caldeira-felipe-pina-arquitecture-photo-credit-ivo-tavares-studio-003\/#content\" data-orig-file=\"https:\/\/socialdesignmagazine.com\/mag\/wp-content\/uploads\/2023\/03\/Casa-Caldeira-Felipe-Pina-arquitecture-Photo-credit-Ivo-Tavares-Studio-003.jpg\" data-orig-size=\"1200,1799\" data-comments-opened=\"1\" data-image-meta=\"{&quot;aperture&quot;:&quot;0&quot;,&quot;credit&quot;:&quot;&quot;,&quot;camera&quot;:&quot;&quot;,&quot;caption&quot;:&quot;&quot;,&quot;created_timestamp&quot;:&quot;0&quot;,&quot;copyright&quot;:&quot;&quot;,&quot;focal_length&quot;:&quot;0&quot;,&quot;iso&quot;:&quot;0&quot;,&quot;shutter_speed&quot;:&quot;0&quot;,&quot;title&quot;:&quot;&quot;,&quot;orientation&quot;:&quot;0&quot;}\" data-image-title=\"Casa Caldeira Felipe Pina arquitecture Photo credit Ivo Tavares Studio\" data-image-description=\"\" data-image-caption=\"\" data-medium-file=\"https:\/\/socialdesignmagazine.com\/mag\/wp-content\/uploads\/2023\/03\/Casa-Caldeira-Felipe-Pina-arquitecture-Photo-credit-Ivo-Tavares-Studio-003-438x283.jpg\" data-large-file=\"https:\/\/socialdesignmagazine.com\/mag\/wp-content\/uploads\/2023\/03\/Casa-Caldeira-Felipe-Pina-arquitecture-Photo-credit-Ivo-Tavares-Studio-003-1024x1535.jpg\" data-id=\"49080\" src=\"https:\/\/socialdesignmagazine.com\/mag\/wp-content\/uploads\/2023\/03\/Casa-Caldeira-Felipe-Pina-arquitecture-Photo-credit-Ivo-Tavares-Studio-003-1024x1535.jpg\" alt=\"Casa Caldeira Felipe Pina arquitecture Photo credit Ivo Tavares Studio\" class=\"wp-image-49080\" srcset=\"https:\/\/socialdesignmagazine.com\/mag\/wp-content\/uploads\/2023\/03\/Casa-Caldeira-Felipe-Pina-arquitecture-Photo-credit-Ivo-Tavares-Studio-003-1024x1535.jpg 1024w, https:\/\/socialdesignmagazine.com\/mag\/wp-content\/uploads\/2023\/03\/Casa-Caldeira-Felipe-Pina-arquitecture-Photo-credit-Ivo-Tavares-Studio-003-768x1151.jpg 768w, https:\/\/socialdesignmagazine.com\/mag\/wp-content\/uploads\/2023\/03\/Casa-Caldeira-Felipe-Pina-arquitecture-Photo-credit-Ivo-Tavares-Studio-003-1025x1536.jpg 1025w, https:\/\/socialdesignmagazine.com\/mag\/wp-content\/uploads\/2023\/03\/Casa-Caldeira-Felipe-Pina-arquitecture-Photo-credit-Ivo-Tavares-Studio-003.jpg 1200w\" sizes=\"auto, (max-width: 1024px) 100vw, 1024px\" \/><\/figure>\n\n\n\n<figure class=\"wp-block-image size-large\"><img loading=\"lazy\" decoding=\"async\" width=\"1024\" height=\"1535\" data-attachment-id=\"49087\" data-permalink=\"https:\/\/socialdesignmagazine.com\/mag\/architettura\/casa-caldeira-la-rinascita-di-unantica-dimora-nel-cuore-della-citta-storica-casa-caldeira-felipe-pina-arquitectura\/attachment\/casa-caldeira-felipe-pina-arquitecture-photo-credit-ivo-tavares-studio-004\/#content\" data-orig-file=\"https:\/\/socialdesignmagazine.com\/mag\/wp-content\/uploads\/2023\/03\/Casa-Caldeira-Felipe-Pina-arquitecture-Photo-credit-Ivo-Tavares-Studio-004.jpg\" data-orig-size=\"1200,1799\" data-comments-opened=\"1\" data-image-meta=\"{&quot;aperture&quot;:&quot;0&quot;,&quot;credit&quot;:&quot;&quot;,&quot;camera&quot;:&quot;&quot;,&quot;caption&quot;:&quot;&quot;,&quot;created_timestamp&quot;:&quot;0&quot;,&quot;copyright&quot;:&quot;&quot;,&quot;focal_length&quot;:&quot;0&quot;,&quot;iso&quot;:&quot;0&quot;,&quot;shutter_speed&quot;:&quot;0&quot;,&quot;title&quot;:&quot;&quot;,&quot;orientation&quot;:&quot;0&quot;}\" data-image-title=\"Casa Caldeira Felipe Pina arquitecture Photo credit Ivo Tavares Studio\" data-image-description=\"\" data-image-caption=\"\" data-medium-file=\"https:\/\/socialdesignmagazine.com\/mag\/wp-content\/uploads\/2023\/03\/Casa-Caldeira-Felipe-Pina-arquitecture-Photo-credit-Ivo-Tavares-Studio-004-438x283.jpg\" data-large-file=\"https:\/\/socialdesignmagazine.com\/mag\/wp-content\/uploads\/2023\/03\/Casa-Caldeira-Felipe-Pina-arquitecture-Photo-credit-Ivo-Tavares-Studio-004-1024x1535.jpg\" data-id=\"49087\" src=\"https:\/\/socialdesignmagazine.com\/mag\/wp-content\/uploads\/2023\/03\/Casa-Caldeira-Felipe-Pina-arquitecture-Photo-credit-Ivo-Tavares-Studio-004-1024x1535.jpg\" alt=\"Casa Caldeira Felipe Pina arquitecture Photo credit Ivo Tavares Studio\" class=\"wp-image-49087\" srcset=\"https:\/\/socialdesignmagazine.com\/mag\/wp-content\/uploads\/2023\/03\/Casa-Caldeira-Felipe-Pina-arquitecture-Photo-credit-Ivo-Tavares-Studio-004-1024x1535.jpg 1024w, https:\/\/socialdesignmagazine.com\/mag\/wp-content\/uploads\/2023\/03\/Casa-Caldeira-Felipe-Pina-arquitecture-Photo-credit-Ivo-Tavares-Studio-004-768x1151.jpg 768w, https:\/\/socialdesignmagazine.com\/mag\/wp-content\/uploads\/2023\/03\/Casa-Caldeira-Felipe-Pina-arquitecture-Photo-credit-Ivo-Tavares-Studio-004-1025x1536.jpg 1025w, https:\/\/socialdesignmagazine.com\/mag\/wp-content\/uploads\/2023\/03\/Casa-Caldeira-Felipe-Pina-arquitecture-Photo-credit-Ivo-Tavares-Studio-004.jpg 1200w\" sizes=\"auto, (max-width: 1024px) 100vw, 1024px\" \/><\/figure>\n\n\n\n<figure class=\"wp-block-image size-large\"><img loading=\"lazy\" decoding=\"async\" width=\"1024\" height=\"683\" data-attachment-id=\"49084\" data-permalink=\"https:\/\/socialdesignmagazine.com\/mag\/architettura\/casa-caldeira-la-rinascita-di-unantica-dimora-nel-cuore-della-citta-storica-casa-caldeira-felipe-pina-arquitectura\/attachment\/casa-caldeira-felipe-pina-arquitecture-photo-credit-ivo-tavares-studio-005\/#content\" data-orig-file=\"https:\/\/socialdesignmagazine.com\/mag\/wp-content\/uploads\/2023\/03\/Casa-Caldeira-Felipe-Pina-arquitecture-Photo-credit-Ivo-Tavares-Studio-005.jpg\" data-orig-size=\"1200,800\" data-comments-opened=\"1\" data-image-meta=\"{&quot;aperture&quot;:&quot;0&quot;,&quot;credit&quot;:&quot;&quot;,&quot;camera&quot;:&quot;&quot;,&quot;caption&quot;:&quot;&quot;,&quot;created_timestamp&quot;:&quot;0&quot;,&quot;copyright&quot;:&quot;&quot;,&quot;focal_length&quot;:&quot;0&quot;,&quot;iso&quot;:&quot;0&quot;,&quot;shutter_speed&quot;:&quot;0&quot;,&quot;title&quot;:&quot;&quot;,&quot;orientation&quot;:&quot;0&quot;}\" data-image-title=\"Casa Caldeira Felipe Pina arquitecture Photo credit Ivo Tavares Studio\" data-image-description=\"\" data-image-caption=\"\" data-medium-file=\"https:\/\/socialdesignmagazine.com\/mag\/wp-content\/uploads\/2023\/03\/Casa-Caldeira-Felipe-Pina-arquitecture-Photo-credit-Ivo-Tavares-Studio-005-438x283.jpg\" data-large-file=\"https:\/\/socialdesignmagazine.com\/mag\/wp-content\/uploads\/2023\/03\/Casa-Caldeira-Felipe-Pina-arquitecture-Photo-credit-Ivo-Tavares-Studio-005-1024x683.jpg\" data-id=\"49084\" src=\"https:\/\/socialdesignmagazine.com\/mag\/wp-content\/uploads\/2023\/03\/Casa-Caldeira-Felipe-Pina-arquitecture-Photo-credit-Ivo-Tavares-Studio-005-1024x683.jpg\" alt=\"Casa Caldeira Felipe Pina arquitecture Photo credit Ivo Tavares Studio\" class=\"wp-image-49084\" srcset=\"https:\/\/socialdesignmagazine.com\/mag\/wp-content\/uploads\/2023\/03\/Casa-Caldeira-Felipe-Pina-arquitecture-Photo-credit-Ivo-Tavares-Studio-005-1024x683.jpg 1024w, https:\/\/socialdesignmagazine.com\/mag\/wp-content\/uploads\/2023\/03\/Casa-Caldeira-Felipe-Pina-arquitecture-Photo-credit-Ivo-Tavares-Studio-005-100x66.jpg 100w, https:\/\/socialdesignmagazine.com\/mag\/wp-content\/uploads\/2023\/03\/Casa-Caldeira-Felipe-Pina-arquitecture-Photo-credit-Ivo-Tavares-Studio-005-768x512.jpg 768w, https:\/\/socialdesignmagazine.com\/mag\/wp-content\/uploads\/2023\/03\/Casa-Caldeira-Felipe-Pina-arquitecture-Photo-credit-Ivo-Tavares-Studio-005.jpg 1200w\" sizes=\"auto, (max-width: 1024px) 100vw, 1024px\" \/><\/figure>\n\n\n\n<figure class=\"wp-block-image size-large\"><img loading=\"lazy\" decoding=\"async\" width=\"1024\" height=\"1535\" data-attachment-id=\"49079\" data-permalink=\"https:\/\/socialdesignmagazine.com\/mag\/architettura\/casa-caldeira-la-rinascita-di-unantica-dimora-nel-cuore-della-citta-storica-casa-caldeira-felipe-pina-arquitectura\/attachment\/casa-caldeira-felipe-pina-arquitecture-photo-credit-ivo-tavares-studio-006\/#content\" data-orig-file=\"https:\/\/socialdesignmagazine.com\/mag\/wp-content\/uploads\/2023\/03\/Casa-Caldeira-Felipe-Pina-arquitecture-Photo-credit-Ivo-Tavares-Studio-006.jpg\" data-orig-size=\"1200,1799\" data-comments-opened=\"1\" data-image-meta=\"{&quot;aperture&quot;:&quot;0&quot;,&quot;credit&quot;:&quot;&quot;,&quot;camera&quot;:&quot;&quot;,&quot;caption&quot;:&quot;&quot;,&quot;created_timestamp&quot;:&quot;0&quot;,&quot;copyright&quot;:&quot;&quot;,&quot;focal_length&quot;:&quot;0&quot;,&quot;iso&quot;:&quot;0&quot;,&quot;shutter_speed&quot;:&quot;0&quot;,&quot;title&quot;:&quot;&quot;,&quot;orientation&quot;:&quot;0&quot;}\" data-image-title=\"Casa Caldeira Felipe Pina arquitecture Photo credit Ivo Tavares Studio\" data-image-description=\"\" data-image-caption=\"\" data-medium-file=\"https:\/\/socialdesignmagazine.com\/mag\/wp-content\/uploads\/2023\/03\/Casa-Caldeira-Felipe-Pina-arquitecture-Photo-credit-Ivo-Tavares-Studio-006-438x283.jpg\" data-large-file=\"https:\/\/socialdesignmagazine.com\/mag\/wp-content\/uploads\/2023\/03\/Casa-Caldeira-Felipe-Pina-arquitecture-Photo-credit-Ivo-Tavares-Studio-006-1024x1535.jpg\" data-id=\"49079\" src=\"https:\/\/socialdesignmagazine.com\/mag\/wp-content\/uploads\/2023\/03\/Casa-Caldeira-Felipe-Pina-arquitecture-Photo-credit-Ivo-Tavares-Studio-006-1024x1535.jpg\" alt=\"Casa Caldeira Felipe Pina arquitecture Photo credit Ivo Tavares Studio\" class=\"wp-image-49079\" srcset=\"https:\/\/socialdesignmagazine.com\/mag\/wp-content\/uploads\/2023\/03\/Casa-Caldeira-Felipe-Pina-arquitecture-Photo-credit-Ivo-Tavares-Studio-006-1024x1535.jpg 1024w, https:\/\/socialdesignmagazine.com\/mag\/wp-content\/uploads\/2023\/03\/Casa-Caldeira-Felipe-Pina-arquitecture-Photo-credit-Ivo-Tavares-Studio-006-768x1151.jpg 768w, https:\/\/socialdesignmagazine.com\/mag\/wp-content\/uploads\/2023\/03\/Casa-Caldeira-Felipe-Pina-arquitecture-Photo-credit-Ivo-Tavares-Studio-006-1025x1536.jpg 1025w, https:\/\/socialdesignmagazine.com\/mag\/wp-content\/uploads\/2023\/03\/Casa-Caldeira-Felipe-Pina-arquitecture-Photo-credit-Ivo-Tavares-Studio-006.jpg 1200w\" sizes=\"auto, (max-width: 1024px) 100vw, 1024px\" \/><\/figure>\n\n\n\n<figure class=\"wp-block-image size-large\"><img loading=\"lazy\" decoding=\"async\" width=\"1024\" height=\"1535\" data-attachment-id=\"49082\" data-permalink=\"https:\/\/socialdesignmagazine.com\/mag\/architettura\/casa-caldeira-la-rinascita-di-unantica-dimora-nel-cuore-della-citta-storica-casa-caldeira-felipe-pina-arquitectura\/attachment\/casa-caldeira-felipe-pina-arquitecture-photo-credit-ivo-tavares-studio-007\/#content\" data-orig-file=\"https:\/\/socialdesignmagazine.com\/mag\/wp-content\/uploads\/2023\/03\/Casa-Caldeira-Felipe-Pina-arquitecture-Photo-credit-Ivo-Tavares-Studio-007.jpg\" data-orig-size=\"1200,1799\" data-comments-opened=\"1\" data-image-meta=\"{&quot;aperture&quot;:&quot;0&quot;,&quot;credit&quot;:&quot;&quot;,&quot;camera&quot;:&quot;&quot;,&quot;caption&quot;:&quot;&quot;,&quot;created_timestamp&quot;:&quot;0&quot;,&quot;copyright&quot;:&quot;&quot;,&quot;focal_length&quot;:&quot;0&quot;,&quot;iso&quot;:&quot;0&quot;,&quot;shutter_speed&quot;:&quot;0&quot;,&quot;title&quot;:&quot;&quot;,&quot;orientation&quot;:&quot;0&quot;}\" data-image-title=\"Casa Caldeira Felipe Pina arquitecture Photo credit Ivo Tavares Studio\" data-image-description=\"\" data-image-caption=\"\" data-medium-file=\"https:\/\/socialdesignmagazine.com\/mag\/wp-content\/uploads\/2023\/03\/Casa-Caldeira-Felipe-Pina-arquitecture-Photo-credit-Ivo-Tavares-Studio-007-438x283.jpg\" data-large-file=\"https:\/\/socialdesignmagazine.com\/mag\/wp-content\/uploads\/2023\/03\/Casa-Caldeira-Felipe-Pina-arquitecture-Photo-credit-Ivo-Tavares-Studio-007-1024x1535.jpg\" data-id=\"49082\" src=\"https:\/\/socialdesignmagazine.com\/mag\/wp-content\/uploads\/2023\/03\/Casa-Caldeira-Felipe-Pina-arquitecture-Photo-credit-Ivo-Tavares-Studio-007-1024x1535.jpg\" alt=\"Casa Caldeira Felipe Pina arquitecture Photo credit Ivo Tavares Studio\" class=\"wp-image-49082\" srcset=\"https:\/\/socialdesignmagazine.com\/mag\/wp-content\/uploads\/2023\/03\/Casa-Caldeira-Felipe-Pina-arquitecture-Photo-credit-Ivo-Tavares-Studio-007-1024x1535.jpg 1024w, https:\/\/socialdesignmagazine.com\/mag\/wp-content\/uploads\/2023\/03\/Casa-Caldeira-Felipe-Pina-arquitecture-Photo-credit-Ivo-Tavares-Studio-007-768x1151.jpg 768w, https:\/\/socialdesignmagazine.com\/mag\/wp-content\/uploads\/2023\/03\/Casa-Caldeira-Felipe-Pina-arquitecture-Photo-credit-Ivo-Tavares-Studio-007-1025x1536.jpg 1025w, https:\/\/socialdesignmagazine.com\/mag\/wp-content\/uploads\/2023\/03\/Casa-Caldeira-Felipe-Pina-arquitecture-Photo-credit-Ivo-Tavares-Studio-007.jpg 1200w\" sizes=\"auto, (max-width: 1024px) 100vw, 1024px\" \/><\/figure>\n\n\n\n<figure class=\"wp-block-image size-large\"><img loading=\"lazy\" decoding=\"async\" width=\"1024\" height=\"1024\" data-attachment-id=\"49083\" data-permalink=\"https:\/\/socialdesignmagazine.com\/mag\/architettura\/casa-caldeira-la-rinascita-di-unantica-dimora-nel-cuore-della-citta-storica-casa-caldeira-felipe-pina-arquitectura\/attachment\/casa-caldeira-felipe-pina-arquitecture-photo-credit-ivo-tavares-studio-008\/#content\" data-orig-file=\"https:\/\/socialdesignmagazine.com\/mag\/wp-content\/uploads\/2023\/03\/Casa-Caldeira-Felipe-Pina-arquitecture-Photo-credit-Ivo-Tavares-Studio-008.jpg\" data-orig-size=\"1200,1200\" data-comments-opened=\"1\" data-image-meta=\"{&quot;aperture&quot;:&quot;0&quot;,&quot;credit&quot;:&quot;&quot;,&quot;camera&quot;:&quot;&quot;,&quot;caption&quot;:&quot;&quot;,&quot;created_timestamp&quot;:&quot;0&quot;,&quot;copyright&quot;:&quot;&quot;,&quot;focal_length&quot;:&quot;0&quot;,&quot;iso&quot;:&quot;0&quot;,&quot;shutter_speed&quot;:&quot;0&quot;,&quot;title&quot;:&quot;&quot;,&quot;orientation&quot;:&quot;0&quot;}\" data-image-title=\"Casa Caldeira Felipe Pina arquitecture Photo credit Ivo Tavares Studio\" data-image-description=\"\" data-image-caption=\"\" data-medium-file=\"https:\/\/socialdesignmagazine.com\/mag\/wp-content\/uploads\/2023\/03\/Casa-Caldeira-Felipe-Pina-arquitecture-Photo-credit-Ivo-Tavares-Studio-008-438x283.jpg\" data-large-file=\"https:\/\/socialdesignmagazine.com\/mag\/wp-content\/uploads\/2023\/03\/Casa-Caldeira-Felipe-Pina-arquitecture-Photo-credit-Ivo-Tavares-Studio-008-1024x1024.jpg\" data-id=\"49083\" src=\"https:\/\/socialdesignmagazine.com\/mag\/wp-content\/uploads\/2023\/03\/Casa-Caldeira-Felipe-Pina-arquitecture-Photo-credit-Ivo-Tavares-Studio-008-1024x1024.jpg\" alt=\"Casa Caldeira Felipe Pina arquitecture Photo credit Ivo Tavares Studio\" class=\"wp-image-49083\" srcset=\"https:\/\/socialdesignmagazine.com\/mag\/wp-content\/uploads\/2023\/03\/Casa-Caldeira-Felipe-Pina-arquitecture-Photo-credit-Ivo-Tavares-Studio-008-1024x1024.jpg 1024w, https:\/\/socialdesignmagazine.com\/mag\/wp-content\/uploads\/2023\/03\/Casa-Caldeira-Felipe-Pina-arquitecture-Photo-credit-Ivo-Tavares-Studio-008-768x768.jpg 768w, https:\/\/socialdesignmagazine.com\/mag\/wp-content\/uploads\/2023\/03\/Casa-Caldeira-Felipe-Pina-arquitecture-Photo-credit-Ivo-Tavares-Studio-008.jpg 1200w\" sizes=\"auto, (max-width: 1024px) 100vw, 1024px\" \/><\/figure>\n\n\n\n<figure class=\"wp-block-image size-large\"><img loading=\"lazy\" decoding=\"async\" width=\"1024\" height=\"683\" data-attachment-id=\"49085\" data-permalink=\"https:\/\/socialdesignmagazine.com\/mag\/architettura\/casa-caldeira-la-rinascita-di-unantica-dimora-nel-cuore-della-citta-storica-casa-caldeira-felipe-pina-arquitectura\/attachment\/casa-caldeira-felipe-pina-arquitecture-photo-credit-ivo-tavares-studio-009\/#content\" data-orig-file=\"https:\/\/socialdesignmagazine.com\/mag\/wp-content\/uploads\/2023\/03\/Casa-Caldeira-Felipe-Pina-arquitecture-Photo-credit-Ivo-Tavares-Studio-009.jpg\" data-orig-size=\"1200,800\" data-comments-opened=\"1\" data-image-meta=\"{&quot;aperture&quot;:&quot;0&quot;,&quot;credit&quot;:&quot;&quot;,&quot;camera&quot;:&quot;&quot;,&quot;caption&quot;:&quot;&quot;,&quot;created_timestamp&quot;:&quot;0&quot;,&quot;copyright&quot;:&quot;&quot;,&quot;focal_length&quot;:&quot;0&quot;,&quot;iso&quot;:&quot;0&quot;,&quot;shutter_speed&quot;:&quot;0&quot;,&quot;title&quot;:&quot;&quot;,&quot;orientation&quot;:&quot;0&quot;}\" data-image-title=\"Casa Caldeira Felipe Pina arquitecture Photo credit Ivo Tavares Studio\" data-image-description=\"\" data-image-caption=\"\" data-medium-file=\"https:\/\/socialdesignmagazine.com\/mag\/wp-content\/uploads\/2023\/03\/Casa-Caldeira-Felipe-Pina-arquitecture-Photo-credit-Ivo-Tavares-Studio-009-438x283.jpg\" data-large-file=\"https:\/\/socialdesignmagazine.com\/mag\/wp-content\/uploads\/2023\/03\/Casa-Caldeira-Felipe-Pina-arquitecture-Photo-credit-Ivo-Tavares-Studio-009-1024x683.jpg\" data-id=\"49085\" src=\"https:\/\/socialdesignmagazine.com\/mag\/wp-content\/uploads\/2023\/03\/Casa-Caldeira-Felipe-Pina-arquitecture-Photo-credit-Ivo-Tavares-Studio-009-1024x683.jpg\" alt=\"Casa Caldeira Felipe Pina arquitecture Photo credit Ivo Tavares Studio\" class=\"wp-image-49085\" srcset=\"https:\/\/socialdesignmagazine.com\/mag\/wp-content\/uploads\/2023\/03\/Casa-Caldeira-Felipe-Pina-arquitecture-Photo-credit-Ivo-Tavares-Studio-009-1024x683.jpg 1024w, https:\/\/socialdesignmagazine.com\/mag\/wp-content\/uploads\/2023\/03\/Casa-Caldeira-Felipe-Pina-arquitecture-Photo-credit-Ivo-Tavares-Studio-009-100x66.jpg 100w, https:\/\/socialdesignmagazine.com\/mag\/wp-content\/uploads\/2023\/03\/Casa-Caldeira-Felipe-Pina-arquitecture-Photo-credit-Ivo-Tavares-Studio-009-768x512.jpg 768w, https:\/\/socialdesignmagazine.com\/mag\/wp-content\/uploads\/2023\/03\/Casa-Caldeira-Felipe-Pina-arquitecture-Photo-credit-Ivo-Tavares-Studio-009.jpg 1200w\" sizes=\"auto, (max-width: 1024px) 100vw, 1024px\" \/><\/figure>\n\n\n\n<figure class=\"wp-block-image size-large\"><img loading=\"lazy\" decoding=\"async\" width=\"1024\" height=\"1535\" data-attachment-id=\"49086\" data-permalink=\"https:\/\/socialdesignmagazine.com\/mag\/architettura\/casa-caldeira-la-rinascita-di-unantica-dimora-nel-cuore-della-citta-storica-casa-caldeira-felipe-pina-arquitectura\/attachment\/casa-caldeira-felipe-pina-arquitecture-photo-credit-ivo-tavares-studio-010\/#content\" data-orig-file=\"https:\/\/socialdesignmagazine.com\/mag\/wp-content\/uploads\/2023\/03\/Casa-Caldeira-Felipe-Pina-arquitecture-Photo-credit-Ivo-Tavares-Studio-010.jpg\" data-orig-size=\"1200,1799\" data-comments-opened=\"1\" data-image-meta=\"{&quot;aperture&quot;:&quot;0&quot;,&quot;credit&quot;:&quot;&quot;,&quot;camera&quot;:&quot;&quot;,&quot;caption&quot;:&quot;&quot;,&quot;created_timestamp&quot;:&quot;0&quot;,&quot;copyright&quot;:&quot;&quot;,&quot;focal_length&quot;:&quot;0&quot;,&quot;iso&quot;:&quot;0&quot;,&quot;shutter_speed&quot;:&quot;0&quot;,&quot;title&quot;:&quot;&quot;,&quot;orientation&quot;:&quot;0&quot;}\" data-image-title=\"Casa Caldeira Felipe Pina arquitecture Photo credit Ivo Tavares Studio\" data-image-description=\"\" data-image-caption=\"\" data-medium-file=\"https:\/\/socialdesignmagazine.com\/mag\/wp-content\/uploads\/2023\/03\/Casa-Caldeira-Felipe-Pina-arquitecture-Photo-credit-Ivo-Tavares-Studio-010-438x283.jpg\" data-large-file=\"https:\/\/socialdesignmagazine.com\/mag\/wp-content\/uploads\/2023\/03\/Casa-Caldeira-Felipe-Pina-arquitecture-Photo-credit-Ivo-Tavares-Studio-010-1024x1535.jpg\" data-id=\"49086\" src=\"https:\/\/socialdesignmagazine.com\/mag\/wp-content\/uploads\/2023\/03\/Casa-Caldeira-Felipe-Pina-arquitecture-Photo-credit-Ivo-Tavares-Studio-010-1024x1535.jpg\" alt=\"Casa Caldeira Felipe Pina arquitecture Photo credit Ivo Tavares Studio\" class=\"wp-image-49086\" srcset=\"https:\/\/socialdesignmagazine.com\/mag\/wp-content\/uploads\/2023\/03\/Casa-Caldeira-Felipe-Pina-arquitecture-Photo-credit-Ivo-Tavares-Studio-010-1024x1535.jpg 1024w, https:\/\/socialdesignmagazine.com\/mag\/wp-content\/uploads\/2023\/03\/Casa-Caldeira-Felipe-Pina-arquitecture-Photo-credit-Ivo-Tavares-Studio-010-768x1151.jpg 768w, https:\/\/socialdesignmagazine.com\/mag\/wp-content\/uploads\/2023\/03\/Casa-Caldeira-Felipe-Pina-arquitecture-Photo-credit-Ivo-Tavares-Studio-010-1025x1536.jpg 1025w, https:\/\/socialdesignmagazine.com\/mag\/wp-content\/uploads\/2023\/03\/Casa-Caldeira-Felipe-Pina-arquitecture-Photo-credit-Ivo-Tavares-Studio-010.jpg 1200w\" sizes=\"auto, (max-width: 1024px) 100vw, 1024px\" \/><\/figure>\n\n\n\n<figure class=\"wp-block-image size-large\"><img loading=\"lazy\" decoding=\"async\" width=\"1024\" height=\"1535\" data-attachment-id=\"49081\" data-permalink=\"https:\/\/socialdesignmagazine.com\/mag\/architettura\/casa-caldeira-la-rinascita-di-unantica-dimora-nel-cuore-della-citta-storica-casa-caldeira-felipe-pina-arquitectura\/attachment\/casa-caldeira-felipe-pina-arquitecture-photo-credit-ivo-tavares-studio-011\/#content\" data-orig-file=\"https:\/\/socialdesignmagazine.com\/mag\/wp-content\/uploads\/2023\/03\/Casa-Caldeira-Felipe-Pina-arquitecture-Photo-credit-Ivo-Tavares-Studio-011.jpg\" data-orig-size=\"1200,1799\" data-comments-opened=\"1\" data-image-meta=\"{&quot;aperture&quot;:&quot;0&quot;,&quot;credit&quot;:&quot;&quot;,&quot;camera&quot;:&quot;&quot;,&quot;caption&quot;:&quot;&quot;,&quot;created_timestamp&quot;:&quot;0&quot;,&quot;copyright&quot;:&quot;&quot;,&quot;focal_length&quot;:&quot;0&quot;,&quot;iso&quot;:&quot;0&quot;,&quot;shutter_speed&quot;:&quot;0&quot;,&quot;title&quot;:&quot;&quot;,&quot;orientation&quot;:&quot;0&quot;}\" data-image-title=\"Casa Caldeira Felipe Pina arquitecture Photo credit Ivo Tavares Studio\" data-image-description=\"\" data-image-caption=\"\" data-medium-file=\"https:\/\/socialdesignmagazine.com\/mag\/wp-content\/uploads\/2023\/03\/Casa-Caldeira-Felipe-Pina-arquitecture-Photo-credit-Ivo-Tavares-Studio-011-438x283.jpg\" data-large-file=\"https:\/\/socialdesignmagazine.com\/mag\/wp-content\/uploads\/2023\/03\/Casa-Caldeira-Felipe-Pina-arquitecture-Photo-credit-Ivo-Tavares-Studio-011-1024x1535.jpg\" data-id=\"49081\" src=\"https:\/\/socialdesignmagazine.com\/mag\/wp-content\/uploads\/2023\/03\/Casa-Caldeira-Felipe-Pina-arquitecture-Photo-credit-Ivo-Tavares-Studio-011-1024x1535.jpg\" alt=\"Casa Caldeira Felipe Pina arquitecture Photo credit Ivo Tavares Studio\" class=\"wp-image-49081\" srcset=\"https:\/\/socialdesignmagazine.com\/mag\/wp-content\/uploads\/2023\/03\/Casa-Caldeira-Felipe-Pina-arquitecture-Photo-credit-Ivo-Tavares-Studio-011-1024x1535.jpg 1024w, https:\/\/socialdesignmagazine.com\/mag\/wp-content\/uploads\/2023\/03\/Casa-Caldeira-Felipe-Pina-arquitecture-Photo-credit-Ivo-Tavares-Studio-011-768x1151.jpg 768w, https:\/\/socialdesignmagazine.com\/mag\/wp-content\/uploads\/2023\/03\/Casa-Caldeira-Felipe-Pina-arquitecture-Photo-credit-Ivo-Tavares-Studio-011-1025x1536.jpg 1025w, https:\/\/socialdesignmagazine.com\/mag\/wp-content\/uploads\/2023\/03\/Casa-Caldeira-Felipe-Pina-arquitecture-Photo-credit-Ivo-Tavares-Studio-011.jpg 1200w\" sizes=\"auto, (max-width: 1024px) 100vw, 1024px\" \/><\/figure>\n\n\n\n<figure class=\"wp-block-image size-large\"><img loading=\"lazy\" decoding=\"async\" width=\"1024\" height=\"683\" data-attachment-id=\"49054\" data-permalink=\"https:\/\/socialdesignmagazine.com\/mag\/architettura\/casa-caldeira-la-rinascita-di-unantica-dimora-nel-cuore-della-citta-storica-casa-caldeira-felipe-pina-arquitectura\/attachment\/casa-caldeira-felipe-pina-arquitecture-photo-credit-ivo-tavares-studio-012\/#content\" data-orig-file=\"https:\/\/socialdesignmagazine.com\/mag\/wp-content\/uploads\/2023\/03\/Casa-Caldeira-Felipe-Pina-arquitecture-Photo-credit-Ivo-Tavares-Studio-012.jpg\" data-orig-size=\"1200,800\" data-comments-opened=\"1\" data-image-meta=\"{&quot;aperture&quot;:&quot;0&quot;,&quot;credit&quot;:&quot;&quot;,&quot;camera&quot;:&quot;&quot;,&quot;caption&quot;:&quot;&quot;,&quot;created_timestamp&quot;:&quot;0&quot;,&quot;copyright&quot;:&quot;&quot;,&quot;focal_length&quot;:&quot;0&quot;,&quot;iso&quot;:&quot;0&quot;,&quot;shutter_speed&quot;:&quot;0&quot;,&quot;title&quot;:&quot;&quot;,&quot;orientation&quot;:&quot;0&quot;}\" data-image-title=\"Casa Caldeira Felipe Pina arquitecture Photo credit Ivo Tavares Studio\" data-image-description=\"\" data-image-caption=\"\" data-medium-file=\"https:\/\/socialdesignmagazine.com\/mag\/wp-content\/uploads\/2023\/03\/Casa-Caldeira-Felipe-Pina-arquitecture-Photo-credit-Ivo-Tavares-Studio-012-438x283.jpg\" data-large-file=\"https:\/\/socialdesignmagazine.com\/mag\/wp-content\/uploads\/2023\/03\/Casa-Caldeira-Felipe-Pina-arquitecture-Photo-credit-Ivo-Tavares-Studio-012-1024x683.jpg\" data-id=\"49054\" src=\"https:\/\/socialdesignmagazine.com\/mag\/wp-content\/uploads\/2023\/03\/Casa-Caldeira-Felipe-Pina-arquitecture-Photo-credit-Ivo-Tavares-Studio-012-1024x683.jpg\" alt=\"Casa Caldeira Felipe Pina arquitecture Photo credit Ivo Tavares Studio\" class=\"wp-image-49054\" srcset=\"https:\/\/socialdesignmagazine.com\/mag\/wp-content\/uploads\/2023\/03\/Casa-Caldeira-Felipe-Pina-arquitecture-Photo-credit-Ivo-Tavares-Studio-012-1024x683.jpg 1024w, https:\/\/socialdesignmagazine.com\/mag\/wp-content\/uploads\/2023\/03\/Casa-Caldeira-Felipe-Pina-arquitecture-Photo-credit-Ivo-Tavares-Studio-012-100x66.jpg 100w, https:\/\/socialdesignmagazine.com\/mag\/wp-content\/uploads\/2023\/03\/Casa-Caldeira-Felipe-Pina-arquitecture-Photo-credit-Ivo-Tavares-Studio-012-768x512.jpg 768w, https:\/\/socialdesignmagazine.com\/mag\/wp-content\/uploads\/2023\/03\/Casa-Caldeira-Felipe-Pina-arquitecture-Photo-credit-Ivo-Tavares-Studio-012.jpg 1200w\" sizes=\"auto, (max-width: 1024px) 100vw, 1024px\" \/><\/figure>\n\n\n\n<figure class=\"wp-block-image size-large\"><img loading=\"lazy\" decoding=\"async\" width=\"1024\" height=\"1536\" data-attachment-id=\"49063\" data-permalink=\"https:\/\/socialdesignmagazine.com\/mag\/architettura\/casa-caldeira-la-rinascita-di-unantica-dimora-nel-cuore-della-citta-storica-casa-caldeira-felipe-pina-arquitectura\/attachment\/casa-caldeira-felipe-pina-arquitecture-photo-credit-ivo-tavares-studio-013\/#content\" data-orig-file=\"https:\/\/socialdesignmagazine.com\/mag\/wp-content\/uploads\/2023\/03\/Casa-Caldeira-Felipe-Pina-arquitecture-Photo-credit-Ivo-Tavares-Studio-013.jpg\" data-orig-size=\"1200,1800\" data-comments-opened=\"1\" data-image-meta=\"{&quot;aperture&quot;:&quot;0&quot;,&quot;credit&quot;:&quot;&quot;,&quot;camera&quot;:&quot;&quot;,&quot;caption&quot;:&quot;&quot;,&quot;created_timestamp&quot;:&quot;0&quot;,&quot;copyright&quot;:&quot;&quot;,&quot;focal_length&quot;:&quot;0&quot;,&quot;iso&quot;:&quot;0&quot;,&quot;shutter_speed&quot;:&quot;0&quot;,&quot;title&quot;:&quot;&quot;,&quot;orientation&quot;:&quot;0&quot;}\" data-image-title=\"Casa Caldeira Felipe Pina arquitecture Photo credit Ivo Tavares Studio\" data-image-description=\"\" data-image-caption=\"\" data-medium-file=\"https:\/\/socialdesignmagazine.com\/mag\/wp-content\/uploads\/2023\/03\/Casa-Caldeira-Felipe-Pina-arquitecture-Photo-credit-Ivo-Tavares-Studio-013-438x283.jpg\" data-large-file=\"https:\/\/socialdesignmagazine.com\/mag\/wp-content\/uploads\/2023\/03\/Casa-Caldeira-Felipe-Pina-arquitecture-Photo-credit-Ivo-Tavares-Studio-013-1024x1536.jpg\" data-id=\"49063\" src=\"https:\/\/socialdesignmagazine.com\/mag\/wp-content\/uploads\/2023\/03\/Casa-Caldeira-Felipe-Pina-arquitecture-Photo-credit-Ivo-Tavares-Studio-013-1024x1536.jpg\" alt=\"Casa Caldeira Felipe Pina arquitecture Photo credit Ivo Tavares Studio\" class=\"wp-image-49063\" srcset=\"https:\/\/socialdesignmagazine.com\/mag\/wp-content\/uploads\/2023\/03\/Casa-Caldeira-Felipe-Pina-arquitecture-Photo-credit-Ivo-Tavares-Studio-013-1024x1536.jpg 1024w, https:\/\/socialdesignmagazine.com\/mag\/wp-content\/uploads\/2023\/03\/Casa-Caldeira-Felipe-Pina-arquitecture-Photo-credit-Ivo-Tavares-Studio-013-768x1152.jpg 768w, https:\/\/socialdesignmagazine.com\/mag\/wp-content\/uploads\/2023\/03\/Casa-Caldeira-Felipe-Pina-arquitecture-Photo-credit-Ivo-Tavares-Studio-013.jpg 1200w\" sizes=\"auto, (max-width: 1024px) 100vw, 1024px\" \/><\/figure>\n\n\n\n<figure class=\"wp-block-image size-large\"><img loading=\"lazy\" decoding=\"async\" width=\"1024\" height=\"1142\" data-attachment-id=\"49059\" data-permalink=\"https:\/\/socialdesignmagazine.com\/mag\/architettura\/casa-caldeira-la-rinascita-di-unantica-dimora-nel-cuore-della-citta-storica-casa-caldeira-felipe-pina-arquitectura\/attachment\/casa-caldeira-felipe-pina-arquitecture-photo-credit-ivo-tavares-studio-014\/#content\" data-orig-file=\"https:\/\/socialdesignmagazine.com\/mag\/wp-content\/uploads\/2023\/03\/Casa-Caldeira-Felipe-Pina-arquitecture-Photo-credit-Ivo-Tavares-Studio-014.jpg\" data-orig-size=\"1200,1338\" data-comments-opened=\"1\" data-image-meta=\"{&quot;aperture&quot;:&quot;0&quot;,&quot;credit&quot;:&quot;&quot;,&quot;camera&quot;:&quot;&quot;,&quot;caption&quot;:&quot;&quot;,&quot;created_timestamp&quot;:&quot;0&quot;,&quot;copyright&quot;:&quot;&quot;,&quot;focal_length&quot;:&quot;0&quot;,&quot;iso&quot;:&quot;0&quot;,&quot;shutter_speed&quot;:&quot;0&quot;,&quot;title&quot;:&quot;&quot;,&quot;orientation&quot;:&quot;0&quot;}\" data-image-title=\"Casa Caldeira Felipe Pina arquitecture Photo credit Ivo Tavares Studio\" data-image-description=\"\" data-image-caption=\"\" data-medium-file=\"https:\/\/socialdesignmagazine.com\/mag\/wp-content\/uploads\/2023\/03\/Casa-Caldeira-Felipe-Pina-arquitecture-Photo-credit-Ivo-Tavares-Studio-014-438x283.jpg\" data-large-file=\"https:\/\/socialdesignmagazine.com\/mag\/wp-content\/uploads\/2023\/03\/Casa-Caldeira-Felipe-Pina-arquitecture-Photo-credit-Ivo-Tavares-Studio-014-1024x1142.jpg\" data-id=\"49059\" src=\"https:\/\/socialdesignmagazine.com\/mag\/wp-content\/uploads\/2023\/03\/Casa-Caldeira-Felipe-Pina-arquitecture-Photo-credit-Ivo-Tavares-Studio-014-1024x1142.jpg\" alt=\"Casa Caldeira Felipe Pina arquitecture Photo credit Ivo Tavares Studio\" class=\"wp-image-49059\" srcset=\"https:\/\/socialdesignmagazine.com\/mag\/wp-content\/uploads\/2023\/03\/Casa-Caldeira-Felipe-Pina-arquitecture-Photo-credit-Ivo-Tavares-Studio-014-1024x1142.jpg 1024w, https:\/\/socialdesignmagazine.com\/mag\/wp-content\/uploads\/2023\/03\/Casa-Caldeira-Felipe-Pina-arquitecture-Photo-credit-Ivo-Tavares-Studio-014-768x856.jpg 768w, https:\/\/socialdesignmagazine.com\/mag\/wp-content\/uploads\/2023\/03\/Casa-Caldeira-Felipe-Pina-arquitecture-Photo-credit-Ivo-Tavares-Studio-014.jpg 1200w\" sizes=\"auto, (max-width: 1024px) 100vw, 1024px\" \/><\/figure>\n\n\n\n<figure class=\"wp-block-image size-large\"><img loading=\"lazy\" decoding=\"async\" width=\"1024\" height=\"865\" data-attachment-id=\"49060\" data-permalink=\"https:\/\/socialdesignmagazine.com\/mag\/architettura\/casa-caldeira-la-rinascita-di-unantica-dimora-nel-cuore-della-citta-storica-casa-caldeira-felipe-pina-arquitectura\/attachment\/casa-caldeira-felipe-pina-arquitecture-photo-credit-ivo-tavares-studio-015\/#content\" data-orig-file=\"https:\/\/socialdesignmagazine.com\/mag\/wp-content\/uploads\/2023\/03\/Casa-Caldeira-Felipe-Pina-arquitecture-Photo-credit-Ivo-Tavares-Studio-015.jpg\" data-orig-size=\"1200,1014\" data-comments-opened=\"1\" data-image-meta=\"{&quot;aperture&quot;:&quot;0&quot;,&quot;credit&quot;:&quot;&quot;,&quot;camera&quot;:&quot;&quot;,&quot;caption&quot;:&quot;&quot;,&quot;created_timestamp&quot;:&quot;0&quot;,&quot;copyright&quot;:&quot;&quot;,&quot;focal_length&quot;:&quot;0&quot;,&quot;iso&quot;:&quot;0&quot;,&quot;shutter_speed&quot;:&quot;0&quot;,&quot;title&quot;:&quot;&quot;,&quot;orientation&quot;:&quot;0&quot;}\" data-image-title=\"Casa Caldeira Felipe Pina arquitecture Photo credit Ivo Tavares Studio\" data-image-description=\"\" data-image-caption=\"\" data-medium-file=\"https:\/\/socialdesignmagazine.com\/mag\/wp-content\/uploads\/2023\/03\/Casa-Caldeira-Felipe-Pina-arquitecture-Photo-credit-Ivo-Tavares-Studio-015-438x283.jpg\" data-large-file=\"https:\/\/socialdesignmagazine.com\/mag\/wp-content\/uploads\/2023\/03\/Casa-Caldeira-Felipe-Pina-arquitecture-Photo-credit-Ivo-Tavares-Studio-015-1024x865.jpg\" data-id=\"49060\" src=\"https:\/\/socialdesignmagazine.com\/mag\/wp-content\/uploads\/2023\/03\/Casa-Caldeira-Felipe-Pina-arquitecture-Photo-credit-Ivo-Tavares-Studio-015-1024x865.jpg\" alt=\"Casa Caldeira Felipe Pina arquitecture Photo credit Ivo Tavares Studio\" class=\"wp-image-49060\" srcset=\"https:\/\/socialdesignmagazine.com\/mag\/wp-content\/uploads\/2023\/03\/Casa-Caldeira-Felipe-Pina-arquitecture-Photo-credit-Ivo-Tavares-Studio-015-1024x865.jpg 1024w, https:\/\/socialdesignmagazine.com\/mag\/wp-content\/uploads\/2023\/03\/Casa-Caldeira-Felipe-Pina-arquitecture-Photo-credit-Ivo-Tavares-Studio-015-768x649.jpg 768w, https:\/\/socialdesignmagazine.com\/mag\/wp-content\/uploads\/2023\/03\/Casa-Caldeira-Felipe-Pina-arquitecture-Photo-credit-Ivo-Tavares-Studio-015.jpg 1200w\" sizes=\"auto, (max-width: 1024px) 100vw, 1024px\" \/><\/figure>\n\n\n\n<figure class=\"wp-block-image size-large\"><img loading=\"lazy\" decoding=\"async\" width=\"1024\" height=\"1535\" data-attachment-id=\"49056\" data-permalink=\"https:\/\/socialdesignmagazine.com\/mag\/architettura\/casa-caldeira-la-rinascita-di-unantica-dimora-nel-cuore-della-citta-storica-casa-caldeira-felipe-pina-arquitectura\/attachment\/casa-caldeira-felipe-pina-arquitecture-photo-credit-ivo-tavares-studio-016\/#content\" data-orig-file=\"https:\/\/socialdesignmagazine.com\/mag\/wp-content\/uploads\/2023\/03\/Casa-Caldeira-Felipe-Pina-arquitecture-Photo-credit-Ivo-Tavares-Studio-016.jpg\" data-orig-size=\"1200,1799\" data-comments-opened=\"1\" data-image-meta=\"{&quot;aperture&quot;:&quot;0&quot;,&quot;credit&quot;:&quot;&quot;,&quot;camera&quot;:&quot;&quot;,&quot;caption&quot;:&quot;&quot;,&quot;created_timestamp&quot;:&quot;0&quot;,&quot;copyright&quot;:&quot;&quot;,&quot;focal_length&quot;:&quot;0&quot;,&quot;iso&quot;:&quot;0&quot;,&quot;shutter_speed&quot;:&quot;0&quot;,&quot;title&quot;:&quot;&quot;,&quot;orientation&quot;:&quot;0&quot;}\" data-image-title=\"Casa Caldeira Felipe Pina arquitecture Photo credit Ivo Tavares Studio\" data-image-description=\"\" data-image-caption=\"\" data-medium-file=\"https:\/\/socialdesignmagazine.com\/mag\/wp-content\/uploads\/2023\/03\/Casa-Caldeira-Felipe-Pina-arquitecture-Photo-credit-Ivo-Tavares-Studio-016-438x283.jpg\" data-large-file=\"https:\/\/socialdesignmagazine.com\/mag\/wp-content\/uploads\/2023\/03\/Casa-Caldeira-Felipe-Pina-arquitecture-Photo-credit-Ivo-Tavares-Studio-016-1024x1535.jpg\" data-id=\"49056\" src=\"https:\/\/socialdesignmagazine.com\/mag\/wp-content\/uploads\/2023\/03\/Casa-Caldeira-Felipe-Pina-arquitecture-Photo-credit-Ivo-Tavares-Studio-016-1024x1535.jpg\" alt=\"Casa Caldeira Felipe Pina arquitecture Photo credit Ivo Tavares Studio\" class=\"wp-image-49056\" srcset=\"https:\/\/socialdesignmagazine.com\/mag\/wp-content\/uploads\/2023\/03\/Casa-Caldeira-Felipe-Pina-arquitecture-Photo-credit-Ivo-Tavares-Studio-016-1024x1535.jpg 1024w, https:\/\/socialdesignmagazine.com\/mag\/wp-content\/uploads\/2023\/03\/Casa-Caldeira-Felipe-Pina-arquitecture-Photo-credit-Ivo-Tavares-Studio-016-768x1151.jpg 768w, https:\/\/socialdesignmagazine.com\/mag\/wp-content\/uploads\/2023\/03\/Casa-Caldeira-Felipe-Pina-arquitecture-Photo-credit-Ivo-Tavares-Studio-016-1025x1536.jpg 1025w, https:\/\/socialdesignmagazine.com\/mag\/wp-content\/uploads\/2023\/03\/Casa-Caldeira-Felipe-Pina-arquitecture-Photo-credit-Ivo-Tavares-Studio-016.jpg 1200w\" sizes=\"auto, (max-width: 1024px) 100vw, 1024px\" \/><\/figure>\n\n\n\n<figure class=\"wp-block-image size-large\"><img loading=\"lazy\" decoding=\"async\" width=\"1024\" height=\"1535\" data-attachment-id=\"49061\" data-permalink=\"https:\/\/socialdesignmagazine.com\/mag\/architettura\/casa-caldeira-la-rinascita-di-unantica-dimora-nel-cuore-della-citta-storica-casa-caldeira-felipe-pina-arquitectura\/attachment\/casa-caldeira-felipe-pina-arquitecture-photo-credit-ivo-tavares-studio-017\/#content\" data-orig-file=\"https:\/\/socialdesignmagazine.com\/mag\/wp-content\/uploads\/2023\/03\/Casa-Caldeira-Felipe-Pina-arquitecture-Photo-credit-Ivo-Tavares-Studio-017.jpg\" data-orig-size=\"1200,1799\" data-comments-opened=\"1\" data-image-meta=\"{&quot;aperture&quot;:&quot;0&quot;,&quot;credit&quot;:&quot;&quot;,&quot;camera&quot;:&quot;&quot;,&quot;caption&quot;:&quot;&quot;,&quot;created_timestamp&quot;:&quot;0&quot;,&quot;copyright&quot;:&quot;&quot;,&quot;focal_length&quot;:&quot;0&quot;,&quot;iso&quot;:&quot;0&quot;,&quot;shutter_speed&quot;:&quot;0&quot;,&quot;title&quot;:&quot;&quot;,&quot;orientation&quot;:&quot;0&quot;}\" data-image-title=\"Casa Caldeira Felipe Pina arquitecture Photo credit Ivo Tavares Studio\" data-image-description=\"\" data-image-caption=\"\" data-medium-file=\"https:\/\/socialdesignmagazine.com\/mag\/wp-content\/uploads\/2023\/03\/Casa-Caldeira-Felipe-Pina-arquitecture-Photo-credit-Ivo-Tavares-Studio-017-438x283.jpg\" data-large-file=\"https:\/\/socialdesignmagazine.com\/mag\/wp-content\/uploads\/2023\/03\/Casa-Caldeira-Felipe-Pina-arquitecture-Photo-credit-Ivo-Tavares-Studio-017-1024x1535.jpg\" data-id=\"49061\" src=\"https:\/\/socialdesignmagazine.com\/mag\/wp-content\/uploads\/2023\/03\/Casa-Caldeira-Felipe-Pina-arquitecture-Photo-credit-Ivo-Tavares-Studio-017-1024x1535.jpg\" alt=\"Casa Caldeira Felipe Pina arquitecture Photo credit Ivo Tavares Studio\" class=\"wp-image-49061\" srcset=\"https:\/\/socialdesignmagazine.com\/mag\/wp-content\/uploads\/2023\/03\/Casa-Caldeira-Felipe-Pina-arquitecture-Photo-credit-Ivo-Tavares-Studio-017-1024x1535.jpg 1024w, https:\/\/socialdesignmagazine.com\/mag\/wp-content\/uploads\/2023\/03\/Casa-Caldeira-Felipe-Pina-arquitecture-Photo-credit-Ivo-Tavares-Studio-017-768x1151.jpg 768w, https:\/\/socialdesignmagazine.com\/mag\/wp-content\/uploads\/2023\/03\/Casa-Caldeira-Felipe-Pina-arquitecture-Photo-credit-Ivo-Tavares-Studio-017-1025x1536.jpg 1025w, https:\/\/socialdesignmagazine.com\/mag\/wp-content\/uploads\/2023\/03\/Casa-Caldeira-Felipe-Pina-arquitecture-Photo-credit-Ivo-Tavares-Studio-017.jpg 1200w\" sizes=\"auto, (max-width: 1024px) 100vw, 1024px\" \/><\/figure>\n\n\n\n<figure class=\"wp-block-image size-large\"><img loading=\"lazy\" decoding=\"async\" width=\"1024\" height=\"939\" data-attachment-id=\"49062\" data-permalink=\"https:\/\/socialdesignmagazine.com\/mag\/architettura\/casa-caldeira-la-rinascita-di-unantica-dimora-nel-cuore-della-citta-storica-casa-caldeira-felipe-pina-arquitectura\/attachment\/casa-caldeira-felipe-pina-arquitecture-photo-credit-ivo-tavares-studio-018\/#content\" data-orig-file=\"https:\/\/socialdesignmagazine.com\/mag\/wp-content\/uploads\/2023\/03\/Casa-Caldeira-Felipe-Pina-arquitecture-Photo-credit-Ivo-Tavares-Studio-018.jpg\" data-orig-size=\"1200,1100\" data-comments-opened=\"1\" data-image-meta=\"{&quot;aperture&quot;:&quot;0&quot;,&quot;credit&quot;:&quot;&quot;,&quot;camera&quot;:&quot;&quot;,&quot;caption&quot;:&quot;&quot;,&quot;created_timestamp&quot;:&quot;0&quot;,&quot;copyright&quot;:&quot;&quot;,&quot;focal_length&quot;:&quot;0&quot;,&quot;iso&quot;:&quot;0&quot;,&quot;shutter_speed&quot;:&quot;0&quot;,&quot;title&quot;:&quot;&quot;,&quot;orientation&quot;:&quot;0&quot;}\" data-image-title=\"Casa Caldeira Felipe Pina arquitecture Photo credit Ivo Tavares Studio\" data-image-description=\"\" data-image-caption=\"\" data-medium-file=\"https:\/\/socialdesignmagazine.com\/mag\/wp-content\/uploads\/2023\/03\/Casa-Caldeira-Felipe-Pina-arquitecture-Photo-credit-Ivo-Tavares-Studio-018-438x283.jpg\" data-large-file=\"https:\/\/socialdesignmagazine.com\/mag\/wp-content\/uploads\/2023\/03\/Casa-Caldeira-Felipe-Pina-arquitecture-Photo-credit-Ivo-Tavares-Studio-018-1024x939.jpg\" data-id=\"49062\" src=\"https:\/\/socialdesignmagazine.com\/mag\/wp-content\/uploads\/2023\/03\/Casa-Caldeira-Felipe-Pina-arquitecture-Photo-credit-Ivo-Tavares-Studio-018-1024x939.jpg\" alt=\"Casa Caldeira Felipe Pina arquitecture Photo credit Ivo Tavares Studio\" class=\"wp-image-49062\" srcset=\"https:\/\/socialdesignmagazine.com\/mag\/wp-content\/uploads\/2023\/03\/Casa-Caldeira-Felipe-Pina-arquitecture-Photo-credit-Ivo-Tavares-Studio-018-1024x939.jpg 1024w, https:\/\/socialdesignmagazine.com\/mag\/wp-content\/uploads\/2023\/03\/Casa-Caldeira-Felipe-Pina-arquitecture-Photo-credit-Ivo-Tavares-Studio-018-768x704.jpg 768w, https:\/\/socialdesignmagazine.com\/mag\/wp-content\/uploads\/2023\/03\/Casa-Caldeira-Felipe-Pina-arquitecture-Photo-credit-Ivo-Tavares-Studio-018.jpg 1200w\" sizes=\"auto, (max-width: 1024px) 100vw, 1024px\" \/><\/figure>\n\n\n\n<figure class=\"wp-block-image size-large\"><img loading=\"lazy\" decoding=\"async\" width=\"1024\" height=\"683\" data-attachment-id=\"49066\" data-permalink=\"https:\/\/socialdesignmagazine.com\/mag\/architettura\/casa-caldeira-la-rinascita-di-unantica-dimora-nel-cuore-della-citta-storica-casa-caldeira-felipe-pina-arquitectura\/attachment\/casa-caldeira-felipe-pina-arquitecture-photo-credit-ivo-tavares-studio-019\/#content\" data-orig-file=\"https:\/\/socialdesignmagazine.com\/mag\/wp-content\/uploads\/2023\/03\/Casa-Caldeira-Felipe-Pina-arquitecture-Photo-credit-Ivo-Tavares-Studio-019.jpg\" data-orig-size=\"1200,800\" data-comments-opened=\"1\" data-image-meta=\"{&quot;aperture&quot;:&quot;0&quot;,&quot;credit&quot;:&quot;&quot;,&quot;camera&quot;:&quot;&quot;,&quot;caption&quot;:&quot;&quot;,&quot;created_timestamp&quot;:&quot;0&quot;,&quot;copyright&quot;:&quot;&quot;,&quot;focal_length&quot;:&quot;0&quot;,&quot;iso&quot;:&quot;0&quot;,&quot;shutter_speed&quot;:&quot;0&quot;,&quot;title&quot;:&quot;&quot;,&quot;orientation&quot;:&quot;0&quot;}\" data-image-title=\"Casa Caldeira Felipe Pina arquitecture Photo credit Ivo Tavares Studio\" data-image-description=\"\" data-image-caption=\"\" data-medium-file=\"https:\/\/socialdesignmagazine.com\/mag\/wp-content\/uploads\/2023\/03\/Casa-Caldeira-Felipe-Pina-arquitecture-Photo-credit-Ivo-Tavares-Studio-019-438x283.jpg\" data-large-file=\"https:\/\/socialdesignmagazine.com\/mag\/wp-content\/uploads\/2023\/03\/Casa-Caldeira-Felipe-Pina-arquitecture-Photo-credit-Ivo-Tavares-Studio-019-1024x683.jpg\" data-id=\"49066\" src=\"https:\/\/socialdesignmagazine.com\/mag\/wp-content\/uploads\/2023\/03\/Casa-Caldeira-Felipe-Pina-arquitecture-Photo-credit-Ivo-Tavares-Studio-019-1024x683.jpg\" alt=\"Casa Caldeira Felipe Pina arquitecture Photo credit Ivo Tavares Studio\" class=\"wp-image-49066\" srcset=\"https:\/\/socialdesignmagazine.com\/mag\/wp-content\/uploads\/2023\/03\/Casa-Caldeira-Felipe-Pina-arquitecture-Photo-credit-Ivo-Tavares-Studio-019-1024x683.jpg 1024w, https:\/\/socialdesignmagazine.com\/mag\/wp-content\/uploads\/2023\/03\/Casa-Caldeira-Felipe-Pina-arquitecture-Photo-credit-Ivo-Tavares-Studio-019-100x66.jpg 100w, https:\/\/socialdesignmagazine.com\/mag\/wp-content\/uploads\/2023\/03\/Casa-Caldeira-Felipe-Pina-arquitecture-Photo-credit-Ivo-Tavares-Studio-019-768x512.jpg 768w, https:\/\/socialdesignmagazine.com\/mag\/wp-content\/uploads\/2023\/03\/Casa-Caldeira-Felipe-Pina-arquitecture-Photo-credit-Ivo-Tavares-Studio-019.jpg 1200w\" sizes=\"auto, (max-width: 1024px) 100vw, 1024px\" \/><\/figure>\n\n\n\n<figure class=\"wp-block-image size-large\"><img loading=\"lazy\" decoding=\"async\" width=\"1024\" height=\"683\" data-attachment-id=\"49077\" data-permalink=\"https:\/\/socialdesignmagazine.com\/mag\/architettura\/casa-caldeira-la-rinascita-di-unantica-dimora-nel-cuore-della-citta-storica-casa-caldeira-felipe-pina-arquitectura\/attachment\/casa-caldeira-felipe-pina-arquitecture-photo-credit-ivo-tavares-studio-020\/#content\" data-orig-file=\"https:\/\/socialdesignmagazine.com\/mag\/wp-content\/uploads\/2023\/03\/Casa-Caldeira-Felipe-Pina-arquitecture-Photo-credit-Ivo-Tavares-Studio-020.jpg\" data-orig-size=\"1200,800\" data-comments-opened=\"1\" data-image-meta=\"{&quot;aperture&quot;:&quot;0&quot;,&quot;credit&quot;:&quot;&quot;,&quot;camera&quot;:&quot;&quot;,&quot;caption&quot;:&quot;&quot;,&quot;created_timestamp&quot;:&quot;0&quot;,&quot;copyright&quot;:&quot;&quot;,&quot;focal_length&quot;:&quot;0&quot;,&quot;iso&quot;:&quot;0&quot;,&quot;shutter_speed&quot;:&quot;0&quot;,&quot;title&quot;:&quot;&quot;,&quot;orientation&quot;:&quot;0&quot;}\" data-image-title=\"Casa Caldeira Felipe Pina arquitecture Photo credit Ivo Tavares Studio\" data-image-description=\"\" data-image-caption=\"\" data-medium-file=\"https:\/\/socialdesignmagazine.com\/mag\/wp-content\/uploads\/2023\/03\/Casa-Caldeira-Felipe-Pina-arquitecture-Photo-credit-Ivo-Tavares-Studio-020-438x283.jpg\" data-large-file=\"https:\/\/socialdesignmagazine.com\/mag\/wp-content\/uploads\/2023\/03\/Casa-Caldeira-Felipe-Pina-arquitecture-Photo-credit-Ivo-Tavares-Studio-020-1024x683.jpg\" data-id=\"49077\" src=\"https:\/\/socialdesignmagazine.com\/mag\/wp-content\/uploads\/2023\/03\/Casa-Caldeira-Felipe-Pina-arquitecture-Photo-credit-Ivo-Tavares-Studio-020-1024x683.jpg\" alt=\"Casa Caldeira Felipe Pina arquitecture Photo credit Ivo Tavares Studio\" class=\"wp-image-49077\" srcset=\"https:\/\/socialdesignmagazine.com\/mag\/wp-content\/uploads\/2023\/03\/Casa-Caldeira-Felipe-Pina-arquitecture-Photo-credit-Ivo-Tavares-Studio-020-1024x683.jpg 1024w, https:\/\/socialdesignmagazine.com\/mag\/wp-content\/uploads\/2023\/03\/Casa-Caldeira-Felipe-Pina-arquitecture-Photo-credit-Ivo-Tavares-Studio-020-100x66.jpg 100w, https:\/\/socialdesignmagazine.com\/mag\/wp-content\/uploads\/2023\/03\/Casa-Caldeira-Felipe-Pina-arquitecture-Photo-credit-Ivo-Tavares-Studio-020-768x512.jpg 768w, https:\/\/socialdesignmagazine.com\/mag\/wp-content\/uploads\/2023\/03\/Casa-Caldeira-Felipe-Pina-arquitecture-Photo-credit-Ivo-Tavares-Studio-020.jpg 1200w\" sizes=\"auto, (max-width: 1024px) 100vw, 1024px\" \/><\/figure>\n\n\n\n<figure class=\"wp-block-image size-large\"><img loading=\"lazy\" decoding=\"async\" width=\"1024\" height=\"1535\" data-attachment-id=\"49055\" data-permalink=\"https:\/\/socialdesignmagazine.com\/mag\/architettura\/casa-caldeira-la-rinascita-di-unantica-dimora-nel-cuore-della-citta-storica-casa-caldeira-felipe-pina-arquitectura\/attachment\/casa-caldeira-felipe-pina-arquitecture-photo-credit-ivo-tavares-studio-021\/#content\" data-orig-file=\"https:\/\/socialdesignmagazine.com\/mag\/wp-content\/uploads\/2023\/03\/Casa-Caldeira-Felipe-Pina-arquitecture-Photo-credit-Ivo-Tavares-Studio-021.jpg\" data-orig-size=\"1200,1799\" data-comments-opened=\"1\" data-image-meta=\"{&quot;aperture&quot;:&quot;0&quot;,&quot;credit&quot;:&quot;&quot;,&quot;camera&quot;:&quot;&quot;,&quot;caption&quot;:&quot;&quot;,&quot;created_timestamp&quot;:&quot;0&quot;,&quot;copyright&quot;:&quot;&quot;,&quot;focal_length&quot;:&quot;0&quot;,&quot;iso&quot;:&quot;0&quot;,&quot;shutter_speed&quot;:&quot;0&quot;,&quot;title&quot;:&quot;&quot;,&quot;orientation&quot;:&quot;0&quot;}\" data-image-title=\"Casa Caldeira Felipe Pina arquitecture Photo credit Ivo Tavares Studio\" data-image-description=\"\" data-image-caption=\"\" data-medium-file=\"https:\/\/socialdesignmagazine.com\/mag\/wp-content\/uploads\/2023\/03\/Casa-Caldeira-Felipe-Pina-arquitecture-Photo-credit-Ivo-Tavares-Studio-021-438x283.jpg\" data-large-file=\"https:\/\/socialdesignmagazine.com\/mag\/wp-content\/uploads\/2023\/03\/Casa-Caldeira-Felipe-Pina-arquitecture-Photo-credit-Ivo-Tavares-Studio-021-1024x1535.jpg\" data-id=\"49055\" src=\"https:\/\/socialdesignmagazine.com\/mag\/wp-content\/uploads\/2023\/03\/Casa-Caldeira-Felipe-Pina-arquitecture-Photo-credit-Ivo-Tavares-Studio-021-1024x1535.jpg\" alt=\"Casa Caldeira Felipe Pina arquitecture Photo credit Ivo Tavares Studio\" class=\"wp-image-49055\" srcset=\"https:\/\/socialdesignmagazine.com\/mag\/wp-content\/uploads\/2023\/03\/Casa-Caldeira-Felipe-Pina-arquitecture-Photo-credit-Ivo-Tavares-Studio-021-1024x1535.jpg 1024w, https:\/\/socialdesignmagazine.com\/mag\/wp-content\/uploads\/2023\/03\/Casa-Caldeira-Felipe-Pina-arquitecture-Photo-credit-Ivo-Tavares-Studio-021-768x1151.jpg 768w, https:\/\/socialdesignmagazine.com\/mag\/wp-content\/uploads\/2023\/03\/Casa-Caldeira-Felipe-Pina-arquitecture-Photo-credit-Ivo-Tavares-Studio-021-1025x1536.jpg 1025w, https:\/\/socialdesignmagazine.com\/mag\/wp-content\/uploads\/2023\/03\/Casa-Caldeira-Felipe-Pina-arquitecture-Photo-credit-Ivo-Tavares-Studio-021.jpg 1200w\" sizes=\"auto, (max-width: 1024px) 100vw, 1024px\" \/><\/figure>\n\n\n\n<figure class=\"wp-block-image size-large\"><img loading=\"lazy\" decoding=\"async\" width=\"1024\" height=\"1535\" data-attachment-id=\"49057\" data-permalink=\"https:\/\/socialdesignmagazine.com\/mag\/architettura\/casa-caldeira-la-rinascita-di-unantica-dimora-nel-cuore-della-citta-storica-casa-caldeira-felipe-pina-arquitectura\/attachment\/casa-caldeira-felipe-pina-arquitecture-photo-credit-ivo-tavares-studio-022\/#content\" data-orig-file=\"https:\/\/socialdesignmagazine.com\/mag\/wp-content\/uploads\/2023\/03\/Casa-Caldeira-Felipe-Pina-arquitecture-Photo-credit-Ivo-Tavares-Studio-022.jpg\" data-orig-size=\"1200,1799\" data-comments-opened=\"1\" data-image-meta=\"{&quot;aperture&quot;:&quot;0&quot;,&quot;credit&quot;:&quot;&quot;,&quot;camera&quot;:&quot;&quot;,&quot;caption&quot;:&quot;&quot;,&quot;created_timestamp&quot;:&quot;0&quot;,&quot;copyright&quot;:&quot;&quot;,&quot;focal_length&quot;:&quot;0&quot;,&quot;iso&quot;:&quot;0&quot;,&quot;shutter_speed&quot;:&quot;0&quot;,&quot;title&quot;:&quot;&quot;,&quot;orientation&quot;:&quot;0&quot;}\" data-image-title=\"Casa Caldeira Felipe Pina arquitecture Photo credit Ivo Tavares Studio\" data-image-description=\"\" data-image-caption=\"\" data-medium-file=\"https:\/\/socialdesignmagazine.com\/mag\/wp-content\/uploads\/2023\/03\/Casa-Caldeira-Felipe-Pina-arquitecture-Photo-credit-Ivo-Tavares-Studio-022-438x283.jpg\" data-large-file=\"https:\/\/socialdesignmagazine.com\/mag\/wp-content\/uploads\/2023\/03\/Casa-Caldeira-Felipe-Pina-arquitecture-Photo-credit-Ivo-Tavares-Studio-022-1024x1535.jpg\" data-id=\"49057\" src=\"https:\/\/socialdesignmagazine.com\/mag\/wp-content\/uploads\/2023\/03\/Casa-Caldeira-Felipe-Pina-arquitecture-Photo-credit-Ivo-Tavares-Studio-022-1024x1535.jpg\" alt=\"Casa Caldeira Felipe Pina arquitecture Photo credit Ivo Tavares Studio\" class=\"wp-image-49057\" srcset=\"https:\/\/socialdesignmagazine.com\/mag\/wp-content\/uploads\/2023\/03\/Casa-Caldeira-Felipe-Pina-arquitecture-Photo-credit-Ivo-Tavares-Studio-022-1024x1535.jpg 1024w, https:\/\/socialdesignmagazine.com\/mag\/wp-content\/uploads\/2023\/03\/Casa-Caldeira-Felipe-Pina-arquitecture-Photo-credit-Ivo-Tavares-Studio-022-768x1151.jpg 768w, https:\/\/socialdesignmagazine.com\/mag\/wp-content\/uploads\/2023\/03\/Casa-Caldeira-Felipe-Pina-arquitecture-Photo-credit-Ivo-Tavares-Studio-022-1025x1536.jpg 1025w, https:\/\/socialdesignmagazine.com\/mag\/wp-content\/uploads\/2023\/03\/Casa-Caldeira-Felipe-Pina-arquitecture-Photo-credit-Ivo-Tavares-Studio-022.jpg 1200w\" sizes=\"auto, (max-width: 1024px) 100vw, 1024px\" \/><\/figure>\n\n\n\n<figure class=\"wp-block-image size-large\"><img loading=\"lazy\" decoding=\"async\" width=\"1024\" height=\"1535\" data-attachment-id=\"49078\" data-permalink=\"https:\/\/socialdesignmagazine.com\/mag\/architettura\/casa-caldeira-la-rinascita-di-unantica-dimora-nel-cuore-della-citta-storica-casa-caldeira-felipe-pina-arquitectura\/attachment\/casa-caldeira-felipe-pina-arquitecture-photo-credit-ivo-tavares-studio-023\/#content\" data-orig-file=\"https:\/\/socialdesignmagazine.com\/mag\/wp-content\/uploads\/2023\/03\/Casa-Caldeira-Felipe-Pina-arquitecture-Photo-credit-Ivo-Tavares-Studio-023.jpg\" data-orig-size=\"1200,1799\" data-comments-opened=\"1\" data-image-meta=\"{&quot;aperture&quot;:&quot;0&quot;,&quot;credit&quot;:&quot;&quot;,&quot;camera&quot;:&quot;&quot;,&quot;caption&quot;:&quot;&quot;,&quot;created_timestamp&quot;:&quot;0&quot;,&quot;copyright&quot;:&quot;&quot;,&quot;focal_length&quot;:&quot;0&quot;,&quot;iso&quot;:&quot;0&quot;,&quot;shutter_speed&quot;:&quot;0&quot;,&quot;title&quot;:&quot;&quot;,&quot;orientation&quot;:&quot;0&quot;}\" data-image-title=\"Casa Caldeira Felipe Pina arquitecture Photo credit Ivo Tavares Studio\" data-image-description=\"\" data-image-caption=\"\" data-medium-file=\"https:\/\/socialdesignmagazine.com\/mag\/wp-content\/uploads\/2023\/03\/Casa-Caldeira-Felipe-Pina-arquitecture-Photo-credit-Ivo-Tavares-Studio-023-438x283.jpg\" data-large-file=\"https:\/\/socialdesignmagazine.com\/mag\/wp-content\/uploads\/2023\/03\/Casa-Caldeira-Felipe-Pina-arquitecture-Photo-credit-Ivo-Tavares-Studio-023-1024x1535.jpg\" data-id=\"49078\" src=\"https:\/\/socialdesignmagazine.com\/mag\/wp-content\/uploads\/2023\/03\/Casa-Caldeira-Felipe-Pina-arquitecture-Photo-credit-Ivo-Tavares-Studio-023-1024x1535.jpg\" alt=\"Casa Caldeira Felipe Pina arquitecture Photo credit Ivo Tavares Studio\" class=\"wp-image-49078\" srcset=\"https:\/\/socialdesignmagazine.com\/mag\/wp-content\/uploads\/2023\/03\/Casa-Caldeira-Felipe-Pina-arquitecture-Photo-credit-Ivo-Tavares-Studio-023-1024x1535.jpg 1024w, https:\/\/socialdesignmagazine.com\/mag\/wp-content\/uploads\/2023\/03\/Casa-Caldeira-Felipe-Pina-arquitecture-Photo-credit-Ivo-Tavares-Studio-023-768x1151.jpg 768w, https:\/\/socialdesignmagazine.com\/mag\/wp-content\/uploads\/2023\/03\/Casa-Caldeira-Felipe-Pina-arquitecture-Photo-credit-Ivo-Tavares-Studio-023-1025x1536.jpg 1025w, https:\/\/socialdesignmagazine.com\/mag\/wp-content\/uploads\/2023\/03\/Casa-Caldeira-Felipe-Pina-arquitecture-Photo-credit-Ivo-Tavares-Studio-023.jpg 1200w\" sizes=\"auto, (max-width: 1024px) 100vw, 1024px\" \/><\/figure>\n\n\n\n<figure class=\"wp-block-image size-large\"><img loading=\"lazy\" decoding=\"async\" width=\"1024\" height=\"1535\" data-attachment-id=\"49070\" data-permalink=\"https:\/\/socialdesignmagazine.com\/mag\/architettura\/casa-caldeira-la-rinascita-di-unantica-dimora-nel-cuore-della-citta-storica-casa-caldeira-felipe-pina-arquitectura\/attachment\/casa-caldeira-felipe-pina-arquitecture-photo-credit-ivo-tavares-studio-024\/#content\" data-orig-file=\"https:\/\/socialdesignmagazine.com\/mag\/wp-content\/uploads\/2023\/03\/Casa-Caldeira-Felipe-Pina-arquitecture-Photo-credit-Ivo-Tavares-Studio-024.jpg\" data-orig-size=\"1200,1799\" data-comments-opened=\"1\" data-image-meta=\"{&quot;aperture&quot;:&quot;0&quot;,&quot;credit&quot;:&quot;&quot;,&quot;camera&quot;:&quot;&quot;,&quot;caption&quot;:&quot;&quot;,&quot;created_timestamp&quot;:&quot;0&quot;,&quot;copyright&quot;:&quot;&quot;,&quot;focal_length&quot;:&quot;0&quot;,&quot;iso&quot;:&quot;0&quot;,&quot;shutter_speed&quot;:&quot;0&quot;,&quot;title&quot;:&quot;&quot;,&quot;orientation&quot;:&quot;0&quot;}\" data-image-title=\"Casa Caldeira Felipe Pina arquitecture Photo credit Ivo Tavares Studio\" data-image-description=\"\" data-image-caption=\"\" data-medium-file=\"https:\/\/socialdesignmagazine.com\/mag\/wp-content\/uploads\/2023\/03\/Casa-Caldeira-Felipe-Pina-arquitecture-Photo-credit-Ivo-Tavares-Studio-024-438x283.jpg\" data-large-file=\"https:\/\/socialdesignmagazine.com\/mag\/wp-content\/uploads\/2023\/03\/Casa-Caldeira-Felipe-Pina-arquitecture-Photo-credit-Ivo-Tavares-Studio-024-1024x1535.jpg\" data-id=\"49070\" src=\"https:\/\/socialdesignmagazine.com\/mag\/wp-content\/uploads\/2023\/03\/Casa-Caldeira-Felipe-Pina-arquitecture-Photo-credit-Ivo-Tavares-Studio-024-1024x1535.jpg\" alt=\"Casa Caldeira Felipe Pina arquitecture Photo credit Ivo Tavares Studio\" class=\"wp-image-49070\" srcset=\"https:\/\/socialdesignmagazine.com\/mag\/wp-content\/uploads\/2023\/03\/Casa-Caldeira-Felipe-Pina-arquitecture-Photo-credit-Ivo-Tavares-Studio-024-1024x1535.jpg 1024w, https:\/\/socialdesignmagazine.com\/mag\/wp-content\/uploads\/2023\/03\/Casa-Caldeira-Felipe-Pina-arquitecture-Photo-credit-Ivo-Tavares-Studio-024-768x1151.jpg 768w, https:\/\/socialdesignmagazine.com\/mag\/wp-content\/uploads\/2023\/03\/Casa-Caldeira-Felipe-Pina-arquitecture-Photo-credit-Ivo-Tavares-Studio-024-1025x1536.jpg 1025w, https:\/\/socialdesignmagazine.com\/mag\/wp-content\/uploads\/2023\/03\/Casa-Caldeira-Felipe-Pina-arquitecture-Photo-credit-Ivo-Tavares-Studio-024.jpg 1200w\" sizes=\"auto, (max-width: 1024px) 100vw, 1024px\" \/><\/figure>\n\n\n\n<figure class=\"wp-block-image size-large\"><img loading=\"lazy\" decoding=\"async\" width=\"1024\" height=\"683\" data-attachment-id=\"49074\" data-permalink=\"https:\/\/socialdesignmagazine.com\/mag\/architettura\/casa-caldeira-la-rinascita-di-unantica-dimora-nel-cuore-della-citta-storica-casa-caldeira-felipe-pina-arquitectura\/attachment\/casa-caldeira-felipe-pina-arquitecture-photo-credit-ivo-tavares-studio-025\/#content\" data-orig-file=\"https:\/\/socialdesignmagazine.com\/mag\/wp-content\/uploads\/2023\/03\/Casa-Caldeira-Felipe-Pina-arquitecture-Photo-credit-Ivo-Tavares-Studio-025.jpg\" data-orig-size=\"1200,800\" data-comments-opened=\"1\" data-image-meta=\"{&quot;aperture&quot;:&quot;0&quot;,&quot;credit&quot;:&quot;&quot;,&quot;camera&quot;:&quot;&quot;,&quot;caption&quot;:&quot;&quot;,&quot;created_timestamp&quot;:&quot;0&quot;,&quot;copyright&quot;:&quot;&quot;,&quot;focal_length&quot;:&quot;0&quot;,&quot;iso&quot;:&quot;0&quot;,&quot;shutter_speed&quot;:&quot;0&quot;,&quot;title&quot;:&quot;&quot;,&quot;orientation&quot;:&quot;0&quot;}\" data-image-title=\"Casa Caldeira Felipe Pina arquitecture Photo credit Ivo Tavares Studio\" data-image-description=\"\" data-image-caption=\"\" data-medium-file=\"https:\/\/socialdesignmagazine.com\/mag\/wp-content\/uploads\/2023\/03\/Casa-Caldeira-Felipe-Pina-arquitecture-Photo-credit-Ivo-Tavares-Studio-025-438x283.jpg\" data-large-file=\"https:\/\/socialdesignmagazine.com\/mag\/wp-content\/uploads\/2023\/03\/Casa-Caldeira-Felipe-Pina-arquitecture-Photo-credit-Ivo-Tavares-Studio-025-1024x683.jpg\" data-id=\"49074\" src=\"https:\/\/socialdesignmagazine.com\/mag\/wp-content\/uploads\/2023\/03\/Casa-Caldeira-Felipe-Pina-arquitecture-Photo-credit-Ivo-Tavares-Studio-025-1024x683.jpg\" alt=\"Casa Caldeira Felipe Pina arquitecture Photo credit Ivo Tavares Studio\" class=\"wp-image-49074\" srcset=\"https:\/\/socialdesignmagazine.com\/mag\/wp-content\/uploads\/2023\/03\/Casa-Caldeira-Felipe-Pina-arquitecture-Photo-credit-Ivo-Tavares-Studio-025-1024x683.jpg 1024w, https:\/\/socialdesignmagazine.com\/mag\/wp-content\/uploads\/2023\/03\/Casa-Caldeira-Felipe-Pina-arquitecture-Photo-credit-Ivo-Tavares-Studio-025-100x66.jpg 100w, https:\/\/socialdesignmagazine.com\/mag\/wp-content\/uploads\/2023\/03\/Casa-Caldeira-Felipe-Pina-arquitecture-Photo-credit-Ivo-Tavares-Studio-025-768x512.jpg 768w, https:\/\/socialdesignmagazine.com\/mag\/wp-content\/uploads\/2023\/03\/Casa-Caldeira-Felipe-Pina-arquitecture-Photo-credit-Ivo-Tavares-Studio-025.jpg 1200w\" sizes=\"auto, (max-width: 1024px) 100vw, 1024px\" \/><\/figure>\n\n\n\n<figure class=\"wp-block-image size-large\"><img loading=\"lazy\" decoding=\"async\" width=\"1024\" height=\"683\" data-attachment-id=\"49072\" data-permalink=\"https:\/\/socialdesignmagazine.com\/mag\/architettura\/casa-caldeira-la-rinascita-di-unantica-dimora-nel-cuore-della-citta-storica-casa-caldeira-felipe-pina-arquitectura\/attachment\/casa-caldeira-felipe-pina-arquitecture-photo-credit-ivo-tavares-studio-026\/#content\" data-orig-file=\"https:\/\/socialdesignmagazine.com\/mag\/wp-content\/uploads\/2023\/03\/Casa-Caldeira-Felipe-Pina-arquitecture-Photo-credit-Ivo-Tavares-Studio-026.jpg\" data-orig-size=\"1200,800\" data-comments-opened=\"1\" data-image-meta=\"{&quot;aperture&quot;:&quot;0&quot;,&quot;credit&quot;:&quot;&quot;,&quot;camera&quot;:&quot;&quot;,&quot;caption&quot;:&quot;&quot;,&quot;created_timestamp&quot;:&quot;0&quot;,&quot;copyright&quot;:&quot;&quot;,&quot;focal_length&quot;:&quot;0&quot;,&quot;iso&quot;:&quot;0&quot;,&quot;shutter_speed&quot;:&quot;0&quot;,&quot;title&quot;:&quot;&quot;,&quot;orientation&quot;:&quot;0&quot;}\" data-image-title=\"Casa Caldeira Felipe Pina arquitecture Photo credit Ivo Tavares Studio\" data-image-description=\"\" data-image-caption=\"\" data-medium-file=\"https:\/\/socialdesignmagazine.com\/mag\/wp-content\/uploads\/2023\/03\/Casa-Caldeira-Felipe-Pina-arquitecture-Photo-credit-Ivo-Tavares-Studio-026-438x283.jpg\" data-large-file=\"https:\/\/socialdesignmagazine.com\/mag\/wp-content\/uploads\/2023\/03\/Casa-Caldeira-Felipe-Pina-arquitecture-Photo-credit-Ivo-Tavares-Studio-026-1024x683.jpg\" data-id=\"49072\" src=\"https:\/\/socialdesignmagazine.com\/mag\/wp-content\/uploads\/2023\/03\/Casa-Caldeira-Felipe-Pina-arquitecture-Photo-credit-Ivo-Tavares-Studio-026-1024x683.jpg\" alt=\"Casa Caldeira Felipe Pina arquitecture Photo credit Ivo Tavares Studio\" class=\"wp-image-49072\" srcset=\"https:\/\/socialdesignmagazine.com\/mag\/wp-content\/uploads\/2023\/03\/Casa-Caldeira-Felipe-Pina-arquitecture-Photo-credit-Ivo-Tavares-Studio-026-1024x683.jpg 1024w, https:\/\/socialdesignmagazine.com\/mag\/wp-content\/uploads\/2023\/03\/Casa-Caldeira-Felipe-Pina-arquitecture-Photo-credit-Ivo-Tavares-Studio-026-100x66.jpg 100w, https:\/\/socialdesignmagazine.com\/mag\/wp-content\/uploads\/2023\/03\/Casa-Caldeira-Felipe-Pina-arquitecture-Photo-credit-Ivo-Tavares-Studio-026-768x512.jpg 768w, https:\/\/socialdesignmagazine.com\/mag\/wp-content\/uploads\/2023\/03\/Casa-Caldeira-Felipe-Pina-arquitecture-Photo-credit-Ivo-Tavares-Studio-026.jpg 1200w\" sizes=\"auto, (max-width: 1024px) 100vw, 1024px\" \/><\/figure>\n\n\n\n<figure class=\"wp-block-image size-large\"><img loading=\"lazy\" decoding=\"async\" width=\"1024\" height=\"1536\" data-attachment-id=\"49076\" data-permalink=\"https:\/\/socialdesignmagazine.com\/mag\/architettura\/casa-caldeira-la-rinascita-di-unantica-dimora-nel-cuore-della-citta-storica-casa-caldeira-felipe-pina-arquitectura\/attachment\/casa-caldeira-felipe-pina-arquitecture-photo-credit-ivo-tavares-studio-027\/#content\" data-orig-file=\"https:\/\/socialdesignmagazine.com\/mag\/wp-content\/uploads\/2023\/03\/Casa-Caldeira-Felipe-Pina-arquitecture-Photo-credit-Ivo-Tavares-Studio-027.jpg\" data-orig-size=\"1200,1800\" data-comments-opened=\"1\" data-image-meta=\"{&quot;aperture&quot;:&quot;0&quot;,&quot;credit&quot;:&quot;&quot;,&quot;camera&quot;:&quot;&quot;,&quot;caption&quot;:&quot;&quot;,&quot;created_timestamp&quot;:&quot;0&quot;,&quot;copyright&quot;:&quot;&quot;,&quot;focal_length&quot;:&quot;0&quot;,&quot;iso&quot;:&quot;0&quot;,&quot;shutter_speed&quot;:&quot;0&quot;,&quot;title&quot;:&quot;&quot;,&quot;orientation&quot;:&quot;0&quot;}\" data-image-title=\"Casa Caldeira Felipe Pina arquitecture Photo credit Ivo Tavares Studio\" data-image-description=\"\" data-image-caption=\"\" data-medium-file=\"https:\/\/socialdesignmagazine.com\/mag\/wp-content\/uploads\/2023\/03\/Casa-Caldeira-Felipe-Pina-arquitecture-Photo-credit-Ivo-Tavares-Studio-027-438x283.jpg\" data-large-file=\"https:\/\/socialdesignmagazine.com\/mag\/wp-content\/uploads\/2023\/03\/Casa-Caldeira-Felipe-Pina-arquitecture-Photo-credit-Ivo-Tavares-Studio-027-1024x1536.jpg\" data-id=\"49076\" src=\"https:\/\/socialdesignmagazine.com\/mag\/wp-content\/uploads\/2023\/03\/Casa-Caldeira-Felipe-Pina-arquitecture-Photo-credit-Ivo-Tavares-Studio-027-1024x1536.jpg\" alt=\"Casa Caldeira Felipe Pina arquitecture Photo credit Ivo Tavares Studio\" class=\"wp-image-49076\" srcset=\"https:\/\/socialdesignmagazine.com\/mag\/wp-content\/uploads\/2023\/03\/Casa-Caldeira-Felipe-Pina-arquitecture-Photo-credit-Ivo-Tavares-Studio-027-1024x1536.jpg 1024w, https:\/\/socialdesignmagazine.com\/mag\/wp-content\/uploads\/2023\/03\/Casa-Caldeira-Felipe-Pina-arquitecture-Photo-credit-Ivo-Tavares-Studio-027-768x1152.jpg 768w, https:\/\/socialdesignmagazine.com\/mag\/wp-content\/uploads\/2023\/03\/Casa-Caldeira-Felipe-Pina-arquitecture-Photo-credit-Ivo-Tavares-Studio-027.jpg 1200w\" sizes=\"auto, (max-width: 1024px) 100vw, 1024px\" \/><\/figure>\n\n\n\n<figure class=\"wp-block-image size-large\"><img loading=\"lazy\" decoding=\"async\" width=\"1024\" height=\"683\" data-attachment-id=\"49071\" data-permalink=\"https:\/\/socialdesignmagazine.com\/mag\/architettura\/casa-caldeira-la-rinascita-di-unantica-dimora-nel-cuore-della-citta-storica-casa-caldeira-felipe-pina-arquitectura\/attachment\/casa-caldeira-felipe-pina-arquitecture-photo-credit-ivo-tavares-studio-028\/#content\" data-orig-file=\"https:\/\/socialdesignmagazine.com\/mag\/wp-content\/uploads\/2023\/03\/Casa-Caldeira-Felipe-Pina-arquitecture-Photo-credit-Ivo-Tavares-Studio-028.jpg\" data-orig-size=\"1200,800\" data-comments-opened=\"1\" data-image-meta=\"{&quot;aperture&quot;:&quot;0&quot;,&quot;credit&quot;:&quot;&quot;,&quot;camera&quot;:&quot;&quot;,&quot;caption&quot;:&quot;&quot;,&quot;created_timestamp&quot;:&quot;0&quot;,&quot;copyright&quot;:&quot;&quot;,&quot;focal_length&quot;:&quot;0&quot;,&quot;iso&quot;:&quot;0&quot;,&quot;shutter_speed&quot;:&quot;0&quot;,&quot;title&quot;:&quot;&quot;,&quot;orientation&quot;:&quot;0&quot;}\" data-image-title=\"Casa Caldeira Felipe Pina arquitecture Photo credit Ivo Tavares Studio\" data-image-description=\"\" data-image-caption=\"\" data-medium-file=\"https:\/\/socialdesignmagazine.com\/mag\/wp-content\/uploads\/2023\/03\/Casa-Caldeira-Felipe-Pina-arquitecture-Photo-credit-Ivo-Tavares-Studio-028-438x283.jpg\" data-large-file=\"https:\/\/socialdesignmagazine.com\/mag\/wp-content\/uploads\/2023\/03\/Casa-Caldeira-Felipe-Pina-arquitecture-Photo-credit-Ivo-Tavares-Studio-028-1024x683.jpg\" data-id=\"49071\" src=\"https:\/\/socialdesignmagazine.com\/mag\/wp-content\/uploads\/2023\/03\/Casa-Caldeira-Felipe-Pina-arquitecture-Photo-credit-Ivo-Tavares-Studio-028-1024x683.jpg\" alt=\"Casa Caldeira Felipe Pina arquitecture Photo credit Ivo Tavares Studio\" class=\"wp-image-49071\" srcset=\"https:\/\/socialdesignmagazine.com\/mag\/wp-content\/uploads\/2023\/03\/Casa-Caldeira-Felipe-Pina-arquitecture-Photo-credit-Ivo-Tavares-Studio-028-1024x683.jpg 1024w, https:\/\/socialdesignmagazine.com\/mag\/wp-content\/uploads\/2023\/03\/Casa-Caldeira-Felipe-Pina-arquitecture-Photo-credit-Ivo-Tavares-Studio-028-100x66.jpg 100w, https:\/\/socialdesignmagazine.com\/mag\/wp-content\/uploads\/2023\/03\/Casa-Caldeira-Felipe-Pina-arquitecture-Photo-credit-Ivo-Tavares-Studio-028-768x512.jpg 768w, https:\/\/socialdesignmagazine.com\/mag\/wp-content\/uploads\/2023\/03\/Casa-Caldeira-Felipe-Pina-arquitecture-Photo-credit-Ivo-Tavares-Studio-028.jpg 1200w\" sizes=\"auto, (max-width: 1024px) 100vw, 1024px\" \/><\/figure>\n\n\n\n<figure class=\"wp-block-image size-large\"><img loading=\"lazy\" decoding=\"async\" width=\"1024\" height=\"683\" data-attachment-id=\"49073\" data-permalink=\"https:\/\/socialdesignmagazine.com\/mag\/architettura\/casa-caldeira-la-rinascita-di-unantica-dimora-nel-cuore-della-citta-storica-casa-caldeira-felipe-pina-arquitectura\/attachment\/casa-caldeira-felipe-pina-arquitecture-photo-credit-ivo-tavares-studio-029\/#content\" data-orig-file=\"https:\/\/socialdesignmagazine.com\/mag\/wp-content\/uploads\/2023\/03\/Casa-Caldeira-Felipe-Pina-arquitecture-Photo-credit-Ivo-Tavares-Studio-029.jpg\" data-orig-size=\"1200,800\" data-comments-opened=\"1\" data-image-meta=\"{&quot;aperture&quot;:&quot;0&quot;,&quot;credit&quot;:&quot;&quot;,&quot;camera&quot;:&quot;&quot;,&quot;caption&quot;:&quot;&quot;,&quot;created_timestamp&quot;:&quot;0&quot;,&quot;copyright&quot;:&quot;&quot;,&quot;focal_length&quot;:&quot;0&quot;,&quot;iso&quot;:&quot;0&quot;,&quot;shutter_speed&quot;:&quot;0&quot;,&quot;title&quot;:&quot;&quot;,&quot;orientation&quot;:&quot;0&quot;}\" data-image-title=\"Casa Caldeira Felipe Pina arquitecture Photo credit Ivo Tavares Studio\" data-image-description=\"\" data-image-caption=\"\" data-medium-file=\"https:\/\/socialdesignmagazine.com\/mag\/wp-content\/uploads\/2023\/03\/Casa-Caldeira-Felipe-Pina-arquitecture-Photo-credit-Ivo-Tavares-Studio-029-438x283.jpg\" data-large-file=\"https:\/\/socialdesignmagazine.com\/mag\/wp-content\/uploads\/2023\/03\/Casa-Caldeira-Felipe-Pina-arquitecture-Photo-credit-Ivo-Tavares-Studio-029-1024x683.jpg\" data-id=\"49073\" src=\"https:\/\/socialdesignmagazine.com\/mag\/wp-content\/uploads\/2023\/03\/Casa-Caldeira-Felipe-Pina-arquitecture-Photo-credit-Ivo-Tavares-Studio-029-1024x683.jpg\" alt=\"Casa Caldeira Felipe Pina arquitecture Photo credit Ivo Tavares Studio\" class=\"wp-image-49073\" srcset=\"https:\/\/socialdesignmagazine.com\/mag\/wp-content\/uploads\/2023\/03\/Casa-Caldeira-Felipe-Pina-arquitecture-Photo-credit-Ivo-Tavares-Studio-029-1024x683.jpg 1024w, https:\/\/socialdesignmagazine.com\/mag\/wp-content\/uploads\/2023\/03\/Casa-Caldeira-Felipe-Pina-arquitecture-Photo-credit-Ivo-Tavares-Studio-029-100x66.jpg 100w, https:\/\/socialdesignmagazine.com\/mag\/wp-content\/uploads\/2023\/03\/Casa-Caldeira-Felipe-Pina-arquitecture-Photo-credit-Ivo-Tavares-Studio-029-768x512.jpg 768w, https:\/\/socialdesignmagazine.com\/mag\/wp-content\/uploads\/2023\/03\/Casa-Caldeira-Felipe-Pina-arquitecture-Photo-credit-Ivo-Tavares-Studio-029.jpg 1200w\" sizes=\"auto, (max-width: 1024px) 100vw, 1024px\" \/><\/figure>\n\n\n\n<figure class=\"wp-block-image size-large\"><img loading=\"lazy\" decoding=\"async\" width=\"1024\" height=\"683\" data-attachment-id=\"49065\" data-permalink=\"https:\/\/socialdesignmagazine.com\/mag\/architettura\/casa-caldeira-la-rinascita-di-unantica-dimora-nel-cuore-della-citta-storica-casa-caldeira-felipe-pina-arquitectura\/attachment\/casa-caldeira-felipe-pina-arquitecture-photo-credit-ivo-tavares-studio-030\/#content\" data-orig-file=\"https:\/\/socialdesignmagazine.com\/mag\/wp-content\/uploads\/2023\/03\/Casa-Caldeira-Felipe-Pina-arquitecture-Photo-credit-Ivo-Tavares-Studio-030.jpg\" data-orig-size=\"1200,800\" data-comments-opened=\"1\" data-image-meta=\"{&quot;aperture&quot;:&quot;0&quot;,&quot;credit&quot;:&quot;&quot;,&quot;camera&quot;:&quot;&quot;,&quot;caption&quot;:&quot;&quot;,&quot;created_timestamp&quot;:&quot;0&quot;,&quot;copyright&quot;:&quot;&quot;,&quot;focal_length&quot;:&quot;0&quot;,&quot;iso&quot;:&quot;0&quot;,&quot;shutter_speed&quot;:&quot;0&quot;,&quot;title&quot;:&quot;&quot;,&quot;orientation&quot;:&quot;0&quot;}\" data-image-title=\"Casa Caldeira Felipe Pina arquitecture Photo credit Ivo Tavares Studio\" data-image-description=\"\" data-image-caption=\"\" data-medium-file=\"https:\/\/socialdesignmagazine.com\/mag\/wp-content\/uploads\/2023\/03\/Casa-Caldeira-Felipe-Pina-arquitecture-Photo-credit-Ivo-Tavares-Studio-030-438x283.jpg\" data-large-file=\"https:\/\/socialdesignmagazine.com\/mag\/wp-content\/uploads\/2023\/03\/Casa-Caldeira-Felipe-Pina-arquitecture-Photo-credit-Ivo-Tavares-Studio-030-1024x683.jpg\" data-id=\"49065\" src=\"https:\/\/socialdesignmagazine.com\/mag\/wp-content\/uploads\/2023\/03\/Casa-Caldeira-Felipe-Pina-arquitecture-Photo-credit-Ivo-Tavares-Studio-030-1024x683.jpg\" alt=\"Casa Caldeira Felipe Pina arquitecture Photo credit Ivo Tavares Studio\" class=\"wp-image-49065\" srcset=\"https:\/\/socialdesignmagazine.com\/mag\/wp-content\/uploads\/2023\/03\/Casa-Caldeira-Felipe-Pina-arquitecture-Photo-credit-Ivo-Tavares-Studio-030-1024x683.jpg 1024w, https:\/\/socialdesignmagazine.com\/mag\/wp-content\/uploads\/2023\/03\/Casa-Caldeira-Felipe-Pina-arquitecture-Photo-credit-Ivo-Tavares-Studio-030-100x66.jpg 100w, https:\/\/socialdesignmagazine.com\/mag\/wp-content\/uploads\/2023\/03\/Casa-Caldeira-Felipe-Pina-arquitecture-Photo-credit-Ivo-Tavares-Studio-030-768x512.jpg 768w, https:\/\/socialdesignmagazine.com\/mag\/wp-content\/uploads\/2023\/03\/Casa-Caldeira-Felipe-Pina-arquitecture-Photo-credit-Ivo-Tavares-Studio-030.jpg 1200w\" sizes=\"auto, (max-width: 1024px) 100vw, 1024px\" \/><\/figure>\n\n\n\n<figure class=\"wp-block-image size-large\"><img loading=\"lazy\" decoding=\"async\" width=\"1024\" height=\"1535\" data-attachment-id=\"49068\" data-permalink=\"https:\/\/socialdesignmagazine.com\/mag\/architettura\/casa-caldeira-la-rinascita-di-unantica-dimora-nel-cuore-della-citta-storica-casa-caldeira-felipe-pina-arquitectura\/attachment\/casa-caldeira-felipe-pina-arquitecture-photo-credit-ivo-tavares-studio-031\/#content\" data-orig-file=\"https:\/\/socialdesignmagazine.com\/mag\/wp-content\/uploads\/2023\/03\/Casa-Caldeira-Felipe-Pina-arquitecture-Photo-credit-Ivo-Tavares-Studio-031.jpg\" data-orig-size=\"1200,1799\" data-comments-opened=\"1\" data-image-meta=\"{&quot;aperture&quot;:&quot;0&quot;,&quot;credit&quot;:&quot;&quot;,&quot;camera&quot;:&quot;&quot;,&quot;caption&quot;:&quot;&quot;,&quot;created_timestamp&quot;:&quot;0&quot;,&quot;copyright&quot;:&quot;&quot;,&quot;focal_length&quot;:&quot;0&quot;,&quot;iso&quot;:&quot;0&quot;,&quot;shutter_speed&quot;:&quot;0&quot;,&quot;title&quot;:&quot;&quot;,&quot;orientation&quot;:&quot;0&quot;}\" data-image-title=\"Casa Caldeira Felipe Pina arquitecture Photo credit Ivo Tavares Studio\" data-image-description=\"\" data-image-caption=\"\" data-medium-file=\"https:\/\/socialdesignmagazine.com\/mag\/wp-content\/uploads\/2023\/03\/Casa-Caldeira-Felipe-Pina-arquitecture-Photo-credit-Ivo-Tavares-Studio-031-438x283.jpg\" data-large-file=\"https:\/\/socialdesignmagazine.com\/mag\/wp-content\/uploads\/2023\/03\/Casa-Caldeira-Felipe-Pina-arquitecture-Photo-credit-Ivo-Tavares-Studio-031-1024x1535.jpg\" data-id=\"49068\" src=\"https:\/\/socialdesignmagazine.com\/mag\/wp-content\/uploads\/2023\/03\/Casa-Caldeira-Felipe-Pina-arquitecture-Photo-credit-Ivo-Tavares-Studio-031-1024x1535.jpg\" alt=\"Casa Caldeira Felipe Pina arquitecture Photo credit Ivo Tavares Studio\" class=\"wp-image-49068\" srcset=\"https:\/\/socialdesignmagazine.com\/mag\/wp-content\/uploads\/2023\/03\/Casa-Caldeira-Felipe-Pina-arquitecture-Photo-credit-Ivo-Tavares-Studio-031-1024x1535.jpg 1024w, https:\/\/socialdesignmagazine.com\/mag\/wp-content\/uploads\/2023\/03\/Casa-Caldeira-Felipe-Pina-arquitecture-Photo-credit-Ivo-Tavares-Studio-031-768x1151.jpg 768w, https:\/\/socialdesignmagazine.com\/mag\/wp-content\/uploads\/2023\/03\/Casa-Caldeira-Felipe-Pina-arquitecture-Photo-credit-Ivo-Tavares-Studio-031-1025x1536.jpg 1025w, https:\/\/socialdesignmagazine.com\/mag\/wp-content\/uploads\/2023\/03\/Casa-Caldeira-Felipe-Pina-arquitecture-Photo-credit-Ivo-Tavares-Studio-031.jpg 1200w\" sizes=\"auto, (max-width: 1024px) 100vw, 1024px\" \/><\/figure>\n\n\n\n<figure class=\"wp-block-image size-large\"><img loading=\"lazy\" decoding=\"async\" width=\"1024\" height=\"683\" data-attachment-id=\"49064\" data-permalink=\"https:\/\/socialdesignmagazine.com\/mag\/architettura\/casa-caldeira-la-rinascita-di-unantica-dimora-nel-cuore-della-citta-storica-casa-caldeira-felipe-pina-arquitectura\/attachment\/casa-caldeira-felipe-pina-arquitecture-photo-credit-ivo-tavares-studio-032\/#content\" data-orig-file=\"https:\/\/socialdesignmagazine.com\/mag\/wp-content\/uploads\/2023\/03\/Casa-Caldeira-Felipe-Pina-arquitecture-Photo-credit-Ivo-Tavares-Studio-032.jpg\" data-orig-size=\"1200,800\" data-comments-opened=\"1\" data-image-meta=\"{&quot;aperture&quot;:&quot;0&quot;,&quot;credit&quot;:&quot;&quot;,&quot;camera&quot;:&quot;&quot;,&quot;caption&quot;:&quot;&quot;,&quot;created_timestamp&quot;:&quot;0&quot;,&quot;copyright&quot;:&quot;&quot;,&quot;focal_length&quot;:&quot;0&quot;,&quot;iso&quot;:&quot;0&quot;,&quot;shutter_speed&quot;:&quot;0&quot;,&quot;title&quot;:&quot;&quot;,&quot;orientation&quot;:&quot;0&quot;}\" data-image-title=\"Casa Caldeira Felipe Pina arquitecture Photo credit Ivo Tavares Studio\" data-image-description=\"\" data-image-caption=\"\" data-medium-file=\"https:\/\/socialdesignmagazine.com\/mag\/wp-content\/uploads\/2023\/03\/Casa-Caldeira-Felipe-Pina-arquitecture-Photo-credit-Ivo-Tavares-Studio-032-438x283.jpg\" data-large-file=\"https:\/\/socialdesignmagazine.com\/mag\/wp-content\/uploads\/2023\/03\/Casa-Caldeira-Felipe-Pina-arquitecture-Photo-credit-Ivo-Tavares-Studio-032-1024x683.jpg\" data-id=\"49064\" src=\"https:\/\/socialdesignmagazine.com\/mag\/wp-content\/uploads\/2023\/03\/Casa-Caldeira-Felipe-Pina-arquitecture-Photo-credit-Ivo-Tavares-Studio-032-1024x683.jpg\" alt=\"Casa Caldeira Felipe Pina arquitecture Photo credit Ivo Tavares Studio\" class=\"wp-image-49064\" srcset=\"https:\/\/socialdesignmagazine.com\/mag\/wp-content\/uploads\/2023\/03\/Casa-Caldeira-Felipe-Pina-arquitecture-Photo-credit-Ivo-Tavares-Studio-032-1024x683.jpg 1024w, https:\/\/socialdesignmagazine.com\/mag\/wp-content\/uploads\/2023\/03\/Casa-Caldeira-Felipe-Pina-arquitecture-Photo-credit-Ivo-Tavares-Studio-032-100x66.jpg 100w, https:\/\/socialdesignmagazine.com\/mag\/wp-content\/uploads\/2023\/03\/Casa-Caldeira-Felipe-Pina-arquitecture-Photo-credit-Ivo-Tavares-Studio-032-768x512.jpg 768w, https:\/\/socialdesignmagazine.com\/mag\/wp-content\/uploads\/2023\/03\/Casa-Caldeira-Felipe-Pina-arquitecture-Photo-credit-Ivo-Tavares-Studio-032.jpg 1200w\" sizes=\"auto, (max-width: 1024px) 100vw, 1024px\" \/><\/figure>\n\n\n\n<figure class=\"wp-block-image size-large\"><img loading=\"lazy\" decoding=\"async\" width=\"1024\" height=\"1536\" data-attachment-id=\"49089\" data-permalink=\"https:\/\/socialdesignmagazine.com\/mag\/architettura\/casa-caldeira-la-rinascita-di-unantica-dimora-nel-cuore-della-citta-storica-casa-caldeira-felipe-pina-arquitectura\/attachment\/casa-caldeira-felipe-pina-arquitecture-photo-credit-ivo-tavares-studio-033\/#content\" data-orig-file=\"https:\/\/socialdesignmagazine.com\/mag\/wp-content\/uploads\/2023\/03\/Casa-Caldeira-Felipe-Pina-arquitecture-Photo-credit-Ivo-Tavares-Studio-033.jpg\" data-orig-size=\"1200,1800\" data-comments-opened=\"1\" data-image-meta=\"{&quot;aperture&quot;:&quot;0&quot;,&quot;credit&quot;:&quot;&quot;,&quot;camera&quot;:&quot;&quot;,&quot;caption&quot;:&quot;&quot;,&quot;created_timestamp&quot;:&quot;0&quot;,&quot;copyright&quot;:&quot;&quot;,&quot;focal_length&quot;:&quot;0&quot;,&quot;iso&quot;:&quot;0&quot;,&quot;shutter_speed&quot;:&quot;0&quot;,&quot;title&quot;:&quot;&quot;,&quot;orientation&quot;:&quot;0&quot;}\" data-image-title=\"Casa Caldeira Felipe Pina arquitecture Photo credit Ivo Tavares Studio\" data-image-description=\"\" data-image-caption=\"\" data-medium-file=\"https:\/\/socialdesignmagazine.com\/mag\/wp-content\/uploads\/2023\/03\/Casa-Caldeira-Felipe-Pina-arquitecture-Photo-credit-Ivo-Tavares-Studio-033-438x283.jpg\" data-large-file=\"https:\/\/socialdesignmagazine.com\/mag\/wp-content\/uploads\/2023\/03\/Casa-Caldeira-Felipe-Pina-arquitecture-Photo-credit-Ivo-Tavares-Studio-033-1024x1536.jpg\" data-id=\"49089\" src=\"https:\/\/socialdesignmagazine.com\/mag\/wp-content\/uploads\/2023\/03\/Casa-Caldeira-Felipe-Pina-arquitecture-Photo-credit-Ivo-Tavares-Studio-033-1024x1536.jpg\" alt=\"Casa Caldeira Felipe Pina arquitecture Photo credit Ivo Tavares Studio\" class=\"wp-image-49089\" srcset=\"https:\/\/socialdesignmagazine.com\/mag\/wp-content\/uploads\/2023\/03\/Casa-Caldeira-Felipe-Pina-arquitecture-Photo-credit-Ivo-Tavares-Studio-033-1024x1536.jpg 1024w, https:\/\/socialdesignmagazine.com\/mag\/wp-content\/uploads\/2023\/03\/Casa-Caldeira-Felipe-Pina-arquitecture-Photo-credit-Ivo-Tavares-Studio-033-768x1152.jpg 768w, https:\/\/socialdesignmagazine.com\/mag\/wp-content\/uploads\/2023\/03\/Casa-Caldeira-Felipe-Pina-arquitecture-Photo-credit-Ivo-Tavares-Studio-033.jpg 1200w\" sizes=\"auto, (max-width: 1024px) 100vw, 1024px\" \/><\/figure>\n\n\n\n<figure class=\"wp-block-image size-large\"><img loading=\"lazy\" decoding=\"async\" width=\"1024\" height=\"1535\" data-attachment-id=\"49067\" data-permalink=\"https:\/\/socialdesignmagazine.com\/mag\/architettura\/casa-caldeira-la-rinascita-di-unantica-dimora-nel-cuore-della-citta-storica-casa-caldeira-felipe-pina-arquitectura\/attachment\/casa-caldeira-felipe-pina-arquitecture-photo-credit-ivo-tavares-studio-034\/#content\" data-orig-file=\"https:\/\/socialdesignmagazine.com\/mag\/wp-content\/uploads\/2023\/03\/Casa-Caldeira-Felipe-Pina-arquitecture-Photo-credit-Ivo-Tavares-Studio-034.jpg\" data-orig-size=\"1200,1799\" data-comments-opened=\"1\" data-image-meta=\"{&quot;aperture&quot;:&quot;0&quot;,&quot;credit&quot;:&quot;&quot;,&quot;camera&quot;:&quot;&quot;,&quot;caption&quot;:&quot;&quot;,&quot;created_timestamp&quot;:&quot;0&quot;,&quot;copyright&quot;:&quot;&quot;,&quot;focal_length&quot;:&quot;0&quot;,&quot;iso&quot;:&quot;0&quot;,&quot;shutter_speed&quot;:&quot;0&quot;,&quot;title&quot;:&quot;&quot;,&quot;orientation&quot;:&quot;0&quot;}\" data-image-title=\"Casa Caldeira Felipe Pina arquitecture Photo credit Ivo Tavares Studio\" data-image-description=\"\" data-image-caption=\"\" data-medium-file=\"https:\/\/socialdesignmagazine.com\/mag\/wp-content\/uploads\/2023\/03\/Casa-Caldeira-Felipe-Pina-arquitecture-Photo-credit-Ivo-Tavares-Studio-034-438x283.jpg\" data-large-file=\"https:\/\/socialdesignmagazine.com\/mag\/wp-content\/uploads\/2023\/03\/Casa-Caldeira-Felipe-Pina-arquitecture-Photo-credit-Ivo-Tavares-Studio-034-1024x1535.jpg\" data-id=\"49067\" src=\"https:\/\/socialdesignmagazine.com\/mag\/wp-content\/uploads\/2023\/03\/Casa-Caldeira-Felipe-Pina-arquitecture-Photo-credit-Ivo-Tavares-Studio-034-1024x1535.jpg\" alt=\"Casa Caldeira Felipe Pina arquitecture Photo credit Ivo Tavares Studio\" class=\"wp-image-49067\" srcset=\"https:\/\/socialdesignmagazine.com\/mag\/wp-content\/uploads\/2023\/03\/Casa-Caldeira-Felipe-Pina-arquitecture-Photo-credit-Ivo-Tavares-Studio-034-1024x1535.jpg 1024w, https:\/\/socialdesignmagazine.com\/mag\/wp-content\/uploads\/2023\/03\/Casa-Caldeira-Felipe-Pina-arquitecture-Photo-credit-Ivo-Tavares-Studio-034-768x1151.jpg 768w, https:\/\/socialdesignmagazine.com\/mag\/wp-content\/uploads\/2023\/03\/Casa-Caldeira-Felipe-Pina-arquitecture-Photo-credit-Ivo-Tavares-Studio-034-1025x1536.jpg 1025w, https:\/\/socialdesignmagazine.com\/mag\/wp-content\/uploads\/2023\/03\/Casa-Caldeira-Felipe-Pina-arquitecture-Photo-credit-Ivo-Tavares-Studio-034.jpg 1200w\" sizes=\"auto, (max-width: 1024px) 100vw, 1024px\" \/><\/figure>\n\n\n\n<figure class=\"wp-block-image size-large\"><img loading=\"lazy\" decoding=\"async\" width=\"1024\" height=\"683\" data-attachment-id=\"49075\" data-permalink=\"https:\/\/socialdesignmagazine.com\/mag\/architettura\/casa-caldeira-la-rinascita-di-unantica-dimora-nel-cuore-della-citta-storica-casa-caldeira-felipe-pina-arquitectura\/attachment\/casa-caldeira-felipe-pina-arquitecture-photo-credit-ivo-tavares-studio-035\/#content\" data-orig-file=\"https:\/\/socialdesignmagazine.com\/mag\/wp-content\/uploads\/2023\/03\/Casa-Caldeira-Felipe-Pina-arquitecture-Photo-credit-Ivo-Tavares-Studio-035.jpg\" data-orig-size=\"1200,800\" data-comments-opened=\"1\" data-image-meta=\"{&quot;aperture&quot;:&quot;0&quot;,&quot;credit&quot;:&quot;&quot;,&quot;camera&quot;:&quot;&quot;,&quot;caption&quot;:&quot;&quot;,&quot;created_timestamp&quot;:&quot;0&quot;,&quot;copyright&quot;:&quot;&quot;,&quot;focal_length&quot;:&quot;0&quot;,&quot;iso&quot;:&quot;0&quot;,&quot;shutter_speed&quot;:&quot;0&quot;,&quot;title&quot;:&quot;&quot;,&quot;orientation&quot;:&quot;0&quot;}\" data-image-title=\"Casa Caldeira Felipe Pina arquitecture Photo credit Ivo Tavares Studio\" data-image-description=\"\" data-image-caption=\"\" data-medium-file=\"https:\/\/socialdesignmagazine.com\/mag\/wp-content\/uploads\/2023\/03\/Casa-Caldeira-Felipe-Pina-arquitecture-Photo-credit-Ivo-Tavares-Studio-035-438x283.jpg\" data-large-file=\"https:\/\/socialdesignmagazine.com\/mag\/wp-content\/uploads\/2023\/03\/Casa-Caldeira-Felipe-Pina-arquitecture-Photo-credit-Ivo-Tavares-Studio-035-1024x683.jpg\" data-id=\"49075\" src=\"https:\/\/socialdesignmagazine.com\/mag\/wp-content\/uploads\/2023\/03\/Casa-Caldeira-Felipe-Pina-arquitecture-Photo-credit-Ivo-Tavares-Studio-035-1024x683.jpg\" alt=\"Casa Caldeira Felipe Pina arquitecture Photo credit Ivo Tavares Studio\" class=\"wp-image-49075\" srcset=\"https:\/\/socialdesignmagazine.com\/mag\/wp-content\/uploads\/2023\/03\/Casa-Caldeira-Felipe-Pina-arquitecture-Photo-credit-Ivo-Tavares-Studio-035-1024x683.jpg 1024w, https:\/\/socialdesignmagazine.com\/mag\/wp-content\/uploads\/2023\/03\/Casa-Caldeira-Felipe-Pina-arquitecture-Photo-credit-Ivo-Tavares-Studio-035-100x66.jpg 100w, https:\/\/socialdesignmagazine.com\/mag\/wp-content\/uploads\/2023\/03\/Casa-Caldeira-Felipe-Pina-arquitecture-Photo-credit-Ivo-Tavares-Studio-035-768x512.jpg 768w, https:\/\/socialdesignmagazine.com\/mag\/wp-content\/uploads\/2023\/03\/Casa-Caldeira-Felipe-Pina-arquitecture-Photo-credit-Ivo-Tavares-Studio-035.jpg 1200w\" sizes=\"auto, (max-width: 1024px) 100vw, 1024px\" \/><\/figure>\n\n\n\n<figure class=\"wp-block-image size-large\"><img loading=\"lazy\" decoding=\"async\" width=\"1024\" height=\"683\" data-attachment-id=\"49088\" data-permalink=\"https:\/\/socialdesignmagazine.com\/mag\/architettura\/casa-caldeira-la-rinascita-di-unantica-dimora-nel-cuore-della-citta-storica-casa-caldeira-felipe-pina-arquitectura\/attachment\/casa-caldeira-felipe-pina-arquitecture-photo-credit-ivo-tavares-studio-036\/#content\" data-orig-file=\"https:\/\/socialdesignmagazine.com\/mag\/wp-content\/uploads\/2023\/03\/Casa-Caldeira-Felipe-Pina-arquitecture-Photo-credit-Ivo-Tavares-Studio-036.jpg\" data-orig-size=\"1200,800\" data-comments-opened=\"1\" data-image-meta=\"{&quot;aperture&quot;:&quot;0&quot;,&quot;credit&quot;:&quot;&quot;,&quot;camera&quot;:&quot;&quot;,&quot;caption&quot;:&quot;&quot;,&quot;created_timestamp&quot;:&quot;0&quot;,&quot;copyright&quot;:&quot;&quot;,&quot;focal_length&quot;:&quot;0&quot;,&quot;iso&quot;:&quot;0&quot;,&quot;shutter_speed&quot;:&quot;0&quot;,&quot;title&quot;:&quot;&quot;,&quot;orientation&quot;:&quot;0&quot;}\" data-image-title=\"Casa Caldeira Felipe Pina arquitecture Photo credit Ivo Tavares Studio\" data-image-description=\"\" data-image-caption=\"\" data-medium-file=\"https:\/\/socialdesignmagazine.com\/mag\/wp-content\/uploads\/2023\/03\/Casa-Caldeira-Felipe-Pina-arquitecture-Photo-credit-Ivo-Tavares-Studio-036-438x283.jpg\" data-large-file=\"https:\/\/socialdesignmagazine.com\/mag\/wp-content\/uploads\/2023\/03\/Casa-Caldeira-Felipe-Pina-arquitecture-Photo-credit-Ivo-Tavares-Studio-036-1024x683.jpg\" data-id=\"49088\" src=\"https:\/\/socialdesignmagazine.com\/mag\/wp-content\/uploads\/2023\/03\/Casa-Caldeira-Felipe-Pina-arquitecture-Photo-credit-Ivo-Tavares-Studio-036-1024x683.jpg\" alt=\"Casa Caldeira Felipe Pina arquitecture Photo credit Ivo Tavares Studio\" class=\"wp-image-49088\" srcset=\"https:\/\/socialdesignmagazine.com\/mag\/wp-content\/uploads\/2023\/03\/Casa-Caldeira-Felipe-Pina-arquitecture-Photo-credit-Ivo-Tavares-Studio-036-1024x683.jpg 1024w, https:\/\/socialdesignmagazine.com\/mag\/wp-content\/uploads\/2023\/03\/Casa-Caldeira-Felipe-Pina-arquitecture-Photo-credit-Ivo-Tavares-Studio-036-100x66.jpg 100w, https:\/\/socialdesignmagazine.com\/mag\/wp-content\/uploads\/2023\/03\/Casa-Caldeira-Felipe-Pina-arquitecture-Photo-credit-Ivo-Tavares-Studio-036-768x512.jpg 768w, https:\/\/socialdesignmagazine.com\/mag\/wp-content\/uploads\/2023\/03\/Casa-Caldeira-Felipe-Pina-arquitecture-Photo-credit-Ivo-Tavares-Studio-036.jpg 1200w\" sizes=\"auto, (max-width: 1024px) 100vw, 1024px\" \/><\/figure>\n\n\n\n<figure class=\"wp-block-image size-large\"><img loading=\"lazy\" decoding=\"async\" width=\"1024\" height=\"1535\" data-attachment-id=\"49091\" data-permalink=\"https:\/\/socialdesignmagazine.com\/mag\/architettura\/casa-caldeira-la-rinascita-di-unantica-dimora-nel-cuore-della-citta-storica-casa-caldeira-felipe-pina-arquitectura\/attachment\/casa-caldeira-felipe-pina-arquitecture-photo-credit-ivo-tavares-studio-037\/#content\" data-orig-file=\"https:\/\/socialdesignmagazine.com\/mag\/wp-content\/uploads\/2023\/03\/Casa-Caldeira-Felipe-Pina-arquitecture-Photo-credit-Ivo-Tavares-Studio-037.jpg\" data-orig-size=\"1200,1799\" data-comments-opened=\"1\" data-image-meta=\"{&quot;aperture&quot;:&quot;0&quot;,&quot;credit&quot;:&quot;&quot;,&quot;camera&quot;:&quot;&quot;,&quot;caption&quot;:&quot;&quot;,&quot;created_timestamp&quot;:&quot;0&quot;,&quot;copyright&quot;:&quot;&quot;,&quot;focal_length&quot;:&quot;0&quot;,&quot;iso&quot;:&quot;0&quot;,&quot;shutter_speed&quot;:&quot;0&quot;,&quot;title&quot;:&quot;&quot;,&quot;orientation&quot;:&quot;0&quot;}\" data-image-title=\"Casa Caldeira Felipe Pina arquitecture Photo credit Ivo Tavares Studio\" data-image-description=\"\" data-image-caption=\"\" data-medium-file=\"https:\/\/socialdesignmagazine.com\/mag\/wp-content\/uploads\/2023\/03\/Casa-Caldeira-Felipe-Pina-arquitecture-Photo-credit-Ivo-Tavares-Studio-037-438x283.jpg\" data-large-file=\"https:\/\/socialdesignmagazine.com\/mag\/wp-content\/uploads\/2023\/03\/Casa-Caldeira-Felipe-Pina-arquitecture-Photo-credit-Ivo-Tavares-Studio-037-1024x1535.jpg\" data-id=\"49091\" src=\"https:\/\/socialdesignmagazine.com\/mag\/wp-content\/uploads\/2023\/03\/Casa-Caldeira-Felipe-Pina-arquitecture-Photo-credit-Ivo-Tavares-Studio-037-1024x1535.jpg\" alt=\"Casa Caldeira Felipe Pina arquitecture Photo credit Ivo Tavares Studio\" class=\"wp-image-49091\" srcset=\"https:\/\/socialdesignmagazine.com\/mag\/wp-content\/uploads\/2023\/03\/Casa-Caldeira-Felipe-Pina-arquitecture-Photo-credit-Ivo-Tavares-Studio-037-1024x1535.jpg 1024w, https:\/\/socialdesignmagazine.com\/mag\/wp-content\/uploads\/2023\/03\/Casa-Caldeira-Felipe-Pina-arquitecture-Photo-credit-Ivo-Tavares-Studio-037-768x1151.jpg 768w, https:\/\/socialdesignmagazine.com\/mag\/wp-content\/uploads\/2023\/03\/Casa-Caldeira-Felipe-Pina-arquitecture-Photo-credit-Ivo-Tavares-Studio-037-1025x1536.jpg 1025w, https:\/\/socialdesignmagazine.com\/mag\/wp-content\/uploads\/2023\/03\/Casa-Caldeira-Felipe-Pina-arquitecture-Photo-credit-Ivo-Tavares-Studio-037.jpg 1200w\" sizes=\"auto, (max-width: 1024px) 100vw, 1024px\" \/><\/figure>\n\n\n\n<figure class=\"wp-block-image size-large\"><img loading=\"lazy\" decoding=\"async\" width=\"1024\" height=\"1447\" data-attachment-id=\"49092\" data-permalink=\"https:\/\/socialdesignmagazine.com\/mag\/architettura\/casa-caldeira-la-rinascita-di-unantica-dimora-nel-cuore-della-citta-storica-casa-caldeira-felipe-pina-arquitectura\/attachment\/casa-caldeira-felipe-pina-arquitecture-photo-credit-ivo-tavares-studio-038\/#content\" data-orig-file=\"https:\/\/socialdesignmagazine.com\/mag\/wp-content\/uploads\/2023\/03\/Casa-Caldeira-Felipe-Pina-arquitecture-Photo-credit-Ivo-Tavares-Studio-038.jpg\" data-orig-size=\"1200,1696\" data-comments-opened=\"1\" data-image-meta=\"{&quot;aperture&quot;:&quot;0&quot;,&quot;credit&quot;:&quot;&quot;,&quot;camera&quot;:&quot;&quot;,&quot;caption&quot;:&quot;&quot;,&quot;created_timestamp&quot;:&quot;0&quot;,&quot;copyright&quot;:&quot;&quot;,&quot;focal_length&quot;:&quot;0&quot;,&quot;iso&quot;:&quot;0&quot;,&quot;shutter_speed&quot;:&quot;0&quot;,&quot;title&quot;:&quot;&quot;,&quot;orientation&quot;:&quot;0&quot;}\" data-image-title=\"Casa Caldeira Felipe Pina arquitecture Photo credit Ivo Tavares Studio\" data-image-description=\"\" data-image-caption=\"\" data-medium-file=\"https:\/\/socialdesignmagazine.com\/mag\/wp-content\/uploads\/2023\/03\/Casa-Caldeira-Felipe-Pina-arquitecture-Photo-credit-Ivo-Tavares-Studio-038-438x283.jpg\" data-large-file=\"https:\/\/socialdesignmagazine.com\/mag\/wp-content\/uploads\/2023\/03\/Casa-Caldeira-Felipe-Pina-arquitecture-Photo-credit-Ivo-Tavares-Studio-038-1024x1447.jpg\" data-id=\"49092\" src=\"https:\/\/socialdesignmagazine.com\/mag\/wp-content\/uploads\/2023\/03\/Casa-Caldeira-Felipe-Pina-arquitecture-Photo-credit-Ivo-Tavares-Studio-038-1024x1447.jpg\" alt=\"Casa Caldeira Felipe Pina arquitecture Photo credit Ivo Tavares Studio\" class=\"wp-image-49092\" srcset=\"https:\/\/socialdesignmagazine.com\/mag\/wp-content\/uploads\/2023\/03\/Casa-Caldeira-Felipe-Pina-arquitecture-Photo-credit-Ivo-Tavares-Studio-038-1024x1447.jpg 1024w, https:\/\/socialdesignmagazine.com\/mag\/wp-content\/uploads\/2023\/03\/Casa-Caldeira-Felipe-Pina-arquitecture-Photo-credit-Ivo-Tavares-Studio-038-768x1085.jpg 768w, https:\/\/socialdesignmagazine.com\/mag\/wp-content\/uploads\/2023\/03\/Casa-Caldeira-Felipe-Pina-arquitecture-Photo-credit-Ivo-Tavares-Studio-038-1087x1536.jpg 1087w, https:\/\/socialdesignmagazine.com\/mag\/wp-content\/uploads\/2023\/03\/Casa-Caldeira-Felipe-Pina-arquitecture-Photo-credit-Ivo-Tavares-Studio-038.jpg 1200w\" sizes=\"auto, (max-width: 1024px) 100vw, 1024px\" \/><\/figure>\n\n\n\n<figure class=\"wp-block-image size-large\"><img loading=\"lazy\" decoding=\"async\" width=\"1024\" height=\"913\" data-attachment-id=\"49090\" data-permalink=\"https:\/\/socialdesignmagazine.com\/mag\/architettura\/casa-caldeira-la-rinascita-di-unantica-dimora-nel-cuore-della-citta-storica-casa-caldeira-felipe-pina-arquitectura\/attachment\/casa-caldeira-felipe-pina-arquitecture-photo-credit-ivo-tavares-studio-039\/#content\" data-orig-file=\"https:\/\/socialdesignmagazine.com\/mag\/wp-content\/uploads\/2023\/03\/Casa-Caldeira-Felipe-Pina-arquitecture-Photo-credit-Ivo-Tavares-Studio-039.jpg\" data-orig-size=\"1200,1070\" data-comments-opened=\"1\" data-image-meta=\"{&quot;aperture&quot;:&quot;0&quot;,&quot;credit&quot;:&quot;&quot;,&quot;camera&quot;:&quot;&quot;,&quot;caption&quot;:&quot;&quot;,&quot;created_timestamp&quot;:&quot;0&quot;,&quot;copyright&quot;:&quot;&quot;,&quot;focal_length&quot;:&quot;0&quot;,&quot;iso&quot;:&quot;0&quot;,&quot;shutter_speed&quot;:&quot;0&quot;,&quot;title&quot;:&quot;&quot;,&quot;orientation&quot;:&quot;0&quot;}\" data-image-title=\"Casa Caldeira Felipe Pina arquitecture Photo credit Ivo Tavares Studio\" data-image-description=\"\" data-image-caption=\"\" data-medium-file=\"https:\/\/socialdesignmagazine.com\/mag\/wp-content\/uploads\/2023\/03\/Casa-Caldeira-Felipe-Pina-arquitecture-Photo-credit-Ivo-Tavares-Studio-039-438x283.jpg\" data-large-file=\"https:\/\/socialdesignmagazine.com\/mag\/wp-content\/uploads\/2023\/03\/Casa-Caldeira-Felipe-Pina-arquitecture-Photo-credit-Ivo-Tavares-Studio-039-1024x913.jpg\" data-id=\"49090\" src=\"https:\/\/socialdesignmagazine.com\/mag\/wp-content\/uploads\/2023\/03\/Casa-Caldeira-Felipe-Pina-arquitecture-Photo-credit-Ivo-Tavares-Studio-039-1024x913.jpg\" alt=\"Casa Caldeira Felipe Pina arquitecture Photo credit Ivo Tavares Studio\" class=\"wp-image-49090\" srcset=\"https:\/\/socialdesignmagazine.com\/mag\/wp-content\/uploads\/2023\/03\/Casa-Caldeira-Felipe-Pina-arquitecture-Photo-credit-Ivo-Tavares-Studio-039-1024x913.jpg 1024w, https:\/\/socialdesignmagazine.com\/mag\/wp-content\/uploads\/2023\/03\/Casa-Caldeira-Felipe-Pina-arquitecture-Photo-credit-Ivo-Tavares-Studio-039-768x685.jpg 768w, https:\/\/socialdesignmagazine.com\/mag\/wp-content\/uploads\/2023\/03\/Casa-Caldeira-Felipe-Pina-arquitecture-Photo-credit-Ivo-Tavares-Studio-039.jpg 1200w\" sizes=\"auto, (max-width: 1024px) 100vw, 1024px\" \/><\/figure>\n\n\n\n<figure class=\"wp-block-image size-large\"><img loading=\"lazy\" decoding=\"async\" width=\"1024\" height=\"1535\" data-attachment-id=\"49093\" data-permalink=\"https:\/\/socialdesignmagazine.com\/mag\/architettura\/casa-caldeira-la-rinascita-di-unantica-dimora-nel-cuore-della-citta-storica-casa-caldeira-felipe-pina-arquitectura\/attachment\/casa-caldeira-felipe-pina-arquitecture-photo-credit-ivo-tavares-studio-040\/#content\" data-orig-file=\"https:\/\/socialdesignmagazine.com\/mag\/wp-content\/uploads\/2023\/03\/Casa-Caldeira-Felipe-Pina-arquitecture-Photo-credit-Ivo-Tavares-Studio-040.jpg\" data-orig-size=\"1200,1799\" data-comments-opened=\"1\" data-image-meta=\"{&quot;aperture&quot;:&quot;0&quot;,&quot;credit&quot;:&quot;&quot;,&quot;camera&quot;:&quot;&quot;,&quot;caption&quot;:&quot;&quot;,&quot;created_timestamp&quot;:&quot;0&quot;,&quot;copyright&quot;:&quot;&quot;,&quot;focal_length&quot;:&quot;0&quot;,&quot;iso&quot;:&quot;0&quot;,&quot;shutter_speed&quot;:&quot;0&quot;,&quot;title&quot;:&quot;&quot;,&quot;orientation&quot;:&quot;0&quot;}\" data-image-title=\"Casa Caldeira Felipe Pina arquitecture Photo credit Ivo Tavares Studio\" data-image-description=\"\" data-image-caption=\"\" data-medium-file=\"https:\/\/socialdesignmagazine.com\/mag\/wp-content\/uploads\/2023\/03\/Casa-Caldeira-Felipe-Pina-arquitecture-Photo-credit-Ivo-Tavares-Studio-040-438x283.jpg\" data-large-file=\"https:\/\/socialdesignmagazine.com\/mag\/wp-content\/uploads\/2023\/03\/Casa-Caldeira-Felipe-Pina-arquitecture-Photo-credit-Ivo-Tavares-Studio-040-1024x1535.jpg\" data-id=\"49093\" src=\"https:\/\/socialdesignmagazine.com\/mag\/wp-content\/uploads\/2023\/03\/Casa-Caldeira-Felipe-Pina-arquitecture-Photo-credit-Ivo-Tavares-Studio-040-1024x1535.jpg\" alt=\"Casa Caldeira Felipe Pina arquitecture Photo credit Ivo Tavares Studio\" class=\"wp-image-49093\" srcset=\"https:\/\/socialdesignmagazine.com\/mag\/wp-content\/uploads\/2023\/03\/Casa-Caldeira-Felipe-Pina-arquitecture-Photo-credit-Ivo-Tavares-Studio-040-1024x1535.jpg 1024w, https:\/\/socialdesignmagazine.com\/mag\/wp-content\/uploads\/2023\/03\/Casa-Caldeira-Felipe-Pina-arquitecture-Photo-credit-Ivo-Tavares-Studio-040-768x1151.jpg 768w, https:\/\/socialdesignmagazine.com\/mag\/wp-content\/uploads\/2023\/03\/Casa-Caldeira-Felipe-Pina-arquitecture-Photo-credit-Ivo-Tavares-Studio-040-1025x1536.jpg 1025w, https:\/\/socialdesignmagazine.com\/mag\/wp-content\/uploads\/2023\/03\/Casa-Caldeira-Felipe-Pina-arquitecture-Photo-credit-Ivo-Tavares-Studio-040.jpg 1200w\" sizes=\"auto, (max-width: 1024px) 100vw, 1024px\" \/><\/figure>\n<\/figure>\n\n\n\n<figure class=\"wp-block-gallery has-nested-images columns-1 is-cropped wp-block-gallery-2 is-layout-flex wp-block-gallery-is-layout-flex\">\n<figure class=\"wp-block-image size-large\"><img loading=\"lazy\" decoding=\"async\" width=\"1024\" height=\"724\" data-attachment-id=\"49094\" data-permalink=\"https:\/\/socialdesignmagazine.com\/mag\/architettura\/casa-caldeira-la-rinascita-di-unantica-dimora-nel-cuore-della-citta-storica-casa-caldeira-felipe-pina-arquitectura\/attachment\/planta-piso-1-2\/#content\" data-orig-file=\"https:\/\/socialdesignmagazine.com\/mag\/wp-content\/uploads\/2023\/03\/planta-piso-1.jpg\" data-orig-size=\"1200,848\" data-comments-opened=\"1\" data-image-meta=\"{&quot;aperture&quot;:&quot;0&quot;,&quot;credit&quot;:&quot;&quot;,&quot;camera&quot;:&quot;&quot;,&quot;caption&quot;:&quot;&quot;,&quot;created_timestamp&quot;:&quot;0&quot;,&quot;copyright&quot;:&quot;&quot;,&quot;focal_length&quot;:&quot;0&quot;,&quot;iso&quot;:&quot;0&quot;,&quot;shutter_speed&quot;:&quot;0&quot;,&quot;title&quot;:&quot;&quot;,&quot;orientation&quot;:&quot;0&quot;}\" data-image-title=\"planta piso\" data-image-description=\"\" data-image-caption=\"\" data-medium-file=\"https:\/\/socialdesignmagazine.com\/mag\/wp-content\/uploads\/2023\/03\/planta-piso-1-438x283.jpg\" data-large-file=\"https:\/\/socialdesignmagazine.com\/mag\/wp-content\/uploads\/2023\/03\/planta-piso-1-1024x724.jpg\" data-id=\"49094\" src=\"https:\/\/socialdesignmagazine.com\/mag\/wp-content\/uploads\/2023\/03\/planta-piso-1-1024x724.jpg\" alt=\"planta piso\" class=\"wp-image-49094\" srcset=\"https:\/\/socialdesignmagazine.com\/mag\/wp-content\/uploads\/2023\/03\/planta-piso-1-1024x724.jpg 1024w, https:\/\/socialdesignmagazine.com\/mag\/wp-content\/uploads\/2023\/03\/planta-piso-1-768x543.jpg 768w, https:\/\/socialdesignmagazine.com\/mag\/wp-content\/uploads\/2023\/03\/planta-piso-1.jpg 1200w\" sizes=\"auto, (max-width: 1024px) 100vw, 1024px\" \/><\/figure>\n\n\n\n<figure class=\"wp-block-image size-large\"><img loading=\"lazy\" decoding=\"async\" width=\"1024\" height=\"724\" data-attachment-id=\"49096\" data-permalink=\"https:\/\/socialdesignmagazine.com\/mag\/architettura\/casa-caldeira-la-rinascita-di-unantica-dimora-nel-cuore-della-citta-storica-casa-caldeira-felipe-pina-arquitectura\/attachment\/planta-piso-0-2\/#content\" data-orig-file=\"https:\/\/socialdesignmagazine.com\/mag\/wp-content\/uploads\/2023\/03\/planta-piso-0.jpg\" data-orig-size=\"1200,848\" data-comments-opened=\"1\" data-image-meta=\"{&quot;aperture&quot;:&quot;0&quot;,&quot;credit&quot;:&quot;&quot;,&quot;camera&quot;:&quot;&quot;,&quot;caption&quot;:&quot;&quot;,&quot;created_timestamp&quot;:&quot;0&quot;,&quot;copyright&quot;:&quot;&quot;,&quot;focal_length&quot;:&quot;0&quot;,&quot;iso&quot;:&quot;0&quot;,&quot;shutter_speed&quot;:&quot;0&quot;,&quot;title&quot;:&quot;&quot;,&quot;orientation&quot;:&quot;0&quot;}\" data-image-title=\"planta piso\" data-image-description=\"\" data-image-caption=\"\" data-medium-file=\"https:\/\/socialdesignmagazine.com\/mag\/wp-content\/uploads\/2023\/03\/planta-piso-0-438x283.jpg\" data-large-file=\"https:\/\/socialdesignmagazine.com\/mag\/wp-content\/uploads\/2023\/03\/planta-piso-0-1024x724.jpg\" data-id=\"49096\" src=\"https:\/\/socialdesignmagazine.com\/mag\/wp-content\/uploads\/2023\/03\/planta-piso-0-1024x724.jpg\" alt=\"planta piso\" class=\"wp-image-49096\" srcset=\"https:\/\/socialdesignmagazine.com\/mag\/wp-content\/uploads\/2023\/03\/planta-piso-0-1024x724.jpg 1024w, https:\/\/socialdesignmagazine.com\/mag\/wp-content\/uploads\/2023\/03\/planta-piso-0-768x543.jpg 768w, https:\/\/socialdesignmagazine.com\/mag\/wp-content\/uploads\/2023\/03\/planta-piso-0.jpg 1200w\" sizes=\"auto, (max-width: 1024px) 100vw, 1024px\" \/><\/figure>\n\n\n\n<figure class=\"wp-block-image size-large\"><img loading=\"lazy\" decoding=\"async\" width=\"1024\" height=\"724\" data-attachment-id=\"49095\" data-permalink=\"https:\/\/socialdesignmagazine.com\/mag\/architettura\/casa-caldeira-la-rinascita-di-unantica-dimora-nel-cuore-della-citta-storica-casa-caldeira-felipe-pina-arquitectura\/attachment\/alcado-sul_existente\/#content\" data-orig-file=\"https:\/\/socialdesignmagazine.com\/mag\/wp-content\/uploads\/2023\/03\/alcado-sul_existente.jpg\" data-orig-size=\"1200,848\" data-comments-opened=\"1\" data-image-meta=\"{&quot;aperture&quot;:&quot;0&quot;,&quot;credit&quot;:&quot;&quot;,&quot;camera&quot;:&quot;&quot;,&quot;caption&quot;:&quot;&quot;,&quot;created_timestamp&quot;:&quot;0&quot;,&quot;copyright&quot;:&quot;&quot;,&quot;focal_length&quot;:&quot;0&quot;,&quot;iso&quot;:&quot;0&quot;,&quot;shutter_speed&quot;:&quot;0&quot;,&quot;title&quot;:&quot;&quot;,&quot;orientation&quot;:&quot;0&quot;}\" data-image-title=\"alcado sul existente\" data-image-description=\"\" data-image-caption=\"\" data-medium-file=\"https:\/\/socialdesignmagazine.com\/mag\/wp-content\/uploads\/2023\/03\/alcado-sul_existente-438x283.jpg\" data-large-file=\"https:\/\/socialdesignmagazine.com\/mag\/wp-content\/uploads\/2023\/03\/alcado-sul_existente-1024x724.jpg\" data-id=\"49095\" src=\"https:\/\/socialdesignmagazine.com\/mag\/wp-content\/uploads\/2023\/03\/alcado-sul_existente-1024x724.jpg\" alt=\"alcado sul existente\" class=\"wp-image-49095\" srcset=\"https:\/\/socialdesignmagazine.com\/mag\/wp-content\/uploads\/2023\/03\/alcado-sul_existente-1024x724.jpg 1024w, https:\/\/socialdesignmagazine.com\/mag\/wp-content\/uploads\/2023\/03\/alcado-sul_existente-768x543.jpg 768w, https:\/\/socialdesignmagazine.com\/mag\/wp-content\/uploads\/2023\/03\/alcado-sul_existente.jpg 1200w\" sizes=\"auto, (max-width: 1024px) 100vw, 1024px\" \/><\/figure>\n\n\n\n<figure class=\"wp-block-image size-large\"><img loading=\"lazy\" decoding=\"async\" width=\"1024\" height=\"724\" data-attachment-id=\"49097\" data-permalink=\"https:\/\/socialdesignmagazine.com\/mag\/architettura\/casa-caldeira-la-rinascita-di-unantica-dimora-nel-cuore-della-citta-storica-casa-caldeira-felipe-pina-arquitectura\/attachment\/alcado-sul_proposta\/#content\" data-orig-file=\"https:\/\/socialdesignmagazine.com\/mag\/wp-content\/uploads\/2023\/03\/alcado-sul_proposta.jpg\" data-orig-size=\"1200,848\" data-comments-opened=\"1\" data-image-meta=\"{&quot;aperture&quot;:&quot;0&quot;,&quot;credit&quot;:&quot;&quot;,&quot;camera&quot;:&quot;&quot;,&quot;caption&quot;:&quot;&quot;,&quot;created_timestamp&quot;:&quot;0&quot;,&quot;copyright&quot;:&quot;&quot;,&quot;focal_length&quot;:&quot;0&quot;,&quot;iso&quot;:&quot;0&quot;,&quot;shutter_speed&quot;:&quot;0&quot;,&quot;title&quot;:&quot;&quot;,&quot;orientation&quot;:&quot;0&quot;}\" data-image-title=\"alcado sul proposta\" data-image-description=\"\" data-image-caption=\"\" data-medium-file=\"https:\/\/socialdesignmagazine.com\/mag\/wp-content\/uploads\/2023\/03\/alcado-sul_proposta-438x283.jpg\" data-large-file=\"https:\/\/socialdesignmagazine.com\/mag\/wp-content\/uploads\/2023\/03\/alcado-sul_proposta-1024x724.jpg\" data-id=\"49097\" src=\"https:\/\/socialdesignmagazine.com\/mag\/wp-content\/uploads\/2023\/03\/alcado-sul_proposta-1024x724.jpg\" alt=\"alcado sul proposta\" class=\"wp-image-49097\" srcset=\"https:\/\/socialdesignmagazine.com\/mag\/wp-content\/uploads\/2023\/03\/alcado-sul_proposta-1024x724.jpg 1024w, https:\/\/socialdesignmagazine.com\/mag\/wp-content\/uploads\/2023\/03\/alcado-sul_proposta-768x543.jpg 768w, https:\/\/socialdesignmagazine.com\/mag\/wp-content\/uploads\/2023\/03\/alcado-sul_proposta.jpg 1200w\" sizes=\"auto, (max-width: 1024px) 100vw, 1024px\" \/><\/figure>\n<\/figure>\n\n\n\n<h2 class=\"wp-block-heading\">Project info<\/h2>\n\n\n\n<p><strong>Project name:<\/strong> Caldeira House<br><strong>Architecture Office:<\/strong> Filipe Pina<br><strong>Main Architect:<\/strong> Filipe Pina<br><strong>Collaboration:<\/strong> Diana Cruz<br><strong>Website:<\/strong> www.fp-a.pt\/<br><strong>E-mail:<\/strong> info@fp-a.pt<br><strong>Instagram:<\/strong> fp_architectures<br><strong>Location:<\/strong> Vila Nova de Foz C\u00f4a &#8211; Portugal<br><strong>Year of conclusion:<\/strong> 2021<br><strong>Total area:<\/strong> 270m2<br><strong>Engineering:<\/strong> Ricardo Pereira<\/p>\n\n\n\n<p><strong>Architectural photographer:<\/strong> Ivo Tavares Studio<br><strong>Website:<\/strong> www.ivotavares.net<br><strong>Facebook:<\/strong> www.facebook.com\/ivotavaresstudio<br><strong>Instagram:<\/strong> www.instagram.com\/ivotavaresstudio<\/p>\n","protected":false,"gt_translate_keys":[{"key":"rendered","format":"html"}]},"excerpt":{"rendered":"<p>Nel centro storico di Vila Nova de Foz Coa, il progetto Casa Caldeira di Felipe Pina arquitectura si concentra sulla ristrutturazione di un edificio costruito alla fine del XIX secolo, trasformandolo in una casa monofamiliare<\/p>\n","protected":false,"gt_translate_keys":[{"key":"rendered","format":"html"}]},"author":1,"featured_media":49050,"comment_status":"open","ping_status":"open","sticky":false,"template":"","format":"standard","meta":{"jetpack_post_was_ever_published":false,"_jetpack_newsletter_access":"","_jetpack_dont_email_post_to_subs":false,"_jetpack_newsletter_tier_id":0,"_jetpack_memberships_contains_paywalled_content":false,"_jetpack_memberships_contains_paid_content":false,"footnotes":"","_wpscppro_dont_share_socialmedia":false,"_wpscppro_custom_social_share_image":0,"_facebook_share_type":"","_twitter_share_type":"","_linkedin_share_type":"","_pinterest_share_type":"","_linkedin_share_type_page":"","_instagram_share_type":"","_medium_share_type":"","_threads_share_type":"","_google_business_share_type":"","_selected_social_profile":[],"_wpsp_enable_custom_social_template":false,"_wpsp_social_scheduling":{"enabled":false,"datetime":null,"platforms":[],"status":"template_only","dateOption":"today","timeOption":"now","customDays":"","customHours":"","customDate":"","customTime":"","schedulingType":"absolute"},"_wpsp_active_default_template":true},"categories":[15],"tags":[5451,99,6539,2292,109],"class_list":["post-48965","post","type-post","status-publish","format-standard","has-post-thumbnail","hentry","category-architettura","tag-architettura","tag-casa","tag-felipe-pina-arquitectura","tag-interior-design","tag-ristrutturazione"],"yoast_head":"<!-- This site is optimized with the Yoast SEO plugin v27.2 - https:\/\/yoast.com\/product\/yoast-seo-wordpress\/ -->\n<title>La rinascita di un&#039;antica dimora nel cuore della citt\u00e0 storica. Casa Caldeira - Felipe Pina arquitectura - Social Design Magazine<\/title>\n<meta name=\"description\" content=\"Nel centro storico di Vila Nova de Foz Coa, il progetto Casa Caldeira di Felipe Pina arquitectura si concentra sulla ristrutturazione di un edificio costruito alla fine del XIX secolo, trasformandolo in una casa monofamiliare\" \/>\n<meta name=\"robots\" content=\"index, follow, max-snippet:-1, max-image-preview:large, max-video-preview:-1\" \/>\n<link rel=\"canonical\" href=\"https:\/\/socialdesignmagazine.com\/mag\/architettura\/casa-caldeira-la-rinascita-di-unantica-dimora-nel-cuore-della-citta-storica-casa-caldeira-felipe-pina-arquitectura\/\" \/>\n<meta property=\"og:locale\" content=\"it_IT\" \/>\n<meta property=\"og:type\" content=\"article\" \/>\n<meta property=\"og:title\" content=\"La rinascita di un&#039;antica dimora nel cuore della citt\u00e0 storica. Casa Caldeira - Felipe Pina arquitectura - Social Design Magazine\" \/>\n<meta property=\"og:description\" content=\"Nel centro storico di Vila Nova de Foz Coa, il progetto Casa Caldeira di Felipe Pina arquitectura si concentra sulla ristrutturazione di un edificio costruito alla fine del XIX secolo, trasformandolo in una casa monofamiliare\" \/>\n<meta property=\"og:url\" content=\"http:\/\/socialdesignmagazine.com\/mag\/architettura\/casa-caldeira-la-rinascita-di-unantica-dimora-nel-cuore-della-citta-storica-casa-caldeira-felipe-pina-arquitectura\/\" \/>\n<meta property=\"og:site_name\" content=\"Social Design Magazine\" \/>\n<meta property=\"article:publisher\" content=\"https:\/\/www.facebook.com\/socialdesignmag\" \/>\n<meta property=\"article:author\" content=\"https:\/\/www.facebook.com\/benedettofiori\" \/>\n<meta property=\"article:published_time\" content=\"2023-03-28T21:55:21+00:00\" \/>\n<meta property=\"article:modified_time\" content=\"2023-03-28T22:09:49+00:00\" \/>\n<meta property=\"og:image\" content=\"https:\/\/socialdesignmagazine.com\/mag\/wp-content\/uploads\/2023\/03\/20220620-FILIPE-PINA-CASA-CALDEIRA-076_cover.jpg\" \/>\n\t<meta property=\"og:image:width\" content=\"1200\" \/>\n\t<meta property=\"og:image:height\" content=\"800\" \/>\n\t<meta property=\"og:image:type\" content=\"image\/jpeg\" \/>\n<meta name=\"author\" content=\"Benedetto Fiori\" \/>\n<meta name=\"twitter:card\" content=\"summary_large_image\" \/>\n<meta name=\"twitter:creator\" content=\"@benedettofiori\" \/>\n<meta name=\"twitter:site\" content=\"@socialdesignmag\" \/>\n<meta name=\"twitter:label1\" content=\"Scritto da\" \/>\n\t<meta name=\"twitter:data1\" content=\"Benedetto Fiori\" \/>\n\t<meta name=\"twitter:label2\" content=\"Tempo di lettura stimato\" \/>\n\t<meta name=\"twitter:data2\" content=\"11 minuti\" \/>\n<script type=\"application\/ld+json\" class=\"yoast-schema-graph\">{\"@context\":\"https:\/\/schema.org\",\"@graph\":[{\"@type\":\"Article\",\"@id\":\"https:\/\/socialdesignmagazine.com\/mag\/architettura\/casa-caldeira-la-rinascita-di-unantica-dimora-nel-cuore-della-citta-storica-casa-caldeira-felipe-pina-arquitectura\/#article\",\"isPartOf\":{\"@id\":\"https:\/\/socialdesignmagazine.com\/mag\/architettura\/casa-caldeira-la-rinascita-di-unantica-dimora-nel-cuore-della-citta-storica-casa-caldeira-felipe-pina-arquitectura\/\"},\"author\":{\"name\":\"Benedetto Fiori\",\"@id\":\"https:\/\/socialdesignmagazine.com\/mag\/#\/schema\/person\/61e20205cc363c315e6aabd33a045846\"},\"headline\":\"La rinascita di un&#8217;antica dimora nel cuore della citt\u00e0 storica. Casa Caldeira &#8211; Felipe Pina arquitectura\",\"datePublished\":\"2023-03-28T21:55:21+00:00\",\"dateModified\":\"2023-03-28T22:09:49+00:00\",\"mainEntityOfPage\":{\"@id\":\"https:\/\/socialdesignmagazine.com\/mag\/architettura\/casa-caldeira-la-rinascita-di-unantica-dimora-nel-cuore-della-citta-storica-casa-caldeira-felipe-pina-arquitectura\/\"},\"wordCount\":394,\"commentCount\":0,\"publisher\":{\"@id\":\"https:\/\/socialdesignmagazine.com\/mag\/#organization\"},\"image\":{\"@id\":\"https:\/\/socialdesignmagazine.com\/mag\/architettura\/casa-caldeira-la-rinascita-di-unantica-dimora-nel-cuore-della-citta-storica-casa-caldeira-felipe-pina-arquitectura\/#primaryimage\"},\"thumbnailUrl\":\"https:\/\/socialdesignmagazine.com\/mag\/wp-content\/uploads\/2023\/03\/20220620-FILIPE-PINA-CASA-CALDEIRA-076_cover.jpg\",\"keywords\":[\"architettura\",\"casa\",\"Felipe Pina arquitectura\",\"interior design\",\"ristrutturazione\"],\"articleSection\":[\"Architettura\"],\"inLanguage\":\"it-IT\",\"potentialAction\":[{\"@type\":\"CommentAction\",\"name\":\"Comment\",\"target\":[\"https:\/\/socialdesignmagazine.com\/mag\/architettura\/casa-caldeira-la-rinascita-di-unantica-dimora-nel-cuore-della-citta-storica-casa-caldeira-felipe-pina-arquitectura\/#respond\"]}]},{\"@type\":\"WebPage\",\"@id\":\"https:\/\/socialdesignmagazine.com\/mag\/architettura\/casa-caldeira-la-rinascita-di-unantica-dimora-nel-cuore-della-citta-storica-casa-caldeira-felipe-pina-arquitectura\/\",\"url\":\"https:\/\/socialdesignmagazine.com\/mag\/architettura\/casa-caldeira-la-rinascita-di-unantica-dimora-nel-cuore-della-citta-storica-casa-caldeira-felipe-pina-arquitectura\/\",\"name\":\"La rinascita di un'antica dimora nel cuore della citt\u00e0 storica. Casa Caldeira - Felipe Pina arquitectura - Social Design Magazine\",\"isPartOf\":{\"@id\":\"https:\/\/socialdesignmagazine.com\/mag\/#website\"},\"primaryImageOfPage\":{\"@id\":\"https:\/\/socialdesignmagazine.com\/mag\/architettura\/casa-caldeira-la-rinascita-di-unantica-dimora-nel-cuore-della-citta-storica-casa-caldeira-felipe-pina-arquitectura\/#primaryimage\"},\"image\":{\"@id\":\"https:\/\/socialdesignmagazine.com\/mag\/architettura\/casa-caldeira-la-rinascita-di-unantica-dimora-nel-cuore-della-citta-storica-casa-caldeira-felipe-pina-arquitectura\/#primaryimage\"},\"thumbnailUrl\":\"https:\/\/socialdesignmagazine.com\/mag\/wp-content\/uploads\/2023\/03\/20220620-FILIPE-PINA-CASA-CALDEIRA-076_cover.jpg\",\"datePublished\":\"2023-03-28T21:55:21+00:00\",\"dateModified\":\"2023-03-28T22:09:49+00:00\",\"description\":\"Nel centro storico di Vila Nova de Foz Coa, il progetto Casa Caldeira di Felipe Pina arquitectura si concentra sulla ristrutturazione di un edificio costruito alla fine del XIX secolo, trasformandolo in una casa monofamiliare\",\"breadcrumb\":{\"@id\":\"https:\/\/socialdesignmagazine.com\/mag\/architettura\/casa-caldeira-la-rinascita-di-unantica-dimora-nel-cuore-della-citta-storica-casa-caldeira-felipe-pina-arquitectura\/#breadcrumb\"},\"inLanguage\":\"it-IT\",\"potentialAction\":[{\"@type\":\"ReadAction\",\"target\":[\"https:\/\/socialdesignmagazine.com\/mag\/architettura\/casa-caldeira-la-rinascita-di-unantica-dimora-nel-cuore-della-citta-storica-casa-caldeira-felipe-pina-arquitectura\/\"]}]},{\"@type\":\"ImageObject\",\"inLanguage\":\"it-IT\",\"@id\":\"https:\/\/socialdesignmagazine.com\/mag\/architettura\/casa-caldeira-la-rinascita-di-unantica-dimora-nel-cuore-della-citta-storica-casa-caldeira-felipe-pina-arquitectura\/#primaryimage\",\"url\":\"https:\/\/socialdesignmagazine.com\/mag\/wp-content\/uploads\/2023\/03\/20220620-FILIPE-PINA-CASA-CALDEIRA-076_cover.jpg\",\"contentUrl\":\"https:\/\/socialdesignmagazine.com\/mag\/wp-content\/uploads\/2023\/03\/20220620-FILIPE-PINA-CASA-CALDEIRA-076_cover.jpg\",\"width\":1200,\"height\":800,\"caption\":\"FILIPE PINA CASA CALDEIRA\"},{\"@type\":\"BreadcrumbList\",\"@id\":\"https:\/\/socialdesignmagazine.com\/mag\/architettura\/casa-caldeira-la-rinascita-di-unantica-dimora-nel-cuore-della-citta-storica-casa-caldeira-felipe-pina-arquitectura\/#breadcrumb\",\"itemListElement\":[{\"@type\":\"ListItem\",\"position\":1,\"name\":\"Home\",\"item\":\"https:\/\/socialdesignmagazine.com\/mag\/\"},{\"@type\":\"ListItem\",\"position\":2,\"name\":\"Architettura\",\"item\":\"https:\/\/socialdesignmagazine.com\/mag\/architettura\/\"},{\"@type\":\"ListItem\",\"position\":3,\"name\":\"La rinascita di un&#8217;antica dimora nel cuore della citt\u00e0 storica. Casa Caldeira &#8211; Felipe Pina arquitectura\"}]},{\"@type\":\"WebSite\",\"@id\":\"https:\/\/socialdesignmagazine.com\/mag\/#website\",\"url\":\"https:\/\/socialdesignmagazine.com\/mag\/\",\"name\":\"Social Design Magazine\",\"description\":\"Social Magazine su Design, Architettura, Arte, Grafica\",\"publisher\":{\"@id\":\"https:\/\/socialdesignmagazine.com\/mag\/#organization\"},\"potentialAction\":[{\"@type\":\"SearchAction\",\"target\":{\"@type\":\"EntryPoint\",\"urlTemplate\":\"https:\/\/socialdesignmagazine.com\/mag\/?s={search_term_string}\"},\"query-input\":{\"@type\":\"PropertyValueSpecification\",\"valueRequired\":true,\"valueName\":\"search_term_string\"}}],\"inLanguage\":\"it-IT\"},{\"@type\":\"Organization\",\"@id\":\"https:\/\/socialdesignmagazine.com\/mag\/#organization\",\"name\":\"Social Design Magazine\",\"url\":\"https:\/\/socialdesignmagazine.com\/mag\/\",\"logo\":{\"@type\":\"ImageObject\",\"inLanguage\":\"it-IT\",\"@id\":\"https:\/\/socialdesignmagazine.com\/mag\/#\/schema\/logo\/image\/\",\"url\":\"https:\/\/socialdesignmagazine.com\/mag\/wp-content\/uploads\/2017\/01\/logo_favicon_11.png\",\"contentUrl\":\"https:\/\/socialdesignmagazine.com\/mag\/wp-content\/uploads\/2017\/01\/logo_favicon_11.png\",\"width\":1024,\"height\":1024,\"caption\":\"Social Design Magazine\"},\"image\":{\"@id\":\"https:\/\/socialdesignmagazine.com\/mag\/#\/schema\/logo\/image\/\"},\"sameAs\":[\"https:\/\/www.facebook.com\/socialdesignmag\",\"https:\/\/x.com\/socialdesignmag\",\"http:\/\/instagram.com\/social_design_magazine\/\",\"http:\/\/pinterest.com\/socialdesignmag\/\",\"http:\/\/www.youtube.com\/user\/socialdesignmagazine\"]},{\"@type\":\"Person\",\"@id\":\"https:\/\/socialdesignmagazine.com\/mag\/#\/schema\/person\/61e20205cc363c315e6aabd33a045846\",\"name\":\"Benedetto Fiori\",\"image\":{\"@type\":\"ImageObject\",\"inLanguage\":\"it-IT\",\"@id\":\"https:\/\/secure.gravatar.com\/avatar\/450a48cefa36da63d920ad70aa660bd10725b1c6093800242e5efdb397759033?s=96&d=mm&r=g\",\"url\":\"https:\/\/secure.gravatar.com\/avatar\/450a48cefa36da63d920ad70aa660bd10725b1c6093800242e5efdb397759033?s=96&d=mm&r=g\",\"contentUrl\":\"https:\/\/secure.gravatar.com\/avatar\/450a48cefa36da63d920ad70aa660bd10725b1c6093800242e5efdb397759033?s=96&d=mm&r=g\",\"caption\":\"Benedetto Fiori\"},\"description\":\"Web | Twitter | Facebook | Shutterstock Founder &amp; Editor in Chief di Social Design Magazine. Attratto da sempre da tutto ci\u00f2 che \u00e8 creativit\u00e0, design, architettura. Dopo aver studiato Architettura all'Universit\u00e0 di Firenze, si \u00e8 impegnato in molteplici campi: comunicazione grafica, progettazione di allestimenti fieristici, brand design, Interior Design.\",\"sameAs\":[\"http:\/\/benedettofiori.com\",\"https:\/\/www.facebook.com\/benedettofiori\",\"https:\/\/x.com\/benedettofiori\"],\"url\":\"https:\/\/socialdesignmagazine.com\/mag\/author\/benedetto\/\"}]}<\/script>\n<!-- \/ Yoast SEO plugin. -->","yoast_head_json":{"title":"La rinascita di un'antica dimora nel cuore della citt\u00e0 storica. Casa Caldeira - Felipe Pina arquitectura - Social Design Magazine","description":"Nel centro storico di Vila Nova de Foz Coa, il progetto Casa Caldeira di Felipe Pina arquitectura si concentra sulla ristrutturazione di un edificio costruito alla fine del XIX secolo, trasformandolo in una casa monofamiliare","robots":{"index":"index","follow":"follow","max-snippet":"max-snippet:-1","max-image-preview":"max-image-preview:large","max-video-preview":"max-video-preview:-1"},"canonical":"https:\/\/socialdesignmagazine.com\/mag\/architettura\/casa-caldeira-la-rinascita-di-unantica-dimora-nel-cuore-della-citta-storica-casa-caldeira-felipe-pina-arquitectura\/","og_locale":"it_IT","og_type":"article","og_title":"La rinascita di un'antica dimora nel cuore della citt\u00e0 storica. Casa Caldeira - Felipe Pina arquitectura - Social Design Magazine","og_description":"Nel centro storico di Vila Nova de Foz Coa, il progetto Casa Caldeira di Felipe Pina arquitectura si concentra sulla ristrutturazione di un edificio costruito alla fine del XIX secolo, trasformandolo in una casa monofamiliare","og_url":"http:\/\/socialdesignmagazine.com\/mag\/architettura\/casa-caldeira-la-rinascita-di-unantica-dimora-nel-cuore-della-citta-storica-casa-caldeira-felipe-pina-arquitectura\/","og_site_name":"Social Design Magazine","article_publisher":"https:\/\/www.facebook.com\/socialdesignmag","article_author":"https:\/\/www.facebook.com\/benedettofiori","article_published_time":"2023-03-28T21:55:21+00:00","article_modified_time":"2023-03-28T22:09:49+00:00","og_image":[{"width":1200,"height":800,"url":"https:\/\/socialdesignmagazine.com\/mag\/wp-content\/uploads\/2023\/03\/20220620-FILIPE-PINA-CASA-CALDEIRA-076_cover.jpg","type":"image\/jpeg"}],"author":"Benedetto Fiori","twitter_card":"summary_large_image","twitter_creator":"@benedettofiori","twitter_site":"@socialdesignmag","twitter_misc":{"Scritto da":"Benedetto Fiori","Tempo di lettura stimato":"11 minuti"},"schema":{"@context":"https:\/\/schema.org","@graph":[{"@type":"Article","@id":"https:\/\/socialdesignmagazine.com\/mag\/architettura\/casa-caldeira-la-rinascita-di-unantica-dimora-nel-cuore-della-citta-storica-casa-caldeira-felipe-pina-arquitectura\/#article","isPartOf":{"@id":"https:\/\/socialdesignmagazine.com\/mag\/architettura\/casa-caldeira-la-rinascita-di-unantica-dimora-nel-cuore-della-citta-storica-casa-caldeira-felipe-pina-arquitectura\/"},"author":{"name":"Benedetto Fiori","@id":"https:\/\/socialdesignmagazine.com\/mag\/#\/schema\/person\/61e20205cc363c315e6aabd33a045846"},"headline":"La rinascita di un&#8217;antica dimora nel cuore della citt\u00e0 storica. Casa Caldeira &#8211; Felipe Pina arquitectura","datePublished":"2023-03-28T21:55:21+00:00","dateModified":"2023-03-28T22:09:49+00:00","mainEntityOfPage":{"@id":"https:\/\/socialdesignmagazine.com\/mag\/architettura\/casa-caldeira-la-rinascita-di-unantica-dimora-nel-cuore-della-citta-storica-casa-caldeira-felipe-pina-arquitectura\/"},"wordCount":394,"commentCount":0,"publisher":{"@id":"https:\/\/socialdesignmagazine.com\/mag\/#organization"},"image":{"@id":"https:\/\/socialdesignmagazine.com\/mag\/architettura\/casa-caldeira-la-rinascita-di-unantica-dimora-nel-cuore-della-citta-storica-casa-caldeira-felipe-pina-arquitectura\/#primaryimage"},"thumbnailUrl":"https:\/\/socialdesignmagazine.com\/mag\/wp-content\/uploads\/2023\/03\/20220620-FILIPE-PINA-CASA-CALDEIRA-076_cover.jpg","keywords":["architettura","casa","Felipe Pina arquitectura","interior design","ristrutturazione"],"articleSection":["Architettura"],"inLanguage":"it-IT","potentialAction":[{"@type":"CommentAction","name":"Comment","target":["https:\/\/socialdesignmagazine.com\/mag\/architettura\/casa-caldeira-la-rinascita-di-unantica-dimora-nel-cuore-della-citta-storica-casa-caldeira-felipe-pina-arquitectura\/#respond"]}]},{"@type":"WebPage","@id":"https:\/\/socialdesignmagazine.com\/mag\/architettura\/casa-caldeira-la-rinascita-di-unantica-dimora-nel-cuore-della-citta-storica-casa-caldeira-felipe-pina-arquitectura\/","url":"https:\/\/socialdesignmagazine.com\/mag\/architettura\/casa-caldeira-la-rinascita-di-unantica-dimora-nel-cuore-della-citta-storica-casa-caldeira-felipe-pina-arquitectura\/","name":"La rinascita di un'antica dimora nel cuore della citt\u00e0 storica. Casa Caldeira - Felipe Pina arquitectura - Social Design Magazine","isPartOf":{"@id":"https:\/\/socialdesignmagazine.com\/mag\/#website"},"primaryImageOfPage":{"@id":"https:\/\/socialdesignmagazine.com\/mag\/architettura\/casa-caldeira-la-rinascita-di-unantica-dimora-nel-cuore-della-citta-storica-casa-caldeira-felipe-pina-arquitectura\/#primaryimage"},"image":{"@id":"https:\/\/socialdesignmagazine.com\/mag\/architettura\/casa-caldeira-la-rinascita-di-unantica-dimora-nel-cuore-della-citta-storica-casa-caldeira-felipe-pina-arquitectura\/#primaryimage"},"thumbnailUrl":"https:\/\/socialdesignmagazine.com\/mag\/wp-content\/uploads\/2023\/03\/20220620-FILIPE-PINA-CASA-CALDEIRA-076_cover.jpg","datePublished":"2023-03-28T21:55:21+00:00","dateModified":"2023-03-28T22:09:49+00:00","description":"Nel centro storico di Vila Nova de Foz Coa, il progetto Casa Caldeira di Felipe Pina arquitectura si concentra sulla ristrutturazione di un edificio costruito alla fine del XIX secolo, trasformandolo in una casa monofamiliare","breadcrumb":{"@id":"https:\/\/socialdesignmagazine.com\/mag\/architettura\/casa-caldeira-la-rinascita-di-unantica-dimora-nel-cuore-della-citta-storica-casa-caldeira-felipe-pina-arquitectura\/#breadcrumb"},"inLanguage":"it-IT","potentialAction":[{"@type":"ReadAction","target":["https:\/\/socialdesignmagazine.com\/mag\/architettura\/casa-caldeira-la-rinascita-di-unantica-dimora-nel-cuore-della-citta-storica-casa-caldeira-felipe-pina-arquitectura\/"]}]},{"@type":"ImageObject","inLanguage":"it-IT","@id":"https:\/\/socialdesignmagazine.com\/mag\/architettura\/casa-caldeira-la-rinascita-di-unantica-dimora-nel-cuore-della-citta-storica-casa-caldeira-felipe-pina-arquitectura\/#primaryimage","url":"https:\/\/socialdesignmagazine.com\/mag\/wp-content\/uploads\/2023\/03\/20220620-FILIPE-PINA-CASA-CALDEIRA-076_cover.jpg","contentUrl":"https:\/\/socialdesignmagazine.com\/mag\/wp-content\/uploads\/2023\/03\/20220620-FILIPE-PINA-CASA-CALDEIRA-076_cover.jpg","width":1200,"height":800,"caption":"FILIPE PINA CASA CALDEIRA"},{"@type":"BreadcrumbList","@id":"https:\/\/socialdesignmagazine.com\/mag\/architettura\/casa-caldeira-la-rinascita-di-unantica-dimora-nel-cuore-della-citta-storica-casa-caldeira-felipe-pina-arquitectura\/#breadcrumb","itemListElement":[{"@type":"ListItem","position":1,"name":"Home","item":"https:\/\/socialdesignmagazine.com\/mag\/"},{"@type":"ListItem","position":2,"name":"Architettura","item":"https:\/\/socialdesignmagazine.com\/mag\/architettura\/"},{"@type":"ListItem","position":3,"name":"La rinascita di un&#8217;antica dimora nel cuore della citt\u00e0 storica. Casa Caldeira &#8211; Felipe Pina arquitectura"}]},{"@type":"WebSite","@id":"https:\/\/socialdesignmagazine.com\/mag\/#website","url":"https:\/\/socialdesignmagazine.com\/mag\/","name":"Social Design Magazine","description":"Social Magazine su Design, Architettura, Arte, Grafica","publisher":{"@id":"https:\/\/socialdesignmagazine.com\/mag\/#organization"},"potentialAction":[{"@type":"SearchAction","target":{"@type":"EntryPoint","urlTemplate":"https:\/\/socialdesignmagazine.com\/mag\/?s={search_term_string}"},"query-input":{"@type":"PropertyValueSpecification","valueRequired":true,"valueName":"search_term_string"}}],"inLanguage":"it-IT"},{"@type":"Organization","@id":"https:\/\/socialdesignmagazine.com\/mag\/#organization","name":"Social Design Magazine","url":"https:\/\/socialdesignmagazine.com\/mag\/","logo":{"@type":"ImageObject","inLanguage":"it-IT","@id":"https:\/\/socialdesignmagazine.com\/mag\/#\/schema\/logo\/image\/","url":"https:\/\/socialdesignmagazine.com\/mag\/wp-content\/uploads\/2017\/01\/logo_favicon_11.png","contentUrl":"https:\/\/socialdesignmagazine.com\/mag\/wp-content\/uploads\/2017\/01\/logo_favicon_11.png","width":1024,"height":1024,"caption":"Social Design Magazine"},"image":{"@id":"https:\/\/socialdesignmagazine.com\/mag\/#\/schema\/logo\/image\/"},"sameAs":["https:\/\/www.facebook.com\/socialdesignmag","https:\/\/x.com\/socialdesignmag","http:\/\/instagram.com\/social_design_magazine\/","http:\/\/pinterest.com\/socialdesignmag\/","http:\/\/www.youtube.com\/user\/socialdesignmagazine"]},{"@type":"Person","@id":"https:\/\/socialdesignmagazine.com\/mag\/#\/schema\/person\/61e20205cc363c315e6aabd33a045846","name":"Benedetto Fiori","image":{"@type":"ImageObject","inLanguage":"it-IT","@id":"https:\/\/secure.gravatar.com\/avatar\/450a48cefa36da63d920ad70aa660bd10725b1c6093800242e5efdb397759033?s=96&d=mm&r=g","url":"https:\/\/secure.gravatar.com\/avatar\/450a48cefa36da63d920ad70aa660bd10725b1c6093800242e5efdb397759033?s=96&d=mm&r=g","contentUrl":"https:\/\/secure.gravatar.com\/avatar\/450a48cefa36da63d920ad70aa660bd10725b1c6093800242e5efdb397759033?s=96&d=mm&r=g","caption":"Benedetto Fiori"},"description":"Web | Twitter | Facebook | Shutterstock Founder &amp; Editor in Chief di Social Design Magazine. Attratto da sempre da tutto ci\u00f2 che \u00e8 creativit\u00e0, design, architettura. Dopo aver studiato Architettura all'Universit\u00e0 di Firenze, si \u00e8 impegnato in molteplici campi: comunicazione grafica, progettazione di allestimenti fieristici, brand design, Interior Design.","sameAs":["http:\/\/benedettofiori.com","https:\/\/www.facebook.com\/benedettofiori","https:\/\/x.com\/benedettofiori"],"url":"https:\/\/socialdesignmagazine.com\/mag\/author\/benedetto\/"}]}},"jetpack_featured_media_url":"https:\/\/socialdesignmagazine.com\/mag\/wp-content\/uploads\/2023\/03\/20220620-FILIPE-PINA-CASA-CALDEIRA-076_cover.jpg","jetpack_sharing_enabled":true,"jetpack_shortlink":"https:\/\/wp.me\/p6cV7V-cJL","gt_translate_keys":[{"key":"link","format":"url"}],"_links":{"self":[{"href":"https:\/\/socialdesignmagazine.com\/mag\/wp-json\/wp\/v2\/posts\/48965","targetHints":{"allow":["GET"]}}],"collection":[{"href":"https:\/\/socialdesignmagazine.com\/mag\/wp-json\/wp\/v2\/posts"}],"about":[{"href":"https:\/\/socialdesignmagazine.com\/mag\/wp-json\/wp\/v2\/types\/post"}],"author":[{"embeddable":true,"href":"https:\/\/socialdesignmagazine.com\/mag\/wp-json\/wp\/v2\/users\/1"}],"replies":[{"embeddable":true,"href":"https:\/\/socialdesignmagazine.com\/mag\/wp-json\/wp\/v2\/comments?post=48965"}],"version-history":[{"count":7,"href":"https:\/\/socialdesignmagazine.com\/mag\/wp-json\/wp\/v2\/posts\/48965\/revisions"}],"predecessor-version":[{"id":49099,"href":"https:\/\/socialdesignmagazine.com\/mag\/wp-json\/wp\/v2\/posts\/48965\/revisions\/49099"}],"wp:featuredmedia":[{"embeddable":true,"href":"https:\/\/socialdesignmagazine.com\/mag\/wp-json\/wp\/v2\/media\/49050"}],"wp:attachment":[{"href":"https:\/\/socialdesignmagazine.com\/mag\/wp-json\/wp\/v2\/media?parent=48965"}],"wp:term":[{"taxonomy":"category","embeddable":true,"href":"https:\/\/socialdesignmagazine.com\/mag\/wp-json\/wp\/v2\/categories?post=48965"},{"taxonomy":"post_tag","embeddable":true,"href":"https:\/\/socialdesignmagazine.com\/mag\/wp-json\/wp\/v2\/tags?post=48965"}],"curies":[{"name":"wp","href":"https:\/\/api.w.org\/{rel}","templated":true}]}}