{"id":496,"date":"2011-12-09T08:45:19","date_gmt":"2011-12-09T07:45:19","guid":{"rendered":"https:\/\/socialdesignmagazine.com\/mag\/s6-design\/c35-design\/busso-cosmopolitan-collection\/"},"modified":"2024-05-10T12:05:46","modified_gmt":"2024-05-10T10:05:46","slug":"busso-cosmopolitan-collection","status":"publish","type":"post","link":"https:\/\/socialdesignmagazine.com\/mag\/design\/busso-cosmopolitan-collection\/","title":{"rendered":"Busso \/ Cosmopolitan Collection","gt_translate_keys":[{"key":"rendered","format":"text"}]},"content":{"rendered":"\n<p>&#8220;Cosmopolitan Design Collection&#8221; \u00e8 la prima collezione BUSSO che vede protagonisti tre studi di progettazione: Studio Klass, Rodrigo Torres, Studio Fair, con provenienze e formazioni culturali diverse, Italia, Colombia, Irlanda; tutti hanno trovato in Milano, capitale del design, la propria citt\u00e0 d&#8217;adozione.<\/p>\n\n\n\n<p>Proprio in questa ricca variet\u00e0 culturale va ricercata la vocazione internazionale della collezione, che non a caso si chiama Cosmopolitan, &#8220;cittadina del mondo&#8221;.<\/p>\n\n\n<div class=\"wp-block-image\">\n<figure class=\"aligncenter\"><img loading=\"lazy\" decoding=\"async\" width=\"720\" height=\"1103\" data-attachment-id=\"6786\" data-permalink=\"https:\/\/socialdesignmagazine.com\/mag\/design\/busso-cosmopolitan-collection\/attachment\/appendiabiti_twister_disegnato_da_rodrigo_torres_per_busso_bn_amb\/#content\" data-orig-file=\"https:\/\/socialdesignmagazine.com\/mag\/wp-content\/uploads\/2011\/12\/benedetto_busso_cosmopolitan_collection_Appendiabiti_Twister_disegnato_da_Rodrigo_Torres_per_BUSSO_bn_amb.jpg\" data-orig-size=\"720,1103\" data-comments-opened=\"1\" data-image-meta=\"{&quot;aperture&quot;:&quot;0&quot;,&quot;credit&quot;:&quot;&quot;,&quot;camera&quot;:&quot;&quot;,&quot;caption&quot;:&quot;&quot;,&quot;created_timestamp&quot;:&quot;0&quot;,&quot;copyright&quot;:&quot;&quot;,&quot;focal_length&quot;:&quot;0&quot;,&quot;iso&quot;:&quot;0&quot;,&quot;shutter_speed&quot;:&quot;0&quot;,&quot;title&quot;:&quot;&quot;,&quot;orientation&quot;:&quot;0&quot;}\" data-image-title=\"Appendiabiti_Twister_disegnato_da_Rodrigo_Torres_per_BUSSO_bn_amb\" data-image-description=\"\" data-image-caption=\"\" data-medium-file=\"https:\/\/socialdesignmagazine.com\/mag\/wp-content\/uploads\/2011\/12\/benedetto_busso_cosmopolitan_collection_Appendiabiti_Twister_disegnato_da_Rodrigo_Torres_per_BUSSO_bn_amb-396x256.jpg\" data-large-file=\"https:\/\/socialdesignmagazine.com\/mag\/wp-content\/uploads\/2011\/12\/benedetto_busso_cosmopolitan_collection_Appendiabiti_Twister_disegnato_da_Rodrigo_Torres_per_BUSSO_bn_amb.jpg\" src=\"https:\/\/socialdesignmagazine.com\/mag\/wp-content\/uploads\/2011\/12\/benedetto_busso_cosmopolitan_collection_Appendiabiti_Twister_disegnato_da_Rodrigo_Torres_per_BUSSO_bn_amb.jpg\" alt=\"Appendiabiti_Twister_disegnato_da_Rodrigo_Torres_per_BUSSO_bn_amb\" class=\"wp-image-6786\"\/><\/figure>\n<\/div>\n\n<div class=\"wp-block-image\">\n<figure class=\"aligncenter\"><img loading=\"lazy\" decoding=\"async\" width=\"720\" height=\"724\" data-attachment-id=\"6787\" data-permalink=\"https:\/\/socialdesignmagazine.com\/mag\/design\/busso-cosmopolitan-collection\/attachment\/appendiabiti_twister_disegnato_da_rodrigo_torres_per_busso_nero_z\/#content\" data-orig-file=\"https:\/\/socialdesignmagazine.com\/mag\/wp-content\/uploads\/2011\/12\/benedetto_busso_cosmopolitan_collection_Appendiabiti_Twister_disegnato_da_Rodrigo_Torres_per_BUSSO_nero_z.jpg\" data-orig-size=\"720,724\" data-comments-opened=\"1\" data-image-meta=\"{&quot;aperture&quot;:&quot;0&quot;,&quot;credit&quot;:&quot;&quot;,&quot;camera&quot;:&quot;&quot;,&quot;caption&quot;:&quot;&quot;,&quot;created_timestamp&quot;:&quot;0&quot;,&quot;copyright&quot;:&quot;&quot;,&quot;focal_length&quot;:&quot;0&quot;,&quot;iso&quot;:&quot;0&quot;,&quot;shutter_speed&quot;:&quot;0&quot;,&quot;title&quot;:&quot;&quot;,&quot;orientation&quot;:&quot;0&quot;}\" data-image-title=\"Appendiabiti_Twister_disegnato_da_Rodrigo_Torres_per_BUSSO_nero_z\" data-image-description=\"\" data-image-caption=\"\" data-medium-file=\"https:\/\/socialdesignmagazine.com\/mag\/wp-content\/uploads\/2011\/12\/benedetto_busso_cosmopolitan_collection_Appendiabiti_Twister_disegnato_da_Rodrigo_Torres_per_BUSSO_nero_z-396x256.jpg\" data-large-file=\"https:\/\/socialdesignmagazine.com\/mag\/wp-content\/uploads\/2011\/12\/benedetto_busso_cosmopolitan_collection_Appendiabiti_Twister_disegnato_da_Rodrigo_Torres_per_BUSSO_nero_z.jpg\" src=\"https:\/\/socialdesignmagazine.com\/mag\/wp-content\/uploads\/2011\/12\/benedetto_busso_cosmopolitan_collection_Appendiabiti_Twister_disegnato_da_Rodrigo_Torres_per_BUSSO_nero_z.jpg\" alt=\"Appendiabiti_Twister_disegnato_da_Rodrigo_Torres_per_BUSSO_nero_z\" class=\"wp-image-6787\" srcset=\"https:\/\/socialdesignmagazine.com\/mag\/wp-content\/uploads\/2011\/12\/benedetto_busso_cosmopolitan_collection_Appendiabiti_Twister_disegnato_da_Rodrigo_Torres_per_BUSSO_nero_z.jpg 720w, https:\/\/socialdesignmagazine.com\/mag\/wp-content\/uploads\/2011\/12\/benedetto_busso_cosmopolitan_collection_Appendiabiti_Twister_disegnato_da_Rodrigo_Torres_per_BUSSO_nero_z-65x65.jpg 65w\" sizes=\"auto, (max-width: 720px) 100vw, 720px\" \/><\/figure>\n<\/div>\n\n\n<p>L&#8217;appendi abiti Twister di Rodrigo Torres \u00e8 un oggetto che unisce caos e ordine. Un oggetto apparentemente caotico ma con una sua armonia \u00e8 un suo diritto. L&#8217;ordine \u00e8 determinato dalla struttura realizzata da un solo tondino di metallo piegato secondo uno schema che si ripete. Il caos \u00e8 l&#8217;elemento che consente una lettura diversa dell&#8217;oggetto.<\/p>\n\n\n<div class=\"wp-block-image\">\n<figure class=\"aligncenter\"><img loading=\"lazy\" decoding=\"async\" width=\"720\" height=\"1103\" data-attachment-id=\"6788\" data-permalink=\"https:\/\/socialdesignmagazine.com\/mag\/design\/busso-cosmopolitan-collection\/attachment\/busso_libreria_scrittoio_castor_grigio\/#content\" data-orig-file=\"https:\/\/socialdesignmagazine.com\/mag\/wp-content\/uploads\/2011\/12\/benedetto_busso_cosmopolitan_collection_BUSSO_libreria_scrittoio_Castor_grigio.jpg\" data-orig-size=\"720,1103\" data-comments-opened=\"1\" data-image-meta=\"{&quot;aperture&quot;:&quot;0&quot;,&quot;credit&quot;:&quot;&quot;,&quot;camera&quot;:&quot;&quot;,&quot;caption&quot;:&quot;&quot;,&quot;created_timestamp&quot;:&quot;0&quot;,&quot;copyright&quot;:&quot;&quot;,&quot;focal_length&quot;:&quot;0&quot;,&quot;iso&quot;:&quot;0&quot;,&quot;shutter_speed&quot;:&quot;0&quot;,&quot;title&quot;:&quot;&quot;,&quot;orientation&quot;:&quot;0&quot;}\" data-image-title=\"BUSSO_libreria_scrittoio_Castor_grigio\" data-image-description=\"\" data-image-caption=\"\" data-medium-file=\"https:\/\/socialdesignmagazine.com\/mag\/wp-content\/uploads\/2011\/12\/benedetto_busso_cosmopolitan_collection_BUSSO_libreria_scrittoio_Castor_grigio-396x256.jpg\" data-large-file=\"https:\/\/socialdesignmagazine.com\/mag\/wp-content\/uploads\/2011\/12\/benedetto_busso_cosmopolitan_collection_BUSSO_libreria_scrittoio_Castor_grigio.jpg\" src=\"https:\/\/socialdesignmagazine.com\/mag\/wp-content\/uploads\/2011\/12\/benedetto_busso_cosmopolitan_collection_BUSSO_libreria_scrittoio_Castor_grigio.jpg\" alt=\"BUSSO_libreria_scrittoio_Castor_grigio\" class=\"wp-image-6788\"\/><\/figure>\n<\/div>\n\n<div class=\"wp-block-image\">\n<figure class=\"aligncenter\"><img loading=\"lazy\" decoding=\"async\" width=\"720\" height=\"985\" data-attachment-id=\"6789\" data-permalink=\"https:\/\/socialdesignmagazine.com\/mag\/design\/busso-cosmopolitan-collection\/attachment\/libreria-scrittoio_castor_e_libreria_helena_design_studio_fair_per_busso\/#content\" data-orig-file=\"https:\/\/socialdesignmagazine.com\/mag\/wp-content\/uploads\/2011\/12\/benedetto_busso_cosmopolitan_collection_Libreria-scrittoio_Castor_e_libreria_Helena_design_Studio_Fair_per_BUSSO.jpg\" data-orig-size=\"720,985\" data-comments-opened=\"1\" data-image-meta=\"{&quot;aperture&quot;:&quot;0&quot;,&quot;credit&quot;:&quot;&quot;,&quot;camera&quot;:&quot;&quot;,&quot;caption&quot;:&quot;&quot;,&quot;created_timestamp&quot;:&quot;0&quot;,&quot;copyright&quot;:&quot;&quot;,&quot;focal_length&quot;:&quot;0&quot;,&quot;iso&quot;:&quot;0&quot;,&quot;shutter_speed&quot;:&quot;0&quot;,&quot;title&quot;:&quot;&quot;,&quot;orientation&quot;:&quot;0&quot;}\" data-image-title=\"Libreria-scrittoio_Castor_e_libreria_Helena_design_Studio_Fair_per_BUSSO\" data-image-description=\"\" data-image-caption=\"\" data-medium-file=\"https:\/\/socialdesignmagazine.com\/mag\/wp-content\/uploads\/2011\/12\/benedetto_busso_cosmopolitan_collection_Libreria-scrittoio_Castor_e_libreria_Helena_design_Studio_Fair_per_BUSSO-396x256.jpg\" data-large-file=\"https:\/\/socialdesignmagazine.com\/mag\/wp-content\/uploads\/2011\/12\/benedetto_busso_cosmopolitan_collection_Libreria-scrittoio_Castor_e_libreria_Helena_design_Studio_Fair_per_BUSSO.jpg\" src=\"https:\/\/socialdesignmagazine.com\/mag\/wp-content\/uploads\/2011\/12\/benedetto_busso_cosmopolitan_collection_Libreria-scrittoio_Castor_e_libreria_Helena_design_Studio_Fair_per_BUSSO.jpg\" alt=\"Libreria-scrittoio_Castor_e_libreria_Helena_design_Studio_Fair_per_BUSSO\" class=\"wp-image-6789\"\/><\/figure>\n<\/div>\n\n<div class=\"wp-block-image\">\n<figure class=\"aligncenter\"><img loading=\"lazy\" decoding=\"async\" width=\"720\" height=\"515\" data-attachment-id=\"6790\" data-permalink=\"https:\/\/socialdesignmagazine.com\/mag\/design\/busso-cosmopolitan-collection\/attachment\/portaritratti_conical_bianco_e_nero_design_rodrigo_torres_per_busso\/#content\" data-orig-file=\"https:\/\/socialdesignmagazine.com\/mag\/wp-content\/uploads\/2011\/12\/benedetto_busso_cosmopolitan_collection_Portaritratti_Conical_bianco_e_nero_design_Rodrigo_Torres_per_BUSSO.jpg\" data-orig-size=\"720,515\" data-comments-opened=\"1\" data-image-meta=\"{&quot;aperture&quot;:&quot;0&quot;,&quot;credit&quot;:&quot;&quot;,&quot;camera&quot;:&quot;&quot;,&quot;caption&quot;:&quot;&quot;,&quot;created_timestamp&quot;:&quot;0&quot;,&quot;copyright&quot;:&quot;&quot;,&quot;focal_length&quot;:&quot;0&quot;,&quot;iso&quot;:&quot;0&quot;,&quot;shutter_speed&quot;:&quot;0&quot;,&quot;title&quot;:&quot;&quot;,&quot;orientation&quot;:&quot;0&quot;}\" data-image-title=\"Portaritratti_Conical_bianco_e_nero_design_Rodrigo_Torres_per_BUSSO\" data-image-description=\"\" data-image-caption=\"\" data-medium-file=\"https:\/\/socialdesignmagazine.com\/mag\/wp-content\/uploads\/2011\/12\/benedetto_busso_cosmopolitan_collection_Portaritratti_Conical_bianco_e_nero_design_Rodrigo_Torres_per_BUSSO-396x256.jpg\" data-large-file=\"https:\/\/socialdesignmagazine.com\/mag\/wp-content\/uploads\/2011\/12\/benedetto_busso_cosmopolitan_collection_Portaritratti_Conical_bianco_e_nero_design_Rodrigo_Torres_per_BUSSO.jpg\" src=\"https:\/\/socialdesignmagazine.com\/mag\/wp-content\/uploads\/2011\/12\/benedetto_busso_cosmopolitan_collection_Portaritratti_Conical_bianco_e_nero_design_Rodrigo_Torres_per_BUSSO.jpg\" alt=\"Portaritratti_Conical_bianco_e_nero_design_Rodrigo_Torres_per_BUSSO\" class=\"wp-image-6790\"\/><\/figure>\n<\/div>\n\n<div class=\"wp-block-image\">\n<figure class=\"aligncenter\"><img loading=\"lazy\" decoding=\"async\" width=\"720\" height=\"1123\" data-attachment-id=\"6791\" data-permalink=\"https:\/\/socialdesignmagazine.com\/mag\/design\/busso-cosmopolitan-collection\/attachment\/sleepy_lamp_design_by_studio_klass_for_busso_01\/#content\" data-orig-file=\"https:\/\/socialdesignmagazine.com\/mag\/wp-content\/uploads\/2011\/12\/benedetto_busso_cosmopolitan_collection_Sleepy_Lamp_design_by_Studio_Klass_for_BUSSO_01.jpg\" data-orig-size=\"720,1123\" data-comments-opened=\"1\" data-image-meta=\"{&quot;aperture&quot;:&quot;0&quot;,&quot;credit&quot;:&quot;&quot;,&quot;camera&quot;:&quot;&quot;,&quot;caption&quot;:&quot;&quot;,&quot;created_timestamp&quot;:&quot;0&quot;,&quot;copyright&quot;:&quot;&quot;,&quot;focal_length&quot;:&quot;0&quot;,&quot;iso&quot;:&quot;0&quot;,&quot;shutter_speed&quot;:&quot;0&quot;,&quot;title&quot;:&quot;&quot;,&quot;orientation&quot;:&quot;0&quot;}\" data-image-title=\"Sleepy_Lamp_design_by_Studio_Klass_for_BUSSO_01\" data-image-description=\"\" data-image-caption=\"\" data-medium-file=\"https:\/\/socialdesignmagazine.com\/mag\/wp-content\/uploads\/2011\/12\/benedetto_busso_cosmopolitan_collection_Sleepy_Lamp_design_by_Studio_Klass_for_BUSSO_01-396x256.jpg\" data-large-file=\"https:\/\/socialdesignmagazine.com\/mag\/wp-content\/uploads\/2011\/12\/benedetto_busso_cosmopolitan_collection_Sleepy_Lamp_design_by_Studio_Klass_for_BUSSO_01.jpg\" src=\"https:\/\/socialdesignmagazine.com\/mag\/wp-content\/uploads\/2011\/12\/benedetto_busso_cosmopolitan_collection_Sleepy_Lamp_design_by_Studio_Klass_for_BUSSO_01.jpg\" alt=\"Sleepy_Lamp_design_by_Studio_Klass_for_BUSSO_01\" class=\"wp-image-6791\"\/><\/figure>\n<\/div>\n\n\n<p>Sleepy Lamp, progettata da Studio Klass nasce dall&#8217;osservazione di una scala nel momento del suo &#8220;non utilizzo&#8221;, quando questa viene appoggiata alla parete per liberare lo spazio in cui stiamo lavorando.<\/p>\n\n\n\n<p>Sleepy Lamp \u00e8 una lampada da terra estremamente versatile. Genera una luce discreta ed elegante. Perfetta per ogni locale della casa ha una particolare vocazione della camera da letto dove con la sua struttura si presta alla funzione abatjour, di originale, ma estremamente funzionale segnalibro, reggi riviste e appendi biancheria.<\/p>\n\n\n<div class=\"wp-block-image\">\n<figure class=\"aligncenter\"><img loading=\"lazy\" decoding=\"async\" width=\"720\" height=\"1123\" data-attachment-id=\"6792\" data-permalink=\"https:\/\/socialdesignmagazine.com\/mag\/design\/busso-cosmopolitan-collection\/attachment\/sleepy_lamp_design_by_studio_klass_for_busso_02\/#content\" data-orig-file=\"https:\/\/socialdesignmagazine.com\/mag\/wp-content\/uploads\/2011\/12\/benedetto_busso_cosmopolitan_collection_Sleepy_Lamp_design_by_Studio_Klass_for_BUSSO_02.jpg\" data-orig-size=\"720,1123\" data-comments-opened=\"1\" data-image-meta=\"{&quot;aperture&quot;:&quot;0&quot;,&quot;credit&quot;:&quot;&quot;,&quot;camera&quot;:&quot;&quot;,&quot;caption&quot;:&quot;&quot;,&quot;created_timestamp&quot;:&quot;0&quot;,&quot;copyright&quot;:&quot;&quot;,&quot;focal_length&quot;:&quot;0&quot;,&quot;iso&quot;:&quot;0&quot;,&quot;shutter_speed&quot;:&quot;0&quot;,&quot;title&quot;:&quot;&quot;,&quot;orientation&quot;:&quot;0&quot;}\" data-image-title=\"Sleepy_Lamp_design_by_Studio_Klass_for_BUSSO_02\" data-image-description=\"\" data-image-caption=\"\" data-medium-file=\"https:\/\/socialdesignmagazine.com\/mag\/wp-content\/uploads\/2011\/12\/benedetto_busso_cosmopolitan_collection_Sleepy_Lamp_design_by_Studio_Klass_for_BUSSO_02-396x256.jpg\" data-large-file=\"https:\/\/socialdesignmagazine.com\/mag\/wp-content\/uploads\/2011\/12\/benedetto_busso_cosmopolitan_collection_Sleepy_Lamp_design_by_Studio_Klass_for_BUSSO_02.jpg\" src=\"https:\/\/socialdesignmagazine.com\/mag\/wp-content\/uploads\/2011\/12\/benedetto_busso_cosmopolitan_collection_Sleepy_Lamp_design_by_Studio_Klass_for_BUSSO_02.jpg\" alt=\"Sleepy_Lamp_design_by_Studio_Klass_for_BUSSO_02\" class=\"wp-image-6792\"\/><\/figure>\n<\/div>\n\n<div class=\"wp-block-image\">\n<figure class=\"aligncenter\"><img loading=\"lazy\" decoding=\"async\" width=\"720\" height=\"1103\" data-attachment-id=\"6793\" data-permalink=\"https:\/\/socialdesignmagazine.com\/mag\/design\/busso-cosmopolitan-collection\/attachment\/sleepy_lamp_design_by_studio_klass_for_busso_amb\/#content\" data-orig-file=\"https:\/\/socialdesignmagazine.com\/mag\/wp-content\/uploads\/2011\/12\/benedetto_busso_cosmopolitan_collection_Sleepy_Lamp_design_by_studio_Klass_for_BUSSO_amb.jpg\" data-orig-size=\"720,1103\" data-comments-opened=\"1\" data-image-meta=\"{&quot;aperture&quot;:&quot;0&quot;,&quot;credit&quot;:&quot;&quot;,&quot;camera&quot;:&quot;&quot;,&quot;caption&quot;:&quot;&quot;,&quot;created_timestamp&quot;:&quot;0&quot;,&quot;copyright&quot;:&quot;&quot;,&quot;focal_length&quot;:&quot;0&quot;,&quot;iso&quot;:&quot;0&quot;,&quot;shutter_speed&quot;:&quot;0&quot;,&quot;title&quot;:&quot;&quot;,&quot;orientation&quot;:&quot;0&quot;}\" data-image-title=\"Sleepy_Lamp_design_by_studio_Klass_for_BUSSO_amb\" data-image-description=\"\" data-image-caption=\"\" data-medium-file=\"https:\/\/socialdesignmagazine.com\/mag\/wp-content\/uploads\/2011\/12\/benedetto_busso_cosmopolitan_collection_Sleepy_Lamp_design_by_studio_Klass_for_BUSSO_amb-396x256.jpg\" data-large-file=\"https:\/\/socialdesignmagazine.com\/mag\/wp-content\/uploads\/2011\/12\/benedetto_busso_cosmopolitan_collection_Sleepy_Lamp_design_by_studio_Klass_for_BUSSO_amb.jpg\" src=\"https:\/\/socialdesignmagazine.com\/mag\/wp-content\/uploads\/2011\/12\/benedetto_busso_cosmopolitan_collection_Sleepy_Lamp_design_by_studio_Klass_for_BUSSO_amb.jpg\" alt=\"Sleepy_Lamp_design_by_studio_Klass_for_BUSSO_amb\" class=\"wp-image-6793\"\/><\/figure>\n<\/div>","protected":false,"gt_translate_keys":[{"key":"rendered","format":"html"}]},"excerpt":{"rendered":"<p>&#8220;Cosmopolitan Design Collection&#8221; \u00e8 la prima collezione BUSSO che vede protagonisti tre studi di progettazione: Studio Klass, Rodrigo Torres, Studio Fair, con provenienze e formazioni culturali diverse, Italia, Colombia, Irlanda; tutti hanno trovato in Milano, capitale del design, la propria citt\u00e0 d&#8217;adozione.<\/p>\n","protected":false,"gt_translate_keys":[{"key":"rendered","format":"html"}]},"author":1,"featured_media":6785,"comment_status":"open","ping_status":"open","sticky":false,"template":"","format":"standard","meta":{"jetpack_post_was_ever_published":false,"_jetpack_newsletter_access":"","_jetpack_dont_email_post_to_subs":false,"_jetpack_newsletter_tier_id":0,"_jetpack_memberships_contains_paywalled_content":false,"_jetpack_memberships_contains_paid_content":false,"footnotes":"","_wpscppro_dont_share_socialmedia":false,"_wpscppro_custom_social_share_image":0,"_facebook_share_type":"","_twitter_share_type":"","_linkedin_share_type":"","_pinterest_share_type":"","_linkedin_share_type_page":"","_instagram_share_type":"","_medium_share_type":"","_threads_share_type":"","_google_business_share_type":"","_selected_social_profile":[],"_wpsp_enable_custom_social_template":false,"_wpsp_social_scheduling":{"enabled":false,"datetime":null,"platforms":[],"status":"template_only","dateOption":"today","timeOption":"now","customDays":"","customHours":"","customDate":"","customTime":"","schedulingType":"absolute"},"_wpsp_active_default_template":true},"categories":[13],"tags":[1547,1529],"class_list":["post-496","post","type-post","status-publish","format-standard","has-post-thumbnail","hentry","category-design","tag-busso","tag-collection"],"yoast_head":"<!-- This site is optimized with the Yoast SEO plugin v27.2 - https:\/\/yoast.com\/product\/yoast-seo-wordpress\/ -->\n<title>Busso \/ Cosmopolitan Collection - Social Design Magazine<\/title>\n<meta name=\"description\" content=\"&quot;Cosmopolitan Design Collection&quot; \u00e8 la prima collezione BUSSO che vede protagonisti tre studi di progettazione: Studio Klass, Rodrigo Torres, Studio Fair, con provenienze e formazioni culturali diverse, Italia, Colombia, Irlanda; tutti hanno trovato in Milano, capitale del design, la propria citt\u00e0 d&#039;adozione.\" \/>\n<meta name=\"robots\" content=\"index, follow, max-snippet:-1, max-image-preview:large, max-video-preview:-1\" \/>\n<link rel=\"canonical\" href=\"https:\/\/socialdesignmagazine.com\/mag\/design\/busso-cosmopolitan-collection\/\" \/>\n<meta property=\"og:locale\" content=\"it_IT\" \/>\n<meta property=\"og:type\" content=\"article\" \/>\n<meta property=\"og:title\" content=\"Busso \/ Cosmopolitan Collection - Social Design Magazine\" \/>\n<meta property=\"og:description\" content=\"&quot;Cosmopolitan Design Collection&quot; \u00e8 la prima collezione BUSSO che vede protagonisti tre studi di progettazione: Studio Klass, Rodrigo Torres, Studio Fair, con provenienze e formazioni culturali diverse, Italia, Colombia, Irlanda; tutti hanno trovato in Milano, capitale del design, la propria citt\u00e0 d&#039;adozione.\" \/>\n<meta property=\"og:url\" content=\"http:\/\/socialdesignmagazine.com\/mag\/design\/busso-cosmopolitan-collection\/\" \/>\n<meta property=\"og:site_name\" content=\"Social Design Magazine\" \/>\n<meta property=\"article:publisher\" content=\"https:\/\/www.facebook.com\/socialdesignmag\" \/>\n<meta property=\"article:author\" content=\"https:\/\/www.facebook.com\/benedettofiori\" \/>\n<meta property=\"article:published_time\" content=\"2011-12-09T07:45:19+00:00\" \/>\n<meta property=\"article:modified_time\" content=\"2024-05-10T10:05:46+00:00\" \/>\n<meta property=\"og:image\" content=\"https:\/\/socialdesignmagazine.com\/mag\/wp-content\/uploads\/2011\/12\/benedetto_busso_cosmopolitan_collection_Outlook.jpg\" \/>\n\t<meta property=\"og:image:width\" content=\"720\" \/>\n\t<meta property=\"og:image:height\" content=\"653\" \/>\n\t<meta property=\"og:image:type\" content=\"image\/jpeg\" \/>\n<meta name=\"author\" content=\"Benedetto Fiori\" \/>\n<meta name=\"twitter:card\" content=\"summary_large_image\" \/>\n<meta name=\"twitter:creator\" content=\"@benedettofiori\" \/>\n<meta name=\"twitter:site\" content=\"@socialdesignmag\" \/>\n<meta name=\"twitter:label1\" content=\"Scritto da\" \/>\n\t<meta name=\"twitter:data1\" content=\"Benedetto Fiori\" \/>\n\t<meta name=\"twitter:label2\" content=\"Tempo di lettura stimato\" \/>\n\t<meta name=\"twitter:data2\" content=\"3 minuti\" \/>\n<script type=\"application\/ld+json\" class=\"yoast-schema-graph\">{\"@context\":\"https:\/\/schema.org\",\"@graph\":[{\"@type\":\"Article\",\"@id\":\"https:\/\/socialdesignmagazine.com\/mag\/design\/busso-cosmopolitan-collection\/#article\",\"isPartOf\":{\"@id\":\"https:\/\/socialdesignmagazine.com\/mag\/design\/busso-cosmopolitan-collection\/\"},\"author\":{\"name\":\"Benedetto Fiori\",\"@id\":\"https:\/\/socialdesignmagazine.com\/mag\/#\/schema\/person\/61e20205cc363c315e6aabd33a045846\"},\"headline\":\"Busso \/ Cosmopolitan Collection\",\"datePublished\":\"2011-12-09T07:45:19+00:00\",\"dateModified\":\"2024-05-10T10:05:46+00:00\",\"mainEntityOfPage\":{\"@id\":\"https:\/\/socialdesignmagazine.com\/mag\/design\/busso-cosmopolitan-collection\/\"},\"wordCount\":205,\"commentCount\":0,\"publisher\":{\"@id\":\"https:\/\/socialdesignmagazine.com\/mag\/#organization\"},\"image\":{\"@id\":\"https:\/\/socialdesignmagazine.com\/mag\/design\/busso-cosmopolitan-collection\/#primaryimage\"},\"thumbnailUrl\":\"https:\/\/socialdesignmagazine.com\/mag\/wp-content\/uploads\/2011\/12\/benedetto_busso_cosmopolitan_collection_Outlook.jpg\",\"keywords\":[\"busso\",\"collection\"],\"articleSection\":[\"Design\"],\"inLanguage\":\"it-IT\",\"potentialAction\":[{\"@type\":\"CommentAction\",\"name\":\"Comment\",\"target\":[\"https:\/\/socialdesignmagazine.com\/mag\/design\/busso-cosmopolitan-collection\/#respond\"]}]},{\"@type\":\"WebPage\",\"@id\":\"https:\/\/socialdesignmagazine.com\/mag\/design\/busso-cosmopolitan-collection\/\",\"url\":\"https:\/\/socialdesignmagazine.com\/mag\/design\/busso-cosmopolitan-collection\/\",\"name\":\"Busso \/ Cosmopolitan Collection - Social Design Magazine\",\"isPartOf\":{\"@id\":\"https:\/\/socialdesignmagazine.com\/mag\/#website\"},\"primaryImageOfPage\":{\"@id\":\"https:\/\/socialdesignmagazine.com\/mag\/design\/busso-cosmopolitan-collection\/#primaryimage\"},\"image\":{\"@id\":\"https:\/\/socialdesignmagazine.com\/mag\/design\/busso-cosmopolitan-collection\/#primaryimage\"},\"thumbnailUrl\":\"https:\/\/socialdesignmagazine.com\/mag\/wp-content\/uploads\/2011\/12\/benedetto_busso_cosmopolitan_collection_Outlook.jpg\",\"datePublished\":\"2011-12-09T07:45:19+00:00\",\"dateModified\":\"2024-05-10T10:05:46+00:00\",\"description\":\"\\\"Cosmopolitan Design Collection\\\" \u00e8 la prima collezione BUSSO che vede protagonisti tre studi di progettazione: Studio Klass, Rodrigo Torres, Studio Fair, con provenienze e formazioni culturali diverse, Italia, Colombia, Irlanda; tutti hanno trovato in Milano, capitale del design, la propria citt\u00e0 d'adozione.\",\"breadcrumb\":{\"@id\":\"https:\/\/socialdesignmagazine.com\/mag\/design\/busso-cosmopolitan-collection\/#breadcrumb\"},\"inLanguage\":\"it-IT\",\"potentialAction\":[{\"@type\":\"ReadAction\",\"target\":[\"https:\/\/socialdesignmagazine.com\/mag\/design\/busso-cosmopolitan-collection\/\"]}]},{\"@type\":\"ImageObject\",\"inLanguage\":\"it-IT\",\"@id\":\"https:\/\/socialdesignmagazine.com\/mag\/design\/busso-cosmopolitan-collection\/#primaryimage\",\"url\":\"https:\/\/socialdesignmagazine.com\/mag\/wp-content\/uploads\/2011\/12\/benedetto_busso_cosmopolitan_collection_Outlook.jpg\",\"contentUrl\":\"https:\/\/socialdesignmagazine.com\/mag\/wp-content\/uploads\/2011\/12\/benedetto_busso_cosmopolitan_collection_Outlook.jpg\",\"width\":720,\"height\":653,\"caption\":\"Outlook\"},{\"@type\":\"BreadcrumbList\",\"@id\":\"https:\/\/socialdesignmagazine.com\/mag\/design\/busso-cosmopolitan-collection\/#breadcrumb\",\"itemListElement\":[{\"@type\":\"ListItem\",\"position\":1,\"name\":\"Home\",\"item\":\"https:\/\/socialdesignmagazine.com\/mag\/\"},{\"@type\":\"ListItem\",\"position\":2,\"name\":\"Design\",\"item\":\"https:\/\/socialdesignmagazine.com\/mag\/design\/\"},{\"@type\":\"ListItem\",\"position\":3,\"name\":\"Busso \/ Cosmopolitan Collection\"}]},{\"@type\":\"WebSite\",\"@id\":\"https:\/\/socialdesignmagazine.com\/mag\/#website\",\"url\":\"https:\/\/socialdesignmagazine.com\/mag\/\",\"name\":\"Social Design Magazine\",\"description\":\"Social Magazine su Design, Architettura, Arte, Grafica\",\"publisher\":{\"@id\":\"https:\/\/socialdesignmagazine.com\/mag\/#organization\"},\"potentialAction\":[{\"@type\":\"SearchAction\",\"target\":{\"@type\":\"EntryPoint\",\"urlTemplate\":\"https:\/\/socialdesignmagazine.com\/mag\/?s={search_term_string}\"},\"query-input\":{\"@type\":\"PropertyValueSpecification\",\"valueRequired\":true,\"valueName\":\"search_term_string\"}}],\"inLanguage\":\"it-IT\"},{\"@type\":\"Organization\",\"@id\":\"https:\/\/socialdesignmagazine.com\/mag\/#organization\",\"name\":\"Social Design Magazine\",\"url\":\"https:\/\/socialdesignmagazine.com\/mag\/\",\"logo\":{\"@type\":\"ImageObject\",\"inLanguage\":\"it-IT\",\"@id\":\"https:\/\/socialdesignmagazine.com\/mag\/#\/schema\/logo\/image\/\",\"url\":\"https:\/\/socialdesignmagazine.com\/mag\/wp-content\/uploads\/2017\/01\/logo_favicon_11.png\",\"contentUrl\":\"https:\/\/socialdesignmagazine.com\/mag\/wp-content\/uploads\/2017\/01\/logo_favicon_11.png\",\"width\":1024,\"height\":1024,\"caption\":\"Social Design Magazine\"},\"image\":{\"@id\":\"https:\/\/socialdesignmagazine.com\/mag\/#\/schema\/logo\/image\/\"},\"sameAs\":[\"https:\/\/www.facebook.com\/socialdesignmag\",\"https:\/\/x.com\/socialdesignmag\",\"http:\/\/instagram.com\/social_design_magazine\/\",\"http:\/\/pinterest.com\/socialdesignmag\/\",\"http:\/\/www.youtube.com\/user\/socialdesignmagazine\"]},{\"@type\":\"Person\",\"@id\":\"https:\/\/socialdesignmagazine.com\/mag\/#\/schema\/person\/61e20205cc363c315e6aabd33a045846\",\"name\":\"Benedetto Fiori\",\"image\":{\"@type\":\"ImageObject\",\"inLanguage\":\"it-IT\",\"@id\":\"https:\/\/secure.gravatar.com\/avatar\/450a48cefa36da63d920ad70aa660bd10725b1c6093800242e5efdb397759033?s=96&d=mm&r=g\",\"url\":\"https:\/\/secure.gravatar.com\/avatar\/450a48cefa36da63d920ad70aa660bd10725b1c6093800242e5efdb397759033?s=96&d=mm&r=g\",\"contentUrl\":\"https:\/\/secure.gravatar.com\/avatar\/450a48cefa36da63d920ad70aa660bd10725b1c6093800242e5efdb397759033?s=96&d=mm&r=g\",\"caption\":\"Benedetto Fiori\"},\"description\":\"Web | Twitter | Facebook | Shutterstock Founder &amp; Editor in Chief di Social Design Magazine. Attratto da sempre da tutto ci\u00f2 che \u00e8 creativit\u00e0, design, architettura. Dopo aver studiato Architettura all'Universit\u00e0 di Firenze, si \u00e8 impegnato in molteplici campi: comunicazione grafica, progettazione di allestimenti fieristici, brand design, Interior Design.\",\"sameAs\":[\"http:\/\/benedettofiori.com\",\"https:\/\/www.facebook.com\/benedettofiori\",\"https:\/\/x.com\/benedettofiori\"],\"url\":\"https:\/\/socialdesignmagazine.com\/mag\/author\/benedetto\/\"}]}<\/script>\n<!-- \/ Yoast SEO plugin. -->","yoast_head_json":{"title":"Busso \/ Cosmopolitan Collection - Social Design Magazine","description":"\"Cosmopolitan Design Collection\" \u00e8 la prima collezione BUSSO che vede protagonisti tre studi di progettazione: Studio Klass, Rodrigo Torres, Studio Fair, con provenienze e formazioni culturali diverse, Italia, Colombia, Irlanda; tutti hanno trovato in Milano, capitale del design, la propria citt\u00e0 d'adozione.","robots":{"index":"index","follow":"follow","max-snippet":"max-snippet:-1","max-image-preview":"max-image-preview:large","max-video-preview":"max-video-preview:-1"},"canonical":"https:\/\/socialdesignmagazine.com\/mag\/design\/busso-cosmopolitan-collection\/","og_locale":"it_IT","og_type":"article","og_title":"Busso \/ Cosmopolitan Collection - Social Design Magazine","og_description":"\"Cosmopolitan Design Collection\" \u00e8 la prima collezione BUSSO che vede protagonisti tre studi di progettazione: Studio Klass, Rodrigo Torres, Studio Fair, con provenienze e formazioni culturali diverse, Italia, Colombia, Irlanda; tutti hanno trovato in Milano, capitale del design, la propria citt\u00e0 d'adozione.","og_url":"http:\/\/socialdesignmagazine.com\/mag\/design\/busso-cosmopolitan-collection\/","og_site_name":"Social Design Magazine","article_publisher":"https:\/\/www.facebook.com\/socialdesignmag","article_author":"https:\/\/www.facebook.com\/benedettofiori","article_published_time":"2011-12-09T07:45:19+00:00","article_modified_time":"2024-05-10T10:05:46+00:00","og_image":[{"width":720,"height":653,"url":"https:\/\/socialdesignmagazine.com\/mag\/wp-content\/uploads\/2011\/12\/benedetto_busso_cosmopolitan_collection_Outlook.jpg","type":"image\/jpeg"}],"author":"Benedetto Fiori","twitter_card":"summary_large_image","twitter_creator":"@benedettofiori","twitter_site":"@socialdesignmag","twitter_misc":{"Scritto da":"Benedetto Fiori","Tempo di lettura stimato":"3 minuti"},"schema":{"@context":"https:\/\/schema.org","@graph":[{"@type":"Article","@id":"https:\/\/socialdesignmagazine.com\/mag\/design\/busso-cosmopolitan-collection\/#article","isPartOf":{"@id":"https:\/\/socialdesignmagazine.com\/mag\/design\/busso-cosmopolitan-collection\/"},"author":{"name":"Benedetto Fiori","@id":"https:\/\/socialdesignmagazine.com\/mag\/#\/schema\/person\/61e20205cc363c315e6aabd33a045846"},"headline":"Busso \/ Cosmopolitan Collection","datePublished":"2011-12-09T07:45:19+00:00","dateModified":"2024-05-10T10:05:46+00:00","mainEntityOfPage":{"@id":"https:\/\/socialdesignmagazine.com\/mag\/design\/busso-cosmopolitan-collection\/"},"wordCount":205,"commentCount":0,"publisher":{"@id":"https:\/\/socialdesignmagazine.com\/mag\/#organization"},"image":{"@id":"https:\/\/socialdesignmagazine.com\/mag\/design\/busso-cosmopolitan-collection\/#primaryimage"},"thumbnailUrl":"https:\/\/socialdesignmagazine.com\/mag\/wp-content\/uploads\/2011\/12\/benedetto_busso_cosmopolitan_collection_Outlook.jpg","keywords":["busso","collection"],"articleSection":["Design"],"inLanguage":"it-IT","potentialAction":[{"@type":"CommentAction","name":"Comment","target":["https:\/\/socialdesignmagazine.com\/mag\/design\/busso-cosmopolitan-collection\/#respond"]}]},{"@type":"WebPage","@id":"https:\/\/socialdesignmagazine.com\/mag\/design\/busso-cosmopolitan-collection\/","url":"https:\/\/socialdesignmagazine.com\/mag\/design\/busso-cosmopolitan-collection\/","name":"Busso \/ Cosmopolitan Collection - Social Design Magazine","isPartOf":{"@id":"https:\/\/socialdesignmagazine.com\/mag\/#website"},"primaryImageOfPage":{"@id":"https:\/\/socialdesignmagazine.com\/mag\/design\/busso-cosmopolitan-collection\/#primaryimage"},"image":{"@id":"https:\/\/socialdesignmagazine.com\/mag\/design\/busso-cosmopolitan-collection\/#primaryimage"},"thumbnailUrl":"https:\/\/socialdesignmagazine.com\/mag\/wp-content\/uploads\/2011\/12\/benedetto_busso_cosmopolitan_collection_Outlook.jpg","datePublished":"2011-12-09T07:45:19+00:00","dateModified":"2024-05-10T10:05:46+00:00","description":"\"Cosmopolitan Design Collection\" \u00e8 la prima collezione BUSSO che vede protagonisti tre studi di progettazione: Studio Klass, Rodrigo Torres, Studio Fair, con provenienze e formazioni culturali diverse, Italia, Colombia, Irlanda; tutti hanno trovato in Milano, capitale del design, la propria citt\u00e0 d'adozione.","breadcrumb":{"@id":"https:\/\/socialdesignmagazine.com\/mag\/design\/busso-cosmopolitan-collection\/#breadcrumb"},"inLanguage":"it-IT","potentialAction":[{"@type":"ReadAction","target":["https:\/\/socialdesignmagazine.com\/mag\/design\/busso-cosmopolitan-collection\/"]}]},{"@type":"ImageObject","inLanguage":"it-IT","@id":"https:\/\/socialdesignmagazine.com\/mag\/design\/busso-cosmopolitan-collection\/#primaryimage","url":"https:\/\/socialdesignmagazine.com\/mag\/wp-content\/uploads\/2011\/12\/benedetto_busso_cosmopolitan_collection_Outlook.jpg","contentUrl":"https:\/\/socialdesignmagazine.com\/mag\/wp-content\/uploads\/2011\/12\/benedetto_busso_cosmopolitan_collection_Outlook.jpg","width":720,"height":653,"caption":"Outlook"},{"@type":"BreadcrumbList","@id":"https:\/\/socialdesignmagazine.com\/mag\/design\/busso-cosmopolitan-collection\/#breadcrumb","itemListElement":[{"@type":"ListItem","position":1,"name":"Home","item":"https:\/\/socialdesignmagazine.com\/mag\/"},{"@type":"ListItem","position":2,"name":"Design","item":"https:\/\/socialdesignmagazine.com\/mag\/design\/"},{"@type":"ListItem","position":3,"name":"Busso \/ Cosmopolitan Collection"}]},{"@type":"WebSite","@id":"https:\/\/socialdesignmagazine.com\/mag\/#website","url":"https:\/\/socialdesignmagazine.com\/mag\/","name":"Social Design Magazine","description":"Social Magazine su Design, Architettura, Arte, Grafica","publisher":{"@id":"https:\/\/socialdesignmagazine.com\/mag\/#organization"},"potentialAction":[{"@type":"SearchAction","target":{"@type":"EntryPoint","urlTemplate":"https:\/\/socialdesignmagazine.com\/mag\/?s={search_term_string}"},"query-input":{"@type":"PropertyValueSpecification","valueRequired":true,"valueName":"search_term_string"}}],"inLanguage":"it-IT"},{"@type":"Organization","@id":"https:\/\/socialdesignmagazine.com\/mag\/#organization","name":"Social Design Magazine","url":"https:\/\/socialdesignmagazine.com\/mag\/","logo":{"@type":"ImageObject","inLanguage":"it-IT","@id":"https:\/\/socialdesignmagazine.com\/mag\/#\/schema\/logo\/image\/","url":"https:\/\/socialdesignmagazine.com\/mag\/wp-content\/uploads\/2017\/01\/logo_favicon_11.png","contentUrl":"https:\/\/socialdesignmagazine.com\/mag\/wp-content\/uploads\/2017\/01\/logo_favicon_11.png","width":1024,"height":1024,"caption":"Social Design Magazine"},"image":{"@id":"https:\/\/socialdesignmagazine.com\/mag\/#\/schema\/logo\/image\/"},"sameAs":["https:\/\/www.facebook.com\/socialdesignmag","https:\/\/x.com\/socialdesignmag","http:\/\/instagram.com\/social_design_magazine\/","http:\/\/pinterest.com\/socialdesignmag\/","http:\/\/www.youtube.com\/user\/socialdesignmagazine"]},{"@type":"Person","@id":"https:\/\/socialdesignmagazine.com\/mag\/#\/schema\/person\/61e20205cc363c315e6aabd33a045846","name":"Benedetto Fiori","image":{"@type":"ImageObject","inLanguage":"it-IT","@id":"https:\/\/secure.gravatar.com\/avatar\/450a48cefa36da63d920ad70aa660bd10725b1c6093800242e5efdb397759033?s=96&d=mm&r=g","url":"https:\/\/secure.gravatar.com\/avatar\/450a48cefa36da63d920ad70aa660bd10725b1c6093800242e5efdb397759033?s=96&d=mm&r=g","contentUrl":"https:\/\/secure.gravatar.com\/avatar\/450a48cefa36da63d920ad70aa660bd10725b1c6093800242e5efdb397759033?s=96&d=mm&r=g","caption":"Benedetto Fiori"},"description":"Web | Twitter | Facebook | Shutterstock Founder &amp; Editor in Chief di Social Design Magazine. Attratto da sempre da tutto ci\u00f2 che \u00e8 creativit\u00e0, design, architettura. Dopo aver studiato Architettura all'Universit\u00e0 di Firenze, si \u00e8 impegnato in molteplici campi: comunicazione grafica, progettazione di allestimenti fieristici, brand design, Interior Design.","sameAs":["http:\/\/benedettofiori.com","https:\/\/www.facebook.com\/benedettofiori","https:\/\/x.com\/benedettofiori"],"url":"https:\/\/socialdesignmagazine.com\/mag\/author\/benedetto\/"}]}},"jetpack_featured_media_url":"https:\/\/socialdesignmagazine.com\/mag\/wp-content\/uploads\/2011\/12\/benedetto_busso_cosmopolitan_collection_Outlook.jpg","jetpack_sharing_enabled":true,"jetpack_shortlink":"https:\/\/wp.me\/p6cV7V-80","gt_translate_keys":[{"key":"link","format":"url"}],"_links":{"self":[{"href":"https:\/\/socialdesignmagazine.com\/mag\/wp-json\/wp\/v2\/posts\/496","targetHints":{"allow":["GET"]}}],"collection":[{"href":"https:\/\/socialdesignmagazine.com\/mag\/wp-json\/wp\/v2\/posts"}],"about":[{"href":"https:\/\/socialdesignmagazine.com\/mag\/wp-json\/wp\/v2\/types\/post"}],"author":[{"embeddable":true,"href":"https:\/\/socialdesignmagazine.com\/mag\/wp-json\/wp\/v2\/users\/1"}],"replies":[{"embeddable":true,"href":"https:\/\/socialdesignmagazine.com\/mag\/wp-json\/wp\/v2\/comments?post=496"}],"version-history":[{"count":1,"href":"https:\/\/socialdesignmagazine.com\/mag\/wp-json\/wp\/v2\/posts\/496\/revisions"}],"predecessor-version":[{"id":59522,"href":"https:\/\/socialdesignmagazine.com\/mag\/wp-json\/wp\/v2\/posts\/496\/revisions\/59522"}],"wp:featuredmedia":[{"embeddable":true,"href":"https:\/\/socialdesignmagazine.com\/mag\/wp-json\/wp\/v2\/media\/6785"}],"wp:attachment":[{"href":"https:\/\/socialdesignmagazine.com\/mag\/wp-json\/wp\/v2\/media?parent=496"}],"wp:term":[{"taxonomy":"category","embeddable":true,"href":"https:\/\/socialdesignmagazine.com\/mag\/wp-json\/wp\/v2\/categories?post=496"},{"taxonomy":"post_tag","embeddable":true,"href":"https:\/\/socialdesignmagazine.com\/mag\/wp-json\/wp\/v2\/tags?post=496"}],"curies":[{"name":"wp","href":"https:\/\/api.w.org\/{rel}","templated":true}]}}